{"id":73865,"date":"2023-02-26T20:06:37","date_gmt":"2023-02-26T23:06:37","guid":{"rendered":"http:\/\/www.celttv.com.ar\/?p=73865"},"modified":"2023-02-26T20:06:50","modified_gmt":"2023-02-26T23:06:50","slug":"el-torneo-amistad-de-inferiores-dejo-su-huella","status":"publish","type":"post","link":"https:\/\/www.celttv.com.ar\/index.php\/2023\/02\/26\/el-torneo-amistad-de-inferiores-dejo-su-huella\/","title":{"rendered":"El Torneo Amistad de Inferiores del Club Automoto dej\u00f3 su huella"},"content":{"rendered":"<div class=\"x11i5rnm xat24cr x1mh8g0r x1vvkbs xtlvy1s x126k92a\">\n<div dir=\"auto\">Fueron tres jornadas a puro f\u00fatbol. Pero principalmente fueron d\u00edas de compartir experiencias, divertirse y continuar afianzando los aprendizajes. El Torneo Amistad de Inferiores organizado por el Automoto Club Deportivo dej\u00f3 varios aspectos positivos y muchas conclusiones de cara al inicio de la temporada, programada para el s\u00e1bado 11.<\/div>\n<\/div>\n<div class=\"x11i5rnm xat24cr x1mh8g0r x1vvkbs xtlvy1s x126k92a\">\n<div dir=\"auto\">La iniciativa cont\u00f3 con la participaci\u00f3n de Racing Club de Carhu\u00e9, Deportivo Rivera, Atl\u00e9tico Ventana y el club anfitri\u00f3n, quienes disfrutaron de la posibilidad de disputar varios partidos amistosos repartidos entre las dos canchas auxiliares y el escenario principal azulgrana.<\/div>\n<\/div>\n<div class=\"x11i5rnm xat24cr x1mh8g0r x1vvkbs xtlvy1s x126k92a\">\n<div dir=\"auto\">Hubo partidos de todas las divisionales, es decir, Octava, S\u00e9ptima, Sexta y Quinta, lo que complet\u00f3 una muy buena cantidad de partidos en \u00e9pocas de preparaci\u00f3n.<\/div>\n<\/div>\n<div class=\"x11i5rnm xat24cr x1mh8g0r x1vvkbs xtlvy1s x126k92a\">\n<div dir=\"auto\">Incluso, la experiencia cont\u00f3 con cuestiones que fueron m\u00e1s all\u00e1 de lo deportivo. Los carhuenses y los riverenses, que fueron albergados en las instalaciones de la entidad, concurrieron a las piletas municipales y compartieron la primera noche de los carnavales.<\/div>\n<\/div>\n<div class=\"x11i5rnm xat24cr x1mh8g0r x1vvkbs xtlvy1s x126k92a\">\n<div dir=\"auto\">Las tres jornadas contaron con la actuaci\u00f3n de \u00e1rbitros provenientes de la Cooperativa de Arbitros de F\u00fatbol de Bah\u00eda Blanca (Coodadef), quienes demostraron su predisposici\u00f3n y profesionalismo.<\/div>\n<\/div>\n<div class=\"x11i5rnm xat24cr x1mh8g0r x1vvkbs xtlvy1s x126k92a\">\n<div dir=\"auto\">Desde el Automoto Club Deportivo queremos agradecerles a los clubes que aceptaron la invitaci\u00f3n, a los jueces que dirigieron, a nuestros entrenadores que pusieron toda su predisposici\u00f3n para llevar adelante el evento y a todos aquellos que aportaron su granito de arena para que la iniciativa sea una realidad.<\/div>\n<div dir=\"auto\"><\/div>\n<div dir=\"auto\">\u00a0Prensa Auotomoto.<\/div>\n<div dir=\"auto\"><img loading=\"lazy\" decoding=\"async\" class=\"alignnone wp-image-73866 size-large\" src=\"http:\/\/www.celttv.com.ar\/wp-content\/uploads\/2023\/02\/333229577_724895199311774_1460540006514785703_n-1024x768.jpg\" alt=\"\" width=\"1024\" height=\"768\" srcset=\"https:\/\/www.celttv.com.ar\/wp-content\/uploads\/2023\/02\/333229577_724895199311774_1460540006514785703_n-1024x768.jpg 1024w, https:\/\/www.celttv.com.ar\/wp-content\/uploads\/2023\/02\/333229577_724895199311774_1460540006514785703_n-300x225.jpg 300w, https:\/\/www.celttv.com.ar\/wp-content\/uploads\/2023\/02\/333229577_724895199311774_1460540006514785703_n-768x576.jpg 768w, https:\/\/www.celttv.com.ar\/wp-content\/uploads\/2023\/02\/333229577_724895199311774_1460540006514785703_n-750x563.jpg 750w, https:\/\/www.celttv.com.ar\/wp-content\/uploads\/2023\/02\/333229577_724895199311774_1460540006514785703_n-1140x855.jpg 1140w, https:\/\/www.celttv.com.ar\/wp-content\/uploads\/2023\/02\/333229577_724895199311774_1460540006514785703_n.jpg 1280w\" sizes=\"auto, (max-width: 1024px) 100vw, 1024px\" \/> <img loading=\"lazy\" decoding=\"async\" class=\"alignnone wp-image-73867 size-large\" src=\"http:\/\/www.celttv.com.ar\/wp-content\/uploads\/2023\/02\/333524825_863317288091204_331458712846749040_n-1024x690.jpg\" alt=\"\" width=\"1024\" height=\"690\" srcset=\"https:\/\/www.celttv.com.ar\/wp-content\/uploads\/2023\/02\/333524825_863317288091204_331458712846749040_n-1024x690.jpg 1024w, https:\/\/www.celttv.com.ar\/wp-content\/uploads\/2023\/02\/333524825_863317288091204_331458712846749040_n-300x202.jpg 300w, https:\/\/www.celttv.com.ar\/wp-content\/uploads\/2023\/02\/333524825_863317288091204_331458712846749040_n-768x518.jpg 768w, https:\/\/www.celttv.com.ar\/wp-content\/uploads\/2023\/02\/333524825_863317288091204_331458712846749040_n-750x506.jpg 750w, https:\/\/www.celttv.com.ar\/wp-content\/uploads\/2023\/02\/333524825_863317288091204_331458712846749040_n-1140x769.jpg 1140w, https:\/\/www.celttv.com.ar\/wp-content\/uploads\/2023\/02\/333524825_863317288091204_331458712846749040_n.jpg 1280w\" sizes=\"auto, (max-width: 1024px) 100vw, 1024px\" \/> <img loading=\"lazy\" decoding=\"async\" class=\"alignnone wp-image-73868 size-large\" src=\"http:\/\/www.celttv.com.ar\/wp-content\/uploads\/2023\/02\/333796493_597457528892119_2102587937194696768_n-1024x650.jpg\" alt=\"\" width=\"1024\" height=\"650\" srcset=\"https:\/\/www.celttv.com.ar\/wp-content\/uploads\/2023\/02\/333796493_597457528892119_2102587937194696768_n-1024x650.jpg 1024w, https:\/\/www.celttv.com.ar\/wp-content\/uploads\/2023\/02\/333796493_597457528892119_2102587937194696768_n-300x191.jpg 300w, https:\/\/www.celttv.com.ar\/wp-content\/uploads\/2023\/02\/333796493_597457528892119_2102587937194696768_n-768x488.jpg 768w, https:\/\/www.celttv.com.ar\/wp-content\/uploads\/2023\/02\/333796493_597457528892119_2102587937194696768_n-750x476.jpg 750w, https:\/\/www.celttv.com.ar\/wp-content\/uploads\/2023\/02\/333796493_597457528892119_2102587937194696768_n-1140x724.jpg 1140w, https:\/\/www.celttv.com.ar\/wp-content\/uploads\/2023\/02\/333796493_597457528892119_2102587937194696768_n.jpg 1280w\" sizes=\"auto, (max-width: 1024px) 100vw, 1024px\" \/> <img loading=\"lazy\" decoding=\"async\" class=\"alignnone wp-image-73869 size-large\" src=\"http:\/\/www.celttv.com.ar\/wp-content\/uploads\/2023\/02\/333815630_1720625054999866_8204312093732276107_n-1024x635.jpg\" alt=\"\" width=\"1024\" height=\"635\" srcset=\"https:\/\/www.celttv.com.ar\/wp-content\/uploads\/2023\/02\/333815630_1720625054999866_8204312093732276107_n-1024x635.jpg 1024w, https:\/\/www.celttv.com.ar\/wp-content\/uploads\/2023\/02\/333815630_1720625054999866_8204312093732276107_n-300x186.jpg 300w, https:\/\/www.celttv.com.ar\/wp-content\/uploads\/2023\/02\/333815630_1720625054999866_8204312093732276107_n-768x476.jpg 768w, https:\/\/www.celttv.com.ar\/wp-content\/uploads\/2023\/02\/333815630_1720625054999866_8204312093732276107_n-750x465.jpg 750w, https:\/\/www.celttv.com.ar\/wp-content\/uploads\/2023\/02\/333815630_1720625054999866_8204312093732276107_n-1140x707.jpg 1140w, https:\/\/www.celttv.com.ar\/wp-content\/uploads\/2023\/02\/333815630_1720625054999866_8204312093732276107_n.jpg 1280w\" sizes=\"auto, (max-width: 1024px) 100vw, 1024px\" \/> <img loading=\"lazy\" decoding=\"async\" class=\"alignnone wp-image-73870 size-large\" src=\"http:\/\/www.celttv.com.ar\/wp-content\/uploads\/2023\/02\/333854518_3310697365851563_8642178269574255397_n-1024x682.jpg\" alt=\"\" width=\"1024\" height=\"682\" srcset=\"https:\/\/www.celttv.com.ar\/wp-content\/uploads\/2023\/02\/333854518_3310697365851563_8642178269574255397_n-1024x682.jpg 1024w, https:\/\/www.celttv.com.ar\/wp-content\/uploads\/2023\/02\/333854518_3310697365851563_8642178269574255397_n-300x200.jpg 300w, https:\/\/www.celttv.com.ar\/wp-content\/uploads\/2023\/02\/333854518_3310697365851563_8642178269574255397_n-768x512.jpg 768w, https:\/\/www.celttv.com.ar\/wp-content\/uploads\/2023\/02\/333854518_3310697365851563_8642178269574255397_n-750x500.jpg 750w, https:\/\/www.celttv.com.ar\/wp-content\/uploads\/2023\/02\/333854518_3310697365851563_8642178269574255397_n-1140x760.jpg 1140w, https:\/\/www.celttv.com.ar\/wp-content\/uploads\/2023\/02\/333854518_3310697365851563_8642178269574255397_n.jpg 1280w\" sizes=\"auto, (max-width: 1024px) 100vw, 1024px\" \/> <img loading=\"lazy\" decoding=\"async\" class=\"alignnone wp-image-73871 size-large\" src=\"http:\/\/www.celttv.com.ar\/wp-content\/uploads\/2023\/02\/333901994_1156045855113996_5407758664166175259_n-1024x638.jpg\" alt=\"\" width=\"1024\" height=\"638\" srcset=\"https:\/\/www.celttv.com.ar\/wp-content\/uploads\/2023\/02\/333901994_1156045855113996_5407758664166175259_n-1024x638.jpg 1024w, https:\/\/www.celttv.com.ar\/wp-content\/uploads\/2023\/02\/333901994_1156045855113996_5407758664166175259_n-300x187.jpg 300w, https:\/\/www.celttv.com.ar\/wp-content\/uploads\/2023\/02\/333901994_1156045855113996_5407758664166175259_n-768x478.jpg 768w, https:\/\/www.celttv.com.ar\/wp-content\/uploads\/2023\/02\/333901994_1156045855113996_5407758664166175259_n-750x467.jpg 750w, https:\/\/www.celttv.com.ar\/wp-content\/uploads\/2023\/02\/333901994_1156045855113996_5407758664166175259_n-1140x710.jpg 1140w, https:\/\/www.celttv.com.ar\/wp-content\/uploads\/2023\/02\/333901994_1156045855113996_5407758664166175259_n.jpg 1280w\" sizes=\"auto, (max-width: 1024px) 100vw, 1024px\" \/> <img loading=\"lazy\" decoding=\"async\" class=\"alignnone wp-image-73872 size-large\" src=\"http:\/\/www.celttv.com.ar\/wp-content\/uploads\/2023\/02\/333921647_743717427269276_7186421977242822970_n-732x1024.jpg\" alt=\"\" width=\"732\" height=\"1024\" srcset=\"https:\/\/www.celttv.com.ar\/wp-content\/uploads\/2023\/02\/333921647_743717427269276_7186421977242822970_n-732x1024.jpg 732w, https:\/\/www.celttv.com.ar\/wp-content\/uploads\/2023\/02\/333921647_743717427269276_7186421977242822970_n-215x300.jpg 215w, https:\/\/www.celttv.com.ar\/wp-content\/uploads\/2023\/02\/333921647_743717427269276_7186421977242822970_n-768x1074.jpg 768w, https:\/\/www.celttv.com.ar\/wp-content\/uploads\/2023\/02\/333921647_743717427269276_7186421977242822970_n-1098x1536.jpg 1098w, https:\/\/www.celttv.com.ar\/wp-content\/uploads\/2023\/02\/333921647_743717427269276_7186421977242822970_n-360x504.jpg 360w, https:\/\/www.celttv.com.ar\/wp-content\/uploads\/2023\/02\/333921647_743717427269276_7186421977242822970_n-750x1049.jpg 750w, https:\/\/www.celttv.com.ar\/wp-content\/uploads\/2023\/02\/333921647_743717427269276_7186421977242822970_n-1140x1594.jpg 1140w, https:\/\/www.celttv.com.ar\/wp-content\/uploads\/2023\/02\/333921647_743717427269276_7186421977242822970_n.jpg 1280w\" sizes=\"auto, (max-width: 732px) 100vw, 732px\" \/><\/div>\n<\/div>\n","protected":false},"excerpt":{"rendered":"<p>Fueron tres jornadas a puro f\u00fatbol. Pero principalmente fueron d\u00edas de compartir experiencias, divertirse y continuar afianzando los aprendizajes. El Torneo Amistad de Inferiores organizado por el Automoto Club Deportivo dej\u00f3 varios aspectos positivos y muchas conclusiones de cara al inicio de la temporada, programada para el s\u00e1bado 11. La iniciativa cont\u00f3 con la participaci\u00f3n [&hellip;]<\/p>\n","protected":false},"author":3,"featured_media":73867,"comment_status":"closed","ping_status":"closed","sticky":false,"template":"","format":"standard","meta":{"footnotes":""},"categories":[63],"tags":[],"class_list":["post-73865","post","type-post","status-publish","format-standard","has-post-thumbnail","hentry","category-magazine-sport"],"yoast_head":"<!-- This site is optimized with the Yoast SEO plugin v19.7.1 - https:\/\/yoast.com\/wordpress\/plugins\/seo\/ -->\n<title>El Torneo Amistad de Inferiores del Club Automoto dej\u00f3 su huella - CELTTV<\/title>\n<meta name=\"description\" content=\"Sitio web de noticias de la localidad de Tornquist, provincia de Buenos Aires, Rep\u00fablica Argentina. Contenido propio originado por periodistas de CELTTV, el canal de TV local de la Cooperativa El\u00e9ctrica de Tornquist. Turismo, Pol\u00edtica, Sociedad, Deporte, Cultura y todo el contenido de inter\u00e9s general que la gente del pueblo y la regi\u00f3n debe conocer.\" \/>\n<meta name=\"robots\" content=\"index, follow, max-snippet:-1, max-image-preview:large, max-video-preview:-1\" \/>\n<link rel=\"canonical\" href=\"https:\/\/www.celttv.com.ar\/index.php\/2023\/02\/26\/el-torneo-amistad-de-inferiores-dejo-su-huella\/\" \/>\n<meta property=\"og:locale\" content=\"es_ES\" \/>\n<meta property=\"og:type\" content=\"article\" \/>\n<meta property=\"og:title\" content=\"El Torneo Amistad de Inferiores del Club Automoto dej\u00f3 su huella - CELTTV\" \/>\n<meta property=\"og:description\" content=\"Sitio web de noticias de la localidad de Tornquist, provincia de Buenos Aires, Rep\u00fablica Argentina. Contenido propio originado por periodistas de CELTTV, el canal de TV local de la Cooperativa El\u00e9ctrica de Tornquist. Turismo, Pol\u00edtica, Sociedad, Deporte, Cultura y todo el contenido de inter\u00e9s general que la gente del pueblo y la regi\u00f3n debe conocer.\" \/>\n<meta property=\"og:url\" content=\"https:\/\/www.celttv.com.ar\/index.php\/2023\/02\/26\/el-torneo-amistad-de-inferiores-dejo-su-huella\/\" \/>\n<meta property=\"og:site_name\" content=\"CELTTV\" \/>\n<meta property=\"article:publisher\" content=\"https:\/\/www.facebook.com\/celtTV\/\" \/>\n<meta property=\"article:published_time\" content=\"2023-02-26T23:06:37+00:00\" \/>\n<meta property=\"article:modified_time\" content=\"2023-02-26T23:06:50+00:00\" \/>\n<meta property=\"og:image\" content=\"https:\/\/www.celttv.com.ar\/wp-content\/uploads\/2023\/02\/333524825_863317288091204_331458712846749040_n.jpg\" \/>\n\t<meta property=\"og:image:width\" content=\"1280\" \/>\n\t<meta property=\"og:image:height\" content=\"863\" \/>\n\t<meta property=\"og:image:type\" content=\"image\/jpeg\" \/>\n<meta name=\"author\" content=\"Rodrigo Sgammini\" \/>\n<meta name=\"twitter:card\" content=\"summary_large_image\" \/>\n<meta name=\"twitter:label1\" content=\"Escrito por\" \/>\n\t<meta name=\"twitter:data1\" content=\"Rodrigo Sgammini\" \/>\n\t<meta name=\"twitter:label2\" content=\"Tiempo de lectura\" \/>\n\t<meta name=\"twitter:data2\" content=\"1 minuto\" \/>\n<script type=\"application\/ld+json\" class=\"yoast-schema-graph\">{\"@context\":\"https:\/\/schema.org\",\"@graph\":[{\"@type\":\"NewsArticle\",\"@id\":\"https:\/\/www.celttv.com.ar\/index.php\/2023\/02\/26\/el-torneo-amistad-de-inferiores-dejo-su-huella\/#article\",\"isPartOf\":{\"@id\":\"https:\/\/www.celttv.com.ar\/index.php\/2023\/02\/26\/el-torneo-amistad-de-inferiores-dejo-su-huella\/\"},\"author\":{\"name\":\"Rodrigo Sgammini\",\"@id\":\"https:\/\/www.celttv.com.ar\/#\/schema\/person\/495be51d064edd971d8457f8f64eb172\"},\"headline\":\"El Torneo Amistad de Inferiores del Club Automoto dej\u00f3 su huella\",\"datePublished\":\"2023-02-26T23:06:37+00:00\",\"dateModified\":\"2023-02-26T23:06:50+00:00\",\"mainEntityOfPage\":{\"@id\":\"https:\/\/www.celttv.com.ar\/index.php\/2023\/02\/26\/el-torneo-amistad-de-inferiores-dejo-su-huella\/\"},\"wordCount\":258,\"publisher\":{\"@id\":\"https:\/\/www.celttv.com.ar\/#organization\"},\"articleSection\":[\"Magazine Sport\"],\"inLanguage\":\"es\"},{\"@type\":\"WebPage\",\"@id\":\"https:\/\/www.celttv.com.ar\/index.php\/2023\/02\/26\/el-torneo-amistad-de-inferiores-dejo-su-huella\/\",\"url\":\"https:\/\/www.celttv.com.ar\/index.php\/2023\/02\/26\/el-torneo-amistad-de-inferiores-dejo-su-huella\/\",\"name\":\"El Torneo Amistad de Inferiores del Club Automoto dej\u00f3 su huella - CELTTV\",\"isPartOf\":{\"@id\":\"https:\/\/www.celttv.com.ar\/#website\"},\"datePublished\":\"2023-02-26T23:06:37+00:00\",\"dateModified\":\"2023-02-26T23:06:50+00:00\",\"description\":\"Sitio web de noticias de la localidad de Tornquist, provincia de Buenos Aires, Rep\u00fablica Argentina. Contenido propio originado por periodistas de CELTTV, el canal de TV local de la Cooperativa El\u00e9ctrica de Tornquist. Turismo, Pol\u00edtica, Sociedad, Deporte, Cultura y todo el contenido de inter\u00e9s general que la gente del pueblo y la regi\u00f3n debe conocer.\",\"breadcrumb\":{\"@id\":\"https:\/\/www.celttv.com.ar\/index.php\/2023\/02\/26\/el-torneo-amistad-de-inferiores-dejo-su-huella\/#breadcrumb\"},\"inLanguage\":\"es\",\"potentialAction\":[{\"@type\":\"ReadAction\",\"target\":[\"https:\/\/www.celttv.com.ar\/index.php\/2023\/02\/26\/el-torneo-amistad-de-inferiores-dejo-su-huella\/\"]}]},{\"@type\":\"BreadcrumbList\",\"@id\":\"https:\/\/www.celttv.com.ar\/index.php\/2023\/02\/26\/el-torneo-amistad-de-inferiores-dejo-su-huella\/#breadcrumb\",\"itemListElement\":[{\"@type\":\"ListItem\",\"position\":1,\"name\":\"Inicio\",\"item\":\"https:\/\/www.celttv.com.ar\/\"},{\"@type\":\"ListItem\",\"position\":2,\"name\":\"El Torneo Amistad de Inferiores del Club Automoto dej\u00f3 su huella\"}]},{\"@type\":\"WebSite\",\"@id\":\"https:\/\/www.celttv.com.ar\/#website\",\"url\":\"https:\/\/www.celttv.com.ar\/\",\"name\":\"CELTTV\",\"description\":\"Cooperativa El\u00e9ctrica de Tornquist\",\"publisher\":{\"@id\":\"https:\/\/www.celttv.com.ar\/#organization\"},\"potentialAction\":[{\"@type\":\"SearchAction\",\"target\":{\"@type\":\"EntryPoint\",\"urlTemplate\":\"https:\/\/www.celttv.com.ar\/?s={search_term_string}\"},\"query-input\":\"required name=search_term_string\"}],\"inLanguage\":\"es\"},{\"@type\":\"Organization\",\"@id\":\"https:\/\/www.celttv.com.ar\/#organization\",\"name\":\"CELTTV\",\"url\":\"https:\/\/www.celttv.com.ar\/\",\"sameAs\":[\"https:\/\/www.youtube.com\/channel\/UCz_oIt8Hig64Ub-EmcNPIhg\",\"https:\/\/www.facebook.com\/celtTV\/\"],\"logo\":{\"@type\":\"ImageObject\",\"inLanguage\":\"es\",\"@id\":\"https:\/\/www.celttv.com.ar\/#\/schema\/logo\/image\/\",\"url\":\"http:\/\/www.celttv.com.ar\/wp-content\/uploads\/2022\/08\/logo-1.png\",\"contentUrl\":\"http:\/\/www.celttv.com.ar\/wp-content\/uploads\/2022\/08\/logo-1.png\",\"width\":461,\"height\":159,\"caption\":\"CELTTV\"},\"image\":{\"@id\":\"https:\/\/www.celttv.com.ar\/#\/schema\/logo\/image\/\"}},{\"@type\":\"Person\",\"@id\":\"https:\/\/www.celttv.com.ar\/#\/schema\/person\/495be51d064edd971d8457f8f64eb172\",\"name\":\"Rodrigo Sgammini\",\"image\":{\"@type\":\"ImageObject\",\"inLanguage\":\"es\",\"@id\":\"https:\/\/www.celttv.com.ar\/#\/schema\/person\/image\/\",\"url\":\"https:\/\/secure.gravatar.com\/avatar\/68f7848d42735e7a9276b47cd6e606327d88f521c51ae39d88888b76902e2987?s=96&d=mm&r=g\",\"contentUrl\":\"https:\/\/secure.gravatar.com\/avatar\/68f7848d42735e7a9276b47cd6e606327d88f521c51ae39d88888b76902e2987?s=96&d=mm&r=g\",\"caption\":\"Rodrigo Sgammini\"}}]}<\/script>\n<!-- \/ Yoast SEO plugin. -->","yoast_head_json":{"title":"El Torneo Amistad de Inferiores del Club Automoto dej\u00f3 su huella - CELTTV","description":"Sitio web de noticias de la localidad de Tornquist, provincia de Buenos Aires, Rep\u00fablica Argentina. Contenido propio originado por periodistas de CELTTV, el canal de TV local de la Cooperativa El\u00e9ctrica de Tornquist. Turismo, Pol\u00edtica, Sociedad, Deporte, Cultura y todo el contenido de inter\u00e9s general que la gente del pueblo y la regi\u00f3n debe conocer.","robots":{"index":"index","follow":"follow","max-snippet":"max-snippet:-1","max-image-preview":"max-image-preview:large","max-video-preview":"max-video-preview:-1"},"canonical":"https:\/\/www.celttv.com.ar\/index.php\/2023\/02\/26\/el-torneo-amistad-de-inferiores-dejo-su-huella\/","og_locale":"es_ES","og_type":"article","og_title":"El Torneo Amistad de Inferiores del Club Automoto dej\u00f3 su huella - CELTTV","og_description":"Sitio web de noticias de la localidad de Tornquist, provincia de Buenos Aires, Rep\u00fablica Argentina. Contenido propio originado por periodistas de CELTTV, el canal de TV local de la Cooperativa El\u00e9ctrica de Tornquist. Turismo, Pol\u00edtica, Sociedad, Deporte, Cultura y todo el contenido de inter\u00e9s general que la gente del pueblo y la regi\u00f3n debe conocer.","og_url":"https:\/\/www.celttv.com.ar\/index.php\/2023\/02\/26\/el-torneo-amistad-de-inferiores-dejo-su-huella\/","og_site_name":"CELTTV","article_publisher":"https:\/\/www.facebook.com\/celtTV\/","article_published_time":"2023-02-26T23:06:37+00:00","article_modified_time":"2023-02-26T23:06:50+00:00","og_image":[{"width":1280,"height":863,"url":"https:\/\/www.celttv.com.ar\/wp-content\/uploads\/2023\/02\/333524825_863317288091204_331458712846749040_n.jpg","type":"image\/jpeg"}],"author":"Rodrigo Sgammini","twitter_card":"summary_large_image","twitter_misc":{"Escrito por":"Rodrigo Sgammini","Tiempo de lectura":"1 minuto"},"schema":{"@context":"https:\/\/schema.org","@graph":[{"@type":"NewsArticle","@id":"https:\/\/www.celttv.com.ar\/index.php\/2023\/02\/26\/el-torneo-amistad-de-inferiores-dejo-su-huella\/#article","isPartOf":{"@id":"https:\/\/www.celttv.com.ar\/index.php\/2023\/02\/26\/el-torneo-amistad-de-inferiores-dejo-su-huella\/"},"author":{"name":"Rodrigo Sgammini","@id":"https:\/\/www.celttv.com.ar\/#\/schema\/person\/495be51d064edd971d8457f8f64eb172"},"headline":"El Torneo Amistad de Inferiores del Club Automoto dej\u00f3 su huella","datePublished":"2023-02-26T23:06:37+00:00","dateModified":"2023-02-26T23:06:50+00:00","mainEntityOfPage":{"@id":"https:\/\/www.celttv.com.ar\/index.php\/2023\/02\/26\/el-torneo-amistad-de-inferiores-dejo-su-huella\/"},"wordCount":258,"publisher":{"@id":"https:\/\/www.celttv.com.ar\/#organization"},"articleSection":["Magazine Sport"],"inLanguage":"es"},{"@type":"WebPage","@id":"https:\/\/www.celttv.com.ar\/index.php\/2023\/02\/26\/el-torneo-amistad-de-inferiores-dejo-su-huella\/","url":"https:\/\/www.celttv.com.ar\/index.php\/2023\/02\/26\/el-torneo-amistad-de-inferiores-dejo-su-huella\/","name":"El Torneo Amistad de Inferiores del Club Automoto dej\u00f3 su huella - CELTTV","isPartOf":{"@id":"https:\/\/www.celttv.com.ar\/#website"},"datePublished":"2023-02-26T23:06:37+00:00","dateModified":"2023-02-26T23:06:50+00:00","description":"Sitio web de noticias de la localidad de Tornquist, provincia de Buenos Aires, Rep\u00fablica Argentina. Contenido propio originado por periodistas de CELTTV, el canal de TV local de la Cooperativa El\u00e9ctrica de Tornquist. Turismo, Pol\u00edtica, Sociedad, Deporte, Cultura y todo el contenido de inter\u00e9s general que la gente del pueblo y la regi\u00f3n debe conocer.","breadcrumb":{"@id":"https:\/\/www.celttv.com.ar\/index.php\/2023\/02\/26\/el-torneo-amistad-de-inferiores-dejo-su-huella\/#breadcrumb"},"inLanguage":"es","potentialAction":[{"@type":"ReadAction","target":["https:\/\/www.celttv.com.ar\/index.php\/2023\/02\/26\/el-torneo-amistad-de-inferiores-dejo-su-huella\/"]}]},{"@type":"BreadcrumbList","@id":"https:\/\/www.celttv.com.ar\/index.php\/2023\/02\/26\/el-torneo-amistad-de-inferiores-dejo-su-huella\/#breadcrumb","itemListElement":[{"@type":"ListItem","position":1,"name":"Inicio","item":"https:\/\/www.celttv.com.ar\/"},{"@type":"ListItem","position":2,"name":"El Torneo Amistad de Inferiores del Club Automoto dej\u00f3 su huella"}]},{"@type":"WebSite","@id":"https:\/\/www.celttv.com.ar\/#website","url":"https:\/\/www.celttv.com.ar\/","name":"CELTTV","description":"Cooperativa El\u00e9ctrica de Tornquist","publisher":{"@id":"https:\/\/www.celttv.com.ar\/#organization"},"potentialAction":[{"@type":"SearchAction","target":{"@type":"EntryPoint","urlTemplate":"https:\/\/www.celttv.com.ar\/?s={search_term_string}"},"query-input":"required name=search_term_string"}],"inLanguage":"es"},{"@type":"Organization","@id":"https:\/\/www.celttv.com.ar\/#organization","name":"CELTTV","url":"https:\/\/www.celttv.com.ar\/","sameAs":["https:\/\/www.youtube.com\/channel\/UCz_oIt8Hig64Ub-EmcNPIhg","https:\/\/www.facebook.com\/celtTV\/"],"logo":{"@type":"ImageObject","inLanguage":"es","@id":"https:\/\/www.celttv.com.ar\/#\/schema\/logo\/image\/","url":"http:\/\/www.celttv.com.ar\/wp-content\/uploads\/2022\/08\/logo-1.png","contentUrl":"http:\/\/www.celttv.com.ar\/wp-content\/uploads\/2022\/08\/logo-1.png","width":461,"height":159,"caption":"CELTTV"},"image":{"@id":"https:\/\/www.celttv.com.ar\/#\/schema\/logo\/image\/"}},{"@type":"Person","@id":"https:\/\/www.celttv.com.ar\/#\/schema\/person\/495be51d064edd971d8457f8f64eb172","name":"Rodrigo Sgammini","image":{"@type":"ImageObject","inLanguage":"es","@id":"https:\/\/www.celttv.com.ar\/#\/schema\/person\/image\/","url":"https:\/\/secure.gravatar.com\/avatar\/68f7848d42735e7a9276b47cd6e606327d88f521c51ae39d88888b76902e2987?s=96&d=mm&r=g","contentUrl":"https:\/\/secure.gravatar.com\/avatar\/68f7848d42735e7a9276b47cd6e606327d88f521c51ae39d88888b76902e2987?s=96&d=mm&r=g","caption":"Rodrigo Sgammini"}}]}},"_links":{"self":[{"href":"https:\/\/www.celttv.com.ar\/index.php\/wp-json\/wp\/v2\/posts\/73865","targetHints":{"allow":["GET"]}}],"collection":[{"href":"https:\/\/www.celttv.com.ar\/index.php\/wp-json\/wp\/v2\/posts"}],"about":[{"href":"https:\/\/www.celttv.com.ar\/index.php\/wp-json\/wp\/v2\/types\/post"}],"author":[{"embeddable":true,"href":"https:\/\/www.celttv.com.ar\/index.php\/wp-json\/wp\/v2\/users\/3"}],"replies":[{"embeddable":true,"href":"https:\/\/www.celttv.com.ar\/index.php\/wp-json\/wp\/v2\/comments?post=73865"}],"version-history":[{"count":2,"href":"https:\/\/www.celttv.com.ar\/index.php\/wp-json\/wp\/v2\/posts\/73865\/revisions"}],"predecessor-version":[{"id":73874,"href":"https:\/\/www.celttv.com.ar\/index.php\/wp-json\/wp\/v2\/posts\/73865\/revisions\/73874"}],"wp:featuredmedia":[{"embeddable":true,"href":"https:\/\/www.celttv.com.ar\/index.php\/wp-json\/wp\/v2\/media\/73867"}],"wp:attachment":[{"href":"https:\/\/www.celttv.com.ar\/index.php\/wp-json\/wp\/v2\/media?parent=73865"}],"wp:term":[{"taxonomy":"category","embeddable":true,"href":"https:\/\/www.celttv.com.ar\/index.php\/wp-json\/wp\/v2\/categories?post=73865"},{"taxonomy":"post_tag","embeddable":true,"href":"https:\/\/www.celttv.com.ar\/index.php\/wp-json\/wp\/v2\/tags?post=73865"}],"curies":[{"name":"wp","href":"https:\/\/api.w.org\/{rel}","templated":true}]}}