{"id":73875,"date":"2023-02-26T20:28:07","date_gmt":"2023-02-26T23:28:07","guid":{"rendered":"http:\/\/www.celttv.com.ar\/?p=73875"},"modified":"2023-02-26T20:28:50","modified_gmt":"2023-02-26T23:28:50","slug":"se-desarrollo-la-3-edicion-de-la-carrera-aventura-parque-norte-corre","status":"publish","type":"post","link":"https:\/\/www.celttv.com.ar\/index.php\/2023\/02\/26\/se-desarrollo-la-3-edicion-de-la-carrera-aventura-parque-norte-corre\/","title":{"rendered":"Se desarroll\u00f3 la 3\u00b0 edici\u00f3n de la carrera aventura &#8220;Parque Norte Corre&#8221;"},"content":{"rendered":"<div class=\"x11i5rnm xat24cr x1mh8g0r x1vvkbs xtlvy1s x126k92a\">\n<div dir=\"auto\">En una jornada a pleno sol, se desarroll\u00f3 la 3\u00b0 edici\u00f3n de la carrera aventura &#8220;Parque Norte Corre&#8221;, organizada por el municipio de Tornquist, en el amplio predio del Balneario Municipal, campos y caminos vecinales.<\/div>\n<div dir=\"auto\">Tras algunos a\u00f1os sin que se pueda llevar a cabo la competencia, este 2023, el municipio, pudo recuperar una de las importantes plazas para que se pueda llevar a cabo dicha carrera aventura.<\/div>\n<div dir=\"auto\">La carrera, la cual cont\u00f3 con dos distancias de 10 y 20K, tuvo como protagonistas a atletas del distrito y de una amplia regi\u00f3n.<\/div>\n<\/div>\n<div class=\"x11i5rnm xat24cr x1mh8g0r x1vvkbs xtlvy1s x126k92a\">\n<div dir=\"auto\">El recorrido incluy\u00f3 llano, caminos dentro de establecimientos rurales y pasos por el agua (en varias oportunidades), brindando un condimento especial para todos los participantes.<\/div>\n<\/div>\n<div class=\"x11i5rnm xat24cr x1mh8g0r x1vvkbs xtlvy1s x126k92a\">\n<div dir=\"auto\">Sobre el final, antes de la premiaci\u00f3n, tambi\u00e9n se llev\u00f3 a cabo la competencia de 400 metros para kids.<\/div>\n<div dir=\"auto\"><\/div>\n<div dir=\"auto\">Pr\u00f3ximamente im\u00e1genes y entrevistas.<\/div>\n<\/div>\n<div dir=\"auto\"><\/div>\n<div dir=\"auto\"><img loading=\"lazy\" decoding=\"async\" class=\"alignnone wp-image-73888 size-large\" src=\"http:\/\/www.celttv.com.ar\/wp-content\/uploads\/2023\/02\/333638850_580379650650845_8113839791461545760_n-1024x846.jpg\" alt=\"\" width=\"1024\" height=\"846\" srcset=\"https:\/\/www.celttv.com.ar\/wp-content\/uploads\/2023\/02\/333638850_580379650650845_8113839791461545760_n-1024x846.jpg 1024w, https:\/\/www.celttv.com.ar\/wp-content\/uploads\/2023\/02\/333638850_580379650650845_8113839791461545760_n-300x248.jpg 300w, https:\/\/www.celttv.com.ar\/wp-content\/uploads\/2023\/02\/333638850_580379650650845_8113839791461545760_n-768x634.jpg 768w, https:\/\/www.celttv.com.ar\/wp-content\/uploads\/2023\/02\/333638850_580379650650845_8113839791461545760_n-750x619.jpg 750w, https:\/\/www.celttv.com.ar\/wp-content\/uploads\/2023\/02\/333638850_580379650650845_8113839791461545760_n.jpg 1080w\" sizes=\"auto, (max-width: 1024px) 100vw, 1024px\" \/> <img loading=\"lazy\" decoding=\"async\" class=\"alignnone wp-image-73889 size-full\" src=\"http:\/\/www.celttv.com.ar\/wp-content\/uploads\/2023\/02\/333628571_873048487321704_4969378690159667026_n.jpg\" alt=\"\" width=\"1080\" height=\"892\" srcset=\"https:\/\/www.celttv.com.ar\/wp-content\/uploads\/2023\/02\/333628571_873048487321704_4969378690159667026_n.jpg 1080w, https:\/\/www.celttv.com.ar\/wp-content\/uploads\/2023\/02\/333628571_873048487321704_4969378690159667026_n-300x248.jpg 300w, https:\/\/www.celttv.com.ar\/wp-content\/uploads\/2023\/02\/333628571_873048487321704_4969378690159667026_n-1024x846.jpg 1024w, https:\/\/www.celttv.com.ar\/wp-content\/uploads\/2023\/02\/333628571_873048487321704_4969378690159667026_n-768x634.jpg 768w, https:\/\/www.celttv.com.ar\/wp-content\/uploads\/2023\/02\/333628571_873048487321704_4969378690159667026_n-750x619.jpg 750w\" sizes=\"auto, (max-width: 1080px) 100vw, 1080px\" \/> <img loading=\"lazy\" decoding=\"async\" class=\"alignnone wp-image-73891 size-large\" src=\"http:\/\/www.celttv.com.ar\/wp-content\/uploads\/2023\/02\/333714802_753893839703884_7794887152456365106_n-1024x846.jpg\" alt=\"\" width=\"1024\" height=\"846\" srcset=\"https:\/\/www.celttv.com.ar\/wp-content\/uploads\/2023\/02\/333714802_753893839703884_7794887152456365106_n-1024x846.jpg 1024w, https:\/\/www.celttv.com.ar\/wp-content\/uploads\/2023\/02\/333714802_753893839703884_7794887152456365106_n-300x248.jpg 300w, https:\/\/www.celttv.com.ar\/wp-content\/uploads\/2023\/02\/333714802_753893839703884_7794887152456365106_n-768x634.jpg 768w, https:\/\/www.celttv.com.ar\/wp-content\/uploads\/2023\/02\/333714802_753893839703884_7794887152456365106_n-750x619.jpg 750w, https:\/\/www.celttv.com.ar\/wp-content\/uploads\/2023\/02\/333714802_753893839703884_7794887152456365106_n.jpg 1080w\" sizes=\"auto, (max-width: 1024px) 100vw, 1024px\" \/> <img loading=\"lazy\" decoding=\"async\" class=\"alignnone wp-image-73892 size-large\" src=\"http:\/\/www.celttv.com.ar\/wp-content\/uploads\/2023\/02\/333785749_1829153620813055_2379776077673585412_n-1024x846.jpg\" alt=\"\" width=\"1024\" height=\"846\" srcset=\"https:\/\/www.celttv.com.ar\/wp-content\/uploads\/2023\/02\/333785749_1829153620813055_2379776077673585412_n-1024x846.jpg 1024w, https:\/\/www.celttv.com.ar\/wp-content\/uploads\/2023\/02\/333785749_1829153620813055_2379776077673585412_n-300x248.jpg 300w, https:\/\/www.celttv.com.ar\/wp-content\/uploads\/2023\/02\/333785749_1829153620813055_2379776077673585412_n-768x634.jpg 768w, https:\/\/www.celttv.com.ar\/wp-content\/uploads\/2023\/02\/333785749_1829153620813055_2379776077673585412_n-750x619.jpg 750w, https:\/\/www.celttv.com.ar\/wp-content\/uploads\/2023\/02\/333785749_1829153620813055_2379776077673585412_n.jpg 1080w\" sizes=\"auto, (max-width: 1024px) 100vw, 1024px\" \/> <img loading=\"lazy\" decoding=\"async\" class=\"alignnone wp-image-73893 size-large\" src=\"http:\/\/www.celttv.com.ar\/wp-content\/uploads\/2023\/02\/333802617_548924927044535_1251832631529875409_n-1024x846.jpg\" alt=\"\" width=\"1024\" height=\"846\" srcset=\"https:\/\/www.celttv.com.ar\/wp-content\/uploads\/2023\/02\/333802617_548924927044535_1251832631529875409_n-1024x846.jpg 1024w, https:\/\/www.celttv.com.ar\/wp-content\/uploads\/2023\/02\/333802617_548924927044535_1251832631529875409_n-300x248.jpg 300w, https:\/\/www.celttv.com.ar\/wp-content\/uploads\/2023\/02\/333802617_548924927044535_1251832631529875409_n-768x634.jpg 768w, https:\/\/www.celttv.com.ar\/wp-content\/uploads\/2023\/02\/333802617_548924927044535_1251832631529875409_n-750x619.jpg 750w, https:\/\/www.celttv.com.ar\/wp-content\/uploads\/2023\/02\/333802617_548924927044535_1251832631529875409_n.jpg 1080w\" sizes=\"auto, (max-width: 1024px) 100vw, 1024px\" \/><\/div>\n<div dir=\"auto\"><\/div>\n<div dir=\"auto\"><em><strong>RESULTADOS BAH\u00cdA CORRE<\/strong><\/em><\/div>\n<div dir=\"auto\"><img loading=\"lazy\" decoding=\"async\" class=\"alignnone wp-image-73876 size-large\" src=\"http:\/\/www.celttv.com.ar\/wp-content\/uploads\/2023\/02\/categparque1page0001.jpg_2100-1024x622.jpg\" alt=\"\" width=\"1024\" height=\"622\" srcset=\"https:\/\/www.celttv.com.ar\/wp-content\/uploads\/2023\/02\/categparque1page0001.jpg_2100-1024x622.jpg 1024w, https:\/\/www.celttv.com.ar\/wp-content\/uploads\/2023\/02\/categparque1page0001.jpg_2100-300x182.jpg 300w, https:\/\/www.celttv.com.ar\/wp-content\/uploads\/2023\/02\/categparque1page0001.jpg_2100-768x466.jpg 768w, https:\/\/www.celttv.com.ar\/wp-content\/uploads\/2023\/02\/categparque1page0001.jpg_2100-1536x933.jpg 1536w, https:\/\/www.celttv.com.ar\/wp-content\/uploads\/2023\/02\/categparque1page0001.jpg_2100-2048x1243.jpg 2048w, https:\/\/www.celttv.com.ar\/wp-content\/uploads\/2023\/02\/categparque1page0001.jpg_2100-750x455.jpg 750w, https:\/\/www.celttv.com.ar\/wp-content\/uploads\/2023\/02\/categparque1page0001.jpg_2100-1140x692.jpg 1140w\" sizes=\"auto, (max-width: 1024px) 100vw, 1024px\" \/><\/div>\n<div dir=\"auto\"><img loading=\"lazy\" decoding=\"async\" class=\"alignnone wp-image-73877 size-large\" src=\"http:\/\/www.celttv.com.ar\/wp-content\/uploads\/2023\/02\/2-2-1024x622.jpg\" alt=\"\" width=\"1024\" height=\"622\" srcset=\"https:\/\/www.celttv.com.ar\/wp-content\/uploads\/2023\/02\/2-2-1024x622.jpg 1024w, https:\/\/www.celttv.com.ar\/wp-content\/uploads\/2023\/02\/2-2-300x182.jpg 300w, https:\/\/www.celttv.com.ar\/wp-content\/uploads\/2023\/02\/2-2-768x466.jpg 768w, https:\/\/www.celttv.com.ar\/wp-content\/uploads\/2023\/02\/2-2-1536x933.jpg 1536w, https:\/\/www.celttv.com.ar\/wp-content\/uploads\/2023\/02\/2-2-2048x1243.jpg 2048w, https:\/\/www.celttv.com.ar\/wp-content\/uploads\/2023\/02\/2-2-750x455.jpg 750w, https:\/\/www.celttv.com.ar\/wp-content\/uploads\/2023\/02\/2-2-1140x692.jpg 1140w\" sizes=\"auto, (max-width: 1024px) 100vw, 1024px\" \/><\/div>\n<div dir=\"auto\"><img loading=\"lazy\" decoding=\"async\" class=\"alignnone wp-image-73878 size-full\" src=\"http:\/\/www.celttv.com.ar\/wp-content\/uploads\/2023\/02\/3.jpg\" alt=\"\" width=\"2100\" height=\"1275\" srcset=\"https:\/\/www.celttv.com.ar\/wp-content\/uploads\/2023\/02\/3.jpg 2100w, https:\/\/www.celttv.com.ar\/wp-content\/uploads\/2023\/02\/3-300x182.jpg 300w, https:\/\/www.celttv.com.ar\/wp-content\/uploads\/2023\/02\/3-1024x622.jpg 1024w, https:\/\/www.celttv.com.ar\/wp-content\/uploads\/2023\/02\/3-768x466.jpg 768w, https:\/\/www.celttv.com.ar\/wp-content\/uploads\/2023\/02\/3-1536x933.jpg 1536w, https:\/\/www.celttv.com.ar\/wp-content\/uploads\/2023\/02\/3-2048x1243.jpg 2048w, https:\/\/www.celttv.com.ar\/wp-content\/uploads\/2023\/02\/3-750x455.jpg 750w, https:\/\/www.celttv.com.ar\/wp-content\/uploads\/2023\/02\/3-1140x692.jpg 1140w\" sizes=\"auto, (max-width: 2100px) 100vw, 2100px\" \/><\/div>\n<div dir=\"auto\"><img loading=\"lazy\" decoding=\"async\" class=\"alignnone wp-image-73879 size-large\" src=\"http:\/\/www.celttv.com.ar\/wp-content\/uploads\/2023\/02\/4-1024x622.jpg\" alt=\"\" width=\"1024\" height=\"622\" srcset=\"https:\/\/www.celttv.com.ar\/wp-content\/uploads\/2023\/02\/4-1024x622.jpg 1024w, https:\/\/www.celttv.com.ar\/wp-content\/uploads\/2023\/02\/4-300x182.jpg 300w, https:\/\/www.celttv.com.ar\/wp-content\/uploads\/2023\/02\/4-768x466.jpg 768w, https:\/\/www.celttv.com.ar\/wp-content\/uploads\/2023\/02\/4-1536x933.jpg 1536w, https:\/\/www.celttv.com.ar\/wp-content\/uploads\/2023\/02\/4-2048x1243.jpg 2048w, https:\/\/www.celttv.com.ar\/wp-content\/uploads\/2023\/02\/4-750x455.jpg 750w, https:\/\/www.celttv.com.ar\/wp-content\/uploads\/2023\/02\/4-1140x692.jpg 1140w\" sizes=\"auto, (max-width: 1024px) 100vw, 1024px\" \/><\/div>\n<div dir=\"auto\"><img loading=\"lazy\" decoding=\"async\" class=\"alignnone wp-image-73880 size-large\" src=\"http:\/\/www.celttv.com.ar\/wp-content\/uploads\/2023\/02\/5-1024x622.jpg\" alt=\"\" width=\"1024\" height=\"622\" srcset=\"https:\/\/www.celttv.com.ar\/wp-content\/uploads\/2023\/02\/5-1024x622.jpg 1024w, https:\/\/www.celttv.com.ar\/wp-content\/uploads\/2023\/02\/5-300x182.jpg 300w, https:\/\/www.celttv.com.ar\/wp-content\/uploads\/2023\/02\/5-768x466.jpg 768w, https:\/\/www.celttv.com.ar\/wp-content\/uploads\/2023\/02\/5-1536x933.jpg 1536w, https:\/\/www.celttv.com.ar\/wp-content\/uploads\/2023\/02\/5-2048x1243.jpg 2048w, https:\/\/www.celttv.com.ar\/wp-content\/uploads\/2023\/02\/5-750x455.jpg 750w, https:\/\/www.celttv.com.ar\/wp-content\/uploads\/2023\/02\/5-1140x692.jpg 1140w\" sizes=\"auto, (max-width: 1024px) 100vw, 1024px\" \/><\/div>\n<div dir=\"auto\"><img loading=\"lazy\" decoding=\"async\" class=\"alignnone wp-image-73881 size-large\" src=\"http:\/\/www.celttv.com.ar\/wp-content\/uploads\/2023\/02\/6-1024x622.jpg\" alt=\"\" width=\"1024\" height=\"622\" srcset=\"https:\/\/www.celttv.com.ar\/wp-content\/uploads\/2023\/02\/6-1024x622.jpg 1024w, https:\/\/www.celttv.com.ar\/wp-content\/uploads\/2023\/02\/6-300x182.jpg 300w, https:\/\/www.celttv.com.ar\/wp-content\/uploads\/2023\/02\/6-768x466.jpg 768w, https:\/\/www.celttv.com.ar\/wp-content\/uploads\/2023\/02\/6-1536x933.jpg 1536w, https:\/\/www.celttv.com.ar\/wp-content\/uploads\/2023\/02\/6-2048x1243.jpg 2048w, https:\/\/www.celttv.com.ar\/wp-content\/uploads\/2023\/02\/6-750x455.jpg 750w, https:\/\/www.celttv.com.ar\/wp-content\/uploads\/2023\/02\/6-1140x692.jpg 1140w\" sizes=\"auto, (max-width: 1024px) 100vw, 1024px\" \/><\/div>\n<div dir=\"auto\"><img loading=\"lazy\" decoding=\"async\" class=\"alignnone wp-image-73882 size-large\" src=\"http:\/\/www.celttv.com.ar\/wp-content\/uploads\/2023\/02\/7-1024x622.jpg\" alt=\"\" width=\"1024\" height=\"622\" srcset=\"https:\/\/www.celttv.com.ar\/wp-content\/uploads\/2023\/02\/7-1024x622.jpg 1024w, https:\/\/www.celttv.com.ar\/wp-content\/uploads\/2023\/02\/7-300x182.jpg 300w, https:\/\/www.celttv.com.ar\/wp-content\/uploads\/2023\/02\/7-768x466.jpg 768w, https:\/\/www.celttv.com.ar\/wp-content\/uploads\/2023\/02\/7-1536x933.jpg 1536w, https:\/\/www.celttv.com.ar\/wp-content\/uploads\/2023\/02\/7-2048x1243.jpg 2048w, https:\/\/www.celttv.com.ar\/wp-content\/uploads\/2023\/02\/7-750x455.jpg 750w, https:\/\/www.celttv.com.ar\/wp-content\/uploads\/2023\/02\/7-1140x692.jpg 1140w\" sizes=\"auto, (max-width: 1024px) 100vw, 1024px\" \/><\/div>\n<div dir=\"auto\"><img loading=\"lazy\" decoding=\"async\" class=\"alignnone wp-image-73883 size-large\" src=\"http:\/\/www.celttv.com.ar\/wp-content\/uploads\/2023\/02\/8-1024x622.jpg\" alt=\"\" width=\"1024\" height=\"622\" srcset=\"https:\/\/www.celttv.com.ar\/wp-content\/uploads\/2023\/02\/8-1024x622.jpg 1024w, https:\/\/www.celttv.com.ar\/wp-content\/uploads\/2023\/02\/8-300x182.jpg 300w, https:\/\/www.celttv.com.ar\/wp-content\/uploads\/2023\/02\/8-768x466.jpg 768w, https:\/\/www.celttv.com.ar\/wp-content\/uploads\/2023\/02\/8-1536x933.jpg 1536w, https:\/\/www.celttv.com.ar\/wp-content\/uploads\/2023\/02\/8-2048x1243.jpg 2048w, https:\/\/www.celttv.com.ar\/wp-content\/uploads\/2023\/02\/8-750x455.jpg 750w, https:\/\/www.celttv.com.ar\/wp-content\/uploads\/2023\/02\/8-1140x692.jpg 1140w\" sizes=\"auto, (max-width: 1024px) 100vw, 1024px\" \/><\/div>\n<div dir=\"auto\"><img loading=\"lazy\" decoding=\"async\" class=\"alignnone wp-image-73884 size-large\" src=\"http:\/\/www.celttv.com.ar\/wp-content\/uploads\/2023\/02\/9-1024x622.jpg\" alt=\"\" width=\"1024\" height=\"622\" srcset=\"https:\/\/www.celttv.com.ar\/wp-content\/uploads\/2023\/02\/9-1024x622.jpg 1024w, https:\/\/www.celttv.com.ar\/wp-content\/uploads\/2023\/02\/9-300x182.jpg 300w, https:\/\/www.celttv.com.ar\/wp-content\/uploads\/2023\/02\/9-768x466.jpg 768w, https:\/\/www.celttv.com.ar\/wp-content\/uploads\/2023\/02\/9-1536x933.jpg 1536w, https:\/\/www.celttv.com.ar\/wp-content\/uploads\/2023\/02\/9-2048x1243.jpg 2048w, https:\/\/www.celttv.com.ar\/wp-content\/uploads\/2023\/02\/9-750x455.jpg 750w, https:\/\/www.celttv.com.ar\/wp-content\/uploads\/2023\/02\/9-1140x692.jpg 1140w\" sizes=\"auto, (max-width: 1024px) 100vw, 1024px\" \/><\/div>\n<div dir=\"auto\"><img loading=\"lazy\" decoding=\"async\" class=\"alignnone wp-image-73885 size-large\" src=\"http:\/\/www.celttv.com.ar\/wp-content\/uploads\/2023\/02\/10-1024x622.jpg\" alt=\"\" width=\"1024\" height=\"622\" srcset=\"https:\/\/www.celttv.com.ar\/wp-content\/uploads\/2023\/02\/10-1024x622.jpg 1024w, https:\/\/www.celttv.com.ar\/wp-content\/uploads\/2023\/02\/10-300x182.jpg 300w, https:\/\/www.celttv.com.ar\/wp-content\/uploads\/2023\/02\/10-768x466.jpg 768w, https:\/\/www.celttv.com.ar\/wp-content\/uploads\/2023\/02\/10-1536x933.jpg 1536w, https:\/\/www.celttv.com.ar\/wp-content\/uploads\/2023\/02\/10-2048x1243.jpg 2048w, https:\/\/www.celttv.com.ar\/wp-content\/uploads\/2023\/02\/10-750x455.jpg 750w, https:\/\/www.celttv.com.ar\/wp-content\/uploads\/2023\/02\/10-1140x692.jpg 1140w\" sizes=\"auto, (max-width: 1024px) 100vw, 1024px\" \/><\/div>\n<div dir=\"auto\"><img loading=\"lazy\" decoding=\"async\" class=\"alignnone wp-image-73886 size-large\" src=\"http:\/\/www.celttv.com.ar\/wp-content\/uploads\/2023\/02\/11-1024x622.jpg\" alt=\"\" width=\"1024\" height=\"622\" srcset=\"https:\/\/www.celttv.com.ar\/wp-content\/uploads\/2023\/02\/11-1024x622.jpg 1024w, https:\/\/www.celttv.com.ar\/wp-content\/uploads\/2023\/02\/11-300x182.jpg 300w, https:\/\/www.celttv.com.ar\/wp-content\/uploads\/2023\/02\/11-768x466.jpg 768w, https:\/\/www.celttv.com.ar\/wp-content\/uploads\/2023\/02\/11-1536x933.jpg 1536w, https:\/\/www.celttv.com.ar\/wp-content\/uploads\/2023\/02\/11-2048x1243.jpg 2048w, https:\/\/www.celttv.com.ar\/wp-content\/uploads\/2023\/02\/11-750x455.jpg 750w, https:\/\/www.celttv.com.ar\/wp-content\/uploads\/2023\/02\/11-1140x692.jpg 1140w\" sizes=\"auto, (max-width: 1024px) 100vw, 1024px\" \/><\/div>\n<div dir=\"auto\"><img loading=\"lazy\" decoding=\"async\" class=\"alignnone wp-image-73887 size-large\" src=\"http:\/\/www.celttv.com.ar\/wp-content\/uploads\/2023\/02\/12-1024x622.jpg\" alt=\"\" width=\"1024\" height=\"622\" srcset=\"https:\/\/www.celttv.com.ar\/wp-content\/uploads\/2023\/02\/12-1024x622.jpg 1024w, https:\/\/www.celttv.com.ar\/wp-content\/uploads\/2023\/02\/12-300x182.jpg 300w, https:\/\/www.celttv.com.ar\/wp-content\/uploads\/2023\/02\/12-768x466.jpg 768w, https:\/\/www.celttv.com.ar\/wp-content\/uploads\/2023\/02\/12-1536x933.jpg 1536w, https:\/\/www.celttv.com.ar\/wp-content\/uploads\/2023\/02\/12-2048x1243.jpg 2048w, https:\/\/www.celttv.com.ar\/wp-content\/uploads\/2023\/02\/12-750x455.jpg 750w, https:\/\/www.celttv.com.ar\/wp-content\/uploads\/2023\/02\/12-1140x692.jpg 1140w\" sizes=\"auto, (max-width: 1024px) 100vw, 1024px\" \/><\/div>\n","protected":false},"excerpt":{"rendered":"<p>En una jornada a pleno sol, se desarroll\u00f3 la 3\u00b0 edici\u00f3n de la carrera aventura &#8220;Parque Norte Corre&#8221;, organizada por el municipio de Tornquist, en el amplio predio del Balneario Municipal, campos y caminos vecinales. Tras algunos a\u00f1os sin que se pueda llevar a cabo la competencia, este 2023, el municipio, pudo recuperar una de [&hellip;]<\/p>\n","protected":false},"author":3,"featured_media":73888,"comment_status":"closed","ping_status":"closed","sticky":false,"template":"","format":"standard","meta":{"footnotes":""},"categories":[63],"tags":[],"class_list":["post-73875","post","type-post","status-publish","format-standard","has-post-thumbnail","hentry","category-magazine-sport"],"yoast_head":"<!-- This site is optimized with the Yoast SEO plugin v19.7.1 - https:\/\/yoast.com\/wordpress\/plugins\/seo\/ -->\n<title>Se desarroll\u00f3 la 3\u00b0 edici\u00f3n de la carrera aventura &quot;Parque Norte Corre&quot; - CELTTV<\/title>\n<meta name=\"description\" content=\"Sitio web de noticias de la localidad de Tornquist, provincia de Buenos Aires, Rep\u00fablica Argentina. Contenido propio originado por periodistas de CELTTV, el canal de TV local de la Cooperativa El\u00e9ctrica de Tornquist. Turismo, Pol\u00edtica, Sociedad, Deporte, Cultura y todo el contenido de inter\u00e9s general que la gente del pueblo y la regi\u00f3n debe conocer.\" \/>\n<meta name=\"robots\" content=\"index, follow, max-snippet:-1, max-image-preview:large, max-video-preview:-1\" \/>\n<link rel=\"canonical\" href=\"https:\/\/www.celttv.com.ar\/index.php\/2023\/02\/26\/se-desarrollo-la-3-edicion-de-la-carrera-aventura-parque-norte-corre\/\" \/>\n<meta property=\"og:locale\" content=\"es_ES\" \/>\n<meta property=\"og:type\" content=\"article\" \/>\n<meta property=\"og:title\" content=\"Se desarroll\u00f3 la 3\u00b0 edici\u00f3n de la carrera aventura &quot;Parque Norte Corre&quot; - CELTTV\" \/>\n<meta property=\"og:description\" content=\"Sitio web de noticias de la localidad de Tornquist, provincia de Buenos Aires, Rep\u00fablica Argentina. Contenido propio originado por periodistas de CELTTV, el canal de TV local de la Cooperativa El\u00e9ctrica de Tornquist. Turismo, Pol\u00edtica, Sociedad, Deporte, Cultura y todo el contenido de inter\u00e9s general que la gente del pueblo y la regi\u00f3n debe conocer.\" \/>\n<meta property=\"og:url\" content=\"https:\/\/www.celttv.com.ar\/index.php\/2023\/02\/26\/se-desarrollo-la-3-edicion-de-la-carrera-aventura-parque-norte-corre\/\" \/>\n<meta property=\"og:site_name\" content=\"CELTTV\" \/>\n<meta property=\"article:publisher\" content=\"https:\/\/www.facebook.com\/celtTV\/\" \/>\n<meta property=\"article:published_time\" content=\"2023-02-26T23:28:07+00:00\" \/>\n<meta property=\"article:modified_time\" content=\"2023-02-26T23:28:50+00:00\" \/>\n<meta property=\"og:image\" content=\"https:\/\/www.celttv.com.ar\/wp-content\/uploads\/2023\/02\/333638850_580379650650845_8113839791461545760_n.jpg\" \/>\n\t<meta property=\"og:image:width\" content=\"1080\" \/>\n\t<meta property=\"og:image:height\" content=\"892\" \/>\n\t<meta property=\"og:image:type\" content=\"image\/jpeg\" \/>\n<meta name=\"author\" content=\"Rodrigo Sgammini\" \/>\n<meta name=\"twitter:card\" content=\"summary_large_image\" \/>\n<meta name=\"twitter:label1\" content=\"Escrito por\" \/>\n\t<meta name=\"twitter:data1\" content=\"Rodrigo Sgammini\" \/>\n\t<meta name=\"twitter:label2\" content=\"Tiempo de lectura\" \/>\n\t<meta name=\"twitter:data2\" content=\"1 minuto\" \/>\n<script type=\"application\/ld+json\" class=\"yoast-schema-graph\">{\"@context\":\"https:\/\/schema.org\",\"@graph\":[{\"@type\":\"NewsArticle\",\"@id\":\"https:\/\/www.celttv.com.ar\/index.php\/2023\/02\/26\/se-desarrollo-la-3-edicion-de-la-carrera-aventura-parque-norte-corre\/#article\",\"isPartOf\":{\"@id\":\"https:\/\/www.celttv.com.ar\/index.php\/2023\/02\/26\/se-desarrollo-la-3-edicion-de-la-carrera-aventura-parque-norte-corre\/\"},\"author\":{\"name\":\"Rodrigo Sgammini\",\"@id\":\"https:\/\/www.celttv.com.ar\/#\/schema\/person\/495be51d064edd971d8457f8f64eb172\"},\"headline\":\"Se desarroll\u00f3 la 3\u00b0 edici\u00f3n de la carrera aventura &#8220;Parque Norte Corre&#8221;\",\"datePublished\":\"2023-02-26T23:28:07+00:00\",\"dateModified\":\"2023-02-26T23:28:50+00:00\",\"mainEntityOfPage\":{\"@id\":\"https:\/\/www.celttv.com.ar\/index.php\/2023\/02\/26\/se-desarrollo-la-3-edicion-de-la-carrera-aventura-parque-norte-corre\/\"},\"wordCount\":159,\"publisher\":{\"@id\":\"https:\/\/www.celttv.com.ar\/#organization\"},\"articleSection\":[\"Magazine Sport\"],\"inLanguage\":\"es\"},{\"@type\":\"WebPage\",\"@id\":\"https:\/\/www.celttv.com.ar\/index.php\/2023\/02\/26\/se-desarrollo-la-3-edicion-de-la-carrera-aventura-parque-norte-corre\/\",\"url\":\"https:\/\/www.celttv.com.ar\/index.php\/2023\/02\/26\/se-desarrollo-la-3-edicion-de-la-carrera-aventura-parque-norte-corre\/\",\"name\":\"Se desarroll\u00f3 la 3\u00b0 edici\u00f3n de la carrera aventura \\\"Parque Norte Corre\\\" - CELTTV\",\"isPartOf\":{\"@id\":\"https:\/\/www.celttv.com.ar\/#website\"},\"datePublished\":\"2023-02-26T23:28:07+00:00\",\"dateModified\":\"2023-02-26T23:28:50+00:00\",\"description\":\"Sitio web de noticias de la localidad de Tornquist, provincia de Buenos Aires, Rep\u00fablica Argentina. Contenido propio originado por periodistas de CELTTV, el canal de TV local de la Cooperativa El\u00e9ctrica de Tornquist. Turismo, Pol\u00edtica, Sociedad, Deporte, Cultura y todo el contenido de inter\u00e9s general que la gente del pueblo y la regi\u00f3n debe conocer.\",\"breadcrumb\":{\"@id\":\"https:\/\/www.celttv.com.ar\/index.php\/2023\/02\/26\/se-desarrollo-la-3-edicion-de-la-carrera-aventura-parque-norte-corre\/#breadcrumb\"},\"inLanguage\":\"es\",\"potentialAction\":[{\"@type\":\"ReadAction\",\"target\":[\"https:\/\/www.celttv.com.ar\/index.php\/2023\/02\/26\/se-desarrollo-la-3-edicion-de-la-carrera-aventura-parque-norte-corre\/\"]}]},{\"@type\":\"BreadcrumbList\",\"@id\":\"https:\/\/www.celttv.com.ar\/index.php\/2023\/02\/26\/se-desarrollo-la-3-edicion-de-la-carrera-aventura-parque-norte-corre\/#breadcrumb\",\"itemListElement\":[{\"@type\":\"ListItem\",\"position\":1,\"name\":\"Inicio\",\"item\":\"https:\/\/www.celttv.com.ar\/\"},{\"@type\":\"ListItem\",\"position\":2,\"name\":\"Se desarroll\u00f3 la 3\u00b0 edici\u00f3n de la carrera aventura &#8220;Parque Norte Corre&#8221;\"}]},{\"@type\":\"WebSite\",\"@id\":\"https:\/\/www.celttv.com.ar\/#website\",\"url\":\"https:\/\/www.celttv.com.ar\/\",\"name\":\"CELTTV\",\"description\":\"Cooperativa El\u00e9ctrica de Tornquist\",\"publisher\":{\"@id\":\"https:\/\/www.celttv.com.ar\/#organization\"},\"potentialAction\":[{\"@type\":\"SearchAction\",\"target\":{\"@type\":\"EntryPoint\",\"urlTemplate\":\"https:\/\/www.celttv.com.ar\/?s={search_term_string}\"},\"query-input\":\"required name=search_term_string\"}],\"inLanguage\":\"es\"},{\"@type\":\"Organization\",\"@id\":\"https:\/\/www.celttv.com.ar\/#organization\",\"name\":\"CELTTV\",\"url\":\"https:\/\/www.celttv.com.ar\/\",\"sameAs\":[\"https:\/\/www.youtube.com\/channel\/UCz_oIt8Hig64Ub-EmcNPIhg\",\"https:\/\/www.facebook.com\/celtTV\/\"],\"logo\":{\"@type\":\"ImageObject\",\"inLanguage\":\"es\",\"@id\":\"https:\/\/www.celttv.com.ar\/#\/schema\/logo\/image\/\",\"url\":\"http:\/\/www.celttv.com.ar\/wp-content\/uploads\/2022\/08\/logo-1.png\",\"contentUrl\":\"http:\/\/www.celttv.com.ar\/wp-content\/uploads\/2022\/08\/logo-1.png\",\"width\":461,\"height\":159,\"caption\":\"CELTTV\"},\"image\":{\"@id\":\"https:\/\/www.celttv.com.ar\/#\/schema\/logo\/image\/\"}},{\"@type\":\"Person\",\"@id\":\"https:\/\/www.celttv.com.ar\/#\/schema\/person\/495be51d064edd971d8457f8f64eb172\",\"name\":\"Rodrigo Sgammini\",\"image\":{\"@type\":\"ImageObject\",\"inLanguage\":\"es\",\"@id\":\"https:\/\/www.celttv.com.ar\/#\/schema\/person\/image\/\",\"url\":\"https:\/\/secure.gravatar.com\/avatar\/68f7848d42735e7a9276b47cd6e606327d88f521c51ae39d88888b76902e2987?s=96&d=mm&r=g\",\"contentUrl\":\"https:\/\/secure.gravatar.com\/avatar\/68f7848d42735e7a9276b47cd6e606327d88f521c51ae39d88888b76902e2987?s=96&d=mm&r=g\",\"caption\":\"Rodrigo Sgammini\"}}]}<\/script>\n<!-- \/ Yoast SEO plugin. -->","yoast_head_json":{"title":"Se desarroll\u00f3 la 3\u00b0 edici\u00f3n de la carrera aventura \"Parque Norte Corre\" - CELTTV","description":"Sitio web de noticias de la localidad de Tornquist, provincia de Buenos Aires, Rep\u00fablica Argentina. Contenido propio originado por periodistas de CELTTV, el canal de TV local de la Cooperativa El\u00e9ctrica de Tornquist. Turismo, Pol\u00edtica, Sociedad, Deporte, Cultura y todo el contenido de inter\u00e9s general que la gente del pueblo y la regi\u00f3n debe conocer.","robots":{"index":"index","follow":"follow","max-snippet":"max-snippet:-1","max-image-preview":"max-image-preview:large","max-video-preview":"max-video-preview:-1"},"canonical":"https:\/\/www.celttv.com.ar\/index.php\/2023\/02\/26\/se-desarrollo-la-3-edicion-de-la-carrera-aventura-parque-norte-corre\/","og_locale":"es_ES","og_type":"article","og_title":"Se desarroll\u00f3 la 3\u00b0 edici\u00f3n de la carrera aventura \"Parque Norte Corre\" - CELTTV","og_description":"Sitio web de noticias de la localidad de Tornquist, provincia de Buenos Aires, Rep\u00fablica Argentina. Contenido propio originado por periodistas de CELTTV, el canal de TV local de la Cooperativa El\u00e9ctrica de Tornquist. Turismo, Pol\u00edtica, Sociedad, Deporte, Cultura y todo el contenido de inter\u00e9s general que la gente del pueblo y la regi\u00f3n debe conocer.","og_url":"https:\/\/www.celttv.com.ar\/index.php\/2023\/02\/26\/se-desarrollo-la-3-edicion-de-la-carrera-aventura-parque-norte-corre\/","og_site_name":"CELTTV","article_publisher":"https:\/\/www.facebook.com\/celtTV\/","article_published_time":"2023-02-26T23:28:07+00:00","article_modified_time":"2023-02-26T23:28:50+00:00","og_image":[{"width":1080,"height":892,"url":"https:\/\/www.celttv.com.ar\/wp-content\/uploads\/2023\/02\/333638850_580379650650845_8113839791461545760_n.jpg","type":"image\/jpeg"}],"author":"Rodrigo Sgammini","twitter_card":"summary_large_image","twitter_misc":{"Escrito por":"Rodrigo Sgammini","Tiempo de lectura":"1 minuto"},"schema":{"@context":"https:\/\/schema.org","@graph":[{"@type":"NewsArticle","@id":"https:\/\/www.celttv.com.ar\/index.php\/2023\/02\/26\/se-desarrollo-la-3-edicion-de-la-carrera-aventura-parque-norte-corre\/#article","isPartOf":{"@id":"https:\/\/www.celttv.com.ar\/index.php\/2023\/02\/26\/se-desarrollo-la-3-edicion-de-la-carrera-aventura-parque-norte-corre\/"},"author":{"name":"Rodrigo Sgammini","@id":"https:\/\/www.celttv.com.ar\/#\/schema\/person\/495be51d064edd971d8457f8f64eb172"},"headline":"Se desarroll\u00f3 la 3\u00b0 edici\u00f3n de la carrera aventura &#8220;Parque Norte Corre&#8221;","datePublished":"2023-02-26T23:28:07+00:00","dateModified":"2023-02-26T23:28:50+00:00","mainEntityOfPage":{"@id":"https:\/\/www.celttv.com.ar\/index.php\/2023\/02\/26\/se-desarrollo-la-3-edicion-de-la-carrera-aventura-parque-norte-corre\/"},"wordCount":159,"publisher":{"@id":"https:\/\/www.celttv.com.ar\/#organization"},"articleSection":["Magazine Sport"],"inLanguage":"es"},{"@type":"WebPage","@id":"https:\/\/www.celttv.com.ar\/index.php\/2023\/02\/26\/se-desarrollo-la-3-edicion-de-la-carrera-aventura-parque-norte-corre\/","url":"https:\/\/www.celttv.com.ar\/index.php\/2023\/02\/26\/se-desarrollo-la-3-edicion-de-la-carrera-aventura-parque-norte-corre\/","name":"Se desarroll\u00f3 la 3\u00b0 edici\u00f3n de la carrera aventura \"Parque Norte Corre\" - CELTTV","isPartOf":{"@id":"https:\/\/www.celttv.com.ar\/#website"},"datePublished":"2023-02-26T23:28:07+00:00","dateModified":"2023-02-26T23:28:50+00:00","description":"Sitio web de noticias de la localidad de Tornquist, provincia de Buenos Aires, Rep\u00fablica Argentina. Contenido propio originado por periodistas de CELTTV, el canal de TV local de la Cooperativa El\u00e9ctrica de Tornquist. Turismo, Pol\u00edtica, Sociedad, Deporte, Cultura y todo el contenido de inter\u00e9s general que la gente del pueblo y la regi\u00f3n debe conocer.","breadcrumb":{"@id":"https:\/\/www.celttv.com.ar\/index.php\/2023\/02\/26\/se-desarrollo-la-3-edicion-de-la-carrera-aventura-parque-norte-corre\/#breadcrumb"},"inLanguage":"es","potentialAction":[{"@type":"ReadAction","target":["https:\/\/www.celttv.com.ar\/index.php\/2023\/02\/26\/se-desarrollo-la-3-edicion-de-la-carrera-aventura-parque-norte-corre\/"]}]},{"@type":"BreadcrumbList","@id":"https:\/\/www.celttv.com.ar\/index.php\/2023\/02\/26\/se-desarrollo-la-3-edicion-de-la-carrera-aventura-parque-norte-corre\/#breadcrumb","itemListElement":[{"@type":"ListItem","position":1,"name":"Inicio","item":"https:\/\/www.celttv.com.ar\/"},{"@type":"ListItem","position":2,"name":"Se desarroll\u00f3 la 3\u00b0 edici\u00f3n de la carrera aventura &#8220;Parque Norte Corre&#8221;"}]},{"@type":"WebSite","@id":"https:\/\/www.celttv.com.ar\/#website","url":"https:\/\/www.celttv.com.ar\/","name":"CELTTV","description":"Cooperativa El\u00e9ctrica de Tornquist","publisher":{"@id":"https:\/\/www.celttv.com.ar\/#organization"},"potentialAction":[{"@type":"SearchAction","target":{"@type":"EntryPoint","urlTemplate":"https:\/\/www.celttv.com.ar\/?s={search_term_string}"},"query-input":"required name=search_term_string"}],"inLanguage":"es"},{"@type":"Organization","@id":"https:\/\/www.celttv.com.ar\/#organization","name":"CELTTV","url":"https:\/\/www.celttv.com.ar\/","sameAs":["https:\/\/www.youtube.com\/channel\/UCz_oIt8Hig64Ub-EmcNPIhg","https:\/\/www.facebook.com\/celtTV\/"],"logo":{"@type":"ImageObject","inLanguage":"es","@id":"https:\/\/www.celttv.com.ar\/#\/schema\/logo\/image\/","url":"http:\/\/www.celttv.com.ar\/wp-content\/uploads\/2022\/08\/logo-1.png","contentUrl":"http:\/\/www.celttv.com.ar\/wp-content\/uploads\/2022\/08\/logo-1.png","width":461,"height":159,"caption":"CELTTV"},"image":{"@id":"https:\/\/www.celttv.com.ar\/#\/schema\/logo\/image\/"}},{"@type":"Person","@id":"https:\/\/www.celttv.com.ar\/#\/schema\/person\/495be51d064edd971d8457f8f64eb172","name":"Rodrigo Sgammini","image":{"@type":"ImageObject","inLanguage":"es","@id":"https:\/\/www.celttv.com.ar\/#\/schema\/person\/image\/","url":"https:\/\/secure.gravatar.com\/avatar\/68f7848d42735e7a9276b47cd6e606327d88f521c51ae39d88888b76902e2987?s=96&d=mm&r=g","contentUrl":"https:\/\/secure.gravatar.com\/avatar\/68f7848d42735e7a9276b47cd6e606327d88f521c51ae39d88888b76902e2987?s=96&d=mm&r=g","caption":"Rodrigo Sgammini"}}]}},"_links":{"self":[{"href":"https:\/\/www.celttv.com.ar\/index.php\/wp-json\/wp\/v2\/posts\/73875","targetHints":{"allow":["GET"]}}],"collection":[{"href":"https:\/\/www.celttv.com.ar\/index.php\/wp-json\/wp\/v2\/posts"}],"about":[{"href":"https:\/\/www.celttv.com.ar\/index.php\/wp-json\/wp\/v2\/types\/post"}],"author":[{"embeddable":true,"href":"https:\/\/www.celttv.com.ar\/index.php\/wp-json\/wp\/v2\/users\/3"}],"replies":[{"embeddable":true,"href":"https:\/\/www.celttv.com.ar\/index.php\/wp-json\/wp\/v2\/comments?post=73875"}],"version-history":[{"count":3,"href":"https:\/\/www.celttv.com.ar\/index.php\/wp-json\/wp\/v2\/posts\/73875\/revisions"}],"predecessor-version":[{"id":73896,"href":"https:\/\/www.celttv.com.ar\/index.php\/wp-json\/wp\/v2\/posts\/73875\/revisions\/73896"}],"wp:featuredmedia":[{"embeddable":true,"href":"https:\/\/www.celttv.com.ar\/index.php\/wp-json\/wp\/v2\/media\/73888"}],"wp:attachment":[{"href":"https:\/\/www.celttv.com.ar\/index.php\/wp-json\/wp\/v2\/media?parent=73875"}],"wp:term":[{"taxonomy":"category","embeddable":true,"href":"https:\/\/www.celttv.com.ar\/index.php\/wp-json\/wp\/v2\/categories?post=73875"},{"taxonomy":"post_tag","embeddable":true,"href":"https:\/\/www.celttv.com.ar\/index.php\/wp-json\/wp\/v2\/tags?post=73875"}],"curies":[{"name":"wp","href":"https:\/\/api.w.org\/{rel}","templated":true}]}}