{"id":73897,"date":"2023-02-26T20:38:08","date_gmt":"2023-02-26T23:38:08","guid":{"rendered":"http:\/\/www.celttv.com.ar\/?p=73897"},"modified":"2023-02-26T20:38:08","modified_gmt":"2023-02-26T23:38:08","slug":"resultados-del-aparte-campero-de-tornquist-que-ortorga-puntos-para-palermo-2023","status":"publish","type":"post","link":"https:\/\/www.celttv.com.ar\/index.php\/2023\/02\/26\/resultados-del-aparte-campero-de-tornquist-que-ortorga-puntos-para-palermo-2023\/","title":{"rendered":"Resultados del aparte campero de Tornquist que ortorga puntos para Palermo 2023"},"content":{"rendered":"<p>Con la participaci\u00f3n de varios equipos de Tornquist y la regi\u00f3n, se desarroll\u00f3 con \u00e9xito una nueva fecha del aparte campero en el predio de la Asociaci\u00f3n Rural de Tornquist.<\/p>\n<p>El evento, que cont\u00f3 con el apoyo de la Asociaci\u00f3n Argentina de Caballos, otorg\u00f3 puntos en la clasificaci\u00f3n a nivel nacional para la instancia de Palermo 2023.<\/p>\n<p>Adrian Pallota ofici\u00f3 de jurado y se adelant\u00f3 que en el mes de mayo se realizar\u00e1r la segunda edici\u00f3n morfol\u00f3gica, donde habr\u00e1 morfolog\u00eda y aparte campero.<\/p>\n<p><strong>Los resultado del s\u00e1bado fueron los siguientes:<\/strong><\/p>\n<p><strong>Categor\u00eda A<\/strong><\/p>\n<p>1\u00ba Asujeta Paisa \u2013 Lucas Raising, Imanol Keller e I\u00f1aki Keller.<\/p>\n<p>2\u00ba El Rosario \u2013 Juan Ignacio, Juan Bautista y Juan Manuel Simonetti.<\/p>\n<p>3\u00ba Los del Hueco- Martin Keller- I\u00f1aki Keller e Imanol Keller<\/p>\n<p><strong>Categor\u00eda B<\/strong><\/p>\n<p>1\u00ba Los Sinfreno\u00a0 -Fabio Gomez, Gast\u00f3n Muscillo y Lucas Raising<\/p>\n<p>2\u00ba Los amargos &#8211; Bruno Mancinelli. Alfredo Herold y Walter Maccari<\/p>\n<p>3\u00ba Haciendo Huella &#8211; Jesica Monleon, Valeria Saiz y Berenice Muscillo<\/p>\n<p><strong>Los resultado del domingo:<\/strong><\/p>\n<p><strong>Categor\u00eda A<\/strong><\/p>\n<p>1\u00ba- Asujeta Paisa \u2013 Lucas Raising, Imano Keller e I\u00f1aki Keller<\/p>\n<p>2\u00ba Los del Hueco &#8211; Martin, Ignacio e Imanol Keller<\/p>\n<p>3\u00ba La Carrindanga- Joaquin De Uribe, Jorge De Uribe y Benjam\u00edn Coriza<\/p>\n<p><strong>Categor\u00eda B<\/strong><\/p>\n<p>1\u00ba Los improvisados- Juan Jos\u00e9 Ercasti, Antonio Eizaguirre y Benjam\u00edn Eizaguirre<\/p>\n<p>2\u00ba La Iberica- Javier Sard, Fernando Miras, Juan Bautista Ercasti<\/p>\n<p>3\u00ba Bombo de Tiraxi- Lisandro Kruger, Sim\u00f3n Williams y Adriana Williams.<\/p>\n","protected":false},"excerpt":{"rendered":"<p>Con la participaci\u00f3n de varios equipos de Tornquist y la regi\u00f3n, se desarroll\u00f3 con \u00e9xito una nueva fecha del aparte campero en el predio de la Asociaci\u00f3n Rural de Tornquist. El evento, que cont\u00f3 con el apoyo de la Asociaci\u00f3n Argentina de Caballos, otorg\u00f3 puntos en la clasificaci\u00f3n a nivel nacional para la instancia de [&hellip;]<\/p>\n","protected":false},"author":3,"featured_media":73898,"comment_status":"closed","ping_status":"closed","sticky":false,"template":"","format":"standard","meta":{"footnotes":""},"categories":[55],"tags":[],"class_list":["post-73897","post","type-post","status-publish","format-standard","has-post-thumbnail","hentry","category-celt-tv-noticias"],"yoast_head":"<!-- This site is optimized with the Yoast SEO plugin v19.7.1 - https:\/\/yoast.com\/wordpress\/plugins\/seo\/ -->\n<title>Resultados del aparte campero de Tornquist que ortorga puntos para Palermo 2023 - CELTTV<\/title>\n<meta name=\"description\" content=\"Sitio web de noticias de la localidad de Tornquist, provincia de Buenos Aires, Rep\u00fablica Argentina. Contenido propio originado por periodistas de CELTTV, el canal de TV local de la Cooperativa El\u00e9ctrica de Tornquist. Turismo, Pol\u00edtica, Sociedad, Deporte, Cultura y todo el contenido de inter\u00e9s general que la gente del pueblo y la regi\u00f3n debe conocer.\" \/>\n<meta name=\"robots\" content=\"index, follow, max-snippet:-1, max-image-preview:large, max-video-preview:-1\" \/>\n<link rel=\"canonical\" href=\"https:\/\/www.celttv.com.ar\/index.php\/2023\/02\/26\/resultados-del-aparte-campero-de-tornquist-que-ortorga-puntos-para-palermo-2023\/\" \/>\n<meta property=\"og:locale\" content=\"es_ES\" \/>\n<meta property=\"og:type\" content=\"article\" \/>\n<meta property=\"og:title\" content=\"Resultados del aparte campero de Tornquist que ortorga puntos para Palermo 2023 - CELTTV\" \/>\n<meta property=\"og:description\" content=\"Sitio web de noticias de la localidad de Tornquist, provincia de Buenos Aires, Rep\u00fablica Argentina. Contenido propio originado por periodistas de CELTTV, el canal de TV local de la Cooperativa El\u00e9ctrica de Tornquist. Turismo, Pol\u00edtica, Sociedad, Deporte, Cultura y todo el contenido de inter\u00e9s general que la gente del pueblo y la regi\u00f3n debe conocer.\" \/>\n<meta property=\"og:url\" content=\"https:\/\/www.celttv.com.ar\/index.php\/2023\/02\/26\/resultados-del-aparte-campero-de-tornquist-que-ortorga-puntos-para-palermo-2023\/\" \/>\n<meta property=\"og:site_name\" content=\"CELTTV\" \/>\n<meta property=\"article:publisher\" content=\"https:\/\/www.facebook.com\/celtTV\/\" \/>\n<meta property=\"article:published_time\" content=\"2023-02-26T23:38:08+00:00\" \/>\n<meta property=\"og:image\" content=\"https:\/\/www.celttv.com.ar\/wp-content\/uploads\/2023\/02\/106_9204-1140x641-1.jpg\" \/>\n\t<meta property=\"og:image:width\" content=\"1140\" \/>\n\t<meta property=\"og:image:height\" content=\"641\" \/>\n\t<meta property=\"og:image:type\" content=\"image\/jpeg\" \/>\n<meta name=\"author\" content=\"Rodrigo Sgammini\" \/>\n<meta name=\"twitter:card\" content=\"summary_large_image\" \/>\n<meta name=\"twitter:label1\" content=\"Escrito por\" \/>\n\t<meta name=\"twitter:data1\" content=\"Rodrigo Sgammini\" \/>\n\t<meta name=\"twitter:label2\" content=\"Tiempo de lectura\" \/>\n\t<meta name=\"twitter:data2\" content=\"1 minuto\" \/>\n<script type=\"application\/ld+json\" class=\"yoast-schema-graph\">{\"@context\":\"https:\/\/schema.org\",\"@graph\":[{\"@type\":\"NewsArticle\",\"@id\":\"https:\/\/www.celttv.com.ar\/index.php\/2023\/02\/26\/resultados-del-aparte-campero-de-tornquist-que-ortorga-puntos-para-palermo-2023\/#article\",\"isPartOf\":{\"@id\":\"https:\/\/www.celttv.com.ar\/index.php\/2023\/02\/26\/resultados-del-aparte-campero-de-tornquist-que-ortorga-puntos-para-palermo-2023\/\"},\"author\":{\"name\":\"Rodrigo Sgammini\",\"@id\":\"https:\/\/www.celttv.com.ar\/#\/schema\/person\/495be51d064edd971d8457f8f64eb172\"},\"headline\":\"Resultados del aparte campero de Tornquist que ortorga puntos para Palermo 2023\",\"datePublished\":\"2023-02-26T23:38:08+00:00\",\"dateModified\":\"2023-02-26T23:38:08+00:00\",\"mainEntityOfPage\":{\"@id\":\"https:\/\/www.celttv.com.ar\/index.php\/2023\/02\/26\/resultados-del-aparte-campero-de-tornquist-que-ortorga-puntos-para-palermo-2023\/\"},\"wordCount\":250,\"publisher\":{\"@id\":\"https:\/\/www.celttv.com.ar\/#organization\"},\"articleSection\":[\"Celt TV Noticias\"],\"inLanguage\":\"es\"},{\"@type\":\"WebPage\",\"@id\":\"https:\/\/www.celttv.com.ar\/index.php\/2023\/02\/26\/resultados-del-aparte-campero-de-tornquist-que-ortorga-puntos-para-palermo-2023\/\",\"url\":\"https:\/\/www.celttv.com.ar\/index.php\/2023\/02\/26\/resultados-del-aparte-campero-de-tornquist-que-ortorga-puntos-para-palermo-2023\/\",\"name\":\"Resultados del aparte campero de Tornquist que ortorga puntos para Palermo 2023 - CELTTV\",\"isPartOf\":{\"@id\":\"https:\/\/www.celttv.com.ar\/#website\"},\"datePublished\":\"2023-02-26T23:38:08+00:00\",\"dateModified\":\"2023-02-26T23:38:08+00:00\",\"description\":\"Sitio web de noticias de la localidad de Tornquist, provincia de Buenos Aires, Rep\u00fablica Argentina. Contenido propio originado por periodistas de CELTTV, el canal de TV local de la Cooperativa El\u00e9ctrica de Tornquist. Turismo, Pol\u00edtica, Sociedad, Deporte, Cultura y todo el contenido de inter\u00e9s general que la gente del pueblo y la regi\u00f3n debe conocer.\",\"breadcrumb\":{\"@id\":\"https:\/\/www.celttv.com.ar\/index.php\/2023\/02\/26\/resultados-del-aparte-campero-de-tornquist-que-ortorga-puntos-para-palermo-2023\/#breadcrumb\"},\"inLanguage\":\"es\",\"potentialAction\":[{\"@type\":\"ReadAction\",\"target\":[\"https:\/\/www.celttv.com.ar\/index.php\/2023\/02\/26\/resultados-del-aparte-campero-de-tornquist-que-ortorga-puntos-para-palermo-2023\/\"]}]},{\"@type\":\"BreadcrumbList\",\"@id\":\"https:\/\/www.celttv.com.ar\/index.php\/2023\/02\/26\/resultados-del-aparte-campero-de-tornquist-que-ortorga-puntos-para-palermo-2023\/#breadcrumb\",\"itemListElement\":[{\"@type\":\"ListItem\",\"position\":1,\"name\":\"Inicio\",\"item\":\"https:\/\/www.celttv.com.ar\/\"},{\"@type\":\"ListItem\",\"position\":2,\"name\":\"Resultados del aparte campero de Tornquist que ortorga puntos para Palermo 2023\"}]},{\"@type\":\"WebSite\",\"@id\":\"https:\/\/www.celttv.com.ar\/#website\",\"url\":\"https:\/\/www.celttv.com.ar\/\",\"name\":\"CELTTV\",\"description\":\"Cooperativa El\u00e9ctrica de Tornquist\",\"publisher\":{\"@id\":\"https:\/\/www.celttv.com.ar\/#organization\"},\"potentialAction\":[{\"@type\":\"SearchAction\",\"target\":{\"@type\":\"EntryPoint\",\"urlTemplate\":\"https:\/\/www.celttv.com.ar\/?s={search_term_string}\"},\"query-input\":\"required name=search_term_string\"}],\"inLanguage\":\"es\"},{\"@type\":\"Organization\",\"@id\":\"https:\/\/www.celttv.com.ar\/#organization\",\"name\":\"CELTTV\",\"url\":\"https:\/\/www.celttv.com.ar\/\",\"sameAs\":[\"https:\/\/www.youtube.com\/channel\/UCz_oIt8Hig64Ub-EmcNPIhg\",\"https:\/\/www.facebook.com\/celtTV\/\"],\"logo\":{\"@type\":\"ImageObject\",\"inLanguage\":\"es\",\"@id\":\"https:\/\/www.celttv.com.ar\/#\/schema\/logo\/image\/\",\"url\":\"http:\/\/www.celttv.com.ar\/wp-content\/uploads\/2022\/08\/logo-1.png\",\"contentUrl\":\"http:\/\/www.celttv.com.ar\/wp-content\/uploads\/2022\/08\/logo-1.png\",\"width\":461,\"height\":159,\"caption\":\"CELTTV\"},\"image\":{\"@id\":\"https:\/\/www.celttv.com.ar\/#\/schema\/logo\/image\/\"}},{\"@type\":\"Person\",\"@id\":\"https:\/\/www.celttv.com.ar\/#\/schema\/person\/495be51d064edd971d8457f8f64eb172\",\"name\":\"Rodrigo Sgammini\",\"image\":{\"@type\":\"ImageObject\",\"inLanguage\":\"es\",\"@id\":\"https:\/\/www.celttv.com.ar\/#\/schema\/person\/image\/\",\"url\":\"https:\/\/secure.gravatar.com\/avatar\/68f7848d42735e7a9276b47cd6e606327d88f521c51ae39d88888b76902e2987?s=96&d=mm&r=g\",\"contentUrl\":\"https:\/\/secure.gravatar.com\/avatar\/68f7848d42735e7a9276b47cd6e606327d88f521c51ae39d88888b76902e2987?s=96&d=mm&r=g\",\"caption\":\"Rodrigo Sgammini\"}}]}<\/script>\n<!-- \/ Yoast SEO plugin. -->","yoast_head_json":{"title":"Resultados del aparte campero de Tornquist que ortorga puntos para Palermo 2023 - CELTTV","description":"Sitio web de noticias de la localidad de Tornquist, provincia de Buenos Aires, Rep\u00fablica Argentina. Contenido propio originado por periodistas de CELTTV, el canal de TV local de la Cooperativa El\u00e9ctrica de Tornquist. Turismo, Pol\u00edtica, Sociedad, Deporte, Cultura y todo el contenido de inter\u00e9s general que la gente del pueblo y la regi\u00f3n debe conocer.","robots":{"index":"index","follow":"follow","max-snippet":"max-snippet:-1","max-image-preview":"max-image-preview:large","max-video-preview":"max-video-preview:-1"},"canonical":"https:\/\/www.celttv.com.ar\/index.php\/2023\/02\/26\/resultados-del-aparte-campero-de-tornquist-que-ortorga-puntos-para-palermo-2023\/","og_locale":"es_ES","og_type":"article","og_title":"Resultados del aparte campero de Tornquist que ortorga puntos para Palermo 2023 - CELTTV","og_description":"Sitio web de noticias de la localidad de Tornquist, provincia de Buenos Aires, Rep\u00fablica Argentina. Contenido propio originado por periodistas de CELTTV, el canal de TV local de la Cooperativa El\u00e9ctrica de Tornquist. Turismo, Pol\u00edtica, Sociedad, Deporte, Cultura y todo el contenido de inter\u00e9s general que la gente del pueblo y la regi\u00f3n debe conocer.","og_url":"https:\/\/www.celttv.com.ar\/index.php\/2023\/02\/26\/resultados-del-aparte-campero-de-tornquist-que-ortorga-puntos-para-palermo-2023\/","og_site_name":"CELTTV","article_publisher":"https:\/\/www.facebook.com\/celtTV\/","article_published_time":"2023-02-26T23:38:08+00:00","og_image":[{"width":1140,"height":641,"url":"https:\/\/www.celttv.com.ar\/wp-content\/uploads\/2023\/02\/106_9204-1140x641-1.jpg","type":"image\/jpeg"}],"author":"Rodrigo Sgammini","twitter_card":"summary_large_image","twitter_misc":{"Escrito por":"Rodrigo Sgammini","Tiempo de lectura":"1 minuto"},"schema":{"@context":"https:\/\/schema.org","@graph":[{"@type":"NewsArticle","@id":"https:\/\/www.celttv.com.ar\/index.php\/2023\/02\/26\/resultados-del-aparte-campero-de-tornquist-que-ortorga-puntos-para-palermo-2023\/#article","isPartOf":{"@id":"https:\/\/www.celttv.com.ar\/index.php\/2023\/02\/26\/resultados-del-aparte-campero-de-tornquist-que-ortorga-puntos-para-palermo-2023\/"},"author":{"name":"Rodrigo Sgammini","@id":"https:\/\/www.celttv.com.ar\/#\/schema\/person\/495be51d064edd971d8457f8f64eb172"},"headline":"Resultados del aparte campero de Tornquist que ortorga puntos para Palermo 2023","datePublished":"2023-02-26T23:38:08+00:00","dateModified":"2023-02-26T23:38:08+00:00","mainEntityOfPage":{"@id":"https:\/\/www.celttv.com.ar\/index.php\/2023\/02\/26\/resultados-del-aparte-campero-de-tornquist-que-ortorga-puntos-para-palermo-2023\/"},"wordCount":250,"publisher":{"@id":"https:\/\/www.celttv.com.ar\/#organization"},"articleSection":["Celt TV Noticias"],"inLanguage":"es"},{"@type":"WebPage","@id":"https:\/\/www.celttv.com.ar\/index.php\/2023\/02\/26\/resultados-del-aparte-campero-de-tornquist-que-ortorga-puntos-para-palermo-2023\/","url":"https:\/\/www.celttv.com.ar\/index.php\/2023\/02\/26\/resultados-del-aparte-campero-de-tornquist-que-ortorga-puntos-para-palermo-2023\/","name":"Resultados del aparte campero de Tornquist que ortorga puntos para Palermo 2023 - CELTTV","isPartOf":{"@id":"https:\/\/www.celttv.com.ar\/#website"},"datePublished":"2023-02-26T23:38:08+00:00","dateModified":"2023-02-26T23:38:08+00:00","description":"Sitio web de noticias de la localidad de Tornquist, provincia de Buenos Aires, Rep\u00fablica Argentina. Contenido propio originado por periodistas de CELTTV, el canal de TV local de la Cooperativa El\u00e9ctrica de Tornquist. Turismo, Pol\u00edtica, Sociedad, Deporte, Cultura y todo el contenido de inter\u00e9s general que la gente del pueblo y la regi\u00f3n debe conocer.","breadcrumb":{"@id":"https:\/\/www.celttv.com.ar\/index.php\/2023\/02\/26\/resultados-del-aparte-campero-de-tornquist-que-ortorga-puntos-para-palermo-2023\/#breadcrumb"},"inLanguage":"es","potentialAction":[{"@type":"ReadAction","target":["https:\/\/www.celttv.com.ar\/index.php\/2023\/02\/26\/resultados-del-aparte-campero-de-tornquist-que-ortorga-puntos-para-palermo-2023\/"]}]},{"@type":"BreadcrumbList","@id":"https:\/\/www.celttv.com.ar\/index.php\/2023\/02\/26\/resultados-del-aparte-campero-de-tornquist-que-ortorga-puntos-para-palermo-2023\/#breadcrumb","itemListElement":[{"@type":"ListItem","position":1,"name":"Inicio","item":"https:\/\/www.celttv.com.ar\/"},{"@type":"ListItem","position":2,"name":"Resultados del aparte campero de Tornquist que ortorga puntos para Palermo 2023"}]},{"@type":"WebSite","@id":"https:\/\/www.celttv.com.ar\/#website","url":"https:\/\/www.celttv.com.ar\/","name":"CELTTV","description":"Cooperativa El\u00e9ctrica de Tornquist","publisher":{"@id":"https:\/\/www.celttv.com.ar\/#organization"},"potentialAction":[{"@type":"SearchAction","target":{"@type":"EntryPoint","urlTemplate":"https:\/\/www.celttv.com.ar\/?s={search_term_string}"},"query-input":"required name=search_term_string"}],"inLanguage":"es"},{"@type":"Organization","@id":"https:\/\/www.celttv.com.ar\/#organization","name":"CELTTV","url":"https:\/\/www.celttv.com.ar\/","sameAs":["https:\/\/www.youtube.com\/channel\/UCz_oIt8Hig64Ub-EmcNPIhg","https:\/\/www.facebook.com\/celtTV\/"],"logo":{"@type":"ImageObject","inLanguage":"es","@id":"https:\/\/www.celttv.com.ar\/#\/schema\/logo\/image\/","url":"http:\/\/www.celttv.com.ar\/wp-content\/uploads\/2022\/08\/logo-1.png","contentUrl":"http:\/\/www.celttv.com.ar\/wp-content\/uploads\/2022\/08\/logo-1.png","width":461,"height":159,"caption":"CELTTV"},"image":{"@id":"https:\/\/www.celttv.com.ar\/#\/schema\/logo\/image\/"}},{"@type":"Person","@id":"https:\/\/www.celttv.com.ar\/#\/schema\/person\/495be51d064edd971d8457f8f64eb172","name":"Rodrigo Sgammini","image":{"@type":"ImageObject","inLanguage":"es","@id":"https:\/\/www.celttv.com.ar\/#\/schema\/person\/image\/","url":"https:\/\/secure.gravatar.com\/avatar\/68f7848d42735e7a9276b47cd6e606327d88f521c51ae39d88888b76902e2987?s=96&d=mm&r=g","contentUrl":"https:\/\/secure.gravatar.com\/avatar\/68f7848d42735e7a9276b47cd6e606327d88f521c51ae39d88888b76902e2987?s=96&d=mm&r=g","caption":"Rodrigo Sgammini"}}]}},"_links":{"self":[{"href":"https:\/\/www.celttv.com.ar\/index.php\/wp-json\/wp\/v2\/posts\/73897","targetHints":{"allow":["GET"]}}],"collection":[{"href":"https:\/\/www.celttv.com.ar\/index.php\/wp-json\/wp\/v2\/posts"}],"about":[{"href":"https:\/\/www.celttv.com.ar\/index.php\/wp-json\/wp\/v2\/types\/post"}],"author":[{"embeddable":true,"href":"https:\/\/www.celttv.com.ar\/index.php\/wp-json\/wp\/v2\/users\/3"}],"replies":[{"embeddable":true,"href":"https:\/\/www.celttv.com.ar\/index.php\/wp-json\/wp\/v2\/comments?post=73897"}],"version-history":[{"count":1,"href":"https:\/\/www.celttv.com.ar\/index.php\/wp-json\/wp\/v2\/posts\/73897\/revisions"}],"predecessor-version":[{"id":73899,"href":"https:\/\/www.celttv.com.ar\/index.php\/wp-json\/wp\/v2\/posts\/73897\/revisions\/73899"}],"wp:featuredmedia":[{"embeddable":true,"href":"https:\/\/www.celttv.com.ar\/index.php\/wp-json\/wp\/v2\/media\/73898"}],"wp:attachment":[{"href":"https:\/\/www.celttv.com.ar\/index.php\/wp-json\/wp\/v2\/media?parent=73897"}],"wp:term":[{"taxonomy":"category","embeddable":true,"href":"https:\/\/www.celttv.com.ar\/index.php\/wp-json\/wp\/v2\/categories?post=73897"},{"taxonomy":"post_tag","embeddable":true,"href":"https:\/\/www.celttv.com.ar\/index.php\/wp-json\/wp\/v2\/tags?post=73897"}],"curies":[{"name":"wp","href":"https:\/\/api.w.org\/{rel}","templated":true}]}}