{"id":7391,"date":"2012-07-09T14:28:56","date_gmt":"2012-07-09T14:28:56","guid":{"rendered":"http:\/\/www.tvcnoticias.com.ar\/?p=7391"},"modified":"2012-07-09T14:28:56","modified_gmt":"2012-07-09T14:28:56","slug":"salutaciones-por-el-9-de-julio-dia-de-la-declaracion-de-la-independencia","status":"publish","type":"post","link":"https:\/\/www.celttv.com.ar\/index.php\/2012\/07\/09\/salutaciones-por-el-9-de-julio-dia-de-la-declaracion-de-la-independencia\/","title":{"rendered":"SALUTACIONES POR EL 9 DE JULIO DIA DE LA DECLARACION DE LA INDEPENDENCIA"},"content":{"rendered":"<p><img loading=\"lazy\" decoding=\"async\" class=\"aligncenter size-full wp-image-7392\" title=\"DIA DE LA INDEPENDENCIA (Medium)\" src=\"http:\/\/www.tvcnoticias.com.ar\/wp-content\/uploads\/2012\/07\/DIA-DE-LA-INDEPENDENCIA-Medium.jpg\" alt=\"\" width=\"800\" height=\"777\" \/><br \/>\nHONORABLE CONCEJO DELIBERANTE<br \/>\nTornquist, 7 de Julio de 2012<br \/>\nLos hombres que nos declararon independientes en la humilde cuna de Tucum\u00e1n tuvieron \u00a0un prop\u00f3sito claro que determin\u00f3 el nacimiento oficial de la Argentina.<br \/>\nLa\u00a0 Declaraci\u00f3n de la Independencia, adem\u00e1s de ser un hecho hist\u00f3rico y esencial de nuestro pa\u00eds, es un proceso permanente que necesita de nuestra fuerza de esp\u00edritu, y al que hay que ir \u00a0conquistando y manteniendo constantemente, como individuos y como pueblo.<br \/>\nSi miramos a nuestro alrededor, en la sociedad sigue habiendo cadenas de las que debemos liberarnos: la ambici\u00f3n desmedida, el \u201cno te metas\u201d, la injusticia, el ego\u00edsmo, la mentira, la corrupci\u00f3n\u2026<br \/>\nNing\u00fan pa\u00eds puede ir hacia adelante si no es por la fuerza del esp\u00edritu que lo alienta, si no es por la puesta en pr\u00e1ctica de los ideales que inspiraron a estos hombres de 1816, conservando la fe en el porvenir aun en tiempos dif\u00edciles.<br \/>\nA 196 a\u00f1os de la <strong><em>Declaraci\u00f3n<\/em><\/strong><strong><em> de la Independencia<\/em><\/strong>, \u00a0recordemos a quienes\u00a0 hicieron posible este hecho tan trascendente, y trabajemos para declararnos independientes de todo aquello que no nos hace crecer y desarrollarnos como personas de bien, para lograr as\u00ed un pa\u00eds solidario y justo; libre e independiente.-<br \/>\n\u00a0\u00a0\u00a0\u00a0\u00a0\u00a0\u00a0\u00a0\u00a0\u00a0\u00a0\u00a0\u00a0\u00a0\u00a0\u00a0\u00a0\u00a0\u00a0\u00a0\u00a0\u00a0\u00a0\u00a0\u00a0\u00a0\u00a0\u00a0\u00a0\u00a0\u00a0\u00a0\u00a0\u00a0\u00a0\u00a0\u00a0\u00a0\u00a0\u00a0\u00a0\u00a0\u00a0\u00a0\u00a0\u00a0\u00a0\u00a0\u00a0\u00a0\u00a0\u00a0\u00a0 \u00a0\u00a0\u00a0\u00a0\u00a0\u00a0\u00a0\u00a0\u00a0\u00a0\u00a0\u00a0Sergio Fabi\u00e1n Bordoni<br \/>\n\u00a0\u00a0\u00a0\u00a0\u00a0\u00a0\u00a0\u00a0\u00a0\u00a0\u00a0\u00a0\u00a0\u00a0\u00a0\u00a0\u00a0\u00a0\u00a0\u00a0\u00a0\u00a0\u00a0\u00a0\u00a0\u00a0\u00a0\u00a0\u00a0\u00a0\u00a0\u00a0\u00a0\u00a0\u00a0\u00a0\u00a0\u00a0\u00a0\u00a0\u00a0\u00a0\u00a0\u00a0\u00a0\u00a0\u00a0\u00a0\u00a0\u00a0\u00a0\u00a0\u00a0\u00a0\u00a0\u00a0\u00a0\u00a0\u00a0\u00a0\u00a0\u00a0\u00a0\u00a0\u00a0\u00a0\u00a0\u00a0 Presidente H.C.D.<br \/>\n9 DE JULIO &#8211; DECLARACI\u00d3N DE LA INDEPENDENCIA<br \/>\n\u00a0\u00a0 Recordamos hoy\u00a0 un acto de patriotismo y civismo por parte de aquellos h\u00e9roes que nos hicieron libres al proclamar nuestra independencia nacional. Eran hombres y mujeres que ten\u00edan la plena convicci\u00f3n de que una patria libre ser\u00eda la mejor forma de vida.<br \/>\n\u00a0\u00a0 Defendamos cada d\u00eda los ideales que lograron quienes tuvieron el valor de ofrecer hasta la vida para que vivamos con libertad, justicia y dignidad.<br \/>\nGustavo Trankels<br \/>\nIntendente Municipal<br \/>\nReflexionar sobre el pasado para mejorar el presente; entender qu\u00ea significa ser libres y reconocer a las personas,\u00a0 acontecimientos y procesos que ayudaron a declarar la independencia en Sudamerica, nos ayudara a generar una verdadera conciencia ciudadana.<br \/>\nSe necesita una reflexion de luz a la realidad del presente a partir de las huellas que dejaron los hombres y mujeres que lucharon para forjar las bases de la soberania nacional, la Patria es lo que se construye todos los dias a traves de nuestras acciones cotidianas y eso es lo que no debemos olvidar de transmitir a las generaciones venideras.<br \/>\nFeliz dia de la Independencia para todos los ciudadanos argentinos!!<br \/>\nMaria Esther Parmigiani, Presidente<br \/>\nMaria Graciela Bagu, Concejal<br \/>\nJulio Dario Cardozo,Concejal<br \/>\nSergioFabian Bordoni, Concejal<br \/>\nBloque Coalicion Civica,Tornquist<br \/>\n9 DE JULIO DIA DE LA INDEPENDENCIA<br \/>\nEn estos tiempos la palabra \u201cIndependencia\u201d se ve algo opacada, sabemos que la palabra libertad esta directamente relacionada con la independencia, en aquellos tiempos los espa\u00f1oles eran los encargados de manipular nuestras libertades, hoy en d\u00eda todo es muy distinto, pero hay ciertas similitudes que opacan nuestra independencia, somos un pa\u00eds independiente pero no del todo libre.\u00a0\u00a0\u00a0\u00a0\u00a0\u00a0\u00a0\u00a0\u00a0\u00a0\u00a0\u00a0\u00a0\u00a0\u00a0\u00a0\u00a0\u00a0\u00a0\u00a0\u00a0\u00a0\u00a0\u00a0\u00a0\u00a0\u00a0\u00a0\u00a0\u00a0\u00a0\u00a0\u00a0\u00a0\u00a0\u00a0\u00a0\u00a0\u00a0\u00a0\u00a0\u00a0<br \/>\n\u201cLa principal arma que tenemos para cuidar la independencia de nuestro pa\u00eds es la libertad, luchemos para no perderla\u201d<br \/>\nJUVENTUD RADICAL DEL DISTRITO DE TORNQUIST.<br \/>\nAnte un gobierno absolutamente incapaz, por razones ideol\u00f3gicas, por soberbia y por ineptitud, no nos queda a los argentinos otra alternativa que afrontar la realidad y reflexionar, deseando que este nuevo aniversario de la INDEPENDENCIA sea un d\u00eda propicio para la puesta en valor de la libertad en nuestro pa\u00eds, como puntal de la democracia de una patria soberana, honesta, justa, generosa y solidaria.<br \/>\nConcejales\u00a0 Manuel PICADO y Gustavo MORONCINI<br \/>\nCOMIT\u00c9 UCR DISTRITO TORNQUIST \u2013 SUBCOMIT\u00c9 UCR SALDUNGARAY<br \/>\nEn 1810, los criollos eligieron la libertad cortando los lazos que nos un\u00edan al Rey de Espa\u00f1a. Afianzar la libertad ganada, cost\u00f3 grandes sacrificios, fueron necesarios seis a\u00f1os para alcanzar la libertad definitiva.<br \/>\nTodos los congresales reunidos all\u00ed en Tucum\u00e1n, firmaron el Acta que nos hizo independientes de Espa\u00f1a y de cualquier otra dominaci\u00f3n extranjera.<br \/>\nCon orgullo y sentido hist\u00f3rico recordamos aquel 9 de Julio de 1816 como una gran fiesta para todos los Argentinos. Fiesta que nos permite reconocernos como integrantes de nuestra Naci\u00f3n participando activamente de esa gran responsabilidad que es el de ser INDEPENDIENTES.<br \/>\nDEBEMOS RECORDAR NUESTRA HISTORIA Y DEFENDER NUESTRA SOBERANIA, PARA QUE LA VISION DE ESOS HOMBRES REUNIDOS EN TUCUM\u00c0N SE MANTENGA POR SIEMPRE.<br \/>\n\u00a0\u00a0\u00a0\u00a0\u00a0 Juventud Peronista\u00a0\u00a0\u00a0\u00a0\u00a0\u00a0\u00a0\u00a0\u00a0\u00a0\u00a0\u00a0\u00a0\u00a0\u00a0\u00a0\u00a0\u00a0\u00a0\u00a0\u00a0\u00a0\u00a0\u00a0\u00a0\u00a0\u00a0\u00a0\u00a0\u00a0\u00a0\u00a0\u00a0\u00a0\u00a0\u00a0\u00a0\u00a0\u00a0\u00a0\u00a0\u00a0\u00a0\u00a0\u00a0\u00a0\u00a0\u00a0\u00a0\u00a0\u00a0\u00a0\u00a0 Partido Justicialista\u00a0\u00a0\u00a0\u00a0\u00a0\u00a0\u00a0\u00a0\u00a0\u00a0\u00a0\u00a0\u00a0\u00a0\u00a0\u00a0\u00a0\u00a0\u00a0\u00a0\u00a0\u00a0\u00a0\u00a0\u00a0\u00a0\u00a0\u00a0\u00a0\u00a0\u00a0\u00a0\u00a0\u00a0\u00a0\u00a0\u00a0\u00a0\u00a0\u00a0\u00a0\u00a0\u00a0\u00a0\u00a0\u00a0\u00a0\u00a0\u00a0\u00a0\u00a0\u00a0\u00a0\u00a0\u00a0\u00a0\u00a0\u00a0\u00a0\u00a0\u00a0\u00a0\u00a0\u00a0\u00a0\u00a0\u00a0\u00a0\u00a0\u00a0\u00a0\u00a0\u00a0\u00a0\u00a0\u00a0\u00a0\u00a0\u00a0\u00a0\u00a0\u00a0\u00a0\u00a0\u00a0\u00a0\u00a0\u00a0\u00a0\u00a0\u00a0\u00a0\u00a0\u00a0\u00a0\u00a0\u00a0\u00a0\u00a0\u00a0\u00a0\u00a0\u00a0\u00a0\u00a0\u00a0\u00a0\u00a0\u00a0\u00a0\u00a0\u00a0\u00a0<br \/>\n\u00a0\u00a0\u00a0\u00a0\u00a0<br \/>\n&#8220;Decir que los hombres y las mujeres son personas , y como personas son libres y no hacer nada\u00a0 para lograr concretamente que esta afirmaci\u00f3n sea objetiva, es una farsa&#8221;<br \/>\n\u00a0\u00a0\u00a0\u00a0\u00a0\u00a0\u00a0\u00a0\u00a0\u00a0\u00a0\u00a0\u00a0\u00a0\u00a0 Pablo Freire<br \/>\n\u00a0<br \/>\nHoy recordamos el acontecimiento mas relevante de la Historia Argentina, como lo es la Declaraci\u00f3n de la Independencia.<br \/>\nCon coraje y decisi\u00f3n aquellos pr\u00f3ceres de 1816 sortearon los obst\u00e1culos y allanaron los caminos para lograr tan noble empresa.<br \/>\nEn estos tiempos , en los que los conceptos de &#8220;libertad&#8221;, y de &#8220;independencia&#8221; se ven permanentemente avasallados, desde cada rinconcito de nuestra patria y desde cada lugar que ocupemos en la comunidad, debemos luchar con perseverancia para cambiar esa realidad, propendiendo y fomentando las actitudes justas, la igualdad de derechos y la valoraci\u00f3n del trabajo y la producci\u00f3n individual o colectiva, como \u00fanico medio para dignificarnos definitivamente como argentinos.<br \/>\n\u00a0<br \/>\n\u00a0<br \/>\nHoracio Buitrago<br \/>\nConcejal<br \/>\nUNION PRO<\/p>\n","protected":false},"excerpt":{"rendered":"<p>HONORABLE CONCEJO DELIBERANTE Tornquist, 7 de Julio de 2012 Los hombres que nos declararon independientes en la humilde cuna de Tucum\u00e1n tuvieron \u00a0un prop\u00f3sito claro que determin\u00f3 el nacimiento oficial de la Argentina. La\u00a0 Declaraci\u00f3n de la Independencia, adem\u00e1s de ser un hecho hist\u00f3rico y esencial de nuestro pa\u00eds, es un proceso permanente que necesita [&hellip;]<\/p>\n","protected":false},"author":1,"featured_media":0,"comment_status":"closed","ping_status":"open","sticky":false,"template":"","format":"standard","meta":{"footnotes":""},"categories":[51,52,53],"tags":[],"class_list":["post-7391","post","type-post","status-publish","format-standard","hentry","category-comunidad","category-destacadas","category-politica"],"yoast_head":"<!-- This site is optimized with the Yoast SEO plugin v19.7.1 - https:\/\/yoast.com\/wordpress\/plugins\/seo\/ -->\n<title>SALUTACIONES POR EL 9 DE JULIO DIA DE LA DECLARACION DE LA INDEPENDENCIA - CELTTV<\/title>\n<meta name=\"description\" content=\"Sitio web de noticias de la localidad de Tornquist, provincia de Buenos Aires, Rep\u00fablica Argentina. Contenido propio originado por periodistas de CELTTV, el canal de TV local de la Cooperativa El\u00e9ctrica de Tornquist. Turismo, Pol\u00edtica, Sociedad, Deporte, Cultura y todo el contenido de inter\u00e9s general que la gente del pueblo y la regi\u00f3n debe conocer.\" \/>\n<meta name=\"robots\" content=\"index, follow, max-snippet:-1, max-image-preview:large, max-video-preview:-1\" \/>\n<link rel=\"canonical\" href=\"https:\/\/www.celttv.com.ar\/index.php\/2012\/07\/09\/salutaciones-por-el-9-de-julio-dia-de-la-declaracion-de-la-independencia\/\" \/>\n<meta property=\"og:locale\" content=\"es_ES\" \/>\n<meta property=\"og:type\" content=\"article\" \/>\n<meta property=\"og:title\" content=\"SALUTACIONES POR EL 9 DE JULIO DIA DE LA DECLARACION DE LA INDEPENDENCIA - CELTTV\" \/>\n<meta property=\"og:description\" content=\"Sitio web de noticias de la localidad de Tornquist, provincia de Buenos Aires, Rep\u00fablica Argentina. Contenido propio originado por periodistas de CELTTV, el canal de TV local de la Cooperativa El\u00e9ctrica de Tornquist. Turismo, Pol\u00edtica, Sociedad, Deporte, Cultura y todo el contenido de inter\u00e9s general que la gente del pueblo y la regi\u00f3n debe conocer.\" \/>\n<meta property=\"og:url\" content=\"https:\/\/www.celttv.com.ar\/index.php\/2012\/07\/09\/salutaciones-por-el-9-de-julio-dia-de-la-declaracion-de-la-independencia\/\" \/>\n<meta property=\"og:site_name\" content=\"CELTTV\" \/>\n<meta property=\"article:publisher\" content=\"https:\/\/www.facebook.com\/celtTV\/\" \/>\n<meta property=\"article:published_time\" content=\"2012-07-09T14:28:56+00:00\" \/>\n<meta property=\"og:image\" content=\"http:\/\/www.tvcnoticias.com.ar\/wp-content\/uploads\/2012\/07\/DIA-DE-LA-INDEPENDENCIA-Medium.jpg\" \/>\n<meta name=\"author\" content=\"ulises\" \/>\n<meta name=\"twitter:card\" content=\"summary_large_image\" \/>\n<meta name=\"twitter:label1\" content=\"Escrito por\" \/>\n\t<meta name=\"twitter:data1\" content=\"ulises\" \/>\n\t<meta name=\"twitter:label2\" content=\"Tiempo de lectura\" \/>\n\t<meta name=\"twitter:data2\" content=\"4 minutos\" \/>\n<script type=\"application\/ld+json\" class=\"yoast-schema-graph\">{\"@context\":\"https:\/\/schema.org\",\"@graph\":[{\"@type\":\"NewsArticle\",\"@id\":\"https:\/\/www.celttv.com.ar\/index.php\/2012\/07\/09\/salutaciones-por-el-9-de-julio-dia-de-la-declaracion-de-la-independencia\/#article\",\"isPartOf\":{\"@id\":\"https:\/\/www.celttv.com.ar\/index.php\/2012\/07\/09\/salutaciones-por-el-9-de-julio-dia-de-la-declaracion-de-la-independencia\/\"},\"author\":{\"name\":\"ulises\",\"@id\":\"https:\/\/www.celttv.com.ar\/#\/schema\/person\/6d99c072dba59953809c81446e9d0ace\"},\"headline\":\"SALUTACIONES POR EL 9 DE JULIO DIA DE LA DECLARACION DE LA INDEPENDENCIA\",\"datePublished\":\"2012-07-09T14:28:56+00:00\",\"dateModified\":\"2012-07-09T14:28:56+00:00\",\"mainEntityOfPage\":{\"@id\":\"https:\/\/www.celttv.com.ar\/index.php\/2012\/07\/09\/salutaciones-por-el-9-de-julio-dia-de-la-declaracion-de-la-independencia\/\"},\"wordCount\":895,\"publisher\":{\"@id\":\"https:\/\/www.celttv.com.ar\/#organization\"},\"articleSection\":[\"Comunidad\",\"Destacadas\",\"Pol\u00edtica\"],\"inLanguage\":\"es\"},{\"@type\":\"WebPage\",\"@id\":\"https:\/\/www.celttv.com.ar\/index.php\/2012\/07\/09\/salutaciones-por-el-9-de-julio-dia-de-la-declaracion-de-la-independencia\/\",\"url\":\"https:\/\/www.celttv.com.ar\/index.php\/2012\/07\/09\/salutaciones-por-el-9-de-julio-dia-de-la-declaracion-de-la-independencia\/\",\"name\":\"SALUTACIONES POR EL 9 DE JULIO DIA DE LA DECLARACION DE LA INDEPENDENCIA - CELTTV\",\"isPartOf\":{\"@id\":\"https:\/\/www.celttv.com.ar\/#website\"},\"datePublished\":\"2012-07-09T14:28:56+00:00\",\"dateModified\":\"2012-07-09T14:28:56+00:00\",\"description\":\"Sitio web de noticias de la localidad de Tornquist, provincia de Buenos Aires, Rep\u00fablica Argentina. Contenido propio originado por periodistas de CELTTV, el canal de TV local de la Cooperativa El\u00e9ctrica de Tornquist. Turismo, Pol\u00edtica, Sociedad, Deporte, Cultura y todo el contenido de inter\u00e9s general que la gente del pueblo y la regi\u00f3n debe conocer.\",\"breadcrumb\":{\"@id\":\"https:\/\/www.celttv.com.ar\/index.php\/2012\/07\/09\/salutaciones-por-el-9-de-julio-dia-de-la-declaracion-de-la-independencia\/#breadcrumb\"},\"inLanguage\":\"es\",\"potentialAction\":[{\"@type\":\"ReadAction\",\"target\":[\"https:\/\/www.celttv.com.ar\/index.php\/2012\/07\/09\/salutaciones-por-el-9-de-julio-dia-de-la-declaracion-de-la-independencia\/\"]}]},{\"@type\":\"BreadcrumbList\",\"@id\":\"https:\/\/www.celttv.com.ar\/index.php\/2012\/07\/09\/salutaciones-por-el-9-de-julio-dia-de-la-declaracion-de-la-independencia\/#breadcrumb\",\"itemListElement\":[{\"@type\":\"ListItem\",\"position\":1,\"name\":\"Inicio\",\"item\":\"https:\/\/www.celttv.com.ar\/\"},{\"@type\":\"ListItem\",\"position\":2,\"name\":\"SALUTACIONES POR EL 9 DE JULIO DIA DE LA DECLARACION DE LA INDEPENDENCIA\"}]},{\"@type\":\"WebSite\",\"@id\":\"https:\/\/www.celttv.com.ar\/#website\",\"url\":\"https:\/\/www.celttv.com.ar\/\",\"name\":\"CELTTV\",\"description\":\"Cooperativa El\u00e9ctrica de Tornquist\",\"publisher\":{\"@id\":\"https:\/\/www.celttv.com.ar\/#organization\"},\"potentialAction\":[{\"@type\":\"SearchAction\",\"target\":{\"@type\":\"EntryPoint\",\"urlTemplate\":\"https:\/\/www.celttv.com.ar\/?s={search_term_string}\"},\"query-input\":\"required name=search_term_string\"}],\"inLanguage\":\"es\"},{\"@type\":\"Organization\",\"@id\":\"https:\/\/www.celttv.com.ar\/#organization\",\"name\":\"CELTTV\",\"url\":\"https:\/\/www.celttv.com.ar\/\",\"sameAs\":[\"https:\/\/www.youtube.com\/channel\/UCz_oIt8Hig64Ub-EmcNPIhg\",\"https:\/\/www.facebook.com\/celtTV\/\"],\"logo\":{\"@type\":\"ImageObject\",\"inLanguage\":\"es\",\"@id\":\"https:\/\/www.celttv.com.ar\/#\/schema\/logo\/image\/\",\"url\":\"http:\/\/www.celttv.com.ar\/wp-content\/uploads\/2022\/08\/logo-1.png\",\"contentUrl\":\"http:\/\/www.celttv.com.ar\/wp-content\/uploads\/2022\/08\/logo-1.png\",\"width\":461,\"height\":159,\"caption\":\"CELTTV\"},\"image\":{\"@id\":\"https:\/\/www.celttv.com.ar\/#\/schema\/logo\/image\/\"}},{\"@type\":\"Person\",\"@id\":\"https:\/\/www.celttv.com.ar\/#\/schema\/person\/6d99c072dba59953809c81446e9d0ace\",\"name\":\"ulises\",\"image\":{\"@type\":\"ImageObject\",\"inLanguage\":\"es\",\"@id\":\"https:\/\/www.celttv.com.ar\/#\/schema\/person\/image\/\",\"url\":\"https:\/\/secure.gravatar.com\/avatar\/7f2c48bdc33b30088f941fb6082e555f2874c98e20cb159d7b92b50eadfce793?s=96&d=mm&r=g\",\"contentUrl\":\"https:\/\/secure.gravatar.com\/avatar\/7f2c48bdc33b30088f941fb6082e555f2874c98e20cb159d7b92b50eadfce793?s=96&d=mm&r=g\",\"caption\":\"ulises\"},\"sameAs\":[\"http:\/\/www.celttv.com.ar\"]}]}<\/script>\n<!-- \/ Yoast SEO plugin. -->","yoast_head_json":{"title":"SALUTACIONES POR EL 9 DE JULIO DIA DE LA DECLARACION DE LA INDEPENDENCIA - CELTTV","description":"Sitio web de noticias de la localidad de Tornquist, provincia de Buenos Aires, Rep\u00fablica Argentina. Contenido propio originado por periodistas de CELTTV, el canal de TV local de la Cooperativa El\u00e9ctrica de Tornquist. Turismo, Pol\u00edtica, Sociedad, Deporte, Cultura y todo el contenido de inter\u00e9s general que la gente del pueblo y la regi\u00f3n debe conocer.","robots":{"index":"index","follow":"follow","max-snippet":"max-snippet:-1","max-image-preview":"max-image-preview:large","max-video-preview":"max-video-preview:-1"},"canonical":"https:\/\/www.celttv.com.ar\/index.php\/2012\/07\/09\/salutaciones-por-el-9-de-julio-dia-de-la-declaracion-de-la-independencia\/","og_locale":"es_ES","og_type":"article","og_title":"SALUTACIONES POR EL 9 DE JULIO DIA DE LA DECLARACION DE LA INDEPENDENCIA - CELTTV","og_description":"Sitio web de noticias de la localidad de Tornquist, provincia de Buenos Aires, Rep\u00fablica Argentina. Contenido propio originado por periodistas de CELTTV, el canal de TV local de la Cooperativa El\u00e9ctrica de Tornquist. Turismo, Pol\u00edtica, Sociedad, Deporte, Cultura y todo el contenido de inter\u00e9s general que la gente del pueblo y la regi\u00f3n debe conocer.","og_url":"https:\/\/www.celttv.com.ar\/index.php\/2012\/07\/09\/salutaciones-por-el-9-de-julio-dia-de-la-declaracion-de-la-independencia\/","og_site_name":"CELTTV","article_publisher":"https:\/\/www.facebook.com\/celtTV\/","article_published_time":"2012-07-09T14:28:56+00:00","og_image":[{"url":"http:\/\/www.tvcnoticias.com.ar\/wp-content\/uploads\/2012\/07\/DIA-DE-LA-INDEPENDENCIA-Medium.jpg"}],"author":"ulises","twitter_card":"summary_large_image","twitter_misc":{"Escrito por":"ulises","Tiempo de lectura":"4 minutos"},"schema":{"@context":"https:\/\/schema.org","@graph":[{"@type":"NewsArticle","@id":"https:\/\/www.celttv.com.ar\/index.php\/2012\/07\/09\/salutaciones-por-el-9-de-julio-dia-de-la-declaracion-de-la-independencia\/#article","isPartOf":{"@id":"https:\/\/www.celttv.com.ar\/index.php\/2012\/07\/09\/salutaciones-por-el-9-de-julio-dia-de-la-declaracion-de-la-independencia\/"},"author":{"name":"ulises","@id":"https:\/\/www.celttv.com.ar\/#\/schema\/person\/6d99c072dba59953809c81446e9d0ace"},"headline":"SALUTACIONES POR EL 9 DE JULIO DIA DE LA DECLARACION DE LA INDEPENDENCIA","datePublished":"2012-07-09T14:28:56+00:00","dateModified":"2012-07-09T14:28:56+00:00","mainEntityOfPage":{"@id":"https:\/\/www.celttv.com.ar\/index.php\/2012\/07\/09\/salutaciones-por-el-9-de-julio-dia-de-la-declaracion-de-la-independencia\/"},"wordCount":895,"publisher":{"@id":"https:\/\/www.celttv.com.ar\/#organization"},"articleSection":["Comunidad","Destacadas","Pol\u00edtica"],"inLanguage":"es"},{"@type":"WebPage","@id":"https:\/\/www.celttv.com.ar\/index.php\/2012\/07\/09\/salutaciones-por-el-9-de-julio-dia-de-la-declaracion-de-la-independencia\/","url":"https:\/\/www.celttv.com.ar\/index.php\/2012\/07\/09\/salutaciones-por-el-9-de-julio-dia-de-la-declaracion-de-la-independencia\/","name":"SALUTACIONES POR EL 9 DE JULIO DIA DE LA DECLARACION DE LA INDEPENDENCIA - CELTTV","isPartOf":{"@id":"https:\/\/www.celttv.com.ar\/#website"},"datePublished":"2012-07-09T14:28:56+00:00","dateModified":"2012-07-09T14:28:56+00:00","description":"Sitio web de noticias de la localidad de Tornquist, provincia de Buenos Aires, Rep\u00fablica Argentina. Contenido propio originado por periodistas de CELTTV, el canal de TV local de la Cooperativa El\u00e9ctrica de Tornquist. Turismo, Pol\u00edtica, Sociedad, Deporte, Cultura y todo el contenido de inter\u00e9s general que la gente del pueblo y la regi\u00f3n debe conocer.","breadcrumb":{"@id":"https:\/\/www.celttv.com.ar\/index.php\/2012\/07\/09\/salutaciones-por-el-9-de-julio-dia-de-la-declaracion-de-la-independencia\/#breadcrumb"},"inLanguage":"es","potentialAction":[{"@type":"ReadAction","target":["https:\/\/www.celttv.com.ar\/index.php\/2012\/07\/09\/salutaciones-por-el-9-de-julio-dia-de-la-declaracion-de-la-independencia\/"]}]},{"@type":"BreadcrumbList","@id":"https:\/\/www.celttv.com.ar\/index.php\/2012\/07\/09\/salutaciones-por-el-9-de-julio-dia-de-la-declaracion-de-la-independencia\/#breadcrumb","itemListElement":[{"@type":"ListItem","position":1,"name":"Inicio","item":"https:\/\/www.celttv.com.ar\/"},{"@type":"ListItem","position":2,"name":"SALUTACIONES POR EL 9 DE JULIO DIA DE LA DECLARACION DE LA INDEPENDENCIA"}]},{"@type":"WebSite","@id":"https:\/\/www.celttv.com.ar\/#website","url":"https:\/\/www.celttv.com.ar\/","name":"CELTTV","description":"Cooperativa El\u00e9ctrica de Tornquist","publisher":{"@id":"https:\/\/www.celttv.com.ar\/#organization"},"potentialAction":[{"@type":"SearchAction","target":{"@type":"EntryPoint","urlTemplate":"https:\/\/www.celttv.com.ar\/?s={search_term_string}"},"query-input":"required name=search_term_string"}],"inLanguage":"es"},{"@type":"Organization","@id":"https:\/\/www.celttv.com.ar\/#organization","name":"CELTTV","url":"https:\/\/www.celttv.com.ar\/","sameAs":["https:\/\/www.youtube.com\/channel\/UCz_oIt8Hig64Ub-EmcNPIhg","https:\/\/www.facebook.com\/celtTV\/"],"logo":{"@type":"ImageObject","inLanguage":"es","@id":"https:\/\/www.celttv.com.ar\/#\/schema\/logo\/image\/","url":"http:\/\/www.celttv.com.ar\/wp-content\/uploads\/2022\/08\/logo-1.png","contentUrl":"http:\/\/www.celttv.com.ar\/wp-content\/uploads\/2022\/08\/logo-1.png","width":461,"height":159,"caption":"CELTTV"},"image":{"@id":"https:\/\/www.celttv.com.ar\/#\/schema\/logo\/image\/"}},{"@type":"Person","@id":"https:\/\/www.celttv.com.ar\/#\/schema\/person\/6d99c072dba59953809c81446e9d0ace","name":"ulises","image":{"@type":"ImageObject","inLanguage":"es","@id":"https:\/\/www.celttv.com.ar\/#\/schema\/person\/image\/","url":"https:\/\/secure.gravatar.com\/avatar\/7f2c48bdc33b30088f941fb6082e555f2874c98e20cb159d7b92b50eadfce793?s=96&d=mm&r=g","contentUrl":"https:\/\/secure.gravatar.com\/avatar\/7f2c48bdc33b30088f941fb6082e555f2874c98e20cb159d7b92b50eadfce793?s=96&d=mm&r=g","caption":"ulises"},"sameAs":["http:\/\/www.celttv.com.ar"]}]}},"_links":{"self":[{"href":"https:\/\/www.celttv.com.ar\/index.php\/wp-json\/wp\/v2\/posts\/7391","targetHints":{"allow":["GET"]}}],"collection":[{"href":"https:\/\/www.celttv.com.ar\/index.php\/wp-json\/wp\/v2\/posts"}],"about":[{"href":"https:\/\/www.celttv.com.ar\/index.php\/wp-json\/wp\/v2\/types\/post"}],"author":[{"embeddable":true,"href":"https:\/\/www.celttv.com.ar\/index.php\/wp-json\/wp\/v2\/users\/1"}],"replies":[{"embeddable":true,"href":"https:\/\/www.celttv.com.ar\/index.php\/wp-json\/wp\/v2\/comments?post=7391"}],"version-history":[{"count":0,"href":"https:\/\/www.celttv.com.ar\/index.php\/wp-json\/wp\/v2\/posts\/7391\/revisions"}],"wp:attachment":[{"href":"https:\/\/www.celttv.com.ar\/index.php\/wp-json\/wp\/v2\/media?parent=7391"}],"wp:term":[{"taxonomy":"category","embeddable":true,"href":"https:\/\/www.celttv.com.ar\/index.php\/wp-json\/wp\/v2\/categories?post=7391"},{"taxonomy":"post_tag","embeddable":true,"href":"https:\/\/www.celttv.com.ar\/index.php\/wp-json\/wp\/v2\/tags?post=7391"}],"curies":[{"name":"wp","href":"https:\/\/api.w.org\/{rel}","templated":true}]}}