{"id":73910,"date":"2023-02-27T13:38:06","date_gmt":"2023-02-27T16:38:06","guid":{"rendered":"http:\/\/www.celttv.com.ar\/?p=73910"},"modified":"2023-02-27T13:38:22","modified_gmt":"2023-02-27T16:38:22","slug":"jornada-plenaria-de-la-subsecretaria-de-politicas-transversales-de-genero","status":"publish","type":"post","link":"https:\/\/www.celttv.com.ar\/index.php\/2023\/02\/27\/jornada-plenaria-de-la-subsecretaria-de-politicas-transversales-de-genero\/","title":{"rendered":"Jornada plenaria de la subsecretar\u00eda de Pol\u00edticas Transversales de G\u00e9nero"},"content":{"rendered":"<p align=\"JUSTIFY\">La Ministra, Estela Diaz, comparti\u00f3 una jornada de trabajo con el equipo de la Subsecretar\u00eda de Pol\u00edticas Transversales de G\u00e9nero que dirige, Lidia Fernandez.<\/p>\n<p align=\"JUSTIFY\">La Ministra destac\u00f3 \u201cnuestro ministerio tiene una reconocida presencia constante en el territorio, que da respuestas, que lleva el abordaje integral de las pol\u00edticas que construimos. Adem\u00e1s tiene la responsabilidad de transversalizar la perspectiva de g\u00e9nero hacia el resto de los organismos del estado, como rector e interlocutor.\u201d y agreg\u00f3 \u201cuna gran parte de ese trabajo se hace con la presencia de las directoras regionales\u201d.<\/p>\n<p align=\"JUSTIFY\">A su vez Fernandez, destac\u00f3: \u201c tenemos muchos programas que tienen un abordaje integral que nos hacen dialogar directamente con la comunidad\u201d<\/p>\n<p align=\"JUSTIFY\">Se evaluaron los programas que viene desarrollando el Ministerio, como \u201cmunicipios por la igualdad\u201d, \u201cplazas por la igualdad\u201d, \u201cconsejos sociales\u201d, \u201ccopa igualdad\u201d y las l\u00edneas de trabajo planificadas para el 2023.<\/p>\n<p align=\"JUSTIFY\">Del encuentro particip\u00f3 la directora de nuestra regi\u00f3n, Silvia Zaballa y las directoras de las otras 7 regiones de la provincia de Buenos Aires.<\/p>\n<p align=\"JUSTIFY\"><img loading=\"lazy\" decoding=\"async\" class=\"alignnone size-medium wp-image-73911\" src=\"http:\/\/www.celttv.com.ar\/wp-content\/uploads\/2023\/02\/IMG_5922-300x201.jpeg\" alt=\"\" width=\"300\" height=\"201\" srcset=\"https:\/\/www.celttv.com.ar\/wp-content\/uploads\/2023\/02\/IMG_5922-300x201.jpeg 300w, https:\/\/www.celttv.com.ar\/wp-content\/uploads\/2023\/02\/IMG_5922-768x516.jpeg 768w, https:\/\/www.celttv.com.ar\/wp-content\/uploads\/2023\/02\/IMG_5922-750x504.jpeg 750w, https:\/\/www.celttv.com.ar\/wp-content\/uploads\/2023\/02\/IMG_5922.jpeg 828w\" sizes=\"auto, (max-width: 300px) 100vw, 300px\" \/><\/p>\n","protected":false},"excerpt":{"rendered":"<p>La Ministra, Estela Diaz, comparti\u00f3 una jornada de trabajo con el equipo de la Subsecretar\u00eda de Pol\u00edticas Transversales de G\u00e9nero que dirige, Lidia Fernandez. La Ministra destac\u00f3 \u201cnuestro ministerio tiene una reconocida presencia constante en el territorio, que da respuestas, que lleva el abordaje integral de las pol\u00edticas que construimos. Adem\u00e1s tiene la responsabilidad de [&hellip;]<\/p>\n","protected":false},"author":3,"featured_media":73911,"comment_status":"closed","ping_status":"closed","sticky":false,"template":"","format":"standard","meta":{"footnotes":""},"categories":[55],"tags":[],"class_list":["post-73910","post","type-post","status-publish","format-standard","has-post-thumbnail","hentry","category-celt-tv-noticias"],"yoast_head":"<!-- This site is optimized with the Yoast SEO plugin v19.7.1 - https:\/\/yoast.com\/wordpress\/plugins\/seo\/ -->\n<title>Jornada plenaria de la subsecretar\u00eda de Pol\u00edticas Transversales de G\u00e9nero - CELTTV<\/title>\n<meta name=\"description\" content=\"Sitio web de noticias de la localidad de Tornquist, provincia de Buenos Aires, Rep\u00fablica Argentina. Contenido propio originado por periodistas de CELTTV, el canal de TV local de la Cooperativa El\u00e9ctrica de Tornquist. Turismo, Pol\u00edtica, Sociedad, Deporte, Cultura y todo el contenido de inter\u00e9s general que la gente del pueblo y la regi\u00f3n debe conocer.\" \/>\n<meta name=\"robots\" content=\"index, follow, max-snippet:-1, max-image-preview:large, max-video-preview:-1\" \/>\n<link rel=\"canonical\" href=\"https:\/\/www.celttv.com.ar\/index.php\/2023\/02\/27\/jornada-plenaria-de-la-subsecretaria-de-politicas-transversales-de-genero\/\" \/>\n<meta property=\"og:locale\" content=\"es_ES\" \/>\n<meta property=\"og:type\" content=\"article\" \/>\n<meta property=\"og:title\" content=\"Jornada plenaria de la subsecretar\u00eda de Pol\u00edticas Transversales de G\u00e9nero - CELTTV\" \/>\n<meta property=\"og:description\" content=\"Sitio web de noticias de la localidad de Tornquist, provincia de Buenos Aires, Rep\u00fablica Argentina. Contenido propio originado por periodistas de CELTTV, el canal de TV local de la Cooperativa El\u00e9ctrica de Tornquist. Turismo, Pol\u00edtica, Sociedad, Deporte, Cultura y todo el contenido de inter\u00e9s general que la gente del pueblo y la regi\u00f3n debe conocer.\" \/>\n<meta property=\"og:url\" content=\"https:\/\/www.celttv.com.ar\/index.php\/2023\/02\/27\/jornada-plenaria-de-la-subsecretaria-de-politicas-transversales-de-genero\/\" \/>\n<meta property=\"og:site_name\" content=\"CELTTV\" \/>\n<meta property=\"article:publisher\" content=\"https:\/\/www.facebook.com\/celtTV\/\" \/>\n<meta property=\"article:published_time\" content=\"2023-02-27T16:38:06+00:00\" \/>\n<meta property=\"article:modified_time\" content=\"2023-02-27T16:38:22+00:00\" \/>\n<meta property=\"og:image\" content=\"https:\/\/www.celttv.com.ar\/wp-content\/uploads\/2023\/02\/IMG_5922.jpeg\" \/>\n\t<meta property=\"og:image:width\" content=\"828\" \/>\n\t<meta property=\"og:image:height\" content=\"556\" \/>\n\t<meta property=\"og:image:type\" content=\"image\/jpeg\" \/>\n<meta name=\"author\" content=\"Rodrigo Sgammini\" \/>\n<meta name=\"twitter:card\" content=\"summary_large_image\" \/>\n<meta name=\"twitter:label1\" content=\"Escrito por\" \/>\n\t<meta name=\"twitter:data1\" content=\"Rodrigo Sgammini\" \/>\n\t<meta name=\"twitter:label2\" content=\"Tiempo de lectura\" \/>\n\t<meta name=\"twitter:data2\" content=\"1 minuto\" \/>\n<script type=\"application\/ld+json\" class=\"yoast-schema-graph\">{\"@context\":\"https:\/\/schema.org\",\"@graph\":[{\"@type\":\"NewsArticle\",\"@id\":\"https:\/\/www.celttv.com.ar\/index.php\/2023\/02\/27\/jornada-plenaria-de-la-subsecretaria-de-politicas-transversales-de-genero\/#article\",\"isPartOf\":{\"@id\":\"https:\/\/www.celttv.com.ar\/index.php\/2023\/02\/27\/jornada-plenaria-de-la-subsecretaria-de-politicas-transversales-de-genero\/\"},\"author\":{\"name\":\"Rodrigo Sgammini\",\"@id\":\"https:\/\/www.celttv.com.ar\/#\/schema\/person\/495be51d064edd971d8457f8f64eb172\"},\"headline\":\"Jornada plenaria de la subsecretar\u00eda de Pol\u00edticas Transversales de G\u00e9nero\",\"datePublished\":\"2023-02-27T16:38:06+00:00\",\"dateModified\":\"2023-02-27T16:38:22+00:00\",\"mainEntityOfPage\":{\"@id\":\"https:\/\/www.celttv.com.ar\/index.php\/2023\/02\/27\/jornada-plenaria-de-la-subsecretaria-de-politicas-transversales-de-genero\/\"},\"wordCount\":184,\"publisher\":{\"@id\":\"https:\/\/www.celttv.com.ar\/#organization\"},\"articleSection\":[\"Celt TV Noticias\"],\"inLanguage\":\"es\"},{\"@type\":\"WebPage\",\"@id\":\"https:\/\/www.celttv.com.ar\/index.php\/2023\/02\/27\/jornada-plenaria-de-la-subsecretaria-de-politicas-transversales-de-genero\/\",\"url\":\"https:\/\/www.celttv.com.ar\/index.php\/2023\/02\/27\/jornada-plenaria-de-la-subsecretaria-de-politicas-transversales-de-genero\/\",\"name\":\"Jornada plenaria de la subsecretar\u00eda de Pol\u00edticas Transversales de G\u00e9nero - CELTTV\",\"isPartOf\":{\"@id\":\"https:\/\/www.celttv.com.ar\/#website\"},\"datePublished\":\"2023-02-27T16:38:06+00:00\",\"dateModified\":\"2023-02-27T16:38:22+00:00\",\"description\":\"Sitio web de noticias de la localidad de Tornquist, provincia de Buenos Aires, Rep\u00fablica Argentina. Contenido propio originado por periodistas de CELTTV, el canal de TV local de la Cooperativa El\u00e9ctrica de Tornquist. Turismo, Pol\u00edtica, Sociedad, Deporte, Cultura y todo el contenido de inter\u00e9s general que la gente del pueblo y la regi\u00f3n debe conocer.\",\"breadcrumb\":{\"@id\":\"https:\/\/www.celttv.com.ar\/index.php\/2023\/02\/27\/jornada-plenaria-de-la-subsecretaria-de-politicas-transversales-de-genero\/#breadcrumb\"},\"inLanguage\":\"es\",\"potentialAction\":[{\"@type\":\"ReadAction\",\"target\":[\"https:\/\/www.celttv.com.ar\/index.php\/2023\/02\/27\/jornada-plenaria-de-la-subsecretaria-de-politicas-transversales-de-genero\/\"]}]},{\"@type\":\"BreadcrumbList\",\"@id\":\"https:\/\/www.celttv.com.ar\/index.php\/2023\/02\/27\/jornada-plenaria-de-la-subsecretaria-de-politicas-transversales-de-genero\/#breadcrumb\",\"itemListElement\":[{\"@type\":\"ListItem\",\"position\":1,\"name\":\"Inicio\",\"item\":\"https:\/\/www.celttv.com.ar\/\"},{\"@type\":\"ListItem\",\"position\":2,\"name\":\"Jornada plenaria de la subsecretar\u00eda de Pol\u00edticas Transversales de G\u00e9nero\"}]},{\"@type\":\"WebSite\",\"@id\":\"https:\/\/www.celttv.com.ar\/#website\",\"url\":\"https:\/\/www.celttv.com.ar\/\",\"name\":\"CELTTV\",\"description\":\"Cooperativa El\u00e9ctrica de Tornquist\",\"publisher\":{\"@id\":\"https:\/\/www.celttv.com.ar\/#organization\"},\"potentialAction\":[{\"@type\":\"SearchAction\",\"target\":{\"@type\":\"EntryPoint\",\"urlTemplate\":\"https:\/\/www.celttv.com.ar\/?s={search_term_string}\"},\"query-input\":\"required name=search_term_string\"}],\"inLanguage\":\"es\"},{\"@type\":\"Organization\",\"@id\":\"https:\/\/www.celttv.com.ar\/#organization\",\"name\":\"CELTTV\",\"url\":\"https:\/\/www.celttv.com.ar\/\",\"sameAs\":[\"https:\/\/www.youtube.com\/channel\/UCz_oIt8Hig64Ub-EmcNPIhg\",\"https:\/\/www.facebook.com\/celtTV\/\"],\"logo\":{\"@type\":\"ImageObject\",\"inLanguage\":\"es\",\"@id\":\"https:\/\/www.celttv.com.ar\/#\/schema\/logo\/image\/\",\"url\":\"http:\/\/www.celttv.com.ar\/wp-content\/uploads\/2022\/08\/logo-1.png\",\"contentUrl\":\"http:\/\/www.celttv.com.ar\/wp-content\/uploads\/2022\/08\/logo-1.png\",\"width\":461,\"height\":159,\"caption\":\"CELTTV\"},\"image\":{\"@id\":\"https:\/\/www.celttv.com.ar\/#\/schema\/logo\/image\/\"}},{\"@type\":\"Person\",\"@id\":\"https:\/\/www.celttv.com.ar\/#\/schema\/person\/495be51d064edd971d8457f8f64eb172\",\"name\":\"Rodrigo Sgammini\",\"image\":{\"@type\":\"ImageObject\",\"inLanguage\":\"es\",\"@id\":\"https:\/\/www.celttv.com.ar\/#\/schema\/person\/image\/\",\"url\":\"https:\/\/secure.gravatar.com\/avatar\/68f7848d42735e7a9276b47cd6e606327d88f521c51ae39d88888b76902e2987?s=96&d=mm&r=g\",\"contentUrl\":\"https:\/\/secure.gravatar.com\/avatar\/68f7848d42735e7a9276b47cd6e606327d88f521c51ae39d88888b76902e2987?s=96&d=mm&r=g\",\"caption\":\"Rodrigo Sgammini\"}}]}<\/script>\n<!-- \/ Yoast SEO plugin. -->","yoast_head_json":{"title":"Jornada plenaria de la subsecretar\u00eda de Pol\u00edticas Transversales de G\u00e9nero - CELTTV","description":"Sitio web de noticias de la localidad de Tornquist, provincia de Buenos Aires, Rep\u00fablica Argentina. Contenido propio originado por periodistas de CELTTV, el canal de TV local de la Cooperativa El\u00e9ctrica de Tornquist. Turismo, Pol\u00edtica, Sociedad, Deporte, Cultura y todo el contenido de inter\u00e9s general que la gente del pueblo y la regi\u00f3n debe conocer.","robots":{"index":"index","follow":"follow","max-snippet":"max-snippet:-1","max-image-preview":"max-image-preview:large","max-video-preview":"max-video-preview:-1"},"canonical":"https:\/\/www.celttv.com.ar\/index.php\/2023\/02\/27\/jornada-plenaria-de-la-subsecretaria-de-politicas-transversales-de-genero\/","og_locale":"es_ES","og_type":"article","og_title":"Jornada plenaria de la subsecretar\u00eda de Pol\u00edticas Transversales de G\u00e9nero - CELTTV","og_description":"Sitio web de noticias de la localidad de Tornquist, provincia de Buenos Aires, Rep\u00fablica Argentina. Contenido propio originado por periodistas de CELTTV, el canal de TV local de la Cooperativa El\u00e9ctrica de Tornquist. Turismo, Pol\u00edtica, Sociedad, Deporte, Cultura y todo el contenido de inter\u00e9s general que la gente del pueblo y la regi\u00f3n debe conocer.","og_url":"https:\/\/www.celttv.com.ar\/index.php\/2023\/02\/27\/jornada-plenaria-de-la-subsecretaria-de-politicas-transversales-de-genero\/","og_site_name":"CELTTV","article_publisher":"https:\/\/www.facebook.com\/celtTV\/","article_published_time":"2023-02-27T16:38:06+00:00","article_modified_time":"2023-02-27T16:38:22+00:00","og_image":[{"width":828,"height":556,"url":"https:\/\/www.celttv.com.ar\/wp-content\/uploads\/2023\/02\/IMG_5922.jpeg","type":"image\/jpeg"}],"author":"Rodrigo Sgammini","twitter_card":"summary_large_image","twitter_misc":{"Escrito por":"Rodrigo Sgammini","Tiempo de lectura":"1 minuto"},"schema":{"@context":"https:\/\/schema.org","@graph":[{"@type":"NewsArticle","@id":"https:\/\/www.celttv.com.ar\/index.php\/2023\/02\/27\/jornada-plenaria-de-la-subsecretaria-de-politicas-transversales-de-genero\/#article","isPartOf":{"@id":"https:\/\/www.celttv.com.ar\/index.php\/2023\/02\/27\/jornada-plenaria-de-la-subsecretaria-de-politicas-transversales-de-genero\/"},"author":{"name":"Rodrigo Sgammini","@id":"https:\/\/www.celttv.com.ar\/#\/schema\/person\/495be51d064edd971d8457f8f64eb172"},"headline":"Jornada plenaria de la subsecretar\u00eda de Pol\u00edticas Transversales de G\u00e9nero","datePublished":"2023-02-27T16:38:06+00:00","dateModified":"2023-02-27T16:38:22+00:00","mainEntityOfPage":{"@id":"https:\/\/www.celttv.com.ar\/index.php\/2023\/02\/27\/jornada-plenaria-de-la-subsecretaria-de-politicas-transversales-de-genero\/"},"wordCount":184,"publisher":{"@id":"https:\/\/www.celttv.com.ar\/#organization"},"articleSection":["Celt TV Noticias"],"inLanguage":"es"},{"@type":"WebPage","@id":"https:\/\/www.celttv.com.ar\/index.php\/2023\/02\/27\/jornada-plenaria-de-la-subsecretaria-de-politicas-transversales-de-genero\/","url":"https:\/\/www.celttv.com.ar\/index.php\/2023\/02\/27\/jornada-plenaria-de-la-subsecretaria-de-politicas-transversales-de-genero\/","name":"Jornada plenaria de la subsecretar\u00eda de Pol\u00edticas Transversales de G\u00e9nero - CELTTV","isPartOf":{"@id":"https:\/\/www.celttv.com.ar\/#website"},"datePublished":"2023-02-27T16:38:06+00:00","dateModified":"2023-02-27T16:38:22+00:00","description":"Sitio web de noticias de la localidad de Tornquist, provincia de Buenos Aires, Rep\u00fablica Argentina. Contenido propio originado por periodistas de CELTTV, el canal de TV local de la Cooperativa El\u00e9ctrica de Tornquist. Turismo, Pol\u00edtica, Sociedad, Deporte, Cultura y todo el contenido de inter\u00e9s general que la gente del pueblo y la regi\u00f3n debe conocer.","breadcrumb":{"@id":"https:\/\/www.celttv.com.ar\/index.php\/2023\/02\/27\/jornada-plenaria-de-la-subsecretaria-de-politicas-transversales-de-genero\/#breadcrumb"},"inLanguage":"es","potentialAction":[{"@type":"ReadAction","target":["https:\/\/www.celttv.com.ar\/index.php\/2023\/02\/27\/jornada-plenaria-de-la-subsecretaria-de-politicas-transversales-de-genero\/"]}]},{"@type":"BreadcrumbList","@id":"https:\/\/www.celttv.com.ar\/index.php\/2023\/02\/27\/jornada-plenaria-de-la-subsecretaria-de-politicas-transversales-de-genero\/#breadcrumb","itemListElement":[{"@type":"ListItem","position":1,"name":"Inicio","item":"https:\/\/www.celttv.com.ar\/"},{"@type":"ListItem","position":2,"name":"Jornada plenaria de la subsecretar\u00eda de Pol\u00edticas Transversales de G\u00e9nero"}]},{"@type":"WebSite","@id":"https:\/\/www.celttv.com.ar\/#website","url":"https:\/\/www.celttv.com.ar\/","name":"CELTTV","description":"Cooperativa El\u00e9ctrica de Tornquist","publisher":{"@id":"https:\/\/www.celttv.com.ar\/#organization"},"potentialAction":[{"@type":"SearchAction","target":{"@type":"EntryPoint","urlTemplate":"https:\/\/www.celttv.com.ar\/?s={search_term_string}"},"query-input":"required name=search_term_string"}],"inLanguage":"es"},{"@type":"Organization","@id":"https:\/\/www.celttv.com.ar\/#organization","name":"CELTTV","url":"https:\/\/www.celttv.com.ar\/","sameAs":["https:\/\/www.youtube.com\/channel\/UCz_oIt8Hig64Ub-EmcNPIhg","https:\/\/www.facebook.com\/celtTV\/"],"logo":{"@type":"ImageObject","inLanguage":"es","@id":"https:\/\/www.celttv.com.ar\/#\/schema\/logo\/image\/","url":"http:\/\/www.celttv.com.ar\/wp-content\/uploads\/2022\/08\/logo-1.png","contentUrl":"http:\/\/www.celttv.com.ar\/wp-content\/uploads\/2022\/08\/logo-1.png","width":461,"height":159,"caption":"CELTTV"},"image":{"@id":"https:\/\/www.celttv.com.ar\/#\/schema\/logo\/image\/"}},{"@type":"Person","@id":"https:\/\/www.celttv.com.ar\/#\/schema\/person\/495be51d064edd971d8457f8f64eb172","name":"Rodrigo Sgammini","image":{"@type":"ImageObject","inLanguage":"es","@id":"https:\/\/www.celttv.com.ar\/#\/schema\/person\/image\/","url":"https:\/\/secure.gravatar.com\/avatar\/68f7848d42735e7a9276b47cd6e606327d88f521c51ae39d88888b76902e2987?s=96&d=mm&r=g","contentUrl":"https:\/\/secure.gravatar.com\/avatar\/68f7848d42735e7a9276b47cd6e606327d88f521c51ae39d88888b76902e2987?s=96&d=mm&r=g","caption":"Rodrigo Sgammini"}}]}},"_links":{"self":[{"href":"https:\/\/www.celttv.com.ar\/index.php\/wp-json\/wp\/v2\/posts\/73910","targetHints":{"allow":["GET"]}}],"collection":[{"href":"https:\/\/www.celttv.com.ar\/index.php\/wp-json\/wp\/v2\/posts"}],"about":[{"href":"https:\/\/www.celttv.com.ar\/index.php\/wp-json\/wp\/v2\/types\/post"}],"author":[{"embeddable":true,"href":"https:\/\/www.celttv.com.ar\/index.php\/wp-json\/wp\/v2\/users\/3"}],"replies":[{"embeddable":true,"href":"https:\/\/www.celttv.com.ar\/index.php\/wp-json\/wp\/v2\/comments?post=73910"}],"version-history":[{"count":2,"href":"https:\/\/www.celttv.com.ar\/index.php\/wp-json\/wp\/v2\/posts\/73910\/revisions"}],"predecessor-version":[{"id":73913,"href":"https:\/\/www.celttv.com.ar\/index.php\/wp-json\/wp\/v2\/posts\/73910\/revisions\/73913"}],"wp:featuredmedia":[{"embeddable":true,"href":"https:\/\/www.celttv.com.ar\/index.php\/wp-json\/wp\/v2\/media\/73911"}],"wp:attachment":[{"href":"https:\/\/www.celttv.com.ar\/index.php\/wp-json\/wp\/v2\/media?parent=73910"}],"wp:term":[{"taxonomy":"category","embeddable":true,"href":"https:\/\/www.celttv.com.ar\/index.php\/wp-json\/wp\/v2\/categories?post=73910"},{"taxonomy":"post_tag","embeddable":true,"href":"https:\/\/www.celttv.com.ar\/index.php\/wp-json\/wp\/v2\/tags?post=73910"}],"curies":[{"name":"wp","href":"https:\/\/api.w.org\/{rel}","templated":true}]}}