{"id":73936,"date":"2023-02-28T13:40:40","date_gmt":"2023-02-28T16:40:40","guid":{"rendered":"http:\/\/www.celttv.com.ar\/?p=73936"},"modified":"2023-02-28T20:45:11","modified_gmt":"2023-02-28T23:45:11","slug":"policiales-parte-de-prensa-por-hechos-ocurridos-en-el-distrito","status":"publish","type":"post","link":"https:\/\/www.celttv.com.ar\/index.php\/2023\/02\/28\/policiales-parte-de-prensa-por-hechos-ocurridos-en-el-distrito\/","title":{"rendered":"Policiales: Parte de prensa por hechos ocurridos en el distrito"},"content":{"rendered":"<p align=\"JUSTIFY\"><span style=\"font-family: Arial, serif;\">La Secretaria de Seguridad del Partido de Tornquist lleva a conocimiento que el d\u00eda S\u00e1bado 25, se recepciona denuncia de ciudadano VILLAR HECTOR FABIAN, quien manifestaba que le hab\u00edan sustra\u00eddo su motoveh\u00edculo MARCA IMSA, de color azul, el cual se encontraba estacionado en calle General Paz Nro. 50, por lo que se instruyen actuaciones por el delito de <\/span><span style=\"font-family: Arial, serif;\"><b>\u201c<\/b><\/span><span style=\"font-family: Arial, serif;\"><b>HURTO<\/b><\/span><span style=\"font-family: Arial, serif;\"><b>\u00a0CICLOMOTOR\u201d <\/b><\/span><span style=\"font-family: Arial, serif;\">con intervenci\u00f3n de la Ayudant\u00eda Fiscal Descentralizada del Partido de Tornquist, a cargo del Se\u00f1or Ayudante Fiscal, Dr. Pablo Fl\u00f3rez, del Departamento Judicial de Bah\u00eda Blanca, tomado conocimiento del hecho personal policial procede a realizar amplias tareas investigativas (toma de declaraci\u00f3n testimonial, extracciones f\u00edlmicas) logrando establecer la autor\u00eda del hecho por parte del ciudadano <\/span><span style=\"color: #1d2228;\"><span style=\"font-family: Arial, serif;\"><b>CESAR GASTON FUENTEALBA SEGUEL<\/b><\/span><\/span><span style=\"color: #1d2228;\"><span style=\"font-family: Arial, serif;\">, de 39 a\u00f1os, y posteriormente hallada sobre la v\u00eda publica precisamente en el domicilio de calle Ameghino N\u00ba 695 de esta ciudad, donde reside este \u00faltimo. <\/span><\/span><\/p>\n<p align=\"JUSTIFY\"><span style=\"color: #1d2228;\"><span style=\"font-family: Arial, serif;\">Asimismo, por intermedio de la Ayudant\u00eda Fiscal local se solicit\u00f3 la pertinente ORDEN DE ALLANAMIENTO para con el domicilio del imputado C\u00e9sar Gast\u00f3n Fuentealba Seguel, y realizada diligencia por personal esta dependencia, arrojando como resultado POSITIVO, encontrando prendas utilizada al momento de cometido el hecho.<\/span><\/span><\/p>\n<p align=\"JUSTIFY\"><strong><span style=\"font-family: Arial, serif;\">APREHENDIDO POR DESOBEDIENCIA Y RESISTENCIA A LA AUTORIDAD <\/span><\/strong><\/p>\n<p align=\"JUSTIFY\"><a name=\"Bookmark\"><\/a> <span style=\"font-family: Arial, serif;\">Mismo d\u00eda, personal policial en recorridas en la planta urbana, es alertado por transe\u00fante de conflicto familiar en calle 12 de Octubre N\u00b0 429, al llegar uniformados se constata una discusi\u00f3n, por ende, personal policial, mediante la persuasi\u00f3n verbal, intenta calmar al mentado RAFAEL SALAZAR, quien ofuscado por la situaci\u00f3n se torn\u00f3 cada vez m\u00e1s agresivo intentando golpear a los efectivos policiales. <\/span><\/p>\n<p align=\"JUSTIFY\"><span style=\"font-family: Arial, serif;\">Se procede a su reducci\u00f3n y\u00a0<\/span><span style=\"font-family: Arial, serif;\">aprehensi\u00f3n<\/span><span style=\"font-family: Arial, serif;\">\u00a0en el lugar. Se instruyen actuaciones con intervenci\u00f3n UFIJ 15 Juzgado de Garant\u00eda Nro. 1 y Juzgado de Paz Letrado Tornquist, por lo que se procede a la aprehensi\u00f3n del mismo, por infracci\u00f3n a los art\u00edculos de \u201cDESOBEDIENCIA Y RESISTENCIA A LA AUTORIDAD E INFRACCI\u00d3N A LA LEY 12.569\u201d. <\/span><\/p>\n<p align=\"JUSTIFY\"><span style=\"font-family: Arial, serif;\"><b>SECRETARIA DE SEGURIDAD \u2013 MUNICIPALIDAD DE TORNQUIST, 28\/02\/23<\/b><\/span><\/p>\n<p align=\"JUSTIFY\"><img loading=\"lazy\" decoding=\"async\" class=\"alignnone wp-image-73937 size-full\" src=\"http:\/\/www.celttv.com.ar\/wp-content\/uploads\/2023\/02\/Comisaria-Tornquist-750x375-1.jpeg\" alt=\"\" width=\"750\" height=\"375\" srcset=\"https:\/\/www.celttv.com.ar\/wp-content\/uploads\/2023\/02\/Comisaria-Tornquist-750x375-1.jpeg 750w, https:\/\/www.celttv.com.ar\/wp-content\/uploads\/2023\/02\/Comisaria-Tornquist-750x375-1-300x150.jpeg 300w, https:\/\/www.celttv.com.ar\/wp-content\/uploads\/2023\/02\/Comisaria-Tornquist-750x375-1-360x180.jpeg 360w\" sizes=\"auto, (max-width: 750px) 100vw, 750px\" \/><\/p>\n","protected":false},"excerpt":{"rendered":"<p>La Secretaria de Seguridad del Partido de Tornquist lleva a conocimiento que el d\u00eda S\u00e1bado 25, se recepciona denuncia de ciudadano VILLAR HECTOR FABIAN, quien manifestaba que le hab\u00edan sustra\u00eddo su motoveh\u00edculo MARCA IMSA, de color azul, el cual se encontraba estacionado en calle General Paz Nro. 50, por lo que se instruyen actuaciones por [&hellip;]<\/p>\n","protected":false},"author":3,"featured_media":73937,"comment_status":"closed","ping_status":"closed","sticky":false,"template":"","format":"standard","meta":{"footnotes":""},"categories":[61],"tags":[],"class_list":["post-73936","post","type-post","status-publish","format-standard","has-post-thumbnail","hentry","category-policiales"],"yoast_head":"<!-- This site is optimized with the Yoast SEO plugin v19.7.1 - https:\/\/yoast.com\/wordpress\/plugins\/seo\/ -->\n<title>Policiales: Parte de prensa por hechos ocurridos en el distrito - CELTTV<\/title>\n<meta name=\"description\" content=\"Sitio web de noticias de la localidad de Tornquist, provincia de Buenos Aires, Rep\u00fablica Argentina. Contenido propio originado por periodistas de CELTTV, el canal de TV local de la Cooperativa El\u00e9ctrica de Tornquist. Turismo, Pol\u00edtica, Sociedad, Deporte, Cultura y todo el contenido de inter\u00e9s general que la gente del pueblo y la regi\u00f3n debe conocer.\" \/>\n<meta name=\"robots\" content=\"index, follow, max-snippet:-1, max-image-preview:large, max-video-preview:-1\" \/>\n<link rel=\"canonical\" href=\"https:\/\/www.celttv.com.ar\/index.php\/2023\/02\/28\/policiales-parte-de-prensa-por-hechos-ocurridos-en-el-distrito\/\" \/>\n<meta property=\"og:locale\" content=\"es_ES\" \/>\n<meta property=\"og:type\" content=\"article\" \/>\n<meta property=\"og:title\" content=\"Policiales: Parte de prensa por hechos ocurridos en el distrito - CELTTV\" \/>\n<meta property=\"og:description\" content=\"Sitio web de noticias de la localidad de Tornquist, provincia de Buenos Aires, Rep\u00fablica Argentina. Contenido propio originado por periodistas de CELTTV, el canal de TV local de la Cooperativa El\u00e9ctrica de Tornquist. Turismo, Pol\u00edtica, Sociedad, Deporte, Cultura y todo el contenido de inter\u00e9s general que la gente del pueblo y la regi\u00f3n debe conocer.\" \/>\n<meta property=\"og:url\" content=\"https:\/\/www.celttv.com.ar\/index.php\/2023\/02\/28\/policiales-parte-de-prensa-por-hechos-ocurridos-en-el-distrito\/\" \/>\n<meta property=\"og:site_name\" content=\"CELTTV\" \/>\n<meta property=\"article:publisher\" content=\"https:\/\/www.facebook.com\/celtTV\/\" \/>\n<meta property=\"article:published_time\" content=\"2023-02-28T16:40:40+00:00\" \/>\n<meta property=\"article:modified_time\" content=\"2023-02-28T23:45:11+00:00\" \/>\n<meta property=\"og:image\" content=\"https:\/\/www.celttv.com.ar\/wp-content\/uploads\/2023\/02\/Comisaria-Tornquist-750x375-1.jpeg\" \/>\n\t<meta property=\"og:image:width\" content=\"750\" \/>\n\t<meta property=\"og:image:height\" content=\"375\" \/>\n\t<meta property=\"og:image:type\" content=\"image\/jpeg\" \/>\n<meta name=\"author\" content=\"Rodrigo Sgammini\" \/>\n<meta name=\"twitter:card\" content=\"summary_large_image\" \/>\n<meta name=\"twitter:label1\" content=\"Escrito por\" \/>\n\t<meta name=\"twitter:data1\" content=\"Rodrigo Sgammini\" \/>\n\t<meta name=\"twitter:label2\" content=\"Tiempo de lectura\" \/>\n\t<meta name=\"twitter:data2\" content=\"2 minutos\" \/>\n<script type=\"application\/ld+json\" class=\"yoast-schema-graph\">{\"@context\":\"https:\/\/schema.org\",\"@graph\":[{\"@type\":\"NewsArticle\",\"@id\":\"https:\/\/www.celttv.com.ar\/index.php\/2023\/02\/28\/policiales-parte-de-prensa-por-hechos-ocurridos-en-el-distrito\/#article\",\"isPartOf\":{\"@id\":\"https:\/\/www.celttv.com.ar\/index.php\/2023\/02\/28\/policiales-parte-de-prensa-por-hechos-ocurridos-en-el-distrito\/\"},\"author\":{\"name\":\"Rodrigo Sgammini\",\"@id\":\"https:\/\/www.celttv.com.ar\/#\/schema\/person\/495be51d064edd971d8457f8f64eb172\"},\"headline\":\"Policiales: Parte de prensa por hechos ocurridos en el distrito\",\"datePublished\":\"2023-02-28T16:40:40+00:00\",\"dateModified\":\"2023-02-28T23:45:11+00:00\",\"mainEntityOfPage\":{\"@id\":\"https:\/\/www.celttv.com.ar\/index.php\/2023\/02\/28\/policiales-parte-de-prensa-por-hechos-ocurridos-en-el-distrito\/\"},\"wordCount\":354,\"publisher\":{\"@id\":\"https:\/\/www.celttv.com.ar\/#organization\"},\"articleSection\":[\"Policiales\"],\"inLanguage\":\"es\"},{\"@type\":\"WebPage\",\"@id\":\"https:\/\/www.celttv.com.ar\/index.php\/2023\/02\/28\/policiales-parte-de-prensa-por-hechos-ocurridos-en-el-distrito\/\",\"url\":\"https:\/\/www.celttv.com.ar\/index.php\/2023\/02\/28\/policiales-parte-de-prensa-por-hechos-ocurridos-en-el-distrito\/\",\"name\":\"Policiales: Parte de prensa por hechos ocurridos en el distrito - CELTTV\",\"isPartOf\":{\"@id\":\"https:\/\/www.celttv.com.ar\/#website\"},\"datePublished\":\"2023-02-28T16:40:40+00:00\",\"dateModified\":\"2023-02-28T23:45:11+00:00\",\"description\":\"Sitio web de noticias de la localidad de Tornquist, provincia de Buenos Aires, Rep\u00fablica Argentina. Contenido propio originado por periodistas de CELTTV, el canal de TV local de la Cooperativa El\u00e9ctrica de Tornquist. Turismo, Pol\u00edtica, Sociedad, Deporte, Cultura y todo el contenido de inter\u00e9s general que la gente del pueblo y la regi\u00f3n debe conocer.\",\"breadcrumb\":{\"@id\":\"https:\/\/www.celttv.com.ar\/index.php\/2023\/02\/28\/policiales-parte-de-prensa-por-hechos-ocurridos-en-el-distrito\/#breadcrumb\"},\"inLanguage\":\"es\",\"potentialAction\":[{\"@type\":\"ReadAction\",\"target\":[\"https:\/\/www.celttv.com.ar\/index.php\/2023\/02\/28\/policiales-parte-de-prensa-por-hechos-ocurridos-en-el-distrito\/\"]}]},{\"@type\":\"BreadcrumbList\",\"@id\":\"https:\/\/www.celttv.com.ar\/index.php\/2023\/02\/28\/policiales-parte-de-prensa-por-hechos-ocurridos-en-el-distrito\/#breadcrumb\",\"itemListElement\":[{\"@type\":\"ListItem\",\"position\":1,\"name\":\"Inicio\",\"item\":\"https:\/\/www.celttv.com.ar\/\"},{\"@type\":\"ListItem\",\"position\":2,\"name\":\"Policiales: Parte de prensa por hechos ocurridos en el distrito\"}]},{\"@type\":\"WebSite\",\"@id\":\"https:\/\/www.celttv.com.ar\/#website\",\"url\":\"https:\/\/www.celttv.com.ar\/\",\"name\":\"CELTTV\",\"description\":\"Cooperativa El\u00e9ctrica de Tornquist\",\"publisher\":{\"@id\":\"https:\/\/www.celttv.com.ar\/#organization\"},\"potentialAction\":[{\"@type\":\"SearchAction\",\"target\":{\"@type\":\"EntryPoint\",\"urlTemplate\":\"https:\/\/www.celttv.com.ar\/?s={search_term_string}\"},\"query-input\":\"required name=search_term_string\"}],\"inLanguage\":\"es\"},{\"@type\":\"Organization\",\"@id\":\"https:\/\/www.celttv.com.ar\/#organization\",\"name\":\"CELTTV\",\"url\":\"https:\/\/www.celttv.com.ar\/\",\"sameAs\":[\"https:\/\/www.youtube.com\/channel\/UCz_oIt8Hig64Ub-EmcNPIhg\",\"https:\/\/www.facebook.com\/celtTV\/\"],\"logo\":{\"@type\":\"ImageObject\",\"inLanguage\":\"es\",\"@id\":\"https:\/\/www.celttv.com.ar\/#\/schema\/logo\/image\/\",\"url\":\"http:\/\/www.celttv.com.ar\/wp-content\/uploads\/2022\/08\/logo-1.png\",\"contentUrl\":\"http:\/\/www.celttv.com.ar\/wp-content\/uploads\/2022\/08\/logo-1.png\",\"width\":461,\"height\":159,\"caption\":\"CELTTV\"},\"image\":{\"@id\":\"https:\/\/www.celttv.com.ar\/#\/schema\/logo\/image\/\"}},{\"@type\":\"Person\",\"@id\":\"https:\/\/www.celttv.com.ar\/#\/schema\/person\/495be51d064edd971d8457f8f64eb172\",\"name\":\"Rodrigo Sgammini\",\"image\":{\"@type\":\"ImageObject\",\"inLanguage\":\"es\",\"@id\":\"https:\/\/www.celttv.com.ar\/#\/schema\/person\/image\/\",\"url\":\"https:\/\/secure.gravatar.com\/avatar\/68f7848d42735e7a9276b47cd6e606327d88f521c51ae39d88888b76902e2987?s=96&d=mm&r=g\",\"contentUrl\":\"https:\/\/secure.gravatar.com\/avatar\/68f7848d42735e7a9276b47cd6e606327d88f521c51ae39d88888b76902e2987?s=96&d=mm&r=g\",\"caption\":\"Rodrigo Sgammini\"}}]}<\/script>\n<!-- \/ Yoast SEO plugin. -->","yoast_head_json":{"title":"Policiales: Parte de prensa por hechos ocurridos en el distrito - CELTTV","description":"Sitio web de noticias de la localidad de Tornquist, provincia de Buenos Aires, Rep\u00fablica Argentina. Contenido propio originado por periodistas de CELTTV, el canal de TV local de la Cooperativa El\u00e9ctrica de Tornquist. Turismo, Pol\u00edtica, Sociedad, Deporte, Cultura y todo el contenido de inter\u00e9s general que la gente del pueblo y la regi\u00f3n debe conocer.","robots":{"index":"index","follow":"follow","max-snippet":"max-snippet:-1","max-image-preview":"max-image-preview:large","max-video-preview":"max-video-preview:-1"},"canonical":"https:\/\/www.celttv.com.ar\/index.php\/2023\/02\/28\/policiales-parte-de-prensa-por-hechos-ocurridos-en-el-distrito\/","og_locale":"es_ES","og_type":"article","og_title":"Policiales: Parte de prensa por hechos ocurridos en el distrito - CELTTV","og_description":"Sitio web de noticias de la localidad de Tornquist, provincia de Buenos Aires, Rep\u00fablica Argentina. Contenido propio originado por periodistas de CELTTV, el canal de TV local de la Cooperativa El\u00e9ctrica de Tornquist. Turismo, Pol\u00edtica, Sociedad, Deporte, Cultura y todo el contenido de inter\u00e9s general que la gente del pueblo y la regi\u00f3n debe conocer.","og_url":"https:\/\/www.celttv.com.ar\/index.php\/2023\/02\/28\/policiales-parte-de-prensa-por-hechos-ocurridos-en-el-distrito\/","og_site_name":"CELTTV","article_publisher":"https:\/\/www.facebook.com\/celtTV\/","article_published_time":"2023-02-28T16:40:40+00:00","article_modified_time":"2023-02-28T23:45:11+00:00","og_image":[{"width":750,"height":375,"url":"https:\/\/www.celttv.com.ar\/wp-content\/uploads\/2023\/02\/Comisaria-Tornquist-750x375-1.jpeg","type":"image\/jpeg"}],"author":"Rodrigo Sgammini","twitter_card":"summary_large_image","twitter_misc":{"Escrito por":"Rodrigo Sgammini","Tiempo de lectura":"2 minutos"},"schema":{"@context":"https:\/\/schema.org","@graph":[{"@type":"NewsArticle","@id":"https:\/\/www.celttv.com.ar\/index.php\/2023\/02\/28\/policiales-parte-de-prensa-por-hechos-ocurridos-en-el-distrito\/#article","isPartOf":{"@id":"https:\/\/www.celttv.com.ar\/index.php\/2023\/02\/28\/policiales-parte-de-prensa-por-hechos-ocurridos-en-el-distrito\/"},"author":{"name":"Rodrigo Sgammini","@id":"https:\/\/www.celttv.com.ar\/#\/schema\/person\/495be51d064edd971d8457f8f64eb172"},"headline":"Policiales: Parte de prensa por hechos ocurridos en el distrito","datePublished":"2023-02-28T16:40:40+00:00","dateModified":"2023-02-28T23:45:11+00:00","mainEntityOfPage":{"@id":"https:\/\/www.celttv.com.ar\/index.php\/2023\/02\/28\/policiales-parte-de-prensa-por-hechos-ocurridos-en-el-distrito\/"},"wordCount":354,"publisher":{"@id":"https:\/\/www.celttv.com.ar\/#organization"},"articleSection":["Policiales"],"inLanguage":"es"},{"@type":"WebPage","@id":"https:\/\/www.celttv.com.ar\/index.php\/2023\/02\/28\/policiales-parte-de-prensa-por-hechos-ocurridos-en-el-distrito\/","url":"https:\/\/www.celttv.com.ar\/index.php\/2023\/02\/28\/policiales-parte-de-prensa-por-hechos-ocurridos-en-el-distrito\/","name":"Policiales: Parte de prensa por hechos ocurridos en el distrito - CELTTV","isPartOf":{"@id":"https:\/\/www.celttv.com.ar\/#website"},"datePublished":"2023-02-28T16:40:40+00:00","dateModified":"2023-02-28T23:45:11+00:00","description":"Sitio web de noticias de la localidad de Tornquist, provincia de Buenos Aires, Rep\u00fablica Argentina. Contenido propio originado por periodistas de CELTTV, el canal de TV local de la Cooperativa El\u00e9ctrica de Tornquist. Turismo, Pol\u00edtica, Sociedad, Deporte, Cultura y todo el contenido de inter\u00e9s general que la gente del pueblo y la regi\u00f3n debe conocer.","breadcrumb":{"@id":"https:\/\/www.celttv.com.ar\/index.php\/2023\/02\/28\/policiales-parte-de-prensa-por-hechos-ocurridos-en-el-distrito\/#breadcrumb"},"inLanguage":"es","potentialAction":[{"@type":"ReadAction","target":["https:\/\/www.celttv.com.ar\/index.php\/2023\/02\/28\/policiales-parte-de-prensa-por-hechos-ocurridos-en-el-distrito\/"]}]},{"@type":"BreadcrumbList","@id":"https:\/\/www.celttv.com.ar\/index.php\/2023\/02\/28\/policiales-parte-de-prensa-por-hechos-ocurridos-en-el-distrito\/#breadcrumb","itemListElement":[{"@type":"ListItem","position":1,"name":"Inicio","item":"https:\/\/www.celttv.com.ar\/"},{"@type":"ListItem","position":2,"name":"Policiales: Parte de prensa por hechos ocurridos en el distrito"}]},{"@type":"WebSite","@id":"https:\/\/www.celttv.com.ar\/#website","url":"https:\/\/www.celttv.com.ar\/","name":"CELTTV","description":"Cooperativa El\u00e9ctrica de Tornquist","publisher":{"@id":"https:\/\/www.celttv.com.ar\/#organization"},"potentialAction":[{"@type":"SearchAction","target":{"@type":"EntryPoint","urlTemplate":"https:\/\/www.celttv.com.ar\/?s={search_term_string}"},"query-input":"required name=search_term_string"}],"inLanguage":"es"},{"@type":"Organization","@id":"https:\/\/www.celttv.com.ar\/#organization","name":"CELTTV","url":"https:\/\/www.celttv.com.ar\/","sameAs":["https:\/\/www.youtube.com\/channel\/UCz_oIt8Hig64Ub-EmcNPIhg","https:\/\/www.facebook.com\/celtTV\/"],"logo":{"@type":"ImageObject","inLanguage":"es","@id":"https:\/\/www.celttv.com.ar\/#\/schema\/logo\/image\/","url":"http:\/\/www.celttv.com.ar\/wp-content\/uploads\/2022\/08\/logo-1.png","contentUrl":"http:\/\/www.celttv.com.ar\/wp-content\/uploads\/2022\/08\/logo-1.png","width":461,"height":159,"caption":"CELTTV"},"image":{"@id":"https:\/\/www.celttv.com.ar\/#\/schema\/logo\/image\/"}},{"@type":"Person","@id":"https:\/\/www.celttv.com.ar\/#\/schema\/person\/495be51d064edd971d8457f8f64eb172","name":"Rodrigo Sgammini","image":{"@type":"ImageObject","inLanguage":"es","@id":"https:\/\/www.celttv.com.ar\/#\/schema\/person\/image\/","url":"https:\/\/secure.gravatar.com\/avatar\/68f7848d42735e7a9276b47cd6e606327d88f521c51ae39d88888b76902e2987?s=96&d=mm&r=g","contentUrl":"https:\/\/secure.gravatar.com\/avatar\/68f7848d42735e7a9276b47cd6e606327d88f521c51ae39d88888b76902e2987?s=96&d=mm&r=g","caption":"Rodrigo Sgammini"}}]}},"_links":{"self":[{"href":"https:\/\/www.celttv.com.ar\/index.php\/wp-json\/wp\/v2\/posts\/73936","targetHints":{"allow":["GET"]}}],"collection":[{"href":"https:\/\/www.celttv.com.ar\/index.php\/wp-json\/wp\/v2\/posts"}],"about":[{"href":"https:\/\/www.celttv.com.ar\/index.php\/wp-json\/wp\/v2\/types\/post"}],"author":[{"embeddable":true,"href":"https:\/\/www.celttv.com.ar\/index.php\/wp-json\/wp\/v2\/users\/3"}],"replies":[{"embeddable":true,"href":"https:\/\/www.celttv.com.ar\/index.php\/wp-json\/wp\/v2\/comments?post=73936"}],"version-history":[{"count":2,"href":"https:\/\/www.celttv.com.ar\/index.php\/wp-json\/wp\/v2\/posts\/73936\/revisions"}],"predecessor-version":[{"id":73958,"href":"https:\/\/www.celttv.com.ar\/index.php\/wp-json\/wp\/v2\/posts\/73936\/revisions\/73958"}],"wp:featuredmedia":[{"embeddable":true,"href":"https:\/\/www.celttv.com.ar\/index.php\/wp-json\/wp\/v2\/media\/73937"}],"wp:attachment":[{"href":"https:\/\/www.celttv.com.ar\/index.php\/wp-json\/wp\/v2\/media?parent=73936"}],"wp:term":[{"taxonomy":"category","embeddable":true,"href":"https:\/\/www.celttv.com.ar\/index.php\/wp-json\/wp\/v2\/categories?post=73936"},{"taxonomy":"post_tag","embeddable":true,"href":"https:\/\/www.celttv.com.ar\/index.php\/wp-json\/wp\/v2\/tags?post=73936"}],"curies":[{"name":"wp","href":"https:\/\/api.w.org\/{rel}","templated":true}]}}