{"id":73953,"date":"2023-02-28T19:51:22","date_gmt":"2023-02-28T22:51:22","guid":{"rendered":"http:\/\/www.celttv.com.ar\/?p=73953"},"modified":"2023-02-28T19:51:22","modified_gmt":"2023-02-28T22:51:22","slug":"el-fin-de-semana-se-realizara-la-14-edicion-de-musica-en-la-ventana","status":"publish","type":"post","link":"https:\/\/www.celttv.com.ar\/index.php\/2023\/02\/28\/el-fin-de-semana-se-realizara-la-14-edicion-de-musica-en-la-ventana\/","title":{"rendered":"El fin de semana se realizar\u00e1 la 14\u00b0 edici\u00f3n de M\u00fasica en la Ventana"},"content":{"rendered":"<p>Los d\u00edas s\u00e1bado 4 y domingo 5 de marzo de 2023 en Saldungaray y Sierra de la Ventana tendr\u00e1 lugar la 14\u00b0 Edici\u00f3n de M\u00fasica en la Ventana.<\/p>\n<p>Contar\u00e1 con la participaci\u00f3n de m\u00fasic?s de Bah\u00eda Blanca, C.A.B.A, Neuqu\u00e9n, Sierra de la Ventana y Tornquist, y comprender\u00e1 cursos, conciertos, y una mesa de apertura junto a m\u00fasic?s y profesor?s del festival, el d\u00eda s\u00e1bado 4 de marzo a las 10 horas en el Centro Cultural Sierra de la Ventana, que propone el debate en torno a la ense\u00f1anza, la producci\u00f3n musical y la perspectiva gremial en la regi\u00f3n.<\/p>\n<p>Agenda de conciertos<br \/>\nEntrada libre y gratuita.<\/p>\n<p>S\u00e1bado 4 de marzo<br \/>\nCentro Cultural de Sierra de la Ventana 21 horas.<\/p>\n<p>\u2022 D\u00fao Tango en Blanco y Negro-Maximiliano Molina- A. D\u00b4Alessandro .guitarras.<br \/>\n\u2022 Quinteto Provincial de Tango del Neuqu\u00e9n.Nicol\u00e1s Malbos (bandone\u00f3n y arreglos), Ezequiel Nicol\u00e1s (contrabajo), Victor Colonna (guitarra de jazz) y Enrique Nicol\u00e1s (piano, arreglos y direcci\u00f3n) y Gonzalo Basso (viol\u00edn).<br \/>\n\u2022 Cecilia Zabala-Voz y guitarra.<\/p>\n<p>&#8212;&#8212;&#8212;&#8212;&#8212;&#8212;&#8212;&#8212;&#8212;&#8212;&#8212;&#8212;&#8212;&#8212;&#8212;&#8212;<br \/>\nDomingo 5 de marzo<br \/>\nCentro de Interpretaci\u00f3n Francisco Salamone. 20 horas &#8211; Saldungaray.<\/p>\n<p>\u2022 Norberto Santos-Voz y guitarra.<br \/>\n\u2022 D\u00fao Senderos- Daniel Santini guitarra y voz. Maira Esquivel voz.<br \/>\n\u2022 Les Escoberes-Orquesta Municipal de guitarras -Bah\u00eda Blanca.<br \/>\n\u2022 Asato Pa\u00eds-Ayel\u00e9n Pais bandone\u00f3n- Cristi\u00e1n Asato piano.<\/p>\n<p>________________________________<\/p>\n<p>Agenda de cursos<\/p>\n<p>\u2022 \u201cDesarmando el arreglo\u201d-Cecilia Zabala-<br \/>\n\u2022 \u201cAcompa\u00f1ando la voz\u201d-Cecilia Zabala.<br \/>\n\u2022 \u201cLa mano de yeso\u201d-Guitarra-T\u00e9cnica de mano izquierda-A. D\u00b4Alessandro.<br \/>\n\u2022 \u201cPensar en colores \u201c-Guitarra-T\u00e9cnica de mano derecha-Alberto D\u00b4Alessandro.<br \/>\n\u2022 Taller ensamble instrumental-Orquesta Provincial de Tango del Neuqu\u00e9n.<\/p>\n<p>INSCRIPCIONES:\u00a0<a class=\"htmllink\" href=\"mailto:%C2%A0inscripcionmusicaenlaventana@gmail.com\" target=\"_blank\" rel=\"noopener\">\u00a0inscripcionmusicaenlaventana@gmail.com<\/a><\/p>\n<p>Direcci\u00f3n art\u00edstica: A. D\u00b4Alessandro<br \/>\nCoordinaci\u00f3n general: Maximiliano Molina<\/p>\n<p><img loading=\"lazy\" decoding=\"async\" class=\"alignnone wp-image-73954 size-full\" src=\"http:\/\/www.celttv.com.ar\/wp-content\/uploads\/2023\/02\/musica-en-la-ventana.jpg_899.jpg\" alt=\"\" width=\"899\" height=\"960\" srcset=\"https:\/\/www.celttv.com.ar\/wp-content\/uploads\/2023\/02\/musica-en-la-ventana.jpg_899.jpg 899w, https:\/\/www.celttv.com.ar\/wp-content\/uploads\/2023\/02\/musica-en-la-ventana.jpg_899-281x300.jpg 281w, https:\/\/www.celttv.com.ar\/wp-content\/uploads\/2023\/02\/musica-en-la-ventana.jpg_899-768x820.jpg 768w, https:\/\/www.celttv.com.ar\/wp-content\/uploads\/2023\/02\/musica-en-la-ventana.jpg_899-750x801.jpg 750w\" sizes=\"auto, (max-width: 899px) 100vw, 899px\" \/><\/p>\n","protected":false},"excerpt":{"rendered":"<p>Los d\u00edas s\u00e1bado 4 y domingo 5 de marzo de 2023 en Saldungaray y Sierra de la Ventana tendr\u00e1 lugar la 14\u00b0 Edici\u00f3n de M\u00fasica en la Ventana. Contar\u00e1 con la participaci\u00f3n de m\u00fasic?s de Bah\u00eda Blanca, C.A.B.A, Neuqu\u00e9n, Sierra de la Ventana y Tornquist, y comprender\u00e1 cursos, conciertos, y una mesa de apertura junto [&hellip;]<\/p>\n","protected":false},"author":3,"featured_media":73954,"comment_status":"closed","ping_status":"closed","sticky":false,"template":"","format":"standard","meta":{"footnotes":""},"categories":[56],"tags":[],"class_list":["post-73953","post","type-post","status-publish","format-standard","has-post-thumbnail","hentry","category-espectaculos"],"yoast_head":"<!-- This site is optimized with the Yoast SEO plugin v19.7.1 - https:\/\/yoast.com\/wordpress\/plugins\/seo\/ -->\n<title>El fin de semana se realizar\u00e1 la 14\u00b0 edici\u00f3n de M\u00fasica en la Ventana - CELTTV<\/title>\n<meta name=\"description\" content=\"Sitio web de noticias de la localidad de Tornquist, provincia de Buenos Aires, Rep\u00fablica Argentina. Contenido propio originado por periodistas de CELTTV, el canal de TV local de la Cooperativa El\u00e9ctrica de Tornquist. Turismo, Pol\u00edtica, Sociedad, Deporte, Cultura y todo el contenido de inter\u00e9s general que la gente del pueblo y la regi\u00f3n debe conocer.\" \/>\n<meta name=\"robots\" content=\"index, follow, max-snippet:-1, max-image-preview:large, max-video-preview:-1\" \/>\n<link rel=\"canonical\" href=\"https:\/\/www.celttv.com.ar\/index.php\/2023\/02\/28\/el-fin-de-semana-se-realizara-la-14-edicion-de-musica-en-la-ventana\/\" \/>\n<meta property=\"og:locale\" content=\"es_ES\" \/>\n<meta property=\"og:type\" content=\"article\" \/>\n<meta property=\"og:title\" content=\"El fin de semana se realizar\u00e1 la 14\u00b0 edici\u00f3n de M\u00fasica en la Ventana - CELTTV\" \/>\n<meta property=\"og:description\" content=\"Sitio web de noticias de la localidad de Tornquist, provincia de Buenos Aires, Rep\u00fablica Argentina. Contenido propio originado por periodistas de CELTTV, el canal de TV local de la Cooperativa El\u00e9ctrica de Tornquist. Turismo, Pol\u00edtica, Sociedad, Deporte, Cultura y todo el contenido de inter\u00e9s general que la gente del pueblo y la regi\u00f3n debe conocer.\" \/>\n<meta property=\"og:url\" content=\"https:\/\/www.celttv.com.ar\/index.php\/2023\/02\/28\/el-fin-de-semana-se-realizara-la-14-edicion-de-musica-en-la-ventana\/\" \/>\n<meta property=\"og:site_name\" content=\"CELTTV\" \/>\n<meta property=\"article:publisher\" content=\"https:\/\/www.facebook.com\/celtTV\/\" \/>\n<meta property=\"article:published_time\" content=\"2023-02-28T22:51:22+00:00\" \/>\n<meta property=\"og:image\" content=\"https:\/\/www.celttv.com.ar\/wp-content\/uploads\/2023\/02\/musica-en-la-ventana.jpg_899.jpg\" \/>\n\t<meta property=\"og:image:width\" content=\"899\" \/>\n\t<meta property=\"og:image:height\" content=\"960\" \/>\n\t<meta property=\"og:image:type\" content=\"image\/jpeg\" \/>\n<meta name=\"author\" content=\"Rodrigo Sgammini\" \/>\n<meta name=\"twitter:card\" content=\"summary_large_image\" \/>\n<meta name=\"twitter:label1\" content=\"Escrito por\" \/>\n\t<meta name=\"twitter:data1\" content=\"Rodrigo Sgammini\" \/>\n\t<meta name=\"twitter:label2\" content=\"Tiempo de lectura\" \/>\n\t<meta name=\"twitter:data2\" content=\"1 minuto\" \/>\n<script type=\"application\/ld+json\" class=\"yoast-schema-graph\">{\"@context\":\"https:\/\/schema.org\",\"@graph\":[{\"@type\":\"NewsArticle\",\"@id\":\"https:\/\/www.celttv.com.ar\/index.php\/2023\/02\/28\/el-fin-de-semana-se-realizara-la-14-edicion-de-musica-en-la-ventana\/#article\",\"isPartOf\":{\"@id\":\"https:\/\/www.celttv.com.ar\/index.php\/2023\/02\/28\/el-fin-de-semana-se-realizara-la-14-edicion-de-musica-en-la-ventana\/\"},\"author\":{\"name\":\"Rodrigo Sgammini\",\"@id\":\"https:\/\/www.celttv.com.ar\/#\/schema\/person\/495be51d064edd971d8457f8f64eb172\"},\"headline\":\"El fin de semana se realizar\u00e1 la 14\u00b0 edici\u00f3n de M\u00fasica en la Ventana\",\"datePublished\":\"2023-02-28T22:51:22+00:00\",\"dateModified\":\"2023-02-28T22:51:22+00:00\",\"mainEntityOfPage\":{\"@id\":\"https:\/\/www.celttv.com.ar\/index.php\/2023\/02\/28\/el-fin-de-semana-se-realizara-la-14-edicion-de-musica-en-la-ventana\/\"},\"wordCount\":306,\"publisher\":{\"@id\":\"https:\/\/www.celttv.com.ar\/#organization\"},\"articleSection\":[\"Espect\u00e1culos\"],\"inLanguage\":\"es\"},{\"@type\":\"WebPage\",\"@id\":\"https:\/\/www.celttv.com.ar\/index.php\/2023\/02\/28\/el-fin-de-semana-se-realizara-la-14-edicion-de-musica-en-la-ventana\/\",\"url\":\"https:\/\/www.celttv.com.ar\/index.php\/2023\/02\/28\/el-fin-de-semana-se-realizara-la-14-edicion-de-musica-en-la-ventana\/\",\"name\":\"El fin de semana se realizar\u00e1 la 14\u00b0 edici\u00f3n de M\u00fasica en la Ventana - CELTTV\",\"isPartOf\":{\"@id\":\"https:\/\/www.celttv.com.ar\/#website\"},\"datePublished\":\"2023-02-28T22:51:22+00:00\",\"dateModified\":\"2023-02-28T22:51:22+00:00\",\"description\":\"Sitio web de noticias de la localidad de Tornquist, provincia de Buenos Aires, Rep\u00fablica Argentina. Contenido propio originado por periodistas de CELTTV, el canal de TV local de la Cooperativa El\u00e9ctrica de Tornquist. Turismo, Pol\u00edtica, Sociedad, Deporte, Cultura y todo el contenido de inter\u00e9s general que la gente del pueblo y la regi\u00f3n debe conocer.\",\"breadcrumb\":{\"@id\":\"https:\/\/www.celttv.com.ar\/index.php\/2023\/02\/28\/el-fin-de-semana-se-realizara-la-14-edicion-de-musica-en-la-ventana\/#breadcrumb\"},\"inLanguage\":\"es\",\"potentialAction\":[{\"@type\":\"ReadAction\",\"target\":[\"https:\/\/www.celttv.com.ar\/index.php\/2023\/02\/28\/el-fin-de-semana-se-realizara-la-14-edicion-de-musica-en-la-ventana\/\"]}]},{\"@type\":\"BreadcrumbList\",\"@id\":\"https:\/\/www.celttv.com.ar\/index.php\/2023\/02\/28\/el-fin-de-semana-se-realizara-la-14-edicion-de-musica-en-la-ventana\/#breadcrumb\",\"itemListElement\":[{\"@type\":\"ListItem\",\"position\":1,\"name\":\"Inicio\",\"item\":\"https:\/\/www.celttv.com.ar\/\"},{\"@type\":\"ListItem\",\"position\":2,\"name\":\"El fin de semana se realizar\u00e1 la 14\u00b0 edici\u00f3n de M\u00fasica en la Ventana\"}]},{\"@type\":\"WebSite\",\"@id\":\"https:\/\/www.celttv.com.ar\/#website\",\"url\":\"https:\/\/www.celttv.com.ar\/\",\"name\":\"CELTTV\",\"description\":\"Cooperativa El\u00e9ctrica de Tornquist\",\"publisher\":{\"@id\":\"https:\/\/www.celttv.com.ar\/#organization\"},\"potentialAction\":[{\"@type\":\"SearchAction\",\"target\":{\"@type\":\"EntryPoint\",\"urlTemplate\":\"https:\/\/www.celttv.com.ar\/?s={search_term_string}\"},\"query-input\":\"required name=search_term_string\"}],\"inLanguage\":\"es\"},{\"@type\":\"Organization\",\"@id\":\"https:\/\/www.celttv.com.ar\/#organization\",\"name\":\"CELTTV\",\"url\":\"https:\/\/www.celttv.com.ar\/\",\"sameAs\":[\"https:\/\/www.youtube.com\/channel\/UCz_oIt8Hig64Ub-EmcNPIhg\",\"https:\/\/www.facebook.com\/celtTV\/\"],\"logo\":{\"@type\":\"ImageObject\",\"inLanguage\":\"es\",\"@id\":\"https:\/\/www.celttv.com.ar\/#\/schema\/logo\/image\/\",\"url\":\"http:\/\/www.celttv.com.ar\/wp-content\/uploads\/2022\/08\/logo-1.png\",\"contentUrl\":\"http:\/\/www.celttv.com.ar\/wp-content\/uploads\/2022\/08\/logo-1.png\",\"width\":461,\"height\":159,\"caption\":\"CELTTV\"},\"image\":{\"@id\":\"https:\/\/www.celttv.com.ar\/#\/schema\/logo\/image\/\"}},{\"@type\":\"Person\",\"@id\":\"https:\/\/www.celttv.com.ar\/#\/schema\/person\/495be51d064edd971d8457f8f64eb172\",\"name\":\"Rodrigo Sgammini\",\"image\":{\"@type\":\"ImageObject\",\"inLanguage\":\"es\",\"@id\":\"https:\/\/www.celttv.com.ar\/#\/schema\/person\/image\/\",\"url\":\"https:\/\/secure.gravatar.com\/avatar\/68f7848d42735e7a9276b47cd6e606327d88f521c51ae39d88888b76902e2987?s=96&d=mm&r=g\",\"contentUrl\":\"https:\/\/secure.gravatar.com\/avatar\/68f7848d42735e7a9276b47cd6e606327d88f521c51ae39d88888b76902e2987?s=96&d=mm&r=g\",\"caption\":\"Rodrigo Sgammini\"}}]}<\/script>\n<!-- \/ Yoast SEO plugin. -->","yoast_head_json":{"title":"El fin de semana se realizar\u00e1 la 14\u00b0 edici\u00f3n de M\u00fasica en la Ventana - CELTTV","description":"Sitio web de noticias de la localidad de Tornquist, provincia de Buenos Aires, Rep\u00fablica Argentina. Contenido propio originado por periodistas de CELTTV, el canal de TV local de la Cooperativa El\u00e9ctrica de Tornquist. Turismo, Pol\u00edtica, Sociedad, Deporte, Cultura y todo el contenido de inter\u00e9s general que la gente del pueblo y la regi\u00f3n debe conocer.","robots":{"index":"index","follow":"follow","max-snippet":"max-snippet:-1","max-image-preview":"max-image-preview:large","max-video-preview":"max-video-preview:-1"},"canonical":"https:\/\/www.celttv.com.ar\/index.php\/2023\/02\/28\/el-fin-de-semana-se-realizara-la-14-edicion-de-musica-en-la-ventana\/","og_locale":"es_ES","og_type":"article","og_title":"El fin de semana se realizar\u00e1 la 14\u00b0 edici\u00f3n de M\u00fasica en la Ventana - CELTTV","og_description":"Sitio web de noticias de la localidad de Tornquist, provincia de Buenos Aires, Rep\u00fablica Argentina. Contenido propio originado por periodistas de CELTTV, el canal de TV local de la Cooperativa El\u00e9ctrica de Tornquist. Turismo, Pol\u00edtica, Sociedad, Deporte, Cultura y todo el contenido de inter\u00e9s general que la gente del pueblo y la regi\u00f3n debe conocer.","og_url":"https:\/\/www.celttv.com.ar\/index.php\/2023\/02\/28\/el-fin-de-semana-se-realizara-la-14-edicion-de-musica-en-la-ventana\/","og_site_name":"CELTTV","article_publisher":"https:\/\/www.facebook.com\/celtTV\/","article_published_time":"2023-02-28T22:51:22+00:00","og_image":[{"width":899,"height":960,"url":"https:\/\/www.celttv.com.ar\/wp-content\/uploads\/2023\/02\/musica-en-la-ventana.jpg_899.jpg","type":"image\/jpeg"}],"author":"Rodrigo Sgammini","twitter_card":"summary_large_image","twitter_misc":{"Escrito por":"Rodrigo Sgammini","Tiempo de lectura":"1 minuto"},"schema":{"@context":"https:\/\/schema.org","@graph":[{"@type":"NewsArticle","@id":"https:\/\/www.celttv.com.ar\/index.php\/2023\/02\/28\/el-fin-de-semana-se-realizara-la-14-edicion-de-musica-en-la-ventana\/#article","isPartOf":{"@id":"https:\/\/www.celttv.com.ar\/index.php\/2023\/02\/28\/el-fin-de-semana-se-realizara-la-14-edicion-de-musica-en-la-ventana\/"},"author":{"name":"Rodrigo Sgammini","@id":"https:\/\/www.celttv.com.ar\/#\/schema\/person\/495be51d064edd971d8457f8f64eb172"},"headline":"El fin de semana se realizar\u00e1 la 14\u00b0 edici\u00f3n de M\u00fasica en la Ventana","datePublished":"2023-02-28T22:51:22+00:00","dateModified":"2023-02-28T22:51:22+00:00","mainEntityOfPage":{"@id":"https:\/\/www.celttv.com.ar\/index.php\/2023\/02\/28\/el-fin-de-semana-se-realizara-la-14-edicion-de-musica-en-la-ventana\/"},"wordCount":306,"publisher":{"@id":"https:\/\/www.celttv.com.ar\/#organization"},"articleSection":["Espect\u00e1culos"],"inLanguage":"es"},{"@type":"WebPage","@id":"https:\/\/www.celttv.com.ar\/index.php\/2023\/02\/28\/el-fin-de-semana-se-realizara-la-14-edicion-de-musica-en-la-ventana\/","url":"https:\/\/www.celttv.com.ar\/index.php\/2023\/02\/28\/el-fin-de-semana-se-realizara-la-14-edicion-de-musica-en-la-ventana\/","name":"El fin de semana se realizar\u00e1 la 14\u00b0 edici\u00f3n de M\u00fasica en la Ventana - CELTTV","isPartOf":{"@id":"https:\/\/www.celttv.com.ar\/#website"},"datePublished":"2023-02-28T22:51:22+00:00","dateModified":"2023-02-28T22:51:22+00:00","description":"Sitio web de noticias de la localidad de Tornquist, provincia de Buenos Aires, Rep\u00fablica Argentina. Contenido propio originado por periodistas de CELTTV, el canal de TV local de la Cooperativa El\u00e9ctrica de Tornquist. Turismo, Pol\u00edtica, Sociedad, Deporte, Cultura y todo el contenido de inter\u00e9s general que la gente del pueblo y la regi\u00f3n debe conocer.","breadcrumb":{"@id":"https:\/\/www.celttv.com.ar\/index.php\/2023\/02\/28\/el-fin-de-semana-se-realizara-la-14-edicion-de-musica-en-la-ventana\/#breadcrumb"},"inLanguage":"es","potentialAction":[{"@type":"ReadAction","target":["https:\/\/www.celttv.com.ar\/index.php\/2023\/02\/28\/el-fin-de-semana-se-realizara-la-14-edicion-de-musica-en-la-ventana\/"]}]},{"@type":"BreadcrumbList","@id":"https:\/\/www.celttv.com.ar\/index.php\/2023\/02\/28\/el-fin-de-semana-se-realizara-la-14-edicion-de-musica-en-la-ventana\/#breadcrumb","itemListElement":[{"@type":"ListItem","position":1,"name":"Inicio","item":"https:\/\/www.celttv.com.ar\/"},{"@type":"ListItem","position":2,"name":"El fin de semana se realizar\u00e1 la 14\u00b0 edici\u00f3n de M\u00fasica en la Ventana"}]},{"@type":"WebSite","@id":"https:\/\/www.celttv.com.ar\/#website","url":"https:\/\/www.celttv.com.ar\/","name":"CELTTV","description":"Cooperativa El\u00e9ctrica de Tornquist","publisher":{"@id":"https:\/\/www.celttv.com.ar\/#organization"},"potentialAction":[{"@type":"SearchAction","target":{"@type":"EntryPoint","urlTemplate":"https:\/\/www.celttv.com.ar\/?s={search_term_string}"},"query-input":"required name=search_term_string"}],"inLanguage":"es"},{"@type":"Organization","@id":"https:\/\/www.celttv.com.ar\/#organization","name":"CELTTV","url":"https:\/\/www.celttv.com.ar\/","sameAs":["https:\/\/www.youtube.com\/channel\/UCz_oIt8Hig64Ub-EmcNPIhg","https:\/\/www.facebook.com\/celtTV\/"],"logo":{"@type":"ImageObject","inLanguage":"es","@id":"https:\/\/www.celttv.com.ar\/#\/schema\/logo\/image\/","url":"http:\/\/www.celttv.com.ar\/wp-content\/uploads\/2022\/08\/logo-1.png","contentUrl":"http:\/\/www.celttv.com.ar\/wp-content\/uploads\/2022\/08\/logo-1.png","width":461,"height":159,"caption":"CELTTV"},"image":{"@id":"https:\/\/www.celttv.com.ar\/#\/schema\/logo\/image\/"}},{"@type":"Person","@id":"https:\/\/www.celttv.com.ar\/#\/schema\/person\/495be51d064edd971d8457f8f64eb172","name":"Rodrigo Sgammini","image":{"@type":"ImageObject","inLanguage":"es","@id":"https:\/\/www.celttv.com.ar\/#\/schema\/person\/image\/","url":"https:\/\/secure.gravatar.com\/avatar\/68f7848d42735e7a9276b47cd6e606327d88f521c51ae39d88888b76902e2987?s=96&d=mm&r=g","contentUrl":"https:\/\/secure.gravatar.com\/avatar\/68f7848d42735e7a9276b47cd6e606327d88f521c51ae39d88888b76902e2987?s=96&d=mm&r=g","caption":"Rodrigo Sgammini"}}]}},"_links":{"self":[{"href":"https:\/\/www.celttv.com.ar\/index.php\/wp-json\/wp\/v2\/posts\/73953","targetHints":{"allow":["GET"]}}],"collection":[{"href":"https:\/\/www.celttv.com.ar\/index.php\/wp-json\/wp\/v2\/posts"}],"about":[{"href":"https:\/\/www.celttv.com.ar\/index.php\/wp-json\/wp\/v2\/types\/post"}],"author":[{"embeddable":true,"href":"https:\/\/www.celttv.com.ar\/index.php\/wp-json\/wp\/v2\/users\/3"}],"replies":[{"embeddable":true,"href":"https:\/\/www.celttv.com.ar\/index.php\/wp-json\/wp\/v2\/comments?post=73953"}],"version-history":[{"count":1,"href":"https:\/\/www.celttv.com.ar\/index.php\/wp-json\/wp\/v2\/posts\/73953\/revisions"}],"predecessor-version":[{"id":73955,"href":"https:\/\/www.celttv.com.ar\/index.php\/wp-json\/wp\/v2\/posts\/73953\/revisions\/73955"}],"wp:featuredmedia":[{"embeddable":true,"href":"https:\/\/www.celttv.com.ar\/index.php\/wp-json\/wp\/v2\/media\/73954"}],"wp:attachment":[{"href":"https:\/\/www.celttv.com.ar\/index.php\/wp-json\/wp\/v2\/media?parent=73953"}],"wp:term":[{"taxonomy":"category","embeddable":true,"href":"https:\/\/www.celttv.com.ar\/index.php\/wp-json\/wp\/v2\/categories?post=73953"},{"taxonomy":"post_tag","embeddable":true,"href":"https:\/\/www.celttv.com.ar\/index.php\/wp-json\/wp\/v2\/tags?post=73953"}],"curies":[{"name":"wp","href":"https:\/\/api.w.org\/{rel}","templated":true}]}}