{"id":73981,"date":"2023-03-01T11:21:13","date_gmt":"2023-03-01T14:21:13","guid":{"rendered":"http:\/\/www.celttv.com.ar\/?p=73981"},"modified":"2023-03-01T11:21:13","modified_gmt":"2023-03-01T14:21:13","slug":"dictaran-el-curso-aprender-de-los-residuos-herramientas-para-abordar-la-problematica-socio-ambiental-en-las-aulas-para-docentes","status":"publish","type":"post","link":"https:\/\/www.celttv.com.ar\/index.php\/2023\/03\/01\/dictaran-el-curso-aprender-de-los-residuos-herramientas-para-abordar-la-problematica-socio-ambiental-en-las-aulas-para-docentes\/","title":{"rendered":"Dictar\u00e1n el curso \u201cAprender de los residuos: herramientas para abordar la problem\u00e1tica socio-ambiental en las aulas\u201d para docentes"},"content":{"rendered":"<p align=\"JUSTIFY\"><span style=\"font-family: Arial, serif;\">La Subsecretar\u00eda de Ambiente municipal invita a todos aquellos docentes interesados en capacitarse en la materia a sumarse al primer curso referido a la gesti\u00f3n integral e inclusiva de los residuos, dictado por el Ministerio de Educaci\u00f3n de la Naci\u00f3n, en el marco del programa Argentina Recicla. <\/span><\/p>\n<p align=\"JUSTIFY\"><span style=\"font-family: Arial, serif;\">La educaci\u00f3n ambiental es la base de la sensibilizaci\u00f3n de cada miembro de la sociedad, es la herramienta que nos permite comprender qu\u00e9 son los residuos y su historia, c\u00f3mo separarlos, d\u00f3nde se disponen, qui\u00e9nes los recuperan y qu\u00e9 beneficios genera la acci\u00f3n y el compromiso de gestionarla correctamente. En este sentido, la propuesta busca visibilizar, ense\u00f1ar y problematizar el camino que recorren los residuos en Argentina, sobre todo en los grandes centros urbanos<\/span><\/p>\n<p align=\"JUSTIFY\"><span style=\"font-family: Arial, serif;\">La propuesta se encuentra organizada en tres encuentros, que iniciar\u00e1n el pr\u00f3ximo 6 de marzo, y se dictar\u00e1n de forma virtual; y brindar\u00e1n un marco conceptual y te\u00f3rico con un desarrollo de contenidos y recursos pedag\u00f3gicos en torno a los diversos aspectos de la GIIRSU. <\/span><\/p>\n<p align=\"JUSTIFY\"><span style=\"font-family: Arial, serif;\">Los interesados en participar deber\u00e1n inscribirse en el siguiente link: <\/span><\/p>\n<p><span style=\"font-family: Arial, serif;\"><a href=\"https:\/\/aulastic.infd.edu.ar\/catalogo.cgi?embed=&amp;filter_categoria=6&amp;filter_costo=todos&amp;id_empresa=&amp;keywords=&amp;oferta_id=362&amp;page=1&amp;wAccion=oferta_view\">https:\/\/aulastic.infd.edu.ar\/catalogo.cgi?embed=&amp;filter_categoria=6&amp;filter_costo=todos&amp;id_empresa=&amp;keywords=&amp;oferta_id=362&amp;page=1&amp;wAccion=oferta_view<\/a> <\/span><\/p>\n<p><img loading=\"lazy\" decoding=\"async\" class=\"alignnone wp-image-73982 size-large\" src=\"http:\/\/www.celttv.com.ar\/wp-content\/uploads\/2023\/03\/capacitacionnacion-1024x1019.jpeg\" alt=\"\" width=\"1024\" height=\"1019\" srcset=\"https:\/\/www.celttv.com.ar\/wp-content\/uploads\/2023\/03\/capacitacionnacion-1024x1019.jpeg 1024w, https:\/\/www.celttv.com.ar\/wp-content\/uploads\/2023\/03\/capacitacionnacion-300x300.jpeg 300w, https:\/\/www.celttv.com.ar\/wp-content\/uploads\/2023\/03\/capacitacionnacion-150x150.jpeg 150w, https:\/\/www.celttv.com.ar\/wp-content\/uploads\/2023\/03\/capacitacionnacion-768x764.jpeg 768w, https:\/\/www.celttv.com.ar\/wp-content\/uploads\/2023\/03\/capacitacionnacion-75x75.jpeg 75w, https:\/\/www.celttv.com.ar\/wp-content\/uploads\/2023\/03\/capacitacionnacion-750x746.jpeg 750w, https:\/\/www.celttv.com.ar\/wp-content\/uploads\/2023\/03\/capacitacionnacion-1140x1134.jpeg 1140w, https:\/\/www.celttv.com.ar\/wp-content\/uploads\/2023\/03\/capacitacionnacion.jpeg 1242w\" sizes=\"auto, (max-width: 1024px) 100vw, 1024px\" \/><\/p>\n","protected":false},"excerpt":{"rendered":"<p>La Subsecretar\u00eda de Ambiente municipal invita a todos aquellos docentes interesados en capacitarse en la materia a sumarse al primer curso referido a la gesti\u00f3n integral e inclusiva de los residuos, dictado por el Ministerio de Educaci\u00f3n de la Naci\u00f3n, en el marco del programa Argentina Recicla. La educaci\u00f3n ambiental es la base de la [&hellip;]<\/p>\n","protected":false},"author":3,"featured_media":73982,"comment_status":"closed","ping_status":"closed","sticky":false,"template":"","format":"standard","meta":{"footnotes":""},"categories":[55],"tags":[],"class_list":["post-73981","post","type-post","status-publish","format-standard","has-post-thumbnail","hentry","category-celt-tv-noticias"],"yoast_head":"<!-- This site is optimized with the Yoast SEO plugin v19.7.1 - https:\/\/yoast.com\/wordpress\/plugins\/seo\/ -->\n<title>Dictar\u00e1n el curso \u201cAprender de los residuos: herramientas para abordar la problem\u00e1tica socio-ambiental en las aulas\u201d para docentes - CELTTV<\/title>\n<meta name=\"description\" content=\"Sitio web de noticias de la localidad de Tornquist, provincia de Buenos Aires, Rep\u00fablica Argentina. Contenido propio originado por periodistas de CELTTV, el canal de TV local de la Cooperativa El\u00e9ctrica de Tornquist. Turismo, Pol\u00edtica, Sociedad, Deporte, Cultura y todo el contenido de inter\u00e9s general que la gente del pueblo y la regi\u00f3n debe conocer.\" \/>\n<meta name=\"robots\" content=\"index, follow, max-snippet:-1, max-image-preview:large, max-video-preview:-1\" \/>\n<link rel=\"canonical\" href=\"https:\/\/www.celttv.com.ar\/index.php\/2023\/03\/01\/dictaran-el-curso-aprender-de-los-residuos-herramientas-para-abordar-la-problematica-socio-ambiental-en-las-aulas-para-docentes\/\" \/>\n<meta property=\"og:locale\" content=\"es_ES\" \/>\n<meta property=\"og:type\" content=\"article\" \/>\n<meta property=\"og:title\" content=\"Dictar\u00e1n el curso \u201cAprender de los residuos: herramientas para abordar la problem\u00e1tica socio-ambiental en las aulas\u201d para docentes - CELTTV\" \/>\n<meta property=\"og:description\" content=\"Sitio web de noticias de la localidad de Tornquist, provincia de Buenos Aires, Rep\u00fablica Argentina. Contenido propio originado por periodistas de CELTTV, el canal de TV local de la Cooperativa El\u00e9ctrica de Tornquist. Turismo, Pol\u00edtica, Sociedad, Deporte, Cultura y todo el contenido de inter\u00e9s general que la gente del pueblo y la regi\u00f3n debe conocer.\" \/>\n<meta property=\"og:url\" content=\"https:\/\/www.celttv.com.ar\/index.php\/2023\/03\/01\/dictaran-el-curso-aprender-de-los-residuos-herramientas-para-abordar-la-problematica-socio-ambiental-en-las-aulas-para-docentes\/\" \/>\n<meta property=\"og:site_name\" content=\"CELTTV\" \/>\n<meta property=\"article:publisher\" content=\"https:\/\/www.facebook.com\/celtTV\/\" \/>\n<meta property=\"article:published_time\" content=\"2023-03-01T14:21:13+00:00\" \/>\n<meta property=\"og:image\" content=\"https:\/\/www.celttv.com.ar\/wp-content\/uploads\/2023\/03\/capacitacionnacion.jpeg\" \/>\n\t<meta property=\"og:image:width\" content=\"1242\" \/>\n\t<meta property=\"og:image:height\" content=\"1236\" \/>\n\t<meta property=\"og:image:type\" content=\"image\/jpeg\" \/>\n<meta name=\"author\" content=\"Rodrigo Sgammini\" \/>\n<meta name=\"twitter:card\" content=\"summary_large_image\" \/>\n<meta name=\"twitter:label1\" content=\"Escrito por\" \/>\n\t<meta name=\"twitter:data1\" content=\"Rodrigo Sgammini\" \/>\n\t<meta name=\"twitter:label2\" content=\"Tiempo de lectura\" \/>\n\t<meta name=\"twitter:data2\" content=\"1 minuto\" \/>\n<script type=\"application\/ld+json\" class=\"yoast-schema-graph\">{\"@context\":\"https:\/\/schema.org\",\"@graph\":[{\"@type\":\"NewsArticle\",\"@id\":\"https:\/\/www.celttv.com.ar\/index.php\/2023\/03\/01\/dictaran-el-curso-aprender-de-los-residuos-herramientas-para-abordar-la-problematica-socio-ambiental-en-las-aulas-para-docentes\/#article\",\"isPartOf\":{\"@id\":\"https:\/\/www.celttv.com.ar\/index.php\/2023\/03\/01\/dictaran-el-curso-aprender-de-los-residuos-herramientas-para-abordar-la-problematica-socio-ambiental-en-las-aulas-para-docentes\/\"},\"author\":{\"name\":\"Rodrigo Sgammini\",\"@id\":\"https:\/\/www.celttv.com.ar\/#\/schema\/person\/495be51d064edd971d8457f8f64eb172\"},\"headline\":\"Dictar\u00e1n el curso \u201cAprender de los residuos: herramientas para abordar la problem\u00e1tica socio-ambiental en las aulas\u201d para docentes\",\"datePublished\":\"2023-03-01T14:21:13+00:00\",\"dateModified\":\"2023-03-01T14:21:13+00:00\",\"mainEntityOfPage\":{\"@id\":\"https:\/\/www.celttv.com.ar\/index.php\/2023\/03\/01\/dictaran-el-curso-aprender-de-los-residuos-herramientas-para-abordar-la-problematica-socio-ambiental-en-las-aulas-para-docentes\/\"},\"wordCount\":242,\"publisher\":{\"@id\":\"https:\/\/www.celttv.com.ar\/#organization\"},\"articleSection\":[\"Celt TV Noticias\"],\"inLanguage\":\"es\"},{\"@type\":\"WebPage\",\"@id\":\"https:\/\/www.celttv.com.ar\/index.php\/2023\/03\/01\/dictaran-el-curso-aprender-de-los-residuos-herramientas-para-abordar-la-problematica-socio-ambiental-en-las-aulas-para-docentes\/\",\"url\":\"https:\/\/www.celttv.com.ar\/index.php\/2023\/03\/01\/dictaran-el-curso-aprender-de-los-residuos-herramientas-para-abordar-la-problematica-socio-ambiental-en-las-aulas-para-docentes\/\",\"name\":\"Dictar\u00e1n el curso \u201cAprender de los residuos: herramientas para abordar la problem\u00e1tica socio-ambiental en las aulas\u201d para docentes - CELTTV\",\"isPartOf\":{\"@id\":\"https:\/\/www.celttv.com.ar\/#website\"},\"datePublished\":\"2023-03-01T14:21:13+00:00\",\"dateModified\":\"2023-03-01T14:21:13+00:00\",\"description\":\"Sitio web de noticias de la localidad de Tornquist, provincia de Buenos Aires, Rep\u00fablica Argentina. Contenido propio originado por periodistas de CELTTV, el canal de TV local de la Cooperativa El\u00e9ctrica de Tornquist. Turismo, Pol\u00edtica, Sociedad, Deporte, Cultura y todo el contenido de inter\u00e9s general que la gente del pueblo y la regi\u00f3n debe conocer.\",\"breadcrumb\":{\"@id\":\"https:\/\/www.celttv.com.ar\/index.php\/2023\/03\/01\/dictaran-el-curso-aprender-de-los-residuos-herramientas-para-abordar-la-problematica-socio-ambiental-en-las-aulas-para-docentes\/#breadcrumb\"},\"inLanguage\":\"es\",\"potentialAction\":[{\"@type\":\"ReadAction\",\"target\":[\"https:\/\/www.celttv.com.ar\/index.php\/2023\/03\/01\/dictaran-el-curso-aprender-de-los-residuos-herramientas-para-abordar-la-problematica-socio-ambiental-en-las-aulas-para-docentes\/\"]}]},{\"@type\":\"BreadcrumbList\",\"@id\":\"https:\/\/www.celttv.com.ar\/index.php\/2023\/03\/01\/dictaran-el-curso-aprender-de-los-residuos-herramientas-para-abordar-la-problematica-socio-ambiental-en-las-aulas-para-docentes\/#breadcrumb\",\"itemListElement\":[{\"@type\":\"ListItem\",\"position\":1,\"name\":\"Inicio\",\"item\":\"https:\/\/www.celttv.com.ar\/\"},{\"@type\":\"ListItem\",\"position\":2,\"name\":\"Dictar\u00e1n el curso \u201cAprender de los residuos: herramientas para abordar la problem\u00e1tica socio-ambiental en las aulas\u201d para docentes\"}]},{\"@type\":\"WebSite\",\"@id\":\"https:\/\/www.celttv.com.ar\/#website\",\"url\":\"https:\/\/www.celttv.com.ar\/\",\"name\":\"CELTTV\",\"description\":\"Cooperativa El\u00e9ctrica de Tornquist\",\"publisher\":{\"@id\":\"https:\/\/www.celttv.com.ar\/#organization\"},\"potentialAction\":[{\"@type\":\"SearchAction\",\"target\":{\"@type\":\"EntryPoint\",\"urlTemplate\":\"https:\/\/www.celttv.com.ar\/?s={search_term_string}\"},\"query-input\":\"required name=search_term_string\"}],\"inLanguage\":\"es\"},{\"@type\":\"Organization\",\"@id\":\"https:\/\/www.celttv.com.ar\/#organization\",\"name\":\"CELTTV\",\"url\":\"https:\/\/www.celttv.com.ar\/\",\"sameAs\":[\"https:\/\/www.youtube.com\/channel\/UCz_oIt8Hig64Ub-EmcNPIhg\",\"https:\/\/www.facebook.com\/celtTV\/\"],\"logo\":{\"@type\":\"ImageObject\",\"inLanguage\":\"es\",\"@id\":\"https:\/\/www.celttv.com.ar\/#\/schema\/logo\/image\/\",\"url\":\"http:\/\/www.celttv.com.ar\/wp-content\/uploads\/2022\/08\/logo-1.png\",\"contentUrl\":\"http:\/\/www.celttv.com.ar\/wp-content\/uploads\/2022\/08\/logo-1.png\",\"width\":461,\"height\":159,\"caption\":\"CELTTV\"},\"image\":{\"@id\":\"https:\/\/www.celttv.com.ar\/#\/schema\/logo\/image\/\"}},{\"@type\":\"Person\",\"@id\":\"https:\/\/www.celttv.com.ar\/#\/schema\/person\/495be51d064edd971d8457f8f64eb172\",\"name\":\"Rodrigo Sgammini\",\"image\":{\"@type\":\"ImageObject\",\"inLanguage\":\"es\",\"@id\":\"https:\/\/www.celttv.com.ar\/#\/schema\/person\/image\/\",\"url\":\"https:\/\/secure.gravatar.com\/avatar\/68f7848d42735e7a9276b47cd6e606327d88f521c51ae39d88888b76902e2987?s=96&d=mm&r=g\",\"contentUrl\":\"https:\/\/secure.gravatar.com\/avatar\/68f7848d42735e7a9276b47cd6e606327d88f521c51ae39d88888b76902e2987?s=96&d=mm&r=g\",\"caption\":\"Rodrigo Sgammini\"}}]}<\/script>\n<!-- \/ Yoast SEO plugin. -->","yoast_head_json":{"title":"Dictar\u00e1n el curso \u201cAprender de los residuos: herramientas para abordar la problem\u00e1tica socio-ambiental en las aulas\u201d para docentes - CELTTV","description":"Sitio web de noticias de la localidad de Tornquist, provincia de Buenos Aires, Rep\u00fablica Argentina. Contenido propio originado por periodistas de CELTTV, el canal de TV local de la Cooperativa El\u00e9ctrica de Tornquist. Turismo, Pol\u00edtica, Sociedad, Deporte, Cultura y todo el contenido de inter\u00e9s general que la gente del pueblo y la regi\u00f3n debe conocer.","robots":{"index":"index","follow":"follow","max-snippet":"max-snippet:-1","max-image-preview":"max-image-preview:large","max-video-preview":"max-video-preview:-1"},"canonical":"https:\/\/www.celttv.com.ar\/index.php\/2023\/03\/01\/dictaran-el-curso-aprender-de-los-residuos-herramientas-para-abordar-la-problematica-socio-ambiental-en-las-aulas-para-docentes\/","og_locale":"es_ES","og_type":"article","og_title":"Dictar\u00e1n el curso \u201cAprender de los residuos: herramientas para abordar la problem\u00e1tica socio-ambiental en las aulas\u201d para docentes - CELTTV","og_description":"Sitio web de noticias de la localidad de Tornquist, provincia de Buenos Aires, Rep\u00fablica Argentina. Contenido propio originado por periodistas de CELTTV, el canal de TV local de la Cooperativa El\u00e9ctrica de Tornquist. Turismo, Pol\u00edtica, Sociedad, Deporte, Cultura y todo el contenido de inter\u00e9s general que la gente del pueblo y la regi\u00f3n debe conocer.","og_url":"https:\/\/www.celttv.com.ar\/index.php\/2023\/03\/01\/dictaran-el-curso-aprender-de-los-residuos-herramientas-para-abordar-la-problematica-socio-ambiental-en-las-aulas-para-docentes\/","og_site_name":"CELTTV","article_publisher":"https:\/\/www.facebook.com\/celtTV\/","article_published_time":"2023-03-01T14:21:13+00:00","og_image":[{"width":1242,"height":1236,"url":"https:\/\/www.celttv.com.ar\/wp-content\/uploads\/2023\/03\/capacitacionnacion.jpeg","type":"image\/jpeg"}],"author":"Rodrigo Sgammini","twitter_card":"summary_large_image","twitter_misc":{"Escrito por":"Rodrigo Sgammini","Tiempo de lectura":"1 minuto"},"schema":{"@context":"https:\/\/schema.org","@graph":[{"@type":"NewsArticle","@id":"https:\/\/www.celttv.com.ar\/index.php\/2023\/03\/01\/dictaran-el-curso-aprender-de-los-residuos-herramientas-para-abordar-la-problematica-socio-ambiental-en-las-aulas-para-docentes\/#article","isPartOf":{"@id":"https:\/\/www.celttv.com.ar\/index.php\/2023\/03\/01\/dictaran-el-curso-aprender-de-los-residuos-herramientas-para-abordar-la-problematica-socio-ambiental-en-las-aulas-para-docentes\/"},"author":{"name":"Rodrigo Sgammini","@id":"https:\/\/www.celttv.com.ar\/#\/schema\/person\/495be51d064edd971d8457f8f64eb172"},"headline":"Dictar\u00e1n el curso \u201cAprender de los residuos: herramientas para abordar la problem\u00e1tica socio-ambiental en las aulas\u201d para docentes","datePublished":"2023-03-01T14:21:13+00:00","dateModified":"2023-03-01T14:21:13+00:00","mainEntityOfPage":{"@id":"https:\/\/www.celttv.com.ar\/index.php\/2023\/03\/01\/dictaran-el-curso-aprender-de-los-residuos-herramientas-para-abordar-la-problematica-socio-ambiental-en-las-aulas-para-docentes\/"},"wordCount":242,"publisher":{"@id":"https:\/\/www.celttv.com.ar\/#organization"},"articleSection":["Celt TV Noticias"],"inLanguage":"es"},{"@type":"WebPage","@id":"https:\/\/www.celttv.com.ar\/index.php\/2023\/03\/01\/dictaran-el-curso-aprender-de-los-residuos-herramientas-para-abordar-la-problematica-socio-ambiental-en-las-aulas-para-docentes\/","url":"https:\/\/www.celttv.com.ar\/index.php\/2023\/03\/01\/dictaran-el-curso-aprender-de-los-residuos-herramientas-para-abordar-la-problematica-socio-ambiental-en-las-aulas-para-docentes\/","name":"Dictar\u00e1n el curso \u201cAprender de los residuos: herramientas para abordar la problem\u00e1tica socio-ambiental en las aulas\u201d para docentes - CELTTV","isPartOf":{"@id":"https:\/\/www.celttv.com.ar\/#website"},"datePublished":"2023-03-01T14:21:13+00:00","dateModified":"2023-03-01T14:21:13+00:00","description":"Sitio web de noticias de la localidad de Tornquist, provincia de Buenos Aires, Rep\u00fablica Argentina. Contenido propio originado por periodistas de CELTTV, el canal de TV local de la Cooperativa El\u00e9ctrica de Tornquist. Turismo, Pol\u00edtica, Sociedad, Deporte, Cultura y todo el contenido de inter\u00e9s general que la gente del pueblo y la regi\u00f3n debe conocer.","breadcrumb":{"@id":"https:\/\/www.celttv.com.ar\/index.php\/2023\/03\/01\/dictaran-el-curso-aprender-de-los-residuos-herramientas-para-abordar-la-problematica-socio-ambiental-en-las-aulas-para-docentes\/#breadcrumb"},"inLanguage":"es","potentialAction":[{"@type":"ReadAction","target":["https:\/\/www.celttv.com.ar\/index.php\/2023\/03\/01\/dictaran-el-curso-aprender-de-los-residuos-herramientas-para-abordar-la-problematica-socio-ambiental-en-las-aulas-para-docentes\/"]}]},{"@type":"BreadcrumbList","@id":"https:\/\/www.celttv.com.ar\/index.php\/2023\/03\/01\/dictaran-el-curso-aprender-de-los-residuos-herramientas-para-abordar-la-problematica-socio-ambiental-en-las-aulas-para-docentes\/#breadcrumb","itemListElement":[{"@type":"ListItem","position":1,"name":"Inicio","item":"https:\/\/www.celttv.com.ar\/"},{"@type":"ListItem","position":2,"name":"Dictar\u00e1n el curso \u201cAprender de los residuos: herramientas para abordar la problem\u00e1tica socio-ambiental en las aulas\u201d para docentes"}]},{"@type":"WebSite","@id":"https:\/\/www.celttv.com.ar\/#website","url":"https:\/\/www.celttv.com.ar\/","name":"CELTTV","description":"Cooperativa El\u00e9ctrica de Tornquist","publisher":{"@id":"https:\/\/www.celttv.com.ar\/#organization"},"potentialAction":[{"@type":"SearchAction","target":{"@type":"EntryPoint","urlTemplate":"https:\/\/www.celttv.com.ar\/?s={search_term_string}"},"query-input":"required name=search_term_string"}],"inLanguage":"es"},{"@type":"Organization","@id":"https:\/\/www.celttv.com.ar\/#organization","name":"CELTTV","url":"https:\/\/www.celttv.com.ar\/","sameAs":["https:\/\/www.youtube.com\/channel\/UCz_oIt8Hig64Ub-EmcNPIhg","https:\/\/www.facebook.com\/celtTV\/"],"logo":{"@type":"ImageObject","inLanguage":"es","@id":"https:\/\/www.celttv.com.ar\/#\/schema\/logo\/image\/","url":"http:\/\/www.celttv.com.ar\/wp-content\/uploads\/2022\/08\/logo-1.png","contentUrl":"http:\/\/www.celttv.com.ar\/wp-content\/uploads\/2022\/08\/logo-1.png","width":461,"height":159,"caption":"CELTTV"},"image":{"@id":"https:\/\/www.celttv.com.ar\/#\/schema\/logo\/image\/"}},{"@type":"Person","@id":"https:\/\/www.celttv.com.ar\/#\/schema\/person\/495be51d064edd971d8457f8f64eb172","name":"Rodrigo Sgammini","image":{"@type":"ImageObject","inLanguage":"es","@id":"https:\/\/www.celttv.com.ar\/#\/schema\/person\/image\/","url":"https:\/\/secure.gravatar.com\/avatar\/68f7848d42735e7a9276b47cd6e606327d88f521c51ae39d88888b76902e2987?s=96&d=mm&r=g","contentUrl":"https:\/\/secure.gravatar.com\/avatar\/68f7848d42735e7a9276b47cd6e606327d88f521c51ae39d88888b76902e2987?s=96&d=mm&r=g","caption":"Rodrigo Sgammini"}}]}},"_links":{"self":[{"href":"https:\/\/www.celttv.com.ar\/index.php\/wp-json\/wp\/v2\/posts\/73981","targetHints":{"allow":["GET"]}}],"collection":[{"href":"https:\/\/www.celttv.com.ar\/index.php\/wp-json\/wp\/v2\/posts"}],"about":[{"href":"https:\/\/www.celttv.com.ar\/index.php\/wp-json\/wp\/v2\/types\/post"}],"author":[{"embeddable":true,"href":"https:\/\/www.celttv.com.ar\/index.php\/wp-json\/wp\/v2\/users\/3"}],"replies":[{"embeddable":true,"href":"https:\/\/www.celttv.com.ar\/index.php\/wp-json\/wp\/v2\/comments?post=73981"}],"version-history":[{"count":1,"href":"https:\/\/www.celttv.com.ar\/index.php\/wp-json\/wp\/v2\/posts\/73981\/revisions"}],"predecessor-version":[{"id":73983,"href":"https:\/\/www.celttv.com.ar\/index.php\/wp-json\/wp\/v2\/posts\/73981\/revisions\/73983"}],"wp:featuredmedia":[{"embeddable":true,"href":"https:\/\/www.celttv.com.ar\/index.php\/wp-json\/wp\/v2\/media\/73982"}],"wp:attachment":[{"href":"https:\/\/www.celttv.com.ar\/index.php\/wp-json\/wp\/v2\/media?parent=73981"}],"wp:term":[{"taxonomy":"category","embeddable":true,"href":"https:\/\/www.celttv.com.ar\/index.php\/wp-json\/wp\/v2\/categories?post=73981"},{"taxonomy":"post_tag","embeddable":true,"href":"https:\/\/www.celttv.com.ar\/index.php\/wp-json\/wp\/v2\/tags?post=73981"}],"curies":[{"name":"wp","href":"https:\/\/api.w.org\/{rel}","templated":true}]}}