{"id":73987,"date":"2023-03-01T21:32:36","date_gmt":"2023-03-02T00:32:36","guid":{"rendered":"http:\/\/www.celttv.com.ar\/?p=73987"},"modified":"2023-03-01T21:32:36","modified_gmt":"2023-03-02T00:32:36","slug":"se-realizo-el-acto-oficial-por-el-inicio-del-ciclo-lectivo-2023-en-la-unidad-academica-videos","status":"publish","type":"post","link":"https:\/\/www.celttv.com.ar\/index.php\/2023\/03\/01\/se-realizo-el-acto-oficial-por-el-inicio-del-ciclo-lectivo-2023-en-la-unidad-academica-videos\/","title":{"rendered":"Se realiz\u00f3 el acto oficial por el inicio del Ciclo Lectivo 2023 en la Unidad Acad\u00e9mica (Videos)"},"content":{"rendered":"<p>El ciclo lectivo 2023 qued\u00f3 oficialmente inaugurado tras el acto oficial llevado a cabo en las instalaciones de la Unidad Acad\u00e9mica Ernesto Tornquist.<\/p>\n<p>Dicho acto, del cual formaron parte las autoridades educativas distritales y regionales, sirvi\u00f3 para festejar los 35 a\u00f1os de vida de la Escuela Primaria N\u00b0 28.<\/p>\n<p>Hicieron uso de la palabra la directora Jorgelina Krause; el director de la Unidad Acad\u00e9mica Guillermo Dinotolo; el secretario de Gobierno y Seguridad Ezequiel Gabella; la inspectora Jefe Distrital Marcela Gim\u00e9nez y la directora Adriana Marr\u00f3n.<\/p>\n<p><iframe loading=\"lazy\" title=\"2023 03 01 ACTO OFICIAL POR EL INICIO DEL CICLO LECTIVO 2023   JORGELINA KRAUSE\" width=\"500\" height=\"281\" src=\"https:\/\/www.youtube.com\/embed\/NzdSuh-rz_g?feature=oembed\" frameborder=\"0\" allow=\"accelerometer; autoplay; clipboard-write; encrypted-media; gyroscope; picture-in-picture; web-share\" referrerpolicy=\"strict-origin-when-cross-origin\" allowfullscreen><\/iframe><\/p>\n<p><iframe loading=\"lazy\" title=\"2023 03 01 ACTO OFICIAL POR EL INICIO DEL CICLO LECTIVO 2023   GUILLERMO DINOTOLO\" width=\"500\" height=\"281\" src=\"https:\/\/www.youtube.com\/embed\/KeL-iJsdg4g?feature=oembed\" frameborder=\"0\" allow=\"accelerometer; autoplay; clipboard-write; encrypted-media; gyroscope; picture-in-picture; web-share\" referrerpolicy=\"strict-origin-when-cross-origin\" allowfullscreen><\/iframe><\/p>\n<p><iframe loading=\"lazy\" title=\"2023 03 01 ACTO OFICIAL POR EL INICIO DEL CICLO LECTIVO 2023   EZEQUIEL GABELLA\" width=\"500\" height=\"281\" src=\"https:\/\/www.youtube.com\/embed\/LpjH5mytVHY?feature=oembed\" frameborder=\"0\" allow=\"accelerometer; autoplay; clipboard-write; encrypted-media; gyroscope; picture-in-picture; web-share\" referrerpolicy=\"strict-origin-when-cross-origin\" allowfullscreen><\/iframe><\/p>\n<p><iframe loading=\"lazy\" title=\"2023 03 01 ACTO OFICIAL POR EL INICIO DEL CICLO LECTIVO 2023   MARCELA GIM\u00c9NEZ\" width=\"500\" height=\"281\" src=\"https:\/\/www.youtube.com\/embed\/q5CDHOXaH5k?feature=oembed\" frameborder=\"0\" allow=\"accelerometer; autoplay; clipboard-write; encrypted-media; gyroscope; picture-in-picture; web-share\" referrerpolicy=\"strict-origin-when-cross-origin\" allowfullscreen><\/iframe><\/p>\n<p><iframe loading=\"lazy\" title=\"2023 03 01 ACTO OFICIAL POR EL INICIO DEL CICLO LECTIVO 2023   ADRIANA MARR\u00d3N\" width=\"500\" height=\"281\" src=\"https:\/\/www.youtube.com\/embed\/8ycZU_ZP-IY?feature=oembed\" frameborder=\"0\" allow=\"accelerometer; autoplay; clipboard-write; encrypted-media; gyroscope; picture-in-picture; web-share\" referrerpolicy=\"strict-origin-when-cross-origin\" allowfullscreen><\/iframe><\/p>\n<p><iframe loading=\"lazy\" title=\"2023 03 01 ACTO OFICIAL POR EL INICIO DEL CICLO LECTIVO 2023   ACTO ALUMNOS\" width=\"500\" height=\"281\" src=\"https:\/\/www.youtube.com\/embed\/rX2J3xENZ8Y?feature=oembed\" frameborder=\"0\" allow=\"accelerometer; autoplay; clipboard-write; encrypted-media; gyroscope; picture-in-picture; web-share\" referrerpolicy=\"strict-origin-when-cross-origin\" allowfullscreen><\/iframe><\/p>\n<p>Sobre el final, alumnos, directivos, padres y vecinos de la comunidad, le cantaron el fel\u00edz cumplea\u00f1os a la Escuela N\u00b0 28.<\/p>\n<p><iframe loading=\"lazy\" title=\"2023 03 01 ACTO OFICIAL POR EL INICIO DEL CICLO LECTIVO 2023   35 A\u00d1OS DE LA ESCUELA N\u00ba 28\" width=\"500\" height=\"281\" src=\"https:\/\/www.youtube.com\/embed\/J58lzRkGNAU?feature=oembed\" frameborder=\"0\" allow=\"accelerometer; autoplay; clipboard-write; encrypted-media; gyroscope; picture-in-picture; web-share\" referrerpolicy=\"strict-origin-when-cross-origin\" allowfullscreen><\/iframe><\/p>\n<p>&nbsp;<\/p>\n","protected":false},"excerpt":{"rendered":"<p>El ciclo lectivo 2023 qued\u00f3 oficialmente inaugurado tras el acto oficial llevado a cabo en las instalaciones de la Unidad Acad\u00e9mica Ernesto Tornquist. Dicho acto, del cual formaron parte las autoridades educativas distritales y regionales, sirvi\u00f3 para festejar los 35 a\u00f1os de vida de la Escuela Primaria N\u00b0 28. Hicieron uso de la palabra la [&hellip;]<\/p>\n","protected":false},"author":3,"featured_media":73988,"comment_status":"closed","ping_status":"closed","sticky":false,"template":"","format":"standard","meta":{"footnotes":""},"categories":[55],"tags":[],"class_list":["post-73987","post","type-post","status-publish","format-standard","has-post-thumbnail","hentry","category-celt-tv-noticias"],"yoast_head":"<!-- This site is optimized with the Yoast SEO plugin v19.7.1 - https:\/\/yoast.com\/wordpress\/plugins\/seo\/ -->\n<title>Se realiz\u00f3 el acto oficial por el inicio del Ciclo Lectivo 2023 en la Unidad Acad\u00e9mica (Videos) - CELTTV<\/title>\n<meta name=\"description\" content=\"Sitio web de noticias de la localidad de Tornquist, provincia de Buenos Aires, Rep\u00fablica Argentina. Contenido propio originado por periodistas de CELTTV, el canal de TV local de la Cooperativa El\u00e9ctrica de Tornquist. Turismo, Pol\u00edtica, Sociedad, Deporte, Cultura y todo el contenido de inter\u00e9s general que la gente del pueblo y la regi\u00f3n debe conocer.\" \/>\n<meta name=\"robots\" content=\"index, follow, max-snippet:-1, max-image-preview:large, max-video-preview:-1\" \/>\n<link rel=\"canonical\" href=\"https:\/\/www.celttv.com.ar\/index.php\/2023\/03\/01\/se-realizo-el-acto-oficial-por-el-inicio-del-ciclo-lectivo-2023-en-la-unidad-academica-videos\/\" \/>\n<meta property=\"og:locale\" content=\"es_ES\" \/>\n<meta property=\"og:type\" content=\"article\" \/>\n<meta property=\"og:title\" content=\"Se realiz\u00f3 el acto oficial por el inicio del Ciclo Lectivo 2023 en la Unidad Acad\u00e9mica (Videos) - CELTTV\" \/>\n<meta property=\"og:description\" content=\"Sitio web de noticias de la localidad de Tornquist, provincia de Buenos Aires, Rep\u00fablica Argentina. Contenido propio originado por periodistas de CELTTV, el canal de TV local de la Cooperativa El\u00e9ctrica de Tornquist. Turismo, Pol\u00edtica, Sociedad, Deporte, Cultura y todo el contenido de inter\u00e9s general que la gente del pueblo y la regi\u00f3n debe conocer.\" \/>\n<meta property=\"og:url\" content=\"https:\/\/www.celttv.com.ar\/index.php\/2023\/03\/01\/se-realizo-el-acto-oficial-por-el-inicio-del-ciclo-lectivo-2023-en-la-unidad-academica-videos\/\" \/>\n<meta property=\"og:site_name\" content=\"CELTTV\" \/>\n<meta property=\"article:publisher\" content=\"https:\/\/www.facebook.com\/celtTV\/\" \/>\n<meta property=\"article:published_time\" content=\"2023-03-02T00:32:36+00:00\" \/>\n<meta property=\"og:image\" content=\"https:\/\/www.celttv.com.ar\/wp-content\/uploads\/2023\/03\/c637f4b4-6991-42c6-adba-7d721a50c0b2.jpg\" \/>\n\t<meta property=\"og:image:width\" content=\"1600\" \/>\n\t<meta property=\"og:image:height\" content=\"1200\" \/>\n\t<meta property=\"og:image:type\" content=\"image\/jpeg\" \/>\n<meta name=\"author\" content=\"Rodrigo Sgammini\" \/>\n<meta name=\"twitter:card\" content=\"summary_large_image\" \/>\n<meta name=\"twitter:label1\" content=\"Escrito por\" \/>\n\t<meta name=\"twitter:data1\" content=\"Rodrigo Sgammini\" \/>\n\t<meta name=\"twitter:label2\" content=\"Tiempo de lectura\" \/>\n\t<meta name=\"twitter:data2\" content=\"1 minuto\" \/>\n<script type=\"application\/ld+json\" class=\"yoast-schema-graph\">{\"@context\":\"https:\/\/schema.org\",\"@graph\":[{\"@type\":\"NewsArticle\",\"@id\":\"https:\/\/www.celttv.com.ar\/index.php\/2023\/03\/01\/se-realizo-el-acto-oficial-por-el-inicio-del-ciclo-lectivo-2023-en-la-unidad-academica-videos\/#article\",\"isPartOf\":{\"@id\":\"https:\/\/www.celttv.com.ar\/index.php\/2023\/03\/01\/se-realizo-el-acto-oficial-por-el-inicio-del-ciclo-lectivo-2023-en-la-unidad-academica-videos\/\"},\"author\":{\"name\":\"Rodrigo Sgammini\",\"@id\":\"https:\/\/www.celttv.com.ar\/#\/schema\/person\/495be51d064edd971d8457f8f64eb172\"},\"headline\":\"Se realiz\u00f3 el acto oficial por el inicio del Ciclo Lectivo 2023 en la Unidad Acad\u00e9mica (Videos)\",\"datePublished\":\"2023-03-02T00:32:36+00:00\",\"dateModified\":\"2023-03-02T00:32:36+00:00\",\"mainEntityOfPage\":{\"@id\":\"https:\/\/www.celttv.com.ar\/index.php\/2023\/03\/01\/se-realizo-el-acto-oficial-por-el-inicio-del-ciclo-lectivo-2023-en-la-unidad-academica-videos\/\"},\"wordCount\":165,\"publisher\":{\"@id\":\"https:\/\/www.celttv.com.ar\/#organization\"},\"articleSection\":[\"Celt TV Noticias\"],\"inLanguage\":\"es\"},{\"@type\":\"WebPage\",\"@id\":\"https:\/\/www.celttv.com.ar\/index.php\/2023\/03\/01\/se-realizo-el-acto-oficial-por-el-inicio-del-ciclo-lectivo-2023-en-la-unidad-academica-videos\/\",\"url\":\"https:\/\/www.celttv.com.ar\/index.php\/2023\/03\/01\/se-realizo-el-acto-oficial-por-el-inicio-del-ciclo-lectivo-2023-en-la-unidad-academica-videos\/\",\"name\":\"Se realiz\u00f3 el acto oficial por el inicio del Ciclo Lectivo 2023 en la Unidad Acad\u00e9mica (Videos) - CELTTV\",\"isPartOf\":{\"@id\":\"https:\/\/www.celttv.com.ar\/#website\"},\"datePublished\":\"2023-03-02T00:32:36+00:00\",\"dateModified\":\"2023-03-02T00:32:36+00:00\",\"description\":\"Sitio web de noticias de la localidad de Tornquist, provincia de Buenos Aires, Rep\u00fablica Argentina. Contenido propio originado por periodistas de CELTTV, el canal de TV local de la Cooperativa El\u00e9ctrica de Tornquist. Turismo, Pol\u00edtica, Sociedad, Deporte, Cultura y todo el contenido de inter\u00e9s general que la gente del pueblo y la regi\u00f3n debe conocer.\",\"breadcrumb\":{\"@id\":\"https:\/\/www.celttv.com.ar\/index.php\/2023\/03\/01\/se-realizo-el-acto-oficial-por-el-inicio-del-ciclo-lectivo-2023-en-la-unidad-academica-videos\/#breadcrumb\"},\"inLanguage\":\"es\",\"potentialAction\":[{\"@type\":\"ReadAction\",\"target\":[\"https:\/\/www.celttv.com.ar\/index.php\/2023\/03\/01\/se-realizo-el-acto-oficial-por-el-inicio-del-ciclo-lectivo-2023-en-la-unidad-academica-videos\/\"]}]},{\"@type\":\"BreadcrumbList\",\"@id\":\"https:\/\/www.celttv.com.ar\/index.php\/2023\/03\/01\/se-realizo-el-acto-oficial-por-el-inicio-del-ciclo-lectivo-2023-en-la-unidad-academica-videos\/#breadcrumb\",\"itemListElement\":[{\"@type\":\"ListItem\",\"position\":1,\"name\":\"Inicio\",\"item\":\"https:\/\/www.celttv.com.ar\/\"},{\"@type\":\"ListItem\",\"position\":2,\"name\":\"Se realiz\u00f3 el acto oficial por el inicio del Ciclo Lectivo 2023 en la Unidad Acad\u00e9mica (Videos)\"}]},{\"@type\":\"WebSite\",\"@id\":\"https:\/\/www.celttv.com.ar\/#website\",\"url\":\"https:\/\/www.celttv.com.ar\/\",\"name\":\"CELTTV\",\"description\":\"Cooperativa El\u00e9ctrica de Tornquist\",\"publisher\":{\"@id\":\"https:\/\/www.celttv.com.ar\/#organization\"},\"potentialAction\":[{\"@type\":\"SearchAction\",\"target\":{\"@type\":\"EntryPoint\",\"urlTemplate\":\"https:\/\/www.celttv.com.ar\/?s={search_term_string}\"},\"query-input\":\"required name=search_term_string\"}],\"inLanguage\":\"es\"},{\"@type\":\"Organization\",\"@id\":\"https:\/\/www.celttv.com.ar\/#organization\",\"name\":\"CELTTV\",\"url\":\"https:\/\/www.celttv.com.ar\/\",\"sameAs\":[\"https:\/\/www.youtube.com\/channel\/UCz_oIt8Hig64Ub-EmcNPIhg\",\"https:\/\/www.facebook.com\/celtTV\/\"],\"logo\":{\"@type\":\"ImageObject\",\"inLanguage\":\"es\",\"@id\":\"https:\/\/www.celttv.com.ar\/#\/schema\/logo\/image\/\",\"url\":\"http:\/\/www.celttv.com.ar\/wp-content\/uploads\/2022\/08\/logo-1.png\",\"contentUrl\":\"http:\/\/www.celttv.com.ar\/wp-content\/uploads\/2022\/08\/logo-1.png\",\"width\":461,\"height\":159,\"caption\":\"CELTTV\"},\"image\":{\"@id\":\"https:\/\/www.celttv.com.ar\/#\/schema\/logo\/image\/\"}},{\"@type\":\"Person\",\"@id\":\"https:\/\/www.celttv.com.ar\/#\/schema\/person\/495be51d064edd971d8457f8f64eb172\",\"name\":\"Rodrigo Sgammini\",\"image\":{\"@type\":\"ImageObject\",\"inLanguage\":\"es\",\"@id\":\"https:\/\/www.celttv.com.ar\/#\/schema\/person\/image\/\",\"url\":\"https:\/\/secure.gravatar.com\/avatar\/68f7848d42735e7a9276b47cd6e606327d88f521c51ae39d88888b76902e2987?s=96&d=mm&r=g\",\"contentUrl\":\"https:\/\/secure.gravatar.com\/avatar\/68f7848d42735e7a9276b47cd6e606327d88f521c51ae39d88888b76902e2987?s=96&d=mm&r=g\",\"caption\":\"Rodrigo Sgammini\"}}]}<\/script>\n<!-- \/ Yoast SEO plugin. -->","yoast_head_json":{"title":"Se realiz\u00f3 el acto oficial por el inicio del Ciclo Lectivo 2023 en la Unidad Acad\u00e9mica (Videos) - CELTTV","description":"Sitio web de noticias de la localidad de Tornquist, provincia de Buenos Aires, Rep\u00fablica Argentina. Contenido propio originado por periodistas de CELTTV, el canal de TV local de la Cooperativa El\u00e9ctrica de Tornquist. Turismo, Pol\u00edtica, Sociedad, Deporte, Cultura y todo el contenido de inter\u00e9s general que la gente del pueblo y la regi\u00f3n debe conocer.","robots":{"index":"index","follow":"follow","max-snippet":"max-snippet:-1","max-image-preview":"max-image-preview:large","max-video-preview":"max-video-preview:-1"},"canonical":"https:\/\/www.celttv.com.ar\/index.php\/2023\/03\/01\/se-realizo-el-acto-oficial-por-el-inicio-del-ciclo-lectivo-2023-en-la-unidad-academica-videos\/","og_locale":"es_ES","og_type":"article","og_title":"Se realiz\u00f3 el acto oficial por el inicio del Ciclo Lectivo 2023 en la Unidad Acad\u00e9mica (Videos) - CELTTV","og_description":"Sitio web de noticias de la localidad de Tornquist, provincia de Buenos Aires, Rep\u00fablica Argentina. Contenido propio originado por periodistas de CELTTV, el canal de TV local de la Cooperativa El\u00e9ctrica de Tornquist. Turismo, Pol\u00edtica, Sociedad, Deporte, Cultura y todo el contenido de inter\u00e9s general que la gente del pueblo y la regi\u00f3n debe conocer.","og_url":"https:\/\/www.celttv.com.ar\/index.php\/2023\/03\/01\/se-realizo-el-acto-oficial-por-el-inicio-del-ciclo-lectivo-2023-en-la-unidad-academica-videos\/","og_site_name":"CELTTV","article_publisher":"https:\/\/www.facebook.com\/celtTV\/","article_published_time":"2023-03-02T00:32:36+00:00","og_image":[{"width":1600,"height":1200,"url":"https:\/\/www.celttv.com.ar\/wp-content\/uploads\/2023\/03\/c637f4b4-6991-42c6-adba-7d721a50c0b2.jpg","type":"image\/jpeg"}],"author":"Rodrigo Sgammini","twitter_card":"summary_large_image","twitter_misc":{"Escrito por":"Rodrigo Sgammini","Tiempo de lectura":"1 minuto"},"schema":{"@context":"https:\/\/schema.org","@graph":[{"@type":"NewsArticle","@id":"https:\/\/www.celttv.com.ar\/index.php\/2023\/03\/01\/se-realizo-el-acto-oficial-por-el-inicio-del-ciclo-lectivo-2023-en-la-unidad-academica-videos\/#article","isPartOf":{"@id":"https:\/\/www.celttv.com.ar\/index.php\/2023\/03\/01\/se-realizo-el-acto-oficial-por-el-inicio-del-ciclo-lectivo-2023-en-la-unidad-academica-videos\/"},"author":{"name":"Rodrigo Sgammini","@id":"https:\/\/www.celttv.com.ar\/#\/schema\/person\/495be51d064edd971d8457f8f64eb172"},"headline":"Se realiz\u00f3 el acto oficial por el inicio del Ciclo Lectivo 2023 en la Unidad Acad\u00e9mica (Videos)","datePublished":"2023-03-02T00:32:36+00:00","dateModified":"2023-03-02T00:32:36+00:00","mainEntityOfPage":{"@id":"https:\/\/www.celttv.com.ar\/index.php\/2023\/03\/01\/se-realizo-el-acto-oficial-por-el-inicio-del-ciclo-lectivo-2023-en-la-unidad-academica-videos\/"},"wordCount":165,"publisher":{"@id":"https:\/\/www.celttv.com.ar\/#organization"},"articleSection":["Celt TV Noticias"],"inLanguage":"es"},{"@type":"WebPage","@id":"https:\/\/www.celttv.com.ar\/index.php\/2023\/03\/01\/se-realizo-el-acto-oficial-por-el-inicio-del-ciclo-lectivo-2023-en-la-unidad-academica-videos\/","url":"https:\/\/www.celttv.com.ar\/index.php\/2023\/03\/01\/se-realizo-el-acto-oficial-por-el-inicio-del-ciclo-lectivo-2023-en-la-unidad-academica-videos\/","name":"Se realiz\u00f3 el acto oficial por el inicio del Ciclo Lectivo 2023 en la Unidad Acad\u00e9mica (Videos) - CELTTV","isPartOf":{"@id":"https:\/\/www.celttv.com.ar\/#website"},"datePublished":"2023-03-02T00:32:36+00:00","dateModified":"2023-03-02T00:32:36+00:00","description":"Sitio web de noticias de la localidad de Tornquist, provincia de Buenos Aires, Rep\u00fablica Argentina. Contenido propio originado por periodistas de CELTTV, el canal de TV local de la Cooperativa El\u00e9ctrica de Tornquist. Turismo, Pol\u00edtica, Sociedad, Deporte, Cultura y todo el contenido de inter\u00e9s general que la gente del pueblo y la regi\u00f3n debe conocer.","breadcrumb":{"@id":"https:\/\/www.celttv.com.ar\/index.php\/2023\/03\/01\/se-realizo-el-acto-oficial-por-el-inicio-del-ciclo-lectivo-2023-en-la-unidad-academica-videos\/#breadcrumb"},"inLanguage":"es","potentialAction":[{"@type":"ReadAction","target":["https:\/\/www.celttv.com.ar\/index.php\/2023\/03\/01\/se-realizo-el-acto-oficial-por-el-inicio-del-ciclo-lectivo-2023-en-la-unidad-academica-videos\/"]}]},{"@type":"BreadcrumbList","@id":"https:\/\/www.celttv.com.ar\/index.php\/2023\/03\/01\/se-realizo-el-acto-oficial-por-el-inicio-del-ciclo-lectivo-2023-en-la-unidad-academica-videos\/#breadcrumb","itemListElement":[{"@type":"ListItem","position":1,"name":"Inicio","item":"https:\/\/www.celttv.com.ar\/"},{"@type":"ListItem","position":2,"name":"Se realiz\u00f3 el acto oficial por el inicio del Ciclo Lectivo 2023 en la Unidad Acad\u00e9mica (Videos)"}]},{"@type":"WebSite","@id":"https:\/\/www.celttv.com.ar\/#website","url":"https:\/\/www.celttv.com.ar\/","name":"CELTTV","description":"Cooperativa El\u00e9ctrica de Tornquist","publisher":{"@id":"https:\/\/www.celttv.com.ar\/#organization"},"potentialAction":[{"@type":"SearchAction","target":{"@type":"EntryPoint","urlTemplate":"https:\/\/www.celttv.com.ar\/?s={search_term_string}"},"query-input":"required name=search_term_string"}],"inLanguage":"es"},{"@type":"Organization","@id":"https:\/\/www.celttv.com.ar\/#organization","name":"CELTTV","url":"https:\/\/www.celttv.com.ar\/","sameAs":["https:\/\/www.youtube.com\/channel\/UCz_oIt8Hig64Ub-EmcNPIhg","https:\/\/www.facebook.com\/celtTV\/"],"logo":{"@type":"ImageObject","inLanguage":"es","@id":"https:\/\/www.celttv.com.ar\/#\/schema\/logo\/image\/","url":"http:\/\/www.celttv.com.ar\/wp-content\/uploads\/2022\/08\/logo-1.png","contentUrl":"http:\/\/www.celttv.com.ar\/wp-content\/uploads\/2022\/08\/logo-1.png","width":461,"height":159,"caption":"CELTTV"},"image":{"@id":"https:\/\/www.celttv.com.ar\/#\/schema\/logo\/image\/"}},{"@type":"Person","@id":"https:\/\/www.celttv.com.ar\/#\/schema\/person\/495be51d064edd971d8457f8f64eb172","name":"Rodrigo Sgammini","image":{"@type":"ImageObject","inLanguage":"es","@id":"https:\/\/www.celttv.com.ar\/#\/schema\/person\/image\/","url":"https:\/\/secure.gravatar.com\/avatar\/68f7848d42735e7a9276b47cd6e606327d88f521c51ae39d88888b76902e2987?s=96&d=mm&r=g","contentUrl":"https:\/\/secure.gravatar.com\/avatar\/68f7848d42735e7a9276b47cd6e606327d88f521c51ae39d88888b76902e2987?s=96&d=mm&r=g","caption":"Rodrigo Sgammini"}}]}},"_links":{"self":[{"href":"https:\/\/www.celttv.com.ar\/index.php\/wp-json\/wp\/v2\/posts\/73987","targetHints":{"allow":["GET"]}}],"collection":[{"href":"https:\/\/www.celttv.com.ar\/index.php\/wp-json\/wp\/v2\/posts"}],"about":[{"href":"https:\/\/www.celttv.com.ar\/index.php\/wp-json\/wp\/v2\/types\/post"}],"author":[{"embeddable":true,"href":"https:\/\/www.celttv.com.ar\/index.php\/wp-json\/wp\/v2\/users\/3"}],"replies":[{"embeddable":true,"href":"https:\/\/www.celttv.com.ar\/index.php\/wp-json\/wp\/v2\/comments?post=73987"}],"version-history":[{"count":1,"href":"https:\/\/www.celttv.com.ar\/index.php\/wp-json\/wp\/v2\/posts\/73987\/revisions"}],"predecessor-version":[{"id":73989,"href":"https:\/\/www.celttv.com.ar\/index.php\/wp-json\/wp\/v2\/posts\/73987\/revisions\/73989"}],"wp:featuredmedia":[{"embeddable":true,"href":"https:\/\/www.celttv.com.ar\/index.php\/wp-json\/wp\/v2\/media\/73988"}],"wp:attachment":[{"href":"https:\/\/www.celttv.com.ar\/index.php\/wp-json\/wp\/v2\/media?parent=73987"}],"wp:term":[{"taxonomy":"category","embeddable":true,"href":"https:\/\/www.celttv.com.ar\/index.php\/wp-json\/wp\/v2\/categories?post=73987"},{"taxonomy":"post_tag","embeddable":true,"href":"https:\/\/www.celttv.com.ar\/index.php\/wp-json\/wp\/v2\/tags?post=73987"}],"curies":[{"name":"wp","href":"https:\/\/api.w.org\/{rel}","templated":true}]}}