{"id":74056,"date":"2023-03-05T20:41:49","date_gmt":"2023-03-05T23:41:49","guid":{"rendered":"http:\/\/www.celttv.com.ar\/?p=74056"},"modified":"2023-03-06T09:29:20","modified_gmt":"2023-03-06T12:29:20","slug":"arranco-la-lrf-perdio-y-union-y-gano-automoto","status":"publish","type":"post","link":"https:\/\/www.celttv.com.ar\/index.php\/2023\/03\/05\/arranco-la-lrf-perdio-y-union-y-gano-automoto\/","title":{"rendered":"ARRANC\u00d3 LA LRF: PERDI\u00d3 UNI\u00d3N Y GAN\u00d3 AUTOMOTO"},"content":{"rendered":"<p>Se puso en marcha el torneo 2023 de la LRF.<\/p>\n<p>Para los equipos de nuestra ciudad la suerte fue dispar. Perdi\u00f3 Uni\u00f3n y gan\u00f3 Automoto.<\/p>\n<p>El elenco dirigido por Horacio Azzolini cay\u00f3 ante Pe\u00f1arol de Pig\u00fc\u00e9 como local por 3 a 1 en un encuentro con mucha pol\u00e9mica arbitral. Acosta abri\u00f3 la cuenta para la visita, igual\u00f3 Terrugi con un verdadero golazo y en el segundo tiempo, Rojas y Trujillo le dieron la victoria al azulgrana pig\u00fcense. Francisco Callava y Ram\u00f3n Aller vieron la roja en el primer tiempo.<\/p>\n<p>Por el otro lado, el equipo que dirige Sergio Mart\u00ednez derrot\u00f3 a Club Sarmiento de Pig\u00fc\u00e9 como visitante por 2 a 0 con goles de Lautaro Alchao. Joaqu\u00edn Castelli, arquero azulgrana, le ataj\u00f3 un penal a Balvidares.<\/p>\n<p>A continuaci\u00f3n todos los resultados.<\/p>\n<p><img loading=\"lazy\" decoding=\"async\" class=\"aligncenter wp-image-74057 size-large\" src=\"http:\/\/www.celttv.com.ar\/wp-content\/uploads\/2023\/03\/PRIMERA-ZONA-A-1024x576.jpg\" alt=\"\" width=\"1024\" height=\"576\" srcset=\"https:\/\/www.celttv.com.ar\/wp-content\/uploads\/2023\/03\/PRIMERA-ZONA-A-1024x576.jpg 1024w, https:\/\/www.celttv.com.ar\/wp-content\/uploads\/2023\/03\/PRIMERA-ZONA-A-300x169.jpg 300w, https:\/\/www.celttv.com.ar\/wp-content\/uploads\/2023\/03\/PRIMERA-ZONA-A-768x432.jpg 768w, https:\/\/www.celttv.com.ar\/wp-content\/uploads\/2023\/03\/PRIMERA-ZONA-A-750x422.jpg 750w, https:\/\/www.celttv.com.ar\/wp-content\/uploads\/2023\/03\/PRIMERA-ZONA-A-1140x641.jpg 1140w, https:\/\/www.celttv.com.ar\/wp-content\/uploads\/2023\/03\/PRIMERA-ZONA-A.jpg 1280w\" sizes=\"auto, (max-width: 1024px) 100vw, 1024px\" \/> <img loading=\"lazy\" decoding=\"async\" class=\"aligncenter wp-image-74058 size-large\" src=\"http:\/\/www.celttv.com.ar\/wp-content\/uploads\/2023\/03\/PRIMERA-ZONA-B-1024x576.jpg\" alt=\"\" width=\"1024\" height=\"576\" srcset=\"https:\/\/www.celttv.com.ar\/wp-content\/uploads\/2023\/03\/PRIMERA-ZONA-B-1024x576.jpg 1024w, https:\/\/www.celttv.com.ar\/wp-content\/uploads\/2023\/03\/PRIMERA-ZONA-B-300x169.jpg 300w, https:\/\/www.celttv.com.ar\/wp-content\/uploads\/2023\/03\/PRIMERA-ZONA-B-768x432.jpg 768w, https:\/\/www.celttv.com.ar\/wp-content\/uploads\/2023\/03\/PRIMERA-ZONA-B-750x422.jpg 750w, https:\/\/www.celttv.com.ar\/wp-content\/uploads\/2023\/03\/PRIMERA-ZONA-B-1140x641.jpg 1140w, https:\/\/www.celttv.com.ar\/wp-content\/uploads\/2023\/03\/PRIMERA-ZONA-B.jpg 1280w\" sizes=\"auto, (max-width: 1024px) 100vw, 1024px\" \/> <img loading=\"lazy\" decoding=\"async\" class=\"aligncenter wp-image-74059 size-large\" src=\"http:\/\/www.celttv.com.ar\/wp-content\/uploads\/2023\/03\/RESERVA-ZONA-A-1024x576.jpg\" alt=\"\" width=\"1024\" height=\"576\" srcset=\"https:\/\/www.celttv.com.ar\/wp-content\/uploads\/2023\/03\/RESERVA-ZONA-A-1024x576.jpg 1024w, https:\/\/www.celttv.com.ar\/wp-content\/uploads\/2023\/03\/RESERVA-ZONA-A-300x169.jpg 300w, https:\/\/www.celttv.com.ar\/wp-content\/uploads\/2023\/03\/RESERVA-ZONA-A-768x432.jpg 768w, https:\/\/www.celttv.com.ar\/wp-content\/uploads\/2023\/03\/RESERVA-ZONA-A-750x422.jpg 750w, https:\/\/www.celttv.com.ar\/wp-content\/uploads\/2023\/03\/RESERVA-ZONA-A-1140x641.jpg 1140w, https:\/\/www.celttv.com.ar\/wp-content\/uploads\/2023\/03\/RESERVA-ZONA-A.jpg 1280w\" sizes=\"auto, (max-width: 1024px) 100vw, 1024px\" \/> <img loading=\"lazy\" decoding=\"async\" class=\"aligncenter wp-image-74060 size-large\" src=\"http:\/\/www.celttv.com.ar\/wp-content\/uploads\/2023\/03\/RESERVA-ZONA-B-1024x576.jpg\" alt=\"\" width=\"1024\" height=\"576\" srcset=\"https:\/\/www.celttv.com.ar\/wp-content\/uploads\/2023\/03\/RESERVA-ZONA-B-1024x576.jpg 1024w, https:\/\/www.celttv.com.ar\/wp-content\/uploads\/2023\/03\/RESERVA-ZONA-B-300x169.jpg 300w, https:\/\/www.celttv.com.ar\/wp-content\/uploads\/2023\/03\/RESERVA-ZONA-B-768x432.jpg 768w, https:\/\/www.celttv.com.ar\/wp-content\/uploads\/2023\/03\/RESERVA-ZONA-B-750x422.jpg 750w, https:\/\/www.celttv.com.ar\/wp-content\/uploads\/2023\/03\/RESERVA-ZONA-B-1140x641.jpg 1140w, https:\/\/www.celttv.com.ar\/wp-content\/uploads\/2023\/03\/RESERVA-ZONA-B.jpg 1280w\" sizes=\"auto, (max-width: 1024px) 100vw, 1024px\" \/><\/p>\n","protected":false},"excerpt":{"rendered":"<p>Se puso en marcha el torneo 2023 de la LRF. Para los equipos de nuestra ciudad la suerte fue dispar. Perdi\u00f3 Uni\u00f3n y gan\u00f3 Automoto. El elenco dirigido por Horacio Azzolini cay\u00f3 ante Pe\u00f1arol de Pig\u00fc\u00e9 como local por 3 a 1 en un encuentro con mucha pol\u00e9mica arbitral. Acosta abri\u00f3 la cuenta para la [&hellip;]<\/p>\n","protected":false},"author":6,"featured_media":74061,"comment_status":"closed","ping_status":"closed","sticky":false,"template":"","format":"standard","meta":{"footnotes":""},"categories":[1],"tags":[],"class_list":["post-74056","post","type-post","status-publish","format-standard","has-post-thumbnail","hentry","category-sin-categoria"],"yoast_head":"<!-- This site is optimized with the Yoast SEO plugin v19.7.1 - https:\/\/yoast.com\/wordpress\/plugins\/seo\/ -->\n<title>ARRANC\u00d3 LA LRF: PERDI\u00d3 UNI\u00d3N Y GAN\u00d3 AUTOMOTO - CELTTV<\/title>\n<meta name=\"description\" content=\"Sitio web de noticias de la localidad de Tornquist, provincia de Buenos Aires, Rep\u00fablica Argentina. Contenido propio originado por periodistas de CELTTV, el canal de TV local de la Cooperativa El\u00e9ctrica de Tornquist. Turismo, Pol\u00edtica, Sociedad, Deporte, Cultura y todo el contenido de inter\u00e9s general que la gente del pueblo y la regi\u00f3n debe conocer.\" \/>\n<meta name=\"robots\" content=\"index, follow, max-snippet:-1, max-image-preview:large, max-video-preview:-1\" \/>\n<link rel=\"canonical\" href=\"https:\/\/www.celttv.com.ar\/index.php\/2023\/03\/05\/arranco-la-lrf-perdio-y-union-y-gano-automoto\/\" \/>\n<meta property=\"og:locale\" content=\"es_ES\" \/>\n<meta property=\"og:type\" content=\"article\" \/>\n<meta property=\"og:title\" content=\"ARRANC\u00d3 LA LRF: PERDI\u00d3 UNI\u00d3N Y GAN\u00d3 AUTOMOTO - CELTTV\" \/>\n<meta property=\"og:description\" content=\"Sitio web de noticias de la localidad de Tornquist, provincia de Buenos Aires, Rep\u00fablica Argentina. Contenido propio originado por periodistas de CELTTV, el canal de TV local de la Cooperativa El\u00e9ctrica de Tornquist. Turismo, Pol\u00edtica, Sociedad, Deporte, Cultura y todo el contenido de inter\u00e9s general que la gente del pueblo y la regi\u00f3n debe conocer.\" \/>\n<meta property=\"og:url\" content=\"https:\/\/www.celttv.com.ar\/index.php\/2023\/03\/05\/arranco-la-lrf-perdio-y-union-y-gano-automoto\/\" \/>\n<meta property=\"og:site_name\" content=\"CELTTV\" \/>\n<meta property=\"article:publisher\" content=\"https:\/\/www.facebook.com\/celtTV\/\" \/>\n<meta property=\"article:published_time\" content=\"2023-03-05T23:41:49+00:00\" \/>\n<meta property=\"article:modified_time\" content=\"2023-03-06T12:29:20+00:00\" \/>\n<meta property=\"og:image\" content=\"https:\/\/www.celttv.com.ar\/wp-content\/uploads\/2023\/03\/DSC_0109.jpg\" \/>\n\t<meta property=\"og:image:width\" content=\"1024\" \/>\n\t<meta property=\"og:image:height\" content=\"683\" \/>\n\t<meta property=\"og:image:type\" content=\"image\/jpeg\" \/>\n<meta name=\"author\" content=\"Gustavo\" \/>\n<meta name=\"twitter:card\" content=\"summary_large_image\" \/>\n<meta name=\"twitter:label1\" content=\"Escrito por\" \/>\n\t<meta name=\"twitter:data1\" content=\"Gustavo\" \/>\n\t<meta name=\"twitter:label2\" content=\"Tiempo de lectura\" \/>\n\t<meta name=\"twitter:data2\" content=\"1 minuto\" \/>\n<script type=\"application\/ld+json\" class=\"yoast-schema-graph\">{\"@context\":\"https:\/\/schema.org\",\"@graph\":[{\"@type\":\"NewsArticle\",\"@id\":\"https:\/\/www.celttv.com.ar\/index.php\/2023\/03\/05\/arranco-la-lrf-perdio-y-union-y-gano-automoto\/#article\",\"isPartOf\":{\"@id\":\"https:\/\/www.celttv.com.ar\/index.php\/2023\/03\/05\/arranco-la-lrf-perdio-y-union-y-gano-automoto\/\"},\"author\":{\"name\":\"Gustavo\",\"@id\":\"https:\/\/www.celttv.com.ar\/#\/schema\/person\/2fa5211ee5f57a14d73608a9c7953d47\"},\"headline\":\"ARRANC\u00d3 LA LRF: PERDI\u00d3 UNI\u00d3N Y GAN\u00d3 AUTOMOTO\",\"datePublished\":\"2023-03-05T23:41:49+00:00\",\"dateModified\":\"2023-03-06T12:29:20+00:00\",\"mainEntityOfPage\":{\"@id\":\"https:\/\/www.celttv.com.ar\/index.php\/2023\/03\/05\/arranco-la-lrf-perdio-y-union-y-gano-automoto\/\"},\"wordCount\":143,\"publisher\":{\"@id\":\"https:\/\/www.celttv.com.ar\/#organization\"},\"inLanguage\":\"es\"},{\"@type\":\"WebPage\",\"@id\":\"https:\/\/www.celttv.com.ar\/index.php\/2023\/03\/05\/arranco-la-lrf-perdio-y-union-y-gano-automoto\/\",\"url\":\"https:\/\/www.celttv.com.ar\/index.php\/2023\/03\/05\/arranco-la-lrf-perdio-y-union-y-gano-automoto\/\",\"name\":\"ARRANC\u00d3 LA LRF: PERDI\u00d3 UNI\u00d3N Y GAN\u00d3 AUTOMOTO - CELTTV\",\"isPartOf\":{\"@id\":\"https:\/\/www.celttv.com.ar\/#website\"},\"datePublished\":\"2023-03-05T23:41:49+00:00\",\"dateModified\":\"2023-03-06T12:29:20+00:00\",\"description\":\"Sitio web de noticias de la localidad de Tornquist, provincia de Buenos Aires, Rep\u00fablica Argentina. Contenido propio originado por periodistas de CELTTV, el canal de TV local de la Cooperativa El\u00e9ctrica de Tornquist. Turismo, Pol\u00edtica, Sociedad, Deporte, Cultura y todo el contenido de inter\u00e9s general que la gente del pueblo y la regi\u00f3n debe conocer.\",\"breadcrumb\":{\"@id\":\"https:\/\/www.celttv.com.ar\/index.php\/2023\/03\/05\/arranco-la-lrf-perdio-y-union-y-gano-automoto\/#breadcrumb\"},\"inLanguage\":\"es\",\"potentialAction\":[{\"@type\":\"ReadAction\",\"target\":[\"https:\/\/www.celttv.com.ar\/index.php\/2023\/03\/05\/arranco-la-lrf-perdio-y-union-y-gano-automoto\/\"]}]},{\"@type\":\"BreadcrumbList\",\"@id\":\"https:\/\/www.celttv.com.ar\/index.php\/2023\/03\/05\/arranco-la-lrf-perdio-y-union-y-gano-automoto\/#breadcrumb\",\"itemListElement\":[{\"@type\":\"ListItem\",\"position\":1,\"name\":\"Inicio\",\"item\":\"https:\/\/www.celttv.com.ar\/\"},{\"@type\":\"ListItem\",\"position\":2,\"name\":\"ARRANC\u00d3 LA LRF: PERDI\u00d3 UNI\u00d3N Y GAN\u00d3 AUTOMOTO\"}]},{\"@type\":\"WebSite\",\"@id\":\"https:\/\/www.celttv.com.ar\/#website\",\"url\":\"https:\/\/www.celttv.com.ar\/\",\"name\":\"CELTTV\",\"description\":\"Cooperativa El\u00e9ctrica de Tornquist\",\"publisher\":{\"@id\":\"https:\/\/www.celttv.com.ar\/#organization\"},\"potentialAction\":[{\"@type\":\"SearchAction\",\"target\":{\"@type\":\"EntryPoint\",\"urlTemplate\":\"https:\/\/www.celttv.com.ar\/?s={search_term_string}\"},\"query-input\":\"required name=search_term_string\"}],\"inLanguage\":\"es\"},{\"@type\":\"Organization\",\"@id\":\"https:\/\/www.celttv.com.ar\/#organization\",\"name\":\"CELTTV\",\"url\":\"https:\/\/www.celttv.com.ar\/\",\"sameAs\":[\"https:\/\/www.youtube.com\/channel\/UCz_oIt8Hig64Ub-EmcNPIhg\",\"https:\/\/www.facebook.com\/celtTV\/\"],\"logo\":{\"@type\":\"ImageObject\",\"inLanguage\":\"es\",\"@id\":\"https:\/\/www.celttv.com.ar\/#\/schema\/logo\/image\/\",\"url\":\"http:\/\/www.celttv.com.ar\/wp-content\/uploads\/2022\/08\/logo-1.png\",\"contentUrl\":\"http:\/\/www.celttv.com.ar\/wp-content\/uploads\/2022\/08\/logo-1.png\",\"width\":461,\"height\":159,\"caption\":\"CELTTV\"},\"image\":{\"@id\":\"https:\/\/www.celttv.com.ar\/#\/schema\/logo\/image\/\"}},{\"@type\":\"Person\",\"@id\":\"https:\/\/www.celttv.com.ar\/#\/schema\/person\/2fa5211ee5f57a14d73608a9c7953d47\",\"name\":\"Gustavo\",\"image\":{\"@type\":\"ImageObject\",\"inLanguage\":\"es\",\"@id\":\"https:\/\/www.celttv.com.ar\/#\/schema\/person\/image\/\",\"url\":\"https:\/\/secure.gravatar.com\/avatar\/ce08c7f9fb0c7a8fac3ceb4037244aff8ba8fcdc212dd29d83ed27319212b01d?s=96&d=mm&r=g\",\"contentUrl\":\"https:\/\/secure.gravatar.com\/avatar\/ce08c7f9fb0c7a8fac3ceb4037244aff8ba8fcdc212dd29d83ed27319212b01d?s=96&d=mm&r=g\",\"caption\":\"Gustavo\"},\"sameAs\":[\"http:\/\/Gustavo%20Bacci\"]}]}<\/script>\n<!-- \/ Yoast SEO plugin. -->","yoast_head_json":{"title":"ARRANC\u00d3 LA LRF: PERDI\u00d3 UNI\u00d3N Y GAN\u00d3 AUTOMOTO - CELTTV","description":"Sitio web de noticias de la localidad de Tornquist, provincia de Buenos Aires, Rep\u00fablica Argentina. Contenido propio originado por periodistas de CELTTV, el canal de TV local de la Cooperativa El\u00e9ctrica de Tornquist. Turismo, Pol\u00edtica, Sociedad, Deporte, Cultura y todo el contenido de inter\u00e9s general que la gente del pueblo y la regi\u00f3n debe conocer.","robots":{"index":"index","follow":"follow","max-snippet":"max-snippet:-1","max-image-preview":"max-image-preview:large","max-video-preview":"max-video-preview:-1"},"canonical":"https:\/\/www.celttv.com.ar\/index.php\/2023\/03\/05\/arranco-la-lrf-perdio-y-union-y-gano-automoto\/","og_locale":"es_ES","og_type":"article","og_title":"ARRANC\u00d3 LA LRF: PERDI\u00d3 UNI\u00d3N Y GAN\u00d3 AUTOMOTO - CELTTV","og_description":"Sitio web de noticias de la localidad de Tornquist, provincia de Buenos Aires, Rep\u00fablica Argentina. Contenido propio originado por periodistas de CELTTV, el canal de TV local de la Cooperativa El\u00e9ctrica de Tornquist. Turismo, Pol\u00edtica, Sociedad, Deporte, Cultura y todo el contenido de inter\u00e9s general que la gente del pueblo y la regi\u00f3n debe conocer.","og_url":"https:\/\/www.celttv.com.ar\/index.php\/2023\/03\/05\/arranco-la-lrf-perdio-y-union-y-gano-automoto\/","og_site_name":"CELTTV","article_publisher":"https:\/\/www.facebook.com\/celtTV\/","article_published_time":"2023-03-05T23:41:49+00:00","article_modified_time":"2023-03-06T12:29:20+00:00","og_image":[{"width":1024,"height":683,"url":"https:\/\/www.celttv.com.ar\/wp-content\/uploads\/2023\/03\/DSC_0109.jpg","type":"image\/jpeg"}],"author":"Gustavo","twitter_card":"summary_large_image","twitter_misc":{"Escrito por":"Gustavo","Tiempo de lectura":"1 minuto"},"schema":{"@context":"https:\/\/schema.org","@graph":[{"@type":"NewsArticle","@id":"https:\/\/www.celttv.com.ar\/index.php\/2023\/03\/05\/arranco-la-lrf-perdio-y-union-y-gano-automoto\/#article","isPartOf":{"@id":"https:\/\/www.celttv.com.ar\/index.php\/2023\/03\/05\/arranco-la-lrf-perdio-y-union-y-gano-automoto\/"},"author":{"name":"Gustavo","@id":"https:\/\/www.celttv.com.ar\/#\/schema\/person\/2fa5211ee5f57a14d73608a9c7953d47"},"headline":"ARRANC\u00d3 LA LRF: PERDI\u00d3 UNI\u00d3N Y GAN\u00d3 AUTOMOTO","datePublished":"2023-03-05T23:41:49+00:00","dateModified":"2023-03-06T12:29:20+00:00","mainEntityOfPage":{"@id":"https:\/\/www.celttv.com.ar\/index.php\/2023\/03\/05\/arranco-la-lrf-perdio-y-union-y-gano-automoto\/"},"wordCount":143,"publisher":{"@id":"https:\/\/www.celttv.com.ar\/#organization"},"inLanguage":"es"},{"@type":"WebPage","@id":"https:\/\/www.celttv.com.ar\/index.php\/2023\/03\/05\/arranco-la-lrf-perdio-y-union-y-gano-automoto\/","url":"https:\/\/www.celttv.com.ar\/index.php\/2023\/03\/05\/arranco-la-lrf-perdio-y-union-y-gano-automoto\/","name":"ARRANC\u00d3 LA LRF: PERDI\u00d3 UNI\u00d3N Y GAN\u00d3 AUTOMOTO - CELTTV","isPartOf":{"@id":"https:\/\/www.celttv.com.ar\/#website"},"datePublished":"2023-03-05T23:41:49+00:00","dateModified":"2023-03-06T12:29:20+00:00","description":"Sitio web de noticias de la localidad de Tornquist, provincia de Buenos Aires, Rep\u00fablica Argentina. Contenido propio originado por periodistas de CELTTV, el canal de TV local de la Cooperativa El\u00e9ctrica de Tornquist. Turismo, Pol\u00edtica, Sociedad, Deporte, Cultura y todo el contenido de inter\u00e9s general que la gente del pueblo y la regi\u00f3n debe conocer.","breadcrumb":{"@id":"https:\/\/www.celttv.com.ar\/index.php\/2023\/03\/05\/arranco-la-lrf-perdio-y-union-y-gano-automoto\/#breadcrumb"},"inLanguage":"es","potentialAction":[{"@type":"ReadAction","target":["https:\/\/www.celttv.com.ar\/index.php\/2023\/03\/05\/arranco-la-lrf-perdio-y-union-y-gano-automoto\/"]}]},{"@type":"BreadcrumbList","@id":"https:\/\/www.celttv.com.ar\/index.php\/2023\/03\/05\/arranco-la-lrf-perdio-y-union-y-gano-automoto\/#breadcrumb","itemListElement":[{"@type":"ListItem","position":1,"name":"Inicio","item":"https:\/\/www.celttv.com.ar\/"},{"@type":"ListItem","position":2,"name":"ARRANC\u00d3 LA LRF: PERDI\u00d3 UNI\u00d3N Y GAN\u00d3 AUTOMOTO"}]},{"@type":"WebSite","@id":"https:\/\/www.celttv.com.ar\/#website","url":"https:\/\/www.celttv.com.ar\/","name":"CELTTV","description":"Cooperativa El\u00e9ctrica de Tornquist","publisher":{"@id":"https:\/\/www.celttv.com.ar\/#organization"},"potentialAction":[{"@type":"SearchAction","target":{"@type":"EntryPoint","urlTemplate":"https:\/\/www.celttv.com.ar\/?s={search_term_string}"},"query-input":"required name=search_term_string"}],"inLanguage":"es"},{"@type":"Organization","@id":"https:\/\/www.celttv.com.ar\/#organization","name":"CELTTV","url":"https:\/\/www.celttv.com.ar\/","sameAs":["https:\/\/www.youtube.com\/channel\/UCz_oIt8Hig64Ub-EmcNPIhg","https:\/\/www.facebook.com\/celtTV\/"],"logo":{"@type":"ImageObject","inLanguage":"es","@id":"https:\/\/www.celttv.com.ar\/#\/schema\/logo\/image\/","url":"http:\/\/www.celttv.com.ar\/wp-content\/uploads\/2022\/08\/logo-1.png","contentUrl":"http:\/\/www.celttv.com.ar\/wp-content\/uploads\/2022\/08\/logo-1.png","width":461,"height":159,"caption":"CELTTV"},"image":{"@id":"https:\/\/www.celttv.com.ar\/#\/schema\/logo\/image\/"}},{"@type":"Person","@id":"https:\/\/www.celttv.com.ar\/#\/schema\/person\/2fa5211ee5f57a14d73608a9c7953d47","name":"Gustavo","image":{"@type":"ImageObject","inLanguage":"es","@id":"https:\/\/www.celttv.com.ar\/#\/schema\/person\/image\/","url":"https:\/\/secure.gravatar.com\/avatar\/ce08c7f9fb0c7a8fac3ceb4037244aff8ba8fcdc212dd29d83ed27319212b01d?s=96&d=mm&r=g","contentUrl":"https:\/\/secure.gravatar.com\/avatar\/ce08c7f9fb0c7a8fac3ceb4037244aff8ba8fcdc212dd29d83ed27319212b01d?s=96&d=mm&r=g","caption":"Gustavo"},"sameAs":["http:\/\/Gustavo%20Bacci"]}]}},"_links":{"self":[{"href":"https:\/\/www.celttv.com.ar\/index.php\/wp-json\/wp\/v2\/posts\/74056","targetHints":{"allow":["GET"]}}],"collection":[{"href":"https:\/\/www.celttv.com.ar\/index.php\/wp-json\/wp\/v2\/posts"}],"about":[{"href":"https:\/\/www.celttv.com.ar\/index.php\/wp-json\/wp\/v2\/types\/post"}],"author":[{"embeddable":true,"href":"https:\/\/www.celttv.com.ar\/index.php\/wp-json\/wp\/v2\/users\/6"}],"replies":[{"embeddable":true,"href":"https:\/\/www.celttv.com.ar\/index.php\/wp-json\/wp\/v2\/comments?post=74056"}],"version-history":[{"count":2,"href":"https:\/\/www.celttv.com.ar\/index.php\/wp-json\/wp\/v2\/posts\/74056\/revisions"}],"predecessor-version":[{"id":74063,"href":"https:\/\/www.celttv.com.ar\/index.php\/wp-json\/wp\/v2\/posts\/74056\/revisions\/74063"}],"wp:featuredmedia":[{"embeddable":true,"href":"https:\/\/www.celttv.com.ar\/index.php\/wp-json\/wp\/v2\/media\/74061"}],"wp:attachment":[{"href":"https:\/\/www.celttv.com.ar\/index.php\/wp-json\/wp\/v2\/media?parent=74056"}],"wp:term":[{"taxonomy":"category","embeddable":true,"href":"https:\/\/www.celttv.com.ar\/index.php\/wp-json\/wp\/v2\/categories?post=74056"},{"taxonomy":"post_tag","embeddable":true,"href":"https:\/\/www.celttv.com.ar\/index.php\/wp-json\/wp\/v2\/tags?post=74056"}],"curies":[{"name":"wp","href":"https:\/\/api.w.org\/{rel}","templated":true}]}}