{"id":74064,"date":"2023-03-06T09:37:59","date_gmt":"2023-03-06T12:37:59","guid":{"rendered":"http:\/\/www.celttv.com.ar\/?p=74064"},"modified":"2023-03-06T09:37:59","modified_gmt":"2023-03-06T12:37:59","slug":"comunicado-del-consejo-de-las-mujeres-tornquist","status":"publish","type":"post","link":"https:\/\/www.celttv.com.ar\/index.php\/2023\/03\/06\/comunicado-del-consejo-de-las-mujeres-tornquist\/","title":{"rendered":"Comunicado del Consejo de las Mujeres Tornquist"},"content":{"rendered":"<p class=\"yiv9110453945MsoNormal\"><span lang=\"ES\">El 8 de marzo es una fecha estrechamente ligada a la extensa y ardua lucha que las\u00a0 \u00a0mujeres llevamos adelante a lo largo de la historia para conquistar espacios de participaci\u00f3n en la sociedad,\u00a0 para alcanzar el reconocimiento y la pr\u00e1ctica efectiva de nuestros derechos,\u00a0 para adquirir un desarrollo \u00edntegro como personas y, principalmente, para lograr la emancipaci\u00f3n y\/o liberaci\u00f3n en diferentes puntos y aspectos de la vida misma.<\/span><\/p>\n<p class=\"yiv9110453945MsoNormal\"><span lang=\"ES\">Un antecedente hist\u00f3rico\u00a0 de relevancia para esta conmemoraci\u00f3n se encuentra a mediados del siglo XIX, cuando\u00a0 las mujeres que se incorporaban\u00a0 a la producci\u00f3n\u00a0 textil\u00a0\u00a0 eran mayor\u00eda absoluta y trabajaban jornadas de m\u00e1s de doce horas a cambio de salarios miserables. Para cambiar las m\u00edseras condiciones en las que desarrollaban sus labores en las f\u00e1bricas textiles en Nueva York, el 8 de marzo de1857 las\u00a0 obreras tomaron las calles, manifestaci\u00f3n\u00a0 que fue violentamente reprimida por\u00a0 la polic\u00eda.<\/span><\/p>\n<p class=\"yiv9110453945MsoNormal\"><span lang=\"ES\">La primera conmemoraci\u00f3n del &#8220;D\u00eda Internacional de la Mujer Trabajadora&#8221; ocurri\u00f3 en marzo de 1911 en el continente europeo, ocasi\u00f3n en que las mujeres pidieron por el derecho al voto, al trabajo, a la formaci\u00f3n profesional y a la no discriminaci\u00f3n laboral.<\/span><\/p>\n<p class=\"yiv9110453945MsoNormal\"><span lang=\"ES\">Pero, la\u00a0 conmemoraci\u00f3n moderna del D\u00eda Internacional de la Mujer remite a la tragedia en la que m\u00e1s de un centenar de trabajadoras, casi todas ellas j\u00f3venes inmigrantes, muri\u00f3 tr\u00e1gicamente en el incendio intencional de la f\u00e1brica textil Cotton\u00a0 de Nueva York. Fue entonces que se dio verdaderamente un quiebre en la historia tanto de las mujeres como del feminismo pues fue un impulso clave para la lucha por mejores condiciones laborales.<\/span><\/p>\n<p class=\"yiv9110453945MsoNormal\"><span lang=\"ES\">Las llamas que alientan nuestras luchas y siguen\u00a0\u00a0 ardiendo a m\u00e1s de un siglo\u00a0 despu\u00e9s surgieron de esas cenizas. A\u00f1o tras a\u00f1o, el 8 de marzo, miles de mujeres salimos a las calles de todo el mundo para reclamar nuevos derechos, defender los ya conquistados y luchar contra aquellas leyes que nos discriminan o que rechazan el principio de igualdad de sexos y de oportunidades.<\/span><\/p>\n<p class=\"yiv9110453945MsoNormal\"><span lang=\"ES\">En 1975, durante el A\u00f1o Internacional de la Mujer, las Naciones Unidas empezaron a conmemorar el D\u00eda Internacional de la Mujer el 8 de marzo. Dos a\u00f1os m\u00e1s tarde, la Asamblea General de las Naciones Unidas lo formaliz\u00f3 oficialmente.<\/span><\/p>\n<p class=\"yiv9110453945MsoNormal\"><span lang=\"ES\">El D\u00eda Internacional de la Mujer\u00a0 significa un recuerdo y una reivindicaci\u00f3n de la igualdad conseguida a lo largo del tiempo, la conquista de derechos y de espacios que tantas veces fueron negados y, principalmente, del comienzo de la liberaci\u00f3n de todo sometimiento. La lucha feminista est\u00e1 \u00edntimamente ligada a la lucha por la democracia y las mujeres seguiremos peleando para ocupar el lugar que merecemos, para ser respetadas en todos los \u00e1mbitos, para combatir las violencias y los abusos de poder ejercida por el patriarcado que siguen presentes y latentes a pesar de los cambios.<\/span><\/p>\n<p class=\"yiv9110453945MsoNormal\"><span lang=\"ES\">Muchas voluntades se aunaron para la conmemoraci\u00f3n en Sierra de la Ventana. Te esperamos para compartirla.<\/span><\/p>\n<p><a href=\"http:\/\/www.celttv.com.ar\/wp-content\/uploads\/2023\/03\/Nueva-imagen-1.bmp\"><img loading=\"lazy\" decoding=\"async\" class=\"alignnone wp-image-74065 size-large\" src=\"http:\/\/www.celttv.com.ar\/wp-content\/uploads\/2023\/03\/Nueva-imagen-1-1024x1024.jpg\" alt=\"\" width=\"1024\" height=\"1024\" srcset=\"https:\/\/www.celttv.com.ar\/wp-content\/uploads\/2023\/03\/Nueva-imagen-1-1024x1024.jpg 1024w, https:\/\/www.celttv.com.ar\/wp-content\/uploads\/2023\/03\/Nueva-imagen-1-300x300.jpg 300w, https:\/\/www.celttv.com.ar\/wp-content\/uploads\/2023\/03\/Nueva-imagen-1-150x150.jpg 150w, https:\/\/www.celttv.com.ar\/wp-content\/uploads\/2023\/03\/Nueva-imagen-1-768x768.jpg 768w, https:\/\/www.celttv.com.ar\/wp-content\/uploads\/2023\/03\/Nueva-imagen-1-75x75.jpg 75w, https:\/\/www.celttv.com.ar\/wp-content\/uploads\/2023\/03\/Nueva-imagen-1-750x750.jpg 750w, https:\/\/www.celttv.com.ar\/wp-content\/uploads\/2023\/03\/Nueva-imagen-1.bmp 1080w\" sizes=\"auto, (max-width: 1024px) 100vw, 1024px\" \/><\/a> <img loading=\"lazy\" decoding=\"async\" class=\"alignnone wp-image-74066 size-large\" src=\"http:\/\/www.celttv.com.ar\/wp-content\/uploads\/2023\/03\/Nueva-imagen-2-724x1024.jpg\" alt=\"\" width=\"724\" height=\"1024\" srcset=\"https:\/\/www.celttv.com.ar\/wp-content\/uploads\/2023\/03\/Nueva-imagen-2-724x1024.jpg 724w, https:\/\/www.celttv.com.ar\/wp-content\/uploads\/2023\/03\/Nueva-imagen-2-212x300.jpg 212w, https:\/\/www.celttv.com.ar\/wp-content\/uploads\/2023\/03\/Nueva-imagen-2-768x1086.jpg 768w, https:\/\/www.celttv.com.ar\/wp-content\/uploads\/2023\/03\/Nueva-imagen-2-1086x1536.jpg 1086w, https:\/\/www.celttv.com.ar\/wp-content\/uploads\/2023\/03\/Nueva-imagen-2-750x1061.jpg 750w, https:\/\/www.celttv.com.ar\/wp-content\/uploads\/2023\/03\/Nueva-imagen-2.bmp 1131w\" sizes=\"auto, (max-width: 724px) 100vw, 724px\" \/> <img loading=\"lazy\" decoding=\"async\" class=\"alignnone wp-image-74067 size-large\" src=\"http:\/\/www.celttv.com.ar\/wp-content\/uploads\/2023\/03\/Nueva-imagen-1024x1024.jpg\" alt=\"\" width=\"1024\" height=\"1024\" srcset=\"https:\/\/www.celttv.com.ar\/wp-content\/uploads\/2023\/03\/Nueva-imagen-1024x1024.jpg 1024w, https:\/\/www.celttv.com.ar\/wp-content\/uploads\/2023\/03\/Nueva-imagen-300x300.jpg 300w, https:\/\/www.celttv.com.ar\/wp-content\/uploads\/2023\/03\/Nueva-imagen-150x150.jpg 150w, https:\/\/www.celttv.com.ar\/wp-content\/uploads\/2023\/03\/Nueva-imagen-768x768.jpg 768w, https:\/\/www.celttv.com.ar\/wp-content\/uploads\/2023\/03\/Nueva-imagen-75x75.jpg 75w, https:\/\/www.celttv.com.ar\/wp-content\/uploads\/2023\/03\/Nueva-imagen-750x750.jpg 750w, https:\/\/www.celttv.com.ar\/wp-content\/uploads\/2023\/03\/Nueva-imagen.bmp 1080w\" sizes=\"auto, (max-width: 1024px) 100vw, 1024px\" \/><\/p>\n","protected":false},"excerpt":{"rendered":"<p>El 8 de marzo es una fecha estrechamente ligada a la extensa y ardua lucha que las\u00a0 \u00a0mujeres llevamos adelante a lo largo de la historia para conquistar espacios de participaci\u00f3n en la sociedad,\u00a0 para alcanzar el reconocimiento y la pr\u00e1ctica efectiva de nuestros derechos,\u00a0 para adquirir un desarrollo \u00edntegro como personas y, principalmente, para [&hellip;]<\/p>\n","protected":false},"author":3,"featured_media":74066,"comment_status":"closed","ping_status":"closed","sticky":false,"template":"","format":"standard","meta":{"footnotes":""},"categories":[55],"tags":[],"class_list":["post-74064","post","type-post","status-publish","format-standard","has-post-thumbnail","hentry","category-celt-tv-noticias"],"yoast_head":"<!-- This site is optimized with the Yoast SEO plugin v19.7.1 - https:\/\/yoast.com\/wordpress\/plugins\/seo\/ -->\n<title>Comunicado del Consejo de las Mujeres Tornquist - CELTTV<\/title>\n<meta name=\"description\" content=\"Sitio web de noticias de la localidad de Tornquist, provincia de Buenos Aires, Rep\u00fablica Argentina. Contenido propio originado por periodistas de CELTTV, el canal de TV local de la Cooperativa El\u00e9ctrica de Tornquist. Turismo, Pol\u00edtica, Sociedad, Deporte, Cultura y todo el contenido de inter\u00e9s general que la gente del pueblo y la regi\u00f3n debe conocer.\" \/>\n<meta name=\"robots\" content=\"index, follow, max-snippet:-1, max-image-preview:large, max-video-preview:-1\" \/>\n<link rel=\"canonical\" href=\"https:\/\/www.celttv.com.ar\/index.php\/2023\/03\/06\/comunicado-del-consejo-de-las-mujeres-tornquist\/\" \/>\n<meta property=\"og:locale\" content=\"es_ES\" \/>\n<meta property=\"og:type\" content=\"article\" \/>\n<meta property=\"og:title\" content=\"Comunicado del Consejo de las Mujeres Tornquist - CELTTV\" \/>\n<meta property=\"og:description\" content=\"Sitio web de noticias de la localidad de Tornquist, provincia de Buenos Aires, Rep\u00fablica Argentina. Contenido propio originado por periodistas de CELTTV, el canal de TV local de la Cooperativa El\u00e9ctrica de Tornquist. Turismo, Pol\u00edtica, Sociedad, Deporte, Cultura y todo el contenido de inter\u00e9s general que la gente del pueblo y la regi\u00f3n debe conocer.\" \/>\n<meta property=\"og:url\" content=\"https:\/\/www.celttv.com.ar\/index.php\/2023\/03\/06\/comunicado-del-consejo-de-las-mujeres-tornquist\/\" \/>\n<meta property=\"og:site_name\" content=\"CELTTV\" \/>\n<meta property=\"article:publisher\" content=\"https:\/\/www.facebook.com\/celtTV\/\" \/>\n<meta property=\"article:published_time\" content=\"2023-03-06T12:37:59+00:00\" \/>\n<meta name=\"author\" content=\"Rodrigo Sgammini\" \/>\n<meta name=\"twitter:card\" content=\"summary_large_image\" \/>\n<meta name=\"twitter:image\" content=\"https:\/\/www.celttv.com.ar\/wp-content\/uploads\/2023\/03\/Nueva-imagen-2.bmp\" \/>\n<meta name=\"twitter:label1\" content=\"Escrito por\" \/>\n\t<meta name=\"twitter:data1\" content=\"Rodrigo Sgammini\" \/>\n\t<meta name=\"twitter:label2\" content=\"Tiempo de lectura\" \/>\n\t<meta name=\"twitter:data2\" content=\"3 minutos\" \/>\n<script type=\"application\/ld+json\" class=\"yoast-schema-graph\">{\"@context\":\"https:\/\/schema.org\",\"@graph\":[{\"@type\":\"NewsArticle\",\"@id\":\"https:\/\/www.celttv.com.ar\/index.php\/2023\/03\/06\/comunicado-del-consejo-de-las-mujeres-tornquist\/#article\",\"isPartOf\":{\"@id\":\"https:\/\/www.celttv.com.ar\/index.php\/2023\/03\/06\/comunicado-del-consejo-de-las-mujeres-tornquist\/\"},\"author\":{\"name\":\"Rodrigo Sgammini\",\"@id\":\"https:\/\/www.celttv.com.ar\/#\/schema\/person\/495be51d064edd971d8457f8f64eb172\"},\"headline\":\"Comunicado del Consejo de las Mujeres Tornquist\",\"datePublished\":\"2023-03-06T12:37:59+00:00\",\"dateModified\":\"2023-03-06T12:37:59+00:00\",\"mainEntityOfPage\":{\"@id\":\"https:\/\/www.celttv.com.ar\/index.php\/2023\/03\/06\/comunicado-del-consejo-de-las-mujeres-tornquist\/\"},\"wordCount\":514,\"publisher\":{\"@id\":\"https:\/\/www.celttv.com.ar\/#organization\"},\"articleSection\":[\"Celt TV Noticias\"],\"inLanguage\":\"es\"},{\"@type\":\"WebPage\",\"@id\":\"https:\/\/www.celttv.com.ar\/index.php\/2023\/03\/06\/comunicado-del-consejo-de-las-mujeres-tornquist\/\",\"url\":\"https:\/\/www.celttv.com.ar\/index.php\/2023\/03\/06\/comunicado-del-consejo-de-las-mujeres-tornquist\/\",\"name\":\"Comunicado del Consejo de las Mujeres Tornquist - CELTTV\",\"isPartOf\":{\"@id\":\"https:\/\/www.celttv.com.ar\/#website\"},\"datePublished\":\"2023-03-06T12:37:59+00:00\",\"dateModified\":\"2023-03-06T12:37:59+00:00\",\"description\":\"Sitio web de noticias de la localidad de Tornquist, provincia de Buenos Aires, Rep\u00fablica Argentina. Contenido propio originado por periodistas de CELTTV, el canal de TV local de la Cooperativa El\u00e9ctrica de Tornquist. Turismo, Pol\u00edtica, Sociedad, Deporte, Cultura y todo el contenido de inter\u00e9s general que la gente del pueblo y la regi\u00f3n debe conocer.\",\"breadcrumb\":{\"@id\":\"https:\/\/www.celttv.com.ar\/index.php\/2023\/03\/06\/comunicado-del-consejo-de-las-mujeres-tornquist\/#breadcrumb\"},\"inLanguage\":\"es\",\"potentialAction\":[{\"@type\":\"ReadAction\",\"target\":[\"https:\/\/www.celttv.com.ar\/index.php\/2023\/03\/06\/comunicado-del-consejo-de-las-mujeres-tornquist\/\"]}]},{\"@type\":\"BreadcrumbList\",\"@id\":\"https:\/\/www.celttv.com.ar\/index.php\/2023\/03\/06\/comunicado-del-consejo-de-las-mujeres-tornquist\/#breadcrumb\",\"itemListElement\":[{\"@type\":\"ListItem\",\"position\":1,\"name\":\"Inicio\",\"item\":\"https:\/\/www.celttv.com.ar\/\"},{\"@type\":\"ListItem\",\"position\":2,\"name\":\"Comunicado del Consejo de las Mujeres Tornquist\"}]},{\"@type\":\"WebSite\",\"@id\":\"https:\/\/www.celttv.com.ar\/#website\",\"url\":\"https:\/\/www.celttv.com.ar\/\",\"name\":\"CELTTV\",\"description\":\"Cooperativa El\u00e9ctrica de Tornquist\",\"publisher\":{\"@id\":\"https:\/\/www.celttv.com.ar\/#organization\"},\"potentialAction\":[{\"@type\":\"SearchAction\",\"target\":{\"@type\":\"EntryPoint\",\"urlTemplate\":\"https:\/\/www.celttv.com.ar\/?s={search_term_string}\"},\"query-input\":\"required name=search_term_string\"}],\"inLanguage\":\"es\"},{\"@type\":\"Organization\",\"@id\":\"https:\/\/www.celttv.com.ar\/#organization\",\"name\":\"CELTTV\",\"url\":\"https:\/\/www.celttv.com.ar\/\",\"sameAs\":[\"https:\/\/www.youtube.com\/channel\/UCz_oIt8Hig64Ub-EmcNPIhg\",\"https:\/\/www.facebook.com\/celtTV\/\"],\"logo\":{\"@type\":\"ImageObject\",\"inLanguage\":\"es\",\"@id\":\"https:\/\/www.celttv.com.ar\/#\/schema\/logo\/image\/\",\"url\":\"http:\/\/www.celttv.com.ar\/wp-content\/uploads\/2022\/08\/logo-1.png\",\"contentUrl\":\"http:\/\/www.celttv.com.ar\/wp-content\/uploads\/2022\/08\/logo-1.png\",\"width\":461,\"height\":159,\"caption\":\"CELTTV\"},\"image\":{\"@id\":\"https:\/\/www.celttv.com.ar\/#\/schema\/logo\/image\/\"}},{\"@type\":\"Person\",\"@id\":\"https:\/\/www.celttv.com.ar\/#\/schema\/person\/495be51d064edd971d8457f8f64eb172\",\"name\":\"Rodrigo Sgammini\",\"image\":{\"@type\":\"ImageObject\",\"inLanguage\":\"es\",\"@id\":\"https:\/\/www.celttv.com.ar\/#\/schema\/person\/image\/\",\"url\":\"https:\/\/secure.gravatar.com\/avatar\/68f7848d42735e7a9276b47cd6e606327d88f521c51ae39d88888b76902e2987?s=96&d=mm&r=g\",\"contentUrl\":\"https:\/\/secure.gravatar.com\/avatar\/68f7848d42735e7a9276b47cd6e606327d88f521c51ae39d88888b76902e2987?s=96&d=mm&r=g\",\"caption\":\"Rodrigo Sgammini\"}}]}<\/script>\n<!-- \/ Yoast SEO plugin. -->","yoast_head_json":{"title":"Comunicado del Consejo de las Mujeres Tornquist - CELTTV","description":"Sitio web de noticias de la localidad de Tornquist, provincia de Buenos Aires, Rep\u00fablica Argentina. Contenido propio originado por periodistas de CELTTV, el canal de TV local de la Cooperativa El\u00e9ctrica de Tornquist. Turismo, Pol\u00edtica, Sociedad, Deporte, Cultura y todo el contenido de inter\u00e9s general que la gente del pueblo y la regi\u00f3n debe conocer.","robots":{"index":"index","follow":"follow","max-snippet":"max-snippet:-1","max-image-preview":"max-image-preview:large","max-video-preview":"max-video-preview:-1"},"canonical":"https:\/\/www.celttv.com.ar\/index.php\/2023\/03\/06\/comunicado-del-consejo-de-las-mujeres-tornquist\/","og_locale":"es_ES","og_type":"article","og_title":"Comunicado del Consejo de las Mujeres Tornquist - CELTTV","og_description":"Sitio web de noticias de la localidad de Tornquist, provincia de Buenos Aires, Rep\u00fablica Argentina. Contenido propio originado por periodistas de CELTTV, el canal de TV local de la Cooperativa El\u00e9ctrica de Tornquist. Turismo, Pol\u00edtica, Sociedad, Deporte, Cultura y todo el contenido de inter\u00e9s general que la gente del pueblo y la regi\u00f3n debe conocer.","og_url":"https:\/\/www.celttv.com.ar\/index.php\/2023\/03\/06\/comunicado-del-consejo-de-las-mujeres-tornquist\/","og_site_name":"CELTTV","article_publisher":"https:\/\/www.facebook.com\/celtTV\/","article_published_time":"2023-03-06T12:37:59+00:00","author":"Rodrigo Sgammini","twitter_card":"summary_large_image","twitter_image":"https:\/\/www.celttv.com.ar\/wp-content\/uploads\/2023\/03\/Nueva-imagen-2.bmp","twitter_misc":{"Escrito por":"Rodrigo Sgammini","Tiempo de lectura":"3 minutos"},"schema":{"@context":"https:\/\/schema.org","@graph":[{"@type":"NewsArticle","@id":"https:\/\/www.celttv.com.ar\/index.php\/2023\/03\/06\/comunicado-del-consejo-de-las-mujeres-tornquist\/#article","isPartOf":{"@id":"https:\/\/www.celttv.com.ar\/index.php\/2023\/03\/06\/comunicado-del-consejo-de-las-mujeres-tornquist\/"},"author":{"name":"Rodrigo Sgammini","@id":"https:\/\/www.celttv.com.ar\/#\/schema\/person\/495be51d064edd971d8457f8f64eb172"},"headline":"Comunicado del Consejo de las Mujeres Tornquist","datePublished":"2023-03-06T12:37:59+00:00","dateModified":"2023-03-06T12:37:59+00:00","mainEntityOfPage":{"@id":"https:\/\/www.celttv.com.ar\/index.php\/2023\/03\/06\/comunicado-del-consejo-de-las-mujeres-tornquist\/"},"wordCount":514,"publisher":{"@id":"https:\/\/www.celttv.com.ar\/#organization"},"articleSection":["Celt TV Noticias"],"inLanguage":"es"},{"@type":"WebPage","@id":"https:\/\/www.celttv.com.ar\/index.php\/2023\/03\/06\/comunicado-del-consejo-de-las-mujeres-tornquist\/","url":"https:\/\/www.celttv.com.ar\/index.php\/2023\/03\/06\/comunicado-del-consejo-de-las-mujeres-tornquist\/","name":"Comunicado del Consejo de las Mujeres Tornquist - CELTTV","isPartOf":{"@id":"https:\/\/www.celttv.com.ar\/#website"},"datePublished":"2023-03-06T12:37:59+00:00","dateModified":"2023-03-06T12:37:59+00:00","description":"Sitio web de noticias de la localidad de Tornquist, provincia de Buenos Aires, Rep\u00fablica Argentina. Contenido propio originado por periodistas de CELTTV, el canal de TV local de la Cooperativa El\u00e9ctrica de Tornquist. Turismo, Pol\u00edtica, Sociedad, Deporte, Cultura y todo el contenido de inter\u00e9s general que la gente del pueblo y la regi\u00f3n debe conocer.","breadcrumb":{"@id":"https:\/\/www.celttv.com.ar\/index.php\/2023\/03\/06\/comunicado-del-consejo-de-las-mujeres-tornquist\/#breadcrumb"},"inLanguage":"es","potentialAction":[{"@type":"ReadAction","target":["https:\/\/www.celttv.com.ar\/index.php\/2023\/03\/06\/comunicado-del-consejo-de-las-mujeres-tornquist\/"]}]},{"@type":"BreadcrumbList","@id":"https:\/\/www.celttv.com.ar\/index.php\/2023\/03\/06\/comunicado-del-consejo-de-las-mujeres-tornquist\/#breadcrumb","itemListElement":[{"@type":"ListItem","position":1,"name":"Inicio","item":"https:\/\/www.celttv.com.ar\/"},{"@type":"ListItem","position":2,"name":"Comunicado del Consejo de las Mujeres Tornquist"}]},{"@type":"WebSite","@id":"https:\/\/www.celttv.com.ar\/#website","url":"https:\/\/www.celttv.com.ar\/","name":"CELTTV","description":"Cooperativa El\u00e9ctrica de Tornquist","publisher":{"@id":"https:\/\/www.celttv.com.ar\/#organization"},"potentialAction":[{"@type":"SearchAction","target":{"@type":"EntryPoint","urlTemplate":"https:\/\/www.celttv.com.ar\/?s={search_term_string}"},"query-input":"required name=search_term_string"}],"inLanguage":"es"},{"@type":"Organization","@id":"https:\/\/www.celttv.com.ar\/#organization","name":"CELTTV","url":"https:\/\/www.celttv.com.ar\/","sameAs":["https:\/\/www.youtube.com\/channel\/UCz_oIt8Hig64Ub-EmcNPIhg","https:\/\/www.facebook.com\/celtTV\/"],"logo":{"@type":"ImageObject","inLanguage":"es","@id":"https:\/\/www.celttv.com.ar\/#\/schema\/logo\/image\/","url":"http:\/\/www.celttv.com.ar\/wp-content\/uploads\/2022\/08\/logo-1.png","contentUrl":"http:\/\/www.celttv.com.ar\/wp-content\/uploads\/2022\/08\/logo-1.png","width":461,"height":159,"caption":"CELTTV"},"image":{"@id":"https:\/\/www.celttv.com.ar\/#\/schema\/logo\/image\/"}},{"@type":"Person","@id":"https:\/\/www.celttv.com.ar\/#\/schema\/person\/495be51d064edd971d8457f8f64eb172","name":"Rodrigo Sgammini","image":{"@type":"ImageObject","inLanguage":"es","@id":"https:\/\/www.celttv.com.ar\/#\/schema\/person\/image\/","url":"https:\/\/secure.gravatar.com\/avatar\/68f7848d42735e7a9276b47cd6e606327d88f521c51ae39d88888b76902e2987?s=96&d=mm&r=g","contentUrl":"https:\/\/secure.gravatar.com\/avatar\/68f7848d42735e7a9276b47cd6e606327d88f521c51ae39d88888b76902e2987?s=96&d=mm&r=g","caption":"Rodrigo Sgammini"}}]}},"_links":{"self":[{"href":"https:\/\/www.celttv.com.ar\/index.php\/wp-json\/wp\/v2\/posts\/74064","targetHints":{"allow":["GET"]}}],"collection":[{"href":"https:\/\/www.celttv.com.ar\/index.php\/wp-json\/wp\/v2\/posts"}],"about":[{"href":"https:\/\/www.celttv.com.ar\/index.php\/wp-json\/wp\/v2\/types\/post"}],"author":[{"embeddable":true,"href":"https:\/\/www.celttv.com.ar\/index.php\/wp-json\/wp\/v2\/users\/3"}],"replies":[{"embeddable":true,"href":"https:\/\/www.celttv.com.ar\/index.php\/wp-json\/wp\/v2\/comments?post=74064"}],"version-history":[{"count":1,"href":"https:\/\/www.celttv.com.ar\/index.php\/wp-json\/wp\/v2\/posts\/74064\/revisions"}],"predecessor-version":[{"id":74068,"href":"https:\/\/www.celttv.com.ar\/index.php\/wp-json\/wp\/v2\/posts\/74064\/revisions\/74068"}],"wp:featuredmedia":[{"embeddable":true,"href":"https:\/\/www.celttv.com.ar\/index.php\/wp-json\/wp\/v2\/media\/74066"}],"wp:attachment":[{"href":"https:\/\/www.celttv.com.ar\/index.php\/wp-json\/wp\/v2\/media?parent=74064"}],"wp:term":[{"taxonomy":"category","embeddable":true,"href":"https:\/\/www.celttv.com.ar\/index.php\/wp-json\/wp\/v2\/categories?post=74064"},{"taxonomy":"post_tag","embeddable":true,"href":"https:\/\/www.celttv.com.ar\/index.php\/wp-json\/wp\/v2\/tags?post=74064"}],"curies":[{"name":"wp","href":"https:\/\/api.w.org\/{rel}","templated":true}]}}