{"id":74130,"date":"2023-03-08T09:35:31","date_gmt":"2023-03-08T12:35:31","guid":{"rendered":"http:\/\/www.celttv.com.ar\/?p=74130"},"modified":"2023-03-08T09:35:31","modified_gmt":"2023-03-08T12:35:31","slug":"una-fecha-dedicada-a-reflexionar-sobre-la-lucha-eterna-por-la-libertad-la-igualdad-y-la-fraternidad-de-las-mujeres-y-los-varones-en-todo-el-mundo","status":"publish","type":"post","link":"https:\/\/www.celttv.com.ar\/index.php\/2023\/03\/08\/una-fecha-dedicada-a-reflexionar-sobre-la-lucha-eterna-por-la-libertad-la-igualdad-y-la-fraternidad-de-las-mujeres-y-los-varones-en-todo-el-mundo\/","title":{"rendered":"Una fecha dedicada a reflexionar sobre la lucha eterna por la libertad, la igualdad y la fraternidad de las mujeres y los varones en todo el mundo."},"content":{"rendered":"<p><strong>El 8 de marzo es un homenaje a la memoria de esas trabajadoras brutalmente reprimidas hasta la muerte, pero sobre todo es una fecha dedicada a reflexionar sobre la lucha eterna por la li\u00adbertad, la igualdad y la fraternidad de las mujeres y los varones en todo el mundo. <\/strong><\/p>\n<p><strong>La conmemoraci\u00f3n del D\u00eda Internacional de la Mu\u00adjer nos convoca a evocar un hecho hist\u00f3rico doloroso y ejemplar, para mantener viva la memoria y estimular la visi\u00f3n cr\u00edtica sobre el presente. Y al mismo tiempo, es un momento propicio para fortalecer los valores humanistas y nues\u00adtro compromiso para contribuir a la construcci\u00f3n de una <\/strong><strong>sociedad justa, respe\u00adtuosa y solidaria.<\/strong><\/p>\n<p>&nbsp;<\/p>\n<p>Este d\u00eda especial es motivo para agradecer y reconocer el valioso aporte que hacen las mujeres a nuestra sociedad.<\/p>\n<p><strong>Cooperativa El\u00e9ctrica Ltda de Tornquist<\/strong><\/p>\n<p>&nbsp;<\/p>\n","protected":false},"excerpt":{"rendered":"<p>El 8 de marzo es un homenaje a la memoria de esas trabajadoras brutalmente reprimidas hasta la muerte, pero sobre todo es una fecha dedicada a reflexionar sobre la lucha eterna por la li\u00adbertad, la igualdad y la fraternidad de las mujeres y los varones en todo el mundo. La conmemoraci\u00f3n del D\u00eda Internacional de [&hellip;]<\/p>\n","protected":false},"author":5,"featured_media":74131,"comment_status":"closed","ping_status":"closed","sticky":false,"template":"","format":"standard","meta":{"footnotes":""},"categories":[51,52,66],"tags":[733,732],"class_list":["post-74130","post","type-post","status-publish","format-standard","has-post-thumbnail","hentry","category-comunidad","category-destacadas","category-informacion-cooperativa","tag-la-igualdad-y-la-fraternidad-de-las-mujeres-y-los-varones-en-todo-el-mundo","tag-una-fecha-dedicada-a-reflexionar-sobre-la-lucha-eterna-por-la-libertad"],"yoast_head":"<!-- This site is optimized with the Yoast SEO plugin v19.7.1 - https:\/\/yoast.com\/wordpress\/plugins\/seo\/ -->\n<title>Una fecha dedicada a reflexionar sobre la lucha eterna por la libertad, la igualdad y la fraternidad de las mujeres y los varones en todo el mundo. - CELTTV<\/title>\n<meta name=\"description\" content=\"Sitio web de noticias de la localidad de Tornquist, provincia de Buenos Aires, Rep\u00fablica Argentina. Contenido propio originado por periodistas de CELTTV, el canal de TV local de la Cooperativa El\u00e9ctrica de Tornquist. Turismo, Pol\u00edtica, Sociedad, Deporte, Cultura y todo el contenido de inter\u00e9s general que la gente del pueblo y la regi\u00f3n debe conocer.\" \/>\n<meta name=\"robots\" content=\"index, follow, max-snippet:-1, max-image-preview:large, max-video-preview:-1\" \/>\n<link rel=\"canonical\" href=\"https:\/\/www.celttv.com.ar\/index.php\/2023\/03\/08\/una-fecha-dedicada-a-reflexionar-sobre-la-lucha-eterna-por-la-libertad-la-igualdad-y-la-fraternidad-de-las-mujeres-y-los-varones-en-todo-el-mundo\/\" \/>\n<meta property=\"og:locale\" content=\"es_ES\" \/>\n<meta property=\"og:type\" content=\"article\" \/>\n<meta property=\"og:title\" content=\"Una fecha dedicada a reflexionar sobre la lucha eterna por la libertad, la igualdad y la fraternidad de las mujeres y los varones en todo el mundo. - CELTTV\" \/>\n<meta property=\"og:description\" content=\"Sitio web de noticias de la localidad de Tornquist, provincia de Buenos Aires, Rep\u00fablica Argentina. Contenido propio originado por periodistas de CELTTV, el canal de TV local de la Cooperativa El\u00e9ctrica de Tornquist. Turismo, Pol\u00edtica, Sociedad, Deporte, Cultura y todo el contenido de inter\u00e9s general que la gente del pueblo y la regi\u00f3n debe conocer.\" \/>\n<meta property=\"og:url\" content=\"https:\/\/www.celttv.com.ar\/index.php\/2023\/03\/08\/una-fecha-dedicada-a-reflexionar-sobre-la-lucha-eterna-por-la-libertad-la-igualdad-y-la-fraternidad-de-las-mujeres-y-los-varones-en-todo-el-mundo\/\" \/>\n<meta property=\"og:site_name\" content=\"CELTTV\" \/>\n<meta property=\"article:publisher\" content=\"https:\/\/www.facebook.com\/celtTV\/\" \/>\n<meta property=\"article:published_time\" content=\"2023-03-08T12:35:31+00:00\" \/>\n<meta property=\"og:image\" content=\"https:\/\/www.celttv.com.ar\/wp-content\/uploads\/2023\/03\/dia-de-mujer-cooperativista.jpg\" \/>\n\t<meta property=\"og:image:width\" content=\"945\" \/>\n\t<meta property=\"og:image:height\" content=\"585\" \/>\n\t<meta property=\"og:image:type\" content=\"image\/jpeg\" \/>\n<meta name=\"author\" content=\"Miguel Herrada\" \/>\n<meta name=\"twitter:card\" content=\"summary_large_image\" \/>\n<meta name=\"twitter:label1\" content=\"Escrito por\" \/>\n\t<meta name=\"twitter:data1\" content=\"Miguel Herrada\" \/>\n\t<meta name=\"twitter:label2\" content=\"Tiempo de lectura\" \/>\n\t<meta name=\"twitter:data2\" content=\"1 minuto\" \/>\n<script type=\"application\/ld+json\" class=\"yoast-schema-graph\">{\"@context\":\"https:\/\/schema.org\",\"@graph\":[{\"@type\":\"NewsArticle\",\"@id\":\"https:\/\/www.celttv.com.ar\/index.php\/2023\/03\/08\/una-fecha-dedicada-a-reflexionar-sobre-la-lucha-eterna-por-la-libertad-la-igualdad-y-la-fraternidad-de-las-mujeres-y-los-varones-en-todo-el-mundo\/#article\",\"isPartOf\":{\"@id\":\"https:\/\/www.celttv.com.ar\/index.php\/2023\/03\/08\/una-fecha-dedicada-a-reflexionar-sobre-la-lucha-eterna-por-la-libertad-la-igualdad-y-la-fraternidad-de-las-mujeres-y-los-varones-en-todo-el-mundo\/\"},\"author\":{\"name\":\"Miguel Herrada\",\"@id\":\"https:\/\/www.celttv.com.ar\/#\/schema\/person\/9059dc91dc7204ef4182cdb65225f07d\"},\"headline\":\"Una fecha dedicada a reflexionar sobre la lucha eterna por la libertad, la igualdad y la fraternidad de las mujeres y los varones en todo el mundo.\",\"datePublished\":\"2023-03-08T12:35:31+00:00\",\"dateModified\":\"2023-03-08T12:35:31+00:00\",\"mainEntityOfPage\":{\"@id\":\"https:\/\/www.celttv.com.ar\/index.php\/2023\/03\/08\/una-fecha-dedicada-a-reflexionar-sobre-la-lucha-eterna-por-la-libertad-la-igualdad-y-la-fraternidad-de-las-mujeres-y-los-varones-en-todo-el-mundo\/\"},\"wordCount\":172,\"publisher\":{\"@id\":\"https:\/\/www.celttv.com.ar\/#organization\"},\"keywords\":[\"la igualdad y la fraternidad de las mujeres y los varones en todo el mundo.\",\"Una fecha dedicada a reflexionar sobre la lucha eterna por la libertad\"],\"articleSection\":[\"Comunidad\",\"Destacadas\",\"Informaci\u00f3n Cooperativa\"],\"inLanguage\":\"es\"},{\"@type\":\"WebPage\",\"@id\":\"https:\/\/www.celttv.com.ar\/index.php\/2023\/03\/08\/una-fecha-dedicada-a-reflexionar-sobre-la-lucha-eterna-por-la-libertad-la-igualdad-y-la-fraternidad-de-las-mujeres-y-los-varones-en-todo-el-mundo\/\",\"url\":\"https:\/\/www.celttv.com.ar\/index.php\/2023\/03\/08\/una-fecha-dedicada-a-reflexionar-sobre-la-lucha-eterna-por-la-libertad-la-igualdad-y-la-fraternidad-de-las-mujeres-y-los-varones-en-todo-el-mundo\/\",\"name\":\"Una fecha dedicada a reflexionar sobre la lucha eterna por la libertad, la igualdad y la fraternidad de las mujeres y los varones en todo el mundo. - CELTTV\",\"isPartOf\":{\"@id\":\"https:\/\/www.celttv.com.ar\/#website\"},\"datePublished\":\"2023-03-08T12:35:31+00:00\",\"dateModified\":\"2023-03-08T12:35:31+00:00\",\"description\":\"Sitio web de noticias de la localidad de Tornquist, provincia de Buenos Aires, Rep\u00fablica Argentina. Contenido propio originado por periodistas de CELTTV, el canal de TV local de la Cooperativa El\u00e9ctrica de Tornquist. Turismo, Pol\u00edtica, Sociedad, Deporte, Cultura y todo el contenido de inter\u00e9s general que la gente del pueblo y la regi\u00f3n debe conocer.\",\"breadcrumb\":{\"@id\":\"https:\/\/www.celttv.com.ar\/index.php\/2023\/03\/08\/una-fecha-dedicada-a-reflexionar-sobre-la-lucha-eterna-por-la-libertad-la-igualdad-y-la-fraternidad-de-las-mujeres-y-los-varones-en-todo-el-mundo\/#breadcrumb\"},\"inLanguage\":\"es\",\"potentialAction\":[{\"@type\":\"ReadAction\",\"target\":[\"https:\/\/www.celttv.com.ar\/index.php\/2023\/03\/08\/una-fecha-dedicada-a-reflexionar-sobre-la-lucha-eterna-por-la-libertad-la-igualdad-y-la-fraternidad-de-las-mujeres-y-los-varones-en-todo-el-mundo\/\"]}]},{\"@type\":\"BreadcrumbList\",\"@id\":\"https:\/\/www.celttv.com.ar\/index.php\/2023\/03\/08\/una-fecha-dedicada-a-reflexionar-sobre-la-lucha-eterna-por-la-libertad-la-igualdad-y-la-fraternidad-de-las-mujeres-y-los-varones-en-todo-el-mundo\/#breadcrumb\",\"itemListElement\":[{\"@type\":\"ListItem\",\"position\":1,\"name\":\"Inicio\",\"item\":\"https:\/\/www.celttv.com.ar\/\"},{\"@type\":\"ListItem\",\"position\":2,\"name\":\"Una fecha dedicada a reflexionar sobre la lucha eterna por la libertad, la igualdad y la fraternidad de las mujeres y los varones en todo el mundo.\"}]},{\"@type\":\"WebSite\",\"@id\":\"https:\/\/www.celttv.com.ar\/#website\",\"url\":\"https:\/\/www.celttv.com.ar\/\",\"name\":\"CELTTV\",\"description\":\"Cooperativa El\u00e9ctrica de Tornquist\",\"publisher\":{\"@id\":\"https:\/\/www.celttv.com.ar\/#organization\"},\"potentialAction\":[{\"@type\":\"SearchAction\",\"target\":{\"@type\":\"EntryPoint\",\"urlTemplate\":\"https:\/\/www.celttv.com.ar\/?s={search_term_string}\"},\"query-input\":\"required name=search_term_string\"}],\"inLanguage\":\"es\"},{\"@type\":\"Organization\",\"@id\":\"https:\/\/www.celttv.com.ar\/#organization\",\"name\":\"CELTTV\",\"url\":\"https:\/\/www.celttv.com.ar\/\",\"sameAs\":[\"https:\/\/www.youtube.com\/channel\/UCz_oIt8Hig64Ub-EmcNPIhg\",\"https:\/\/www.facebook.com\/celtTV\/\"],\"logo\":{\"@type\":\"ImageObject\",\"inLanguage\":\"es\",\"@id\":\"https:\/\/www.celttv.com.ar\/#\/schema\/logo\/image\/\",\"url\":\"http:\/\/www.celttv.com.ar\/wp-content\/uploads\/2022\/08\/logo-1.png\",\"contentUrl\":\"http:\/\/www.celttv.com.ar\/wp-content\/uploads\/2022\/08\/logo-1.png\",\"width\":461,\"height\":159,\"caption\":\"CELTTV\"},\"image\":{\"@id\":\"https:\/\/www.celttv.com.ar\/#\/schema\/logo\/image\/\"}},{\"@type\":\"Person\",\"@id\":\"https:\/\/www.celttv.com.ar\/#\/schema\/person\/9059dc91dc7204ef4182cdb65225f07d\",\"name\":\"Miguel Herrada\",\"image\":{\"@type\":\"ImageObject\",\"inLanguage\":\"es\",\"@id\":\"https:\/\/www.celttv.com.ar\/#\/schema\/person\/image\/\",\"url\":\"https:\/\/secure.gravatar.com\/avatar\/67724d5b3c716623ffd76bec7e45841a442ac3b456e914dbba90b0fad2b8e0b1?s=96&d=mm&r=g\",\"contentUrl\":\"https:\/\/secure.gravatar.com\/avatar\/67724d5b3c716623ffd76bec7e45841a442ac3b456e914dbba90b0fad2b8e0b1?s=96&d=mm&r=g\",\"caption\":\"Miguel Herrada\"}}]}<\/script>\n<!-- \/ Yoast SEO plugin. -->","yoast_head_json":{"title":"Una fecha dedicada a reflexionar sobre la lucha eterna por la libertad, la igualdad y la fraternidad de las mujeres y los varones en todo el mundo. - CELTTV","description":"Sitio web de noticias de la localidad de Tornquist, provincia de Buenos Aires, Rep\u00fablica Argentina. Contenido propio originado por periodistas de CELTTV, el canal de TV local de la Cooperativa El\u00e9ctrica de Tornquist. Turismo, Pol\u00edtica, Sociedad, Deporte, Cultura y todo el contenido de inter\u00e9s general que la gente del pueblo y la regi\u00f3n debe conocer.","robots":{"index":"index","follow":"follow","max-snippet":"max-snippet:-1","max-image-preview":"max-image-preview:large","max-video-preview":"max-video-preview:-1"},"canonical":"https:\/\/www.celttv.com.ar\/index.php\/2023\/03\/08\/una-fecha-dedicada-a-reflexionar-sobre-la-lucha-eterna-por-la-libertad-la-igualdad-y-la-fraternidad-de-las-mujeres-y-los-varones-en-todo-el-mundo\/","og_locale":"es_ES","og_type":"article","og_title":"Una fecha dedicada a reflexionar sobre la lucha eterna por la libertad, la igualdad y la fraternidad de las mujeres y los varones en todo el mundo. - CELTTV","og_description":"Sitio web de noticias de la localidad de Tornquist, provincia de Buenos Aires, Rep\u00fablica Argentina. Contenido propio originado por periodistas de CELTTV, el canal de TV local de la Cooperativa El\u00e9ctrica de Tornquist. Turismo, Pol\u00edtica, Sociedad, Deporte, Cultura y todo el contenido de inter\u00e9s general que la gente del pueblo y la regi\u00f3n debe conocer.","og_url":"https:\/\/www.celttv.com.ar\/index.php\/2023\/03\/08\/una-fecha-dedicada-a-reflexionar-sobre-la-lucha-eterna-por-la-libertad-la-igualdad-y-la-fraternidad-de-las-mujeres-y-los-varones-en-todo-el-mundo\/","og_site_name":"CELTTV","article_publisher":"https:\/\/www.facebook.com\/celtTV\/","article_published_time":"2023-03-08T12:35:31+00:00","og_image":[{"width":945,"height":585,"url":"https:\/\/www.celttv.com.ar\/wp-content\/uploads\/2023\/03\/dia-de-mujer-cooperativista.jpg","type":"image\/jpeg"}],"author":"Miguel Herrada","twitter_card":"summary_large_image","twitter_misc":{"Escrito por":"Miguel Herrada","Tiempo de lectura":"1 minuto"},"schema":{"@context":"https:\/\/schema.org","@graph":[{"@type":"NewsArticle","@id":"https:\/\/www.celttv.com.ar\/index.php\/2023\/03\/08\/una-fecha-dedicada-a-reflexionar-sobre-la-lucha-eterna-por-la-libertad-la-igualdad-y-la-fraternidad-de-las-mujeres-y-los-varones-en-todo-el-mundo\/#article","isPartOf":{"@id":"https:\/\/www.celttv.com.ar\/index.php\/2023\/03\/08\/una-fecha-dedicada-a-reflexionar-sobre-la-lucha-eterna-por-la-libertad-la-igualdad-y-la-fraternidad-de-las-mujeres-y-los-varones-en-todo-el-mundo\/"},"author":{"name":"Miguel Herrada","@id":"https:\/\/www.celttv.com.ar\/#\/schema\/person\/9059dc91dc7204ef4182cdb65225f07d"},"headline":"Una fecha dedicada a reflexionar sobre la lucha eterna por la libertad, la igualdad y la fraternidad de las mujeres y los varones en todo el mundo.","datePublished":"2023-03-08T12:35:31+00:00","dateModified":"2023-03-08T12:35:31+00:00","mainEntityOfPage":{"@id":"https:\/\/www.celttv.com.ar\/index.php\/2023\/03\/08\/una-fecha-dedicada-a-reflexionar-sobre-la-lucha-eterna-por-la-libertad-la-igualdad-y-la-fraternidad-de-las-mujeres-y-los-varones-en-todo-el-mundo\/"},"wordCount":172,"publisher":{"@id":"https:\/\/www.celttv.com.ar\/#organization"},"keywords":["la igualdad y la fraternidad de las mujeres y los varones en todo el mundo.","Una fecha dedicada a reflexionar sobre la lucha eterna por la libertad"],"articleSection":["Comunidad","Destacadas","Informaci\u00f3n Cooperativa"],"inLanguage":"es"},{"@type":"WebPage","@id":"https:\/\/www.celttv.com.ar\/index.php\/2023\/03\/08\/una-fecha-dedicada-a-reflexionar-sobre-la-lucha-eterna-por-la-libertad-la-igualdad-y-la-fraternidad-de-las-mujeres-y-los-varones-en-todo-el-mundo\/","url":"https:\/\/www.celttv.com.ar\/index.php\/2023\/03\/08\/una-fecha-dedicada-a-reflexionar-sobre-la-lucha-eterna-por-la-libertad-la-igualdad-y-la-fraternidad-de-las-mujeres-y-los-varones-en-todo-el-mundo\/","name":"Una fecha dedicada a reflexionar sobre la lucha eterna por la libertad, la igualdad y la fraternidad de las mujeres y los varones en todo el mundo. - CELTTV","isPartOf":{"@id":"https:\/\/www.celttv.com.ar\/#website"},"datePublished":"2023-03-08T12:35:31+00:00","dateModified":"2023-03-08T12:35:31+00:00","description":"Sitio web de noticias de la localidad de Tornquist, provincia de Buenos Aires, Rep\u00fablica Argentina. Contenido propio originado por periodistas de CELTTV, el canal de TV local de la Cooperativa El\u00e9ctrica de Tornquist. Turismo, Pol\u00edtica, Sociedad, Deporte, Cultura y todo el contenido de inter\u00e9s general que la gente del pueblo y la regi\u00f3n debe conocer.","breadcrumb":{"@id":"https:\/\/www.celttv.com.ar\/index.php\/2023\/03\/08\/una-fecha-dedicada-a-reflexionar-sobre-la-lucha-eterna-por-la-libertad-la-igualdad-y-la-fraternidad-de-las-mujeres-y-los-varones-en-todo-el-mundo\/#breadcrumb"},"inLanguage":"es","potentialAction":[{"@type":"ReadAction","target":["https:\/\/www.celttv.com.ar\/index.php\/2023\/03\/08\/una-fecha-dedicada-a-reflexionar-sobre-la-lucha-eterna-por-la-libertad-la-igualdad-y-la-fraternidad-de-las-mujeres-y-los-varones-en-todo-el-mundo\/"]}]},{"@type":"BreadcrumbList","@id":"https:\/\/www.celttv.com.ar\/index.php\/2023\/03\/08\/una-fecha-dedicada-a-reflexionar-sobre-la-lucha-eterna-por-la-libertad-la-igualdad-y-la-fraternidad-de-las-mujeres-y-los-varones-en-todo-el-mundo\/#breadcrumb","itemListElement":[{"@type":"ListItem","position":1,"name":"Inicio","item":"https:\/\/www.celttv.com.ar\/"},{"@type":"ListItem","position":2,"name":"Una fecha dedicada a reflexionar sobre la lucha eterna por la libertad, la igualdad y la fraternidad de las mujeres y los varones en todo el mundo."}]},{"@type":"WebSite","@id":"https:\/\/www.celttv.com.ar\/#website","url":"https:\/\/www.celttv.com.ar\/","name":"CELTTV","description":"Cooperativa El\u00e9ctrica de Tornquist","publisher":{"@id":"https:\/\/www.celttv.com.ar\/#organization"},"potentialAction":[{"@type":"SearchAction","target":{"@type":"EntryPoint","urlTemplate":"https:\/\/www.celttv.com.ar\/?s={search_term_string}"},"query-input":"required name=search_term_string"}],"inLanguage":"es"},{"@type":"Organization","@id":"https:\/\/www.celttv.com.ar\/#organization","name":"CELTTV","url":"https:\/\/www.celttv.com.ar\/","sameAs":["https:\/\/www.youtube.com\/channel\/UCz_oIt8Hig64Ub-EmcNPIhg","https:\/\/www.facebook.com\/celtTV\/"],"logo":{"@type":"ImageObject","inLanguage":"es","@id":"https:\/\/www.celttv.com.ar\/#\/schema\/logo\/image\/","url":"http:\/\/www.celttv.com.ar\/wp-content\/uploads\/2022\/08\/logo-1.png","contentUrl":"http:\/\/www.celttv.com.ar\/wp-content\/uploads\/2022\/08\/logo-1.png","width":461,"height":159,"caption":"CELTTV"},"image":{"@id":"https:\/\/www.celttv.com.ar\/#\/schema\/logo\/image\/"}},{"@type":"Person","@id":"https:\/\/www.celttv.com.ar\/#\/schema\/person\/9059dc91dc7204ef4182cdb65225f07d","name":"Miguel Herrada","image":{"@type":"ImageObject","inLanguage":"es","@id":"https:\/\/www.celttv.com.ar\/#\/schema\/person\/image\/","url":"https:\/\/secure.gravatar.com\/avatar\/67724d5b3c716623ffd76bec7e45841a442ac3b456e914dbba90b0fad2b8e0b1?s=96&d=mm&r=g","contentUrl":"https:\/\/secure.gravatar.com\/avatar\/67724d5b3c716623ffd76bec7e45841a442ac3b456e914dbba90b0fad2b8e0b1?s=96&d=mm&r=g","caption":"Miguel Herrada"}}]}},"_links":{"self":[{"href":"https:\/\/www.celttv.com.ar\/index.php\/wp-json\/wp\/v2\/posts\/74130","targetHints":{"allow":["GET"]}}],"collection":[{"href":"https:\/\/www.celttv.com.ar\/index.php\/wp-json\/wp\/v2\/posts"}],"about":[{"href":"https:\/\/www.celttv.com.ar\/index.php\/wp-json\/wp\/v2\/types\/post"}],"author":[{"embeddable":true,"href":"https:\/\/www.celttv.com.ar\/index.php\/wp-json\/wp\/v2\/users\/5"}],"replies":[{"embeddable":true,"href":"https:\/\/www.celttv.com.ar\/index.php\/wp-json\/wp\/v2\/comments?post=74130"}],"version-history":[{"count":2,"href":"https:\/\/www.celttv.com.ar\/index.php\/wp-json\/wp\/v2\/posts\/74130\/revisions"}],"predecessor-version":[{"id":74170,"href":"https:\/\/www.celttv.com.ar\/index.php\/wp-json\/wp\/v2\/posts\/74130\/revisions\/74170"}],"wp:featuredmedia":[{"embeddable":true,"href":"https:\/\/www.celttv.com.ar\/index.php\/wp-json\/wp\/v2\/media\/74131"}],"wp:attachment":[{"href":"https:\/\/www.celttv.com.ar\/index.php\/wp-json\/wp\/v2\/media?parent=74130"}],"wp:term":[{"taxonomy":"category","embeddable":true,"href":"https:\/\/www.celttv.com.ar\/index.php\/wp-json\/wp\/v2\/categories?post=74130"},{"taxonomy":"post_tag","embeddable":true,"href":"https:\/\/www.celttv.com.ar\/index.php\/wp-json\/wp\/v2\/tags?post=74130"}],"curies":[{"name":"wp","href":"https:\/\/api.w.org\/{rel}","templated":true}]}}