{"id":74133,"date":"2023-03-08T11:38:31","date_gmt":"2023-03-08T14:38:31","guid":{"rendered":"http:\/\/www.celttv.com.ar\/?p=74133"},"modified":"2023-03-08T11:38:31","modified_gmt":"2023-03-08T14:38:31","slug":"este-jueves-regresa-la-escuelita-de-futbol-del-club-automoto","status":"publish","type":"post","link":"https:\/\/www.celttv.com.ar\/index.php\/2023\/03\/08\/este-jueves-regresa-la-escuelita-de-futbol-del-club-automoto\/","title":{"rendered":"Este jueves regresa la Escuelita de F\u00fatbol del Club Automoto"},"content":{"rendered":"<div class=\"yiv6532214893x11i5rnm yiv6532214893xat24cr yiv6532214893x1mh8g0r yiv6532214893x1vvkbs yiv6532214893xtlvy1s yiv6532214893x126k92a\">\n<div class=\"yiv6532214893ContentPasted0\">\u00a0A partir de este jueves, los chicos y chicas que concurren a la Escuelita Azulgrana volver\u00e1n a sonre\u00edr. Es que ese d\u00eda regresar\u00e1n las clases de f\u00fatbol para ni\u00f1os y ni\u00f1as de 4 a 11 a\u00f1os.<\/div>\n<\/div>\n<div class=\"yiv6532214893x11i5rnm yiv6532214893xat24cr yiv6532214893x1mh8g0r yiv6532214893x1vvkbs yiv6532214893xtlvy1s yiv6532214893x126k92a\">\n<div class=\"yiv6532214893ContentPasted0\">\u00a0 \u00a0Las inscripciones se recibir\u00e1n durante los horarios de clases, que se dividir\u00e1n entre el Polideportivo Mario Gandini y el sector de canchas auxiliares.<\/div>\n<\/div>\n<div class=\"yiv6532214893x11i5rnm yiv6532214893xat24cr yiv6532214893x1mh8g0r yiv6532214893x1vvkbs yiv6532214893xtlvy1s yiv6532214893x126k92a\">\n<div class=\"yiv6532214893ContentPasted0\">\u00a0 \u00a0Este a\u00f1o, la Escuelita Azulgrana estar\u00e1 coordinada por Juan Salazar y Mateo Fern\u00e1ndez.<\/div>\n<\/div>\n<div class=\"yiv6532214893x11i5rnm yiv6532214893xat24cr yiv6532214893x1mh8g0r yiv6532214893x1vvkbs yiv6532214893xtlvy1s yiv6532214893x126k92a\">\n<div class=\"yiv6532214893ContentPasted0\">\u00a0 \u00a0Los horarios son los siguientes:<\/div>\n<\/div>\n<div class=\"yiv6532214893x11i5rnm yiv6532214893xat24cr yiv6532214893x1mh8g0r yiv6532214893x1vvkbs yiv6532214893xtlvy1s yiv6532214893x126k92a\">\n<div class=\"yiv6532214893ContentPasted0\">&#8211; Categor\u00eda 2012-13: martes y viernes, de 17.45 a 19, en canchas auxiliares \u00a0(Hern\u00e1n Bilbao y Ger\u00f3nimo Rodr\u00edguez).<\/div>\n<\/div>\n<div class=\"yiv6532214893x11i5rnm yiv6532214893xat24cr yiv6532214893x1mh8g0r yiv6532214893x1vvkbs yiv6532214893xtlvy1s yiv6532214893x126k92a\">\n<div class=\"yiv6532214893ContentPasted0\">&#8211; Categor\u00eda 2014-15: martes y jueves, de \u00a019.15 a 20.30, en el Polideportivo Mario Gandini (Francisco Maidana y Ezequiel Mart\u00edn)<\/div>\n<\/div>\n<div class=\"yiv6532214893x11i5rnm yiv6532214893xat24cr yiv6532214893x1mh8g0r yiv6532214893x1vvkbs yiv6532214893xtlvy1s yiv6532214893x126k92a\">\n<div class=\"yiv6532214893ContentPasted0\">&#8211; Categor\u00eda 2016-17: martes y jueves, de 18 a 19.15, en el Polideportivo Mario Gandini (Juan Vigil)<\/div>\n<\/div>\n<div class=\"yiv6532214893x11i5rnm yiv6532214893xat24cr yiv6532214893x1mh8g0r yiv6532214893x1vvkbs yiv6532214893xtlvy1s yiv6532214893x126k92a\">\n<div class=\"yiv6532214893ContentPasted0\">&#8211; Escuelita Jard\u00edn: martes y jueves, de 17.30 a 18, en el Polideportivo Mario Gandini (Martina Schwab y Milena Fleitas)<\/div>\n<div><img loading=\"lazy\" decoding=\"async\" class=\"alignnone wp-image-74134 size-full\" src=\"http:\/\/www.celttv.com.ar\/wp-content\/uploads\/2023\/03\/Escuelita-01.jpeg\" alt=\"\" width=\"1000\" height=\"750\" srcset=\"https:\/\/www.celttv.com.ar\/wp-content\/uploads\/2023\/03\/Escuelita-01.jpeg 1000w, https:\/\/www.celttv.com.ar\/wp-content\/uploads\/2023\/03\/Escuelita-01-300x225.jpeg 300w, https:\/\/www.celttv.com.ar\/wp-content\/uploads\/2023\/03\/Escuelita-01-768x576.jpeg 768w, https:\/\/www.celttv.com.ar\/wp-content\/uploads\/2023\/03\/Escuelita-01-750x563.jpeg 750w\" sizes=\"auto, (max-width: 1000px) 100vw, 1000px\" \/><\/div>\n<\/div>\n","protected":false},"excerpt":{"rendered":"<p>\u00a0A partir de este jueves, los chicos y chicas que concurren a la Escuelita Azulgrana volver\u00e1n a sonre\u00edr. Es que ese d\u00eda regresar\u00e1n las clases de f\u00fatbol para ni\u00f1os y ni\u00f1as de 4 a 11 a\u00f1os. \u00a0 \u00a0Las inscripciones se recibir\u00e1n durante los horarios de clases, que se dividir\u00e1n entre el Polideportivo Mario Gandini y [&hellip;]<\/p>\n","protected":false},"author":3,"featured_media":74134,"comment_status":"closed","ping_status":"closed","sticky":false,"template":"","format":"standard","meta":{"footnotes":""},"categories":[63],"tags":[],"class_list":["post-74133","post","type-post","status-publish","format-standard","has-post-thumbnail","hentry","category-magazine-sport"],"yoast_head":"<!-- This site is optimized with the Yoast SEO plugin v19.7.1 - https:\/\/yoast.com\/wordpress\/plugins\/seo\/ -->\n<title>Este jueves regresa la Escuelita de F\u00fatbol del Club Automoto - CELTTV<\/title>\n<meta name=\"description\" content=\"Sitio web de noticias de la localidad de Tornquist, provincia de Buenos Aires, Rep\u00fablica Argentina. Contenido propio originado por periodistas de CELTTV, el canal de TV local de la Cooperativa El\u00e9ctrica de Tornquist. Turismo, Pol\u00edtica, Sociedad, Deporte, Cultura y todo el contenido de inter\u00e9s general que la gente del pueblo y la regi\u00f3n debe conocer.\" \/>\n<meta name=\"robots\" content=\"index, follow, max-snippet:-1, max-image-preview:large, max-video-preview:-1\" \/>\n<link rel=\"canonical\" href=\"https:\/\/www.celttv.com.ar\/index.php\/2023\/03\/08\/este-jueves-regresa-la-escuelita-de-futbol-del-club-automoto\/\" \/>\n<meta property=\"og:locale\" content=\"es_ES\" \/>\n<meta property=\"og:type\" content=\"article\" \/>\n<meta property=\"og:title\" content=\"Este jueves regresa la Escuelita de F\u00fatbol del Club Automoto - CELTTV\" \/>\n<meta property=\"og:description\" content=\"Sitio web de noticias de la localidad de Tornquist, provincia de Buenos Aires, Rep\u00fablica Argentina. Contenido propio originado por periodistas de CELTTV, el canal de TV local de la Cooperativa El\u00e9ctrica de Tornquist. Turismo, Pol\u00edtica, Sociedad, Deporte, Cultura y todo el contenido de inter\u00e9s general que la gente del pueblo y la regi\u00f3n debe conocer.\" \/>\n<meta property=\"og:url\" content=\"https:\/\/www.celttv.com.ar\/index.php\/2023\/03\/08\/este-jueves-regresa-la-escuelita-de-futbol-del-club-automoto\/\" \/>\n<meta property=\"og:site_name\" content=\"CELTTV\" \/>\n<meta property=\"article:publisher\" content=\"https:\/\/www.facebook.com\/celtTV\/\" \/>\n<meta property=\"article:published_time\" content=\"2023-03-08T14:38:31+00:00\" \/>\n<meta property=\"og:image\" content=\"https:\/\/www.celttv.com.ar\/wp-content\/uploads\/2023\/03\/Escuelita-01.jpeg\" \/>\n\t<meta property=\"og:image:width\" content=\"1000\" \/>\n\t<meta property=\"og:image:height\" content=\"750\" \/>\n\t<meta property=\"og:image:type\" content=\"image\/jpeg\" \/>\n<meta name=\"author\" content=\"Rodrigo Sgammini\" \/>\n<meta name=\"twitter:card\" content=\"summary_large_image\" \/>\n<meta name=\"twitter:label1\" content=\"Escrito por\" \/>\n\t<meta name=\"twitter:data1\" content=\"Rodrigo Sgammini\" \/>\n\t<meta name=\"twitter:label2\" content=\"Tiempo de lectura\" \/>\n\t<meta name=\"twitter:data2\" content=\"1 minuto\" \/>\n<script type=\"application\/ld+json\" class=\"yoast-schema-graph\">{\"@context\":\"https:\/\/schema.org\",\"@graph\":[{\"@type\":\"NewsArticle\",\"@id\":\"https:\/\/www.celttv.com.ar\/index.php\/2023\/03\/08\/este-jueves-regresa-la-escuelita-de-futbol-del-club-automoto\/#article\",\"isPartOf\":{\"@id\":\"https:\/\/www.celttv.com.ar\/index.php\/2023\/03\/08\/este-jueves-regresa-la-escuelita-de-futbol-del-club-automoto\/\"},\"author\":{\"name\":\"Rodrigo Sgammini\",\"@id\":\"https:\/\/www.celttv.com.ar\/#\/schema\/person\/495be51d064edd971d8457f8f64eb172\"},\"headline\":\"Este jueves regresa la Escuelita de F\u00fatbol del Club Automoto\",\"datePublished\":\"2023-03-08T14:38:31+00:00\",\"dateModified\":\"2023-03-08T14:38:31+00:00\",\"mainEntityOfPage\":{\"@id\":\"https:\/\/www.celttv.com.ar\/index.php\/2023\/03\/08\/este-jueves-regresa-la-escuelita-de-futbol-del-club-automoto\/\"},\"wordCount\":173,\"publisher\":{\"@id\":\"https:\/\/www.celttv.com.ar\/#organization\"},\"articleSection\":[\"Magazine Sport\"],\"inLanguage\":\"es\"},{\"@type\":\"WebPage\",\"@id\":\"https:\/\/www.celttv.com.ar\/index.php\/2023\/03\/08\/este-jueves-regresa-la-escuelita-de-futbol-del-club-automoto\/\",\"url\":\"https:\/\/www.celttv.com.ar\/index.php\/2023\/03\/08\/este-jueves-regresa-la-escuelita-de-futbol-del-club-automoto\/\",\"name\":\"Este jueves regresa la Escuelita de F\u00fatbol del Club Automoto - CELTTV\",\"isPartOf\":{\"@id\":\"https:\/\/www.celttv.com.ar\/#website\"},\"datePublished\":\"2023-03-08T14:38:31+00:00\",\"dateModified\":\"2023-03-08T14:38:31+00:00\",\"description\":\"Sitio web de noticias de la localidad de Tornquist, provincia de Buenos Aires, Rep\u00fablica Argentina. Contenido propio originado por periodistas de CELTTV, el canal de TV local de la Cooperativa El\u00e9ctrica de Tornquist. Turismo, Pol\u00edtica, Sociedad, Deporte, Cultura y todo el contenido de inter\u00e9s general que la gente del pueblo y la regi\u00f3n debe conocer.\",\"breadcrumb\":{\"@id\":\"https:\/\/www.celttv.com.ar\/index.php\/2023\/03\/08\/este-jueves-regresa-la-escuelita-de-futbol-del-club-automoto\/#breadcrumb\"},\"inLanguage\":\"es\",\"potentialAction\":[{\"@type\":\"ReadAction\",\"target\":[\"https:\/\/www.celttv.com.ar\/index.php\/2023\/03\/08\/este-jueves-regresa-la-escuelita-de-futbol-del-club-automoto\/\"]}]},{\"@type\":\"BreadcrumbList\",\"@id\":\"https:\/\/www.celttv.com.ar\/index.php\/2023\/03\/08\/este-jueves-regresa-la-escuelita-de-futbol-del-club-automoto\/#breadcrumb\",\"itemListElement\":[{\"@type\":\"ListItem\",\"position\":1,\"name\":\"Inicio\",\"item\":\"https:\/\/www.celttv.com.ar\/\"},{\"@type\":\"ListItem\",\"position\":2,\"name\":\"Este jueves regresa la Escuelita de F\u00fatbol del Club Automoto\"}]},{\"@type\":\"WebSite\",\"@id\":\"https:\/\/www.celttv.com.ar\/#website\",\"url\":\"https:\/\/www.celttv.com.ar\/\",\"name\":\"CELTTV\",\"description\":\"Cooperativa El\u00e9ctrica de Tornquist\",\"publisher\":{\"@id\":\"https:\/\/www.celttv.com.ar\/#organization\"},\"potentialAction\":[{\"@type\":\"SearchAction\",\"target\":{\"@type\":\"EntryPoint\",\"urlTemplate\":\"https:\/\/www.celttv.com.ar\/?s={search_term_string}\"},\"query-input\":\"required name=search_term_string\"}],\"inLanguage\":\"es\"},{\"@type\":\"Organization\",\"@id\":\"https:\/\/www.celttv.com.ar\/#organization\",\"name\":\"CELTTV\",\"url\":\"https:\/\/www.celttv.com.ar\/\",\"sameAs\":[\"https:\/\/www.youtube.com\/channel\/UCz_oIt8Hig64Ub-EmcNPIhg\",\"https:\/\/www.facebook.com\/celtTV\/\"],\"logo\":{\"@type\":\"ImageObject\",\"inLanguage\":\"es\",\"@id\":\"https:\/\/www.celttv.com.ar\/#\/schema\/logo\/image\/\",\"url\":\"http:\/\/www.celttv.com.ar\/wp-content\/uploads\/2022\/08\/logo-1.png\",\"contentUrl\":\"http:\/\/www.celttv.com.ar\/wp-content\/uploads\/2022\/08\/logo-1.png\",\"width\":461,\"height\":159,\"caption\":\"CELTTV\"},\"image\":{\"@id\":\"https:\/\/www.celttv.com.ar\/#\/schema\/logo\/image\/\"}},{\"@type\":\"Person\",\"@id\":\"https:\/\/www.celttv.com.ar\/#\/schema\/person\/495be51d064edd971d8457f8f64eb172\",\"name\":\"Rodrigo Sgammini\",\"image\":{\"@type\":\"ImageObject\",\"inLanguage\":\"es\",\"@id\":\"https:\/\/www.celttv.com.ar\/#\/schema\/person\/image\/\",\"url\":\"https:\/\/secure.gravatar.com\/avatar\/68f7848d42735e7a9276b47cd6e606327d88f521c51ae39d88888b76902e2987?s=96&d=mm&r=g\",\"contentUrl\":\"https:\/\/secure.gravatar.com\/avatar\/68f7848d42735e7a9276b47cd6e606327d88f521c51ae39d88888b76902e2987?s=96&d=mm&r=g\",\"caption\":\"Rodrigo Sgammini\"}}]}<\/script>\n<!-- \/ Yoast SEO plugin. -->","yoast_head_json":{"title":"Este jueves regresa la Escuelita de F\u00fatbol del Club Automoto - CELTTV","description":"Sitio web de noticias de la localidad de Tornquist, provincia de Buenos Aires, Rep\u00fablica Argentina. Contenido propio originado por periodistas de CELTTV, el canal de TV local de la Cooperativa El\u00e9ctrica de Tornquist. Turismo, Pol\u00edtica, Sociedad, Deporte, Cultura y todo el contenido de inter\u00e9s general que la gente del pueblo y la regi\u00f3n debe conocer.","robots":{"index":"index","follow":"follow","max-snippet":"max-snippet:-1","max-image-preview":"max-image-preview:large","max-video-preview":"max-video-preview:-1"},"canonical":"https:\/\/www.celttv.com.ar\/index.php\/2023\/03\/08\/este-jueves-regresa-la-escuelita-de-futbol-del-club-automoto\/","og_locale":"es_ES","og_type":"article","og_title":"Este jueves regresa la Escuelita de F\u00fatbol del Club Automoto - CELTTV","og_description":"Sitio web de noticias de la localidad de Tornquist, provincia de Buenos Aires, Rep\u00fablica Argentina. Contenido propio originado por periodistas de CELTTV, el canal de TV local de la Cooperativa El\u00e9ctrica de Tornquist. Turismo, Pol\u00edtica, Sociedad, Deporte, Cultura y todo el contenido de inter\u00e9s general que la gente del pueblo y la regi\u00f3n debe conocer.","og_url":"https:\/\/www.celttv.com.ar\/index.php\/2023\/03\/08\/este-jueves-regresa-la-escuelita-de-futbol-del-club-automoto\/","og_site_name":"CELTTV","article_publisher":"https:\/\/www.facebook.com\/celtTV\/","article_published_time":"2023-03-08T14:38:31+00:00","og_image":[{"width":1000,"height":750,"url":"https:\/\/www.celttv.com.ar\/wp-content\/uploads\/2023\/03\/Escuelita-01.jpeg","type":"image\/jpeg"}],"author":"Rodrigo Sgammini","twitter_card":"summary_large_image","twitter_misc":{"Escrito por":"Rodrigo Sgammini","Tiempo de lectura":"1 minuto"},"schema":{"@context":"https:\/\/schema.org","@graph":[{"@type":"NewsArticle","@id":"https:\/\/www.celttv.com.ar\/index.php\/2023\/03\/08\/este-jueves-regresa-la-escuelita-de-futbol-del-club-automoto\/#article","isPartOf":{"@id":"https:\/\/www.celttv.com.ar\/index.php\/2023\/03\/08\/este-jueves-regresa-la-escuelita-de-futbol-del-club-automoto\/"},"author":{"name":"Rodrigo Sgammini","@id":"https:\/\/www.celttv.com.ar\/#\/schema\/person\/495be51d064edd971d8457f8f64eb172"},"headline":"Este jueves regresa la Escuelita de F\u00fatbol del Club Automoto","datePublished":"2023-03-08T14:38:31+00:00","dateModified":"2023-03-08T14:38:31+00:00","mainEntityOfPage":{"@id":"https:\/\/www.celttv.com.ar\/index.php\/2023\/03\/08\/este-jueves-regresa-la-escuelita-de-futbol-del-club-automoto\/"},"wordCount":173,"publisher":{"@id":"https:\/\/www.celttv.com.ar\/#organization"},"articleSection":["Magazine Sport"],"inLanguage":"es"},{"@type":"WebPage","@id":"https:\/\/www.celttv.com.ar\/index.php\/2023\/03\/08\/este-jueves-regresa-la-escuelita-de-futbol-del-club-automoto\/","url":"https:\/\/www.celttv.com.ar\/index.php\/2023\/03\/08\/este-jueves-regresa-la-escuelita-de-futbol-del-club-automoto\/","name":"Este jueves regresa la Escuelita de F\u00fatbol del Club Automoto - CELTTV","isPartOf":{"@id":"https:\/\/www.celttv.com.ar\/#website"},"datePublished":"2023-03-08T14:38:31+00:00","dateModified":"2023-03-08T14:38:31+00:00","description":"Sitio web de noticias de la localidad de Tornquist, provincia de Buenos Aires, Rep\u00fablica Argentina. Contenido propio originado por periodistas de CELTTV, el canal de TV local de la Cooperativa El\u00e9ctrica de Tornquist. Turismo, Pol\u00edtica, Sociedad, Deporte, Cultura y todo el contenido de inter\u00e9s general que la gente del pueblo y la regi\u00f3n debe conocer.","breadcrumb":{"@id":"https:\/\/www.celttv.com.ar\/index.php\/2023\/03\/08\/este-jueves-regresa-la-escuelita-de-futbol-del-club-automoto\/#breadcrumb"},"inLanguage":"es","potentialAction":[{"@type":"ReadAction","target":["https:\/\/www.celttv.com.ar\/index.php\/2023\/03\/08\/este-jueves-regresa-la-escuelita-de-futbol-del-club-automoto\/"]}]},{"@type":"BreadcrumbList","@id":"https:\/\/www.celttv.com.ar\/index.php\/2023\/03\/08\/este-jueves-regresa-la-escuelita-de-futbol-del-club-automoto\/#breadcrumb","itemListElement":[{"@type":"ListItem","position":1,"name":"Inicio","item":"https:\/\/www.celttv.com.ar\/"},{"@type":"ListItem","position":2,"name":"Este jueves regresa la Escuelita de F\u00fatbol del Club Automoto"}]},{"@type":"WebSite","@id":"https:\/\/www.celttv.com.ar\/#website","url":"https:\/\/www.celttv.com.ar\/","name":"CELTTV","description":"Cooperativa El\u00e9ctrica de Tornquist","publisher":{"@id":"https:\/\/www.celttv.com.ar\/#organization"},"potentialAction":[{"@type":"SearchAction","target":{"@type":"EntryPoint","urlTemplate":"https:\/\/www.celttv.com.ar\/?s={search_term_string}"},"query-input":"required name=search_term_string"}],"inLanguage":"es"},{"@type":"Organization","@id":"https:\/\/www.celttv.com.ar\/#organization","name":"CELTTV","url":"https:\/\/www.celttv.com.ar\/","sameAs":["https:\/\/www.youtube.com\/channel\/UCz_oIt8Hig64Ub-EmcNPIhg","https:\/\/www.facebook.com\/celtTV\/"],"logo":{"@type":"ImageObject","inLanguage":"es","@id":"https:\/\/www.celttv.com.ar\/#\/schema\/logo\/image\/","url":"http:\/\/www.celttv.com.ar\/wp-content\/uploads\/2022\/08\/logo-1.png","contentUrl":"http:\/\/www.celttv.com.ar\/wp-content\/uploads\/2022\/08\/logo-1.png","width":461,"height":159,"caption":"CELTTV"},"image":{"@id":"https:\/\/www.celttv.com.ar\/#\/schema\/logo\/image\/"}},{"@type":"Person","@id":"https:\/\/www.celttv.com.ar\/#\/schema\/person\/495be51d064edd971d8457f8f64eb172","name":"Rodrigo Sgammini","image":{"@type":"ImageObject","inLanguage":"es","@id":"https:\/\/www.celttv.com.ar\/#\/schema\/person\/image\/","url":"https:\/\/secure.gravatar.com\/avatar\/68f7848d42735e7a9276b47cd6e606327d88f521c51ae39d88888b76902e2987?s=96&d=mm&r=g","contentUrl":"https:\/\/secure.gravatar.com\/avatar\/68f7848d42735e7a9276b47cd6e606327d88f521c51ae39d88888b76902e2987?s=96&d=mm&r=g","caption":"Rodrigo Sgammini"}}]}},"_links":{"self":[{"href":"https:\/\/www.celttv.com.ar\/index.php\/wp-json\/wp\/v2\/posts\/74133","targetHints":{"allow":["GET"]}}],"collection":[{"href":"https:\/\/www.celttv.com.ar\/index.php\/wp-json\/wp\/v2\/posts"}],"about":[{"href":"https:\/\/www.celttv.com.ar\/index.php\/wp-json\/wp\/v2\/types\/post"}],"author":[{"embeddable":true,"href":"https:\/\/www.celttv.com.ar\/index.php\/wp-json\/wp\/v2\/users\/3"}],"replies":[{"embeddable":true,"href":"https:\/\/www.celttv.com.ar\/index.php\/wp-json\/wp\/v2\/comments?post=74133"}],"version-history":[{"count":1,"href":"https:\/\/www.celttv.com.ar\/index.php\/wp-json\/wp\/v2\/posts\/74133\/revisions"}],"predecessor-version":[{"id":74135,"href":"https:\/\/www.celttv.com.ar\/index.php\/wp-json\/wp\/v2\/posts\/74133\/revisions\/74135"}],"wp:featuredmedia":[{"embeddable":true,"href":"https:\/\/www.celttv.com.ar\/index.php\/wp-json\/wp\/v2\/media\/74134"}],"wp:attachment":[{"href":"https:\/\/www.celttv.com.ar\/index.php\/wp-json\/wp\/v2\/media?parent=74133"}],"wp:term":[{"taxonomy":"category","embeddable":true,"href":"https:\/\/www.celttv.com.ar\/index.php\/wp-json\/wp\/v2\/categories?post=74133"},{"taxonomy":"post_tag","embeddable":true,"href":"https:\/\/www.celttv.com.ar\/index.php\/wp-json\/wp\/v2\/tags?post=74133"}],"curies":[{"name":"wp","href":"https:\/\/api.w.org\/{rel}","templated":true}]}}