{"id":74139,"date":"2023-03-08T13:42:50","date_gmt":"2023-03-08T16:42:50","guid":{"rendered":"http:\/\/www.celttv.com.ar\/?p=74139"},"modified":"2023-03-08T13:42:50","modified_gmt":"2023-03-08T16:42:50","slug":"actividad-cultural-en-el-marco-del-dia-internacional-de-la-mujer-y-la-8-fiesta-pcial-de-la-vendimia-videos","status":"publish","type":"post","link":"https:\/\/www.celttv.com.ar\/index.php\/2023\/03\/08\/actividad-cultural-en-el-marco-del-dia-internacional-de-la-mujer-y-la-8-fiesta-pcial-de-la-vendimia-videos\/","title":{"rendered":"Actividad cultural en el marco del D\u00eda Internacional de la Mujer y la 8\u00b0 Fiesta Pcial. de la Vendimia (Videos)"},"content":{"rendered":"<p>&nbsp;<\/p>\n<p>Con una importante agenda cultural se van a desarrollar actividades en diferentes localidades del distrito, en el marco del D\u00eda Internacional de la Mujer.<\/p>\n<p><iframe loading=\"lazy\" title=\"2023 03 07 LUCIA URRIAGA   AGENDA CULTURAL EN EL MARCO DEL DIA INTERNACIONAL DE LA MUJER\" width=\"500\" height=\"281\" src=\"https:\/\/www.youtube.com\/embed\/tXKY2JbDJlg?feature=oembed\" frameborder=\"0\" allow=\"accelerometer; autoplay; clipboard-write; encrypted-media; gyroscope; picture-in-picture; web-share\" referrerpolicy=\"strict-origin-when-cross-origin\" allowfullscreen><\/iframe><\/p>\n<p>El fin de semana, 11 y 12 de marzo, la atenci\u00f3n estar\u00e1 centrada en la 8\u00b0 edici\u00f3n de la Fiesta Provincial de la Vendimia, que se llevar\u00e1 a cabo en el predio del ferrocarril de la localidad de Saldungaray.<\/p>\n<p><iframe loading=\"lazy\" title=\"2023 03 07 LUCIA URRIAGA   FIESTA PROVINCIAL DE LA VENDIMIA\" width=\"500\" height=\"281\" src=\"https:\/\/www.youtube.com\/embed\/r6y_cxMHZv0?feature=oembed\" frameborder=\"0\" allow=\"accelerometer; autoplay; clipboard-write; encrypted-media; gyroscope; picture-in-picture; web-share\" referrerpolicy=\"strict-origin-when-cross-origin\" allowfullscreen><\/iframe><\/p>\n","protected":false},"excerpt":{"rendered":"<p>&nbsp; Con una importante agenda cultural se van a desarrollar actividades en diferentes localidades del distrito, en el marco del D\u00eda Internacional de la Mujer. El fin de semana, 11 y 12 de marzo, la atenci\u00f3n estar\u00e1 centrada en la 8\u00b0 edici\u00f3n de la Fiesta Provincial de la Vendimia, que se llevar\u00e1 a cabo en [&hellip;]<\/p>\n","protected":false},"author":3,"featured_media":74140,"comment_status":"closed","ping_status":"closed","sticky":false,"template":"","format":"standard","meta":{"footnotes":""},"categories":[55],"tags":[],"class_list":["post-74139","post","type-post","status-publish","format-standard","has-post-thumbnail","hentry","category-celt-tv-noticias"],"yoast_head":"<!-- This site is optimized with the Yoast SEO plugin v19.7.1 - https:\/\/yoast.com\/wordpress\/plugins\/seo\/ -->\n<title>Actividad cultural en el marco del D\u00eda Internacional de la Mujer y la 8\u00b0 Fiesta Pcial. de la Vendimia (Videos) - CELTTV<\/title>\n<meta name=\"description\" content=\"Sitio web de noticias de la localidad de Tornquist, provincia de Buenos Aires, Rep\u00fablica Argentina. Contenido propio originado por periodistas de CELTTV, el canal de TV local de la Cooperativa El\u00e9ctrica de Tornquist. Turismo, Pol\u00edtica, Sociedad, Deporte, Cultura y todo el contenido de inter\u00e9s general que la gente del pueblo y la regi\u00f3n debe conocer.\" \/>\n<meta name=\"robots\" content=\"index, follow, max-snippet:-1, max-image-preview:large, max-video-preview:-1\" \/>\n<link rel=\"canonical\" href=\"https:\/\/www.celttv.com.ar\/index.php\/2023\/03\/08\/actividad-cultural-en-el-marco-del-dia-internacional-de-la-mujer-y-la-8-fiesta-pcial-de-la-vendimia-videos\/\" \/>\n<meta property=\"og:locale\" content=\"es_ES\" \/>\n<meta property=\"og:type\" content=\"article\" \/>\n<meta property=\"og:title\" content=\"Actividad cultural en el marco del D\u00eda Internacional de la Mujer y la 8\u00b0 Fiesta Pcial. de la Vendimia (Videos) - CELTTV\" \/>\n<meta property=\"og:description\" content=\"Sitio web de noticias de la localidad de Tornquist, provincia de Buenos Aires, Rep\u00fablica Argentina. Contenido propio originado por periodistas de CELTTV, el canal de TV local de la Cooperativa El\u00e9ctrica de Tornquist. Turismo, Pol\u00edtica, Sociedad, Deporte, Cultura y todo el contenido de inter\u00e9s general que la gente del pueblo y la regi\u00f3n debe conocer.\" \/>\n<meta property=\"og:url\" content=\"https:\/\/www.celttv.com.ar\/index.php\/2023\/03\/08\/actividad-cultural-en-el-marco-del-dia-internacional-de-la-mujer-y-la-8-fiesta-pcial-de-la-vendimia-videos\/\" \/>\n<meta property=\"og:site_name\" content=\"CELTTV\" \/>\n<meta property=\"article:publisher\" content=\"https:\/\/www.facebook.com\/celtTV\/\" \/>\n<meta property=\"article:published_time\" content=\"2023-03-08T16:42:50+00:00\" \/>\n<meta property=\"og:image\" content=\"https:\/\/www.celttv.com.ar\/wp-content\/uploads\/2023\/03\/maxresdefault.jpg\" \/>\n\t<meta property=\"og:image:width\" content=\"1277\" \/>\n\t<meta property=\"og:image:height\" content=\"589\" \/>\n\t<meta property=\"og:image:type\" content=\"image\/jpeg\" \/>\n<meta name=\"author\" content=\"Rodrigo Sgammini\" \/>\n<meta name=\"twitter:card\" content=\"summary_large_image\" \/>\n<meta name=\"twitter:label1\" content=\"Escrito por\" \/>\n\t<meta name=\"twitter:data1\" content=\"Rodrigo Sgammini\" \/>\n<script type=\"application\/ld+json\" class=\"yoast-schema-graph\">{\"@context\":\"https:\/\/schema.org\",\"@graph\":[{\"@type\":\"NewsArticle\",\"@id\":\"https:\/\/www.celttv.com.ar\/index.php\/2023\/03\/08\/actividad-cultural-en-el-marco-del-dia-internacional-de-la-mujer-y-la-8-fiesta-pcial-de-la-vendimia-videos\/#article\",\"isPartOf\":{\"@id\":\"https:\/\/www.celttv.com.ar\/index.php\/2023\/03\/08\/actividad-cultural-en-el-marco-del-dia-internacional-de-la-mujer-y-la-8-fiesta-pcial-de-la-vendimia-videos\/\"},\"author\":{\"name\":\"Rodrigo Sgammini\",\"@id\":\"https:\/\/www.celttv.com.ar\/#\/schema\/person\/495be51d064edd971d8457f8f64eb172\"},\"headline\":\"Actividad cultural en el marco del D\u00eda Internacional de la Mujer y la 8\u00b0 Fiesta Pcial. de la Vendimia (Videos)\",\"datePublished\":\"2023-03-08T16:42:50+00:00\",\"dateModified\":\"2023-03-08T16:42:50+00:00\",\"mainEntityOfPage\":{\"@id\":\"https:\/\/www.celttv.com.ar\/index.php\/2023\/03\/08\/actividad-cultural-en-el-marco-del-dia-internacional-de-la-mujer-y-la-8-fiesta-pcial-de-la-vendimia-videos\/\"},\"wordCount\":95,\"publisher\":{\"@id\":\"https:\/\/www.celttv.com.ar\/#organization\"},\"articleSection\":[\"Celt TV Noticias\"],\"inLanguage\":\"es\"},{\"@type\":\"WebPage\",\"@id\":\"https:\/\/www.celttv.com.ar\/index.php\/2023\/03\/08\/actividad-cultural-en-el-marco-del-dia-internacional-de-la-mujer-y-la-8-fiesta-pcial-de-la-vendimia-videos\/\",\"url\":\"https:\/\/www.celttv.com.ar\/index.php\/2023\/03\/08\/actividad-cultural-en-el-marco-del-dia-internacional-de-la-mujer-y-la-8-fiesta-pcial-de-la-vendimia-videos\/\",\"name\":\"Actividad cultural en el marco del D\u00eda Internacional de la Mujer y la 8\u00b0 Fiesta Pcial. de la Vendimia (Videos) - CELTTV\",\"isPartOf\":{\"@id\":\"https:\/\/www.celttv.com.ar\/#website\"},\"datePublished\":\"2023-03-08T16:42:50+00:00\",\"dateModified\":\"2023-03-08T16:42:50+00:00\",\"description\":\"Sitio web de noticias de la localidad de Tornquist, provincia de Buenos Aires, Rep\u00fablica Argentina. Contenido propio originado por periodistas de CELTTV, el canal de TV local de la Cooperativa El\u00e9ctrica de Tornquist. Turismo, Pol\u00edtica, Sociedad, Deporte, Cultura y todo el contenido de inter\u00e9s general que la gente del pueblo y la regi\u00f3n debe conocer.\",\"breadcrumb\":{\"@id\":\"https:\/\/www.celttv.com.ar\/index.php\/2023\/03\/08\/actividad-cultural-en-el-marco-del-dia-internacional-de-la-mujer-y-la-8-fiesta-pcial-de-la-vendimia-videos\/#breadcrumb\"},\"inLanguage\":\"es\",\"potentialAction\":[{\"@type\":\"ReadAction\",\"target\":[\"https:\/\/www.celttv.com.ar\/index.php\/2023\/03\/08\/actividad-cultural-en-el-marco-del-dia-internacional-de-la-mujer-y-la-8-fiesta-pcial-de-la-vendimia-videos\/\"]}]},{\"@type\":\"BreadcrumbList\",\"@id\":\"https:\/\/www.celttv.com.ar\/index.php\/2023\/03\/08\/actividad-cultural-en-el-marco-del-dia-internacional-de-la-mujer-y-la-8-fiesta-pcial-de-la-vendimia-videos\/#breadcrumb\",\"itemListElement\":[{\"@type\":\"ListItem\",\"position\":1,\"name\":\"Inicio\",\"item\":\"https:\/\/www.celttv.com.ar\/\"},{\"@type\":\"ListItem\",\"position\":2,\"name\":\"Actividad cultural en el marco del D\u00eda Internacional de la Mujer y la 8\u00b0 Fiesta Pcial. de la Vendimia (Videos)\"}]},{\"@type\":\"WebSite\",\"@id\":\"https:\/\/www.celttv.com.ar\/#website\",\"url\":\"https:\/\/www.celttv.com.ar\/\",\"name\":\"CELTTV\",\"description\":\"Cooperativa El\u00e9ctrica de Tornquist\",\"publisher\":{\"@id\":\"https:\/\/www.celttv.com.ar\/#organization\"},\"potentialAction\":[{\"@type\":\"SearchAction\",\"target\":{\"@type\":\"EntryPoint\",\"urlTemplate\":\"https:\/\/www.celttv.com.ar\/?s={search_term_string}\"},\"query-input\":\"required name=search_term_string\"}],\"inLanguage\":\"es\"},{\"@type\":\"Organization\",\"@id\":\"https:\/\/www.celttv.com.ar\/#organization\",\"name\":\"CELTTV\",\"url\":\"https:\/\/www.celttv.com.ar\/\",\"sameAs\":[\"https:\/\/www.youtube.com\/channel\/UCz_oIt8Hig64Ub-EmcNPIhg\",\"https:\/\/www.facebook.com\/celtTV\/\"],\"logo\":{\"@type\":\"ImageObject\",\"inLanguage\":\"es\",\"@id\":\"https:\/\/www.celttv.com.ar\/#\/schema\/logo\/image\/\",\"url\":\"http:\/\/www.celttv.com.ar\/wp-content\/uploads\/2022\/08\/logo-1.png\",\"contentUrl\":\"http:\/\/www.celttv.com.ar\/wp-content\/uploads\/2022\/08\/logo-1.png\",\"width\":461,\"height\":159,\"caption\":\"CELTTV\"},\"image\":{\"@id\":\"https:\/\/www.celttv.com.ar\/#\/schema\/logo\/image\/\"}},{\"@type\":\"Person\",\"@id\":\"https:\/\/www.celttv.com.ar\/#\/schema\/person\/495be51d064edd971d8457f8f64eb172\",\"name\":\"Rodrigo Sgammini\",\"image\":{\"@type\":\"ImageObject\",\"inLanguage\":\"es\",\"@id\":\"https:\/\/www.celttv.com.ar\/#\/schema\/person\/image\/\",\"url\":\"https:\/\/secure.gravatar.com\/avatar\/68f7848d42735e7a9276b47cd6e606327d88f521c51ae39d88888b76902e2987?s=96&d=mm&r=g\",\"contentUrl\":\"https:\/\/secure.gravatar.com\/avatar\/68f7848d42735e7a9276b47cd6e606327d88f521c51ae39d88888b76902e2987?s=96&d=mm&r=g\",\"caption\":\"Rodrigo Sgammini\"}}]}<\/script>\n<!-- \/ Yoast SEO plugin. -->","yoast_head_json":{"title":"Actividad cultural en el marco del D\u00eda Internacional de la Mujer y la 8\u00b0 Fiesta Pcial. de la Vendimia (Videos) - CELTTV","description":"Sitio web de noticias de la localidad de Tornquist, provincia de Buenos Aires, Rep\u00fablica Argentina. Contenido propio originado por periodistas de CELTTV, el canal de TV local de la Cooperativa El\u00e9ctrica de Tornquist. Turismo, Pol\u00edtica, Sociedad, Deporte, Cultura y todo el contenido de inter\u00e9s general que la gente del pueblo y la regi\u00f3n debe conocer.","robots":{"index":"index","follow":"follow","max-snippet":"max-snippet:-1","max-image-preview":"max-image-preview:large","max-video-preview":"max-video-preview:-1"},"canonical":"https:\/\/www.celttv.com.ar\/index.php\/2023\/03\/08\/actividad-cultural-en-el-marco-del-dia-internacional-de-la-mujer-y-la-8-fiesta-pcial-de-la-vendimia-videos\/","og_locale":"es_ES","og_type":"article","og_title":"Actividad cultural en el marco del D\u00eda Internacional de la Mujer y la 8\u00b0 Fiesta Pcial. de la Vendimia (Videos) - CELTTV","og_description":"Sitio web de noticias de la localidad de Tornquist, provincia de Buenos Aires, Rep\u00fablica Argentina. Contenido propio originado por periodistas de CELTTV, el canal de TV local de la Cooperativa El\u00e9ctrica de Tornquist. Turismo, Pol\u00edtica, Sociedad, Deporte, Cultura y todo el contenido de inter\u00e9s general que la gente del pueblo y la regi\u00f3n debe conocer.","og_url":"https:\/\/www.celttv.com.ar\/index.php\/2023\/03\/08\/actividad-cultural-en-el-marco-del-dia-internacional-de-la-mujer-y-la-8-fiesta-pcial-de-la-vendimia-videos\/","og_site_name":"CELTTV","article_publisher":"https:\/\/www.facebook.com\/celtTV\/","article_published_time":"2023-03-08T16:42:50+00:00","og_image":[{"width":1277,"height":589,"url":"https:\/\/www.celttv.com.ar\/wp-content\/uploads\/2023\/03\/maxresdefault.jpg","type":"image\/jpeg"}],"author":"Rodrigo Sgammini","twitter_card":"summary_large_image","twitter_misc":{"Escrito por":"Rodrigo Sgammini"},"schema":{"@context":"https:\/\/schema.org","@graph":[{"@type":"NewsArticle","@id":"https:\/\/www.celttv.com.ar\/index.php\/2023\/03\/08\/actividad-cultural-en-el-marco-del-dia-internacional-de-la-mujer-y-la-8-fiesta-pcial-de-la-vendimia-videos\/#article","isPartOf":{"@id":"https:\/\/www.celttv.com.ar\/index.php\/2023\/03\/08\/actividad-cultural-en-el-marco-del-dia-internacional-de-la-mujer-y-la-8-fiesta-pcial-de-la-vendimia-videos\/"},"author":{"name":"Rodrigo Sgammini","@id":"https:\/\/www.celttv.com.ar\/#\/schema\/person\/495be51d064edd971d8457f8f64eb172"},"headline":"Actividad cultural en el marco del D\u00eda Internacional de la Mujer y la 8\u00b0 Fiesta Pcial. de la Vendimia (Videos)","datePublished":"2023-03-08T16:42:50+00:00","dateModified":"2023-03-08T16:42:50+00:00","mainEntityOfPage":{"@id":"https:\/\/www.celttv.com.ar\/index.php\/2023\/03\/08\/actividad-cultural-en-el-marco-del-dia-internacional-de-la-mujer-y-la-8-fiesta-pcial-de-la-vendimia-videos\/"},"wordCount":95,"publisher":{"@id":"https:\/\/www.celttv.com.ar\/#organization"},"articleSection":["Celt TV Noticias"],"inLanguage":"es"},{"@type":"WebPage","@id":"https:\/\/www.celttv.com.ar\/index.php\/2023\/03\/08\/actividad-cultural-en-el-marco-del-dia-internacional-de-la-mujer-y-la-8-fiesta-pcial-de-la-vendimia-videos\/","url":"https:\/\/www.celttv.com.ar\/index.php\/2023\/03\/08\/actividad-cultural-en-el-marco-del-dia-internacional-de-la-mujer-y-la-8-fiesta-pcial-de-la-vendimia-videos\/","name":"Actividad cultural en el marco del D\u00eda Internacional de la Mujer y la 8\u00b0 Fiesta Pcial. de la Vendimia (Videos) - CELTTV","isPartOf":{"@id":"https:\/\/www.celttv.com.ar\/#website"},"datePublished":"2023-03-08T16:42:50+00:00","dateModified":"2023-03-08T16:42:50+00:00","description":"Sitio web de noticias de la localidad de Tornquist, provincia de Buenos Aires, Rep\u00fablica Argentina. Contenido propio originado por periodistas de CELTTV, el canal de TV local de la Cooperativa El\u00e9ctrica de Tornquist. Turismo, Pol\u00edtica, Sociedad, Deporte, Cultura y todo el contenido de inter\u00e9s general que la gente del pueblo y la regi\u00f3n debe conocer.","breadcrumb":{"@id":"https:\/\/www.celttv.com.ar\/index.php\/2023\/03\/08\/actividad-cultural-en-el-marco-del-dia-internacional-de-la-mujer-y-la-8-fiesta-pcial-de-la-vendimia-videos\/#breadcrumb"},"inLanguage":"es","potentialAction":[{"@type":"ReadAction","target":["https:\/\/www.celttv.com.ar\/index.php\/2023\/03\/08\/actividad-cultural-en-el-marco-del-dia-internacional-de-la-mujer-y-la-8-fiesta-pcial-de-la-vendimia-videos\/"]}]},{"@type":"BreadcrumbList","@id":"https:\/\/www.celttv.com.ar\/index.php\/2023\/03\/08\/actividad-cultural-en-el-marco-del-dia-internacional-de-la-mujer-y-la-8-fiesta-pcial-de-la-vendimia-videos\/#breadcrumb","itemListElement":[{"@type":"ListItem","position":1,"name":"Inicio","item":"https:\/\/www.celttv.com.ar\/"},{"@type":"ListItem","position":2,"name":"Actividad cultural en el marco del D\u00eda Internacional de la Mujer y la 8\u00b0 Fiesta Pcial. de la Vendimia (Videos)"}]},{"@type":"WebSite","@id":"https:\/\/www.celttv.com.ar\/#website","url":"https:\/\/www.celttv.com.ar\/","name":"CELTTV","description":"Cooperativa El\u00e9ctrica de Tornquist","publisher":{"@id":"https:\/\/www.celttv.com.ar\/#organization"},"potentialAction":[{"@type":"SearchAction","target":{"@type":"EntryPoint","urlTemplate":"https:\/\/www.celttv.com.ar\/?s={search_term_string}"},"query-input":"required name=search_term_string"}],"inLanguage":"es"},{"@type":"Organization","@id":"https:\/\/www.celttv.com.ar\/#organization","name":"CELTTV","url":"https:\/\/www.celttv.com.ar\/","sameAs":["https:\/\/www.youtube.com\/channel\/UCz_oIt8Hig64Ub-EmcNPIhg","https:\/\/www.facebook.com\/celtTV\/"],"logo":{"@type":"ImageObject","inLanguage":"es","@id":"https:\/\/www.celttv.com.ar\/#\/schema\/logo\/image\/","url":"http:\/\/www.celttv.com.ar\/wp-content\/uploads\/2022\/08\/logo-1.png","contentUrl":"http:\/\/www.celttv.com.ar\/wp-content\/uploads\/2022\/08\/logo-1.png","width":461,"height":159,"caption":"CELTTV"},"image":{"@id":"https:\/\/www.celttv.com.ar\/#\/schema\/logo\/image\/"}},{"@type":"Person","@id":"https:\/\/www.celttv.com.ar\/#\/schema\/person\/495be51d064edd971d8457f8f64eb172","name":"Rodrigo Sgammini","image":{"@type":"ImageObject","inLanguage":"es","@id":"https:\/\/www.celttv.com.ar\/#\/schema\/person\/image\/","url":"https:\/\/secure.gravatar.com\/avatar\/68f7848d42735e7a9276b47cd6e606327d88f521c51ae39d88888b76902e2987?s=96&d=mm&r=g","contentUrl":"https:\/\/secure.gravatar.com\/avatar\/68f7848d42735e7a9276b47cd6e606327d88f521c51ae39d88888b76902e2987?s=96&d=mm&r=g","caption":"Rodrigo Sgammini"}}]}},"_links":{"self":[{"href":"https:\/\/www.celttv.com.ar\/index.php\/wp-json\/wp\/v2\/posts\/74139","targetHints":{"allow":["GET"]}}],"collection":[{"href":"https:\/\/www.celttv.com.ar\/index.php\/wp-json\/wp\/v2\/posts"}],"about":[{"href":"https:\/\/www.celttv.com.ar\/index.php\/wp-json\/wp\/v2\/types\/post"}],"author":[{"embeddable":true,"href":"https:\/\/www.celttv.com.ar\/index.php\/wp-json\/wp\/v2\/users\/3"}],"replies":[{"embeddable":true,"href":"https:\/\/www.celttv.com.ar\/index.php\/wp-json\/wp\/v2\/comments?post=74139"}],"version-history":[{"count":1,"href":"https:\/\/www.celttv.com.ar\/index.php\/wp-json\/wp\/v2\/posts\/74139\/revisions"}],"predecessor-version":[{"id":74141,"href":"https:\/\/www.celttv.com.ar\/index.php\/wp-json\/wp\/v2\/posts\/74139\/revisions\/74141"}],"wp:featuredmedia":[{"embeddable":true,"href":"https:\/\/www.celttv.com.ar\/index.php\/wp-json\/wp\/v2\/media\/74140"}],"wp:attachment":[{"href":"https:\/\/www.celttv.com.ar\/index.php\/wp-json\/wp\/v2\/media?parent=74139"}],"wp:term":[{"taxonomy":"category","embeddable":true,"href":"https:\/\/www.celttv.com.ar\/index.php\/wp-json\/wp\/v2\/categories?post=74139"},{"taxonomy":"post_tag","embeddable":true,"href":"https:\/\/www.celttv.com.ar\/index.php\/wp-json\/wp\/v2\/tags?post=74139"}],"curies":[{"name":"wp","href":"https:\/\/api.w.org\/{rel}","templated":true}]}}