{"id":74147,"date":"2023-03-08T18:55:48","date_gmt":"2023-03-08T21:55:48","guid":{"rendered":"http:\/\/www.celttv.com.ar\/?p=74147"},"modified":"2023-03-08T18:59:53","modified_gmt":"2023-03-08T21:59:53","slug":"continua-evolucionando-el-emprendimiento-lacteo-el-balcon-del-arroyo-esperanzados-en-acceder-a-una-financiacion-fotos-y-videos","status":"publish","type":"post","link":"https:\/\/www.celttv.com.ar\/index.php\/2023\/03\/08\/continua-evolucionando-el-emprendimiento-lacteo-el-balcon-del-arroyo-esperanzados-en-acceder-a-una-financiacion-fotos-y-videos\/","title":{"rendered":"Contin\u00faa evolucionando el emprendimiento lacteo &#8220;El Balc\u00f3n del Arroyo&#8221; con la esperanza de acceder a una financiaci\u00f3n (fotos y videos)"},"content":{"rendered":"<p>&#8220;Estamos rascando el fondo de la olla y ya rompimos todos los &#8220;chanchitos&#8221;, pero seguimos avanzando&#8221; decia a CELTTV Noticias Gerardo Bras, uno de los integrantes del grupo de El Balc\u00f3n del Arroyo.<\/p>\n<p>La obra contin\u00faa su marcha con recursos aportados por los integrantes del emprendimiento y un cr\u00e9dito del Municipio, y esperando la posibilidad de acceder a un cr\u00e9dito a tasa mas accesible para poder acelerar el proceso, concluir el proyecto lo antes posible y comenzar a producir dando valor en origen a una materia prima que actualmente se va de nuestra zona en cantidad.<\/p>\n<p>&#8220;Ahora se ha concluido la etapa de la cobertura y el piso que abarca unos 900 metros cuadrados y el lunes 13 estar\u00eda viniendo la Cooperativa de Trabajo que levantar\u00e1 las paredes, lo que demandar\u00e1 dos o tres meses de trabajo y veremos como podemos seguir&#8221; explic\u00f3 Bras-<\/p>\n<p>Bras descart\u00f3 por el momento la posibilidad de acceder a alg\u00fan subsidio &#8220;Estamos tratando de acceder a alg\u00fan cr\u00e9dito que sea pagable, no podemos meternos en un cr\u00e9dito al 80% de inter\u00e9s anual&#8221; subray\u00f3.<\/p>\n<p>Bras destac\u00f3 el inter\u00e9s manifestado por el Gobernador Kicillof en su \u00faltima visita a Sierra de la Ventana &#8220;Estamos en contacto con la provincia y esperemos lograr algo. No queremos nada regalado, queremos algo que se pueda pagar&#8221;<\/p>\n<p>&#8220;Toda la difusi\u00f3n que le hagamos a este proyecto es\u00a0 importante para que la gente tome conciencia que este no es el negoci\u00f3n de cuatro locos que est\u00e1n levantando una f\u00e1brica. Esta es una f\u00e1brica que a quedar; esto va a quedar y generar\u00e1 mucha fuente de trabajo&#8221; se entusiasma Gerardo Bras.<\/p>\n<p>&#8220;Del distrito de Tornquist diariamente se va\u00a0 un cami\u00f3n de leche diario, unos 30.000 lts. y si ese cami\u00f3n se procesa ac\u00e1 son $ 3.000.000 de diferencia y esos 3 millones es plata que se distribuye en el lugar entre dos o tres camioneros, repartidores, 20 o 25 personas que inicialmente estar\u00e1n trabajando o la crianza de cerdos por el suero. Esto va a generar un desarrollo que muchos no se dan cuenta. Esto va a sumar al desarrollo de la regi\u00f3n. No perdemos las esperanzas&#8221; cerr\u00f3 Bras reiterando su agradecimiento al Municipio, a la comunidad y a los medios.<\/p>\n<p>&nbsp;<\/p>\n<p>Jorge Laborde<\/p>\n<p>&#8220;Comenzamos desparramando la tierra con la ayuda del Municipio que nos trajo todo el material, nos prest\u00f3 incluso alguna herramienta como para aplastar la tosca que quedaba arriba, hasta el lunes que vino la empresa y construy\u00f3 el piso&#8221; explicaba Jorge &#8220;Pichin&#8221; Laborde.<\/p>\n<p>&#8220;Los n\u00fameros nuestros son finos y tenemos que sacarle plata del campo y del tambo para invertirla en este proyecto. Estamos tratando de buscar la manera para que esto siga en marcha. El proyecto va muy lento y nos est\u00e1 faltando una inyecci\u00f3n de dinero importante para acelerar el proceso y arrancar lo antes posible&#8221; se\u00f1al\u00f3 &#8220;Pichin&#8221; Laborde.<\/p>\n<p>&#8220;Cuando tengamos las paredes, sumado al techo y el piso, ser\u00e1 otra manera de ver las cosas&#8221; Cerr\u00f3 Laborde.<\/p>\n<p>&nbsp;<\/p>\n<p>Gustavo Stuldreher<\/p>\n<p>&#8220;Gerardo (Bras) explic\u00f3 la burocracia que existe para poder acceder a los fondos necesarios y ahora tenemos que ver de que manera continuar porque hasta el momento es todo aporte de cada uno y todo cuesta much\u00edsimo&#8221; comentaba Gustavo Stuldreher, otro de los integrantes de la firma.<\/p>\n<p>&#8220;Por suerte somos un grupo de gente positiva y sana, gente trabajadora que seguramente le vamos a encontrar la vuelta y de alguna manera lo vamos a sacar adelante. La idea era que a mitad de a\u00f1o estemos funcionando y ahora resulta mas complicado pero no hay que perder la esperanza y seguramente lo vamos a lograr&#8221; Dijo Stuldreher.<\/p>\n<p>&nbsp;<\/p>\n<p><iframe loading=\"lazy\" title=\"2023 03 06 EL BALCON DEL ARROYO 1   GERARDO BRAS 1\" width=\"500\" height=\"281\" src=\"https:\/\/www.youtube.com\/embed\/yH5qzpn5Awk?feature=oembed\" frameborder=\"0\" allow=\"accelerometer; autoplay; clipboard-write; encrypted-media; gyroscope; picture-in-picture; web-share\" referrerpolicy=\"strict-origin-when-cross-origin\" allowfullscreen><\/iframe><\/p>\n<p><iframe loading=\"lazy\" title=\"2023 03 06 EL BALCON DEL ARROYO 2   JORGE LABORDE\" width=\"500\" height=\"281\" src=\"https:\/\/www.youtube.com\/embed\/atQzXeuCiQs?feature=oembed\" frameborder=\"0\" allow=\"accelerometer; autoplay; clipboard-write; encrypted-media; gyroscope; picture-in-picture; web-share\" referrerpolicy=\"strict-origin-when-cross-origin\" allowfullscreen><\/iframe><\/p>\n<p><iframe loading=\"lazy\" title=\"2023 03 06 EL BALCON DEL ARROYO 3   GUSTAVO STULDREHER\" width=\"500\" height=\"281\" src=\"https:\/\/www.youtube.com\/embed\/WfMK5lU58f8?feature=oembed\" frameborder=\"0\" allow=\"accelerometer; autoplay; clipboard-write; encrypted-media; gyroscope; picture-in-picture; web-share\" referrerpolicy=\"strict-origin-when-cross-origin\" allowfullscreen><\/iframe><\/p>\n<p><iframe loading=\"lazy\" title=\"2023 03 06 EL BALCON DEL ARROYO 4   GERARDO BRAS 2\" width=\"500\" height=\"281\" src=\"https:\/\/www.youtube.com\/embed\/CPvWsLhUxEQ?feature=oembed\" frameborder=\"0\" allow=\"accelerometer; autoplay; clipboard-write; encrypted-media; gyroscope; picture-in-picture; web-share\" referrerpolicy=\"strict-origin-when-cross-origin\" allowfullscreen><\/iframe><\/p>\n<p><img loading=\"lazy\" decoding=\"async\" class=\"alignnone size-medium wp-image-74149\" src=\"http:\/\/www.celttv.com.ar\/wp-content\/uploads\/2023\/03\/20230303_103344-300x135.jpg\" alt=\"\" width=\"300\" height=\"135\" srcset=\"https:\/\/www.celttv.com.ar\/wp-content\/uploads\/2023\/03\/20230303_103344-300x135.jpg 300w, https:\/\/www.celttv.com.ar\/wp-content\/uploads\/2023\/03\/20230303_103344-1024x462.jpg 1024w, https:\/\/www.celttv.com.ar\/wp-content\/uploads\/2023\/03\/20230303_103344-768x346.jpg 768w, https:\/\/www.celttv.com.ar\/wp-content\/uploads\/2023\/03\/20230303_103344-1536x692.jpg 1536w, https:\/\/www.celttv.com.ar\/wp-content\/uploads\/2023\/03\/20230303_103344-2048x923.jpg 2048w, https:\/\/www.celttv.com.ar\/wp-content\/uploads\/2023\/03\/20230303_103344-750x338.jpg 750w, https:\/\/www.celttv.com.ar\/wp-content\/uploads\/2023\/03\/20230303_103344-1140x514.jpg 1140w\" sizes=\"auto, (max-width: 300px) 100vw, 300px\" \/> <img loading=\"lazy\" decoding=\"async\" class=\"alignnone size-medium wp-image-74150\" src=\"http:\/\/www.celttv.com.ar\/wp-content\/uploads\/2023\/03\/20230303_103507-300x135.jpg\" alt=\"\" width=\"300\" height=\"135\" srcset=\"https:\/\/www.celttv.com.ar\/wp-content\/uploads\/2023\/03\/20230303_103507-300x135.jpg 300w, https:\/\/www.celttv.com.ar\/wp-content\/uploads\/2023\/03\/20230303_103507-1024x462.jpg 1024w, https:\/\/www.celttv.com.ar\/wp-content\/uploads\/2023\/03\/20230303_103507-768x346.jpg 768w, https:\/\/www.celttv.com.ar\/wp-content\/uploads\/2023\/03\/20230303_103507-1536x692.jpg 1536w, https:\/\/www.celttv.com.ar\/wp-content\/uploads\/2023\/03\/20230303_103507-2048x923.jpg 2048w, https:\/\/www.celttv.com.ar\/wp-content\/uploads\/2023\/03\/20230303_103507-750x338.jpg 750w, https:\/\/www.celttv.com.ar\/wp-content\/uploads\/2023\/03\/20230303_103507-1140x514.jpg 1140w\" sizes=\"auto, (max-width: 300px) 100vw, 300px\" \/> <img loading=\"lazy\" decoding=\"async\" class=\"alignnone size-medium wp-image-74151\" src=\"http:\/\/www.celttv.com.ar\/wp-content\/uploads\/2023\/03\/20230303_103516-300x135.jpg\" alt=\"\" width=\"300\" height=\"135\" srcset=\"https:\/\/www.celttv.com.ar\/wp-content\/uploads\/2023\/03\/20230303_103516-300x135.jpg 300w, https:\/\/www.celttv.com.ar\/wp-content\/uploads\/2023\/03\/20230303_103516-1024x462.jpg 1024w, https:\/\/www.celttv.com.ar\/wp-content\/uploads\/2023\/03\/20230303_103516-768x346.jpg 768w, https:\/\/www.celttv.com.ar\/wp-content\/uploads\/2023\/03\/20230303_103516-1536x692.jpg 1536w, https:\/\/www.celttv.com.ar\/wp-content\/uploads\/2023\/03\/20230303_103516-2048x923.jpg 2048w, https:\/\/www.celttv.com.ar\/wp-content\/uploads\/2023\/03\/20230303_103516-750x338.jpg 750w, https:\/\/www.celttv.com.ar\/wp-content\/uploads\/2023\/03\/20230303_103516-1140x514.jpg 1140w\" sizes=\"auto, (max-width: 300px) 100vw, 300px\" \/> <img loading=\"lazy\" decoding=\"async\" class=\"alignnone size-medium wp-image-74152\" src=\"http:\/\/www.celttv.com.ar\/wp-content\/uploads\/2023\/03\/20230303_103629-300x135.jpg\" alt=\"\" width=\"300\" height=\"135\" srcset=\"https:\/\/www.celttv.com.ar\/wp-content\/uploads\/2023\/03\/20230303_103629-300x135.jpg 300w, https:\/\/www.celttv.com.ar\/wp-content\/uploads\/2023\/03\/20230303_103629-1024x462.jpg 1024w, https:\/\/www.celttv.com.ar\/wp-content\/uploads\/2023\/03\/20230303_103629-768x346.jpg 768w, https:\/\/www.celttv.com.ar\/wp-content\/uploads\/2023\/03\/20230303_103629-1536x692.jpg 1536w, https:\/\/www.celttv.com.ar\/wp-content\/uploads\/2023\/03\/20230303_103629-2048x923.jpg 2048w, https:\/\/www.celttv.com.ar\/wp-content\/uploads\/2023\/03\/20230303_103629-750x338.jpg 750w, https:\/\/www.celttv.com.ar\/wp-content\/uploads\/2023\/03\/20230303_103629-1140x514.jpg 1140w\" sizes=\"auto, (max-width: 300px) 100vw, 300px\" \/> <img loading=\"lazy\" decoding=\"async\" class=\"alignnone size-medium wp-image-74153\" src=\"http:\/\/www.celttv.com.ar\/wp-content\/uploads\/2023\/03\/20230303_103740-300x135.jpg\" alt=\"\" width=\"300\" height=\"135\" srcset=\"https:\/\/www.celttv.com.ar\/wp-content\/uploads\/2023\/03\/20230303_103740-300x135.jpg 300w, https:\/\/www.celttv.com.ar\/wp-content\/uploads\/2023\/03\/20230303_103740-1024x461.jpg 1024w, https:\/\/www.celttv.com.ar\/wp-content\/uploads\/2023\/03\/20230303_103740-768x345.jpg 768w, https:\/\/www.celttv.com.ar\/wp-content\/uploads\/2023\/03\/20230303_103740-1536x691.jpg 1536w, https:\/\/www.celttv.com.ar\/wp-content\/uploads\/2023\/03\/20230303_103740-2048x921.jpg 2048w, https:\/\/www.celttv.com.ar\/wp-content\/uploads\/2023\/03\/20230303_103740-750x337.jpg 750w, https:\/\/www.celttv.com.ar\/wp-content\/uploads\/2023\/03\/20230303_103740-1140x513.jpg 1140w\" sizes=\"auto, (max-width: 300px) 100vw, 300px\" \/> <img loading=\"lazy\" decoding=\"async\" class=\"alignnone size-medium wp-image-74154\" src=\"http:\/\/www.celttv.com.ar\/wp-content\/uploads\/2023\/03\/20230303_104529-300x135.jpg\" alt=\"\" width=\"300\" height=\"135\" srcset=\"https:\/\/www.celttv.com.ar\/wp-content\/uploads\/2023\/03\/20230303_104529-300x135.jpg 300w, https:\/\/www.celttv.com.ar\/wp-content\/uploads\/2023\/03\/20230303_104529-1024x461.jpg 1024w, https:\/\/www.celttv.com.ar\/wp-content\/uploads\/2023\/03\/20230303_104529-768x345.jpg 768w, https:\/\/www.celttv.com.ar\/wp-content\/uploads\/2023\/03\/20230303_104529-1536x691.jpg 1536w, https:\/\/www.celttv.com.ar\/wp-content\/uploads\/2023\/03\/20230303_104529-2048x921.jpg 2048w, https:\/\/www.celttv.com.ar\/wp-content\/uploads\/2023\/03\/20230303_104529-750x337.jpg 750w, https:\/\/www.celttv.com.ar\/wp-content\/uploads\/2023\/03\/20230303_104529-1140x513.jpg 1140w\" sizes=\"auto, (max-width: 300px) 100vw, 300px\" \/> <img loading=\"lazy\" decoding=\"async\" class=\"alignnone size-medium wp-image-74155\" src=\"http:\/\/www.celttv.com.ar\/wp-content\/uploads\/2023\/03\/20230303_104551-300x135.jpg\" alt=\"\" width=\"300\" height=\"135\" srcset=\"https:\/\/www.celttv.com.ar\/wp-content\/uploads\/2023\/03\/20230303_104551-300x135.jpg 300w, https:\/\/www.celttv.com.ar\/wp-content\/uploads\/2023\/03\/20230303_104551-1024x461.jpg 1024w, https:\/\/www.celttv.com.ar\/wp-content\/uploads\/2023\/03\/20230303_104551-768x345.jpg 768w, https:\/\/www.celttv.com.ar\/wp-content\/uploads\/2023\/03\/20230303_104551-1536x691.jpg 1536w, https:\/\/www.celttv.com.ar\/wp-content\/uploads\/2023\/03\/20230303_104551-2048x921.jpg 2048w, https:\/\/www.celttv.com.ar\/wp-content\/uploads\/2023\/03\/20230303_104551-750x337.jpg 750w, https:\/\/www.celttv.com.ar\/wp-content\/uploads\/2023\/03\/20230303_104551-1140x513.jpg 1140w\" sizes=\"auto, (max-width: 300px) 100vw, 300px\" \/><\/p>\n","protected":false},"excerpt":{"rendered":"<p>&#8220;Estamos rascando el fondo de la olla y ya rompimos todos los &#8220;chanchitos&#8221;, pero seguimos avanzando&#8221; decia a CELTTV Noticias Gerardo Bras, uno de los integrantes del grupo de El Balc\u00f3n del Arroyo. La obra contin\u00faa su marcha con recursos aportados por los integrantes del emprendimiento y un cr\u00e9dito del Municipio, y esperando la posibilidad [&hellip;]<\/p>\n","protected":false},"author":5,"featured_media":74154,"comment_status":"closed","ping_status":"closed","sticky":false,"template":"","format":"standard","meta":{"footnotes":""},"categories":[55,51,52,65],"tags":[735],"class_list":["post-74147","post","type-post","status-publish","format-standard","has-post-thumbnail","hentry","category-celt-tv-noticias","category-comunidad","category-destacadas","category-produccion","tag-continua-evolucionando-el-emprendimiento-lacteo-el-balcon-del-arroyo-esperanzados-en-acceder-a-una-financiacion-fotos-y-videos"],"yoast_head":"<!-- This site is optimized with the Yoast SEO plugin v19.7.1 - https:\/\/yoast.com\/wordpress\/plugins\/seo\/ -->\n<title>Contin\u00faa evolucionando el emprendimiento lacteo &quot;El Balc\u00f3n del Arroyo&quot; con la esperanza de acceder a una financiaci\u00f3n (fotos y videos) - CELTTV<\/title>\n<meta name=\"description\" content=\"Sitio web de noticias de la localidad de Tornquist, provincia de Buenos Aires, Rep\u00fablica Argentina. Contenido propio originado por periodistas de CELTTV, el canal de TV local de la Cooperativa El\u00e9ctrica de Tornquist. Turismo, Pol\u00edtica, Sociedad, Deporte, Cultura y todo el contenido de inter\u00e9s general que la gente del pueblo y la regi\u00f3n debe conocer.\" \/>\n<meta name=\"robots\" content=\"index, follow, max-snippet:-1, max-image-preview:large, max-video-preview:-1\" \/>\n<link rel=\"canonical\" href=\"https:\/\/www.celttv.com.ar\/index.php\/2023\/03\/08\/continua-evolucionando-el-emprendimiento-lacteo-el-balcon-del-arroyo-esperanzados-en-acceder-a-una-financiacion-fotos-y-videos\/\" \/>\n<meta property=\"og:locale\" content=\"es_ES\" \/>\n<meta property=\"og:type\" content=\"article\" \/>\n<meta property=\"og:title\" content=\"Contin\u00faa evolucionando el emprendimiento lacteo &quot;El Balc\u00f3n del Arroyo&quot; con la esperanza de acceder a una financiaci\u00f3n (fotos y videos) - CELTTV\" \/>\n<meta property=\"og:description\" content=\"Sitio web de noticias de la localidad de Tornquist, provincia de Buenos Aires, Rep\u00fablica Argentina. Contenido propio originado por periodistas de CELTTV, el canal de TV local de la Cooperativa El\u00e9ctrica de Tornquist. Turismo, Pol\u00edtica, Sociedad, Deporte, Cultura y todo el contenido de inter\u00e9s general que la gente del pueblo y la regi\u00f3n debe conocer.\" \/>\n<meta property=\"og:url\" content=\"https:\/\/www.celttv.com.ar\/index.php\/2023\/03\/08\/continua-evolucionando-el-emprendimiento-lacteo-el-balcon-del-arroyo-esperanzados-en-acceder-a-una-financiacion-fotos-y-videos\/\" \/>\n<meta property=\"og:site_name\" content=\"CELTTV\" \/>\n<meta property=\"article:publisher\" content=\"https:\/\/www.facebook.com\/celtTV\/\" \/>\n<meta property=\"article:published_time\" content=\"2023-03-08T21:55:48+00:00\" \/>\n<meta property=\"article:modified_time\" content=\"2023-03-08T21:59:53+00:00\" \/>\n<meta property=\"og:image\" content=\"https:\/\/www.celttv.com.ar\/wp-content\/uploads\/2023\/03\/20230303_104529-scaled.jpg\" \/>\n\t<meta property=\"og:image:width\" content=\"2560\" \/>\n\t<meta property=\"og:image:height\" content=\"1151\" \/>\n\t<meta property=\"og:image:type\" content=\"image\/jpeg\" \/>\n<meta name=\"author\" content=\"Miguel Herrada\" \/>\n<meta name=\"twitter:card\" content=\"summary_large_image\" \/>\n<meta name=\"twitter:label1\" content=\"Escrito por\" \/>\n\t<meta name=\"twitter:data1\" content=\"Miguel Herrada\" \/>\n\t<meta name=\"twitter:label2\" content=\"Tiempo de lectura\" \/>\n\t<meta name=\"twitter:data2\" content=\"3 minutos\" \/>\n<script type=\"application\/ld+json\" class=\"yoast-schema-graph\">{\"@context\":\"https:\/\/schema.org\",\"@graph\":[{\"@type\":\"NewsArticle\",\"@id\":\"https:\/\/www.celttv.com.ar\/index.php\/2023\/03\/08\/continua-evolucionando-el-emprendimiento-lacteo-el-balcon-del-arroyo-esperanzados-en-acceder-a-una-financiacion-fotos-y-videos\/#article\",\"isPartOf\":{\"@id\":\"https:\/\/www.celttv.com.ar\/index.php\/2023\/03\/08\/continua-evolucionando-el-emprendimiento-lacteo-el-balcon-del-arroyo-esperanzados-en-acceder-a-una-financiacion-fotos-y-videos\/\"},\"author\":{\"name\":\"Miguel Herrada\",\"@id\":\"https:\/\/www.celttv.com.ar\/#\/schema\/person\/9059dc91dc7204ef4182cdb65225f07d\"},\"headline\":\"Contin\u00faa evolucionando el emprendimiento lacteo &#8220;El Balc\u00f3n del Arroyo&#8221; con la esperanza de acceder a una financiaci\u00f3n (fotos y videos)\",\"datePublished\":\"2023-03-08T21:55:48+00:00\",\"dateModified\":\"2023-03-08T21:59:53+00:00\",\"mainEntityOfPage\":{\"@id\":\"https:\/\/www.celttv.com.ar\/index.php\/2023\/03\/08\/continua-evolucionando-el-emprendimiento-lacteo-el-balcon-del-arroyo-esperanzados-en-acceder-a-una-financiacion-fotos-y-videos\/\"},\"wordCount\":660,\"publisher\":{\"@id\":\"https:\/\/www.celttv.com.ar\/#organization\"},\"keywords\":[\"Contin\u00faa evolucionando el emprendimiento lacteo \\\"El Balc\u00f3n del Arroyo\\\" esperanzados en acceder a una financiaci\u00f3n (fotos y videos)\"],\"articleSection\":[\"Celt TV Noticias\",\"Comunidad\",\"Destacadas\",\"Producci\u00f3n y Medio Ambiente\"],\"inLanguage\":\"es\"},{\"@type\":\"WebPage\",\"@id\":\"https:\/\/www.celttv.com.ar\/index.php\/2023\/03\/08\/continua-evolucionando-el-emprendimiento-lacteo-el-balcon-del-arroyo-esperanzados-en-acceder-a-una-financiacion-fotos-y-videos\/\",\"url\":\"https:\/\/www.celttv.com.ar\/index.php\/2023\/03\/08\/continua-evolucionando-el-emprendimiento-lacteo-el-balcon-del-arroyo-esperanzados-en-acceder-a-una-financiacion-fotos-y-videos\/\",\"name\":\"Contin\u00faa evolucionando el emprendimiento lacteo \\\"El Balc\u00f3n del Arroyo\\\" con la esperanza de acceder a una financiaci\u00f3n (fotos y videos) - CELTTV\",\"isPartOf\":{\"@id\":\"https:\/\/www.celttv.com.ar\/#website\"},\"datePublished\":\"2023-03-08T21:55:48+00:00\",\"dateModified\":\"2023-03-08T21:59:53+00:00\",\"description\":\"Sitio web de noticias de la localidad de Tornquist, provincia de Buenos Aires, Rep\u00fablica Argentina. Contenido propio originado por periodistas de CELTTV, el canal de TV local de la Cooperativa El\u00e9ctrica de Tornquist. Turismo, Pol\u00edtica, Sociedad, Deporte, Cultura y todo el contenido de inter\u00e9s general que la gente del pueblo y la regi\u00f3n debe conocer.\",\"breadcrumb\":{\"@id\":\"https:\/\/www.celttv.com.ar\/index.php\/2023\/03\/08\/continua-evolucionando-el-emprendimiento-lacteo-el-balcon-del-arroyo-esperanzados-en-acceder-a-una-financiacion-fotos-y-videos\/#breadcrumb\"},\"inLanguage\":\"es\",\"potentialAction\":[{\"@type\":\"ReadAction\",\"target\":[\"https:\/\/www.celttv.com.ar\/index.php\/2023\/03\/08\/continua-evolucionando-el-emprendimiento-lacteo-el-balcon-del-arroyo-esperanzados-en-acceder-a-una-financiacion-fotos-y-videos\/\"]}]},{\"@type\":\"BreadcrumbList\",\"@id\":\"https:\/\/www.celttv.com.ar\/index.php\/2023\/03\/08\/continua-evolucionando-el-emprendimiento-lacteo-el-balcon-del-arroyo-esperanzados-en-acceder-a-una-financiacion-fotos-y-videos\/#breadcrumb\",\"itemListElement\":[{\"@type\":\"ListItem\",\"position\":1,\"name\":\"Inicio\",\"item\":\"https:\/\/www.celttv.com.ar\/\"},{\"@type\":\"ListItem\",\"position\":2,\"name\":\"Contin\u00faa evolucionando el emprendimiento lacteo &#8220;El Balc\u00f3n del Arroyo&#8221; con la esperanza de acceder a una financiaci\u00f3n (fotos y videos)\"}]},{\"@type\":\"WebSite\",\"@id\":\"https:\/\/www.celttv.com.ar\/#website\",\"url\":\"https:\/\/www.celttv.com.ar\/\",\"name\":\"CELTTV\",\"description\":\"Cooperativa El\u00e9ctrica de Tornquist\",\"publisher\":{\"@id\":\"https:\/\/www.celttv.com.ar\/#organization\"},\"potentialAction\":[{\"@type\":\"SearchAction\",\"target\":{\"@type\":\"EntryPoint\",\"urlTemplate\":\"https:\/\/www.celttv.com.ar\/?s={search_term_string}\"},\"query-input\":\"required name=search_term_string\"}],\"inLanguage\":\"es\"},{\"@type\":\"Organization\",\"@id\":\"https:\/\/www.celttv.com.ar\/#organization\",\"name\":\"CELTTV\",\"url\":\"https:\/\/www.celttv.com.ar\/\",\"sameAs\":[\"https:\/\/www.youtube.com\/channel\/UCz_oIt8Hig64Ub-EmcNPIhg\",\"https:\/\/www.facebook.com\/celtTV\/\"],\"logo\":{\"@type\":\"ImageObject\",\"inLanguage\":\"es\",\"@id\":\"https:\/\/www.celttv.com.ar\/#\/schema\/logo\/image\/\",\"url\":\"http:\/\/www.celttv.com.ar\/wp-content\/uploads\/2022\/08\/logo-1.png\",\"contentUrl\":\"http:\/\/www.celttv.com.ar\/wp-content\/uploads\/2022\/08\/logo-1.png\",\"width\":461,\"height\":159,\"caption\":\"CELTTV\"},\"image\":{\"@id\":\"https:\/\/www.celttv.com.ar\/#\/schema\/logo\/image\/\"}},{\"@type\":\"Person\",\"@id\":\"https:\/\/www.celttv.com.ar\/#\/schema\/person\/9059dc91dc7204ef4182cdb65225f07d\",\"name\":\"Miguel Herrada\",\"image\":{\"@type\":\"ImageObject\",\"inLanguage\":\"es\",\"@id\":\"https:\/\/www.celttv.com.ar\/#\/schema\/person\/image\/\",\"url\":\"https:\/\/secure.gravatar.com\/avatar\/67724d5b3c716623ffd76bec7e45841a442ac3b456e914dbba90b0fad2b8e0b1?s=96&d=mm&r=g\",\"contentUrl\":\"https:\/\/secure.gravatar.com\/avatar\/67724d5b3c716623ffd76bec7e45841a442ac3b456e914dbba90b0fad2b8e0b1?s=96&d=mm&r=g\",\"caption\":\"Miguel Herrada\"}}]}<\/script>\n<!-- \/ Yoast SEO plugin. -->","yoast_head_json":{"title":"Contin\u00faa evolucionando el emprendimiento lacteo \"El Balc\u00f3n del Arroyo\" con la esperanza de acceder a una financiaci\u00f3n (fotos y videos) - CELTTV","description":"Sitio web de noticias de la localidad de Tornquist, provincia de Buenos Aires, Rep\u00fablica Argentina. Contenido propio originado por periodistas de CELTTV, el canal de TV local de la Cooperativa El\u00e9ctrica de Tornquist. Turismo, Pol\u00edtica, Sociedad, Deporte, Cultura y todo el contenido de inter\u00e9s general que la gente del pueblo y la regi\u00f3n debe conocer.","robots":{"index":"index","follow":"follow","max-snippet":"max-snippet:-1","max-image-preview":"max-image-preview:large","max-video-preview":"max-video-preview:-1"},"canonical":"https:\/\/www.celttv.com.ar\/index.php\/2023\/03\/08\/continua-evolucionando-el-emprendimiento-lacteo-el-balcon-del-arroyo-esperanzados-en-acceder-a-una-financiacion-fotos-y-videos\/","og_locale":"es_ES","og_type":"article","og_title":"Contin\u00faa evolucionando el emprendimiento lacteo \"El Balc\u00f3n del Arroyo\" con la esperanza de acceder a una financiaci\u00f3n (fotos y videos) - CELTTV","og_description":"Sitio web de noticias de la localidad de Tornquist, provincia de Buenos Aires, Rep\u00fablica Argentina. Contenido propio originado por periodistas de CELTTV, el canal de TV local de la Cooperativa El\u00e9ctrica de Tornquist. Turismo, Pol\u00edtica, Sociedad, Deporte, Cultura y todo el contenido de inter\u00e9s general que la gente del pueblo y la regi\u00f3n debe conocer.","og_url":"https:\/\/www.celttv.com.ar\/index.php\/2023\/03\/08\/continua-evolucionando-el-emprendimiento-lacteo-el-balcon-del-arroyo-esperanzados-en-acceder-a-una-financiacion-fotos-y-videos\/","og_site_name":"CELTTV","article_publisher":"https:\/\/www.facebook.com\/celtTV\/","article_published_time":"2023-03-08T21:55:48+00:00","article_modified_time":"2023-03-08T21:59:53+00:00","og_image":[{"width":2560,"height":1151,"url":"https:\/\/www.celttv.com.ar\/wp-content\/uploads\/2023\/03\/20230303_104529-scaled.jpg","type":"image\/jpeg"}],"author":"Miguel Herrada","twitter_card":"summary_large_image","twitter_misc":{"Escrito por":"Miguel Herrada","Tiempo de lectura":"3 minutos"},"schema":{"@context":"https:\/\/schema.org","@graph":[{"@type":"NewsArticle","@id":"https:\/\/www.celttv.com.ar\/index.php\/2023\/03\/08\/continua-evolucionando-el-emprendimiento-lacteo-el-balcon-del-arroyo-esperanzados-en-acceder-a-una-financiacion-fotos-y-videos\/#article","isPartOf":{"@id":"https:\/\/www.celttv.com.ar\/index.php\/2023\/03\/08\/continua-evolucionando-el-emprendimiento-lacteo-el-balcon-del-arroyo-esperanzados-en-acceder-a-una-financiacion-fotos-y-videos\/"},"author":{"name":"Miguel Herrada","@id":"https:\/\/www.celttv.com.ar\/#\/schema\/person\/9059dc91dc7204ef4182cdb65225f07d"},"headline":"Contin\u00faa evolucionando el emprendimiento lacteo &#8220;El Balc\u00f3n del Arroyo&#8221; con la esperanza de acceder a una financiaci\u00f3n (fotos y videos)","datePublished":"2023-03-08T21:55:48+00:00","dateModified":"2023-03-08T21:59:53+00:00","mainEntityOfPage":{"@id":"https:\/\/www.celttv.com.ar\/index.php\/2023\/03\/08\/continua-evolucionando-el-emprendimiento-lacteo-el-balcon-del-arroyo-esperanzados-en-acceder-a-una-financiacion-fotos-y-videos\/"},"wordCount":660,"publisher":{"@id":"https:\/\/www.celttv.com.ar\/#organization"},"keywords":["Contin\u00faa evolucionando el emprendimiento lacteo \"El Balc\u00f3n del Arroyo\" esperanzados en acceder a una financiaci\u00f3n (fotos y videos)"],"articleSection":["Celt TV Noticias","Comunidad","Destacadas","Producci\u00f3n y Medio Ambiente"],"inLanguage":"es"},{"@type":"WebPage","@id":"https:\/\/www.celttv.com.ar\/index.php\/2023\/03\/08\/continua-evolucionando-el-emprendimiento-lacteo-el-balcon-del-arroyo-esperanzados-en-acceder-a-una-financiacion-fotos-y-videos\/","url":"https:\/\/www.celttv.com.ar\/index.php\/2023\/03\/08\/continua-evolucionando-el-emprendimiento-lacteo-el-balcon-del-arroyo-esperanzados-en-acceder-a-una-financiacion-fotos-y-videos\/","name":"Contin\u00faa evolucionando el emprendimiento lacteo \"El Balc\u00f3n del Arroyo\" con la esperanza de acceder a una financiaci\u00f3n (fotos y videos) - CELTTV","isPartOf":{"@id":"https:\/\/www.celttv.com.ar\/#website"},"datePublished":"2023-03-08T21:55:48+00:00","dateModified":"2023-03-08T21:59:53+00:00","description":"Sitio web de noticias de la localidad de Tornquist, provincia de Buenos Aires, Rep\u00fablica Argentina. Contenido propio originado por periodistas de CELTTV, el canal de TV local de la Cooperativa El\u00e9ctrica de Tornquist. Turismo, Pol\u00edtica, Sociedad, Deporte, Cultura y todo el contenido de inter\u00e9s general que la gente del pueblo y la regi\u00f3n debe conocer.","breadcrumb":{"@id":"https:\/\/www.celttv.com.ar\/index.php\/2023\/03\/08\/continua-evolucionando-el-emprendimiento-lacteo-el-balcon-del-arroyo-esperanzados-en-acceder-a-una-financiacion-fotos-y-videos\/#breadcrumb"},"inLanguage":"es","potentialAction":[{"@type":"ReadAction","target":["https:\/\/www.celttv.com.ar\/index.php\/2023\/03\/08\/continua-evolucionando-el-emprendimiento-lacteo-el-balcon-del-arroyo-esperanzados-en-acceder-a-una-financiacion-fotos-y-videos\/"]}]},{"@type":"BreadcrumbList","@id":"https:\/\/www.celttv.com.ar\/index.php\/2023\/03\/08\/continua-evolucionando-el-emprendimiento-lacteo-el-balcon-del-arroyo-esperanzados-en-acceder-a-una-financiacion-fotos-y-videos\/#breadcrumb","itemListElement":[{"@type":"ListItem","position":1,"name":"Inicio","item":"https:\/\/www.celttv.com.ar\/"},{"@type":"ListItem","position":2,"name":"Contin\u00faa evolucionando el emprendimiento lacteo &#8220;El Balc\u00f3n del Arroyo&#8221; con la esperanza de acceder a una financiaci\u00f3n (fotos y videos)"}]},{"@type":"WebSite","@id":"https:\/\/www.celttv.com.ar\/#website","url":"https:\/\/www.celttv.com.ar\/","name":"CELTTV","description":"Cooperativa El\u00e9ctrica de Tornquist","publisher":{"@id":"https:\/\/www.celttv.com.ar\/#organization"},"potentialAction":[{"@type":"SearchAction","target":{"@type":"EntryPoint","urlTemplate":"https:\/\/www.celttv.com.ar\/?s={search_term_string}"},"query-input":"required name=search_term_string"}],"inLanguage":"es"},{"@type":"Organization","@id":"https:\/\/www.celttv.com.ar\/#organization","name":"CELTTV","url":"https:\/\/www.celttv.com.ar\/","sameAs":["https:\/\/www.youtube.com\/channel\/UCz_oIt8Hig64Ub-EmcNPIhg","https:\/\/www.facebook.com\/celtTV\/"],"logo":{"@type":"ImageObject","inLanguage":"es","@id":"https:\/\/www.celttv.com.ar\/#\/schema\/logo\/image\/","url":"http:\/\/www.celttv.com.ar\/wp-content\/uploads\/2022\/08\/logo-1.png","contentUrl":"http:\/\/www.celttv.com.ar\/wp-content\/uploads\/2022\/08\/logo-1.png","width":461,"height":159,"caption":"CELTTV"},"image":{"@id":"https:\/\/www.celttv.com.ar\/#\/schema\/logo\/image\/"}},{"@type":"Person","@id":"https:\/\/www.celttv.com.ar\/#\/schema\/person\/9059dc91dc7204ef4182cdb65225f07d","name":"Miguel Herrada","image":{"@type":"ImageObject","inLanguage":"es","@id":"https:\/\/www.celttv.com.ar\/#\/schema\/person\/image\/","url":"https:\/\/secure.gravatar.com\/avatar\/67724d5b3c716623ffd76bec7e45841a442ac3b456e914dbba90b0fad2b8e0b1?s=96&d=mm&r=g","contentUrl":"https:\/\/secure.gravatar.com\/avatar\/67724d5b3c716623ffd76bec7e45841a442ac3b456e914dbba90b0fad2b8e0b1?s=96&d=mm&r=g","caption":"Miguel Herrada"}}]}},"_links":{"self":[{"href":"https:\/\/www.celttv.com.ar\/index.php\/wp-json\/wp\/v2\/posts\/74147","targetHints":{"allow":["GET"]}}],"collection":[{"href":"https:\/\/www.celttv.com.ar\/index.php\/wp-json\/wp\/v2\/posts"}],"about":[{"href":"https:\/\/www.celttv.com.ar\/index.php\/wp-json\/wp\/v2\/types\/post"}],"author":[{"embeddable":true,"href":"https:\/\/www.celttv.com.ar\/index.php\/wp-json\/wp\/v2\/users\/5"}],"replies":[{"embeddable":true,"href":"https:\/\/www.celttv.com.ar\/index.php\/wp-json\/wp\/v2\/comments?post=74147"}],"version-history":[{"count":5,"href":"https:\/\/www.celttv.com.ar\/index.php\/wp-json\/wp\/v2\/posts\/74147\/revisions"}],"predecessor-version":[{"id":74159,"href":"https:\/\/www.celttv.com.ar\/index.php\/wp-json\/wp\/v2\/posts\/74147\/revisions\/74159"}],"wp:featuredmedia":[{"embeddable":true,"href":"https:\/\/www.celttv.com.ar\/index.php\/wp-json\/wp\/v2\/media\/74154"}],"wp:attachment":[{"href":"https:\/\/www.celttv.com.ar\/index.php\/wp-json\/wp\/v2\/media?parent=74147"}],"wp:term":[{"taxonomy":"category","embeddable":true,"href":"https:\/\/www.celttv.com.ar\/index.php\/wp-json\/wp\/v2\/categories?post=74147"},{"taxonomy":"post_tag","embeddable":true,"href":"https:\/\/www.celttv.com.ar\/index.php\/wp-json\/wp\/v2\/tags?post=74147"}],"curies":[{"name":"wp","href":"https:\/\/api.w.org\/{rel}","templated":true}]}}