{"id":74160,"date":"2023-03-08T22:02:41","date_gmt":"2023-03-09T01:02:41","guid":{"rendered":"http:\/\/www.celttv.com.ar\/?p=74160"},"modified":"2023-03-08T22:02:41","modified_gmt":"2023-03-09T01:02:41","slug":"silvia-zaballasi-no-generamos-condiciones-de-igualdad-la-violencia-es-mucho-mas-dificil-de-erradicar","status":"publish","type":"post","link":"https:\/\/www.celttv.com.ar\/index.php\/2023\/03\/08\/silvia-zaballasi-no-generamos-condiciones-de-igualdad-la-violencia-es-mucho-mas-dificil-de-erradicar\/","title":{"rendered":"Silvia Zaballa:&#8221;Si no generamos condiciones de igualdad la violencia es mucho mas dif\u00edcil de erradicar&#8221;"},"content":{"rendered":"<p>&#8220;Despu\u00e9s de la salida de la pandemia pudimos dedicarnos a trabajar para la igualdad y es lo que necesitamos para comenzar a construir las condiciones en cada uno de nuestros distritos, que desarmen las razones para la violencia de g\u00e9nero&#8221; dijo a CELTTV Noticias Silvia Zaballa, la Coordinadora Regional de la sexta secci\u00f3n electoral, del Ministerio de las Mujeres, Pol\u00edticas de G\u00e9nero y Diversidad Sexual de la provincia de Buenos Aires.<\/p>\n<p>&#8220;Si no generamos condiciones de igualdad la violencia es mucho mas dif\u00edcil de erradicar&#8221; subray\u00f3 Zaballa brindando un pormenorizado detalle de las actividades desarrolladas por el Ministerio a nivel regional con la participaci\u00f3n de 10 municipios y los avances logrados en defensa de la igualdad.<\/p>\n<p>&nbsp;<\/p>\n<p><iframe loading=\"lazy\" title=\"2023 03 08 COMUNICACION VIA ZOOM CON SILVIA ZABALLA\" width=\"500\" height=\"281\" src=\"https:\/\/www.youtube.com\/embed\/TViidtItHDM?feature=oembed\" frameborder=\"0\" allow=\"accelerometer; autoplay; clipboard-write; encrypted-media; gyroscope; picture-in-picture; web-share\" referrerpolicy=\"strict-origin-when-cross-origin\" allowfullscreen><\/iframe><\/p>\n","protected":false},"excerpt":{"rendered":"<p>&#8220;Despu\u00e9s de la salida de la pandemia pudimos dedicarnos a trabajar para la igualdad y es lo que necesitamos para comenzar a construir las condiciones en cada uno de nuestros distritos, que desarmen las razones para la violencia de g\u00e9nero&#8221; dijo a CELTTV Noticias Silvia Zaballa, la Coordinadora Regional de la sexta secci\u00f3n electoral, del [&hellip;]<\/p>\n","protected":false},"author":5,"featured_media":74161,"comment_status":"closed","ping_status":"closed","sticky":false,"template":"","format":"standard","meta":{"footnotes":""},"categories":[51,52,53],"tags":[736],"class_list":["post-74160","post","type-post","status-publish","format-standard","has-post-thumbnail","hentry","category-comunidad","category-destacadas","category-politica","tag-silvia-zaballasi-no-generamos-condiciones-de-igualdad-la-violencia-es-mucho-mas-dificil-de-erradicar"],"yoast_head":"<!-- This site is optimized with the Yoast SEO plugin v19.7.1 - https:\/\/yoast.com\/wordpress\/plugins\/seo\/ -->\n<title>Silvia Zaballa:&quot;Si no generamos condiciones de igualdad la violencia es mucho mas dif\u00edcil de erradicar&quot; - CELTTV<\/title>\n<meta name=\"description\" content=\"Sitio web de noticias de la localidad de Tornquist, provincia de Buenos Aires, Rep\u00fablica Argentina. Contenido propio originado por periodistas de CELTTV, el canal de TV local de la Cooperativa El\u00e9ctrica de Tornquist. Turismo, Pol\u00edtica, Sociedad, Deporte, Cultura y todo el contenido de inter\u00e9s general que la gente del pueblo y la regi\u00f3n debe conocer.\" \/>\n<meta name=\"robots\" content=\"index, follow, max-snippet:-1, max-image-preview:large, max-video-preview:-1\" \/>\n<link rel=\"canonical\" href=\"https:\/\/www.celttv.com.ar\/index.php\/2023\/03\/08\/silvia-zaballasi-no-generamos-condiciones-de-igualdad-la-violencia-es-mucho-mas-dificil-de-erradicar\/\" \/>\n<meta property=\"og:locale\" content=\"es_ES\" \/>\n<meta property=\"og:type\" content=\"article\" \/>\n<meta property=\"og:title\" content=\"Silvia Zaballa:&quot;Si no generamos condiciones de igualdad la violencia es mucho mas dif\u00edcil de erradicar&quot; - CELTTV\" \/>\n<meta property=\"og:description\" content=\"Sitio web de noticias de la localidad de Tornquist, provincia de Buenos Aires, Rep\u00fablica Argentina. Contenido propio originado por periodistas de CELTTV, el canal de TV local de la Cooperativa El\u00e9ctrica de Tornquist. Turismo, Pol\u00edtica, Sociedad, Deporte, Cultura y todo el contenido de inter\u00e9s general que la gente del pueblo y la regi\u00f3n debe conocer.\" \/>\n<meta property=\"og:url\" content=\"https:\/\/www.celttv.com.ar\/index.php\/2023\/03\/08\/silvia-zaballasi-no-generamos-condiciones-de-igualdad-la-violencia-es-mucho-mas-dificil-de-erradicar\/\" \/>\n<meta property=\"og:site_name\" content=\"CELTTV\" \/>\n<meta property=\"article:publisher\" content=\"https:\/\/www.facebook.com\/celtTV\/\" \/>\n<meta property=\"article:published_time\" content=\"2023-03-09T01:02:41+00:00\" \/>\n<meta property=\"og:image\" content=\"https:\/\/www.celttv.com.ar\/wp-content\/uploads\/2023\/03\/Silvia-Zaballa.jpg\" \/>\n\t<meta property=\"og:image:width\" content=\"1034\" \/>\n\t<meta property=\"og:image:height\" content=\"620\" \/>\n\t<meta property=\"og:image:type\" content=\"image\/jpeg\" \/>\n<meta name=\"author\" content=\"Miguel Herrada\" \/>\n<meta name=\"twitter:card\" content=\"summary_large_image\" \/>\n<meta name=\"twitter:label1\" content=\"Escrito por\" \/>\n\t<meta name=\"twitter:data1\" content=\"Miguel Herrada\" \/>\n\t<meta name=\"twitter:label2\" content=\"Tiempo de lectura\" \/>\n\t<meta name=\"twitter:data2\" content=\"1 minuto\" \/>\n<script type=\"application\/ld+json\" class=\"yoast-schema-graph\">{\"@context\":\"https:\/\/schema.org\",\"@graph\":[{\"@type\":\"NewsArticle\",\"@id\":\"https:\/\/www.celttv.com.ar\/index.php\/2023\/03\/08\/silvia-zaballasi-no-generamos-condiciones-de-igualdad-la-violencia-es-mucho-mas-dificil-de-erradicar\/#article\",\"isPartOf\":{\"@id\":\"https:\/\/www.celttv.com.ar\/index.php\/2023\/03\/08\/silvia-zaballasi-no-generamos-condiciones-de-igualdad-la-violencia-es-mucho-mas-dificil-de-erradicar\/\"},\"author\":{\"name\":\"Miguel Herrada\",\"@id\":\"https:\/\/www.celttv.com.ar\/#\/schema\/person\/9059dc91dc7204ef4182cdb65225f07d\"},\"headline\":\"Silvia Zaballa:&#8221;Si no generamos condiciones de igualdad la violencia es mucho mas dif\u00edcil de erradicar&#8221;\",\"datePublished\":\"2023-03-09T01:02:41+00:00\",\"dateModified\":\"2023-03-09T01:02:41+00:00\",\"mainEntityOfPage\":{\"@id\":\"https:\/\/www.celttv.com.ar\/index.php\/2023\/03\/08\/silvia-zaballasi-no-generamos-condiciones-de-igualdad-la-violencia-es-mucho-mas-dificil-de-erradicar\/\"},\"wordCount\":144,\"publisher\":{\"@id\":\"https:\/\/www.celttv.com.ar\/#organization\"},\"keywords\":[\"Silvia Zaballa:\\\"Si no generamos condiciones de igualdad la violencia es mucho mas dif\u00edcil de erradicar\\\"\"],\"articleSection\":[\"Comunidad\",\"Destacadas\",\"Pol\u00edtica\"],\"inLanguage\":\"es\"},{\"@type\":\"WebPage\",\"@id\":\"https:\/\/www.celttv.com.ar\/index.php\/2023\/03\/08\/silvia-zaballasi-no-generamos-condiciones-de-igualdad-la-violencia-es-mucho-mas-dificil-de-erradicar\/\",\"url\":\"https:\/\/www.celttv.com.ar\/index.php\/2023\/03\/08\/silvia-zaballasi-no-generamos-condiciones-de-igualdad-la-violencia-es-mucho-mas-dificil-de-erradicar\/\",\"name\":\"Silvia Zaballa:\\\"Si no generamos condiciones de igualdad la violencia es mucho mas dif\u00edcil de erradicar\\\" - CELTTV\",\"isPartOf\":{\"@id\":\"https:\/\/www.celttv.com.ar\/#website\"},\"datePublished\":\"2023-03-09T01:02:41+00:00\",\"dateModified\":\"2023-03-09T01:02:41+00:00\",\"description\":\"Sitio web de noticias de la localidad de Tornquist, provincia de Buenos Aires, Rep\u00fablica Argentina. Contenido propio originado por periodistas de CELTTV, el canal de TV local de la Cooperativa El\u00e9ctrica de Tornquist. Turismo, Pol\u00edtica, Sociedad, Deporte, Cultura y todo el contenido de inter\u00e9s general que la gente del pueblo y la regi\u00f3n debe conocer.\",\"breadcrumb\":{\"@id\":\"https:\/\/www.celttv.com.ar\/index.php\/2023\/03\/08\/silvia-zaballasi-no-generamos-condiciones-de-igualdad-la-violencia-es-mucho-mas-dificil-de-erradicar\/#breadcrumb\"},\"inLanguage\":\"es\",\"potentialAction\":[{\"@type\":\"ReadAction\",\"target\":[\"https:\/\/www.celttv.com.ar\/index.php\/2023\/03\/08\/silvia-zaballasi-no-generamos-condiciones-de-igualdad-la-violencia-es-mucho-mas-dificil-de-erradicar\/\"]}]},{\"@type\":\"BreadcrumbList\",\"@id\":\"https:\/\/www.celttv.com.ar\/index.php\/2023\/03\/08\/silvia-zaballasi-no-generamos-condiciones-de-igualdad-la-violencia-es-mucho-mas-dificil-de-erradicar\/#breadcrumb\",\"itemListElement\":[{\"@type\":\"ListItem\",\"position\":1,\"name\":\"Inicio\",\"item\":\"https:\/\/www.celttv.com.ar\/\"},{\"@type\":\"ListItem\",\"position\":2,\"name\":\"Silvia Zaballa:&#8221;Si no generamos condiciones de igualdad la violencia es mucho mas dif\u00edcil de erradicar&#8221;\"}]},{\"@type\":\"WebSite\",\"@id\":\"https:\/\/www.celttv.com.ar\/#website\",\"url\":\"https:\/\/www.celttv.com.ar\/\",\"name\":\"CELTTV\",\"description\":\"Cooperativa El\u00e9ctrica de Tornquist\",\"publisher\":{\"@id\":\"https:\/\/www.celttv.com.ar\/#organization\"},\"potentialAction\":[{\"@type\":\"SearchAction\",\"target\":{\"@type\":\"EntryPoint\",\"urlTemplate\":\"https:\/\/www.celttv.com.ar\/?s={search_term_string}\"},\"query-input\":\"required name=search_term_string\"}],\"inLanguage\":\"es\"},{\"@type\":\"Organization\",\"@id\":\"https:\/\/www.celttv.com.ar\/#organization\",\"name\":\"CELTTV\",\"url\":\"https:\/\/www.celttv.com.ar\/\",\"sameAs\":[\"https:\/\/www.youtube.com\/channel\/UCz_oIt8Hig64Ub-EmcNPIhg\",\"https:\/\/www.facebook.com\/celtTV\/\"],\"logo\":{\"@type\":\"ImageObject\",\"inLanguage\":\"es\",\"@id\":\"https:\/\/www.celttv.com.ar\/#\/schema\/logo\/image\/\",\"url\":\"http:\/\/www.celttv.com.ar\/wp-content\/uploads\/2022\/08\/logo-1.png\",\"contentUrl\":\"http:\/\/www.celttv.com.ar\/wp-content\/uploads\/2022\/08\/logo-1.png\",\"width\":461,\"height\":159,\"caption\":\"CELTTV\"},\"image\":{\"@id\":\"https:\/\/www.celttv.com.ar\/#\/schema\/logo\/image\/\"}},{\"@type\":\"Person\",\"@id\":\"https:\/\/www.celttv.com.ar\/#\/schema\/person\/9059dc91dc7204ef4182cdb65225f07d\",\"name\":\"Miguel Herrada\",\"image\":{\"@type\":\"ImageObject\",\"inLanguage\":\"es\",\"@id\":\"https:\/\/www.celttv.com.ar\/#\/schema\/person\/image\/\",\"url\":\"https:\/\/secure.gravatar.com\/avatar\/67724d5b3c716623ffd76bec7e45841a442ac3b456e914dbba90b0fad2b8e0b1?s=96&d=mm&r=g\",\"contentUrl\":\"https:\/\/secure.gravatar.com\/avatar\/67724d5b3c716623ffd76bec7e45841a442ac3b456e914dbba90b0fad2b8e0b1?s=96&d=mm&r=g\",\"caption\":\"Miguel Herrada\"}}]}<\/script>\n<!-- \/ Yoast SEO plugin. -->","yoast_head_json":{"title":"Silvia Zaballa:\"Si no generamos condiciones de igualdad la violencia es mucho mas dif\u00edcil de erradicar\" - CELTTV","description":"Sitio web de noticias de la localidad de Tornquist, provincia de Buenos Aires, Rep\u00fablica Argentina. Contenido propio originado por periodistas de CELTTV, el canal de TV local de la Cooperativa El\u00e9ctrica de Tornquist. Turismo, Pol\u00edtica, Sociedad, Deporte, Cultura y todo el contenido de inter\u00e9s general que la gente del pueblo y la regi\u00f3n debe conocer.","robots":{"index":"index","follow":"follow","max-snippet":"max-snippet:-1","max-image-preview":"max-image-preview:large","max-video-preview":"max-video-preview:-1"},"canonical":"https:\/\/www.celttv.com.ar\/index.php\/2023\/03\/08\/silvia-zaballasi-no-generamos-condiciones-de-igualdad-la-violencia-es-mucho-mas-dificil-de-erradicar\/","og_locale":"es_ES","og_type":"article","og_title":"Silvia Zaballa:\"Si no generamos condiciones de igualdad la violencia es mucho mas dif\u00edcil de erradicar\" - CELTTV","og_description":"Sitio web de noticias de la localidad de Tornquist, provincia de Buenos Aires, Rep\u00fablica Argentina. Contenido propio originado por periodistas de CELTTV, el canal de TV local de la Cooperativa El\u00e9ctrica de Tornquist. Turismo, Pol\u00edtica, Sociedad, Deporte, Cultura y todo el contenido de inter\u00e9s general que la gente del pueblo y la regi\u00f3n debe conocer.","og_url":"https:\/\/www.celttv.com.ar\/index.php\/2023\/03\/08\/silvia-zaballasi-no-generamos-condiciones-de-igualdad-la-violencia-es-mucho-mas-dificil-de-erradicar\/","og_site_name":"CELTTV","article_publisher":"https:\/\/www.facebook.com\/celtTV\/","article_published_time":"2023-03-09T01:02:41+00:00","og_image":[{"width":1034,"height":620,"url":"https:\/\/www.celttv.com.ar\/wp-content\/uploads\/2023\/03\/Silvia-Zaballa.jpg","type":"image\/jpeg"}],"author":"Miguel Herrada","twitter_card":"summary_large_image","twitter_misc":{"Escrito por":"Miguel Herrada","Tiempo de lectura":"1 minuto"},"schema":{"@context":"https:\/\/schema.org","@graph":[{"@type":"NewsArticle","@id":"https:\/\/www.celttv.com.ar\/index.php\/2023\/03\/08\/silvia-zaballasi-no-generamos-condiciones-de-igualdad-la-violencia-es-mucho-mas-dificil-de-erradicar\/#article","isPartOf":{"@id":"https:\/\/www.celttv.com.ar\/index.php\/2023\/03\/08\/silvia-zaballasi-no-generamos-condiciones-de-igualdad-la-violencia-es-mucho-mas-dificil-de-erradicar\/"},"author":{"name":"Miguel Herrada","@id":"https:\/\/www.celttv.com.ar\/#\/schema\/person\/9059dc91dc7204ef4182cdb65225f07d"},"headline":"Silvia Zaballa:&#8221;Si no generamos condiciones de igualdad la violencia es mucho mas dif\u00edcil de erradicar&#8221;","datePublished":"2023-03-09T01:02:41+00:00","dateModified":"2023-03-09T01:02:41+00:00","mainEntityOfPage":{"@id":"https:\/\/www.celttv.com.ar\/index.php\/2023\/03\/08\/silvia-zaballasi-no-generamos-condiciones-de-igualdad-la-violencia-es-mucho-mas-dificil-de-erradicar\/"},"wordCount":144,"publisher":{"@id":"https:\/\/www.celttv.com.ar\/#organization"},"keywords":["Silvia Zaballa:\"Si no generamos condiciones de igualdad la violencia es mucho mas dif\u00edcil de erradicar\""],"articleSection":["Comunidad","Destacadas","Pol\u00edtica"],"inLanguage":"es"},{"@type":"WebPage","@id":"https:\/\/www.celttv.com.ar\/index.php\/2023\/03\/08\/silvia-zaballasi-no-generamos-condiciones-de-igualdad-la-violencia-es-mucho-mas-dificil-de-erradicar\/","url":"https:\/\/www.celttv.com.ar\/index.php\/2023\/03\/08\/silvia-zaballasi-no-generamos-condiciones-de-igualdad-la-violencia-es-mucho-mas-dificil-de-erradicar\/","name":"Silvia Zaballa:\"Si no generamos condiciones de igualdad la violencia es mucho mas dif\u00edcil de erradicar\" - CELTTV","isPartOf":{"@id":"https:\/\/www.celttv.com.ar\/#website"},"datePublished":"2023-03-09T01:02:41+00:00","dateModified":"2023-03-09T01:02:41+00:00","description":"Sitio web de noticias de la localidad de Tornquist, provincia de Buenos Aires, Rep\u00fablica Argentina. Contenido propio originado por periodistas de CELTTV, el canal de TV local de la Cooperativa El\u00e9ctrica de Tornquist. Turismo, Pol\u00edtica, Sociedad, Deporte, Cultura y todo el contenido de inter\u00e9s general que la gente del pueblo y la regi\u00f3n debe conocer.","breadcrumb":{"@id":"https:\/\/www.celttv.com.ar\/index.php\/2023\/03\/08\/silvia-zaballasi-no-generamos-condiciones-de-igualdad-la-violencia-es-mucho-mas-dificil-de-erradicar\/#breadcrumb"},"inLanguage":"es","potentialAction":[{"@type":"ReadAction","target":["https:\/\/www.celttv.com.ar\/index.php\/2023\/03\/08\/silvia-zaballasi-no-generamos-condiciones-de-igualdad-la-violencia-es-mucho-mas-dificil-de-erradicar\/"]}]},{"@type":"BreadcrumbList","@id":"https:\/\/www.celttv.com.ar\/index.php\/2023\/03\/08\/silvia-zaballasi-no-generamos-condiciones-de-igualdad-la-violencia-es-mucho-mas-dificil-de-erradicar\/#breadcrumb","itemListElement":[{"@type":"ListItem","position":1,"name":"Inicio","item":"https:\/\/www.celttv.com.ar\/"},{"@type":"ListItem","position":2,"name":"Silvia Zaballa:&#8221;Si no generamos condiciones de igualdad la violencia es mucho mas dif\u00edcil de erradicar&#8221;"}]},{"@type":"WebSite","@id":"https:\/\/www.celttv.com.ar\/#website","url":"https:\/\/www.celttv.com.ar\/","name":"CELTTV","description":"Cooperativa El\u00e9ctrica de Tornquist","publisher":{"@id":"https:\/\/www.celttv.com.ar\/#organization"},"potentialAction":[{"@type":"SearchAction","target":{"@type":"EntryPoint","urlTemplate":"https:\/\/www.celttv.com.ar\/?s={search_term_string}"},"query-input":"required name=search_term_string"}],"inLanguage":"es"},{"@type":"Organization","@id":"https:\/\/www.celttv.com.ar\/#organization","name":"CELTTV","url":"https:\/\/www.celttv.com.ar\/","sameAs":["https:\/\/www.youtube.com\/channel\/UCz_oIt8Hig64Ub-EmcNPIhg","https:\/\/www.facebook.com\/celtTV\/"],"logo":{"@type":"ImageObject","inLanguage":"es","@id":"https:\/\/www.celttv.com.ar\/#\/schema\/logo\/image\/","url":"http:\/\/www.celttv.com.ar\/wp-content\/uploads\/2022\/08\/logo-1.png","contentUrl":"http:\/\/www.celttv.com.ar\/wp-content\/uploads\/2022\/08\/logo-1.png","width":461,"height":159,"caption":"CELTTV"},"image":{"@id":"https:\/\/www.celttv.com.ar\/#\/schema\/logo\/image\/"}},{"@type":"Person","@id":"https:\/\/www.celttv.com.ar\/#\/schema\/person\/9059dc91dc7204ef4182cdb65225f07d","name":"Miguel Herrada","image":{"@type":"ImageObject","inLanguage":"es","@id":"https:\/\/www.celttv.com.ar\/#\/schema\/person\/image\/","url":"https:\/\/secure.gravatar.com\/avatar\/67724d5b3c716623ffd76bec7e45841a442ac3b456e914dbba90b0fad2b8e0b1?s=96&d=mm&r=g","contentUrl":"https:\/\/secure.gravatar.com\/avatar\/67724d5b3c716623ffd76bec7e45841a442ac3b456e914dbba90b0fad2b8e0b1?s=96&d=mm&r=g","caption":"Miguel Herrada"}}]}},"_links":{"self":[{"href":"https:\/\/www.celttv.com.ar\/index.php\/wp-json\/wp\/v2\/posts\/74160","targetHints":{"allow":["GET"]}}],"collection":[{"href":"https:\/\/www.celttv.com.ar\/index.php\/wp-json\/wp\/v2\/posts"}],"about":[{"href":"https:\/\/www.celttv.com.ar\/index.php\/wp-json\/wp\/v2\/types\/post"}],"author":[{"embeddable":true,"href":"https:\/\/www.celttv.com.ar\/index.php\/wp-json\/wp\/v2\/users\/5"}],"replies":[{"embeddable":true,"href":"https:\/\/www.celttv.com.ar\/index.php\/wp-json\/wp\/v2\/comments?post=74160"}],"version-history":[{"count":1,"href":"https:\/\/www.celttv.com.ar\/index.php\/wp-json\/wp\/v2\/posts\/74160\/revisions"}],"predecessor-version":[{"id":74162,"href":"https:\/\/www.celttv.com.ar\/index.php\/wp-json\/wp\/v2\/posts\/74160\/revisions\/74162"}],"wp:featuredmedia":[{"embeddable":true,"href":"https:\/\/www.celttv.com.ar\/index.php\/wp-json\/wp\/v2\/media\/74161"}],"wp:attachment":[{"href":"https:\/\/www.celttv.com.ar\/index.php\/wp-json\/wp\/v2\/media?parent=74160"}],"wp:term":[{"taxonomy":"category","embeddable":true,"href":"https:\/\/www.celttv.com.ar\/index.php\/wp-json\/wp\/v2\/categories?post=74160"},{"taxonomy":"post_tag","embeddable":true,"href":"https:\/\/www.celttv.com.ar\/index.php\/wp-json\/wp\/v2\/tags?post=74160"}],"curies":[{"name":"wp","href":"https:\/\/api.w.org\/{rel}","templated":true}]}}