{"id":74180,"date":"2023-03-10T17:16:42","date_gmt":"2023-03-10T20:16:42","guid":{"rendered":"http:\/\/www.celttv.com.ar\/?p=74180"},"modified":"2023-03-10T17:16:42","modified_gmt":"2023-03-10T20:16:42","slug":"bordoni-se-reunio-con-las-mujeres-del-departamento-ejecutivo-que-representan-la-mitad-de-su-gabinete","status":"publish","type":"post","link":"https:\/\/www.celttv.com.ar\/index.php\/2023\/03\/10\/bordoni-se-reunio-con-las-mujeres-del-departamento-ejecutivo-que-representan-la-mitad-de-su-gabinete\/","title":{"rendered":"Bordoni se reuni\u00f3 con las mujeres del Departamento Ejecutivo, que representan la mitad de su gabinete"},"content":{"rendered":"<p>Este viernes, en el marco de actividades por el D\u00eda Internacional de la Mujer Trabajadora, el intendente Sergio Bordoni se reuni\u00f3 con las mujeres que integran el Departamento Ejecutivo, que representan la mitad del Gabinete municipal.<\/p>\n<p>El encuentro con las funcionarias tuvo lugar en el Museo Casa de la Historia, donde se destac\u00f3 la relevancia que tienen las mujeres dentro del gobierno comunal y su participaci\u00f3n activa en la toma de decisiones diarias.<\/p>\n<p>Asimismo, se plante\u00f3 la necesidad de pensar las situaciones de violencia por razones de g\u00e9nero que se presentan en los diferentes \u00e1mbitos, para continuar impulsado estrategias y pol\u00edticas p\u00fablicas desde la gesti\u00f3n.<\/p>\n<p>En ese sentido, confirmaron que se capacitar\u00e1 a todo el personal de planta de empleados y a los miembros del Ejecutivo en el marco de la Ley Micaela y, que este a\u00f1o, el enfoque estar\u00e1 en la igualdad, abordando temas vinculados a las masculinidades.<\/p>\n<p>\u201cFestejo estos encuentros, celebro tener la cantidad de mujeres que tengo en mi equipo, me cambiaron muchas miradas y la forma de hacer pol\u00edtica. Las convoco a seguir trabajando, al lado de la gente, en la calle y resolviendo los problemas de los vecinos y vecinas del distrito\u201d, manifest\u00f3 el intendente durante la jornada.<\/p>\n<p>Participaron las secretarias Estefan\u00eda Bordoni (Hacienda), Mar\u00eda Graciela Musso (Desarrollo Social), y Noelia Baier (Salud); las subsecretarias Daniela Aguilar (Juventudes, Pol\u00edticas de G\u00e9nero y Diversidades), Sof\u00eda Urriaga (Deportes), Nadia P\u00e9rez (Comunicaci\u00f3n), Rosario Moroncini (Obras P\u00fablicas), Luc\u00eda Urriaga (Cultura), Melisa Herrada (Ambiente), Bel\u00e9n L\u00e1digan (Desarrollo Social), y Eliana Arzer (Bromatolog\u00eda).<\/p>\n<p>Tambi\u00e9n, las directoras Cecilia Conti (Hospital Municipal \u2018Dr. Alberto Castro\u2019), Carla Pollio (Hospital Menor \u2018Dr. Emilia Aldaya), y Dafne Janyistabro (Planificaci\u00f3n y Desarrollo Urban\u00edstico); las delegadas municipales Florencia Testa (Villa Ventana) y Betiana Cardelli Dupuy (Chasic\u00f3), y la concejal Viviana Montibeller.<\/p>\n<p><img loading=\"lazy\" decoding=\"async\" class=\"alignnone size-medium wp-image-74181\" src=\"http:\/\/www.celttv.com.ar\/wp-content\/uploads\/2023\/03\/Reunion-mujeres-gabinete-1-300x189.jpeg\" alt=\"\" width=\"300\" height=\"189\" srcset=\"https:\/\/www.celttv.com.ar\/wp-content\/uploads\/2023\/03\/Reunion-mujeres-gabinete-1-300x189.jpeg 300w, https:\/\/www.celttv.com.ar\/wp-content\/uploads\/2023\/03\/Reunion-mujeres-gabinete-1-1024x646.jpeg 1024w, https:\/\/www.celttv.com.ar\/wp-content\/uploads\/2023\/03\/Reunion-mujeres-gabinete-1-768x484.jpeg 768w, https:\/\/www.celttv.com.ar\/wp-content\/uploads\/2023\/03\/Reunion-mujeres-gabinete-1-750x473.jpeg 750w, https:\/\/www.celttv.com.ar\/wp-content\/uploads\/2023\/03\/Reunion-mujeres-gabinete-1-1140x719.jpeg 1140w, https:\/\/www.celttv.com.ar\/wp-content\/uploads\/2023\/03\/Reunion-mujeres-gabinete-1.jpeg 1280w\" sizes=\"auto, (max-width: 300px) 100vw, 300px\" \/> <img loading=\"lazy\" decoding=\"async\" class=\"alignnone size-medium wp-image-74182\" src=\"http:\/\/www.celttv.com.ar\/wp-content\/uploads\/2023\/03\/Reunion-mujeres-gabinete-1-300x225.jpg\" alt=\"\" width=\"300\" height=\"225\" srcset=\"https:\/\/www.celttv.com.ar\/wp-content\/uploads\/2023\/03\/Reunion-mujeres-gabinete-1-300x225.jpg 300w, https:\/\/www.celttv.com.ar\/wp-content\/uploads\/2023\/03\/Reunion-mujeres-gabinete-1-1024x768.jpg 1024w, https:\/\/www.celttv.com.ar\/wp-content\/uploads\/2023\/03\/Reunion-mujeres-gabinete-1-768x576.jpg 768w, https:\/\/www.celttv.com.ar\/wp-content\/uploads\/2023\/03\/Reunion-mujeres-gabinete-1-1536x1152.jpg 1536w, https:\/\/www.celttv.com.ar\/wp-content\/uploads\/2023\/03\/Reunion-mujeres-gabinete-1-750x563.jpg 750w, https:\/\/www.celttv.com.ar\/wp-content\/uploads\/2023\/03\/Reunion-mujeres-gabinete-1-1140x855.jpg 1140w, https:\/\/www.celttv.com.ar\/wp-content\/uploads\/2023\/03\/Reunion-mujeres-gabinete-1.jpg 2000w\" sizes=\"auto, (max-width: 300px) 100vw, 300px\" \/> <img loading=\"lazy\" decoding=\"async\" class=\"alignnone size-medium wp-image-74183\" src=\"http:\/\/www.celttv.com.ar\/wp-content\/uploads\/2023\/03\/Reunion-mujeres-gabinete-2-300x244.jpeg\" alt=\"\" width=\"300\" height=\"244\" srcset=\"https:\/\/www.celttv.com.ar\/wp-content\/uploads\/2023\/03\/Reunion-mujeres-gabinete-2-300x244.jpeg 300w, https:\/\/www.celttv.com.ar\/wp-content\/uploads\/2023\/03\/Reunion-mujeres-gabinete-2-768x626.jpeg 768w, https:\/\/www.celttv.com.ar\/wp-content\/uploads\/2023\/03\/Reunion-mujeres-gabinete-2-750x611.jpeg 750w, https:\/\/www.celttv.com.ar\/wp-content\/uploads\/2023\/03\/Reunion-mujeres-gabinete-2.jpeg 960w\" sizes=\"auto, (max-width: 300px) 100vw, 300px\" \/> <img loading=\"lazy\" decoding=\"async\" class=\"alignnone size-medium wp-image-74184\" src=\"http:\/\/www.celttv.com.ar\/wp-content\/uploads\/2023\/03\/Reunion-mujeres-gabinete-2-300x204.jpg\" alt=\"\" width=\"300\" height=\"204\" srcset=\"https:\/\/www.celttv.com.ar\/wp-content\/uploads\/2023\/03\/Reunion-mujeres-gabinete-2-300x204.jpg 300w, https:\/\/www.celttv.com.ar\/wp-content\/uploads\/2023\/03\/Reunion-mujeres-gabinete-2-1024x697.jpg 1024w, https:\/\/www.celttv.com.ar\/wp-content\/uploads\/2023\/03\/Reunion-mujeres-gabinete-2-768x523.jpg 768w, https:\/\/www.celttv.com.ar\/wp-content\/uploads\/2023\/03\/Reunion-mujeres-gabinete-2-1536x1046.jpg 1536w, https:\/\/www.celttv.com.ar\/wp-content\/uploads\/2023\/03\/Reunion-mujeres-gabinete-2-750x511.jpg 750w, https:\/\/www.celttv.com.ar\/wp-content\/uploads\/2023\/03\/Reunion-mujeres-gabinete-2-1140x776.jpg 1140w, https:\/\/www.celttv.com.ar\/wp-content\/uploads\/2023\/03\/Reunion-mujeres-gabinete-2.jpg 2000w\" sizes=\"auto, (max-width: 300px) 100vw, 300px\" \/> <img loading=\"lazy\" decoding=\"async\" class=\"alignnone size-medium wp-image-74185\" src=\"http:\/\/www.celttv.com.ar\/wp-content\/uploads\/2023\/03\/Reunion-mujeres-gabinete-3-225x300.jpeg\" alt=\"\" width=\"225\" height=\"300\" srcset=\"https:\/\/www.celttv.com.ar\/wp-content\/uploads\/2023\/03\/Reunion-mujeres-gabinete-3-225x300.jpeg 225w, https:\/\/www.celttv.com.ar\/wp-content\/uploads\/2023\/03\/Reunion-mujeres-gabinete-3-768x1024.jpeg 768w, https:\/\/www.celttv.com.ar\/wp-content\/uploads\/2023\/03\/Reunion-mujeres-gabinete-3-750x1000.jpeg 750w, https:\/\/www.celttv.com.ar\/wp-content\/uploads\/2023\/03\/Reunion-mujeres-gabinete-3.jpeg 960w\" sizes=\"auto, (max-width: 225px) 100vw, 225px\" \/> <img loading=\"lazy\" decoding=\"async\" class=\"alignnone size-medium wp-image-74186\" src=\"http:\/\/www.celttv.com.ar\/wp-content\/uploads\/2023\/03\/Reunion-mujeres-gabinete-3-300x210.jpg\" alt=\"\" width=\"300\" height=\"210\" srcset=\"https:\/\/www.celttv.com.ar\/wp-content\/uploads\/2023\/03\/Reunion-mujeres-gabinete-3-300x210.jpg 300w, https:\/\/www.celttv.com.ar\/wp-content\/uploads\/2023\/03\/Reunion-mujeres-gabinete-3-1024x716.jpg 1024w, https:\/\/www.celttv.com.ar\/wp-content\/uploads\/2023\/03\/Reunion-mujeres-gabinete-3-768x537.jpg 768w, https:\/\/www.celttv.com.ar\/wp-content\/uploads\/2023\/03\/Reunion-mujeres-gabinete-3-1536x1074.jpg 1536w, https:\/\/www.celttv.com.ar\/wp-content\/uploads\/2023\/03\/Reunion-mujeres-gabinete-3-750x524.jpg 750w, https:\/\/www.celttv.com.ar\/wp-content\/uploads\/2023\/03\/Reunion-mujeres-gabinete-3-1140x797.jpg 1140w, https:\/\/www.celttv.com.ar\/wp-content\/uploads\/2023\/03\/Reunion-mujeres-gabinete-3.jpg 2000w\" sizes=\"auto, (max-width: 300px) 100vw, 300px\" \/> <img loading=\"lazy\" decoding=\"async\" class=\"alignnone size-medium wp-image-74187\" src=\"http:\/\/www.celttv.com.ar\/wp-content\/uploads\/2023\/03\/Reunion-mujeres-gabinete-4-300x209.jpg\" alt=\"\" width=\"300\" height=\"209\" srcset=\"https:\/\/www.celttv.com.ar\/wp-content\/uploads\/2023\/03\/Reunion-mujeres-gabinete-4-300x209.jpg 300w, https:\/\/www.celttv.com.ar\/wp-content\/uploads\/2023\/03\/Reunion-mujeres-gabinete-4-1024x714.jpg 1024w, https:\/\/www.celttv.com.ar\/wp-content\/uploads\/2023\/03\/Reunion-mujeres-gabinete-4-768x535.jpg 768w, https:\/\/www.celttv.com.ar\/wp-content\/uploads\/2023\/03\/Reunion-mujeres-gabinete-4-1536x1071.jpg 1536w, https:\/\/www.celttv.com.ar\/wp-content\/uploads\/2023\/03\/Reunion-mujeres-gabinete-4-750x523.jpg 750w, https:\/\/www.celttv.com.ar\/wp-content\/uploads\/2023\/03\/Reunion-mujeres-gabinete-4-1140x795.jpg 1140w, https:\/\/www.celttv.com.ar\/wp-content\/uploads\/2023\/03\/Reunion-mujeres-gabinete-4.jpg 2000w\" sizes=\"auto, (max-width: 300px) 100vw, 300px\" \/><\/p>\n","protected":false},"excerpt":{"rendered":"<p>Este viernes, en el marco de actividades por el D\u00eda Internacional de la Mujer Trabajadora, el intendente Sergio Bordoni se reuni\u00f3 con las mujeres que integran el Departamento Ejecutivo, que representan la mitad del Gabinete municipal. El encuentro con las funcionarias tuvo lugar en el Museo Casa de la Historia, donde se destac\u00f3 la relevancia [&hellip;]<\/p>\n","protected":false},"author":5,"featured_media":74181,"comment_status":"closed","ping_status":"closed","sticky":false,"template":"","format":"standard","meta":{"footnotes":""},"categories":[51,52,59],"tags":[738,739],"class_list":["post-74180","post","type-post","status-publish","format-standard","has-post-thumbnail","hentry","category-comunidad","category-destacadas","category-municipales","tag-bordoni-se-reunio-con-las-mujeres-del-departamento-ejecutivo","tag-que-representan-la-mitad-de-su-gabinete"],"yoast_head":"<!-- This site is optimized with the Yoast SEO plugin v19.7.1 - https:\/\/yoast.com\/wordpress\/plugins\/seo\/ -->\n<title>Bordoni se reuni\u00f3 con las mujeres del Departamento Ejecutivo, que representan la mitad de su gabinete - CELTTV<\/title>\n<meta name=\"description\" content=\"Sitio web de noticias de la localidad de Tornquist, provincia de Buenos Aires, Rep\u00fablica Argentina. Contenido propio originado por periodistas de CELTTV, el canal de TV local de la Cooperativa El\u00e9ctrica de Tornquist. Turismo, Pol\u00edtica, Sociedad, Deporte, Cultura y todo el contenido de inter\u00e9s general que la gente del pueblo y la regi\u00f3n debe conocer.\" \/>\n<meta name=\"robots\" content=\"index, follow, max-snippet:-1, max-image-preview:large, max-video-preview:-1\" \/>\n<link rel=\"canonical\" href=\"https:\/\/www.celttv.com.ar\/index.php\/2023\/03\/10\/bordoni-se-reunio-con-las-mujeres-del-departamento-ejecutivo-que-representan-la-mitad-de-su-gabinete\/\" \/>\n<meta property=\"og:locale\" content=\"es_ES\" \/>\n<meta property=\"og:type\" content=\"article\" \/>\n<meta property=\"og:title\" content=\"Bordoni se reuni\u00f3 con las mujeres del Departamento Ejecutivo, que representan la mitad de su gabinete - CELTTV\" \/>\n<meta property=\"og:description\" content=\"Sitio web de noticias de la localidad de Tornquist, provincia de Buenos Aires, Rep\u00fablica Argentina. Contenido propio originado por periodistas de CELTTV, el canal de TV local de la Cooperativa El\u00e9ctrica de Tornquist. Turismo, Pol\u00edtica, Sociedad, Deporte, Cultura y todo el contenido de inter\u00e9s general que la gente del pueblo y la regi\u00f3n debe conocer.\" \/>\n<meta property=\"og:url\" content=\"https:\/\/www.celttv.com.ar\/index.php\/2023\/03\/10\/bordoni-se-reunio-con-las-mujeres-del-departamento-ejecutivo-que-representan-la-mitad-de-su-gabinete\/\" \/>\n<meta property=\"og:site_name\" content=\"CELTTV\" \/>\n<meta property=\"article:publisher\" content=\"https:\/\/www.facebook.com\/celtTV\/\" \/>\n<meta property=\"article:published_time\" content=\"2023-03-10T20:16:42+00:00\" \/>\n<meta property=\"og:image\" content=\"https:\/\/www.celttv.com.ar\/wp-content\/uploads\/2023\/03\/Reunion-mujeres-gabinete-1.jpeg\" \/>\n\t<meta property=\"og:image:width\" content=\"1280\" \/>\n\t<meta property=\"og:image:height\" content=\"807\" \/>\n\t<meta property=\"og:image:type\" content=\"image\/jpeg\" \/>\n<meta name=\"author\" content=\"Miguel Herrada\" \/>\n<meta name=\"twitter:card\" content=\"summary_large_image\" \/>\n<meta name=\"twitter:label1\" content=\"Escrito por\" \/>\n\t<meta name=\"twitter:data1\" content=\"Miguel Herrada\" \/>\n\t<meta name=\"twitter:label2\" content=\"Tiempo de lectura\" \/>\n\t<meta name=\"twitter:data2\" content=\"2 minutos\" \/>\n<script type=\"application\/ld+json\" class=\"yoast-schema-graph\">{\"@context\":\"https:\/\/schema.org\",\"@graph\":[{\"@type\":\"NewsArticle\",\"@id\":\"https:\/\/www.celttv.com.ar\/index.php\/2023\/03\/10\/bordoni-se-reunio-con-las-mujeres-del-departamento-ejecutivo-que-representan-la-mitad-de-su-gabinete\/#article\",\"isPartOf\":{\"@id\":\"https:\/\/www.celttv.com.ar\/index.php\/2023\/03\/10\/bordoni-se-reunio-con-las-mujeres-del-departamento-ejecutivo-que-representan-la-mitad-de-su-gabinete\/\"},\"author\":{\"name\":\"Miguel Herrada\",\"@id\":\"https:\/\/www.celttv.com.ar\/#\/schema\/person\/9059dc91dc7204ef4182cdb65225f07d\"},\"headline\":\"Bordoni se reuni\u00f3 con las mujeres del Departamento Ejecutivo, que representan la mitad de su gabinete\",\"datePublished\":\"2023-03-10T20:16:42+00:00\",\"dateModified\":\"2023-03-10T20:16:42+00:00\",\"mainEntityOfPage\":{\"@id\":\"https:\/\/www.celttv.com.ar\/index.php\/2023\/03\/10\/bordoni-se-reunio-con-las-mujeres-del-departamento-ejecutivo-que-representan-la-mitad-de-su-gabinete\/\"},\"wordCount\":332,\"publisher\":{\"@id\":\"https:\/\/www.celttv.com.ar\/#organization\"},\"keywords\":[\"Bordoni se reuni\u00f3 con las mujeres del Departamento Ejecutivo\",\"que representan la mitad de su gabinete\"],\"articleSection\":[\"Comunidad\",\"Destacadas\",\"Municipales\"],\"inLanguage\":\"es\"},{\"@type\":\"WebPage\",\"@id\":\"https:\/\/www.celttv.com.ar\/index.php\/2023\/03\/10\/bordoni-se-reunio-con-las-mujeres-del-departamento-ejecutivo-que-representan-la-mitad-de-su-gabinete\/\",\"url\":\"https:\/\/www.celttv.com.ar\/index.php\/2023\/03\/10\/bordoni-se-reunio-con-las-mujeres-del-departamento-ejecutivo-que-representan-la-mitad-de-su-gabinete\/\",\"name\":\"Bordoni se reuni\u00f3 con las mujeres del Departamento Ejecutivo, que representan la mitad de su gabinete - CELTTV\",\"isPartOf\":{\"@id\":\"https:\/\/www.celttv.com.ar\/#website\"},\"datePublished\":\"2023-03-10T20:16:42+00:00\",\"dateModified\":\"2023-03-10T20:16:42+00:00\",\"description\":\"Sitio web de noticias de la localidad de Tornquist, provincia de Buenos Aires, Rep\u00fablica Argentina. Contenido propio originado por periodistas de CELTTV, el canal de TV local de la Cooperativa El\u00e9ctrica de Tornquist. Turismo, Pol\u00edtica, Sociedad, Deporte, Cultura y todo el contenido de inter\u00e9s general que la gente del pueblo y la regi\u00f3n debe conocer.\",\"breadcrumb\":{\"@id\":\"https:\/\/www.celttv.com.ar\/index.php\/2023\/03\/10\/bordoni-se-reunio-con-las-mujeres-del-departamento-ejecutivo-que-representan-la-mitad-de-su-gabinete\/#breadcrumb\"},\"inLanguage\":\"es\",\"potentialAction\":[{\"@type\":\"ReadAction\",\"target\":[\"https:\/\/www.celttv.com.ar\/index.php\/2023\/03\/10\/bordoni-se-reunio-con-las-mujeres-del-departamento-ejecutivo-que-representan-la-mitad-de-su-gabinete\/\"]}]},{\"@type\":\"BreadcrumbList\",\"@id\":\"https:\/\/www.celttv.com.ar\/index.php\/2023\/03\/10\/bordoni-se-reunio-con-las-mujeres-del-departamento-ejecutivo-que-representan-la-mitad-de-su-gabinete\/#breadcrumb\",\"itemListElement\":[{\"@type\":\"ListItem\",\"position\":1,\"name\":\"Inicio\",\"item\":\"https:\/\/www.celttv.com.ar\/\"},{\"@type\":\"ListItem\",\"position\":2,\"name\":\"Bordoni se reuni\u00f3 con las mujeres del Departamento Ejecutivo, que representan la mitad de su gabinete\"}]},{\"@type\":\"WebSite\",\"@id\":\"https:\/\/www.celttv.com.ar\/#website\",\"url\":\"https:\/\/www.celttv.com.ar\/\",\"name\":\"CELTTV\",\"description\":\"Cooperativa El\u00e9ctrica de Tornquist\",\"publisher\":{\"@id\":\"https:\/\/www.celttv.com.ar\/#organization\"},\"potentialAction\":[{\"@type\":\"SearchAction\",\"target\":{\"@type\":\"EntryPoint\",\"urlTemplate\":\"https:\/\/www.celttv.com.ar\/?s={search_term_string}\"},\"query-input\":\"required name=search_term_string\"}],\"inLanguage\":\"es\"},{\"@type\":\"Organization\",\"@id\":\"https:\/\/www.celttv.com.ar\/#organization\",\"name\":\"CELTTV\",\"url\":\"https:\/\/www.celttv.com.ar\/\",\"sameAs\":[\"https:\/\/www.youtube.com\/channel\/UCz_oIt8Hig64Ub-EmcNPIhg\",\"https:\/\/www.facebook.com\/celtTV\/\"],\"logo\":{\"@type\":\"ImageObject\",\"inLanguage\":\"es\",\"@id\":\"https:\/\/www.celttv.com.ar\/#\/schema\/logo\/image\/\",\"url\":\"http:\/\/www.celttv.com.ar\/wp-content\/uploads\/2022\/08\/logo-1.png\",\"contentUrl\":\"http:\/\/www.celttv.com.ar\/wp-content\/uploads\/2022\/08\/logo-1.png\",\"width\":461,\"height\":159,\"caption\":\"CELTTV\"},\"image\":{\"@id\":\"https:\/\/www.celttv.com.ar\/#\/schema\/logo\/image\/\"}},{\"@type\":\"Person\",\"@id\":\"https:\/\/www.celttv.com.ar\/#\/schema\/person\/9059dc91dc7204ef4182cdb65225f07d\",\"name\":\"Miguel Herrada\",\"image\":{\"@type\":\"ImageObject\",\"inLanguage\":\"es\",\"@id\":\"https:\/\/www.celttv.com.ar\/#\/schema\/person\/image\/\",\"url\":\"https:\/\/secure.gravatar.com\/avatar\/67724d5b3c716623ffd76bec7e45841a442ac3b456e914dbba90b0fad2b8e0b1?s=96&d=mm&r=g\",\"contentUrl\":\"https:\/\/secure.gravatar.com\/avatar\/67724d5b3c716623ffd76bec7e45841a442ac3b456e914dbba90b0fad2b8e0b1?s=96&d=mm&r=g\",\"caption\":\"Miguel Herrada\"}}]}<\/script>\n<!-- \/ Yoast SEO plugin. -->","yoast_head_json":{"title":"Bordoni se reuni\u00f3 con las mujeres del Departamento Ejecutivo, que representan la mitad de su gabinete - CELTTV","description":"Sitio web de noticias de la localidad de Tornquist, provincia de Buenos Aires, Rep\u00fablica Argentina. Contenido propio originado por periodistas de CELTTV, el canal de TV local de la Cooperativa El\u00e9ctrica de Tornquist. Turismo, Pol\u00edtica, Sociedad, Deporte, Cultura y todo el contenido de inter\u00e9s general que la gente del pueblo y la regi\u00f3n debe conocer.","robots":{"index":"index","follow":"follow","max-snippet":"max-snippet:-1","max-image-preview":"max-image-preview:large","max-video-preview":"max-video-preview:-1"},"canonical":"https:\/\/www.celttv.com.ar\/index.php\/2023\/03\/10\/bordoni-se-reunio-con-las-mujeres-del-departamento-ejecutivo-que-representan-la-mitad-de-su-gabinete\/","og_locale":"es_ES","og_type":"article","og_title":"Bordoni se reuni\u00f3 con las mujeres del Departamento Ejecutivo, que representan la mitad de su gabinete - CELTTV","og_description":"Sitio web de noticias de la localidad de Tornquist, provincia de Buenos Aires, Rep\u00fablica Argentina. Contenido propio originado por periodistas de CELTTV, el canal de TV local de la Cooperativa El\u00e9ctrica de Tornquist. Turismo, Pol\u00edtica, Sociedad, Deporte, Cultura y todo el contenido de inter\u00e9s general que la gente del pueblo y la regi\u00f3n debe conocer.","og_url":"https:\/\/www.celttv.com.ar\/index.php\/2023\/03\/10\/bordoni-se-reunio-con-las-mujeres-del-departamento-ejecutivo-que-representan-la-mitad-de-su-gabinete\/","og_site_name":"CELTTV","article_publisher":"https:\/\/www.facebook.com\/celtTV\/","article_published_time":"2023-03-10T20:16:42+00:00","og_image":[{"width":1280,"height":807,"url":"https:\/\/www.celttv.com.ar\/wp-content\/uploads\/2023\/03\/Reunion-mujeres-gabinete-1.jpeg","type":"image\/jpeg"}],"author":"Miguel Herrada","twitter_card":"summary_large_image","twitter_misc":{"Escrito por":"Miguel Herrada","Tiempo de lectura":"2 minutos"},"schema":{"@context":"https:\/\/schema.org","@graph":[{"@type":"NewsArticle","@id":"https:\/\/www.celttv.com.ar\/index.php\/2023\/03\/10\/bordoni-se-reunio-con-las-mujeres-del-departamento-ejecutivo-que-representan-la-mitad-de-su-gabinete\/#article","isPartOf":{"@id":"https:\/\/www.celttv.com.ar\/index.php\/2023\/03\/10\/bordoni-se-reunio-con-las-mujeres-del-departamento-ejecutivo-que-representan-la-mitad-de-su-gabinete\/"},"author":{"name":"Miguel Herrada","@id":"https:\/\/www.celttv.com.ar\/#\/schema\/person\/9059dc91dc7204ef4182cdb65225f07d"},"headline":"Bordoni se reuni\u00f3 con las mujeres del Departamento Ejecutivo, que representan la mitad de su gabinete","datePublished":"2023-03-10T20:16:42+00:00","dateModified":"2023-03-10T20:16:42+00:00","mainEntityOfPage":{"@id":"https:\/\/www.celttv.com.ar\/index.php\/2023\/03\/10\/bordoni-se-reunio-con-las-mujeres-del-departamento-ejecutivo-que-representan-la-mitad-de-su-gabinete\/"},"wordCount":332,"publisher":{"@id":"https:\/\/www.celttv.com.ar\/#organization"},"keywords":["Bordoni se reuni\u00f3 con las mujeres del Departamento Ejecutivo","que representan la mitad de su gabinete"],"articleSection":["Comunidad","Destacadas","Municipales"],"inLanguage":"es"},{"@type":"WebPage","@id":"https:\/\/www.celttv.com.ar\/index.php\/2023\/03\/10\/bordoni-se-reunio-con-las-mujeres-del-departamento-ejecutivo-que-representan-la-mitad-de-su-gabinete\/","url":"https:\/\/www.celttv.com.ar\/index.php\/2023\/03\/10\/bordoni-se-reunio-con-las-mujeres-del-departamento-ejecutivo-que-representan-la-mitad-de-su-gabinete\/","name":"Bordoni se reuni\u00f3 con las mujeres del Departamento Ejecutivo, que representan la mitad de su gabinete - CELTTV","isPartOf":{"@id":"https:\/\/www.celttv.com.ar\/#website"},"datePublished":"2023-03-10T20:16:42+00:00","dateModified":"2023-03-10T20:16:42+00:00","description":"Sitio web de noticias de la localidad de Tornquist, provincia de Buenos Aires, Rep\u00fablica Argentina. Contenido propio originado por periodistas de CELTTV, el canal de TV local de la Cooperativa El\u00e9ctrica de Tornquist. Turismo, Pol\u00edtica, Sociedad, Deporte, Cultura y todo el contenido de inter\u00e9s general que la gente del pueblo y la regi\u00f3n debe conocer.","breadcrumb":{"@id":"https:\/\/www.celttv.com.ar\/index.php\/2023\/03\/10\/bordoni-se-reunio-con-las-mujeres-del-departamento-ejecutivo-que-representan-la-mitad-de-su-gabinete\/#breadcrumb"},"inLanguage":"es","potentialAction":[{"@type":"ReadAction","target":["https:\/\/www.celttv.com.ar\/index.php\/2023\/03\/10\/bordoni-se-reunio-con-las-mujeres-del-departamento-ejecutivo-que-representan-la-mitad-de-su-gabinete\/"]}]},{"@type":"BreadcrumbList","@id":"https:\/\/www.celttv.com.ar\/index.php\/2023\/03\/10\/bordoni-se-reunio-con-las-mujeres-del-departamento-ejecutivo-que-representan-la-mitad-de-su-gabinete\/#breadcrumb","itemListElement":[{"@type":"ListItem","position":1,"name":"Inicio","item":"https:\/\/www.celttv.com.ar\/"},{"@type":"ListItem","position":2,"name":"Bordoni se reuni\u00f3 con las mujeres del Departamento Ejecutivo, que representan la mitad de su gabinete"}]},{"@type":"WebSite","@id":"https:\/\/www.celttv.com.ar\/#website","url":"https:\/\/www.celttv.com.ar\/","name":"CELTTV","description":"Cooperativa El\u00e9ctrica de Tornquist","publisher":{"@id":"https:\/\/www.celttv.com.ar\/#organization"},"potentialAction":[{"@type":"SearchAction","target":{"@type":"EntryPoint","urlTemplate":"https:\/\/www.celttv.com.ar\/?s={search_term_string}"},"query-input":"required name=search_term_string"}],"inLanguage":"es"},{"@type":"Organization","@id":"https:\/\/www.celttv.com.ar\/#organization","name":"CELTTV","url":"https:\/\/www.celttv.com.ar\/","sameAs":["https:\/\/www.youtube.com\/channel\/UCz_oIt8Hig64Ub-EmcNPIhg","https:\/\/www.facebook.com\/celtTV\/"],"logo":{"@type":"ImageObject","inLanguage":"es","@id":"https:\/\/www.celttv.com.ar\/#\/schema\/logo\/image\/","url":"http:\/\/www.celttv.com.ar\/wp-content\/uploads\/2022\/08\/logo-1.png","contentUrl":"http:\/\/www.celttv.com.ar\/wp-content\/uploads\/2022\/08\/logo-1.png","width":461,"height":159,"caption":"CELTTV"},"image":{"@id":"https:\/\/www.celttv.com.ar\/#\/schema\/logo\/image\/"}},{"@type":"Person","@id":"https:\/\/www.celttv.com.ar\/#\/schema\/person\/9059dc91dc7204ef4182cdb65225f07d","name":"Miguel Herrada","image":{"@type":"ImageObject","inLanguage":"es","@id":"https:\/\/www.celttv.com.ar\/#\/schema\/person\/image\/","url":"https:\/\/secure.gravatar.com\/avatar\/67724d5b3c716623ffd76bec7e45841a442ac3b456e914dbba90b0fad2b8e0b1?s=96&d=mm&r=g","contentUrl":"https:\/\/secure.gravatar.com\/avatar\/67724d5b3c716623ffd76bec7e45841a442ac3b456e914dbba90b0fad2b8e0b1?s=96&d=mm&r=g","caption":"Miguel Herrada"}}]}},"_links":{"self":[{"href":"https:\/\/www.celttv.com.ar\/index.php\/wp-json\/wp\/v2\/posts\/74180","targetHints":{"allow":["GET"]}}],"collection":[{"href":"https:\/\/www.celttv.com.ar\/index.php\/wp-json\/wp\/v2\/posts"}],"about":[{"href":"https:\/\/www.celttv.com.ar\/index.php\/wp-json\/wp\/v2\/types\/post"}],"author":[{"embeddable":true,"href":"https:\/\/www.celttv.com.ar\/index.php\/wp-json\/wp\/v2\/users\/5"}],"replies":[{"embeddable":true,"href":"https:\/\/www.celttv.com.ar\/index.php\/wp-json\/wp\/v2\/comments?post=74180"}],"version-history":[{"count":1,"href":"https:\/\/www.celttv.com.ar\/index.php\/wp-json\/wp\/v2\/posts\/74180\/revisions"}],"predecessor-version":[{"id":74188,"href":"https:\/\/www.celttv.com.ar\/index.php\/wp-json\/wp\/v2\/posts\/74180\/revisions\/74188"}],"wp:featuredmedia":[{"embeddable":true,"href":"https:\/\/www.celttv.com.ar\/index.php\/wp-json\/wp\/v2\/media\/74181"}],"wp:attachment":[{"href":"https:\/\/www.celttv.com.ar\/index.php\/wp-json\/wp\/v2\/media?parent=74180"}],"wp:term":[{"taxonomy":"category","embeddable":true,"href":"https:\/\/www.celttv.com.ar\/index.php\/wp-json\/wp\/v2\/categories?post=74180"},{"taxonomy":"post_tag","embeddable":true,"href":"https:\/\/www.celttv.com.ar\/index.php\/wp-json\/wp\/v2\/tags?post=74180"}],"curies":[{"name":"wp","href":"https:\/\/api.w.org\/{rel}","templated":true}]}}