{"id":74196,"date":"2023-03-10T23:22:46","date_gmt":"2023-03-11T02:22:46","guid":{"rendered":"http:\/\/www.celttv.com.ar\/?p=74196"},"modified":"2023-03-10T23:22:46","modified_gmt":"2023-03-11T02:22:46","slug":"sergio-bordoni-y-la-visita-de-autoridades-provinciales-es-muy-probable-que-tengamos-buenas-noticias","status":"publish","type":"post","link":"https:\/\/www.celttv.com.ar\/index.php\/2023\/03\/10\/sergio-bordoni-y-la-visita-de-autoridades-provinciales-es-muy-probable-que-tengamos-buenas-noticias\/","title":{"rendered":"Sergio Bordoni y la visita de autoridades provinciales: &#8220;Es muy probable que tengamos buenas noticias&#8221;"},"content":{"rendered":"<p>Sergio Bordoni recorri\u00f3 Expo Mostrarte Mujer, la feria de artesanas y emprendedoras que se realiz\u00f3 \u00e9ste viernes en la Plaza Ernesto Tornquist en adhesi\u00f3n al D\u00eda Internacional de la Mujer.<\/p>\n<p>El intendente Municipal, en di\u00e1logo con CELTTV destac\u00f3 la participaci\u00f3n de las expositoras que formaron parte del evento. Tambi\u00e9n se refiri\u00f3 al importante rol de las mujeres que forman parte de su Gabinete con quienes mantuvo una reuni\u00f3n en la ma\u00f1ana de \u00e9ste viernes.<\/p>\n<p>&#8220;Celebro tener la cantidad de mujeres que tengo en mi equipo, me cambiaron muchas miradas y la forma de hacer pol\u00edtica. Las convoco a seguir trabajando, al lado de la gente, en la calle y resolviendo los problemas de los vecinos y vecinas del distrito\u201d.<\/p>\n<p>Respecto a la visita de autoridades provinciales para \u00e9ste fin de semana para participar de la 8va. edici\u00f3n de la Fiesta de la Vendimia, el Intendente se\u00f1al\u00f3 que &#8220;Nos visitar\u00e1n el Ministro de Producci\u00f3n, Ciencia e Innovaci\u00f3n Tecnol\u00f3gica, <strong>Augusto Costas<\/strong> y el Ministro de Desarrollo Agrario, <strong>Javier Rodr\u00edguez<\/strong> y es muy probable que tengamos buenas noticias respecto al apoyo financiero que necesita el proyecto del Balc\u00f3n del Arroyo que generar\u00e1 una cantidad importante de mano de obra&#8221; adelant\u00f3 el jefe comunal.<\/p>\n<p>Tambi\u00e9n se refiri\u00f3 a obras de infraestructura con la que se debe dotar al sector industrial planificado como el soterramiento de una l\u00ednea de media tensi\u00f3n, el pavimento articulado y la fibra \u00f3ptica.<\/p>\n<p>&#8220;Tenemos que seguir generando mas recursos y gestionando con la provincia para seguir haciendo las obras que necesita el Parque Industrial&#8221; cerr\u00f3 Bordoni.<\/p>\n<p><strong>VIDEO: NOTA DE CELTTV NOTICIAS CON EL INTENDENTE SERGIO BORDONI<\/strong><\/p>\n<p><iframe loading=\"lazy\" title=\"2023 03 10 NOTA A SERGIO BORDONI\" width=\"500\" height=\"281\" src=\"https:\/\/www.youtube.com\/embed\/wk3rpuRjdlY?feature=oembed\" frameborder=\"0\" allow=\"accelerometer; autoplay; clipboard-write; encrypted-media; gyroscope; picture-in-picture; web-share\" referrerpolicy=\"strict-origin-when-cross-origin\" allowfullscreen><\/iframe><\/p>\n","protected":false},"excerpt":{"rendered":"<p>Sergio Bordoni recorri\u00f3 Expo Mostrarte Mujer, la feria de artesanas y emprendedoras que se realiz\u00f3 \u00e9ste viernes en la Plaza Ernesto Tornquist en adhesi\u00f3n al D\u00eda Internacional de la Mujer. El intendente Municipal, en di\u00e1logo con CELTTV destac\u00f3 la participaci\u00f3n de las expositoras que formaron parte del evento. Tambi\u00e9n se refiri\u00f3 al importante rol de [&hellip;]<\/p>\n","protected":false},"author":5,"featured_media":74197,"comment_status":"closed","ping_status":"closed","sticky":false,"template":"","format":"standard","meta":{"footnotes":""},"categories":[51,52,59,65],"tags":[741],"class_list":["post-74196","post","type-post","status-publish","format-standard","has-post-thumbnail","hentry","category-comunidad","category-destacadas","category-municipales","category-produccion","tag-sergio-bordoni-y-la-visita-de-autoridades-provinciales-es-muy-probable-que-tengamos-buenas-noticias"],"yoast_head":"<!-- This site is optimized with the Yoast SEO plugin v19.7.1 - https:\/\/yoast.com\/wordpress\/plugins\/seo\/ -->\n<title>Sergio Bordoni y la visita de autoridades provinciales: &quot;Es muy probable que tengamos buenas noticias&quot; - CELTTV<\/title>\n<meta name=\"description\" content=\"Sitio web de noticias de la localidad de Tornquist, provincia de Buenos Aires, Rep\u00fablica Argentina. Contenido propio originado por periodistas de CELTTV, el canal de TV local de la Cooperativa El\u00e9ctrica de Tornquist. Turismo, Pol\u00edtica, Sociedad, Deporte, Cultura y todo el contenido de inter\u00e9s general que la gente del pueblo y la regi\u00f3n debe conocer.\" \/>\n<meta name=\"robots\" content=\"index, follow, max-snippet:-1, max-image-preview:large, max-video-preview:-1\" \/>\n<link rel=\"canonical\" href=\"https:\/\/www.celttv.com.ar\/index.php\/2023\/03\/10\/sergio-bordoni-y-la-visita-de-autoridades-provinciales-es-muy-probable-que-tengamos-buenas-noticias\/\" \/>\n<meta property=\"og:locale\" content=\"es_ES\" \/>\n<meta property=\"og:type\" content=\"article\" \/>\n<meta property=\"og:title\" content=\"Sergio Bordoni y la visita de autoridades provinciales: &quot;Es muy probable que tengamos buenas noticias&quot; - CELTTV\" \/>\n<meta property=\"og:description\" content=\"Sitio web de noticias de la localidad de Tornquist, provincia de Buenos Aires, Rep\u00fablica Argentina. Contenido propio originado por periodistas de CELTTV, el canal de TV local de la Cooperativa El\u00e9ctrica de Tornquist. Turismo, Pol\u00edtica, Sociedad, Deporte, Cultura y todo el contenido de inter\u00e9s general que la gente del pueblo y la regi\u00f3n debe conocer.\" \/>\n<meta property=\"og:url\" content=\"https:\/\/www.celttv.com.ar\/index.php\/2023\/03\/10\/sergio-bordoni-y-la-visita-de-autoridades-provinciales-es-muy-probable-que-tengamos-buenas-noticias\/\" \/>\n<meta property=\"og:site_name\" content=\"CELTTV\" \/>\n<meta property=\"article:publisher\" content=\"https:\/\/www.facebook.com\/celtTV\/\" \/>\n<meta property=\"article:published_time\" content=\"2023-03-11T02:22:46+00:00\" \/>\n<meta property=\"og:image\" content=\"https:\/\/www.celttv.com.ar\/wp-content\/uploads\/2023\/03\/bordoni-vendimia.jpg\" \/>\n\t<meta property=\"og:image:width\" content=\"1050\" \/>\n\t<meta property=\"og:image:height\" content=\"604\" \/>\n\t<meta property=\"og:image:type\" content=\"image\/jpeg\" \/>\n<meta name=\"author\" content=\"Miguel Herrada\" \/>\n<meta name=\"twitter:card\" content=\"summary_large_image\" \/>\n<meta name=\"twitter:label1\" content=\"Escrito por\" \/>\n\t<meta name=\"twitter:data1\" content=\"Miguel Herrada\" \/>\n\t<meta name=\"twitter:label2\" content=\"Tiempo de lectura\" \/>\n\t<meta name=\"twitter:data2\" content=\"1 minuto\" \/>\n<script type=\"application\/ld+json\" class=\"yoast-schema-graph\">{\"@context\":\"https:\/\/schema.org\",\"@graph\":[{\"@type\":\"NewsArticle\",\"@id\":\"https:\/\/www.celttv.com.ar\/index.php\/2023\/03\/10\/sergio-bordoni-y-la-visita-de-autoridades-provinciales-es-muy-probable-que-tengamos-buenas-noticias\/#article\",\"isPartOf\":{\"@id\":\"https:\/\/www.celttv.com.ar\/index.php\/2023\/03\/10\/sergio-bordoni-y-la-visita-de-autoridades-provinciales-es-muy-probable-que-tengamos-buenas-noticias\/\"},\"author\":{\"name\":\"Miguel Herrada\",\"@id\":\"https:\/\/www.celttv.com.ar\/#\/schema\/person\/9059dc91dc7204ef4182cdb65225f07d\"},\"headline\":\"Sergio Bordoni y la visita de autoridades provinciales: &#8220;Es muy probable que tengamos buenas noticias&#8221;\",\"datePublished\":\"2023-03-11T02:22:46+00:00\",\"dateModified\":\"2023-03-11T02:22:46+00:00\",\"mainEntityOfPage\":{\"@id\":\"https:\/\/www.celttv.com.ar\/index.php\/2023\/03\/10\/sergio-bordoni-y-la-visita-de-autoridades-provinciales-es-muy-probable-que-tengamos-buenas-noticias\/\"},\"wordCount\":305,\"publisher\":{\"@id\":\"https:\/\/www.celttv.com.ar\/#organization\"},\"keywords\":[\"Sergio Bordoni y la visita de autoridades provinciales: \\\"Es muy probable que tengamos buenas noticias\\\"\"],\"articleSection\":[\"Comunidad\",\"Destacadas\",\"Municipales\",\"Producci\u00f3n y Medio Ambiente\"],\"inLanguage\":\"es\"},{\"@type\":\"WebPage\",\"@id\":\"https:\/\/www.celttv.com.ar\/index.php\/2023\/03\/10\/sergio-bordoni-y-la-visita-de-autoridades-provinciales-es-muy-probable-que-tengamos-buenas-noticias\/\",\"url\":\"https:\/\/www.celttv.com.ar\/index.php\/2023\/03\/10\/sergio-bordoni-y-la-visita-de-autoridades-provinciales-es-muy-probable-que-tengamos-buenas-noticias\/\",\"name\":\"Sergio Bordoni y la visita de autoridades provinciales: \\\"Es muy probable que tengamos buenas noticias\\\" - CELTTV\",\"isPartOf\":{\"@id\":\"https:\/\/www.celttv.com.ar\/#website\"},\"datePublished\":\"2023-03-11T02:22:46+00:00\",\"dateModified\":\"2023-03-11T02:22:46+00:00\",\"description\":\"Sitio web de noticias de la localidad de Tornquist, provincia de Buenos Aires, Rep\u00fablica Argentina. Contenido propio originado por periodistas de CELTTV, el canal de TV local de la Cooperativa El\u00e9ctrica de Tornquist. Turismo, Pol\u00edtica, Sociedad, Deporte, Cultura y todo el contenido de inter\u00e9s general que la gente del pueblo y la regi\u00f3n debe conocer.\",\"breadcrumb\":{\"@id\":\"https:\/\/www.celttv.com.ar\/index.php\/2023\/03\/10\/sergio-bordoni-y-la-visita-de-autoridades-provinciales-es-muy-probable-que-tengamos-buenas-noticias\/#breadcrumb\"},\"inLanguage\":\"es\",\"potentialAction\":[{\"@type\":\"ReadAction\",\"target\":[\"https:\/\/www.celttv.com.ar\/index.php\/2023\/03\/10\/sergio-bordoni-y-la-visita-de-autoridades-provinciales-es-muy-probable-que-tengamos-buenas-noticias\/\"]}]},{\"@type\":\"BreadcrumbList\",\"@id\":\"https:\/\/www.celttv.com.ar\/index.php\/2023\/03\/10\/sergio-bordoni-y-la-visita-de-autoridades-provinciales-es-muy-probable-que-tengamos-buenas-noticias\/#breadcrumb\",\"itemListElement\":[{\"@type\":\"ListItem\",\"position\":1,\"name\":\"Inicio\",\"item\":\"https:\/\/www.celttv.com.ar\/\"},{\"@type\":\"ListItem\",\"position\":2,\"name\":\"Sergio Bordoni y la visita de autoridades provinciales: &#8220;Es muy probable que tengamos buenas noticias&#8221;\"}]},{\"@type\":\"WebSite\",\"@id\":\"https:\/\/www.celttv.com.ar\/#website\",\"url\":\"https:\/\/www.celttv.com.ar\/\",\"name\":\"CELTTV\",\"description\":\"Cooperativa El\u00e9ctrica de Tornquist\",\"publisher\":{\"@id\":\"https:\/\/www.celttv.com.ar\/#organization\"},\"potentialAction\":[{\"@type\":\"SearchAction\",\"target\":{\"@type\":\"EntryPoint\",\"urlTemplate\":\"https:\/\/www.celttv.com.ar\/?s={search_term_string}\"},\"query-input\":\"required name=search_term_string\"}],\"inLanguage\":\"es\"},{\"@type\":\"Organization\",\"@id\":\"https:\/\/www.celttv.com.ar\/#organization\",\"name\":\"CELTTV\",\"url\":\"https:\/\/www.celttv.com.ar\/\",\"sameAs\":[\"https:\/\/www.youtube.com\/channel\/UCz_oIt8Hig64Ub-EmcNPIhg\",\"https:\/\/www.facebook.com\/celtTV\/\"],\"logo\":{\"@type\":\"ImageObject\",\"inLanguage\":\"es\",\"@id\":\"https:\/\/www.celttv.com.ar\/#\/schema\/logo\/image\/\",\"url\":\"http:\/\/www.celttv.com.ar\/wp-content\/uploads\/2022\/08\/logo-1.png\",\"contentUrl\":\"http:\/\/www.celttv.com.ar\/wp-content\/uploads\/2022\/08\/logo-1.png\",\"width\":461,\"height\":159,\"caption\":\"CELTTV\"},\"image\":{\"@id\":\"https:\/\/www.celttv.com.ar\/#\/schema\/logo\/image\/\"}},{\"@type\":\"Person\",\"@id\":\"https:\/\/www.celttv.com.ar\/#\/schema\/person\/9059dc91dc7204ef4182cdb65225f07d\",\"name\":\"Miguel Herrada\",\"image\":{\"@type\":\"ImageObject\",\"inLanguage\":\"es\",\"@id\":\"https:\/\/www.celttv.com.ar\/#\/schema\/person\/image\/\",\"url\":\"https:\/\/secure.gravatar.com\/avatar\/67724d5b3c716623ffd76bec7e45841a442ac3b456e914dbba90b0fad2b8e0b1?s=96&d=mm&r=g\",\"contentUrl\":\"https:\/\/secure.gravatar.com\/avatar\/67724d5b3c716623ffd76bec7e45841a442ac3b456e914dbba90b0fad2b8e0b1?s=96&d=mm&r=g\",\"caption\":\"Miguel Herrada\"}}]}<\/script>\n<!-- \/ Yoast SEO plugin. -->","yoast_head_json":{"title":"Sergio Bordoni y la visita de autoridades provinciales: \"Es muy probable que tengamos buenas noticias\" - CELTTV","description":"Sitio web de noticias de la localidad de Tornquist, provincia de Buenos Aires, Rep\u00fablica Argentina. Contenido propio originado por periodistas de CELTTV, el canal de TV local de la Cooperativa El\u00e9ctrica de Tornquist. Turismo, Pol\u00edtica, Sociedad, Deporte, Cultura y todo el contenido de inter\u00e9s general que la gente del pueblo y la regi\u00f3n debe conocer.","robots":{"index":"index","follow":"follow","max-snippet":"max-snippet:-1","max-image-preview":"max-image-preview:large","max-video-preview":"max-video-preview:-1"},"canonical":"https:\/\/www.celttv.com.ar\/index.php\/2023\/03\/10\/sergio-bordoni-y-la-visita-de-autoridades-provinciales-es-muy-probable-que-tengamos-buenas-noticias\/","og_locale":"es_ES","og_type":"article","og_title":"Sergio Bordoni y la visita de autoridades provinciales: \"Es muy probable que tengamos buenas noticias\" - CELTTV","og_description":"Sitio web de noticias de la localidad de Tornquist, provincia de Buenos Aires, Rep\u00fablica Argentina. Contenido propio originado por periodistas de CELTTV, el canal de TV local de la Cooperativa El\u00e9ctrica de Tornquist. Turismo, Pol\u00edtica, Sociedad, Deporte, Cultura y todo el contenido de inter\u00e9s general que la gente del pueblo y la regi\u00f3n debe conocer.","og_url":"https:\/\/www.celttv.com.ar\/index.php\/2023\/03\/10\/sergio-bordoni-y-la-visita-de-autoridades-provinciales-es-muy-probable-que-tengamos-buenas-noticias\/","og_site_name":"CELTTV","article_publisher":"https:\/\/www.facebook.com\/celtTV\/","article_published_time":"2023-03-11T02:22:46+00:00","og_image":[{"width":1050,"height":604,"url":"https:\/\/www.celttv.com.ar\/wp-content\/uploads\/2023\/03\/bordoni-vendimia.jpg","type":"image\/jpeg"}],"author":"Miguel Herrada","twitter_card":"summary_large_image","twitter_misc":{"Escrito por":"Miguel Herrada","Tiempo de lectura":"1 minuto"},"schema":{"@context":"https:\/\/schema.org","@graph":[{"@type":"NewsArticle","@id":"https:\/\/www.celttv.com.ar\/index.php\/2023\/03\/10\/sergio-bordoni-y-la-visita-de-autoridades-provinciales-es-muy-probable-que-tengamos-buenas-noticias\/#article","isPartOf":{"@id":"https:\/\/www.celttv.com.ar\/index.php\/2023\/03\/10\/sergio-bordoni-y-la-visita-de-autoridades-provinciales-es-muy-probable-que-tengamos-buenas-noticias\/"},"author":{"name":"Miguel Herrada","@id":"https:\/\/www.celttv.com.ar\/#\/schema\/person\/9059dc91dc7204ef4182cdb65225f07d"},"headline":"Sergio Bordoni y la visita de autoridades provinciales: &#8220;Es muy probable que tengamos buenas noticias&#8221;","datePublished":"2023-03-11T02:22:46+00:00","dateModified":"2023-03-11T02:22:46+00:00","mainEntityOfPage":{"@id":"https:\/\/www.celttv.com.ar\/index.php\/2023\/03\/10\/sergio-bordoni-y-la-visita-de-autoridades-provinciales-es-muy-probable-que-tengamos-buenas-noticias\/"},"wordCount":305,"publisher":{"@id":"https:\/\/www.celttv.com.ar\/#organization"},"keywords":["Sergio Bordoni y la visita de autoridades provinciales: \"Es muy probable que tengamos buenas noticias\""],"articleSection":["Comunidad","Destacadas","Municipales","Producci\u00f3n y Medio Ambiente"],"inLanguage":"es"},{"@type":"WebPage","@id":"https:\/\/www.celttv.com.ar\/index.php\/2023\/03\/10\/sergio-bordoni-y-la-visita-de-autoridades-provinciales-es-muy-probable-que-tengamos-buenas-noticias\/","url":"https:\/\/www.celttv.com.ar\/index.php\/2023\/03\/10\/sergio-bordoni-y-la-visita-de-autoridades-provinciales-es-muy-probable-que-tengamos-buenas-noticias\/","name":"Sergio Bordoni y la visita de autoridades provinciales: \"Es muy probable que tengamos buenas noticias\" - CELTTV","isPartOf":{"@id":"https:\/\/www.celttv.com.ar\/#website"},"datePublished":"2023-03-11T02:22:46+00:00","dateModified":"2023-03-11T02:22:46+00:00","description":"Sitio web de noticias de la localidad de Tornquist, provincia de Buenos Aires, Rep\u00fablica Argentina. Contenido propio originado por periodistas de CELTTV, el canal de TV local de la Cooperativa El\u00e9ctrica de Tornquist. Turismo, Pol\u00edtica, Sociedad, Deporte, Cultura y todo el contenido de inter\u00e9s general que la gente del pueblo y la regi\u00f3n debe conocer.","breadcrumb":{"@id":"https:\/\/www.celttv.com.ar\/index.php\/2023\/03\/10\/sergio-bordoni-y-la-visita-de-autoridades-provinciales-es-muy-probable-que-tengamos-buenas-noticias\/#breadcrumb"},"inLanguage":"es","potentialAction":[{"@type":"ReadAction","target":["https:\/\/www.celttv.com.ar\/index.php\/2023\/03\/10\/sergio-bordoni-y-la-visita-de-autoridades-provinciales-es-muy-probable-que-tengamos-buenas-noticias\/"]}]},{"@type":"BreadcrumbList","@id":"https:\/\/www.celttv.com.ar\/index.php\/2023\/03\/10\/sergio-bordoni-y-la-visita-de-autoridades-provinciales-es-muy-probable-que-tengamos-buenas-noticias\/#breadcrumb","itemListElement":[{"@type":"ListItem","position":1,"name":"Inicio","item":"https:\/\/www.celttv.com.ar\/"},{"@type":"ListItem","position":2,"name":"Sergio Bordoni y la visita de autoridades provinciales: &#8220;Es muy probable que tengamos buenas noticias&#8221;"}]},{"@type":"WebSite","@id":"https:\/\/www.celttv.com.ar\/#website","url":"https:\/\/www.celttv.com.ar\/","name":"CELTTV","description":"Cooperativa El\u00e9ctrica de Tornquist","publisher":{"@id":"https:\/\/www.celttv.com.ar\/#organization"},"potentialAction":[{"@type":"SearchAction","target":{"@type":"EntryPoint","urlTemplate":"https:\/\/www.celttv.com.ar\/?s={search_term_string}"},"query-input":"required name=search_term_string"}],"inLanguage":"es"},{"@type":"Organization","@id":"https:\/\/www.celttv.com.ar\/#organization","name":"CELTTV","url":"https:\/\/www.celttv.com.ar\/","sameAs":["https:\/\/www.youtube.com\/channel\/UCz_oIt8Hig64Ub-EmcNPIhg","https:\/\/www.facebook.com\/celtTV\/"],"logo":{"@type":"ImageObject","inLanguage":"es","@id":"https:\/\/www.celttv.com.ar\/#\/schema\/logo\/image\/","url":"http:\/\/www.celttv.com.ar\/wp-content\/uploads\/2022\/08\/logo-1.png","contentUrl":"http:\/\/www.celttv.com.ar\/wp-content\/uploads\/2022\/08\/logo-1.png","width":461,"height":159,"caption":"CELTTV"},"image":{"@id":"https:\/\/www.celttv.com.ar\/#\/schema\/logo\/image\/"}},{"@type":"Person","@id":"https:\/\/www.celttv.com.ar\/#\/schema\/person\/9059dc91dc7204ef4182cdb65225f07d","name":"Miguel Herrada","image":{"@type":"ImageObject","inLanguage":"es","@id":"https:\/\/www.celttv.com.ar\/#\/schema\/person\/image\/","url":"https:\/\/secure.gravatar.com\/avatar\/67724d5b3c716623ffd76bec7e45841a442ac3b456e914dbba90b0fad2b8e0b1?s=96&d=mm&r=g","contentUrl":"https:\/\/secure.gravatar.com\/avatar\/67724d5b3c716623ffd76bec7e45841a442ac3b456e914dbba90b0fad2b8e0b1?s=96&d=mm&r=g","caption":"Miguel Herrada"}}]}},"_links":{"self":[{"href":"https:\/\/www.celttv.com.ar\/index.php\/wp-json\/wp\/v2\/posts\/74196","targetHints":{"allow":["GET"]}}],"collection":[{"href":"https:\/\/www.celttv.com.ar\/index.php\/wp-json\/wp\/v2\/posts"}],"about":[{"href":"https:\/\/www.celttv.com.ar\/index.php\/wp-json\/wp\/v2\/types\/post"}],"author":[{"embeddable":true,"href":"https:\/\/www.celttv.com.ar\/index.php\/wp-json\/wp\/v2\/users\/5"}],"replies":[{"embeddable":true,"href":"https:\/\/www.celttv.com.ar\/index.php\/wp-json\/wp\/v2\/comments?post=74196"}],"version-history":[{"count":1,"href":"https:\/\/www.celttv.com.ar\/index.php\/wp-json\/wp\/v2\/posts\/74196\/revisions"}],"predecessor-version":[{"id":74198,"href":"https:\/\/www.celttv.com.ar\/index.php\/wp-json\/wp\/v2\/posts\/74196\/revisions\/74198"}],"wp:featuredmedia":[{"embeddable":true,"href":"https:\/\/www.celttv.com.ar\/index.php\/wp-json\/wp\/v2\/media\/74197"}],"wp:attachment":[{"href":"https:\/\/www.celttv.com.ar\/index.php\/wp-json\/wp\/v2\/media?parent=74196"}],"wp:term":[{"taxonomy":"category","embeddable":true,"href":"https:\/\/www.celttv.com.ar\/index.php\/wp-json\/wp\/v2\/categories?post=74196"},{"taxonomy":"post_tag","embeddable":true,"href":"https:\/\/www.celttv.com.ar\/index.php\/wp-json\/wp\/v2\/tags?post=74196"}],"curies":[{"name":"wp","href":"https:\/\/api.w.org\/{rel}","templated":true}]}}