{"id":74199,"date":"2023-03-12T00:41:29","date_gmt":"2023-03-12T03:41:29","guid":{"rendered":"http:\/\/www.celttv.com.ar\/?p=74199"},"modified":"2023-03-12T00:41:29","modified_gmt":"2023-03-12T03:41:29","slug":"importante-reunion-por-el-8m-en-sierra-de-la-ventana","status":"publish","type":"post","link":"https:\/\/www.celttv.com.ar\/index.php\/2023\/03\/12\/importante-reunion-por-el-8m-en-sierra-de-la-ventana\/","title":{"rendered":"Importante reuni\u00f3n por el 8M en Sierra de la Ventana"},"content":{"rendered":"<p>Con la presencia de la presidenta del Concejo Deliberante de Tornquist, Sandra Kifer y bajo la organizaci\u00f3n del Subcomit\u00e9 de la UCR de Sierra de la Ventana, m\u00e1s de una treintena de mujeres se dieron cita para abordar las distintas problem\u00e1ticas que atraviesan, y al mismo tiempo, acercar ideas y proyectos.<\/p>\n<p>En el marco del 8M m\u00e1s de una treintena de mujeres de distintos \u00e1mbitos de nuestra comarca se dieron cita en el Caf\u00e9 Frid de Sierra de la Ventana, con el objetivo de pasar una tarde distinta, y a trav\u00e9s de una merienda, acercar sus inquietudes, ideas y proyectos.<\/p>\n<p>El encuentro cont\u00f3 con la presencia de la actual presidenta del Honorable Concejo Deliberante, Sandra Kifer, como as\u00ed tambi\u00e9n a otros miembros del Subcomit\u00e9 de la Uni\u00f3n C\u00edvica Radical de Sierra de la Ventana, los cuales estuvieron a cargo de la organizaci\u00f3n.<\/p>\n<p>Este evento sirvi\u00f3 para seguir estrechando lazos con la comunidad, debido a que si bien la presidencia de Kifer se caracteriza por ser de puertas abiertas, y de all\u00ed que a diario recibe y dialoga con los vecinos; el cambio de escenario permiti\u00f3 una vinculaci\u00f3n diferente, desde un \u00e1ngulo m\u00e1s descontracturado.<\/p>\n<p>\u201cRealmente estoy feliz. Este tipo de encuentros son los que te marcan que est\u00e1s en el camino correcto. No hay problem\u00e1ticas nuevas o que una desconozca, porque al final de cuentas soy una vecina m\u00e1s, que transita las mismas calles que el resto, va al supermercado, a la farmacia\u2026 lo hermoso, lo importante, es el compromiso de todas estas mujeres y de much\u00edsimas m\u00e1s que por diversos motivos no pudieron estar pero me hacen llegar sus mensajes\u201d afirm\u00f3 Kifer.<\/p>\n<p>\u201cLo valioso radica en el hecho de que ellas son parte del cambio. Y no es un slogan de. Ellas saben que conmigo es as\u00ed. Que no hay soluciones m\u00e1gicas y mucho menos un solo camino o una \u00fanica verdad. El consenso es la clave. Escucharnos. Dialogar. Todo aporte es valedero. De esta tarde me llevo eso. Sus ganas. Su empuje. El verlas convencidas que entre todas podemos\u201d concluy\u00f3.<\/p>\n<p><img loading=\"lazy\" decoding=\"async\" class=\"alignnone size-medium wp-image-74200\" src=\"http:\/\/www.celttv.com.ar\/wp-content\/uploads\/2023\/03\/4c601904-48b0-4a77-85cd-08398e2f3f27-300x232.jpg\" alt=\"\" width=\"300\" height=\"232\" srcset=\"https:\/\/www.celttv.com.ar\/wp-content\/uploads\/2023\/03\/4c601904-48b0-4a77-85cd-08398e2f3f27-300x232.jpg 300w, https:\/\/www.celttv.com.ar\/wp-content\/uploads\/2023\/03\/4c601904-48b0-4a77-85cd-08398e2f3f27-1024x792.jpg 1024w, https:\/\/www.celttv.com.ar\/wp-content\/uploads\/2023\/03\/4c601904-48b0-4a77-85cd-08398e2f3f27-768x594.jpg 768w, https:\/\/www.celttv.com.ar\/wp-content\/uploads\/2023\/03\/4c601904-48b0-4a77-85cd-08398e2f3f27-750x580.jpg 750w, https:\/\/www.celttv.com.ar\/wp-content\/uploads\/2023\/03\/4c601904-48b0-4a77-85cd-08398e2f3f27-1140x882.jpg 1140w, https:\/\/www.celttv.com.ar\/wp-content\/uploads\/2023\/03\/4c601904-48b0-4a77-85cd-08398e2f3f27.jpg 1200w\" sizes=\"auto, (max-width: 300px) 100vw, 300px\" \/> <img loading=\"lazy\" decoding=\"async\" class=\"alignnone size-medium wp-image-74201\" src=\"http:\/\/www.celttv.com.ar\/wp-content\/uploads\/2023\/03\/57ba12cb-50c5-48dc-b155-5d6414fafb0f-300x135.jpg\" alt=\"\" width=\"300\" height=\"135\" srcset=\"https:\/\/www.celttv.com.ar\/wp-content\/uploads\/2023\/03\/57ba12cb-50c5-48dc-b155-5d6414fafb0f-300x135.jpg 300w, https:\/\/www.celttv.com.ar\/wp-content\/uploads\/2023\/03\/57ba12cb-50c5-48dc-b155-5d6414fafb0f-1024x462.jpg 1024w, https:\/\/www.celttv.com.ar\/wp-content\/uploads\/2023\/03\/57ba12cb-50c5-48dc-b155-5d6414fafb0f-768x346.jpg 768w, https:\/\/www.celttv.com.ar\/wp-content\/uploads\/2023\/03\/57ba12cb-50c5-48dc-b155-5d6414fafb0f-750x338.jpg 750w, https:\/\/www.celttv.com.ar\/wp-content\/uploads\/2023\/03\/57ba12cb-50c5-48dc-b155-5d6414fafb0f-1140x514.jpg 1140w, https:\/\/www.celttv.com.ar\/wp-content\/uploads\/2023\/03\/57ba12cb-50c5-48dc-b155-5d6414fafb0f.jpg 1156w\" sizes=\"auto, (max-width: 300px) 100vw, 300px\" \/> <img loading=\"lazy\" decoding=\"async\" class=\"alignnone size-medium wp-image-74202\" src=\"http:\/\/www.celttv.com.ar\/wp-content\/uploads\/2023\/03\/65477443-731c-486e-bd89-fb5cd5b1baf0-300x153.jpg\" alt=\"\" width=\"300\" height=\"153\" srcset=\"https:\/\/www.celttv.com.ar\/wp-content\/uploads\/2023\/03\/65477443-731c-486e-bd89-fb5cd5b1baf0-300x153.jpg 300w, https:\/\/www.celttv.com.ar\/wp-content\/uploads\/2023\/03\/65477443-731c-486e-bd89-fb5cd5b1baf0-768x393.jpg 768w, https:\/\/www.celttv.com.ar\/wp-content\/uploads\/2023\/03\/65477443-731c-486e-bd89-fb5cd5b1baf0-750x384.jpg 750w, https:\/\/www.celttv.com.ar\/wp-content\/uploads\/2023\/03\/65477443-731c-486e-bd89-fb5cd5b1baf0.jpg 784w\" sizes=\"auto, (max-width: 300px) 100vw, 300px\" \/> <img loading=\"lazy\" decoding=\"async\" class=\"alignnone size-medium wp-image-74203\" src=\"http:\/\/www.celttv.com.ar\/wp-content\/uploads\/2023\/03\/a59a41b8-c4a4-4348-bc66-13a503f8d9d0-300x123.jpg\" alt=\"\" width=\"300\" height=\"123\" srcset=\"https:\/\/www.celttv.com.ar\/wp-content\/uploads\/2023\/03\/a59a41b8-c4a4-4348-bc66-13a503f8d9d0-300x123.jpg 300w, https:\/\/www.celttv.com.ar\/wp-content\/uploads\/2023\/03\/a59a41b8-c4a4-4348-bc66-13a503f8d9d0-1024x419.jpg 1024w, https:\/\/www.celttv.com.ar\/wp-content\/uploads\/2023\/03\/a59a41b8-c4a4-4348-bc66-13a503f8d9d0-768x314.jpg 768w, https:\/\/www.celttv.com.ar\/wp-content\/uploads\/2023\/03\/a59a41b8-c4a4-4348-bc66-13a503f8d9d0-1536x628.jpg 1536w, https:\/\/www.celttv.com.ar\/wp-content\/uploads\/2023\/03\/a59a41b8-c4a4-4348-bc66-13a503f8d9d0-750x307.jpg 750w, https:\/\/www.celttv.com.ar\/wp-content\/uploads\/2023\/03\/a59a41b8-c4a4-4348-bc66-13a503f8d9d0-1140x466.jpg 1140w, https:\/\/www.celttv.com.ar\/wp-content\/uploads\/2023\/03\/a59a41b8-c4a4-4348-bc66-13a503f8d9d0.jpg 1600w\" sizes=\"auto, (max-width: 300px) 100vw, 300px\" \/> <img loading=\"lazy\" decoding=\"async\" class=\"alignnone size-medium wp-image-74204\" src=\"http:\/\/www.celttv.com.ar\/wp-content\/uploads\/2023\/03\/b80feb5a-c22a-4943-b54c-e94b0fcc7154-300x277.jpg\" alt=\"\" width=\"300\" height=\"277\" srcset=\"https:\/\/www.celttv.com.ar\/wp-content\/uploads\/2023\/03\/b80feb5a-c22a-4943-b54c-e94b0fcc7154-300x277.jpg 300w, https:\/\/www.celttv.com.ar\/wp-content\/uploads\/2023\/03\/b80feb5a-c22a-4943-b54c-e94b0fcc7154-1024x945.jpg 1024w, https:\/\/www.celttv.com.ar\/wp-content\/uploads\/2023\/03\/b80feb5a-c22a-4943-b54c-e94b0fcc7154-768x709.jpg 768w, https:\/\/www.celttv.com.ar\/wp-content\/uploads\/2023\/03\/b80feb5a-c22a-4943-b54c-e94b0fcc7154-750x693.jpg 750w, https:\/\/www.celttv.com.ar\/wp-content\/uploads\/2023\/03\/b80feb5a-c22a-4943-b54c-e94b0fcc7154-1140x1053.jpg 1140w, https:\/\/www.celttv.com.ar\/wp-content\/uploads\/2023\/03\/b80feb5a-c22a-4943-b54c-e94b0fcc7154.jpg 1200w\" sizes=\"auto, (max-width: 300px) 100vw, 300px\" \/><\/p>\n","protected":false},"excerpt":{"rendered":"<p>Con la presencia de la presidenta del Concejo Deliberante de Tornquist, Sandra Kifer y bajo la organizaci\u00f3n del Subcomit\u00e9 de la UCR de Sierra de la Ventana, m\u00e1s de una treintena de mujeres se dieron cita para abordar las distintas problem\u00e1ticas que atraviesan, y al mismo tiempo, acercar ideas y proyectos. En el marco del [&hellip;]<\/p>\n","protected":false},"author":5,"featured_media":74204,"comment_status":"closed","ping_status":"closed","sticky":false,"template":"","format":"standard","meta":{"footnotes":""},"categories":[51,52,53],"tags":[742],"class_list":["post-74199","post","type-post","status-publish","format-standard","has-post-thumbnail","hentry","category-comunidad","category-destacadas","category-politica","tag-importante-reunion-por-el-8m-en-sierra-de-la-ventana"],"yoast_head":"<!-- This site is optimized with the Yoast SEO plugin v19.7.1 - https:\/\/yoast.com\/wordpress\/plugins\/seo\/ -->\n<title>Importante reuni\u00f3n por el 8M en Sierra de la Ventana - CELTTV<\/title>\n<meta name=\"description\" content=\"Sitio web de noticias de la localidad de Tornquist, provincia de Buenos Aires, Rep\u00fablica Argentina. Contenido propio originado por periodistas de CELTTV, el canal de TV local de la Cooperativa El\u00e9ctrica de Tornquist. Turismo, Pol\u00edtica, Sociedad, Deporte, Cultura y todo el contenido de inter\u00e9s general que la gente del pueblo y la regi\u00f3n debe conocer.\" \/>\n<meta name=\"robots\" content=\"index, follow, max-snippet:-1, max-image-preview:large, max-video-preview:-1\" \/>\n<link rel=\"canonical\" href=\"https:\/\/www.celttv.com.ar\/index.php\/2023\/03\/12\/importante-reunion-por-el-8m-en-sierra-de-la-ventana\/\" \/>\n<meta property=\"og:locale\" content=\"es_ES\" \/>\n<meta property=\"og:type\" content=\"article\" \/>\n<meta property=\"og:title\" content=\"Importante reuni\u00f3n por el 8M en Sierra de la Ventana - CELTTV\" \/>\n<meta property=\"og:description\" content=\"Sitio web de noticias de la localidad de Tornquist, provincia de Buenos Aires, Rep\u00fablica Argentina. Contenido propio originado por periodistas de CELTTV, el canal de TV local de la Cooperativa El\u00e9ctrica de Tornquist. Turismo, Pol\u00edtica, Sociedad, Deporte, Cultura y todo el contenido de inter\u00e9s general que la gente del pueblo y la regi\u00f3n debe conocer.\" \/>\n<meta property=\"og:url\" content=\"https:\/\/www.celttv.com.ar\/index.php\/2023\/03\/12\/importante-reunion-por-el-8m-en-sierra-de-la-ventana\/\" \/>\n<meta property=\"og:site_name\" content=\"CELTTV\" \/>\n<meta property=\"article:publisher\" content=\"https:\/\/www.facebook.com\/celtTV\/\" \/>\n<meta property=\"article:published_time\" content=\"2023-03-12T03:41:29+00:00\" \/>\n<meta property=\"og:image\" content=\"https:\/\/www.celttv.com.ar\/wp-content\/uploads\/2023\/03\/b80feb5a-c22a-4943-b54c-e94b0fcc7154.jpg\" \/>\n\t<meta property=\"og:image:width\" content=\"1200\" \/>\n\t<meta property=\"og:image:height\" content=\"1108\" \/>\n\t<meta property=\"og:image:type\" content=\"image\/jpeg\" \/>\n<meta name=\"author\" content=\"Miguel Herrada\" \/>\n<meta name=\"twitter:card\" content=\"summary_large_image\" \/>\n<meta name=\"twitter:label1\" content=\"Escrito por\" \/>\n\t<meta name=\"twitter:data1\" content=\"Miguel Herrada\" \/>\n\t<meta name=\"twitter:label2\" content=\"Tiempo de lectura\" \/>\n\t<meta name=\"twitter:data2\" content=\"2 minutos\" \/>\n<script type=\"application\/ld+json\" class=\"yoast-schema-graph\">{\"@context\":\"https:\/\/schema.org\",\"@graph\":[{\"@type\":\"NewsArticle\",\"@id\":\"https:\/\/www.celttv.com.ar\/index.php\/2023\/03\/12\/importante-reunion-por-el-8m-en-sierra-de-la-ventana\/#article\",\"isPartOf\":{\"@id\":\"https:\/\/www.celttv.com.ar\/index.php\/2023\/03\/12\/importante-reunion-por-el-8m-en-sierra-de-la-ventana\/\"},\"author\":{\"name\":\"Miguel Herrada\",\"@id\":\"https:\/\/www.celttv.com.ar\/#\/schema\/person\/9059dc91dc7204ef4182cdb65225f07d\"},\"headline\":\"Importante reuni\u00f3n por el 8M en Sierra de la Ventana\",\"datePublished\":\"2023-03-12T03:41:29+00:00\",\"dateModified\":\"2023-03-12T03:41:29+00:00\",\"mainEntityOfPage\":{\"@id\":\"https:\/\/www.celttv.com.ar\/index.php\/2023\/03\/12\/importante-reunion-por-el-8m-en-sierra-de-la-ventana\/\"},\"wordCount\":369,\"publisher\":{\"@id\":\"https:\/\/www.celttv.com.ar\/#organization\"},\"keywords\":[\"Importante reuni\u00f3n por el 8M en Sierra de la Ventana\"],\"articleSection\":[\"Comunidad\",\"Destacadas\",\"Pol\u00edtica\"],\"inLanguage\":\"es\"},{\"@type\":\"WebPage\",\"@id\":\"https:\/\/www.celttv.com.ar\/index.php\/2023\/03\/12\/importante-reunion-por-el-8m-en-sierra-de-la-ventana\/\",\"url\":\"https:\/\/www.celttv.com.ar\/index.php\/2023\/03\/12\/importante-reunion-por-el-8m-en-sierra-de-la-ventana\/\",\"name\":\"Importante reuni\u00f3n por el 8M en Sierra de la Ventana - CELTTV\",\"isPartOf\":{\"@id\":\"https:\/\/www.celttv.com.ar\/#website\"},\"datePublished\":\"2023-03-12T03:41:29+00:00\",\"dateModified\":\"2023-03-12T03:41:29+00:00\",\"description\":\"Sitio web de noticias de la localidad de Tornquist, provincia de Buenos Aires, Rep\u00fablica Argentina. Contenido propio originado por periodistas de CELTTV, el canal de TV local de la Cooperativa El\u00e9ctrica de Tornquist. Turismo, Pol\u00edtica, Sociedad, Deporte, Cultura y todo el contenido de inter\u00e9s general que la gente del pueblo y la regi\u00f3n debe conocer.\",\"breadcrumb\":{\"@id\":\"https:\/\/www.celttv.com.ar\/index.php\/2023\/03\/12\/importante-reunion-por-el-8m-en-sierra-de-la-ventana\/#breadcrumb\"},\"inLanguage\":\"es\",\"potentialAction\":[{\"@type\":\"ReadAction\",\"target\":[\"https:\/\/www.celttv.com.ar\/index.php\/2023\/03\/12\/importante-reunion-por-el-8m-en-sierra-de-la-ventana\/\"]}]},{\"@type\":\"BreadcrumbList\",\"@id\":\"https:\/\/www.celttv.com.ar\/index.php\/2023\/03\/12\/importante-reunion-por-el-8m-en-sierra-de-la-ventana\/#breadcrumb\",\"itemListElement\":[{\"@type\":\"ListItem\",\"position\":1,\"name\":\"Inicio\",\"item\":\"https:\/\/www.celttv.com.ar\/\"},{\"@type\":\"ListItem\",\"position\":2,\"name\":\"Importante reuni\u00f3n por el 8M en Sierra de la Ventana\"}]},{\"@type\":\"WebSite\",\"@id\":\"https:\/\/www.celttv.com.ar\/#website\",\"url\":\"https:\/\/www.celttv.com.ar\/\",\"name\":\"CELTTV\",\"description\":\"Cooperativa El\u00e9ctrica de Tornquist\",\"publisher\":{\"@id\":\"https:\/\/www.celttv.com.ar\/#organization\"},\"potentialAction\":[{\"@type\":\"SearchAction\",\"target\":{\"@type\":\"EntryPoint\",\"urlTemplate\":\"https:\/\/www.celttv.com.ar\/?s={search_term_string}\"},\"query-input\":\"required name=search_term_string\"}],\"inLanguage\":\"es\"},{\"@type\":\"Organization\",\"@id\":\"https:\/\/www.celttv.com.ar\/#organization\",\"name\":\"CELTTV\",\"url\":\"https:\/\/www.celttv.com.ar\/\",\"sameAs\":[\"https:\/\/www.youtube.com\/channel\/UCz_oIt8Hig64Ub-EmcNPIhg\",\"https:\/\/www.facebook.com\/celtTV\/\"],\"logo\":{\"@type\":\"ImageObject\",\"inLanguage\":\"es\",\"@id\":\"https:\/\/www.celttv.com.ar\/#\/schema\/logo\/image\/\",\"url\":\"http:\/\/www.celttv.com.ar\/wp-content\/uploads\/2022\/08\/logo-1.png\",\"contentUrl\":\"http:\/\/www.celttv.com.ar\/wp-content\/uploads\/2022\/08\/logo-1.png\",\"width\":461,\"height\":159,\"caption\":\"CELTTV\"},\"image\":{\"@id\":\"https:\/\/www.celttv.com.ar\/#\/schema\/logo\/image\/\"}},{\"@type\":\"Person\",\"@id\":\"https:\/\/www.celttv.com.ar\/#\/schema\/person\/9059dc91dc7204ef4182cdb65225f07d\",\"name\":\"Miguel Herrada\",\"image\":{\"@type\":\"ImageObject\",\"inLanguage\":\"es\",\"@id\":\"https:\/\/www.celttv.com.ar\/#\/schema\/person\/image\/\",\"url\":\"https:\/\/secure.gravatar.com\/avatar\/67724d5b3c716623ffd76bec7e45841a442ac3b456e914dbba90b0fad2b8e0b1?s=96&d=mm&r=g\",\"contentUrl\":\"https:\/\/secure.gravatar.com\/avatar\/67724d5b3c716623ffd76bec7e45841a442ac3b456e914dbba90b0fad2b8e0b1?s=96&d=mm&r=g\",\"caption\":\"Miguel Herrada\"}}]}<\/script>\n<!-- \/ Yoast SEO plugin. -->","yoast_head_json":{"title":"Importante reuni\u00f3n por el 8M en Sierra de la Ventana - CELTTV","description":"Sitio web de noticias de la localidad de Tornquist, provincia de Buenos Aires, Rep\u00fablica Argentina. Contenido propio originado por periodistas de CELTTV, el canal de TV local de la Cooperativa El\u00e9ctrica de Tornquist. Turismo, Pol\u00edtica, Sociedad, Deporte, Cultura y todo el contenido de inter\u00e9s general que la gente del pueblo y la regi\u00f3n debe conocer.","robots":{"index":"index","follow":"follow","max-snippet":"max-snippet:-1","max-image-preview":"max-image-preview:large","max-video-preview":"max-video-preview:-1"},"canonical":"https:\/\/www.celttv.com.ar\/index.php\/2023\/03\/12\/importante-reunion-por-el-8m-en-sierra-de-la-ventana\/","og_locale":"es_ES","og_type":"article","og_title":"Importante reuni\u00f3n por el 8M en Sierra de la Ventana - CELTTV","og_description":"Sitio web de noticias de la localidad de Tornquist, provincia de Buenos Aires, Rep\u00fablica Argentina. Contenido propio originado por periodistas de CELTTV, el canal de TV local de la Cooperativa El\u00e9ctrica de Tornquist. Turismo, Pol\u00edtica, Sociedad, Deporte, Cultura y todo el contenido de inter\u00e9s general que la gente del pueblo y la regi\u00f3n debe conocer.","og_url":"https:\/\/www.celttv.com.ar\/index.php\/2023\/03\/12\/importante-reunion-por-el-8m-en-sierra-de-la-ventana\/","og_site_name":"CELTTV","article_publisher":"https:\/\/www.facebook.com\/celtTV\/","article_published_time":"2023-03-12T03:41:29+00:00","og_image":[{"width":1200,"height":1108,"url":"https:\/\/www.celttv.com.ar\/wp-content\/uploads\/2023\/03\/b80feb5a-c22a-4943-b54c-e94b0fcc7154.jpg","type":"image\/jpeg"}],"author":"Miguel Herrada","twitter_card":"summary_large_image","twitter_misc":{"Escrito por":"Miguel Herrada","Tiempo de lectura":"2 minutos"},"schema":{"@context":"https:\/\/schema.org","@graph":[{"@type":"NewsArticle","@id":"https:\/\/www.celttv.com.ar\/index.php\/2023\/03\/12\/importante-reunion-por-el-8m-en-sierra-de-la-ventana\/#article","isPartOf":{"@id":"https:\/\/www.celttv.com.ar\/index.php\/2023\/03\/12\/importante-reunion-por-el-8m-en-sierra-de-la-ventana\/"},"author":{"name":"Miguel Herrada","@id":"https:\/\/www.celttv.com.ar\/#\/schema\/person\/9059dc91dc7204ef4182cdb65225f07d"},"headline":"Importante reuni\u00f3n por el 8M en Sierra de la Ventana","datePublished":"2023-03-12T03:41:29+00:00","dateModified":"2023-03-12T03:41:29+00:00","mainEntityOfPage":{"@id":"https:\/\/www.celttv.com.ar\/index.php\/2023\/03\/12\/importante-reunion-por-el-8m-en-sierra-de-la-ventana\/"},"wordCount":369,"publisher":{"@id":"https:\/\/www.celttv.com.ar\/#organization"},"keywords":["Importante reuni\u00f3n por el 8M en Sierra de la Ventana"],"articleSection":["Comunidad","Destacadas","Pol\u00edtica"],"inLanguage":"es"},{"@type":"WebPage","@id":"https:\/\/www.celttv.com.ar\/index.php\/2023\/03\/12\/importante-reunion-por-el-8m-en-sierra-de-la-ventana\/","url":"https:\/\/www.celttv.com.ar\/index.php\/2023\/03\/12\/importante-reunion-por-el-8m-en-sierra-de-la-ventana\/","name":"Importante reuni\u00f3n por el 8M en Sierra de la Ventana - CELTTV","isPartOf":{"@id":"https:\/\/www.celttv.com.ar\/#website"},"datePublished":"2023-03-12T03:41:29+00:00","dateModified":"2023-03-12T03:41:29+00:00","description":"Sitio web de noticias de la localidad de Tornquist, provincia de Buenos Aires, Rep\u00fablica Argentina. Contenido propio originado por periodistas de CELTTV, el canal de TV local de la Cooperativa El\u00e9ctrica de Tornquist. Turismo, Pol\u00edtica, Sociedad, Deporte, Cultura y todo el contenido de inter\u00e9s general que la gente del pueblo y la regi\u00f3n debe conocer.","breadcrumb":{"@id":"https:\/\/www.celttv.com.ar\/index.php\/2023\/03\/12\/importante-reunion-por-el-8m-en-sierra-de-la-ventana\/#breadcrumb"},"inLanguage":"es","potentialAction":[{"@type":"ReadAction","target":["https:\/\/www.celttv.com.ar\/index.php\/2023\/03\/12\/importante-reunion-por-el-8m-en-sierra-de-la-ventana\/"]}]},{"@type":"BreadcrumbList","@id":"https:\/\/www.celttv.com.ar\/index.php\/2023\/03\/12\/importante-reunion-por-el-8m-en-sierra-de-la-ventana\/#breadcrumb","itemListElement":[{"@type":"ListItem","position":1,"name":"Inicio","item":"https:\/\/www.celttv.com.ar\/"},{"@type":"ListItem","position":2,"name":"Importante reuni\u00f3n por el 8M en Sierra de la Ventana"}]},{"@type":"WebSite","@id":"https:\/\/www.celttv.com.ar\/#website","url":"https:\/\/www.celttv.com.ar\/","name":"CELTTV","description":"Cooperativa El\u00e9ctrica de Tornquist","publisher":{"@id":"https:\/\/www.celttv.com.ar\/#organization"},"potentialAction":[{"@type":"SearchAction","target":{"@type":"EntryPoint","urlTemplate":"https:\/\/www.celttv.com.ar\/?s={search_term_string}"},"query-input":"required name=search_term_string"}],"inLanguage":"es"},{"@type":"Organization","@id":"https:\/\/www.celttv.com.ar\/#organization","name":"CELTTV","url":"https:\/\/www.celttv.com.ar\/","sameAs":["https:\/\/www.youtube.com\/channel\/UCz_oIt8Hig64Ub-EmcNPIhg","https:\/\/www.facebook.com\/celtTV\/"],"logo":{"@type":"ImageObject","inLanguage":"es","@id":"https:\/\/www.celttv.com.ar\/#\/schema\/logo\/image\/","url":"http:\/\/www.celttv.com.ar\/wp-content\/uploads\/2022\/08\/logo-1.png","contentUrl":"http:\/\/www.celttv.com.ar\/wp-content\/uploads\/2022\/08\/logo-1.png","width":461,"height":159,"caption":"CELTTV"},"image":{"@id":"https:\/\/www.celttv.com.ar\/#\/schema\/logo\/image\/"}},{"@type":"Person","@id":"https:\/\/www.celttv.com.ar\/#\/schema\/person\/9059dc91dc7204ef4182cdb65225f07d","name":"Miguel Herrada","image":{"@type":"ImageObject","inLanguage":"es","@id":"https:\/\/www.celttv.com.ar\/#\/schema\/person\/image\/","url":"https:\/\/secure.gravatar.com\/avatar\/67724d5b3c716623ffd76bec7e45841a442ac3b456e914dbba90b0fad2b8e0b1?s=96&d=mm&r=g","contentUrl":"https:\/\/secure.gravatar.com\/avatar\/67724d5b3c716623ffd76bec7e45841a442ac3b456e914dbba90b0fad2b8e0b1?s=96&d=mm&r=g","caption":"Miguel Herrada"}}]}},"_links":{"self":[{"href":"https:\/\/www.celttv.com.ar\/index.php\/wp-json\/wp\/v2\/posts\/74199","targetHints":{"allow":["GET"]}}],"collection":[{"href":"https:\/\/www.celttv.com.ar\/index.php\/wp-json\/wp\/v2\/posts"}],"about":[{"href":"https:\/\/www.celttv.com.ar\/index.php\/wp-json\/wp\/v2\/types\/post"}],"author":[{"embeddable":true,"href":"https:\/\/www.celttv.com.ar\/index.php\/wp-json\/wp\/v2\/users\/5"}],"replies":[{"embeddable":true,"href":"https:\/\/www.celttv.com.ar\/index.php\/wp-json\/wp\/v2\/comments?post=74199"}],"version-history":[{"count":1,"href":"https:\/\/www.celttv.com.ar\/index.php\/wp-json\/wp\/v2\/posts\/74199\/revisions"}],"predecessor-version":[{"id":74205,"href":"https:\/\/www.celttv.com.ar\/index.php\/wp-json\/wp\/v2\/posts\/74199\/revisions\/74205"}],"wp:featuredmedia":[{"embeddable":true,"href":"https:\/\/www.celttv.com.ar\/index.php\/wp-json\/wp\/v2\/media\/74204"}],"wp:attachment":[{"href":"https:\/\/www.celttv.com.ar\/index.php\/wp-json\/wp\/v2\/media?parent=74199"}],"wp:term":[{"taxonomy":"category","embeddable":true,"href":"https:\/\/www.celttv.com.ar\/index.php\/wp-json\/wp\/v2\/categories?post=74199"},{"taxonomy":"post_tag","embeddable":true,"href":"https:\/\/www.celttv.com.ar\/index.php\/wp-json\/wp\/v2\/tags?post=74199"}],"curies":[{"name":"wp","href":"https:\/\/api.w.org\/{rel}","templated":true}]}}