{"id":74206,"date":"2023-03-12T00:48:30","date_gmt":"2023-03-12T03:48:30","guid":{"rendered":"http:\/\/www.celttv.com.ar\/?p=74206"},"modified":"2023-03-12T00:48:30","modified_gmt":"2023-03-12T03:48:30","slug":"bordoni-recibio-al-ministro-de-produccion-ciencia-e-innovacion-tecnologica-en-el-sector-industrial-planificado","status":"publish","type":"post","link":"https:\/\/www.celttv.com.ar\/index.php\/2023\/03\/12\/bordoni-recibio-al-ministro-de-produccion-ciencia-e-innovacion-tecnologica-en-el-sector-industrial-planificado\/","title":{"rendered":"Bordoni recibi\u00f3 al Ministro de Producci\u00f3n, Ciencia e Innovaci\u00f3n Tecnol\u00f3gica en el Sector Industrial Planificado"},"content":{"rendered":"<p><strong>\u00a0<\/strong>El Ministro de Producci\u00f3n, Ciencia e Innovaci\u00f3n Tecnol\u00f3gica, Augusto Costas, arrib\u00f3 a nuestro distrito en el marco de la 8va Fiesta Provincial de la Vendimia; y recorri\u00f3 el predio del Sector Industrial Planificado junto al intendente municipal, Sergio Bordoni.<\/p>\n<p>En el lugar, el titular de la cartera productiva, que estuvo acompa\u00f1ado por la Subsecretaria de Industria, Pymes y Cooperativas, Mariela Bembi y el Director Provincial de Desarrollo Territorial y Pymes, Ariel Aguilar; convers\u00f3 con productores y empresarios que comenzaron a radicarse en el lugar, a trav\u00e9s de convenios rubricados con el municipio, accediendo a parcelas que ser\u00e1n abonadas en cuotas finas con un bajo inter\u00e9s.<\/p>\n<p>Estuvieron presente representantes del proyecto \u201cEL Balc\u00f3n del Arroyo S.R.L\u201d, importante emprendimiento productivo, que tiene como objetivo darle valor agregado a la producci\u00f3n lechera del distrito, utilizando materia prima local. El mismo viene siendo acompa\u00f1ado e incentivado por el intendente municipal, quien meses atr\u00e1s otorg\u00f3 un importante cr\u00e9dito para que el emprendimiento continu\u00e9 avanzando y desarroll\u00e1ndose.<\/p>\n<p>Es importante destacar, que el pasado mes, el gobernador de la provincia Axel Kicillof, anunci\u00f3 en la conferencia de verano en Sierra de la Ventana, una nueva convocatoria a al programa \u201cArriba Parques\u201d, destinando montos de hasta $60 millones por proyecto. Gracias al mencionado programa, el Municipio dio inicio a la obra del soterramiento de la l\u00ednea de media tensi\u00f3n, mediante el cual la comuna recibi\u00f3 de la provincia casi $30.000.000; para los mencionados trabajos.<\/p>\n<p>Todas las herramientas dispuestas por la cartera productiva tienen como finalidad la regularizaci\u00f3n de los parques; meta por la cual el jefe comunal viene gestionando junto a la Secretaria de Producci\u00f3n, Comercio e Industria.<\/p>\n<p>Acompa\u00f1aron en la vista, el secretario de Gobierno y Seguridad, Ezequiel Gabella; la Secretaria de Hacienda, Estefania Bordoni; el Secretario de Obras y Servicios P\u00fablicos, Bruno P\u00e1ez, el Secretario de Producci\u00f3n, Comercio e Industria, V\u00edctor Ant\u00f3n; el Secretario de Turismo, Gustavo Sandobal, la Subsecretaria de Ambiente, Melisa Herrada; la Subsecretaria de Infraestructura y Urbanismo, Rosario Moroncini, el Director de Planificaci\u00f3n y Desarrollo Tur\u00edstico, Jerem\u00edas Le\u00f3n, la Directora del Hospital Menor de Sierra de la Ventana, Carla Polio; el delegado de Saldungaray, Gerardo Rolhman y el subsecretario de Desarrollo Social de la misma localidad, Facundo Pereyra.<\/p>\n<p><img loading=\"lazy\" decoding=\"async\" class=\"alignnone size-medium wp-image-74207\" src=\"http:\/\/www.celttv.com.ar\/wp-content\/uploads\/2023\/03\/sip-300x200.jpeg\" alt=\"\" width=\"300\" height=\"200\" srcset=\"https:\/\/www.celttv.com.ar\/wp-content\/uploads\/2023\/03\/sip-300x200.jpeg 300w, https:\/\/www.celttv.com.ar\/wp-content\/uploads\/2023\/03\/sip.jpeg 640w\" sizes=\"auto, (max-width: 300px) 100vw, 300px\" \/> <img loading=\"lazy\" decoding=\"async\" class=\"alignnone size-medium wp-image-74208\" src=\"http:\/\/www.celttv.com.ar\/wp-content\/uploads\/2023\/03\/sip2-300x200.jpeg\" alt=\"\" width=\"300\" height=\"200\" srcset=\"https:\/\/www.celttv.com.ar\/wp-content\/uploads\/2023\/03\/sip2-300x200.jpeg 300w, https:\/\/www.celttv.com.ar\/wp-content\/uploads\/2023\/03\/sip2.jpeg 640w\" sizes=\"auto, (max-width: 300px) 100vw, 300px\" \/> <img loading=\"lazy\" decoding=\"async\" class=\"alignnone size-medium wp-image-74209\" src=\"http:\/\/www.celttv.com.ar\/wp-content\/uploads\/2023\/03\/sip3-300x200.jpeg\" alt=\"\" width=\"300\" height=\"200\" srcset=\"https:\/\/www.celttv.com.ar\/wp-content\/uploads\/2023\/03\/sip3-300x200.jpeg 300w, https:\/\/www.celttv.com.ar\/wp-content\/uploads\/2023\/03\/sip3.jpeg 640w\" sizes=\"auto, (max-width: 300px) 100vw, 300px\" \/> <img loading=\"lazy\" decoding=\"async\" class=\"alignnone size-medium wp-image-74210\" src=\"http:\/\/www.celttv.com.ar\/wp-content\/uploads\/2023\/03\/sip4-300x200.jpeg\" alt=\"\" width=\"300\" height=\"200\" srcset=\"https:\/\/www.celttv.com.ar\/wp-content\/uploads\/2023\/03\/sip4-300x200.jpeg 300w, https:\/\/www.celttv.com.ar\/wp-content\/uploads\/2023\/03\/sip4.jpeg 640w\" sizes=\"auto, (max-width: 300px) 100vw, 300px\" \/> <img loading=\"lazy\" decoding=\"async\" class=\"alignnone size-medium wp-image-74211\" src=\"http:\/\/www.celttv.com.ar\/wp-content\/uploads\/2023\/03\/sip5-300x200.jpeg\" alt=\"\" width=\"300\" height=\"200\" srcset=\"https:\/\/www.celttv.com.ar\/wp-content\/uploads\/2023\/03\/sip5-300x200.jpeg 300w, https:\/\/www.celttv.com.ar\/wp-content\/uploads\/2023\/03\/sip5.jpeg 640w\" sizes=\"auto, (max-width: 300px) 100vw, 300px\" \/> <img loading=\"lazy\" decoding=\"async\" class=\"alignnone size-medium wp-image-74212\" src=\"http:\/\/www.celttv.com.ar\/wp-content\/uploads\/2023\/03\/sip6-300x200.jpeg\" alt=\"\" width=\"300\" height=\"200\" srcset=\"https:\/\/www.celttv.com.ar\/wp-content\/uploads\/2023\/03\/sip6-300x200.jpeg 300w, https:\/\/www.celttv.com.ar\/wp-content\/uploads\/2023\/03\/sip6.jpeg 640w\" sizes=\"auto, (max-width: 300px) 100vw, 300px\" \/> <img loading=\"lazy\" decoding=\"async\" class=\"alignnone size-medium wp-image-74213\" src=\"http:\/\/www.celttv.com.ar\/wp-content\/uploads\/2023\/03\/sip7-300x200.jpeg\" alt=\"\" width=\"300\" height=\"200\" srcset=\"https:\/\/www.celttv.com.ar\/wp-content\/uploads\/2023\/03\/sip7-300x200.jpeg 300w, https:\/\/www.celttv.com.ar\/wp-content\/uploads\/2023\/03\/sip7.jpeg 640w\" sizes=\"auto, (max-width: 300px) 100vw, 300px\" \/> <img loading=\"lazy\" decoding=\"async\" class=\"alignnone size-medium wp-image-74214\" src=\"http:\/\/www.celttv.com.ar\/wp-content\/uploads\/2023\/03\/sip8-300x200.jpeg\" alt=\"\" width=\"300\" height=\"200\" srcset=\"https:\/\/www.celttv.com.ar\/wp-content\/uploads\/2023\/03\/sip8-300x200.jpeg 300w, https:\/\/www.celttv.com.ar\/wp-content\/uploads\/2023\/03\/sip8.jpeg 640w\" sizes=\"auto, (max-width: 300px) 100vw, 300px\" \/> <img loading=\"lazy\" decoding=\"async\" class=\"alignnone size-medium wp-image-74215\" src=\"http:\/\/www.celttv.com.ar\/wp-content\/uploads\/2023\/03\/sip10-300x200.jpeg\" alt=\"\" width=\"300\" height=\"200\" srcset=\"https:\/\/www.celttv.com.ar\/wp-content\/uploads\/2023\/03\/sip10-300x200.jpeg 300w, https:\/\/www.celttv.com.ar\/wp-content\/uploads\/2023\/03\/sip10.jpeg 640w\" sizes=\"auto, (max-width: 300px) 100vw, 300px\" \/> <img loading=\"lazy\" decoding=\"async\" class=\"alignnone size-medium wp-image-74216\" src=\"http:\/\/www.celttv.com.ar\/wp-content\/uploads\/2023\/03\/sip11-300x200.jpeg\" alt=\"\" width=\"300\" height=\"200\" srcset=\"https:\/\/www.celttv.com.ar\/wp-content\/uploads\/2023\/03\/sip11-300x200.jpeg 300w, https:\/\/www.celttv.com.ar\/wp-content\/uploads\/2023\/03\/sip11.jpeg 640w\" sizes=\"auto, (max-width: 300px) 100vw, 300px\" \/> <img loading=\"lazy\" decoding=\"async\" class=\"alignnone size-medium wp-image-74217\" src=\"http:\/\/www.celttv.com.ar\/wp-content\/uploads\/2023\/03\/sip12-300x200.jpeg\" alt=\"\" width=\"300\" height=\"200\" srcset=\"https:\/\/www.celttv.com.ar\/wp-content\/uploads\/2023\/03\/sip12-300x200.jpeg 300w, https:\/\/www.celttv.com.ar\/wp-content\/uploads\/2023\/03\/sip12.jpeg 640w\" sizes=\"auto, (max-width: 300px) 100vw, 300px\" \/><\/p>\n<p>&nbsp;<\/p>\n","protected":false},"excerpt":{"rendered":"<p>\u00a0El Ministro de Producci\u00f3n, Ciencia e Innovaci\u00f3n Tecnol\u00f3gica, Augusto Costas, arrib\u00f3 a nuestro distrito en el marco de la 8va Fiesta Provincial de la Vendimia; y recorri\u00f3 el predio del Sector Industrial Planificado junto al intendente municipal, Sergio Bordoni. En el lugar, el titular de la cartera productiva, que estuvo acompa\u00f1ado por la Subsecretaria de [&hellip;]<\/p>\n","protected":false},"author":5,"featured_media":74212,"comment_status":"closed","ping_status":"closed","sticky":false,"template":"","format":"standard","meta":{"footnotes":""},"categories":[51,52,59,65],"tags":[743,744],"class_list":["post-74206","post","type-post","status-publish","format-standard","has-post-thumbnail","hentry","category-comunidad","category-destacadas","category-municipales","category-produccion","tag-bordoni-recibio-al-ministro-de-produccion","tag-ciencia-e-innovacion-tecnologica-en-el-sector-industrial-planificado"],"yoast_head":"<!-- This site is optimized with the Yoast SEO plugin v19.7.1 - https:\/\/yoast.com\/wordpress\/plugins\/seo\/ -->\n<title>Bordoni recibi\u00f3 al Ministro de Producci\u00f3n, Ciencia e Innovaci\u00f3n Tecnol\u00f3gica en el Sector Industrial Planificado - CELTTV<\/title>\n<meta name=\"description\" content=\"Sitio web de noticias de la localidad de Tornquist, provincia de Buenos Aires, Rep\u00fablica Argentina. Contenido propio originado por periodistas de CELTTV, el canal de TV local de la Cooperativa El\u00e9ctrica de Tornquist. Turismo, Pol\u00edtica, Sociedad, Deporte, Cultura y todo el contenido de inter\u00e9s general que la gente del pueblo y la regi\u00f3n debe conocer.\" \/>\n<meta name=\"robots\" content=\"index, follow, max-snippet:-1, max-image-preview:large, max-video-preview:-1\" \/>\n<link rel=\"canonical\" href=\"https:\/\/www.celttv.com.ar\/index.php\/2023\/03\/12\/bordoni-recibio-al-ministro-de-produccion-ciencia-e-innovacion-tecnologica-en-el-sector-industrial-planificado\/\" \/>\n<meta property=\"og:locale\" content=\"es_ES\" \/>\n<meta property=\"og:type\" content=\"article\" \/>\n<meta property=\"og:title\" content=\"Bordoni recibi\u00f3 al Ministro de Producci\u00f3n, Ciencia e Innovaci\u00f3n Tecnol\u00f3gica en el Sector Industrial Planificado - CELTTV\" \/>\n<meta property=\"og:description\" content=\"Sitio web de noticias de la localidad de Tornquist, provincia de Buenos Aires, Rep\u00fablica Argentina. Contenido propio originado por periodistas de CELTTV, el canal de TV local de la Cooperativa El\u00e9ctrica de Tornquist. Turismo, Pol\u00edtica, Sociedad, Deporte, Cultura y todo el contenido de inter\u00e9s general que la gente del pueblo y la regi\u00f3n debe conocer.\" \/>\n<meta property=\"og:url\" content=\"https:\/\/www.celttv.com.ar\/index.php\/2023\/03\/12\/bordoni-recibio-al-ministro-de-produccion-ciencia-e-innovacion-tecnologica-en-el-sector-industrial-planificado\/\" \/>\n<meta property=\"og:site_name\" content=\"CELTTV\" \/>\n<meta property=\"article:publisher\" content=\"https:\/\/www.facebook.com\/celtTV\/\" \/>\n<meta property=\"article:published_time\" content=\"2023-03-12T03:48:30+00:00\" \/>\n<meta property=\"og:image\" content=\"https:\/\/www.celttv.com.ar\/wp-content\/uploads\/2023\/03\/sip6.jpeg\" \/>\n\t<meta property=\"og:image:width\" content=\"640\" \/>\n\t<meta property=\"og:image:height\" content=\"426\" \/>\n\t<meta property=\"og:image:type\" content=\"image\/jpeg\" \/>\n<meta name=\"author\" content=\"Miguel Herrada\" \/>\n<meta name=\"twitter:card\" content=\"summary_large_image\" \/>\n<meta name=\"twitter:label1\" content=\"Escrito por\" \/>\n\t<meta name=\"twitter:data1\" content=\"Miguel Herrada\" \/>\n\t<meta name=\"twitter:label2\" content=\"Tiempo de lectura\" \/>\n\t<meta name=\"twitter:data2\" content=\"2 minutos\" \/>\n<script type=\"application\/ld+json\" class=\"yoast-schema-graph\">{\"@context\":\"https:\/\/schema.org\",\"@graph\":[{\"@type\":\"NewsArticle\",\"@id\":\"https:\/\/www.celttv.com.ar\/index.php\/2023\/03\/12\/bordoni-recibio-al-ministro-de-produccion-ciencia-e-innovacion-tecnologica-en-el-sector-industrial-planificado\/#article\",\"isPartOf\":{\"@id\":\"https:\/\/www.celttv.com.ar\/index.php\/2023\/03\/12\/bordoni-recibio-al-ministro-de-produccion-ciencia-e-innovacion-tecnologica-en-el-sector-industrial-planificado\/\"},\"author\":{\"name\":\"Miguel Herrada\",\"@id\":\"https:\/\/www.celttv.com.ar\/#\/schema\/person\/9059dc91dc7204ef4182cdb65225f07d\"},\"headline\":\"Bordoni recibi\u00f3 al Ministro de Producci\u00f3n, Ciencia e Innovaci\u00f3n Tecnol\u00f3gica en el Sector Industrial Planificado\",\"datePublished\":\"2023-03-12T03:48:30+00:00\",\"dateModified\":\"2023-03-12T03:48:30+00:00\",\"mainEntityOfPage\":{\"@id\":\"https:\/\/www.celttv.com.ar\/index.php\/2023\/03\/12\/bordoni-recibio-al-ministro-de-produccion-ciencia-e-innovacion-tecnologica-en-el-sector-industrial-planificado\/\"},\"wordCount\":411,\"publisher\":{\"@id\":\"https:\/\/www.celttv.com.ar\/#organization\"},\"keywords\":[\"Bordoni recibi\u00f3 al Ministro de Producci\u00f3n\",\"Ciencia e Innovaci\u00f3n Tecnol\u00f3gica en el Sector Industrial Planificado\"],\"articleSection\":[\"Comunidad\",\"Destacadas\",\"Municipales\",\"Producci\u00f3n y Medio Ambiente\"],\"inLanguage\":\"es\"},{\"@type\":\"WebPage\",\"@id\":\"https:\/\/www.celttv.com.ar\/index.php\/2023\/03\/12\/bordoni-recibio-al-ministro-de-produccion-ciencia-e-innovacion-tecnologica-en-el-sector-industrial-planificado\/\",\"url\":\"https:\/\/www.celttv.com.ar\/index.php\/2023\/03\/12\/bordoni-recibio-al-ministro-de-produccion-ciencia-e-innovacion-tecnologica-en-el-sector-industrial-planificado\/\",\"name\":\"Bordoni recibi\u00f3 al Ministro de Producci\u00f3n, Ciencia e Innovaci\u00f3n Tecnol\u00f3gica en el Sector Industrial Planificado - CELTTV\",\"isPartOf\":{\"@id\":\"https:\/\/www.celttv.com.ar\/#website\"},\"datePublished\":\"2023-03-12T03:48:30+00:00\",\"dateModified\":\"2023-03-12T03:48:30+00:00\",\"description\":\"Sitio web de noticias de la localidad de Tornquist, provincia de Buenos Aires, Rep\u00fablica Argentina. Contenido propio originado por periodistas de CELTTV, el canal de TV local de la Cooperativa El\u00e9ctrica de Tornquist. Turismo, Pol\u00edtica, Sociedad, Deporte, Cultura y todo el contenido de inter\u00e9s general que la gente del pueblo y la regi\u00f3n debe conocer.\",\"breadcrumb\":{\"@id\":\"https:\/\/www.celttv.com.ar\/index.php\/2023\/03\/12\/bordoni-recibio-al-ministro-de-produccion-ciencia-e-innovacion-tecnologica-en-el-sector-industrial-planificado\/#breadcrumb\"},\"inLanguage\":\"es\",\"potentialAction\":[{\"@type\":\"ReadAction\",\"target\":[\"https:\/\/www.celttv.com.ar\/index.php\/2023\/03\/12\/bordoni-recibio-al-ministro-de-produccion-ciencia-e-innovacion-tecnologica-en-el-sector-industrial-planificado\/\"]}]},{\"@type\":\"BreadcrumbList\",\"@id\":\"https:\/\/www.celttv.com.ar\/index.php\/2023\/03\/12\/bordoni-recibio-al-ministro-de-produccion-ciencia-e-innovacion-tecnologica-en-el-sector-industrial-planificado\/#breadcrumb\",\"itemListElement\":[{\"@type\":\"ListItem\",\"position\":1,\"name\":\"Inicio\",\"item\":\"https:\/\/www.celttv.com.ar\/\"},{\"@type\":\"ListItem\",\"position\":2,\"name\":\"Bordoni recibi\u00f3 al Ministro de Producci\u00f3n, Ciencia e Innovaci\u00f3n Tecnol\u00f3gica en el Sector Industrial Planificado\"}]},{\"@type\":\"WebSite\",\"@id\":\"https:\/\/www.celttv.com.ar\/#website\",\"url\":\"https:\/\/www.celttv.com.ar\/\",\"name\":\"CELTTV\",\"description\":\"Cooperativa El\u00e9ctrica de Tornquist\",\"publisher\":{\"@id\":\"https:\/\/www.celttv.com.ar\/#organization\"},\"potentialAction\":[{\"@type\":\"SearchAction\",\"target\":{\"@type\":\"EntryPoint\",\"urlTemplate\":\"https:\/\/www.celttv.com.ar\/?s={search_term_string}\"},\"query-input\":\"required name=search_term_string\"}],\"inLanguage\":\"es\"},{\"@type\":\"Organization\",\"@id\":\"https:\/\/www.celttv.com.ar\/#organization\",\"name\":\"CELTTV\",\"url\":\"https:\/\/www.celttv.com.ar\/\",\"sameAs\":[\"https:\/\/www.youtube.com\/channel\/UCz_oIt8Hig64Ub-EmcNPIhg\",\"https:\/\/www.facebook.com\/celtTV\/\"],\"logo\":{\"@type\":\"ImageObject\",\"inLanguage\":\"es\",\"@id\":\"https:\/\/www.celttv.com.ar\/#\/schema\/logo\/image\/\",\"url\":\"http:\/\/www.celttv.com.ar\/wp-content\/uploads\/2022\/08\/logo-1.png\",\"contentUrl\":\"http:\/\/www.celttv.com.ar\/wp-content\/uploads\/2022\/08\/logo-1.png\",\"width\":461,\"height\":159,\"caption\":\"CELTTV\"},\"image\":{\"@id\":\"https:\/\/www.celttv.com.ar\/#\/schema\/logo\/image\/\"}},{\"@type\":\"Person\",\"@id\":\"https:\/\/www.celttv.com.ar\/#\/schema\/person\/9059dc91dc7204ef4182cdb65225f07d\",\"name\":\"Miguel Herrada\",\"image\":{\"@type\":\"ImageObject\",\"inLanguage\":\"es\",\"@id\":\"https:\/\/www.celttv.com.ar\/#\/schema\/person\/image\/\",\"url\":\"https:\/\/secure.gravatar.com\/avatar\/67724d5b3c716623ffd76bec7e45841a442ac3b456e914dbba90b0fad2b8e0b1?s=96&d=mm&r=g\",\"contentUrl\":\"https:\/\/secure.gravatar.com\/avatar\/67724d5b3c716623ffd76bec7e45841a442ac3b456e914dbba90b0fad2b8e0b1?s=96&d=mm&r=g\",\"caption\":\"Miguel Herrada\"}}]}<\/script>\n<!-- \/ Yoast SEO plugin. -->","yoast_head_json":{"title":"Bordoni recibi\u00f3 al Ministro de Producci\u00f3n, Ciencia e Innovaci\u00f3n Tecnol\u00f3gica en el Sector Industrial Planificado - CELTTV","description":"Sitio web de noticias de la localidad de Tornquist, provincia de Buenos Aires, Rep\u00fablica Argentina. Contenido propio originado por periodistas de CELTTV, el canal de TV local de la Cooperativa El\u00e9ctrica de Tornquist. Turismo, Pol\u00edtica, Sociedad, Deporte, Cultura y todo el contenido de inter\u00e9s general que la gente del pueblo y la regi\u00f3n debe conocer.","robots":{"index":"index","follow":"follow","max-snippet":"max-snippet:-1","max-image-preview":"max-image-preview:large","max-video-preview":"max-video-preview:-1"},"canonical":"https:\/\/www.celttv.com.ar\/index.php\/2023\/03\/12\/bordoni-recibio-al-ministro-de-produccion-ciencia-e-innovacion-tecnologica-en-el-sector-industrial-planificado\/","og_locale":"es_ES","og_type":"article","og_title":"Bordoni recibi\u00f3 al Ministro de Producci\u00f3n, Ciencia e Innovaci\u00f3n Tecnol\u00f3gica en el Sector Industrial Planificado - CELTTV","og_description":"Sitio web de noticias de la localidad de Tornquist, provincia de Buenos Aires, Rep\u00fablica Argentina. Contenido propio originado por periodistas de CELTTV, el canal de TV local de la Cooperativa El\u00e9ctrica de Tornquist. Turismo, Pol\u00edtica, Sociedad, Deporte, Cultura y todo el contenido de inter\u00e9s general que la gente del pueblo y la regi\u00f3n debe conocer.","og_url":"https:\/\/www.celttv.com.ar\/index.php\/2023\/03\/12\/bordoni-recibio-al-ministro-de-produccion-ciencia-e-innovacion-tecnologica-en-el-sector-industrial-planificado\/","og_site_name":"CELTTV","article_publisher":"https:\/\/www.facebook.com\/celtTV\/","article_published_time":"2023-03-12T03:48:30+00:00","og_image":[{"width":640,"height":426,"url":"https:\/\/www.celttv.com.ar\/wp-content\/uploads\/2023\/03\/sip6.jpeg","type":"image\/jpeg"}],"author":"Miguel Herrada","twitter_card":"summary_large_image","twitter_misc":{"Escrito por":"Miguel Herrada","Tiempo de lectura":"2 minutos"},"schema":{"@context":"https:\/\/schema.org","@graph":[{"@type":"NewsArticle","@id":"https:\/\/www.celttv.com.ar\/index.php\/2023\/03\/12\/bordoni-recibio-al-ministro-de-produccion-ciencia-e-innovacion-tecnologica-en-el-sector-industrial-planificado\/#article","isPartOf":{"@id":"https:\/\/www.celttv.com.ar\/index.php\/2023\/03\/12\/bordoni-recibio-al-ministro-de-produccion-ciencia-e-innovacion-tecnologica-en-el-sector-industrial-planificado\/"},"author":{"name":"Miguel Herrada","@id":"https:\/\/www.celttv.com.ar\/#\/schema\/person\/9059dc91dc7204ef4182cdb65225f07d"},"headline":"Bordoni recibi\u00f3 al Ministro de Producci\u00f3n, Ciencia e Innovaci\u00f3n Tecnol\u00f3gica en el Sector Industrial Planificado","datePublished":"2023-03-12T03:48:30+00:00","dateModified":"2023-03-12T03:48:30+00:00","mainEntityOfPage":{"@id":"https:\/\/www.celttv.com.ar\/index.php\/2023\/03\/12\/bordoni-recibio-al-ministro-de-produccion-ciencia-e-innovacion-tecnologica-en-el-sector-industrial-planificado\/"},"wordCount":411,"publisher":{"@id":"https:\/\/www.celttv.com.ar\/#organization"},"keywords":["Bordoni recibi\u00f3 al Ministro de Producci\u00f3n","Ciencia e Innovaci\u00f3n Tecnol\u00f3gica en el Sector Industrial Planificado"],"articleSection":["Comunidad","Destacadas","Municipales","Producci\u00f3n y Medio Ambiente"],"inLanguage":"es"},{"@type":"WebPage","@id":"https:\/\/www.celttv.com.ar\/index.php\/2023\/03\/12\/bordoni-recibio-al-ministro-de-produccion-ciencia-e-innovacion-tecnologica-en-el-sector-industrial-planificado\/","url":"https:\/\/www.celttv.com.ar\/index.php\/2023\/03\/12\/bordoni-recibio-al-ministro-de-produccion-ciencia-e-innovacion-tecnologica-en-el-sector-industrial-planificado\/","name":"Bordoni recibi\u00f3 al Ministro de Producci\u00f3n, Ciencia e Innovaci\u00f3n Tecnol\u00f3gica en el Sector Industrial Planificado - CELTTV","isPartOf":{"@id":"https:\/\/www.celttv.com.ar\/#website"},"datePublished":"2023-03-12T03:48:30+00:00","dateModified":"2023-03-12T03:48:30+00:00","description":"Sitio web de noticias de la localidad de Tornquist, provincia de Buenos Aires, Rep\u00fablica Argentina. Contenido propio originado por periodistas de CELTTV, el canal de TV local de la Cooperativa El\u00e9ctrica de Tornquist. Turismo, Pol\u00edtica, Sociedad, Deporte, Cultura y todo el contenido de inter\u00e9s general que la gente del pueblo y la regi\u00f3n debe conocer.","breadcrumb":{"@id":"https:\/\/www.celttv.com.ar\/index.php\/2023\/03\/12\/bordoni-recibio-al-ministro-de-produccion-ciencia-e-innovacion-tecnologica-en-el-sector-industrial-planificado\/#breadcrumb"},"inLanguage":"es","potentialAction":[{"@type":"ReadAction","target":["https:\/\/www.celttv.com.ar\/index.php\/2023\/03\/12\/bordoni-recibio-al-ministro-de-produccion-ciencia-e-innovacion-tecnologica-en-el-sector-industrial-planificado\/"]}]},{"@type":"BreadcrumbList","@id":"https:\/\/www.celttv.com.ar\/index.php\/2023\/03\/12\/bordoni-recibio-al-ministro-de-produccion-ciencia-e-innovacion-tecnologica-en-el-sector-industrial-planificado\/#breadcrumb","itemListElement":[{"@type":"ListItem","position":1,"name":"Inicio","item":"https:\/\/www.celttv.com.ar\/"},{"@type":"ListItem","position":2,"name":"Bordoni recibi\u00f3 al Ministro de Producci\u00f3n, Ciencia e Innovaci\u00f3n Tecnol\u00f3gica en el Sector Industrial Planificado"}]},{"@type":"WebSite","@id":"https:\/\/www.celttv.com.ar\/#website","url":"https:\/\/www.celttv.com.ar\/","name":"CELTTV","description":"Cooperativa El\u00e9ctrica de Tornquist","publisher":{"@id":"https:\/\/www.celttv.com.ar\/#organization"},"potentialAction":[{"@type":"SearchAction","target":{"@type":"EntryPoint","urlTemplate":"https:\/\/www.celttv.com.ar\/?s={search_term_string}"},"query-input":"required name=search_term_string"}],"inLanguage":"es"},{"@type":"Organization","@id":"https:\/\/www.celttv.com.ar\/#organization","name":"CELTTV","url":"https:\/\/www.celttv.com.ar\/","sameAs":["https:\/\/www.youtube.com\/channel\/UCz_oIt8Hig64Ub-EmcNPIhg","https:\/\/www.facebook.com\/celtTV\/"],"logo":{"@type":"ImageObject","inLanguage":"es","@id":"https:\/\/www.celttv.com.ar\/#\/schema\/logo\/image\/","url":"http:\/\/www.celttv.com.ar\/wp-content\/uploads\/2022\/08\/logo-1.png","contentUrl":"http:\/\/www.celttv.com.ar\/wp-content\/uploads\/2022\/08\/logo-1.png","width":461,"height":159,"caption":"CELTTV"},"image":{"@id":"https:\/\/www.celttv.com.ar\/#\/schema\/logo\/image\/"}},{"@type":"Person","@id":"https:\/\/www.celttv.com.ar\/#\/schema\/person\/9059dc91dc7204ef4182cdb65225f07d","name":"Miguel Herrada","image":{"@type":"ImageObject","inLanguage":"es","@id":"https:\/\/www.celttv.com.ar\/#\/schema\/person\/image\/","url":"https:\/\/secure.gravatar.com\/avatar\/67724d5b3c716623ffd76bec7e45841a442ac3b456e914dbba90b0fad2b8e0b1?s=96&d=mm&r=g","contentUrl":"https:\/\/secure.gravatar.com\/avatar\/67724d5b3c716623ffd76bec7e45841a442ac3b456e914dbba90b0fad2b8e0b1?s=96&d=mm&r=g","caption":"Miguel Herrada"}}]}},"_links":{"self":[{"href":"https:\/\/www.celttv.com.ar\/index.php\/wp-json\/wp\/v2\/posts\/74206","targetHints":{"allow":["GET"]}}],"collection":[{"href":"https:\/\/www.celttv.com.ar\/index.php\/wp-json\/wp\/v2\/posts"}],"about":[{"href":"https:\/\/www.celttv.com.ar\/index.php\/wp-json\/wp\/v2\/types\/post"}],"author":[{"embeddable":true,"href":"https:\/\/www.celttv.com.ar\/index.php\/wp-json\/wp\/v2\/users\/5"}],"replies":[{"embeddable":true,"href":"https:\/\/www.celttv.com.ar\/index.php\/wp-json\/wp\/v2\/comments?post=74206"}],"version-history":[{"count":1,"href":"https:\/\/www.celttv.com.ar\/index.php\/wp-json\/wp\/v2\/posts\/74206\/revisions"}],"predecessor-version":[{"id":74218,"href":"https:\/\/www.celttv.com.ar\/index.php\/wp-json\/wp\/v2\/posts\/74206\/revisions\/74218"}],"wp:featuredmedia":[{"embeddable":true,"href":"https:\/\/www.celttv.com.ar\/index.php\/wp-json\/wp\/v2\/media\/74212"}],"wp:attachment":[{"href":"https:\/\/www.celttv.com.ar\/index.php\/wp-json\/wp\/v2\/media?parent=74206"}],"wp:term":[{"taxonomy":"category","embeddable":true,"href":"https:\/\/www.celttv.com.ar\/index.php\/wp-json\/wp\/v2\/categories?post=74206"},{"taxonomy":"post_tag","embeddable":true,"href":"https:\/\/www.celttv.com.ar\/index.php\/wp-json\/wp\/v2\/tags?post=74206"}],"curies":[{"name":"wp","href":"https:\/\/api.w.org\/{rel}","templated":true}]}}