{"id":74222,"date":"2023-03-12T01:11:23","date_gmt":"2023-03-12T04:11:23","guid":{"rendered":"http:\/\/www.celttv.com.ar\/?p=74222"},"modified":"2023-03-12T01:11:23","modified_gmt":"2023-03-12T04:11:23","slug":"con-una-jornada-productiva-dio-inicio-la-8va-fiesta-provincial-de-la-vendimia-en-saldungaray","status":"publish","type":"post","link":"https:\/\/www.celttv.com.ar\/index.php\/2023\/03\/12\/con-una-jornada-productiva-dio-inicio-la-8va-fiesta-provincial-de-la-vendimia-en-saldungaray\/","title":{"rendered":"Con una jornada productiva dio inicio la 8va Fiesta Provincial de la Vendimia en Saldungaray"},"content":{"rendered":"<p>Pasadas las 16 horas, comenzaron las actividades programadas en el marco de la 8va Fiesta Provincial de la Vendimia.<\/p>\n<p>Encabezada por el intendente municipal Sergio Bordoni, junto a los Ministros de Desarrollo Agrario de la Provincia, Javier Rodr\u00edguez; y de Producci\u00f3n, Ciencia e Innovaci\u00f3n Tecnol\u00f3gica, Augusto Costa; tuvo lugar la Mesa Regional Vitivin\u00edcola y Oliv\u00edcola; de la que participaron funcionarios provinciales y municipales, productores locales y regionales.<\/p>\n<p>Durante el encuentro los productores expusieron los resultados de su trabajo en cada una de las bodegas y conversaron con los mandatarios provinciales sobre las diferentes situaciones que vive el sector, que se encuentra en constante crecimiento y expansi\u00f3n; y las necesidades que presentan para continuar fortaleciendo el mismo.\u00a0 En ese sentido Rodr\u00edguez, mencion\u00f3 las distintas pol\u00edticas y herramientas que brinda la provincia para asistir a los productores; y coment\u00f3 las diferentes l\u00edneas de acci\u00f3n que pretenden implementar este 2023 para continuar impulsando la producci\u00f3n vitivin\u00edcola.<\/p>\n<p>Finalizada la reuni\u00f3n de trabajo, tuvo lugar la apertura oficial de la mano del jefe comunal y los ministros provinciales, con el tradicional corte de cinta y la recorrida de los distintos stands de productores. Sobre el escenario comenzaron a pasar los distintos artistas y bandas programadas por al Subsecretar\u00eda de Cultura municipal.<\/p>\n<p><img loading=\"lazy\" decoding=\"async\" class=\"alignnone size-medium wp-image-74223\" src=\"http:\/\/www.celttv.com.ar\/wp-content\/uploads\/2023\/03\/vendimia-300x200.jpeg\" alt=\"\" width=\"300\" height=\"200\" srcset=\"https:\/\/www.celttv.com.ar\/wp-content\/uploads\/2023\/03\/vendimia-300x200.jpeg 300w, https:\/\/www.celttv.com.ar\/wp-content\/uploads\/2023\/03\/vendimia-1024x681.jpeg 1024w, https:\/\/www.celttv.com.ar\/wp-content\/uploads\/2023\/03\/vendimia-768x511.jpeg 768w, https:\/\/www.celttv.com.ar\/wp-content\/uploads\/2023\/03\/vendimia-1536x1021.jpeg 1536w, https:\/\/www.celttv.com.ar\/wp-content\/uploads\/2023\/03\/vendimia-750x499.jpeg 750w, https:\/\/www.celttv.com.ar\/wp-content\/uploads\/2023\/03\/vendimia-1140x758.jpeg 1140w, https:\/\/www.celttv.com.ar\/wp-content\/uploads\/2023\/03\/vendimia.jpeg 1600w\" sizes=\"auto, (max-width: 300px) 100vw, 300px\" \/> <img loading=\"lazy\" decoding=\"async\" class=\"alignnone size-medium wp-image-74224\" src=\"http:\/\/www.celttv.com.ar\/wp-content\/uploads\/2023\/03\/vendimia1-300x200.jpeg\" alt=\"\" width=\"300\" height=\"200\" srcset=\"https:\/\/www.celttv.com.ar\/wp-content\/uploads\/2023\/03\/vendimia1-300x200.jpeg 300w, https:\/\/www.celttv.com.ar\/wp-content\/uploads\/2023\/03\/vendimia1-1024x681.jpeg 1024w, https:\/\/www.celttv.com.ar\/wp-content\/uploads\/2023\/03\/vendimia1-768x511.jpeg 768w, https:\/\/www.celttv.com.ar\/wp-content\/uploads\/2023\/03\/vendimia1-1536x1021.jpeg 1536w, https:\/\/www.celttv.com.ar\/wp-content\/uploads\/2023\/03\/vendimia1-750x499.jpeg 750w, https:\/\/www.celttv.com.ar\/wp-content\/uploads\/2023\/03\/vendimia1-1140x758.jpeg 1140w, https:\/\/www.celttv.com.ar\/wp-content\/uploads\/2023\/03\/vendimia1.jpeg 1600w\" sizes=\"auto, (max-width: 300px) 100vw, 300px\" \/> <img loading=\"lazy\" decoding=\"async\" class=\"alignnone size-medium wp-image-74225\" src=\"http:\/\/www.celttv.com.ar\/wp-content\/uploads\/2023\/03\/vendimia2-300x200.jpeg\" alt=\"\" width=\"300\" height=\"200\" srcset=\"https:\/\/www.celttv.com.ar\/wp-content\/uploads\/2023\/03\/vendimia2-300x200.jpeg 300w, https:\/\/www.celttv.com.ar\/wp-content\/uploads\/2023\/03\/vendimia2-1024x681.jpeg 1024w, https:\/\/www.celttv.com.ar\/wp-content\/uploads\/2023\/03\/vendimia2-768x511.jpeg 768w, https:\/\/www.celttv.com.ar\/wp-content\/uploads\/2023\/03\/vendimia2-1536x1021.jpeg 1536w, https:\/\/www.celttv.com.ar\/wp-content\/uploads\/2023\/03\/vendimia2-750x499.jpeg 750w, https:\/\/www.celttv.com.ar\/wp-content\/uploads\/2023\/03\/vendimia2-1140x758.jpeg 1140w, https:\/\/www.celttv.com.ar\/wp-content\/uploads\/2023\/03\/vendimia2.jpeg 1600w\" sizes=\"auto, (max-width: 300px) 100vw, 300px\" \/> <img loading=\"lazy\" decoding=\"async\" class=\"alignnone size-medium wp-image-74226\" src=\"http:\/\/www.celttv.com.ar\/wp-content\/uploads\/2023\/03\/Vendimia3-300x200.jpeg\" alt=\"\" width=\"300\" height=\"200\" srcset=\"https:\/\/www.celttv.com.ar\/wp-content\/uploads\/2023\/03\/Vendimia3-300x200.jpeg 300w, https:\/\/www.celttv.com.ar\/wp-content\/uploads\/2023\/03\/Vendimia3-1024x681.jpeg 1024w, https:\/\/www.celttv.com.ar\/wp-content\/uploads\/2023\/03\/Vendimia3-768x511.jpeg 768w, https:\/\/www.celttv.com.ar\/wp-content\/uploads\/2023\/03\/Vendimia3-1536x1021.jpeg 1536w, https:\/\/www.celttv.com.ar\/wp-content\/uploads\/2023\/03\/Vendimia3-750x499.jpeg 750w, https:\/\/www.celttv.com.ar\/wp-content\/uploads\/2023\/03\/Vendimia3-1140x758.jpeg 1140w, https:\/\/www.celttv.com.ar\/wp-content\/uploads\/2023\/03\/Vendimia3.jpeg 1600w\" sizes=\"auto, (max-width: 300px) 100vw, 300px\" \/> <img loading=\"lazy\" decoding=\"async\" class=\"alignnone size-medium wp-image-74227\" src=\"http:\/\/www.celttv.com.ar\/wp-content\/uploads\/2023\/03\/Vendimia4-300x200.jpeg\" alt=\"\" width=\"300\" height=\"200\" srcset=\"https:\/\/www.celttv.com.ar\/wp-content\/uploads\/2023\/03\/Vendimia4-300x200.jpeg 300w, https:\/\/www.celttv.com.ar\/wp-content\/uploads\/2023\/03\/Vendimia4-1024x681.jpeg 1024w, https:\/\/www.celttv.com.ar\/wp-content\/uploads\/2023\/03\/Vendimia4-768x511.jpeg 768w, https:\/\/www.celttv.com.ar\/wp-content\/uploads\/2023\/03\/Vendimia4-1536x1021.jpeg 1536w, https:\/\/www.celttv.com.ar\/wp-content\/uploads\/2023\/03\/Vendimia4-750x499.jpeg 750w, https:\/\/www.celttv.com.ar\/wp-content\/uploads\/2023\/03\/Vendimia4-1140x758.jpeg 1140w, https:\/\/www.celttv.com.ar\/wp-content\/uploads\/2023\/03\/Vendimia4.jpeg 1600w\" sizes=\"auto, (max-width: 300px) 100vw, 300px\" \/> <img loading=\"lazy\" decoding=\"async\" class=\"alignnone size-medium wp-image-74228\" src=\"http:\/\/www.celttv.com.ar\/wp-content\/uploads\/2023\/03\/vendimia5-300x200.jpeg\" alt=\"\" width=\"300\" height=\"200\" srcset=\"https:\/\/www.celttv.com.ar\/wp-content\/uploads\/2023\/03\/vendimia5-300x200.jpeg 300w, https:\/\/www.celttv.com.ar\/wp-content\/uploads\/2023\/03\/vendimia5-1024x681.jpeg 1024w, https:\/\/www.celttv.com.ar\/wp-content\/uploads\/2023\/03\/vendimia5-768x511.jpeg 768w, https:\/\/www.celttv.com.ar\/wp-content\/uploads\/2023\/03\/vendimia5-1536x1021.jpeg 1536w, https:\/\/www.celttv.com.ar\/wp-content\/uploads\/2023\/03\/vendimia5-750x499.jpeg 750w, https:\/\/www.celttv.com.ar\/wp-content\/uploads\/2023\/03\/vendimia5-1140x758.jpeg 1140w, https:\/\/www.celttv.com.ar\/wp-content\/uploads\/2023\/03\/vendimia5.jpeg 1600w\" sizes=\"auto, (max-width: 300px) 100vw, 300px\" \/> <img loading=\"lazy\" decoding=\"async\" class=\"alignnone size-medium wp-image-74229\" src=\"http:\/\/www.celttv.com.ar\/wp-content\/uploads\/2023\/03\/vendimia6-300x200.jpeg\" alt=\"\" width=\"300\" height=\"200\" srcset=\"https:\/\/www.celttv.com.ar\/wp-content\/uploads\/2023\/03\/vendimia6-300x200.jpeg 300w, https:\/\/www.celttv.com.ar\/wp-content\/uploads\/2023\/03\/vendimia6-1024x681.jpeg 1024w, https:\/\/www.celttv.com.ar\/wp-content\/uploads\/2023\/03\/vendimia6-768x511.jpeg 768w, https:\/\/www.celttv.com.ar\/wp-content\/uploads\/2023\/03\/vendimia6-1536x1021.jpeg 1536w, https:\/\/www.celttv.com.ar\/wp-content\/uploads\/2023\/03\/vendimia6-750x499.jpeg 750w, https:\/\/www.celttv.com.ar\/wp-content\/uploads\/2023\/03\/vendimia6-1140x758.jpeg 1140w, https:\/\/www.celttv.com.ar\/wp-content\/uploads\/2023\/03\/vendimia6.jpeg 1600w\" sizes=\"auto, (max-width: 300px) 100vw, 300px\" \/> <img loading=\"lazy\" decoding=\"async\" class=\"alignnone size-medium wp-image-74230\" src=\"http:\/\/www.celttv.com.ar\/wp-content\/uploads\/2023\/03\/vendimia7-300x200.jpeg\" alt=\"\" width=\"300\" height=\"200\" srcset=\"https:\/\/www.celttv.com.ar\/wp-content\/uploads\/2023\/03\/vendimia7-300x200.jpeg 300w, https:\/\/www.celttv.com.ar\/wp-content\/uploads\/2023\/03\/vendimia7-1024x681.jpeg 1024w, https:\/\/www.celttv.com.ar\/wp-content\/uploads\/2023\/03\/vendimia7-768x511.jpeg 768w, https:\/\/www.celttv.com.ar\/wp-content\/uploads\/2023\/03\/vendimia7-1536x1021.jpeg 1536w, https:\/\/www.celttv.com.ar\/wp-content\/uploads\/2023\/03\/vendimia7-750x499.jpeg 750w, https:\/\/www.celttv.com.ar\/wp-content\/uploads\/2023\/03\/vendimia7-1140x758.jpeg 1140w, https:\/\/www.celttv.com.ar\/wp-content\/uploads\/2023\/03\/vendimia7.jpeg 1600w\" sizes=\"auto, (max-width: 300px) 100vw, 300px\" \/> <img loading=\"lazy\" decoding=\"async\" class=\"alignnone size-medium wp-image-74231\" src=\"http:\/\/www.celttv.com.ar\/wp-content\/uploads\/2023\/03\/vendimia8-300x200.jpeg\" alt=\"\" width=\"300\" height=\"200\" srcset=\"https:\/\/www.celttv.com.ar\/wp-content\/uploads\/2023\/03\/vendimia8-300x200.jpeg 300w, https:\/\/www.celttv.com.ar\/wp-content\/uploads\/2023\/03\/vendimia8-1024x681.jpeg 1024w, https:\/\/www.celttv.com.ar\/wp-content\/uploads\/2023\/03\/vendimia8-768x511.jpeg 768w, https:\/\/www.celttv.com.ar\/wp-content\/uploads\/2023\/03\/vendimia8-1536x1021.jpeg 1536w, https:\/\/www.celttv.com.ar\/wp-content\/uploads\/2023\/03\/vendimia8-750x499.jpeg 750w, https:\/\/www.celttv.com.ar\/wp-content\/uploads\/2023\/03\/vendimia8-1140x758.jpeg 1140w, https:\/\/www.celttv.com.ar\/wp-content\/uploads\/2023\/03\/vendimia8.jpeg 1600w\" sizes=\"auto, (max-width: 300px) 100vw, 300px\" \/> <img loading=\"lazy\" decoding=\"async\" class=\"alignnone size-medium wp-image-74232\" src=\"http:\/\/www.celttv.com.ar\/wp-content\/uploads\/2023\/03\/vendimia9-300x200.jpeg\" alt=\"\" width=\"300\" height=\"200\" srcset=\"https:\/\/www.celttv.com.ar\/wp-content\/uploads\/2023\/03\/vendimia9-300x200.jpeg 300w, https:\/\/www.celttv.com.ar\/wp-content\/uploads\/2023\/03\/vendimia9-1024x681.jpeg 1024w, https:\/\/www.celttv.com.ar\/wp-content\/uploads\/2023\/03\/vendimia9-768x511.jpeg 768w, https:\/\/www.celttv.com.ar\/wp-content\/uploads\/2023\/03\/vendimia9-1536x1021.jpeg 1536w, https:\/\/www.celttv.com.ar\/wp-content\/uploads\/2023\/03\/vendimia9-750x499.jpeg 750w, https:\/\/www.celttv.com.ar\/wp-content\/uploads\/2023\/03\/vendimia9-1140x758.jpeg 1140w, https:\/\/www.celttv.com.ar\/wp-content\/uploads\/2023\/03\/vendimia9.jpeg 1600w\" sizes=\"auto, (max-width: 300px) 100vw, 300px\" \/> <img loading=\"lazy\" decoding=\"async\" class=\"alignnone size-medium wp-image-74233\" src=\"http:\/\/www.celttv.com.ar\/wp-content\/uploads\/2023\/03\/vendimia10-300x200.jpeg\" alt=\"\" width=\"300\" height=\"200\" srcset=\"https:\/\/www.celttv.com.ar\/wp-content\/uploads\/2023\/03\/vendimia10-300x200.jpeg 300w, https:\/\/www.celttv.com.ar\/wp-content\/uploads\/2023\/03\/vendimia10-1024x681.jpeg 1024w, https:\/\/www.celttv.com.ar\/wp-content\/uploads\/2023\/03\/vendimia10-768x511.jpeg 768w, https:\/\/www.celttv.com.ar\/wp-content\/uploads\/2023\/03\/vendimia10-1536x1021.jpeg 1536w, https:\/\/www.celttv.com.ar\/wp-content\/uploads\/2023\/03\/vendimia10-750x499.jpeg 750w, https:\/\/www.celttv.com.ar\/wp-content\/uploads\/2023\/03\/vendimia10-1140x758.jpeg 1140w, https:\/\/www.celttv.com.ar\/wp-content\/uploads\/2023\/03\/vendimia10.jpeg 1600w\" sizes=\"auto, (max-width: 300px) 100vw, 300px\" \/> <img loading=\"lazy\" decoding=\"async\" class=\"alignnone size-medium wp-image-74234\" src=\"http:\/\/www.celttv.com.ar\/wp-content\/uploads\/2023\/03\/vendimia11-300x200.jpeg\" alt=\"\" width=\"300\" height=\"200\" srcset=\"https:\/\/www.celttv.com.ar\/wp-content\/uploads\/2023\/03\/vendimia11-300x200.jpeg 300w, https:\/\/www.celttv.com.ar\/wp-content\/uploads\/2023\/03\/vendimia11-1024x681.jpeg 1024w, https:\/\/www.celttv.com.ar\/wp-content\/uploads\/2023\/03\/vendimia11-768x511.jpeg 768w, https:\/\/www.celttv.com.ar\/wp-content\/uploads\/2023\/03\/vendimia11-1536x1021.jpeg 1536w, https:\/\/www.celttv.com.ar\/wp-content\/uploads\/2023\/03\/vendimia11-750x499.jpeg 750w, https:\/\/www.celttv.com.ar\/wp-content\/uploads\/2023\/03\/vendimia11-1140x758.jpeg 1140w, https:\/\/www.celttv.com.ar\/wp-content\/uploads\/2023\/03\/vendimia11.jpeg 1600w\" sizes=\"auto, (max-width: 300px) 100vw, 300px\" \/> <img loading=\"lazy\" decoding=\"async\" class=\"alignnone size-medium wp-image-74235\" src=\"http:\/\/www.celttv.com.ar\/wp-content\/uploads\/2023\/03\/vendimia12-300x200.jpeg\" alt=\"\" width=\"300\" height=\"200\" srcset=\"https:\/\/www.celttv.com.ar\/wp-content\/uploads\/2023\/03\/vendimia12-300x200.jpeg 300w, https:\/\/www.celttv.com.ar\/wp-content\/uploads\/2023\/03\/vendimia12-1024x681.jpeg 1024w, https:\/\/www.celttv.com.ar\/wp-content\/uploads\/2023\/03\/vendimia12-768x511.jpeg 768w, https:\/\/www.celttv.com.ar\/wp-content\/uploads\/2023\/03\/vendimia12-1536x1021.jpeg 1536w, https:\/\/www.celttv.com.ar\/wp-content\/uploads\/2023\/03\/vendimia12-750x499.jpeg 750w, https:\/\/www.celttv.com.ar\/wp-content\/uploads\/2023\/03\/vendimia12-1140x758.jpeg 1140w, https:\/\/www.celttv.com.ar\/wp-content\/uploads\/2023\/03\/vendimia12.jpeg 1600w\" sizes=\"auto, (max-width: 300px) 100vw, 300px\" \/> <img loading=\"lazy\" decoding=\"async\" class=\"alignnone size-medium wp-image-74236\" src=\"http:\/\/www.celttv.com.ar\/wp-content\/uploads\/2023\/03\/vendimia14-300x200.jpeg\" alt=\"\" width=\"300\" height=\"200\" srcset=\"https:\/\/www.celttv.com.ar\/wp-content\/uploads\/2023\/03\/vendimia14-300x200.jpeg 300w, https:\/\/www.celttv.com.ar\/wp-content\/uploads\/2023\/03\/vendimia14-1024x681.jpeg 1024w, https:\/\/www.celttv.com.ar\/wp-content\/uploads\/2023\/03\/vendimia14-768x511.jpeg 768w, https:\/\/www.celttv.com.ar\/wp-content\/uploads\/2023\/03\/vendimia14-1536x1021.jpeg 1536w, https:\/\/www.celttv.com.ar\/wp-content\/uploads\/2023\/03\/vendimia14-750x499.jpeg 750w, https:\/\/www.celttv.com.ar\/wp-content\/uploads\/2023\/03\/vendimia14-1140x758.jpeg 1140w, https:\/\/www.celttv.com.ar\/wp-content\/uploads\/2023\/03\/vendimia14.jpeg 1600w\" sizes=\"auto, (max-width: 300px) 100vw, 300px\" \/> <img loading=\"lazy\" decoding=\"async\" class=\"alignnone size-medium wp-image-74237\" src=\"http:\/\/www.celttv.com.ar\/wp-content\/uploads\/2023\/03\/vendimia15-Medium-300x199.jpeg\" alt=\"\" width=\"300\" height=\"199\" srcset=\"https:\/\/www.celttv.com.ar\/wp-content\/uploads\/2023\/03\/vendimia15-Medium-300x199.jpeg 300w, https:\/\/www.celttv.com.ar\/wp-content\/uploads\/2023\/03\/vendimia15-Medium-1024x681.jpeg 1024w, https:\/\/www.celttv.com.ar\/wp-content\/uploads\/2023\/03\/vendimia15-Medium-768x511.jpeg 768w, https:\/\/www.celttv.com.ar\/wp-content\/uploads\/2023\/03\/vendimia15-Medium-750x499.jpeg 750w, https:\/\/www.celttv.com.ar\/wp-content\/uploads\/2023\/03\/vendimia15-Medium-1140x758.jpeg 1140w, https:\/\/www.celttv.com.ar\/wp-content\/uploads\/2023\/03\/vendimia15-Medium.jpeg 1155w\" sizes=\"auto, (max-width: 300px) 100vw, 300px\" \/> <img loading=\"lazy\" decoding=\"async\" class=\"alignnone size-medium wp-image-74238\" src=\"http:\/\/www.celttv.com.ar\/wp-content\/uploads\/2023\/03\/vendimia16-300x200.jpeg\" alt=\"\" width=\"300\" height=\"200\" srcset=\"https:\/\/www.celttv.com.ar\/wp-content\/uploads\/2023\/03\/vendimia16-300x200.jpeg 300w, https:\/\/www.celttv.com.ar\/wp-content\/uploads\/2023\/03\/vendimia16-1024x681.jpeg 1024w, https:\/\/www.celttv.com.ar\/wp-content\/uploads\/2023\/03\/vendimia16-768x511.jpeg 768w, https:\/\/www.celttv.com.ar\/wp-content\/uploads\/2023\/03\/vendimia16-1536x1021.jpeg 1536w, https:\/\/www.celttv.com.ar\/wp-content\/uploads\/2023\/03\/vendimia16-750x499.jpeg 750w, https:\/\/www.celttv.com.ar\/wp-content\/uploads\/2023\/03\/vendimia16-1140x758.jpeg 1140w, https:\/\/www.celttv.com.ar\/wp-content\/uploads\/2023\/03\/vendimia16.jpeg 1600w\" sizes=\"auto, (max-width: 300px) 100vw, 300px\" \/> <img loading=\"lazy\" decoding=\"async\" class=\"alignnone size-medium wp-image-74239\" src=\"http:\/\/www.celttv.com.ar\/wp-content\/uploads\/2023\/03\/vendimia17-300x200.jpeg\" alt=\"\" width=\"300\" height=\"200\" srcset=\"https:\/\/www.celttv.com.ar\/wp-content\/uploads\/2023\/03\/vendimia17-300x200.jpeg 300w, https:\/\/www.celttv.com.ar\/wp-content\/uploads\/2023\/03\/vendimia17-1024x681.jpeg 1024w, https:\/\/www.celttv.com.ar\/wp-content\/uploads\/2023\/03\/vendimia17-768x511.jpeg 768w, https:\/\/www.celttv.com.ar\/wp-content\/uploads\/2023\/03\/vendimia17-1536x1021.jpeg 1536w, https:\/\/www.celttv.com.ar\/wp-content\/uploads\/2023\/03\/vendimia17-750x499.jpeg 750w, https:\/\/www.celttv.com.ar\/wp-content\/uploads\/2023\/03\/vendimia17-1140x758.jpeg 1140w, https:\/\/www.celttv.com.ar\/wp-content\/uploads\/2023\/03\/vendimia17.jpeg 1600w\" sizes=\"auto, (max-width: 300px) 100vw, 300px\" \/> <img loading=\"lazy\" decoding=\"async\" class=\"alignnone size-medium wp-image-74240\" src=\"http:\/\/www.celttv.com.ar\/wp-content\/uploads\/2023\/03\/vendimiq13-300x200.jpeg\" alt=\"\" width=\"300\" height=\"200\" srcset=\"https:\/\/www.celttv.com.ar\/wp-content\/uploads\/2023\/03\/vendimiq13-300x200.jpeg 300w, https:\/\/www.celttv.com.ar\/wp-content\/uploads\/2023\/03\/vendimiq13-1024x681.jpeg 1024w, https:\/\/www.celttv.com.ar\/wp-content\/uploads\/2023\/03\/vendimiq13-768x511.jpeg 768w, https:\/\/www.celttv.com.ar\/wp-content\/uploads\/2023\/03\/vendimiq13-1536x1021.jpeg 1536w, https:\/\/www.celttv.com.ar\/wp-content\/uploads\/2023\/03\/vendimiq13-750x499.jpeg 750w, https:\/\/www.celttv.com.ar\/wp-content\/uploads\/2023\/03\/vendimiq13-1140x758.jpeg 1140w, https:\/\/www.celttv.com.ar\/wp-content\/uploads\/2023\/03\/vendimiq13.jpeg 1600w\" sizes=\"auto, (max-width: 300px) 100vw, 300px\" \/><\/p>\n<p>&nbsp;<\/p>\n","protected":false},"excerpt":{"rendered":"<p>Pasadas las 16 horas, comenzaron las actividades programadas en el marco de la 8va Fiesta Provincial de la Vendimia. Encabezada por el intendente municipal Sergio Bordoni, junto a los Ministros de Desarrollo Agrario de la Provincia, Javier Rodr\u00edguez; y de Producci\u00f3n, Ciencia e Innovaci\u00f3n Tecnol\u00f3gica, Augusto Costa; tuvo lugar la Mesa Regional Vitivin\u00edcola y Oliv\u00edcola; [&hellip;]<\/p>\n","protected":false},"author":5,"featured_media":74234,"comment_status":"closed","ping_status":"closed","sticky":false,"template":"","format":"standard","meta":{"footnotes":""},"categories":[51,26,52,59,65],"tags":[746],"class_list":["post-74222","post","type-post","status-publish","format-standard","has-post-thumbnail","hentry","category-comunidad","category-culture","category-destacadas","category-municipales","category-produccion","tag-con-una-jornada-productiva-dio-inicio-la-8va-fiesta-provincial-de-la-vendimia-en-saldungaray"],"yoast_head":"<!-- This site is optimized with the Yoast SEO plugin v19.7.1 - https:\/\/yoast.com\/wordpress\/plugins\/seo\/ -->\n<title>Con una jornada productiva dio inicio la 8va Fiesta Provincial de la Vendimia en Saldungaray - CELTTV<\/title>\n<meta name=\"description\" content=\"Sitio web de noticias de la localidad de Tornquist, provincia de Buenos Aires, Rep\u00fablica Argentina. Contenido propio originado por periodistas de CELTTV, el canal de TV local de la Cooperativa El\u00e9ctrica de Tornquist. Turismo, Pol\u00edtica, Sociedad, Deporte, Cultura y todo el contenido de inter\u00e9s general que la gente del pueblo y la regi\u00f3n debe conocer.\" \/>\n<meta name=\"robots\" content=\"index, follow, max-snippet:-1, max-image-preview:large, max-video-preview:-1\" \/>\n<link rel=\"canonical\" href=\"https:\/\/www.celttv.com.ar\/index.php\/2023\/03\/12\/con-una-jornada-productiva-dio-inicio-la-8va-fiesta-provincial-de-la-vendimia-en-saldungaray\/\" \/>\n<meta property=\"og:locale\" content=\"es_ES\" \/>\n<meta property=\"og:type\" content=\"article\" \/>\n<meta property=\"og:title\" content=\"Con una jornada productiva dio inicio la 8va Fiesta Provincial de la Vendimia en Saldungaray - CELTTV\" \/>\n<meta property=\"og:description\" content=\"Sitio web de noticias de la localidad de Tornquist, provincia de Buenos Aires, Rep\u00fablica Argentina. Contenido propio originado por periodistas de CELTTV, el canal de TV local de la Cooperativa El\u00e9ctrica de Tornquist. Turismo, Pol\u00edtica, Sociedad, Deporte, Cultura y todo el contenido de inter\u00e9s general que la gente del pueblo y la regi\u00f3n debe conocer.\" \/>\n<meta property=\"og:url\" content=\"https:\/\/www.celttv.com.ar\/index.php\/2023\/03\/12\/con-una-jornada-productiva-dio-inicio-la-8va-fiesta-provincial-de-la-vendimia-en-saldungaray\/\" \/>\n<meta property=\"og:site_name\" content=\"CELTTV\" \/>\n<meta property=\"article:publisher\" content=\"https:\/\/www.facebook.com\/celtTV\/\" \/>\n<meta property=\"article:published_time\" content=\"2023-03-12T04:11:23+00:00\" \/>\n<meta property=\"og:image\" content=\"https:\/\/www.celttv.com.ar\/wp-content\/uploads\/2023\/03\/vendimia11.jpeg\" \/>\n\t<meta property=\"og:image:width\" content=\"1600\" \/>\n\t<meta property=\"og:image:height\" content=\"1064\" \/>\n\t<meta property=\"og:image:type\" content=\"image\/jpeg\" \/>\n<meta name=\"author\" content=\"Miguel Herrada\" \/>\n<meta name=\"twitter:card\" content=\"summary_large_image\" \/>\n<meta name=\"twitter:label1\" content=\"Escrito por\" \/>\n\t<meta name=\"twitter:data1\" content=\"Miguel Herrada\" \/>\n\t<meta name=\"twitter:label2\" content=\"Tiempo de lectura\" \/>\n\t<meta name=\"twitter:data2\" content=\"1 minuto\" \/>\n<script type=\"application\/ld+json\" class=\"yoast-schema-graph\">{\"@context\":\"https:\/\/schema.org\",\"@graph\":[{\"@type\":\"NewsArticle\",\"@id\":\"https:\/\/www.celttv.com.ar\/index.php\/2023\/03\/12\/con-una-jornada-productiva-dio-inicio-la-8va-fiesta-provincial-de-la-vendimia-en-saldungaray\/#article\",\"isPartOf\":{\"@id\":\"https:\/\/www.celttv.com.ar\/index.php\/2023\/03\/12\/con-una-jornada-productiva-dio-inicio-la-8va-fiesta-provincial-de-la-vendimia-en-saldungaray\/\"},\"author\":{\"name\":\"Miguel Herrada\",\"@id\":\"https:\/\/www.celttv.com.ar\/#\/schema\/person\/9059dc91dc7204ef4182cdb65225f07d\"},\"headline\":\"Con una jornada productiva dio inicio la 8va Fiesta Provincial de la Vendimia en Saldungaray\",\"datePublished\":\"2023-03-12T04:11:23+00:00\",\"dateModified\":\"2023-03-12T04:11:23+00:00\",\"mainEntityOfPage\":{\"@id\":\"https:\/\/www.celttv.com.ar\/index.php\/2023\/03\/12\/con-una-jornada-productiva-dio-inicio-la-8va-fiesta-provincial-de-la-vendimia-en-saldungaray\/\"},\"wordCount\":235,\"publisher\":{\"@id\":\"https:\/\/www.celttv.com.ar\/#organization\"},\"keywords\":[\"Con una jornada productiva dio inicio la 8va Fiesta Provincial de la Vendimia en Saldungaray\"],\"articleSection\":[\"Comunidad\",\"Culture\",\"Destacadas\",\"Municipales\",\"Producci\u00f3n y Medio Ambiente\"],\"inLanguage\":\"es\"},{\"@type\":\"WebPage\",\"@id\":\"https:\/\/www.celttv.com.ar\/index.php\/2023\/03\/12\/con-una-jornada-productiva-dio-inicio-la-8va-fiesta-provincial-de-la-vendimia-en-saldungaray\/\",\"url\":\"https:\/\/www.celttv.com.ar\/index.php\/2023\/03\/12\/con-una-jornada-productiva-dio-inicio-la-8va-fiesta-provincial-de-la-vendimia-en-saldungaray\/\",\"name\":\"Con una jornada productiva dio inicio la 8va Fiesta Provincial de la Vendimia en Saldungaray - CELTTV\",\"isPartOf\":{\"@id\":\"https:\/\/www.celttv.com.ar\/#website\"},\"datePublished\":\"2023-03-12T04:11:23+00:00\",\"dateModified\":\"2023-03-12T04:11:23+00:00\",\"description\":\"Sitio web de noticias de la localidad de Tornquist, provincia de Buenos Aires, Rep\u00fablica Argentina. Contenido propio originado por periodistas de CELTTV, el canal de TV local de la Cooperativa El\u00e9ctrica de Tornquist. Turismo, Pol\u00edtica, Sociedad, Deporte, Cultura y todo el contenido de inter\u00e9s general que la gente del pueblo y la regi\u00f3n debe conocer.\",\"breadcrumb\":{\"@id\":\"https:\/\/www.celttv.com.ar\/index.php\/2023\/03\/12\/con-una-jornada-productiva-dio-inicio-la-8va-fiesta-provincial-de-la-vendimia-en-saldungaray\/#breadcrumb\"},\"inLanguage\":\"es\",\"potentialAction\":[{\"@type\":\"ReadAction\",\"target\":[\"https:\/\/www.celttv.com.ar\/index.php\/2023\/03\/12\/con-una-jornada-productiva-dio-inicio-la-8va-fiesta-provincial-de-la-vendimia-en-saldungaray\/\"]}]},{\"@type\":\"BreadcrumbList\",\"@id\":\"https:\/\/www.celttv.com.ar\/index.php\/2023\/03\/12\/con-una-jornada-productiva-dio-inicio-la-8va-fiesta-provincial-de-la-vendimia-en-saldungaray\/#breadcrumb\",\"itemListElement\":[{\"@type\":\"ListItem\",\"position\":1,\"name\":\"Inicio\",\"item\":\"https:\/\/www.celttv.com.ar\/\"},{\"@type\":\"ListItem\",\"position\":2,\"name\":\"Con una jornada productiva dio inicio la 8va Fiesta Provincial de la Vendimia en Saldungaray\"}]},{\"@type\":\"WebSite\",\"@id\":\"https:\/\/www.celttv.com.ar\/#website\",\"url\":\"https:\/\/www.celttv.com.ar\/\",\"name\":\"CELTTV\",\"description\":\"Cooperativa El\u00e9ctrica de Tornquist\",\"publisher\":{\"@id\":\"https:\/\/www.celttv.com.ar\/#organization\"},\"potentialAction\":[{\"@type\":\"SearchAction\",\"target\":{\"@type\":\"EntryPoint\",\"urlTemplate\":\"https:\/\/www.celttv.com.ar\/?s={search_term_string}\"},\"query-input\":\"required name=search_term_string\"}],\"inLanguage\":\"es\"},{\"@type\":\"Organization\",\"@id\":\"https:\/\/www.celttv.com.ar\/#organization\",\"name\":\"CELTTV\",\"url\":\"https:\/\/www.celttv.com.ar\/\",\"sameAs\":[\"https:\/\/www.youtube.com\/channel\/UCz_oIt8Hig64Ub-EmcNPIhg\",\"https:\/\/www.facebook.com\/celtTV\/\"],\"logo\":{\"@type\":\"ImageObject\",\"inLanguage\":\"es\",\"@id\":\"https:\/\/www.celttv.com.ar\/#\/schema\/logo\/image\/\",\"url\":\"http:\/\/www.celttv.com.ar\/wp-content\/uploads\/2022\/08\/logo-1.png\",\"contentUrl\":\"http:\/\/www.celttv.com.ar\/wp-content\/uploads\/2022\/08\/logo-1.png\",\"width\":461,\"height\":159,\"caption\":\"CELTTV\"},\"image\":{\"@id\":\"https:\/\/www.celttv.com.ar\/#\/schema\/logo\/image\/\"}},{\"@type\":\"Person\",\"@id\":\"https:\/\/www.celttv.com.ar\/#\/schema\/person\/9059dc91dc7204ef4182cdb65225f07d\",\"name\":\"Miguel Herrada\",\"image\":{\"@type\":\"ImageObject\",\"inLanguage\":\"es\",\"@id\":\"https:\/\/www.celttv.com.ar\/#\/schema\/person\/image\/\",\"url\":\"https:\/\/secure.gravatar.com\/avatar\/67724d5b3c716623ffd76bec7e45841a442ac3b456e914dbba90b0fad2b8e0b1?s=96&d=mm&r=g\",\"contentUrl\":\"https:\/\/secure.gravatar.com\/avatar\/67724d5b3c716623ffd76bec7e45841a442ac3b456e914dbba90b0fad2b8e0b1?s=96&d=mm&r=g\",\"caption\":\"Miguel Herrada\"}}]}<\/script>\n<!-- \/ Yoast SEO plugin. -->","yoast_head_json":{"title":"Con una jornada productiva dio inicio la 8va Fiesta Provincial de la Vendimia en Saldungaray - CELTTV","description":"Sitio web de noticias de la localidad de Tornquist, provincia de Buenos Aires, Rep\u00fablica Argentina. Contenido propio originado por periodistas de CELTTV, el canal de TV local de la Cooperativa El\u00e9ctrica de Tornquist. Turismo, Pol\u00edtica, Sociedad, Deporte, Cultura y todo el contenido de inter\u00e9s general que la gente del pueblo y la regi\u00f3n debe conocer.","robots":{"index":"index","follow":"follow","max-snippet":"max-snippet:-1","max-image-preview":"max-image-preview:large","max-video-preview":"max-video-preview:-1"},"canonical":"https:\/\/www.celttv.com.ar\/index.php\/2023\/03\/12\/con-una-jornada-productiva-dio-inicio-la-8va-fiesta-provincial-de-la-vendimia-en-saldungaray\/","og_locale":"es_ES","og_type":"article","og_title":"Con una jornada productiva dio inicio la 8va Fiesta Provincial de la Vendimia en Saldungaray - CELTTV","og_description":"Sitio web de noticias de la localidad de Tornquist, provincia de Buenos Aires, Rep\u00fablica Argentina. Contenido propio originado por periodistas de CELTTV, el canal de TV local de la Cooperativa El\u00e9ctrica de Tornquist. Turismo, Pol\u00edtica, Sociedad, Deporte, Cultura y todo el contenido de inter\u00e9s general que la gente del pueblo y la regi\u00f3n debe conocer.","og_url":"https:\/\/www.celttv.com.ar\/index.php\/2023\/03\/12\/con-una-jornada-productiva-dio-inicio-la-8va-fiesta-provincial-de-la-vendimia-en-saldungaray\/","og_site_name":"CELTTV","article_publisher":"https:\/\/www.facebook.com\/celtTV\/","article_published_time":"2023-03-12T04:11:23+00:00","og_image":[{"width":1600,"height":1064,"url":"https:\/\/www.celttv.com.ar\/wp-content\/uploads\/2023\/03\/vendimia11.jpeg","type":"image\/jpeg"}],"author":"Miguel Herrada","twitter_card":"summary_large_image","twitter_misc":{"Escrito por":"Miguel Herrada","Tiempo de lectura":"1 minuto"},"schema":{"@context":"https:\/\/schema.org","@graph":[{"@type":"NewsArticle","@id":"https:\/\/www.celttv.com.ar\/index.php\/2023\/03\/12\/con-una-jornada-productiva-dio-inicio-la-8va-fiesta-provincial-de-la-vendimia-en-saldungaray\/#article","isPartOf":{"@id":"https:\/\/www.celttv.com.ar\/index.php\/2023\/03\/12\/con-una-jornada-productiva-dio-inicio-la-8va-fiesta-provincial-de-la-vendimia-en-saldungaray\/"},"author":{"name":"Miguel Herrada","@id":"https:\/\/www.celttv.com.ar\/#\/schema\/person\/9059dc91dc7204ef4182cdb65225f07d"},"headline":"Con una jornada productiva dio inicio la 8va Fiesta Provincial de la Vendimia en Saldungaray","datePublished":"2023-03-12T04:11:23+00:00","dateModified":"2023-03-12T04:11:23+00:00","mainEntityOfPage":{"@id":"https:\/\/www.celttv.com.ar\/index.php\/2023\/03\/12\/con-una-jornada-productiva-dio-inicio-la-8va-fiesta-provincial-de-la-vendimia-en-saldungaray\/"},"wordCount":235,"publisher":{"@id":"https:\/\/www.celttv.com.ar\/#organization"},"keywords":["Con una jornada productiva dio inicio la 8va Fiesta Provincial de la Vendimia en Saldungaray"],"articleSection":["Comunidad","Culture","Destacadas","Municipales","Producci\u00f3n y Medio Ambiente"],"inLanguage":"es"},{"@type":"WebPage","@id":"https:\/\/www.celttv.com.ar\/index.php\/2023\/03\/12\/con-una-jornada-productiva-dio-inicio-la-8va-fiesta-provincial-de-la-vendimia-en-saldungaray\/","url":"https:\/\/www.celttv.com.ar\/index.php\/2023\/03\/12\/con-una-jornada-productiva-dio-inicio-la-8va-fiesta-provincial-de-la-vendimia-en-saldungaray\/","name":"Con una jornada productiva dio inicio la 8va Fiesta Provincial de la Vendimia en Saldungaray - CELTTV","isPartOf":{"@id":"https:\/\/www.celttv.com.ar\/#website"},"datePublished":"2023-03-12T04:11:23+00:00","dateModified":"2023-03-12T04:11:23+00:00","description":"Sitio web de noticias de la localidad de Tornquist, provincia de Buenos Aires, Rep\u00fablica Argentina. Contenido propio originado por periodistas de CELTTV, el canal de TV local de la Cooperativa El\u00e9ctrica de Tornquist. Turismo, Pol\u00edtica, Sociedad, Deporte, Cultura y todo el contenido de inter\u00e9s general que la gente del pueblo y la regi\u00f3n debe conocer.","breadcrumb":{"@id":"https:\/\/www.celttv.com.ar\/index.php\/2023\/03\/12\/con-una-jornada-productiva-dio-inicio-la-8va-fiesta-provincial-de-la-vendimia-en-saldungaray\/#breadcrumb"},"inLanguage":"es","potentialAction":[{"@type":"ReadAction","target":["https:\/\/www.celttv.com.ar\/index.php\/2023\/03\/12\/con-una-jornada-productiva-dio-inicio-la-8va-fiesta-provincial-de-la-vendimia-en-saldungaray\/"]}]},{"@type":"BreadcrumbList","@id":"https:\/\/www.celttv.com.ar\/index.php\/2023\/03\/12\/con-una-jornada-productiva-dio-inicio-la-8va-fiesta-provincial-de-la-vendimia-en-saldungaray\/#breadcrumb","itemListElement":[{"@type":"ListItem","position":1,"name":"Inicio","item":"https:\/\/www.celttv.com.ar\/"},{"@type":"ListItem","position":2,"name":"Con una jornada productiva dio inicio la 8va Fiesta Provincial de la Vendimia en Saldungaray"}]},{"@type":"WebSite","@id":"https:\/\/www.celttv.com.ar\/#website","url":"https:\/\/www.celttv.com.ar\/","name":"CELTTV","description":"Cooperativa El\u00e9ctrica de Tornquist","publisher":{"@id":"https:\/\/www.celttv.com.ar\/#organization"},"potentialAction":[{"@type":"SearchAction","target":{"@type":"EntryPoint","urlTemplate":"https:\/\/www.celttv.com.ar\/?s={search_term_string}"},"query-input":"required name=search_term_string"}],"inLanguage":"es"},{"@type":"Organization","@id":"https:\/\/www.celttv.com.ar\/#organization","name":"CELTTV","url":"https:\/\/www.celttv.com.ar\/","sameAs":["https:\/\/www.youtube.com\/channel\/UCz_oIt8Hig64Ub-EmcNPIhg","https:\/\/www.facebook.com\/celtTV\/"],"logo":{"@type":"ImageObject","inLanguage":"es","@id":"https:\/\/www.celttv.com.ar\/#\/schema\/logo\/image\/","url":"http:\/\/www.celttv.com.ar\/wp-content\/uploads\/2022\/08\/logo-1.png","contentUrl":"http:\/\/www.celttv.com.ar\/wp-content\/uploads\/2022\/08\/logo-1.png","width":461,"height":159,"caption":"CELTTV"},"image":{"@id":"https:\/\/www.celttv.com.ar\/#\/schema\/logo\/image\/"}},{"@type":"Person","@id":"https:\/\/www.celttv.com.ar\/#\/schema\/person\/9059dc91dc7204ef4182cdb65225f07d","name":"Miguel Herrada","image":{"@type":"ImageObject","inLanguage":"es","@id":"https:\/\/www.celttv.com.ar\/#\/schema\/person\/image\/","url":"https:\/\/secure.gravatar.com\/avatar\/67724d5b3c716623ffd76bec7e45841a442ac3b456e914dbba90b0fad2b8e0b1?s=96&d=mm&r=g","contentUrl":"https:\/\/secure.gravatar.com\/avatar\/67724d5b3c716623ffd76bec7e45841a442ac3b456e914dbba90b0fad2b8e0b1?s=96&d=mm&r=g","caption":"Miguel Herrada"}}]}},"_links":{"self":[{"href":"https:\/\/www.celttv.com.ar\/index.php\/wp-json\/wp\/v2\/posts\/74222","targetHints":{"allow":["GET"]}}],"collection":[{"href":"https:\/\/www.celttv.com.ar\/index.php\/wp-json\/wp\/v2\/posts"}],"about":[{"href":"https:\/\/www.celttv.com.ar\/index.php\/wp-json\/wp\/v2\/types\/post"}],"author":[{"embeddable":true,"href":"https:\/\/www.celttv.com.ar\/index.php\/wp-json\/wp\/v2\/users\/5"}],"replies":[{"embeddable":true,"href":"https:\/\/www.celttv.com.ar\/index.php\/wp-json\/wp\/v2\/comments?post=74222"}],"version-history":[{"count":1,"href":"https:\/\/www.celttv.com.ar\/index.php\/wp-json\/wp\/v2\/posts\/74222\/revisions"}],"predecessor-version":[{"id":74241,"href":"https:\/\/www.celttv.com.ar\/index.php\/wp-json\/wp\/v2\/posts\/74222\/revisions\/74241"}],"wp:featuredmedia":[{"embeddable":true,"href":"https:\/\/www.celttv.com.ar\/index.php\/wp-json\/wp\/v2\/media\/74234"}],"wp:attachment":[{"href":"https:\/\/www.celttv.com.ar\/index.php\/wp-json\/wp\/v2\/media?parent=74222"}],"wp:term":[{"taxonomy":"category","embeddable":true,"href":"https:\/\/www.celttv.com.ar\/index.php\/wp-json\/wp\/v2\/categories?post=74222"},{"taxonomy":"post_tag","embeddable":true,"href":"https:\/\/www.celttv.com.ar\/index.php\/wp-json\/wp\/v2\/tags?post=74222"}],"curies":[{"name":"wp","href":"https:\/\/api.w.org\/{rel}","templated":true}]}}