{"id":74390,"date":"2023-03-18T13:25:24","date_gmt":"2023-03-18T16:25:24","guid":{"rendered":"http:\/\/www.celttv.com.ar\/?p=74390"},"modified":"2023-03-18T13:25:24","modified_gmt":"2023-03-18T16:25:24","slug":"jorge-schmidt-en-el-ano-de-su-80o-aniversario-union-ejecuta-obras-y-proyecta-distintos-eventos","status":"publish","type":"post","link":"https:\/\/www.celttv.com.ar\/index.php\/2023\/03\/18\/jorge-schmidt-en-el-ano-de-su-80o-aniversario-union-ejecuta-obras-y-proyecta-distintos-eventos\/","title":{"rendered":"Jorge Schmidt: En el a\u00f1o de su 80\u00ba Aniversario Uni\u00f3n ejecuta obras y proyecta distintos eventos"},"content":{"rendered":"<p>En el a\u00f1o de su 80\u00ba Aniversario Uni\u00f3n ejecuta obras y proyecta distintos eventos. CELTTV Noticias dialog\u00f3 con el flamante presidente Jorge Schmidt quien nos recibi\u00f3 en el sal\u00f3n Bajos donde se est\u00e1n realizando obras de mejoramiento al igual que en el gimnasio Mariano Morteo.<\/p>\n<p>Haciendo un repaso de los trabajos que se est\u00e1n llevando adelante Schmidt sostuvo que &#8220;al gimnasio Mariano Morteo se le est\u00e1 dando un toque de calidad, distinto a lo que estamos acostumbrados a ver y si Dios quiere la semana pr\u00f3xima ingresa el pintor&#8221;<\/p>\n<p>&#8220;El sal\u00f3n de Fiestas &#8220;Bajos&#8221; se ha aggiornado al gimnasio para lo cual se han colocado dos hermosas aberturas que nos permiten una comunicaci\u00f3n directa y se ha\u00a0 trabajado con durlock en las paredes para hermosear las partes estropeadas y tambi\u00e9n se realizan trabajos de pintura&#8221;<\/p>\n<p>&#8220;En la sede de la cancha se ha trabajado sobre el per\u00edmetro con la colocaci\u00f3n de 105 mts. nuevos de cerco recuperable y se va a completar con un cerco de tejido&#8221;<\/p>\n<p>&#8220;Estamos preocupados por las circulaci\u00f3n vehicular en ese sector y estamos tratando de educar al socio ya que en ese lugar se desarrollan el grueso de las actividades con chicos de distintas edades y tenemos que evitar los riesgos y ordenar la circulaci\u00f3n&#8221;<\/p>\n<p>&#8220;Me encontr\u00e9 con una comisi\u00f3n directiva muy dispuesta a trabajar y eso es muy\u00a0 importante. En la medida que pueden todos aportan. La comisi\u00f3n directiva como las sub comisiones tienen un mont\u00f3n de energ\u00eda, como la gente que sin estar en la comisi\u00f3n nos da una mano&#8221;<\/p>\n<p>&#8220;El fiel reflejo fue el padrinazgo del f\u00fatbolo mayor de una empresa local que ven que el f\u00fatbol es u na buena inversi\u00f3n y tanto Automoto como a Uni\u00f3n vamos a recibir una importante cantidad de pelotas de f\u00fatbol de primera calidad y un\u00a0 gran agradecimiento a Mariela y Kali Taylor, que ademas de ser amigos, pensaron en la parte deportiva de ambas instituciones&#8221;<\/p>\n<p>&#8220;El club es grande y hay que dedicarle mas tiempo de lo que uno piensa, pero tenemos un orden y eso es important\u00edsimo y estamos enfocados en una mejora permanente de la instituci\u00f3n&#8221;<\/p>\n<p>&#8220;El Club es de todos y principalmente del socio. El socio es el que empuja a la familia verde&#8221;<\/p>\n<p>&#8220;Contamos con valioso apoyo del gobierno municipal que se preocupa por las instituciones. Un agradecimiento para el intendente municipal que escucha y nos sigue apoyando&#8221;<\/p>\n<p>En cuanto a eventos inmediatos Jorge Schmidt se\u00f1al\u00f3 que &#8220;tenemos un bingo que se realiza el 15 de abril, despu\u00e9s si Dios quiere, la cena de los 80 a\u00f1os que ser\u00e1 en el mes de mayo. Festejar el D\u00eda del Amigo como corresponde y se viene el Festival del\u00a0 DIA DEL NI\u00d1O&#8221; anticip\u00f3 Jorge Schmitd.<\/p>\n<p><strong>NOTA COMPLETA DE CELTTV NOTICIAS EN VIDEO<\/strong><\/p>\n<p><iframe loading=\"lazy\" title=\"2023 03 16 JORGE SCHMIDT   OBRAS Y EVENTOS DURANTE SU 80\u00ba ANIVERSARIO\" width=\"500\" height=\"281\" src=\"https:\/\/www.youtube.com\/embed\/JeaupcEKhvI?feature=oembed\" frameborder=\"0\" allow=\"accelerometer; autoplay; clipboard-write; encrypted-media; gyroscope; picture-in-picture; web-share\" referrerpolicy=\"strict-origin-when-cross-origin\" allowfullscreen><\/iframe><\/p>\n","protected":false},"excerpt":{"rendered":"<p>En el a\u00f1o de su 80\u00ba Aniversario Uni\u00f3n ejecuta obras y proyecta distintos eventos. CELTTV Noticias dialog\u00f3 con el flamante presidente Jorge Schmidt quien nos recibi\u00f3 en el sal\u00f3n Bajos donde se est\u00e1n realizando obras de mejoramiento al igual que en el gimnasio Mariano Morteo. Haciendo un repaso de los trabajos que se est\u00e1n llevando [&hellip;]<\/p>\n","protected":false},"author":5,"featured_media":74391,"comment_status":"closed","ping_status":"closed","sticky":false,"template":"","format":"standard","meta":{"footnotes":""},"categories":[51,26,60,52],"tags":[764],"class_list":["post-74390","post","type-post","status-publish","format-standard","has-post-thumbnail","hentry","category-comunidad","category-culture","category-deporte","category-destacadas","tag-jorge-schmidt-en-el-ano-de-su-80o-aniversario-union-ejecuta-obras-y-proyecta-distintos-eventos"],"yoast_head":"<!-- This site is optimized with the Yoast SEO plugin v19.7.1 - https:\/\/yoast.com\/wordpress\/plugins\/seo\/ -->\n<title>Jorge Schmidt: En el a\u00f1o de su 80\u00ba Aniversario Uni\u00f3n ejecuta obras y proyecta distintos eventos - CELTTV<\/title>\n<meta name=\"description\" content=\"Sitio web de noticias de la localidad de Tornquist, provincia de Buenos Aires, Rep\u00fablica Argentina. Contenido propio originado por periodistas de CELTTV, el canal de TV local de la Cooperativa El\u00e9ctrica de Tornquist. Turismo, Pol\u00edtica, Sociedad, Deporte, Cultura y todo el contenido de inter\u00e9s general que la gente del pueblo y la regi\u00f3n debe conocer.\" \/>\n<meta name=\"robots\" content=\"index, follow, max-snippet:-1, max-image-preview:large, max-video-preview:-1\" \/>\n<link rel=\"canonical\" href=\"https:\/\/www.celttv.com.ar\/index.php\/2023\/03\/18\/jorge-schmidt-en-el-ano-de-su-80o-aniversario-union-ejecuta-obras-y-proyecta-distintos-eventos\/\" \/>\n<meta property=\"og:locale\" content=\"es_ES\" \/>\n<meta property=\"og:type\" content=\"article\" \/>\n<meta property=\"og:title\" content=\"Jorge Schmidt: En el a\u00f1o de su 80\u00ba Aniversario Uni\u00f3n ejecuta obras y proyecta distintos eventos - CELTTV\" \/>\n<meta property=\"og:description\" content=\"Sitio web de noticias de la localidad de Tornquist, provincia de Buenos Aires, Rep\u00fablica Argentina. Contenido propio originado por periodistas de CELTTV, el canal de TV local de la Cooperativa El\u00e9ctrica de Tornquist. Turismo, Pol\u00edtica, Sociedad, Deporte, Cultura y todo el contenido de inter\u00e9s general que la gente del pueblo y la regi\u00f3n debe conocer.\" \/>\n<meta property=\"og:url\" content=\"https:\/\/www.celttv.com.ar\/index.php\/2023\/03\/18\/jorge-schmidt-en-el-ano-de-su-80o-aniversario-union-ejecuta-obras-y-proyecta-distintos-eventos\/\" \/>\n<meta property=\"og:site_name\" content=\"CELTTV\" \/>\n<meta property=\"article:publisher\" content=\"https:\/\/www.facebook.com\/celtTV\/\" \/>\n<meta property=\"article:published_time\" content=\"2023-03-18T16:25:24+00:00\" \/>\n<meta property=\"og:image\" content=\"https:\/\/www.celttv.com.ar\/wp-content\/uploads\/2023\/03\/Jorge-Schmidt.jpg\" \/>\n\t<meta property=\"og:image:width\" content=\"1054\" \/>\n\t<meta property=\"og:image:height\" content=\"695\" \/>\n\t<meta property=\"og:image:type\" content=\"image\/jpeg\" \/>\n<meta name=\"author\" content=\"Miguel Herrada\" \/>\n<meta name=\"twitter:card\" content=\"summary_large_image\" \/>\n<meta name=\"twitter:label1\" content=\"Escrito por\" \/>\n\t<meta name=\"twitter:data1\" content=\"Miguel Herrada\" \/>\n\t<meta name=\"twitter:label2\" content=\"Tiempo de lectura\" \/>\n\t<meta name=\"twitter:data2\" content=\"2 minutos\" \/>\n<script type=\"application\/ld+json\" class=\"yoast-schema-graph\">{\"@context\":\"https:\/\/schema.org\",\"@graph\":[{\"@type\":\"NewsArticle\",\"@id\":\"https:\/\/www.celttv.com.ar\/index.php\/2023\/03\/18\/jorge-schmidt-en-el-ano-de-su-80o-aniversario-union-ejecuta-obras-y-proyecta-distintos-eventos\/#article\",\"isPartOf\":{\"@id\":\"https:\/\/www.celttv.com.ar\/index.php\/2023\/03\/18\/jorge-schmidt-en-el-ano-de-su-80o-aniversario-union-ejecuta-obras-y-proyecta-distintos-eventos\/\"},\"author\":{\"name\":\"Miguel Herrada\",\"@id\":\"https:\/\/www.celttv.com.ar\/#\/schema\/person\/9059dc91dc7204ef4182cdb65225f07d\"},\"headline\":\"Jorge Schmidt: En el a\u00f1o de su 80\u00ba Aniversario Uni\u00f3n ejecuta obras y proyecta distintos eventos\",\"datePublished\":\"2023-03-18T16:25:24+00:00\",\"dateModified\":\"2023-03-18T16:25:24+00:00\",\"mainEntityOfPage\":{\"@id\":\"https:\/\/www.celttv.com.ar\/index.php\/2023\/03\/18\/jorge-schmidt-en-el-ano-de-su-80o-aniversario-union-ejecuta-obras-y-proyecta-distintos-eventos\/\"},\"wordCount\":507,\"publisher\":{\"@id\":\"https:\/\/www.celttv.com.ar\/#organization\"},\"keywords\":[\"Jorge Schmidt: En el a\u00f1o de su 80\u00ba Aniversario Uni\u00f3n ejecuta obras y proyecta distintos eventos\"],\"articleSection\":[\"Comunidad\",\"Culture\",\"Deporte\",\"Destacadas\"],\"inLanguage\":\"es\"},{\"@type\":\"WebPage\",\"@id\":\"https:\/\/www.celttv.com.ar\/index.php\/2023\/03\/18\/jorge-schmidt-en-el-ano-de-su-80o-aniversario-union-ejecuta-obras-y-proyecta-distintos-eventos\/\",\"url\":\"https:\/\/www.celttv.com.ar\/index.php\/2023\/03\/18\/jorge-schmidt-en-el-ano-de-su-80o-aniversario-union-ejecuta-obras-y-proyecta-distintos-eventos\/\",\"name\":\"Jorge Schmidt: En el a\u00f1o de su 80\u00ba Aniversario Uni\u00f3n ejecuta obras y proyecta distintos eventos - CELTTV\",\"isPartOf\":{\"@id\":\"https:\/\/www.celttv.com.ar\/#website\"},\"datePublished\":\"2023-03-18T16:25:24+00:00\",\"dateModified\":\"2023-03-18T16:25:24+00:00\",\"description\":\"Sitio web de noticias de la localidad de Tornquist, provincia de Buenos Aires, Rep\u00fablica Argentina. Contenido propio originado por periodistas de CELTTV, el canal de TV local de la Cooperativa El\u00e9ctrica de Tornquist. Turismo, Pol\u00edtica, Sociedad, Deporte, Cultura y todo el contenido de inter\u00e9s general que la gente del pueblo y la regi\u00f3n debe conocer.\",\"breadcrumb\":{\"@id\":\"https:\/\/www.celttv.com.ar\/index.php\/2023\/03\/18\/jorge-schmidt-en-el-ano-de-su-80o-aniversario-union-ejecuta-obras-y-proyecta-distintos-eventos\/#breadcrumb\"},\"inLanguage\":\"es\",\"potentialAction\":[{\"@type\":\"ReadAction\",\"target\":[\"https:\/\/www.celttv.com.ar\/index.php\/2023\/03\/18\/jorge-schmidt-en-el-ano-de-su-80o-aniversario-union-ejecuta-obras-y-proyecta-distintos-eventos\/\"]}]},{\"@type\":\"BreadcrumbList\",\"@id\":\"https:\/\/www.celttv.com.ar\/index.php\/2023\/03\/18\/jorge-schmidt-en-el-ano-de-su-80o-aniversario-union-ejecuta-obras-y-proyecta-distintos-eventos\/#breadcrumb\",\"itemListElement\":[{\"@type\":\"ListItem\",\"position\":1,\"name\":\"Inicio\",\"item\":\"https:\/\/www.celttv.com.ar\/\"},{\"@type\":\"ListItem\",\"position\":2,\"name\":\"Jorge Schmidt: En el a\u00f1o de su 80\u00ba Aniversario Uni\u00f3n ejecuta obras y proyecta distintos eventos\"}]},{\"@type\":\"WebSite\",\"@id\":\"https:\/\/www.celttv.com.ar\/#website\",\"url\":\"https:\/\/www.celttv.com.ar\/\",\"name\":\"CELTTV\",\"description\":\"Cooperativa El\u00e9ctrica de Tornquist\",\"publisher\":{\"@id\":\"https:\/\/www.celttv.com.ar\/#organization\"},\"potentialAction\":[{\"@type\":\"SearchAction\",\"target\":{\"@type\":\"EntryPoint\",\"urlTemplate\":\"https:\/\/www.celttv.com.ar\/?s={search_term_string}\"},\"query-input\":\"required name=search_term_string\"}],\"inLanguage\":\"es\"},{\"@type\":\"Organization\",\"@id\":\"https:\/\/www.celttv.com.ar\/#organization\",\"name\":\"CELTTV\",\"url\":\"https:\/\/www.celttv.com.ar\/\",\"sameAs\":[\"https:\/\/www.youtube.com\/channel\/UCz_oIt8Hig64Ub-EmcNPIhg\",\"https:\/\/www.facebook.com\/celtTV\/\"],\"logo\":{\"@type\":\"ImageObject\",\"inLanguage\":\"es\",\"@id\":\"https:\/\/www.celttv.com.ar\/#\/schema\/logo\/image\/\",\"url\":\"http:\/\/www.celttv.com.ar\/wp-content\/uploads\/2022\/08\/logo-1.png\",\"contentUrl\":\"http:\/\/www.celttv.com.ar\/wp-content\/uploads\/2022\/08\/logo-1.png\",\"width\":461,\"height\":159,\"caption\":\"CELTTV\"},\"image\":{\"@id\":\"https:\/\/www.celttv.com.ar\/#\/schema\/logo\/image\/\"}},{\"@type\":\"Person\",\"@id\":\"https:\/\/www.celttv.com.ar\/#\/schema\/person\/9059dc91dc7204ef4182cdb65225f07d\",\"name\":\"Miguel Herrada\",\"image\":{\"@type\":\"ImageObject\",\"inLanguage\":\"es\",\"@id\":\"https:\/\/www.celttv.com.ar\/#\/schema\/person\/image\/\",\"url\":\"https:\/\/secure.gravatar.com\/avatar\/67724d5b3c716623ffd76bec7e45841a442ac3b456e914dbba90b0fad2b8e0b1?s=96&d=mm&r=g\",\"contentUrl\":\"https:\/\/secure.gravatar.com\/avatar\/67724d5b3c716623ffd76bec7e45841a442ac3b456e914dbba90b0fad2b8e0b1?s=96&d=mm&r=g\",\"caption\":\"Miguel Herrada\"}}]}<\/script>\n<!-- \/ Yoast SEO plugin. -->","yoast_head_json":{"title":"Jorge Schmidt: En el a\u00f1o de su 80\u00ba Aniversario Uni\u00f3n ejecuta obras y proyecta distintos eventos - CELTTV","description":"Sitio web de noticias de la localidad de Tornquist, provincia de Buenos Aires, Rep\u00fablica Argentina. Contenido propio originado por periodistas de CELTTV, el canal de TV local de la Cooperativa El\u00e9ctrica de Tornquist. Turismo, Pol\u00edtica, Sociedad, Deporte, Cultura y todo el contenido de inter\u00e9s general que la gente del pueblo y la regi\u00f3n debe conocer.","robots":{"index":"index","follow":"follow","max-snippet":"max-snippet:-1","max-image-preview":"max-image-preview:large","max-video-preview":"max-video-preview:-1"},"canonical":"https:\/\/www.celttv.com.ar\/index.php\/2023\/03\/18\/jorge-schmidt-en-el-ano-de-su-80o-aniversario-union-ejecuta-obras-y-proyecta-distintos-eventos\/","og_locale":"es_ES","og_type":"article","og_title":"Jorge Schmidt: En el a\u00f1o de su 80\u00ba Aniversario Uni\u00f3n ejecuta obras y proyecta distintos eventos - CELTTV","og_description":"Sitio web de noticias de la localidad de Tornquist, provincia de Buenos Aires, Rep\u00fablica Argentina. Contenido propio originado por periodistas de CELTTV, el canal de TV local de la Cooperativa El\u00e9ctrica de Tornquist. Turismo, Pol\u00edtica, Sociedad, Deporte, Cultura y todo el contenido de inter\u00e9s general que la gente del pueblo y la regi\u00f3n debe conocer.","og_url":"https:\/\/www.celttv.com.ar\/index.php\/2023\/03\/18\/jorge-schmidt-en-el-ano-de-su-80o-aniversario-union-ejecuta-obras-y-proyecta-distintos-eventos\/","og_site_name":"CELTTV","article_publisher":"https:\/\/www.facebook.com\/celtTV\/","article_published_time":"2023-03-18T16:25:24+00:00","og_image":[{"width":1054,"height":695,"url":"https:\/\/www.celttv.com.ar\/wp-content\/uploads\/2023\/03\/Jorge-Schmidt.jpg","type":"image\/jpeg"}],"author":"Miguel Herrada","twitter_card":"summary_large_image","twitter_misc":{"Escrito por":"Miguel Herrada","Tiempo de lectura":"2 minutos"},"schema":{"@context":"https:\/\/schema.org","@graph":[{"@type":"NewsArticle","@id":"https:\/\/www.celttv.com.ar\/index.php\/2023\/03\/18\/jorge-schmidt-en-el-ano-de-su-80o-aniversario-union-ejecuta-obras-y-proyecta-distintos-eventos\/#article","isPartOf":{"@id":"https:\/\/www.celttv.com.ar\/index.php\/2023\/03\/18\/jorge-schmidt-en-el-ano-de-su-80o-aniversario-union-ejecuta-obras-y-proyecta-distintos-eventos\/"},"author":{"name":"Miguel Herrada","@id":"https:\/\/www.celttv.com.ar\/#\/schema\/person\/9059dc91dc7204ef4182cdb65225f07d"},"headline":"Jorge Schmidt: En el a\u00f1o de su 80\u00ba Aniversario Uni\u00f3n ejecuta obras y proyecta distintos eventos","datePublished":"2023-03-18T16:25:24+00:00","dateModified":"2023-03-18T16:25:24+00:00","mainEntityOfPage":{"@id":"https:\/\/www.celttv.com.ar\/index.php\/2023\/03\/18\/jorge-schmidt-en-el-ano-de-su-80o-aniversario-union-ejecuta-obras-y-proyecta-distintos-eventos\/"},"wordCount":507,"publisher":{"@id":"https:\/\/www.celttv.com.ar\/#organization"},"keywords":["Jorge Schmidt: En el a\u00f1o de su 80\u00ba Aniversario Uni\u00f3n ejecuta obras y proyecta distintos eventos"],"articleSection":["Comunidad","Culture","Deporte","Destacadas"],"inLanguage":"es"},{"@type":"WebPage","@id":"https:\/\/www.celttv.com.ar\/index.php\/2023\/03\/18\/jorge-schmidt-en-el-ano-de-su-80o-aniversario-union-ejecuta-obras-y-proyecta-distintos-eventos\/","url":"https:\/\/www.celttv.com.ar\/index.php\/2023\/03\/18\/jorge-schmidt-en-el-ano-de-su-80o-aniversario-union-ejecuta-obras-y-proyecta-distintos-eventos\/","name":"Jorge Schmidt: En el a\u00f1o de su 80\u00ba Aniversario Uni\u00f3n ejecuta obras y proyecta distintos eventos - CELTTV","isPartOf":{"@id":"https:\/\/www.celttv.com.ar\/#website"},"datePublished":"2023-03-18T16:25:24+00:00","dateModified":"2023-03-18T16:25:24+00:00","description":"Sitio web de noticias de la localidad de Tornquist, provincia de Buenos Aires, Rep\u00fablica Argentina. Contenido propio originado por periodistas de CELTTV, el canal de TV local de la Cooperativa El\u00e9ctrica de Tornquist. Turismo, Pol\u00edtica, Sociedad, Deporte, Cultura y todo el contenido de inter\u00e9s general que la gente del pueblo y la regi\u00f3n debe conocer.","breadcrumb":{"@id":"https:\/\/www.celttv.com.ar\/index.php\/2023\/03\/18\/jorge-schmidt-en-el-ano-de-su-80o-aniversario-union-ejecuta-obras-y-proyecta-distintos-eventos\/#breadcrumb"},"inLanguage":"es","potentialAction":[{"@type":"ReadAction","target":["https:\/\/www.celttv.com.ar\/index.php\/2023\/03\/18\/jorge-schmidt-en-el-ano-de-su-80o-aniversario-union-ejecuta-obras-y-proyecta-distintos-eventos\/"]}]},{"@type":"BreadcrumbList","@id":"https:\/\/www.celttv.com.ar\/index.php\/2023\/03\/18\/jorge-schmidt-en-el-ano-de-su-80o-aniversario-union-ejecuta-obras-y-proyecta-distintos-eventos\/#breadcrumb","itemListElement":[{"@type":"ListItem","position":1,"name":"Inicio","item":"https:\/\/www.celttv.com.ar\/"},{"@type":"ListItem","position":2,"name":"Jorge Schmidt: En el a\u00f1o de su 80\u00ba Aniversario Uni\u00f3n ejecuta obras y proyecta distintos eventos"}]},{"@type":"WebSite","@id":"https:\/\/www.celttv.com.ar\/#website","url":"https:\/\/www.celttv.com.ar\/","name":"CELTTV","description":"Cooperativa El\u00e9ctrica de Tornquist","publisher":{"@id":"https:\/\/www.celttv.com.ar\/#organization"},"potentialAction":[{"@type":"SearchAction","target":{"@type":"EntryPoint","urlTemplate":"https:\/\/www.celttv.com.ar\/?s={search_term_string}"},"query-input":"required name=search_term_string"}],"inLanguage":"es"},{"@type":"Organization","@id":"https:\/\/www.celttv.com.ar\/#organization","name":"CELTTV","url":"https:\/\/www.celttv.com.ar\/","sameAs":["https:\/\/www.youtube.com\/channel\/UCz_oIt8Hig64Ub-EmcNPIhg","https:\/\/www.facebook.com\/celtTV\/"],"logo":{"@type":"ImageObject","inLanguage":"es","@id":"https:\/\/www.celttv.com.ar\/#\/schema\/logo\/image\/","url":"http:\/\/www.celttv.com.ar\/wp-content\/uploads\/2022\/08\/logo-1.png","contentUrl":"http:\/\/www.celttv.com.ar\/wp-content\/uploads\/2022\/08\/logo-1.png","width":461,"height":159,"caption":"CELTTV"},"image":{"@id":"https:\/\/www.celttv.com.ar\/#\/schema\/logo\/image\/"}},{"@type":"Person","@id":"https:\/\/www.celttv.com.ar\/#\/schema\/person\/9059dc91dc7204ef4182cdb65225f07d","name":"Miguel Herrada","image":{"@type":"ImageObject","inLanguage":"es","@id":"https:\/\/www.celttv.com.ar\/#\/schema\/person\/image\/","url":"https:\/\/secure.gravatar.com\/avatar\/67724d5b3c716623ffd76bec7e45841a442ac3b456e914dbba90b0fad2b8e0b1?s=96&d=mm&r=g","contentUrl":"https:\/\/secure.gravatar.com\/avatar\/67724d5b3c716623ffd76bec7e45841a442ac3b456e914dbba90b0fad2b8e0b1?s=96&d=mm&r=g","caption":"Miguel Herrada"}}]}},"_links":{"self":[{"href":"https:\/\/www.celttv.com.ar\/index.php\/wp-json\/wp\/v2\/posts\/74390","targetHints":{"allow":["GET"]}}],"collection":[{"href":"https:\/\/www.celttv.com.ar\/index.php\/wp-json\/wp\/v2\/posts"}],"about":[{"href":"https:\/\/www.celttv.com.ar\/index.php\/wp-json\/wp\/v2\/types\/post"}],"author":[{"embeddable":true,"href":"https:\/\/www.celttv.com.ar\/index.php\/wp-json\/wp\/v2\/users\/5"}],"replies":[{"embeddable":true,"href":"https:\/\/www.celttv.com.ar\/index.php\/wp-json\/wp\/v2\/comments?post=74390"}],"version-history":[{"count":1,"href":"https:\/\/www.celttv.com.ar\/index.php\/wp-json\/wp\/v2\/posts\/74390\/revisions"}],"predecessor-version":[{"id":74392,"href":"https:\/\/www.celttv.com.ar\/index.php\/wp-json\/wp\/v2\/posts\/74390\/revisions\/74392"}],"wp:featuredmedia":[{"embeddable":true,"href":"https:\/\/www.celttv.com.ar\/index.php\/wp-json\/wp\/v2\/media\/74391"}],"wp:attachment":[{"href":"https:\/\/www.celttv.com.ar\/index.php\/wp-json\/wp\/v2\/media?parent=74390"}],"wp:term":[{"taxonomy":"category","embeddable":true,"href":"https:\/\/www.celttv.com.ar\/index.php\/wp-json\/wp\/v2\/categories?post=74390"},{"taxonomy":"post_tag","embeddable":true,"href":"https:\/\/www.celttv.com.ar\/index.php\/wp-json\/wp\/v2\/tags?post=74390"}],"curies":[{"name":"wp","href":"https:\/\/api.w.org\/{rel}","templated":true}]}}