{"id":74419,"date":"2023-03-20T21:03:39","date_gmt":"2023-03-21T00:03:39","guid":{"rendered":"http:\/\/www.celttv.com.ar\/?p=74419"},"modified":"2023-03-20T21:03:39","modified_gmt":"2023-03-21T00:03:39","slug":"invitacion-al-acto-oficial-por-el-dia-nacional-de-la-memoria-por-la-verdad-y-la-justicia","status":"publish","type":"post","link":"https:\/\/www.celttv.com.ar\/index.php\/2023\/03\/20\/invitacion-al-acto-oficial-por-el-dia-nacional-de-la-memoria-por-la-verdad-y-la-justicia\/","title":{"rendered":"Invitaci\u00f3n al Acto Oficial por el D\u00eda Nacional de la Memoria por la Verdad y la Justicia"},"content":{"rendered":"<p>El intendente Sergio Bordoni, invita a la comunidad al Acto Oficial por el D\u00eda Nacional de la Memoria por la Verdad y la Justicia, a desarrollarse el viernes 24\/3 a partir de las 9.45 hs en la plaza \u2018Ernesto Tornquist\u2019 de la localidad cabecera del distrito (Av. Gral. Paz y 25 de Mayo).<\/p>\n<p><img loading=\"lazy\" decoding=\"async\" class=\"alignnone size-medium wp-image-74420\" src=\"http:\/\/www.celttv.com.ar\/wp-content\/uploads\/2023\/03\/diamemoria-verdad-justicia-300x300.jpeg\" alt=\"\" width=\"300\" height=\"300\" srcset=\"https:\/\/www.celttv.com.ar\/wp-content\/uploads\/2023\/03\/diamemoria-verdad-justicia-300x300.jpeg 300w, https:\/\/www.celttv.com.ar\/wp-content\/uploads\/2023\/03\/diamemoria-verdad-justicia-1024x1024.jpeg 1024w, https:\/\/www.celttv.com.ar\/wp-content\/uploads\/2023\/03\/diamemoria-verdad-justicia-150x150.jpeg 150w, https:\/\/www.celttv.com.ar\/wp-content\/uploads\/2023\/03\/diamemoria-verdad-justicia-768x768.jpeg 768w, https:\/\/www.celttv.com.ar\/wp-content\/uploads\/2023\/03\/diamemoria-verdad-justicia-75x75.jpeg 75w, https:\/\/www.celttv.com.ar\/wp-content\/uploads\/2023\/03\/diamemoria-verdad-justicia-750x750.jpeg 750w, https:\/\/www.celttv.com.ar\/wp-content\/uploads\/2023\/03\/diamemoria-verdad-justicia.jpeg 1080w\" sizes=\"auto, (max-width: 300px) 100vw, 300px\" \/><\/p>\n","protected":false},"excerpt":{"rendered":"<p>El intendente Sergio Bordoni, invita a la comunidad al Acto Oficial por el D\u00eda Nacional de la Memoria por la Verdad y la Justicia, a desarrollarse el viernes 24\/3 a partir de las 9.45 hs en la plaza \u2018Ernesto Tornquist\u2019 de la localidad cabecera del distrito (Av. Gral. Paz y 25 de Mayo).<\/p>\n","protected":false},"author":5,"featured_media":74420,"comment_status":"closed","ping_status":"closed","sticky":false,"template":"","format":"standard","meta":{"footnotes":""},"categories":[51,26,52,59],"tags":[],"class_list":["post-74419","post","type-post","status-publish","format-standard","has-post-thumbnail","hentry","category-comunidad","category-culture","category-destacadas","category-municipales"],"yoast_head":"<!-- This site is optimized with the Yoast SEO plugin v19.7.1 - https:\/\/yoast.com\/wordpress\/plugins\/seo\/ -->\n<title>Invitaci\u00f3n al Acto Oficial por el D\u00eda Nacional de la Memoria por la Verdad y la Justicia - CELTTV<\/title>\n<meta name=\"description\" content=\"Sitio web de noticias de la localidad de Tornquist, provincia de Buenos Aires, Rep\u00fablica Argentina. Contenido propio originado por periodistas de CELTTV, el canal de TV local de la Cooperativa El\u00e9ctrica de Tornquist. Turismo, Pol\u00edtica, Sociedad, Deporte, Cultura y todo el contenido de inter\u00e9s general que la gente del pueblo y la regi\u00f3n debe conocer.\" \/>\n<meta name=\"robots\" content=\"index, follow, max-snippet:-1, max-image-preview:large, max-video-preview:-1\" \/>\n<link rel=\"canonical\" href=\"https:\/\/www.celttv.com.ar\/index.php\/2023\/03\/20\/invitacion-al-acto-oficial-por-el-dia-nacional-de-la-memoria-por-la-verdad-y-la-justicia\/\" \/>\n<meta property=\"og:locale\" content=\"es_ES\" \/>\n<meta property=\"og:type\" content=\"article\" \/>\n<meta property=\"og:title\" content=\"Invitaci\u00f3n al Acto Oficial por el D\u00eda Nacional de la Memoria por la Verdad y la Justicia - CELTTV\" \/>\n<meta property=\"og:description\" content=\"Sitio web de noticias de la localidad de Tornquist, provincia de Buenos Aires, Rep\u00fablica Argentina. Contenido propio originado por periodistas de CELTTV, el canal de TV local de la Cooperativa El\u00e9ctrica de Tornquist. Turismo, Pol\u00edtica, Sociedad, Deporte, Cultura y todo el contenido de inter\u00e9s general que la gente del pueblo y la regi\u00f3n debe conocer.\" \/>\n<meta property=\"og:url\" content=\"https:\/\/www.celttv.com.ar\/index.php\/2023\/03\/20\/invitacion-al-acto-oficial-por-el-dia-nacional-de-la-memoria-por-la-verdad-y-la-justicia\/\" \/>\n<meta property=\"og:site_name\" content=\"CELTTV\" \/>\n<meta property=\"article:publisher\" content=\"https:\/\/www.facebook.com\/celtTV\/\" \/>\n<meta property=\"article:published_time\" content=\"2023-03-21T00:03:39+00:00\" \/>\n<meta property=\"og:image\" content=\"https:\/\/www.celttv.com.ar\/wp-content\/uploads\/2023\/03\/diamemoria-verdad-justicia.jpeg\" \/>\n\t<meta property=\"og:image:width\" content=\"1080\" \/>\n\t<meta property=\"og:image:height\" content=\"1080\" \/>\n\t<meta property=\"og:image:type\" content=\"image\/jpeg\" \/>\n<meta name=\"author\" content=\"Miguel Herrada\" \/>\n<meta name=\"twitter:card\" content=\"summary_large_image\" \/>\n<meta name=\"twitter:label1\" content=\"Escrito por\" \/>\n\t<meta name=\"twitter:data1\" content=\"Miguel Herrada\" \/>\n<script type=\"application\/ld+json\" class=\"yoast-schema-graph\">{\"@context\":\"https:\/\/schema.org\",\"@graph\":[{\"@type\":\"NewsArticle\",\"@id\":\"https:\/\/www.celttv.com.ar\/index.php\/2023\/03\/20\/invitacion-al-acto-oficial-por-el-dia-nacional-de-la-memoria-por-la-verdad-y-la-justicia\/#article\",\"isPartOf\":{\"@id\":\"https:\/\/www.celttv.com.ar\/index.php\/2023\/03\/20\/invitacion-al-acto-oficial-por-el-dia-nacional-de-la-memoria-por-la-verdad-y-la-justicia\/\"},\"author\":{\"name\":\"Miguel Herrada\",\"@id\":\"https:\/\/www.celttv.com.ar\/#\/schema\/person\/9059dc91dc7204ef4182cdb65225f07d\"},\"headline\":\"Invitaci\u00f3n al Acto Oficial por el D\u00eda Nacional de la Memoria por la Verdad y la Justicia\",\"datePublished\":\"2023-03-21T00:03:39+00:00\",\"dateModified\":\"2023-03-21T00:03:39+00:00\",\"mainEntityOfPage\":{\"@id\":\"https:\/\/www.celttv.com.ar\/index.php\/2023\/03\/20\/invitacion-al-acto-oficial-por-el-dia-nacional-de-la-memoria-por-la-verdad-y-la-justicia\/\"},\"wordCount\":70,\"publisher\":{\"@id\":\"https:\/\/www.celttv.com.ar\/#organization\"},\"articleSection\":[\"Comunidad\",\"Culture\",\"Destacadas\",\"Municipales\"],\"inLanguage\":\"es\"},{\"@type\":\"WebPage\",\"@id\":\"https:\/\/www.celttv.com.ar\/index.php\/2023\/03\/20\/invitacion-al-acto-oficial-por-el-dia-nacional-de-la-memoria-por-la-verdad-y-la-justicia\/\",\"url\":\"https:\/\/www.celttv.com.ar\/index.php\/2023\/03\/20\/invitacion-al-acto-oficial-por-el-dia-nacional-de-la-memoria-por-la-verdad-y-la-justicia\/\",\"name\":\"Invitaci\u00f3n al Acto Oficial por el D\u00eda Nacional de la Memoria por la Verdad y la Justicia - CELTTV\",\"isPartOf\":{\"@id\":\"https:\/\/www.celttv.com.ar\/#website\"},\"datePublished\":\"2023-03-21T00:03:39+00:00\",\"dateModified\":\"2023-03-21T00:03:39+00:00\",\"description\":\"Sitio web de noticias de la localidad de Tornquist, provincia de Buenos Aires, Rep\u00fablica Argentina. Contenido propio originado por periodistas de CELTTV, el canal de TV local de la Cooperativa El\u00e9ctrica de Tornquist. Turismo, Pol\u00edtica, Sociedad, Deporte, Cultura y todo el contenido de inter\u00e9s general que la gente del pueblo y la regi\u00f3n debe conocer.\",\"breadcrumb\":{\"@id\":\"https:\/\/www.celttv.com.ar\/index.php\/2023\/03\/20\/invitacion-al-acto-oficial-por-el-dia-nacional-de-la-memoria-por-la-verdad-y-la-justicia\/#breadcrumb\"},\"inLanguage\":\"es\",\"potentialAction\":[{\"@type\":\"ReadAction\",\"target\":[\"https:\/\/www.celttv.com.ar\/index.php\/2023\/03\/20\/invitacion-al-acto-oficial-por-el-dia-nacional-de-la-memoria-por-la-verdad-y-la-justicia\/\"]}]},{\"@type\":\"BreadcrumbList\",\"@id\":\"https:\/\/www.celttv.com.ar\/index.php\/2023\/03\/20\/invitacion-al-acto-oficial-por-el-dia-nacional-de-la-memoria-por-la-verdad-y-la-justicia\/#breadcrumb\",\"itemListElement\":[{\"@type\":\"ListItem\",\"position\":1,\"name\":\"Inicio\",\"item\":\"https:\/\/www.celttv.com.ar\/\"},{\"@type\":\"ListItem\",\"position\":2,\"name\":\"Invitaci\u00f3n al Acto Oficial por el D\u00eda Nacional de la Memoria por la Verdad y la Justicia\"}]},{\"@type\":\"WebSite\",\"@id\":\"https:\/\/www.celttv.com.ar\/#website\",\"url\":\"https:\/\/www.celttv.com.ar\/\",\"name\":\"CELTTV\",\"description\":\"Cooperativa El\u00e9ctrica de Tornquist\",\"publisher\":{\"@id\":\"https:\/\/www.celttv.com.ar\/#organization\"},\"potentialAction\":[{\"@type\":\"SearchAction\",\"target\":{\"@type\":\"EntryPoint\",\"urlTemplate\":\"https:\/\/www.celttv.com.ar\/?s={search_term_string}\"},\"query-input\":\"required name=search_term_string\"}],\"inLanguage\":\"es\"},{\"@type\":\"Organization\",\"@id\":\"https:\/\/www.celttv.com.ar\/#organization\",\"name\":\"CELTTV\",\"url\":\"https:\/\/www.celttv.com.ar\/\",\"sameAs\":[\"https:\/\/www.youtube.com\/channel\/UCz_oIt8Hig64Ub-EmcNPIhg\",\"https:\/\/www.facebook.com\/celtTV\/\"],\"logo\":{\"@type\":\"ImageObject\",\"inLanguage\":\"es\",\"@id\":\"https:\/\/www.celttv.com.ar\/#\/schema\/logo\/image\/\",\"url\":\"http:\/\/www.celttv.com.ar\/wp-content\/uploads\/2022\/08\/logo-1.png\",\"contentUrl\":\"http:\/\/www.celttv.com.ar\/wp-content\/uploads\/2022\/08\/logo-1.png\",\"width\":461,\"height\":159,\"caption\":\"CELTTV\"},\"image\":{\"@id\":\"https:\/\/www.celttv.com.ar\/#\/schema\/logo\/image\/\"}},{\"@type\":\"Person\",\"@id\":\"https:\/\/www.celttv.com.ar\/#\/schema\/person\/9059dc91dc7204ef4182cdb65225f07d\",\"name\":\"Miguel Herrada\",\"image\":{\"@type\":\"ImageObject\",\"inLanguage\":\"es\",\"@id\":\"https:\/\/www.celttv.com.ar\/#\/schema\/person\/image\/\",\"url\":\"https:\/\/secure.gravatar.com\/avatar\/67724d5b3c716623ffd76bec7e45841a442ac3b456e914dbba90b0fad2b8e0b1?s=96&d=mm&r=g\",\"contentUrl\":\"https:\/\/secure.gravatar.com\/avatar\/67724d5b3c716623ffd76bec7e45841a442ac3b456e914dbba90b0fad2b8e0b1?s=96&d=mm&r=g\",\"caption\":\"Miguel Herrada\"}}]}<\/script>\n<!-- \/ Yoast SEO plugin. -->","yoast_head_json":{"title":"Invitaci\u00f3n al Acto Oficial por el D\u00eda Nacional de la Memoria por la Verdad y la Justicia - CELTTV","description":"Sitio web de noticias de la localidad de Tornquist, provincia de Buenos Aires, Rep\u00fablica Argentina. Contenido propio originado por periodistas de CELTTV, el canal de TV local de la Cooperativa El\u00e9ctrica de Tornquist. Turismo, Pol\u00edtica, Sociedad, Deporte, Cultura y todo el contenido de inter\u00e9s general que la gente del pueblo y la regi\u00f3n debe conocer.","robots":{"index":"index","follow":"follow","max-snippet":"max-snippet:-1","max-image-preview":"max-image-preview:large","max-video-preview":"max-video-preview:-1"},"canonical":"https:\/\/www.celttv.com.ar\/index.php\/2023\/03\/20\/invitacion-al-acto-oficial-por-el-dia-nacional-de-la-memoria-por-la-verdad-y-la-justicia\/","og_locale":"es_ES","og_type":"article","og_title":"Invitaci\u00f3n al Acto Oficial por el D\u00eda Nacional de la Memoria por la Verdad y la Justicia - CELTTV","og_description":"Sitio web de noticias de la localidad de Tornquist, provincia de Buenos Aires, Rep\u00fablica Argentina. Contenido propio originado por periodistas de CELTTV, el canal de TV local de la Cooperativa El\u00e9ctrica de Tornquist. Turismo, Pol\u00edtica, Sociedad, Deporte, Cultura y todo el contenido de inter\u00e9s general que la gente del pueblo y la regi\u00f3n debe conocer.","og_url":"https:\/\/www.celttv.com.ar\/index.php\/2023\/03\/20\/invitacion-al-acto-oficial-por-el-dia-nacional-de-la-memoria-por-la-verdad-y-la-justicia\/","og_site_name":"CELTTV","article_publisher":"https:\/\/www.facebook.com\/celtTV\/","article_published_time":"2023-03-21T00:03:39+00:00","og_image":[{"width":1080,"height":1080,"url":"https:\/\/www.celttv.com.ar\/wp-content\/uploads\/2023\/03\/diamemoria-verdad-justicia.jpeg","type":"image\/jpeg"}],"author":"Miguel Herrada","twitter_card":"summary_large_image","twitter_misc":{"Escrito por":"Miguel Herrada"},"schema":{"@context":"https:\/\/schema.org","@graph":[{"@type":"NewsArticle","@id":"https:\/\/www.celttv.com.ar\/index.php\/2023\/03\/20\/invitacion-al-acto-oficial-por-el-dia-nacional-de-la-memoria-por-la-verdad-y-la-justicia\/#article","isPartOf":{"@id":"https:\/\/www.celttv.com.ar\/index.php\/2023\/03\/20\/invitacion-al-acto-oficial-por-el-dia-nacional-de-la-memoria-por-la-verdad-y-la-justicia\/"},"author":{"name":"Miguel Herrada","@id":"https:\/\/www.celttv.com.ar\/#\/schema\/person\/9059dc91dc7204ef4182cdb65225f07d"},"headline":"Invitaci\u00f3n al Acto Oficial por el D\u00eda Nacional de la Memoria por la Verdad y la Justicia","datePublished":"2023-03-21T00:03:39+00:00","dateModified":"2023-03-21T00:03:39+00:00","mainEntityOfPage":{"@id":"https:\/\/www.celttv.com.ar\/index.php\/2023\/03\/20\/invitacion-al-acto-oficial-por-el-dia-nacional-de-la-memoria-por-la-verdad-y-la-justicia\/"},"wordCount":70,"publisher":{"@id":"https:\/\/www.celttv.com.ar\/#organization"},"articleSection":["Comunidad","Culture","Destacadas","Municipales"],"inLanguage":"es"},{"@type":"WebPage","@id":"https:\/\/www.celttv.com.ar\/index.php\/2023\/03\/20\/invitacion-al-acto-oficial-por-el-dia-nacional-de-la-memoria-por-la-verdad-y-la-justicia\/","url":"https:\/\/www.celttv.com.ar\/index.php\/2023\/03\/20\/invitacion-al-acto-oficial-por-el-dia-nacional-de-la-memoria-por-la-verdad-y-la-justicia\/","name":"Invitaci\u00f3n al Acto Oficial por el D\u00eda Nacional de la Memoria por la Verdad y la Justicia - CELTTV","isPartOf":{"@id":"https:\/\/www.celttv.com.ar\/#website"},"datePublished":"2023-03-21T00:03:39+00:00","dateModified":"2023-03-21T00:03:39+00:00","description":"Sitio web de noticias de la localidad de Tornquist, provincia de Buenos Aires, Rep\u00fablica Argentina. Contenido propio originado por periodistas de CELTTV, el canal de TV local de la Cooperativa El\u00e9ctrica de Tornquist. Turismo, Pol\u00edtica, Sociedad, Deporte, Cultura y todo el contenido de inter\u00e9s general que la gente del pueblo y la regi\u00f3n debe conocer.","breadcrumb":{"@id":"https:\/\/www.celttv.com.ar\/index.php\/2023\/03\/20\/invitacion-al-acto-oficial-por-el-dia-nacional-de-la-memoria-por-la-verdad-y-la-justicia\/#breadcrumb"},"inLanguage":"es","potentialAction":[{"@type":"ReadAction","target":["https:\/\/www.celttv.com.ar\/index.php\/2023\/03\/20\/invitacion-al-acto-oficial-por-el-dia-nacional-de-la-memoria-por-la-verdad-y-la-justicia\/"]}]},{"@type":"BreadcrumbList","@id":"https:\/\/www.celttv.com.ar\/index.php\/2023\/03\/20\/invitacion-al-acto-oficial-por-el-dia-nacional-de-la-memoria-por-la-verdad-y-la-justicia\/#breadcrumb","itemListElement":[{"@type":"ListItem","position":1,"name":"Inicio","item":"https:\/\/www.celttv.com.ar\/"},{"@type":"ListItem","position":2,"name":"Invitaci\u00f3n al Acto Oficial por el D\u00eda Nacional de la Memoria por la Verdad y la Justicia"}]},{"@type":"WebSite","@id":"https:\/\/www.celttv.com.ar\/#website","url":"https:\/\/www.celttv.com.ar\/","name":"CELTTV","description":"Cooperativa El\u00e9ctrica de Tornquist","publisher":{"@id":"https:\/\/www.celttv.com.ar\/#organization"},"potentialAction":[{"@type":"SearchAction","target":{"@type":"EntryPoint","urlTemplate":"https:\/\/www.celttv.com.ar\/?s={search_term_string}"},"query-input":"required name=search_term_string"}],"inLanguage":"es"},{"@type":"Organization","@id":"https:\/\/www.celttv.com.ar\/#organization","name":"CELTTV","url":"https:\/\/www.celttv.com.ar\/","sameAs":["https:\/\/www.youtube.com\/channel\/UCz_oIt8Hig64Ub-EmcNPIhg","https:\/\/www.facebook.com\/celtTV\/"],"logo":{"@type":"ImageObject","inLanguage":"es","@id":"https:\/\/www.celttv.com.ar\/#\/schema\/logo\/image\/","url":"http:\/\/www.celttv.com.ar\/wp-content\/uploads\/2022\/08\/logo-1.png","contentUrl":"http:\/\/www.celttv.com.ar\/wp-content\/uploads\/2022\/08\/logo-1.png","width":461,"height":159,"caption":"CELTTV"},"image":{"@id":"https:\/\/www.celttv.com.ar\/#\/schema\/logo\/image\/"}},{"@type":"Person","@id":"https:\/\/www.celttv.com.ar\/#\/schema\/person\/9059dc91dc7204ef4182cdb65225f07d","name":"Miguel Herrada","image":{"@type":"ImageObject","inLanguage":"es","@id":"https:\/\/www.celttv.com.ar\/#\/schema\/person\/image\/","url":"https:\/\/secure.gravatar.com\/avatar\/67724d5b3c716623ffd76bec7e45841a442ac3b456e914dbba90b0fad2b8e0b1?s=96&d=mm&r=g","contentUrl":"https:\/\/secure.gravatar.com\/avatar\/67724d5b3c716623ffd76bec7e45841a442ac3b456e914dbba90b0fad2b8e0b1?s=96&d=mm&r=g","caption":"Miguel Herrada"}}]}},"_links":{"self":[{"href":"https:\/\/www.celttv.com.ar\/index.php\/wp-json\/wp\/v2\/posts\/74419","targetHints":{"allow":["GET"]}}],"collection":[{"href":"https:\/\/www.celttv.com.ar\/index.php\/wp-json\/wp\/v2\/posts"}],"about":[{"href":"https:\/\/www.celttv.com.ar\/index.php\/wp-json\/wp\/v2\/types\/post"}],"author":[{"embeddable":true,"href":"https:\/\/www.celttv.com.ar\/index.php\/wp-json\/wp\/v2\/users\/5"}],"replies":[{"embeddable":true,"href":"https:\/\/www.celttv.com.ar\/index.php\/wp-json\/wp\/v2\/comments?post=74419"}],"version-history":[{"count":1,"href":"https:\/\/www.celttv.com.ar\/index.php\/wp-json\/wp\/v2\/posts\/74419\/revisions"}],"predecessor-version":[{"id":74421,"href":"https:\/\/www.celttv.com.ar\/index.php\/wp-json\/wp\/v2\/posts\/74419\/revisions\/74421"}],"wp:featuredmedia":[{"embeddable":true,"href":"https:\/\/www.celttv.com.ar\/index.php\/wp-json\/wp\/v2\/media\/74420"}],"wp:attachment":[{"href":"https:\/\/www.celttv.com.ar\/index.php\/wp-json\/wp\/v2\/media?parent=74419"}],"wp:term":[{"taxonomy":"category","embeddable":true,"href":"https:\/\/www.celttv.com.ar\/index.php\/wp-json\/wp\/v2\/categories?post=74419"},{"taxonomy":"post_tag","embeddable":true,"href":"https:\/\/www.celttv.com.ar\/index.php\/wp-json\/wp\/v2\/tags?post=74419"}],"curies":[{"name":"wp","href":"https:\/\/api.w.org\/{rel}","templated":true}]}}