{"id":74422,"date":"2023-03-20T21:21:46","date_gmt":"2023-03-21T00:21:46","guid":{"rendered":"http:\/\/www.celttv.com.ar\/?p=74422"},"modified":"2023-03-21T21:20:50","modified_gmt":"2023-03-22T00:20:50","slug":"la-biblioteca-macedonio-fernandez-sufrio-un-acto-de-vandalismo","status":"publish","type":"post","link":"https:\/\/www.celttv.com.ar\/index.php\/2023\/03\/20\/la-biblioteca-macedonio-fernandez-sufrio-un-acto-de-vandalismo\/","title":{"rendered":"La Biblioteca Macedonio Fernandez sufri\u00f3 un acto de vandalismo (VIDEO)"},"content":{"rendered":"<div dir=\"auto\"><\/div>\n<div dir=\"auto\">En las \u00faltimas horas la Biblioteca Popular Macedonio Fernandez de Villa Ventana sufri\u00f3 un acto de vandalismo.<\/div>\n<div dir=\"auto\">Por tal motivo la instituci\u00f3n emiti\u00f3 un comunicado por los medios donde no ocultan su indignaci\u00f3n por lo ocurrido.<\/div>\n<div dir=\"auto\"><\/div>\n<div dir=\"auto\"><strong>A la comunidad de Villa Ventana:<\/strong><\/div>\n<div dir=\"auto\">Los pasados d\u00edas nos sorprendimos con lamentables incidentes en nuestro edificio: rotura de todas las farolas exteriores, la canilla, el mural y el vidrio de la puerta trasera del sal\u00f3n, donde encontramos un bul\u00f3n que hizo de proyectil.<\/div>\n<div dir=\"auto\">Es nuestro deseo que el espacio exterior siga siendo utilizado por la comunidad, tanto para los ni\u00f1os y ni\u00f1as que se acercan a jugar a la pelota, para los grupos de jovenes que se reunen en las mesas para tener acceso a nuestra se\u00f1al de internet, como para cualquier persona que quiera concurrir al patio de lectura.<\/div>\n<div dir=\"auto\">Por eso llamamos la atenci\u00f3n sobre este hecho haci\u00e9ndolo p\u00fablico e invitando a quienes utilizan nuestras instalaciones a comprometerse en el cuidado de las mismas, recordando que la biblioteca es un espacio autogestivo que se sostiene con el trabajo ad honorem de la comisi\u00f3n y el aporte de socios y socias.<\/div>\n<div dir=\"auto\">Adem\u00e1s de vivenciar el hecho como una agresi\u00f3n a nuestra instituci\u00f3n, debemos asumir gastos de reparaci\u00f3n que nos resultan por dem\u00e1s costosos. Esperamos que esta situaci\u00f3n no se repita, les recordamos que son bienvenidos a colaborar y disfrutar de nuestros servicios y actividades.<\/div>\n<div dir=\"auto\">\u00a1\u00a1\u00a1LA BIBLIO LA CUIDAMOS ENTRE TODXS!!!<\/div>\n<div dir=\"auto\"><\/div>\n<div dir=\"auto\"><\/div>\n<div dir=\"auto\"><img loading=\"lazy\" decoding=\"async\" class=\"alignnone size-medium wp-image-74423\" src=\"http:\/\/www.celttv.com.ar\/wp-content\/uploads\/2023\/03\/337037985_161412166776688_5508430832220336660_n-300x300.jpg\" alt=\"\" width=\"300\" height=\"300\" srcset=\"https:\/\/www.celttv.com.ar\/wp-content\/uploads\/2023\/03\/337037985_161412166776688_5508430832220336660_n-300x300.jpg 300w, https:\/\/www.celttv.com.ar\/wp-content\/uploads\/2023\/03\/337037985_161412166776688_5508430832220336660_n-150x150.jpg 150w, https:\/\/www.celttv.com.ar\/wp-content\/uploads\/2023\/03\/337037985_161412166776688_5508430832220336660_n-768x768.jpg 768w, https:\/\/www.celttv.com.ar\/wp-content\/uploads\/2023\/03\/337037985_161412166776688_5508430832220336660_n-75x75.jpg 75w, https:\/\/www.celttv.com.ar\/wp-content\/uploads\/2023\/03\/337037985_161412166776688_5508430832220336660_n-750x750.jpg 750w, https:\/\/www.celttv.com.ar\/wp-content\/uploads\/2023\/03\/337037985_161412166776688_5508430832220336660_n.jpg 960w\" sizes=\"auto, (max-width: 300px) 100vw, 300px\" \/> <img loading=\"lazy\" decoding=\"async\" class=\"alignnone size-medium wp-image-74424\" src=\"http:\/\/www.celttv.com.ar\/wp-content\/uploads\/2023\/03\/337145317_6132949006772792_3394840574206331414_n-300x300.jpg\" alt=\"\" width=\"300\" height=\"300\" srcset=\"https:\/\/www.celttv.com.ar\/wp-content\/uploads\/2023\/03\/337145317_6132949006772792_3394840574206331414_n-300x300.jpg 300w, https:\/\/www.celttv.com.ar\/wp-content\/uploads\/2023\/03\/337145317_6132949006772792_3394840574206331414_n-150x150.jpg 150w, https:\/\/www.celttv.com.ar\/wp-content\/uploads\/2023\/03\/337145317_6132949006772792_3394840574206331414_n-768x768.jpg 768w, https:\/\/www.celttv.com.ar\/wp-content\/uploads\/2023\/03\/337145317_6132949006772792_3394840574206331414_n-75x75.jpg 75w, https:\/\/www.celttv.com.ar\/wp-content\/uploads\/2023\/03\/337145317_6132949006772792_3394840574206331414_n-750x750.jpg 750w, https:\/\/www.celttv.com.ar\/wp-content\/uploads\/2023\/03\/337145317_6132949006772792_3394840574206331414_n.jpg 960w\" sizes=\"auto, (max-width: 300px) 100vw, 300px\" \/> <img loading=\"lazy\" decoding=\"async\" class=\"alignnone size-medium wp-image-74425\" src=\"http:\/\/www.celttv.com.ar\/wp-content\/uploads\/2023\/03\/337148935_228583436409027_3220902148263830855_n-300x300.jpg\" alt=\"\" width=\"300\" height=\"300\" srcset=\"https:\/\/www.celttv.com.ar\/wp-content\/uploads\/2023\/03\/337148935_228583436409027_3220902148263830855_n-300x300.jpg 300w, https:\/\/www.celttv.com.ar\/wp-content\/uploads\/2023\/03\/337148935_228583436409027_3220902148263830855_n-1024x1024.jpg 1024w, https:\/\/www.celttv.com.ar\/wp-content\/uploads\/2023\/03\/337148935_228583436409027_3220902148263830855_n-150x150.jpg 150w, https:\/\/www.celttv.com.ar\/wp-content\/uploads\/2023\/03\/337148935_228583436409027_3220902148263830855_n-768x768.jpg 768w, https:\/\/www.celttv.com.ar\/wp-content\/uploads\/2023\/03\/337148935_228583436409027_3220902148263830855_n-75x75.jpg 75w, https:\/\/www.celttv.com.ar\/wp-content\/uploads\/2023\/03\/337148935_228583436409027_3220902148263830855_n-750x750.jpg 750w, https:\/\/www.celttv.com.ar\/wp-content\/uploads\/2023\/03\/337148935_228583436409027_3220902148263830855_n.jpg 1080w\" sizes=\"auto, (max-width: 300px) 100vw, 300px\" \/> <img loading=\"lazy\" decoding=\"async\" class=\"alignnone size-medium wp-image-74426\" src=\"http:\/\/www.celttv.com.ar\/wp-content\/uploads\/2023\/03\/337150031_1264830094451715_984132100463626228_n-300x300.jpg\" alt=\"\" width=\"300\" height=\"300\" srcset=\"https:\/\/www.celttv.com.ar\/wp-content\/uploads\/2023\/03\/337150031_1264830094451715_984132100463626228_n-300x300.jpg 300w, https:\/\/www.celttv.com.ar\/wp-content\/uploads\/2023\/03\/337150031_1264830094451715_984132100463626228_n-1024x1024.jpg 1024w, https:\/\/www.celttv.com.ar\/wp-content\/uploads\/2023\/03\/337150031_1264830094451715_984132100463626228_n-150x150.jpg 150w, https:\/\/www.celttv.com.ar\/wp-content\/uploads\/2023\/03\/337150031_1264830094451715_984132100463626228_n-768x768.jpg 768w, https:\/\/www.celttv.com.ar\/wp-content\/uploads\/2023\/03\/337150031_1264830094451715_984132100463626228_n-75x75.jpg 75w, https:\/\/www.celttv.com.ar\/wp-content\/uploads\/2023\/03\/337150031_1264830094451715_984132100463626228_n-750x750.jpg 750w, https:\/\/www.celttv.com.ar\/wp-content\/uploads\/2023\/03\/337150031_1264830094451715_984132100463626228_n.jpg 1080w\" sizes=\"auto, (max-width: 300px) 100vw, 300px\" \/> <img loading=\"lazy\" decoding=\"async\" class=\"alignnone size-medium wp-image-74427\" src=\"http:\/\/www.celttv.com.ar\/wp-content\/uploads\/2023\/03\/337269562_956870985350177_937440208283256623_n-300x300.jpg\" alt=\"\" width=\"300\" height=\"300\" srcset=\"https:\/\/www.celttv.com.ar\/wp-content\/uploads\/2023\/03\/337269562_956870985350177_937440208283256623_n-300x300.jpg 300w, https:\/\/www.celttv.com.ar\/wp-content\/uploads\/2023\/03\/337269562_956870985350177_937440208283256623_n-1024x1024.jpg 1024w, https:\/\/www.celttv.com.ar\/wp-content\/uploads\/2023\/03\/337269562_956870985350177_937440208283256623_n-150x150.jpg 150w, https:\/\/www.celttv.com.ar\/wp-content\/uploads\/2023\/03\/337269562_956870985350177_937440208283256623_n-768x768.jpg 768w, https:\/\/www.celttv.com.ar\/wp-content\/uploads\/2023\/03\/337269562_956870985350177_937440208283256623_n-75x75.jpg 75w, https:\/\/www.celttv.com.ar\/wp-content\/uploads\/2023\/03\/337269562_956870985350177_937440208283256623_n-750x750.jpg 750w, https:\/\/www.celttv.com.ar\/wp-content\/uploads\/2023\/03\/337269562_956870985350177_937440208283256623_n.jpg 1080w\" sizes=\"auto, (max-width: 300px) 100vw, 300px\" \/> <img loading=\"lazy\" decoding=\"async\" class=\"alignnone size-medium wp-image-74428\" src=\"http:\/\/www.celttv.com.ar\/wp-content\/uploads\/2023\/03\/337374874_617381973124762_9051871043738950598_n-300x300.jpg\" alt=\"\" width=\"300\" height=\"300\" srcset=\"https:\/\/www.celttv.com.ar\/wp-content\/uploads\/2023\/03\/337374874_617381973124762_9051871043738950598_n-300x300.jpg 300w, https:\/\/www.celttv.com.ar\/wp-content\/uploads\/2023\/03\/337374874_617381973124762_9051871043738950598_n-150x150.jpg 150w, https:\/\/www.celttv.com.ar\/wp-content\/uploads\/2023\/03\/337374874_617381973124762_9051871043738950598_n-768x768.jpg 768w, https:\/\/www.celttv.com.ar\/wp-content\/uploads\/2023\/03\/337374874_617381973124762_9051871043738950598_n-75x75.jpg 75w, https:\/\/www.celttv.com.ar\/wp-content\/uploads\/2023\/03\/337374874_617381973124762_9051871043738950598_n-750x750.jpg 750w, https:\/\/www.celttv.com.ar\/wp-content\/uploads\/2023\/03\/337374874_617381973124762_9051871043738950598_n.jpg 960w\" sizes=\"auto, (max-width: 300px) 100vw, 300px\" \/><\/div>\n<div dir=\"auto\">https:\/\/youtu.be\/DuJv1q3HDWs<\/div>\n","protected":false},"excerpt":{"rendered":"<p>En las \u00faltimas horas la Biblioteca Popular Macedonio Fernandez de Villa Ventana sufri\u00f3 un acto de vandalismo. Por tal motivo la instituci\u00f3n emiti\u00f3 un comunicado por los medios donde no ocultan su indignaci\u00f3n por lo ocurrido. A la comunidad de Villa Ventana: Los pasados d\u00edas nos sorprendimos con lamentables incidentes en nuestro edificio: rotura de [&hellip;]<\/p>\n","protected":false},"author":5,"featured_media":74427,"comment_status":"closed","ping_status":"closed","sticky":false,"template":"","format":"standard","meta":{"footnotes":""},"categories":[51,52,61],"tags":[],"class_list":["post-74422","post","type-post","status-publish","format-standard","has-post-thumbnail","hentry","category-comunidad","category-destacadas","category-policiales"],"yoast_head":"<!-- This site is optimized with the Yoast SEO plugin v19.7.1 - https:\/\/yoast.com\/wordpress\/plugins\/seo\/ -->\n<title>La Biblioteca Macedonio Fernandez sufri\u00f3 un acto de vandalismo (VIDEO) - CELTTV<\/title>\n<meta name=\"description\" content=\"Sitio web de noticias de la localidad de Tornquist, provincia de Buenos Aires, Rep\u00fablica Argentina. Contenido propio originado por periodistas de CELTTV, el canal de TV local de la Cooperativa El\u00e9ctrica de Tornquist. Turismo, Pol\u00edtica, Sociedad, Deporte, Cultura y todo el contenido de inter\u00e9s general que la gente del pueblo y la regi\u00f3n debe conocer.\" \/>\n<meta name=\"robots\" content=\"index, follow, max-snippet:-1, max-image-preview:large, max-video-preview:-1\" \/>\n<link rel=\"canonical\" href=\"https:\/\/www.celttv.com.ar\/index.php\/2023\/03\/20\/la-biblioteca-macedonio-fernandez-sufrio-un-acto-de-vandalismo\/\" \/>\n<meta property=\"og:locale\" content=\"es_ES\" \/>\n<meta property=\"og:type\" content=\"article\" \/>\n<meta property=\"og:title\" content=\"La Biblioteca Macedonio Fernandez sufri\u00f3 un acto de vandalismo (VIDEO) - CELTTV\" \/>\n<meta property=\"og:description\" content=\"Sitio web de noticias de la localidad de Tornquist, provincia de Buenos Aires, Rep\u00fablica Argentina. Contenido propio originado por periodistas de CELTTV, el canal de TV local de la Cooperativa El\u00e9ctrica de Tornquist. Turismo, Pol\u00edtica, Sociedad, Deporte, Cultura y todo el contenido de inter\u00e9s general que la gente del pueblo y la regi\u00f3n debe conocer.\" \/>\n<meta property=\"og:url\" content=\"https:\/\/www.celttv.com.ar\/index.php\/2023\/03\/20\/la-biblioteca-macedonio-fernandez-sufrio-un-acto-de-vandalismo\/\" \/>\n<meta property=\"og:site_name\" content=\"CELTTV\" \/>\n<meta property=\"article:publisher\" content=\"https:\/\/www.facebook.com\/celtTV\/\" \/>\n<meta property=\"article:published_time\" content=\"2023-03-21T00:21:46+00:00\" \/>\n<meta property=\"article:modified_time\" content=\"2023-03-22T00:20:50+00:00\" \/>\n<meta property=\"og:image\" content=\"https:\/\/www.celttv.com.ar\/wp-content\/uploads\/2023\/03\/337269562_956870985350177_937440208283256623_n.jpg\" \/>\n\t<meta property=\"og:image:width\" content=\"1080\" \/>\n\t<meta property=\"og:image:height\" content=\"1080\" \/>\n\t<meta property=\"og:image:type\" content=\"image\/jpeg\" \/>\n<meta name=\"author\" content=\"Miguel Herrada\" \/>\n<meta name=\"twitter:card\" content=\"summary_large_image\" \/>\n<meta name=\"twitter:label1\" content=\"Escrito por\" \/>\n\t<meta name=\"twitter:data1\" content=\"Miguel Herrada\" \/>\n\t<meta name=\"twitter:label2\" content=\"Tiempo de lectura\" \/>\n\t<meta name=\"twitter:data2\" content=\"1 minuto\" \/>\n<script type=\"application\/ld+json\" class=\"yoast-schema-graph\">{\"@context\":\"https:\/\/schema.org\",\"@graph\":[{\"@type\":\"NewsArticle\",\"@id\":\"https:\/\/www.celttv.com.ar\/index.php\/2023\/03\/20\/la-biblioteca-macedonio-fernandez-sufrio-un-acto-de-vandalismo\/#article\",\"isPartOf\":{\"@id\":\"https:\/\/www.celttv.com.ar\/index.php\/2023\/03\/20\/la-biblioteca-macedonio-fernandez-sufrio-un-acto-de-vandalismo\/\"},\"author\":{\"name\":\"Miguel Herrada\",\"@id\":\"https:\/\/www.celttv.com.ar\/#\/schema\/person\/9059dc91dc7204ef4182cdb65225f07d\"},\"headline\":\"La Biblioteca Macedonio Fernandez sufri\u00f3 un acto de vandalismo (VIDEO)\",\"datePublished\":\"2023-03-21T00:21:46+00:00\",\"dateModified\":\"2023-03-22T00:20:50+00:00\",\"mainEntityOfPage\":{\"@id\":\"https:\/\/www.celttv.com.ar\/index.php\/2023\/03\/20\/la-biblioteca-macedonio-fernandez-sufrio-un-acto-de-vandalismo\/\"},\"wordCount\":271,\"publisher\":{\"@id\":\"https:\/\/www.celttv.com.ar\/#organization\"},\"articleSection\":[\"Comunidad\",\"Destacadas\",\"Policiales\"],\"inLanguage\":\"es\"},{\"@type\":\"WebPage\",\"@id\":\"https:\/\/www.celttv.com.ar\/index.php\/2023\/03\/20\/la-biblioteca-macedonio-fernandez-sufrio-un-acto-de-vandalismo\/\",\"url\":\"https:\/\/www.celttv.com.ar\/index.php\/2023\/03\/20\/la-biblioteca-macedonio-fernandez-sufrio-un-acto-de-vandalismo\/\",\"name\":\"La Biblioteca Macedonio Fernandez sufri\u00f3 un acto de vandalismo (VIDEO) - CELTTV\",\"isPartOf\":{\"@id\":\"https:\/\/www.celttv.com.ar\/#website\"},\"datePublished\":\"2023-03-21T00:21:46+00:00\",\"dateModified\":\"2023-03-22T00:20:50+00:00\",\"description\":\"Sitio web de noticias de la localidad de Tornquist, provincia de Buenos Aires, Rep\u00fablica Argentina. Contenido propio originado por periodistas de CELTTV, el canal de TV local de la Cooperativa El\u00e9ctrica de Tornquist. Turismo, Pol\u00edtica, Sociedad, Deporte, Cultura y todo el contenido de inter\u00e9s general que la gente del pueblo y la regi\u00f3n debe conocer.\",\"breadcrumb\":{\"@id\":\"https:\/\/www.celttv.com.ar\/index.php\/2023\/03\/20\/la-biblioteca-macedonio-fernandez-sufrio-un-acto-de-vandalismo\/#breadcrumb\"},\"inLanguage\":\"es\",\"potentialAction\":[{\"@type\":\"ReadAction\",\"target\":[\"https:\/\/www.celttv.com.ar\/index.php\/2023\/03\/20\/la-biblioteca-macedonio-fernandez-sufrio-un-acto-de-vandalismo\/\"]}]},{\"@type\":\"BreadcrumbList\",\"@id\":\"https:\/\/www.celttv.com.ar\/index.php\/2023\/03\/20\/la-biblioteca-macedonio-fernandez-sufrio-un-acto-de-vandalismo\/#breadcrumb\",\"itemListElement\":[{\"@type\":\"ListItem\",\"position\":1,\"name\":\"Inicio\",\"item\":\"https:\/\/www.celttv.com.ar\/\"},{\"@type\":\"ListItem\",\"position\":2,\"name\":\"La Biblioteca Macedonio Fernandez sufri\u00f3 un acto de vandalismo (VIDEO)\"}]},{\"@type\":\"WebSite\",\"@id\":\"https:\/\/www.celttv.com.ar\/#website\",\"url\":\"https:\/\/www.celttv.com.ar\/\",\"name\":\"CELTTV\",\"description\":\"Cooperativa El\u00e9ctrica de Tornquist\",\"publisher\":{\"@id\":\"https:\/\/www.celttv.com.ar\/#organization\"},\"potentialAction\":[{\"@type\":\"SearchAction\",\"target\":{\"@type\":\"EntryPoint\",\"urlTemplate\":\"https:\/\/www.celttv.com.ar\/?s={search_term_string}\"},\"query-input\":\"required name=search_term_string\"}],\"inLanguage\":\"es\"},{\"@type\":\"Organization\",\"@id\":\"https:\/\/www.celttv.com.ar\/#organization\",\"name\":\"CELTTV\",\"url\":\"https:\/\/www.celttv.com.ar\/\",\"sameAs\":[\"https:\/\/www.youtube.com\/channel\/UCz_oIt8Hig64Ub-EmcNPIhg\",\"https:\/\/www.facebook.com\/celtTV\/\"],\"logo\":{\"@type\":\"ImageObject\",\"inLanguage\":\"es\",\"@id\":\"https:\/\/www.celttv.com.ar\/#\/schema\/logo\/image\/\",\"url\":\"http:\/\/www.celttv.com.ar\/wp-content\/uploads\/2022\/08\/logo-1.png\",\"contentUrl\":\"http:\/\/www.celttv.com.ar\/wp-content\/uploads\/2022\/08\/logo-1.png\",\"width\":461,\"height\":159,\"caption\":\"CELTTV\"},\"image\":{\"@id\":\"https:\/\/www.celttv.com.ar\/#\/schema\/logo\/image\/\"}},{\"@type\":\"Person\",\"@id\":\"https:\/\/www.celttv.com.ar\/#\/schema\/person\/9059dc91dc7204ef4182cdb65225f07d\",\"name\":\"Miguel Herrada\",\"image\":{\"@type\":\"ImageObject\",\"inLanguage\":\"es\",\"@id\":\"https:\/\/www.celttv.com.ar\/#\/schema\/person\/image\/\",\"url\":\"https:\/\/secure.gravatar.com\/avatar\/67724d5b3c716623ffd76bec7e45841a442ac3b456e914dbba90b0fad2b8e0b1?s=96&d=mm&r=g\",\"contentUrl\":\"https:\/\/secure.gravatar.com\/avatar\/67724d5b3c716623ffd76bec7e45841a442ac3b456e914dbba90b0fad2b8e0b1?s=96&d=mm&r=g\",\"caption\":\"Miguel Herrada\"}}]}<\/script>\n<!-- \/ Yoast SEO plugin. -->","yoast_head_json":{"title":"La Biblioteca Macedonio Fernandez sufri\u00f3 un acto de vandalismo (VIDEO) - CELTTV","description":"Sitio web de noticias de la localidad de Tornquist, provincia de Buenos Aires, Rep\u00fablica Argentina. Contenido propio originado por periodistas de CELTTV, el canal de TV local de la Cooperativa El\u00e9ctrica de Tornquist. Turismo, Pol\u00edtica, Sociedad, Deporte, Cultura y todo el contenido de inter\u00e9s general que la gente del pueblo y la regi\u00f3n debe conocer.","robots":{"index":"index","follow":"follow","max-snippet":"max-snippet:-1","max-image-preview":"max-image-preview:large","max-video-preview":"max-video-preview:-1"},"canonical":"https:\/\/www.celttv.com.ar\/index.php\/2023\/03\/20\/la-biblioteca-macedonio-fernandez-sufrio-un-acto-de-vandalismo\/","og_locale":"es_ES","og_type":"article","og_title":"La Biblioteca Macedonio Fernandez sufri\u00f3 un acto de vandalismo (VIDEO) - CELTTV","og_description":"Sitio web de noticias de la localidad de Tornquist, provincia de Buenos Aires, Rep\u00fablica Argentina. Contenido propio originado por periodistas de CELTTV, el canal de TV local de la Cooperativa El\u00e9ctrica de Tornquist. Turismo, Pol\u00edtica, Sociedad, Deporte, Cultura y todo el contenido de inter\u00e9s general que la gente del pueblo y la regi\u00f3n debe conocer.","og_url":"https:\/\/www.celttv.com.ar\/index.php\/2023\/03\/20\/la-biblioteca-macedonio-fernandez-sufrio-un-acto-de-vandalismo\/","og_site_name":"CELTTV","article_publisher":"https:\/\/www.facebook.com\/celtTV\/","article_published_time":"2023-03-21T00:21:46+00:00","article_modified_time":"2023-03-22T00:20:50+00:00","og_image":[{"width":1080,"height":1080,"url":"https:\/\/www.celttv.com.ar\/wp-content\/uploads\/2023\/03\/337269562_956870985350177_937440208283256623_n.jpg","type":"image\/jpeg"}],"author":"Miguel Herrada","twitter_card":"summary_large_image","twitter_misc":{"Escrito por":"Miguel Herrada","Tiempo de lectura":"1 minuto"},"schema":{"@context":"https:\/\/schema.org","@graph":[{"@type":"NewsArticle","@id":"https:\/\/www.celttv.com.ar\/index.php\/2023\/03\/20\/la-biblioteca-macedonio-fernandez-sufrio-un-acto-de-vandalismo\/#article","isPartOf":{"@id":"https:\/\/www.celttv.com.ar\/index.php\/2023\/03\/20\/la-biblioteca-macedonio-fernandez-sufrio-un-acto-de-vandalismo\/"},"author":{"name":"Miguel Herrada","@id":"https:\/\/www.celttv.com.ar\/#\/schema\/person\/9059dc91dc7204ef4182cdb65225f07d"},"headline":"La Biblioteca Macedonio Fernandez sufri\u00f3 un acto de vandalismo (VIDEO)","datePublished":"2023-03-21T00:21:46+00:00","dateModified":"2023-03-22T00:20:50+00:00","mainEntityOfPage":{"@id":"https:\/\/www.celttv.com.ar\/index.php\/2023\/03\/20\/la-biblioteca-macedonio-fernandez-sufrio-un-acto-de-vandalismo\/"},"wordCount":271,"publisher":{"@id":"https:\/\/www.celttv.com.ar\/#organization"},"articleSection":["Comunidad","Destacadas","Policiales"],"inLanguage":"es"},{"@type":"WebPage","@id":"https:\/\/www.celttv.com.ar\/index.php\/2023\/03\/20\/la-biblioteca-macedonio-fernandez-sufrio-un-acto-de-vandalismo\/","url":"https:\/\/www.celttv.com.ar\/index.php\/2023\/03\/20\/la-biblioteca-macedonio-fernandez-sufrio-un-acto-de-vandalismo\/","name":"La Biblioteca Macedonio Fernandez sufri\u00f3 un acto de vandalismo (VIDEO) - CELTTV","isPartOf":{"@id":"https:\/\/www.celttv.com.ar\/#website"},"datePublished":"2023-03-21T00:21:46+00:00","dateModified":"2023-03-22T00:20:50+00:00","description":"Sitio web de noticias de la localidad de Tornquist, provincia de Buenos Aires, Rep\u00fablica Argentina. Contenido propio originado por periodistas de CELTTV, el canal de TV local de la Cooperativa El\u00e9ctrica de Tornquist. Turismo, Pol\u00edtica, Sociedad, Deporte, Cultura y todo el contenido de inter\u00e9s general que la gente del pueblo y la regi\u00f3n debe conocer.","breadcrumb":{"@id":"https:\/\/www.celttv.com.ar\/index.php\/2023\/03\/20\/la-biblioteca-macedonio-fernandez-sufrio-un-acto-de-vandalismo\/#breadcrumb"},"inLanguage":"es","potentialAction":[{"@type":"ReadAction","target":["https:\/\/www.celttv.com.ar\/index.php\/2023\/03\/20\/la-biblioteca-macedonio-fernandez-sufrio-un-acto-de-vandalismo\/"]}]},{"@type":"BreadcrumbList","@id":"https:\/\/www.celttv.com.ar\/index.php\/2023\/03\/20\/la-biblioteca-macedonio-fernandez-sufrio-un-acto-de-vandalismo\/#breadcrumb","itemListElement":[{"@type":"ListItem","position":1,"name":"Inicio","item":"https:\/\/www.celttv.com.ar\/"},{"@type":"ListItem","position":2,"name":"La Biblioteca Macedonio Fernandez sufri\u00f3 un acto de vandalismo (VIDEO)"}]},{"@type":"WebSite","@id":"https:\/\/www.celttv.com.ar\/#website","url":"https:\/\/www.celttv.com.ar\/","name":"CELTTV","description":"Cooperativa El\u00e9ctrica de Tornquist","publisher":{"@id":"https:\/\/www.celttv.com.ar\/#organization"},"potentialAction":[{"@type":"SearchAction","target":{"@type":"EntryPoint","urlTemplate":"https:\/\/www.celttv.com.ar\/?s={search_term_string}"},"query-input":"required name=search_term_string"}],"inLanguage":"es"},{"@type":"Organization","@id":"https:\/\/www.celttv.com.ar\/#organization","name":"CELTTV","url":"https:\/\/www.celttv.com.ar\/","sameAs":["https:\/\/www.youtube.com\/channel\/UCz_oIt8Hig64Ub-EmcNPIhg","https:\/\/www.facebook.com\/celtTV\/"],"logo":{"@type":"ImageObject","inLanguage":"es","@id":"https:\/\/www.celttv.com.ar\/#\/schema\/logo\/image\/","url":"http:\/\/www.celttv.com.ar\/wp-content\/uploads\/2022\/08\/logo-1.png","contentUrl":"http:\/\/www.celttv.com.ar\/wp-content\/uploads\/2022\/08\/logo-1.png","width":461,"height":159,"caption":"CELTTV"},"image":{"@id":"https:\/\/www.celttv.com.ar\/#\/schema\/logo\/image\/"}},{"@type":"Person","@id":"https:\/\/www.celttv.com.ar\/#\/schema\/person\/9059dc91dc7204ef4182cdb65225f07d","name":"Miguel Herrada","image":{"@type":"ImageObject","inLanguage":"es","@id":"https:\/\/www.celttv.com.ar\/#\/schema\/person\/image\/","url":"https:\/\/secure.gravatar.com\/avatar\/67724d5b3c716623ffd76bec7e45841a442ac3b456e914dbba90b0fad2b8e0b1?s=96&d=mm&r=g","contentUrl":"https:\/\/secure.gravatar.com\/avatar\/67724d5b3c716623ffd76bec7e45841a442ac3b456e914dbba90b0fad2b8e0b1?s=96&d=mm&r=g","caption":"Miguel Herrada"}}]}},"_links":{"self":[{"href":"https:\/\/www.celttv.com.ar\/index.php\/wp-json\/wp\/v2\/posts\/74422","targetHints":{"allow":["GET"]}}],"collection":[{"href":"https:\/\/www.celttv.com.ar\/index.php\/wp-json\/wp\/v2\/posts"}],"about":[{"href":"https:\/\/www.celttv.com.ar\/index.php\/wp-json\/wp\/v2\/types\/post"}],"author":[{"embeddable":true,"href":"https:\/\/www.celttv.com.ar\/index.php\/wp-json\/wp\/v2\/users\/5"}],"replies":[{"embeddable":true,"href":"https:\/\/www.celttv.com.ar\/index.php\/wp-json\/wp\/v2\/comments?post=74422"}],"version-history":[{"count":3,"href":"https:\/\/www.celttv.com.ar\/index.php\/wp-json\/wp\/v2\/posts\/74422\/revisions"}],"predecessor-version":[{"id":74431,"href":"https:\/\/www.celttv.com.ar\/index.php\/wp-json\/wp\/v2\/posts\/74422\/revisions\/74431"}],"wp:featuredmedia":[{"embeddable":true,"href":"https:\/\/www.celttv.com.ar\/index.php\/wp-json\/wp\/v2\/media\/74427"}],"wp:attachment":[{"href":"https:\/\/www.celttv.com.ar\/index.php\/wp-json\/wp\/v2\/media?parent=74422"}],"wp:term":[{"taxonomy":"category","embeddable":true,"href":"https:\/\/www.celttv.com.ar\/index.php\/wp-json\/wp\/v2\/categories?post=74422"},{"taxonomy":"post_tag","embeddable":true,"href":"https:\/\/www.celttv.com.ar\/index.php\/wp-json\/wp\/v2\/tags?post=74422"}],"curies":[{"name":"wp","href":"https:\/\/api.w.org\/{rel}","templated":true}]}}