{"id":7447,"date":"2012-07-12T20:44:11","date_gmt":"2012-07-12T20:44:11","guid":{"rendered":"http:\/\/www.tvcnoticias.com.ar\/?p=7447"},"modified":"2012-07-12T20:44:11","modified_gmt":"2012-07-12T20:44:11","slug":"en-la-localidad-de-chasico-se-realizo-el-acto-oficial-del-9-de-julio-videos-y-notas","status":"publish","type":"post","link":"https:\/\/www.celttv.com.ar\/index.php\/2012\/07\/12\/en-la-localidad-de-chasico-se-realizo-el-acto-oficial-del-9-de-julio-videos-y-notas\/","title":{"rendered":"EN LA LOCALIDAD DE CHASICO SE REALIZO EL ACTO OFICIAL DEL 9 DE JULIO (videos y notas)"},"content":{"rendered":"<p><a>httpv:\/\/www.youtube.com\/watch?v=EjTB_YxoH7k<\/a><br \/>\n<a href=\"http:\/\/www.youtube.com\/watch?v=kymrJVgEEFA\">httpv:\/\/www.youtube.com\/watch?v=kymrJVgEEFA<\/a><br \/>\n<a>httpv:\/\/www.youtube.com\/watch?v=hvbgoapY3Bw<\/a><br \/>\n<a href=\"http:\/\/www.youtube.com\/watch?v=awW_MMq1Zto\">httpv:\/\/www.youtube.com\/watch?v=awW_MMq1Zto<\/a><br \/>\n<a href=\"http:\/\/www.youtube.com\/watch?v=R28ylSP_GhM\">httpv:\/\/www.youtube.com\/watch?v=R28ylSP_GhM<\/a><br \/>\n<span style=\"font-size: xx-small;\">Los valores y convicciones de quienes forjaron una naci\u00f3n libre fueron expuestos durante el desarrollo del acto oficial por el D\u00eda de la Independencia, desarrollado durante la tarde de hoy en la localidad de Chasic\u00f3, con la presencia del intendente municipal, licenciado Gustavo Trankels.<br \/>\nLa celebraci\u00f3n, organizada por el Jard\u00edn de Infantes N\u00b0 904, la EP N\u00b0 24 y la ESS N\u00b0 6, se llev\u00f3 a cabo en el gimnasio del Club San Mart\u00edn de ese lugar del distrito, que luci\u00f3 repleto de autoridades pol\u00edticas y educativas, representantes de instituciones, alumnos de establecimientos educativos y p\u00fablico en general.<br \/>\n&#8220;Me gustar\u00eda que este nuevo aniversario sirva tambi\u00e9n para recordar a todos aquellos hombres y mujeres, muchos an\u00f3nimos, que lucharon a brazo partido para que hoy tengamos una patria libre, en un proceso que comenz\u00f3 mucho antes, con la Revoluci\u00f3n de Mayo en 1810, luego con Belgrano y la conformaci\u00f3n de nuestra bandera en 1812, la declaraci\u00f3n de la independencia y todo el proceso de ordenamiento de tierras, donde adem\u00e1s de la reorganizaci\u00f3n de nuestro gobierno y nuestra Patria, nos ten\u00edamos que defender de los enemigos extranjeros. Este proceso termin\u00f3 en 1853 con la declaraci\u00f3n de la Constituci\u00f3n&#8221;, expres\u00f3 Trankels.<br \/>\n&#8220;Recodando todo ese valor y grandeza de las mujeres y hombres que lucharon, hoy nos toca a nosotros continuar con ese legado. Ojal\u00e1 que este d\u00eda nos sirva para que todos y cada uno de los que estamos presentes veamos el aporte que podemos hacer por nuestra querida Patria, desde la cr\u00edtica constructiva y el trabajo cotidiano&#8221;, enfatiz\u00f3.<br \/>\nAntes de las palabras del jefe comunal de nuestro partido, se escucharon discursos de la Inspectora Jefe Distrital, profesora Ana Skolak, y la directora de la Escuela Secundaria N\u00b0 6, Marcela Guti\u00e9rrez. En ambos casos se resalt\u00f3 la trascendencia de haber declarado la independencia.<br \/>\nEl acto tambi\u00e9n incluy\u00f3 una canci\u00f3n a la virgen, escrita por Mar\u00eda Isabel Albouy de Ben\u00edtez, musicalizada por Ren\u00e9 Moltanb\u00e1n y entonada por miembros de la capilla Nuestra Se\u00f1ora de Luj\u00e1n, adem\u00e1s de la exhibici\u00f3n de una pieza de baile tradicional.<br \/>\nUna vez finalizado el acto protocolar, se observ\u00f3 un n\u00famero art\u00edstico a cargo del grupo de baile &#8220;A mover el esqueleto&#8221; y se realiz\u00f3 una exposici\u00f3n de stands de entidades locales.<br \/>\nAdem\u00e1s del intendente Trankels, participaron del acto los secretarios Guillermo L\u00f6ffler (Gobierno y Hacienda), Guillermo Beck (Recursos Humanos y Gabinete), Rub\u00e9n Testa (Turismo, Cultura y Deportes), Mirta Avila (Salud), Carlos Carriquiry (Seguridad) y Ricardo Valentini (Producci\u00f3n y Medio Ambiente), adem\u00e1s de los subsecretarios Christian Trankels (Obras y Servicios P\u00fablicos) e Ignacio Bechthold (Legales).<br \/>\nTambi\u00e9n asistieron los delegados de Chasic\u00f3, Luciano Cardelli; Tres Picos, Graciela Berth, y Villa Ventana, Alberto Bustriazo, concejales, consejeros escolares e inspectoras de diferentes ramas de la educaci\u00f3n distrital.<br \/>\nUno de los aspectos dignos de destacar es el trabajo conjunto desarrollado por la delegaci\u00f3n municipal con instituciones y vecinos del pueblo, que permiti\u00f3 que el lugar luciera totalmente embanderado. Adem\u00e1s de los edificios de las entidades y las casas particulares, la insignia nacional se observ\u00f3 en las tranqueras de los campos aleda\u00f1os al casco urbano de la poblaci\u00f3n.<br \/>\n<\/span><\/p>\n","protected":false},"excerpt":{"rendered":"<p>httpv:\/\/www.youtube.com\/watch?v=EjTB_YxoH7k httpv:\/\/www.youtube.com\/watch?v=kymrJVgEEFA httpv:\/\/www.youtube.com\/watch?v=hvbgoapY3Bw httpv:\/\/www.youtube.com\/watch?v=awW_MMq1Zto httpv:\/\/www.youtube.com\/watch?v=R28ylSP_GhM Los valores y convicciones de quienes forjaron una naci\u00f3n libre fueron expuestos durante el desarrollo del acto oficial por el D\u00eda de la Independencia, desarrollado durante la tarde de hoy en la localidad de Chasic\u00f3, con la presencia del intendente municipal, licenciado Gustavo Trankels. La celebraci\u00f3n, organizada por el Jard\u00edn [&hellip;]<\/p>\n","protected":false},"author":1,"featured_media":0,"comment_status":"closed","ping_status":"open","sticky":false,"template":"","format":"standard","meta":{"footnotes":""},"categories":[51,52,53,64],"tags":[],"class_list":["post-7447","post","type-post","status-publish","format-standard","hentry","category-comunidad","category-destacadas","category-politica","category-videos-destacados"],"yoast_head":"<!-- This site is optimized with the Yoast SEO plugin v19.7.1 - https:\/\/yoast.com\/wordpress\/plugins\/seo\/ -->\n<title>EN LA LOCALIDAD DE CHASICO SE REALIZO EL ACTO OFICIAL DEL 9 DE JULIO (videos y notas) - CELTTV<\/title>\n<meta name=\"description\" content=\"Sitio web de noticias de la localidad de Tornquist, provincia de Buenos Aires, Rep\u00fablica Argentina. Contenido propio originado por periodistas de CELTTV, el canal de TV local de la Cooperativa El\u00e9ctrica de Tornquist. Turismo, Pol\u00edtica, Sociedad, Deporte, Cultura y todo el contenido de inter\u00e9s general que la gente del pueblo y la regi\u00f3n debe conocer.\" \/>\n<meta name=\"robots\" content=\"index, follow, max-snippet:-1, max-image-preview:large, max-video-preview:-1\" \/>\n<link rel=\"canonical\" href=\"https:\/\/www.celttv.com.ar\/index.php\/2012\/07\/12\/en-la-localidad-de-chasico-se-realizo-el-acto-oficial-del-9-de-julio-videos-y-notas\/\" \/>\n<meta property=\"og:locale\" content=\"es_ES\" \/>\n<meta property=\"og:type\" content=\"article\" \/>\n<meta property=\"og:title\" content=\"EN LA LOCALIDAD DE CHASICO SE REALIZO EL ACTO OFICIAL DEL 9 DE JULIO (videos y notas) - CELTTV\" \/>\n<meta property=\"og:description\" content=\"Sitio web de noticias de la localidad de Tornquist, provincia de Buenos Aires, Rep\u00fablica Argentina. Contenido propio originado por periodistas de CELTTV, el canal de TV local de la Cooperativa El\u00e9ctrica de Tornquist. Turismo, Pol\u00edtica, Sociedad, Deporte, Cultura y todo el contenido de inter\u00e9s general que la gente del pueblo y la regi\u00f3n debe conocer.\" \/>\n<meta property=\"og:url\" content=\"https:\/\/www.celttv.com.ar\/index.php\/2012\/07\/12\/en-la-localidad-de-chasico-se-realizo-el-acto-oficial-del-9-de-julio-videos-y-notas\/\" \/>\n<meta property=\"og:site_name\" content=\"CELTTV\" \/>\n<meta property=\"article:publisher\" content=\"https:\/\/www.facebook.com\/celtTV\/\" \/>\n<meta property=\"article:published_time\" content=\"2012-07-12T20:44:11+00:00\" \/>\n<meta name=\"author\" content=\"ulises\" \/>\n<meta name=\"twitter:card\" content=\"summary_large_image\" \/>\n<meta name=\"twitter:label1\" content=\"Escrito por\" \/>\n\t<meta name=\"twitter:data1\" content=\"ulises\" \/>\n\t<meta name=\"twitter:label2\" content=\"Tiempo de lectura\" \/>\n\t<meta name=\"twitter:data2\" content=\"3 minutos\" \/>\n<script type=\"application\/ld+json\" class=\"yoast-schema-graph\">{\"@context\":\"https:\/\/schema.org\",\"@graph\":[{\"@type\":\"NewsArticle\",\"@id\":\"https:\/\/www.celttv.com.ar\/index.php\/2012\/07\/12\/en-la-localidad-de-chasico-se-realizo-el-acto-oficial-del-9-de-julio-videos-y-notas\/#article\",\"isPartOf\":{\"@id\":\"https:\/\/www.celttv.com.ar\/index.php\/2012\/07\/12\/en-la-localidad-de-chasico-se-realizo-el-acto-oficial-del-9-de-julio-videos-y-notas\/\"},\"author\":{\"name\":\"ulises\",\"@id\":\"https:\/\/www.celttv.com.ar\/#\/schema\/person\/6d99c072dba59953809c81446e9d0ace\"},\"headline\":\"EN LA LOCALIDAD DE CHASICO SE REALIZO EL ACTO OFICIAL DEL 9 DE JULIO (videos y notas)\",\"datePublished\":\"2012-07-12T20:44:11+00:00\",\"dateModified\":\"2012-07-12T20:44:11+00:00\",\"mainEntityOfPage\":{\"@id\":\"https:\/\/www.celttv.com.ar\/index.php\/2012\/07\/12\/en-la-localidad-de-chasico-se-realizo-el-acto-oficial-del-9-de-julio-videos-y-notas\/\"},\"wordCount\":609,\"publisher\":{\"@id\":\"https:\/\/www.celttv.com.ar\/#organization\"},\"articleSection\":[\"Comunidad\",\"Destacadas\",\"Pol\u00edtica\",\"Videos Destacados\"],\"inLanguage\":\"es\"},{\"@type\":\"WebPage\",\"@id\":\"https:\/\/www.celttv.com.ar\/index.php\/2012\/07\/12\/en-la-localidad-de-chasico-se-realizo-el-acto-oficial-del-9-de-julio-videos-y-notas\/\",\"url\":\"https:\/\/www.celttv.com.ar\/index.php\/2012\/07\/12\/en-la-localidad-de-chasico-se-realizo-el-acto-oficial-del-9-de-julio-videos-y-notas\/\",\"name\":\"EN LA LOCALIDAD DE CHASICO SE REALIZO EL ACTO OFICIAL DEL 9 DE JULIO (videos y notas) - CELTTV\",\"isPartOf\":{\"@id\":\"https:\/\/www.celttv.com.ar\/#website\"},\"datePublished\":\"2012-07-12T20:44:11+00:00\",\"dateModified\":\"2012-07-12T20:44:11+00:00\",\"description\":\"Sitio web de noticias de la localidad de Tornquist, provincia de Buenos Aires, Rep\u00fablica Argentina. Contenido propio originado por periodistas de CELTTV, el canal de TV local de la Cooperativa El\u00e9ctrica de Tornquist. Turismo, Pol\u00edtica, Sociedad, Deporte, Cultura y todo el contenido de inter\u00e9s general que la gente del pueblo y la regi\u00f3n debe conocer.\",\"breadcrumb\":{\"@id\":\"https:\/\/www.celttv.com.ar\/index.php\/2012\/07\/12\/en-la-localidad-de-chasico-se-realizo-el-acto-oficial-del-9-de-julio-videos-y-notas\/#breadcrumb\"},\"inLanguage\":\"es\",\"potentialAction\":[{\"@type\":\"ReadAction\",\"target\":[\"https:\/\/www.celttv.com.ar\/index.php\/2012\/07\/12\/en-la-localidad-de-chasico-se-realizo-el-acto-oficial-del-9-de-julio-videos-y-notas\/\"]}]},{\"@type\":\"BreadcrumbList\",\"@id\":\"https:\/\/www.celttv.com.ar\/index.php\/2012\/07\/12\/en-la-localidad-de-chasico-se-realizo-el-acto-oficial-del-9-de-julio-videos-y-notas\/#breadcrumb\",\"itemListElement\":[{\"@type\":\"ListItem\",\"position\":1,\"name\":\"Inicio\",\"item\":\"https:\/\/www.celttv.com.ar\/\"},{\"@type\":\"ListItem\",\"position\":2,\"name\":\"EN LA LOCALIDAD DE CHASICO SE REALIZO EL ACTO OFICIAL DEL 9 DE JULIO (videos y notas)\"}]},{\"@type\":\"WebSite\",\"@id\":\"https:\/\/www.celttv.com.ar\/#website\",\"url\":\"https:\/\/www.celttv.com.ar\/\",\"name\":\"CELTTV\",\"description\":\"Cooperativa El\u00e9ctrica de Tornquist\",\"publisher\":{\"@id\":\"https:\/\/www.celttv.com.ar\/#organization\"},\"potentialAction\":[{\"@type\":\"SearchAction\",\"target\":{\"@type\":\"EntryPoint\",\"urlTemplate\":\"https:\/\/www.celttv.com.ar\/?s={search_term_string}\"},\"query-input\":\"required name=search_term_string\"}],\"inLanguage\":\"es\"},{\"@type\":\"Organization\",\"@id\":\"https:\/\/www.celttv.com.ar\/#organization\",\"name\":\"CELTTV\",\"url\":\"https:\/\/www.celttv.com.ar\/\",\"sameAs\":[\"https:\/\/www.youtube.com\/channel\/UCz_oIt8Hig64Ub-EmcNPIhg\",\"https:\/\/www.facebook.com\/celtTV\/\"],\"logo\":{\"@type\":\"ImageObject\",\"inLanguage\":\"es\",\"@id\":\"https:\/\/www.celttv.com.ar\/#\/schema\/logo\/image\/\",\"url\":\"http:\/\/www.celttv.com.ar\/wp-content\/uploads\/2022\/08\/logo-1.png\",\"contentUrl\":\"http:\/\/www.celttv.com.ar\/wp-content\/uploads\/2022\/08\/logo-1.png\",\"width\":461,\"height\":159,\"caption\":\"CELTTV\"},\"image\":{\"@id\":\"https:\/\/www.celttv.com.ar\/#\/schema\/logo\/image\/\"}},{\"@type\":\"Person\",\"@id\":\"https:\/\/www.celttv.com.ar\/#\/schema\/person\/6d99c072dba59953809c81446e9d0ace\",\"name\":\"ulises\",\"image\":{\"@type\":\"ImageObject\",\"inLanguage\":\"es\",\"@id\":\"https:\/\/www.celttv.com.ar\/#\/schema\/person\/image\/\",\"url\":\"https:\/\/secure.gravatar.com\/avatar\/7f2c48bdc33b30088f941fb6082e555f2874c98e20cb159d7b92b50eadfce793?s=96&d=mm&r=g\",\"contentUrl\":\"https:\/\/secure.gravatar.com\/avatar\/7f2c48bdc33b30088f941fb6082e555f2874c98e20cb159d7b92b50eadfce793?s=96&d=mm&r=g\",\"caption\":\"ulises\"},\"sameAs\":[\"http:\/\/www.celttv.com.ar\"]}]}<\/script>\n<!-- \/ Yoast SEO plugin. -->","yoast_head_json":{"title":"EN LA LOCALIDAD DE CHASICO SE REALIZO EL ACTO OFICIAL DEL 9 DE JULIO (videos y notas) - CELTTV","description":"Sitio web de noticias de la localidad de Tornquist, provincia de Buenos Aires, Rep\u00fablica Argentina. Contenido propio originado por periodistas de CELTTV, el canal de TV local de la Cooperativa El\u00e9ctrica de Tornquist. Turismo, Pol\u00edtica, Sociedad, Deporte, Cultura y todo el contenido de inter\u00e9s general que la gente del pueblo y la regi\u00f3n debe conocer.","robots":{"index":"index","follow":"follow","max-snippet":"max-snippet:-1","max-image-preview":"max-image-preview:large","max-video-preview":"max-video-preview:-1"},"canonical":"https:\/\/www.celttv.com.ar\/index.php\/2012\/07\/12\/en-la-localidad-de-chasico-se-realizo-el-acto-oficial-del-9-de-julio-videos-y-notas\/","og_locale":"es_ES","og_type":"article","og_title":"EN LA LOCALIDAD DE CHASICO SE REALIZO EL ACTO OFICIAL DEL 9 DE JULIO (videos y notas) - CELTTV","og_description":"Sitio web de noticias de la localidad de Tornquist, provincia de Buenos Aires, Rep\u00fablica Argentina. Contenido propio originado por periodistas de CELTTV, el canal de TV local de la Cooperativa El\u00e9ctrica de Tornquist. Turismo, Pol\u00edtica, Sociedad, Deporte, Cultura y todo el contenido de inter\u00e9s general que la gente del pueblo y la regi\u00f3n debe conocer.","og_url":"https:\/\/www.celttv.com.ar\/index.php\/2012\/07\/12\/en-la-localidad-de-chasico-se-realizo-el-acto-oficial-del-9-de-julio-videos-y-notas\/","og_site_name":"CELTTV","article_publisher":"https:\/\/www.facebook.com\/celtTV\/","article_published_time":"2012-07-12T20:44:11+00:00","author":"ulises","twitter_card":"summary_large_image","twitter_misc":{"Escrito por":"ulises","Tiempo de lectura":"3 minutos"},"schema":{"@context":"https:\/\/schema.org","@graph":[{"@type":"NewsArticle","@id":"https:\/\/www.celttv.com.ar\/index.php\/2012\/07\/12\/en-la-localidad-de-chasico-se-realizo-el-acto-oficial-del-9-de-julio-videos-y-notas\/#article","isPartOf":{"@id":"https:\/\/www.celttv.com.ar\/index.php\/2012\/07\/12\/en-la-localidad-de-chasico-se-realizo-el-acto-oficial-del-9-de-julio-videos-y-notas\/"},"author":{"name":"ulises","@id":"https:\/\/www.celttv.com.ar\/#\/schema\/person\/6d99c072dba59953809c81446e9d0ace"},"headline":"EN LA LOCALIDAD DE CHASICO SE REALIZO EL ACTO OFICIAL DEL 9 DE JULIO (videos y notas)","datePublished":"2012-07-12T20:44:11+00:00","dateModified":"2012-07-12T20:44:11+00:00","mainEntityOfPage":{"@id":"https:\/\/www.celttv.com.ar\/index.php\/2012\/07\/12\/en-la-localidad-de-chasico-se-realizo-el-acto-oficial-del-9-de-julio-videos-y-notas\/"},"wordCount":609,"publisher":{"@id":"https:\/\/www.celttv.com.ar\/#organization"},"articleSection":["Comunidad","Destacadas","Pol\u00edtica","Videos Destacados"],"inLanguage":"es"},{"@type":"WebPage","@id":"https:\/\/www.celttv.com.ar\/index.php\/2012\/07\/12\/en-la-localidad-de-chasico-se-realizo-el-acto-oficial-del-9-de-julio-videos-y-notas\/","url":"https:\/\/www.celttv.com.ar\/index.php\/2012\/07\/12\/en-la-localidad-de-chasico-se-realizo-el-acto-oficial-del-9-de-julio-videos-y-notas\/","name":"EN LA LOCALIDAD DE CHASICO SE REALIZO EL ACTO OFICIAL DEL 9 DE JULIO (videos y notas) - CELTTV","isPartOf":{"@id":"https:\/\/www.celttv.com.ar\/#website"},"datePublished":"2012-07-12T20:44:11+00:00","dateModified":"2012-07-12T20:44:11+00:00","description":"Sitio web de noticias de la localidad de Tornquist, provincia de Buenos Aires, Rep\u00fablica Argentina. Contenido propio originado por periodistas de CELTTV, el canal de TV local de la Cooperativa El\u00e9ctrica de Tornquist. Turismo, Pol\u00edtica, Sociedad, Deporte, Cultura y todo el contenido de inter\u00e9s general que la gente del pueblo y la regi\u00f3n debe conocer.","breadcrumb":{"@id":"https:\/\/www.celttv.com.ar\/index.php\/2012\/07\/12\/en-la-localidad-de-chasico-se-realizo-el-acto-oficial-del-9-de-julio-videos-y-notas\/#breadcrumb"},"inLanguage":"es","potentialAction":[{"@type":"ReadAction","target":["https:\/\/www.celttv.com.ar\/index.php\/2012\/07\/12\/en-la-localidad-de-chasico-se-realizo-el-acto-oficial-del-9-de-julio-videos-y-notas\/"]}]},{"@type":"BreadcrumbList","@id":"https:\/\/www.celttv.com.ar\/index.php\/2012\/07\/12\/en-la-localidad-de-chasico-se-realizo-el-acto-oficial-del-9-de-julio-videos-y-notas\/#breadcrumb","itemListElement":[{"@type":"ListItem","position":1,"name":"Inicio","item":"https:\/\/www.celttv.com.ar\/"},{"@type":"ListItem","position":2,"name":"EN LA LOCALIDAD DE CHASICO SE REALIZO EL ACTO OFICIAL DEL 9 DE JULIO (videos y notas)"}]},{"@type":"WebSite","@id":"https:\/\/www.celttv.com.ar\/#website","url":"https:\/\/www.celttv.com.ar\/","name":"CELTTV","description":"Cooperativa El\u00e9ctrica de Tornquist","publisher":{"@id":"https:\/\/www.celttv.com.ar\/#organization"},"potentialAction":[{"@type":"SearchAction","target":{"@type":"EntryPoint","urlTemplate":"https:\/\/www.celttv.com.ar\/?s={search_term_string}"},"query-input":"required name=search_term_string"}],"inLanguage":"es"},{"@type":"Organization","@id":"https:\/\/www.celttv.com.ar\/#organization","name":"CELTTV","url":"https:\/\/www.celttv.com.ar\/","sameAs":["https:\/\/www.youtube.com\/channel\/UCz_oIt8Hig64Ub-EmcNPIhg","https:\/\/www.facebook.com\/celtTV\/"],"logo":{"@type":"ImageObject","inLanguage":"es","@id":"https:\/\/www.celttv.com.ar\/#\/schema\/logo\/image\/","url":"http:\/\/www.celttv.com.ar\/wp-content\/uploads\/2022\/08\/logo-1.png","contentUrl":"http:\/\/www.celttv.com.ar\/wp-content\/uploads\/2022\/08\/logo-1.png","width":461,"height":159,"caption":"CELTTV"},"image":{"@id":"https:\/\/www.celttv.com.ar\/#\/schema\/logo\/image\/"}},{"@type":"Person","@id":"https:\/\/www.celttv.com.ar\/#\/schema\/person\/6d99c072dba59953809c81446e9d0ace","name":"ulises","image":{"@type":"ImageObject","inLanguage":"es","@id":"https:\/\/www.celttv.com.ar\/#\/schema\/person\/image\/","url":"https:\/\/secure.gravatar.com\/avatar\/7f2c48bdc33b30088f941fb6082e555f2874c98e20cb159d7b92b50eadfce793?s=96&d=mm&r=g","contentUrl":"https:\/\/secure.gravatar.com\/avatar\/7f2c48bdc33b30088f941fb6082e555f2874c98e20cb159d7b92b50eadfce793?s=96&d=mm&r=g","caption":"ulises"},"sameAs":["http:\/\/www.celttv.com.ar"]}]}},"_links":{"self":[{"href":"https:\/\/www.celttv.com.ar\/index.php\/wp-json\/wp\/v2\/posts\/7447","targetHints":{"allow":["GET"]}}],"collection":[{"href":"https:\/\/www.celttv.com.ar\/index.php\/wp-json\/wp\/v2\/posts"}],"about":[{"href":"https:\/\/www.celttv.com.ar\/index.php\/wp-json\/wp\/v2\/types\/post"}],"author":[{"embeddable":true,"href":"https:\/\/www.celttv.com.ar\/index.php\/wp-json\/wp\/v2\/users\/1"}],"replies":[{"embeddable":true,"href":"https:\/\/www.celttv.com.ar\/index.php\/wp-json\/wp\/v2\/comments?post=7447"}],"version-history":[{"count":0,"href":"https:\/\/www.celttv.com.ar\/index.php\/wp-json\/wp\/v2\/posts\/7447\/revisions"}],"wp:attachment":[{"href":"https:\/\/www.celttv.com.ar\/index.php\/wp-json\/wp\/v2\/media?parent=7447"}],"wp:term":[{"taxonomy":"category","embeddable":true,"href":"https:\/\/www.celttv.com.ar\/index.php\/wp-json\/wp\/v2\/categories?post=7447"},{"taxonomy":"post_tag","embeddable":true,"href":"https:\/\/www.celttv.com.ar\/index.php\/wp-json\/wp\/v2\/tags?post=7447"}],"curies":[{"name":"wp","href":"https:\/\/api.w.org\/{rel}","templated":true}]}}