{"id":74604,"date":"2023-03-27T18:38:02","date_gmt":"2023-03-27T21:38:02","guid":{"rendered":"http:\/\/www.celttv.com.ar\/?p=74604"},"modified":"2023-03-28T11:47:37","modified_gmt":"2023-03-28T14:47:37","slug":"abrio-la-inscripcion-al-curso-de-compostaje-domiciliario-del-ministerio-de-ambiente","status":"publish","type":"post","link":"https:\/\/www.celttv.com.ar\/index.php\/2023\/03\/27\/abrio-la-inscripcion-al-curso-de-compostaje-domiciliario-del-ministerio-de-ambiente\/","title":{"rendered":"Abri\u00f3 la inscripci\u00f3n al curso de compostaje domiciliario del Ministerio de Ambiente"},"content":{"rendered":"<p><strong>La Subsecretaria de Ambiente te invita a sumarte a una nueva propuesta educativa del Ministerio de Ambiente de la Provincia de Buenos Aires, con dos encuentros virtuales y asincr\u00f3nicos para aprender sobre compostaje y gesti\u00f3n de residuos.\u00a0 <\/strong><\/p>\n<p><strong>En el marco del Mes del Compostaje, se llevar\u00e1 a cabo el curso \u201cTransformando los residuos en abono \u00a1aprendamos a compostarjuntos!,una propuesta abierta a toda la comunidad que invita a incluir el compostaje como una herramienta cotidiana y una estrategia central para reducir los residuos.<\/strong><\/p>\n<p><strong>Los interesados en aprender sobre esta pr\u00e1ctica sencilla, econ\u00f3mica y sustentable podr\u00e1n inscribirse hasta el 2 de abril, en el siguiente link: link<\/strong><a href=\"https:\/\/formularios.ambiente.gba.gob.ar\/form\/31\"><strong>\u00a0https:\/\/formularios.ambiente.gba.gob.ar\/form\/31<\/strong><\/a><\/p>\n<p><strong>El programa promueve el tratamiento de los residuos org\u00e1nicos buscando generar impactos positivos en la calidad de vida de la comunidad, las condiciones de trabajo de recuperadores urbanos y cartoneros, y concientizar sobre la importancia del proceso de compostaje como estrategia para la reducci\u00f3n de la fracci\u00f3n org\u00e1nica de los residuos s\u00f3lidos urbanos.<\/strong><\/p>\n<p><strong>Es importante destacar que la Subsecretar\u00eda de Ambiente municipal, durante el 2022, entreg\u00f3 4 composteras domiciliarias, 5 a instituciones y coloc\u00f3 una comunitaria en la localidad de Villa Ventana.<\/strong><\/p>\n<p><img loading=\"lazy\" decoding=\"async\" class=\"alignnone wp-image-74605 size-full\" src=\"http:\/\/www.celttv.com.ar\/wp-content\/uploads\/2023\/03\/cursocompost.jpeg\" alt=\"\" width=\"1000\" height=\"1000\" srcset=\"https:\/\/www.celttv.com.ar\/wp-content\/uploads\/2023\/03\/cursocompost.jpeg 1000w, https:\/\/www.celttv.com.ar\/wp-content\/uploads\/2023\/03\/cursocompost-300x300.jpeg 300w, https:\/\/www.celttv.com.ar\/wp-content\/uploads\/2023\/03\/cursocompost-150x150.jpeg 150w, https:\/\/www.celttv.com.ar\/wp-content\/uploads\/2023\/03\/cursocompost-768x768.jpeg 768w, https:\/\/www.celttv.com.ar\/wp-content\/uploads\/2023\/03\/cursocompost-75x75.jpeg 75w, https:\/\/www.celttv.com.ar\/wp-content\/uploads\/2023\/03\/cursocompost-750x750.jpeg 750w\" sizes=\"auto, (max-width: 1000px) 100vw, 1000px\" \/> <img loading=\"lazy\" decoding=\"async\" class=\"alignnone wp-image-74606 size-full\" src=\"http:\/\/www.celttv.com.ar\/wp-content\/uploads\/2023\/03\/cursocompost1.jpeg\" alt=\"\" width=\"1000\" height=\"1000\" srcset=\"https:\/\/www.celttv.com.ar\/wp-content\/uploads\/2023\/03\/cursocompost1.jpeg 1000w, https:\/\/www.celttv.com.ar\/wp-content\/uploads\/2023\/03\/cursocompost1-300x300.jpeg 300w, https:\/\/www.celttv.com.ar\/wp-content\/uploads\/2023\/03\/cursocompost1-150x150.jpeg 150w, https:\/\/www.celttv.com.ar\/wp-content\/uploads\/2023\/03\/cursocompost1-768x768.jpeg 768w, https:\/\/www.celttv.com.ar\/wp-content\/uploads\/2023\/03\/cursocompost1-75x75.jpeg 75w, https:\/\/www.celttv.com.ar\/wp-content\/uploads\/2023\/03\/cursocompost1-750x750.jpeg 750w\" sizes=\"auto, (max-width: 1000px) 100vw, 1000px\" \/> <img loading=\"lazy\" decoding=\"async\" class=\"alignnone wp-image-74607 size-full\" src=\"http:\/\/www.celttv.com.ar\/wp-content\/uploads\/2023\/03\/cursocompost2.jpeg\" alt=\"\" width=\"1000\" height=\"1000\" srcset=\"https:\/\/www.celttv.com.ar\/wp-content\/uploads\/2023\/03\/cursocompost2.jpeg 1000w, https:\/\/www.celttv.com.ar\/wp-content\/uploads\/2023\/03\/cursocompost2-300x300.jpeg 300w, https:\/\/www.celttv.com.ar\/wp-content\/uploads\/2023\/03\/cursocompost2-150x150.jpeg 150w, https:\/\/www.celttv.com.ar\/wp-content\/uploads\/2023\/03\/cursocompost2-768x768.jpeg 768w, https:\/\/www.celttv.com.ar\/wp-content\/uploads\/2023\/03\/cursocompost2-75x75.jpeg 75w, https:\/\/www.celttv.com.ar\/wp-content\/uploads\/2023\/03\/cursocompost2-750x750.jpeg 750w\" sizes=\"auto, (max-width: 1000px) 100vw, 1000px\" \/><\/p>\n<p><strong>\u00a0<\/strong><\/p>\n","protected":false},"excerpt":{"rendered":"<p>La Subsecretaria de Ambiente te invita a sumarte a una nueva propuesta educativa del Ministerio de Ambiente de la Provincia de Buenos Aires, con dos encuentros virtuales y asincr\u00f3nicos para aprender sobre compostaje y gesti\u00f3n de residuos.\u00a0 En el marco del Mes del Compostaje, se llevar\u00e1 a cabo el curso \u201cTransformando los residuos en abono [&hellip;]<\/p>\n","protected":false},"author":5,"featured_media":74607,"comment_status":"closed","ping_status":"closed","sticky":false,"template":"","format":"standard","meta":{"footnotes":""},"categories":[51,52,59],"tags":[776],"class_list":["post-74604","post","type-post","status-publish","format-standard","has-post-thumbnail","hentry","category-comunidad","category-destacadas","category-municipales","tag-abrio-la-inscripcion-al-curso-de-compostaje-domiciliario-del-ministerio-de-ambiente"],"yoast_head":"<!-- This site is optimized with the Yoast SEO plugin v19.7.1 - https:\/\/yoast.com\/wordpress\/plugins\/seo\/ -->\n<title>Abri\u00f3 la inscripci\u00f3n al curso de compostaje domiciliario del Ministerio de Ambiente - CELTTV<\/title>\n<meta name=\"description\" content=\"Sitio web de noticias de la localidad de Tornquist, provincia de Buenos Aires, Rep\u00fablica Argentina. Contenido propio originado por periodistas de CELTTV, el canal de TV local de la Cooperativa El\u00e9ctrica de Tornquist. Turismo, Pol\u00edtica, Sociedad, Deporte, Cultura y todo el contenido de inter\u00e9s general que la gente del pueblo y la regi\u00f3n debe conocer.\" \/>\n<meta name=\"robots\" content=\"index, follow, max-snippet:-1, max-image-preview:large, max-video-preview:-1\" \/>\n<link rel=\"canonical\" href=\"https:\/\/www.celttv.com.ar\/index.php\/2023\/03\/27\/abrio-la-inscripcion-al-curso-de-compostaje-domiciliario-del-ministerio-de-ambiente\/\" \/>\n<meta property=\"og:locale\" content=\"es_ES\" \/>\n<meta property=\"og:type\" content=\"article\" \/>\n<meta property=\"og:title\" content=\"Abri\u00f3 la inscripci\u00f3n al curso de compostaje domiciliario del Ministerio de Ambiente - CELTTV\" \/>\n<meta property=\"og:description\" content=\"Sitio web de noticias de la localidad de Tornquist, provincia de Buenos Aires, Rep\u00fablica Argentina. Contenido propio originado por periodistas de CELTTV, el canal de TV local de la Cooperativa El\u00e9ctrica de Tornquist. Turismo, Pol\u00edtica, Sociedad, Deporte, Cultura y todo el contenido de inter\u00e9s general que la gente del pueblo y la regi\u00f3n debe conocer.\" \/>\n<meta property=\"og:url\" content=\"https:\/\/www.celttv.com.ar\/index.php\/2023\/03\/27\/abrio-la-inscripcion-al-curso-de-compostaje-domiciliario-del-ministerio-de-ambiente\/\" \/>\n<meta property=\"og:site_name\" content=\"CELTTV\" \/>\n<meta property=\"article:publisher\" content=\"https:\/\/www.facebook.com\/celtTV\/\" \/>\n<meta property=\"article:published_time\" content=\"2023-03-27T21:38:02+00:00\" \/>\n<meta property=\"article:modified_time\" content=\"2023-03-28T14:47:37+00:00\" \/>\n<meta property=\"og:image\" content=\"https:\/\/www.celttv.com.ar\/wp-content\/uploads\/2023\/03\/cursocompost2.jpeg\" \/>\n\t<meta property=\"og:image:width\" content=\"1000\" \/>\n\t<meta property=\"og:image:height\" content=\"1000\" \/>\n\t<meta property=\"og:image:type\" content=\"image\/jpeg\" \/>\n<meta name=\"author\" content=\"Miguel Herrada\" \/>\n<meta name=\"twitter:card\" content=\"summary_large_image\" \/>\n<meta name=\"twitter:label1\" content=\"Escrito por\" \/>\n\t<meta name=\"twitter:data1\" content=\"Miguel Herrada\" \/>\n\t<meta name=\"twitter:label2\" content=\"Tiempo de lectura\" \/>\n\t<meta name=\"twitter:data2\" content=\"1 minuto\" \/>\n<script type=\"application\/ld+json\" class=\"yoast-schema-graph\">{\"@context\":\"https:\/\/schema.org\",\"@graph\":[{\"@type\":\"NewsArticle\",\"@id\":\"https:\/\/www.celttv.com.ar\/index.php\/2023\/03\/27\/abrio-la-inscripcion-al-curso-de-compostaje-domiciliario-del-ministerio-de-ambiente\/#article\",\"isPartOf\":{\"@id\":\"https:\/\/www.celttv.com.ar\/index.php\/2023\/03\/27\/abrio-la-inscripcion-al-curso-de-compostaje-domiciliario-del-ministerio-de-ambiente\/\"},\"author\":{\"name\":\"Miguel Herrada\",\"@id\":\"https:\/\/www.celttv.com.ar\/#\/schema\/person\/9059dc91dc7204ef4182cdb65225f07d\"},\"headline\":\"Abri\u00f3 la inscripci\u00f3n al curso de compostaje domiciliario del Ministerio de Ambiente\",\"datePublished\":\"2023-03-27T21:38:02+00:00\",\"dateModified\":\"2023-03-28T14:47:37+00:00\",\"mainEntityOfPage\":{\"@id\":\"https:\/\/www.celttv.com.ar\/index.php\/2023\/03\/27\/abrio-la-inscripcion-al-curso-de-compostaje-domiciliario-del-ministerio-de-ambiente\/\"},\"wordCount\":215,\"publisher\":{\"@id\":\"https:\/\/www.celttv.com.ar\/#organization\"},\"keywords\":[\"Abri\u00f3 la inscripci\u00f3n al curso de compostaje domiciliario del Ministerio de Ambiente\"],\"articleSection\":[\"Comunidad\",\"Destacadas\",\"Municipales\"],\"inLanguage\":\"es\"},{\"@type\":\"WebPage\",\"@id\":\"https:\/\/www.celttv.com.ar\/index.php\/2023\/03\/27\/abrio-la-inscripcion-al-curso-de-compostaje-domiciliario-del-ministerio-de-ambiente\/\",\"url\":\"https:\/\/www.celttv.com.ar\/index.php\/2023\/03\/27\/abrio-la-inscripcion-al-curso-de-compostaje-domiciliario-del-ministerio-de-ambiente\/\",\"name\":\"Abri\u00f3 la inscripci\u00f3n al curso de compostaje domiciliario del Ministerio de Ambiente - CELTTV\",\"isPartOf\":{\"@id\":\"https:\/\/www.celttv.com.ar\/#website\"},\"datePublished\":\"2023-03-27T21:38:02+00:00\",\"dateModified\":\"2023-03-28T14:47:37+00:00\",\"description\":\"Sitio web de noticias de la localidad de Tornquist, provincia de Buenos Aires, Rep\u00fablica Argentina. Contenido propio originado por periodistas de CELTTV, el canal de TV local de la Cooperativa El\u00e9ctrica de Tornquist. Turismo, Pol\u00edtica, Sociedad, Deporte, Cultura y todo el contenido de inter\u00e9s general que la gente del pueblo y la regi\u00f3n debe conocer.\",\"breadcrumb\":{\"@id\":\"https:\/\/www.celttv.com.ar\/index.php\/2023\/03\/27\/abrio-la-inscripcion-al-curso-de-compostaje-domiciliario-del-ministerio-de-ambiente\/#breadcrumb\"},\"inLanguage\":\"es\",\"potentialAction\":[{\"@type\":\"ReadAction\",\"target\":[\"https:\/\/www.celttv.com.ar\/index.php\/2023\/03\/27\/abrio-la-inscripcion-al-curso-de-compostaje-domiciliario-del-ministerio-de-ambiente\/\"]}]},{\"@type\":\"BreadcrumbList\",\"@id\":\"https:\/\/www.celttv.com.ar\/index.php\/2023\/03\/27\/abrio-la-inscripcion-al-curso-de-compostaje-domiciliario-del-ministerio-de-ambiente\/#breadcrumb\",\"itemListElement\":[{\"@type\":\"ListItem\",\"position\":1,\"name\":\"Inicio\",\"item\":\"https:\/\/www.celttv.com.ar\/\"},{\"@type\":\"ListItem\",\"position\":2,\"name\":\"Abri\u00f3 la inscripci\u00f3n al curso de compostaje domiciliario del Ministerio de Ambiente\"}]},{\"@type\":\"WebSite\",\"@id\":\"https:\/\/www.celttv.com.ar\/#website\",\"url\":\"https:\/\/www.celttv.com.ar\/\",\"name\":\"CELTTV\",\"description\":\"Cooperativa El\u00e9ctrica de Tornquist\",\"publisher\":{\"@id\":\"https:\/\/www.celttv.com.ar\/#organization\"},\"potentialAction\":[{\"@type\":\"SearchAction\",\"target\":{\"@type\":\"EntryPoint\",\"urlTemplate\":\"https:\/\/www.celttv.com.ar\/?s={search_term_string}\"},\"query-input\":\"required name=search_term_string\"}],\"inLanguage\":\"es\"},{\"@type\":\"Organization\",\"@id\":\"https:\/\/www.celttv.com.ar\/#organization\",\"name\":\"CELTTV\",\"url\":\"https:\/\/www.celttv.com.ar\/\",\"sameAs\":[\"https:\/\/www.youtube.com\/channel\/UCz_oIt8Hig64Ub-EmcNPIhg\",\"https:\/\/www.facebook.com\/celtTV\/\"],\"logo\":{\"@type\":\"ImageObject\",\"inLanguage\":\"es\",\"@id\":\"https:\/\/www.celttv.com.ar\/#\/schema\/logo\/image\/\",\"url\":\"http:\/\/www.celttv.com.ar\/wp-content\/uploads\/2022\/08\/logo-1.png\",\"contentUrl\":\"http:\/\/www.celttv.com.ar\/wp-content\/uploads\/2022\/08\/logo-1.png\",\"width\":461,\"height\":159,\"caption\":\"CELTTV\"},\"image\":{\"@id\":\"https:\/\/www.celttv.com.ar\/#\/schema\/logo\/image\/\"}},{\"@type\":\"Person\",\"@id\":\"https:\/\/www.celttv.com.ar\/#\/schema\/person\/9059dc91dc7204ef4182cdb65225f07d\",\"name\":\"Miguel Herrada\",\"image\":{\"@type\":\"ImageObject\",\"inLanguage\":\"es\",\"@id\":\"https:\/\/www.celttv.com.ar\/#\/schema\/person\/image\/\",\"url\":\"https:\/\/secure.gravatar.com\/avatar\/67724d5b3c716623ffd76bec7e45841a442ac3b456e914dbba90b0fad2b8e0b1?s=96&d=mm&r=g\",\"contentUrl\":\"https:\/\/secure.gravatar.com\/avatar\/67724d5b3c716623ffd76bec7e45841a442ac3b456e914dbba90b0fad2b8e0b1?s=96&d=mm&r=g\",\"caption\":\"Miguel Herrada\"}}]}<\/script>\n<!-- \/ Yoast SEO plugin. -->","yoast_head_json":{"title":"Abri\u00f3 la inscripci\u00f3n al curso de compostaje domiciliario del Ministerio de Ambiente - CELTTV","description":"Sitio web de noticias de la localidad de Tornquist, provincia de Buenos Aires, Rep\u00fablica Argentina. Contenido propio originado por periodistas de CELTTV, el canal de TV local de la Cooperativa El\u00e9ctrica de Tornquist. Turismo, Pol\u00edtica, Sociedad, Deporte, Cultura y todo el contenido de inter\u00e9s general que la gente del pueblo y la regi\u00f3n debe conocer.","robots":{"index":"index","follow":"follow","max-snippet":"max-snippet:-1","max-image-preview":"max-image-preview:large","max-video-preview":"max-video-preview:-1"},"canonical":"https:\/\/www.celttv.com.ar\/index.php\/2023\/03\/27\/abrio-la-inscripcion-al-curso-de-compostaje-domiciliario-del-ministerio-de-ambiente\/","og_locale":"es_ES","og_type":"article","og_title":"Abri\u00f3 la inscripci\u00f3n al curso de compostaje domiciliario del Ministerio de Ambiente - CELTTV","og_description":"Sitio web de noticias de la localidad de Tornquist, provincia de Buenos Aires, Rep\u00fablica Argentina. Contenido propio originado por periodistas de CELTTV, el canal de TV local de la Cooperativa El\u00e9ctrica de Tornquist. Turismo, Pol\u00edtica, Sociedad, Deporte, Cultura y todo el contenido de inter\u00e9s general que la gente del pueblo y la regi\u00f3n debe conocer.","og_url":"https:\/\/www.celttv.com.ar\/index.php\/2023\/03\/27\/abrio-la-inscripcion-al-curso-de-compostaje-domiciliario-del-ministerio-de-ambiente\/","og_site_name":"CELTTV","article_publisher":"https:\/\/www.facebook.com\/celtTV\/","article_published_time":"2023-03-27T21:38:02+00:00","article_modified_time":"2023-03-28T14:47:37+00:00","og_image":[{"width":1000,"height":1000,"url":"https:\/\/www.celttv.com.ar\/wp-content\/uploads\/2023\/03\/cursocompost2.jpeg","type":"image\/jpeg"}],"author":"Miguel Herrada","twitter_card":"summary_large_image","twitter_misc":{"Escrito por":"Miguel Herrada","Tiempo de lectura":"1 minuto"},"schema":{"@context":"https:\/\/schema.org","@graph":[{"@type":"NewsArticle","@id":"https:\/\/www.celttv.com.ar\/index.php\/2023\/03\/27\/abrio-la-inscripcion-al-curso-de-compostaje-domiciliario-del-ministerio-de-ambiente\/#article","isPartOf":{"@id":"https:\/\/www.celttv.com.ar\/index.php\/2023\/03\/27\/abrio-la-inscripcion-al-curso-de-compostaje-domiciliario-del-ministerio-de-ambiente\/"},"author":{"name":"Miguel Herrada","@id":"https:\/\/www.celttv.com.ar\/#\/schema\/person\/9059dc91dc7204ef4182cdb65225f07d"},"headline":"Abri\u00f3 la inscripci\u00f3n al curso de compostaje domiciliario del Ministerio de Ambiente","datePublished":"2023-03-27T21:38:02+00:00","dateModified":"2023-03-28T14:47:37+00:00","mainEntityOfPage":{"@id":"https:\/\/www.celttv.com.ar\/index.php\/2023\/03\/27\/abrio-la-inscripcion-al-curso-de-compostaje-domiciliario-del-ministerio-de-ambiente\/"},"wordCount":215,"publisher":{"@id":"https:\/\/www.celttv.com.ar\/#organization"},"keywords":["Abri\u00f3 la inscripci\u00f3n al curso de compostaje domiciliario del Ministerio de Ambiente"],"articleSection":["Comunidad","Destacadas","Municipales"],"inLanguage":"es"},{"@type":"WebPage","@id":"https:\/\/www.celttv.com.ar\/index.php\/2023\/03\/27\/abrio-la-inscripcion-al-curso-de-compostaje-domiciliario-del-ministerio-de-ambiente\/","url":"https:\/\/www.celttv.com.ar\/index.php\/2023\/03\/27\/abrio-la-inscripcion-al-curso-de-compostaje-domiciliario-del-ministerio-de-ambiente\/","name":"Abri\u00f3 la inscripci\u00f3n al curso de compostaje domiciliario del Ministerio de Ambiente - CELTTV","isPartOf":{"@id":"https:\/\/www.celttv.com.ar\/#website"},"datePublished":"2023-03-27T21:38:02+00:00","dateModified":"2023-03-28T14:47:37+00:00","description":"Sitio web de noticias de la localidad de Tornquist, provincia de Buenos Aires, Rep\u00fablica Argentina. Contenido propio originado por periodistas de CELTTV, el canal de TV local de la Cooperativa El\u00e9ctrica de Tornquist. Turismo, Pol\u00edtica, Sociedad, Deporte, Cultura y todo el contenido de inter\u00e9s general que la gente del pueblo y la regi\u00f3n debe conocer.","breadcrumb":{"@id":"https:\/\/www.celttv.com.ar\/index.php\/2023\/03\/27\/abrio-la-inscripcion-al-curso-de-compostaje-domiciliario-del-ministerio-de-ambiente\/#breadcrumb"},"inLanguage":"es","potentialAction":[{"@type":"ReadAction","target":["https:\/\/www.celttv.com.ar\/index.php\/2023\/03\/27\/abrio-la-inscripcion-al-curso-de-compostaje-domiciliario-del-ministerio-de-ambiente\/"]}]},{"@type":"BreadcrumbList","@id":"https:\/\/www.celttv.com.ar\/index.php\/2023\/03\/27\/abrio-la-inscripcion-al-curso-de-compostaje-domiciliario-del-ministerio-de-ambiente\/#breadcrumb","itemListElement":[{"@type":"ListItem","position":1,"name":"Inicio","item":"https:\/\/www.celttv.com.ar\/"},{"@type":"ListItem","position":2,"name":"Abri\u00f3 la inscripci\u00f3n al curso de compostaje domiciliario del Ministerio de Ambiente"}]},{"@type":"WebSite","@id":"https:\/\/www.celttv.com.ar\/#website","url":"https:\/\/www.celttv.com.ar\/","name":"CELTTV","description":"Cooperativa El\u00e9ctrica de Tornquist","publisher":{"@id":"https:\/\/www.celttv.com.ar\/#organization"},"potentialAction":[{"@type":"SearchAction","target":{"@type":"EntryPoint","urlTemplate":"https:\/\/www.celttv.com.ar\/?s={search_term_string}"},"query-input":"required name=search_term_string"}],"inLanguage":"es"},{"@type":"Organization","@id":"https:\/\/www.celttv.com.ar\/#organization","name":"CELTTV","url":"https:\/\/www.celttv.com.ar\/","sameAs":["https:\/\/www.youtube.com\/channel\/UCz_oIt8Hig64Ub-EmcNPIhg","https:\/\/www.facebook.com\/celtTV\/"],"logo":{"@type":"ImageObject","inLanguage":"es","@id":"https:\/\/www.celttv.com.ar\/#\/schema\/logo\/image\/","url":"http:\/\/www.celttv.com.ar\/wp-content\/uploads\/2022\/08\/logo-1.png","contentUrl":"http:\/\/www.celttv.com.ar\/wp-content\/uploads\/2022\/08\/logo-1.png","width":461,"height":159,"caption":"CELTTV"},"image":{"@id":"https:\/\/www.celttv.com.ar\/#\/schema\/logo\/image\/"}},{"@type":"Person","@id":"https:\/\/www.celttv.com.ar\/#\/schema\/person\/9059dc91dc7204ef4182cdb65225f07d","name":"Miguel Herrada","image":{"@type":"ImageObject","inLanguage":"es","@id":"https:\/\/www.celttv.com.ar\/#\/schema\/person\/image\/","url":"https:\/\/secure.gravatar.com\/avatar\/67724d5b3c716623ffd76bec7e45841a442ac3b456e914dbba90b0fad2b8e0b1?s=96&d=mm&r=g","contentUrl":"https:\/\/secure.gravatar.com\/avatar\/67724d5b3c716623ffd76bec7e45841a442ac3b456e914dbba90b0fad2b8e0b1?s=96&d=mm&r=g","caption":"Miguel Herrada"}}]}},"_links":{"self":[{"href":"https:\/\/www.celttv.com.ar\/index.php\/wp-json\/wp\/v2\/posts\/74604","targetHints":{"allow":["GET"]}}],"collection":[{"href":"https:\/\/www.celttv.com.ar\/index.php\/wp-json\/wp\/v2\/posts"}],"about":[{"href":"https:\/\/www.celttv.com.ar\/index.php\/wp-json\/wp\/v2\/types\/post"}],"author":[{"embeddable":true,"href":"https:\/\/www.celttv.com.ar\/index.php\/wp-json\/wp\/v2\/users\/5"}],"replies":[{"embeddable":true,"href":"https:\/\/www.celttv.com.ar\/index.php\/wp-json\/wp\/v2\/comments?post=74604"}],"version-history":[{"count":2,"href":"https:\/\/www.celttv.com.ar\/index.php\/wp-json\/wp\/v2\/posts\/74604\/revisions"}],"predecessor-version":[{"id":74624,"href":"https:\/\/www.celttv.com.ar\/index.php\/wp-json\/wp\/v2\/posts\/74604\/revisions\/74624"}],"wp:featuredmedia":[{"embeddable":true,"href":"https:\/\/www.celttv.com.ar\/index.php\/wp-json\/wp\/v2\/media\/74607"}],"wp:attachment":[{"href":"https:\/\/www.celttv.com.ar\/index.php\/wp-json\/wp\/v2\/media?parent=74604"}],"wp:term":[{"taxonomy":"category","embeddable":true,"href":"https:\/\/www.celttv.com.ar\/index.php\/wp-json\/wp\/v2\/categories?post=74604"},{"taxonomy":"post_tag","embeddable":true,"href":"https:\/\/www.celttv.com.ar\/index.php\/wp-json\/wp\/v2\/tags?post=74604"}],"curies":[{"name":"wp","href":"https:\/\/api.w.org\/{rel}","templated":true}]}}