{"id":74851,"date":"2023-04-05T23:36:44","date_gmt":"2023-04-06T02:36:44","guid":{"rendered":"http:\/\/www.celttv.com.ar\/?p=74851"},"modified":"2023-04-05T23:37:45","modified_gmt":"2023-04-06T02:37:45","slug":"los-bloques-de-juntos-y-el-bloque-frente-de-todos-repudian-la-designacion-de-baamonde","status":"publish","type":"post","link":"https:\/\/www.celttv.com.ar\/index.php\/2023\/04\/05\/los-bloques-de-juntos-y-el-bloque-frente-de-todos-repudian-la-designacion-de-baamonde\/","title":{"rendered":"Los Bloques de Juntos y del Frente de Todos repudian la designaci\u00f3n de Baamonde"},"content":{"rendered":"<h4>Tornquist, 5 de abril de 2023.-<\/h4>\n<h4><\/h4>\n<h4><\/h4>\n<h4><strong>VISTO:<\/strong><\/h4>\n<h4>\u00a0\u00a0\u00a0\u00a0\u00a0\u00a0\u00a0\u00a0\u00a0 La designaci\u00f3n de Julio Renato Baamonde como Delegado de la localidad de Sierra de la Ventana, y;<\/h4>\n<h4><strong>CONSIDERANDO:<\/strong><\/h4>\n<h4>\u00a0\u00a0\u00a0\u00a0\u00a0\u00a0\u00a0\u00a0\u00a0 Que este a\u00f1o se cumplen 40 a\u00f1os de democracia ininterrumpida;<\/h4>\n<h4>\u00a0\u00a0\u00a0\u00a0\u00a0\u00a0\u00a0\u00a0\u00a0 Que en 1983 nuestro pa\u00eds dej\u00f3 atr\u00e1s una de las etapas m\u00e1s oscuras de su historia;<\/h4>\n<h4>\u00a0\u00a0\u00a0\u00a0\u00a0\u00a0\u00a0\u00a0\u00a0 Que la dictadura militar secuestr\u00f3, tortur\u00f3 y desapareci\u00f3 a miles de argentinos;<\/h4>\n<h4>\u00a0\u00a0\u00a0\u00a0\u00a0\u00a0\u00a0\u00a0\u00a0 Que la n\u00f3mina de quienes revistieron como personal civil de inteligencia (PCI) durante la dictadura se hizo p\u00fablica en el a\u00f1o 2010;<\/h4>\n<h4>\u00a0\u00a0\u00a0\u00a0\u00a0\u00a0\u00a0\u00a0\u00a0 Que Julio Baamonde <strong>figura en el listado del personal civil de inteligencia (PCI) que estuvo en funciones durante la \u00faltima dictadura c\u00edvico militar, entre 1976 y 1983 (Batall\u00f3n 601). <\/strong><\/h4>\n<h4>\u00a0\u00a0\u00a0\u00a0\u00a0\u00a0\u00a0\u00a0\u00a0 Que, seg\u00fan documentos desclasificados por los Estados Unidos en el a\u00f1o 2016, durante los primeros a\u00f1os del regreso a la democracia, las estructuras represivas de la dictadura militar se mantuvieron activas. De hecho, el Batall\u00f3n 601 fue disuelto reci\u00e9n en 1985.<\/h4>\n<h4>\u00a0\u00a0\u00a0\u00a0\u00a0\u00a0\u00a0\u00a0\u00a0 Que el PCI fue un engranaje indispensable en el proceso represivo llevado a cabo por la dictadura c\u00edvico-militar;<\/h4>\n<h4>\u00a0\u00a0\u00a0\u00a0\u00a0\u00a0\u00a0\u00a0\u00a0 Que la inteligencia constituy\u00f3 la columna vertebral para las acciones represivas que terminaron con la desaparici\u00f3n forzada de miles de personas;<\/h4>\n<h4>\u00a0\u00a0\u00a0\u00a0\u00a0\u00a0\u00a0\u00a0\u00a0 Que este Honorable Cuerpo hace pocos d\u00edas aprob\u00f3 Resoluci\u00f3n por la cual se homenajeo a, Zaida Franz, Madre de Plaza de Mayo, vecina de nuestro Distrito;<\/h4>\n<h4>\u00a0\u00a0\u00a0\u00a0\u00a0\u00a0\u00a0\u00a0\u00a0 Que, el mencionado funcionario, fue designado por el Intendente Municipal, quien deber\u00eda estar al tanto de la situaci\u00f3n se\u00f1alada;<\/h4>\n<h4>\u00a0\u00a0\u00a0\u00a0\u00a0\u00a0\u00a0\u00a0\u00a0 Que hace 40 a\u00f1os los argentinos dijimos NUNCA M\u00c1S;<\/h4>\n<h4><\/h4>\n<h4>Por ello:<\/h4>\n<h4><u>LOS BLOQUES DE CONCEJALES DE JUNTOS, JUNTOS POR EL CAMBIO Y FRENTE DE TODOS<\/u><\/h4>\n<h4><u>PRESENTAN EL SIGUIENTE<\/u><\/h4>\n<h4><u>PROYECTO DE RESOLUCI\u00d3N<\/u><\/h4>\n<h4><strong><u>\u00a0<\/u><\/strong><\/h4>\n<h4><strong><u>ARTICULO 1\u00b0:<\/u><\/strong> Repudiar la designaci\u00f3n de JULIO RENATO BAAMONDE como Delegado de la localidad de Sierra de la Ventana.<\/h4>\n<h4><strong><u>ARTICULO 2\u00b0:<\/u><\/strong>Solicitar al Intendente Municipal, Sergio Bordoni, desvincule de su cargo al funcionario se\u00f1alado.<\/h4>\n<h4><\/h4>\n<h4>BLOQUE DE CONCEJALES.<\/h4>\n<h4><strong>JUNTOS \u2013 JUNTOS POR EL CAMBIO \u2013 FRENTE DE TODOS<\/strong><\/h4>\n<p>&nbsp;<\/p>\n<p>&nbsp;<\/p>\n","protected":false},"excerpt":{"rendered":"<p>Tornquist, 5 de abril de 2023.- VISTO: \u00a0\u00a0\u00a0\u00a0\u00a0\u00a0\u00a0\u00a0\u00a0 La designaci\u00f3n de Julio Renato Baamonde como Delegado de la localidad de Sierra de la Ventana, y; CONSIDERANDO: \u00a0\u00a0\u00a0\u00a0\u00a0\u00a0\u00a0\u00a0\u00a0 Que este a\u00f1o se cumplen 40 a\u00f1os de democracia ininterrumpida; \u00a0\u00a0\u00a0\u00a0\u00a0\u00a0\u00a0\u00a0\u00a0 Que en 1983 nuestro pa\u00eds dej\u00f3 atr\u00e1s una de las etapas m\u00e1s oscuras de su historia; \u00a0\u00a0\u00a0\u00a0\u00a0\u00a0\u00a0\u00a0\u00a0 [&hellip;]<\/p>\n","protected":false},"author":5,"featured_media":74854,"comment_status":"closed","ping_status":"closed","sticky":false,"template":"","format":"standard","meta":{"footnotes":""},"categories":[51,52,59,53],"tags":[798],"class_list":["post-74851","post","type-post","status-publish","format-standard","has-post-thumbnail","hentry","category-comunidad","category-destacadas","category-municipales","category-politica","tag-los-bloques-de-juntos-y-el-bloque-frente-de-todos-repudian-la-designacion-de-baamonde"],"yoast_head":"<!-- This site is optimized with the Yoast SEO plugin v19.7.1 - https:\/\/yoast.com\/wordpress\/plugins\/seo\/ -->\n<title>Los Bloques de Juntos y del Frente de Todos repudian la designaci\u00f3n de Baamonde - CELTTV<\/title>\n<meta name=\"description\" content=\"Sitio web de noticias de la localidad de Tornquist, provincia de Buenos Aires, Rep\u00fablica Argentina. Contenido propio originado por periodistas de CELTTV, el canal de TV local de la Cooperativa El\u00e9ctrica de Tornquist. Turismo, Pol\u00edtica, Sociedad, Deporte, Cultura y todo el contenido de inter\u00e9s general que la gente del pueblo y la regi\u00f3n debe conocer.\" \/>\n<meta name=\"robots\" content=\"index, follow, max-snippet:-1, max-image-preview:large, max-video-preview:-1\" \/>\n<link rel=\"canonical\" href=\"https:\/\/www.celttv.com.ar\/index.php\/2023\/04\/05\/los-bloques-de-juntos-y-el-bloque-frente-de-todos-repudian-la-designacion-de-baamonde\/\" \/>\n<meta property=\"og:locale\" content=\"es_ES\" \/>\n<meta property=\"og:type\" content=\"article\" \/>\n<meta property=\"og:title\" content=\"Los Bloques de Juntos y del Frente de Todos repudian la designaci\u00f3n de Baamonde - CELTTV\" \/>\n<meta property=\"og:description\" content=\"Sitio web de noticias de la localidad de Tornquist, provincia de Buenos Aires, Rep\u00fablica Argentina. Contenido propio originado por periodistas de CELTTV, el canal de TV local de la Cooperativa El\u00e9ctrica de Tornquist. Turismo, Pol\u00edtica, Sociedad, Deporte, Cultura y todo el contenido de inter\u00e9s general que la gente del pueblo y la regi\u00f3n debe conocer.\" \/>\n<meta property=\"og:url\" content=\"https:\/\/www.celttv.com.ar\/index.php\/2023\/04\/05\/los-bloques-de-juntos-y-el-bloque-frente-de-todos-repudian-la-designacion-de-baamonde\/\" \/>\n<meta property=\"og:site_name\" content=\"CELTTV\" \/>\n<meta property=\"article:publisher\" content=\"https:\/\/www.facebook.com\/celtTV\/\" \/>\n<meta property=\"article:published_time\" content=\"2023-04-06T02:36:44+00:00\" \/>\n<meta property=\"article:modified_time\" content=\"2023-04-06T02:37:45+00:00\" \/>\n<meta property=\"og:image\" content=\"https:\/\/www.celttv.com.ar\/wp-content\/uploads\/2023\/04\/hcd-scaled.jpg\" \/>\n\t<meta property=\"og:image:width\" content=\"2560\" \/>\n\t<meta property=\"og:image:height\" content=\"1154\" \/>\n\t<meta property=\"og:image:type\" content=\"image\/jpeg\" \/>\n<meta name=\"author\" content=\"Miguel Herrada\" \/>\n<meta name=\"twitter:card\" content=\"summary_large_image\" \/>\n<meta name=\"twitter:label1\" content=\"Escrito por\" \/>\n\t<meta name=\"twitter:data1\" content=\"Miguel Herrada\" \/>\n\t<meta name=\"twitter:label2\" content=\"Tiempo de lectura\" \/>\n\t<meta name=\"twitter:data2\" content=\"2 minutos\" \/>\n<script type=\"application\/ld+json\" class=\"yoast-schema-graph\">{\"@context\":\"https:\/\/schema.org\",\"@graph\":[{\"@type\":\"NewsArticle\",\"@id\":\"https:\/\/www.celttv.com.ar\/index.php\/2023\/04\/05\/los-bloques-de-juntos-y-el-bloque-frente-de-todos-repudian-la-designacion-de-baamonde\/#article\",\"isPartOf\":{\"@id\":\"https:\/\/www.celttv.com.ar\/index.php\/2023\/04\/05\/los-bloques-de-juntos-y-el-bloque-frente-de-todos-repudian-la-designacion-de-baamonde\/\"},\"author\":{\"name\":\"Miguel Herrada\",\"@id\":\"https:\/\/www.celttv.com.ar\/#\/schema\/person\/9059dc91dc7204ef4182cdb65225f07d\"},\"headline\":\"Los Bloques de Juntos y del Frente de Todos repudian la designaci\u00f3n de Baamonde\",\"datePublished\":\"2023-04-06T02:36:44+00:00\",\"dateModified\":\"2023-04-06T02:37:45+00:00\",\"mainEntityOfPage\":{\"@id\":\"https:\/\/www.celttv.com.ar\/index.php\/2023\/04\/05\/los-bloques-de-juntos-y-el-bloque-frente-de-todos-repudian-la-designacion-de-baamonde\/\"},\"wordCount\":347,\"publisher\":{\"@id\":\"https:\/\/www.celttv.com.ar\/#organization\"},\"keywords\":[\"Los Bloques de Juntos y el Bloque Frente de Todos repudian la designaci\u00f3n de Baamonde\"],\"articleSection\":[\"Comunidad\",\"Destacadas\",\"Municipales\",\"Pol\u00edtica\"],\"inLanguage\":\"es\"},{\"@type\":\"WebPage\",\"@id\":\"https:\/\/www.celttv.com.ar\/index.php\/2023\/04\/05\/los-bloques-de-juntos-y-el-bloque-frente-de-todos-repudian-la-designacion-de-baamonde\/\",\"url\":\"https:\/\/www.celttv.com.ar\/index.php\/2023\/04\/05\/los-bloques-de-juntos-y-el-bloque-frente-de-todos-repudian-la-designacion-de-baamonde\/\",\"name\":\"Los Bloques de Juntos y del Frente de Todos repudian la designaci\u00f3n de Baamonde - CELTTV\",\"isPartOf\":{\"@id\":\"https:\/\/www.celttv.com.ar\/#website\"},\"datePublished\":\"2023-04-06T02:36:44+00:00\",\"dateModified\":\"2023-04-06T02:37:45+00:00\",\"description\":\"Sitio web de noticias de la localidad de Tornquist, provincia de Buenos Aires, Rep\u00fablica Argentina. Contenido propio originado por periodistas de CELTTV, el canal de TV local de la Cooperativa El\u00e9ctrica de Tornquist. Turismo, Pol\u00edtica, Sociedad, Deporte, Cultura y todo el contenido de inter\u00e9s general que la gente del pueblo y la regi\u00f3n debe conocer.\",\"breadcrumb\":{\"@id\":\"https:\/\/www.celttv.com.ar\/index.php\/2023\/04\/05\/los-bloques-de-juntos-y-el-bloque-frente-de-todos-repudian-la-designacion-de-baamonde\/#breadcrumb\"},\"inLanguage\":\"es\",\"potentialAction\":[{\"@type\":\"ReadAction\",\"target\":[\"https:\/\/www.celttv.com.ar\/index.php\/2023\/04\/05\/los-bloques-de-juntos-y-el-bloque-frente-de-todos-repudian-la-designacion-de-baamonde\/\"]}]},{\"@type\":\"BreadcrumbList\",\"@id\":\"https:\/\/www.celttv.com.ar\/index.php\/2023\/04\/05\/los-bloques-de-juntos-y-el-bloque-frente-de-todos-repudian-la-designacion-de-baamonde\/#breadcrumb\",\"itemListElement\":[{\"@type\":\"ListItem\",\"position\":1,\"name\":\"Inicio\",\"item\":\"https:\/\/www.celttv.com.ar\/\"},{\"@type\":\"ListItem\",\"position\":2,\"name\":\"Los Bloques de Juntos y del Frente de Todos repudian la designaci\u00f3n de Baamonde\"}]},{\"@type\":\"WebSite\",\"@id\":\"https:\/\/www.celttv.com.ar\/#website\",\"url\":\"https:\/\/www.celttv.com.ar\/\",\"name\":\"CELTTV\",\"description\":\"Cooperativa El\u00e9ctrica de Tornquist\",\"publisher\":{\"@id\":\"https:\/\/www.celttv.com.ar\/#organization\"},\"potentialAction\":[{\"@type\":\"SearchAction\",\"target\":{\"@type\":\"EntryPoint\",\"urlTemplate\":\"https:\/\/www.celttv.com.ar\/?s={search_term_string}\"},\"query-input\":\"required name=search_term_string\"}],\"inLanguage\":\"es\"},{\"@type\":\"Organization\",\"@id\":\"https:\/\/www.celttv.com.ar\/#organization\",\"name\":\"CELTTV\",\"url\":\"https:\/\/www.celttv.com.ar\/\",\"sameAs\":[\"https:\/\/www.youtube.com\/channel\/UCz_oIt8Hig64Ub-EmcNPIhg\",\"https:\/\/www.facebook.com\/celtTV\/\"],\"logo\":{\"@type\":\"ImageObject\",\"inLanguage\":\"es\",\"@id\":\"https:\/\/www.celttv.com.ar\/#\/schema\/logo\/image\/\",\"url\":\"http:\/\/www.celttv.com.ar\/wp-content\/uploads\/2022\/08\/logo-1.png\",\"contentUrl\":\"http:\/\/www.celttv.com.ar\/wp-content\/uploads\/2022\/08\/logo-1.png\",\"width\":461,\"height\":159,\"caption\":\"CELTTV\"},\"image\":{\"@id\":\"https:\/\/www.celttv.com.ar\/#\/schema\/logo\/image\/\"}},{\"@type\":\"Person\",\"@id\":\"https:\/\/www.celttv.com.ar\/#\/schema\/person\/9059dc91dc7204ef4182cdb65225f07d\",\"name\":\"Miguel Herrada\",\"image\":{\"@type\":\"ImageObject\",\"inLanguage\":\"es\",\"@id\":\"https:\/\/www.celttv.com.ar\/#\/schema\/person\/image\/\",\"url\":\"https:\/\/secure.gravatar.com\/avatar\/67724d5b3c716623ffd76bec7e45841a442ac3b456e914dbba90b0fad2b8e0b1?s=96&d=mm&r=g\",\"contentUrl\":\"https:\/\/secure.gravatar.com\/avatar\/67724d5b3c716623ffd76bec7e45841a442ac3b456e914dbba90b0fad2b8e0b1?s=96&d=mm&r=g\",\"caption\":\"Miguel Herrada\"}}]}<\/script>\n<!-- \/ Yoast SEO plugin. -->","yoast_head_json":{"title":"Los Bloques de Juntos y del Frente de Todos repudian la designaci\u00f3n de Baamonde - CELTTV","description":"Sitio web de noticias de la localidad de Tornquist, provincia de Buenos Aires, Rep\u00fablica Argentina. Contenido propio originado por periodistas de CELTTV, el canal de TV local de la Cooperativa El\u00e9ctrica de Tornquist. Turismo, Pol\u00edtica, Sociedad, Deporte, Cultura y todo el contenido de inter\u00e9s general que la gente del pueblo y la regi\u00f3n debe conocer.","robots":{"index":"index","follow":"follow","max-snippet":"max-snippet:-1","max-image-preview":"max-image-preview:large","max-video-preview":"max-video-preview:-1"},"canonical":"https:\/\/www.celttv.com.ar\/index.php\/2023\/04\/05\/los-bloques-de-juntos-y-el-bloque-frente-de-todos-repudian-la-designacion-de-baamonde\/","og_locale":"es_ES","og_type":"article","og_title":"Los Bloques de Juntos y del Frente de Todos repudian la designaci\u00f3n de Baamonde - CELTTV","og_description":"Sitio web de noticias de la localidad de Tornquist, provincia de Buenos Aires, Rep\u00fablica Argentina. Contenido propio originado por periodistas de CELTTV, el canal de TV local de la Cooperativa El\u00e9ctrica de Tornquist. Turismo, Pol\u00edtica, Sociedad, Deporte, Cultura y todo el contenido de inter\u00e9s general que la gente del pueblo y la regi\u00f3n debe conocer.","og_url":"https:\/\/www.celttv.com.ar\/index.php\/2023\/04\/05\/los-bloques-de-juntos-y-el-bloque-frente-de-todos-repudian-la-designacion-de-baamonde\/","og_site_name":"CELTTV","article_publisher":"https:\/\/www.facebook.com\/celtTV\/","article_published_time":"2023-04-06T02:36:44+00:00","article_modified_time":"2023-04-06T02:37:45+00:00","og_image":[{"width":2560,"height":1154,"url":"https:\/\/www.celttv.com.ar\/wp-content\/uploads\/2023\/04\/hcd-scaled.jpg","type":"image\/jpeg"}],"author":"Miguel Herrada","twitter_card":"summary_large_image","twitter_misc":{"Escrito por":"Miguel Herrada","Tiempo de lectura":"2 minutos"},"schema":{"@context":"https:\/\/schema.org","@graph":[{"@type":"NewsArticle","@id":"https:\/\/www.celttv.com.ar\/index.php\/2023\/04\/05\/los-bloques-de-juntos-y-el-bloque-frente-de-todos-repudian-la-designacion-de-baamonde\/#article","isPartOf":{"@id":"https:\/\/www.celttv.com.ar\/index.php\/2023\/04\/05\/los-bloques-de-juntos-y-el-bloque-frente-de-todos-repudian-la-designacion-de-baamonde\/"},"author":{"name":"Miguel Herrada","@id":"https:\/\/www.celttv.com.ar\/#\/schema\/person\/9059dc91dc7204ef4182cdb65225f07d"},"headline":"Los Bloques de Juntos y del Frente de Todos repudian la designaci\u00f3n de Baamonde","datePublished":"2023-04-06T02:36:44+00:00","dateModified":"2023-04-06T02:37:45+00:00","mainEntityOfPage":{"@id":"https:\/\/www.celttv.com.ar\/index.php\/2023\/04\/05\/los-bloques-de-juntos-y-el-bloque-frente-de-todos-repudian-la-designacion-de-baamonde\/"},"wordCount":347,"publisher":{"@id":"https:\/\/www.celttv.com.ar\/#organization"},"keywords":["Los Bloques de Juntos y el Bloque Frente de Todos repudian la designaci\u00f3n de Baamonde"],"articleSection":["Comunidad","Destacadas","Municipales","Pol\u00edtica"],"inLanguage":"es"},{"@type":"WebPage","@id":"https:\/\/www.celttv.com.ar\/index.php\/2023\/04\/05\/los-bloques-de-juntos-y-el-bloque-frente-de-todos-repudian-la-designacion-de-baamonde\/","url":"https:\/\/www.celttv.com.ar\/index.php\/2023\/04\/05\/los-bloques-de-juntos-y-el-bloque-frente-de-todos-repudian-la-designacion-de-baamonde\/","name":"Los Bloques de Juntos y del Frente de Todos repudian la designaci\u00f3n de Baamonde - CELTTV","isPartOf":{"@id":"https:\/\/www.celttv.com.ar\/#website"},"datePublished":"2023-04-06T02:36:44+00:00","dateModified":"2023-04-06T02:37:45+00:00","description":"Sitio web de noticias de la localidad de Tornquist, provincia de Buenos Aires, Rep\u00fablica Argentina. Contenido propio originado por periodistas de CELTTV, el canal de TV local de la Cooperativa El\u00e9ctrica de Tornquist. Turismo, Pol\u00edtica, Sociedad, Deporte, Cultura y todo el contenido de inter\u00e9s general que la gente del pueblo y la regi\u00f3n debe conocer.","breadcrumb":{"@id":"https:\/\/www.celttv.com.ar\/index.php\/2023\/04\/05\/los-bloques-de-juntos-y-el-bloque-frente-de-todos-repudian-la-designacion-de-baamonde\/#breadcrumb"},"inLanguage":"es","potentialAction":[{"@type":"ReadAction","target":["https:\/\/www.celttv.com.ar\/index.php\/2023\/04\/05\/los-bloques-de-juntos-y-el-bloque-frente-de-todos-repudian-la-designacion-de-baamonde\/"]}]},{"@type":"BreadcrumbList","@id":"https:\/\/www.celttv.com.ar\/index.php\/2023\/04\/05\/los-bloques-de-juntos-y-el-bloque-frente-de-todos-repudian-la-designacion-de-baamonde\/#breadcrumb","itemListElement":[{"@type":"ListItem","position":1,"name":"Inicio","item":"https:\/\/www.celttv.com.ar\/"},{"@type":"ListItem","position":2,"name":"Los Bloques de Juntos y del Frente de Todos repudian la designaci\u00f3n de Baamonde"}]},{"@type":"WebSite","@id":"https:\/\/www.celttv.com.ar\/#website","url":"https:\/\/www.celttv.com.ar\/","name":"CELTTV","description":"Cooperativa El\u00e9ctrica de Tornquist","publisher":{"@id":"https:\/\/www.celttv.com.ar\/#organization"},"potentialAction":[{"@type":"SearchAction","target":{"@type":"EntryPoint","urlTemplate":"https:\/\/www.celttv.com.ar\/?s={search_term_string}"},"query-input":"required name=search_term_string"}],"inLanguage":"es"},{"@type":"Organization","@id":"https:\/\/www.celttv.com.ar\/#organization","name":"CELTTV","url":"https:\/\/www.celttv.com.ar\/","sameAs":["https:\/\/www.youtube.com\/channel\/UCz_oIt8Hig64Ub-EmcNPIhg","https:\/\/www.facebook.com\/celtTV\/"],"logo":{"@type":"ImageObject","inLanguage":"es","@id":"https:\/\/www.celttv.com.ar\/#\/schema\/logo\/image\/","url":"http:\/\/www.celttv.com.ar\/wp-content\/uploads\/2022\/08\/logo-1.png","contentUrl":"http:\/\/www.celttv.com.ar\/wp-content\/uploads\/2022\/08\/logo-1.png","width":461,"height":159,"caption":"CELTTV"},"image":{"@id":"https:\/\/www.celttv.com.ar\/#\/schema\/logo\/image\/"}},{"@type":"Person","@id":"https:\/\/www.celttv.com.ar\/#\/schema\/person\/9059dc91dc7204ef4182cdb65225f07d","name":"Miguel Herrada","image":{"@type":"ImageObject","inLanguage":"es","@id":"https:\/\/www.celttv.com.ar\/#\/schema\/person\/image\/","url":"https:\/\/secure.gravatar.com\/avatar\/67724d5b3c716623ffd76bec7e45841a442ac3b456e914dbba90b0fad2b8e0b1?s=96&d=mm&r=g","contentUrl":"https:\/\/secure.gravatar.com\/avatar\/67724d5b3c716623ffd76bec7e45841a442ac3b456e914dbba90b0fad2b8e0b1?s=96&d=mm&r=g","caption":"Miguel Herrada"}}]}},"_links":{"self":[{"href":"https:\/\/www.celttv.com.ar\/index.php\/wp-json\/wp\/v2\/posts\/74851","targetHints":{"allow":["GET"]}}],"collection":[{"href":"https:\/\/www.celttv.com.ar\/index.php\/wp-json\/wp\/v2\/posts"}],"about":[{"href":"https:\/\/www.celttv.com.ar\/index.php\/wp-json\/wp\/v2\/types\/post"}],"author":[{"embeddable":true,"href":"https:\/\/www.celttv.com.ar\/index.php\/wp-json\/wp\/v2\/users\/5"}],"replies":[{"embeddable":true,"href":"https:\/\/www.celttv.com.ar\/index.php\/wp-json\/wp\/v2\/comments?post=74851"}],"version-history":[{"count":3,"href":"https:\/\/www.celttv.com.ar\/index.php\/wp-json\/wp\/v2\/posts\/74851\/revisions"}],"predecessor-version":[{"id":74857,"href":"https:\/\/www.celttv.com.ar\/index.php\/wp-json\/wp\/v2\/posts\/74851\/revisions\/74857"}],"wp:featuredmedia":[{"embeddable":true,"href":"https:\/\/www.celttv.com.ar\/index.php\/wp-json\/wp\/v2\/media\/74854"}],"wp:attachment":[{"href":"https:\/\/www.celttv.com.ar\/index.php\/wp-json\/wp\/v2\/media?parent=74851"}],"wp:term":[{"taxonomy":"category","embeddable":true,"href":"https:\/\/www.celttv.com.ar\/index.php\/wp-json\/wp\/v2\/categories?post=74851"},{"taxonomy":"post_tag","embeddable":true,"href":"https:\/\/www.celttv.com.ar\/index.php\/wp-json\/wp\/v2\/tags?post=74851"}],"curies":[{"name":"wp","href":"https:\/\/api.w.org\/{rel}","templated":true}]}}