{"id":74960,"date":"2023-04-11T18:11:18","date_gmt":"2023-04-11T21:11:18","guid":{"rendered":"http:\/\/www.celttv.com.ar\/?p=74960"},"modified":"2023-04-11T18:11:18","modified_gmt":"2023-04-11T21:11:18","slug":"llega-a-sierra-de-la-ventana-el-ciclo-de-encuentros-abrazadxs-al-tango","status":"publish","type":"post","link":"https:\/\/www.celttv.com.ar\/index.php\/2023\/04\/11\/llega-a-sierra-de-la-ventana-el-ciclo-de-encuentros-abrazadxs-al-tango\/","title":{"rendered":"Llega a Sierra de la Ventana el ciclo de encuentros \u2018Abrazadxs al Tango\u2019"},"content":{"rendered":"<p>El s\u00e1bado 22 de abril tendr\u00e1 lugar en Sierra de la Ventana \u2018Abrazadxs al Tango\u2019, el ciclo de encuentros de tango-danza impulsado por el Instituto Cultural de la Provincia de Buenos Aires, que busca renovar y expandir el g\u00e9nero con una perspectiva bonaerense.<\/p>\n<p>La jornada, coordinada por la Subsecretar\u00eda de Cultura de Tornquist Municipio, se desarrollar\u00e1 en el sal\u00f3n de Bomberos Voluntarios y contar\u00e1 con clases, shows y expresiones art\u00edsticas.<\/p>\n<p>El programa busca establecer la diversidad de programas para la difusi\u00f3n, interpretaci\u00f3n, creaci\u00f3n y experimentaci\u00f3n del tango en sus m\u00e1s variadas tendencias como danza popular argentina y como especie coreogr\u00e1fica. Con el objetivo de fomentar y revalorizar la disciplina, promoviendo la comunicaci\u00f3n, la identidad cultural, la participaci\u00f3n colectiva, la integraci\u00f3n social y la libertad de expresi\u00f3n e igualdad de g\u00e9nero.<\/p>\n<p>Los interesados en asistir, deben anotarse en el siguiente formulario: <a href=\"https:\/\/forms.gle\/8U7FxJTLdZpxstsK9\">https:\/\/forms.gle\/8U7FxJTLdZpxstsK9<\/a>.<\/p>\n<p>Cronograma:<\/p>\n<p>Clases durante la tarde<\/p>\n<p>14 hs: Primeros pasos para todas las edades. Exequiel Ferreira;<\/p>\n<p>15.15 hs: Vals tangueado. Bel\u00e9n C\u00f3rdoba y Mart\u00edn Iarussi;<\/p>\n<p>16.30 hs: Milonga con traspi\u00e9. Becky Navarro y Lucas Roba\u00f1era;<\/p>\n<p>17.45 hs: T\u00e9cnica ambos roles. Julia Viale y Alejandro Lencina;<\/p>\n<p>19 hs: Circulaci\u00f3n en pista. Suyai Quiroga y Jonny Carvajal.<\/p>\n<p>Milonga de 21 a 4 hs<\/p>\n<p>-Exhibiciones de danza;<\/p>\n<p>-Tango Bardo Orquesta;<\/p>\n<p>-Grupo Folkl\u00f3rico Sonkoy;<\/p>\n<p>-Ceremonias por Mart\u00edn Chili;<\/p>\n<p>-TDJ Miguel Bravo.<\/p>\n<p><img loading=\"lazy\" decoding=\"async\" class=\"alignnone size-medium wp-image-74961\" src=\"http:\/\/www.celttv.com.ar\/wp-content\/uploads\/2023\/04\/Abrazados-al-tango-1-300x300.jpeg\" alt=\"\" width=\"300\" height=\"300\" srcset=\"https:\/\/www.celttv.com.ar\/wp-content\/uploads\/2023\/04\/Abrazados-al-tango-1-300x300.jpeg 300w, https:\/\/www.celttv.com.ar\/wp-content\/uploads\/2023\/04\/Abrazados-al-tango-1-1024x1024.jpeg 1024w, https:\/\/www.celttv.com.ar\/wp-content\/uploads\/2023\/04\/Abrazados-al-tango-1-150x150.jpeg 150w, https:\/\/www.celttv.com.ar\/wp-content\/uploads\/2023\/04\/Abrazados-al-tango-1-768x768.jpeg 768w, https:\/\/www.celttv.com.ar\/wp-content\/uploads\/2023\/04\/Abrazados-al-tango-1-75x75.jpeg 75w, https:\/\/www.celttv.com.ar\/wp-content\/uploads\/2023\/04\/Abrazados-al-tango-1-750x750.jpeg 750w, https:\/\/www.celttv.com.ar\/wp-content\/uploads\/2023\/04\/Abrazados-al-tango-1.jpeg 1125w\" sizes=\"auto, (max-width: 300px) 100vw, 300px\" \/> <img loading=\"lazy\" decoding=\"async\" class=\"alignnone size-medium wp-image-74962\" src=\"http:\/\/www.celttv.com.ar\/wp-content\/uploads\/2023\/04\/Abrazados-al-tango-2-300x300.jpeg\" alt=\"\" width=\"300\" height=\"300\" srcset=\"https:\/\/www.celttv.com.ar\/wp-content\/uploads\/2023\/04\/Abrazados-al-tango-2-300x300.jpeg 300w, https:\/\/www.celttv.com.ar\/wp-content\/uploads\/2023\/04\/Abrazados-al-tango-2-1024x1024.jpeg 1024w, https:\/\/www.celttv.com.ar\/wp-content\/uploads\/2023\/04\/Abrazados-al-tango-2-150x150.jpeg 150w, https:\/\/www.celttv.com.ar\/wp-content\/uploads\/2023\/04\/Abrazados-al-tango-2-768x768.jpeg 768w, https:\/\/www.celttv.com.ar\/wp-content\/uploads\/2023\/04\/Abrazados-al-tango-2-75x75.jpeg 75w, https:\/\/www.celttv.com.ar\/wp-content\/uploads\/2023\/04\/Abrazados-al-tango-2-750x750.jpeg 750w, https:\/\/www.celttv.com.ar\/wp-content\/uploads\/2023\/04\/Abrazados-al-tango-2.jpeg 1125w\" sizes=\"auto, (max-width: 300px) 100vw, 300px\" \/> <img loading=\"lazy\" decoding=\"async\" class=\"alignnone size-medium wp-image-74963\" src=\"http:\/\/www.celttv.com.ar\/wp-content\/uploads\/2023\/04\/Abrazados-al-tango-4-300x300.jpeg\" alt=\"\" width=\"300\" height=\"300\" srcset=\"https:\/\/www.celttv.com.ar\/wp-content\/uploads\/2023\/04\/Abrazados-al-tango-4-300x300.jpeg 300w, https:\/\/www.celttv.com.ar\/wp-content\/uploads\/2023\/04\/Abrazados-al-tango-4-1024x1024.jpeg 1024w, https:\/\/www.celttv.com.ar\/wp-content\/uploads\/2023\/04\/Abrazados-al-tango-4-150x150.jpeg 150w, https:\/\/www.celttv.com.ar\/wp-content\/uploads\/2023\/04\/Abrazados-al-tango-4-768x768.jpeg 768w, https:\/\/www.celttv.com.ar\/wp-content\/uploads\/2023\/04\/Abrazados-al-tango-4-75x75.jpeg 75w, https:\/\/www.celttv.com.ar\/wp-content\/uploads\/2023\/04\/Abrazados-al-tango-4-750x750.jpeg 750w, https:\/\/www.celttv.com.ar\/wp-content\/uploads\/2023\/04\/Abrazados-al-tango-4.jpeg 1125w\" sizes=\"auto, (max-width: 300px) 100vw, 300px\" \/> <img loading=\"lazy\" decoding=\"async\" class=\"alignnone size-medium wp-image-74964\" src=\"http:\/\/www.celttv.com.ar\/wp-content\/uploads\/2023\/04\/Abrazados-al-tango-5-300x300.jpeg\" alt=\"\" width=\"300\" height=\"300\" srcset=\"https:\/\/www.celttv.com.ar\/wp-content\/uploads\/2023\/04\/Abrazados-al-tango-5-300x300.jpeg 300w, https:\/\/www.celttv.com.ar\/wp-content\/uploads\/2023\/04\/Abrazados-al-tango-5-1024x1024.jpeg 1024w, https:\/\/www.celttv.com.ar\/wp-content\/uploads\/2023\/04\/Abrazados-al-tango-5-150x150.jpeg 150w, https:\/\/www.celttv.com.ar\/wp-content\/uploads\/2023\/04\/Abrazados-al-tango-5-768x768.jpeg 768w, https:\/\/www.celttv.com.ar\/wp-content\/uploads\/2023\/04\/Abrazados-al-tango-5-75x75.jpeg 75w, https:\/\/www.celttv.com.ar\/wp-content\/uploads\/2023\/04\/Abrazados-al-tango-5-750x750.jpeg 750w, https:\/\/www.celttv.com.ar\/wp-content\/uploads\/2023\/04\/Abrazados-al-tango-5.jpeg 1125w\" sizes=\"auto, (max-width: 300px) 100vw, 300px\" \/> <img loading=\"lazy\" decoding=\"async\" class=\"alignnone size-medium wp-image-74965\" src=\"http:\/\/www.celttv.com.ar\/wp-content\/uploads\/2023\/04\/Abrazados-al-tango-6-300x300.jpeg\" alt=\"\" width=\"300\" height=\"300\" srcset=\"https:\/\/www.celttv.com.ar\/wp-content\/uploads\/2023\/04\/Abrazados-al-tango-6-300x300.jpeg 300w, https:\/\/www.celttv.com.ar\/wp-content\/uploads\/2023\/04\/Abrazados-al-tango-6-1024x1024.jpeg 1024w, https:\/\/www.celttv.com.ar\/wp-content\/uploads\/2023\/04\/Abrazados-al-tango-6-150x150.jpeg 150w, https:\/\/www.celttv.com.ar\/wp-content\/uploads\/2023\/04\/Abrazados-al-tango-6-768x768.jpeg 768w, https:\/\/www.celttv.com.ar\/wp-content\/uploads\/2023\/04\/Abrazados-al-tango-6-75x75.jpeg 75w, https:\/\/www.celttv.com.ar\/wp-content\/uploads\/2023\/04\/Abrazados-al-tango-6-750x750.jpeg 750w, https:\/\/www.celttv.com.ar\/wp-content\/uploads\/2023\/04\/Abrazados-al-tango-6.jpeg 1125w\" sizes=\"auto, (max-width: 300px) 100vw, 300px\" \/> <img loading=\"lazy\" decoding=\"async\" class=\"alignnone size-medium wp-image-74966\" src=\"http:\/\/www.celttv.com.ar\/wp-content\/uploads\/2023\/04\/Abrazados-al-tango-7-300x300.jpeg\" alt=\"\" width=\"300\" height=\"300\" srcset=\"https:\/\/www.celttv.com.ar\/wp-content\/uploads\/2023\/04\/Abrazados-al-tango-7-300x300.jpeg 300w, https:\/\/www.celttv.com.ar\/wp-content\/uploads\/2023\/04\/Abrazados-al-tango-7-1024x1024.jpeg 1024w, https:\/\/www.celttv.com.ar\/wp-content\/uploads\/2023\/04\/Abrazados-al-tango-7-150x150.jpeg 150w, https:\/\/www.celttv.com.ar\/wp-content\/uploads\/2023\/04\/Abrazados-al-tango-7-768x768.jpeg 768w, https:\/\/www.celttv.com.ar\/wp-content\/uploads\/2023\/04\/Abrazados-al-tango-7-75x75.jpeg 75w, https:\/\/www.celttv.com.ar\/wp-content\/uploads\/2023\/04\/Abrazados-al-tango-7-750x750.jpeg 750w, https:\/\/www.celttv.com.ar\/wp-content\/uploads\/2023\/04\/Abrazados-al-tango-7.jpeg 1125w\" sizes=\"auto, (max-width: 300px) 100vw, 300px\" \/> <img loading=\"lazy\" decoding=\"async\" class=\"alignnone size-medium wp-image-74967\" src=\"http:\/\/www.celttv.com.ar\/wp-content\/uploads\/2023\/04\/Abrazados-al-tango-8-300x300.jpeg\" alt=\"\" width=\"300\" height=\"300\" srcset=\"https:\/\/www.celttv.com.ar\/wp-content\/uploads\/2023\/04\/Abrazados-al-tango-8-300x300.jpeg 300w, https:\/\/www.celttv.com.ar\/wp-content\/uploads\/2023\/04\/Abrazados-al-tango-8-1024x1024.jpeg 1024w, https:\/\/www.celttv.com.ar\/wp-content\/uploads\/2023\/04\/Abrazados-al-tango-8-150x150.jpeg 150w, https:\/\/www.celttv.com.ar\/wp-content\/uploads\/2023\/04\/Abrazados-al-tango-8-768x768.jpeg 768w, https:\/\/www.celttv.com.ar\/wp-content\/uploads\/2023\/04\/Abrazados-al-tango-8-75x75.jpeg 75w, https:\/\/www.celttv.com.ar\/wp-content\/uploads\/2023\/04\/Abrazados-al-tango-8-750x750.jpeg 750w, https:\/\/www.celttv.com.ar\/wp-content\/uploads\/2023\/04\/Abrazados-al-tango-8.jpeg 1125w\" sizes=\"auto, (max-width: 300px) 100vw, 300px\" \/> <img loading=\"lazy\" decoding=\"async\" class=\"alignnone size-medium wp-image-74968\" src=\"http:\/\/www.celttv.com.ar\/wp-content\/uploads\/2023\/04\/Abrazados-al-tango-9-300x300.jpeg\" alt=\"\" width=\"300\" height=\"300\" srcset=\"https:\/\/www.celttv.com.ar\/wp-content\/uploads\/2023\/04\/Abrazados-al-tango-9-300x300.jpeg 300w, https:\/\/www.celttv.com.ar\/wp-content\/uploads\/2023\/04\/Abrazados-al-tango-9-1024x1024.jpeg 1024w, https:\/\/www.celttv.com.ar\/wp-content\/uploads\/2023\/04\/Abrazados-al-tango-9-150x150.jpeg 150w, https:\/\/www.celttv.com.ar\/wp-content\/uploads\/2023\/04\/Abrazados-al-tango-9-768x768.jpeg 768w, https:\/\/www.celttv.com.ar\/wp-content\/uploads\/2023\/04\/Abrazados-al-tango-9-75x75.jpeg 75w, https:\/\/www.celttv.com.ar\/wp-content\/uploads\/2023\/04\/Abrazados-al-tango-9-750x750.jpeg 750w, https:\/\/www.celttv.com.ar\/wp-content\/uploads\/2023\/04\/Abrazados-al-tango-9.jpeg 1125w\" sizes=\"auto, (max-width: 300px) 100vw, 300px\" \/> <img loading=\"lazy\" decoding=\"async\" class=\"alignnone size-medium wp-image-74969\" src=\"http:\/\/www.celttv.com.ar\/wp-content\/uploads\/2023\/04\/Abrazados-al-tango-10-300x300.jpeg\" alt=\"\" width=\"300\" height=\"300\" srcset=\"https:\/\/www.celttv.com.ar\/wp-content\/uploads\/2023\/04\/Abrazados-al-tango-10-300x300.jpeg 300w, https:\/\/www.celttv.com.ar\/wp-content\/uploads\/2023\/04\/Abrazados-al-tango-10-1024x1024.jpeg 1024w, https:\/\/www.celttv.com.ar\/wp-content\/uploads\/2023\/04\/Abrazados-al-tango-10-150x150.jpeg 150w, https:\/\/www.celttv.com.ar\/wp-content\/uploads\/2023\/04\/Abrazados-al-tango-10-768x768.jpeg 768w, https:\/\/www.celttv.com.ar\/wp-content\/uploads\/2023\/04\/Abrazados-al-tango-10-75x75.jpeg 75w, https:\/\/www.celttv.com.ar\/wp-content\/uploads\/2023\/04\/Abrazados-al-tango-10-750x750.jpeg 750w, https:\/\/www.celttv.com.ar\/wp-content\/uploads\/2023\/04\/Abrazados-al-tango-10.jpeg 1125w\" sizes=\"auto, (max-width: 300px) 100vw, 300px\" \/> <img loading=\"lazy\" decoding=\"async\" class=\"alignnone size-medium wp-image-74970\" src=\"http:\/\/www.celttv.com.ar\/wp-content\/uploads\/2023\/04\/Abrazados-al-tango-11-300x300.jpeg\" alt=\"\" width=\"300\" height=\"300\" srcset=\"https:\/\/www.celttv.com.ar\/wp-content\/uploads\/2023\/04\/Abrazados-al-tango-11-300x300.jpeg 300w, https:\/\/www.celttv.com.ar\/wp-content\/uploads\/2023\/04\/Abrazados-al-tango-11-1024x1024.jpeg 1024w, https:\/\/www.celttv.com.ar\/wp-content\/uploads\/2023\/04\/Abrazados-al-tango-11-150x150.jpeg 150w, https:\/\/www.celttv.com.ar\/wp-content\/uploads\/2023\/04\/Abrazados-al-tango-11-768x768.jpeg 768w, https:\/\/www.celttv.com.ar\/wp-content\/uploads\/2023\/04\/Abrazados-al-tango-11-1536x1536.jpeg 1536w, https:\/\/www.celttv.com.ar\/wp-content\/uploads\/2023\/04\/Abrazados-al-tango-11-75x75.jpeg 75w, https:\/\/www.celttv.com.ar\/wp-content\/uploads\/2023\/04\/Abrazados-al-tango-11-750x750.jpeg 750w, https:\/\/www.celttv.com.ar\/wp-content\/uploads\/2023\/04\/Abrazados-al-tango-11-1140x1140.jpeg 1140w, https:\/\/www.celttv.com.ar\/wp-content\/uploads\/2023\/04\/Abrazados-al-tango-11.jpeg 1600w\" sizes=\"auto, (max-width: 300px) 100vw, 300px\" \/> <img loading=\"lazy\" decoding=\"async\" class=\"alignnone size-medium wp-image-74971\" src=\"http:\/\/www.celttv.com.ar\/wp-content\/uploads\/2023\/04\/Abrazados-al-tango-300x300.jpeg\" alt=\"\" width=\"300\" height=\"300\" srcset=\"https:\/\/www.celttv.com.ar\/wp-content\/uploads\/2023\/04\/Abrazados-al-tango-300x300.jpeg 300w, https:\/\/www.celttv.com.ar\/wp-content\/uploads\/2023\/04\/Abrazados-al-tango-1024x1024.jpeg 1024w, https:\/\/www.celttv.com.ar\/wp-content\/uploads\/2023\/04\/Abrazados-al-tango-150x150.jpeg 150w, https:\/\/www.celttv.com.ar\/wp-content\/uploads\/2023\/04\/Abrazados-al-tango-768x768.jpeg 768w, https:\/\/www.celttv.com.ar\/wp-content\/uploads\/2023\/04\/Abrazados-al-tango-75x75.jpeg 75w, https:\/\/www.celttv.com.ar\/wp-content\/uploads\/2023\/04\/Abrazados-al-tango-750x750.jpeg 750w, https:\/\/www.celttv.com.ar\/wp-content\/uploads\/2023\/04\/Abrazados-al-tango.jpeg 1125w\" sizes=\"auto, (max-width: 300px) 100vw, 300px\" \/><\/p>\n","protected":false},"excerpt":{"rendered":"<p>El s\u00e1bado 22 de abril tendr\u00e1 lugar en Sierra de la Ventana \u2018Abrazadxs al Tango\u2019, el ciclo de encuentros de tango-danza impulsado por el Instituto Cultural de la Provincia de Buenos Aires, que busca renovar y expandir el g\u00e9nero con una perspectiva bonaerense. La jornada, coordinada por la Subsecretar\u00eda de Cultura de Tornquist Municipio, se [&hellip;]<\/p>\n","protected":false},"author":5,"featured_media":74962,"comment_status":"closed","ping_status":"closed","sticky":false,"template":"","format":"standard","meta":{"footnotes":""},"categories":[51,26,52,56,59,58],"tags":[812],"class_list":["post-74960","post","type-post","status-publish","format-standard","has-post-thumbnail","hentry","category-comunidad","category-culture","category-destacadas","category-espectaculos","category-municipales","category-turismo","tag-llega-a-sierra-de-la-ventana-el-ciclo-de-encuentros-abrazadxs-al-tango"],"yoast_head":"<!-- This site is optimized with the Yoast SEO plugin v19.7.1 - https:\/\/yoast.com\/wordpress\/plugins\/seo\/ -->\n<title>Llega a Sierra de la Ventana el ciclo de encuentros \u2018Abrazadxs al Tango\u2019 - CELTTV<\/title>\n<meta name=\"description\" content=\"Sitio web de noticias de la localidad de Tornquist, provincia de Buenos Aires, Rep\u00fablica Argentina. Contenido propio originado por periodistas de CELTTV, el canal de TV local de la Cooperativa El\u00e9ctrica de Tornquist. Turismo, Pol\u00edtica, Sociedad, Deporte, Cultura y todo el contenido de inter\u00e9s general que la gente del pueblo y la regi\u00f3n debe conocer.\" \/>\n<meta name=\"robots\" content=\"index, follow, max-snippet:-1, max-image-preview:large, max-video-preview:-1\" \/>\n<link rel=\"canonical\" href=\"https:\/\/www.celttv.com.ar\/index.php\/2023\/04\/11\/llega-a-sierra-de-la-ventana-el-ciclo-de-encuentros-abrazadxs-al-tango\/\" \/>\n<meta property=\"og:locale\" content=\"es_ES\" \/>\n<meta property=\"og:type\" content=\"article\" \/>\n<meta property=\"og:title\" content=\"Llega a Sierra de la Ventana el ciclo de encuentros \u2018Abrazadxs al Tango\u2019 - CELTTV\" \/>\n<meta property=\"og:description\" content=\"Sitio web de noticias de la localidad de Tornquist, provincia de Buenos Aires, Rep\u00fablica Argentina. Contenido propio originado por periodistas de CELTTV, el canal de TV local de la Cooperativa El\u00e9ctrica de Tornquist. Turismo, Pol\u00edtica, Sociedad, Deporte, Cultura y todo el contenido de inter\u00e9s general que la gente del pueblo y la regi\u00f3n debe conocer.\" \/>\n<meta property=\"og:url\" content=\"https:\/\/www.celttv.com.ar\/index.php\/2023\/04\/11\/llega-a-sierra-de-la-ventana-el-ciclo-de-encuentros-abrazadxs-al-tango\/\" \/>\n<meta property=\"og:site_name\" content=\"CELTTV\" \/>\n<meta property=\"article:publisher\" content=\"https:\/\/www.facebook.com\/celtTV\/\" \/>\n<meta property=\"article:published_time\" content=\"2023-04-11T21:11:18+00:00\" \/>\n<meta property=\"og:image\" content=\"https:\/\/www.celttv.com.ar\/wp-content\/uploads\/2023\/04\/Abrazados-al-tango-2.jpeg\" \/>\n\t<meta property=\"og:image:width\" content=\"1125\" \/>\n\t<meta property=\"og:image:height\" content=\"1125\" \/>\n\t<meta property=\"og:image:type\" content=\"image\/jpeg\" \/>\n<meta name=\"author\" content=\"Miguel Herrada\" \/>\n<meta name=\"twitter:card\" content=\"summary_large_image\" \/>\n<meta name=\"twitter:label1\" content=\"Escrito por\" \/>\n\t<meta name=\"twitter:data1\" content=\"Miguel Herrada\" \/>\n\t<meta name=\"twitter:label2\" content=\"Tiempo de lectura\" \/>\n\t<meta name=\"twitter:data2\" content=\"1 minuto\" \/>\n<script type=\"application\/ld+json\" class=\"yoast-schema-graph\">{\"@context\":\"https:\/\/schema.org\",\"@graph\":[{\"@type\":\"NewsArticle\",\"@id\":\"https:\/\/www.celttv.com.ar\/index.php\/2023\/04\/11\/llega-a-sierra-de-la-ventana-el-ciclo-de-encuentros-abrazadxs-al-tango\/#article\",\"isPartOf\":{\"@id\":\"https:\/\/www.celttv.com.ar\/index.php\/2023\/04\/11\/llega-a-sierra-de-la-ventana-el-ciclo-de-encuentros-abrazadxs-al-tango\/\"},\"author\":{\"name\":\"Miguel Herrada\",\"@id\":\"https:\/\/www.celttv.com.ar\/#\/schema\/person\/9059dc91dc7204ef4182cdb65225f07d\"},\"headline\":\"Llega a Sierra de la Ventana el ciclo de encuentros \u2018Abrazadxs al Tango\u2019\",\"datePublished\":\"2023-04-11T21:11:18+00:00\",\"dateModified\":\"2023-04-11T21:11:18+00:00\",\"mainEntityOfPage\":{\"@id\":\"https:\/\/www.celttv.com.ar\/index.php\/2023\/04\/11\/llega-a-sierra-de-la-ventana-el-ciclo-de-encuentros-abrazadxs-al-tango\/\"},\"wordCount\":250,\"publisher\":{\"@id\":\"https:\/\/www.celttv.com.ar\/#organization\"},\"keywords\":[\"Llega a Sierra de la Ventana el ciclo de encuentros \u2018Abrazadxs al Tango\u2019\"],\"articleSection\":[\"Comunidad\",\"Culture\",\"Destacadas\",\"Espect\u00e1culos\",\"Municipales\",\"Turismo\"],\"inLanguage\":\"es\"},{\"@type\":\"WebPage\",\"@id\":\"https:\/\/www.celttv.com.ar\/index.php\/2023\/04\/11\/llega-a-sierra-de-la-ventana-el-ciclo-de-encuentros-abrazadxs-al-tango\/\",\"url\":\"https:\/\/www.celttv.com.ar\/index.php\/2023\/04\/11\/llega-a-sierra-de-la-ventana-el-ciclo-de-encuentros-abrazadxs-al-tango\/\",\"name\":\"Llega a Sierra de la Ventana el ciclo de encuentros \u2018Abrazadxs al Tango\u2019 - CELTTV\",\"isPartOf\":{\"@id\":\"https:\/\/www.celttv.com.ar\/#website\"},\"datePublished\":\"2023-04-11T21:11:18+00:00\",\"dateModified\":\"2023-04-11T21:11:18+00:00\",\"description\":\"Sitio web de noticias de la localidad de Tornquist, provincia de Buenos Aires, Rep\u00fablica Argentina. Contenido propio originado por periodistas de CELTTV, el canal de TV local de la Cooperativa El\u00e9ctrica de Tornquist. Turismo, Pol\u00edtica, Sociedad, Deporte, Cultura y todo el contenido de inter\u00e9s general que la gente del pueblo y la regi\u00f3n debe conocer.\",\"breadcrumb\":{\"@id\":\"https:\/\/www.celttv.com.ar\/index.php\/2023\/04\/11\/llega-a-sierra-de-la-ventana-el-ciclo-de-encuentros-abrazadxs-al-tango\/#breadcrumb\"},\"inLanguage\":\"es\",\"potentialAction\":[{\"@type\":\"ReadAction\",\"target\":[\"https:\/\/www.celttv.com.ar\/index.php\/2023\/04\/11\/llega-a-sierra-de-la-ventana-el-ciclo-de-encuentros-abrazadxs-al-tango\/\"]}]},{\"@type\":\"BreadcrumbList\",\"@id\":\"https:\/\/www.celttv.com.ar\/index.php\/2023\/04\/11\/llega-a-sierra-de-la-ventana-el-ciclo-de-encuentros-abrazadxs-al-tango\/#breadcrumb\",\"itemListElement\":[{\"@type\":\"ListItem\",\"position\":1,\"name\":\"Inicio\",\"item\":\"https:\/\/www.celttv.com.ar\/\"},{\"@type\":\"ListItem\",\"position\":2,\"name\":\"Llega a Sierra de la Ventana el ciclo de encuentros \u2018Abrazadxs al Tango\u2019\"}]},{\"@type\":\"WebSite\",\"@id\":\"https:\/\/www.celttv.com.ar\/#website\",\"url\":\"https:\/\/www.celttv.com.ar\/\",\"name\":\"CELTTV\",\"description\":\"Cooperativa El\u00e9ctrica de Tornquist\",\"publisher\":{\"@id\":\"https:\/\/www.celttv.com.ar\/#organization\"},\"potentialAction\":[{\"@type\":\"SearchAction\",\"target\":{\"@type\":\"EntryPoint\",\"urlTemplate\":\"https:\/\/www.celttv.com.ar\/?s={search_term_string}\"},\"query-input\":\"required name=search_term_string\"}],\"inLanguage\":\"es\"},{\"@type\":\"Organization\",\"@id\":\"https:\/\/www.celttv.com.ar\/#organization\",\"name\":\"CELTTV\",\"url\":\"https:\/\/www.celttv.com.ar\/\",\"sameAs\":[\"https:\/\/www.youtube.com\/channel\/UCz_oIt8Hig64Ub-EmcNPIhg\",\"https:\/\/www.facebook.com\/celtTV\/\"],\"logo\":{\"@type\":\"ImageObject\",\"inLanguage\":\"es\",\"@id\":\"https:\/\/www.celttv.com.ar\/#\/schema\/logo\/image\/\",\"url\":\"http:\/\/www.celttv.com.ar\/wp-content\/uploads\/2022\/08\/logo-1.png\",\"contentUrl\":\"http:\/\/www.celttv.com.ar\/wp-content\/uploads\/2022\/08\/logo-1.png\",\"width\":461,\"height\":159,\"caption\":\"CELTTV\"},\"image\":{\"@id\":\"https:\/\/www.celttv.com.ar\/#\/schema\/logo\/image\/\"}},{\"@type\":\"Person\",\"@id\":\"https:\/\/www.celttv.com.ar\/#\/schema\/person\/9059dc91dc7204ef4182cdb65225f07d\",\"name\":\"Miguel Herrada\",\"image\":{\"@type\":\"ImageObject\",\"inLanguage\":\"es\",\"@id\":\"https:\/\/www.celttv.com.ar\/#\/schema\/person\/image\/\",\"url\":\"https:\/\/secure.gravatar.com\/avatar\/67724d5b3c716623ffd76bec7e45841a442ac3b456e914dbba90b0fad2b8e0b1?s=96&d=mm&r=g\",\"contentUrl\":\"https:\/\/secure.gravatar.com\/avatar\/67724d5b3c716623ffd76bec7e45841a442ac3b456e914dbba90b0fad2b8e0b1?s=96&d=mm&r=g\",\"caption\":\"Miguel Herrada\"}}]}<\/script>\n<!-- \/ Yoast SEO plugin. -->","yoast_head_json":{"title":"Llega a Sierra de la Ventana el ciclo de encuentros \u2018Abrazadxs al Tango\u2019 - CELTTV","description":"Sitio web de noticias de la localidad de Tornquist, provincia de Buenos Aires, Rep\u00fablica Argentina. Contenido propio originado por periodistas de CELTTV, el canal de TV local de la Cooperativa El\u00e9ctrica de Tornquist. Turismo, Pol\u00edtica, Sociedad, Deporte, Cultura y todo el contenido de inter\u00e9s general que la gente del pueblo y la regi\u00f3n debe conocer.","robots":{"index":"index","follow":"follow","max-snippet":"max-snippet:-1","max-image-preview":"max-image-preview:large","max-video-preview":"max-video-preview:-1"},"canonical":"https:\/\/www.celttv.com.ar\/index.php\/2023\/04\/11\/llega-a-sierra-de-la-ventana-el-ciclo-de-encuentros-abrazadxs-al-tango\/","og_locale":"es_ES","og_type":"article","og_title":"Llega a Sierra de la Ventana el ciclo de encuentros \u2018Abrazadxs al Tango\u2019 - CELTTV","og_description":"Sitio web de noticias de la localidad de Tornquist, provincia de Buenos Aires, Rep\u00fablica Argentina. Contenido propio originado por periodistas de CELTTV, el canal de TV local de la Cooperativa El\u00e9ctrica de Tornquist. Turismo, Pol\u00edtica, Sociedad, Deporte, Cultura y todo el contenido de inter\u00e9s general que la gente del pueblo y la regi\u00f3n debe conocer.","og_url":"https:\/\/www.celttv.com.ar\/index.php\/2023\/04\/11\/llega-a-sierra-de-la-ventana-el-ciclo-de-encuentros-abrazadxs-al-tango\/","og_site_name":"CELTTV","article_publisher":"https:\/\/www.facebook.com\/celtTV\/","article_published_time":"2023-04-11T21:11:18+00:00","og_image":[{"width":1125,"height":1125,"url":"https:\/\/www.celttv.com.ar\/wp-content\/uploads\/2023\/04\/Abrazados-al-tango-2.jpeg","type":"image\/jpeg"}],"author":"Miguel Herrada","twitter_card":"summary_large_image","twitter_misc":{"Escrito por":"Miguel Herrada","Tiempo de lectura":"1 minuto"},"schema":{"@context":"https:\/\/schema.org","@graph":[{"@type":"NewsArticle","@id":"https:\/\/www.celttv.com.ar\/index.php\/2023\/04\/11\/llega-a-sierra-de-la-ventana-el-ciclo-de-encuentros-abrazadxs-al-tango\/#article","isPartOf":{"@id":"https:\/\/www.celttv.com.ar\/index.php\/2023\/04\/11\/llega-a-sierra-de-la-ventana-el-ciclo-de-encuentros-abrazadxs-al-tango\/"},"author":{"name":"Miguel Herrada","@id":"https:\/\/www.celttv.com.ar\/#\/schema\/person\/9059dc91dc7204ef4182cdb65225f07d"},"headline":"Llega a Sierra de la Ventana el ciclo de encuentros \u2018Abrazadxs al Tango\u2019","datePublished":"2023-04-11T21:11:18+00:00","dateModified":"2023-04-11T21:11:18+00:00","mainEntityOfPage":{"@id":"https:\/\/www.celttv.com.ar\/index.php\/2023\/04\/11\/llega-a-sierra-de-la-ventana-el-ciclo-de-encuentros-abrazadxs-al-tango\/"},"wordCount":250,"publisher":{"@id":"https:\/\/www.celttv.com.ar\/#organization"},"keywords":["Llega a Sierra de la Ventana el ciclo de encuentros \u2018Abrazadxs al Tango\u2019"],"articleSection":["Comunidad","Culture","Destacadas","Espect\u00e1culos","Municipales","Turismo"],"inLanguage":"es"},{"@type":"WebPage","@id":"https:\/\/www.celttv.com.ar\/index.php\/2023\/04\/11\/llega-a-sierra-de-la-ventana-el-ciclo-de-encuentros-abrazadxs-al-tango\/","url":"https:\/\/www.celttv.com.ar\/index.php\/2023\/04\/11\/llega-a-sierra-de-la-ventana-el-ciclo-de-encuentros-abrazadxs-al-tango\/","name":"Llega a Sierra de la Ventana el ciclo de encuentros \u2018Abrazadxs al Tango\u2019 - CELTTV","isPartOf":{"@id":"https:\/\/www.celttv.com.ar\/#website"},"datePublished":"2023-04-11T21:11:18+00:00","dateModified":"2023-04-11T21:11:18+00:00","description":"Sitio web de noticias de la localidad de Tornquist, provincia de Buenos Aires, Rep\u00fablica Argentina. Contenido propio originado por periodistas de CELTTV, el canal de TV local de la Cooperativa El\u00e9ctrica de Tornquist. Turismo, Pol\u00edtica, Sociedad, Deporte, Cultura y todo el contenido de inter\u00e9s general que la gente del pueblo y la regi\u00f3n debe conocer.","breadcrumb":{"@id":"https:\/\/www.celttv.com.ar\/index.php\/2023\/04\/11\/llega-a-sierra-de-la-ventana-el-ciclo-de-encuentros-abrazadxs-al-tango\/#breadcrumb"},"inLanguage":"es","potentialAction":[{"@type":"ReadAction","target":["https:\/\/www.celttv.com.ar\/index.php\/2023\/04\/11\/llega-a-sierra-de-la-ventana-el-ciclo-de-encuentros-abrazadxs-al-tango\/"]}]},{"@type":"BreadcrumbList","@id":"https:\/\/www.celttv.com.ar\/index.php\/2023\/04\/11\/llega-a-sierra-de-la-ventana-el-ciclo-de-encuentros-abrazadxs-al-tango\/#breadcrumb","itemListElement":[{"@type":"ListItem","position":1,"name":"Inicio","item":"https:\/\/www.celttv.com.ar\/"},{"@type":"ListItem","position":2,"name":"Llega a Sierra de la Ventana el ciclo de encuentros \u2018Abrazadxs al Tango\u2019"}]},{"@type":"WebSite","@id":"https:\/\/www.celttv.com.ar\/#website","url":"https:\/\/www.celttv.com.ar\/","name":"CELTTV","description":"Cooperativa El\u00e9ctrica de Tornquist","publisher":{"@id":"https:\/\/www.celttv.com.ar\/#organization"},"potentialAction":[{"@type":"SearchAction","target":{"@type":"EntryPoint","urlTemplate":"https:\/\/www.celttv.com.ar\/?s={search_term_string}"},"query-input":"required name=search_term_string"}],"inLanguage":"es"},{"@type":"Organization","@id":"https:\/\/www.celttv.com.ar\/#organization","name":"CELTTV","url":"https:\/\/www.celttv.com.ar\/","sameAs":["https:\/\/www.youtube.com\/channel\/UCz_oIt8Hig64Ub-EmcNPIhg","https:\/\/www.facebook.com\/celtTV\/"],"logo":{"@type":"ImageObject","inLanguage":"es","@id":"https:\/\/www.celttv.com.ar\/#\/schema\/logo\/image\/","url":"http:\/\/www.celttv.com.ar\/wp-content\/uploads\/2022\/08\/logo-1.png","contentUrl":"http:\/\/www.celttv.com.ar\/wp-content\/uploads\/2022\/08\/logo-1.png","width":461,"height":159,"caption":"CELTTV"},"image":{"@id":"https:\/\/www.celttv.com.ar\/#\/schema\/logo\/image\/"}},{"@type":"Person","@id":"https:\/\/www.celttv.com.ar\/#\/schema\/person\/9059dc91dc7204ef4182cdb65225f07d","name":"Miguel Herrada","image":{"@type":"ImageObject","inLanguage":"es","@id":"https:\/\/www.celttv.com.ar\/#\/schema\/person\/image\/","url":"https:\/\/secure.gravatar.com\/avatar\/67724d5b3c716623ffd76bec7e45841a442ac3b456e914dbba90b0fad2b8e0b1?s=96&d=mm&r=g","contentUrl":"https:\/\/secure.gravatar.com\/avatar\/67724d5b3c716623ffd76bec7e45841a442ac3b456e914dbba90b0fad2b8e0b1?s=96&d=mm&r=g","caption":"Miguel Herrada"}}]}},"_links":{"self":[{"href":"https:\/\/www.celttv.com.ar\/index.php\/wp-json\/wp\/v2\/posts\/74960","targetHints":{"allow":["GET"]}}],"collection":[{"href":"https:\/\/www.celttv.com.ar\/index.php\/wp-json\/wp\/v2\/posts"}],"about":[{"href":"https:\/\/www.celttv.com.ar\/index.php\/wp-json\/wp\/v2\/types\/post"}],"author":[{"embeddable":true,"href":"https:\/\/www.celttv.com.ar\/index.php\/wp-json\/wp\/v2\/users\/5"}],"replies":[{"embeddable":true,"href":"https:\/\/www.celttv.com.ar\/index.php\/wp-json\/wp\/v2\/comments?post=74960"}],"version-history":[{"count":1,"href":"https:\/\/www.celttv.com.ar\/index.php\/wp-json\/wp\/v2\/posts\/74960\/revisions"}],"predecessor-version":[{"id":74972,"href":"https:\/\/www.celttv.com.ar\/index.php\/wp-json\/wp\/v2\/posts\/74960\/revisions\/74972"}],"wp:featuredmedia":[{"embeddable":true,"href":"https:\/\/www.celttv.com.ar\/index.php\/wp-json\/wp\/v2\/media\/74962"}],"wp:attachment":[{"href":"https:\/\/www.celttv.com.ar\/index.php\/wp-json\/wp\/v2\/media?parent=74960"}],"wp:term":[{"taxonomy":"category","embeddable":true,"href":"https:\/\/www.celttv.com.ar\/index.php\/wp-json\/wp\/v2\/categories?post=74960"},{"taxonomy":"post_tag","embeddable":true,"href":"https:\/\/www.celttv.com.ar\/index.php\/wp-json\/wp\/v2\/tags?post=74960"}],"curies":[{"name":"wp","href":"https:\/\/api.w.org\/{rel}","templated":true}]}}