{"id":7503,"date":"2012-07-18T22:14:55","date_gmt":"2012-07-18T22:14:55","guid":{"rendered":"http:\/\/www.tvcnoticias.com.ar\/?p=7503"},"modified":"2012-07-18T22:14:55","modified_gmt":"2012-07-18T22:14:55","slug":"blanco-y-negro-derroto-a-automoto-video-y-comentario","status":"publish","type":"post","link":"https:\/\/www.celttv.com.ar\/index.php\/2012\/07\/18\/blanco-y-negro-derroto-a-automoto-video-y-comentario\/","title":{"rendered":"BLANCO Y NEGRO DERROTO A AUTOMOTO (Video y comentario)"},"content":{"rendered":"<p><a href=\"http:\/\/www.youtube.com\/watch?v=oHUVFwScVxM\">httpv:\/\/www.youtube.com\/watch?v=oHUVFwScVxM<\/a><\/p>\n<div>\nUna inteligente definici\u00f3n de Juan Diego Alebuena desat\u00f3 el desahogo de todo Blanco y Negro para lograr una ajustada, pero valiosa victoria 1 a 0 ante Automoto en el Parque Alberdi, que le permiti\u00f3 al equipo albinegro superar la l\u00ednea de su derrotado y mejorar dos puestos en su lucha por asegurarse un lugar en el repechaje.<br \/>\nEl due\u00f1o de casa destrab\u00f3 el partido reci\u00e9n a 7 minutos del final, despu\u00e9s de ir al frente en forma infructuosa en la mayor parte del desarrollo, ante un rival que en forma temprana qued\u00f3 en inferioridad num\u00e9rica por la expulsi\u00f3n del arquero Gatti y que tuvo que resignar posibilidades ofensivas para rearmar su esquema.<br \/>\nEn los primeros 15 minutos no salieron del medio. Ninguno tuvo la lucidez suficiente para elaborar maniobras asociadas que hagan avizorar algo importante cerca de los arcos.<br \/>\nDe un error de Sonzini en la salida naci\u00f3 la primera emoci\u00f3n de la tarde. Fibiger la rob\u00f3, F. Ortega la cruz\u00f3 para Balvidares que, tras arrancar perfectamente habilitado (en la filmaci\u00f3n de www.nuevodigital.com se puede corroborar), se intern\u00f3 en el \u00e1rea donde Gatti le cometi\u00f3 un claro penal.<br \/>\nM\u00e1laga le mostr\u00f3 la roja al arquero por la ley del \u00faltimo recurso, entonces \u2018Caco\u2019 Salvi se vio obligado a mandar a la cancha a Fabi\u00e1n Villar para pararse bajo los tres palos y sacar al atacante Nicol\u00e1s Sep\u00falveda.<br \/>\nEn su primera intervenci\u00f3n, el \u201912\u2019 visitante le adivin\u00f3 la intenci\u00f3n a Maximiliano Ortega y le contuvo el d\u00e9bil disparo desde los 11 metros.<br \/>\nEl desarrollo no mejor\u00f3. Blanco y Negro no tuvo quien genere f\u00fatbol y, encima, cay\u00f3 reiteradamente en fuera de juego ante el achique defensivo que Automoto utiliz\u00f3 en forma sistem\u00e1tica para anular los intentos de aquel.<br \/>\nUna media vuelta de Alebuena dentro del \u00e1rea que se fue alta, luego de un corner ejecutado por F. Ortega, fue lo m\u00e1s concreto que gener\u00f3 en su b\u00fasqueda.<br \/>\nAutomoto, con \u00c1vila como \u00fanico elemento de avanzada luego que qued\u00f3 con 10, se agrup\u00f3 en su sector con orden y contracci\u00f3n a la marca, pero con sus chances de lastimar muy limitadas.<br \/>\nS\u00f3lo puede mencionarse un remate desviado de Maccari, uno de los mejores exponentes que tuvo ayer el equipo de Tornquist. Fue despu\u00e9s de un error defensivo del albinegro.<br \/>\nLa presi\u00f3n que ejerci\u00f3 el local alcanz\u00f3 su mejor versi\u00f3n en los \u00faltimos 5 minutos. En una misma jugada el arquero Villar salv\u00f3 ante Alebuena y luego Sonzini, de cabeza, salv\u00f3 un remate de Heritier que llevaba destino de red.<br \/>\nLa \u00faltima chance para desnivelar la protagoniz\u00f3 Balvidares, pero su disparo cruzado fue controlado por Villar, que cumpli\u00f3 con creces la tarea de sustituir al expulsado Gatti.<br \/>\n<strong><span style=\"text-decoration: underline;\">Busc\u00f3 y encontr\u00f3<\/span><\/strong><br \/>\nA\u00fan sin elegir siempre el mejor camino y obligado por la circunstancia de estar con un hombre m\u00e1s, Blanco y Negro fue al frente en procura del desnivel ante un oponente que regal\u00f3 la iniciativa y qued\u00f3 a la espera de poder urdir alg\u00fan contraataque.<br \/>\nSi bien entendi\u00f3 que lo mejor era buscar por afuera para abrir a una defensa que se cerr\u00f3 en forma conveniente y fabric\u00f3 un \u2018embudo\u2019, en unas le falt\u00f3 precisi\u00f3n y en otras volvi\u00f3 a caer en la trampa del fuera de juego.<br \/>\nEn el local, a los 9m. Galano salt\u00f3 a la cancha en reemplazo de Ferreyra, volante creativo por defensor, con la intenci\u00f3n de dotar de mayor variedad de maniobra a la zona de gestaci\u00f3n. A un minuto de haber ingreso, Bernardo estuvo cerca con un remate de derecha.<br \/>\nEl adelantamiento albinegro dej\u00f3 algunos huecos en la retaguardia que un par de veces Automoto logr\u00f3 aprovechar. Primero Maccari cedi\u00f3 para Salas y el zurdazo de \u00e9ste termin\u00f3 en las manos de Arce y poco despu\u00e9s el reci\u00e9n ingresado Garc\u00eda (entr\u00f3 por Villalba) estamp\u00f3 un tiro en el \u00e1ngulo luego de un buen contragolpe.<br \/>\nBlanco y Negro sigui\u00f3 insistiendo. Un cabezazo de Balvidares, tras centro de Fibiger, encontr\u00f3 bien ubicado a Villar, que otra vez respondi\u00f3 con solvencia.<br \/>\nHasta que a los 38 minutos el \u20181\u2019 visitante abandon\u00f3 sus dominios para rechazar una pelota puesta en profundidad para Dietrich (sustituy\u00f3 a F. Ortega) y se la dej\u00f3 servida a <strong>Alebuena<\/strong>. \u201cPancho\u201d, en forma astuta, remat\u00f3 por arriba y, pese al intento de Montero \u2013alcanz\u00f3 a peinar\u2013, la clav\u00f3 en la red: 1 a 0.<br \/>\nEn lo que qued\u00f3 hasta el final nada significativo ocurri\u00f3. Automoto poco pudo hacer para evitar la derrota a manos de Blanco y Negro, que adem\u00e1s de ganarle a un rival directo, subi\u00f3 dos puestos en la tabla en la dura puja que se plante\u00f3 entre los varios candidatos que hay para clasificar para el repechaje.<br \/>\n<strong>Claudio Meier<\/strong><br \/>\n<strong>Blanco y Negro 1<\/strong><\/p>\n<ul>\n<li>Gonzalo Arce<\/li>\n<li>Santiago Di Rocca<\/li>\n<li>Lucas Elorriaga<\/li>\n<li>Maximiliano Ortega<\/li>\n<li>Diego Ferreyra<\/li>\n<li>Juan Alebuena<\/li>\n<li>Dar\u00edo Diehl<\/li>\n<li>Jesuan Heritier<\/li>\n<li>Mauricio Fibiger<\/li>\n<li>Maximiliano Balvidares<\/li>\n<li>Federico Ortega<\/li>\n<\/ul>\n<p><strong>DT:<\/strong> Pablo Shard<br \/>\nCambios: 54m. Bernardo Galano por Ferreyra; 67m. Emanuel Dietrich por F. Ortega y 80m. Gonzalo Batto por Heritier.<br \/>\nSuplentes: Juan Pablo Vera y Mart\u00edn Luongo.<br \/>\n<strong>Automoto 0<\/strong><\/p>\n<ul>\n<li>Guillermo Gatti<\/li>\n<li>Emanuel Montero<\/li>\n<li>Mat\u00edas Sonzini<\/li>\n<li>Sebasti\u00e1n Gigliotti<\/li>\n<li>Mariano Alaniz<\/li>\n<li>Marcelo Maccari<\/li>\n<li>Kevin Villalba<\/li>\n<li>Mat\u00edas Salas<\/li>\n<li>Carlos Fr\u00edas<\/li>\n<li>Alexis \u00c1vila<\/li>\n<li>Nicol\u00e1s Sep\u00falveda<\/li>\n<\/ul>\n<p><strong>DT:<\/strong> Carlos Salvi<br \/>\n<strong>Cambios:<\/strong> 20m. Fabi\u00e1n Villar por N. Sep\u00falveda; 66m. Luciano Garc\u00eda por Villalba y 71m. Mario Sep\u00falveda por Fr\u00edas.<br \/>\n<strong>Suplentes:<\/strong> Gast\u00f3n Pollio y Facundo Labat.<br \/>\n<strong>GOL. Segundo tiempo:<\/strong> 38m. Juan Diego Alebuena (ByN).<br \/>\n<strong>EXPULSADOS. Primer tiempo<\/strong>: 16m. Guillermo Gatti (A). <strong>Segundo tiempo<\/strong>: 14m. Carlos Salvi (DT de Automoto).<br \/>\n<strong>INCIDENCIA. Primer tiempo<\/strong>: 20m. Facundo Villar (A) le ataj\u00f3 un penal a Maximiliano Ortega.<br \/>\n<strong>ARBITRO<\/strong>: Sebasti\u00e1n M\u00e1laga <strong>(6)<\/strong>, de Olavarr\u00eda.<br \/>\n<strong>CANCHA:<\/strong> Parque \u201cFelisa I. de Alberdi (ByN).<br \/>\n<strong>RESERVA:<\/strong> Blanco y Negro <strong>3<\/strong>, Automoto <strong>1<\/strong>.\n<\/div>\n","protected":false},"excerpt":{"rendered":"<p>httpv:\/\/www.youtube.com\/watch?v=oHUVFwScVxM Una inteligente definici\u00f3n de Juan Diego Alebuena desat\u00f3 el desahogo de todo Blanco y Negro para lograr una ajustada, pero valiosa victoria 1 a 0 ante Automoto en el Parque Alberdi, que le permiti\u00f3 al equipo albinegro superar la l\u00ednea de su derrotado y mejorar dos puestos en su lucha por asegurarse un lugar [&hellip;]<\/p>\n","protected":false},"author":1,"featured_media":0,"comment_status":"closed","ping_status":"open","sticky":false,"template":"","format":"standard","meta":{"footnotes":""},"categories":[60,52,64],"tags":[],"class_list":["post-7503","post","type-post","status-publish","format-standard","hentry","category-deporte","category-destacadas","category-videos-destacados"],"yoast_head":"<!-- This site is optimized with the Yoast SEO plugin v19.7.1 - https:\/\/yoast.com\/wordpress\/plugins\/seo\/ -->\n<title>BLANCO Y NEGRO DERROTO A AUTOMOTO (Video y comentario) - CELTTV<\/title>\n<meta name=\"description\" content=\"Sitio web de noticias de la localidad de Tornquist, provincia de Buenos Aires, Rep\u00fablica Argentina. Contenido propio originado por periodistas de CELTTV, el canal de TV local de la Cooperativa El\u00e9ctrica de Tornquist. Turismo, Pol\u00edtica, Sociedad, Deporte, Cultura y todo el contenido de inter\u00e9s general que la gente del pueblo y la regi\u00f3n debe conocer.\" \/>\n<meta name=\"robots\" content=\"index, follow, max-snippet:-1, max-image-preview:large, max-video-preview:-1\" \/>\n<link rel=\"canonical\" href=\"https:\/\/www.celttv.com.ar\/index.php\/2012\/07\/18\/blanco-y-negro-derroto-a-automoto-video-y-comentario\/\" \/>\n<meta property=\"og:locale\" content=\"es_ES\" \/>\n<meta property=\"og:type\" content=\"article\" \/>\n<meta property=\"og:title\" content=\"BLANCO Y NEGRO DERROTO A AUTOMOTO (Video y comentario) - CELTTV\" \/>\n<meta property=\"og:description\" content=\"Sitio web de noticias de la localidad de Tornquist, provincia de Buenos Aires, Rep\u00fablica Argentina. Contenido propio originado por periodistas de CELTTV, el canal de TV local de la Cooperativa El\u00e9ctrica de Tornquist. Turismo, Pol\u00edtica, Sociedad, Deporte, Cultura y todo el contenido de inter\u00e9s general que la gente del pueblo y la regi\u00f3n debe conocer.\" \/>\n<meta property=\"og:url\" content=\"https:\/\/www.celttv.com.ar\/index.php\/2012\/07\/18\/blanco-y-negro-derroto-a-automoto-video-y-comentario\/\" \/>\n<meta property=\"og:site_name\" content=\"CELTTV\" \/>\n<meta property=\"article:publisher\" content=\"https:\/\/www.facebook.com\/celtTV\/\" \/>\n<meta property=\"article:published_time\" content=\"2012-07-18T22:14:55+00:00\" \/>\n<meta name=\"author\" content=\"ulises\" \/>\n<meta name=\"twitter:card\" content=\"summary_large_image\" \/>\n<meta name=\"twitter:label1\" content=\"Escrito por\" \/>\n\t<meta name=\"twitter:data1\" content=\"ulises\" \/>\n\t<meta name=\"twitter:label2\" content=\"Tiempo de lectura\" \/>\n\t<meta name=\"twitter:data2\" content=\"5 minutos\" \/>\n<script type=\"application\/ld+json\" class=\"yoast-schema-graph\">{\"@context\":\"https:\/\/schema.org\",\"@graph\":[{\"@type\":\"NewsArticle\",\"@id\":\"https:\/\/www.celttv.com.ar\/index.php\/2012\/07\/18\/blanco-y-negro-derroto-a-automoto-video-y-comentario\/#article\",\"isPartOf\":{\"@id\":\"https:\/\/www.celttv.com.ar\/index.php\/2012\/07\/18\/blanco-y-negro-derroto-a-automoto-video-y-comentario\/\"},\"author\":{\"name\":\"ulises\",\"@id\":\"https:\/\/www.celttv.com.ar\/#\/schema\/person\/6d99c072dba59953809c81446e9d0ace\"},\"headline\":\"BLANCO Y NEGRO DERROTO A AUTOMOTO (Video y comentario)\",\"datePublished\":\"2012-07-18T22:14:55+00:00\",\"dateModified\":\"2012-07-18T22:14:55+00:00\",\"mainEntityOfPage\":{\"@id\":\"https:\/\/www.celttv.com.ar\/index.php\/2012\/07\/18\/blanco-y-negro-derroto-a-automoto-video-y-comentario\/\"},\"wordCount\":991,\"publisher\":{\"@id\":\"https:\/\/www.celttv.com.ar\/#organization\"},\"articleSection\":[\"Deporte\",\"Destacadas\",\"Videos Destacados\"],\"inLanguage\":\"es\"},{\"@type\":\"WebPage\",\"@id\":\"https:\/\/www.celttv.com.ar\/index.php\/2012\/07\/18\/blanco-y-negro-derroto-a-automoto-video-y-comentario\/\",\"url\":\"https:\/\/www.celttv.com.ar\/index.php\/2012\/07\/18\/blanco-y-negro-derroto-a-automoto-video-y-comentario\/\",\"name\":\"BLANCO Y NEGRO DERROTO A AUTOMOTO (Video y comentario) - CELTTV\",\"isPartOf\":{\"@id\":\"https:\/\/www.celttv.com.ar\/#website\"},\"datePublished\":\"2012-07-18T22:14:55+00:00\",\"dateModified\":\"2012-07-18T22:14:55+00:00\",\"description\":\"Sitio web de noticias de la localidad de Tornquist, provincia de Buenos Aires, Rep\u00fablica Argentina. Contenido propio originado por periodistas de CELTTV, el canal de TV local de la Cooperativa El\u00e9ctrica de Tornquist. Turismo, Pol\u00edtica, Sociedad, Deporte, Cultura y todo el contenido de inter\u00e9s general que la gente del pueblo y la regi\u00f3n debe conocer.\",\"breadcrumb\":{\"@id\":\"https:\/\/www.celttv.com.ar\/index.php\/2012\/07\/18\/blanco-y-negro-derroto-a-automoto-video-y-comentario\/#breadcrumb\"},\"inLanguage\":\"es\",\"potentialAction\":[{\"@type\":\"ReadAction\",\"target\":[\"https:\/\/www.celttv.com.ar\/index.php\/2012\/07\/18\/blanco-y-negro-derroto-a-automoto-video-y-comentario\/\"]}]},{\"@type\":\"BreadcrumbList\",\"@id\":\"https:\/\/www.celttv.com.ar\/index.php\/2012\/07\/18\/blanco-y-negro-derroto-a-automoto-video-y-comentario\/#breadcrumb\",\"itemListElement\":[{\"@type\":\"ListItem\",\"position\":1,\"name\":\"Inicio\",\"item\":\"https:\/\/www.celttv.com.ar\/\"},{\"@type\":\"ListItem\",\"position\":2,\"name\":\"BLANCO Y NEGRO DERROTO A AUTOMOTO (Video y comentario)\"}]},{\"@type\":\"WebSite\",\"@id\":\"https:\/\/www.celttv.com.ar\/#website\",\"url\":\"https:\/\/www.celttv.com.ar\/\",\"name\":\"CELTTV\",\"description\":\"Cooperativa El\u00e9ctrica de Tornquist\",\"publisher\":{\"@id\":\"https:\/\/www.celttv.com.ar\/#organization\"},\"potentialAction\":[{\"@type\":\"SearchAction\",\"target\":{\"@type\":\"EntryPoint\",\"urlTemplate\":\"https:\/\/www.celttv.com.ar\/?s={search_term_string}\"},\"query-input\":\"required name=search_term_string\"}],\"inLanguage\":\"es\"},{\"@type\":\"Organization\",\"@id\":\"https:\/\/www.celttv.com.ar\/#organization\",\"name\":\"CELTTV\",\"url\":\"https:\/\/www.celttv.com.ar\/\",\"sameAs\":[\"https:\/\/www.youtube.com\/channel\/UCz_oIt8Hig64Ub-EmcNPIhg\",\"https:\/\/www.facebook.com\/celtTV\/\"],\"logo\":{\"@type\":\"ImageObject\",\"inLanguage\":\"es\",\"@id\":\"https:\/\/www.celttv.com.ar\/#\/schema\/logo\/image\/\",\"url\":\"http:\/\/www.celttv.com.ar\/wp-content\/uploads\/2022\/08\/logo-1.png\",\"contentUrl\":\"http:\/\/www.celttv.com.ar\/wp-content\/uploads\/2022\/08\/logo-1.png\",\"width\":461,\"height\":159,\"caption\":\"CELTTV\"},\"image\":{\"@id\":\"https:\/\/www.celttv.com.ar\/#\/schema\/logo\/image\/\"}},{\"@type\":\"Person\",\"@id\":\"https:\/\/www.celttv.com.ar\/#\/schema\/person\/6d99c072dba59953809c81446e9d0ace\",\"name\":\"ulises\",\"image\":{\"@type\":\"ImageObject\",\"inLanguage\":\"es\",\"@id\":\"https:\/\/www.celttv.com.ar\/#\/schema\/person\/image\/\",\"url\":\"https:\/\/secure.gravatar.com\/avatar\/7f2c48bdc33b30088f941fb6082e555f2874c98e20cb159d7b92b50eadfce793?s=96&d=mm&r=g\",\"contentUrl\":\"https:\/\/secure.gravatar.com\/avatar\/7f2c48bdc33b30088f941fb6082e555f2874c98e20cb159d7b92b50eadfce793?s=96&d=mm&r=g\",\"caption\":\"ulises\"},\"sameAs\":[\"http:\/\/www.celttv.com.ar\"]}]}<\/script>\n<!-- \/ Yoast SEO plugin. -->","yoast_head_json":{"title":"BLANCO Y NEGRO DERROTO A AUTOMOTO (Video y comentario) - CELTTV","description":"Sitio web de noticias de la localidad de Tornquist, provincia de Buenos Aires, Rep\u00fablica Argentina. Contenido propio originado por periodistas de CELTTV, el canal de TV local de la Cooperativa El\u00e9ctrica de Tornquist. Turismo, Pol\u00edtica, Sociedad, Deporte, Cultura y todo el contenido de inter\u00e9s general que la gente del pueblo y la regi\u00f3n debe conocer.","robots":{"index":"index","follow":"follow","max-snippet":"max-snippet:-1","max-image-preview":"max-image-preview:large","max-video-preview":"max-video-preview:-1"},"canonical":"https:\/\/www.celttv.com.ar\/index.php\/2012\/07\/18\/blanco-y-negro-derroto-a-automoto-video-y-comentario\/","og_locale":"es_ES","og_type":"article","og_title":"BLANCO Y NEGRO DERROTO A AUTOMOTO (Video y comentario) - CELTTV","og_description":"Sitio web de noticias de la localidad de Tornquist, provincia de Buenos Aires, Rep\u00fablica Argentina. Contenido propio originado por periodistas de CELTTV, el canal de TV local de la Cooperativa El\u00e9ctrica de Tornquist. Turismo, Pol\u00edtica, Sociedad, Deporte, Cultura y todo el contenido de inter\u00e9s general que la gente del pueblo y la regi\u00f3n debe conocer.","og_url":"https:\/\/www.celttv.com.ar\/index.php\/2012\/07\/18\/blanco-y-negro-derroto-a-automoto-video-y-comentario\/","og_site_name":"CELTTV","article_publisher":"https:\/\/www.facebook.com\/celtTV\/","article_published_time":"2012-07-18T22:14:55+00:00","author":"ulises","twitter_card":"summary_large_image","twitter_misc":{"Escrito por":"ulises","Tiempo de lectura":"5 minutos"},"schema":{"@context":"https:\/\/schema.org","@graph":[{"@type":"NewsArticle","@id":"https:\/\/www.celttv.com.ar\/index.php\/2012\/07\/18\/blanco-y-negro-derroto-a-automoto-video-y-comentario\/#article","isPartOf":{"@id":"https:\/\/www.celttv.com.ar\/index.php\/2012\/07\/18\/blanco-y-negro-derroto-a-automoto-video-y-comentario\/"},"author":{"name":"ulises","@id":"https:\/\/www.celttv.com.ar\/#\/schema\/person\/6d99c072dba59953809c81446e9d0ace"},"headline":"BLANCO Y NEGRO DERROTO A AUTOMOTO (Video y comentario)","datePublished":"2012-07-18T22:14:55+00:00","dateModified":"2012-07-18T22:14:55+00:00","mainEntityOfPage":{"@id":"https:\/\/www.celttv.com.ar\/index.php\/2012\/07\/18\/blanco-y-negro-derroto-a-automoto-video-y-comentario\/"},"wordCount":991,"publisher":{"@id":"https:\/\/www.celttv.com.ar\/#organization"},"articleSection":["Deporte","Destacadas","Videos Destacados"],"inLanguage":"es"},{"@type":"WebPage","@id":"https:\/\/www.celttv.com.ar\/index.php\/2012\/07\/18\/blanco-y-negro-derroto-a-automoto-video-y-comentario\/","url":"https:\/\/www.celttv.com.ar\/index.php\/2012\/07\/18\/blanco-y-negro-derroto-a-automoto-video-y-comentario\/","name":"BLANCO Y NEGRO DERROTO A AUTOMOTO (Video y comentario) - CELTTV","isPartOf":{"@id":"https:\/\/www.celttv.com.ar\/#website"},"datePublished":"2012-07-18T22:14:55+00:00","dateModified":"2012-07-18T22:14:55+00:00","description":"Sitio web de noticias de la localidad de Tornquist, provincia de Buenos Aires, Rep\u00fablica Argentina. Contenido propio originado por periodistas de CELTTV, el canal de TV local de la Cooperativa El\u00e9ctrica de Tornquist. Turismo, Pol\u00edtica, Sociedad, Deporte, Cultura y todo el contenido de inter\u00e9s general que la gente del pueblo y la regi\u00f3n debe conocer.","breadcrumb":{"@id":"https:\/\/www.celttv.com.ar\/index.php\/2012\/07\/18\/blanco-y-negro-derroto-a-automoto-video-y-comentario\/#breadcrumb"},"inLanguage":"es","potentialAction":[{"@type":"ReadAction","target":["https:\/\/www.celttv.com.ar\/index.php\/2012\/07\/18\/blanco-y-negro-derroto-a-automoto-video-y-comentario\/"]}]},{"@type":"BreadcrumbList","@id":"https:\/\/www.celttv.com.ar\/index.php\/2012\/07\/18\/blanco-y-negro-derroto-a-automoto-video-y-comentario\/#breadcrumb","itemListElement":[{"@type":"ListItem","position":1,"name":"Inicio","item":"https:\/\/www.celttv.com.ar\/"},{"@type":"ListItem","position":2,"name":"BLANCO Y NEGRO DERROTO A AUTOMOTO (Video y comentario)"}]},{"@type":"WebSite","@id":"https:\/\/www.celttv.com.ar\/#website","url":"https:\/\/www.celttv.com.ar\/","name":"CELTTV","description":"Cooperativa El\u00e9ctrica de Tornquist","publisher":{"@id":"https:\/\/www.celttv.com.ar\/#organization"},"potentialAction":[{"@type":"SearchAction","target":{"@type":"EntryPoint","urlTemplate":"https:\/\/www.celttv.com.ar\/?s={search_term_string}"},"query-input":"required name=search_term_string"}],"inLanguage":"es"},{"@type":"Organization","@id":"https:\/\/www.celttv.com.ar\/#organization","name":"CELTTV","url":"https:\/\/www.celttv.com.ar\/","sameAs":["https:\/\/www.youtube.com\/channel\/UCz_oIt8Hig64Ub-EmcNPIhg","https:\/\/www.facebook.com\/celtTV\/"],"logo":{"@type":"ImageObject","inLanguage":"es","@id":"https:\/\/www.celttv.com.ar\/#\/schema\/logo\/image\/","url":"http:\/\/www.celttv.com.ar\/wp-content\/uploads\/2022\/08\/logo-1.png","contentUrl":"http:\/\/www.celttv.com.ar\/wp-content\/uploads\/2022\/08\/logo-1.png","width":461,"height":159,"caption":"CELTTV"},"image":{"@id":"https:\/\/www.celttv.com.ar\/#\/schema\/logo\/image\/"}},{"@type":"Person","@id":"https:\/\/www.celttv.com.ar\/#\/schema\/person\/6d99c072dba59953809c81446e9d0ace","name":"ulises","image":{"@type":"ImageObject","inLanguage":"es","@id":"https:\/\/www.celttv.com.ar\/#\/schema\/person\/image\/","url":"https:\/\/secure.gravatar.com\/avatar\/7f2c48bdc33b30088f941fb6082e555f2874c98e20cb159d7b92b50eadfce793?s=96&d=mm&r=g","contentUrl":"https:\/\/secure.gravatar.com\/avatar\/7f2c48bdc33b30088f941fb6082e555f2874c98e20cb159d7b92b50eadfce793?s=96&d=mm&r=g","caption":"ulises"},"sameAs":["http:\/\/www.celttv.com.ar"]}]}},"_links":{"self":[{"href":"https:\/\/www.celttv.com.ar\/index.php\/wp-json\/wp\/v2\/posts\/7503","targetHints":{"allow":["GET"]}}],"collection":[{"href":"https:\/\/www.celttv.com.ar\/index.php\/wp-json\/wp\/v2\/posts"}],"about":[{"href":"https:\/\/www.celttv.com.ar\/index.php\/wp-json\/wp\/v2\/types\/post"}],"author":[{"embeddable":true,"href":"https:\/\/www.celttv.com.ar\/index.php\/wp-json\/wp\/v2\/users\/1"}],"replies":[{"embeddable":true,"href":"https:\/\/www.celttv.com.ar\/index.php\/wp-json\/wp\/v2\/comments?post=7503"}],"version-history":[{"count":0,"href":"https:\/\/www.celttv.com.ar\/index.php\/wp-json\/wp\/v2\/posts\/7503\/revisions"}],"wp:attachment":[{"href":"https:\/\/www.celttv.com.ar\/index.php\/wp-json\/wp\/v2\/media?parent=7503"}],"wp:term":[{"taxonomy":"category","embeddable":true,"href":"https:\/\/www.celttv.com.ar\/index.php\/wp-json\/wp\/v2\/categories?post=7503"},{"taxonomy":"post_tag","embeddable":true,"href":"https:\/\/www.celttv.com.ar\/index.php\/wp-json\/wp\/v2\/tags?post=7503"}],"curies":[{"name":"wp","href":"https:\/\/api.w.org\/{rel}","templated":true}]}}