{"id":75066,"date":"2023-04-16T16:12:10","date_gmt":"2023-04-16T19:12:10","guid":{"rendered":"http:\/\/www.celttv.com.ar\/?p=75066"},"modified":"2023-04-16T16:12:10","modified_gmt":"2023-04-16T19:12:10","slug":"el-publico-disfruto-de-la-1-edicion-de-la-trattoria-organizada-por-la-sociedad-italiana-video-y-fotos","status":"publish","type":"post","link":"https:\/\/www.celttv.com.ar\/index.php\/2023\/04\/16\/el-publico-disfruto-de-la-1-edicion-de-la-trattoria-organizada-por-la-sociedad-italiana-video-y-fotos\/","title":{"rendered":"El p\u00fablico disfrut\u00f3 de la 1\u00b0 edici\u00f3n de &#8220;La Trattoria&#8221; organizada por la Sociedad Italiana (Video y Fotos)"},"content":{"rendered":"<p>Con un nutrido marco de p\u00fablico se desarroll\u00f3 la 1\u00b0 edici\u00f3n de &#8220;La Trattoria&#8221;, organizada por la Sociedad Italiana, frente a dicha instituci\u00f3n.<\/p>\n<p>Servicio gastron\u00f3mico y espect\u00e1culos al aire libre, fue el marco ideal para el p\u00fablico que se sum\u00f3 a las mesas ubicadas en la calle y la vereda de la Sociedad Italiana para poder disfrutar de un evento familiar.<\/p>\n<p>Ana Donnini y Ezequiela Gabella, integrantes de la Sociedad Italiana, dialogaron con CELTTV NOTICIAS donde destacaron el acompa\u00f1amiento del p\u00fablico, entre otros temas.<\/p>\n<p><iframe loading=\"lazy\" title=\"2023 04 16 TRATORIA EN LA SOCIEDAD ITALIANA 1   ANA DONNINI\" width=\"500\" height=\"281\" src=\"https:\/\/www.youtube.com\/embed\/OoMkWOpqJVY?feature=oembed\" frameborder=\"0\" allow=\"accelerometer; autoplay; clipboard-write; encrypted-media; gyroscope; picture-in-picture; web-share\" referrerpolicy=\"strict-origin-when-cross-origin\" allowfullscreen><\/iframe><\/p>\n<p><iframe loading=\"lazy\" title=\"2023 04 16 TRATORIA EN LA SOCIEDAD ITALIANA 2   EZEQUIEL GABELLA\" width=\"500\" height=\"281\" src=\"https:\/\/www.youtube.com\/embed\/7VRD4zCI53E?feature=oembed\" frameborder=\"0\" allow=\"accelerometer; autoplay; clipboard-write; encrypted-media; gyroscope; picture-in-picture; web-share\" referrerpolicy=\"strict-origin-when-cross-origin\" allowfullscreen><\/iframe><\/p>\n<p><img loading=\"lazy\" decoding=\"async\" class=\"alignnone wp-image-75067 size-full\" src=\"http:\/\/www.celttv.com.ar\/wp-content\/uploads\/2023\/04\/WhatsApp-Image-2023-04-16-at-15.43.32.jpeg\" alt=\"\" width=\"1600\" height=\"1200\" srcset=\"https:\/\/www.celttv.com.ar\/wp-content\/uploads\/2023\/04\/WhatsApp-Image-2023-04-16-at-15.43.32.jpeg 1600w, https:\/\/www.celttv.com.ar\/wp-content\/uploads\/2023\/04\/WhatsApp-Image-2023-04-16-at-15.43.32-300x225.jpeg 300w, https:\/\/www.celttv.com.ar\/wp-content\/uploads\/2023\/04\/WhatsApp-Image-2023-04-16-at-15.43.32-1024x768.jpeg 1024w, https:\/\/www.celttv.com.ar\/wp-content\/uploads\/2023\/04\/WhatsApp-Image-2023-04-16-at-15.43.32-768x576.jpeg 768w, https:\/\/www.celttv.com.ar\/wp-content\/uploads\/2023\/04\/WhatsApp-Image-2023-04-16-at-15.43.32-1536x1152.jpeg 1536w, https:\/\/www.celttv.com.ar\/wp-content\/uploads\/2023\/04\/WhatsApp-Image-2023-04-16-at-15.43.32-750x563.jpeg 750w, https:\/\/www.celttv.com.ar\/wp-content\/uploads\/2023\/04\/WhatsApp-Image-2023-04-16-at-15.43.32-1140x855.jpeg 1140w\" sizes=\"auto, (max-width: 1600px) 100vw, 1600px\" \/> <img loading=\"lazy\" decoding=\"async\" class=\"alignnone wp-image-75068 size-full\" src=\"http:\/\/www.celttv.com.ar\/wp-content\/uploads\/2023\/04\/WhatsApp-Image-2023-04-16-at-15.43.33.jpeg\" alt=\"\" width=\"1600\" height=\"1200\" srcset=\"https:\/\/www.celttv.com.ar\/wp-content\/uploads\/2023\/04\/WhatsApp-Image-2023-04-16-at-15.43.33.jpeg 1600w, https:\/\/www.celttv.com.ar\/wp-content\/uploads\/2023\/04\/WhatsApp-Image-2023-04-16-at-15.43.33-300x225.jpeg 300w, https:\/\/www.celttv.com.ar\/wp-content\/uploads\/2023\/04\/WhatsApp-Image-2023-04-16-at-15.43.33-1024x768.jpeg 1024w, https:\/\/www.celttv.com.ar\/wp-content\/uploads\/2023\/04\/WhatsApp-Image-2023-04-16-at-15.43.33-768x576.jpeg 768w, https:\/\/www.celttv.com.ar\/wp-content\/uploads\/2023\/04\/WhatsApp-Image-2023-04-16-at-15.43.33-1536x1152.jpeg 1536w, https:\/\/www.celttv.com.ar\/wp-content\/uploads\/2023\/04\/WhatsApp-Image-2023-04-16-at-15.43.33-750x563.jpeg 750w, https:\/\/www.celttv.com.ar\/wp-content\/uploads\/2023\/04\/WhatsApp-Image-2023-04-16-at-15.43.33-1140x855.jpeg 1140w\" sizes=\"auto, (max-width: 1600px) 100vw, 1600px\" \/> <img loading=\"lazy\" decoding=\"async\" class=\"alignnone wp-image-75069 size-full\" src=\"http:\/\/www.celttv.com.ar\/wp-content\/uploads\/2023\/04\/WhatsApp-Image-2023-04-16-at-15.43.35.jpeg\" alt=\"\" width=\"1600\" height=\"1200\" srcset=\"https:\/\/www.celttv.com.ar\/wp-content\/uploads\/2023\/04\/WhatsApp-Image-2023-04-16-at-15.43.35.jpeg 1600w, https:\/\/www.celttv.com.ar\/wp-content\/uploads\/2023\/04\/WhatsApp-Image-2023-04-16-at-15.43.35-300x225.jpeg 300w, https:\/\/www.celttv.com.ar\/wp-content\/uploads\/2023\/04\/WhatsApp-Image-2023-04-16-at-15.43.35-1024x768.jpeg 1024w, https:\/\/www.celttv.com.ar\/wp-content\/uploads\/2023\/04\/WhatsApp-Image-2023-04-16-at-15.43.35-768x576.jpeg 768w, https:\/\/www.celttv.com.ar\/wp-content\/uploads\/2023\/04\/WhatsApp-Image-2023-04-16-at-15.43.35-1536x1152.jpeg 1536w, https:\/\/www.celttv.com.ar\/wp-content\/uploads\/2023\/04\/WhatsApp-Image-2023-04-16-at-15.43.35-750x563.jpeg 750w, https:\/\/www.celttv.com.ar\/wp-content\/uploads\/2023\/04\/WhatsApp-Image-2023-04-16-at-15.43.35-1140x855.jpeg 1140w\" sizes=\"auto, (max-width: 1600px) 100vw, 1600px\" \/> <img loading=\"lazy\" decoding=\"async\" class=\"alignnone wp-image-75070 size-full\" src=\"http:\/\/www.celttv.com.ar\/wp-content\/uploads\/2023\/04\/WhatsApp-Image-2023-04-16-at-15.43.36.jpeg\" alt=\"\" width=\"1600\" height=\"1200\" srcset=\"https:\/\/www.celttv.com.ar\/wp-content\/uploads\/2023\/04\/WhatsApp-Image-2023-04-16-at-15.43.36.jpeg 1600w, https:\/\/www.celttv.com.ar\/wp-content\/uploads\/2023\/04\/WhatsApp-Image-2023-04-16-at-15.43.36-300x225.jpeg 300w, https:\/\/www.celttv.com.ar\/wp-content\/uploads\/2023\/04\/WhatsApp-Image-2023-04-16-at-15.43.36-1024x768.jpeg 1024w, https:\/\/www.celttv.com.ar\/wp-content\/uploads\/2023\/04\/WhatsApp-Image-2023-04-16-at-15.43.36-768x576.jpeg 768w, https:\/\/www.celttv.com.ar\/wp-content\/uploads\/2023\/04\/WhatsApp-Image-2023-04-16-at-15.43.36-1536x1152.jpeg 1536w, https:\/\/www.celttv.com.ar\/wp-content\/uploads\/2023\/04\/WhatsApp-Image-2023-04-16-at-15.43.36-750x563.jpeg 750w, https:\/\/www.celttv.com.ar\/wp-content\/uploads\/2023\/04\/WhatsApp-Image-2023-04-16-at-15.43.36-1140x855.jpeg 1140w\" sizes=\"auto, (max-width: 1600px) 100vw, 1600px\" \/> <img loading=\"lazy\" decoding=\"async\" class=\"alignnone wp-image-75071 size-full\" src=\"http:\/\/www.celttv.com.ar\/wp-content\/uploads\/2023\/04\/WhatsApp-Image-2023-04-16-at-15.43.37.jpeg\" alt=\"\" width=\"1600\" height=\"1200\" srcset=\"https:\/\/www.celttv.com.ar\/wp-content\/uploads\/2023\/04\/WhatsApp-Image-2023-04-16-at-15.43.37.jpeg 1600w, https:\/\/www.celttv.com.ar\/wp-content\/uploads\/2023\/04\/WhatsApp-Image-2023-04-16-at-15.43.37-300x225.jpeg 300w, https:\/\/www.celttv.com.ar\/wp-content\/uploads\/2023\/04\/WhatsApp-Image-2023-04-16-at-15.43.37-1024x768.jpeg 1024w, https:\/\/www.celttv.com.ar\/wp-content\/uploads\/2023\/04\/WhatsApp-Image-2023-04-16-at-15.43.37-768x576.jpeg 768w, https:\/\/www.celttv.com.ar\/wp-content\/uploads\/2023\/04\/WhatsApp-Image-2023-04-16-at-15.43.37-1536x1152.jpeg 1536w, https:\/\/www.celttv.com.ar\/wp-content\/uploads\/2023\/04\/WhatsApp-Image-2023-04-16-at-15.43.37-750x563.jpeg 750w, https:\/\/www.celttv.com.ar\/wp-content\/uploads\/2023\/04\/WhatsApp-Image-2023-04-16-at-15.43.37-1140x855.jpeg 1140w\" sizes=\"auto, (max-width: 1600px) 100vw, 1600px\" \/> <img loading=\"lazy\" decoding=\"async\" class=\"alignnone wp-image-75072 size-full\" src=\"http:\/\/www.celttv.com.ar\/wp-content\/uploads\/2023\/04\/WhatsApp-Image-2023-04-16-at-15.43.38.jpeg\" alt=\"\" width=\"1600\" height=\"1200\" srcset=\"https:\/\/www.celttv.com.ar\/wp-content\/uploads\/2023\/04\/WhatsApp-Image-2023-04-16-at-15.43.38.jpeg 1600w, https:\/\/www.celttv.com.ar\/wp-content\/uploads\/2023\/04\/WhatsApp-Image-2023-04-16-at-15.43.38-300x225.jpeg 300w, https:\/\/www.celttv.com.ar\/wp-content\/uploads\/2023\/04\/WhatsApp-Image-2023-04-16-at-15.43.38-1024x768.jpeg 1024w, https:\/\/www.celttv.com.ar\/wp-content\/uploads\/2023\/04\/WhatsApp-Image-2023-04-16-at-15.43.38-768x576.jpeg 768w, https:\/\/www.celttv.com.ar\/wp-content\/uploads\/2023\/04\/WhatsApp-Image-2023-04-16-at-15.43.38-1536x1152.jpeg 1536w, https:\/\/www.celttv.com.ar\/wp-content\/uploads\/2023\/04\/WhatsApp-Image-2023-04-16-at-15.43.38-750x563.jpeg 750w, https:\/\/www.celttv.com.ar\/wp-content\/uploads\/2023\/04\/WhatsApp-Image-2023-04-16-at-15.43.38-1140x855.jpeg 1140w\" sizes=\"auto, (max-width: 1600px) 100vw, 1600px\" \/> <img loading=\"lazy\" decoding=\"async\" class=\"alignnone wp-image-75073 size-full\" src=\"http:\/\/www.celttv.com.ar\/wp-content\/uploads\/2023\/04\/WhatsApp-Image-2023-04-16-at-15.43.39.jpeg\" alt=\"\" width=\"1600\" height=\"1200\" srcset=\"https:\/\/www.celttv.com.ar\/wp-content\/uploads\/2023\/04\/WhatsApp-Image-2023-04-16-at-15.43.39.jpeg 1600w, https:\/\/www.celttv.com.ar\/wp-content\/uploads\/2023\/04\/WhatsApp-Image-2023-04-16-at-15.43.39-300x225.jpeg 300w, https:\/\/www.celttv.com.ar\/wp-content\/uploads\/2023\/04\/WhatsApp-Image-2023-04-16-at-15.43.39-1024x768.jpeg 1024w, https:\/\/www.celttv.com.ar\/wp-content\/uploads\/2023\/04\/WhatsApp-Image-2023-04-16-at-15.43.39-768x576.jpeg 768w, https:\/\/www.celttv.com.ar\/wp-content\/uploads\/2023\/04\/WhatsApp-Image-2023-04-16-at-15.43.39-1536x1152.jpeg 1536w, https:\/\/www.celttv.com.ar\/wp-content\/uploads\/2023\/04\/WhatsApp-Image-2023-04-16-at-15.43.39-750x563.jpeg 750w, https:\/\/www.celttv.com.ar\/wp-content\/uploads\/2023\/04\/WhatsApp-Image-2023-04-16-at-15.43.39-1140x855.jpeg 1140w\" sizes=\"auto, (max-width: 1600px) 100vw, 1600px\" \/> <img loading=\"lazy\" decoding=\"async\" class=\"alignnone wp-image-75074 size-full\" src=\"http:\/\/www.celttv.com.ar\/wp-content\/uploads\/2023\/04\/WhatsApp-Image-2023-04-16-at-15.43.40-1.jpeg\" alt=\"\" width=\"1600\" height=\"1200\" srcset=\"https:\/\/www.celttv.com.ar\/wp-content\/uploads\/2023\/04\/WhatsApp-Image-2023-04-16-at-15.43.40-1.jpeg 1600w, https:\/\/www.celttv.com.ar\/wp-content\/uploads\/2023\/04\/WhatsApp-Image-2023-04-16-at-15.43.40-1-300x225.jpeg 300w, https:\/\/www.celttv.com.ar\/wp-content\/uploads\/2023\/04\/WhatsApp-Image-2023-04-16-at-15.43.40-1-1024x768.jpeg 1024w, https:\/\/www.celttv.com.ar\/wp-content\/uploads\/2023\/04\/WhatsApp-Image-2023-04-16-at-15.43.40-1-768x576.jpeg 768w, https:\/\/www.celttv.com.ar\/wp-content\/uploads\/2023\/04\/WhatsApp-Image-2023-04-16-at-15.43.40-1-1536x1152.jpeg 1536w, https:\/\/www.celttv.com.ar\/wp-content\/uploads\/2023\/04\/WhatsApp-Image-2023-04-16-at-15.43.40-1-750x563.jpeg 750w, https:\/\/www.celttv.com.ar\/wp-content\/uploads\/2023\/04\/WhatsApp-Image-2023-04-16-at-15.43.40-1-1140x855.jpeg 1140w\" sizes=\"auto, (max-width: 1600px) 100vw, 1600px\" \/> <img loading=\"lazy\" decoding=\"async\" class=\"alignnone wp-image-75075 size-full\" src=\"http:\/\/www.celttv.com.ar\/wp-content\/uploads\/2023\/04\/WhatsApp-Image-2023-04-16-at-15.43.40.jpeg\" alt=\"\" width=\"1600\" height=\"1200\" srcset=\"https:\/\/www.celttv.com.ar\/wp-content\/uploads\/2023\/04\/WhatsApp-Image-2023-04-16-at-15.43.40.jpeg 1600w, https:\/\/www.celttv.com.ar\/wp-content\/uploads\/2023\/04\/WhatsApp-Image-2023-04-16-at-15.43.40-300x225.jpeg 300w, https:\/\/www.celttv.com.ar\/wp-content\/uploads\/2023\/04\/WhatsApp-Image-2023-04-16-at-15.43.40-1024x768.jpeg 1024w, https:\/\/www.celttv.com.ar\/wp-content\/uploads\/2023\/04\/WhatsApp-Image-2023-04-16-at-15.43.40-768x576.jpeg 768w, https:\/\/www.celttv.com.ar\/wp-content\/uploads\/2023\/04\/WhatsApp-Image-2023-04-16-at-15.43.40-1536x1152.jpeg 1536w, https:\/\/www.celttv.com.ar\/wp-content\/uploads\/2023\/04\/WhatsApp-Image-2023-04-16-at-15.43.40-750x563.jpeg 750w, https:\/\/www.celttv.com.ar\/wp-content\/uploads\/2023\/04\/WhatsApp-Image-2023-04-16-at-15.43.40-1140x855.jpeg 1140w\" sizes=\"auto, (max-width: 1600px) 100vw, 1600px\" \/><\/p>\n","protected":false},"excerpt":{"rendered":"<p>Con un nutrido marco de p\u00fablico se desarroll\u00f3 la 1\u00b0 edici\u00f3n de &#8220;La Trattoria&#8221;, organizada por la Sociedad Italiana, frente a dicha instituci\u00f3n. Servicio gastron\u00f3mico y espect\u00e1culos al aire libre, fue el marco ideal para el p\u00fablico que se sum\u00f3 a las mesas ubicadas en la calle y la vereda de la Sociedad Italiana para [&hellip;]<\/p>\n","protected":false},"author":3,"featured_media":75072,"comment_status":"closed","ping_status":"closed","sticky":false,"template":"","format":"standard","meta":{"footnotes":""},"categories":[55],"tags":[],"class_list":["post-75066","post","type-post","status-publish","format-standard","has-post-thumbnail","hentry","category-celt-tv-noticias"],"yoast_head":"<!-- This site is optimized with the Yoast SEO plugin v19.7.1 - https:\/\/yoast.com\/wordpress\/plugins\/seo\/ -->\n<title>El p\u00fablico disfrut\u00f3 de la 1\u00b0 edici\u00f3n de &quot;La Trattoria&quot; organizada por la Sociedad Italiana (Video y Fotos) - CELTTV<\/title>\n<meta name=\"description\" content=\"Sitio web de noticias de la localidad de Tornquist, provincia de Buenos Aires, Rep\u00fablica Argentina. Contenido propio originado por periodistas de CELTTV, el canal de TV local de la Cooperativa El\u00e9ctrica de Tornquist. Turismo, Pol\u00edtica, Sociedad, Deporte, Cultura y todo el contenido de inter\u00e9s general que la gente del pueblo y la regi\u00f3n debe conocer.\" \/>\n<meta name=\"robots\" content=\"index, follow, max-snippet:-1, max-image-preview:large, max-video-preview:-1\" \/>\n<link rel=\"canonical\" href=\"https:\/\/www.celttv.com.ar\/index.php\/2023\/04\/16\/el-publico-disfruto-de-la-1-edicion-de-la-trattoria-organizada-por-la-sociedad-italiana-video-y-fotos\/\" \/>\n<meta property=\"og:locale\" content=\"es_ES\" \/>\n<meta property=\"og:type\" content=\"article\" \/>\n<meta property=\"og:title\" content=\"El p\u00fablico disfrut\u00f3 de la 1\u00b0 edici\u00f3n de &quot;La Trattoria&quot; organizada por la Sociedad Italiana (Video y Fotos) - CELTTV\" \/>\n<meta property=\"og:description\" content=\"Sitio web de noticias de la localidad de Tornquist, provincia de Buenos Aires, Rep\u00fablica Argentina. Contenido propio originado por periodistas de CELTTV, el canal de TV local de la Cooperativa El\u00e9ctrica de Tornquist. Turismo, Pol\u00edtica, Sociedad, Deporte, Cultura y todo el contenido de inter\u00e9s general que la gente del pueblo y la regi\u00f3n debe conocer.\" \/>\n<meta property=\"og:url\" content=\"https:\/\/www.celttv.com.ar\/index.php\/2023\/04\/16\/el-publico-disfruto-de-la-1-edicion-de-la-trattoria-organizada-por-la-sociedad-italiana-video-y-fotos\/\" \/>\n<meta property=\"og:site_name\" content=\"CELTTV\" \/>\n<meta property=\"article:publisher\" content=\"https:\/\/www.facebook.com\/celtTV\/\" \/>\n<meta property=\"article:published_time\" content=\"2023-04-16T19:12:10+00:00\" \/>\n<meta property=\"og:image\" content=\"https:\/\/www.celttv.com.ar\/wp-content\/uploads\/2023\/04\/WhatsApp-Image-2023-04-16-at-15.43.38.jpeg\" \/>\n\t<meta property=\"og:image:width\" content=\"1600\" \/>\n\t<meta property=\"og:image:height\" content=\"1200\" \/>\n\t<meta property=\"og:image:type\" content=\"image\/jpeg\" \/>\n<meta name=\"author\" content=\"Rodrigo Sgammini\" \/>\n<meta name=\"twitter:card\" content=\"summary_large_image\" \/>\n<meta name=\"twitter:label1\" content=\"Escrito por\" \/>\n\t<meta name=\"twitter:data1\" content=\"Rodrigo Sgammini\" \/>\n\t<meta name=\"twitter:label2\" content=\"Tiempo de lectura\" \/>\n\t<meta name=\"twitter:data2\" content=\"1 minuto\" \/>\n<script type=\"application\/ld+json\" class=\"yoast-schema-graph\">{\"@context\":\"https:\/\/schema.org\",\"@graph\":[{\"@type\":\"NewsArticle\",\"@id\":\"https:\/\/www.celttv.com.ar\/index.php\/2023\/04\/16\/el-publico-disfruto-de-la-1-edicion-de-la-trattoria-organizada-por-la-sociedad-italiana-video-y-fotos\/#article\",\"isPartOf\":{\"@id\":\"https:\/\/www.celttv.com.ar\/index.php\/2023\/04\/16\/el-publico-disfruto-de-la-1-edicion-de-la-trattoria-organizada-por-la-sociedad-italiana-video-y-fotos\/\"},\"author\":{\"name\":\"Rodrigo Sgammini\",\"@id\":\"https:\/\/www.celttv.com.ar\/#\/schema\/person\/495be51d064edd971d8457f8f64eb172\"},\"headline\":\"El p\u00fablico disfrut\u00f3 de la 1\u00b0 edici\u00f3n de &#8220;La Trattoria&#8221; organizada por la Sociedad Italiana (Video y Fotos)\",\"datePublished\":\"2023-04-16T19:12:10+00:00\",\"dateModified\":\"2023-04-16T19:12:10+00:00\",\"mainEntityOfPage\":{\"@id\":\"https:\/\/www.celttv.com.ar\/index.php\/2023\/04\/16\/el-publico-disfruto-de-la-1-edicion-de-la-trattoria-organizada-por-la-sociedad-italiana-video-y-fotos\/\"},\"wordCount\":120,\"publisher\":{\"@id\":\"https:\/\/www.celttv.com.ar\/#organization\"},\"articleSection\":[\"Celt TV Noticias\"],\"inLanguage\":\"es\"},{\"@type\":\"WebPage\",\"@id\":\"https:\/\/www.celttv.com.ar\/index.php\/2023\/04\/16\/el-publico-disfruto-de-la-1-edicion-de-la-trattoria-organizada-por-la-sociedad-italiana-video-y-fotos\/\",\"url\":\"https:\/\/www.celttv.com.ar\/index.php\/2023\/04\/16\/el-publico-disfruto-de-la-1-edicion-de-la-trattoria-organizada-por-la-sociedad-italiana-video-y-fotos\/\",\"name\":\"El p\u00fablico disfrut\u00f3 de la 1\u00b0 edici\u00f3n de \\\"La Trattoria\\\" organizada por la Sociedad Italiana (Video y Fotos) - CELTTV\",\"isPartOf\":{\"@id\":\"https:\/\/www.celttv.com.ar\/#website\"},\"datePublished\":\"2023-04-16T19:12:10+00:00\",\"dateModified\":\"2023-04-16T19:12:10+00:00\",\"description\":\"Sitio web de noticias de la localidad de Tornquist, provincia de Buenos Aires, Rep\u00fablica Argentina. Contenido propio originado por periodistas de CELTTV, el canal de TV local de la Cooperativa El\u00e9ctrica de Tornquist. Turismo, Pol\u00edtica, Sociedad, Deporte, Cultura y todo el contenido de inter\u00e9s general que la gente del pueblo y la regi\u00f3n debe conocer.\",\"breadcrumb\":{\"@id\":\"https:\/\/www.celttv.com.ar\/index.php\/2023\/04\/16\/el-publico-disfruto-de-la-1-edicion-de-la-trattoria-organizada-por-la-sociedad-italiana-video-y-fotos\/#breadcrumb\"},\"inLanguage\":\"es\",\"potentialAction\":[{\"@type\":\"ReadAction\",\"target\":[\"https:\/\/www.celttv.com.ar\/index.php\/2023\/04\/16\/el-publico-disfruto-de-la-1-edicion-de-la-trattoria-organizada-por-la-sociedad-italiana-video-y-fotos\/\"]}]},{\"@type\":\"BreadcrumbList\",\"@id\":\"https:\/\/www.celttv.com.ar\/index.php\/2023\/04\/16\/el-publico-disfruto-de-la-1-edicion-de-la-trattoria-organizada-por-la-sociedad-italiana-video-y-fotos\/#breadcrumb\",\"itemListElement\":[{\"@type\":\"ListItem\",\"position\":1,\"name\":\"Inicio\",\"item\":\"https:\/\/www.celttv.com.ar\/\"},{\"@type\":\"ListItem\",\"position\":2,\"name\":\"El p\u00fablico disfrut\u00f3 de la 1\u00b0 edici\u00f3n de &#8220;La Trattoria&#8221; organizada por la Sociedad Italiana (Video y Fotos)\"}]},{\"@type\":\"WebSite\",\"@id\":\"https:\/\/www.celttv.com.ar\/#website\",\"url\":\"https:\/\/www.celttv.com.ar\/\",\"name\":\"CELTTV\",\"description\":\"Cooperativa El\u00e9ctrica de Tornquist\",\"publisher\":{\"@id\":\"https:\/\/www.celttv.com.ar\/#organization\"},\"potentialAction\":[{\"@type\":\"SearchAction\",\"target\":{\"@type\":\"EntryPoint\",\"urlTemplate\":\"https:\/\/www.celttv.com.ar\/?s={search_term_string}\"},\"query-input\":\"required name=search_term_string\"}],\"inLanguage\":\"es\"},{\"@type\":\"Organization\",\"@id\":\"https:\/\/www.celttv.com.ar\/#organization\",\"name\":\"CELTTV\",\"url\":\"https:\/\/www.celttv.com.ar\/\",\"sameAs\":[\"https:\/\/www.youtube.com\/channel\/UCz_oIt8Hig64Ub-EmcNPIhg\",\"https:\/\/www.facebook.com\/celtTV\/\"],\"logo\":{\"@type\":\"ImageObject\",\"inLanguage\":\"es\",\"@id\":\"https:\/\/www.celttv.com.ar\/#\/schema\/logo\/image\/\",\"url\":\"http:\/\/www.celttv.com.ar\/wp-content\/uploads\/2022\/08\/logo-1.png\",\"contentUrl\":\"http:\/\/www.celttv.com.ar\/wp-content\/uploads\/2022\/08\/logo-1.png\",\"width\":461,\"height\":159,\"caption\":\"CELTTV\"},\"image\":{\"@id\":\"https:\/\/www.celttv.com.ar\/#\/schema\/logo\/image\/\"}},{\"@type\":\"Person\",\"@id\":\"https:\/\/www.celttv.com.ar\/#\/schema\/person\/495be51d064edd971d8457f8f64eb172\",\"name\":\"Rodrigo Sgammini\",\"image\":{\"@type\":\"ImageObject\",\"inLanguage\":\"es\",\"@id\":\"https:\/\/www.celttv.com.ar\/#\/schema\/person\/image\/\",\"url\":\"https:\/\/secure.gravatar.com\/avatar\/68f7848d42735e7a9276b47cd6e606327d88f521c51ae39d88888b76902e2987?s=96&d=mm&r=g\",\"contentUrl\":\"https:\/\/secure.gravatar.com\/avatar\/68f7848d42735e7a9276b47cd6e606327d88f521c51ae39d88888b76902e2987?s=96&d=mm&r=g\",\"caption\":\"Rodrigo Sgammini\"}}]}<\/script>\n<!-- \/ Yoast SEO plugin. -->","yoast_head_json":{"title":"El p\u00fablico disfrut\u00f3 de la 1\u00b0 edici\u00f3n de \"La Trattoria\" organizada por la Sociedad Italiana (Video y Fotos) - CELTTV","description":"Sitio web de noticias de la localidad de Tornquist, provincia de Buenos Aires, Rep\u00fablica Argentina. Contenido propio originado por periodistas de CELTTV, el canal de TV local de la Cooperativa El\u00e9ctrica de Tornquist. Turismo, Pol\u00edtica, Sociedad, Deporte, Cultura y todo el contenido de inter\u00e9s general que la gente del pueblo y la regi\u00f3n debe conocer.","robots":{"index":"index","follow":"follow","max-snippet":"max-snippet:-1","max-image-preview":"max-image-preview:large","max-video-preview":"max-video-preview:-1"},"canonical":"https:\/\/www.celttv.com.ar\/index.php\/2023\/04\/16\/el-publico-disfruto-de-la-1-edicion-de-la-trattoria-organizada-por-la-sociedad-italiana-video-y-fotos\/","og_locale":"es_ES","og_type":"article","og_title":"El p\u00fablico disfrut\u00f3 de la 1\u00b0 edici\u00f3n de \"La Trattoria\" organizada por la Sociedad Italiana (Video y Fotos) - CELTTV","og_description":"Sitio web de noticias de la localidad de Tornquist, provincia de Buenos Aires, Rep\u00fablica Argentina. Contenido propio originado por periodistas de CELTTV, el canal de TV local de la Cooperativa El\u00e9ctrica de Tornquist. Turismo, Pol\u00edtica, Sociedad, Deporte, Cultura y todo el contenido de inter\u00e9s general que la gente del pueblo y la regi\u00f3n debe conocer.","og_url":"https:\/\/www.celttv.com.ar\/index.php\/2023\/04\/16\/el-publico-disfruto-de-la-1-edicion-de-la-trattoria-organizada-por-la-sociedad-italiana-video-y-fotos\/","og_site_name":"CELTTV","article_publisher":"https:\/\/www.facebook.com\/celtTV\/","article_published_time":"2023-04-16T19:12:10+00:00","og_image":[{"width":1600,"height":1200,"url":"https:\/\/www.celttv.com.ar\/wp-content\/uploads\/2023\/04\/WhatsApp-Image-2023-04-16-at-15.43.38.jpeg","type":"image\/jpeg"}],"author":"Rodrigo Sgammini","twitter_card":"summary_large_image","twitter_misc":{"Escrito por":"Rodrigo Sgammini","Tiempo de lectura":"1 minuto"},"schema":{"@context":"https:\/\/schema.org","@graph":[{"@type":"NewsArticle","@id":"https:\/\/www.celttv.com.ar\/index.php\/2023\/04\/16\/el-publico-disfruto-de-la-1-edicion-de-la-trattoria-organizada-por-la-sociedad-italiana-video-y-fotos\/#article","isPartOf":{"@id":"https:\/\/www.celttv.com.ar\/index.php\/2023\/04\/16\/el-publico-disfruto-de-la-1-edicion-de-la-trattoria-organizada-por-la-sociedad-italiana-video-y-fotos\/"},"author":{"name":"Rodrigo Sgammini","@id":"https:\/\/www.celttv.com.ar\/#\/schema\/person\/495be51d064edd971d8457f8f64eb172"},"headline":"El p\u00fablico disfrut\u00f3 de la 1\u00b0 edici\u00f3n de &#8220;La Trattoria&#8221; organizada por la Sociedad Italiana (Video y Fotos)","datePublished":"2023-04-16T19:12:10+00:00","dateModified":"2023-04-16T19:12:10+00:00","mainEntityOfPage":{"@id":"https:\/\/www.celttv.com.ar\/index.php\/2023\/04\/16\/el-publico-disfruto-de-la-1-edicion-de-la-trattoria-organizada-por-la-sociedad-italiana-video-y-fotos\/"},"wordCount":120,"publisher":{"@id":"https:\/\/www.celttv.com.ar\/#organization"},"articleSection":["Celt TV Noticias"],"inLanguage":"es"},{"@type":"WebPage","@id":"https:\/\/www.celttv.com.ar\/index.php\/2023\/04\/16\/el-publico-disfruto-de-la-1-edicion-de-la-trattoria-organizada-por-la-sociedad-italiana-video-y-fotos\/","url":"https:\/\/www.celttv.com.ar\/index.php\/2023\/04\/16\/el-publico-disfruto-de-la-1-edicion-de-la-trattoria-organizada-por-la-sociedad-italiana-video-y-fotos\/","name":"El p\u00fablico disfrut\u00f3 de la 1\u00b0 edici\u00f3n de \"La Trattoria\" organizada por la Sociedad Italiana (Video y Fotos) - CELTTV","isPartOf":{"@id":"https:\/\/www.celttv.com.ar\/#website"},"datePublished":"2023-04-16T19:12:10+00:00","dateModified":"2023-04-16T19:12:10+00:00","description":"Sitio web de noticias de la localidad de Tornquist, provincia de Buenos Aires, Rep\u00fablica Argentina. Contenido propio originado por periodistas de CELTTV, el canal de TV local de la Cooperativa El\u00e9ctrica de Tornquist. Turismo, Pol\u00edtica, Sociedad, Deporte, Cultura y todo el contenido de inter\u00e9s general que la gente del pueblo y la regi\u00f3n debe conocer.","breadcrumb":{"@id":"https:\/\/www.celttv.com.ar\/index.php\/2023\/04\/16\/el-publico-disfruto-de-la-1-edicion-de-la-trattoria-organizada-por-la-sociedad-italiana-video-y-fotos\/#breadcrumb"},"inLanguage":"es","potentialAction":[{"@type":"ReadAction","target":["https:\/\/www.celttv.com.ar\/index.php\/2023\/04\/16\/el-publico-disfruto-de-la-1-edicion-de-la-trattoria-organizada-por-la-sociedad-italiana-video-y-fotos\/"]}]},{"@type":"BreadcrumbList","@id":"https:\/\/www.celttv.com.ar\/index.php\/2023\/04\/16\/el-publico-disfruto-de-la-1-edicion-de-la-trattoria-organizada-por-la-sociedad-italiana-video-y-fotos\/#breadcrumb","itemListElement":[{"@type":"ListItem","position":1,"name":"Inicio","item":"https:\/\/www.celttv.com.ar\/"},{"@type":"ListItem","position":2,"name":"El p\u00fablico disfrut\u00f3 de la 1\u00b0 edici\u00f3n de &#8220;La Trattoria&#8221; organizada por la Sociedad Italiana (Video y Fotos)"}]},{"@type":"WebSite","@id":"https:\/\/www.celttv.com.ar\/#website","url":"https:\/\/www.celttv.com.ar\/","name":"CELTTV","description":"Cooperativa El\u00e9ctrica de Tornquist","publisher":{"@id":"https:\/\/www.celttv.com.ar\/#organization"},"potentialAction":[{"@type":"SearchAction","target":{"@type":"EntryPoint","urlTemplate":"https:\/\/www.celttv.com.ar\/?s={search_term_string}"},"query-input":"required name=search_term_string"}],"inLanguage":"es"},{"@type":"Organization","@id":"https:\/\/www.celttv.com.ar\/#organization","name":"CELTTV","url":"https:\/\/www.celttv.com.ar\/","sameAs":["https:\/\/www.youtube.com\/channel\/UCz_oIt8Hig64Ub-EmcNPIhg","https:\/\/www.facebook.com\/celtTV\/"],"logo":{"@type":"ImageObject","inLanguage":"es","@id":"https:\/\/www.celttv.com.ar\/#\/schema\/logo\/image\/","url":"http:\/\/www.celttv.com.ar\/wp-content\/uploads\/2022\/08\/logo-1.png","contentUrl":"http:\/\/www.celttv.com.ar\/wp-content\/uploads\/2022\/08\/logo-1.png","width":461,"height":159,"caption":"CELTTV"},"image":{"@id":"https:\/\/www.celttv.com.ar\/#\/schema\/logo\/image\/"}},{"@type":"Person","@id":"https:\/\/www.celttv.com.ar\/#\/schema\/person\/495be51d064edd971d8457f8f64eb172","name":"Rodrigo Sgammini","image":{"@type":"ImageObject","inLanguage":"es","@id":"https:\/\/www.celttv.com.ar\/#\/schema\/person\/image\/","url":"https:\/\/secure.gravatar.com\/avatar\/68f7848d42735e7a9276b47cd6e606327d88f521c51ae39d88888b76902e2987?s=96&d=mm&r=g","contentUrl":"https:\/\/secure.gravatar.com\/avatar\/68f7848d42735e7a9276b47cd6e606327d88f521c51ae39d88888b76902e2987?s=96&d=mm&r=g","caption":"Rodrigo Sgammini"}}]}},"_links":{"self":[{"href":"https:\/\/www.celttv.com.ar\/index.php\/wp-json\/wp\/v2\/posts\/75066","targetHints":{"allow":["GET"]}}],"collection":[{"href":"https:\/\/www.celttv.com.ar\/index.php\/wp-json\/wp\/v2\/posts"}],"about":[{"href":"https:\/\/www.celttv.com.ar\/index.php\/wp-json\/wp\/v2\/types\/post"}],"author":[{"embeddable":true,"href":"https:\/\/www.celttv.com.ar\/index.php\/wp-json\/wp\/v2\/users\/3"}],"replies":[{"embeddable":true,"href":"https:\/\/www.celttv.com.ar\/index.php\/wp-json\/wp\/v2\/comments?post=75066"}],"version-history":[{"count":1,"href":"https:\/\/www.celttv.com.ar\/index.php\/wp-json\/wp\/v2\/posts\/75066\/revisions"}],"predecessor-version":[{"id":75076,"href":"https:\/\/www.celttv.com.ar\/index.php\/wp-json\/wp\/v2\/posts\/75066\/revisions\/75076"}],"wp:featuredmedia":[{"embeddable":true,"href":"https:\/\/www.celttv.com.ar\/index.php\/wp-json\/wp\/v2\/media\/75072"}],"wp:attachment":[{"href":"https:\/\/www.celttv.com.ar\/index.php\/wp-json\/wp\/v2\/media?parent=75066"}],"wp:term":[{"taxonomy":"category","embeddable":true,"href":"https:\/\/www.celttv.com.ar\/index.php\/wp-json\/wp\/v2\/categories?post=75066"},{"taxonomy":"post_tag","embeddable":true,"href":"https:\/\/www.celttv.com.ar\/index.php\/wp-json\/wp\/v2\/tags?post=75066"}],"curies":[{"name":"wp","href":"https:\/\/api.w.org\/{rel}","templated":true}]}}