{"id":75100,"date":"2023-04-17T11:49:38","date_gmt":"2023-04-17T14:49:38","guid":{"rendered":"http:\/\/www.celttv.com.ar\/?p=75100"},"modified":"2023-04-17T13:38:40","modified_gmt":"2023-04-17T16:38:40","slug":"se-realizo-el-acto-protocolar-por-el-140-aniversario-de-la-ciudad-de-tornquist-videos-y-fotos","status":"publish","type":"post","link":"https:\/\/www.celttv.com.ar\/index.php\/2023\/04\/17\/se-realizo-el-acto-protocolar-por-el-140-aniversario-de-la-ciudad-de-tornquist-videos-y-fotos\/","title":{"rendered":"Se realiz\u00f3 el acto protocolar por el 140\u00b0 Aniversario de la Ciudad de Tornquist (Videos y fotos)"},"content":{"rendered":"<p>Con un nutrido marco de p\u00fablico se desarroll\u00f3 el acto central por el 140\u00b0 aniversario de la ciudad de Tornquist, en las instalaciones del Teatro Municipal Rodolfo Funke.<\/p>\n<p>El evento estuvo encabezado por el intendente Sergio Bordoni; la presidente del HCD Sandra Kifer; integrantes del Departamento Ejecutivo y del HCD.<\/p>\n<p>A su vez, formaron parte del mismo representantes de la Polic\u00eda Comunal, instituciones intermedias, establecimientos educativos y vecinos.<\/p>\n<p>Durante el desarrollo del acto, Bordoni fue el encargado de pronunciar palabras alusivas a la fecha y, luego, el jefe comunal junto a Kifer colocaron una ofrenda floral frente a la im\u00e1gen del fundador Ernesto Tornquist, ubicada en el escenario del teatro.<\/p>\n<p>Todas las actividades recreativas y espect\u00e1culos programadas para hoy fueron trasladadas para el domingo 23 de abril.<\/p>\n<p><iframe loading=\"lazy\" title=\"2023 04 17 140\u00ba ANIVERSARIO DE LA CIUDAD DE TORNQUIST   SERGIO BORDONI\" width=\"500\" height=\"281\" src=\"https:\/\/www.youtube.com\/embed\/rGa_OhFUuk0?feature=oembed\" frameborder=\"0\" allow=\"accelerometer; autoplay; clipboard-write; encrypted-media; gyroscope; picture-in-picture; web-share\" referrerpolicy=\"strict-origin-when-cross-origin\" allowfullscreen><\/iframe><\/p>\n<p>Por otro lado, integrantes de la Orquesta Escuela fueron los encargados de interpretar el Himno Nacional y temas del cancionero popular, ante el aplauso de todos los presentes.<\/p>\n<p><iframe loading=\"lazy\" title=\"2023 04 17 140\u00ba ANIVERSARIO DE LA CIUDAD DE TORNQUIST   ORQUESTA ESCUELA 1\" width=\"500\" height=\"281\" src=\"https:\/\/www.youtube.com\/embed\/xyYk7Hua694?feature=oembed\" frameborder=\"0\" allow=\"accelerometer; autoplay; clipboard-write; encrypted-media; gyroscope; picture-in-picture; web-share\" referrerpolicy=\"strict-origin-when-cross-origin\" allowfullscreen><\/iframe><\/p>\n<p><iframe loading=\"lazy\" title=\"2023 04 17 140\u00ba ANIVERSARIO DE LA CIUDAD DE TORNQUIST   ORQUESTA ESCUELA 2\" width=\"500\" height=\"281\" src=\"https:\/\/www.youtube.com\/embed\/w-QmaS_1a24?feature=oembed\" frameborder=\"0\" allow=\"accelerometer; autoplay; clipboard-write; encrypted-media; gyroscope; picture-in-picture; web-share\" referrerpolicy=\"strict-origin-when-cross-origin\" allowfullscreen><\/iframe><\/p>\n<p><iframe loading=\"lazy\" title=\"2023 04 17 140\u00ba ANIVERSARIO DE LA CIUDAD DE TORNQUIST   ORQUESTA ESCUELA 3\" width=\"500\" height=\"281\" src=\"https:\/\/www.youtube.com\/embed\/5huMz8CTN94?feature=oembed\" frameborder=\"0\" allow=\"accelerometer; autoplay; clipboard-write; encrypted-media; gyroscope; picture-in-picture; web-share\" referrerpolicy=\"strict-origin-when-cross-origin\" allowfullscreen><\/iframe><\/p>\n<p><iframe loading=\"lazy\" title=\"2023 04 17 140\u00ba ANIVERSARIO DE LA CIUDAD DE TORNQUIST   ORQUESTA ESCUELA 4\" width=\"500\" height=\"281\" src=\"https:\/\/www.youtube.com\/embed\/RCmYldI9Hws?feature=oembed\" frameborder=\"0\" allow=\"accelerometer; autoplay; clipboard-write; encrypted-media; gyroscope; picture-in-picture; web-share\" referrerpolicy=\"strict-origin-when-cross-origin\" allowfullscreen><\/iframe><\/p>\n<p><iframe loading=\"lazy\" title=\"2023 04 17 140\u00ba ANIVERSARIO DE LA CIUDAD DE TORNQUIST   ORQUESTA ESCUELA 5\" width=\"500\" height=\"281\" src=\"https:\/\/www.youtube.com\/embed\/_NxcFLjsS_Q?feature=oembed\" frameborder=\"0\" allow=\"accelerometer; autoplay; clipboard-write; encrypted-media; gyroscope; picture-in-picture; web-share\" referrerpolicy=\"strict-origin-when-cross-origin\" allowfullscreen><\/iframe><\/p>\n<p>&nbsp;<\/p>\n<p><em><strong>FOTOS DEL ACTO.<\/strong><\/em><\/p>\n<p><img loading=\"lazy\" decoding=\"async\" class=\"alignnone wp-image-75101 size-large\" src=\"http:\/\/www.celttv.com.ar\/wp-content\/uploads\/2023\/04\/WhatsApp-Image-2023-04-17-at-10.53.26-1024x768.jpeg\" alt=\"\" width=\"1024\" height=\"768\" srcset=\"https:\/\/www.celttv.com.ar\/wp-content\/uploads\/2023\/04\/WhatsApp-Image-2023-04-17-at-10.53.26-1024x768.jpeg 1024w, https:\/\/www.celttv.com.ar\/wp-content\/uploads\/2023\/04\/WhatsApp-Image-2023-04-17-at-10.53.26-300x225.jpeg 300w, https:\/\/www.celttv.com.ar\/wp-content\/uploads\/2023\/04\/WhatsApp-Image-2023-04-17-at-10.53.26-768x576.jpeg 768w, https:\/\/www.celttv.com.ar\/wp-content\/uploads\/2023\/04\/WhatsApp-Image-2023-04-17-at-10.53.26-1536x1152.jpeg 1536w, https:\/\/www.celttv.com.ar\/wp-content\/uploads\/2023\/04\/WhatsApp-Image-2023-04-17-at-10.53.26-750x563.jpeg 750w, https:\/\/www.celttv.com.ar\/wp-content\/uploads\/2023\/04\/WhatsApp-Image-2023-04-17-at-10.53.26-1140x855.jpeg 1140w, https:\/\/www.celttv.com.ar\/wp-content\/uploads\/2023\/04\/WhatsApp-Image-2023-04-17-at-10.53.26.jpeg 1600w\" sizes=\"auto, (max-width: 1024px) 100vw, 1024px\" \/><\/p>\n<p><img loading=\"lazy\" decoding=\"async\" class=\"alignnone wp-image-75102 size-large\" src=\"http:\/\/www.celttv.com.ar\/wp-content\/uploads\/2023\/04\/WhatsApp-Image-2023-04-17-at-10.53.26-1-1024x768.jpeg\" alt=\"\" width=\"1024\" height=\"768\" srcset=\"https:\/\/www.celttv.com.ar\/wp-content\/uploads\/2023\/04\/WhatsApp-Image-2023-04-17-at-10.53.26-1-1024x768.jpeg 1024w, https:\/\/www.celttv.com.ar\/wp-content\/uploads\/2023\/04\/WhatsApp-Image-2023-04-17-at-10.53.26-1-300x225.jpeg 300w, https:\/\/www.celttv.com.ar\/wp-content\/uploads\/2023\/04\/WhatsApp-Image-2023-04-17-at-10.53.26-1-768x576.jpeg 768w, https:\/\/www.celttv.com.ar\/wp-content\/uploads\/2023\/04\/WhatsApp-Image-2023-04-17-at-10.53.26-1-1536x1152.jpeg 1536w, https:\/\/www.celttv.com.ar\/wp-content\/uploads\/2023\/04\/WhatsApp-Image-2023-04-17-at-10.53.26-1-750x563.jpeg 750w, https:\/\/www.celttv.com.ar\/wp-content\/uploads\/2023\/04\/WhatsApp-Image-2023-04-17-at-10.53.26-1-1140x855.jpeg 1140w, https:\/\/www.celttv.com.ar\/wp-content\/uploads\/2023\/04\/WhatsApp-Image-2023-04-17-at-10.53.26-1.jpeg 1600w\" sizes=\"auto, (max-width: 1024px) 100vw, 1024px\" \/> <img loading=\"lazy\" decoding=\"async\" class=\"alignnone wp-image-75103 size-large\" src=\"http:\/\/www.celttv.com.ar\/wp-content\/uploads\/2023\/04\/WhatsApp-Image-2023-04-17-at-10.53.26-2-1024x768.jpeg\" alt=\"\" width=\"1024\" height=\"768\" srcset=\"https:\/\/www.celttv.com.ar\/wp-content\/uploads\/2023\/04\/WhatsApp-Image-2023-04-17-at-10.53.26-2-1024x768.jpeg 1024w, https:\/\/www.celttv.com.ar\/wp-content\/uploads\/2023\/04\/WhatsApp-Image-2023-04-17-at-10.53.26-2-300x225.jpeg 300w, https:\/\/www.celttv.com.ar\/wp-content\/uploads\/2023\/04\/WhatsApp-Image-2023-04-17-at-10.53.26-2-768x576.jpeg 768w, https:\/\/www.celttv.com.ar\/wp-content\/uploads\/2023\/04\/WhatsApp-Image-2023-04-17-at-10.53.26-2-1536x1152.jpeg 1536w, https:\/\/www.celttv.com.ar\/wp-content\/uploads\/2023\/04\/WhatsApp-Image-2023-04-17-at-10.53.26-2-750x563.jpeg 750w, https:\/\/www.celttv.com.ar\/wp-content\/uploads\/2023\/04\/WhatsApp-Image-2023-04-17-at-10.53.26-2-1140x855.jpeg 1140w, https:\/\/www.celttv.com.ar\/wp-content\/uploads\/2023\/04\/WhatsApp-Image-2023-04-17-at-10.53.26-2.jpeg 1600w\" sizes=\"auto, (max-width: 1024px) 100vw, 1024px\" \/> <img loading=\"lazy\" decoding=\"async\" class=\"alignnone wp-image-75104 size-full\" src=\"http:\/\/www.celttv.com.ar\/wp-content\/uploads\/2023\/04\/WhatsApp-Image-2023-04-17-at-10.53.26-3.jpeg\" alt=\"\" width=\"1600\" height=\"1200\" srcset=\"https:\/\/www.celttv.com.ar\/wp-content\/uploads\/2023\/04\/WhatsApp-Image-2023-04-17-at-10.53.26-3.jpeg 1600w, https:\/\/www.celttv.com.ar\/wp-content\/uploads\/2023\/04\/WhatsApp-Image-2023-04-17-at-10.53.26-3-300x225.jpeg 300w, https:\/\/www.celttv.com.ar\/wp-content\/uploads\/2023\/04\/WhatsApp-Image-2023-04-17-at-10.53.26-3-1024x768.jpeg 1024w, https:\/\/www.celttv.com.ar\/wp-content\/uploads\/2023\/04\/WhatsApp-Image-2023-04-17-at-10.53.26-3-768x576.jpeg 768w, https:\/\/www.celttv.com.ar\/wp-content\/uploads\/2023\/04\/WhatsApp-Image-2023-04-17-at-10.53.26-3-1536x1152.jpeg 1536w, https:\/\/www.celttv.com.ar\/wp-content\/uploads\/2023\/04\/WhatsApp-Image-2023-04-17-at-10.53.26-3-750x563.jpeg 750w, https:\/\/www.celttv.com.ar\/wp-content\/uploads\/2023\/04\/WhatsApp-Image-2023-04-17-at-10.53.26-3-1140x855.jpeg 1140w\" sizes=\"auto, (max-width: 1600px) 100vw, 1600px\" \/> <img loading=\"lazy\" decoding=\"async\" class=\"alignnone wp-image-75105 size-large\" src=\"http:\/\/www.celttv.com.ar\/wp-content\/uploads\/2023\/04\/WhatsApp-Image-2023-04-17-at-10.53.27-1024x768.jpeg\" alt=\"\" width=\"1024\" height=\"768\" srcset=\"https:\/\/www.celttv.com.ar\/wp-content\/uploads\/2023\/04\/WhatsApp-Image-2023-04-17-at-10.53.27-1024x768.jpeg 1024w, https:\/\/www.celttv.com.ar\/wp-content\/uploads\/2023\/04\/WhatsApp-Image-2023-04-17-at-10.53.27-300x225.jpeg 300w, https:\/\/www.celttv.com.ar\/wp-content\/uploads\/2023\/04\/WhatsApp-Image-2023-04-17-at-10.53.27-768x576.jpeg 768w, https:\/\/www.celttv.com.ar\/wp-content\/uploads\/2023\/04\/WhatsApp-Image-2023-04-17-at-10.53.27-1536x1152.jpeg 1536w, https:\/\/www.celttv.com.ar\/wp-content\/uploads\/2023\/04\/WhatsApp-Image-2023-04-17-at-10.53.27-750x563.jpeg 750w, https:\/\/www.celttv.com.ar\/wp-content\/uploads\/2023\/04\/WhatsApp-Image-2023-04-17-at-10.53.27-1140x855.jpeg 1140w, https:\/\/www.celttv.com.ar\/wp-content\/uploads\/2023\/04\/WhatsApp-Image-2023-04-17-at-10.53.27.jpeg 1600w\" sizes=\"auto, (max-width: 1024px) 100vw, 1024px\" \/> <img loading=\"lazy\" decoding=\"async\" class=\"alignnone wp-image-75106 size-large\" src=\"http:\/\/www.celttv.com.ar\/wp-content\/uploads\/2023\/04\/WhatsApp-Image-2023-04-17-at-10.53.28-1-1024x768.jpeg\" alt=\"\" width=\"1024\" height=\"768\" srcset=\"https:\/\/www.celttv.com.ar\/wp-content\/uploads\/2023\/04\/WhatsApp-Image-2023-04-17-at-10.53.28-1-1024x768.jpeg 1024w, https:\/\/www.celttv.com.ar\/wp-content\/uploads\/2023\/04\/WhatsApp-Image-2023-04-17-at-10.53.28-1-300x225.jpeg 300w, https:\/\/www.celttv.com.ar\/wp-content\/uploads\/2023\/04\/WhatsApp-Image-2023-04-17-at-10.53.28-1-768x576.jpeg 768w, https:\/\/www.celttv.com.ar\/wp-content\/uploads\/2023\/04\/WhatsApp-Image-2023-04-17-at-10.53.28-1-1536x1152.jpeg 1536w, https:\/\/www.celttv.com.ar\/wp-content\/uploads\/2023\/04\/WhatsApp-Image-2023-04-17-at-10.53.28-1-750x563.jpeg 750w, https:\/\/www.celttv.com.ar\/wp-content\/uploads\/2023\/04\/WhatsApp-Image-2023-04-17-at-10.53.28-1-1140x855.jpeg 1140w, https:\/\/www.celttv.com.ar\/wp-content\/uploads\/2023\/04\/WhatsApp-Image-2023-04-17-at-10.53.28-1.jpeg 1600w\" sizes=\"auto, (max-width: 1024px) 100vw, 1024px\" \/> <img loading=\"lazy\" decoding=\"async\" class=\"alignnone wp-image-75107 size-full\" src=\"http:\/\/www.celttv.com.ar\/wp-content\/uploads\/2023\/04\/WhatsApp-Image-2023-04-17-at-10.53.28-2.jpeg\" alt=\"\" width=\"1600\" height=\"1200\" srcset=\"https:\/\/www.celttv.com.ar\/wp-content\/uploads\/2023\/04\/WhatsApp-Image-2023-04-17-at-10.53.28-2.jpeg 1600w, https:\/\/www.celttv.com.ar\/wp-content\/uploads\/2023\/04\/WhatsApp-Image-2023-04-17-at-10.53.28-2-300x225.jpeg 300w, https:\/\/www.celttv.com.ar\/wp-content\/uploads\/2023\/04\/WhatsApp-Image-2023-04-17-at-10.53.28-2-1024x768.jpeg 1024w, https:\/\/www.celttv.com.ar\/wp-content\/uploads\/2023\/04\/WhatsApp-Image-2023-04-17-at-10.53.28-2-768x576.jpeg 768w, https:\/\/www.celttv.com.ar\/wp-content\/uploads\/2023\/04\/WhatsApp-Image-2023-04-17-at-10.53.28-2-1536x1152.jpeg 1536w, https:\/\/www.celttv.com.ar\/wp-content\/uploads\/2023\/04\/WhatsApp-Image-2023-04-17-at-10.53.28-2-750x563.jpeg 750w, https:\/\/www.celttv.com.ar\/wp-content\/uploads\/2023\/04\/WhatsApp-Image-2023-04-17-at-10.53.28-2-1140x855.jpeg 1140w\" sizes=\"auto, (max-width: 1600px) 100vw, 1600px\" \/> <img loading=\"lazy\" decoding=\"async\" class=\"alignnone wp-image-75108 size-large\" src=\"http:\/\/www.celttv.com.ar\/wp-content\/uploads\/2023\/04\/WhatsApp-Image-2023-04-17-at-10.53.28-1024x768.jpeg\" alt=\"\" width=\"1024\" height=\"768\" srcset=\"https:\/\/www.celttv.com.ar\/wp-content\/uploads\/2023\/04\/WhatsApp-Image-2023-04-17-at-10.53.28-1024x768.jpeg 1024w, https:\/\/www.celttv.com.ar\/wp-content\/uploads\/2023\/04\/WhatsApp-Image-2023-04-17-at-10.53.28-300x225.jpeg 300w, https:\/\/www.celttv.com.ar\/wp-content\/uploads\/2023\/04\/WhatsApp-Image-2023-04-17-at-10.53.28-768x576.jpeg 768w, https:\/\/www.celttv.com.ar\/wp-content\/uploads\/2023\/04\/WhatsApp-Image-2023-04-17-at-10.53.28-1536x1152.jpeg 1536w, https:\/\/www.celttv.com.ar\/wp-content\/uploads\/2023\/04\/WhatsApp-Image-2023-04-17-at-10.53.28-750x563.jpeg 750w, https:\/\/www.celttv.com.ar\/wp-content\/uploads\/2023\/04\/WhatsApp-Image-2023-04-17-at-10.53.28-1140x855.jpeg 1140w, https:\/\/www.celttv.com.ar\/wp-content\/uploads\/2023\/04\/WhatsApp-Image-2023-04-17-at-10.53.28.jpeg 1600w\" sizes=\"auto, (max-width: 1024px) 100vw, 1024px\" \/> <img loading=\"lazy\" decoding=\"async\" class=\"alignnone wp-image-75109 size-large\" src=\"http:\/\/www.celttv.com.ar\/wp-content\/uploads\/2023\/04\/WhatsApp-Image-2023-04-17-at-10.53.29-1024x768.jpeg\" alt=\"\" width=\"1024\" height=\"768\" srcset=\"https:\/\/www.celttv.com.ar\/wp-content\/uploads\/2023\/04\/WhatsApp-Image-2023-04-17-at-10.53.29-1024x768.jpeg 1024w, https:\/\/www.celttv.com.ar\/wp-content\/uploads\/2023\/04\/WhatsApp-Image-2023-04-17-at-10.53.29-300x225.jpeg 300w, https:\/\/www.celttv.com.ar\/wp-content\/uploads\/2023\/04\/WhatsApp-Image-2023-04-17-at-10.53.29-768x576.jpeg 768w, https:\/\/www.celttv.com.ar\/wp-content\/uploads\/2023\/04\/WhatsApp-Image-2023-04-17-at-10.53.29-1536x1152.jpeg 1536w, https:\/\/www.celttv.com.ar\/wp-content\/uploads\/2023\/04\/WhatsApp-Image-2023-04-17-at-10.53.29-750x563.jpeg 750w, https:\/\/www.celttv.com.ar\/wp-content\/uploads\/2023\/04\/WhatsApp-Image-2023-04-17-at-10.53.29-1140x855.jpeg 1140w, https:\/\/www.celttv.com.ar\/wp-content\/uploads\/2023\/04\/WhatsApp-Image-2023-04-17-at-10.53.29.jpeg 1600w\" sizes=\"auto, (max-width: 1024px) 100vw, 1024px\" \/><\/p>\n<div><span class=\"yiv3834808972_1mf yiv3834808972_1mj\"><span class=\"yiv3834808972ContentPasted0\"><em><strong>FELIZ 140\u00ba ANIVERSARIO TORNQUIST<\/strong><\/em>\u00a0<\/span><\/span><\/div>\n<div>\n<div class=\"yiv3834808972_1mf yiv3834808972_1mj\"><\/div>\n<\/div>\n<div>\n<div class=\"yiv3834808972_1mf yiv3834808972_1mj\"><span class=\"yiv3834808972ContentPasted0\">Desde el Honorable Concejo Deliberante hacemos llegar un afectuoso saludo a todos los vecinos de la localidad de Tornquist en este 140\u00ba Aniversario. Instamos a seguir trabajando mancomunadamente entre todas las Instituciones que hacen al desarrollo y crecimiento de la comunidad.<\/span><\/div>\n<\/div>\n<div>\n<div class=\"yiv3834808972_1mf yiv3834808972_1mj\"><\/div>\n<\/div>\n<div><span class=\"yiv3834808972_1mf yiv3834808972_1mj\"><span class=\"yiv3834808972ContentPasted0\">\u00a1Feliz cumple ciudad de Tornquist!<\/span><\/span><\/div>\n","protected":false},"excerpt":{"rendered":"<p>Con un nutrido marco de p\u00fablico se desarroll\u00f3 el acto central por el 140\u00b0 aniversario de la ciudad de Tornquist, en las instalaciones del Teatro Municipal Rodolfo Funke. El evento estuvo encabezado por el intendente Sergio Bordoni; la presidente del HCD Sandra Kifer; integrantes del Departamento Ejecutivo y del HCD. A su vez, formaron parte [&hellip;]<\/p>\n","protected":false},"author":3,"featured_media":75107,"comment_status":"closed","ping_status":"closed","sticky":false,"template":"","format":"standard","meta":{"footnotes":""},"categories":[55],"tags":[],"class_list":["post-75100","post","type-post","status-publish","format-standard","has-post-thumbnail","hentry","category-celt-tv-noticias"],"yoast_head":"<!-- This site is optimized with the Yoast SEO plugin v19.7.1 - https:\/\/yoast.com\/wordpress\/plugins\/seo\/ -->\n<title>Se realiz\u00f3 el acto protocolar por el 140\u00b0 Aniversario de la Ciudad de Tornquist (Videos y fotos) - CELTTV<\/title>\n<meta name=\"description\" content=\"Sitio web de noticias de la localidad de Tornquist, provincia de Buenos Aires, Rep\u00fablica Argentina. Contenido propio originado por periodistas de CELTTV, el canal de TV local de la Cooperativa El\u00e9ctrica de Tornquist. Turismo, Pol\u00edtica, Sociedad, Deporte, Cultura y todo el contenido de inter\u00e9s general que la gente del pueblo y la regi\u00f3n debe conocer.\" \/>\n<meta name=\"robots\" content=\"index, follow, max-snippet:-1, max-image-preview:large, max-video-preview:-1\" \/>\n<link rel=\"canonical\" href=\"https:\/\/www.celttv.com.ar\/index.php\/2023\/04\/17\/se-realizo-el-acto-protocolar-por-el-140-aniversario-de-la-ciudad-de-tornquist-videos-y-fotos\/\" \/>\n<meta property=\"og:locale\" content=\"es_ES\" \/>\n<meta property=\"og:type\" content=\"article\" \/>\n<meta property=\"og:title\" content=\"Se realiz\u00f3 el acto protocolar por el 140\u00b0 Aniversario de la Ciudad de Tornquist (Videos y fotos) - CELTTV\" \/>\n<meta property=\"og:description\" content=\"Sitio web de noticias de la localidad de Tornquist, provincia de Buenos Aires, Rep\u00fablica Argentina. Contenido propio originado por periodistas de CELTTV, el canal de TV local de la Cooperativa El\u00e9ctrica de Tornquist. Turismo, Pol\u00edtica, Sociedad, Deporte, Cultura y todo el contenido de inter\u00e9s general que la gente del pueblo y la regi\u00f3n debe conocer.\" \/>\n<meta property=\"og:url\" content=\"https:\/\/www.celttv.com.ar\/index.php\/2023\/04\/17\/se-realizo-el-acto-protocolar-por-el-140-aniversario-de-la-ciudad-de-tornquist-videos-y-fotos\/\" \/>\n<meta property=\"og:site_name\" content=\"CELTTV\" \/>\n<meta property=\"article:publisher\" content=\"https:\/\/www.facebook.com\/celtTV\/\" \/>\n<meta property=\"article:published_time\" content=\"2023-04-17T14:49:38+00:00\" \/>\n<meta property=\"article:modified_time\" content=\"2023-04-17T16:38:40+00:00\" \/>\n<meta property=\"og:image\" content=\"https:\/\/www.celttv.com.ar\/wp-content\/uploads\/2023\/04\/WhatsApp-Image-2023-04-17-at-10.53.28-2.jpeg\" \/>\n\t<meta property=\"og:image:width\" content=\"1600\" \/>\n\t<meta property=\"og:image:height\" content=\"1200\" \/>\n\t<meta property=\"og:image:type\" content=\"image\/jpeg\" \/>\n<meta name=\"author\" content=\"Rodrigo Sgammini\" \/>\n<meta name=\"twitter:card\" content=\"summary_large_image\" \/>\n<meta name=\"twitter:label1\" content=\"Escrito por\" \/>\n\t<meta name=\"twitter:data1\" content=\"Rodrigo Sgammini\" \/>\n\t<meta name=\"twitter:label2\" content=\"Tiempo de lectura\" \/>\n\t<meta name=\"twitter:data2\" content=\"1 minuto\" \/>\n<script type=\"application\/ld+json\" class=\"yoast-schema-graph\">{\"@context\":\"https:\/\/schema.org\",\"@graph\":[{\"@type\":\"NewsArticle\",\"@id\":\"https:\/\/www.celttv.com.ar\/index.php\/2023\/04\/17\/se-realizo-el-acto-protocolar-por-el-140-aniversario-de-la-ciudad-de-tornquist-videos-y-fotos\/#article\",\"isPartOf\":{\"@id\":\"https:\/\/www.celttv.com.ar\/index.php\/2023\/04\/17\/se-realizo-el-acto-protocolar-por-el-140-aniversario-de-la-ciudad-de-tornquist-videos-y-fotos\/\"},\"author\":{\"name\":\"Rodrigo Sgammini\",\"@id\":\"https:\/\/www.celttv.com.ar\/#\/schema\/person\/495be51d064edd971d8457f8f64eb172\"},\"headline\":\"Se realiz\u00f3 el acto protocolar por el 140\u00b0 Aniversario de la Ciudad de Tornquist (Videos y fotos)\",\"datePublished\":\"2023-04-17T14:49:38+00:00\",\"dateModified\":\"2023-04-17T16:38:40+00:00\",\"mainEntityOfPage\":{\"@id\":\"https:\/\/www.celttv.com.ar\/index.php\/2023\/04\/17\/se-realizo-el-acto-protocolar-por-el-140-aniversario-de-la-ciudad-de-tornquist-videos-y-fotos\/\"},\"wordCount\":255,\"publisher\":{\"@id\":\"https:\/\/www.celttv.com.ar\/#organization\"},\"articleSection\":[\"Celt TV Noticias\"],\"inLanguage\":\"es\"},{\"@type\":\"WebPage\",\"@id\":\"https:\/\/www.celttv.com.ar\/index.php\/2023\/04\/17\/se-realizo-el-acto-protocolar-por-el-140-aniversario-de-la-ciudad-de-tornquist-videos-y-fotos\/\",\"url\":\"https:\/\/www.celttv.com.ar\/index.php\/2023\/04\/17\/se-realizo-el-acto-protocolar-por-el-140-aniversario-de-la-ciudad-de-tornquist-videos-y-fotos\/\",\"name\":\"Se realiz\u00f3 el acto protocolar por el 140\u00b0 Aniversario de la Ciudad de Tornquist (Videos y fotos) - CELTTV\",\"isPartOf\":{\"@id\":\"https:\/\/www.celttv.com.ar\/#website\"},\"datePublished\":\"2023-04-17T14:49:38+00:00\",\"dateModified\":\"2023-04-17T16:38:40+00:00\",\"description\":\"Sitio web de noticias de la localidad de Tornquist, provincia de Buenos Aires, Rep\u00fablica Argentina. Contenido propio originado por periodistas de CELTTV, el canal de TV local de la Cooperativa El\u00e9ctrica de Tornquist. Turismo, Pol\u00edtica, Sociedad, Deporte, Cultura y todo el contenido de inter\u00e9s general que la gente del pueblo y la regi\u00f3n debe conocer.\",\"breadcrumb\":{\"@id\":\"https:\/\/www.celttv.com.ar\/index.php\/2023\/04\/17\/se-realizo-el-acto-protocolar-por-el-140-aniversario-de-la-ciudad-de-tornquist-videos-y-fotos\/#breadcrumb\"},\"inLanguage\":\"es\",\"potentialAction\":[{\"@type\":\"ReadAction\",\"target\":[\"https:\/\/www.celttv.com.ar\/index.php\/2023\/04\/17\/se-realizo-el-acto-protocolar-por-el-140-aniversario-de-la-ciudad-de-tornquist-videos-y-fotos\/\"]}]},{\"@type\":\"BreadcrumbList\",\"@id\":\"https:\/\/www.celttv.com.ar\/index.php\/2023\/04\/17\/se-realizo-el-acto-protocolar-por-el-140-aniversario-de-la-ciudad-de-tornquist-videos-y-fotos\/#breadcrumb\",\"itemListElement\":[{\"@type\":\"ListItem\",\"position\":1,\"name\":\"Inicio\",\"item\":\"https:\/\/www.celttv.com.ar\/\"},{\"@type\":\"ListItem\",\"position\":2,\"name\":\"Se realiz\u00f3 el acto protocolar por el 140\u00b0 Aniversario de la Ciudad de Tornquist (Videos y fotos)\"}]},{\"@type\":\"WebSite\",\"@id\":\"https:\/\/www.celttv.com.ar\/#website\",\"url\":\"https:\/\/www.celttv.com.ar\/\",\"name\":\"CELTTV\",\"description\":\"Cooperativa El\u00e9ctrica de Tornquist\",\"publisher\":{\"@id\":\"https:\/\/www.celttv.com.ar\/#organization\"},\"potentialAction\":[{\"@type\":\"SearchAction\",\"target\":{\"@type\":\"EntryPoint\",\"urlTemplate\":\"https:\/\/www.celttv.com.ar\/?s={search_term_string}\"},\"query-input\":\"required name=search_term_string\"}],\"inLanguage\":\"es\"},{\"@type\":\"Organization\",\"@id\":\"https:\/\/www.celttv.com.ar\/#organization\",\"name\":\"CELTTV\",\"url\":\"https:\/\/www.celttv.com.ar\/\",\"sameAs\":[\"https:\/\/www.youtube.com\/channel\/UCz_oIt8Hig64Ub-EmcNPIhg\",\"https:\/\/www.facebook.com\/celtTV\/\"],\"logo\":{\"@type\":\"ImageObject\",\"inLanguage\":\"es\",\"@id\":\"https:\/\/www.celttv.com.ar\/#\/schema\/logo\/image\/\",\"url\":\"http:\/\/www.celttv.com.ar\/wp-content\/uploads\/2022\/08\/logo-1.png\",\"contentUrl\":\"http:\/\/www.celttv.com.ar\/wp-content\/uploads\/2022\/08\/logo-1.png\",\"width\":461,\"height\":159,\"caption\":\"CELTTV\"},\"image\":{\"@id\":\"https:\/\/www.celttv.com.ar\/#\/schema\/logo\/image\/\"}},{\"@type\":\"Person\",\"@id\":\"https:\/\/www.celttv.com.ar\/#\/schema\/person\/495be51d064edd971d8457f8f64eb172\",\"name\":\"Rodrigo Sgammini\",\"image\":{\"@type\":\"ImageObject\",\"inLanguage\":\"es\",\"@id\":\"https:\/\/www.celttv.com.ar\/#\/schema\/person\/image\/\",\"url\":\"https:\/\/secure.gravatar.com\/avatar\/68f7848d42735e7a9276b47cd6e606327d88f521c51ae39d88888b76902e2987?s=96&d=mm&r=g\",\"contentUrl\":\"https:\/\/secure.gravatar.com\/avatar\/68f7848d42735e7a9276b47cd6e606327d88f521c51ae39d88888b76902e2987?s=96&d=mm&r=g\",\"caption\":\"Rodrigo Sgammini\"}}]}<\/script>\n<!-- \/ Yoast SEO plugin. -->","yoast_head_json":{"title":"Se realiz\u00f3 el acto protocolar por el 140\u00b0 Aniversario de la Ciudad de Tornquist (Videos y fotos) - CELTTV","description":"Sitio web de noticias de la localidad de Tornquist, provincia de Buenos Aires, Rep\u00fablica Argentina. Contenido propio originado por periodistas de CELTTV, el canal de TV local de la Cooperativa El\u00e9ctrica de Tornquist. Turismo, Pol\u00edtica, Sociedad, Deporte, Cultura y todo el contenido de inter\u00e9s general que la gente del pueblo y la regi\u00f3n debe conocer.","robots":{"index":"index","follow":"follow","max-snippet":"max-snippet:-1","max-image-preview":"max-image-preview:large","max-video-preview":"max-video-preview:-1"},"canonical":"https:\/\/www.celttv.com.ar\/index.php\/2023\/04\/17\/se-realizo-el-acto-protocolar-por-el-140-aniversario-de-la-ciudad-de-tornquist-videos-y-fotos\/","og_locale":"es_ES","og_type":"article","og_title":"Se realiz\u00f3 el acto protocolar por el 140\u00b0 Aniversario de la Ciudad de Tornquist (Videos y fotos) - CELTTV","og_description":"Sitio web de noticias de la localidad de Tornquist, provincia de Buenos Aires, Rep\u00fablica Argentina. Contenido propio originado por periodistas de CELTTV, el canal de TV local de la Cooperativa El\u00e9ctrica de Tornquist. Turismo, Pol\u00edtica, Sociedad, Deporte, Cultura y todo el contenido de inter\u00e9s general que la gente del pueblo y la regi\u00f3n debe conocer.","og_url":"https:\/\/www.celttv.com.ar\/index.php\/2023\/04\/17\/se-realizo-el-acto-protocolar-por-el-140-aniversario-de-la-ciudad-de-tornquist-videos-y-fotos\/","og_site_name":"CELTTV","article_publisher":"https:\/\/www.facebook.com\/celtTV\/","article_published_time":"2023-04-17T14:49:38+00:00","article_modified_time":"2023-04-17T16:38:40+00:00","og_image":[{"width":1600,"height":1200,"url":"https:\/\/www.celttv.com.ar\/wp-content\/uploads\/2023\/04\/WhatsApp-Image-2023-04-17-at-10.53.28-2.jpeg","type":"image\/jpeg"}],"author":"Rodrigo Sgammini","twitter_card":"summary_large_image","twitter_misc":{"Escrito por":"Rodrigo Sgammini","Tiempo de lectura":"1 minuto"},"schema":{"@context":"https:\/\/schema.org","@graph":[{"@type":"NewsArticle","@id":"https:\/\/www.celttv.com.ar\/index.php\/2023\/04\/17\/se-realizo-el-acto-protocolar-por-el-140-aniversario-de-la-ciudad-de-tornquist-videos-y-fotos\/#article","isPartOf":{"@id":"https:\/\/www.celttv.com.ar\/index.php\/2023\/04\/17\/se-realizo-el-acto-protocolar-por-el-140-aniversario-de-la-ciudad-de-tornquist-videos-y-fotos\/"},"author":{"name":"Rodrigo Sgammini","@id":"https:\/\/www.celttv.com.ar\/#\/schema\/person\/495be51d064edd971d8457f8f64eb172"},"headline":"Se realiz\u00f3 el acto protocolar por el 140\u00b0 Aniversario de la Ciudad de Tornquist (Videos y fotos)","datePublished":"2023-04-17T14:49:38+00:00","dateModified":"2023-04-17T16:38:40+00:00","mainEntityOfPage":{"@id":"https:\/\/www.celttv.com.ar\/index.php\/2023\/04\/17\/se-realizo-el-acto-protocolar-por-el-140-aniversario-de-la-ciudad-de-tornquist-videos-y-fotos\/"},"wordCount":255,"publisher":{"@id":"https:\/\/www.celttv.com.ar\/#organization"},"articleSection":["Celt TV Noticias"],"inLanguage":"es"},{"@type":"WebPage","@id":"https:\/\/www.celttv.com.ar\/index.php\/2023\/04\/17\/se-realizo-el-acto-protocolar-por-el-140-aniversario-de-la-ciudad-de-tornquist-videos-y-fotos\/","url":"https:\/\/www.celttv.com.ar\/index.php\/2023\/04\/17\/se-realizo-el-acto-protocolar-por-el-140-aniversario-de-la-ciudad-de-tornquist-videos-y-fotos\/","name":"Se realiz\u00f3 el acto protocolar por el 140\u00b0 Aniversario de la Ciudad de Tornquist (Videos y fotos) - CELTTV","isPartOf":{"@id":"https:\/\/www.celttv.com.ar\/#website"},"datePublished":"2023-04-17T14:49:38+00:00","dateModified":"2023-04-17T16:38:40+00:00","description":"Sitio web de noticias de la localidad de Tornquist, provincia de Buenos Aires, Rep\u00fablica Argentina. Contenido propio originado por periodistas de CELTTV, el canal de TV local de la Cooperativa El\u00e9ctrica de Tornquist. Turismo, Pol\u00edtica, Sociedad, Deporte, Cultura y todo el contenido de inter\u00e9s general que la gente del pueblo y la regi\u00f3n debe conocer.","breadcrumb":{"@id":"https:\/\/www.celttv.com.ar\/index.php\/2023\/04\/17\/se-realizo-el-acto-protocolar-por-el-140-aniversario-de-la-ciudad-de-tornquist-videos-y-fotos\/#breadcrumb"},"inLanguage":"es","potentialAction":[{"@type":"ReadAction","target":["https:\/\/www.celttv.com.ar\/index.php\/2023\/04\/17\/se-realizo-el-acto-protocolar-por-el-140-aniversario-de-la-ciudad-de-tornquist-videos-y-fotos\/"]}]},{"@type":"BreadcrumbList","@id":"https:\/\/www.celttv.com.ar\/index.php\/2023\/04\/17\/se-realizo-el-acto-protocolar-por-el-140-aniversario-de-la-ciudad-de-tornquist-videos-y-fotos\/#breadcrumb","itemListElement":[{"@type":"ListItem","position":1,"name":"Inicio","item":"https:\/\/www.celttv.com.ar\/"},{"@type":"ListItem","position":2,"name":"Se realiz\u00f3 el acto protocolar por el 140\u00b0 Aniversario de la Ciudad de Tornquist (Videos y fotos)"}]},{"@type":"WebSite","@id":"https:\/\/www.celttv.com.ar\/#website","url":"https:\/\/www.celttv.com.ar\/","name":"CELTTV","description":"Cooperativa El\u00e9ctrica de Tornquist","publisher":{"@id":"https:\/\/www.celttv.com.ar\/#organization"},"potentialAction":[{"@type":"SearchAction","target":{"@type":"EntryPoint","urlTemplate":"https:\/\/www.celttv.com.ar\/?s={search_term_string}"},"query-input":"required name=search_term_string"}],"inLanguage":"es"},{"@type":"Organization","@id":"https:\/\/www.celttv.com.ar\/#organization","name":"CELTTV","url":"https:\/\/www.celttv.com.ar\/","sameAs":["https:\/\/www.youtube.com\/channel\/UCz_oIt8Hig64Ub-EmcNPIhg","https:\/\/www.facebook.com\/celtTV\/"],"logo":{"@type":"ImageObject","inLanguage":"es","@id":"https:\/\/www.celttv.com.ar\/#\/schema\/logo\/image\/","url":"http:\/\/www.celttv.com.ar\/wp-content\/uploads\/2022\/08\/logo-1.png","contentUrl":"http:\/\/www.celttv.com.ar\/wp-content\/uploads\/2022\/08\/logo-1.png","width":461,"height":159,"caption":"CELTTV"},"image":{"@id":"https:\/\/www.celttv.com.ar\/#\/schema\/logo\/image\/"}},{"@type":"Person","@id":"https:\/\/www.celttv.com.ar\/#\/schema\/person\/495be51d064edd971d8457f8f64eb172","name":"Rodrigo Sgammini","image":{"@type":"ImageObject","inLanguage":"es","@id":"https:\/\/www.celttv.com.ar\/#\/schema\/person\/image\/","url":"https:\/\/secure.gravatar.com\/avatar\/68f7848d42735e7a9276b47cd6e606327d88f521c51ae39d88888b76902e2987?s=96&d=mm&r=g","contentUrl":"https:\/\/secure.gravatar.com\/avatar\/68f7848d42735e7a9276b47cd6e606327d88f521c51ae39d88888b76902e2987?s=96&d=mm&r=g","caption":"Rodrigo Sgammini"}}]}},"_links":{"self":[{"href":"https:\/\/www.celttv.com.ar\/index.php\/wp-json\/wp\/v2\/posts\/75100","targetHints":{"allow":["GET"]}}],"collection":[{"href":"https:\/\/www.celttv.com.ar\/index.php\/wp-json\/wp\/v2\/posts"}],"about":[{"href":"https:\/\/www.celttv.com.ar\/index.php\/wp-json\/wp\/v2\/types\/post"}],"author":[{"embeddable":true,"href":"https:\/\/www.celttv.com.ar\/index.php\/wp-json\/wp\/v2\/users\/3"}],"replies":[{"embeddable":true,"href":"https:\/\/www.celttv.com.ar\/index.php\/wp-json\/wp\/v2\/comments?post=75100"}],"version-history":[{"count":3,"href":"https:\/\/www.celttv.com.ar\/index.php\/wp-json\/wp\/v2\/posts\/75100\/revisions"}],"predecessor-version":[{"id":75128,"href":"https:\/\/www.celttv.com.ar\/index.php\/wp-json\/wp\/v2\/posts\/75100\/revisions\/75128"}],"wp:featuredmedia":[{"embeddable":true,"href":"https:\/\/www.celttv.com.ar\/index.php\/wp-json\/wp\/v2\/media\/75107"}],"wp:attachment":[{"href":"https:\/\/www.celttv.com.ar\/index.php\/wp-json\/wp\/v2\/media?parent=75100"}],"wp:term":[{"taxonomy":"category","embeddable":true,"href":"https:\/\/www.celttv.com.ar\/index.php\/wp-json\/wp\/v2\/categories?post=75100"},{"taxonomy":"post_tag","embeddable":true,"href":"https:\/\/www.celttv.com.ar\/index.php\/wp-json\/wp\/v2\/tags?post=75100"}],"curies":[{"name":"wp","href":"https:\/\/api.w.org\/{rel}","templated":true}]}}