{"id":75241,"date":"2023-04-23T18:24:03","date_gmt":"2023-04-23T21:24:03","guid":{"rendered":"http:\/\/www.celttv.com.ar\/?p=75241"},"modified":"2023-04-23T18:28:15","modified_gmt":"2023-04-23T21:28:15","slug":"con-buen-marco-de-publico-continuan-los-festejos-por-el-140o-aniversario-de-tornquist","status":"publish","type":"post","link":"https:\/\/www.celttv.com.ar\/index.php\/2023\/04\/23\/con-buen-marco-de-publico-continuan-los-festejos-por-el-140o-aniversario-de-tornquist\/","title":{"rendered":"Con buen marco de p\u00fablico contin\u00faan los festejos por el 140\u00ba Aniversario de Tornquist"},"content":{"rendered":"<p>En la Plaza Ernesto Tornquist, en una estupenda jornada oto\u00f1al y un inmejorable escenario natural con el hist\u00f3rico edificio del Teatro Municipal de fondo; continuaron desarroll\u00e1ndose las actividades programadas con motivo del 140\u00ba Aniversario de la fundaci\u00f3n de la ciudad de Tornquist.<\/p>\n<p>Una buena cantidad de artesanos y manualistas le dieron vida a\u00a0 un corredor que se fue poblando desde las primeras horas de la tarde.<\/p>\n<p>&#8220;Hubo Clases de Yoga con una nutrida cantidad de participantes y minutos mas tarde &#8220;Abre tus Alas&#8221; brind\u00f3 toda su jerarqu\u00eda y destreza y se llev\u00f3 todos los aplausos.<\/p>\n<p>&#8220;Florinda&#8221;, &#8220;Lo que Salga&#8221; y &#8220;Media Pinta&#8221; completaban el programa de actividades recreativas previstas originalmente para el d\u00eda 17 de abril y que por razones clim\u00e1ticas fueron trasladadas para \u00e9ste domingo.<\/p>\n<p><img loading=\"lazy\" decoding=\"async\" class=\"alignnone size-medium wp-image-75243\" src=\"http:\/\/www.celttv.com.ar\/wp-content\/uploads\/2023\/04\/IMG_0138-Medium-300x200.jpg\" alt=\"\" width=\"300\" height=\"200\" srcset=\"https:\/\/www.celttv.com.ar\/wp-content\/uploads\/2023\/04\/IMG_0138-Medium-300x200.jpg 300w, https:\/\/www.celttv.com.ar\/wp-content\/uploads\/2023\/04\/IMG_0138-Medium-1024x683.jpg 1024w, https:\/\/www.celttv.com.ar\/wp-content\/uploads\/2023\/04\/IMG_0138-Medium-768x512.jpg 768w, https:\/\/www.celttv.com.ar\/wp-content\/uploads\/2023\/04\/IMG_0138-Medium-750x500.jpg 750w, https:\/\/www.celttv.com.ar\/wp-content\/uploads\/2023\/04\/IMG_0138-Medium-1140x760.jpg 1140w, https:\/\/www.celttv.com.ar\/wp-content\/uploads\/2023\/04\/IMG_0138-Medium.jpg 1152w\" sizes=\"auto, (max-width: 300px) 100vw, 300px\" \/> <img loading=\"lazy\" decoding=\"async\" class=\"alignnone size-medium wp-image-75244\" src=\"http:\/\/www.celttv.com.ar\/wp-content\/uploads\/2023\/04\/IMG_0139-Medium-300x200.jpg\" alt=\"\" width=\"300\" height=\"200\" srcset=\"https:\/\/www.celttv.com.ar\/wp-content\/uploads\/2023\/04\/IMG_0139-Medium-300x200.jpg 300w, https:\/\/www.celttv.com.ar\/wp-content\/uploads\/2023\/04\/IMG_0139-Medium-1024x683.jpg 1024w, https:\/\/www.celttv.com.ar\/wp-content\/uploads\/2023\/04\/IMG_0139-Medium-768x512.jpg 768w, https:\/\/www.celttv.com.ar\/wp-content\/uploads\/2023\/04\/IMG_0139-Medium-750x500.jpg 750w, https:\/\/www.celttv.com.ar\/wp-content\/uploads\/2023\/04\/IMG_0139-Medium-1140x760.jpg 1140w, https:\/\/www.celttv.com.ar\/wp-content\/uploads\/2023\/04\/IMG_0139-Medium.jpg 1152w\" sizes=\"auto, (max-width: 300px) 100vw, 300px\" \/> <img loading=\"lazy\" decoding=\"async\" class=\"alignnone size-medium wp-image-75245\" src=\"http:\/\/www.celttv.com.ar\/wp-content\/uploads\/2023\/04\/IMG_0140-Medium-300x200.jpg\" alt=\"\" width=\"300\" height=\"200\" srcset=\"https:\/\/www.celttv.com.ar\/wp-content\/uploads\/2023\/04\/IMG_0140-Medium-300x200.jpg 300w, https:\/\/www.celttv.com.ar\/wp-content\/uploads\/2023\/04\/IMG_0140-Medium-1024x683.jpg 1024w, https:\/\/www.celttv.com.ar\/wp-content\/uploads\/2023\/04\/IMG_0140-Medium-768x512.jpg 768w, https:\/\/www.celttv.com.ar\/wp-content\/uploads\/2023\/04\/IMG_0140-Medium-750x500.jpg 750w, https:\/\/www.celttv.com.ar\/wp-content\/uploads\/2023\/04\/IMG_0140-Medium-1140x760.jpg 1140w, https:\/\/www.celttv.com.ar\/wp-content\/uploads\/2023\/04\/IMG_0140-Medium.jpg 1152w\" sizes=\"auto, (max-width: 300px) 100vw, 300px\" \/> <img loading=\"lazy\" decoding=\"async\" class=\"alignnone size-medium wp-image-75246\" src=\"http:\/\/www.celttv.com.ar\/wp-content\/uploads\/2023\/04\/IMG_0141-Medium-300x200.jpg\" alt=\"\" width=\"300\" height=\"200\" srcset=\"https:\/\/www.celttv.com.ar\/wp-content\/uploads\/2023\/04\/IMG_0141-Medium-300x200.jpg 300w, https:\/\/www.celttv.com.ar\/wp-content\/uploads\/2023\/04\/IMG_0141-Medium-1024x683.jpg 1024w, https:\/\/www.celttv.com.ar\/wp-content\/uploads\/2023\/04\/IMG_0141-Medium-768x512.jpg 768w, https:\/\/www.celttv.com.ar\/wp-content\/uploads\/2023\/04\/IMG_0141-Medium-750x500.jpg 750w, https:\/\/www.celttv.com.ar\/wp-content\/uploads\/2023\/04\/IMG_0141-Medium-1140x760.jpg 1140w, https:\/\/www.celttv.com.ar\/wp-content\/uploads\/2023\/04\/IMG_0141-Medium.jpg 1152w\" sizes=\"auto, (max-width: 300px) 100vw, 300px\" \/> <img loading=\"lazy\" decoding=\"async\" class=\"alignnone size-medium wp-image-75247\" src=\"http:\/\/www.celttv.com.ar\/wp-content\/uploads\/2023\/04\/IMG_0142-Medium-300x200.jpg\" alt=\"\" width=\"300\" height=\"200\" srcset=\"https:\/\/www.celttv.com.ar\/wp-content\/uploads\/2023\/04\/IMG_0142-Medium-300x200.jpg 300w, https:\/\/www.celttv.com.ar\/wp-content\/uploads\/2023\/04\/IMG_0142-Medium-1024x683.jpg 1024w, https:\/\/www.celttv.com.ar\/wp-content\/uploads\/2023\/04\/IMG_0142-Medium-768x512.jpg 768w, https:\/\/www.celttv.com.ar\/wp-content\/uploads\/2023\/04\/IMG_0142-Medium-750x500.jpg 750w, https:\/\/www.celttv.com.ar\/wp-content\/uploads\/2023\/04\/IMG_0142-Medium-1140x760.jpg 1140w, https:\/\/www.celttv.com.ar\/wp-content\/uploads\/2023\/04\/IMG_0142-Medium.jpg 1152w\" sizes=\"auto, (max-width: 300px) 100vw, 300px\" \/> <img loading=\"lazy\" decoding=\"async\" class=\"alignnone size-medium wp-image-75248\" src=\"http:\/\/www.celttv.com.ar\/wp-content\/uploads\/2023\/04\/IMG_0143-Medium-300x200.jpg\" alt=\"\" width=\"300\" height=\"200\" srcset=\"https:\/\/www.celttv.com.ar\/wp-content\/uploads\/2023\/04\/IMG_0143-Medium-300x200.jpg 300w, https:\/\/www.celttv.com.ar\/wp-content\/uploads\/2023\/04\/IMG_0143-Medium-1024x683.jpg 1024w, https:\/\/www.celttv.com.ar\/wp-content\/uploads\/2023\/04\/IMG_0143-Medium-768x512.jpg 768w, https:\/\/www.celttv.com.ar\/wp-content\/uploads\/2023\/04\/IMG_0143-Medium-750x500.jpg 750w, https:\/\/www.celttv.com.ar\/wp-content\/uploads\/2023\/04\/IMG_0143-Medium-1140x760.jpg 1140w, https:\/\/www.celttv.com.ar\/wp-content\/uploads\/2023\/04\/IMG_0143-Medium.jpg 1152w\" sizes=\"auto, (max-width: 300px) 100vw, 300px\" \/> <img loading=\"lazy\" decoding=\"async\" class=\"alignnone size-medium wp-image-75249\" src=\"http:\/\/www.celttv.com.ar\/wp-content\/uploads\/2023\/04\/IMG_0144-Medium-300x200.jpg\" alt=\"\" width=\"300\" height=\"200\" srcset=\"https:\/\/www.celttv.com.ar\/wp-content\/uploads\/2023\/04\/IMG_0144-Medium-300x200.jpg 300w, https:\/\/www.celttv.com.ar\/wp-content\/uploads\/2023\/04\/IMG_0144-Medium-1024x683.jpg 1024w, https:\/\/www.celttv.com.ar\/wp-content\/uploads\/2023\/04\/IMG_0144-Medium-768x512.jpg 768w, https:\/\/www.celttv.com.ar\/wp-content\/uploads\/2023\/04\/IMG_0144-Medium-750x500.jpg 750w, https:\/\/www.celttv.com.ar\/wp-content\/uploads\/2023\/04\/IMG_0144-Medium-1140x760.jpg 1140w, https:\/\/www.celttv.com.ar\/wp-content\/uploads\/2023\/04\/IMG_0144-Medium.jpg 1152w\" sizes=\"auto, (max-width: 300px) 100vw, 300px\" \/> <img loading=\"lazy\" decoding=\"async\" class=\"alignnone size-medium wp-image-75250\" src=\"http:\/\/www.celttv.com.ar\/wp-content\/uploads\/2023\/04\/IMG_0145-Medium-300x200.jpg\" alt=\"\" width=\"300\" height=\"200\" srcset=\"https:\/\/www.celttv.com.ar\/wp-content\/uploads\/2023\/04\/IMG_0145-Medium-300x200.jpg 300w, https:\/\/www.celttv.com.ar\/wp-content\/uploads\/2023\/04\/IMG_0145-Medium-1024x683.jpg 1024w, https:\/\/www.celttv.com.ar\/wp-content\/uploads\/2023\/04\/IMG_0145-Medium-768x512.jpg 768w, https:\/\/www.celttv.com.ar\/wp-content\/uploads\/2023\/04\/IMG_0145-Medium-750x500.jpg 750w, https:\/\/www.celttv.com.ar\/wp-content\/uploads\/2023\/04\/IMG_0145-Medium-1140x760.jpg 1140w, https:\/\/www.celttv.com.ar\/wp-content\/uploads\/2023\/04\/IMG_0145-Medium.jpg 1152w\" sizes=\"auto, (max-width: 300px) 100vw, 300px\" \/> <img loading=\"lazy\" decoding=\"async\" class=\"alignnone size-medium wp-image-75251\" src=\"http:\/\/www.celttv.com.ar\/wp-content\/uploads\/2023\/04\/IMG_0146-Medium-300x200.jpg\" alt=\"\" width=\"300\" height=\"200\" srcset=\"https:\/\/www.celttv.com.ar\/wp-content\/uploads\/2023\/04\/IMG_0146-Medium-300x200.jpg 300w, https:\/\/www.celttv.com.ar\/wp-content\/uploads\/2023\/04\/IMG_0146-Medium-1024x683.jpg 1024w, https:\/\/www.celttv.com.ar\/wp-content\/uploads\/2023\/04\/IMG_0146-Medium-768x512.jpg 768w, https:\/\/www.celttv.com.ar\/wp-content\/uploads\/2023\/04\/IMG_0146-Medium-750x500.jpg 750w, https:\/\/www.celttv.com.ar\/wp-content\/uploads\/2023\/04\/IMG_0146-Medium-1140x760.jpg 1140w, https:\/\/www.celttv.com.ar\/wp-content\/uploads\/2023\/04\/IMG_0146-Medium.jpg 1152w\" sizes=\"auto, (max-width: 300px) 100vw, 300px\" \/> <img loading=\"lazy\" decoding=\"async\" class=\"alignnone size-medium wp-image-75252\" src=\"http:\/\/www.celttv.com.ar\/wp-content\/uploads\/2023\/04\/IMG_0147-Medium-300x200.jpg\" alt=\"\" width=\"300\" height=\"200\" srcset=\"https:\/\/www.celttv.com.ar\/wp-content\/uploads\/2023\/04\/IMG_0147-Medium-300x200.jpg 300w, https:\/\/www.celttv.com.ar\/wp-content\/uploads\/2023\/04\/IMG_0147-Medium-1024x683.jpg 1024w, https:\/\/www.celttv.com.ar\/wp-content\/uploads\/2023\/04\/IMG_0147-Medium-768x512.jpg 768w, https:\/\/www.celttv.com.ar\/wp-content\/uploads\/2023\/04\/IMG_0147-Medium-750x500.jpg 750w, https:\/\/www.celttv.com.ar\/wp-content\/uploads\/2023\/04\/IMG_0147-Medium-1140x760.jpg 1140w, https:\/\/www.celttv.com.ar\/wp-content\/uploads\/2023\/04\/IMG_0147-Medium.jpg 1152w\" sizes=\"auto, (max-width: 300px) 100vw, 300px\" \/> <img loading=\"lazy\" decoding=\"async\" class=\"alignnone size-medium wp-image-75253\" src=\"http:\/\/www.celttv.com.ar\/wp-content\/uploads\/2023\/04\/IMG_0148-Medium-300x200.jpg\" alt=\"\" width=\"300\" height=\"200\" srcset=\"https:\/\/www.celttv.com.ar\/wp-content\/uploads\/2023\/04\/IMG_0148-Medium-300x200.jpg 300w, https:\/\/www.celttv.com.ar\/wp-content\/uploads\/2023\/04\/IMG_0148-Medium-1024x683.jpg 1024w, https:\/\/www.celttv.com.ar\/wp-content\/uploads\/2023\/04\/IMG_0148-Medium-768x512.jpg 768w, https:\/\/www.celttv.com.ar\/wp-content\/uploads\/2023\/04\/IMG_0148-Medium-750x500.jpg 750w, https:\/\/www.celttv.com.ar\/wp-content\/uploads\/2023\/04\/IMG_0148-Medium-1140x760.jpg 1140w, https:\/\/www.celttv.com.ar\/wp-content\/uploads\/2023\/04\/IMG_0148-Medium.jpg 1152w\" sizes=\"auto, (max-width: 300px) 100vw, 300px\" \/> <img loading=\"lazy\" decoding=\"async\" class=\"alignnone size-medium wp-image-75254\" src=\"http:\/\/www.celttv.com.ar\/wp-content\/uploads\/2023\/04\/IMG_0149-Medium-200x300.jpg\" alt=\"\" width=\"200\" height=\"300\" srcset=\"https:\/\/www.celttv.com.ar\/wp-content\/uploads\/2023\/04\/IMG_0149-Medium-200x300.jpg 200w, https:\/\/www.celttv.com.ar\/wp-content\/uploads\/2023\/04\/IMG_0149-Medium-683x1024.jpg 683w, https:\/\/www.celttv.com.ar\/wp-content\/uploads\/2023\/04\/IMG_0149-Medium-750x1125.jpg 750w, https:\/\/www.celttv.com.ar\/wp-content\/uploads\/2023\/04\/IMG_0149-Medium.jpg 768w\" sizes=\"auto, (max-width: 200px) 100vw, 200px\" \/> <img loading=\"lazy\" decoding=\"async\" class=\"alignnone size-medium wp-image-75255\" src=\"http:\/\/www.celttv.com.ar\/wp-content\/uploads\/2023\/04\/IMG_0150-Medium-300x200.jpg\" alt=\"\" width=\"300\" height=\"200\" srcset=\"https:\/\/www.celttv.com.ar\/wp-content\/uploads\/2023\/04\/IMG_0150-Medium-300x200.jpg 300w, https:\/\/www.celttv.com.ar\/wp-content\/uploads\/2023\/04\/IMG_0150-Medium-1024x683.jpg 1024w, https:\/\/www.celttv.com.ar\/wp-content\/uploads\/2023\/04\/IMG_0150-Medium-768x512.jpg 768w, https:\/\/www.celttv.com.ar\/wp-content\/uploads\/2023\/04\/IMG_0150-Medium-750x500.jpg 750w, https:\/\/www.celttv.com.ar\/wp-content\/uploads\/2023\/04\/IMG_0150-Medium-1140x760.jpg 1140w, https:\/\/www.celttv.com.ar\/wp-content\/uploads\/2023\/04\/IMG_0150-Medium.jpg 1152w\" sizes=\"auto, (max-width: 300px) 100vw, 300px\" \/> <img loading=\"lazy\" decoding=\"async\" class=\"alignnone size-medium wp-image-75256\" src=\"http:\/\/www.celttv.com.ar\/wp-content\/uploads\/2023\/04\/IMG_0151-Medium-300x200.jpg\" alt=\"\" width=\"300\" height=\"200\" srcset=\"https:\/\/www.celttv.com.ar\/wp-content\/uploads\/2023\/04\/IMG_0151-Medium-300x200.jpg 300w, https:\/\/www.celttv.com.ar\/wp-content\/uploads\/2023\/04\/IMG_0151-Medium-1024x683.jpg 1024w, https:\/\/www.celttv.com.ar\/wp-content\/uploads\/2023\/04\/IMG_0151-Medium-768x512.jpg 768w, https:\/\/www.celttv.com.ar\/wp-content\/uploads\/2023\/04\/IMG_0151-Medium-750x500.jpg 750w, https:\/\/www.celttv.com.ar\/wp-content\/uploads\/2023\/04\/IMG_0151-Medium-1140x760.jpg 1140w, https:\/\/www.celttv.com.ar\/wp-content\/uploads\/2023\/04\/IMG_0151-Medium.jpg 1152w\" sizes=\"auto, (max-width: 300px) 100vw, 300px\" \/> <img loading=\"lazy\" decoding=\"async\" class=\"alignnone size-medium wp-image-75257\" src=\"http:\/\/www.celttv.com.ar\/wp-content\/uploads\/2023\/04\/IMG_0152-Medium-300x200.jpg\" alt=\"\" width=\"300\" height=\"200\" srcset=\"https:\/\/www.celttv.com.ar\/wp-content\/uploads\/2023\/04\/IMG_0152-Medium-300x200.jpg 300w, https:\/\/www.celttv.com.ar\/wp-content\/uploads\/2023\/04\/IMG_0152-Medium-1024x683.jpg 1024w, https:\/\/www.celttv.com.ar\/wp-content\/uploads\/2023\/04\/IMG_0152-Medium-768x512.jpg 768w, https:\/\/www.celttv.com.ar\/wp-content\/uploads\/2023\/04\/IMG_0152-Medium-750x500.jpg 750w, https:\/\/www.celttv.com.ar\/wp-content\/uploads\/2023\/04\/IMG_0152-Medium-1140x760.jpg 1140w, https:\/\/www.celttv.com.ar\/wp-content\/uploads\/2023\/04\/IMG_0152-Medium.jpg 1152w\" sizes=\"auto, (max-width: 300px) 100vw, 300px\" \/> <img loading=\"lazy\" decoding=\"async\" class=\"alignnone size-medium wp-image-75258\" src=\"http:\/\/www.celttv.com.ar\/wp-content\/uploads\/2023\/04\/IMG_0153-Medium-300x200.jpg\" alt=\"\" width=\"300\" height=\"200\" srcset=\"https:\/\/www.celttv.com.ar\/wp-content\/uploads\/2023\/04\/IMG_0153-Medium-300x200.jpg 300w, https:\/\/www.celttv.com.ar\/wp-content\/uploads\/2023\/04\/IMG_0153-Medium-1024x683.jpg 1024w, https:\/\/www.celttv.com.ar\/wp-content\/uploads\/2023\/04\/IMG_0153-Medium-768x512.jpg 768w, https:\/\/www.celttv.com.ar\/wp-content\/uploads\/2023\/04\/IMG_0153-Medium-750x500.jpg 750w, https:\/\/www.celttv.com.ar\/wp-content\/uploads\/2023\/04\/IMG_0153-Medium-1140x760.jpg 1140w, https:\/\/www.celttv.com.ar\/wp-content\/uploads\/2023\/04\/IMG_0153-Medium.jpg 1152w\" sizes=\"auto, (max-width: 300px) 100vw, 300px\" \/> <img loading=\"lazy\" decoding=\"async\" class=\"alignnone size-medium wp-image-75259\" src=\"http:\/\/www.celttv.com.ar\/wp-content\/uploads\/2023\/04\/IMG_0154-Medium-300x200.jpg\" alt=\"\" width=\"300\" height=\"200\" srcset=\"https:\/\/www.celttv.com.ar\/wp-content\/uploads\/2023\/04\/IMG_0154-Medium-300x200.jpg 300w, https:\/\/www.celttv.com.ar\/wp-content\/uploads\/2023\/04\/IMG_0154-Medium-1024x683.jpg 1024w, https:\/\/www.celttv.com.ar\/wp-content\/uploads\/2023\/04\/IMG_0154-Medium-768x512.jpg 768w, https:\/\/www.celttv.com.ar\/wp-content\/uploads\/2023\/04\/IMG_0154-Medium-750x500.jpg 750w, https:\/\/www.celttv.com.ar\/wp-content\/uploads\/2023\/04\/IMG_0154-Medium-1140x760.jpg 1140w, https:\/\/www.celttv.com.ar\/wp-content\/uploads\/2023\/04\/IMG_0154-Medium.jpg 1152w\" sizes=\"auto, (max-width: 300px) 100vw, 300px\" \/> <img loading=\"lazy\" decoding=\"async\" class=\"alignnone size-medium wp-image-75260\" src=\"http:\/\/www.celttv.com.ar\/wp-content\/uploads\/2023\/04\/IMG_0155-Medium-300x200.jpg\" alt=\"\" width=\"300\" height=\"200\" srcset=\"https:\/\/www.celttv.com.ar\/wp-content\/uploads\/2023\/04\/IMG_0155-Medium-300x200.jpg 300w, https:\/\/www.celttv.com.ar\/wp-content\/uploads\/2023\/04\/IMG_0155-Medium-1024x683.jpg 1024w, https:\/\/www.celttv.com.ar\/wp-content\/uploads\/2023\/04\/IMG_0155-Medium-768x512.jpg 768w, https:\/\/www.celttv.com.ar\/wp-content\/uploads\/2023\/04\/IMG_0155-Medium-750x500.jpg 750w, https:\/\/www.celttv.com.ar\/wp-content\/uploads\/2023\/04\/IMG_0155-Medium-1140x760.jpg 1140w, https:\/\/www.celttv.com.ar\/wp-content\/uploads\/2023\/04\/IMG_0155-Medium.jpg 1152w\" sizes=\"auto, (max-width: 300px) 100vw, 300px\" \/> <img loading=\"lazy\" decoding=\"async\" class=\"alignnone size-medium wp-image-75261\" src=\"http:\/\/www.celttv.com.ar\/wp-content\/uploads\/2023\/04\/IMG_0156-Medium-300x200.jpg\" alt=\"\" width=\"300\" height=\"200\" srcset=\"https:\/\/www.celttv.com.ar\/wp-content\/uploads\/2023\/04\/IMG_0156-Medium-300x200.jpg 300w, https:\/\/www.celttv.com.ar\/wp-content\/uploads\/2023\/04\/IMG_0156-Medium-1024x683.jpg 1024w, https:\/\/www.celttv.com.ar\/wp-content\/uploads\/2023\/04\/IMG_0156-Medium-768x512.jpg 768w, https:\/\/www.celttv.com.ar\/wp-content\/uploads\/2023\/04\/IMG_0156-Medium-750x500.jpg 750w, https:\/\/www.celttv.com.ar\/wp-content\/uploads\/2023\/04\/IMG_0156-Medium-1140x760.jpg 1140w, https:\/\/www.celttv.com.ar\/wp-content\/uploads\/2023\/04\/IMG_0156-Medium.jpg 1152w\" sizes=\"auto, (max-width: 300px) 100vw, 300px\" \/> <img loading=\"lazy\" decoding=\"async\" class=\"alignnone size-medium wp-image-75262\" src=\"http:\/\/www.celttv.com.ar\/wp-content\/uploads\/2023\/04\/IMG_0157-Medium-300x200.jpg\" alt=\"\" width=\"300\" height=\"200\" srcset=\"https:\/\/www.celttv.com.ar\/wp-content\/uploads\/2023\/04\/IMG_0157-Medium-300x200.jpg 300w, https:\/\/www.celttv.com.ar\/wp-content\/uploads\/2023\/04\/IMG_0157-Medium-1024x683.jpg 1024w, https:\/\/www.celttv.com.ar\/wp-content\/uploads\/2023\/04\/IMG_0157-Medium-768x512.jpg 768w, https:\/\/www.celttv.com.ar\/wp-content\/uploads\/2023\/04\/IMG_0157-Medium-750x500.jpg 750w, https:\/\/www.celttv.com.ar\/wp-content\/uploads\/2023\/04\/IMG_0157-Medium-1140x760.jpg 1140w, https:\/\/www.celttv.com.ar\/wp-content\/uploads\/2023\/04\/IMG_0157-Medium.jpg 1152w\" sizes=\"auto, (max-width: 300px) 100vw, 300px\" \/><\/p>\n<p>&nbsp;<\/p>\n","protected":false},"excerpt":{"rendered":"<p>En la Plaza Ernesto Tornquist, en una estupenda jornada oto\u00f1al y un inmejorable escenario natural con el hist\u00f3rico edificio del Teatro Municipal de fondo; continuaron desarroll\u00e1ndose las actividades programadas con motivo del 140\u00ba Aniversario de la fundaci\u00f3n de la ciudad de Tornquist. Una buena cantidad de artesanos y manualistas le dieron vida a\u00a0 un corredor [&hellip;]<\/p>\n","protected":false},"author":5,"featured_media":75254,"comment_status":"closed","ping_status":"closed","sticky":false,"template":"","format":"standard","meta":{"footnotes":""},"categories":[51,26,52,59],"tags":[823],"class_list":["post-75241","post","type-post","status-publish","format-standard","has-post-thumbnail","hentry","category-comunidad","category-culture","category-destacadas","category-municipales","tag-con-buen-marco-de-publico-continuan-los-festejos-por-el-140o-aniversario-de-tornquist"],"yoast_head":"<!-- This site is optimized with the Yoast SEO plugin v19.7.1 - https:\/\/yoast.com\/wordpress\/plugins\/seo\/ -->\n<title>Con buen marco de p\u00fablico contin\u00faan los festejos por el 140\u00ba Aniversario de Tornquist - CELTTV<\/title>\n<meta name=\"description\" content=\"Sitio web de noticias de la localidad de Tornquist, provincia de Buenos Aires, Rep\u00fablica Argentina. Contenido propio originado por periodistas de CELTTV, el canal de TV local de la Cooperativa El\u00e9ctrica de Tornquist. Turismo, Pol\u00edtica, Sociedad, Deporte, Cultura y todo el contenido de inter\u00e9s general que la gente del pueblo y la regi\u00f3n debe conocer.\" \/>\n<meta name=\"robots\" content=\"index, follow, max-snippet:-1, max-image-preview:large, max-video-preview:-1\" \/>\n<link rel=\"canonical\" href=\"https:\/\/www.celttv.com.ar\/index.php\/2023\/04\/23\/con-buen-marco-de-publico-continuan-los-festejos-por-el-140o-aniversario-de-tornquist\/\" \/>\n<meta property=\"og:locale\" content=\"es_ES\" \/>\n<meta property=\"og:type\" content=\"article\" \/>\n<meta property=\"og:title\" content=\"Con buen marco de p\u00fablico contin\u00faan los festejos por el 140\u00ba Aniversario de Tornquist - CELTTV\" \/>\n<meta property=\"og:description\" content=\"Sitio web de noticias de la localidad de Tornquist, provincia de Buenos Aires, Rep\u00fablica Argentina. Contenido propio originado por periodistas de CELTTV, el canal de TV local de la Cooperativa El\u00e9ctrica de Tornquist. Turismo, Pol\u00edtica, Sociedad, Deporte, Cultura y todo el contenido de inter\u00e9s general que la gente del pueblo y la regi\u00f3n debe conocer.\" \/>\n<meta property=\"og:url\" content=\"https:\/\/www.celttv.com.ar\/index.php\/2023\/04\/23\/con-buen-marco-de-publico-continuan-los-festejos-por-el-140o-aniversario-de-tornquist\/\" \/>\n<meta property=\"og:site_name\" content=\"CELTTV\" \/>\n<meta property=\"article:publisher\" content=\"https:\/\/www.facebook.com\/celtTV\/\" \/>\n<meta property=\"article:published_time\" content=\"2023-04-23T21:24:03+00:00\" \/>\n<meta property=\"article:modified_time\" content=\"2023-04-23T21:28:15+00:00\" \/>\n<meta property=\"og:image\" content=\"https:\/\/www.celttv.com.ar\/wp-content\/uploads\/2023\/04\/IMG_0149-Medium.jpg\" \/>\n\t<meta property=\"og:image:width\" content=\"768\" \/>\n\t<meta property=\"og:image:height\" content=\"1152\" \/>\n\t<meta property=\"og:image:type\" content=\"image\/jpeg\" \/>\n<meta name=\"author\" content=\"Miguel Herrada\" \/>\n<meta name=\"twitter:card\" content=\"summary_large_image\" \/>\n<meta name=\"twitter:label1\" content=\"Escrito por\" \/>\n\t<meta name=\"twitter:data1\" content=\"Miguel Herrada\" \/>\n\t<meta name=\"twitter:label2\" content=\"Tiempo de lectura\" \/>\n\t<meta name=\"twitter:data2\" content=\"1 minuto\" \/>\n<script type=\"application\/ld+json\" class=\"yoast-schema-graph\">{\"@context\":\"https:\/\/schema.org\",\"@graph\":[{\"@type\":\"NewsArticle\",\"@id\":\"https:\/\/www.celttv.com.ar\/index.php\/2023\/04\/23\/con-buen-marco-de-publico-continuan-los-festejos-por-el-140o-aniversario-de-tornquist\/#article\",\"isPartOf\":{\"@id\":\"https:\/\/www.celttv.com.ar\/index.php\/2023\/04\/23\/con-buen-marco-de-publico-continuan-los-festejos-por-el-140o-aniversario-de-tornquist\/\"},\"author\":{\"name\":\"Miguel Herrada\",\"@id\":\"https:\/\/www.celttv.com.ar\/#\/schema\/person\/9059dc91dc7204ef4182cdb65225f07d\"},\"headline\":\"Con buen marco de p\u00fablico contin\u00faan los festejos por el 140\u00ba Aniversario de Tornquist\",\"datePublished\":\"2023-04-23T21:24:03+00:00\",\"dateModified\":\"2023-04-23T21:28:15+00:00\",\"mainEntityOfPage\":{\"@id\":\"https:\/\/www.celttv.com.ar\/index.php\/2023\/04\/23\/con-buen-marco-de-publico-continuan-los-festejos-por-el-140o-aniversario-de-tornquist\/\"},\"wordCount\":147,\"publisher\":{\"@id\":\"https:\/\/www.celttv.com.ar\/#organization\"},\"keywords\":[\"Con buen marco de p\u00fablico contin\u00faan los festejos por el 140\u00ba Aniversario de Tornquist\"],\"articleSection\":[\"Comunidad\",\"Culture\",\"Destacadas\",\"Municipales\"],\"inLanguage\":\"es\"},{\"@type\":\"WebPage\",\"@id\":\"https:\/\/www.celttv.com.ar\/index.php\/2023\/04\/23\/con-buen-marco-de-publico-continuan-los-festejos-por-el-140o-aniversario-de-tornquist\/\",\"url\":\"https:\/\/www.celttv.com.ar\/index.php\/2023\/04\/23\/con-buen-marco-de-publico-continuan-los-festejos-por-el-140o-aniversario-de-tornquist\/\",\"name\":\"Con buen marco de p\u00fablico contin\u00faan los festejos por el 140\u00ba Aniversario de Tornquist - CELTTV\",\"isPartOf\":{\"@id\":\"https:\/\/www.celttv.com.ar\/#website\"},\"datePublished\":\"2023-04-23T21:24:03+00:00\",\"dateModified\":\"2023-04-23T21:28:15+00:00\",\"description\":\"Sitio web de noticias de la localidad de Tornquist, provincia de Buenos Aires, Rep\u00fablica Argentina. Contenido propio originado por periodistas de CELTTV, el canal de TV local de la Cooperativa El\u00e9ctrica de Tornquist. Turismo, Pol\u00edtica, Sociedad, Deporte, Cultura y todo el contenido de inter\u00e9s general que la gente del pueblo y la regi\u00f3n debe conocer.\",\"breadcrumb\":{\"@id\":\"https:\/\/www.celttv.com.ar\/index.php\/2023\/04\/23\/con-buen-marco-de-publico-continuan-los-festejos-por-el-140o-aniversario-de-tornquist\/#breadcrumb\"},\"inLanguage\":\"es\",\"potentialAction\":[{\"@type\":\"ReadAction\",\"target\":[\"https:\/\/www.celttv.com.ar\/index.php\/2023\/04\/23\/con-buen-marco-de-publico-continuan-los-festejos-por-el-140o-aniversario-de-tornquist\/\"]}]},{\"@type\":\"BreadcrumbList\",\"@id\":\"https:\/\/www.celttv.com.ar\/index.php\/2023\/04\/23\/con-buen-marco-de-publico-continuan-los-festejos-por-el-140o-aniversario-de-tornquist\/#breadcrumb\",\"itemListElement\":[{\"@type\":\"ListItem\",\"position\":1,\"name\":\"Inicio\",\"item\":\"https:\/\/www.celttv.com.ar\/\"},{\"@type\":\"ListItem\",\"position\":2,\"name\":\"Con buen marco de p\u00fablico contin\u00faan los festejos por el 140\u00ba Aniversario de Tornquist\"}]},{\"@type\":\"WebSite\",\"@id\":\"https:\/\/www.celttv.com.ar\/#website\",\"url\":\"https:\/\/www.celttv.com.ar\/\",\"name\":\"CELTTV\",\"description\":\"Cooperativa El\u00e9ctrica de Tornquist\",\"publisher\":{\"@id\":\"https:\/\/www.celttv.com.ar\/#organization\"},\"potentialAction\":[{\"@type\":\"SearchAction\",\"target\":{\"@type\":\"EntryPoint\",\"urlTemplate\":\"https:\/\/www.celttv.com.ar\/?s={search_term_string}\"},\"query-input\":\"required name=search_term_string\"}],\"inLanguage\":\"es\"},{\"@type\":\"Organization\",\"@id\":\"https:\/\/www.celttv.com.ar\/#organization\",\"name\":\"CELTTV\",\"url\":\"https:\/\/www.celttv.com.ar\/\",\"sameAs\":[\"https:\/\/www.youtube.com\/channel\/UCz_oIt8Hig64Ub-EmcNPIhg\",\"https:\/\/www.facebook.com\/celtTV\/\"],\"logo\":{\"@type\":\"ImageObject\",\"inLanguage\":\"es\",\"@id\":\"https:\/\/www.celttv.com.ar\/#\/schema\/logo\/image\/\",\"url\":\"http:\/\/www.celttv.com.ar\/wp-content\/uploads\/2022\/08\/logo-1.png\",\"contentUrl\":\"http:\/\/www.celttv.com.ar\/wp-content\/uploads\/2022\/08\/logo-1.png\",\"width\":461,\"height\":159,\"caption\":\"CELTTV\"},\"image\":{\"@id\":\"https:\/\/www.celttv.com.ar\/#\/schema\/logo\/image\/\"}},{\"@type\":\"Person\",\"@id\":\"https:\/\/www.celttv.com.ar\/#\/schema\/person\/9059dc91dc7204ef4182cdb65225f07d\",\"name\":\"Miguel Herrada\",\"image\":{\"@type\":\"ImageObject\",\"inLanguage\":\"es\",\"@id\":\"https:\/\/www.celttv.com.ar\/#\/schema\/person\/image\/\",\"url\":\"https:\/\/secure.gravatar.com\/avatar\/67724d5b3c716623ffd76bec7e45841a442ac3b456e914dbba90b0fad2b8e0b1?s=96&d=mm&r=g\",\"contentUrl\":\"https:\/\/secure.gravatar.com\/avatar\/67724d5b3c716623ffd76bec7e45841a442ac3b456e914dbba90b0fad2b8e0b1?s=96&d=mm&r=g\",\"caption\":\"Miguel Herrada\"}}]}<\/script>\n<!-- \/ Yoast SEO plugin. -->","yoast_head_json":{"title":"Con buen marco de p\u00fablico contin\u00faan los festejos por el 140\u00ba Aniversario de Tornquist - CELTTV","description":"Sitio web de noticias de la localidad de Tornquist, provincia de Buenos Aires, Rep\u00fablica Argentina. Contenido propio originado por periodistas de CELTTV, el canal de TV local de la Cooperativa El\u00e9ctrica de Tornquist. Turismo, Pol\u00edtica, Sociedad, Deporte, Cultura y todo el contenido de inter\u00e9s general que la gente del pueblo y la regi\u00f3n debe conocer.","robots":{"index":"index","follow":"follow","max-snippet":"max-snippet:-1","max-image-preview":"max-image-preview:large","max-video-preview":"max-video-preview:-1"},"canonical":"https:\/\/www.celttv.com.ar\/index.php\/2023\/04\/23\/con-buen-marco-de-publico-continuan-los-festejos-por-el-140o-aniversario-de-tornquist\/","og_locale":"es_ES","og_type":"article","og_title":"Con buen marco de p\u00fablico contin\u00faan los festejos por el 140\u00ba Aniversario de Tornquist - CELTTV","og_description":"Sitio web de noticias de la localidad de Tornquist, provincia de Buenos Aires, Rep\u00fablica Argentina. Contenido propio originado por periodistas de CELTTV, el canal de TV local de la Cooperativa El\u00e9ctrica de Tornquist. Turismo, Pol\u00edtica, Sociedad, Deporte, Cultura y todo el contenido de inter\u00e9s general que la gente del pueblo y la regi\u00f3n debe conocer.","og_url":"https:\/\/www.celttv.com.ar\/index.php\/2023\/04\/23\/con-buen-marco-de-publico-continuan-los-festejos-por-el-140o-aniversario-de-tornquist\/","og_site_name":"CELTTV","article_publisher":"https:\/\/www.facebook.com\/celtTV\/","article_published_time":"2023-04-23T21:24:03+00:00","article_modified_time":"2023-04-23T21:28:15+00:00","og_image":[{"width":768,"height":1152,"url":"https:\/\/www.celttv.com.ar\/wp-content\/uploads\/2023\/04\/IMG_0149-Medium.jpg","type":"image\/jpeg"}],"author":"Miguel Herrada","twitter_card":"summary_large_image","twitter_misc":{"Escrito por":"Miguel Herrada","Tiempo de lectura":"1 minuto"},"schema":{"@context":"https:\/\/schema.org","@graph":[{"@type":"NewsArticle","@id":"https:\/\/www.celttv.com.ar\/index.php\/2023\/04\/23\/con-buen-marco-de-publico-continuan-los-festejos-por-el-140o-aniversario-de-tornquist\/#article","isPartOf":{"@id":"https:\/\/www.celttv.com.ar\/index.php\/2023\/04\/23\/con-buen-marco-de-publico-continuan-los-festejos-por-el-140o-aniversario-de-tornquist\/"},"author":{"name":"Miguel Herrada","@id":"https:\/\/www.celttv.com.ar\/#\/schema\/person\/9059dc91dc7204ef4182cdb65225f07d"},"headline":"Con buen marco de p\u00fablico contin\u00faan los festejos por el 140\u00ba Aniversario de Tornquist","datePublished":"2023-04-23T21:24:03+00:00","dateModified":"2023-04-23T21:28:15+00:00","mainEntityOfPage":{"@id":"https:\/\/www.celttv.com.ar\/index.php\/2023\/04\/23\/con-buen-marco-de-publico-continuan-los-festejos-por-el-140o-aniversario-de-tornquist\/"},"wordCount":147,"publisher":{"@id":"https:\/\/www.celttv.com.ar\/#organization"},"keywords":["Con buen marco de p\u00fablico contin\u00faan los festejos por el 140\u00ba Aniversario de Tornquist"],"articleSection":["Comunidad","Culture","Destacadas","Municipales"],"inLanguage":"es"},{"@type":"WebPage","@id":"https:\/\/www.celttv.com.ar\/index.php\/2023\/04\/23\/con-buen-marco-de-publico-continuan-los-festejos-por-el-140o-aniversario-de-tornquist\/","url":"https:\/\/www.celttv.com.ar\/index.php\/2023\/04\/23\/con-buen-marco-de-publico-continuan-los-festejos-por-el-140o-aniversario-de-tornquist\/","name":"Con buen marco de p\u00fablico contin\u00faan los festejos por el 140\u00ba Aniversario de Tornquist - CELTTV","isPartOf":{"@id":"https:\/\/www.celttv.com.ar\/#website"},"datePublished":"2023-04-23T21:24:03+00:00","dateModified":"2023-04-23T21:28:15+00:00","description":"Sitio web de noticias de la localidad de Tornquist, provincia de Buenos Aires, Rep\u00fablica Argentina. Contenido propio originado por periodistas de CELTTV, el canal de TV local de la Cooperativa El\u00e9ctrica de Tornquist. Turismo, Pol\u00edtica, Sociedad, Deporte, Cultura y todo el contenido de inter\u00e9s general que la gente del pueblo y la regi\u00f3n debe conocer.","breadcrumb":{"@id":"https:\/\/www.celttv.com.ar\/index.php\/2023\/04\/23\/con-buen-marco-de-publico-continuan-los-festejos-por-el-140o-aniversario-de-tornquist\/#breadcrumb"},"inLanguage":"es","potentialAction":[{"@type":"ReadAction","target":["https:\/\/www.celttv.com.ar\/index.php\/2023\/04\/23\/con-buen-marco-de-publico-continuan-los-festejos-por-el-140o-aniversario-de-tornquist\/"]}]},{"@type":"BreadcrumbList","@id":"https:\/\/www.celttv.com.ar\/index.php\/2023\/04\/23\/con-buen-marco-de-publico-continuan-los-festejos-por-el-140o-aniversario-de-tornquist\/#breadcrumb","itemListElement":[{"@type":"ListItem","position":1,"name":"Inicio","item":"https:\/\/www.celttv.com.ar\/"},{"@type":"ListItem","position":2,"name":"Con buen marco de p\u00fablico contin\u00faan los festejos por el 140\u00ba Aniversario de Tornquist"}]},{"@type":"WebSite","@id":"https:\/\/www.celttv.com.ar\/#website","url":"https:\/\/www.celttv.com.ar\/","name":"CELTTV","description":"Cooperativa El\u00e9ctrica de Tornquist","publisher":{"@id":"https:\/\/www.celttv.com.ar\/#organization"},"potentialAction":[{"@type":"SearchAction","target":{"@type":"EntryPoint","urlTemplate":"https:\/\/www.celttv.com.ar\/?s={search_term_string}"},"query-input":"required name=search_term_string"}],"inLanguage":"es"},{"@type":"Organization","@id":"https:\/\/www.celttv.com.ar\/#organization","name":"CELTTV","url":"https:\/\/www.celttv.com.ar\/","sameAs":["https:\/\/www.youtube.com\/channel\/UCz_oIt8Hig64Ub-EmcNPIhg","https:\/\/www.facebook.com\/celtTV\/"],"logo":{"@type":"ImageObject","inLanguage":"es","@id":"https:\/\/www.celttv.com.ar\/#\/schema\/logo\/image\/","url":"http:\/\/www.celttv.com.ar\/wp-content\/uploads\/2022\/08\/logo-1.png","contentUrl":"http:\/\/www.celttv.com.ar\/wp-content\/uploads\/2022\/08\/logo-1.png","width":461,"height":159,"caption":"CELTTV"},"image":{"@id":"https:\/\/www.celttv.com.ar\/#\/schema\/logo\/image\/"}},{"@type":"Person","@id":"https:\/\/www.celttv.com.ar\/#\/schema\/person\/9059dc91dc7204ef4182cdb65225f07d","name":"Miguel Herrada","image":{"@type":"ImageObject","inLanguage":"es","@id":"https:\/\/www.celttv.com.ar\/#\/schema\/person\/image\/","url":"https:\/\/secure.gravatar.com\/avatar\/67724d5b3c716623ffd76bec7e45841a442ac3b456e914dbba90b0fad2b8e0b1?s=96&d=mm&r=g","contentUrl":"https:\/\/secure.gravatar.com\/avatar\/67724d5b3c716623ffd76bec7e45841a442ac3b456e914dbba90b0fad2b8e0b1?s=96&d=mm&r=g","caption":"Miguel Herrada"}}]}},"_links":{"self":[{"href":"https:\/\/www.celttv.com.ar\/index.php\/wp-json\/wp\/v2\/posts\/75241","targetHints":{"allow":["GET"]}}],"collection":[{"href":"https:\/\/www.celttv.com.ar\/index.php\/wp-json\/wp\/v2\/posts"}],"about":[{"href":"https:\/\/www.celttv.com.ar\/index.php\/wp-json\/wp\/v2\/types\/post"}],"author":[{"embeddable":true,"href":"https:\/\/www.celttv.com.ar\/index.php\/wp-json\/wp\/v2\/users\/5"}],"replies":[{"embeddable":true,"href":"https:\/\/www.celttv.com.ar\/index.php\/wp-json\/wp\/v2\/comments?post=75241"}],"version-history":[{"count":2,"href":"https:\/\/www.celttv.com.ar\/index.php\/wp-json\/wp\/v2\/posts\/75241\/revisions"}],"predecessor-version":[{"id":75263,"href":"https:\/\/www.celttv.com.ar\/index.php\/wp-json\/wp\/v2\/posts\/75241\/revisions\/75263"}],"wp:featuredmedia":[{"embeddable":true,"href":"https:\/\/www.celttv.com.ar\/index.php\/wp-json\/wp\/v2\/media\/75254"}],"wp:attachment":[{"href":"https:\/\/www.celttv.com.ar\/index.php\/wp-json\/wp\/v2\/media?parent=75241"}],"wp:term":[{"taxonomy":"category","embeddable":true,"href":"https:\/\/www.celttv.com.ar\/index.php\/wp-json\/wp\/v2\/categories?post=75241"},{"taxonomy":"post_tag","embeddable":true,"href":"https:\/\/www.celttv.com.ar\/index.php\/wp-json\/wp\/v2\/tags?post=75241"}],"curies":[{"name":"wp","href":"https:\/\/api.w.org\/{rel}","templated":true}]}}