{"id":75327,"date":"2023-04-24T22:02:45","date_gmt":"2023-04-25T01:02:45","guid":{"rendered":"http:\/\/www.celttv.com.ar\/?p=75327"},"modified":"2023-04-24T22:03:32","modified_gmt":"2023-04-25T01:03:32","slug":"en-un-dia-historico-para-la-educacionbordoni-inauguro-importantes-obras","status":"publish","type":"post","link":"https:\/\/www.celttv.com.ar\/index.php\/2023\/04\/24\/en-un-dia-historico-para-la-educacionbordoni-inauguro-importantes-obras\/","title":{"rendered":"En un d\u00eda hist\u00f3rico para la educaci\u00f3n Bordoni inaugur\u00f3 importantes obras"},"content":{"rendered":"<p>Este lunes 24, el distrito de Tornquist dio un gran paso en el \u00e1mbito educativo. Esta ma\u00f1ana, el intendente municipal Sergio Bordoni, encabez\u00f3 dos actos inaugurales de infraestructura escolar.<\/p>\n<p>La primera cita tuvo lugar en el Paraje Estomba, donde acompa\u00f1ado por el Director General de Cultura y Educaci\u00f3n, Alberto Sileoni, el jefe comunal dejo inaugurada la renovaci\u00f3n completa de la antigua Escuela N\u00b05, que a partir de la fecha pasar\u00e1 a ser la Escuela N\u00b08.<\/p>\n<p>La obraincluy\u00f3 elreacondicionamiento de la estructura, construcci\u00f3n de bater\u00eda de sanitarios, hall, dep\u00f3sito y cocina; adem\u00e1s de la ejecuci\u00f3n de nuevas instalaciones de gas, el\u00e9ctricas y sanitarias.<\/p>\n<p>En sus palabras Bordoni resalt\u00f3 la importancia de contar con un estado presente, que garantice el acceso igualitario a la educaci\u00f3n p\u00fablicade calidad para todos los ni\u00f1os y ni\u00f1as de nuestro distrito. La renovaci\u00f3n de esta escuela es un reflejo del compromiso del gobierno provincial y municipal, de acercar el derecho a la educaci\u00f3n; proporcion\u00e1ndoles un espacio a los alumnos adecuado para su desarrollo.<\/p>\n<p>Luego los funcionarios encabezaron la inauguraci\u00f3n de dos aulas nuevas en el Escuela Primaria N\u00b02 de Saldungaray, que fueron financiadas a trav\u00e9s de Fondo Educativo, por decisi\u00f3n del intendente municipal de dar respuesta a las necesidades demandadas por los directivos de la mencionada instituci\u00f3n.<\/p>\n<p>Durante el acto, adem\u00e1s se formaliz\u00f3 la creaci\u00f3n del CEF N\u00b0195 para Sierra de la Ventana. El Director de Educaci\u00f3n F\u00edsica de la Provincia de Buenos Aires, Leonardo Troncoso, entreg\u00f3 al jefe comunal la resoluci\u00f3n formal de la nueva instituci\u00f3n educativa; que funcionar\u00e1 en la localidad de Sierra de la Ventana, y brindar\u00e1 una amplia gama de deportes y actividades f\u00edsicas para todos los vecinos y vecinas, promoviendo la vida saludable y activa. Adem\u00e1s,generar\u00e1 una gran cantidad de puestos de trabajos.<\/p>\n<p>Para cerrar la jornada, Sileoni expres\u00f3 \u201cTodas las comunidades educativas en la provincia, sue\u00f1an todos los d\u00edas; pero esos sue\u00f1os se convierten en realidad respondiendo a una decisi\u00f3n pol\u00edtica\u201d.<\/p>\n<p>Las obras inauguradas y la apertura de nuevos espacios educativos, son parte de las pol\u00edticas p\u00fablicas implementadas desde diciembre de 2015, siendo la educaci\u00f3n uno de los ejes fundamentales de la actual gesti\u00f3n de gobierno municipal.<\/p>\n<p><img loading=\"lazy\" decoding=\"async\" class=\"alignnone size-medium wp-image-75328\" src=\"http:\/\/www.celttv.com.ar\/wp-content\/uploads\/2023\/04\/cef-Medium-300x200.jpeg\" alt=\"\" width=\"300\" height=\"200\" srcset=\"https:\/\/www.celttv.com.ar\/wp-content\/uploads\/2023\/04\/cef-Medium-300x200.jpeg 300w, https:\/\/www.celttv.com.ar\/wp-content\/uploads\/2023\/04\/cef-Medium-1024x683.jpeg 1024w, https:\/\/www.celttv.com.ar\/wp-content\/uploads\/2023\/04\/cef-Medium-768x512.jpeg 768w, https:\/\/www.celttv.com.ar\/wp-content\/uploads\/2023\/04\/cef-Medium-750x500.jpeg 750w, https:\/\/www.celttv.com.ar\/wp-content\/uploads\/2023\/04\/cef-Medium-1140x761.jpeg 1140w, https:\/\/www.celttv.com.ar\/wp-content\/uploads\/2023\/04\/cef-Medium.jpeg 1151w\" sizes=\"auto, (max-width: 300px) 100vw, 300px\" \/> <img loading=\"lazy\" decoding=\"async\" class=\"alignnone size-medium wp-image-75329\" src=\"http:\/\/www.celttv.com.ar\/wp-content\/uploads\/2023\/04\/cef2-Medium-300x200.jpeg\" alt=\"\" width=\"300\" height=\"200\" srcset=\"https:\/\/www.celttv.com.ar\/wp-content\/uploads\/2023\/04\/cef2-Medium-300x200.jpeg 300w, https:\/\/www.celttv.com.ar\/wp-content\/uploads\/2023\/04\/cef2-Medium-1024x683.jpeg 1024w, https:\/\/www.celttv.com.ar\/wp-content\/uploads\/2023\/04\/cef2-Medium-768x512.jpeg 768w, https:\/\/www.celttv.com.ar\/wp-content\/uploads\/2023\/04\/cef2-Medium-750x500.jpeg 750w, https:\/\/www.celttv.com.ar\/wp-content\/uploads\/2023\/04\/cef2-Medium-1140x761.jpeg 1140w, https:\/\/www.celttv.com.ar\/wp-content\/uploads\/2023\/04\/cef2-Medium.jpeg 1151w\" sizes=\"auto, (max-width: 300px) 100vw, 300px\" \/> <img loading=\"lazy\" decoding=\"async\" class=\"alignnone size-medium wp-image-75330\" src=\"http:\/\/www.celttv.com.ar\/wp-content\/uploads\/2023\/04\/cef3-Medium-300x200.jpeg\" alt=\"\" width=\"300\" height=\"200\" srcset=\"https:\/\/www.celttv.com.ar\/wp-content\/uploads\/2023\/04\/cef3-Medium-300x200.jpeg 300w, https:\/\/www.celttv.com.ar\/wp-content\/uploads\/2023\/04\/cef3-Medium-1024x683.jpeg 1024w, https:\/\/www.celttv.com.ar\/wp-content\/uploads\/2023\/04\/cef3-Medium-768x512.jpeg 768w, https:\/\/www.celttv.com.ar\/wp-content\/uploads\/2023\/04\/cef3-Medium-750x500.jpeg 750w, https:\/\/www.celttv.com.ar\/wp-content\/uploads\/2023\/04\/cef3-Medium-1140x761.jpeg 1140w, https:\/\/www.celttv.com.ar\/wp-content\/uploads\/2023\/04\/cef3-Medium.jpeg 1151w\" sizes=\"auto, (max-width: 300px) 100vw, 300px\" \/> <img loading=\"lazy\" decoding=\"async\" class=\"alignnone size-medium wp-image-75331\" src=\"http:\/\/www.celttv.com.ar\/wp-content\/uploads\/2023\/04\/cefsv-Medium-300x232.jpeg\" alt=\"\" width=\"300\" height=\"232\" srcset=\"https:\/\/www.celttv.com.ar\/wp-content\/uploads\/2023\/04\/cefsv-Medium-300x232.jpeg 300w, https:\/\/www.celttv.com.ar\/wp-content\/uploads\/2023\/04\/cefsv-Medium-768x593.jpeg 768w, https:\/\/www.celttv.com.ar\/wp-content\/uploads\/2023\/04\/cefsv-Medium-750x579.jpeg 750w, https:\/\/www.celttv.com.ar\/wp-content\/uploads\/2023\/04\/cefsv-Medium.jpeg 994w\" sizes=\"auto, (max-width: 300px) 100vw, 300px\" \/> <img loading=\"lazy\" decoding=\"async\" class=\"alignnone size-medium wp-image-75332\" src=\"http:\/\/www.celttv.com.ar\/wp-content\/uploads\/2023\/04\/estomba-Medium-300x200.jpeg\" alt=\"\" width=\"300\" height=\"200\" srcset=\"https:\/\/www.celttv.com.ar\/wp-content\/uploads\/2023\/04\/estomba-Medium-300x200.jpeg 300w, https:\/\/www.celttv.com.ar\/wp-content\/uploads\/2023\/04\/estomba-Medium-1024x683.jpeg 1024w, https:\/\/www.celttv.com.ar\/wp-content\/uploads\/2023\/04\/estomba-Medium-768x512.jpeg 768w, https:\/\/www.celttv.com.ar\/wp-content\/uploads\/2023\/04\/estomba-Medium-750x500.jpeg 750w, https:\/\/www.celttv.com.ar\/wp-content\/uploads\/2023\/04\/estomba-Medium-1140x761.jpeg 1140w, https:\/\/www.celttv.com.ar\/wp-content\/uploads\/2023\/04\/estomba-Medium.jpeg 1151w\" sizes=\"auto, (max-width: 300px) 100vw, 300px\" \/> <img loading=\"lazy\" decoding=\"async\" class=\"alignnone size-medium wp-image-75333\" src=\"http:\/\/www.celttv.com.ar\/wp-content\/uploads\/2023\/04\/estomba2-Medium-300x200.jpeg\" alt=\"\" width=\"300\" height=\"200\" srcset=\"https:\/\/www.celttv.com.ar\/wp-content\/uploads\/2023\/04\/estomba2-Medium-300x200.jpeg 300w, https:\/\/www.celttv.com.ar\/wp-content\/uploads\/2023\/04\/estomba2-Medium-1024x683.jpeg 1024w, https:\/\/www.celttv.com.ar\/wp-content\/uploads\/2023\/04\/estomba2-Medium-768x512.jpeg 768w, https:\/\/www.celttv.com.ar\/wp-content\/uploads\/2023\/04\/estomba2-Medium-750x500.jpeg 750w, https:\/\/www.celttv.com.ar\/wp-content\/uploads\/2023\/04\/estomba2-Medium-1140x760.jpeg 1140w, https:\/\/www.celttv.com.ar\/wp-content\/uploads\/2023\/04\/estomba2-Medium.jpeg 1152w\" sizes=\"auto, (max-width: 300px) 100vw, 300px\" \/> <img loading=\"lazy\" decoding=\"async\" class=\"alignnone size-medium wp-image-75334\" src=\"http:\/\/www.celttv.com.ar\/wp-content\/uploads\/2023\/04\/estomba3-Medium-300x180.jpeg\" alt=\"\" width=\"300\" height=\"180\" srcset=\"https:\/\/www.celttv.com.ar\/wp-content\/uploads\/2023\/04\/estomba3-Medium-300x180.jpeg 300w, https:\/\/www.celttv.com.ar\/wp-content\/uploads\/2023\/04\/estomba3-Medium-1024x614.jpeg 1024w, https:\/\/www.celttv.com.ar\/wp-content\/uploads\/2023\/04\/estomba3-Medium-768x461.jpeg 768w, https:\/\/www.celttv.com.ar\/wp-content\/uploads\/2023\/04\/estomba3-Medium-750x450.jpeg 750w, https:\/\/www.celttv.com.ar\/wp-content\/uploads\/2023\/04\/estomba3-Medium-1140x684.jpeg 1140w, https:\/\/www.celttv.com.ar\/wp-content\/uploads\/2023\/04\/estomba3-Medium.jpeg 1280w\" sizes=\"auto, (max-width: 300px) 100vw, 300px\" \/> <img loading=\"lazy\" decoding=\"async\" class=\"alignnone size-medium wp-image-75335\" src=\"http:\/\/www.celttv.com.ar\/wp-content\/uploads\/2023\/04\/saldungararay-Medium-300x216.jpeg\" alt=\"\" width=\"300\" height=\"216\" srcset=\"https:\/\/www.celttv.com.ar\/wp-content\/uploads\/2023\/04\/saldungararay-Medium-300x216.jpeg 300w, https:\/\/www.celttv.com.ar\/wp-content\/uploads\/2023\/04\/saldungararay-Medium-1024x738.jpeg 1024w, https:\/\/www.celttv.com.ar\/wp-content\/uploads\/2023\/04\/saldungararay-Medium-768x553.jpeg 768w, https:\/\/www.celttv.com.ar\/wp-content\/uploads\/2023\/04\/saldungararay-Medium-120x86.jpeg 120w, https:\/\/www.celttv.com.ar\/wp-content\/uploads\/2023\/04\/saldungararay-Medium-750x540.jpeg 750w, https:\/\/www.celttv.com.ar\/wp-content\/uploads\/2023\/04\/saldungararay-Medium.jpeg 1066w\" sizes=\"auto, (max-width: 300px) 100vw, 300px\" \/> <img loading=\"lazy\" decoding=\"async\" class=\"alignnone size-medium wp-image-75336\" src=\"http:\/\/www.celttv.com.ar\/wp-content\/uploads\/2023\/04\/saldungaray1-Medium-202x300.jpeg\" alt=\"\" width=\"202\" height=\"300\" srcset=\"https:\/\/www.celttv.com.ar\/wp-content\/uploads\/2023\/04\/saldungaray1-Medium-202x300.jpeg 202w, https:\/\/www.celttv.com.ar\/wp-content\/uploads\/2023\/04\/saldungaray1-Medium-691x1024.jpeg 691w, https:\/\/www.celttv.com.ar\/wp-content\/uploads\/2023\/04\/saldungaray1-Medium-750x1111.jpeg 750w, https:\/\/www.celttv.com.ar\/wp-content\/uploads\/2023\/04\/saldungaray1-Medium.jpeg 768w\" sizes=\"auto, (max-width: 202px) 100vw, 202px\" \/><\/p>\n<p>&nbsp;<\/p>\n<p>&nbsp;<\/p>\n","protected":false},"excerpt":{"rendered":"<p>Este lunes 24, el distrito de Tornquist dio un gran paso en el \u00e1mbito educativo. Esta ma\u00f1ana, el intendente municipal Sergio Bordoni, encabez\u00f3 dos actos inaugurales de infraestructura escolar. La primera cita tuvo lugar en el Paraje Estomba, donde acompa\u00f1ado por el Director General de Cultura y Educaci\u00f3n, Alberto Sileoni, el jefe comunal dejo inaugurada [&hellip;]<\/p>\n","protected":false},"author":5,"featured_media":75333,"comment_status":"closed","ping_status":"closed","sticky":false,"template":"","format":"standard","meta":{"footnotes":""},"categories":[51,26,52,59],"tags":[826],"class_list":["post-75327","post","type-post","status-publish","format-standard","has-post-thumbnail","hentry","category-comunidad","category-culture","category-destacadas","category-municipales","tag-en-un-dia-historico-para-la-educacionbordoni-inauguro-importantes-obras"],"yoast_head":"<!-- This site is optimized with the Yoast SEO plugin v19.7.1 - https:\/\/yoast.com\/wordpress\/plugins\/seo\/ -->\n<title>En un d\u00eda hist\u00f3rico para la educaci\u00f3n Bordoni inaugur\u00f3 importantes obras - CELTTV<\/title>\n<meta name=\"description\" content=\"Sitio web de noticias de la localidad de Tornquist, provincia de Buenos Aires, Rep\u00fablica Argentina. Contenido propio originado por periodistas de CELTTV, el canal de TV local de la Cooperativa El\u00e9ctrica de Tornquist. Turismo, Pol\u00edtica, Sociedad, Deporte, Cultura y todo el contenido de inter\u00e9s general que la gente del pueblo y la regi\u00f3n debe conocer.\" \/>\n<meta name=\"robots\" content=\"index, follow, max-snippet:-1, max-image-preview:large, max-video-preview:-1\" \/>\n<link rel=\"canonical\" href=\"https:\/\/www.celttv.com.ar\/index.php\/2023\/04\/24\/en-un-dia-historico-para-la-educacionbordoni-inauguro-importantes-obras\/\" \/>\n<meta property=\"og:locale\" content=\"es_ES\" \/>\n<meta property=\"og:type\" content=\"article\" \/>\n<meta property=\"og:title\" content=\"En un d\u00eda hist\u00f3rico para la educaci\u00f3n Bordoni inaugur\u00f3 importantes obras - CELTTV\" \/>\n<meta property=\"og:description\" content=\"Sitio web de noticias de la localidad de Tornquist, provincia de Buenos Aires, Rep\u00fablica Argentina. Contenido propio originado por periodistas de CELTTV, el canal de TV local de la Cooperativa El\u00e9ctrica de Tornquist. Turismo, Pol\u00edtica, Sociedad, Deporte, Cultura y todo el contenido de inter\u00e9s general que la gente del pueblo y la regi\u00f3n debe conocer.\" \/>\n<meta property=\"og:url\" content=\"https:\/\/www.celttv.com.ar\/index.php\/2023\/04\/24\/en-un-dia-historico-para-la-educacionbordoni-inauguro-importantes-obras\/\" \/>\n<meta property=\"og:site_name\" content=\"CELTTV\" \/>\n<meta property=\"article:publisher\" content=\"https:\/\/www.facebook.com\/celtTV\/\" \/>\n<meta property=\"article:published_time\" content=\"2023-04-25T01:02:45+00:00\" \/>\n<meta property=\"article:modified_time\" content=\"2023-04-25T01:03:32+00:00\" \/>\n<meta property=\"og:image\" content=\"https:\/\/www.celttv.com.ar\/wp-content\/uploads\/2023\/04\/estomba2-Medium.jpeg\" \/>\n\t<meta property=\"og:image:width\" content=\"1152\" \/>\n\t<meta property=\"og:image:height\" content=\"768\" \/>\n\t<meta property=\"og:image:type\" content=\"image\/jpeg\" \/>\n<meta name=\"author\" content=\"Miguel Herrada\" \/>\n<meta name=\"twitter:card\" content=\"summary_large_image\" \/>\n<meta name=\"twitter:label1\" content=\"Escrito por\" \/>\n\t<meta name=\"twitter:data1\" content=\"Miguel Herrada\" \/>\n\t<meta name=\"twitter:label2\" content=\"Tiempo de lectura\" \/>\n\t<meta name=\"twitter:data2\" content=\"2 minutos\" \/>\n<script type=\"application\/ld+json\" class=\"yoast-schema-graph\">{\"@context\":\"https:\/\/schema.org\",\"@graph\":[{\"@type\":\"NewsArticle\",\"@id\":\"https:\/\/www.celttv.com.ar\/index.php\/2023\/04\/24\/en-un-dia-historico-para-la-educacionbordoni-inauguro-importantes-obras\/#article\",\"isPartOf\":{\"@id\":\"https:\/\/www.celttv.com.ar\/index.php\/2023\/04\/24\/en-un-dia-historico-para-la-educacionbordoni-inauguro-importantes-obras\/\"},\"author\":{\"name\":\"Miguel Herrada\",\"@id\":\"https:\/\/www.celttv.com.ar\/#\/schema\/person\/9059dc91dc7204ef4182cdb65225f07d\"},\"headline\":\"En un d\u00eda hist\u00f3rico para la educaci\u00f3n Bordoni inaugur\u00f3 importantes obras\",\"datePublished\":\"2023-04-25T01:02:45+00:00\",\"dateModified\":\"2023-04-25T01:03:32+00:00\",\"mainEntityOfPage\":{\"@id\":\"https:\/\/www.celttv.com.ar\/index.php\/2023\/04\/24\/en-un-dia-historico-para-la-educacionbordoni-inauguro-importantes-obras\/\"},\"wordCount\":409,\"publisher\":{\"@id\":\"https:\/\/www.celttv.com.ar\/#organization\"},\"keywords\":[\"En un d\u00eda hist\u00f3rico para la educaci\u00f3nBordoni inaugur\u00f3 importantes obras\"],\"articleSection\":[\"Comunidad\",\"Culture\",\"Destacadas\",\"Municipales\"],\"inLanguage\":\"es\"},{\"@type\":\"WebPage\",\"@id\":\"https:\/\/www.celttv.com.ar\/index.php\/2023\/04\/24\/en-un-dia-historico-para-la-educacionbordoni-inauguro-importantes-obras\/\",\"url\":\"https:\/\/www.celttv.com.ar\/index.php\/2023\/04\/24\/en-un-dia-historico-para-la-educacionbordoni-inauguro-importantes-obras\/\",\"name\":\"En un d\u00eda hist\u00f3rico para la educaci\u00f3n Bordoni inaugur\u00f3 importantes obras - CELTTV\",\"isPartOf\":{\"@id\":\"https:\/\/www.celttv.com.ar\/#website\"},\"datePublished\":\"2023-04-25T01:02:45+00:00\",\"dateModified\":\"2023-04-25T01:03:32+00:00\",\"description\":\"Sitio web de noticias de la localidad de Tornquist, provincia de Buenos Aires, Rep\u00fablica Argentina. Contenido propio originado por periodistas de CELTTV, el canal de TV local de la Cooperativa El\u00e9ctrica de Tornquist. Turismo, Pol\u00edtica, Sociedad, Deporte, Cultura y todo el contenido de inter\u00e9s general que la gente del pueblo y la regi\u00f3n debe conocer.\",\"breadcrumb\":{\"@id\":\"https:\/\/www.celttv.com.ar\/index.php\/2023\/04\/24\/en-un-dia-historico-para-la-educacionbordoni-inauguro-importantes-obras\/#breadcrumb\"},\"inLanguage\":\"es\",\"potentialAction\":[{\"@type\":\"ReadAction\",\"target\":[\"https:\/\/www.celttv.com.ar\/index.php\/2023\/04\/24\/en-un-dia-historico-para-la-educacionbordoni-inauguro-importantes-obras\/\"]}]},{\"@type\":\"BreadcrumbList\",\"@id\":\"https:\/\/www.celttv.com.ar\/index.php\/2023\/04\/24\/en-un-dia-historico-para-la-educacionbordoni-inauguro-importantes-obras\/#breadcrumb\",\"itemListElement\":[{\"@type\":\"ListItem\",\"position\":1,\"name\":\"Inicio\",\"item\":\"https:\/\/www.celttv.com.ar\/\"},{\"@type\":\"ListItem\",\"position\":2,\"name\":\"En un d\u00eda hist\u00f3rico para la educaci\u00f3n Bordoni inaugur\u00f3 importantes obras\"}]},{\"@type\":\"WebSite\",\"@id\":\"https:\/\/www.celttv.com.ar\/#website\",\"url\":\"https:\/\/www.celttv.com.ar\/\",\"name\":\"CELTTV\",\"description\":\"Cooperativa El\u00e9ctrica de Tornquist\",\"publisher\":{\"@id\":\"https:\/\/www.celttv.com.ar\/#organization\"},\"potentialAction\":[{\"@type\":\"SearchAction\",\"target\":{\"@type\":\"EntryPoint\",\"urlTemplate\":\"https:\/\/www.celttv.com.ar\/?s={search_term_string}\"},\"query-input\":\"required name=search_term_string\"}],\"inLanguage\":\"es\"},{\"@type\":\"Organization\",\"@id\":\"https:\/\/www.celttv.com.ar\/#organization\",\"name\":\"CELTTV\",\"url\":\"https:\/\/www.celttv.com.ar\/\",\"sameAs\":[\"https:\/\/www.youtube.com\/channel\/UCz_oIt8Hig64Ub-EmcNPIhg\",\"https:\/\/www.facebook.com\/celtTV\/\"],\"logo\":{\"@type\":\"ImageObject\",\"inLanguage\":\"es\",\"@id\":\"https:\/\/www.celttv.com.ar\/#\/schema\/logo\/image\/\",\"url\":\"http:\/\/www.celttv.com.ar\/wp-content\/uploads\/2022\/08\/logo-1.png\",\"contentUrl\":\"http:\/\/www.celttv.com.ar\/wp-content\/uploads\/2022\/08\/logo-1.png\",\"width\":461,\"height\":159,\"caption\":\"CELTTV\"},\"image\":{\"@id\":\"https:\/\/www.celttv.com.ar\/#\/schema\/logo\/image\/\"}},{\"@type\":\"Person\",\"@id\":\"https:\/\/www.celttv.com.ar\/#\/schema\/person\/9059dc91dc7204ef4182cdb65225f07d\",\"name\":\"Miguel Herrada\",\"image\":{\"@type\":\"ImageObject\",\"inLanguage\":\"es\",\"@id\":\"https:\/\/www.celttv.com.ar\/#\/schema\/person\/image\/\",\"url\":\"https:\/\/secure.gravatar.com\/avatar\/67724d5b3c716623ffd76bec7e45841a442ac3b456e914dbba90b0fad2b8e0b1?s=96&d=mm&r=g\",\"contentUrl\":\"https:\/\/secure.gravatar.com\/avatar\/67724d5b3c716623ffd76bec7e45841a442ac3b456e914dbba90b0fad2b8e0b1?s=96&d=mm&r=g\",\"caption\":\"Miguel Herrada\"}}]}<\/script>\n<!-- \/ Yoast SEO plugin. -->","yoast_head_json":{"title":"En un d\u00eda hist\u00f3rico para la educaci\u00f3n Bordoni inaugur\u00f3 importantes obras - CELTTV","description":"Sitio web de noticias de la localidad de Tornquist, provincia de Buenos Aires, Rep\u00fablica Argentina. Contenido propio originado por periodistas de CELTTV, el canal de TV local de la Cooperativa El\u00e9ctrica de Tornquist. Turismo, Pol\u00edtica, Sociedad, Deporte, Cultura y todo el contenido de inter\u00e9s general que la gente del pueblo y la regi\u00f3n debe conocer.","robots":{"index":"index","follow":"follow","max-snippet":"max-snippet:-1","max-image-preview":"max-image-preview:large","max-video-preview":"max-video-preview:-1"},"canonical":"https:\/\/www.celttv.com.ar\/index.php\/2023\/04\/24\/en-un-dia-historico-para-la-educacionbordoni-inauguro-importantes-obras\/","og_locale":"es_ES","og_type":"article","og_title":"En un d\u00eda hist\u00f3rico para la educaci\u00f3n Bordoni inaugur\u00f3 importantes obras - CELTTV","og_description":"Sitio web de noticias de la localidad de Tornquist, provincia de Buenos Aires, Rep\u00fablica Argentina. Contenido propio originado por periodistas de CELTTV, el canal de TV local de la Cooperativa El\u00e9ctrica de Tornquist. Turismo, Pol\u00edtica, Sociedad, Deporte, Cultura y todo el contenido de inter\u00e9s general que la gente del pueblo y la regi\u00f3n debe conocer.","og_url":"https:\/\/www.celttv.com.ar\/index.php\/2023\/04\/24\/en-un-dia-historico-para-la-educacionbordoni-inauguro-importantes-obras\/","og_site_name":"CELTTV","article_publisher":"https:\/\/www.facebook.com\/celtTV\/","article_published_time":"2023-04-25T01:02:45+00:00","article_modified_time":"2023-04-25T01:03:32+00:00","og_image":[{"width":1152,"height":768,"url":"https:\/\/www.celttv.com.ar\/wp-content\/uploads\/2023\/04\/estomba2-Medium.jpeg","type":"image\/jpeg"}],"author":"Miguel Herrada","twitter_card":"summary_large_image","twitter_misc":{"Escrito por":"Miguel Herrada","Tiempo de lectura":"2 minutos"},"schema":{"@context":"https:\/\/schema.org","@graph":[{"@type":"NewsArticle","@id":"https:\/\/www.celttv.com.ar\/index.php\/2023\/04\/24\/en-un-dia-historico-para-la-educacionbordoni-inauguro-importantes-obras\/#article","isPartOf":{"@id":"https:\/\/www.celttv.com.ar\/index.php\/2023\/04\/24\/en-un-dia-historico-para-la-educacionbordoni-inauguro-importantes-obras\/"},"author":{"name":"Miguel Herrada","@id":"https:\/\/www.celttv.com.ar\/#\/schema\/person\/9059dc91dc7204ef4182cdb65225f07d"},"headline":"En un d\u00eda hist\u00f3rico para la educaci\u00f3n Bordoni inaugur\u00f3 importantes obras","datePublished":"2023-04-25T01:02:45+00:00","dateModified":"2023-04-25T01:03:32+00:00","mainEntityOfPage":{"@id":"https:\/\/www.celttv.com.ar\/index.php\/2023\/04\/24\/en-un-dia-historico-para-la-educacionbordoni-inauguro-importantes-obras\/"},"wordCount":409,"publisher":{"@id":"https:\/\/www.celttv.com.ar\/#organization"},"keywords":["En un d\u00eda hist\u00f3rico para la educaci\u00f3nBordoni inaugur\u00f3 importantes obras"],"articleSection":["Comunidad","Culture","Destacadas","Municipales"],"inLanguage":"es"},{"@type":"WebPage","@id":"https:\/\/www.celttv.com.ar\/index.php\/2023\/04\/24\/en-un-dia-historico-para-la-educacionbordoni-inauguro-importantes-obras\/","url":"https:\/\/www.celttv.com.ar\/index.php\/2023\/04\/24\/en-un-dia-historico-para-la-educacionbordoni-inauguro-importantes-obras\/","name":"En un d\u00eda hist\u00f3rico para la educaci\u00f3n Bordoni inaugur\u00f3 importantes obras - CELTTV","isPartOf":{"@id":"https:\/\/www.celttv.com.ar\/#website"},"datePublished":"2023-04-25T01:02:45+00:00","dateModified":"2023-04-25T01:03:32+00:00","description":"Sitio web de noticias de la localidad de Tornquist, provincia de Buenos Aires, Rep\u00fablica Argentina. Contenido propio originado por periodistas de CELTTV, el canal de TV local de la Cooperativa El\u00e9ctrica de Tornquist. Turismo, Pol\u00edtica, Sociedad, Deporte, Cultura y todo el contenido de inter\u00e9s general que la gente del pueblo y la regi\u00f3n debe conocer.","breadcrumb":{"@id":"https:\/\/www.celttv.com.ar\/index.php\/2023\/04\/24\/en-un-dia-historico-para-la-educacionbordoni-inauguro-importantes-obras\/#breadcrumb"},"inLanguage":"es","potentialAction":[{"@type":"ReadAction","target":["https:\/\/www.celttv.com.ar\/index.php\/2023\/04\/24\/en-un-dia-historico-para-la-educacionbordoni-inauguro-importantes-obras\/"]}]},{"@type":"BreadcrumbList","@id":"https:\/\/www.celttv.com.ar\/index.php\/2023\/04\/24\/en-un-dia-historico-para-la-educacionbordoni-inauguro-importantes-obras\/#breadcrumb","itemListElement":[{"@type":"ListItem","position":1,"name":"Inicio","item":"https:\/\/www.celttv.com.ar\/"},{"@type":"ListItem","position":2,"name":"En un d\u00eda hist\u00f3rico para la educaci\u00f3n Bordoni inaugur\u00f3 importantes obras"}]},{"@type":"WebSite","@id":"https:\/\/www.celttv.com.ar\/#website","url":"https:\/\/www.celttv.com.ar\/","name":"CELTTV","description":"Cooperativa El\u00e9ctrica de Tornquist","publisher":{"@id":"https:\/\/www.celttv.com.ar\/#organization"},"potentialAction":[{"@type":"SearchAction","target":{"@type":"EntryPoint","urlTemplate":"https:\/\/www.celttv.com.ar\/?s={search_term_string}"},"query-input":"required name=search_term_string"}],"inLanguage":"es"},{"@type":"Organization","@id":"https:\/\/www.celttv.com.ar\/#organization","name":"CELTTV","url":"https:\/\/www.celttv.com.ar\/","sameAs":["https:\/\/www.youtube.com\/channel\/UCz_oIt8Hig64Ub-EmcNPIhg","https:\/\/www.facebook.com\/celtTV\/"],"logo":{"@type":"ImageObject","inLanguage":"es","@id":"https:\/\/www.celttv.com.ar\/#\/schema\/logo\/image\/","url":"http:\/\/www.celttv.com.ar\/wp-content\/uploads\/2022\/08\/logo-1.png","contentUrl":"http:\/\/www.celttv.com.ar\/wp-content\/uploads\/2022\/08\/logo-1.png","width":461,"height":159,"caption":"CELTTV"},"image":{"@id":"https:\/\/www.celttv.com.ar\/#\/schema\/logo\/image\/"}},{"@type":"Person","@id":"https:\/\/www.celttv.com.ar\/#\/schema\/person\/9059dc91dc7204ef4182cdb65225f07d","name":"Miguel Herrada","image":{"@type":"ImageObject","inLanguage":"es","@id":"https:\/\/www.celttv.com.ar\/#\/schema\/person\/image\/","url":"https:\/\/secure.gravatar.com\/avatar\/67724d5b3c716623ffd76bec7e45841a442ac3b456e914dbba90b0fad2b8e0b1?s=96&d=mm&r=g","contentUrl":"https:\/\/secure.gravatar.com\/avatar\/67724d5b3c716623ffd76bec7e45841a442ac3b456e914dbba90b0fad2b8e0b1?s=96&d=mm&r=g","caption":"Miguel Herrada"}}]}},"_links":{"self":[{"href":"https:\/\/www.celttv.com.ar\/index.php\/wp-json\/wp\/v2\/posts\/75327","targetHints":{"allow":["GET"]}}],"collection":[{"href":"https:\/\/www.celttv.com.ar\/index.php\/wp-json\/wp\/v2\/posts"}],"about":[{"href":"https:\/\/www.celttv.com.ar\/index.php\/wp-json\/wp\/v2\/types\/post"}],"author":[{"embeddable":true,"href":"https:\/\/www.celttv.com.ar\/index.php\/wp-json\/wp\/v2\/users\/5"}],"replies":[{"embeddable":true,"href":"https:\/\/www.celttv.com.ar\/index.php\/wp-json\/wp\/v2\/comments?post=75327"}],"version-history":[{"count":2,"href":"https:\/\/www.celttv.com.ar\/index.php\/wp-json\/wp\/v2\/posts\/75327\/revisions"}],"predecessor-version":[{"id":75338,"href":"https:\/\/www.celttv.com.ar\/index.php\/wp-json\/wp\/v2\/posts\/75327\/revisions\/75338"}],"wp:featuredmedia":[{"embeddable":true,"href":"https:\/\/www.celttv.com.ar\/index.php\/wp-json\/wp\/v2\/media\/75333"}],"wp:attachment":[{"href":"https:\/\/www.celttv.com.ar\/index.php\/wp-json\/wp\/v2\/media?parent=75327"}],"wp:term":[{"taxonomy":"category","embeddable":true,"href":"https:\/\/www.celttv.com.ar\/index.php\/wp-json\/wp\/v2\/categories?post=75327"},{"taxonomy":"post_tag","embeddable":true,"href":"https:\/\/www.celttv.com.ar\/index.php\/wp-json\/wp\/v2\/tags?post=75327"}],"curies":[{"name":"wp","href":"https:\/\/api.w.org\/{rel}","templated":true}]}}