{"id":75599,"date":"2023-05-05T10:41:17","date_gmt":"2023-05-05T13:41:17","guid":{"rendered":"http:\/\/www.celttv.com.ar\/?p=75599"},"modified":"2023-05-05T10:41:17","modified_gmt":"2023-05-05T13:41:17","slug":"se-pintara-un-mural-por-el-dia-internacional-contra-el-acoso-escolar-o-bullying-en-la-pista-de-atletismo","status":"publish","type":"post","link":"https:\/\/www.celttv.com.ar\/index.php\/2023\/05\/05\/se-pintara-un-mural-por-el-dia-internacional-contra-el-acoso-escolar-o-bullying-en-la-pista-de-atletismo\/","title":{"rendered":"Se pintar\u00e1 un mural por el D\u00eda Internacional contra el Acoso Escolar o Bullying en la Pista de Atletismo"},"content":{"rendered":"<p>Este s\u00e1bado 6 en la Pista Municipal de Atletismo de Tornquist, en el marco del festejo del \u2018Dia internacional del Atletismo\u2019, se pintar\u00e1 un mural por el D\u00eda Internacional contra el Acoso Escolar o Bullying.<\/p>\n<p>Para ello, Tornquist invita a sumarse a todos aquellos que quieran participar de la jornada, denominada \u2018El bullying no pinta nada\u2019, a realizarse a partir de las 14 hs.<\/p>\n<p><img loading=\"lazy\" decoding=\"async\" class=\"alignnone wp-image-75600 size-large\" src=\"http:\/\/www.celttv.com.ar\/wp-content\/uploads\/2023\/05\/imagen-1024x1024.jpg\" alt=\"\" width=\"1024\" height=\"1024\" srcset=\"https:\/\/www.celttv.com.ar\/wp-content\/uploads\/2023\/05\/imagen-1024x1024.jpg 1024w, https:\/\/www.celttv.com.ar\/wp-content\/uploads\/2023\/05\/imagen-300x300.jpg 300w, https:\/\/www.celttv.com.ar\/wp-content\/uploads\/2023\/05\/imagen-150x150.jpg 150w, https:\/\/www.celttv.com.ar\/wp-content\/uploads\/2023\/05\/imagen-768x768.jpg 768w, https:\/\/www.celttv.com.ar\/wp-content\/uploads\/2023\/05\/imagen-75x75.jpg 75w, https:\/\/www.celttv.com.ar\/wp-content\/uploads\/2023\/05\/imagen-750x750.jpg 750w, https:\/\/www.celttv.com.ar\/wp-content\/uploads\/2023\/05\/imagen.jpg 1080w\" sizes=\"auto, (max-width: 1024px) 100vw, 1024px\" \/><\/p>\n","protected":false},"excerpt":{"rendered":"<p>Este s\u00e1bado 6 en la Pista Municipal de Atletismo de Tornquist, en el marco del festejo del \u2018Dia internacional del Atletismo\u2019, se pintar\u00e1 un mural por el D\u00eda Internacional contra el Acoso Escolar o Bullying. Para ello, Tornquist invita a sumarse a todos aquellos que quieran participar de la jornada, denominada \u2018El bullying no pinta [&hellip;]<\/p>\n","protected":false},"author":3,"featured_media":75601,"comment_status":"closed","ping_status":"closed","sticky":false,"template":"","format":"standard","meta":{"footnotes":""},"categories":[55],"tags":[],"class_list":["post-75599","post","type-post","status-publish","format-standard","has-post-thumbnail","hentry","category-celt-tv-noticias"],"yoast_head":"<!-- This site is optimized with the Yoast SEO plugin v19.7.1 - https:\/\/yoast.com\/wordpress\/plugins\/seo\/ -->\n<title>Se pintar\u00e1 un mural por el D\u00eda Internacional contra el Acoso Escolar o Bullying en la Pista de Atletismo - CELTTV<\/title>\n<meta name=\"description\" content=\"Sitio web de noticias de la localidad de Tornquist, provincia de Buenos Aires, Rep\u00fablica Argentina. Contenido propio originado por periodistas de CELTTV, el canal de TV local de la Cooperativa El\u00e9ctrica de Tornquist. Turismo, Pol\u00edtica, Sociedad, Deporte, Cultura y todo el contenido de inter\u00e9s general que la gente del pueblo y la regi\u00f3n debe conocer.\" \/>\n<meta name=\"robots\" content=\"index, follow, max-snippet:-1, max-image-preview:large, max-video-preview:-1\" \/>\n<link rel=\"canonical\" href=\"https:\/\/www.celttv.com.ar\/index.php\/2023\/05\/05\/se-pintara-un-mural-por-el-dia-internacional-contra-el-acoso-escolar-o-bullying-en-la-pista-de-atletismo\/\" \/>\n<meta property=\"og:locale\" content=\"es_ES\" \/>\n<meta property=\"og:type\" content=\"article\" \/>\n<meta property=\"og:title\" content=\"Se pintar\u00e1 un mural por el D\u00eda Internacional contra el Acoso Escolar o Bullying en la Pista de Atletismo - CELTTV\" \/>\n<meta property=\"og:description\" content=\"Sitio web de noticias de la localidad de Tornquist, provincia de Buenos Aires, Rep\u00fablica Argentina. Contenido propio originado por periodistas de CELTTV, el canal de TV local de la Cooperativa El\u00e9ctrica de Tornquist. Turismo, Pol\u00edtica, Sociedad, Deporte, Cultura y todo el contenido de inter\u00e9s general que la gente del pueblo y la regi\u00f3n debe conocer.\" \/>\n<meta property=\"og:url\" content=\"https:\/\/www.celttv.com.ar\/index.php\/2023\/05\/05\/se-pintara-un-mural-por-el-dia-internacional-contra-el-acoso-escolar-o-bullying-en-la-pista-de-atletismo\/\" \/>\n<meta property=\"og:site_name\" content=\"CELTTV\" \/>\n<meta property=\"article:publisher\" content=\"https:\/\/www.facebook.com\/celtTV\/\" \/>\n<meta property=\"article:published_time\" content=\"2023-05-05T13:41:17+00:00\" \/>\n<meta property=\"og:image\" content=\"https:\/\/www.celttv.com.ar\/wp-content\/uploads\/2023\/05\/imagen-1.jpg\" \/>\n\t<meta property=\"og:image:width\" content=\"1077\" \/>\n\t<meta property=\"og:image:height\" content=\"703\" \/>\n\t<meta property=\"og:image:type\" content=\"image\/jpeg\" \/>\n<meta name=\"author\" content=\"Rodrigo Sgammini\" \/>\n<meta name=\"twitter:card\" content=\"summary_large_image\" \/>\n<meta name=\"twitter:label1\" content=\"Escrito por\" \/>\n\t<meta name=\"twitter:data1\" content=\"Rodrigo Sgammini\" \/>\n<script type=\"application\/ld+json\" class=\"yoast-schema-graph\">{\"@context\":\"https:\/\/schema.org\",\"@graph\":[{\"@type\":\"NewsArticle\",\"@id\":\"https:\/\/www.celttv.com.ar\/index.php\/2023\/05\/05\/se-pintara-un-mural-por-el-dia-internacional-contra-el-acoso-escolar-o-bullying-en-la-pista-de-atletismo\/#article\",\"isPartOf\":{\"@id\":\"https:\/\/www.celttv.com.ar\/index.php\/2023\/05\/05\/se-pintara-un-mural-por-el-dia-internacional-contra-el-acoso-escolar-o-bullying-en-la-pista-de-atletismo\/\"},\"author\":{\"name\":\"Rodrigo Sgammini\",\"@id\":\"https:\/\/www.celttv.com.ar\/#\/schema\/person\/495be51d064edd971d8457f8f64eb172\"},\"headline\":\"Se pintar\u00e1 un mural por el D\u00eda Internacional contra el Acoso Escolar o Bullying en la Pista de Atletismo\",\"datePublished\":\"2023-05-05T13:41:17+00:00\",\"dateModified\":\"2023-05-05T13:41:17+00:00\",\"mainEntityOfPage\":{\"@id\":\"https:\/\/www.celttv.com.ar\/index.php\/2023\/05\/05\/se-pintara-un-mural-por-el-dia-internacional-contra-el-acoso-escolar-o-bullying-en-la-pista-de-atletismo\/\"},\"wordCount\":84,\"publisher\":{\"@id\":\"https:\/\/www.celttv.com.ar\/#organization\"},\"articleSection\":[\"Celt TV Noticias\"],\"inLanguage\":\"es\"},{\"@type\":\"WebPage\",\"@id\":\"https:\/\/www.celttv.com.ar\/index.php\/2023\/05\/05\/se-pintara-un-mural-por-el-dia-internacional-contra-el-acoso-escolar-o-bullying-en-la-pista-de-atletismo\/\",\"url\":\"https:\/\/www.celttv.com.ar\/index.php\/2023\/05\/05\/se-pintara-un-mural-por-el-dia-internacional-contra-el-acoso-escolar-o-bullying-en-la-pista-de-atletismo\/\",\"name\":\"Se pintar\u00e1 un mural por el D\u00eda Internacional contra el Acoso Escolar o Bullying en la Pista de Atletismo - CELTTV\",\"isPartOf\":{\"@id\":\"https:\/\/www.celttv.com.ar\/#website\"},\"datePublished\":\"2023-05-05T13:41:17+00:00\",\"dateModified\":\"2023-05-05T13:41:17+00:00\",\"description\":\"Sitio web de noticias de la localidad de Tornquist, provincia de Buenos Aires, Rep\u00fablica Argentina. Contenido propio originado por periodistas de CELTTV, el canal de TV local de la Cooperativa El\u00e9ctrica de Tornquist. Turismo, Pol\u00edtica, Sociedad, Deporte, Cultura y todo el contenido de inter\u00e9s general que la gente del pueblo y la regi\u00f3n debe conocer.\",\"breadcrumb\":{\"@id\":\"https:\/\/www.celttv.com.ar\/index.php\/2023\/05\/05\/se-pintara-un-mural-por-el-dia-internacional-contra-el-acoso-escolar-o-bullying-en-la-pista-de-atletismo\/#breadcrumb\"},\"inLanguage\":\"es\",\"potentialAction\":[{\"@type\":\"ReadAction\",\"target\":[\"https:\/\/www.celttv.com.ar\/index.php\/2023\/05\/05\/se-pintara-un-mural-por-el-dia-internacional-contra-el-acoso-escolar-o-bullying-en-la-pista-de-atletismo\/\"]}]},{\"@type\":\"BreadcrumbList\",\"@id\":\"https:\/\/www.celttv.com.ar\/index.php\/2023\/05\/05\/se-pintara-un-mural-por-el-dia-internacional-contra-el-acoso-escolar-o-bullying-en-la-pista-de-atletismo\/#breadcrumb\",\"itemListElement\":[{\"@type\":\"ListItem\",\"position\":1,\"name\":\"Inicio\",\"item\":\"https:\/\/www.celttv.com.ar\/\"},{\"@type\":\"ListItem\",\"position\":2,\"name\":\"Se pintar\u00e1 un mural por el D\u00eda Internacional contra el Acoso Escolar o Bullying en la Pista de Atletismo\"}]},{\"@type\":\"WebSite\",\"@id\":\"https:\/\/www.celttv.com.ar\/#website\",\"url\":\"https:\/\/www.celttv.com.ar\/\",\"name\":\"CELTTV\",\"description\":\"Cooperativa El\u00e9ctrica de Tornquist\",\"publisher\":{\"@id\":\"https:\/\/www.celttv.com.ar\/#organization\"},\"potentialAction\":[{\"@type\":\"SearchAction\",\"target\":{\"@type\":\"EntryPoint\",\"urlTemplate\":\"https:\/\/www.celttv.com.ar\/?s={search_term_string}\"},\"query-input\":\"required name=search_term_string\"}],\"inLanguage\":\"es\"},{\"@type\":\"Organization\",\"@id\":\"https:\/\/www.celttv.com.ar\/#organization\",\"name\":\"CELTTV\",\"url\":\"https:\/\/www.celttv.com.ar\/\",\"sameAs\":[\"https:\/\/www.youtube.com\/channel\/UCz_oIt8Hig64Ub-EmcNPIhg\",\"https:\/\/www.facebook.com\/celtTV\/\"],\"logo\":{\"@type\":\"ImageObject\",\"inLanguage\":\"es\",\"@id\":\"https:\/\/www.celttv.com.ar\/#\/schema\/logo\/image\/\",\"url\":\"http:\/\/www.celttv.com.ar\/wp-content\/uploads\/2022\/08\/logo-1.png\",\"contentUrl\":\"http:\/\/www.celttv.com.ar\/wp-content\/uploads\/2022\/08\/logo-1.png\",\"width\":461,\"height\":159,\"caption\":\"CELTTV\"},\"image\":{\"@id\":\"https:\/\/www.celttv.com.ar\/#\/schema\/logo\/image\/\"}},{\"@type\":\"Person\",\"@id\":\"https:\/\/www.celttv.com.ar\/#\/schema\/person\/495be51d064edd971d8457f8f64eb172\",\"name\":\"Rodrigo Sgammini\",\"image\":{\"@type\":\"ImageObject\",\"inLanguage\":\"es\",\"@id\":\"https:\/\/www.celttv.com.ar\/#\/schema\/person\/image\/\",\"url\":\"https:\/\/secure.gravatar.com\/avatar\/68f7848d42735e7a9276b47cd6e606327d88f521c51ae39d88888b76902e2987?s=96&d=mm&r=g\",\"contentUrl\":\"https:\/\/secure.gravatar.com\/avatar\/68f7848d42735e7a9276b47cd6e606327d88f521c51ae39d88888b76902e2987?s=96&d=mm&r=g\",\"caption\":\"Rodrigo Sgammini\"}}]}<\/script>\n<!-- \/ Yoast SEO plugin. -->","yoast_head_json":{"title":"Se pintar\u00e1 un mural por el D\u00eda Internacional contra el Acoso Escolar o Bullying en la Pista de Atletismo - CELTTV","description":"Sitio web de noticias de la localidad de Tornquist, provincia de Buenos Aires, Rep\u00fablica Argentina. Contenido propio originado por periodistas de CELTTV, el canal de TV local de la Cooperativa El\u00e9ctrica de Tornquist. Turismo, Pol\u00edtica, Sociedad, Deporte, Cultura y todo el contenido de inter\u00e9s general que la gente del pueblo y la regi\u00f3n debe conocer.","robots":{"index":"index","follow":"follow","max-snippet":"max-snippet:-1","max-image-preview":"max-image-preview:large","max-video-preview":"max-video-preview:-1"},"canonical":"https:\/\/www.celttv.com.ar\/index.php\/2023\/05\/05\/se-pintara-un-mural-por-el-dia-internacional-contra-el-acoso-escolar-o-bullying-en-la-pista-de-atletismo\/","og_locale":"es_ES","og_type":"article","og_title":"Se pintar\u00e1 un mural por el D\u00eda Internacional contra el Acoso Escolar o Bullying en la Pista de Atletismo - CELTTV","og_description":"Sitio web de noticias de la localidad de Tornquist, provincia de Buenos Aires, Rep\u00fablica Argentina. Contenido propio originado por periodistas de CELTTV, el canal de TV local de la Cooperativa El\u00e9ctrica de Tornquist. Turismo, Pol\u00edtica, Sociedad, Deporte, Cultura y todo el contenido de inter\u00e9s general que la gente del pueblo y la regi\u00f3n debe conocer.","og_url":"https:\/\/www.celttv.com.ar\/index.php\/2023\/05\/05\/se-pintara-un-mural-por-el-dia-internacional-contra-el-acoso-escolar-o-bullying-en-la-pista-de-atletismo\/","og_site_name":"CELTTV","article_publisher":"https:\/\/www.facebook.com\/celtTV\/","article_published_time":"2023-05-05T13:41:17+00:00","og_image":[{"width":1077,"height":703,"url":"https:\/\/www.celttv.com.ar\/wp-content\/uploads\/2023\/05\/imagen-1.jpg","type":"image\/jpeg"}],"author":"Rodrigo Sgammini","twitter_card":"summary_large_image","twitter_misc":{"Escrito por":"Rodrigo Sgammini"},"schema":{"@context":"https:\/\/schema.org","@graph":[{"@type":"NewsArticle","@id":"https:\/\/www.celttv.com.ar\/index.php\/2023\/05\/05\/se-pintara-un-mural-por-el-dia-internacional-contra-el-acoso-escolar-o-bullying-en-la-pista-de-atletismo\/#article","isPartOf":{"@id":"https:\/\/www.celttv.com.ar\/index.php\/2023\/05\/05\/se-pintara-un-mural-por-el-dia-internacional-contra-el-acoso-escolar-o-bullying-en-la-pista-de-atletismo\/"},"author":{"name":"Rodrigo Sgammini","@id":"https:\/\/www.celttv.com.ar\/#\/schema\/person\/495be51d064edd971d8457f8f64eb172"},"headline":"Se pintar\u00e1 un mural por el D\u00eda Internacional contra el Acoso Escolar o Bullying en la Pista de Atletismo","datePublished":"2023-05-05T13:41:17+00:00","dateModified":"2023-05-05T13:41:17+00:00","mainEntityOfPage":{"@id":"https:\/\/www.celttv.com.ar\/index.php\/2023\/05\/05\/se-pintara-un-mural-por-el-dia-internacional-contra-el-acoso-escolar-o-bullying-en-la-pista-de-atletismo\/"},"wordCount":84,"publisher":{"@id":"https:\/\/www.celttv.com.ar\/#organization"},"articleSection":["Celt TV Noticias"],"inLanguage":"es"},{"@type":"WebPage","@id":"https:\/\/www.celttv.com.ar\/index.php\/2023\/05\/05\/se-pintara-un-mural-por-el-dia-internacional-contra-el-acoso-escolar-o-bullying-en-la-pista-de-atletismo\/","url":"https:\/\/www.celttv.com.ar\/index.php\/2023\/05\/05\/se-pintara-un-mural-por-el-dia-internacional-contra-el-acoso-escolar-o-bullying-en-la-pista-de-atletismo\/","name":"Se pintar\u00e1 un mural por el D\u00eda Internacional contra el Acoso Escolar o Bullying en la Pista de Atletismo - CELTTV","isPartOf":{"@id":"https:\/\/www.celttv.com.ar\/#website"},"datePublished":"2023-05-05T13:41:17+00:00","dateModified":"2023-05-05T13:41:17+00:00","description":"Sitio web de noticias de la localidad de Tornquist, provincia de Buenos Aires, Rep\u00fablica Argentina. Contenido propio originado por periodistas de CELTTV, el canal de TV local de la Cooperativa El\u00e9ctrica de Tornquist. Turismo, Pol\u00edtica, Sociedad, Deporte, Cultura y todo el contenido de inter\u00e9s general que la gente del pueblo y la regi\u00f3n debe conocer.","breadcrumb":{"@id":"https:\/\/www.celttv.com.ar\/index.php\/2023\/05\/05\/se-pintara-un-mural-por-el-dia-internacional-contra-el-acoso-escolar-o-bullying-en-la-pista-de-atletismo\/#breadcrumb"},"inLanguage":"es","potentialAction":[{"@type":"ReadAction","target":["https:\/\/www.celttv.com.ar\/index.php\/2023\/05\/05\/se-pintara-un-mural-por-el-dia-internacional-contra-el-acoso-escolar-o-bullying-en-la-pista-de-atletismo\/"]}]},{"@type":"BreadcrumbList","@id":"https:\/\/www.celttv.com.ar\/index.php\/2023\/05\/05\/se-pintara-un-mural-por-el-dia-internacional-contra-el-acoso-escolar-o-bullying-en-la-pista-de-atletismo\/#breadcrumb","itemListElement":[{"@type":"ListItem","position":1,"name":"Inicio","item":"https:\/\/www.celttv.com.ar\/"},{"@type":"ListItem","position":2,"name":"Se pintar\u00e1 un mural por el D\u00eda Internacional contra el Acoso Escolar o Bullying en la Pista de Atletismo"}]},{"@type":"WebSite","@id":"https:\/\/www.celttv.com.ar\/#website","url":"https:\/\/www.celttv.com.ar\/","name":"CELTTV","description":"Cooperativa El\u00e9ctrica de Tornquist","publisher":{"@id":"https:\/\/www.celttv.com.ar\/#organization"},"potentialAction":[{"@type":"SearchAction","target":{"@type":"EntryPoint","urlTemplate":"https:\/\/www.celttv.com.ar\/?s={search_term_string}"},"query-input":"required name=search_term_string"}],"inLanguage":"es"},{"@type":"Organization","@id":"https:\/\/www.celttv.com.ar\/#organization","name":"CELTTV","url":"https:\/\/www.celttv.com.ar\/","sameAs":["https:\/\/www.youtube.com\/channel\/UCz_oIt8Hig64Ub-EmcNPIhg","https:\/\/www.facebook.com\/celtTV\/"],"logo":{"@type":"ImageObject","inLanguage":"es","@id":"https:\/\/www.celttv.com.ar\/#\/schema\/logo\/image\/","url":"http:\/\/www.celttv.com.ar\/wp-content\/uploads\/2022\/08\/logo-1.png","contentUrl":"http:\/\/www.celttv.com.ar\/wp-content\/uploads\/2022\/08\/logo-1.png","width":461,"height":159,"caption":"CELTTV"},"image":{"@id":"https:\/\/www.celttv.com.ar\/#\/schema\/logo\/image\/"}},{"@type":"Person","@id":"https:\/\/www.celttv.com.ar\/#\/schema\/person\/495be51d064edd971d8457f8f64eb172","name":"Rodrigo Sgammini","image":{"@type":"ImageObject","inLanguage":"es","@id":"https:\/\/www.celttv.com.ar\/#\/schema\/person\/image\/","url":"https:\/\/secure.gravatar.com\/avatar\/68f7848d42735e7a9276b47cd6e606327d88f521c51ae39d88888b76902e2987?s=96&d=mm&r=g","contentUrl":"https:\/\/secure.gravatar.com\/avatar\/68f7848d42735e7a9276b47cd6e606327d88f521c51ae39d88888b76902e2987?s=96&d=mm&r=g","caption":"Rodrigo Sgammini"}}]}},"_links":{"self":[{"href":"https:\/\/www.celttv.com.ar\/index.php\/wp-json\/wp\/v2\/posts\/75599","targetHints":{"allow":["GET"]}}],"collection":[{"href":"https:\/\/www.celttv.com.ar\/index.php\/wp-json\/wp\/v2\/posts"}],"about":[{"href":"https:\/\/www.celttv.com.ar\/index.php\/wp-json\/wp\/v2\/types\/post"}],"author":[{"embeddable":true,"href":"https:\/\/www.celttv.com.ar\/index.php\/wp-json\/wp\/v2\/users\/3"}],"replies":[{"embeddable":true,"href":"https:\/\/www.celttv.com.ar\/index.php\/wp-json\/wp\/v2\/comments?post=75599"}],"version-history":[{"count":1,"href":"https:\/\/www.celttv.com.ar\/index.php\/wp-json\/wp\/v2\/posts\/75599\/revisions"}],"predecessor-version":[{"id":75602,"href":"https:\/\/www.celttv.com.ar\/index.php\/wp-json\/wp\/v2\/posts\/75599\/revisions\/75602"}],"wp:featuredmedia":[{"embeddable":true,"href":"https:\/\/www.celttv.com.ar\/index.php\/wp-json\/wp\/v2\/media\/75601"}],"wp:attachment":[{"href":"https:\/\/www.celttv.com.ar\/index.php\/wp-json\/wp\/v2\/media?parent=75599"}],"wp:term":[{"taxonomy":"category","embeddable":true,"href":"https:\/\/www.celttv.com.ar\/index.php\/wp-json\/wp\/v2\/categories?post=75599"},{"taxonomy":"post_tag","embeddable":true,"href":"https:\/\/www.celttv.com.ar\/index.php\/wp-json\/wp\/v2\/tags?post=75599"}],"curies":[{"name":"wp","href":"https:\/\/api.w.org\/{rel}","templated":true}]}}