{"id":75603,"date":"2023-05-05T11:05:09","date_gmt":"2023-05-05T14:05:09","guid":{"rendered":"http:\/\/www.celttv.com.ar\/?p=75603"},"modified":"2023-05-05T11:13:46","modified_gmt":"2023-05-05T14:13:46","slug":"un-grupo-de-padres-solicito-a-las-autoridades-de-la-escuela-n-1-apartar-del-cargo-a-una-profesional-cuya-pareja-tiene-una-causa-con-la-justicia","status":"publish","type":"post","link":"https:\/\/www.celttv.com.ar\/index.php\/2023\/05\/05\/un-grupo-de-padres-solicito-a-las-autoridades-de-la-escuela-n-1-apartar-del-cargo-a-una-profesional-cuya-pareja-tiene-una-causa-con-la-justicia\/","title":{"rendered":"Un grupo de padres solicit\u00f3 a las autoridades de la Escuela N\u00b0 1 apartar del cargo a una profesional cuya pareja tiene una causa con la justicia"},"content":{"rendered":"<p>Un grupo de padres se hizo presente \u00e9sta ma\u00f1ana frente a las instalaciones de la Escuela N\u00b0 1 &#8220;Domingo F. Sarmiento&#8221;, para solicitar a las autoridades del establecimiento que se aparte del cargo a una profesional de la salud (Fonoaudi\u00f3loga) que hab\u00eda sido trasladada a dicho lugar para desempe\u00f1ar su profesi\u00f3n.<\/p>\n<p>El reclamo es porque el marido de la misma, tiene una causa en la justicia sobre pornograf\u00eda infantil.<\/p>\n<p>Lo se\u00f1alado por los padres es que no quieren que la profesional tenga trato con sus hijos y, a su vez, solicitan saber qu\u00e9 tipo de vinculaci\u00f3n podr\u00eda tener la misma con la causa judicial en cuesti\u00f3n.<\/p>\n<p>Si bien las autoridades de la escuela no estaban presentes para recibir el reclamo, posteriormente los padres se dirigieron hasta la oficina de la Jefatura de Inspecci\u00f3n para trasladar su inquietud sobre el tema.<\/p>\n<p>Este medio se comunic\u00f3 con dicha jefatura y se indic\u00f3 que se estaba trabajando sobre el tema y que por normativa no pod\u00edan dar informaci\u00f3n.<\/p>\n<p>Hoy a las 14 hs, los padres se reunir\u00e1n en Jefatura de Inspecci\u00f3n.<\/p>\n<p>Foto: NT<\/p>\n<p><img loading=\"lazy\" decoding=\"async\" class=\"alignnone wp-image-75604 size-large\" src=\"http:\/\/www.celttv.com.ar\/wp-content\/uploads\/2023\/05\/4aa479bd2b804620aad7c12c76e6bee0.jpg_1600-1024x576.jpg\" alt=\"\" width=\"1024\" height=\"576\" srcset=\"https:\/\/www.celttv.com.ar\/wp-content\/uploads\/2023\/05\/4aa479bd2b804620aad7c12c76e6bee0.jpg_1600-1024x576.jpg 1024w, https:\/\/www.celttv.com.ar\/wp-content\/uploads\/2023\/05\/4aa479bd2b804620aad7c12c76e6bee0.jpg_1600-300x169.jpg 300w, https:\/\/www.celttv.com.ar\/wp-content\/uploads\/2023\/05\/4aa479bd2b804620aad7c12c76e6bee0.jpg_1600-768x432.jpg 768w, https:\/\/www.celttv.com.ar\/wp-content\/uploads\/2023\/05\/4aa479bd2b804620aad7c12c76e6bee0.jpg_1600-1536x864.jpg 1536w, https:\/\/www.celttv.com.ar\/wp-content\/uploads\/2023\/05\/4aa479bd2b804620aad7c12c76e6bee0.jpg_1600-750x422.jpg 750w, https:\/\/www.celttv.com.ar\/wp-content\/uploads\/2023\/05\/4aa479bd2b804620aad7c12c76e6bee0.jpg_1600-1140x641.jpg 1140w, https:\/\/www.celttv.com.ar\/wp-content\/uploads\/2023\/05\/4aa479bd2b804620aad7c12c76e6bee0.jpg_1600.jpg 1600w\" sizes=\"auto, (max-width: 1024px) 100vw, 1024px\" \/><\/p>\n","protected":false},"excerpt":{"rendered":"<p>Un grupo de padres se hizo presente \u00e9sta ma\u00f1ana frente a las instalaciones de la Escuela N\u00b0 1 &#8220;Domingo F. Sarmiento&#8221;, para solicitar a las autoridades del establecimiento que se aparte del cargo a una profesional de la salud (Fonoaudi\u00f3loga) que hab\u00eda sido trasladada a dicho lugar para desempe\u00f1ar su profesi\u00f3n. El reclamo es porque [&hellip;]<\/p>\n","protected":false},"author":3,"featured_media":75604,"comment_status":"closed","ping_status":"closed","sticky":false,"template":"","format":"standard","meta":{"footnotes":""},"categories":[55],"tags":[],"class_list":["post-75603","post","type-post","status-publish","format-standard","has-post-thumbnail","hentry","category-celt-tv-noticias"],"yoast_head":"<!-- This site is optimized with the Yoast SEO plugin v19.7.1 - https:\/\/yoast.com\/wordpress\/plugins\/seo\/ -->\n<title>Un grupo de padres solicit\u00f3 a las autoridades de la Escuela N\u00b0 1 apartar del cargo a una profesional cuya pareja tiene una causa con la justicia - CELTTV<\/title>\n<meta name=\"description\" content=\"Sitio web de noticias de la localidad de Tornquist, provincia de Buenos Aires, Rep\u00fablica Argentina. Contenido propio originado por periodistas de CELTTV, el canal de TV local de la Cooperativa El\u00e9ctrica de Tornquist. Turismo, Pol\u00edtica, Sociedad, Deporte, Cultura y todo el contenido de inter\u00e9s general que la gente del pueblo y la regi\u00f3n debe conocer.\" \/>\n<meta name=\"robots\" content=\"index, follow, max-snippet:-1, max-image-preview:large, max-video-preview:-1\" \/>\n<link rel=\"canonical\" href=\"https:\/\/www.celttv.com.ar\/index.php\/2023\/05\/05\/un-grupo-de-padres-solicito-a-las-autoridades-de-la-escuela-n-1-apartar-del-cargo-a-una-profesional-cuya-pareja-tiene-una-causa-con-la-justicia\/\" \/>\n<meta property=\"og:locale\" content=\"es_ES\" \/>\n<meta property=\"og:type\" content=\"article\" \/>\n<meta property=\"og:title\" content=\"Un grupo de padres solicit\u00f3 a las autoridades de la Escuela N\u00b0 1 apartar del cargo a una profesional cuya pareja tiene una causa con la justicia - CELTTV\" \/>\n<meta property=\"og:description\" content=\"Sitio web de noticias de la localidad de Tornquist, provincia de Buenos Aires, Rep\u00fablica Argentina. Contenido propio originado por periodistas de CELTTV, el canal de TV local de la Cooperativa El\u00e9ctrica de Tornquist. Turismo, Pol\u00edtica, Sociedad, Deporte, Cultura y todo el contenido de inter\u00e9s general que la gente del pueblo y la regi\u00f3n debe conocer.\" \/>\n<meta property=\"og:url\" content=\"https:\/\/www.celttv.com.ar\/index.php\/2023\/05\/05\/un-grupo-de-padres-solicito-a-las-autoridades-de-la-escuela-n-1-apartar-del-cargo-a-una-profesional-cuya-pareja-tiene-una-causa-con-la-justicia\/\" \/>\n<meta property=\"og:site_name\" content=\"CELTTV\" \/>\n<meta property=\"article:publisher\" content=\"https:\/\/www.facebook.com\/celtTV\/\" \/>\n<meta property=\"article:published_time\" content=\"2023-05-05T14:05:09+00:00\" \/>\n<meta property=\"article:modified_time\" content=\"2023-05-05T14:13:46+00:00\" \/>\n<meta property=\"og:image\" content=\"https:\/\/www.celttv.com.ar\/wp-content\/uploads\/2023\/05\/4aa479bd2b804620aad7c12c76e6bee0.jpg_1600.jpg\" \/>\n\t<meta property=\"og:image:width\" content=\"1600\" \/>\n\t<meta property=\"og:image:height\" content=\"900\" \/>\n\t<meta property=\"og:image:type\" content=\"image\/jpeg\" \/>\n<meta name=\"author\" content=\"Rodrigo Sgammini\" \/>\n<meta name=\"twitter:card\" content=\"summary_large_image\" \/>\n<meta name=\"twitter:label1\" content=\"Escrito por\" \/>\n\t<meta name=\"twitter:data1\" content=\"Rodrigo Sgammini\" \/>\n\t<meta name=\"twitter:label2\" content=\"Tiempo de lectura\" \/>\n\t<meta name=\"twitter:data2\" content=\"1 minuto\" \/>\n<script type=\"application\/ld+json\" class=\"yoast-schema-graph\">{\"@context\":\"https:\/\/schema.org\",\"@graph\":[{\"@type\":\"NewsArticle\",\"@id\":\"https:\/\/www.celttv.com.ar\/index.php\/2023\/05\/05\/un-grupo-de-padres-solicito-a-las-autoridades-de-la-escuela-n-1-apartar-del-cargo-a-una-profesional-cuya-pareja-tiene-una-causa-con-la-justicia\/#article\",\"isPartOf\":{\"@id\":\"https:\/\/www.celttv.com.ar\/index.php\/2023\/05\/05\/un-grupo-de-padres-solicito-a-las-autoridades-de-la-escuela-n-1-apartar-del-cargo-a-una-profesional-cuya-pareja-tiene-una-causa-con-la-justicia\/\"},\"author\":{\"name\":\"Rodrigo Sgammini\",\"@id\":\"https:\/\/www.celttv.com.ar\/#\/schema\/person\/495be51d064edd971d8457f8f64eb172\"},\"headline\":\"Un grupo de padres solicit\u00f3 a las autoridades de la Escuela N\u00b0 1 apartar del cargo a una profesional cuya pareja tiene una causa con la justicia\",\"datePublished\":\"2023-05-05T14:05:09+00:00\",\"dateModified\":\"2023-05-05T14:13:46+00:00\",\"mainEntityOfPage\":{\"@id\":\"https:\/\/www.celttv.com.ar\/index.php\/2023\/05\/05\/un-grupo-de-padres-solicito-a-las-autoridades-de-la-escuela-n-1-apartar-del-cargo-a-una-profesional-cuya-pareja-tiene-una-causa-con-la-justicia\/\"},\"wordCount\":219,\"publisher\":{\"@id\":\"https:\/\/www.celttv.com.ar\/#organization\"},\"articleSection\":[\"Celt TV Noticias\"],\"inLanguage\":\"es\"},{\"@type\":\"WebPage\",\"@id\":\"https:\/\/www.celttv.com.ar\/index.php\/2023\/05\/05\/un-grupo-de-padres-solicito-a-las-autoridades-de-la-escuela-n-1-apartar-del-cargo-a-una-profesional-cuya-pareja-tiene-una-causa-con-la-justicia\/\",\"url\":\"https:\/\/www.celttv.com.ar\/index.php\/2023\/05\/05\/un-grupo-de-padres-solicito-a-las-autoridades-de-la-escuela-n-1-apartar-del-cargo-a-una-profesional-cuya-pareja-tiene-una-causa-con-la-justicia\/\",\"name\":\"Un grupo de padres solicit\u00f3 a las autoridades de la Escuela N\u00b0 1 apartar del cargo a una profesional cuya pareja tiene una causa con la justicia - CELTTV\",\"isPartOf\":{\"@id\":\"https:\/\/www.celttv.com.ar\/#website\"},\"datePublished\":\"2023-05-05T14:05:09+00:00\",\"dateModified\":\"2023-05-05T14:13:46+00:00\",\"description\":\"Sitio web de noticias de la localidad de Tornquist, provincia de Buenos Aires, Rep\u00fablica Argentina. Contenido propio originado por periodistas de CELTTV, el canal de TV local de la Cooperativa El\u00e9ctrica de Tornquist. Turismo, Pol\u00edtica, Sociedad, Deporte, Cultura y todo el contenido de inter\u00e9s general que la gente del pueblo y la regi\u00f3n debe conocer.\",\"breadcrumb\":{\"@id\":\"https:\/\/www.celttv.com.ar\/index.php\/2023\/05\/05\/un-grupo-de-padres-solicito-a-las-autoridades-de-la-escuela-n-1-apartar-del-cargo-a-una-profesional-cuya-pareja-tiene-una-causa-con-la-justicia\/#breadcrumb\"},\"inLanguage\":\"es\",\"potentialAction\":[{\"@type\":\"ReadAction\",\"target\":[\"https:\/\/www.celttv.com.ar\/index.php\/2023\/05\/05\/un-grupo-de-padres-solicito-a-las-autoridades-de-la-escuela-n-1-apartar-del-cargo-a-una-profesional-cuya-pareja-tiene-una-causa-con-la-justicia\/\"]}]},{\"@type\":\"BreadcrumbList\",\"@id\":\"https:\/\/www.celttv.com.ar\/index.php\/2023\/05\/05\/un-grupo-de-padres-solicito-a-las-autoridades-de-la-escuela-n-1-apartar-del-cargo-a-una-profesional-cuya-pareja-tiene-una-causa-con-la-justicia\/#breadcrumb\",\"itemListElement\":[{\"@type\":\"ListItem\",\"position\":1,\"name\":\"Inicio\",\"item\":\"https:\/\/www.celttv.com.ar\/\"},{\"@type\":\"ListItem\",\"position\":2,\"name\":\"Un grupo de padres solicit\u00f3 a las autoridades de la Escuela N\u00b0 1 apartar del cargo a una profesional cuya pareja tiene una causa con la justicia\"}]},{\"@type\":\"WebSite\",\"@id\":\"https:\/\/www.celttv.com.ar\/#website\",\"url\":\"https:\/\/www.celttv.com.ar\/\",\"name\":\"CELTTV\",\"description\":\"Cooperativa El\u00e9ctrica de Tornquist\",\"publisher\":{\"@id\":\"https:\/\/www.celttv.com.ar\/#organization\"},\"potentialAction\":[{\"@type\":\"SearchAction\",\"target\":{\"@type\":\"EntryPoint\",\"urlTemplate\":\"https:\/\/www.celttv.com.ar\/?s={search_term_string}\"},\"query-input\":\"required name=search_term_string\"}],\"inLanguage\":\"es\"},{\"@type\":\"Organization\",\"@id\":\"https:\/\/www.celttv.com.ar\/#organization\",\"name\":\"CELTTV\",\"url\":\"https:\/\/www.celttv.com.ar\/\",\"sameAs\":[\"https:\/\/www.youtube.com\/channel\/UCz_oIt8Hig64Ub-EmcNPIhg\",\"https:\/\/www.facebook.com\/celtTV\/\"],\"logo\":{\"@type\":\"ImageObject\",\"inLanguage\":\"es\",\"@id\":\"https:\/\/www.celttv.com.ar\/#\/schema\/logo\/image\/\",\"url\":\"http:\/\/www.celttv.com.ar\/wp-content\/uploads\/2022\/08\/logo-1.png\",\"contentUrl\":\"http:\/\/www.celttv.com.ar\/wp-content\/uploads\/2022\/08\/logo-1.png\",\"width\":461,\"height\":159,\"caption\":\"CELTTV\"},\"image\":{\"@id\":\"https:\/\/www.celttv.com.ar\/#\/schema\/logo\/image\/\"}},{\"@type\":\"Person\",\"@id\":\"https:\/\/www.celttv.com.ar\/#\/schema\/person\/495be51d064edd971d8457f8f64eb172\",\"name\":\"Rodrigo Sgammini\",\"image\":{\"@type\":\"ImageObject\",\"inLanguage\":\"es\",\"@id\":\"https:\/\/www.celttv.com.ar\/#\/schema\/person\/image\/\",\"url\":\"https:\/\/secure.gravatar.com\/avatar\/68f7848d42735e7a9276b47cd6e606327d88f521c51ae39d88888b76902e2987?s=96&d=mm&r=g\",\"contentUrl\":\"https:\/\/secure.gravatar.com\/avatar\/68f7848d42735e7a9276b47cd6e606327d88f521c51ae39d88888b76902e2987?s=96&d=mm&r=g\",\"caption\":\"Rodrigo Sgammini\"}}]}<\/script>\n<!-- \/ Yoast SEO plugin. -->","yoast_head_json":{"title":"Un grupo de padres solicit\u00f3 a las autoridades de la Escuela N\u00b0 1 apartar del cargo a una profesional cuya pareja tiene una causa con la justicia - CELTTV","description":"Sitio web de noticias de la localidad de Tornquist, provincia de Buenos Aires, Rep\u00fablica Argentina. Contenido propio originado por periodistas de CELTTV, el canal de TV local de la Cooperativa El\u00e9ctrica de Tornquist. Turismo, Pol\u00edtica, Sociedad, Deporte, Cultura y todo el contenido de inter\u00e9s general que la gente del pueblo y la regi\u00f3n debe conocer.","robots":{"index":"index","follow":"follow","max-snippet":"max-snippet:-1","max-image-preview":"max-image-preview:large","max-video-preview":"max-video-preview:-1"},"canonical":"https:\/\/www.celttv.com.ar\/index.php\/2023\/05\/05\/un-grupo-de-padres-solicito-a-las-autoridades-de-la-escuela-n-1-apartar-del-cargo-a-una-profesional-cuya-pareja-tiene-una-causa-con-la-justicia\/","og_locale":"es_ES","og_type":"article","og_title":"Un grupo de padres solicit\u00f3 a las autoridades de la Escuela N\u00b0 1 apartar del cargo a una profesional cuya pareja tiene una causa con la justicia - CELTTV","og_description":"Sitio web de noticias de la localidad de Tornquist, provincia de Buenos Aires, Rep\u00fablica Argentina. Contenido propio originado por periodistas de CELTTV, el canal de TV local de la Cooperativa El\u00e9ctrica de Tornquist. Turismo, Pol\u00edtica, Sociedad, Deporte, Cultura y todo el contenido de inter\u00e9s general que la gente del pueblo y la regi\u00f3n debe conocer.","og_url":"https:\/\/www.celttv.com.ar\/index.php\/2023\/05\/05\/un-grupo-de-padres-solicito-a-las-autoridades-de-la-escuela-n-1-apartar-del-cargo-a-una-profesional-cuya-pareja-tiene-una-causa-con-la-justicia\/","og_site_name":"CELTTV","article_publisher":"https:\/\/www.facebook.com\/celtTV\/","article_published_time":"2023-05-05T14:05:09+00:00","article_modified_time":"2023-05-05T14:13:46+00:00","og_image":[{"width":1600,"height":900,"url":"https:\/\/www.celttv.com.ar\/wp-content\/uploads\/2023\/05\/4aa479bd2b804620aad7c12c76e6bee0.jpg_1600.jpg","type":"image\/jpeg"}],"author":"Rodrigo Sgammini","twitter_card":"summary_large_image","twitter_misc":{"Escrito por":"Rodrigo Sgammini","Tiempo de lectura":"1 minuto"},"schema":{"@context":"https:\/\/schema.org","@graph":[{"@type":"NewsArticle","@id":"https:\/\/www.celttv.com.ar\/index.php\/2023\/05\/05\/un-grupo-de-padres-solicito-a-las-autoridades-de-la-escuela-n-1-apartar-del-cargo-a-una-profesional-cuya-pareja-tiene-una-causa-con-la-justicia\/#article","isPartOf":{"@id":"https:\/\/www.celttv.com.ar\/index.php\/2023\/05\/05\/un-grupo-de-padres-solicito-a-las-autoridades-de-la-escuela-n-1-apartar-del-cargo-a-una-profesional-cuya-pareja-tiene-una-causa-con-la-justicia\/"},"author":{"name":"Rodrigo Sgammini","@id":"https:\/\/www.celttv.com.ar\/#\/schema\/person\/495be51d064edd971d8457f8f64eb172"},"headline":"Un grupo de padres solicit\u00f3 a las autoridades de la Escuela N\u00b0 1 apartar del cargo a una profesional cuya pareja tiene una causa con la justicia","datePublished":"2023-05-05T14:05:09+00:00","dateModified":"2023-05-05T14:13:46+00:00","mainEntityOfPage":{"@id":"https:\/\/www.celttv.com.ar\/index.php\/2023\/05\/05\/un-grupo-de-padres-solicito-a-las-autoridades-de-la-escuela-n-1-apartar-del-cargo-a-una-profesional-cuya-pareja-tiene-una-causa-con-la-justicia\/"},"wordCount":219,"publisher":{"@id":"https:\/\/www.celttv.com.ar\/#organization"},"articleSection":["Celt TV Noticias"],"inLanguage":"es"},{"@type":"WebPage","@id":"https:\/\/www.celttv.com.ar\/index.php\/2023\/05\/05\/un-grupo-de-padres-solicito-a-las-autoridades-de-la-escuela-n-1-apartar-del-cargo-a-una-profesional-cuya-pareja-tiene-una-causa-con-la-justicia\/","url":"https:\/\/www.celttv.com.ar\/index.php\/2023\/05\/05\/un-grupo-de-padres-solicito-a-las-autoridades-de-la-escuela-n-1-apartar-del-cargo-a-una-profesional-cuya-pareja-tiene-una-causa-con-la-justicia\/","name":"Un grupo de padres solicit\u00f3 a las autoridades de la Escuela N\u00b0 1 apartar del cargo a una profesional cuya pareja tiene una causa con la justicia - CELTTV","isPartOf":{"@id":"https:\/\/www.celttv.com.ar\/#website"},"datePublished":"2023-05-05T14:05:09+00:00","dateModified":"2023-05-05T14:13:46+00:00","description":"Sitio web de noticias de la localidad de Tornquist, provincia de Buenos Aires, Rep\u00fablica Argentina. Contenido propio originado por periodistas de CELTTV, el canal de TV local de la Cooperativa El\u00e9ctrica de Tornquist. Turismo, Pol\u00edtica, Sociedad, Deporte, Cultura y todo el contenido de inter\u00e9s general que la gente del pueblo y la regi\u00f3n debe conocer.","breadcrumb":{"@id":"https:\/\/www.celttv.com.ar\/index.php\/2023\/05\/05\/un-grupo-de-padres-solicito-a-las-autoridades-de-la-escuela-n-1-apartar-del-cargo-a-una-profesional-cuya-pareja-tiene-una-causa-con-la-justicia\/#breadcrumb"},"inLanguage":"es","potentialAction":[{"@type":"ReadAction","target":["https:\/\/www.celttv.com.ar\/index.php\/2023\/05\/05\/un-grupo-de-padres-solicito-a-las-autoridades-de-la-escuela-n-1-apartar-del-cargo-a-una-profesional-cuya-pareja-tiene-una-causa-con-la-justicia\/"]}]},{"@type":"BreadcrumbList","@id":"https:\/\/www.celttv.com.ar\/index.php\/2023\/05\/05\/un-grupo-de-padres-solicito-a-las-autoridades-de-la-escuela-n-1-apartar-del-cargo-a-una-profesional-cuya-pareja-tiene-una-causa-con-la-justicia\/#breadcrumb","itemListElement":[{"@type":"ListItem","position":1,"name":"Inicio","item":"https:\/\/www.celttv.com.ar\/"},{"@type":"ListItem","position":2,"name":"Un grupo de padres solicit\u00f3 a las autoridades de la Escuela N\u00b0 1 apartar del cargo a una profesional cuya pareja tiene una causa con la justicia"}]},{"@type":"WebSite","@id":"https:\/\/www.celttv.com.ar\/#website","url":"https:\/\/www.celttv.com.ar\/","name":"CELTTV","description":"Cooperativa El\u00e9ctrica de Tornquist","publisher":{"@id":"https:\/\/www.celttv.com.ar\/#organization"},"potentialAction":[{"@type":"SearchAction","target":{"@type":"EntryPoint","urlTemplate":"https:\/\/www.celttv.com.ar\/?s={search_term_string}"},"query-input":"required name=search_term_string"}],"inLanguage":"es"},{"@type":"Organization","@id":"https:\/\/www.celttv.com.ar\/#organization","name":"CELTTV","url":"https:\/\/www.celttv.com.ar\/","sameAs":["https:\/\/www.youtube.com\/channel\/UCz_oIt8Hig64Ub-EmcNPIhg","https:\/\/www.facebook.com\/celtTV\/"],"logo":{"@type":"ImageObject","inLanguage":"es","@id":"https:\/\/www.celttv.com.ar\/#\/schema\/logo\/image\/","url":"http:\/\/www.celttv.com.ar\/wp-content\/uploads\/2022\/08\/logo-1.png","contentUrl":"http:\/\/www.celttv.com.ar\/wp-content\/uploads\/2022\/08\/logo-1.png","width":461,"height":159,"caption":"CELTTV"},"image":{"@id":"https:\/\/www.celttv.com.ar\/#\/schema\/logo\/image\/"}},{"@type":"Person","@id":"https:\/\/www.celttv.com.ar\/#\/schema\/person\/495be51d064edd971d8457f8f64eb172","name":"Rodrigo Sgammini","image":{"@type":"ImageObject","inLanguage":"es","@id":"https:\/\/www.celttv.com.ar\/#\/schema\/person\/image\/","url":"https:\/\/secure.gravatar.com\/avatar\/68f7848d42735e7a9276b47cd6e606327d88f521c51ae39d88888b76902e2987?s=96&d=mm&r=g","contentUrl":"https:\/\/secure.gravatar.com\/avatar\/68f7848d42735e7a9276b47cd6e606327d88f521c51ae39d88888b76902e2987?s=96&d=mm&r=g","caption":"Rodrigo Sgammini"}}]}},"_links":{"self":[{"href":"https:\/\/www.celttv.com.ar\/index.php\/wp-json\/wp\/v2\/posts\/75603","targetHints":{"allow":["GET"]}}],"collection":[{"href":"https:\/\/www.celttv.com.ar\/index.php\/wp-json\/wp\/v2\/posts"}],"about":[{"href":"https:\/\/www.celttv.com.ar\/index.php\/wp-json\/wp\/v2\/types\/post"}],"author":[{"embeddable":true,"href":"https:\/\/www.celttv.com.ar\/index.php\/wp-json\/wp\/v2\/users\/3"}],"replies":[{"embeddable":true,"href":"https:\/\/www.celttv.com.ar\/index.php\/wp-json\/wp\/v2\/comments?post=75603"}],"version-history":[{"count":3,"href":"https:\/\/www.celttv.com.ar\/index.php\/wp-json\/wp\/v2\/posts\/75603\/revisions"}],"predecessor-version":[{"id":75607,"href":"https:\/\/www.celttv.com.ar\/index.php\/wp-json\/wp\/v2\/posts\/75603\/revisions\/75607"}],"wp:featuredmedia":[{"embeddable":true,"href":"https:\/\/www.celttv.com.ar\/index.php\/wp-json\/wp\/v2\/media\/75604"}],"wp:attachment":[{"href":"https:\/\/www.celttv.com.ar\/index.php\/wp-json\/wp\/v2\/media?parent=75603"}],"wp:term":[{"taxonomy":"category","embeddable":true,"href":"https:\/\/www.celttv.com.ar\/index.php\/wp-json\/wp\/v2\/categories?post=75603"},{"taxonomy":"post_tag","embeddable":true,"href":"https:\/\/www.celttv.com.ar\/index.php\/wp-json\/wp\/v2\/tags?post=75603"}],"curies":[{"name":"wp","href":"https:\/\/api.w.org\/{rel}","templated":true}]}}