{"id":75692,"date":"2023-05-06T22:45:32","date_gmt":"2023-05-07T01:45:32","guid":{"rendered":"http:\/\/www.celttv.com.ar\/?p=75692"},"modified":"2023-05-06T22:45:32","modified_gmt":"2023-05-07T01:45:32","slug":"se-conocieron-los-resultados-de-la-segunda-expo-criollos-2023","status":"publish","type":"post","link":"https:\/\/www.celttv.com.ar\/index.php\/2023\/05\/06\/se-conocieron-los-resultados-de-la-segunda-expo-criollos-2023\/","title":{"rendered":"Se conocieron los resultados de la segunda expo criollos 2023"},"content":{"rendered":"<div class=\"text\">\n<p>En la tarde de este s\u00e1bado se conocieron los ganadores de la segunda Expo Criollos que se realiz\u00f3 en el predio de la Asociaci\u00f3n Rural de Tornquist y fiscaliza la Asociaci\u00f3n Argentina de Caballos Criollos.<\/p>\n<p><strong>Campe\u00f3n Hembra<\/strong><\/p>\n<p>Box 19 Capitaneja te canto las yo paisano<\/p>\n<p>Expositor: <strong>Alejandro Kalfaian<\/strong><\/p>\n<p>Caba\u00f1a: La Constancia<\/p>\n<p><strong>Reservado campe\u00f3n hembra<\/strong><\/p>\n<p>Box 14: Curahue Bruja<\/p>\n<p>Expositor: <strong>Simonetti<\/strong><\/p>\n<p><strong>Tercera mejor hembra<\/strong><\/p>\n<p>Box 7: Mamao Helena<\/p>\n<p>Expositor: <strong>Gregorio Bravo<\/strong><\/p>\n<p>Caba\u00f1a: La Pulper\u00eda<\/p>\n<p>&nbsp;<\/p>\n<p><strong>Campe\u00f3n Machos<\/strong><\/p>\n<p>Box 4- pilero Alboroto<\/p>\n<p><strong>Alejandra Roveda y N\u00e9stor Benedetti<\/strong><\/p>\n<p>Caba\u00f1a: 23 de Setiembre y San Antonio<\/p>\n<p><strong>Reservado campe\u00f3n<\/strong><\/p>\n<p>Box 1 Tatoke Chinchulin<\/p>\n<p>Expositor: <strong>Martin Keller<\/strong><\/p>\n<p>Caba\u00f1a: Huaico Mun<\/p>\n<p><strong>Tercer mejor macho<\/strong><\/p>\n<p>Box Carioca Explorador<\/p>\n<p>Expositor: <strong>Agustina Uribe Echevarr\u00eda<\/strong><\/p>\n<p>Caba\u00f1a: La Bienvenida<\/p>\n<p>&nbsp;<\/p>\n<p><strong>Gran campe\u00f3n de la Exposici\u00f3n Machos Castrados<\/strong><\/p>\n<p>Campe\u00f3n: Mal Pintado Monte Bajo<\/p>\n<p>Box: 32<\/p>\n<p>Expositor:<strong> Sergio Urrutia<\/strong><\/p>\n<p>Caba\u00f1a: Agropecuaria San Jorge SRL<\/p>\n<p><strong>Reservado Campe\u00f3n<\/strong><\/p>\n<p>Box: Malpintado Salitral<\/p>\n<p>Expositor: <strong>Martin Keller<\/strong><\/p>\n<p>Caba\u00f1a: Huaico-Mun<\/p>\n<p><strong>Tercer mejor macho<\/strong><\/p>\n<p>Box 41: Fogonazo<\/p>\n<p>Expositor: <strong>Adri\u00e1n Pallota<\/strong><\/p>\n<p>Caba\u00f1a: El Monta\u00f1es<\/p>\n<\/div>\n","protected":false},"excerpt":{"rendered":"<p>En la tarde de este s\u00e1bado se conocieron los ganadores de la segunda Expo Criollos que se realiz\u00f3 en el predio de la Asociaci\u00f3n Rural de Tornquist y fiscaliza la Asociaci\u00f3n Argentina de Caballos Criollos. Campe\u00f3n Hembra Box 19 Capitaneja te canto las yo paisano Expositor: Alejandro Kalfaian Caba\u00f1a: La Constancia Reservado campe\u00f3n hembra Box [&hellip;]<\/p>\n","protected":false},"author":5,"featured_media":75657,"comment_status":"closed","ping_status":"closed","sticky":false,"template":"","format":"standard","meta":{"footnotes":""},"categories":[52],"tags":[845],"class_list":["post-75692","post","type-post","status-publish","format-standard","has-post-thumbnail","hentry","category-destacadas","tag-se-conocieron-los-resultados-de-la-segunda-expo-criollos-2023"],"yoast_head":"<!-- This site is optimized with the Yoast SEO plugin v19.7.1 - https:\/\/yoast.com\/wordpress\/plugins\/seo\/ -->\n<title>Se conocieron los resultados de la segunda expo criollos 2023 - CELTTV<\/title>\n<meta name=\"description\" content=\"Sitio web de noticias de la localidad de Tornquist, provincia de Buenos Aires, Rep\u00fablica Argentina. Contenido propio originado por periodistas de CELTTV, el canal de TV local de la Cooperativa El\u00e9ctrica de Tornquist. Turismo, Pol\u00edtica, Sociedad, Deporte, Cultura y todo el contenido de inter\u00e9s general que la gente del pueblo y la regi\u00f3n debe conocer.\" \/>\n<meta name=\"robots\" content=\"index, follow, max-snippet:-1, max-image-preview:large, max-video-preview:-1\" \/>\n<link rel=\"canonical\" href=\"https:\/\/www.celttv.com.ar\/index.php\/2023\/05\/06\/se-conocieron-los-resultados-de-la-segunda-expo-criollos-2023\/\" \/>\n<meta property=\"og:locale\" content=\"es_ES\" \/>\n<meta property=\"og:type\" content=\"article\" \/>\n<meta property=\"og:title\" content=\"Se conocieron los resultados de la segunda expo criollos 2023 - CELTTV\" \/>\n<meta property=\"og:description\" content=\"Sitio web de noticias de la localidad de Tornquist, provincia de Buenos Aires, Rep\u00fablica Argentina. Contenido propio originado por periodistas de CELTTV, el canal de TV local de la Cooperativa El\u00e9ctrica de Tornquist. Turismo, Pol\u00edtica, Sociedad, Deporte, Cultura y todo el contenido de inter\u00e9s general que la gente del pueblo y la regi\u00f3n debe conocer.\" \/>\n<meta property=\"og:url\" content=\"https:\/\/www.celttv.com.ar\/index.php\/2023\/05\/06\/se-conocieron-los-resultados-de-la-segunda-expo-criollos-2023\/\" \/>\n<meta property=\"og:site_name\" content=\"CELTTV\" \/>\n<meta property=\"article:publisher\" content=\"https:\/\/www.facebook.com\/celtTV\/\" \/>\n<meta property=\"article:published_time\" content=\"2023-05-07T01:45:32+00:00\" \/>\n<meta property=\"og:image\" content=\"https:\/\/www.celttv.com.ar\/wp-content\/uploads\/2023\/05\/IMG_0179-Medium.jpg\" \/>\n\t<meta property=\"og:image:width\" content=\"1152\" \/>\n\t<meta property=\"og:image:height\" content=\"768\" \/>\n\t<meta property=\"og:image:type\" content=\"image\/jpeg\" \/>\n<meta name=\"author\" content=\"Miguel Herrada\" \/>\n<meta name=\"twitter:card\" content=\"summary_large_image\" \/>\n<meta name=\"twitter:label1\" content=\"Escrito por\" \/>\n\t<meta name=\"twitter:data1\" content=\"Miguel Herrada\" \/>\n\t<meta name=\"twitter:label2\" content=\"Tiempo de lectura\" \/>\n\t<meta name=\"twitter:data2\" content=\"1 minuto\" \/>\n<script type=\"application\/ld+json\" class=\"yoast-schema-graph\">{\"@context\":\"https:\/\/schema.org\",\"@graph\":[{\"@type\":\"NewsArticle\",\"@id\":\"https:\/\/www.celttv.com.ar\/index.php\/2023\/05\/06\/se-conocieron-los-resultados-de-la-segunda-expo-criollos-2023\/#article\",\"isPartOf\":{\"@id\":\"https:\/\/www.celttv.com.ar\/index.php\/2023\/05\/06\/se-conocieron-los-resultados-de-la-segunda-expo-criollos-2023\/\"},\"author\":{\"name\":\"Miguel Herrada\",\"@id\":\"https:\/\/www.celttv.com.ar\/#\/schema\/person\/9059dc91dc7204ef4182cdb65225f07d\"},\"headline\":\"Se conocieron los resultados de la segunda expo criollos 2023\",\"datePublished\":\"2023-05-07T01:45:32+00:00\",\"dateModified\":\"2023-05-07T01:45:32+00:00\",\"mainEntityOfPage\":{\"@id\":\"https:\/\/www.celttv.com.ar\/index.php\/2023\/05\/06\/se-conocieron-los-resultados-de-la-segunda-expo-criollos-2023\/\"},\"wordCount\":188,\"publisher\":{\"@id\":\"https:\/\/www.celttv.com.ar\/#organization\"},\"keywords\":[\"Se conocieron los resultados de la segunda expo criollos 2023\"],\"articleSection\":[\"Destacadas\"],\"inLanguage\":\"es\"},{\"@type\":\"WebPage\",\"@id\":\"https:\/\/www.celttv.com.ar\/index.php\/2023\/05\/06\/se-conocieron-los-resultados-de-la-segunda-expo-criollos-2023\/\",\"url\":\"https:\/\/www.celttv.com.ar\/index.php\/2023\/05\/06\/se-conocieron-los-resultados-de-la-segunda-expo-criollos-2023\/\",\"name\":\"Se conocieron los resultados de la segunda expo criollos 2023 - CELTTV\",\"isPartOf\":{\"@id\":\"https:\/\/www.celttv.com.ar\/#website\"},\"datePublished\":\"2023-05-07T01:45:32+00:00\",\"dateModified\":\"2023-05-07T01:45:32+00:00\",\"description\":\"Sitio web de noticias de la localidad de Tornquist, provincia de Buenos Aires, Rep\u00fablica Argentina. Contenido propio originado por periodistas de CELTTV, el canal de TV local de la Cooperativa El\u00e9ctrica de Tornquist. Turismo, Pol\u00edtica, Sociedad, Deporte, Cultura y todo el contenido de inter\u00e9s general que la gente del pueblo y la regi\u00f3n debe conocer.\",\"breadcrumb\":{\"@id\":\"https:\/\/www.celttv.com.ar\/index.php\/2023\/05\/06\/se-conocieron-los-resultados-de-la-segunda-expo-criollos-2023\/#breadcrumb\"},\"inLanguage\":\"es\",\"potentialAction\":[{\"@type\":\"ReadAction\",\"target\":[\"https:\/\/www.celttv.com.ar\/index.php\/2023\/05\/06\/se-conocieron-los-resultados-de-la-segunda-expo-criollos-2023\/\"]}]},{\"@type\":\"BreadcrumbList\",\"@id\":\"https:\/\/www.celttv.com.ar\/index.php\/2023\/05\/06\/se-conocieron-los-resultados-de-la-segunda-expo-criollos-2023\/#breadcrumb\",\"itemListElement\":[{\"@type\":\"ListItem\",\"position\":1,\"name\":\"Inicio\",\"item\":\"https:\/\/www.celttv.com.ar\/\"},{\"@type\":\"ListItem\",\"position\":2,\"name\":\"Se conocieron los resultados de la segunda expo criollos 2023\"}]},{\"@type\":\"WebSite\",\"@id\":\"https:\/\/www.celttv.com.ar\/#website\",\"url\":\"https:\/\/www.celttv.com.ar\/\",\"name\":\"CELTTV\",\"description\":\"Cooperativa El\u00e9ctrica de Tornquist\",\"publisher\":{\"@id\":\"https:\/\/www.celttv.com.ar\/#organization\"},\"potentialAction\":[{\"@type\":\"SearchAction\",\"target\":{\"@type\":\"EntryPoint\",\"urlTemplate\":\"https:\/\/www.celttv.com.ar\/?s={search_term_string}\"},\"query-input\":\"required name=search_term_string\"}],\"inLanguage\":\"es\"},{\"@type\":\"Organization\",\"@id\":\"https:\/\/www.celttv.com.ar\/#organization\",\"name\":\"CELTTV\",\"url\":\"https:\/\/www.celttv.com.ar\/\",\"sameAs\":[\"https:\/\/www.youtube.com\/channel\/UCz_oIt8Hig64Ub-EmcNPIhg\",\"https:\/\/www.facebook.com\/celtTV\/\"],\"logo\":{\"@type\":\"ImageObject\",\"inLanguage\":\"es\",\"@id\":\"https:\/\/www.celttv.com.ar\/#\/schema\/logo\/image\/\",\"url\":\"http:\/\/www.celttv.com.ar\/wp-content\/uploads\/2022\/08\/logo-1.png\",\"contentUrl\":\"http:\/\/www.celttv.com.ar\/wp-content\/uploads\/2022\/08\/logo-1.png\",\"width\":461,\"height\":159,\"caption\":\"CELTTV\"},\"image\":{\"@id\":\"https:\/\/www.celttv.com.ar\/#\/schema\/logo\/image\/\"}},{\"@type\":\"Person\",\"@id\":\"https:\/\/www.celttv.com.ar\/#\/schema\/person\/9059dc91dc7204ef4182cdb65225f07d\",\"name\":\"Miguel Herrada\",\"image\":{\"@type\":\"ImageObject\",\"inLanguage\":\"es\",\"@id\":\"https:\/\/www.celttv.com.ar\/#\/schema\/person\/image\/\",\"url\":\"https:\/\/secure.gravatar.com\/avatar\/67724d5b3c716623ffd76bec7e45841a442ac3b456e914dbba90b0fad2b8e0b1?s=96&d=mm&r=g\",\"contentUrl\":\"https:\/\/secure.gravatar.com\/avatar\/67724d5b3c716623ffd76bec7e45841a442ac3b456e914dbba90b0fad2b8e0b1?s=96&d=mm&r=g\",\"caption\":\"Miguel Herrada\"}}]}<\/script>\n<!-- \/ Yoast SEO plugin. -->","yoast_head_json":{"title":"Se conocieron los resultados de la segunda expo criollos 2023 - CELTTV","description":"Sitio web de noticias de la localidad de Tornquist, provincia de Buenos Aires, Rep\u00fablica Argentina. Contenido propio originado por periodistas de CELTTV, el canal de TV local de la Cooperativa El\u00e9ctrica de Tornquist. Turismo, Pol\u00edtica, Sociedad, Deporte, Cultura y todo el contenido de inter\u00e9s general que la gente del pueblo y la regi\u00f3n debe conocer.","robots":{"index":"index","follow":"follow","max-snippet":"max-snippet:-1","max-image-preview":"max-image-preview:large","max-video-preview":"max-video-preview:-1"},"canonical":"https:\/\/www.celttv.com.ar\/index.php\/2023\/05\/06\/se-conocieron-los-resultados-de-la-segunda-expo-criollos-2023\/","og_locale":"es_ES","og_type":"article","og_title":"Se conocieron los resultados de la segunda expo criollos 2023 - CELTTV","og_description":"Sitio web de noticias de la localidad de Tornquist, provincia de Buenos Aires, Rep\u00fablica Argentina. Contenido propio originado por periodistas de CELTTV, el canal de TV local de la Cooperativa El\u00e9ctrica de Tornquist. Turismo, Pol\u00edtica, Sociedad, Deporte, Cultura y todo el contenido de inter\u00e9s general que la gente del pueblo y la regi\u00f3n debe conocer.","og_url":"https:\/\/www.celttv.com.ar\/index.php\/2023\/05\/06\/se-conocieron-los-resultados-de-la-segunda-expo-criollos-2023\/","og_site_name":"CELTTV","article_publisher":"https:\/\/www.facebook.com\/celtTV\/","article_published_time":"2023-05-07T01:45:32+00:00","og_image":[{"width":1152,"height":768,"url":"https:\/\/www.celttv.com.ar\/wp-content\/uploads\/2023\/05\/IMG_0179-Medium.jpg","type":"image\/jpeg"}],"author":"Miguel Herrada","twitter_card":"summary_large_image","twitter_misc":{"Escrito por":"Miguel Herrada","Tiempo de lectura":"1 minuto"},"schema":{"@context":"https:\/\/schema.org","@graph":[{"@type":"NewsArticle","@id":"https:\/\/www.celttv.com.ar\/index.php\/2023\/05\/06\/se-conocieron-los-resultados-de-la-segunda-expo-criollos-2023\/#article","isPartOf":{"@id":"https:\/\/www.celttv.com.ar\/index.php\/2023\/05\/06\/se-conocieron-los-resultados-de-la-segunda-expo-criollos-2023\/"},"author":{"name":"Miguel Herrada","@id":"https:\/\/www.celttv.com.ar\/#\/schema\/person\/9059dc91dc7204ef4182cdb65225f07d"},"headline":"Se conocieron los resultados de la segunda expo criollos 2023","datePublished":"2023-05-07T01:45:32+00:00","dateModified":"2023-05-07T01:45:32+00:00","mainEntityOfPage":{"@id":"https:\/\/www.celttv.com.ar\/index.php\/2023\/05\/06\/se-conocieron-los-resultados-de-la-segunda-expo-criollos-2023\/"},"wordCount":188,"publisher":{"@id":"https:\/\/www.celttv.com.ar\/#organization"},"keywords":["Se conocieron los resultados de la segunda expo criollos 2023"],"articleSection":["Destacadas"],"inLanguage":"es"},{"@type":"WebPage","@id":"https:\/\/www.celttv.com.ar\/index.php\/2023\/05\/06\/se-conocieron-los-resultados-de-la-segunda-expo-criollos-2023\/","url":"https:\/\/www.celttv.com.ar\/index.php\/2023\/05\/06\/se-conocieron-los-resultados-de-la-segunda-expo-criollos-2023\/","name":"Se conocieron los resultados de la segunda expo criollos 2023 - CELTTV","isPartOf":{"@id":"https:\/\/www.celttv.com.ar\/#website"},"datePublished":"2023-05-07T01:45:32+00:00","dateModified":"2023-05-07T01:45:32+00:00","description":"Sitio web de noticias de la localidad de Tornquist, provincia de Buenos Aires, Rep\u00fablica Argentina. Contenido propio originado por periodistas de CELTTV, el canal de TV local de la Cooperativa El\u00e9ctrica de Tornquist. Turismo, Pol\u00edtica, Sociedad, Deporte, Cultura y todo el contenido de inter\u00e9s general que la gente del pueblo y la regi\u00f3n debe conocer.","breadcrumb":{"@id":"https:\/\/www.celttv.com.ar\/index.php\/2023\/05\/06\/se-conocieron-los-resultados-de-la-segunda-expo-criollos-2023\/#breadcrumb"},"inLanguage":"es","potentialAction":[{"@type":"ReadAction","target":["https:\/\/www.celttv.com.ar\/index.php\/2023\/05\/06\/se-conocieron-los-resultados-de-la-segunda-expo-criollos-2023\/"]}]},{"@type":"BreadcrumbList","@id":"https:\/\/www.celttv.com.ar\/index.php\/2023\/05\/06\/se-conocieron-los-resultados-de-la-segunda-expo-criollos-2023\/#breadcrumb","itemListElement":[{"@type":"ListItem","position":1,"name":"Inicio","item":"https:\/\/www.celttv.com.ar\/"},{"@type":"ListItem","position":2,"name":"Se conocieron los resultados de la segunda expo criollos 2023"}]},{"@type":"WebSite","@id":"https:\/\/www.celttv.com.ar\/#website","url":"https:\/\/www.celttv.com.ar\/","name":"CELTTV","description":"Cooperativa El\u00e9ctrica de Tornquist","publisher":{"@id":"https:\/\/www.celttv.com.ar\/#organization"},"potentialAction":[{"@type":"SearchAction","target":{"@type":"EntryPoint","urlTemplate":"https:\/\/www.celttv.com.ar\/?s={search_term_string}"},"query-input":"required name=search_term_string"}],"inLanguage":"es"},{"@type":"Organization","@id":"https:\/\/www.celttv.com.ar\/#organization","name":"CELTTV","url":"https:\/\/www.celttv.com.ar\/","sameAs":["https:\/\/www.youtube.com\/channel\/UCz_oIt8Hig64Ub-EmcNPIhg","https:\/\/www.facebook.com\/celtTV\/"],"logo":{"@type":"ImageObject","inLanguage":"es","@id":"https:\/\/www.celttv.com.ar\/#\/schema\/logo\/image\/","url":"http:\/\/www.celttv.com.ar\/wp-content\/uploads\/2022\/08\/logo-1.png","contentUrl":"http:\/\/www.celttv.com.ar\/wp-content\/uploads\/2022\/08\/logo-1.png","width":461,"height":159,"caption":"CELTTV"},"image":{"@id":"https:\/\/www.celttv.com.ar\/#\/schema\/logo\/image\/"}},{"@type":"Person","@id":"https:\/\/www.celttv.com.ar\/#\/schema\/person\/9059dc91dc7204ef4182cdb65225f07d","name":"Miguel Herrada","image":{"@type":"ImageObject","inLanguage":"es","@id":"https:\/\/www.celttv.com.ar\/#\/schema\/person\/image\/","url":"https:\/\/secure.gravatar.com\/avatar\/67724d5b3c716623ffd76bec7e45841a442ac3b456e914dbba90b0fad2b8e0b1?s=96&d=mm&r=g","contentUrl":"https:\/\/secure.gravatar.com\/avatar\/67724d5b3c716623ffd76bec7e45841a442ac3b456e914dbba90b0fad2b8e0b1?s=96&d=mm&r=g","caption":"Miguel Herrada"}}]}},"_links":{"self":[{"href":"https:\/\/www.celttv.com.ar\/index.php\/wp-json\/wp\/v2\/posts\/75692","targetHints":{"allow":["GET"]}}],"collection":[{"href":"https:\/\/www.celttv.com.ar\/index.php\/wp-json\/wp\/v2\/posts"}],"about":[{"href":"https:\/\/www.celttv.com.ar\/index.php\/wp-json\/wp\/v2\/types\/post"}],"author":[{"embeddable":true,"href":"https:\/\/www.celttv.com.ar\/index.php\/wp-json\/wp\/v2\/users\/5"}],"replies":[{"embeddable":true,"href":"https:\/\/www.celttv.com.ar\/index.php\/wp-json\/wp\/v2\/comments?post=75692"}],"version-history":[{"count":1,"href":"https:\/\/www.celttv.com.ar\/index.php\/wp-json\/wp\/v2\/posts\/75692\/revisions"}],"predecessor-version":[{"id":75693,"href":"https:\/\/www.celttv.com.ar\/index.php\/wp-json\/wp\/v2\/posts\/75692\/revisions\/75693"}],"wp:featuredmedia":[{"embeddable":true,"href":"https:\/\/www.celttv.com.ar\/index.php\/wp-json\/wp\/v2\/media\/75657"}],"wp:attachment":[{"href":"https:\/\/www.celttv.com.ar\/index.php\/wp-json\/wp\/v2\/media?parent=75692"}],"wp:term":[{"taxonomy":"category","embeddable":true,"href":"https:\/\/www.celttv.com.ar\/index.php\/wp-json\/wp\/v2\/categories?post=75692"},{"taxonomy":"post_tag","embeddable":true,"href":"https:\/\/www.celttv.com.ar\/index.php\/wp-json\/wp\/v2\/tags?post=75692"}],"curies":[{"name":"wp","href":"https:\/\/api.w.org\/{rel}","templated":true}]}}