{"id":75696,"date":"2023-05-07T19:30:19","date_gmt":"2023-05-07T22:30:19","guid":{"rendered":"http:\/\/www.celttv.com.ar\/?p=75696"},"modified":"2023-05-07T19:30:19","modified_gmt":"2023-05-07T22:30:19","slug":"gano-automoto-y-perdio-union","status":"publish","type":"post","link":"https:\/\/www.celttv.com.ar\/index.php\/2023\/05\/07\/gano-automoto-y-perdio-union\/","title":{"rendered":"GAN\u00d3 AUTOMOTO Y PERDI\u00d3 UNI\u00d3N"},"content":{"rendered":"<p>Automoto, en un partido por dem\u00e1s caliente (tanto en la previa como en el encuentro), derrot\u00f3 2 a 0 al \u00faltimo campe\u00f3n Racing Club, con goles de Kevin Muzzol\u00f3n y Ger\u00f3nimo Rodr\u00edguez. La visita se qued\u00f3 con dos jugadores menos por las expulsiones de Zapata en el primer tiempo y Gigena en el complemento.<\/p>\n<p>En reserva fue victoria de Racing por 2 a 1.<\/p>\n<p>Uni\u00f3n como visitante, cay\u00f3 ante San Mart\u00edn de Carhu\u00e9 por 3 a 2. Los goles del elenco local los convirtieron Valentino Toniolo en dos oportunidades y Camilo Puefil. Para el verde anot\u00f3 los dos goles Juan Manuel Abaca. Vio la roja en el elenco de nuestra ciudad, Francisco Callava.<\/p>\n<p>En reserva gan\u00f3 Uni\u00f3n 1 a 0.<\/p>\n<p><a href=\"https:\/\/www.facebook.com\/media\/set\/?vanity=solofutboltornquist2&amp;set=a.157073077314892\" target=\"_blank\" rel=\"noopener\">Las fotos en Solo F\u00fatbol<\/a><\/p>\n<p>Los n\u00fameros de la fecha 9<\/p>\n<div id='gallery_1' class='gallery galleryid-75696 gallery-columns-1 gallery-size-large'><figure class='gallery-item'>\n            <div class='gallery-icon landscape'>\n                <a href='https:\/\/www.celttv.com.ar\/wp-content\/uploads\/2023\/05\/FEMENINO-ZONA-A.jpg'><img loading=\"lazy\" decoding=\"async\" width=\"1024\" height=\"576\" src=\"\" class=\"attachment-large size-large lazyload\" alt=\"\" data-src=\"https:\/\/www.celttv.com.ar\/wp-content\/uploads\/2023\/05\/FEMENINO-ZONA-A-1024x576.jpg\" data-sizes=\"auto\" data-srcset=\"https:\/\/www.celttv.com.ar\/wp-content\/uploads\/2023\/05\/FEMENINO-ZONA-A-1024x576.jpg 1024w, https:\/\/www.celttv.com.ar\/wp-content\/uploads\/2023\/05\/FEMENINO-ZONA-A-300x169.jpg 300w, https:\/\/www.celttv.com.ar\/wp-content\/uploads\/2023\/05\/FEMENINO-ZONA-A-768x432.jpg 768w, https:\/\/www.celttv.com.ar\/wp-content\/uploads\/2023\/05\/FEMENINO-ZONA-A-750x422.jpg 750w, https:\/\/www.celttv.com.ar\/wp-content\/uploads\/2023\/05\/FEMENINO-ZONA-A-1140x641.jpg 1140w, https:\/\/www.celttv.com.ar\/wp-content\/uploads\/2023\/05\/FEMENINO-ZONA-A.jpg 1280w\" data-expand=\"700\" \/><\/a>\n            <\/div><\/figure><br style=\"clear: both\" \/><figure class='gallery-item'>\n            <div class='gallery-icon landscape'>\n                <a href='https:\/\/www.celttv.com.ar\/wp-content\/uploads\/2023\/05\/FEMENINO-ZONA-B.jpg'><img loading=\"lazy\" decoding=\"async\" width=\"1024\" height=\"576\" src=\"\" class=\"attachment-large size-large lazyload\" alt=\"\" data-src=\"https:\/\/www.celttv.com.ar\/wp-content\/uploads\/2023\/05\/FEMENINO-ZONA-B-1024x576.jpg\" data-sizes=\"auto\" data-srcset=\"https:\/\/www.celttv.com.ar\/wp-content\/uploads\/2023\/05\/FEMENINO-ZONA-B-1024x576.jpg 1024w, https:\/\/www.celttv.com.ar\/wp-content\/uploads\/2023\/05\/FEMENINO-ZONA-B-300x169.jpg 300w, https:\/\/www.celttv.com.ar\/wp-content\/uploads\/2023\/05\/FEMENINO-ZONA-B-768x432.jpg 768w, https:\/\/www.celttv.com.ar\/wp-content\/uploads\/2023\/05\/FEMENINO-ZONA-B-750x422.jpg 750w, https:\/\/www.celttv.com.ar\/wp-content\/uploads\/2023\/05\/FEMENINO-ZONA-B-1140x641.jpg 1140w, https:\/\/www.celttv.com.ar\/wp-content\/uploads\/2023\/05\/FEMENINO-ZONA-B.jpg 1280w\" data-expand=\"700\" \/><\/a>\n            <\/div><\/figure><br style=\"clear: both\" \/><figure class='gallery-item'>\n            <div class='gallery-icon landscape'>\n                <a href='https:\/\/www.celttv.com.ar\/wp-content\/uploads\/2023\/05\/POSICIONES-FEMENINO-ZONA-A.jpg'><img loading=\"lazy\" decoding=\"async\" width=\"1024\" height=\"576\" src=\"\" class=\"attachment-large size-large lazyload\" alt=\"\" data-src=\"https:\/\/www.celttv.com.ar\/wp-content\/uploads\/2023\/05\/POSICIONES-FEMENINO-ZONA-A-1024x576.jpg\" data-sizes=\"auto\" data-srcset=\"https:\/\/www.celttv.com.ar\/wp-content\/uploads\/2023\/05\/POSICIONES-FEMENINO-ZONA-A-1024x576.jpg 1024w, https:\/\/www.celttv.com.ar\/wp-content\/uploads\/2023\/05\/POSICIONES-FEMENINO-ZONA-A-300x169.jpg 300w, https:\/\/www.celttv.com.ar\/wp-content\/uploads\/2023\/05\/POSICIONES-FEMENINO-ZONA-A-768x432.jpg 768w, https:\/\/www.celttv.com.ar\/wp-content\/uploads\/2023\/05\/POSICIONES-FEMENINO-ZONA-A-750x422.jpg 750w, https:\/\/www.celttv.com.ar\/wp-content\/uploads\/2023\/05\/POSICIONES-FEMENINO-ZONA-A-1140x641.jpg 1140w, https:\/\/www.celttv.com.ar\/wp-content\/uploads\/2023\/05\/POSICIONES-FEMENINO-ZONA-A.jpg 1280w\" data-expand=\"700\" \/><\/a>\n            <\/div><\/figure><br style=\"clear: both\" \/><figure class='gallery-item'>\n            <div class='gallery-icon landscape'>\n                <a href='https:\/\/www.celttv.com.ar\/wp-content\/uploads\/2023\/05\/POSICIONES-FEMENINO-ZONA-B.jpg'><img loading=\"lazy\" decoding=\"async\" width=\"1024\" height=\"576\" src=\"\" class=\"attachment-large size-large lazyload\" alt=\"\" data-src=\"https:\/\/www.celttv.com.ar\/wp-content\/uploads\/2023\/05\/POSICIONES-FEMENINO-ZONA-B-1024x576.jpg\" data-sizes=\"auto\" data-srcset=\"https:\/\/www.celttv.com.ar\/wp-content\/uploads\/2023\/05\/POSICIONES-FEMENINO-ZONA-B-1024x576.jpg 1024w, https:\/\/www.celttv.com.ar\/wp-content\/uploads\/2023\/05\/POSICIONES-FEMENINO-ZONA-B-300x169.jpg 300w, https:\/\/www.celttv.com.ar\/wp-content\/uploads\/2023\/05\/POSICIONES-FEMENINO-ZONA-B-768x432.jpg 768w, https:\/\/www.celttv.com.ar\/wp-content\/uploads\/2023\/05\/POSICIONES-FEMENINO-ZONA-B-750x422.jpg 750w, https:\/\/www.celttv.com.ar\/wp-content\/uploads\/2023\/05\/POSICIONES-FEMENINO-ZONA-B-1140x641.jpg 1140w, https:\/\/www.celttv.com.ar\/wp-content\/uploads\/2023\/05\/POSICIONES-FEMENINO-ZONA-B.jpg 1280w\" data-expand=\"700\" \/><\/a>\n            <\/div><\/figure><br style=\"clear: both\" \/><figure class='gallery-item'>\n            <div class='gallery-icon landscape'>\n                <a href='https:\/\/www.celttv.com.ar\/wp-content\/uploads\/2023\/05\/PRIMERA-ZONA-A.jpg'><img loading=\"lazy\" decoding=\"async\" width=\"1024\" height=\"576\" src=\"\" class=\"attachment-large size-large lazyload\" alt=\"\" data-src=\"https:\/\/www.celttv.com.ar\/wp-content\/uploads\/2023\/05\/PRIMERA-ZONA-A-1024x576.jpg\" data-sizes=\"auto\" data-srcset=\"https:\/\/www.celttv.com.ar\/wp-content\/uploads\/2023\/05\/PRIMERA-ZONA-A-1024x576.jpg 1024w, https:\/\/www.celttv.com.ar\/wp-content\/uploads\/2023\/05\/PRIMERA-ZONA-A-300x169.jpg 300w, https:\/\/www.celttv.com.ar\/wp-content\/uploads\/2023\/05\/PRIMERA-ZONA-A-768x432.jpg 768w, https:\/\/www.celttv.com.ar\/wp-content\/uploads\/2023\/05\/PRIMERA-ZONA-A-750x422.jpg 750w, https:\/\/www.celttv.com.ar\/wp-content\/uploads\/2023\/05\/PRIMERA-ZONA-A-1140x641.jpg 1140w, https:\/\/www.celttv.com.ar\/wp-content\/uploads\/2023\/05\/PRIMERA-ZONA-A.jpg 1280w\" data-expand=\"700\" \/><\/a>\n            <\/div><\/figure><br style=\"clear: both\" \/><figure class='gallery-item'>\n            <div class='gallery-icon landscape'>\n                <a href='https:\/\/www.celttv.com.ar\/wp-content\/uploads\/2023\/05\/PRIMERA-ZONA-B.jpg'><img loading=\"lazy\" decoding=\"async\" width=\"1024\" height=\"576\" src=\"\" class=\"attachment-large size-large lazyload\" alt=\"\" data-src=\"https:\/\/www.celttv.com.ar\/wp-content\/uploads\/2023\/05\/PRIMERA-ZONA-B-1024x576.jpg\" data-sizes=\"auto\" data-srcset=\"https:\/\/www.celttv.com.ar\/wp-content\/uploads\/2023\/05\/PRIMERA-ZONA-B-1024x576.jpg 1024w, https:\/\/www.celttv.com.ar\/wp-content\/uploads\/2023\/05\/PRIMERA-ZONA-B-300x169.jpg 300w, https:\/\/www.celttv.com.ar\/wp-content\/uploads\/2023\/05\/PRIMERA-ZONA-B-768x432.jpg 768w, https:\/\/www.celttv.com.ar\/wp-content\/uploads\/2023\/05\/PRIMERA-ZONA-B-750x422.jpg 750w, https:\/\/www.celttv.com.ar\/wp-content\/uploads\/2023\/05\/PRIMERA-ZONA-B-1140x641.jpg 1140w, https:\/\/www.celttv.com.ar\/wp-content\/uploads\/2023\/05\/PRIMERA-ZONA-B.jpg 1280w\" data-expand=\"700\" \/><\/a>\n            <\/div><\/figure><br style=\"clear: both\" \/><figure class='gallery-item'>\n            <div class='gallery-icon landscape'>\n                <a href='https:\/\/www.celttv.com.ar\/wp-content\/uploads\/2023\/05\/POSICIONES-PRIMERA-ZONA-A.jpg'><img loading=\"lazy\" decoding=\"async\" width=\"1024\" height=\"576\" src=\"\" class=\"attachment-large size-large lazyload\" alt=\"\" data-src=\"https:\/\/www.celttv.com.ar\/wp-content\/uploads\/2023\/05\/POSICIONES-PRIMERA-ZONA-A-1024x576.jpg\" data-sizes=\"auto\" data-srcset=\"https:\/\/www.celttv.com.ar\/wp-content\/uploads\/2023\/05\/POSICIONES-PRIMERA-ZONA-A-1024x576.jpg 1024w, https:\/\/www.celttv.com.ar\/wp-content\/uploads\/2023\/05\/POSICIONES-PRIMERA-ZONA-A-300x169.jpg 300w, https:\/\/www.celttv.com.ar\/wp-content\/uploads\/2023\/05\/POSICIONES-PRIMERA-ZONA-A-768x432.jpg 768w, https:\/\/www.celttv.com.ar\/wp-content\/uploads\/2023\/05\/POSICIONES-PRIMERA-ZONA-A-750x422.jpg 750w, https:\/\/www.celttv.com.ar\/wp-content\/uploads\/2023\/05\/POSICIONES-PRIMERA-ZONA-A-1140x641.jpg 1140w, https:\/\/www.celttv.com.ar\/wp-content\/uploads\/2023\/05\/POSICIONES-PRIMERA-ZONA-A.jpg 1280w\" data-expand=\"700\" \/><\/a>\n            <\/div><\/figure><br style=\"clear: both\" \/><figure class='gallery-item'>\n            <div class='gallery-icon landscape'>\n                <a href='https:\/\/www.celttv.com.ar\/wp-content\/uploads\/2023\/05\/POSICIONES-PRIMERA-ZONA-B.jpg'><img loading=\"lazy\" decoding=\"async\" width=\"1024\" height=\"576\" src=\"\" class=\"attachment-large size-large lazyload\" alt=\"\" data-src=\"https:\/\/www.celttv.com.ar\/wp-content\/uploads\/2023\/05\/POSICIONES-PRIMERA-ZONA-B-1024x576.jpg\" data-sizes=\"auto\" data-srcset=\"https:\/\/www.celttv.com.ar\/wp-content\/uploads\/2023\/05\/POSICIONES-PRIMERA-ZONA-B-1024x576.jpg 1024w, https:\/\/www.celttv.com.ar\/wp-content\/uploads\/2023\/05\/POSICIONES-PRIMERA-ZONA-B-300x169.jpg 300w, https:\/\/www.celttv.com.ar\/wp-content\/uploads\/2023\/05\/POSICIONES-PRIMERA-ZONA-B-768x432.jpg 768w, https:\/\/www.celttv.com.ar\/wp-content\/uploads\/2023\/05\/POSICIONES-PRIMERA-ZONA-B-750x422.jpg 750w, https:\/\/www.celttv.com.ar\/wp-content\/uploads\/2023\/05\/POSICIONES-PRIMERA-ZONA-B-1140x641.jpg 1140w, https:\/\/www.celttv.com.ar\/wp-content\/uploads\/2023\/05\/POSICIONES-PRIMERA-ZONA-B.jpg 1280w\" data-expand=\"700\" \/><\/a>\n            <\/div><\/figure><br style=\"clear: both\" \/><figure class='gallery-item'>\n            <div class='gallery-icon landscape'>\n                <a href='https:\/\/www.celttv.com.ar\/wp-content\/uploads\/2023\/05\/RESERVA-ZONA-A.jpg'><img loading=\"lazy\" decoding=\"async\" width=\"1024\" height=\"576\" src=\"\" class=\"attachment-large size-large lazyload\" alt=\"\" data-src=\"https:\/\/www.celttv.com.ar\/wp-content\/uploads\/2023\/05\/RESERVA-ZONA-A-1024x576.jpg\" data-sizes=\"auto\" data-srcset=\"https:\/\/www.celttv.com.ar\/wp-content\/uploads\/2023\/05\/RESERVA-ZONA-A-1024x576.jpg 1024w, https:\/\/www.celttv.com.ar\/wp-content\/uploads\/2023\/05\/RESERVA-ZONA-A-300x169.jpg 300w, https:\/\/www.celttv.com.ar\/wp-content\/uploads\/2023\/05\/RESERVA-ZONA-A-768x432.jpg 768w, https:\/\/www.celttv.com.ar\/wp-content\/uploads\/2023\/05\/RESERVA-ZONA-A-750x422.jpg 750w, https:\/\/www.celttv.com.ar\/wp-content\/uploads\/2023\/05\/RESERVA-ZONA-A-1140x641.jpg 1140w, https:\/\/www.celttv.com.ar\/wp-content\/uploads\/2023\/05\/RESERVA-ZONA-A.jpg 1280w\" data-expand=\"700\" \/><\/a>\n            <\/div><\/figure><br style=\"clear: both\" \/><figure class='gallery-item'>\n            <div class='gallery-icon landscape'>\n                <a href='https:\/\/www.celttv.com.ar\/wp-content\/uploads\/2023\/05\/RESERVA-ZONA-B.jpg'><img loading=\"lazy\" decoding=\"async\" width=\"1024\" height=\"576\" src=\"\" class=\"attachment-large size-large lazyload\" alt=\"\" data-src=\"https:\/\/www.celttv.com.ar\/wp-content\/uploads\/2023\/05\/RESERVA-ZONA-B-1024x576.jpg\" data-sizes=\"auto\" data-srcset=\"https:\/\/www.celttv.com.ar\/wp-content\/uploads\/2023\/05\/RESERVA-ZONA-B-1024x576.jpg 1024w, https:\/\/www.celttv.com.ar\/wp-content\/uploads\/2023\/05\/RESERVA-ZONA-B-300x169.jpg 300w, https:\/\/www.celttv.com.ar\/wp-content\/uploads\/2023\/05\/RESERVA-ZONA-B-768x432.jpg 768w, https:\/\/www.celttv.com.ar\/wp-content\/uploads\/2023\/05\/RESERVA-ZONA-B-750x422.jpg 750w, https:\/\/www.celttv.com.ar\/wp-content\/uploads\/2023\/05\/RESERVA-ZONA-B-1140x641.jpg 1140w, https:\/\/www.celttv.com.ar\/wp-content\/uploads\/2023\/05\/RESERVA-ZONA-B.jpg 1280w\" data-expand=\"700\" \/><\/a>\n            <\/div><\/figure><br style=\"clear: both\" \/><figure class='gallery-item'>\n            <div class='gallery-icon landscape'>\n                <a href='https:\/\/www.celttv.com.ar\/wp-content\/uploads\/2023\/05\/POSICIONES-RESERVA-ZONA-A.jpg'><img loading=\"lazy\" decoding=\"async\" width=\"1024\" height=\"576\" src=\"\" class=\"attachment-large size-large lazyload\" alt=\"\" data-src=\"https:\/\/www.celttv.com.ar\/wp-content\/uploads\/2023\/05\/POSICIONES-RESERVA-ZONA-A-1024x576.jpg\" data-sizes=\"auto\" data-srcset=\"https:\/\/www.celttv.com.ar\/wp-content\/uploads\/2023\/05\/POSICIONES-RESERVA-ZONA-A-1024x576.jpg 1024w, https:\/\/www.celttv.com.ar\/wp-content\/uploads\/2023\/05\/POSICIONES-RESERVA-ZONA-A-300x169.jpg 300w, https:\/\/www.celttv.com.ar\/wp-content\/uploads\/2023\/05\/POSICIONES-RESERVA-ZONA-A-768x432.jpg 768w, https:\/\/www.celttv.com.ar\/wp-content\/uploads\/2023\/05\/POSICIONES-RESERVA-ZONA-A-750x422.jpg 750w, https:\/\/www.celttv.com.ar\/wp-content\/uploads\/2023\/05\/POSICIONES-RESERVA-ZONA-A-1140x641.jpg 1140w, https:\/\/www.celttv.com.ar\/wp-content\/uploads\/2023\/05\/POSICIONES-RESERVA-ZONA-A.jpg 1280w\" data-expand=\"700\" \/><\/a>\n            <\/div><\/figure><br style=\"clear: both\" \/><figure class='gallery-item'>\n            <div class='gallery-icon landscape'>\n                <a href='https:\/\/www.celttv.com.ar\/wp-content\/uploads\/2023\/05\/POSICIONES-RESERVA-ZONA-B.jpg'><img loading=\"lazy\" decoding=\"async\" width=\"1024\" height=\"576\" src=\"\" class=\"attachment-large size-large lazyload\" alt=\"\" data-src=\"https:\/\/www.celttv.com.ar\/wp-content\/uploads\/2023\/05\/POSICIONES-RESERVA-ZONA-B-1024x576.jpg\" data-sizes=\"auto\" data-srcset=\"https:\/\/www.celttv.com.ar\/wp-content\/uploads\/2023\/05\/POSICIONES-RESERVA-ZONA-B-1024x576.jpg 1024w, https:\/\/www.celttv.com.ar\/wp-content\/uploads\/2023\/05\/POSICIONES-RESERVA-ZONA-B-300x169.jpg 300w, https:\/\/www.celttv.com.ar\/wp-content\/uploads\/2023\/05\/POSICIONES-RESERVA-ZONA-B-768x432.jpg 768w, https:\/\/www.celttv.com.ar\/wp-content\/uploads\/2023\/05\/POSICIONES-RESERVA-ZONA-B-750x422.jpg 750w, https:\/\/www.celttv.com.ar\/wp-content\/uploads\/2023\/05\/POSICIONES-RESERVA-ZONA-B-1140x641.jpg 1140w, https:\/\/www.celttv.com.ar\/wp-content\/uploads\/2023\/05\/POSICIONES-RESERVA-ZONA-B.jpg 1280w\" data-expand=\"700\" \/><\/a>\n            <\/div><\/figure><br style=\"clear: both\" \/><figure class='gallery-item'>\n            <div class='gallery-icon landscape'>\n                <a href='https:\/\/www.celttv.com.ar\/wp-content\/uploads\/2023\/05\/F10-ZONA-A-AP.jpg'><img loading=\"lazy\" decoding=\"async\" width=\"1024\" height=\"576\" src=\"\" class=\"attachment-large size-large lazyload\" alt=\"\" data-src=\"https:\/\/www.celttv.com.ar\/wp-content\/uploads\/2023\/05\/F10-ZONA-A-AP-1024x576.jpg\" data-sizes=\"auto\" data-srcset=\"https:\/\/www.celttv.com.ar\/wp-content\/uploads\/2023\/05\/F10-ZONA-A-AP-1024x576.jpg 1024w, https:\/\/www.celttv.com.ar\/wp-content\/uploads\/2023\/05\/F10-ZONA-A-AP-300x169.jpg 300w, https:\/\/www.celttv.com.ar\/wp-content\/uploads\/2023\/05\/F10-ZONA-A-AP-768x432.jpg 768w, https:\/\/www.celttv.com.ar\/wp-content\/uploads\/2023\/05\/F10-ZONA-A-AP-750x422.jpg 750w, https:\/\/www.celttv.com.ar\/wp-content\/uploads\/2023\/05\/F10-ZONA-A-AP-1140x641.jpg 1140w, https:\/\/www.celttv.com.ar\/wp-content\/uploads\/2023\/05\/F10-ZONA-A-AP.jpg 1280w\" data-expand=\"700\" \/><\/a>\n            <\/div><\/figure><br style=\"clear: both\" \/><figure class='gallery-item'>\n            <div class='gallery-icon landscape'>\n                <a href='https:\/\/www.celttv.com.ar\/wp-content\/uploads\/2023\/05\/F10-ZONA-B-AP.jpg'><img loading=\"lazy\" decoding=\"async\" width=\"1024\" height=\"576\" src=\"\" class=\"attachment-large size-large lazyload\" alt=\"\" data-src=\"https:\/\/www.celttv.com.ar\/wp-content\/uploads\/2023\/05\/F10-ZONA-B-AP-1024x576.jpg\" data-sizes=\"auto\" data-srcset=\"https:\/\/www.celttv.com.ar\/wp-content\/uploads\/2023\/05\/F10-ZONA-B-AP-1024x576.jpg 1024w, https:\/\/www.celttv.com.ar\/wp-content\/uploads\/2023\/05\/F10-ZONA-B-AP-300x169.jpg 300w, https:\/\/www.celttv.com.ar\/wp-content\/uploads\/2023\/05\/F10-ZONA-B-AP-768x432.jpg 768w, https:\/\/www.celttv.com.ar\/wp-content\/uploads\/2023\/05\/F10-ZONA-B-AP-750x422.jpg 750w, https:\/\/www.celttv.com.ar\/wp-content\/uploads\/2023\/05\/F10-ZONA-B-AP-1140x641.jpg 1140w, https:\/\/www.celttv.com.ar\/wp-content\/uploads\/2023\/05\/F10-ZONA-B-AP.jpg 1280w\" data-expand=\"700\" \/><\/a>\n            <\/div><\/figure><br style=\"clear: both\" \/>\n        <\/div>\n\n","protected":false},"excerpt":{"rendered":"<p>Automoto, en un partido por dem\u00e1s caliente (tanto en la previa como en el encuentro), derrot\u00f3 2 a 0 al \u00faltimo campe\u00f3n Racing Club, con goles de Kevin Muzzol\u00f3n y Ger\u00f3nimo Rodr\u00edguez. La visita se qued\u00f3 con dos jugadores menos por las expulsiones de Zapata en el primer tiempo y Gigena en el complemento. En [&hellip;]<\/p>\n","protected":false},"author":6,"featured_media":75711,"comment_status":"closed","ping_status":"closed","sticky":false,"template":"","format":"standard","meta":{"footnotes":""},"categories":[60,52],"tags":[],"class_list":["post-75696","post","type-post","status-publish","format-standard","has-post-thumbnail","hentry","category-deporte","category-destacadas"],"yoast_head":"<!-- This site is optimized with the Yoast SEO plugin v19.7.1 - https:\/\/yoast.com\/wordpress\/plugins\/seo\/ -->\n<title>GAN\u00d3 AUTOMOTO Y PERDI\u00d3 UNI\u00d3N - CELTTV<\/title>\n<meta name=\"description\" content=\"Sitio web de noticias de la localidad de Tornquist, provincia de Buenos Aires, Rep\u00fablica Argentina. Contenido propio originado por periodistas de CELTTV, el canal de TV local de la Cooperativa El\u00e9ctrica de Tornquist. Turismo, Pol\u00edtica, Sociedad, Deporte, Cultura y todo el contenido de inter\u00e9s general que la gente del pueblo y la regi\u00f3n debe conocer.\" \/>\n<meta name=\"robots\" content=\"index, follow, max-snippet:-1, max-image-preview:large, max-video-preview:-1\" \/>\n<link rel=\"canonical\" href=\"https:\/\/www.celttv.com.ar\/index.php\/2023\/05\/07\/gano-automoto-y-perdio-union\/\" \/>\n<meta property=\"og:locale\" content=\"es_ES\" \/>\n<meta property=\"og:type\" content=\"article\" \/>\n<meta property=\"og:title\" content=\"GAN\u00d3 AUTOMOTO Y PERDI\u00d3 UNI\u00d3N - CELTTV\" \/>\n<meta property=\"og:description\" content=\"Sitio web de noticias de la localidad de Tornquist, provincia de Buenos Aires, Rep\u00fablica Argentina. Contenido propio originado por periodistas de CELTTV, el canal de TV local de la Cooperativa El\u00e9ctrica de Tornquist. Turismo, Pol\u00edtica, Sociedad, Deporte, Cultura y todo el contenido de inter\u00e9s general que la gente del pueblo y la regi\u00f3n debe conocer.\" \/>\n<meta property=\"og:url\" content=\"https:\/\/www.celttv.com.ar\/index.php\/2023\/05\/07\/gano-automoto-y-perdio-union\/\" \/>\n<meta property=\"og:site_name\" content=\"CELTTV\" \/>\n<meta property=\"article:publisher\" content=\"https:\/\/www.facebook.com\/celtTV\/\" \/>\n<meta property=\"article:published_time\" content=\"2023-05-07T22:30:19+00:00\" \/>\n<meta property=\"og:image\" content=\"https:\/\/www.celttv.com.ar\/wp-content\/uploads\/2023\/05\/IMG_4118.jpg\" \/>\n\t<meta property=\"og:image:width\" content=\"1024\" \/>\n\t<meta property=\"og:image:height\" content=\"683\" \/>\n\t<meta property=\"og:image:type\" content=\"image\/jpeg\" \/>\n<meta name=\"author\" content=\"Gustavo\" \/>\n<meta name=\"twitter:card\" content=\"summary_large_image\" \/>\n<meta name=\"twitter:label1\" content=\"Escrito por\" \/>\n\t<meta name=\"twitter:data1\" content=\"Gustavo\" \/>\n\t<meta name=\"twitter:label2\" content=\"Tiempo de lectura\" \/>\n\t<meta name=\"twitter:data2\" content=\"1 minuto\" \/>\n<script type=\"application\/ld+json\" class=\"yoast-schema-graph\">{\"@context\":\"https:\/\/schema.org\",\"@graph\":[{\"@type\":\"NewsArticle\",\"@id\":\"https:\/\/www.celttv.com.ar\/index.php\/2023\/05\/07\/gano-automoto-y-perdio-union\/#article\",\"isPartOf\":{\"@id\":\"https:\/\/www.celttv.com.ar\/index.php\/2023\/05\/07\/gano-automoto-y-perdio-union\/\"},\"author\":{\"name\":\"Gustavo\",\"@id\":\"https:\/\/www.celttv.com.ar\/#\/schema\/person\/2fa5211ee5f57a14d73608a9c7953d47\"},\"headline\":\"GAN\u00d3 AUTOMOTO Y PERDI\u00d3 UNI\u00d3N\",\"datePublished\":\"2023-05-07T22:30:19+00:00\",\"dateModified\":\"2023-05-07T22:30:19+00:00\",\"mainEntityOfPage\":{\"@id\":\"https:\/\/www.celttv.com.ar\/index.php\/2023\/05\/07\/gano-automoto-y-perdio-union\/\"},\"wordCount\":143,\"publisher\":{\"@id\":\"https:\/\/www.celttv.com.ar\/#organization\"},\"articleSection\":[\"Deporte\",\"Destacadas\"],\"inLanguage\":\"es\"},{\"@type\":\"WebPage\",\"@id\":\"https:\/\/www.celttv.com.ar\/index.php\/2023\/05\/07\/gano-automoto-y-perdio-union\/\",\"url\":\"https:\/\/www.celttv.com.ar\/index.php\/2023\/05\/07\/gano-automoto-y-perdio-union\/\",\"name\":\"GAN\u00d3 AUTOMOTO Y PERDI\u00d3 UNI\u00d3N - CELTTV\",\"isPartOf\":{\"@id\":\"https:\/\/www.celttv.com.ar\/#website\"},\"datePublished\":\"2023-05-07T22:30:19+00:00\",\"dateModified\":\"2023-05-07T22:30:19+00:00\",\"description\":\"Sitio web de noticias de la localidad de Tornquist, provincia de Buenos Aires, Rep\u00fablica Argentina. Contenido propio originado por periodistas de CELTTV, el canal de TV local de la Cooperativa El\u00e9ctrica de Tornquist. Turismo, Pol\u00edtica, Sociedad, Deporte, Cultura y todo el contenido de inter\u00e9s general que la gente del pueblo y la regi\u00f3n debe conocer.\",\"breadcrumb\":{\"@id\":\"https:\/\/www.celttv.com.ar\/index.php\/2023\/05\/07\/gano-automoto-y-perdio-union\/#breadcrumb\"},\"inLanguage\":\"es\",\"potentialAction\":[{\"@type\":\"ReadAction\",\"target\":[\"https:\/\/www.celttv.com.ar\/index.php\/2023\/05\/07\/gano-automoto-y-perdio-union\/\"]}]},{\"@type\":\"BreadcrumbList\",\"@id\":\"https:\/\/www.celttv.com.ar\/index.php\/2023\/05\/07\/gano-automoto-y-perdio-union\/#breadcrumb\",\"itemListElement\":[{\"@type\":\"ListItem\",\"position\":1,\"name\":\"Inicio\",\"item\":\"https:\/\/www.celttv.com.ar\/\"},{\"@type\":\"ListItem\",\"position\":2,\"name\":\"GAN\u00d3 AUTOMOTO Y PERDI\u00d3 UNI\u00d3N\"}]},{\"@type\":\"WebSite\",\"@id\":\"https:\/\/www.celttv.com.ar\/#website\",\"url\":\"https:\/\/www.celttv.com.ar\/\",\"name\":\"CELTTV\",\"description\":\"Cooperativa El\u00e9ctrica de Tornquist\",\"publisher\":{\"@id\":\"https:\/\/www.celttv.com.ar\/#organization\"},\"potentialAction\":[{\"@type\":\"SearchAction\",\"target\":{\"@type\":\"EntryPoint\",\"urlTemplate\":\"https:\/\/www.celttv.com.ar\/?s={search_term_string}\"},\"query-input\":\"required name=search_term_string\"}],\"inLanguage\":\"es\"},{\"@type\":\"Organization\",\"@id\":\"https:\/\/www.celttv.com.ar\/#organization\",\"name\":\"CELTTV\",\"url\":\"https:\/\/www.celttv.com.ar\/\",\"sameAs\":[\"https:\/\/www.youtube.com\/channel\/UCz_oIt8Hig64Ub-EmcNPIhg\",\"https:\/\/www.facebook.com\/celtTV\/\"],\"logo\":{\"@type\":\"ImageObject\",\"inLanguage\":\"es\",\"@id\":\"https:\/\/www.celttv.com.ar\/#\/schema\/logo\/image\/\",\"url\":\"http:\/\/www.celttv.com.ar\/wp-content\/uploads\/2022\/08\/logo-1.png\",\"contentUrl\":\"http:\/\/www.celttv.com.ar\/wp-content\/uploads\/2022\/08\/logo-1.png\",\"width\":461,\"height\":159,\"caption\":\"CELTTV\"},\"image\":{\"@id\":\"https:\/\/www.celttv.com.ar\/#\/schema\/logo\/image\/\"}},{\"@type\":\"Person\",\"@id\":\"https:\/\/www.celttv.com.ar\/#\/schema\/person\/2fa5211ee5f57a14d73608a9c7953d47\",\"name\":\"Gustavo\",\"image\":{\"@type\":\"ImageObject\",\"inLanguage\":\"es\",\"@id\":\"https:\/\/www.celttv.com.ar\/#\/schema\/person\/image\/\",\"url\":\"https:\/\/secure.gravatar.com\/avatar\/ce08c7f9fb0c7a8fac3ceb4037244aff8ba8fcdc212dd29d83ed27319212b01d?s=96&d=mm&r=g\",\"contentUrl\":\"https:\/\/secure.gravatar.com\/avatar\/ce08c7f9fb0c7a8fac3ceb4037244aff8ba8fcdc212dd29d83ed27319212b01d?s=96&d=mm&r=g\",\"caption\":\"Gustavo\"},\"sameAs\":[\"http:\/\/Gustavo%20Bacci\"]}]}<\/script>\n<!-- \/ Yoast SEO plugin. -->","yoast_head_json":{"title":"GAN\u00d3 AUTOMOTO Y PERDI\u00d3 UNI\u00d3N - CELTTV","description":"Sitio web de noticias de la localidad de Tornquist, provincia de Buenos Aires, Rep\u00fablica Argentina. Contenido propio originado por periodistas de CELTTV, el canal de TV local de la Cooperativa El\u00e9ctrica de Tornquist. Turismo, Pol\u00edtica, Sociedad, Deporte, Cultura y todo el contenido de inter\u00e9s general que la gente del pueblo y la regi\u00f3n debe conocer.","robots":{"index":"index","follow":"follow","max-snippet":"max-snippet:-1","max-image-preview":"max-image-preview:large","max-video-preview":"max-video-preview:-1"},"canonical":"https:\/\/www.celttv.com.ar\/index.php\/2023\/05\/07\/gano-automoto-y-perdio-union\/","og_locale":"es_ES","og_type":"article","og_title":"GAN\u00d3 AUTOMOTO Y PERDI\u00d3 UNI\u00d3N - CELTTV","og_description":"Sitio web de noticias de la localidad de Tornquist, provincia de Buenos Aires, Rep\u00fablica Argentina. Contenido propio originado por periodistas de CELTTV, el canal de TV local de la Cooperativa El\u00e9ctrica de Tornquist. Turismo, Pol\u00edtica, Sociedad, Deporte, Cultura y todo el contenido de inter\u00e9s general que la gente del pueblo y la regi\u00f3n debe conocer.","og_url":"https:\/\/www.celttv.com.ar\/index.php\/2023\/05\/07\/gano-automoto-y-perdio-union\/","og_site_name":"CELTTV","article_publisher":"https:\/\/www.facebook.com\/celtTV\/","article_published_time":"2023-05-07T22:30:19+00:00","og_image":[{"width":1024,"height":683,"url":"https:\/\/www.celttv.com.ar\/wp-content\/uploads\/2023\/05\/IMG_4118.jpg","type":"image\/jpeg"}],"author":"Gustavo","twitter_card":"summary_large_image","twitter_misc":{"Escrito por":"Gustavo","Tiempo de lectura":"1 minuto"},"schema":{"@context":"https:\/\/schema.org","@graph":[{"@type":"NewsArticle","@id":"https:\/\/www.celttv.com.ar\/index.php\/2023\/05\/07\/gano-automoto-y-perdio-union\/#article","isPartOf":{"@id":"https:\/\/www.celttv.com.ar\/index.php\/2023\/05\/07\/gano-automoto-y-perdio-union\/"},"author":{"name":"Gustavo","@id":"https:\/\/www.celttv.com.ar\/#\/schema\/person\/2fa5211ee5f57a14d73608a9c7953d47"},"headline":"GAN\u00d3 AUTOMOTO Y PERDI\u00d3 UNI\u00d3N","datePublished":"2023-05-07T22:30:19+00:00","dateModified":"2023-05-07T22:30:19+00:00","mainEntityOfPage":{"@id":"https:\/\/www.celttv.com.ar\/index.php\/2023\/05\/07\/gano-automoto-y-perdio-union\/"},"wordCount":143,"publisher":{"@id":"https:\/\/www.celttv.com.ar\/#organization"},"articleSection":["Deporte","Destacadas"],"inLanguage":"es"},{"@type":"WebPage","@id":"https:\/\/www.celttv.com.ar\/index.php\/2023\/05\/07\/gano-automoto-y-perdio-union\/","url":"https:\/\/www.celttv.com.ar\/index.php\/2023\/05\/07\/gano-automoto-y-perdio-union\/","name":"GAN\u00d3 AUTOMOTO Y PERDI\u00d3 UNI\u00d3N - CELTTV","isPartOf":{"@id":"https:\/\/www.celttv.com.ar\/#website"},"datePublished":"2023-05-07T22:30:19+00:00","dateModified":"2023-05-07T22:30:19+00:00","description":"Sitio web de noticias de la localidad de Tornquist, provincia de Buenos Aires, Rep\u00fablica Argentina. Contenido propio originado por periodistas de CELTTV, el canal de TV local de la Cooperativa El\u00e9ctrica de Tornquist. Turismo, Pol\u00edtica, Sociedad, Deporte, Cultura y todo el contenido de inter\u00e9s general que la gente del pueblo y la regi\u00f3n debe conocer.","breadcrumb":{"@id":"https:\/\/www.celttv.com.ar\/index.php\/2023\/05\/07\/gano-automoto-y-perdio-union\/#breadcrumb"},"inLanguage":"es","potentialAction":[{"@type":"ReadAction","target":["https:\/\/www.celttv.com.ar\/index.php\/2023\/05\/07\/gano-automoto-y-perdio-union\/"]}]},{"@type":"BreadcrumbList","@id":"https:\/\/www.celttv.com.ar\/index.php\/2023\/05\/07\/gano-automoto-y-perdio-union\/#breadcrumb","itemListElement":[{"@type":"ListItem","position":1,"name":"Inicio","item":"https:\/\/www.celttv.com.ar\/"},{"@type":"ListItem","position":2,"name":"GAN\u00d3 AUTOMOTO Y PERDI\u00d3 UNI\u00d3N"}]},{"@type":"WebSite","@id":"https:\/\/www.celttv.com.ar\/#website","url":"https:\/\/www.celttv.com.ar\/","name":"CELTTV","description":"Cooperativa El\u00e9ctrica de Tornquist","publisher":{"@id":"https:\/\/www.celttv.com.ar\/#organization"},"potentialAction":[{"@type":"SearchAction","target":{"@type":"EntryPoint","urlTemplate":"https:\/\/www.celttv.com.ar\/?s={search_term_string}"},"query-input":"required name=search_term_string"}],"inLanguage":"es"},{"@type":"Organization","@id":"https:\/\/www.celttv.com.ar\/#organization","name":"CELTTV","url":"https:\/\/www.celttv.com.ar\/","sameAs":["https:\/\/www.youtube.com\/channel\/UCz_oIt8Hig64Ub-EmcNPIhg","https:\/\/www.facebook.com\/celtTV\/"],"logo":{"@type":"ImageObject","inLanguage":"es","@id":"https:\/\/www.celttv.com.ar\/#\/schema\/logo\/image\/","url":"http:\/\/www.celttv.com.ar\/wp-content\/uploads\/2022\/08\/logo-1.png","contentUrl":"http:\/\/www.celttv.com.ar\/wp-content\/uploads\/2022\/08\/logo-1.png","width":461,"height":159,"caption":"CELTTV"},"image":{"@id":"https:\/\/www.celttv.com.ar\/#\/schema\/logo\/image\/"}},{"@type":"Person","@id":"https:\/\/www.celttv.com.ar\/#\/schema\/person\/2fa5211ee5f57a14d73608a9c7953d47","name":"Gustavo","image":{"@type":"ImageObject","inLanguage":"es","@id":"https:\/\/www.celttv.com.ar\/#\/schema\/person\/image\/","url":"https:\/\/secure.gravatar.com\/avatar\/ce08c7f9fb0c7a8fac3ceb4037244aff8ba8fcdc212dd29d83ed27319212b01d?s=96&d=mm&r=g","contentUrl":"https:\/\/secure.gravatar.com\/avatar\/ce08c7f9fb0c7a8fac3ceb4037244aff8ba8fcdc212dd29d83ed27319212b01d?s=96&d=mm&r=g","caption":"Gustavo"},"sameAs":["http:\/\/Gustavo%20Bacci"]}]}},"_links":{"self":[{"href":"https:\/\/www.celttv.com.ar\/index.php\/wp-json\/wp\/v2\/posts\/75696","targetHints":{"allow":["GET"]}}],"collection":[{"href":"https:\/\/www.celttv.com.ar\/index.php\/wp-json\/wp\/v2\/posts"}],"about":[{"href":"https:\/\/www.celttv.com.ar\/index.php\/wp-json\/wp\/v2\/types\/post"}],"author":[{"embeddable":true,"href":"https:\/\/www.celttv.com.ar\/index.php\/wp-json\/wp\/v2\/users\/6"}],"replies":[{"embeddable":true,"href":"https:\/\/www.celttv.com.ar\/index.php\/wp-json\/wp\/v2\/comments?post=75696"}],"version-history":[{"count":1,"href":"https:\/\/www.celttv.com.ar\/index.php\/wp-json\/wp\/v2\/posts\/75696\/revisions"}],"predecessor-version":[{"id":75712,"href":"https:\/\/www.celttv.com.ar\/index.php\/wp-json\/wp\/v2\/posts\/75696\/revisions\/75712"}],"wp:featuredmedia":[{"embeddable":true,"href":"https:\/\/www.celttv.com.ar\/index.php\/wp-json\/wp\/v2\/media\/75711"}],"wp:attachment":[{"href":"https:\/\/www.celttv.com.ar\/index.php\/wp-json\/wp\/v2\/media?parent=75696"}],"wp:term":[{"taxonomy":"category","embeddable":true,"href":"https:\/\/www.celttv.com.ar\/index.php\/wp-json\/wp\/v2\/categories?post=75696"},{"taxonomy":"post_tag","embeddable":true,"href":"https:\/\/www.celttv.com.ar\/index.php\/wp-json\/wp\/v2\/tags?post=75696"}],"curies":[{"name":"wp","href":"https:\/\/api.w.org\/{rel}","templated":true}]}}