{"id":75713,"date":"2023-05-07T20:13:02","date_gmt":"2023-05-07T23:13:02","guid":{"rendered":"http:\/\/www.celttv.com.ar\/?p=75713"},"modified":"2023-05-07T20:13:02","modified_gmt":"2023-05-07T23:13:02","slug":"se-cumple-un-nuevo-aniversario-del-natalicio-de-eva-duarte","status":"publish","type":"post","link":"https:\/\/www.celttv.com.ar\/index.php\/2023\/05\/07\/se-cumple-un-nuevo-aniversario-del-natalicio-de-eva-duarte\/","title":{"rendered":"Se cumple un nuevo aniversario del natalicio de Eva Duarte"},"content":{"rendered":"<p>El partido Justicialista de Tornquist saluda a nuestra l\u00edder espiritual en un nuevo aniversario de su natalicio.<br \/>\n<strong>Pero que represento Evita para el movimiento Justicialista??<\/strong><br \/>\nEva Duarte naci\u00f3 en Los Toldos, Provincia de Buenos Aires, el 7 de mayo de 1919.<\/p>\n<p>Fue actriz, incursion\u00f3 en la radiofon\u00eda de esa \u00e9poca, hasta que conoci\u00f3 al general Juan Domingo Per\u00f3n y se cas\u00f3 con \u00e9l. A partir de ese momento fue una pieza clave y comenz\u00f3 a desarrollar un papel fundamental en el escenario pol\u00edtico.<br \/>\nUno de sus logros m\u00e1s destacados fue la promulgaci\u00f3n de la ley de sufragio femenino, en 1947.<\/p>\n<p>El 9 de septiembre de ese a\u00f1o, se sancion\u00f3 la Ley N.\u00ba 13.010, tambi\u00e9n conocida como &#8220;la Ley Evita&#8221; ; que le daba el derecho y habilitaba a todas las mujeres de la Argentina a votar. Este fue, adem\u00e1s, el primer paso para la incorporaci\u00f3n formal de las mujeres en el \u00e1mbito pol\u00edtico.<br \/>\nA principios de 1947 hubo una segunda tanda de inauguraciones de centros c\u00edvicos propiciados directamente por Evita.<\/p>\n<p>Con aquella Ley, su liderazgo pol\u00edtico se proyect\u00f3 a nivel nacional y posibilit\u00f3 que las mujeres cumplieran con el objetivo de la reelecci\u00f3n de Per\u00f3n, por un segundo mandato. Para ese prop\u00f3sito, se cre\u00f3 el Partido Peronista Femenino, fundado el 29 de julio de 1949\u00a0en el marco de la primera asamblea organizativa del Partido Peronista, un partido de integraci\u00f3n social, que<br \/>\nbuscaba incluir a un grupo espec\u00edfico y constituir una respuesta pol\u00edtico organizativa al desarrollo de las pol\u00edticas de masas.<br \/>\nLa Fundaci\u00f3n Eva Per\u00f3n, dedicada a la asistencia social, obtuvo su personer\u00eda jur\u00eddica en julio de 1948. La instituci\u00f3n cre\u00f3, a su vez, hogares, escuelas, hospitales, la famosa Escuela de Enfermeras y proveedur\u00edas de alimentos.<br \/>\nY as\u00ed podr\u00edamos seguir enumerando todos sus logros en pos de los m\u00e1s despose\u00eddos, pero solo nos estar\u00edamos refiriendo a su faceta pol\u00edtica y no a su lado humano, con el cual logro llegar al coraz\u00f3n de millones de argentinos quienes vieron en la persona de Evita a su protectora m\u00e1s ac\u00e9rrima ante los embates de una sociedad elitista, la cual despreciaba a las clases mas pobres de<br \/>\nla Argentina.<br \/>\nLa llegada de Evita puso en la palestra esta desigualdad y lucho con todas sus fuerzas para revertir esta situaci\u00f3n y colocar la empat\u00eda como prioridad en la sociedad argentina.<\/p>\n<p><img loading=\"lazy\" decoding=\"async\" class=\"alignnone size-medium wp-image-75714\" src=\"http:\/\/www.celttv.com.ar\/wp-content\/uploads\/2023\/05\/evita-281x300.jpg\" alt=\"\" width=\"281\" height=\"300\" srcset=\"https:\/\/www.celttv.com.ar\/wp-content\/uploads\/2023\/05\/evita-281x300.jpg 281w, https:\/\/www.celttv.com.ar\/wp-content\/uploads\/2023\/05\/evita.jpg 682w\" sizes=\"auto, (max-width: 281px) 100vw, 281px\" \/><\/p>\n","protected":false},"excerpt":{"rendered":"<p>El partido Justicialista de Tornquist saluda a nuestra l\u00edder espiritual en un nuevo aniversario de su natalicio. Pero que represento Evita para el movimiento Justicialista?? Eva Duarte naci\u00f3 en Los Toldos, Provincia de Buenos Aires, el 7 de mayo de 1919. Fue actriz, incursion\u00f3 en la radiofon\u00eda de esa \u00e9poca, hasta que conoci\u00f3 al general [&hellip;]<\/p>\n","protected":false},"author":5,"featured_media":75714,"comment_status":"closed","ping_status":"closed","sticky":false,"template":"","format":"standard","meta":{"footnotes":""},"categories":[51,52,53],"tags":[846],"class_list":["post-75713","post","type-post","status-publish","format-standard","has-post-thumbnail","hentry","category-comunidad","category-destacadas","category-politica","tag-se-cumple-un-nuevo-aniversario-del-natalicio-de-eva-duarte"],"yoast_head":"<!-- This site is optimized with the Yoast SEO plugin v19.7.1 - https:\/\/yoast.com\/wordpress\/plugins\/seo\/ -->\n<title>Se cumple un nuevo aniversario del natalicio de Eva Duarte - CELTTV<\/title>\n<meta name=\"description\" content=\"Sitio web de noticias de la localidad de Tornquist, provincia de Buenos Aires, Rep\u00fablica Argentina. Contenido propio originado por periodistas de CELTTV, el canal de TV local de la Cooperativa El\u00e9ctrica de Tornquist. Turismo, Pol\u00edtica, Sociedad, Deporte, Cultura y todo el contenido de inter\u00e9s general que la gente del pueblo y la regi\u00f3n debe conocer.\" \/>\n<meta name=\"robots\" content=\"index, follow, max-snippet:-1, max-image-preview:large, max-video-preview:-1\" \/>\n<link rel=\"canonical\" href=\"https:\/\/www.celttv.com.ar\/index.php\/2023\/05\/07\/se-cumple-un-nuevo-aniversario-del-natalicio-de-eva-duarte\/\" \/>\n<meta property=\"og:locale\" content=\"es_ES\" \/>\n<meta property=\"og:type\" content=\"article\" \/>\n<meta property=\"og:title\" content=\"Se cumple un nuevo aniversario del natalicio de Eva Duarte - CELTTV\" \/>\n<meta property=\"og:description\" content=\"Sitio web de noticias de la localidad de Tornquist, provincia de Buenos Aires, Rep\u00fablica Argentina. Contenido propio originado por periodistas de CELTTV, el canal de TV local de la Cooperativa El\u00e9ctrica de Tornquist. Turismo, Pol\u00edtica, Sociedad, Deporte, Cultura y todo el contenido de inter\u00e9s general que la gente del pueblo y la regi\u00f3n debe conocer.\" \/>\n<meta property=\"og:url\" content=\"https:\/\/www.celttv.com.ar\/index.php\/2023\/05\/07\/se-cumple-un-nuevo-aniversario-del-natalicio-de-eva-duarte\/\" \/>\n<meta property=\"og:site_name\" content=\"CELTTV\" \/>\n<meta property=\"article:publisher\" content=\"https:\/\/www.facebook.com\/celtTV\/\" \/>\n<meta property=\"article:published_time\" content=\"2023-05-07T23:13:02+00:00\" \/>\n<meta property=\"og:image\" content=\"https:\/\/www.celttv.com.ar\/wp-content\/uploads\/2023\/05\/evita.jpg\" \/>\n\t<meta property=\"og:image:width\" content=\"682\" \/>\n\t<meta property=\"og:image:height\" content=\"727\" \/>\n\t<meta property=\"og:image:type\" content=\"image\/jpeg\" \/>\n<meta name=\"author\" content=\"Miguel Herrada\" \/>\n<meta name=\"twitter:card\" content=\"summary_large_image\" \/>\n<meta name=\"twitter:label1\" content=\"Escrito por\" \/>\n\t<meta name=\"twitter:data1\" content=\"Miguel Herrada\" \/>\n\t<meta name=\"twitter:label2\" content=\"Tiempo de lectura\" \/>\n\t<meta name=\"twitter:data2\" content=\"2 minutos\" \/>\n<script type=\"application\/ld+json\" class=\"yoast-schema-graph\">{\"@context\":\"https:\/\/schema.org\",\"@graph\":[{\"@type\":\"NewsArticle\",\"@id\":\"https:\/\/www.celttv.com.ar\/index.php\/2023\/05\/07\/se-cumple-un-nuevo-aniversario-del-natalicio-de-eva-duarte\/#article\",\"isPartOf\":{\"@id\":\"https:\/\/www.celttv.com.ar\/index.php\/2023\/05\/07\/se-cumple-un-nuevo-aniversario-del-natalicio-de-eva-duarte\/\"},\"author\":{\"name\":\"Miguel Herrada\",\"@id\":\"https:\/\/www.celttv.com.ar\/#\/schema\/person\/9059dc91dc7204ef4182cdb65225f07d\"},\"headline\":\"Se cumple un nuevo aniversario del natalicio de Eva Duarte\",\"datePublished\":\"2023-05-07T23:13:02+00:00\",\"dateModified\":\"2023-05-07T23:13:02+00:00\",\"mainEntityOfPage\":{\"@id\":\"https:\/\/www.celttv.com.ar\/index.php\/2023\/05\/07\/se-cumple-un-nuevo-aniversario-del-natalicio-de-eva-duarte\/\"},\"wordCount\":422,\"publisher\":{\"@id\":\"https:\/\/www.celttv.com.ar\/#organization\"},\"keywords\":[\"Se cumple un nuevo aniversario del natalicio de Eva Duarte\"],\"articleSection\":[\"Comunidad\",\"Destacadas\",\"Pol\u00edtica\"],\"inLanguage\":\"es\"},{\"@type\":\"WebPage\",\"@id\":\"https:\/\/www.celttv.com.ar\/index.php\/2023\/05\/07\/se-cumple-un-nuevo-aniversario-del-natalicio-de-eva-duarte\/\",\"url\":\"https:\/\/www.celttv.com.ar\/index.php\/2023\/05\/07\/se-cumple-un-nuevo-aniversario-del-natalicio-de-eva-duarte\/\",\"name\":\"Se cumple un nuevo aniversario del natalicio de Eva Duarte - CELTTV\",\"isPartOf\":{\"@id\":\"https:\/\/www.celttv.com.ar\/#website\"},\"datePublished\":\"2023-05-07T23:13:02+00:00\",\"dateModified\":\"2023-05-07T23:13:02+00:00\",\"description\":\"Sitio web de noticias de la localidad de Tornquist, provincia de Buenos Aires, Rep\u00fablica Argentina. Contenido propio originado por periodistas de CELTTV, el canal de TV local de la Cooperativa El\u00e9ctrica de Tornquist. Turismo, Pol\u00edtica, Sociedad, Deporte, Cultura y todo el contenido de inter\u00e9s general que la gente del pueblo y la regi\u00f3n debe conocer.\",\"breadcrumb\":{\"@id\":\"https:\/\/www.celttv.com.ar\/index.php\/2023\/05\/07\/se-cumple-un-nuevo-aniversario-del-natalicio-de-eva-duarte\/#breadcrumb\"},\"inLanguage\":\"es\",\"potentialAction\":[{\"@type\":\"ReadAction\",\"target\":[\"https:\/\/www.celttv.com.ar\/index.php\/2023\/05\/07\/se-cumple-un-nuevo-aniversario-del-natalicio-de-eva-duarte\/\"]}]},{\"@type\":\"BreadcrumbList\",\"@id\":\"https:\/\/www.celttv.com.ar\/index.php\/2023\/05\/07\/se-cumple-un-nuevo-aniversario-del-natalicio-de-eva-duarte\/#breadcrumb\",\"itemListElement\":[{\"@type\":\"ListItem\",\"position\":1,\"name\":\"Inicio\",\"item\":\"https:\/\/www.celttv.com.ar\/\"},{\"@type\":\"ListItem\",\"position\":2,\"name\":\"Se cumple un nuevo aniversario del natalicio de Eva Duarte\"}]},{\"@type\":\"WebSite\",\"@id\":\"https:\/\/www.celttv.com.ar\/#website\",\"url\":\"https:\/\/www.celttv.com.ar\/\",\"name\":\"CELTTV\",\"description\":\"Cooperativa El\u00e9ctrica de Tornquist\",\"publisher\":{\"@id\":\"https:\/\/www.celttv.com.ar\/#organization\"},\"potentialAction\":[{\"@type\":\"SearchAction\",\"target\":{\"@type\":\"EntryPoint\",\"urlTemplate\":\"https:\/\/www.celttv.com.ar\/?s={search_term_string}\"},\"query-input\":\"required name=search_term_string\"}],\"inLanguage\":\"es\"},{\"@type\":\"Organization\",\"@id\":\"https:\/\/www.celttv.com.ar\/#organization\",\"name\":\"CELTTV\",\"url\":\"https:\/\/www.celttv.com.ar\/\",\"sameAs\":[\"https:\/\/www.youtube.com\/channel\/UCz_oIt8Hig64Ub-EmcNPIhg\",\"https:\/\/www.facebook.com\/celtTV\/\"],\"logo\":{\"@type\":\"ImageObject\",\"inLanguage\":\"es\",\"@id\":\"https:\/\/www.celttv.com.ar\/#\/schema\/logo\/image\/\",\"url\":\"http:\/\/www.celttv.com.ar\/wp-content\/uploads\/2022\/08\/logo-1.png\",\"contentUrl\":\"http:\/\/www.celttv.com.ar\/wp-content\/uploads\/2022\/08\/logo-1.png\",\"width\":461,\"height\":159,\"caption\":\"CELTTV\"},\"image\":{\"@id\":\"https:\/\/www.celttv.com.ar\/#\/schema\/logo\/image\/\"}},{\"@type\":\"Person\",\"@id\":\"https:\/\/www.celttv.com.ar\/#\/schema\/person\/9059dc91dc7204ef4182cdb65225f07d\",\"name\":\"Miguel Herrada\",\"image\":{\"@type\":\"ImageObject\",\"inLanguage\":\"es\",\"@id\":\"https:\/\/www.celttv.com.ar\/#\/schema\/person\/image\/\",\"url\":\"https:\/\/secure.gravatar.com\/avatar\/67724d5b3c716623ffd76bec7e45841a442ac3b456e914dbba90b0fad2b8e0b1?s=96&d=mm&r=g\",\"contentUrl\":\"https:\/\/secure.gravatar.com\/avatar\/67724d5b3c716623ffd76bec7e45841a442ac3b456e914dbba90b0fad2b8e0b1?s=96&d=mm&r=g\",\"caption\":\"Miguel Herrada\"}}]}<\/script>\n<!-- \/ Yoast SEO plugin. -->","yoast_head_json":{"title":"Se cumple un nuevo aniversario del natalicio de Eva Duarte - CELTTV","description":"Sitio web de noticias de la localidad de Tornquist, provincia de Buenos Aires, Rep\u00fablica Argentina. Contenido propio originado por periodistas de CELTTV, el canal de TV local de la Cooperativa El\u00e9ctrica de Tornquist. Turismo, Pol\u00edtica, Sociedad, Deporte, Cultura y todo el contenido de inter\u00e9s general que la gente del pueblo y la regi\u00f3n debe conocer.","robots":{"index":"index","follow":"follow","max-snippet":"max-snippet:-1","max-image-preview":"max-image-preview:large","max-video-preview":"max-video-preview:-1"},"canonical":"https:\/\/www.celttv.com.ar\/index.php\/2023\/05\/07\/se-cumple-un-nuevo-aniversario-del-natalicio-de-eva-duarte\/","og_locale":"es_ES","og_type":"article","og_title":"Se cumple un nuevo aniversario del natalicio de Eva Duarte - CELTTV","og_description":"Sitio web de noticias de la localidad de Tornquist, provincia de Buenos Aires, Rep\u00fablica Argentina. Contenido propio originado por periodistas de CELTTV, el canal de TV local de la Cooperativa El\u00e9ctrica de Tornquist. Turismo, Pol\u00edtica, Sociedad, Deporte, Cultura y todo el contenido de inter\u00e9s general que la gente del pueblo y la regi\u00f3n debe conocer.","og_url":"https:\/\/www.celttv.com.ar\/index.php\/2023\/05\/07\/se-cumple-un-nuevo-aniversario-del-natalicio-de-eva-duarte\/","og_site_name":"CELTTV","article_publisher":"https:\/\/www.facebook.com\/celtTV\/","article_published_time":"2023-05-07T23:13:02+00:00","og_image":[{"width":682,"height":727,"url":"https:\/\/www.celttv.com.ar\/wp-content\/uploads\/2023\/05\/evita.jpg","type":"image\/jpeg"}],"author":"Miguel Herrada","twitter_card":"summary_large_image","twitter_misc":{"Escrito por":"Miguel Herrada","Tiempo de lectura":"2 minutos"},"schema":{"@context":"https:\/\/schema.org","@graph":[{"@type":"NewsArticle","@id":"https:\/\/www.celttv.com.ar\/index.php\/2023\/05\/07\/se-cumple-un-nuevo-aniversario-del-natalicio-de-eva-duarte\/#article","isPartOf":{"@id":"https:\/\/www.celttv.com.ar\/index.php\/2023\/05\/07\/se-cumple-un-nuevo-aniversario-del-natalicio-de-eva-duarte\/"},"author":{"name":"Miguel Herrada","@id":"https:\/\/www.celttv.com.ar\/#\/schema\/person\/9059dc91dc7204ef4182cdb65225f07d"},"headline":"Se cumple un nuevo aniversario del natalicio de Eva Duarte","datePublished":"2023-05-07T23:13:02+00:00","dateModified":"2023-05-07T23:13:02+00:00","mainEntityOfPage":{"@id":"https:\/\/www.celttv.com.ar\/index.php\/2023\/05\/07\/se-cumple-un-nuevo-aniversario-del-natalicio-de-eva-duarte\/"},"wordCount":422,"publisher":{"@id":"https:\/\/www.celttv.com.ar\/#organization"},"keywords":["Se cumple un nuevo aniversario del natalicio de Eva Duarte"],"articleSection":["Comunidad","Destacadas","Pol\u00edtica"],"inLanguage":"es"},{"@type":"WebPage","@id":"https:\/\/www.celttv.com.ar\/index.php\/2023\/05\/07\/se-cumple-un-nuevo-aniversario-del-natalicio-de-eva-duarte\/","url":"https:\/\/www.celttv.com.ar\/index.php\/2023\/05\/07\/se-cumple-un-nuevo-aniversario-del-natalicio-de-eva-duarte\/","name":"Se cumple un nuevo aniversario del natalicio de Eva Duarte - CELTTV","isPartOf":{"@id":"https:\/\/www.celttv.com.ar\/#website"},"datePublished":"2023-05-07T23:13:02+00:00","dateModified":"2023-05-07T23:13:02+00:00","description":"Sitio web de noticias de la localidad de Tornquist, provincia de Buenos Aires, Rep\u00fablica Argentina. Contenido propio originado por periodistas de CELTTV, el canal de TV local de la Cooperativa El\u00e9ctrica de Tornquist. Turismo, Pol\u00edtica, Sociedad, Deporte, Cultura y todo el contenido de inter\u00e9s general que la gente del pueblo y la regi\u00f3n debe conocer.","breadcrumb":{"@id":"https:\/\/www.celttv.com.ar\/index.php\/2023\/05\/07\/se-cumple-un-nuevo-aniversario-del-natalicio-de-eva-duarte\/#breadcrumb"},"inLanguage":"es","potentialAction":[{"@type":"ReadAction","target":["https:\/\/www.celttv.com.ar\/index.php\/2023\/05\/07\/se-cumple-un-nuevo-aniversario-del-natalicio-de-eva-duarte\/"]}]},{"@type":"BreadcrumbList","@id":"https:\/\/www.celttv.com.ar\/index.php\/2023\/05\/07\/se-cumple-un-nuevo-aniversario-del-natalicio-de-eva-duarte\/#breadcrumb","itemListElement":[{"@type":"ListItem","position":1,"name":"Inicio","item":"https:\/\/www.celttv.com.ar\/"},{"@type":"ListItem","position":2,"name":"Se cumple un nuevo aniversario del natalicio de Eva Duarte"}]},{"@type":"WebSite","@id":"https:\/\/www.celttv.com.ar\/#website","url":"https:\/\/www.celttv.com.ar\/","name":"CELTTV","description":"Cooperativa El\u00e9ctrica de Tornquist","publisher":{"@id":"https:\/\/www.celttv.com.ar\/#organization"},"potentialAction":[{"@type":"SearchAction","target":{"@type":"EntryPoint","urlTemplate":"https:\/\/www.celttv.com.ar\/?s={search_term_string}"},"query-input":"required name=search_term_string"}],"inLanguage":"es"},{"@type":"Organization","@id":"https:\/\/www.celttv.com.ar\/#organization","name":"CELTTV","url":"https:\/\/www.celttv.com.ar\/","sameAs":["https:\/\/www.youtube.com\/channel\/UCz_oIt8Hig64Ub-EmcNPIhg","https:\/\/www.facebook.com\/celtTV\/"],"logo":{"@type":"ImageObject","inLanguage":"es","@id":"https:\/\/www.celttv.com.ar\/#\/schema\/logo\/image\/","url":"http:\/\/www.celttv.com.ar\/wp-content\/uploads\/2022\/08\/logo-1.png","contentUrl":"http:\/\/www.celttv.com.ar\/wp-content\/uploads\/2022\/08\/logo-1.png","width":461,"height":159,"caption":"CELTTV"},"image":{"@id":"https:\/\/www.celttv.com.ar\/#\/schema\/logo\/image\/"}},{"@type":"Person","@id":"https:\/\/www.celttv.com.ar\/#\/schema\/person\/9059dc91dc7204ef4182cdb65225f07d","name":"Miguel Herrada","image":{"@type":"ImageObject","inLanguage":"es","@id":"https:\/\/www.celttv.com.ar\/#\/schema\/person\/image\/","url":"https:\/\/secure.gravatar.com\/avatar\/67724d5b3c716623ffd76bec7e45841a442ac3b456e914dbba90b0fad2b8e0b1?s=96&d=mm&r=g","contentUrl":"https:\/\/secure.gravatar.com\/avatar\/67724d5b3c716623ffd76bec7e45841a442ac3b456e914dbba90b0fad2b8e0b1?s=96&d=mm&r=g","caption":"Miguel Herrada"}}]}},"_links":{"self":[{"href":"https:\/\/www.celttv.com.ar\/index.php\/wp-json\/wp\/v2\/posts\/75713","targetHints":{"allow":["GET"]}}],"collection":[{"href":"https:\/\/www.celttv.com.ar\/index.php\/wp-json\/wp\/v2\/posts"}],"about":[{"href":"https:\/\/www.celttv.com.ar\/index.php\/wp-json\/wp\/v2\/types\/post"}],"author":[{"embeddable":true,"href":"https:\/\/www.celttv.com.ar\/index.php\/wp-json\/wp\/v2\/users\/5"}],"replies":[{"embeddable":true,"href":"https:\/\/www.celttv.com.ar\/index.php\/wp-json\/wp\/v2\/comments?post=75713"}],"version-history":[{"count":1,"href":"https:\/\/www.celttv.com.ar\/index.php\/wp-json\/wp\/v2\/posts\/75713\/revisions"}],"predecessor-version":[{"id":75715,"href":"https:\/\/www.celttv.com.ar\/index.php\/wp-json\/wp\/v2\/posts\/75713\/revisions\/75715"}],"wp:featuredmedia":[{"embeddable":true,"href":"https:\/\/www.celttv.com.ar\/index.php\/wp-json\/wp\/v2\/media\/75714"}],"wp:attachment":[{"href":"https:\/\/www.celttv.com.ar\/index.php\/wp-json\/wp\/v2\/media?parent=75713"}],"wp:term":[{"taxonomy":"category","embeddable":true,"href":"https:\/\/www.celttv.com.ar\/index.php\/wp-json\/wp\/v2\/categories?post=75713"},{"taxonomy":"post_tag","embeddable":true,"href":"https:\/\/www.celttv.com.ar\/index.php\/wp-json\/wp\/v2\/tags?post=75713"}],"curies":[{"name":"wp","href":"https:\/\/api.w.org\/{rel}","templated":true}]}}