{"id":75755,"date":"2023-05-09T22:50:33","date_gmt":"2023-05-10T01:50:33","guid":{"rendered":"http:\/\/www.celttv.com.ar\/?p=75755"},"modified":"2023-05-09T22:50:33","modified_gmt":"2023-05-10T01:50:33","slug":"german-mendia-la-importancia-de-la-autocritica-y-el-trabajo-en-equipo-para-sacar-adelante-el-distrito","status":"publish","type":"post","link":"https:\/\/www.celttv.com.ar\/index.php\/2023\/05\/09\/german-mendia-la-importancia-de-la-autocritica-y-el-trabajo-en-equipo-para-sacar-adelante-el-distrito\/","title":{"rendered":"German Mend\u00eda: &#8220;La importancia de la autocr\u00edtica y el trabajo en equipo para sacar adelante el distrito&#8221;"},"content":{"rendered":"<p>Visit\u00f3 el programa CELTTV Noticias German Mend\u00eda, pre candidato a Primer Concejal por el Frente Grande. Mend\u00eda se enfoca en su propia plataforma y evita hablar de otros. Resume su trabajo en los \u00faltimos 5 a\u00f1os y agradece ser vicepresidente del Frente Grande. No menciona nombres en su lista. Discute la necesidad de transporte estatal, educaci\u00f3n, inversiones y empleo para j\u00f3venes. Critica la falta de di\u00e1logo y la pol\u00edtica tradicional. Enfatiza la importancia de la autocr\u00edtica y el trabajo en equipo para sacar adelante el distrito. Proporciona un enlace para descargar m\u00e1s informaci\u00f3n sobre su trabajo en la web.<\/p>\n<p>&nbsp;<\/p>\n<p>&#8220;Me gusta siempre enfocarnos en nuestra propia construcci\u00f3n. No me gusta perder tiempo ni gastar energ\u00edas en hablar de los dem\u00e1s, cada uno trabajar\u00e1 en sus propuestas, en sus ideas, nosotros venimos enfocados en nuestra propia plataforma, no es algo nuevo para nosotros, justo\u00a0 hab\u00eda tra\u00eddo un breve resumen de todo lo hecho en estos \u00faltimos 5 a\u00f1os, fuera de lo que es el Frente Grande, en el trabajo en la agrupaci\u00f3n Ventania, en lo que se ha hecho en todo el distrito, las acciones que se han concretado, digo que es una previa a lo que sigue&#8221; explic\u00f3 Mend\u00eda.<\/p>\n<p>El pre candidato a primer concejal por el Frente Grande agradeci\u00f3\u00a0 a Jorge &#8220;Futu&#8221; Scharff por &#8220;la posibilidad que me da de poder participar en pol\u00edtica partidaria. Asum\u00ed como vicepresidente del Frente Grande tambi\u00e9n la semana pasada, un paso importante para m\u00ed, no en la cuesti\u00f3n personal, digamos, en el ego, sino en las herramientas que te brinda para poder seguir haciendo lo que uno hace, que es trabajar por el distrito&#8221; sostuvo.<\/p>\n<p>&#8221; Siempre tuvimos en claro que si bien trabajamos en una misma f\u00f3rmula, tenemos libertad de pensamiento y libertad de opiniones, no queremos en seguir al caudillo ciegamente, sino en que todo sea consensuado. Y sabemos que las charlas son bastante discutidas. Y que tenga l\u00f3gica. S\u00ed, discutidas y caldeadas como tienen que ser las discusiones; porque no son peleas, son discusiones. Y hoy estamos atravesando un momento social en el que se confunde bastante lo que es la discusi\u00f3n con la violencia o la agresi\u00f3n.<\/p>\n<p>Discutir es sano, porque discutiendo se construye. Y si no ten\u00e9s discusi\u00f3n terminas siendo un obsecuente de algo que no te lleva a nada. Hoy, si quer\u00e9s que te hable de la pol\u00edtica local, como ciudadano, porque yo nunca hablo de la gente en tercera persona, como he escuchado a muchos actores de la pol\u00edtica. Yo tambi\u00e9n soy gente, soy vecino y formo parte de la sociedad.<\/p>\n<p>&nbsp;<\/p>\n<p>&#8220;Creo que los torquistenses hace ya casi una d\u00e9cada que estamos rehenes de un Boca-River local que no nos ha llevado a nada. Digo, los personajes que veo hoy dando vueltas son los mismos que nos trajeron hasta donde estamos&#8221; resalt\u00f3.<\/p>\n<p>&#8220;Yo estoy convencido de que merece hacerse una autocr\u00edtica. Merecemos, porque mira, cada uno, digo, zapatero su zapato, \u00bfno? Los que hacen pol\u00edtica me parece que tienen una autocr\u00edtica a\u00fan m\u00e1s severa por la responsabilidad que ocupan. Pero cada miembro de la sociedad merece hacerse autocr\u00edtica&#8221;<\/p>\n<p>&#8220;La pol\u00edtica tradicional nos trajo hasta ac\u00e1 y No es m\u00e1s de lo mismo. A m\u00ed, por lo menos como ciudadano, y creo que esto le pasa a la gente que est\u00e1 en casa, no convence de nada. Nos acercamos a un periodo electoral y escucho hablar de deporte, de transporte, de trabajo&#8221;<\/p>\n<p>&#8220;Tengo una autoridad para hablar del distrito, porque lo he recorrido, he sacado tiempo a la familia durante 5 a\u00f1os, todos los d\u00edas recorriendo desde Nueva Roma hasta Saldungaray. Te puedo hablar de cada localidad, pero no porque me contaron, porque he estado en cada localidad hablando con la gente durante 5 a\u00f1os&#8221; explic\u00f3 el pre candidato del Frente Grande.<\/p>\n<p>&#8220;Hoy tenemos necesidades que son muy variadas y cada una tiene sus ramificaciones. La m\u00e1s importante, no podemos hablar de un distrito si no tenemos un transporte p\u00fablico estatal, no un transporte p\u00fablico privado. Hablamos de educaci\u00f3n, yo escucho que hablan de educaci\u00f3n, seguimos teniendo los docentes, mi se\u00f1ora docente, hace 100 kil\u00f3metros para ir a dar clase al Chasic\u00f3 para que los chicos no pierdan el poder tener educaci\u00f3n f\u00edsica&#8221;<\/p>\n<p>&#8220;Se hizo por primera vez la escuelita de verano en Chasic\u00f3. Despu\u00e9s de tantos a\u00f1os, porque ten\u00e9s una docente que se hace 100 kil\u00f3metros de ida y de vuelta para poder ir a trabajar. Bueno, docentes que hacen dedo en la ruta, un mont\u00f3n. Seguimos sin solucionar, hablamos de educaci\u00f3n, seguimos sin resolver eso. Hablamos de juventud, escuchaba que hablaban de deporte y de juventud.<\/p>\n<p>&#8220;Ac\u00e1 no basta con traer una carrera para que los chicos tengan una carrera, tendr\u00edas que tener un abanico de opciones, si hablamos de libertad de expresi\u00f3n y de derechos, un abanico de opciones para que cada uno pueda desarrollarse como mejor le parece. Ac\u00e1 lo que hace falta es empezar a tener incentivos para los j\u00f3venes&#8221; subray\u00f3.<\/p>\n<p>Lo que te dec\u00edas t\u00fa, en Su\u00e1rez, hay proyectos de inversi\u00f3n y hay subsidios para j\u00f3venes emprendedores, para productores, ac\u00e1 los productores locales se han arreglado siempre como pudieron, pero s\u00ed hay herramientas para poder darles un alivio y para poder impulsar el distrito. Necesitamos trabajo, necesitamos transporte, salud y te dir\u00eda que es muy importante el tema de los j\u00f3venes, el tema de la juventud, y la juventud no es traerles carrera, la juventud es darles un rumbo. La juventud no quiere saber nada con la pol\u00edtica, porque viene escuchando en casa, durante a\u00f1os, que las pol\u00edticas son estas, que los pol\u00edticos son aquellos, est\u00e1n alejados. Lo que hay que hacer es empezar a escuchar a los pibes, qu\u00e9 es lo que quieren. \u00bfHablaban de deporte? Hace un a\u00f1o atr\u00e1s tuvimos, Creo que eran 20 chicos de ac\u00e1, de Tornquist localidad, peleando para que le den un espacio para poder hacer handball&#8221;<\/p>\n<p>&#8220;Hay mucho para hacer ac\u00e1. Lo que no hay ac\u00e1 es discusi\u00f3n, necesitamos discutir. Porque ac\u00e1 no hay buenos y malos. Cada pol\u00edtico, Cada precandidato merece un enorme respeto porque hay que poner la cara, hay que jug\u00e1rsela por el distrito que te se\u00f1alen de un partido pol\u00edtico o del otro. Y eso merece respeto porque es f\u00e1cil quejarse desde casa, pero es muy dif\u00edcil poner la cara y avanzar&#8221;<\/p>\n<p>&#8220;Todos esos precandidatos que fueron desfilando por ac\u00e1 y dem\u00e1s merecen todo mi respeto y ac\u00e1 no hay soluciones m\u00e1gicas&#8221; asegur\u00f3.<\/p>\n<p><strong>NOTA COMPLETA DE CELTTV NOTICIAS CON GERMAN MENDIA PRE CANDIDATO A CONCEJAL DEL FRENTE GRANDE<\/strong><\/p>\n","protected":false},"excerpt":{"rendered":"<p>Visit\u00f3 el programa CELTTV Noticias German Mend\u00eda, pre candidato a Primer Concejal por el Frente Grande. Mend\u00eda se enfoca en su propia plataforma y evita hablar de otros. Resume su trabajo en los \u00faltimos 5 a\u00f1os y agradece ser vicepresidente del Frente Grande. No menciona nombres en su lista. Discute la necesidad de transporte estatal, [&hellip;]<\/p>\n","protected":false},"author":5,"featured_media":75757,"comment_status":"closed","ping_status":"closed","sticky":false,"template":"","format":"standard","meta":{"footnotes":""},"categories":[51,52,53],"tags":[852],"class_list":["post-75755","post","type-post","status-publish","format-standard","has-post-thumbnail","hentry","category-comunidad","category-destacadas","category-politica","tag-german-mendia-la-importancia-de-la-autocritica-y-el-trabajo-en-equipo-para-sacar-adelante-el-distrito"],"yoast_head":"<!-- This site is optimized with the Yoast SEO plugin v19.7.1 - https:\/\/yoast.com\/wordpress\/plugins\/seo\/ -->\n<title>German Mend\u00eda: &quot;La importancia de la autocr\u00edtica y el trabajo en equipo para sacar adelante el distrito&quot; - CELTTV<\/title>\n<meta name=\"description\" content=\"Sitio web de noticias de la localidad de Tornquist, provincia de Buenos Aires, Rep\u00fablica Argentina. Contenido propio originado por periodistas de CELTTV, el canal de TV local de la Cooperativa El\u00e9ctrica de Tornquist. Turismo, Pol\u00edtica, Sociedad, Deporte, Cultura y todo el contenido de inter\u00e9s general que la gente del pueblo y la regi\u00f3n debe conocer.\" \/>\n<meta name=\"robots\" content=\"index, follow, max-snippet:-1, max-image-preview:large, max-video-preview:-1\" \/>\n<link rel=\"canonical\" href=\"https:\/\/www.celttv.com.ar\/index.php\/2023\/05\/09\/german-mendia-la-importancia-de-la-autocritica-y-el-trabajo-en-equipo-para-sacar-adelante-el-distrito\/\" \/>\n<meta property=\"og:locale\" content=\"es_ES\" \/>\n<meta property=\"og:type\" content=\"article\" \/>\n<meta property=\"og:title\" content=\"German Mend\u00eda: &quot;La importancia de la autocr\u00edtica y el trabajo en equipo para sacar adelante el distrito&quot; - CELTTV\" \/>\n<meta property=\"og:description\" content=\"Sitio web de noticias de la localidad de Tornquist, provincia de Buenos Aires, Rep\u00fablica Argentina. Contenido propio originado por periodistas de CELTTV, el canal de TV local de la Cooperativa El\u00e9ctrica de Tornquist. Turismo, Pol\u00edtica, Sociedad, Deporte, Cultura y todo el contenido de inter\u00e9s general que la gente del pueblo y la regi\u00f3n debe conocer.\" \/>\n<meta property=\"og:url\" content=\"https:\/\/www.celttv.com.ar\/index.php\/2023\/05\/09\/german-mendia-la-importancia-de-la-autocritica-y-el-trabajo-en-equipo-para-sacar-adelante-el-distrito\/\" \/>\n<meta property=\"og:site_name\" content=\"CELTTV\" \/>\n<meta property=\"article:publisher\" content=\"https:\/\/www.facebook.com\/celtTV\/\" \/>\n<meta property=\"article:published_time\" content=\"2023-05-10T01:50:33+00:00\" \/>\n<meta property=\"og:image\" content=\"https:\/\/www.celttv.com.ar\/wp-content\/uploads\/2023\/05\/Geerman-Mendia.jpg\" \/>\n\t<meta property=\"og:image:width\" content=\"751\" \/>\n\t<meta property=\"og:image:height\" content=\"576\" \/>\n\t<meta property=\"og:image:type\" content=\"image\/jpeg\" \/>\n<meta name=\"author\" content=\"Miguel Herrada\" \/>\n<meta name=\"twitter:card\" content=\"summary_large_image\" \/>\n<meta name=\"twitter:label1\" content=\"Escrito por\" \/>\n\t<meta name=\"twitter:data1\" content=\"Miguel Herrada\" \/>\n\t<meta name=\"twitter:label2\" content=\"Tiempo de lectura\" \/>\n\t<meta name=\"twitter:data2\" content=\"6 minutos\" \/>\n<script type=\"application\/ld+json\" class=\"yoast-schema-graph\">{\"@context\":\"https:\/\/schema.org\",\"@graph\":[{\"@type\":\"NewsArticle\",\"@id\":\"https:\/\/www.celttv.com.ar\/index.php\/2023\/05\/09\/german-mendia-la-importancia-de-la-autocritica-y-el-trabajo-en-equipo-para-sacar-adelante-el-distrito\/#article\",\"isPartOf\":{\"@id\":\"https:\/\/www.celttv.com.ar\/index.php\/2023\/05\/09\/german-mendia-la-importancia-de-la-autocritica-y-el-trabajo-en-equipo-para-sacar-adelante-el-distrito\/\"},\"author\":{\"name\":\"Miguel Herrada\",\"@id\":\"https:\/\/www.celttv.com.ar\/#\/schema\/person\/9059dc91dc7204ef4182cdb65225f07d\"},\"headline\":\"German Mend\u00eda: &#8220;La importancia de la autocr\u00edtica y el trabajo en equipo para sacar adelante el distrito&#8221;\",\"datePublished\":\"2023-05-10T01:50:33+00:00\",\"dateModified\":\"2023-05-10T01:50:33+00:00\",\"mainEntityOfPage\":{\"@id\":\"https:\/\/www.celttv.com.ar\/index.php\/2023\/05\/09\/german-mendia-la-importancia-de-la-autocritica-y-el-trabajo-en-equipo-para-sacar-adelante-el-distrito\/\"},\"wordCount\":1174,\"publisher\":{\"@id\":\"https:\/\/www.celttv.com.ar\/#organization\"},\"keywords\":[\"German Mend\u00eda: \\\"La importancia de la autocr\u00edtica y el trabajo en equipo para sacar adelante el distrito\\\"\"],\"articleSection\":[\"Comunidad\",\"Destacadas\",\"Pol\u00edtica\"],\"inLanguage\":\"es\"},{\"@type\":\"WebPage\",\"@id\":\"https:\/\/www.celttv.com.ar\/index.php\/2023\/05\/09\/german-mendia-la-importancia-de-la-autocritica-y-el-trabajo-en-equipo-para-sacar-adelante-el-distrito\/\",\"url\":\"https:\/\/www.celttv.com.ar\/index.php\/2023\/05\/09\/german-mendia-la-importancia-de-la-autocritica-y-el-trabajo-en-equipo-para-sacar-adelante-el-distrito\/\",\"name\":\"German Mend\u00eda: \\\"La importancia de la autocr\u00edtica y el trabajo en equipo para sacar adelante el distrito\\\" - CELTTV\",\"isPartOf\":{\"@id\":\"https:\/\/www.celttv.com.ar\/#website\"},\"datePublished\":\"2023-05-10T01:50:33+00:00\",\"dateModified\":\"2023-05-10T01:50:33+00:00\",\"description\":\"Sitio web de noticias de la localidad de Tornquist, provincia de Buenos Aires, Rep\u00fablica Argentina. Contenido propio originado por periodistas de CELTTV, el canal de TV local de la Cooperativa El\u00e9ctrica de Tornquist. Turismo, Pol\u00edtica, Sociedad, Deporte, Cultura y todo el contenido de inter\u00e9s general que la gente del pueblo y la regi\u00f3n debe conocer.\",\"breadcrumb\":{\"@id\":\"https:\/\/www.celttv.com.ar\/index.php\/2023\/05\/09\/german-mendia-la-importancia-de-la-autocritica-y-el-trabajo-en-equipo-para-sacar-adelante-el-distrito\/#breadcrumb\"},\"inLanguage\":\"es\",\"potentialAction\":[{\"@type\":\"ReadAction\",\"target\":[\"https:\/\/www.celttv.com.ar\/index.php\/2023\/05\/09\/german-mendia-la-importancia-de-la-autocritica-y-el-trabajo-en-equipo-para-sacar-adelante-el-distrito\/\"]}]},{\"@type\":\"BreadcrumbList\",\"@id\":\"https:\/\/www.celttv.com.ar\/index.php\/2023\/05\/09\/german-mendia-la-importancia-de-la-autocritica-y-el-trabajo-en-equipo-para-sacar-adelante-el-distrito\/#breadcrumb\",\"itemListElement\":[{\"@type\":\"ListItem\",\"position\":1,\"name\":\"Inicio\",\"item\":\"https:\/\/www.celttv.com.ar\/\"},{\"@type\":\"ListItem\",\"position\":2,\"name\":\"German Mend\u00eda: &#8220;La importancia de la autocr\u00edtica y el trabajo en equipo para sacar adelante el distrito&#8221;\"}]},{\"@type\":\"WebSite\",\"@id\":\"https:\/\/www.celttv.com.ar\/#website\",\"url\":\"https:\/\/www.celttv.com.ar\/\",\"name\":\"CELTTV\",\"description\":\"Cooperativa El\u00e9ctrica de Tornquist\",\"publisher\":{\"@id\":\"https:\/\/www.celttv.com.ar\/#organization\"},\"potentialAction\":[{\"@type\":\"SearchAction\",\"target\":{\"@type\":\"EntryPoint\",\"urlTemplate\":\"https:\/\/www.celttv.com.ar\/?s={search_term_string}\"},\"query-input\":\"required name=search_term_string\"}],\"inLanguage\":\"es\"},{\"@type\":\"Organization\",\"@id\":\"https:\/\/www.celttv.com.ar\/#organization\",\"name\":\"CELTTV\",\"url\":\"https:\/\/www.celttv.com.ar\/\",\"sameAs\":[\"https:\/\/www.youtube.com\/channel\/UCz_oIt8Hig64Ub-EmcNPIhg\",\"https:\/\/www.facebook.com\/celtTV\/\"],\"logo\":{\"@type\":\"ImageObject\",\"inLanguage\":\"es\",\"@id\":\"https:\/\/www.celttv.com.ar\/#\/schema\/logo\/image\/\",\"url\":\"http:\/\/www.celttv.com.ar\/wp-content\/uploads\/2022\/08\/logo-1.png\",\"contentUrl\":\"http:\/\/www.celttv.com.ar\/wp-content\/uploads\/2022\/08\/logo-1.png\",\"width\":461,\"height\":159,\"caption\":\"CELTTV\"},\"image\":{\"@id\":\"https:\/\/www.celttv.com.ar\/#\/schema\/logo\/image\/\"}},{\"@type\":\"Person\",\"@id\":\"https:\/\/www.celttv.com.ar\/#\/schema\/person\/9059dc91dc7204ef4182cdb65225f07d\",\"name\":\"Miguel Herrada\",\"image\":{\"@type\":\"ImageObject\",\"inLanguage\":\"es\",\"@id\":\"https:\/\/www.celttv.com.ar\/#\/schema\/person\/image\/\",\"url\":\"https:\/\/secure.gravatar.com\/avatar\/67724d5b3c716623ffd76bec7e45841a442ac3b456e914dbba90b0fad2b8e0b1?s=96&d=mm&r=g\",\"contentUrl\":\"https:\/\/secure.gravatar.com\/avatar\/67724d5b3c716623ffd76bec7e45841a442ac3b456e914dbba90b0fad2b8e0b1?s=96&d=mm&r=g\",\"caption\":\"Miguel Herrada\"}}]}<\/script>\n<!-- \/ Yoast SEO plugin. -->","yoast_head_json":{"title":"German Mend\u00eda: \"La importancia de la autocr\u00edtica y el trabajo en equipo para sacar adelante el distrito\" - CELTTV","description":"Sitio web de noticias de la localidad de Tornquist, provincia de Buenos Aires, Rep\u00fablica Argentina. Contenido propio originado por periodistas de CELTTV, el canal de TV local de la Cooperativa El\u00e9ctrica de Tornquist. Turismo, Pol\u00edtica, Sociedad, Deporte, Cultura y todo el contenido de inter\u00e9s general que la gente del pueblo y la regi\u00f3n debe conocer.","robots":{"index":"index","follow":"follow","max-snippet":"max-snippet:-1","max-image-preview":"max-image-preview:large","max-video-preview":"max-video-preview:-1"},"canonical":"https:\/\/www.celttv.com.ar\/index.php\/2023\/05\/09\/german-mendia-la-importancia-de-la-autocritica-y-el-trabajo-en-equipo-para-sacar-adelante-el-distrito\/","og_locale":"es_ES","og_type":"article","og_title":"German Mend\u00eda: \"La importancia de la autocr\u00edtica y el trabajo en equipo para sacar adelante el distrito\" - CELTTV","og_description":"Sitio web de noticias de la localidad de Tornquist, provincia de Buenos Aires, Rep\u00fablica Argentina. Contenido propio originado por periodistas de CELTTV, el canal de TV local de la Cooperativa El\u00e9ctrica de Tornquist. Turismo, Pol\u00edtica, Sociedad, Deporte, Cultura y todo el contenido de inter\u00e9s general que la gente del pueblo y la regi\u00f3n debe conocer.","og_url":"https:\/\/www.celttv.com.ar\/index.php\/2023\/05\/09\/german-mendia-la-importancia-de-la-autocritica-y-el-trabajo-en-equipo-para-sacar-adelante-el-distrito\/","og_site_name":"CELTTV","article_publisher":"https:\/\/www.facebook.com\/celtTV\/","article_published_time":"2023-05-10T01:50:33+00:00","og_image":[{"width":751,"height":576,"url":"https:\/\/www.celttv.com.ar\/wp-content\/uploads\/2023\/05\/Geerman-Mendia.jpg","type":"image\/jpeg"}],"author":"Miguel Herrada","twitter_card":"summary_large_image","twitter_misc":{"Escrito por":"Miguel Herrada","Tiempo de lectura":"6 minutos"},"schema":{"@context":"https:\/\/schema.org","@graph":[{"@type":"NewsArticle","@id":"https:\/\/www.celttv.com.ar\/index.php\/2023\/05\/09\/german-mendia-la-importancia-de-la-autocritica-y-el-trabajo-en-equipo-para-sacar-adelante-el-distrito\/#article","isPartOf":{"@id":"https:\/\/www.celttv.com.ar\/index.php\/2023\/05\/09\/german-mendia-la-importancia-de-la-autocritica-y-el-trabajo-en-equipo-para-sacar-adelante-el-distrito\/"},"author":{"name":"Miguel Herrada","@id":"https:\/\/www.celttv.com.ar\/#\/schema\/person\/9059dc91dc7204ef4182cdb65225f07d"},"headline":"German Mend\u00eda: &#8220;La importancia de la autocr\u00edtica y el trabajo en equipo para sacar adelante el distrito&#8221;","datePublished":"2023-05-10T01:50:33+00:00","dateModified":"2023-05-10T01:50:33+00:00","mainEntityOfPage":{"@id":"https:\/\/www.celttv.com.ar\/index.php\/2023\/05\/09\/german-mendia-la-importancia-de-la-autocritica-y-el-trabajo-en-equipo-para-sacar-adelante-el-distrito\/"},"wordCount":1174,"publisher":{"@id":"https:\/\/www.celttv.com.ar\/#organization"},"keywords":["German Mend\u00eda: \"La importancia de la autocr\u00edtica y el trabajo en equipo para sacar adelante el distrito\""],"articleSection":["Comunidad","Destacadas","Pol\u00edtica"],"inLanguage":"es"},{"@type":"WebPage","@id":"https:\/\/www.celttv.com.ar\/index.php\/2023\/05\/09\/german-mendia-la-importancia-de-la-autocritica-y-el-trabajo-en-equipo-para-sacar-adelante-el-distrito\/","url":"https:\/\/www.celttv.com.ar\/index.php\/2023\/05\/09\/german-mendia-la-importancia-de-la-autocritica-y-el-trabajo-en-equipo-para-sacar-adelante-el-distrito\/","name":"German Mend\u00eda: \"La importancia de la autocr\u00edtica y el trabajo en equipo para sacar adelante el distrito\" - CELTTV","isPartOf":{"@id":"https:\/\/www.celttv.com.ar\/#website"},"datePublished":"2023-05-10T01:50:33+00:00","dateModified":"2023-05-10T01:50:33+00:00","description":"Sitio web de noticias de la localidad de Tornquist, provincia de Buenos Aires, Rep\u00fablica Argentina. Contenido propio originado por periodistas de CELTTV, el canal de TV local de la Cooperativa El\u00e9ctrica de Tornquist. Turismo, Pol\u00edtica, Sociedad, Deporte, Cultura y todo el contenido de inter\u00e9s general que la gente del pueblo y la regi\u00f3n debe conocer.","breadcrumb":{"@id":"https:\/\/www.celttv.com.ar\/index.php\/2023\/05\/09\/german-mendia-la-importancia-de-la-autocritica-y-el-trabajo-en-equipo-para-sacar-adelante-el-distrito\/#breadcrumb"},"inLanguage":"es","potentialAction":[{"@type":"ReadAction","target":["https:\/\/www.celttv.com.ar\/index.php\/2023\/05\/09\/german-mendia-la-importancia-de-la-autocritica-y-el-trabajo-en-equipo-para-sacar-adelante-el-distrito\/"]}]},{"@type":"BreadcrumbList","@id":"https:\/\/www.celttv.com.ar\/index.php\/2023\/05\/09\/german-mendia-la-importancia-de-la-autocritica-y-el-trabajo-en-equipo-para-sacar-adelante-el-distrito\/#breadcrumb","itemListElement":[{"@type":"ListItem","position":1,"name":"Inicio","item":"https:\/\/www.celttv.com.ar\/"},{"@type":"ListItem","position":2,"name":"German Mend\u00eda: &#8220;La importancia de la autocr\u00edtica y el trabajo en equipo para sacar adelante el distrito&#8221;"}]},{"@type":"WebSite","@id":"https:\/\/www.celttv.com.ar\/#website","url":"https:\/\/www.celttv.com.ar\/","name":"CELTTV","description":"Cooperativa El\u00e9ctrica de Tornquist","publisher":{"@id":"https:\/\/www.celttv.com.ar\/#organization"},"potentialAction":[{"@type":"SearchAction","target":{"@type":"EntryPoint","urlTemplate":"https:\/\/www.celttv.com.ar\/?s={search_term_string}"},"query-input":"required name=search_term_string"}],"inLanguage":"es"},{"@type":"Organization","@id":"https:\/\/www.celttv.com.ar\/#organization","name":"CELTTV","url":"https:\/\/www.celttv.com.ar\/","sameAs":["https:\/\/www.youtube.com\/channel\/UCz_oIt8Hig64Ub-EmcNPIhg","https:\/\/www.facebook.com\/celtTV\/"],"logo":{"@type":"ImageObject","inLanguage":"es","@id":"https:\/\/www.celttv.com.ar\/#\/schema\/logo\/image\/","url":"http:\/\/www.celttv.com.ar\/wp-content\/uploads\/2022\/08\/logo-1.png","contentUrl":"http:\/\/www.celttv.com.ar\/wp-content\/uploads\/2022\/08\/logo-1.png","width":461,"height":159,"caption":"CELTTV"},"image":{"@id":"https:\/\/www.celttv.com.ar\/#\/schema\/logo\/image\/"}},{"@type":"Person","@id":"https:\/\/www.celttv.com.ar\/#\/schema\/person\/9059dc91dc7204ef4182cdb65225f07d","name":"Miguel Herrada","image":{"@type":"ImageObject","inLanguage":"es","@id":"https:\/\/www.celttv.com.ar\/#\/schema\/person\/image\/","url":"https:\/\/secure.gravatar.com\/avatar\/67724d5b3c716623ffd76bec7e45841a442ac3b456e914dbba90b0fad2b8e0b1?s=96&d=mm&r=g","contentUrl":"https:\/\/secure.gravatar.com\/avatar\/67724d5b3c716623ffd76bec7e45841a442ac3b456e914dbba90b0fad2b8e0b1?s=96&d=mm&r=g","caption":"Miguel Herrada"}}]}},"_links":{"self":[{"href":"https:\/\/www.celttv.com.ar\/index.php\/wp-json\/wp\/v2\/posts\/75755","targetHints":{"allow":["GET"]}}],"collection":[{"href":"https:\/\/www.celttv.com.ar\/index.php\/wp-json\/wp\/v2\/posts"}],"about":[{"href":"https:\/\/www.celttv.com.ar\/index.php\/wp-json\/wp\/v2\/types\/post"}],"author":[{"embeddable":true,"href":"https:\/\/www.celttv.com.ar\/index.php\/wp-json\/wp\/v2\/users\/5"}],"replies":[{"embeddable":true,"href":"https:\/\/www.celttv.com.ar\/index.php\/wp-json\/wp\/v2\/comments?post=75755"}],"version-history":[{"count":1,"href":"https:\/\/www.celttv.com.ar\/index.php\/wp-json\/wp\/v2\/posts\/75755\/revisions"}],"predecessor-version":[{"id":75758,"href":"https:\/\/www.celttv.com.ar\/index.php\/wp-json\/wp\/v2\/posts\/75755\/revisions\/75758"}],"wp:featuredmedia":[{"embeddable":true,"href":"https:\/\/www.celttv.com.ar\/index.php\/wp-json\/wp\/v2\/media\/75757"}],"wp:attachment":[{"href":"https:\/\/www.celttv.com.ar\/index.php\/wp-json\/wp\/v2\/media?parent=75755"}],"wp:term":[{"taxonomy":"category","embeddable":true,"href":"https:\/\/www.celttv.com.ar\/index.php\/wp-json\/wp\/v2\/categories?post=75755"},{"taxonomy":"post_tag","embeddable":true,"href":"https:\/\/www.celttv.com.ar\/index.php\/wp-json\/wp\/v2\/tags?post=75755"}],"curies":[{"name":"wp","href":"https:\/\/api.w.org\/{rel}","templated":true}]}}