{"id":75759,"date":"2023-05-10T09:45:59","date_gmt":"2023-05-10T12:45:59","guid":{"rendered":"http:\/\/www.celttv.com.ar\/?p=75759"},"modified":"2023-05-10T09:45:59","modified_gmt":"2023-05-10T12:45:59","slug":"tornquist-municipio-participo-de-la-presentacion-de-vinos-buenos-aires","status":"publish","type":"post","link":"https:\/\/www.celttv.com.ar\/index.php\/2023\/05\/10\/tornquist-municipio-participo-de-la-presentacion-de-vinos-buenos-aires\/","title":{"rendered":"Tornquist Municipio particip\u00f3 de la presentaci\u00f3n de \u201cVinos Buenos Aires\u201d"},"content":{"rendered":"<p align=\"JUSTIFY\"><span style=\"color: #1e1e1e;\"><span style=\"font-family: Arial, serif;\">El Secretario de Producci\u00f3n, Comercio e Industria, V\u00edctor Ant\u00f3n y el Director de Planificaci\u00f3n Tur\u00edstica; Jerem\u00edas Le\u00f3n; participaron d\u00edas atr\u00e1s de la presentaci\u00f3n de la marca y catalogo \u201cVinos Buenos Aires\u201d, que busca seguir potenciando la articulaci\u00f3n del sector p\u00fablico y el privado. <\/span><\/span><\/p>\n<p align=\"JUSTIFY\"><span style=\"color: #1e1e1e;\"><span style=\"font-family: Arial, serif;\">Con la presencia de los ministros de Producci\u00f3n, Ciencia e Innovaci\u00f3n Tecnol\u00f3gica de la Provincia de Buenos Aires, Augusto Costa, y de Desarrollo Agrario, Javier Rodr\u00edguez, se llev\u00f3 a cabo esta presentaci\u00f3n que busca reimpulsar la industria del vino a partir de una serie de herramientas, que fueron presentadas en el pueblo tur\u00edstico de Uribelarrea, ubicado en el municipio de Ca\u00f1uelas. <\/span><\/span><\/p>\n<p align=\"JUSTIFY\"><span style=\"color: #1e1e1e;\"><span style=\"font-family: Arial, serif;\">En ese sentido el Ministro Producci\u00f3n, Ciencia e Innovaci\u00f3n Tecnol\u00f3gica provincial, Augusto Costas anunci\u00f3 l\u00edneas de financiamiento, apoyo econ\u00f3mico, capacitaciones, y promociones para la actividad enoturisticas bonaerense. <\/span><\/span><\/p>\n<p align=\"JUSTIFY\"><span style=\"color: #1e1e1e;\"><span style=\"font-family: Arial, serif;\">Por su parte, el titular de la cartera agraria, Javier Rodr\u00edguez; destac\u00f3 la relevancia que ha tenido la Fiesta de la Vendimia, llevada a cabo en la localidad de Saldungaray el pasado mes de marzo, para visibilizar la producci\u00f3n vitivin\u00edcola de la Provincia de Buenos Aires a nivel pa\u00eds. <\/span><\/span><\/p>\n<p align=\"JUSTIFY\"><span style=\"color: #1e1e1e;\"><span style=\"font-family: Arial, serif;\">Es importante destacar que, de los 24 municipios bonaerenses con producci\u00f3n vitivin\u00edcola, 11 ya ofrecen diversas experiencias enotur\u00edsticas para conocer desde cerca el mundo del vino, como catas dirigidas, participaci\u00f3n en la cosecha, recorridos o clases de cocina, entre otras.<\/span><\/span><\/p>\n<p align=\"JUSTIFY\"><span style=\"color: #1e1e1e;\"><span style=\"font-family: Arial, serif;\">Por nuestro distrito, tambi\u00e9n se hizo presente la Bodega Saldungaray, con su due\u00f1a, Manuela Parra; quien present\u00f3 sus vinos y form\u00f3 parte de la degustaci\u00f3n. <\/span><\/span><\/p>\n<p align=\"JUSTIFY\"><span style=\"color: #1e1e1e;\"><span style=\"font-family: Arial, serif;\">La provincia de Buenos Aires promueve el turismo durante todo el a\u00f1o, con el objetivo de incentivar la desestacionalizaci\u00f3n y la producci\u00f3n y el trabajo en las diferentes localidades.<\/span><\/span><\/p>\n<p align=\"JUSTIFY\"><img loading=\"lazy\" decoding=\"async\" class=\"alignnone wp-image-75760 size-full\" src=\"http:\/\/www.celttv.com.ar\/wp-content\/uploads\/2023\/05\/VinoBA.jpeg\" alt=\"\" width=\"886\" height=\"590\" srcset=\"https:\/\/www.celttv.com.ar\/wp-content\/uploads\/2023\/05\/VinoBA.jpeg 886w, https:\/\/www.celttv.com.ar\/wp-content\/uploads\/2023\/05\/VinoBA-300x200.jpeg 300w, https:\/\/www.celttv.com.ar\/wp-content\/uploads\/2023\/05\/VinoBA-768x511.jpeg 768w, https:\/\/www.celttv.com.ar\/wp-content\/uploads\/2023\/05\/VinoBA-750x499.jpeg 750w\" sizes=\"auto, (max-width: 886px) 100vw, 886px\" \/> <img loading=\"lazy\" decoding=\"async\" class=\"alignnone wp-image-75761 size-large\" src=\"http:\/\/www.celttv.com.ar\/wp-content\/uploads\/2023\/05\/VinosBA3-1024x683.jpeg\" alt=\"\" width=\"1024\" height=\"683\" srcset=\"https:\/\/www.celttv.com.ar\/wp-content\/uploads\/2023\/05\/VinosBA3-1024x683.jpeg 1024w, https:\/\/www.celttv.com.ar\/wp-content\/uploads\/2023\/05\/VinosBA3-300x200.jpeg 300w, https:\/\/www.celttv.com.ar\/wp-content\/uploads\/2023\/05\/VinosBA3-768x512.jpeg 768w, https:\/\/www.celttv.com.ar\/wp-content\/uploads\/2023\/05\/VinosBA3-1536x1024.jpeg 1536w, https:\/\/www.celttv.com.ar\/wp-content\/uploads\/2023\/05\/VinosBA3-750x500.jpeg 750w, https:\/\/www.celttv.com.ar\/wp-content\/uploads\/2023\/05\/VinosBA3-1140x760.jpeg 1140w, https:\/\/www.celttv.com.ar\/wp-content\/uploads\/2023\/05\/VinosBA3.jpeg 1600w\" sizes=\"auto, (max-width: 1024px) 100vw, 1024px\" \/><\/p>\n","protected":false},"excerpt":{"rendered":"<p>El Secretario de Producci\u00f3n, Comercio e Industria, V\u00edctor Ant\u00f3n y el Director de Planificaci\u00f3n Tur\u00edstica; Jerem\u00edas Le\u00f3n; participaron d\u00edas atr\u00e1s de la presentaci\u00f3n de la marca y catalogo \u201cVinos Buenos Aires\u201d, que busca seguir potenciando la articulaci\u00f3n del sector p\u00fablico y el privado. Con la presencia de los ministros de Producci\u00f3n, Ciencia e Innovaci\u00f3n Tecnol\u00f3gica [&hellip;]<\/p>\n","protected":false},"author":3,"featured_media":75760,"comment_status":"closed","ping_status":"closed","sticky":false,"template":"","format":"standard","meta":{"footnotes":""},"categories":[55],"tags":[],"class_list":["post-75759","post","type-post","status-publish","format-standard","has-post-thumbnail","hentry","category-celt-tv-noticias"],"yoast_head":"<!-- This site is optimized with the Yoast SEO plugin v19.7.1 - https:\/\/yoast.com\/wordpress\/plugins\/seo\/ -->\n<title>Tornquist Municipio particip\u00f3 de la presentaci\u00f3n de \u201cVinos Buenos Aires\u201d - CELTTV<\/title>\n<meta name=\"description\" content=\"Sitio web de noticias de la localidad de Tornquist, provincia de Buenos Aires, Rep\u00fablica Argentina. Contenido propio originado por periodistas de CELTTV, el canal de TV local de la Cooperativa El\u00e9ctrica de Tornquist. Turismo, Pol\u00edtica, Sociedad, Deporte, Cultura y todo el contenido de inter\u00e9s general que la gente del pueblo y la regi\u00f3n debe conocer.\" \/>\n<meta name=\"robots\" content=\"index, follow, max-snippet:-1, max-image-preview:large, max-video-preview:-1\" \/>\n<link rel=\"canonical\" href=\"https:\/\/www.celttv.com.ar\/index.php\/2023\/05\/10\/tornquist-municipio-participo-de-la-presentacion-de-vinos-buenos-aires\/\" \/>\n<meta property=\"og:locale\" content=\"es_ES\" \/>\n<meta property=\"og:type\" content=\"article\" \/>\n<meta property=\"og:title\" content=\"Tornquist Municipio particip\u00f3 de la presentaci\u00f3n de \u201cVinos Buenos Aires\u201d - CELTTV\" \/>\n<meta property=\"og:description\" content=\"Sitio web de noticias de la localidad de Tornquist, provincia de Buenos Aires, Rep\u00fablica Argentina. Contenido propio originado por periodistas de CELTTV, el canal de TV local de la Cooperativa El\u00e9ctrica de Tornquist. Turismo, Pol\u00edtica, Sociedad, Deporte, Cultura y todo el contenido de inter\u00e9s general que la gente del pueblo y la regi\u00f3n debe conocer.\" \/>\n<meta property=\"og:url\" content=\"https:\/\/www.celttv.com.ar\/index.php\/2023\/05\/10\/tornquist-municipio-participo-de-la-presentacion-de-vinos-buenos-aires\/\" \/>\n<meta property=\"og:site_name\" content=\"CELTTV\" \/>\n<meta property=\"article:publisher\" content=\"https:\/\/www.facebook.com\/celtTV\/\" \/>\n<meta property=\"article:published_time\" content=\"2023-05-10T12:45:59+00:00\" \/>\n<meta property=\"og:image\" content=\"https:\/\/www.celttv.com.ar\/wp-content\/uploads\/2023\/05\/VinoBA.jpeg\" \/>\n\t<meta property=\"og:image:width\" content=\"886\" \/>\n\t<meta property=\"og:image:height\" content=\"590\" \/>\n\t<meta property=\"og:image:type\" content=\"image\/jpeg\" \/>\n<meta name=\"author\" content=\"Rodrigo Sgammini\" \/>\n<meta name=\"twitter:card\" content=\"summary_large_image\" \/>\n<meta name=\"twitter:label1\" content=\"Escrito por\" \/>\n\t<meta name=\"twitter:data1\" content=\"Rodrigo Sgammini\" \/>\n\t<meta name=\"twitter:label2\" content=\"Tiempo de lectura\" \/>\n\t<meta name=\"twitter:data2\" content=\"2 minutos\" \/>\n<script type=\"application\/ld+json\" class=\"yoast-schema-graph\">{\"@context\":\"https:\/\/schema.org\",\"@graph\":[{\"@type\":\"NewsArticle\",\"@id\":\"https:\/\/www.celttv.com.ar\/index.php\/2023\/05\/10\/tornquist-municipio-participo-de-la-presentacion-de-vinos-buenos-aires\/#article\",\"isPartOf\":{\"@id\":\"https:\/\/www.celttv.com.ar\/index.php\/2023\/05\/10\/tornquist-municipio-participo-de-la-presentacion-de-vinos-buenos-aires\/\"},\"author\":{\"name\":\"Rodrigo Sgammini\",\"@id\":\"https:\/\/www.celttv.com.ar\/#\/schema\/person\/495be51d064edd971d8457f8f64eb172\"},\"headline\":\"Tornquist Municipio particip\u00f3 de la presentaci\u00f3n de \u201cVinos Buenos Aires\u201d\",\"datePublished\":\"2023-05-10T12:45:59+00:00\",\"dateModified\":\"2023-05-10T12:45:59+00:00\",\"mainEntityOfPage\":{\"@id\":\"https:\/\/www.celttv.com.ar\/index.php\/2023\/05\/10\/tornquist-municipio-participo-de-la-presentacion-de-vinos-buenos-aires\/\"},\"wordCount\":321,\"publisher\":{\"@id\":\"https:\/\/www.celttv.com.ar\/#organization\"},\"articleSection\":[\"Celt TV Noticias\"],\"inLanguage\":\"es\"},{\"@type\":\"WebPage\",\"@id\":\"https:\/\/www.celttv.com.ar\/index.php\/2023\/05\/10\/tornquist-municipio-participo-de-la-presentacion-de-vinos-buenos-aires\/\",\"url\":\"https:\/\/www.celttv.com.ar\/index.php\/2023\/05\/10\/tornquist-municipio-participo-de-la-presentacion-de-vinos-buenos-aires\/\",\"name\":\"Tornquist Municipio particip\u00f3 de la presentaci\u00f3n de \u201cVinos Buenos Aires\u201d - CELTTV\",\"isPartOf\":{\"@id\":\"https:\/\/www.celttv.com.ar\/#website\"},\"datePublished\":\"2023-05-10T12:45:59+00:00\",\"dateModified\":\"2023-05-10T12:45:59+00:00\",\"description\":\"Sitio web de noticias de la localidad de Tornquist, provincia de Buenos Aires, Rep\u00fablica Argentina. Contenido propio originado por periodistas de CELTTV, el canal de TV local de la Cooperativa El\u00e9ctrica de Tornquist. Turismo, Pol\u00edtica, Sociedad, Deporte, Cultura y todo el contenido de inter\u00e9s general que la gente del pueblo y la regi\u00f3n debe conocer.\",\"breadcrumb\":{\"@id\":\"https:\/\/www.celttv.com.ar\/index.php\/2023\/05\/10\/tornquist-municipio-participo-de-la-presentacion-de-vinos-buenos-aires\/#breadcrumb\"},\"inLanguage\":\"es\",\"potentialAction\":[{\"@type\":\"ReadAction\",\"target\":[\"https:\/\/www.celttv.com.ar\/index.php\/2023\/05\/10\/tornquist-municipio-participo-de-la-presentacion-de-vinos-buenos-aires\/\"]}]},{\"@type\":\"BreadcrumbList\",\"@id\":\"https:\/\/www.celttv.com.ar\/index.php\/2023\/05\/10\/tornquist-municipio-participo-de-la-presentacion-de-vinos-buenos-aires\/#breadcrumb\",\"itemListElement\":[{\"@type\":\"ListItem\",\"position\":1,\"name\":\"Inicio\",\"item\":\"https:\/\/www.celttv.com.ar\/\"},{\"@type\":\"ListItem\",\"position\":2,\"name\":\"Tornquist Municipio particip\u00f3 de la presentaci\u00f3n de \u201cVinos Buenos Aires\u201d\"}]},{\"@type\":\"WebSite\",\"@id\":\"https:\/\/www.celttv.com.ar\/#website\",\"url\":\"https:\/\/www.celttv.com.ar\/\",\"name\":\"CELTTV\",\"description\":\"Cooperativa El\u00e9ctrica de Tornquist\",\"publisher\":{\"@id\":\"https:\/\/www.celttv.com.ar\/#organization\"},\"potentialAction\":[{\"@type\":\"SearchAction\",\"target\":{\"@type\":\"EntryPoint\",\"urlTemplate\":\"https:\/\/www.celttv.com.ar\/?s={search_term_string}\"},\"query-input\":\"required name=search_term_string\"}],\"inLanguage\":\"es\"},{\"@type\":\"Organization\",\"@id\":\"https:\/\/www.celttv.com.ar\/#organization\",\"name\":\"CELTTV\",\"url\":\"https:\/\/www.celttv.com.ar\/\",\"sameAs\":[\"https:\/\/www.youtube.com\/channel\/UCz_oIt8Hig64Ub-EmcNPIhg\",\"https:\/\/www.facebook.com\/celtTV\/\"],\"logo\":{\"@type\":\"ImageObject\",\"inLanguage\":\"es\",\"@id\":\"https:\/\/www.celttv.com.ar\/#\/schema\/logo\/image\/\",\"url\":\"http:\/\/www.celttv.com.ar\/wp-content\/uploads\/2022\/08\/logo-1.png\",\"contentUrl\":\"http:\/\/www.celttv.com.ar\/wp-content\/uploads\/2022\/08\/logo-1.png\",\"width\":461,\"height\":159,\"caption\":\"CELTTV\"},\"image\":{\"@id\":\"https:\/\/www.celttv.com.ar\/#\/schema\/logo\/image\/\"}},{\"@type\":\"Person\",\"@id\":\"https:\/\/www.celttv.com.ar\/#\/schema\/person\/495be51d064edd971d8457f8f64eb172\",\"name\":\"Rodrigo Sgammini\",\"image\":{\"@type\":\"ImageObject\",\"inLanguage\":\"es\",\"@id\":\"https:\/\/www.celttv.com.ar\/#\/schema\/person\/image\/\",\"url\":\"https:\/\/secure.gravatar.com\/avatar\/68f7848d42735e7a9276b47cd6e606327d88f521c51ae39d88888b76902e2987?s=96&d=mm&r=g\",\"contentUrl\":\"https:\/\/secure.gravatar.com\/avatar\/68f7848d42735e7a9276b47cd6e606327d88f521c51ae39d88888b76902e2987?s=96&d=mm&r=g\",\"caption\":\"Rodrigo Sgammini\"}}]}<\/script>\n<!-- \/ Yoast SEO plugin. -->","yoast_head_json":{"title":"Tornquist Municipio particip\u00f3 de la presentaci\u00f3n de \u201cVinos Buenos Aires\u201d - CELTTV","description":"Sitio web de noticias de la localidad de Tornquist, provincia de Buenos Aires, Rep\u00fablica Argentina. Contenido propio originado por periodistas de CELTTV, el canal de TV local de la Cooperativa El\u00e9ctrica de Tornquist. Turismo, Pol\u00edtica, Sociedad, Deporte, Cultura y todo el contenido de inter\u00e9s general que la gente del pueblo y la regi\u00f3n debe conocer.","robots":{"index":"index","follow":"follow","max-snippet":"max-snippet:-1","max-image-preview":"max-image-preview:large","max-video-preview":"max-video-preview:-1"},"canonical":"https:\/\/www.celttv.com.ar\/index.php\/2023\/05\/10\/tornquist-municipio-participo-de-la-presentacion-de-vinos-buenos-aires\/","og_locale":"es_ES","og_type":"article","og_title":"Tornquist Municipio particip\u00f3 de la presentaci\u00f3n de \u201cVinos Buenos Aires\u201d - CELTTV","og_description":"Sitio web de noticias de la localidad de Tornquist, provincia de Buenos Aires, Rep\u00fablica Argentina. Contenido propio originado por periodistas de CELTTV, el canal de TV local de la Cooperativa El\u00e9ctrica de Tornquist. Turismo, Pol\u00edtica, Sociedad, Deporte, Cultura y todo el contenido de inter\u00e9s general que la gente del pueblo y la regi\u00f3n debe conocer.","og_url":"https:\/\/www.celttv.com.ar\/index.php\/2023\/05\/10\/tornquist-municipio-participo-de-la-presentacion-de-vinos-buenos-aires\/","og_site_name":"CELTTV","article_publisher":"https:\/\/www.facebook.com\/celtTV\/","article_published_time":"2023-05-10T12:45:59+00:00","og_image":[{"width":886,"height":590,"url":"https:\/\/www.celttv.com.ar\/wp-content\/uploads\/2023\/05\/VinoBA.jpeg","type":"image\/jpeg"}],"author":"Rodrigo Sgammini","twitter_card":"summary_large_image","twitter_misc":{"Escrito por":"Rodrigo Sgammini","Tiempo de lectura":"2 minutos"},"schema":{"@context":"https:\/\/schema.org","@graph":[{"@type":"NewsArticle","@id":"https:\/\/www.celttv.com.ar\/index.php\/2023\/05\/10\/tornquist-municipio-participo-de-la-presentacion-de-vinos-buenos-aires\/#article","isPartOf":{"@id":"https:\/\/www.celttv.com.ar\/index.php\/2023\/05\/10\/tornquist-municipio-participo-de-la-presentacion-de-vinos-buenos-aires\/"},"author":{"name":"Rodrigo Sgammini","@id":"https:\/\/www.celttv.com.ar\/#\/schema\/person\/495be51d064edd971d8457f8f64eb172"},"headline":"Tornquist Municipio particip\u00f3 de la presentaci\u00f3n de \u201cVinos Buenos Aires\u201d","datePublished":"2023-05-10T12:45:59+00:00","dateModified":"2023-05-10T12:45:59+00:00","mainEntityOfPage":{"@id":"https:\/\/www.celttv.com.ar\/index.php\/2023\/05\/10\/tornquist-municipio-participo-de-la-presentacion-de-vinos-buenos-aires\/"},"wordCount":321,"publisher":{"@id":"https:\/\/www.celttv.com.ar\/#organization"},"articleSection":["Celt TV Noticias"],"inLanguage":"es"},{"@type":"WebPage","@id":"https:\/\/www.celttv.com.ar\/index.php\/2023\/05\/10\/tornquist-municipio-participo-de-la-presentacion-de-vinos-buenos-aires\/","url":"https:\/\/www.celttv.com.ar\/index.php\/2023\/05\/10\/tornquist-municipio-participo-de-la-presentacion-de-vinos-buenos-aires\/","name":"Tornquist Municipio particip\u00f3 de la presentaci\u00f3n de \u201cVinos Buenos Aires\u201d - CELTTV","isPartOf":{"@id":"https:\/\/www.celttv.com.ar\/#website"},"datePublished":"2023-05-10T12:45:59+00:00","dateModified":"2023-05-10T12:45:59+00:00","description":"Sitio web de noticias de la localidad de Tornquist, provincia de Buenos Aires, Rep\u00fablica Argentina. Contenido propio originado por periodistas de CELTTV, el canal de TV local de la Cooperativa El\u00e9ctrica de Tornquist. Turismo, Pol\u00edtica, Sociedad, Deporte, Cultura y todo el contenido de inter\u00e9s general que la gente del pueblo y la regi\u00f3n debe conocer.","breadcrumb":{"@id":"https:\/\/www.celttv.com.ar\/index.php\/2023\/05\/10\/tornquist-municipio-participo-de-la-presentacion-de-vinos-buenos-aires\/#breadcrumb"},"inLanguage":"es","potentialAction":[{"@type":"ReadAction","target":["https:\/\/www.celttv.com.ar\/index.php\/2023\/05\/10\/tornquist-municipio-participo-de-la-presentacion-de-vinos-buenos-aires\/"]}]},{"@type":"BreadcrumbList","@id":"https:\/\/www.celttv.com.ar\/index.php\/2023\/05\/10\/tornquist-municipio-participo-de-la-presentacion-de-vinos-buenos-aires\/#breadcrumb","itemListElement":[{"@type":"ListItem","position":1,"name":"Inicio","item":"https:\/\/www.celttv.com.ar\/"},{"@type":"ListItem","position":2,"name":"Tornquist Municipio particip\u00f3 de la presentaci\u00f3n de \u201cVinos Buenos Aires\u201d"}]},{"@type":"WebSite","@id":"https:\/\/www.celttv.com.ar\/#website","url":"https:\/\/www.celttv.com.ar\/","name":"CELTTV","description":"Cooperativa El\u00e9ctrica de Tornquist","publisher":{"@id":"https:\/\/www.celttv.com.ar\/#organization"},"potentialAction":[{"@type":"SearchAction","target":{"@type":"EntryPoint","urlTemplate":"https:\/\/www.celttv.com.ar\/?s={search_term_string}"},"query-input":"required name=search_term_string"}],"inLanguage":"es"},{"@type":"Organization","@id":"https:\/\/www.celttv.com.ar\/#organization","name":"CELTTV","url":"https:\/\/www.celttv.com.ar\/","sameAs":["https:\/\/www.youtube.com\/channel\/UCz_oIt8Hig64Ub-EmcNPIhg","https:\/\/www.facebook.com\/celtTV\/"],"logo":{"@type":"ImageObject","inLanguage":"es","@id":"https:\/\/www.celttv.com.ar\/#\/schema\/logo\/image\/","url":"http:\/\/www.celttv.com.ar\/wp-content\/uploads\/2022\/08\/logo-1.png","contentUrl":"http:\/\/www.celttv.com.ar\/wp-content\/uploads\/2022\/08\/logo-1.png","width":461,"height":159,"caption":"CELTTV"},"image":{"@id":"https:\/\/www.celttv.com.ar\/#\/schema\/logo\/image\/"}},{"@type":"Person","@id":"https:\/\/www.celttv.com.ar\/#\/schema\/person\/495be51d064edd971d8457f8f64eb172","name":"Rodrigo Sgammini","image":{"@type":"ImageObject","inLanguage":"es","@id":"https:\/\/www.celttv.com.ar\/#\/schema\/person\/image\/","url":"https:\/\/secure.gravatar.com\/avatar\/68f7848d42735e7a9276b47cd6e606327d88f521c51ae39d88888b76902e2987?s=96&d=mm&r=g","contentUrl":"https:\/\/secure.gravatar.com\/avatar\/68f7848d42735e7a9276b47cd6e606327d88f521c51ae39d88888b76902e2987?s=96&d=mm&r=g","caption":"Rodrigo Sgammini"}}]}},"_links":{"self":[{"href":"https:\/\/www.celttv.com.ar\/index.php\/wp-json\/wp\/v2\/posts\/75759","targetHints":{"allow":["GET"]}}],"collection":[{"href":"https:\/\/www.celttv.com.ar\/index.php\/wp-json\/wp\/v2\/posts"}],"about":[{"href":"https:\/\/www.celttv.com.ar\/index.php\/wp-json\/wp\/v2\/types\/post"}],"author":[{"embeddable":true,"href":"https:\/\/www.celttv.com.ar\/index.php\/wp-json\/wp\/v2\/users\/3"}],"replies":[{"embeddable":true,"href":"https:\/\/www.celttv.com.ar\/index.php\/wp-json\/wp\/v2\/comments?post=75759"}],"version-history":[{"count":1,"href":"https:\/\/www.celttv.com.ar\/index.php\/wp-json\/wp\/v2\/posts\/75759\/revisions"}],"predecessor-version":[{"id":75762,"href":"https:\/\/www.celttv.com.ar\/index.php\/wp-json\/wp\/v2\/posts\/75759\/revisions\/75762"}],"wp:featuredmedia":[{"embeddable":true,"href":"https:\/\/www.celttv.com.ar\/index.php\/wp-json\/wp\/v2\/media\/75760"}],"wp:attachment":[{"href":"https:\/\/www.celttv.com.ar\/index.php\/wp-json\/wp\/v2\/media?parent=75759"}],"wp:term":[{"taxonomy":"category","embeddable":true,"href":"https:\/\/www.celttv.com.ar\/index.php\/wp-json\/wp\/v2\/categories?post=75759"},{"taxonomy":"post_tag","embeddable":true,"href":"https:\/\/www.celttv.com.ar\/index.php\/wp-json\/wp\/v2\/tags?post=75759"}],"curies":[{"name":"wp","href":"https:\/\/api.w.org\/{rel}","templated":true}]}}