{"id":75766,"date":"2023-05-10T12:08:54","date_gmt":"2023-05-10T15:08:54","guid":{"rendered":"http:\/\/www.celttv.com.ar\/?p=75766"},"modified":"2023-05-10T12:09:17","modified_gmt":"2023-05-10T15:09:17","slug":"con-entrada-libre-y-gratuita-este-domingo-llega-objetos-perdidos-al-teatro","status":"publish","type":"post","link":"https:\/\/www.celttv.com.ar\/index.php\/2023\/05\/10\/con-entrada-libre-y-gratuita-este-domingo-llega-objetos-perdidos-al-teatro\/","title":{"rendered":"Con entrada libre y gratuita este domingo llega \u201cObjetos Perdidos\u201d al teatro"},"content":{"rendered":"<p align=\"JUSTIFY\"><a name=\"Bookmark\"><\/a> <span style=\"font-family: Arial, serif;\">Este domingo 14 el Teatro Rodolfo Funke abre sus puertas a la comunidad con una propuesta teatral gratuita de la Subsecretar\u00eda de Cultura. <\/span><\/p>\n<p align=\"JUSTIFY\"><span style=\"font-family: Arial, serif;\">Se trata de \u2018Objetos perdidos\u2019, que estar\u00e1 a partir de las 18 hs; auspiciada por la Agencia C\u00f3rdoba Cultura de la Provincia de C\u00f3rdoba.<\/span><\/p>\n<p align=\"JUSTIFY\"><span style=\"font-family: Arial, serif;\">SINOPSIS<\/span><\/p>\n<p align=\"JUSTIFY\"><span style=\"font-family: Arial, serif;\">OBJETOS PERDIDOS<\/span><\/p>\n<p align=\"JUSTIFY\"><span style=\"font-family: Arial, serif;\">-Interprete: Jenny Van Lerberghe<\/span><\/p>\n<p align=\"JUSTIFY\"><span style=\"font-family: Arial, serif;\">-Asistencia t\u00e9cnica y accesorios de cuero e hilos: Federico Menendez<\/span><\/p>\n<p align=\"JUSTIFY\"><span style=\"font-family: Arial, serif;\">Si ud. perdi\u00f3 un objeto, tal vez lo tengo aqu\u00ed, tal vez lo tengo yo. \u00a1Pero si no es suyo, regalamelo! \u00a1Que a quien lo pida se lo doy! Elinor viaja de pueblo en pueblo, con su carrito itinerante y su m\u00e1gico preg\u00f3n descubriendo las historias de los objetos perdidos.<\/span><\/p>\n<p align=\"JUSTIFY\"><span style=\"font-family: Arial, serif;\">Aquella ma\u00f1ana es citada en el Barrio Antiguo, donde recibir\u00e1 un premio misterioso: &#8220;Un objeto seleccionado especialmente para ella&#8221;. Deambula el d\u00eda entero por la Plaza Central y el Gran Mercado acompa\u00f1ada de sus maravillosas historias, aunque sin noticias del intrigante premio. Cuando parece que sus fantas\u00edas no se cumplir\u00e1n, la magia de los recuerdos le da alas a sus sue\u00f1os.<\/span><\/p>\n<p align=\"JUSTIFY\"><img loading=\"lazy\" decoding=\"async\" class=\"alignnone wp-image-75767 size-large\" src=\"http:\/\/www.celttv.com.ar\/wp-content\/uploads\/2023\/05\/Objetos-Perdidos-1-1012x1024.jpeg\" alt=\"\" width=\"1012\" height=\"1024\" srcset=\"https:\/\/www.celttv.com.ar\/wp-content\/uploads\/2023\/05\/Objetos-Perdidos-1-1012x1024.jpeg 1012w, https:\/\/www.celttv.com.ar\/wp-content\/uploads\/2023\/05\/Objetos-Perdidos-1-297x300.jpeg 297w, https:\/\/www.celttv.com.ar\/wp-content\/uploads\/2023\/05\/Objetos-Perdidos-1-768x777.jpeg 768w, https:\/\/www.celttv.com.ar\/wp-content\/uploads\/2023\/05\/Objetos-Perdidos-1-75x75.jpeg 75w, https:\/\/www.celttv.com.ar\/wp-content\/uploads\/2023\/05\/Objetos-Perdidos-1-750x759.jpeg 750w, https:\/\/www.celttv.com.ar\/wp-content\/uploads\/2023\/05\/Objetos-Perdidos-1.jpeg 1136w\" sizes=\"auto, (max-width: 1012px) 100vw, 1012px\" \/><\/p>\n","protected":false},"excerpt":{"rendered":"<p>Este domingo 14 el Teatro Rodolfo Funke abre sus puertas a la comunidad con una propuesta teatral gratuita de la Subsecretar\u00eda de Cultura. Se trata de \u2018Objetos perdidos\u2019, que estar\u00e1 a partir de las 18 hs; auspiciada por la Agencia C\u00f3rdoba Cultura de la Provincia de C\u00f3rdoba. SINOPSIS OBJETOS PERDIDOS -Interprete: Jenny Van Lerberghe -Asistencia [&hellip;]<\/p>\n","protected":false},"author":3,"featured_media":75767,"comment_status":"closed","ping_status":"closed","sticky":false,"template":"","format":"standard","meta":{"footnotes":""},"categories":[56],"tags":[],"class_list":["post-75766","post","type-post","status-publish","format-standard","has-post-thumbnail","hentry","category-espectaculos"],"yoast_head":"<!-- This site is optimized with the Yoast SEO plugin v19.7.1 - https:\/\/yoast.com\/wordpress\/plugins\/seo\/ -->\n<title>Con entrada libre y gratuita este domingo llega \u201cObjetos Perdidos\u201d al teatro - CELTTV<\/title>\n<meta name=\"description\" content=\"Sitio web de noticias de la localidad de Tornquist, provincia de Buenos Aires, Rep\u00fablica Argentina. Contenido propio originado por periodistas de CELTTV, el canal de TV local de la Cooperativa El\u00e9ctrica de Tornquist. Turismo, Pol\u00edtica, Sociedad, Deporte, Cultura y todo el contenido de inter\u00e9s general que la gente del pueblo y la regi\u00f3n debe conocer.\" \/>\n<meta name=\"robots\" content=\"index, follow, max-snippet:-1, max-image-preview:large, max-video-preview:-1\" \/>\n<link rel=\"canonical\" href=\"https:\/\/www.celttv.com.ar\/index.php\/2023\/05\/10\/con-entrada-libre-y-gratuita-este-domingo-llega-objetos-perdidos-al-teatro\/\" \/>\n<meta property=\"og:locale\" content=\"es_ES\" \/>\n<meta property=\"og:type\" content=\"article\" \/>\n<meta property=\"og:title\" content=\"Con entrada libre y gratuita este domingo llega \u201cObjetos Perdidos\u201d al teatro - CELTTV\" \/>\n<meta property=\"og:description\" content=\"Sitio web de noticias de la localidad de Tornquist, provincia de Buenos Aires, Rep\u00fablica Argentina. Contenido propio originado por periodistas de CELTTV, el canal de TV local de la Cooperativa El\u00e9ctrica de Tornquist. Turismo, Pol\u00edtica, Sociedad, Deporte, Cultura y todo el contenido de inter\u00e9s general que la gente del pueblo y la regi\u00f3n debe conocer.\" \/>\n<meta property=\"og:url\" content=\"https:\/\/www.celttv.com.ar\/index.php\/2023\/05\/10\/con-entrada-libre-y-gratuita-este-domingo-llega-objetos-perdidos-al-teatro\/\" \/>\n<meta property=\"og:site_name\" content=\"CELTTV\" \/>\n<meta property=\"article:publisher\" content=\"https:\/\/www.facebook.com\/celtTV\/\" \/>\n<meta property=\"article:published_time\" content=\"2023-05-10T15:08:54+00:00\" \/>\n<meta property=\"article:modified_time\" content=\"2023-05-10T15:09:17+00:00\" \/>\n<meta property=\"og:image\" content=\"https:\/\/www.celttv.com.ar\/wp-content\/uploads\/2023\/05\/Objetos-Perdidos-1.jpeg\" \/>\n\t<meta property=\"og:image:width\" content=\"1136\" \/>\n\t<meta property=\"og:image:height\" content=\"1149\" \/>\n\t<meta property=\"og:image:type\" content=\"image\/jpeg\" \/>\n<meta name=\"author\" content=\"Rodrigo Sgammini\" \/>\n<meta name=\"twitter:card\" content=\"summary_large_image\" \/>\n<meta name=\"twitter:label1\" content=\"Escrito por\" \/>\n\t<meta name=\"twitter:data1\" content=\"Rodrigo Sgammini\" \/>\n\t<meta name=\"twitter:label2\" content=\"Tiempo de lectura\" \/>\n\t<meta name=\"twitter:data2\" content=\"1 minuto\" \/>\n<script type=\"application\/ld+json\" class=\"yoast-schema-graph\">{\"@context\":\"https:\/\/schema.org\",\"@graph\":[{\"@type\":\"NewsArticle\",\"@id\":\"https:\/\/www.celttv.com.ar\/index.php\/2023\/05\/10\/con-entrada-libre-y-gratuita-este-domingo-llega-objetos-perdidos-al-teatro\/#article\",\"isPartOf\":{\"@id\":\"https:\/\/www.celttv.com.ar\/index.php\/2023\/05\/10\/con-entrada-libre-y-gratuita-este-domingo-llega-objetos-perdidos-al-teatro\/\"},\"author\":{\"name\":\"Rodrigo Sgammini\",\"@id\":\"https:\/\/www.celttv.com.ar\/#\/schema\/person\/495be51d064edd971d8457f8f64eb172\"},\"headline\":\"Con entrada libre y gratuita este domingo llega \u201cObjetos Perdidos\u201d al teatro\",\"datePublished\":\"2023-05-10T15:08:54+00:00\",\"dateModified\":\"2023-05-10T15:09:17+00:00\",\"mainEntityOfPage\":{\"@id\":\"https:\/\/www.celttv.com.ar\/index.php\/2023\/05\/10\/con-entrada-libre-y-gratuita-este-domingo-llega-objetos-perdidos-al-teatro\/\"},\"wordCount\":197,\"publisher\":{\"@id\":\"https:\/\/www.celttv.com.ar\/#organization\"},\"articleSection\":[\"Espect\u00e1culos\"],\"inLanguage\":\"es\"},{\"@type\":\"WebPage\",\"@id\":\"https:\/\/www.celttv.com.ar\/index.php\/2023\/05\/10\/con-entrada-libre-y-gratuita-este-domingo-llega-objetos-perdidos-al-teatro\/\",\"url\":\"https:\/\/www.celttv.com.ar\/index.php\/2023\/05\/10\/con-entrada-libre-y-gratuita-este-domingo-llega-objetos-perdidos-al-teatro\/\",\"name\":\"Con entrada libre y gratuita este domingo llega \u201cObjetos Perdidos\u201d al teatro - CELTTV\",\"isPartOf\":{\"@id\":\"https:\/\/www.celttv.com.ar\/#website\"},\"datePublished\":\"2023-05-10T15:08:54+00:00\",\"dateModified\":\"2023-05-10T15:09:17+00:00\",\"description\":\"Sitio web de noticias de la localidad de Tornquist, provincia de Buenos Aires, Rep\u00fablica Argentina. Contenido propio originado por periodistas de CELTTV, el canal de TV local de la Cooperativa El\u00e9ctrica de Tornquist. Turismo, Pol\u00edtica, Sociedad, Deporte, Cultura y todo el contenido de inter\u00e9s general que la gente del pueblo y la regi\u00f3n debe conocer.\",\"breadcrumb\":{\"@id\":\"https:\/\/www.celttv.com.ar\/index.php\/2023\/05\/10\/con-entrada-libre-y-gratuita-este-domingo-llega-objetos-perdidos-al-teatro\/#breadcrumb\"},\"inLanguage\":\"es\",\"potentialAction\":[{\"@type\":\"ReadAction\",\"target\":[\"https:\/\/www.celttv.com.ar\/index.php\/2023\/05\/10\/con-entrada-libre-y-gratuita-este-domingo-llega-objetos-perdidos-al-teatro\/\"]}]},{\"@type\":\"BreadcrumbList\",\"@id\":\"https:\/\/www.celttv.com.ar\/index.php\/2023\/05\/10\/con-entrada-libre-y-gratuita-este-domingo-llega-objetos-perdidos-al-teatro\/#breadcrumb\",\"itemListElement\":[{\"@type\":\"ListItem\",\"position\":1,\"name\":\"Inicio\",\"item\":\"https:\/\/www.celttv.com.ar\/\"},{\"@type\":\"ListItem\",\"position\":2,\"name\":\"Con entrada libre y gratuita este domingo llega \u201cObjetos Perdidos\u201d al teatro\"}]},{\"@type\":\"WebSite\",\"@id\":\"https:\/\/www.celttv.com.ar\/#website\",\"url\":\"https:\/\/www.celttv.com.ar\/\",\"name\":\"CELTTV\",\"description\":\"Cooperativa El\u00e9ctrica de Tornquist\",\"publisher\":{\"@id\":\"https:\/\/www.celttv.com.ar\/#organization\"},\"potentialAction\":[{\"@type\":\"SearchAction\",\"target\":{\"@type\":\"EntryPoint\",\"urlTemplate\":\"https:\/\/www.celttv.com.ar\/?s={search_term_string}\"},\"query-input\":\"required name=search_term_string\"}],\"inLanguage\":\"es\"},{\"@type\":\"Organization\",\"@id\":\"https:\/\/www.celttv.com.ar\/#organization\",\"name\":\"CELTTV\",\"url\":\"https:\/\/www.celttv.com.ar\/\",\"sameAs\":[\"https:\/\/www.youtube.com\/channel\/UCz_oIt8Hig64Ub-EmcNPIhg\",\"https:\/\/www.facebook.com\/celtTV\/\"],\"logo\":{\"@type\":\"ImageObject\",\"inLanguage\":\"es\",\"@id\":\"https:\/\/www.celttv.com.ar\/#\/schema\/logo\/image\/\",\"url\":\"http:\/\/www.celttv.com.ar\/wp-content\/uploads\/2022\/08\/logo-1.png\",\"contentUrl\":\"http:\/\/www.celttv.com.ar\/wp-content\/uploads\/2022\/08\/logo-1.png\",\"width\":461,\"height\":159,\"caption\":\"CELTTV\"},\"image\":{\"@id\":\"https:\/\/www.celttv.com.ar\/#\/schema\/logo\/image\/\"}},{\"@type\":\"Person\",\"@id\":\"https:\/\/www.celttv.com.ar\/#\/schema\/person\/495be51d064edd971d8457f8f64eb172\",\"name\":\"Rodrigo Sgammini\",\"image\":{\"@type\":\"ImageObject\",\"inLanguage\":\"es\",\"@id\":\"https:\/\/www.celttv.com.ar\/#\/schema\/person\/image\/\",\"url\":\"https:\/\/secure.gravatar.com\/avatar\/68f7848d42735e7a9276b47cd6e606327d88f521c51ae39d88888b76902e2987?s=96&d=mm&r=g\",\"contentUrl\":\"https:\/\/secure.gravatar.com\/avatar\/68f7848d42735e7a9276b47cd6e606327d88f521c51ae39d88888b76902e2987?s=96&d=mm&r=g\",\"caption\":\"Rodrigo Sgammini\"}}]}<\/script>\n<!-- \/ Yoast SEO plugin. -->","yoast_head_json":{"title":"Con entrada libre y gratuita este domingo llega \u201cObjetos Perdidos\u201d al teatro - CELTTV","description":"Sitio web de noticias de la localidad de Tornquist, provincia de Buenos Aires, Rep\u00fablica Argentina. Contenido propio originado por periodistas de CELTTV, el canal de TV local de la Cooperativa El\u00e9ctrica de Tornquist. Turismo, Pol\u00edtica, Sociedad, Deporte, Cultura y todo el contenido de inter\u00e9s general que la gente del pueblo y la regi\u00f3n debe conocer.","robots":{"index":"index","follow":"follow","max-snippet":"max-snippet:-1","max-image-preview":"max-image-preview:large","max-video-preview":"max-video-preview:-1"},"canonical":"https:\/\/www.celttv.com.ar\/index.php\/2023\/05\/10\/con-entrada-libre-y-gratuita-este-domingo-llega-objetos-perdidos-al-teatro\/","og_locale":"es_ES","og_type":"article","og_title":"Con entrada libre y gratuita este domingo llega \u201cObjetos Perdidos\u201d al teatro - CELTTV","og_description":"Sitio web de noticias de la localidad de Tornquist, provincia de Buenos Aires, Rep\u00fablica Argentina. Contenido propio originado por periodistas de CELTTV, el canal de TV local de la Cooperativa El\u00e9ctrica de Tornquist. Turismo, Pol\u00edtica, Sociedad, Deporte, Cultura y todo el contenido de inter\u00e9s general que la gente del pueblo y la regi\u00f3n debe conocer.","og_url":"https:\/\/www.celttv.com.ar\/index.php\/2023\/05\/10\/con-entrada-libre-y-gratuita-este-domingo-llega-objetos-perdidos-al-teatro\/","og_site_name":"CELTTV","article_publisher":"https:\/\/www.facebook.com\/celtTV\/","article_published_time":"2023-05-10T15:08:54+00:00","article_modified_time":"2023-05-10T15:09:17+00:00","og_image":[{"width":1136,"height":1149,"url":"https:\/\/www.celttv.com.ar\/wp-content\/uploads\/2023\/05\/Objetos-Perdidos-1.jpeg","type":"image\/jpeg"}],"author":"Rodrigo Sgammini","twitter_card":"summary_large_image","twitter_misc":{"Escrito por":"Rodrigo Sgammini","Tiempo de lectura":"1 minuto"},"schema":{"@context":"https:\/\/schema.org","@graph":[{"@type":"NewsArticle","@id":"https:\/\/www.celttv.com.ar\/index.php\/2023\/05\/10\/con-entrada-libre-y-gratuita-este-domingo-llega-objetos-perdidos-al-teatro\/#article","isPartOf":{"@id":"https:\/\/www.celttv.com.ar\/index.php\/2023\/05\/10\/con-entrada-libre-y-gratuita-este-domingo-llega-objetos-perdidos-al-teatro\/"},"author":{"name":"Rodrigo Sgammini","@id":"https:\/\/www.celttv.com.ar\/#\/schema\/person\/495be51d064edd971d8457f8f64eb172"},"headline":"Con entrada libre y gratuita este domingo llega \u201cObjetos Perdidos\u201d al teatro","datePublished":"2023-05-10T15:08:54+00:00","dateModified":"2023-05-10T15:09:17+00:00","mainEntityOfPage":{"@id":"https:\/\/www.celttv.com.ar\/index.php\/2023\/05\/10\/con-entrada-libre-y-gratuita-este-domingo-llega-objetos-perdidos-al-teatro\/"},"wordCount":197,"publisher":{"@id":"https:\/\/www.celttv.com.ar\/#organization"},"articleSection":["Espect\u00e1culos"],"inLanguage":"es"},{"@type":"WebPage","@id":"https:\/\/www.celttv.com.ar\/index.php\/2023\/05\/10\/con-entrada-libre-y-gratuita-este-domingo-llega-objetos-perdidos-al-teatro\/","url":"https:\/\/www.celttv.com.ar\/index.php\/2023\/05\/10\/con-entrada-libre-y-gratuita-este-domingo-llega-objetos-perdidos-al-teatro\/","name":"Con entrada libre y gratuita este domingo llega \u201cObjetos Perdidos\u201d al teatro - CELTTV","isPartOf":{"@id":"https:\/\/www.celttv.com.ar\/#website"},"datePublished":"2023-05-10T15:08:54+00:00","dateModified":"2023-05-10T15:09:17+00:00","description":"Sitio web de noticias de la localidad de Tornquist, provincia de Buenos Aires, Rep\u00fablica Argentina. Contenido propio originado por periodistas de CELTTV, el canal de TV local de la Cooperativa El\u00e9ctrica de Tornquist. Turismo, Pol\u00edtica, Sociedad, Deporte, Cultura y todo el contenido de inter\u00e9s general que la gente del pueblo y la regi\u00f3n debe conocer.","breadcrumb":{"@id":"https:\/\/www.celttv.com.ar\/index.php\/2023\/05\/10\/con-entrada-libre-y-gratuita-este-domingo-llega-objetos-perdidos-al-teatro\/#breadcrumb"},"inLanguage":"es","potentialAction":[{"@type":"ReadAction","target":["https:\/\/www.celttv.com.ar\/index.php\/2023\/05\/10\/con-entrada-libre-y-gratuita-este-domingo-llega-objetos-perdidos-al-teatro\/"]}]},{"@type":"BreadcrumbList","@id":"https:\/\/www.celttv.com.ar\/index.php\/2023\/05\/10\/con-entrada-libre-y-gratuita-este-domingo-llega-objetos-perdidos-al-teatro\/#breadcrumb","itemListElement":[{"@type":"ListItem","position":1,"name":"Inicio","item":"https:\/\/www.celttv.com.ar\/"},{"@type":"ListItem","position":2,"name":"Con entrada libre y gratuita este domingo llega \u201cObjetos Perdidos\u201d al teatro"}]},{"@type":"WebSite","@id":"https:\/\/www.celttv.com.ar\/#website","url":"https:\/\/www.celttv.com.ar\/","name":"CELTTV","description":"Cooperativa El\u00e9ctrica de Tornquist","publisher":{"@id":"https:\/\/www.celttv.com.ar\/#organization"},"potentialAction":[{"@type":"SearchAction","target":{"@type":"EntryPoint","urlTemplate":"https:\/\/www.celttv.com.ar\/?s={search_term_string}"},"query-input":"required name=search_term_string"}],"inLanguage":"es"},{"@type":"Organization","@id":"https:\/\/www.celttv.com.ar\/#organization","name":"CELTTV","url":"https:\/\/www.celttv.com.ar\/","sameAs":["https:\/\/www.youtube.com\/channel\/UCz_oIt8Hig64Ub-EmcNPIhg","https:\/\/www.facebook.com\/celtTV\/"],"logo":{"@type":"ImageObject","inLanguage":"es","@id":"https:\/\/www.celttv.com.ar\/#\/schema\/logo\/image\/","url":"http:\/\/www.celttv.com.ar\/wp-content\/uploads\/2022\/08\/logo-1.png","contentUrl":"http:\/\/www.celttv.com.ar\/wp-content\/uploads\/2022\/08\/logo-1.png","width":461,"height":159,"caption":"CELTTV"},"image":{"@id":"https:\/\/www.celttv.com.ar\/#\/schema\/logo\/image\/"}},{"@type":"Person","@id":"https:\/\/www.celttv.com.ar\/#\/schema\/person\/495be51d064edd971d8457f8f64eb172","name":"Rodrigo Sgammini","image":{"@type":"ImageObject","inLanguage":"es","@id":"https:\/\/www.celttv.com.ar\/#\/schema\/person\/image\/","url":"https:\/\/secure.gravatar.com\/avatar\/68f7848d42735e7a9276b47cd6e606327d88f521c51ae39d88888b76902e2987?s=96&d=mm&r=g","contentUrl":"https:\/\/secure.gravatar.com\/avatar\/68f7848d42735e7a9276b47cd6e606327d88f521c51ae39d88888b76902e2987?s=96&d=mm&r=g","caption":"Rodrigo Sgammini"}}]}},"_links":{"self":[{"href":"https:\/\/www.celttv.com.ar\/index.php\/wp-json\/wp\/v2\/posts\/75766","targetHints":{"allow":["GET"]}}],"collection":[{"href":"https:\/\/www.celttv.com.ar\/index.php\/wp-json\/wp\/v2\/posts"}],"about":[{"href":"https:\/\/www.celttv.com.ar\/index.php\/wp-json\/wp\/v2\/types\/post"}],"author":[{"embeddable":true,"href":"https:\/\/www.celttv.com.ar\/index.php\/wp-json\/wp\/v2\/users\/3"}],"replies":[{"embeddable":true,"href":"https:\/\/www.celttv.com.ar\/index.php\/wp-json\/wp\/v2\/comments?post=75766"}],"version-history":[{"count":1,"href":"https:\/\/www.celttv.com.ar\/index.php\/wp-json\/wp\/v2\/posts\/75766\/revisions"}],"predecessor-version":[{"id":75768,"href":"https:\/\/www.celttv.com.ar\/index.php\/wp-json\/wp\/v2\/posts\/75766\/revisions\/75768"}],"wp:featuredmedia":[{"embeddable":true,"href":"https:\/\/www.celttv.com.ar\/index.php\/wp-json\/wp\/v2\/media\/75767"}],"wp:attachment":[{"href":"https:\/\/www.celttv.com.ar\/index.php\/wp-json\/wp\/v2\/media?parent=75766"}],"wp:term":[{"taxonomy":"category","embeddable":true,"href":"https:\/\/www.celttv.com.ar\/index.php\/wp-json\/wp\/v2\/categories?post=75766"},{"taxonomy":"post_tag","embeddable":true,"href":"https:\/\/www.celttv.com.ar\/index.php\/wp-json\/wp\/v2\/tags?post=75766"}],"curies":[{"name":"wp","href":"https:\/\/api.w.org\/{rel}","templated":true}]}}