{"id":76030,"date":"2023-05-19T12:20:35","date_gmt":"2023-05-19T15:20:35","guid":{"rendered":"http:\/\/www.celttv.com.ar\/?p=76030"},"modified":"2023-05-19T12:20:35","modified_gmt":"2023-05-19T15:20:35","slug":"informe-de-la-ultima-sesion-ordinaria-del-hcd-videos-5","status":"publish","type":"post","link":"https:\/\/www.celttv.com.ar\/index.php\/2023\/05\/19\/informe-de-la-ultima-sesion-ordinaria-del-hcd-videos-5\/","title":{"rendered":"Informe de la \u00faltima sesi\u00f3n ordinaria del HCD (Videos)"},"content":{"rendered":"<p align=\"CENTER\"><span style=\"font-family: Arial, sans-serif;\"><span style=\"font-size: medium;\"><span lang=\"es-AR\"><u><b>INFORME DE LA SESI\u00d3N ORDINARIA DE FECHA 16-05-23<\/b><\/u><\/span><\/span><\/span><\/p>\n<p align=\"JUSTIFY\"><span style=\"font-family: Arial, sans-serif;\"><span style=\"font-size: medium;\"><span lang=\"es-AR\"><u><b>Comunicaciones Oficiales<\/b><\/u><\/span><\/span><\/span><span style=\"font-family: Arial, sans-serif;\"><span style=\"font-size: medium;\"><span lang=\"es-AR\"><b>: <\/b><\/span><\/span><\/span><\/p>\n<p align=\"JUSTIFY\"><span style=\"font-family: Arial, sans-serif;\"><span style=\"font-size: medium;\"><span lang=\"es-AR\"><u><b>Nota N\u00ba 064\/23:<\/b><\/u><\/span><\/span><\/span><span style=\"font-family: Arial, sans-serif;\"><span style=\"font-size: medium;\"><span lang=\"es-AR\"> &#8211; <\/span><\/span><\/span><span style=\"font-family: Arial, sans-serif;\"><span style=\"font-size: medium;\"><span lang=\"es-ES\">D.E. &#8211; Solicita se adjunte plano al Expediente N\u00ba 210\/22.-<\/span><\/span><\/span><\/p>\n<p lang=\"es-ES\" align=\"JUSTIFY\"><span style=\"font-family: Arial, sans-serif;\"><span style=\"font-size: medium;\">Se aprueba por unanimidad dicha solicitud.<\/span><\/span><\/p>\n<p align=\"JUSTIFY\"><span style=\"font-family: Arial, sans-serif;\"><span style=\"font-size: medium;\"><span lang=\"es-ES\"><u><b>Expte. N\u00ba 210\/22:<\/b><\/u><\/span><\/span><\/span><span style=\"font-family: Arial, sans-serif;\"><span style=\"font-size: medium;\"><span lang=\"es-ES\"> &#8211; N.P. \u2013 Caffieri Fernando Secretario General de SUTEBA Tornquist solicita Colaboraci\u00f3n en la obtenci\u00f3n de una franja de tierra \u2013 Plan Viviendas destinado a afiliados de la comarca.<\/span><\/span><\/span><\/p>\n<p align=\"JUSTIFY\"><span style=\"font-family: Arial, sans-serif;\"><span style=\"font-size: medium;\"><span lang=\"es-AR\">Se le adjunta la Nota N\u00ba 064\/23 del Departamento Ejecutivo y pasa a las Comisiones de Obras P\u00fablicas, Asuntos Municipales e Interpretaci\u00f3n y Reglamento.<\/span><\/span><\/span><\/p>\n<p align=\"JUSTIFY\"><span style=\"font-family: Arial, sans-serif;\"><span style=\"font-size: medium;\"><span lang=\"es-ES\"><u><b>Expte. N\u00ba 038\/23:<\/b><\/u><\/span><\/span><\/span><span style=\"font-family: Arial, sans-serif;\"><span style=\"font-size: medium;\"><span lang=\"es-ES\"> &#8211; D.E. \u2013 Incremento Salarial Ejercicio 2023.-<\/span><\/span><\/span><\/p>\n<p lang=\"es-AR\" align=\"JUSTIFY\"><span style=\"font-family: Arial, sans-serif;\"><span style=\"font-size: medium;\">Se solicita tratamiento sobre Tablas.<\/span><\/span><\/p>\n<p lang=\"es-ES\" align=\"JUSTIFY\"><span style=\"font-family: Times New Roman, serif;\"><span style=\"font-size: medium;\"><span style=\"font-family: Arial, sans-serif;\"><span lang=\"es-AR\">Se aprueba por unanimidad la Ordenanza N\u00ba 3632\/23 por la que se otorga<\/span><\/span><span style=\"font-family: Arial, sans-serif;\"><span lang=\"es-AR\"> un incremento salarial del <\/span><\/span><span style=\"font-family: Arial, sans-serif;\"><span lang=\"es-AR\">10% (diez por ciento) a partir del 1 de mayo de 2023, para todas las categor\u00edas de los sueldos del personal municipal.-<\/span><\/span><\/span><\/span><\/p>\n<p lang=\"es-ES\" align=\"JUSTIFY\"><span style=\"font-family: Times New Roman, serif;\"><span style=\"font-size: medium;\"><span style=\"font-family: Arial, sans-serif;\"><span lang=\"es-AR\">Tambi\u00e9n se otorga<\/span><\/span><span style=\"font-family: Arial, sans-serif;\"><span lang=\"es-AR\"> una BONIFICACI\u00d3N ESPECIAL de car\u00e1cter remunerativa de $<\/span><\/span><span style=\"font-family: Arial, sans-serif;\"><span lang=\"es-AR\">5.000 (pesos cinco mil<\/span><\/span><span style=\"font-family: Arial, sans-serif;\"><span lang=\"es-AR\">)<\/span><\/span><span style=\"font-family: Arial, sans-serif;\"><span lang=\"es-AR\">, a partir del mes de mayo de 2023. La misma alcanza a todo el personal municipal, excepto Concejales, Secretario del Honorable Concejo Deliberante y Personal Superior.<\/span><\/span><\/span><\/span><\/p>\n<p align=\"JUSTIFY\"><span style=\"font-family: Arial, sans-serif;\"><span style=\"font-size: medium;\"><span lang=\"es-ES\"><u><b>Expte. N\u00ba 114\/23:<\/b><\/u><\/span><\/span><\/span><span style=\"font-family: Arial, sans-serif;\"><span style=\"font-size: medium;\"><span lang=\"es-ES\"> &#8211; N.P. \u2013 Silvia Guieu Ref. ajuste del alquiler comercial (Tres A\u00f1os).-<\/span><\/span><\/span><span style=\"font-family: Arial, sans-serif;\"><span style=\"font-size: medium;\"><span lang=\"es-AR\">Se solicita tratamiento sobre Tablas.<\/span><\/span><\/span><\/p>\n<p lang=\"es-ES\" align=\"JUSTIFY\"><span style=\"font-family: Times New Roman, serif;\"><span style=\"font-size: medium;\"><span style=\"font-family: Arial, sans-serif;\"><span lang=\"es-AR\">Se aprueba por unanimidad la Ordenanza N\u00ba 3633\/23 por la que se a<\/span><\/span><span style=\"font-family: Arial, sans-serif;\">utoriza la firma de la <\/span><span style=\"font-family: Arial, sans-serif;\"><b>ADENDA<\/b><\/span> <span style=\"font-family: Arial, sans-serif;\"><b>Contrato de Locaci\u00f3n <\/b><\/span><span style=\"font-family: Arial, sans-serif;\">celebrado entre la Sra. Silvia Mabel Guieu y la Municipalidad de Tornquist representada por el Sr. Intendente Municipal <\/span><span style=\"font-family: Arial, sans-serif;\"><b>Sergio Fabi\u00e1n Bordoni.-<\/b><\/span><\/span><\/span><\/p>\n<p align=\"JUSTIFY\"><span style=\"font-family: Arial, sans-serif;\"><span style=\"font-size: medium;\"><span lang=\"es-ES\">Mediante la Ordenanza N\u00ba 3358\/21 se convalid\u00f3 el Contrato de Locaci\u00f3n y fue Promulgada por Decreto N\u00ba 727\/21 el d\u00eda 07 de julio de 2021.<\/span><\/span><\/span><\/p>\n<p align=\"JUSTIFY\"><span style=\"font-family: Arial, sans-serif;\"><span style=\"font-size: medium;\"><span lang=\"es-ES\">En esta oportunidad las partes acuerdan reformular la cl\u00e1usula tercera en relaci\u00f3n al precio mensual.<\/span><\/span><\/span><\/p>\n<p align=\"JUSTIFY\"><span style=\"font-family: Arial, sans-serif;\"><span style=\"font-size: medium;\"><span lang=\"es-ES\"><u><b>Expte. N\u00ba 136\/23:<\/b><\/u><\/span><\/span><\/span><span style=\"font-family: Arial, sans-serif;\"><span style=\"font-size: medium;\"><span lang=\"es-ES\"> &#8211;<\/span><\/span><\/span> <span style=\"font-family: Arial, sans-serif;\"><span style=\"font-size: medium;\"><span lang=\"es-ES\">Solicitud de exenci\u00f3n de Tasas Municipales \u2013 Instituciones del Distrito.-<\/span><\/span><\/span><\/p>\n<p lang=\"es-AR\" align=\"JUSTIFY\"><span style=\"font-family: Arial, sans-serif;\"><span style=\"font-size: medium;\">Se solicita tratamiento sobre Tablas.<\/span><\/span><\/p>\n<p lang=\"es-ES\" align=\"JUSTIFY\"><span style=\"font-family: Times New Roman, serif;\"><span style=\"font-size: medium;\"><span style=\"font-family: Arial, sans-serif;\"><span lang=\"es-AR\">Se aprueba por unanimidad la Ordenanza N\u00ba 3634\/23 por la que se exime para el ejercicio 2023 del pago de las siguientes Tasas Municipales, previstas en el C\u00f3digo Municipal Tributario: Tasa por Servicio P\u00fablico Urbano, Tasa de Salud, Servicios Sanitarios, Tasa por Conservaci\u00f3n, Mejorado y Reparaci\u00f3n de la Red Vial, y Tasa por Inspecci\u00f3n Seguridad e Higiene, seg\u00fan el siguiente detalle:<\/span><\/span><\/span><\/span><\/p>\n<table border=\"1\" width=\"643\" cellspacing=\"0\" cellpadding=\"5\">\n<tbody>\n<tr>\n<td width=\"84\" height=\"26\">\n<p lang=\"es-AR\" align=\"JUSTIFY\"><span style=\"font-family: Arial, sans-serif;\"><span style=\"font-size: small;\"><b>Nro. Partida<\/b><\/span><\/span><\/p>\n<\/td>\n<td width=\"368\">\n<p lang=\"es-AR\" align=\"JUSTIFY\"><span style=\"font-family: Arial, sans-serif;\"><span style=\"font-size: small;\"><b>Instituci\u00f3n<\/b><\/span><\/span><\/p>\n<\/td>\n<td width=\"160\">\n<p lang=\"es-AR\" align=\"JUSTIFY\"><span style=\"font-family: Arial, sans-serif;\"><span style=\"font-size: small;\"><b>Tasa<\/b><\/span><\/span><\/p>\n<\/td>\n<\/tr>\n<tr>\n<td width=\"84\" height=\"12\">\n<p lang=\"es-AR\" align=\"JUSTIFY\"><span style=\"font-family: Arial, sans-serif;\"><span style=\"font-size: small;\">570<\/span><\/span><\/p>\n<\/td>\n<td width=\"368\">\n<p lang=\"es-AR\" align=\"JUSTIFY\"><span style=\"font-family: Arial, sans-serif;\"><span style=\"font-size: small;\">CLUB UNION<\/span><\/span><\/p>\n<\/td>\n<td valign=\"BOTTOM\" width=\"160\">\n<p lang=\"es-AR\" align=\"JUSTIFY\"><span style=\"font-family: Arial, sans-serif;\"><span style=\"font-size: small;\">Red Vial \/ Serv.Sanitario <\/span><\/span><\/p>\n<\/td>\n<\/tr>\n<tr>\n<td width=\"84\" height=\"12\">\n<p lang=\"es-AR\" align=\"JUSTIFY\"><span style=\"font-family: Arial, sans-serif;\"><span style=\"font-size: small;\">1005<\/span><\/span><\/p>\n<\/td>\n<td width=\"368\">\n<p lang=\"es-AR\" align=\"JUSTIFY\"><span style=\"font-family: Arial, sans-serif;\"><span style=\"font-size: small;\">HOGAR DE ANCIANOS ADELA FRIZZA<\/span><\/span><\/p>\n<\/td>\n<td valign=\"BOTTOM\" width=\"160\">\n<p lang=\"es-AR\" align=\"JUSTIFY\"><span style=\"font-family: Arial, sans-serif;\"><span style=\"font-size: small;\">S.P.U. \/ Serv.Sanitario <\/span><\/span><\/p>\n<\/td>\n<\/tr>\n<tr>\n<td width=\"84\" height=\"12\">\n<p lang=\"es-AR\" align=\"JUSTIFY\"><span style=\"font-family: Arial, sans-serif;\"><span style=\"font-size: small;\">1012<\/span><\/span><\/p>\n<\/td>\n<td width=\"368\">\n<p lang=\"es-AR\" align=\"JUSTIFY\"><span style=\"font-family: Arial, sans-serif;\"><span style=\"font-size: small;\">HOGAR DE ANCIANOS ADELA FRIZZA<\/span><\/span><\/p>\n<\/td>\n<td valign=\"BOTTOM\" width=\"160\">\n<p lang=\"es-AR\" align=\"JUSTIFY\"><span style=\"font-family: Arial, sans-serif;\"><span style=\"font-size: small;\">S.P.U. \/ Serv.Sanitario <\/span><\/span><\/p>\n<\/td>\n<\/tr>\n<tr>\n<td width=\"84\" height=\"12\">\n<p lang=\"es-AR\" align=\"JUSTIFY\"><span style=\"font-family: Arial, sans-serif;\"><span style=\"font-size: small;\">1115<\/span><\/span><\/p>\n<\/td>\n<td width=\"368\">\n<p lang=\"es-AR\" align=\"JUSTIFY\"><span style=\"font-family: Arial, sans-serif;\"><span style=\"font-size: small;\">CLUB UNION<\/span><\/span><\/p>\n<\/td>\n<td valign=\"BOTTOM\" width=\"160\">\n<p lang=\"es-AR\" align=\"JUSTIFY\"><span style=\"font-family: Arial, sans-serif;\"><span style=\"font-size: small;\">S.P.U. \/ Serv.Sanitario <\/span><\/span><\/p>\n<\/td>\n<\/tr>\n<tr>\n<td width=\"84\" height=\"12\">\n<p lang=\"es-AR\" align=\"JUSTIFY\"><span style=\"font-family: Arial, sans-serif;\"><span style=\"font-size: small;\">1280<\/span><\/span><\/p>\n<\/td>\n<td width=\"368\">\n<p lang=\"es-AR\" align=\"JUSTIFY\"><span style=\"font-family: Arial, sans-serif;\"><span style=\"font-size: small;\">AUTOMOTO CLUB DEPORTIVO<\/span><\/span><\/p>\n<\/td>\n<td valign=\"BOTTOM\" width=\"160\">\n<p lang=\"es-AR\" align=\"JUSTIFY\"><span style=\"font-family: Arial, sans-serif;\"><span style=\"font-size: small;\">S.P.U. \/ Serv.Sanitario <\/span><\/span><\/p>\n<\/td>\n<\/tr>\n<tr>\n<td width=\"84\" height=\"12\">\n<p lang=\"es-AR\" align=\"JUSTIFY\"><span style=\"font-family: Arial, sans-serif;\"><span style=\"font-size: small;\">1310<\/span><\/span><\/p>\n<\/td>\n<td width=\"368\">\n<p lang=\"es-AR\" align=\"JUSTIFY\"><span style=\"font-family: Arial, sans-serif;\"><span style=\"font-size: small;\">CENTRO DE JUBILADOS TORNQUIST<\/span><\/span><\/p>\n<\/td>\n<td valign=\"BOTTOM\" width=\"160\">\n<p lang=\"es-AR\" align=\"JUSTIFY\"><span style=\"font-family: Arial, sans-serif;\"><span style=\"font-size: small;\">S.P.U. \/ Serv.Sanitario <\/span><\/span><\/p>\n<\/td>\n<\/tr>\n<tr>\n<td width=\"84\" height=\"12\">\n<p lang=\"es-AR\" align=\"JUSTIFY\"><span style=\"font-family: Arial, sans-serif;\"><span style=\"font-size: small;\">1397<\/span><\/span><\/p>\n<\/td>\n<td width=\"368\">\n<p lang=\"es-AR\" align=\"JUSTIFY\"><span style=\"font-family: Arial, sans-serif;\"><span style=\"font-size: small;\">BOMBEROS VOLUNTARIOS DE TORNQUIST<\/span><\/span><\/p>\n<\/td>\n<td valign=\"BOTTOM\" width=\"160\">\n<p lang=\"es-AR\" align=\"JUSTIFY\"><span style=\"font-family: Arial, sans-serif;\"><span style=\"font-size: small;\">S.P.U. \/ Serv.Sanitario <\/span><\/span><\/p>\n<\/td>\n<\/tr>\n<tr>\n<td width=\"84\" height=\"12\">\n<p lang=\"es-AR\" align=\"JUSTIFY\"><span style=\"font-family: Arial, sans-serif;\"><span style=\"font-size: small;\">1425<\/span><\/span><\/p>\n<\/td>\n<td width=\"368\">\n<p lang=\"es-AR\" align=\"JUSTIFY\"><span style=\"font-family: Arial, sans-serif;\"><span style=\"font-size: small;\">COOP. ESCUELA SECUNDARIA NRO 28<\/span><\/span><\/p>\n<\/td>\n<td valign=\"BOTTOM\" width=\"160\">\n<p lang=\"es-AR\" align=\"JUSTIFY\"><span style=\"font-family: Arial, sans-serif;\"><span style=\"font-size: small;\">S.P.U. \/ Serv.Sanitario <\/span><\/span><\/p>\n<\/td>\n<\/tr>\n<tr>\n<td width=\"84\" height=\"12\">\n<p lang=\"es-AR\" align=\"JUSTIFY\"><span style=\"font-family: Arial, sans-serif;\"><span style=\"font-size: small;\">1487<\/span><\/span><\/p>\n<\/td>\n<td width=\"368\">\n<p lang=\"es-AR\" align=\"JUSTIFY\"><span style=\"font-family: Arial, sans-serif;\"><span style=\"font-size: small;\">CLUB PORTE\u00d1O SALDUNGARAY <\/span><\/span><\/p>\n<\/td>\n<td valign=\"BOTTOM\" width=\"160\">\n<p lang=\"es-AR\" align=\"JUSTIFY\"><span style=\"font-family: Arial, sans-serif;\"><span style=\"font-size: small;\">S.P.U <\/span><\/span><\/p>\n<\/td>\n<\/tr>\n<tr>\n<td width=\"84\" height=\"12\">\n<p lang=\"es-AR\" align=\"JUSTIFY\"><span style=\"font-family: Arial, sans-serif;\"><span style=\"font-size: small;\">1698<\/span><\/span><\/p>\n<\/td>\n<td width=\"368\">\n<p lang=\"es-AR\" align=\"JUSTIFY\"><span style=\"font-family: Arial, sans-serif;\"><span style=\"font-size: small;\">SOCIEDAD ESPA\u00d1OLA TORNQUIST <\/span><\/span><\/p>\n<\/td>\n<td valign=\"BOTTOM\" width=\"160\">\n<p lang=\"es-AR\" align=\"JUSTIFY\"><span style=\"font-family: Arial, sans-serif;\"><span style=\"font-size: small;\">S.P.U. \/ Serv.Sanitario <\/span><\/span><\/p>\n<\/td>\n<\/tr>\n<tr>\n<td width=\"84\" height=\"12\">\n<p lang=\"es-AR\" align=\"JUSTIFY\"><span style=\"font-family: Arial, sans-serif;\"><span style=\"font-size: small;\">1698\/1<\/span><\/span><\/p>\n<\/td>\n<td width=\"368\">\n<p lang=\"es-AR\" align=\"JUSTIFY\"><span style=\"font-family: Arial, sans-serif;\"><span style=\"font-size: small;\">SOCIEDAD ESPA\u00d1OLA TORNQUIST<\/span><\/span><\/p>\n<\/td>\n<td valign=\"BOTTOM\" width=\"160\">\n<p lang=\"es-AR\" align=\"JUSTIFY\"><span style=\"font-family: Arial, sans-serif;\"><span style=\"font-size: small;\">Serv.Sanitarios <\/span><\/span><\/p>\n<\/td>\n<\/tr>\n<tr>\n<td width=\"84\" height=\"12\">\n<p lang=\"es-AR\" align=\"JUSTIFY\"><span style=\"font-family: Arial, sans-serif;\"><span style=\"font-size: small;\">1704<\/span><\/span><\/p>\n<\/td>\n<td width=\"368\">\n<p lang=\"es-AR\" align=\"JUSTIFY\"><span style=\"font-family: Arial, sans-serif;\"><span style=\"font-size: small;\">SOCIEDAD ITALIANA TORNQUIST<\/span><\/span><\/p>\n<\/td>\n<td valign=\"BOTTOM\" width=\"160\">\n<p lang=\"es-AR\" align=\"JUSTIFY\"><span style=\"font-family: Arial, sans-serif;\"><span style=\"font-size: small;\">S.P.U. \/ Serv.Sanitario <\/span><\/span><\/p>\n<\/td>\n<\/tr>\n<tr>\n<td width=\"84\" height=\"12\">\n<p lang=\"es-AR\" align=\"JUSTIFY\"><span style=\"font-family: Arial, sans-serif;\"><span style=\"font-size: small;\">1772<\/span><\/span><\/p>\n<\/td>\n<td width=\"368\">\n<p lang=\"es-AR\" align=\"JUSTIFY\"><span style=\"font-family: Arial, sans-serif;\"><span style=\"font-size: small;\">HOGAR DE ANCIANOS ADELA FRIZZA<\/span><\/span><\/p>\n<\/td>\n<td valign=\"BOTTOM\" width=\"160\">\n<p lang=\"es-AR\" align=\"JUSTIFY\"><span style=\"font-family: Arial, sans-serif;\"><span style=\"font-size: small;\">S.P.U. \/ Serv.Sanitario <\/span><\/span><\/p>\n<\/td>\n<\/tr>\n<tr>\n<td width=\"84\" height=\"12\">\n<p lang=\"es-AR\" align=\"JUSTIFY\"><span style=\"font-family: Arial, sans-serif;\"><span style=\"font-size: small;\">1786<\/span><\/span><\/p>\n<\/td>\n<td width=\"368\">\n<p lang=\"es-AR\" align=\"JUSTIFY\"><span style=\"font-family: Arial, sans-serif;\"><span style=\"font-size: small;\">SOCIEDAD ESPA\u00d1OLA SALDUNGARAY<\/span><\/span><\/p>\n<\/td>\n<td valign=\"BOTTOM\" width=\"160\">\n<p lang=\"es-AR\" align=\"JUSTIFY\"><span style=\"font-family: Arial, sans-serif;\"><span style=\"font-size: small;\">S.P.U <\/span><\/span><\/p>\n<\/td>\n<\/tr>\n<tr>\n<td width=\"84\" height=\"12\">\n<p lang=\"es-AR\" align=\"JUSTIFY\"><span style=\"font-family: Arial, sans-serif;\"><span style=\"font-size: small;\">1788<\/span><\/span><\/p>\n<\/td>\n<td width=\"368\">\n<p lang=\"es-AR\" align=\"JUSTIFY\"><span style=\"font-family: Arial, sans-serif;\"><span style=\"font-size: small;\">SOCIEDAD ESPA\u00d1OLA SALDUNGARAY<\/span><\/span><\/p>\n<\/td>\n<td valign=\"BOTTOM\" width=\"160\">\n<p lang=\"es-AR\" align=\"JUSTIFY\"><span style=\"font-family: Arial, sans-serif;\"><span style=\"font-size: small;\">S.P.U <\/span><\/span><\/p>\n<\/td>\n<\/tr>\n<tr>\n<td width=\"84\" height=\"12\">\n<p lang=\"es-AR\" align=\"JUSTIFY\"><span style=\"font-family: Arial, sans-serif;\"><span style=\"font-size: small;\">2585<\/span><\/span><\/p>\n<\/td>\n<td width=\"368\">\n<p lang=\"es-AR\" align=\"JUSTIFY\"><span style=\"font-family: Arial, sans-serif;\"><span style=\"font-size: small;\">BIBLIOTECA POPULAR E.TORNQUIST<\/span><\/span><\/p>\n<\/td>\n<td valign=\"BOTTOM\" width=\"160\">\n<p lang=\"es-AR\" align=\"JUSTIFY\"><span style=\"font-family: Arial, sans-serif;\"><span style=\"font-size: small;\">S.P.U. \/ Serv.Sanitario <\/span><\/span><\/p>\n<\/td>\n<\/tr>\n<tr>\n<td width=\"84\" height=\"12\">\n<p lang=\"es-AR\" align=\"JUSTIFY\"><span style=\"font-family: Arial, sans-serif;\"><span style=\"font-size: small;\">4121<\/span><\/span><\/p>\n<\/td>\n<td width=\"368\">\n<p lang=\"es-AR\" align=\"JUSTIFY\"><span style=\"font-family: Arial, sans-serif;\"><span style=\"font-size: small;\">BOMBEROS VOLUNTARIOS DE TORNQUIST<\/span><\/span><\/p>\n<\/td>\n<td valign=\"BOTTOM\" width=\"160\">\n<p lang=\"es-AR\" align=\"JUSTIFY\"><span style=\"font-family: Arial, sans-serif;\"><span style=\"font-size: small;\">S.P.U. \/ Serv.Sanitario <\/span><\/span><\/p>\n<\/td>\n<\/tr>\n<tr>\n<td width=\"84\" height=\"12\">\n<p lang=\"es-AR\" align=\"JUSTIFY\"><span style=\"font-family: Arial, sans-serif;\"><span style=\"font-size: small;\">8704<\/span><\/span><\/p>\n<\/td>\n<td width=\"368\">\n<p lang=\"es-AR\" align=\"JUSTIFY\"><span style=\"font-family: Arial, sans-serif;\"><span style=\"font-size: small;\">BOMBEROS VOLUNTARIOS DE TORNQUIST<\/span><\/span><\/p>\n<\/td>\n<td valign=\"BOTTOM\" width=\"160\">\n<p lang=\"es-AR\" align=\"JUSTIFY\"><span style=\"font-family: Arial, sans-serif;\"><span style=\"font-size: small;\">S.P.U. \/ Serv.Sanitario <\/span><\/span><\/p>\n<\/td>\n<\/tr>\n<tr>\n<td width=\"84\" height=\"12\">\n<p lang=\"es-AR\" align=\"JUSTIFY\"><span style=\"font-family: Arial, sans-serif;\"><span style=\"font-size: small;\">4382<\/span><\/span><\/p>\n<\/td>\n<td width=\"368\">\n<p lang=\"es-AR\" align=\"JUSTIFY\"><span style=\"font-family: Arial, sans-serif;\"><span style=\"font-size: small;\">CLUB HIPICO Y SOCIAL LAS SIERRAS<\/span><\/span><\/p>\n<\/td>\n<td valign=\"BOTTOM\" width=\"160\">\n<p lang=\"es-AR\" align=\"JUSTIFY\"><span style=\"font-family: Arial, sans-serif;\"><span style=\"font-size: small;\">S.P.U. \/ Serv.Sanitario <\/span><\/span><\/p>\n<\/td>\n<\/tr>\n<tr>\n<td width=\"84\" height=\"12\">\n<p lang=\"es-AR\" align=\"JUSTIFY\"><span style=\"font-family: Arial, sans-serif;\"><span style=\"font-size: small;\">4383<\/span><\/span><\/p>\n<\/td>\n<td width=\"368\">\n<p lang=\"es-AR\" align=\"JUSTIFY\"><span style=\"font-family: Arial, sans-serif;\"><span style=\"font-size: small;\">AUTOMOTO CLUB DEPORTIVO<\/span><\/span><\/p>\n<\/td>\n<td valign=\"BOTTOM\" width=\"160\">\n<p lang=\"es-AR\" align=\"JUSTIFY\"><span style=\"font-family: Arial, sans-serif;\"><span style=\"font-size: small;\">S.P.U. \/ Serv.Sanitario <\/span><\/span><\/p>\n<\/td>\n<\/tr>\n<tr>\n<td width=\"84\" height=\"12\">\n<p lang=\"es-AR\" align=\"JUSTIFY\"><span style=\"font-family: Arial, sans-serif;\"><span style=\"font-size: small;\">4383\/1<\/span><\/span><\/p>\n<\/td>\n<td width=\"368\">\n<p lang=\"es-AR\" align=\"JUSTIFY\"><span style=\"font-family: Arial, sans-serif;\"><span style=\"font-size: small;\">AUTOMOTO CLUB DEPORTIVO<\/span><\/span><\/p>\n<\/td>\n<td valign=\"BOTTOM\" width=\"160\">\n<p lang=\"es-AR\" align=\"JUSTIFY\"><span style=\"font-family: Arial, sans-serif;\"><span style=\"font-size: small;\">S.P.U. \/ Serv.Sanitario <\/span><\/span><\/p>\n<\/td>\n<\/tr>\n<tr>\n<td width=\"84\" height=\"12\">\n<p lang=\"es-AR\" align=\"JUSTIFY\"><span style=\"font-family: Arial, sans-serif;\"><span style=\"font-size: small;\">4844<\/span><\/span><\/p>\n<\/td>\n<td width=\"368\">\n<p lang=\"es-AR\" align=\"JUSTIFY\"><span style=\"font-family: Arial, sans-serif;\"><span style=\"font-size: small;\">JUNTA VECINAL BARRIO SUR<\/span><\/span><\/p>\n<\/td>\n<td valign=\"BOTTOM\" width=\"160\">\n<p lang=\"es-AR\" align=\"JUSTIFY\"><span style=\"font-family: Arial, sans-serif;\"><span style=\"font-size: small;\">S.P.U. \/ Serv.Sanitario <\/span><\/span><\/p>\n<\/td>\n<\/tr>\n<tr>\n<td width=\"84\" height=\"12\">\n<p lang=\"es-AR\" align=\"JUSTIFY\"><span style=\"font-family: Arial, sans-serif;\"><span style=\"font-size: small;\">5591<\/span><\/span><\/p>\n<\/td>\n<td width=\"368\">\n<p lang=\"es-AR\" align=\"JUSTIFY\"><span style=\"font-family: Arial, sans-serif;\"><span style=\"font-size: small;\">COOPERATIVA DE PREVISION DE OBRAS Y AGUA<\/span><\/span><\/p>\n<\/td>\n<td valign=\"BOTTOM\" width=\"160\">\n<p lang=\"es-AR\" align=\"JUSTIFY\"><span style=\"font-family: Arial, sans-serif;\"><span style=\"font-size: small;\">S.P.U <\/span><\/span><\/p>\n<\/td>\n<\/tr>\n<tr>\n<td width=\"84\" height=\"12\">\n<p lang=\"es-AR\" align=\"JUSTIFY\"><span style=\"font-family: Arial, sans-serif;\"><span style=\"font-size: small;\">8262<\/span><\/span><\/p>\n<\/td>\n<td width=\"368\">\n<p lang=\"es-AR\" align=\"JUSTIFY\"><span style=\"font-family: Arial, sans-serif;\"><span style=\"font-size: small;\">COOPERATIVA DE PREVISION DE OBRAS Y AGUA<\/span><\/span><\/p>\n<\/td>\n<td valign=\"BOTTOM\" width=\"160\">\n<p lang=\"es-AR\" align=\"JUSTIFY\"><span style=\"font-family: Arial, sans-serif;\"><span style=\"font-size: small;\">S.P.U <\/span><\/span><\/p>\n<\/td>\n<\/tr>\n<tr>\n<td width=\"84\" height=\"12\">\n<p lang=\"es-AR\" align=\"JUSTIFY\"><span style=\"font-family: Arial, sans-serif;\"><span style=\"font-size: small;\">7244<\/span><\/span><\/p>\n<\/td>\n<td width=\"368\">\n<p lang=\"es-AR\" align=\"JUSTIFY\"><span style=\"font-family: Arial, sans-serif;\"><span style=\"font-size: small;\">COOPERADORA ESCUELA SECUNDARIA NRO. 28<\/span><\/span><\/p>\n<\/td>\n<td valign=\"BOTTOM\" width=\"160\">\n<p lang=\"es-AR\" align=\"JUSTIFY\"><span style=\"font-family: Arial, sans-serif;\"><span style=\"font-size: small;\">S.P.U. \/ Serv.Sanitario <\/span><\/span><\/p>\n<\/td>\n<\/tr>\n<tr>\n<td width=\"84\" height=\"12\">\n<p lang=\"es-AR\" align=\"JUSTIFY\"><span style=\"font-family: Arial, sans-serif;\"><span style=\"font-size: small;\">7352<\/span><\/span><\/p>\n<\/td>\n<td width=\"368\">\n<p lang=\"es-AR\" align=\"JUSTIFY\"><span style=\"font-family: Arial, sans-serif;\"><span style=\"font-size: small;\">SOCIEDAD DE FOMENTO VILLA VENTANA<\/span><\/span><\/p>\n<\/td>\n<td valign=\"BOTTOM\" width=\"160\">\n<p lang=\"es-AR\" align=\"JUSTIFY\"><span style=\"font-family: Arial, sans-serif;\"><span style=\"font-size: small;\">S.P.U. \/ Serv.Sanitario <\/span><\/span><\/p>\n<\/td>\n<\/tr>\n<tr>\n<td width=\"84\" height=\"12\">\n<p lang=\"es-AR\" align=\"JUSTIFY\"><span style=\"font-family: Arial, sans-serif;\"><span style=\"font-size: small;\">7507<\/span><\/span><\/p>\n<\/td>\n<td width=\"368\">\n<p lang=\"es-AR\" align=\"JUSTIFY\"><span style=\"font-family: Arial, sans-serif;\"><span style=\"font-size: small;\">BOMBEROS VOLUNTARIOS VILLA VENTANA<\/span><\/span><\/p>\n<\/td>\n<td valign=\"BOTTOM\" width=\"160\">\n<p lang=\"es-AR\" align=\"JUSTIFY\"><span style=\"font-family: Arial, sans-serif;\"><span style=\"font-size: small;\">S.P.U. \/ Serv.Sanitario <\/span><\/span><\/p>\n<\/td>\n<\/tr>\n<tr>\n<td width=\"84\" height=\"12\">\n<p lang=\"es-AR\" align=\"JUSTIFY\"><span style=\"font-family: Arial, sans-serif;\"><span style=\"font-size: small;\">7508<\/span><\/span><\/p>\n<\/td>\n<td width=\"368\">\n<p lang=\"es-AR\" align=\"JUSTIFY\"><span style=\"font-family: Arial, sans-serif;\"><span style=\"font-size: small;\">BOMBEROS VOLUNTARIOS VILLA VENTANA<\/span><\/span><\/p>\n<\/td>\n<td valign=\"BOTTOM\" width=\"160\">\n<p lang=\"es-AR\" align=\"JUSTIFY\"><span style=\"font-family: Arial, sans-serif;\"><span style=\"font-size: small;\">S.P.U. \/ Serv.Sanitario <\/span><\/span><\/p>\n<\/td>\n<\/tr>\n<tr>\n<td width=\"84\" height=\"12\">\n<p lang=\"es-AR\" align=\"JUSTIFY\"><span style=\"font-family: Arial, sans-serif;\"><span style=\"font-size: small;\">7509<\/span><\/span><\/p>\n<\/td>\n<td width=\"368\">\n<p lang=\"es-AR\" align=\"JUSTIFY\"><span style=\"font-family: Arial, sans-serif;\"><span style=\"font-size: small;\">SOCIEDAD DE FOMENTO VILLA VENTANA<\/span><\/span><\/p>\n<\/td>\n<td valign=\"BOTTOM\" width=\"160\">\n<p lang=\"es-AR\" align=\"JUSTIFY\"><span style=\"font-family: Arial, sans-serif;\"><span style=\"font-size: small;\">S.P.U. \/ Serv.Sanitario <\/span><\/span><\/p>\n<\/td>\n<\/tr>\n<tr>\n<td width=\"84\" height=\"12\">\n<p lang=\"es-AR\" align=\"JUSTIFY\"><span style=\"font-family: Arial, sans-serif;\"><span style=\"font-size: small;\">7510<\/span><\/span><\/p>\n<\/td>\n<td width=\"368\">\n<p lang=\"es-AR\" align=\"JUSTIFY\"><span style=\"font-family: Arial, sans-serif;\"><span style=\"font-size: small;\">SOCIEDAD DE FOMENTO VILLA VENTANA<\/span><\/span><\/p>\n<\/td>\n<td valign=\"BOTTOM\" width=\"160\">\n<p lang=\"es-AR\" align=\"JUSTIFY\"><span style=\"font-family: Arial, sans-serif;\"><span style=\"font-size: small;\">S.P.U. \/ Serv.Sanitario <\/span><\/span><\/p>\n<\/td>\n<\/tr>\n<tr>\n<td width=\"84\" height=\"12\">\n<p lang=\"es-AR\" align=\"JUSTIFY\"><span style=\"font-family: Arial, sans-serif;\"><span style=\"font-size: small;\">7511<\/span><\/span><\/p>\n<\/td>\n<td width=\"368\">\n<p lang=\"es-AR\" align=\"JUSTIFY\"><span style=\"font-family: Arial, sans-serif;\"><span style=\"font-size: small;\">SOCIEDAD DE FOMENTO VILLA VENTANA<\/span><\/span><\/p>\n<\/td>\n<td valign=\"BOTTOM\" width=\"160\">\n<p lang=\"es-AR\" align=\"JUSTIFY\"><span style=\"font-family: Arial, sans-serif;\"><span style=\"font-size: small;\">S.P.U. \/ Serv.Sanitario <\/span><\/span><\/p>\n<\/td>\n<\/tr>\n<tr>\n<td width=\"84\" height=\"12\">\n<p lang=\"es-AR\" align=\"JUSTIFY\"><span style=\"font-family: Arial, sans-serif;\"><span style=\"font-size: small;\">7939<\/span><\/span><\/p>\n<\/td>\n<td width=\"368\">\n<p lang=\"es-AR\" align=\"JUSTIFY\"><span style=\"font-family: Arial, sans-serif;\"><span style=\"font-size: small;\">BIBLIOTECA M. FERNANDEZ \u2013 VILLA VENTANA<\/span><\/span><\/p>\n<\/td>\n<td valign=\"BOTTOM\" width=\"160\">\n<p lang=\"es-AR\" align=\"JUSTIFY\"><span style=\"font-family: Arial, sans-serif;\"><span style=\"font-size: small;\">S.P.U. \/ Serv.Sanitario <\/span><\/span><\/p>\n<\/td>\n<\/tr>\n<tr>\n<td width=\"84\" height=\"12\">\n<p lang=\"es-AR\" align=\"JUSTIFY\"><span style=\"font-family: Arial, sans-serif;\"><span style=\"font-size: small;\">8162<\/span><\/span><\/p>\n<\/td>\n<td width=\"368\">\n<p lang=\"en-US\" align=\"JUSTIFY\"><span style=\"font-family: Arial, sans-serif;\"><span style=\"font-size: small;\">CLUB GRAL.SAN MARTIN &#8211; CHASICO<\/span><\/span><\/p>\n<\/td>\n<td valign=\"BOTTOM\" width=\"160\">\n<p lang=\"es-ES\" align=\"JUSTIFY\"><span style=\"font-family: Times New Roman, serif;\"><span style=\"font-size: medium;\"><span style=\"font-family: Arial, sans-serif;\"><span style=\"font-size: small;\"><span lang=\"es-AR\">S.P.U. \/ Serv.Sanitario <\/span><\/span><\/span><\/span><\/span><\/p>\n<\/td>\n<\/tr>\n<tr>\n<td width=\"84\" height=\"12\">\n<p lang=\"es-AR\" align=\"JUSTIFY\"><span style=\"font-family: Arial, sans-serif;\"><span style=\"font-size: small;\">8163<\/span><\/span><\/p>\n<\/td>\n<td width=\"368\">\n<p lang=\"en-US\" align=\"JUSTIFY\"><span style=\"font-family: Arial, sans-serif;\"><span style=\"font-size: small;\">CLUB GRAL. SAN MARTIN &#8211; CHASICO<\/span><\/span><\/p>\n<\/td>\n<td valign=\"BOTTOM\" width=\"160\">\n<p lang=\"es-ES\" align=\"JUSTIFY\"><span style=\"font-family: Times New Roman, serif;\"><span style=\"font-size: medium;\"><span style=\"font-family: Arial, sans-serif;\"><span style=\"font-size: small;\"><span lang=\"es-AR\">S.P.U. \/ Serv.Sanitario <\/span><\/span><\/span><\/span><\/span><\/p>\n<\/td>\n<\/tr>\n<tr>\n<td width=\"84\" height=\"12\">\n<p lang=\"es-AR\" align=\"JUSTIFY\"><span style=\"font-family: Arial, sans-serif;\"><span style=\"font-size: small;\">8164<\/span><\/span><\/p>\n<\/td>\n<td width=\"368\">\n<p lang=\"es-AR\" align=\"JUSTIFY\"><span style=\"font-family: Arial, sans-serif;\"><span style=\"font-size: small;\">SALA DE PRIMEROS AUXILIOS CHASICO<\/span><\/span><\/p>\n<\/td>\n<td valign=\"BOTTOM\" width=\"160\">\n<p lang=\"es-AR\" align=\"JUSTIFY\"><span style=\"font-family: Arial, sans-serif;\"><span style=\"font-size: small;\">S.P.U. \/ Serv.Sanitario <\/span><\/span><\/p>\n<\/td>\n<\/tr>\n<tr>\n<td width=\"84\" height=\"12\">\n<p lang=\"es-AR\" align=\"JUSTIFY\"><span style=\"font-family: Arial, sans-serif;\"><span style=\"font-size: small;\">9383<\/span><\/span><\/p>\n<\/td>\n<td width=\"368\">\n<p lang=\"es-AR\" align=\"JUSTIFY\"><span style=\"font-family: Arial, sans-serif;\"><span style=\"font-size: small;\">CLUB DE PESCA PIGUE<\/span><\/span><\/p>\n<\/td>\n<td valign=\"BOTTOM\" width=\"160\">\n<p lang=\"es-AR\" align=\"JUSTIFY\"><span style=\"font-family: Arial, sans-serif;\"><span style=\"font-size: small;\">Red Vial <\/span><\/span><\/p>\n<\/td>\n<\/tr>\n<tr>\n<td width=\"84\" height=\"12\">\n<p lang=\"es-AR\" align=\"JUSTIFY\"><span style=\"font-family: Arial, sans-serif;\"><span style=\"font-size: small;\">14671<\/span><\/span><\/p>\n<\/td>\n<td width=\"368\">\n<p lang=\"es-AR\" align=\"JUSTIFY\"><span style=\"font-family: Arial, sans-serif;\"><span style=\"font-size: small;\">CENTRO DE DIA<\/span><\/span><\/p>\n<\/td>\n<td valign=\"BOTTOM\" width=\"160\">\n<p lang=\"es-AR\" align=\"JUSTIFY\"><span style=\"font-family: Arial, sans-serif;\"><span style=\"font-size: small;\">S.P.U. \/ Serv.Sanitario <\/span><\/span><\/p>\n<\/td>\n<\/tr>\n<tr>\n<td width=\"84\" height=\"12\">\n<p lang=\"es-AR\" align=\"JUSTIFY\"><span style=\"font-family: Arial, sans-serif;\"><span style=\"font-size: small;\">15189<\/span><\/span><\/p>\n<\/td>\n<td width=\"368\">\n<p lang=\"es-AR\" align=\"JUSTIFY\"><span style=\"font-family: Arial, sans-serif;\"><span style=\"font-size: small;\">CLUB PORTE\u00d1O SALDUNGARAY<\/span><\/span><\/p>\n<\/td>\n<td valign=\"BOTTOM\" width=\"160\">\n<p lang=\"es-AR\" align=\"JUSTIFY\"><span style=\"font-family: Arial, sans-serif;\"><span style=\"font-size: small;\">S.P.U <\/span><\/span><\/p>\n<\/td>\n<\/tr>\n<tr>\n<td width=\"84\" height=\"12\">\n<p lang=\"es-AR\" align=\"JUSTIFY\"><span style=\"font-family: Arial, sans-serif;\"><span style=\"font-size: small;\">14690<\/span><\/span><\/p>\n<\/td>\n<td width=\"368\">\n<p lang=\"es-AR\" align=\"JUSTIFY\"><span style=\"font-family: Arial, sans-serif;\"><span style=\"font-size: small;\">CENTRO DE DIA TORNQUIST<\/span><\/span><\/p>\n<\/td>\n<td valign=\"BOTTOM\" width=\"160\">\n<p lang=\"es-AR\" align=\"JUSTIFY\"><span style=\"font-family: Arial, sans-serif;\"><span style=\"font-size: small;\">S.P.U. \/ Serv.Sanitario <\/span><\/span><\/p>\n<\/td>\n<\/tr>\n<tr>\n<td width=\"84\" height=\"12\">\n<p lang=\"es-AR\" align=\"JUSTIFY\"><span style=\"font-family: Arial, sans-serif;\"><span style=\"font-size: small;\">947<\/span><\/span><\/p>\n<\/td>\n<td width=\"368\">\n<p lang=\"es-AR\" align=\"JUSTIFY\"><span style=\"font-family: Arial, sans-serif;\"><span style=\"font-size: small;\">CENTRO DE JUBILADOS SALDUNGARAY<\/span><\/span><\/p>\n<\/td>\n<td valign=\"BOTTOM\" width=\"160\">\n<p lang=\"es-AR\" align=\"JUSTIFY\"><span style=\"font-family: Arial, sans-serif;\"><span style=\"font-size: small;\">S.P.U <\/span><\/span><\/p>\n<\/td>\n<\/tr>\n<tr>\n<td width=\"84\" height=\"12\">\n<p lang=\"es-AR\" align=\"JUSTIFY\"><span style=\"font-family: Arial, sans-serif;\"><span style=\"font-size: small;\">1310<\/span><\/span><\/p>\n<\/td>\n<td width=\"368\">\n<p lang=\"es-AR\" align=\"JUSTIFY\"><span style=\"font-family: Arial, sans-serif;\"><span style=\"font-size: small;\">CENTRO DE JUBILADOS TORNQUIST<\/span><\/span><\/p>\n<\/td>\n<td valign=\"BOTTOM\" width=\"160\">\n<p lang=\"es-AR\" align=\"JUSTIFY\"><span style=\"font-family: Arial, sans-serif;\"><span style=\"font-size: small;\">S.P.U. \/ Serv.Sanitario <\/span><\/span><\/p>\n<\/td>\n<\/tr>\n<tr>\n<td width=\"84\" height=\"12\">\n<p lang=\"es-AR\" align=\"JUSTIFY\"><span style=\"font-family: Arial, sans-serif;\"><span style=\"font-size: small;\">14593<\/span><\/span><\/p>\n<\/td>\n<td width=\"368\">\n<p lang=\"es-AR\" align=\"JUSTIFY\"><span style=\"font-family: Arial, sans-serif;\"><span style=\"font-size: small;\">CENTRO DE JUBILADOS SIERRA DE LA VENTANA<\/span><\/span><\/p>\n<\/td>\n<td valign=\"BOTTOM\" width=\"160\">\n<p lang=\"es-AR\" align=\"JUSTIFY\"><span style=\"font-family: Arial, sans-serif;\"><span style=\"font-size: small;\">S.P.U. \/ Serv.Sanitario <\/span><\/span><\/p>\n<\/td>\n<\/tr>\n<tr>\n<td width=\"84\" height=\"12\">\n<p lang=\"es-AR\" align=\"JUSTIFY\"><span style=\"font-family: Arial, sans-serif;\"><span style=\"font-size: small;\">10154<\/span><\/span><\/p>\n<\/td>\n<td width=\"368\">\n<p lang=\"es-AR\" align=\"JUSTIFY\"><span style=\"font-family: Arial, sans-serif;\"><span style=\"font-size: small;\">CLUB ATLETICO PELICURA <\/span><\/span><\/p>\n<\/td>\n<td valign=\"BOTTOM\" width=\"160\">\n<p lang=\"es-AR\" align=\"JUSTIFY\"><span style=\"font-family: Arial, sans-serif;\"><span style=\"font-size: small;\">Red Vial <\/span><\/span><\/p>\n<\/td>\n<\/tr>\n<tr>\n<td width=\"84\" height=\"12\">\n<p lang=\"es-AR\" align=\"JUSTIFY\"><span style=\"font-family: Arial, sans-serif;\"><span style=\"font-size: small;\">16667<\/span><\/span><\/p>\n<\/td>\n<td width=\"368\">\n<p lang=\"es-AR\" align=\"JUSTIFY\"><span style=\"font-family: Arial, sans-serif;\"><span style=\"font-size: small;\">CENTRO DE ATENCION AL DISCAPACITADO<\/span><\/span><\/p>\n<\/td>\n<td valign=\"BOTTOM\" width=\"160\">\n<p lang=\"es-AR\" align=\"JUSTIFY\"><span style=\"font-family: Arial, sans-serif;\"><span style=\"font-size: small;\">S.P.U. \/ Serv.Sanitario <\/span><\/span><\/p>\n<\/td>\n<\/tr>\n<tr>\n<td width=\"84\" height=\"12\">\n<p lang=\"es-AR\" align=\"JUSTIFY\"><span style=\"font-family: Arial, sans-serif;\"><span style=\"font-size: small;\">13587\/1<\/span><\/span><\/p>\n<\/td>\n<td width=\"368\">\n<p lang=\"es-AR\" align=\"JUSTIFY\"><span style=\"font-family: Arial, sans-serif;\"><span style=\"font-size: small;\">CENTRO DE ATENCION AL DISCAPACITADO<\/span><\/span><\/p>\n<\/td>\n<td valign=\"BOTTOM\" width=\"160\">\n<p lang=\"es-AR\" align=\"JUSTIFY\"><span style=\"font-family: Arial, sans-serif;\"><span style=\"font-size: small;\">S.P.U. \/ Serv.Sanitario <\/span><\/span><\/p>\n<\/td>\n<\/tr>\n<tr>\n<td width=\"84\" height=\"12\">\n<p lang=\"es-AR\" align=\"JUSTIFY\"><span style=\"font-family: Arial, sans-serif;\"><span style=\"font-size: small;\">12189<\/span><\/span><\/p>\n<\/td>\n<td width=\"368\">\n<p lang=\"es-AR\" align=\"JUSTIFY\"><span style=\"font-family: Arial, sans-serif;\"><span style=\"font-size: small;\">SOCIEDAD DE FOMENTO Y TURISMO LA GRUTA<\/span><\/span><\/p>\n<\/td>\n<td valign=\"BOTTOM\" width=\"160\">\n<p lang=\"es-AR\" align=\"JUSTIFY\"><span style=\"font-family: Arial, sans-serif;\"><span style=\"font-size: small;\">S.P.U <\/span><\/span><\/p>\n<\/td>\n<\/tr>\n<tr>\n<td width=\"84\" height=\"12\">\n<p lang=\"es-AR\" align=\"JUSTIFY\"><span style=\"font-family: Arial, sans-serif;\"><span style=\"font-size: small;\">12191<\/span><\/span><\/p>\n<\/td>\n<td width=\"368\">\n<p lang=\"es-AR\" align=\"JUSTIFY\"><span style=\"font-family: Arial, sans-serif;\"><span style=\"font-size: small;\">SOCIEDAD DE FOMENTO Y TURISMO LA GRUTA<\/span><\/span><\/p>\n<\/td>\n<td valign=\"BOTTOM\" width=\"160\">\n<p lang=\"es-AR\" align=\"JUSTIFY\"><span style=\"font-family: Arial, sans-serif;\"><span style=\"font-size: small;\">S.P.U <\/span><\/span><\/p>\n<\/td>\n<\/tr>\n<tr>\n<td width=\"84\" height=\"12\">\n<p lang=\"es-AR\" align=\"JUSTIFY\"><span style=\"font-family: Arial, sans-serif;\"><span style=\"font-size: small;\">12192<\/span><\/span><\/p>\n<\/td>\n<td width=\"368\">\n<p lang=\"es-AR\" align=\"JUSTIFY\"><span style=\"font-family: Arial, sans-serif;\"><span style=\"font-size: small;\">SOCIEDAD DE FOMENTO Y TURISMO LA GRUTA<\/span><\/span><\/p>\n<\/td>\n<td valign=\"BOTTOM\" width=\"160\">\n<p lang=\"es-AR\" align=\"JUSTIFY\"><span style=\"font-family: Arial, sans-serif;\"><span style=\"font-size: small;\">S.P.U <\/span><\/span><\/p>\n<\/td>\n<\/tr>\n<tr>\n<td width=\"84\" height=\"12\">\n<p lang=\"es-AR\" align=\"JUSTIFY\"><span style=\"font-family: Arial, sans-serif;\"><span style=\"font-size: small;\">4073<\/span><\/span><\/p>\n<\/td>\n<td width=\"368\">\n<p lang=\"es-AR\" align=\"JUSTIFY\"><span style=\"font-family: Arial, sans-serif;\"><span style=\"font-size: small;\">CLUB HIPICO Y SOCIAL LAS SIERRAS<\/span><\/span><\/p>\n<\/td>\n<td valign=\"BOTTOM\" width=\"160\">\n<p lang=\"es-AR\" align=\"JUSTIFY\"><span style=\"font-family: Arial, sans-serif;\"><span style=\"font-size: small;\">S.P.U <\/span><\/span><\/p>\n<\/td>\n<\/tr>\n<tr>\n<td width=\"84\" height=\"12\">\n<p lang=\"es-AR\" align=\"JUSTIFY\"><span style=\"font-family: Arial, sans-serif;\"><span style=\"font-size: small;\">4074<\/span><\/span><\/p>\n<\/td>\n<td width=\"368\">\n<p lang=\"es-AR\" align=\"JUSTIFY\"><span style=\"font-family: Arial, sans-serif;\"><span style=\"font-size: small;\">CLUB HIPICO Y SOCIAL LAS SIERRAS<\/span><\/span><\/p>\n<\/td>\n<td valign=\"BOTTOM\" width=\"160\">\n<p lang=\"es-AR\" align=\"JUSTIFY\"><span style=\"font-family: Arial, sans-serif;\"><span style=\"font-size: small;\">S.P.U <\/span><\/span><\/p>\n<\/td>\n<\/tr>\n<tr>\n<td width=\"84\" height=\"12\">\n<p lang=\"es-AR\" align=\"JUSTIFY\"><span style=\"font-family: Arial, sans-serif;\"><span style=\"font-size: small;\">4075<\/span><\/span><\/p>\n<\/td>\n<td width=\"368\">\n<p lang=\"es-AR\" align=\"JUSTIFY\"><span style=\"font-family: Arial, sans-serif;\"><span style=\"font-size: small;\">CLUB HIPICO Y SOCIAL LAS SIERRAS<\/span><\/span><\/p>\n<\/td>\n<td valign=\"BOTTOM\" width=\"160\">\n<p lang=\"es-AR\" align=\"JUSTIFY\"><span style=\"font-family: Arial, sans-serif;\"><span style=\"font-size: small;\">S.P.U. \/ Serv.Sanitario <\/span><\/span><\/p>\n<\/td>\n<\/tr>\n<tr>\n<td width=\"84\" height=\"12\">\n<p lang=\"es-AR\" align=\"JUSTIFY\"><span style=\"font-family: Arial, sans-serif;\"><span style=\"font-size: small;\">4076<\/span><\/span><\/p>\n<\/td>\n<td width=\"368\">\n<p lang=\"es-AR\" align=\"JUSTIFY\"><span style=\"font-family: Arial, sans-serif;\"><span style=\"font-size: small;\">CLUB HIPICO Y SOCIAL LAS SIERRAS<\/span><\/span><\/p>\n<\/td>\n<td valign=\"BOTTOM\" width=\"160\">\n<p lang=\"es-AR\" align=\"JUSTIFY\"><span style=\"font-family: Arial, sans-serif;\"><span style=\"font-size: small;\">S.P.U <\/span><\/span><\/p>\n<\/td>\n<\/tr>\n<tr>\n<td width=\"84\" height=\"12\">\n<p lang=\"es-AR\" align=\"JUSTIFY\"><span style=\"font-family: Arial, sans-serif;\"><span style=\"font-size: small;\">4077<\/span><\/span><\/p>\n<\/td>\n<td width=\"368\">\n<p lang=\"es-AR\" align=\"JUSTIFY\"><span style=\"font-family: Arial, sans-serif;\"><span style=\"font-size: small;\">CLUB HIPICO Y SOCIAL LAS SIERRAS<\/span><\/span><\/p>\n<\/td>\n<td valign=\"BOTTOM\" width=\"160\">\n<p lang=\"es-AR\" align=\"JUSTIFY\"><span style=\"font-family: Arial, sans-serif;\"><span style=\"font-size: small;\">S.P.U <\/span><\/span><\/p>\n<\/td>\n<\/tr>\n<tr>\n<td width=\"84\" height=\"12\">\n<p lang=\"es-AR\" align=\"JUSTIFY\"><span style=\"font-family: Arial, sans-serif;\"><span style=\"font-size: small;\">1476<\/span><\/span><\/p>\n<\/td>\n<td width=\"368\">\n<p lang=\"es-AR\" align=\"JUSTIFY\"><span style=\"font-family: Arial, sans-serif;\"><span style=\"font-size: small;\">CLUB HIPICO Y SOCIAL LAS SIERRAS<\/span><\/span><\/p>\n<\/td>\n<td valign=\"BOTTOM\" width=\"160\">\n<p lang=\"es-AR\" align=\"JUSTIFY\"><span style=\"font-family: Arial, sans-serif;\"><span style=\"font-size: small;\">S.P.U <\/span><\/span><\/p>\n<\/td>\n<\/tr>\n<tr>\n<td width=\"84\" height=\"12\">\n<p lang=\"es-AR\" align=\"JUSTIFY\"><span style=\"font-family: Arial, sans-serif;\"><span style=\"font-size: small;\">1119<\/span><\/span><\/p>\n<\/td>\n<td width=\"368\">\n<p lang=\"es-AR\" align=\"JUSTIFY\"><span style=\"font-family: Arial, sans-serif;\"><span style=\"font-size: small;\">CLUB HIPICO Y SOCIAL LAS SIERRAS<\/span><\/span><\/p>\n<\/td>\n<td valign=\"BOTTOM\" width=\"160\">\n<p lang=\"es-AR\" align=\"JUSTIFY\"><span style=\"font-family: Arial, sans-serif;\"><span style=\"font-size: small;\">S.P.U <\/span><\/span><\/p>\n<\/td>\n<\/tr>\n<tr>\n<td width=\"84\" height=\"12\">\n<p lang=\"es-AR\" align=\"JUSTIFY\"><span style=\"font-family: Arial, sans-serif;\"><span style=\"font-size: small;\">1011<\/span><\/span><\/p>\n<\/td>\n<td width=\"368\">\n<p lang=\"es-AR\" align=\"JUSTIFY\"><span style=\"font-family: Arial, sans-serif;\"><span style=\"font-size: small;\">CLUB HIPICO Y SOCIAL LAS SIERRAS<\/span><\/span><\/p>\n<\/td>\n<td valign=\"BOTTOM\" width=\"160\">\n<p lang=\"es-AR\" align=\"JUSTIFY\"><span style=\"font-family: Arial, sans-serif;\"><span style=\"font-size: small;\">S.P.U. \/ Serv.Sanitario <\/span><\/span><\/p>\n<\/td>\n<\/tr>\n<tr>\n<td width=\"84\" height=\"12\">\n<p lang=\"es-AR\" align=\"JUSTIFY\"><span style=\"font-family: Arial, sans-serif;\"><span style=\"font-size: small;\">1702<\/span><\/span><\/p>\n<\/td>\n<td width=\"368\">\n<p lang=\"es-AR\" align=\"JUSTIFY\"><span style=\"font-family: Arial, sans-serif;\"><span style=\"font-size: small;\">SOCIEDAD GERMANICA<\/span><\/span><\/p>\n<\/td>\n<td valign=\"BOTTOM\" width=\"160\">\n<p lang=\"es-AR\" align=\"JUSTIFY\"><span style=\"font-family: Arial, sans-serif;\"><span style=\"font-size: small;\">S.P.U. \/ Serv.Sanitario <\/span><\/span><\/p>\n<\/td>\n<\/tr>\n<tr>\n<td width=\"84\" height=\"12\">\n<p lang=\"es-AR\" align=\"JUSTIFY\"><span style=\"font-family: Arial, sans-serif;\"><span style=\"font-size: small;\">3774<\/span><\/span><\/p>\n<\/td>\n<td width=\"368\">\n<p lang=\"es-AR\" align=\"JUSTIFY\"><span style=\"font-family: Arial, sans-serif;\"><span style=\"font-size: small;\">SOCIEDAD GERMANICA<\/span><\/span><\/p>\n<\/td>\n<td valign=\"BOTTOM\" width=\"160\">\n<p lang=\"es-AR\" align=\"JUSTIFY\"><span style=\"font-family: Arial, sans-serif;\"><span style=\"font-size: small;\">S.P.U. \/ Serv.Sanitario <\/span><\/span><\/p>\n<\/td>\n<\/tr>\n<tr>\n<td width=\"84\" height=\"12\">\n<p lang=\"es-AR\" align=\"JUSTIFY\"><span style=\"font-family: Arial, sans-serif;\"><span style=\"font-size: small;\">13678<\/span><\/span><\/p>\n<\/td>\n<td width=\"368\">\n<p lang=\"es-AR\" align=\"JUSTIFY\"><span style=\"font-family: Arial, sans-serif;\"><span style=\"font-size: small;\">CLUB AUTOMOTO<\/span><\/span><\/p>\n<\/td>\n<td valign=\"BOTTOM\" width=\"160\">\n<p lang=\"es-AR\" align=\"JUSTIFY\"><span style=\"font-family: Arial, sans-serif;\"><span style=\"font-size: small;\">S.P.U <\/span><\/span><\/p>\n<\/td>\n<\/tr>\n<tr>\n<td width=\"84\" height=\"12\">\n<p lang=\"es-AR\" align=\"JUSTIFY\"><span style=\"font-family: Arial, sans-serif;\"><span style=\"font-size: small;\">13679<\/span><\/span><\/p>\n<\/td>\n<td width=\"368\">\n<p lang=\"es-AR\" align=\"JUSTIFY\"><span style=\"font-family: Arial, sans-serif;\"><span style=\"font-size: small;\">CLUB AUTOMOTO<\/span><\/span><\/p>\n<\/td>\n<td valign=\"BOTTOM\" width=\"160\">\n<p lang=\"es-AR\" align=\"JUSTIFY\"><span style=\"font-family: Arial, sans-serif;\"><span style=\"font-size: small;\">S.P.U <\/span><\/span><\/p>\n<\/td>\n<\/tr>\n<tr>\n<td width=\"84\" height=\"12\">\n<p lang=\"es-AR\" align=\"JUSTIFY\"><span style=\"font-family: Arial, sans-serif;\"><span style=\"font-size: small;\">4154<\/span><\/span><\/p>\n<\/td>\n<td width=\"368\">\n<p lang=\"es-AR\" align=\"JUSTIFY\"><span style=\"font-family: Arial, sans-serif;\"><span style=\"font-size: small;\">EST.POLICIA COMUNAL TORNQUIST<\/span><\/span><\/p>\n<\/td>\n<td valign=\"BOTTOM\" width=\"160\">\n<p lang=\"es-AR\" align=\"JUSTIFY\"><span style=\"font-family: Arial, sans-serif;\"><span style=\"font-size: small;\">S.P.U. \/ Serv.Sanitario <\/span><\/span><\/p>\n<\/td>\n<\/tr>\n<tr>\n<td width=\"84\" height=\"12\">\n<p lang=\"es-AR\" align=\"JUSTIFY\"><span style=\"font-family: Arial, sans-serif;\"><span style=\"font-size: small;\">230<\/span><\/span><\/p>\n<\/td>\n<td width=\"368\">\n<p lang=\"es-AR\" align=\"JUSTIFY\"><span style=\"font-family: Arial, sans-serif;\"><span style=\"font-size: small;\">SUBESTACION POLICIAL S. DE LA VENTANA<\/span><\/span><\/p>\n<\/td>\n<td valign=\"BOTTOM\" width=\"160\">\n<p lang=\"es-AR\" align=\"JUSTIFY\"><span style=\"font-family: Arial, sans-serif;\"><span style=\"font-size: small;\">S.P.U. \/ Serv.Sanitario <\/span><\/span><\/p>\n<\/td>\n<\/tr>\n<tr>\n<td width=\"84\" height=\"12\">\n<p lang=\"es-AR\" align=\"JUSTIFY\"><span style=\"font-family: Arial, sans-serif;\"><span style=\"font-size: small;\">13592 A<\/span><\/span><\/p>\n<\/td>\n<td width=\"368\">\n<p lang=\"es-AR\" align=\"JUSTIFY\"><span style=\"font-family: Arial, sans-serif;\"><span style=\"font-size: small;\">SUBESTACION POLICIAL CHASICO<\/span><\/span><\/p>\n<\/td>\n<td valign=\"BOTTOM\" width=\"160\">\n<p lang=\"es-AR\" align=\"JUSTIFY\"><span style=\"font-family: Arial, sans-serif;\"><span style=\"font-size: small;\">S.P.U. \/ Serv.Sanitario <\/span><\/span><\/p>\n<\/td>\n<\/tr>\n<tr>\n<td width=\"84\" height=\"12\">\n<p lang=\"es-AR\" align=\"JUSTIFY\"><span style=\"font-family: Arial, sans-serif;\"><span style=\"font-size: small;\">4024<\/span><\/span><\/p>\n<\/td>\n<td width=\"368\">\n<p lang=\"es-AR\" align=\"JUSTIFY\"><span style=\"font-family: Arial, sans-serif;\"><span style=\"font-size: small;\">JARDIN DE INFANTES NRO. 907<\/span><\/span><\/p>\n<\/td>\n<td valign=\"BOTTOM\" width=\"160\">\n<p lang=\"es-AR\" align=\"JUSTIFY\"><span style=\"font-family: Arial, sans-serif;\"><span style=\"font-size: small;\">S.P.U. \/ Serv.Sanitario <\/span><\/span><\/p>\n<\/td>\n<\/tr>\n<tr>\n<td width=\"84\" height=\"12\">\n<p lang=\"es-AR\" align=\"JUSTIFY\"><span style=\"font-family: Arial, sans-serif;\"><span style=\"font-size: small;\">2075<\/span><\/span><\/p>\n<\/td>\n<td width=\"368\">\n<p lang=\"es-AR\" align=\"JUSTIFY\"><span style=\"font-family: Arial, sans-serif;\"><span style=\"font-size: small;\">SALA DE PRIMEROS AUXILIOS<\/span><\/span><\/p>\n<\/td>\n<td valign=\"BOTTOM\" width=\"160\">\n<p lang=\"es-AR\" align=\"JUSTIFY\"><span style=\"font-family: Arial, sans-serif;\"><span style=\"font-size: small;\">S.P.U. \/ Serv.Sanitario <\/span><\/span><\/p>\n<\/td>\n<\/tr>\n<tr>\n<td width=\"84\" height=\"12\">\n<p lang=\"es-AR\" align=\"JUSTIFY\"><span style=\"font-family: Arial, sans-serif;\"><span style=\"font-size: small;\">9225<\/span><\/span><\/p>\n<\/td>\n<td width=\"368\">\n<p lang=\"es-AR\" align=\"JUSTIFY\"><span style=\"font-family: Arial, sans-serif;\"><span style=\"font-size: small;\">GALPON DE RECICLADO<\/span><\/span><\/p>\n<\/td>\n<td valign=\"BOTTOM\" width=\"160\">\n<p lang=\"es-AR\" align=\"JUSTIFY\"><span style=\"font-family: Arial, sans-serif;\"><span style=\"font-size: small;\">S.P.U <\/span><\/span><\/p>\n<\/td>\n<\/tr>\n<tr>\n<td width=\"84\" height=\"12\">\n<p lang=\"es-AR\" align=\"JUSTIFY\"><span style=\"font-family: Arial, sans-serif;\"><span style=\"font-size: small;\">9226<\/span><\/span><\/p>\n<\/td>\n<td width=\"368\">\n<p lang=\"es-AR\" align=\"JUSTIFY\"><span style=\"font-family: Arial, sans-serif;\"><span style=\"font-size: small;\">GALPON DE RECICLADO<\/span><\/span><\/p>\n<\/td>\n<td valign=\"BOTTOM\" width=\"160\">\n<p lang=\"es-AR\" align=\"JUSTIFY\"><span style=\"font-family: Arial, sans-serif;\"><span style=\"font-size: small;\">S.P.U. \/ Serv.Sanitario <\/span><\/span><\/p>\n<\/td>\n<\/tr>\n<tr>\n<td width=\"84\" height=\"12\">\n<p lang=\"es-AR\" align=\"JUSTIFY\"><span style=\"font-family: Arial, sans-serif;\"><span style=\"font-size: small;\">4130<\/span><\/span><\/p>\n<\/td>\n<td width=\"368\">\n<p lang=\"es-AR\" align=\"JUSTIFY\"><span style=\"font-family: Arial, sans-serif;\"><span style=\"font-size: small;\">SINDICATO MUNICIPAL<\/span><\/span><\/p>\n<\/td>\n<td valign=\"BOTTOM\" width=\"160\">\n<p lang=\"es-AR\" align=\"JUSTIFY\"><span style=\"font-family: Arial, sans-serif;\"><span style=\"font-size: small;\">S.P.U. \/ Serv.Sanitario <\/span><\/span><\/p>\n<\/td>\n<\/tr>\n<tr>\n<td width=\"84\" height=\"12\">\n<p lang=\"es-AR\" align=\"JUSTIFY\"><span style=\"font-family: Arial, sans-serif;\"><span style=\"font-size: small;\">13955<\/span><\/span><\/p>\n<\/td>\n<td width=\"368\">\n<p lang=\"es-AR\" align=\"JUSTIFY\"><span style=\"font-family: Arial, sans-serif;\"><span style=\"font-size: small;\">BIBLIOTECA CHASICO<\/span><\/span><\/p>\n<\/td>\n<td valign=\"BOTTOM\" width=\"160\">\n<p lang=\"es-AR\" align=\"JUSTIFY\"><span style=\"font-family: Arial, sans-serif;\"><span style=\"font-size: small;\">S.P.U. \/ Serv.Sanitario <\/span><\/span><\/p>\n<\/td>\n<\/tr>\n<tr>\n<td width=\"84\" height=\"12\">\n<p lang=\"es-AR\" align=\"JUSTIFY\"><span style=\"font-family: Arial, sans-serif;\"><span style=\"font-size: small;\">10784<\/span><\/span><\/p>\n<\/td>\n<td width=\"368\">\n<p lang=\"es-AR\" align=\"JUSTIFY\"><span style=\"font-family: Arial, sans-serif;\"><span style=\"font-size: small;\">ASOCIAC. MUTUAL TRAB.DE LA COMUNICACION<\/span><\/span><\/p>\n<\/td>\n<td valign=\"BOTTOM\" width=\"160\">\n<p lang=\"es-AR\" align=\"JUSTIFY\"><span style=\"font-family: Arial, sans-serif;\"><span style=\"font-size: small;\">S.P.U. \/ Serv.Sanitario <\/span><\/span><\/p>\n<\/td>\n<\/tr>\n<tr>\n<td width=\"84\" height=\"12\">\n<p lang=\"es-AR\" align=\"JUSTIFY\"><span style=\"font-family: Arial, sans-serif;\"><span style=\"font-size: small;\">1738<\/span><\/span><\/p>\n<\/td>\n<td width=\"368\">\n<p lang=\"es-AR\" align=\"JUSTIFY\"><span style=\"font-family: Arial, sans-serif;\"><span style=\"font-size: small;\">AERO CLUB SALDUNGARAY<\/span><\/span><\/p>\n<\/td>\n<td valign=\"BOTTOM\" width=\"160\">\n<p lang=\"es-AR\" align=\"JUSTIFY\"><span style=\"font-family: Arial, sans-serif;\"><span style=\"font-size: small;\">S.P.U <\/span><\/span><\/p>\n<\/td>\n<\/tr>\n<tr>\n<td width=\"84\" height=\"12\">\n<p lang=\"es-AR\" align=\"JUSTIFY\"><span style=\"font-family: Arial, sans-serif;\"><span style=\"font-size: small;\">7282<\/span><\/span><\/p>\n<\/td>\n<td width=\"368\">\n<p lang=\"es-AR\" align=\"JUSTIFY\"><span style=\"font-family: Arial, sans-serif;\"><span style=\"font-size: small;\">AERO CLUB SALDUNGARAY<\/span><\/span><\/p>\n<\/td>\n<td valign=\"BOTTOM\" width=\"160\">\n<p lang=\"es-AR\" align=\"JUSTIFY\"><span style=\"font-family: Arial, sans-serif;\"><span style=\"font-size: small;\">S.P.U <\/span><\/span><\/p>\n<\/td>\n<\/tr>\n<tr>\n<td width=\"84\" height=\"12\">\n<p lang=\"es-AR\" align=\"JUSTIFY\"><span style=\"font-family: Arial, sans-serif;\"><span style=\"font-size: small;\">13361<\/span><\/span><\/p>\n<\/td>\n<td width=\"368\">\n<p lang=\"es-AR\" align=\"JUSTIFY\"><span style=\"font-family: Arial, sans-serif;\"><span style=\"font-size: small;\">BOMBEROS VOLUNTARIOS DE CHASICO<\/span><\/span><\/p>\n<\/td>\n<td valign=\"BOTTOM\" width=\"160\">\n<p lang=\"es-AR\" align=\"JUSTIFY\"><span style=\"font-family: Arial, sans-serif;\"><span style=\"font-size: small;\">S.P.U. \/ Serv.Sanitario <\/span><\/span><\/p>\n<\/td>\n<\/tr>\n<tr>\n<td width=\"84\" height=\"12\">\n<p lang=\"es-AR\" align=\"JUSTIFY\"><span style=\"font-family: Arial, sans-serif;\"><span style=\"font-size: small;\">10313<\/span><\/span><\/p>\n<\/td>\n<td width=\"368\">\n<p lang=\"es-AR\" align=\"JUSTIFY\"><span style=\"font-family: Arial, sans-serif;\"><span style=\"font-size: small;\">BOMBEROS VOLUNTARIOS DE CHASICO<\/span><\/span><\/p>\n<\/td>\n<td valign=\"BOTTOM\" width=\"160\">\n<p lang=\"es-ES\" align=\"JUSTIFY\"><span style=\"font-family: Times New Roman, serif;\"><span style=\"font-size: medium;\"><span style=\"font-family: Arial, sans-serif;\"><span style=\"font-size: small;\"><span lang=\"es-AR\">Serv. Sanitario <\/span><\/span><\/span><\/span><\/span><\/p>\n<\/td>\n<\/tr>\n<tr>\n<td width=\"84\" height=\"12\">\n<p lang=\"es-AR\" align=\"JUSTIFY\"><span style=\"font-family: Arial, sans-serif;\"><span style=\"font-size: small;\">7937<\/span><\/span><\/p>\n<\/td>\n<td width=\"368\">\n<p lang=\"es-AR\" align=\"JUSTIFY\"><span style=\"font-family: Arial, sans-serif;\"><span style=\"font-size: small;\">CENTRO DE JUBILADOS VILLA VENTANA<\/span><\/span><\/p>\n<\/td>\n<td valign=\"BOTTOM\" width=\"160\">\n<p lang=\"es-AR\" align=\"JUSTIFY\"><span style=\"font-family: Arial, sans-serif;\"><span style=\"font-size: small;\">S.P.U. \/ Serv.Sanitario <\/span><\/span><\/p>\n<\/td>\n<\/tr>\n<tr>\n<td width=\"84\" height=\"12\">\n<p lang=\"es-AR\" align=\"JUSTIFY\"><span style=\"font-family: Arial, sans-serif;\"><span style=\"font-size: small;\">897-1<\/span><\/span><\/p>\n<\/td>\n<td width=\"368\">\n<p lang=\"es-AR\" align=\"JUSTIFY\"><span style=\"font-family: Arial, sans-serif;\"><span style=\"font-size: small;\">CENTRO DE JUBILADOS Y PENSIONADOS<\/span><\/span><\/p>\n<\/td>\n<td valign=\"BOTTOM\" width=\"160\">\n<p lang=\"es-AR\" align=\"JUSTIFY\"><span style=\"font-family: Arial, sans-serif;\"><span style=\"font-size: small;\">Seg. E Higiene <\/span><\/span><\/p>\n<\/td>\n<\/tr>\n<tr>\n<td width=\"84\" height=\"12\">\n<p lang=\"es-AR\" align=\"JUSTIFY\"><span style=\"font-family: Arial, sans-serif;\"><span style=\"font-size: small;\">1017-1<\/span><\/span><\/p>\n<\/td>\n<td width=\"368\">\n<p lang=\"es-AR\" align=\"JUSTIFY\"><span style=\"font-family: Arial, sans-serif;\"><span style=\"font-size: small;\">CENTRO DE DIA<\/span><\/span><\/p>\n<\/td>\n<td valign=\"BOTTOM\" width=\"160\">\n<p lang=\"es-AR\" align=\"JUSTIFY\"><span style=\"font-family: Arial, sans-serif;\"><span style=\"font-size: small;\">Seg. E Higiene <\/span><\/span><\/p>\n<\/td>\n<\/tr>\n<tr>\n<td width=\"84\" height=\"12\">\n<p lang=\"es-AR\" align=\"JUSTIFY\"><span style=\"font-family: Arial, sans-serif;\"><span style=\"font-size: small;\">617-1<\/span><\/span><\/p>\n<\/td>\n<td width=\"368\">\n<p lang=\"es-AR\" align=\"JUSTIFY\"><span style=\"font-family: Arial, sans-serif;\"><span style=\"font-size: small;\">CLUB UNION<\/span><\/span><\/p>\n<\/td>\n<td valign=\"BOTTOM\" width=\"160\">\n<p lang=\"es-AR\" align=\"JUSTIFY\"><span style=\"font-family: Arial, sans-serif;\"><span style=\"font-size: small;\">Seg. E Higiene <\/span><\/span><\/p>\n<\/td>\n<\/tr>\n<tr>\n<td width=\"84\" height=\"12\">\n<p lang=\"es-AR\" align=\"JUSTIFY\"><span style=\"font-family: Arial, sans-serif;\"><span style=\"font-size: small;\">616-1<\/span><\/span><\/p>\n<\/td>\n<td width=\"368\">\n<p lang=\"es-AR\" align=\"JUSTIFY\"><span style=\"font-family: Arial, sans-serif;\"><span style=\"font-size: small;\">AUTOMOTO CLUB DEPORTIVO<\/span><\/span><\/p>\n<\/td>\n<td valign=\"BOTTOM\" width=\"160\">\n<p lang=\"es-AR\" align=\"JUSTIFY\"><span style=\"font-family: Arial, sans-serif;\"><span style=\"font-size: small;\">Seg. E Higiene <\/span><\/span><\/p>\n<\/td>\n<\/tr>\n<tr>\n<td width=\"84\" height=\"12\">\n<p lang=\"es-AR\" align=\"JUSTIFY\"><span style=\"font-family: Arial, sans-serif;\"><span style=\"font-size: small;\">502-5<\/span><\/span><\/p>\n<\/td>\n<td width=\"368\">\n<p lang=\"es-AR\" align=\"JUSTIFY\"><span style=\"font-family: Arial, sans-serif;\"><span style=\"font-size: small;\">CLUB ATLETICO VENTANA<\/span><\/span><\/p>\n<\/td>\n<td valign=\"BOTTOM\" width=\"160\">\n<p lang=\"es-AR\" align=\"JUSTIFY\"><span style=\"font-family: Arial, sans-serif;\"><span style=\"font-size: small;\">Seg. E Higiene <\/span><\/span><\/p>\n<\/td>\n<\/tr>\n<tr>\n<td width=\"84\" height=\"12\">\n<p lang=\"es-AR\" align=\"JUSTIFY\"><span style=\"font-family: Arial, sans-serif;\"><span style=\"font-size: small;\">1137-1<\/span><\/span><\/p>\n<\/td>\n<td width=\"368\">\n<p lang=\"es-AR\" align=\"JUSTIFY\"><span style=\"font-family: Arial, sans-serif;\"><span style=\"font-size: small;\">JUNTA VECINAL BARRIO SUR<\/span><\/span><\/p>\n<\/td>\n<td valign=\"BOTTOM\" width=\"160\">\n<p lang=\"es-AR\" align=\"JUSTIFY\"><span style=\"font-family: Arial, sans-serif;\"><span style=\"font-size: small;\">Seg. E Higiene <\/span><\/span><\/p>\n<\/td>\n<\/tr>\n<tr>\n<td width=\"84\" height=\"11\">\n<p lang=\"es-AR\" align=\"JUSTIFY\"><span style=\"font-family: Arial, sans-serif;\"><span style=\"font-size: small;\">214-7<\/span><\/span><\/p>\n<\/td>\n<td width=\"368\">\n<p lang=\"es-AR\" align=\"JUSTIFY\"><span style=\"font-family: Arial, sans-serif;\"><span style=\"font-size: small;\">ASOC. FOMENTO VILLA VENTANA<\/span><\/span><\/p>\n<\/td>\n<td valign=\"BOTTOM\" width=\"160\">\n<p lang=\"es-AR\" align=\"JUSTIFY\"><span style=\"font-family: Arial, sans-serif;\"><span style=\"font-size: small;\">Seg. E Higiene <\/span><\/span><\/p>\n<\/td>\n<\/tr>\n<\/tbody>\n<\/table>\n<p align=\"JUSTIFY\"><span style=\"font-family: Arial, sans-serif;\"><span style=\"font-size: medium;\"><span lang=\"es-ES\"><u><b>Expte. N\u00ba 137\/23:<\/b><\/u><\/span><\/span><\/span><span style=\"font-family: Arial, sans-serif;\"><span style=\"font-size: medium;\"><span lang=\"es-ES\"> &#8211; Solicitud de exenci\u00f3n de Tasas Municipales \u2013 Instituciones Religiosas del Distrito.<\/span><\/span><\/span><\/p>\n<p lang=\"es-AR\" align=\"JUSTIFY\"><span style=\"font-family: Arial, sans-serif;\"><span style=\"font-size: medium;\">Se solicita tratamiento sobre Tablas.<\/span><\/span><\/p>\n<p lang=\"es-ES\" align=\"JUSTIFY\"><span style=\"font-family: Times New Roman, serif;\"><span style=\"font-size: medium;\"><span style=\"font-family: Arial, sans-serif;\"><span lang=\"es-AR\">Se aprueba por unanimidad la Ordenanza N\u00ba 3635\/23 por la que se exime para el ejercicio 2023 del pago de las siguientes Tasas municipales, previstas en el C\u00f3digo Municipal Tributario Vigente: Tasa por Servicios P\u00fablicos Urbanos, Tasa de Salud y Servicios Sanitarios correspondientes a instituciones religiosas, seg\u00fan el siguiente detalle:<\/span><\/span><\/span><\/span><\/p>\n<dl>\n<dd>\n<table border=\"1\" width=\"559\" cellspacing=\"0\" cellpadding=\"5\">\n<tbody>\n<tr>\n<td width=\"131\" height=\"8\">\n<p lang=\"es-AR\" align=\"JUSTIFY\"><span style=\"font-family: Arial, sans-serif;\"><span style=\"font-size: medium;\"><b>Partida Nro. <\/b><\/span><\/span><\/p>\n<\/td>\n<td width=\"406\">\n<p lang=\"es-AR\" align=\"JUSTIFY\"><span style=\"font-family: Arial, sans-serif;\"><span style=\"font-size: medium;\"><b>Nombre<\/b><\/span><\/span><\/p>\n<\/td>\n<\/tr>\n<tr>\n<td width=\"131\" height=\"9\">\n<p lang=\"es-AR\" align=\"JUSTIFY\"><span style=\"font-family: Arial, sans-serif;\"><span style=\"font-size: medium;\">521<\/span><\/span><\/p>\n<\/td>\n<td valign=\"BOTTOM\" width=\"406\">\n<p lang=\"es-AR\" align=\"JUSTIFY\"><span style=\"font-family: Arial, sans-serif;\"><span style=\"font-size: medium;\">IGLESIA BAUTISTA<\/span><\/span><\/p>\n<\/td>\n<\/tr>\n<tr>\n<td width=\"131\" height=\"9\">\n<p lang=\"es-AR\" align=\"JUSTIFY\"><span style=\"font-family: Arial, sans-serif;\"><span style=\"font-size: medium;\">832<\/span><\/span><\/p>\n<\/td>\n<td valign=\"BOTTOM\" width=\"406\">\n<p lang=\"es-AR\" align=\"JUSTIFY\"><span style=\"font-family: Arial, sans-serif;\"><span style=\"font-size: medium;\">RELIGION CRISTIANA ARGENTINA<\/span><\/span><\/p>\n<\/td>\n<\/tr>\n<tr>\n<td width=\"131\" height=\"9\">\n<p lang=\"es-AR\" align=\"JUSTIFY\"><span style=\"font-family: Arial, sans-serif;\"><span style=\"font-size: medium;\">1161<\/span><\/span><\/p>\n<\/td>\n<td valign=\"BOTTOM\" width=\"406\">\n<p lang=\"es-AR\" align=\"JUSTIFY\"><span style=\"font-family: Arial, sans-serif;\"><span style=\"font-size: medium;\">TESTIGOS JEHOVA<\/span><\/span><\/p>\n<\/td>\n<\/tr>\n<tr>\n<td width=\"131\" height=\"9\">\n<p lang=\"es-AR\" align=\"JUSTIFY\"><span style=\"font-family: Arial, sans-serif;\"><span style=\"font-size: medium;\">4162<\/span><\/span><\/p>\n<\/td>\n<td valign=\"BOTTOM\" width=\"406\">\n<p lang=\"es-AR\" align=\"JUSTIFY\"><span style=\"font-family: Arial, sans-serif;\"><span style=\"font-size: medium;\">IGLESIA EVANGELICA UNION PENTECOSTAL<\/span><\/span><\/p>\n<\/td>\n<\/tr>\n<tr>\n<td width=\"131\" height=\"9\">\n<p lang=\"es-AR\" align=\"JUSTIFY\"><span style=\"font-family: Arial, sans-serif;\"><span style=\"font-size: medium;\">8006<\/span><\/span><\/p>\n<\/td>\n<td valign=\"BOTTOM\" width=\"406\">\n<p lang=\"es-AR\" align=\"JUSTIFY\"><span style=\"font-family: Arial, sans-serif;\"><span style=\"font-size: medium;\">HIJOS MARIA INMACULADA<\/span><\/span><\/p>\n<\/td>\n<\/tr>\n<tr>\n<td width=\"131\" height=\"9\">\n<p lang=\"es-AR\" align=\"JUSTIFY\"><span style=\"font-family: Arial, sans-serif;\"><span style=\"font-size: medium;\">8007<\/span><\/span><\/p>\n<\/td>\n<td valign=\"BOTTOM\" width=\"406\">\n<p lang=\"es-AR\" align=\"JUSTIFY\"><span style=\"font-family: Arial, sans-serif;\"><span style=\"font-size: medium;\">IGLESIA EVANGELICA METODISTA<\/span><\/span><\/p>\n<\/td>\n<\/tr>\n<tr>\n<td width=\"131\" height=\"9\">\n<p lang=\"es-AR\" align=\"JUSTIFY\"><span style=\"font-family: Arial, sans-serif;\"><span style=\"font-size: medium;\">8622<\/span><\/span><\/p>\n<\/td>\n<td valign=\"BOTTOM\" width=\"406\">\n<p lang=\"es-AR\" align=\"JUSTIFY\"><span style=\"font-family: Arial, sans-serif;\"><span style=\"font-size: medium;\">MINISTERIO DEL ALTISIMO<\/span><\/span><\/p>\n<\/td>\n<\/tr>\n<tr>\n<td width=\"131\" height=\"9\">\n<p lang=\"es-AR\" align=\"JUSTIFY\"><span style=\"font-family: Arial, sans-serif;\"><span style=\"font-size: medium;\">8749<\/span><\/span><\/p>\n<\/td>\n<td valign=\"BOTTOM\" width=\"406\">\n<p lang=\"es-AR\" align=\"JUSTIFY\"><span style=\"font-family: Arial, sans-serif;\"><span style=\"font-size: medium;\">MOVIMIENTO CRISTIANO Y MISIONERO<\/span><\/span><\/p>\n<\/td>\n<\/tr>\n<tr>\n<td width=\"131\" height=\"9\">\n<p lang=\"es-AR\" align=\"JUSTIFY\"><span style=\"font-family: Arial, sans-serif;\"><span style=\"font-size: medium;\">9587<\/span><\/span><\/p>\n<\/td>\n<td valign=\"BOTTOM\" width=\"406\">\n<p lang=\"es-AR\" align=\"JUSTIFY\"><span style=\"font-family: Arial, sans-serif;\"><span style=\"font-size: medium;\">IGLESIA EVANGELICA UNION PENTECOSTAL<\/span><\/span><\/p>\n<\/td>\n<\/tr>\n<tr>\n<td width=\"131\" height=\"9\">\n<p lang=\"es-AR\" align=\"JUSTIFY\"><span style=\"font-family: Arial, sans-serif;\"><span style=\"font-size: medium;\">10225<\/span><\/span><\/p>\n<\/td>\n<td valign=\"BOTTOM\" width=\"406\">\n<p lang=\"es-AR\" align=\"JUSTIFY\"><span style=\"font-family: Arial, sans-serif;\"><span style=\"font-size: medium;\">IGLESIA EVANGELICA UNION PENTECOSTAL<\/span><\/span><\/p>\n<\/td>\n<\/tr>\n<tr>\n<td width=\"131\" height=\"9\">\n<p lang=\"es-AR\" align=\"JUSTIFY\"><span style=\"font-family: Arial, sans-serif;\"><span style=\"font-size: medium;\">13317<\/span><\/span><\/p>\n<\/td>\n<td valign=\"BOTTOM\" width=\"406\">\n<p lang=\"es-AR\" align=\"JUSTIFY\"><span style=\"font-family: Arial, sans-serif;\"><span style=\"font-size: medium;\">IGLESIA PENTESCOSTAL ARGENTINA<\/span><\/span><\/p>\n<\/td>\n<\/tr>\n<tr>\n<td width=\"131\" height=\"9\">\n<p lang=\"es-AR\" align=\"JUSTIFY\"><span style=\"font-family: Arial, sans-serif;\"><span style=\"font-size: medium;\">7512<\/span><\/span><\/p>\n<\/td>\n<td valign=\"BOTTOM\" width=\"406\">\n<p lang=\"es-AR\" align=\"JUSTIFY\"><span style=\"font-family: Arial, sans-serif;\"><span style=\"font-size: medium;\">ASOCIACION HIJOS MARIA INMACULADAS<\/span><\/span><\/p>\n<\/td>\n<\/tr>\n<tr>\n<td width=\"131\" height=\"9\">\n<p lang=\"es-AR\" align=\"JUSTIFY\"><span style=\"font-family: Arial, sans-serif;\"><span style=\"font-size: medium;\">15486<\/span><\/span><\/p>\n<\/td>\n<td valign=\"BOTTOM\" width=\"406\">\n<p lang=\"es-AR\" align=\"JUSTIFY\"><span style=\"font-family: Arial, sans-serif;\"><span style=\"font-size: medium;\">SANTUARIO FATIMA <\/span><\/span><\/p>\n<\/td>\n<\/tr>\n<tr>\n<td width=\"131\" height=\"9\">\n<p lang=\"es-AR\" align=\"JUSTIFY\"><span style=\"font-family: Arial, sans-serif;\"><span style=\"font-size: medium;\">16015<\/span><\/span><\/p>\n<\/td>\n<td valign=\"BOTTOM\" width=\"406\">\n<p lang=\"es-AR\" align=\"JUSTIFY\"><span style=\"font-family: Arial, sans-serif;\"><span style=\"font-size: medium;\">CAPILLA CALVARIO<\/span><\/span><\/p>\n<\/td>\n<\/tr>\n<tr>\n<td width=\"131\" height=\"9\">\n<p lang=\"es-AR\" align=\"JUSTIFY\"><span style=\"font-family: Arial, sans-serif;\"><span style=\"font-size: medium;\">13589<\/span><\/span><\/p>\n<\/td>\n<td valign=\"BOTTOM\" width=\"406\">\n<p lang=\"es-AR\" align=\"JUSTIFY\"><span style=\"font-family: Arial, sans-serif;\"><span style=\"font-size: medium;\">CAPILLA CHASICO<\/span><\/span><\/p>\n<\/td>\n<\/tr>\n<tr>\n<td width=\"131\" height=\"9\">\n<p lang=\"es-AR\" align=\"JUSTIFY\"><span style=\"font-family: Arial, sans-serif;\"><span style=\"font-size: medium;\">8673<\/span><\/span><\/p>\n<\/td>\n<td valign=\"BOTTOM\" width=\"406\">\n<p lang=\"es-AR\" align=\"JUSTIFY\"><span style=\"font-family: Arial, sans-serif;\"><span style=\"font-size: medium;\">ASOCIACION HIJOS MARIA INMACULADAS<\/span><\/span><\/p>\n<\/td>\n<\/tr>\n<tr>\n<td width=\"131\" height=\"9\">\n<p lang=\"es-AR\" align=\"JUSTIFY\"><span style=\"font-family: Arial, sans-serif;\"><span style=\"font-size: medium;\">7513<\/span><\/span><\/p>\n<\/td>\n<td valign=\"BOTTOM\" width=\"406\">\n<p lang=\"es-AR\" align=\"JUSTIFY\"><span style=\"font-family: Arial, sans-serif;\"><span style=\"font-size: medium;\">ASOCIACION HIJOS MARIA INMACULADAS<\/span><\/span><\/p>\n<\/td>\n<\/tr>\n<tr>\n<td width=\"131\" height=\"9\">\n<p lang=\"es-AR\" align=\"JUSTIFY\"><span style=\"font-family: Arial, sans-serif;\"><span style=\"font-size: medium;\">7514<\/span><\/span><\/p>\n<\/td>\n<td valign=\"BOTTOM\" width=\"406\">\n<p lang=\"es-AR\" align=\"JUSTIFY\"><span style=\"font-family: Arial, sans-serif;\"><span style=\"font-size: medium;\">ASOCIACION HIJOS MARIA INMACULADAS<\/span><\/span><\/p>\n<\/td>\n<\/tr>\n<tr>\n<td width=\"131\" height=\"9\">\n<p lang=\"es-AR\" align=\"JUSTIFY\"><span style=\"font-family: Arial, sans-serif;\"><span style=\"font-size: medium;\">7515<\/span><\/span><\/p>\n<\/td>\n<td valign=\"BOTTOM\" width=\"406\">\n<p lang=\"es-AR\" align=\"JUSTIFY\"><span style=\"font-family: Arial, sans-serif;\"><span style=\"font-size: medium;\">ASOCIACION HIJOS MARIA INMACULADAS<\/span><\/span><\/p>\n<\/td>\n<\/tr>\n<tr>\n<td width=\"131\" height=\"9\">\n<p lang=\"es-AR\" align=\"JUSTIFY\"><span style=\"font-family: Arial, sans-serif;\"><span style=\"font-size: medium;\">6619<\/span><\/span><\/p>\n<\/td>\n<td valign=\"BOTTOM\" width=\"406\">\n<p lang=\"es-AR\" align=\"JUSTIFY\"><span style=\"font-family: Arial, sans-serif;\"><span style=\"font-size: medium;\">OBISPADO DE BAHIA BLANCA<\/span><\/span><\/p>\n<\/td>\n<\/tr>\n<tr>\n<td width=\"131\" height=\"9\">\n<p lang=\"es-AR\" align=\"JUSTIFY\"><span style=\"font-family: Arial, sans-serif;\"><span style=\"font-size: medium;\">6620<\/span><\/span><\/p>\n<\/td>\n<td valign=\"BOTTOM\" width=\"406\">\n<p lang=\"es-AR\" align=\"JUSTIFY\"><span style=\"font-family: Arial, sans-serif;\"><span style=\"font-size: medium;\">OBISPADO DE BAHIA BLANCA<\/span><\/span><\/p>\n<\/td>\n<\/tr>\n<tr>\n<td width=\"131\" height=\"9\">\n<p lang=\"es-AR\" align=\"JUSTIFY\"><span style=\"font-family: Arial, sans-serif;\"><span style=\"font-size: medium;\">6621<\/span><\/span><\/p>\n<\/td>\n<td valign=\"BOTTOM\" width=\"406\">\n<p lang=\"es-AR\" align=\"JUSTIFY\"><span style=\"font-family: Arial, sans-serif;\"><span style=\"font-size: medium;\">OBISPADO DE BAHIA BLANCA<\/span><\/span><\/p>\n<\/td>\n<\/tr>\n<tr>\n<td width=\"131\" height=\"9\">\n<p lang=\"es-AR\" align=\"JUSTIFY\"><span style=\"font-family: Arial, sans-serif;\"><span style=\"font-size: medium;\">6677<\/span><\/span><\/p>\n<\/td>\n<td valign=\"BOTTOM\" width=\"406\">\n<p lang=\"es-AR\" align=\"JUSTIFY\"><span style=\"font-family: Arial, sans-serif;\"><span style=\"font-size: medium;\">OBISPADO DE BAHIA BLANCA<\/span><\/span><\/p>\n<\/td>\n<\/tr>\n<tr>\n<td width=\"131\" height=\"9\">\n<p lang=\"es-AR\" align=\"JUSTIFY\"><span style=\"font-family: Arial, sans-serif;\"><span style=\"font-size: medium;\">6678<\/span><\/span><\/p>\n<\/td>\n<td valign=\"BOTTOM\" width=\"406\">\n<p lang=\"es-AR\" align=\"JUSTIFY\"><span style=\"font-family: Arial, sans-serif;\"><span style=\"font-size: medium;\">OBISPADO DE LA PLATA<\/span><\/span><\/p>\n<\/td>\n<\/tr>\n<tr>\n<td width=\"131\" height=\"9\">\n<p lang=\"es-AR\" align=\"JUSTIFY\"><span style=\"font-family: Arial, sans-serif;\"><span style=\"font-size: medium;\">14817<\/span><\/span><\/p>\n<\/td>\n<td valign=\"BOTTOM\" width=\"406\">\n<p lang=\"es-AR\" align=\"JUSTIFY\"><span style=\"font-family: Arial, sans-serif;\"><span style=\"font-size: medium;\">ARZOBISPADO DE BAHIA BLANCA<\/span><\/span><\/p>\n<\/td>\n<\/tr>\n<tr>\n<td width=\"131\" height=\"9\">\n<p lang=\"es-AR\" align=\"JUSTIFY\"><span style=\"font-family: Arial, sans-serif;\"><span style=\"font-size: medium;\">2047<\/span><\/span><\/p>\n<\/td>\n<td valign=\"BOTTOM\" width=\"406\">\n<p lang=\"es-AR\" align=\"JUSTIFY\"><span style=\"font-family: Arial, sans-serif;\"><span style=\"font-size: medium;\">IGLESIA EVANGELICA SALDUNGARAY<\/span><\/span><\/p>\n<\/td>\n<\/tr>\n<tr>\n<td width=\"131\" height=\"9\">\n<p lang=\"es-AR\" align=\"JUSTIFY\"><span style=\"font-family: Arial, sans-serif;\"><span style=\"font-size: medium;\">10224<\/span><\/span><\/p>\n<\/td>\n<td valign=\"BOTTOM\" width=\"406\">\n<p lang=\"es-AR\" align=\"JUSTIFY\"><span style=\"font-family: Arial, sans-serif;\"><span style=\"font-size: medium;\">IGLESIA EVANGELICA UNION PENTECOSTAL<\/span><\/span><\/p>\n<\/td>\n<\/tr>\n<tr>\n<td width=\"131\" height=\"9\">\n<p lang=\"es-AR\" align=\"JUSTIFY\"><span style=\"font-family: Arial, sans-serif;\"><span style=\"font-size: medium;\">8748<\/span><\/span><\/p>\n<\/td>\n<td valign=\"BOTTOM\" width=\"406\">\n<p lang=\"es-AR\" align=\"JUSTIFY\"><span style=\"font-family: Arial, sans-serif;\"><span style=\"font-size: medium;\">MOVIMIENTO CRISTIANO Y MISIONERO<\/span><\/span><\/p>\n<\/td>\n<\/tr>\n<tr>\n<td width=\"131\" height=\"9\">\n<p lang=\"es-AR\" align=\"JUSTIFY\"><span style=\"font-family: Arial, sans-serif;\"><span style=\"font-size: medium;\">12455<\/span><\/span><\/p>\n<\/td>\n<td valign=\"BOTTOM\" width=\"406\">\n<p lang=\"es-AR\" align=\"JUSTIFY\"><span style=\"font-family: Arial, sans-serif;\"><span style=\"font-size: medium;\">TESTIGOS JEHOVA<\/span><\/span><\/p>\n<\/td>\n<\/tr>\n<tr>\n<td width=\"131\" height=\"9\">\n<p lang=\"es-AR\" align=\"JUSTIFY\"><span style=\"font-family: Arial, sans-serif;\"><span style=\"font-size: medium;\">932<\/span><\/span><\/p>\n<\/td>\n<td valign=\"BOTTOM\" width=\"406\">\n<p lang=\"es-AR\" align=\"JUSTIFY\"><span style=\"font-family: Arial, sans-serif;\"><span style=\"font-size: medium;\">IGLESIA EVANGELICA ESTRELLA ORIENTAL<\/span><\/span><\/p>\n<\/td>\n<\/tr>\n<tr>\n<td width=\"131\" height=\"9\">\n<p lang=\"es-AR\" align=\"JUSTIFY\"><span style=\"font-family: Arial, sans-serif;\"><span style=\"font-size: medium;\">7357<\/span><\/span><\/p>\n<\/td>\n<td valign=\"BOTTOM\" width=\"406\">\n<p lang=\"es-AR\" align=\"JUSTIFY\"><span style=\"font-family: Arial, sans-serif;\"><span style=\"font-size: medium;\">ARZOBISPADO DE BAHIA BLANCA<\/span><\/span><\/p>\n<\/td>\n<\/tr>\n<tr>\n<td width=\"131\" height=\"9\">\n<p lang=\"es-AR\" align=\"JUSTIFY\"><span style=\"font-family: Arial, sans-serif;\"><span style=\"font-size: medium;\">3633<\/span><\/span><\/p>\n<\/td>\n<td valign=\"BOTTOM\" width=\"406\">\n<p lang=\"es-AR\" align=\"JUSTIFY\"><span style=\"font-family: Arial, sans-serif;\"><span style=\"font-size: medium;\">ARZOBISPADO DE BAHIA BLANCA<\/span><\/span><\/p>\n<\/td>\n<\/tr>\n<tr>\n<td width=\"131\" height=\"9\">\n<p lang=\"es-AR\" align=\"JUSTIFY\"><span style=\"font-family: Arial, sans-serif;\"><span style=\"font-size: medium;\">8776<\/span><\/span><\/p>\n<\/td>\n<td valign=\"BOTTOM\" width=\"406\">\n<p lang=\"es-AR\" align=\"JUSTIFY\"><span style=\"font-family: Arial, sans-serif;\"><span style=\"font-size: medium;\">ARZOBISPADO DE BAHIA BLANCA<\/span><\/span><\/p>\n<\/td>\n<\/tr>\n<tr>\n<td width=\"131\" height=\"9\">\n<p lang=\"es-AR\" align=\"JUSTIFY\"><span style=\"font-family: Arial, sans-serif;\"><span style=\"font-size: medium;\">14787<\/span><\/span><\/p>\n<\/td>\n<td valign=\"BOTTOM\" width=\"406\">\n<p lang=\"es-AR\" align=\"JUSTIFY\"><span style=\"font-family: Arial, sans-serif;\"><span style=\"font-size: medium;\">ARZOBISPADO DE BAHIA BLANCA<\/span><\/span><\/p>\n<\/td>\n<\/tr>\n<tr>\n<td width=\"131\" height=\"9\">\n<p lang=\"es-AR\" align=\"JUSTIFY\"><span style=\"font-family: Arial, sans-serif;\"><span style=\"font-size: medium;\">14788<\/span><\/span><\/p>\n<\/td>\n<td valign=\"BOTTOM\" width=\"406\">\n<p lang=\"es-AR\" align=\"JUSTIFY\"><span style=\"font-family: Arial, sans-serif;\"><span style=\"font-size: medium;\">ARZOBISPADO DE BAHIA BLANCA<\/span><\/span><\/p>\n<\/td>\n<\/tr>\n<tr>\n<td width=\"131\" height=\"9\">\n<p lang=\"es-AR\" align=\"JUSTIFY\"><span style=\"font-family: Arial, sans-serif;\"><span style=\"font-size: medium;\">14789<\/span><\/span><\/p>\n<\/td>\n<td valign=\"BOTTOM\" width=\"406\">\n<p lang=\"es-AR\" align=\"JUSTIFY\"><span style=\"font-family: Arial, sans-serif;\"><span style=\"font-size: medium;\">ARZOBISPADO DE BAHIA BLANCA<\/span><\/span><\/p>\n<\/td>\n<\/tr>\n<tr>\n<td width=\"131\" height=\"9\">\n<p lang=\"es-AR\" align=\"JUSTIFY\"><span style=\"font-family: Arial, sans-serif;\"><span style=\"font-size: medium;\">14790<\/span><\/span><\/p>\n<\/td>\n<td valign=\"BOTTOM\" width=\"406\">\n<p lang=\"es-AR\" align=\"JUSTIFY\"><span style=\"font-family: Arial, sans-serif;\"><span style=\"font-size: medium;\">ARZOBISPADO DE BAHIA BLANCA<\/span><\/span><\/p>\n<\/td>\n<\/tr>\n<tr>\n<td width=\"131\" height=\"9\">\n<p lang=\"es-AR\" align=\"JUSTIFY\"><span style=\"font-family: Arial, sans-serif;\"><span style=\"font-size: medium;\">2466<\/span><\/span><\/p>\n<\/td>\n<td valign=\"BOTTOM\" width=\"406\">\n<p lang=\"es-AR\" align=\"JUSTIFY\"><span style=\"font-family: Arial, sans-serif;\"><span style=\"font-size: medium;\">ARZOBISPADO DE BAHIA BLANCA<\/span><\/span><\/p>\n<\/td>\n<\/tr>\n<tr>\n<td width=\"131\" height=\"9\">\n<p lang=\"es-AR\" align=\"JUSTIFY\"><span style=\"font-family: Arial, sans-serif;\"><span style=\"font-size: medium;\">1642<\/span><\/span><\/p>\n<\/td>\n<td valign=\"BOTTOM\" width=\"406\">\n<p lang=\"es-AR\" align=\"JUSTIFY\"><span style=\"font-family: Arial, sans-serif;\"><span style=\"font-size: medium;\">ARZOBISPADO DE BAHIA BLANCA<\/span><\/span><\/p>\n<\/td>\n<\/tr>\n<tr>\n<td width=\"131\" height=\"9\">\n<p lang=\"es-AR\" align=\"JUSTIFY\"><span style=\"font-family: Arial, sans-serif;\"><span style=\"font-size: medium;\">2705<\/span><\/span><\/p>\n<\/td>\n<td valign=\"BOTTOM\" width=\"406\">\n<p lang=\"es-AR\" align=\"JUSTIFY\"><span style=\"font-family: Arial, sans-serif;\"><span style=\"font-size: medium;\">ARZOBISPADO DE BAHIA BLANCA<\/span><\/span><\/p>\n<\/td>\n<\/tr>\n<tr>\n<td width=\"131\" height=\"9\">\n<p lang=\"es-AR\" align=\"JUSTIFY\"><span style=\"font-family: Arial, sans-serif;\"><span style=\"font-size: medium;\">2706<\/span><\/span><\/p>\n<\/td>\n<td valign=\"BOTTOM\" width=\"406\">\n<p lang=\"es-AR\" align=\"JUSTIFY\"><span style=\"font-family: Arial, sans-serif;\"><span style=\"font-size: medium;\">ARZOBISPADO DE BAHIA BLANCA<\/span><\/span><\/p>\n<\/td>\n<\/tr>\n<tr>\n<td width=\"131\" height=\"9\">\n<p lang=\"es-AR\" align=\"JUSTIFY\"><span style=\"font-family: Arial, sans-serif;\"><span style=\"font-size: medium;\">2710<\/span><\/span><\/p>\n<\/td>\n<td valign=\"BOTTOM\" width=\"406\">\n<p lang=\"es-AR\" align=\"JUSTIFY\"><span style=\"font-family: Arial, sans-serif;\"><span style=\"font-size: medium;\">MAR\u00cdA AUXILIADORA<\/span><\/span><\/p>\n<\/td>\n<\/tr>\n<tr>\n<td width=\"131\" height=\"9\">\n<p lang=\"es-AR\" align=\"JUSTIFY\"><span style=\"font-family: Arial, sans-serif;\"><span style=\"font-size: medium;\">2711<\/span><\/span><\/p>\n<\/td>\n<td valign=\"BOTTOM\" width=\"406\">\n<p lang=\"es-AR\" align=\"JUSTIFY\"><span style=\"font-family: Arial, sans-serif;\"><span style=\"font-size: medium;\">MAR\u00cdA AUXILIADORA<\/span><\/span><\/p>\n<\/td>\n<\/tr>\n<tr>\n<td width=\"131\" height=\"9\">\n<p lang=\"es-AR\" align=\"JUSTIFY\"><span style=\"font-family: Arial, sans-serif;\"><span style=\"font-size: medium;\">2712<\/span><\/span><\/p>\n<\/td>\n<td valign=\"BOTTOM\" width=\"406\">\n<p lang=\"es-AR\" align=\"JUSTIFY\"><span style=\"font-family: Arial, sans-serif;\"><span style=\"font-size: medium;\">MAR\u00cdA AUXILIADORA<\/span><\/span><\/p>\n<\/td>\n<\/tr>\n<tr>\n<td width=\"131\" height=\"9\">\n<p lang=\"es-AR\" align=\"JUSTIFY\"><span style=\"font-family: Arial, sans-serif;\"><span style=\"font-size: medium;\">2713<\/span><\/span><\/p>\n<\/td>\n<td valign=\"BOTTOM\" width=\"406\">\n<p lang=\"es-AR\" align=\"JUSTIFY\"><span style=\"font-family: Arial, sans-serif;\"><span style=\"font-size: medium;\">MARIA AUXILIADORA<\/span><\/span><\/p>\n<\/td>\n<\/tr>\n<tr>\n<td width=\"131\" height=\"9\">\n<p lang=\"es-AR\" align=\"JUSTIFY\"><span style=\"font-family: Arial, sans-serif;\"><span style=\"font-size: medium;\">12829 \u2013 12829\/1<\/span><\/span><\/p>\n<\/td>\n<td valign=\"BOTTOM\" width=\"406\">\n<p lang=\"es-AR\" align=\"JUSTIFY\"><span style=\"font-family: Arial, sans-serif;\"><span style=\"font-size: medium;\">PEQUE\u00d1AS HERMANAS DE LA CARIDAD<\/span><\/span><\/p>\n<\/td>\n<\/tr>\n<tr>\n<td width=\"131\" height=\"9\">\n<p lang=\"es-AR\" align=\"JUSTIFY\"><span style=\"font-family: Arial, sans-serif;\"><span style=\"font-size: medium;\">12830<\/span><\/span><\/p>\n<\/td>\n<td valign=\"BOTTOM\" width=\"406\">\n<p lang=\"es-AR\" align=\"JUSTIFY\"><span style=\"font-family: Arial, sans-serif;\"><span style=\"font-size: medium;\">PEQUE\u00d1AS HERMANAS DE LA CARIDAD<\/span><\/span><\/p>\n<\/td>\n<\/tr>\n<tr>\n<td width=\"131\" height=\"8\">\n<p lang=\"es-AR\" align=\"JUSTIFY\"><span style=\"font-family: Arial, sans-serif;\"><span style=\"font-size: medium;\">2323\/1<\/span><\/span><\/p>\n<\/td>\n<td valign=\"BOTTOM\" width=\"406\">\n<p lang=\"es-AR\" align=\"JUSTIFY\"><span style=\"font-family: Arial, sans-serif;\"><span style=\"font-size: medium;\">CAPILLA NUESTRA SE\u00d1ORA DE LUJAN<\/span><\/span><\/p>\n<\/td>\n<\/tr>\n<\/tbody>\n<\/table>\n<\/dd>\n<\/dl>\n<p lang=\"es-ES\" align=\"JUSTIFY\"><span style=\"font-family: Times New Roman, serif;\"><span style=\"font-size: medium;\"><span style=\"font-family: Arial, sans-serif;\">Adem\u00e1s se condona la deuda al 31 de diciembre de 2022 de la Partida Nro.2323-1 correspondiente a la Tasa por Servicios Sanitarios.<\/span><\/span><\/span><\/p>\n<p align=\"JUSTIFY\"><span style=\"font-family: Arial, sans-serif;\"><span style=\"font-size: medium;\"><span lang=\"es-ES\">#<\/span><\/span><\/span><span style=\"font-family: Arial, sans-serif;\"><span style=\"font-size: medium;\"><span lang=\"es-ES\"><u><b>Expte. N\u00ba 138\/23:<\/b><\/u><\/span><\/span><\/span><span style=\"font-family: Arial, sans-serif;\"><span style=\"font-size: medium;\"><span lang=\"es-ES\"> &#8211; Solicitud de exenci\u00f3n de Tasas Municipales \u2013 Instituciones Educativas del Distrito.<\/span><\/span><\/span><\/p>\n<p lang=\"es-AR\" align=\"JUSTIFY\"><span style=\"font-family: Arial, sans-serif;\"><span style=\"font-size: medium;\">Se solicita tratamiento sobre Tablas.<\/span><\/span><\/p>\n<p lang=\"es-ES\" align=\"JUSTIFY\"><span style=\"font-family: Times New Roman, serif;\"><span style=\"font-size: medium;\"><span style=\"font-family: Arial, sans-serif;\"><span lang=\"es-AR\">Se aprueba por unanimidad la Ordenanza N\u00ba 3636\/23 por la que se exime para el ejercicio 2023 del pago de las Tasas municipales previstas en el C\u00f3digo Municipal Tributario Vigente: Tasa por Servicios P\u00fablicos Urbanos, Tasa de Salud, Servicios Sanitarios correspondientes a instituciones educativas del Distrito, seg\u00fan el siguiente detalle:<\/span><\/span><\/span><\/span><\/p>\n<table border=\"1\" width=\"603\" cellspacing=\"0\" cellpadding=\"5\">\n<tbody>\n<tr>\n<td width=\"142\" height=\"14\">\n<p lang=\"es-AR\" align=\"JUSTIFY\"><span style=\"font-family: Arial, sans-serif;\"><span style=\"font-size: medium;\"><b>Partida<\/b><\/span><\/span><\/p>\n<\/td>\n<td width=\"267\">\n<p lang=\"es-AR\" align=\"JUSTIFY\"><span style=\"font-family: Arial, sans-serif;\"><span style=\"font-size: medium;\"><b>Detalle<\/b><\/span><\/span><\/p>\n<\/td>\n<td width=\"162\">\n<p lang=\"es-AR\" align=\"JUSTIFY\"><span style=\"font-family: Arial, sans-serif;\"><span style=\"font-size: medium;\"><b>Localidad<\/b><\/span><\/span><\/p>\n<\/td>\n<\/tr>\n<tr>\n<td width=\"142\" height=\"14\">\n<p lang=\"es-AR\" align=\"JUSTIFY\"><span style=\"font-family: Arial, sans-serif;\"><span style=\"font-size: medium;\">830<\/span><\/span><\/p>\n<\/td>\n<td width=\"267\">\n<p lang=\"es-AR\" align=\"JUSTIFY\"><span style=\"font-family: Arial, sans-serif;\"><span style=\"font-size: medium;\">Escuela Especial Nro. 501<\/span><\/span><\/p>\n<\/td>\n<td width=\"162\">\n<p lang=\"es-AR\" align=\"JUSTIFY\"><span style=\"font-family: Arial, sans-serif;\"><span style=\"font-size: medium;\">Tornquist<\/span><\/span><\/p>\n<\/td>\n<\/tr>\n<tr>\n<td width=\"142\" height=\"14\">\n<p lang=\"es-AR\" align=\"JUSTIFY\"><span style=\"font-family: Arial, sans-serif;\"><span style=\"font-size: medium;\">13588<\/span><\/span><\/p>\n<\/td>\n<td width=\"267\">\n<p lang=\"es-AR\" align=\"JUSTIFY\"><span style=\"font-family: Arial, sans-serif;\"><span style=\"font-size: medium;\">Escuela Primaria Nro. 24<\/span><\/span><\/p>\n<\/td>\n<td width=\"162\">\n<p lang=\"es-AR\" align=\"JUSTIFY\"><span style=\"font-family: Arial, sans-serif;\"><span style=\"font-size: medium;\">Chasic\u00f3<\/span><\/span><\/p>\n<\/td>\n<\/tr>\n<tr>\n<td width=\"142\" height=\"14\">\n<p lang=\"es-AR\" align=\"JUSTIFY\"><span style=\"font-family: Arial, sans-serif;\"><span style=\"font-size: medium;\">15232<\/span><\/span><\/p>\n<\/td>\n<td width=\"267\">\n<p lang=\"es-AR\" align=\"JUSTIFY\"><span style=\"font-family: Arial, sans-serif;\"><span style=\"font-size: medium;\">Jard\u00edn de Infantes Nro. 903<\/span><\/span><\/p>\n<\/td>\n<td width=\"162\">\n<p lang=\"es-AR\" align=\"JUSTIFY\"><span style=\"font-family: Arial, sans-serif;\"><span style=\"font-size: medium;\">Sierra de la Ventana<\/span><\/span><\/p>\n<\/td>\n<\/tr>\n<tr>\n<td width=\"142\" height=\"14\">\n<p lang=\"es-AR\" align=\"JUSTIFY\"><span style=\"font-family: Arial, sans-serif;\"><span style=\"font-size: medium;\">2323<\/span><\/span><\/p>\n<\/td>\n<td width=\"267\">\n<p lang=\"es-AR\" align=\"JUSTIFY\"><span style=\"font-family: Arial, sans-serif;\"><span style=\"font-size: medium;\">Jard\u00edn de Infantes Nro. 904<\/span><\/span><\/p>\n<\/td>\n<td width=\"162\">\n<p lang=\"es-AR\" align=\"JUSTIFY\"><span style=\"font-family: Arial, sans-serif;\"><span style=\"font-size: medium;\">Chasic\u00f3<\/span><\/span><\/p>\n<\/td>\n<\/tr>\n<tr>\n<td width=\"142\" height=\"14\">\n<p lang=\"es-AR\" align=\"JUSTIFY\"><span style=\"font-family: Arial, sans-serif;\"><span style=\"font-size: medium;\">15606<\/span><\/span><\/p>\n<\/td>\n<td width=\"267\">\n<p lang=\"es-AR\" align=\"JUSTIFY\"><span style=\"font-family: Arial, sans-serif;\"><span style=\"font-size: medium;\">Escuela Media Nro. 202<\/span><\/span><\/p>\n<\/td>\n<td width=\"162\">\n<p lang=\"es-AR\" align=\"JUSTIFY\"><span style=\"font-family: Arial, sans-serif;\"><span style=\"font-size: medium;\">Sierra de la Ventana<\/span><\/span><\/p>\n<\/td>\n<\/tr>\n<tr>\n<td width=\"142\" height=\"14\">\n<p lang=\"es-AR\" align=\"JUSTIFY\"><span style=\"font-family: Arial, sans-serif;\"><span style=\"font-size: medium;\">4050<\/span><\/span><\/p>\n<\/td>\n<td width=\"267\">\n<p lang=\"es-AR\" align=\"JUSTIFY\"><span style=\"font-family: Arial, sans-serif;\"><span style=\"font-size: medium;\">Escuela Agropecuaria Nro.1<\/span><\/span><\/p>\n<\/td>\n<td width=\"162\">\n<p lang=\"es-AR\" align=\"JUSTIFY\"><span style=\"font-family: Arial, sans-serif;\"><span style=\"font-size: medium;\">Tornquist<\/span><\/span><\/p>\n<\/td>\n<\/tr>\n<tr>\n<td width=\"142\" height=\"14\">\n<p lang=\"es-AR\" align=\"JUSTIFY\"><span style=\"font-family: Arial, sans-serif;\"><span style=\"font-size: medium;\">7122<\/span><\/span><\/p>\n<\/td>\n<td width=\"267\">\n<p lang=\"es-AR\" align=\"JUSTIFY\"><span style=\"font-family: Arial, sans-serif;\"><span style=\"font-size: medium;\">Escuela Primaria Nro. 6<\/span><\/span><\/p>\n<\/td>\n<td width=\"162\">\n<p lang=\"es-AR\" align=\"JUSTIFY\"><span style=\"font-family: Arial, sans-serif;\"><span style=\"font-size: medium;\">Sierra de la Ventana<\/span><\/span><\/p>\n<\/td>\n<\/tr>\n<tr>\n<td width=\"142\" height=\"14\">\n<p lang=\"es-AR\" align=\"JUSTIFY\"><span style=\"font-family: Arial, sans-serif;\"><span style=\"font-size: medium;\">972<\/span><\/span><\/p>\n<\/td>\n<td width=\"267\">\n<p lang=\"es-AR\" align=\"JUSTIFY\"><span style=\"font-family: Arial, sans-serif;\"><span style=\"font-size: medium;\">Escuela Media Nro. 201<\/span><\/span><\/p>\n<\/td>\n<td width=\"162\">\n<p lang=\"es-AR\" align=\"JUSTIFY\"><span style=\"font-family: Arial, sans-serif;\"><span style=\"font-size: medium;\">Tornquist<\/span><\/span><\/p>\n<\/td>\n<\/tr>\n<tr>\n<td width=\"142\" height=\"14\">\n<p lang=\"es-AR\" align=\"JUSTIFY\"><span style=\"font-family: Arial, sans-serif;\"><span style=\"font-size: medium;\">972 &#8211; 1<\/span><\/span><\/p>\n<\/td>\n<td width=\"267\">\n<p lang=\"es-AR\" align=\"JUSTIFY\"><span style=\"font-family: Arial, sans-serif;\"><span style=\"font-size: medium;\">Escuela Nro. 1 <\/span><\/span><\/p>\n<\/td>\n<td width=\"162\">\n<p lang=\"es-AR\" align=\"JUSTIFY\"><span style=\"font-family: Arial, sans-serif;\"><span style=\"font-size: medium;\">Tornquist<\/span><\/span><\/p>\n<\/td>\n<\/tr>\n<tr>\n<td width=\"142\" height=\"14\">\n<p lang=\"es-AR\" align=\"JUSTIFY\"><span style=\"font-family: Arial, sans-serif;\"><span style=\"font-size: medium;\">972 &#8211; 2<\/span><\/span><\/p>\n<\/td>\n<td width=\"267\">\n<p lang=\"es-AR\" align=\"JUSTIFY\"><span style=\"font-family: Arial, sans-serif;\"><span style=\"font-size: medium;\">Jard\u00edn de Infantes Nro. 201<\/span><\/span><\/p>\n<\/td>\n<td width=\"162\">\n<p lang=\"es-AR\" align=\"JUSTIFY\"><span style=\"font-family: Arial, sans-serif;\"><span style=\"font-size: medium;\">Tornquist<\/span><\/span><\/p>\n<\/td>\n<\/tr>\n<tr>\n<td width=\"142\" height=\"14\">\n<p lang=\"es-AR\" align=\"JUSTIFY\"><span style=\"font-family: Arial, sans-serif;\"><span style=\"font-size: medium;\">13369<\/span><\/span><\/p>\n<\/td>\n<td width=\"267\">\n<p lang=\"es-AR\" align=\"JUSTIFY\"><span style=\"font-family: Arial, sans-serif;\"><span style=\"font-size: medium;\">Escuela Secundaria Nro. 6<\/span><\/span><\/p>\n<\/td>\n<td width=\"162\">\n<p lang=\"es-AR\" align=\"JUSTIFY\"><span style=\"font-family: Arial, sans-serif;\"><span style=\"font-size: medium;\">Chasic\u00f3<\/span><\/span><\/p>\n<\/td>\n<\/tr>\n<tr>\n<td width=\"142\" height=\"14\">\n<p lang=\"es-AR\" align=\"JUSTIFY\"><span style=\"font-family: Arial, sans-serif;\"><span style=\"font-size: medium;\">14597<\/span><\/span><\/p>\n<\/td>\n<td width=\"267\">\n<p lang=\"es-AR\" align=\"JUSTIFY\"><span style=\"font-family: Arial, sans-serif;\"><span style=\"font-size: medium;\">C.E.P.T. Nro. 12<\/span><\/span><\/p>\n<\/td>\n<td width=\"162\">\n<p lang=\"es-AR\" align=\"JUSTIFY\"><span style=\"font-family: Arial, sans-serif;\"><span style=\"font-size: medium;\">Villa Ventana<\/span><\/span><\/p>\n<\/td>\n<\/tr>\n<tr>\n<td width=\"142\" height=\"14\">\n<p lang=\"es-AR\" align=\"JUSTIFY\"><span style=\"font-family: Arial, sans-serif;\"><span style=\"font-size: medium;\">7373<\/span><\/span><\/p>\n<\/td>\n<td width=\"267\">\n<p lang=\"es-AR\" align=\"JUSTIFY\"><span style=\"font-family: Arial, sans-serif;\"><span style=\"font-size: medium;\">Escuela Primaria Nro. 21<\/span><\/span><\/p>\n<\/td>\n<td width=\"162\">\n<p lang=\"es-AR\" align=\"JUSTIFY\"><span style=\"font-family: Arial, sans-serif;\"><span style=\"font-size: medium;\">Villa Ventana<\/span><\/span><\/p>\n<\/td>\n<\/tr>\n<tr>\n<td width=\"142\" height=\"14\">\n<p lang=\"es-AR\" align=\"JUSTIFY\"><span style=\"font-family: Arial, sans-serif;\"><span style=\"font-size: medium;\">7913<\/span><\/span><\/p>\n<\/td>\n<td width=\"267\">\n<p lang=\"es-AR\" align=\"JUSTIFY\"><span style=\"font-family: Arial, sans-serif;\"><span style=\"font-size: medium;\">Jard\u00edn de Infantes Nro. 906<\/span><\/span><\/p>\n<\/td>\n<td width=\"162\">\n<p lang=\"es-AR\" align=\"JUSTIFY\"><span style=\"font-family: Arial, sans-serif;\"><span style=\"font-size: medium;\">Villa Ventana<\/span><\/span><\/p>\n<\/td>\n<\/tr>\n<tr>\n<td width=\"142\" height=\"14\">\n<p lang=\"es-AR\" align=\"JUSTIFY\"><span style=\"font-family: Arial, sans-serif;\"><span style=\"font-size: medium;\">545<\/span><\/span><\/p>\n<\/td>\n<td width=\"267\">\n<p lang=\"es-AR\" align=\"JUSTIFY\"><span style=\"font-family: Arial, sans-serif;\"><span style=\"font-size: medium;\">Escuela Agropecuaria Nro.801<\/span><\/span><\/p>\n<\/td>\n<td width=\"162\">\n<p lang=\"es-AR\" align=\"JUSTIFY\"><span style=\"font-family: Arial, sans-serif;\"><span style=\"font-size: medium;\">Villa Ventana<\/span><\/span><\/p>\n<\/td>\n<\/tr>\n<tr>\n<td width=\"142\" height=\"13\">\n<p lang=\"es-AR\" align=\"JUSTIFY\"><span style=\"font-family: Arial, sans-serif;\"><span style=\"font-size: medium;\">5367<\/span><\/span><\/p>\n<\/td>\n<td width=\"267\">\n<p lang=\"es-AR\" align=\"JUSTIFY\"><span style=\"font-family: Arial, sans-serif;\"><span style=\"font-size: medium;\">Escuela Primaria Nro. 3 <\/span><\/span><\/p>\n<\/td>\n<td width=\"162\">\n<p lang=\"es-AR\" align=\"JUSTIFY\"><span style=\"font-family: Arial, sans-serif;\"><span style=\"font-size: medium;\">Tornquist<\/span><\/span><\/p>\n<\/td>\n<\/tr>\n<\/tbody>\n<\/table>\n<p align=\"JUSTIFY\"><span style=\"font-family: Arial, sans-serif;\"><span style=\"font-size: medium;\"><span lang=\"es-ES\"><u><b>Expte. N\u00ba 144\/23:<\/b><\/u><\/span><\/span><\/span><span style=\"font-family: Arial, sans-serif;\"><span style=\"font-size: medium;\"><span lang=\"es-ES\"> &#8211; D.E.: Solicita autorizaci\u00f3n para venta por subasta p\u00fablica de los inmuebles de dominio privado municipal, Barrio Parque Golf \u2013 Sierra de la Ventana.<\/span><\/span><\/span><\/p>\n<p align=\"JUSTIFY\"><span style=\"font-family: Arial, sans-serif;\"><span style=\"font-size: medium;\"><span lang=\"es-ES\">Expediente que pasa a las Comisiones de<\/span><\/span><\/span> <span style=\"font-family: Arial, sans-serif;\"><span style=\"font-size: medium;\"><span lang=\"es-AR\">Obras P\u00fablicas y Presupuesto y Hacienda<\/span><\/span><\/span><\/p>\n<p align=\"JUSTIFY\"><span style=\"font-family: Arial, sans-serif;\"><span style=\"font-size: medium;\"><span lang=\"es-AR\"><u><b>Expte. N\u00ba 147\/23:<\/b><\/u><\/span><\/span><\/span><span style=\"font-family: Arial, sans-serif;\"><span style=\"font-size: medium;\"><span lang=\"es-AR\"> &#8211; <\/span><\/span><\/span><span style=\"font-family: Arial, sans-serif;\"><span style=\"font-size: medium;\"><span lang=\"es-ES\">D.E.: Donaci\u00f3n de lote municipal al Club Atl\u00e9tico Ventana.<\/span><\/span><\/span><\/p>\n<p align=\"JUSTIFY\"><span style=\"font-family: Arial, sans-serif;\"><span style=\"font-size: medium;\"><span lang=\"es-ES\">Expediente que pasa a las Comisiones de<\/span><\/span><\/span> <span style=\"font-family: Arial, sans-serif;\"><span style=\"font-size: medium;\"><span lang=\"es-AR\">Interpretaci\u00f3n y Reglamento y Obras P\u00fablicas.<\/span><\/span><\/span><\/p>\n<p lang=\"es-ES\" align=\"JUSTIFY\"><span style=\"font-family: Times New Roman, serif;\"><span style=\"font-size: medium;\"><span style=\"font-family: Arial, sans-serif;\"><u><b>Expte. N\u00ba 156\/23:<\/b><\/u><\/span><span style=\"font-family: Arial, sans-serif;\"> &#8211; D.E. \u2013 Autoriza la firma del Convenio de Asistencia T\u00e9cnica, Econ\u00f3mica y Financiera celebrado e\/el Ministerio de Transporte y la Municipalidad de Tornquist.<\/span><\/span><\/span><\/p>\n<p lang=\"es-AR\" align=\"JUSTIFY\"><span style=\"font-family: Arial, sans-serif;\"><span style=\"font-size: medium;\">Se solicita tratamiento sobre Tablas.<\/span><\/span><\/p>\n<p lang=\"es-ES\" align=\"JUSTIFY\"><span style=\"font-family: Times New Roman, serif;\"><span style=\"font-size: medium;\"><span style=\"font-family: Arial, sans-serif;\"><span lang=\"es-AR\">Se aprueba por unanimidad la Ordenanza N\u00ba 3637\/23 por la que se a<\/span><\/span><span style=\"font-family: Arial, sans-serif;\">utoriza la firma del Convenio de Asistencia T\u00e9cnica, Econ\u00f3mica y Financiera celebrado entre el Ministerio de Transporte representado por el Ministro de Transporte <\/span><span style=\"font-family: Arial, sans-serif;\"><b>Dr.<\/b><\/span> <span style=\"font-family: Arial, sans-serif;\"><b>Diego Alberto Giuliano<\/b><\/span><span style=\"font-family: Arial, sans-serif;\"> y la Municipalidad de Tornquist representada por el Intendente Municipal <\/span><span style=\"font-family: Arial, sans-serif;\"><b>Sr. Sergio Bordoni. <\/b><\/span><\/span><\/span><\/p>\n<p lang=\"es-ES\" align=\"JUSTIFY\"><span style=\"font-family: Times New Roman, serif;\"><span style=\"font-size: medium;\"><span style=\"font-family: Arial, sans-serif;\">El objeto del CONVENIO es brindar Asistencia T\u00e9cnica, Econ\u00f3mica y Financiera a la JURISDICCION para el Proyecto \u201cImplantaci\u00f3n de la Nueva Terminal de \u00d3mnibus de la ciudad de Sierra de la Ventana \u2013 Tornquist \u2013 Provincia de Buenos Aires\u201d <\/span><span style=\"font-family: Arial, sans-serif;\">identificado como IF-2023-41182145-APN-DNDOT#MTR (en adelante, el \u201cPROYECTO\u201d), cuyo plazo de finalizaci\u00f3n es de DOCE (12) meses, con el objetivo de garantizar y\/o mejorar la prestaci\u00f3n de los servicios de transporte afectados y la protecci\u00f3n de los usuarios.<\/span><\/span><\/span><\/p>\n<p lang=\"es-ES\" align=\"JUSTIFY\"><span style=\"font-family: Arial, sans-serif;\"><span style=\"font-size: medium;\">El MINISTERIO aportar\u00e1 a la JURISDICCI\u00d3N hasta un monto m\u00e1ximo de PESOS DOSCIENTOS VEINTICUATRO MILLONES CUATROCIENTOS OCHENTA Y SEIS MIL CUATROCIENTOS CINCUENTA Y NUEVE CON SETENTA Y SIETE CENTAVOS ($224.486.459,77) para la ejecuci\u00f3n del PROYECTO. El monto asignado se destinar\u00e1 exclusivamente para la financiaci\u00f3n del PROYECTO seg\u00fan la disponibilidad presupuestaria del MINISTERIO, quedando a riesgo de la JURISDICCI\u00d3N la posibilidad de asumir con fondos propios lo que exceda del monto m\u00e1ximo previsto derivado de posibles ampliaciones de obra, adicionales de obras y\/o redeterminaciones de precios<\/span><\/span><\/p>\n<p lang=\"es-ES\" align=\"JUSTIFY\"><span style=\"font-family: Times New Roman, serif;\"><span style=\"font-size: medium;\"><span style=\"font-family: Arial, sans-serif;\"><u><b>Expte. N\u00ba 7620\/23:<\/b><\/u><\/span><span style=\"font-family: Arial, sans-serif;\"> &#8211; Bloque Acci\u00f3n por Tornquist \u2013 Proyecto de Ordenanza: Ref. habilitaciones en sitios de concurrencia p\u00fablica (Deroga Ordenanza N\u00ba 2622\/13.<\/span><\/span><\/span><\/p>\n<p align=\"JUSTIFY\"><span style=\"font-family: Arial, sans-serif;\"><span style=\"font-size: medium;\"><span lang=\"es-ES\">Expediente que pasa a las Comisiones de<\/span><\/span><\/span> <span style=\"font-family: Arial, sans-serif;\"><span style=\"font-size: medium;\"><span lang=\"es-AR\">Interpretaci\u00f3n y Reglamento y Asuntos Municipales<\/span><\/span><\/span><\/p>\n<p lang=\"es-ES\" align=\"JUSTIFY\"><span style=\"font-family: Times New Roman, serif;\"><span style=\"font-size: medium;\"><span style=\"font-family: Arial, sans-serif;\"><u><b>Dict\u00e1menes de las Comisiones<\/b><\/u><\/span><span style=\"font-family: Arial, sans-serif;\"><span lang=\"es-ES\"><u><b>: <\/b><\/u><\/span><\/span><\/span><\/span><\/p>\n<p align=\"JUSTIFY\"><span style=\"font-family: Arial, sans-serif;\"><span style=\"font-size: medium;\"><span lang=\"es-ES\"><u><b>Expte. N\u00ba 413\/22:<\/b><\/u><\/span><\/span><\/span><span style=\"font-family: Arial, sans-serif;\"><span style=\"font-size: medium;\"><span lang=\"es-ES\"> &#8211; S.P. \u2013 Modifica Art. 3\u00ba de la Ordenanza N\u00ba 2725\/15.<\/span><\/span><\/span><\/p>\n<p align=\"JUSTIFY\"><span style=\"font-family: Arial, sans-serif;\"><span style=\"font-size: medium;\"><span lang=\"es-AR\">Seg\u00fan el dictamen de las Comisiones de <\/span><\/span><\/span><span style=\"font-family: Arial, sans-serif;\"><span style=\"font-size: medium;\"><span lang=\"es-ES\">Interpretaci\u00f3n y Reglamento (en Mayor\u00eda); y Salud P\u00fablica se aprueba por mayor\u00eda la Ordenanza N\u00ba 3639\/23.<\/span><\/span><\/span><\/p>\n<p align=\"JUSTIFY\"><span style=\"font-family: Arial, sans-serif;\"><span style=\"font-size: medium;\"><span lang=\"es-ES\">En dicho dictamen las Comisiones aclaran que <\/span><\/span><\/span><span style=\"font-family: Arial, sans-serif;\"><span style=\"font-size: medium;\"><span lang=\"es-AR\">habiendo mantenido reuni\u00f3n con el \u00e1rea de Legales y Producci\u00f3n, y aconsejan aprobar el Proyecto de Ordenanza obrantes a fojas 2 y 3 con las siguientes modificaciones: <\/span><\/span><\/span><\/p>\n<p align=\"JUSTIFY\">\u201c<span style=\"font-family: Arial, sans-serif;\"><span style=\"font-size: medium;\"><span lang=\"es-AR\"><u><b>ARTICULO 1\u00b0:<\/b><\/u><\/span><\/span><\/span><span style=\"font-family: Arial, sans-serif;\"><span style=\"font-size: medium;\"><span lang=\"es-AR\"> Modificase el art\u00edculo 3\u00b0 &#8211; Definiciones de la Ordenanza N\u00b0 2725\/15, que quedar\u00e1 redactado de la siguiente manera:\u201d <\/span><\/span><\/span><span style=\"font-family: Arial, sans-serif;\"><span style=\"font-size: medium;\"><span lang=\"es-AR\"><u><b>ARTICULO 3\u00b0<\/b><\/u><\/span><\/span><\/span><span style=\"font-family: Arial, sans-serif;\"><span style=\"font-size: medium;\"><span lang=\"es-AR\"> &#8211; <\/span><\/span><\/span><span style=\"font-family: Arial, sans-serif;\"><span style=\"font-size: medium;\"><span lang=\"es-AR\"><u><b>DEFINICIONES.<\/b><\/u><\/span><\/span><\/span><\/p>\n<p align=\"JUSTIFY\"><span style=\"font-family: Arial, sans-serif;\"><span style=\"font-size: medium;\"><span lang=\"es-AR\">A los efectos de la presente ordenanza se considera:<\/span><\/span><\/span><\/p>\n<p align=\"JUSTIFY\"><span style=\"font-family: Arial, sans-serif;\"><span style=\"font-size: medium;\"><span lang=\"es-AR\"><b>1.-<\/b><\/span><\/span><\/span> <span style=\"font-family: Arial, sans-serif;\"><span style=\"font-size: medium;\"><span lang=\"es-AR\"><b>CENTROS POBLADOS<\/b><\/span><\/span><\/span><span style=\"font-family: Arial, sans-serif;\"><span style=\"font-size: medium;\"><span lang=\"es-AR\">: Sectores utilizados para la residencia permanente de personas en el Distrito de Tornquist y que no se encuentran identificados como \u00c1reas Urbanas, a saber: Nueva Roma, Pelicur\u00e1 y San Andr\u00e9s de las Sierras, Berraondo, Garc\u00eda del R\u00edo, Estomba, Acceso Norte a Tornquist zona BC2.t, Zona REX.sv en Sierra de la Ventana, seg\u00fan c\u00f3digo de Ordenamiento Territorial vigente Ordenanza N\u00b0 1461\/02 , zona industrial definida por el Plan de Ordenamiento como ZI.t, a la parecela rural identificada catastralmente como: Circ. II \u2013 Secc. C \u2013 Cha. 145 \u2013 Pla. 3n. (Ordenanza 3044\/18) y Barrio Sustentable \u201cPrados del Sol\u201d. <\/span><\/span><\/span><\/p>\n<p align=\"JUSTIFY\"><span style=\"font-family: Arial, sans-serif;\"><span style=\"font-size: medium;\"><span lang=\"es-AR\"><b>2.- \u00c1REAS URBANAS:<\/b><\/span><\/span><\/span><span style=\"font-family: Arial, sans-serif;\"><span style=\"font-size: medium;\"><span lang=\"es-AR\"> destinada a asentamientos humanos intensivos, en la que se desarrollen usos vinculados con la residencia, las actividades terciarias y las de producci\u00f3n, a saber, Tornquist, Sierra de la Ventana, Saldungaray, Villa Ventana, Villa Serrana la Gruta, Tres Picos, Chasic\u00f3 y Felipe Sol\u00e1.<\/span><\/span><\/span><\/p>\n<p align=\"JUSTIFY\"><span style=\"font-family: Arial, sans-serif;\"><span style=\"font-size: medium;\"><span lang=\"es-AR\"><b>3.- AGROQU\u00cdMICO Y\/O PLAGUICIDA: <\/b><\/span><\/span><\/span><span style=\"font-family: Arial, sans-serif;\"><span style=\"font-size: medium;\"><span lang=\"es-AR\">Se entiende por agroqu\u00edmicos y\/o plaguicidas y\/o agroqu\u00edmicos: a las sustancias de s\u00edntesis qu\u00edmica de uso agr\u00edcola, de acci\u00f3n qu\u00edmica y\/o biol\u00f3gica, que tienden a evitar los efectos nocivos de plagas y\/o enfermedades sobre los cultivos, como tambi\u00e9n aquellas sustancias susceptibles de incrementar la producci\u00f3n vegetal y los que por extensi\u00f3n se utilicen en saneamiento ambiental. Se deja constancia que quedan equiparados y\/o comprendidos en la definici\u00f3n de agroqu\u00edmicos los siguientes t\u00e9rminos: biocidas, insecticidas, acaricidas, nematodicidas, fungicidas, bactericidas, antibi\u00f3tico, mamalicidas, avicidas, feromonas, molusquicidas, defoliantes, y\/o desecantes, fitorreguladores, herbicidas, coadyuvantes, fumigantes, repelentes, atractivos, fertilizantes, inoculantes y todos aquellos otros productos de s\u00edntesis qu\u00edmica no contemplados expl\u00edcitamente en esta clasificaci\u00f3n, pero que sean utilizados para la protecci\u00f3n y desarrollo de la producci\u00f3n vegetal.<\/span><\/span><\/span><\/p>\n<p align=\"JUSTIFY\"><span style=\"font-family: Arial, sans-serif;\"><span style=\"font-size: medium;\"><span lang=\"es-AR\"><b>4.-<\/b><\/span><\/span><\/span> <span style=\"font-family: Arial, sans-serif;\"><span style=\"font-size: medium;\"><span lang=\"es-AR\"><b>LINEA JARDIN HOGARE\u00d1A:<\/b><\/span><\/span><\/span><span style=\"font-family: Arial, sans-serif;\"><span style=\"font-size: medium;\"><span lang=\"es-AR\"> Resoluci\u00f3n Secretar\u00eda de Agricultura, Ganader\u00eda y Pesca de la Naci\u00f3n 131\/90, reglamentaci\u00f3n de la l\u00ednea jard\u00edn de productos de terap\u00e9utica vegetal.\u201d<\/span><\/span><\/span><\/p>\n<p align=\"JUSTIFY\"><span style=\"font-family: Arial, sans-serif;\"><span style=\"font-size: medium;\"><span lang=\"es-ES\">#<\/span><\/span><\/span><span style=\"font-family: Arial, sans-serif;\"><span style=\"font-size: medium;\"><span lang=\"es-ES\"><u><b>Expte. N\u00ba 098\/23:<\/b><\/u><\/span><\/span><\/span><span style=\"font-family: Arial, sans-serif;\"><span style=\"font-size: medium;\"><span lang=\"es-ES\"> &#8211; D.E. Cierre Ejercicio 2022.<\/span><\/span><\/span><\/p>\n<p align=\"JUSTIFY\"><span style=\"font-family: Arial, sans-serif;\"><span style=\"font-size: medium;\"><span lang=\"es-ES\">Este Expediente tiene dos Dict\u00e1menes<\/span><\/span><\/span><\/p>\n<p align=\"JUSTIFY\"><span style=\"font-family: Arial, sans-serif;\"><span style=\"font-size: medium;\"><span lang=\"es-ES\"><u>1\u00ba Dictamen:<\/u><\/span><\/span><\/span> <span style=\"font-family: Arial, sans-serif;\"><span style=\"font-size: medium;\"><span lang=\"es-ES\">Las Comisiones de <\/span><\/span><\/span><span style=\"font-family: Arial, sans-serif;\"><span style=\"font-size: medium;\"><span lang=\"es-ES\"><b>PRESUPUESTO Y HACIENDA; e INTERPRETACI\u00d3N Y REGLAMENTO (en mayor\u00eda), <\/b><\/span><\/span><\/span><span style=\"font-family: Arial, sans-serif;\"><span style=\"font-size: medium;\"><span lang=\"es-ES\">habiendo analizado el Expte. N\u00ba 098\/23, <\/span><\/span><\/span><span style=\"font-family: Arial, sans-serif;\"><span style=\"font-size: medium;\"><span lang=\"es-AR\">y luego de haber mantenido reuni\u00f3n con el \u00e1rea de Hacienda, aconsejan aprobar el Proyecto de Resoluci\u00f3n obrante a fs. 2 y el Proyecto de Ordenanza obrante a fs.3.- <\/span><\/span><\/span><\/p>\n<p lang=\"es-AR\" align=\"JUSTIFY\"><span style=\"font-family: Arial, sans-serif;\"><span style=\"font-size: medium;\">Asimismo, se\u00f1alan que el Departamento Ejecutivo cre\u00f3 7 nuevas Subsecretar\u00edas, situaci\u00f3n que increment\u00f3 el porcentaje de presupuesto en sueldos, comprometiendo el funcionamiento del Estado Municipal.<\/span><\/span><\/p>\n<p align=\"JUSTIFY\"><span style=\"font-family: Arial, sans-serif;\"><span style=\"font-size: medium;\"><span lang=\"es-ES\"><u>2\u00ba Dictamen:<\/u><\/span><\/span><\/span><span style=\"font-family: Arial, sans-serif;\"><span style=\"font-size: medium;\"><span lang=\"es-ES\"> La Comisi\u00f3n de <\/span><\/span><\/span><span style=\"font-family: Arial, sans-serif;\"><span style=\"font-size: medium;\"><span lang=\"es-ES\"><b>INTERPRETACI\u00d3N Y REGLAMENTO (en minor\u00eda), <\/b><\/span><\/span><\/span><span style=\"font-family: Arial, sans-serif;\"><span style=\"font-size: medium;\"><span lang=\"es-ES\">habiendo analizado el Expte. N\u00ba 098\/23, <\/span><\/span><\/span><span style=\"font-family: Arial, sans-serif;\"><span style=\"font-size: medium;\"><span lang=\"es-AR\">y luego de haber mantenido reuni\u00f3n con el \u00e1rea de Hacienda, aconsejan aprobar el Proyecto de Resoluci\u00f3n obrante a fs. 2 y el Proyecto de Ordenanza obrante a fs.3.- <\/span><\/span><\/span><\/p>\n<p align=\"JUSTIFY\"><span style=\"font-family: Arial, sans-serif;\"><span style=\"font-size: medium;\"><span lang=\"es-AR\">Se aprueba por mayor\u00eda el 1\u00ba dictamen.<\/span><\/span><\/span><\/p>\n<p align=\"JUSTIFY\"><span style=\"font-family: Arial, sans-serif;\"><span style=\"font-size: medium;\"><span lang=\"es-AR\">Por unanimidad del Cuerpo se aprueba la Resoluci\u00f3n N\u00ba 17\/23 y la Ordenanza N\u00ba 3638\/23 por la que se compensan<\/span><\/span><\/span><span style=\"font-family: Arial, sans-serif;\"><span style=\"font-size: medium;\"><span lang=\"es-ES\"> los excesos de cr\u00e9dito presupuestario producidos al 31 de diciembre de 2022.<\/span><\/span><\/span><\/p>\n<p align=\"JUSTIFY\"><span style=\"font-family: Arial, sans-serif;\"><span style=\"font-size: medium;\"><span lang=\"es-ES\"><u><b>Expte. N\u00ba 7344\/21:<\/b><\/u><\/span><\/span><\/span><span style=\"font-family: Arial, sans-serif;\"><span style=\"font-size: medium;\"><span lang=\"es-ES\"> &#8211; Bloques Frente de Todos y Frente Justicialista Cumplir \u2013 Minuta de Comunicaci\u00f3n: Solicita al D.E. informaci\u00f3n, estado y grado de avance del proyecto de erradicaci\u00f3n de basurero a Cielo Abierto.<\/span><\/span><\/span><\/p>\n<p align=\"JUSTIFY\"><span style=\"font-family: Arial, sans-serif;\"><span style=\"font-size: medium;\"><span lang=\"es-AR\">Se aprueba por unanimidad el dictamen de las Comisiones de <\/span><\/span><\/span><span style=\"font-family: Arial, sans-serif;\"><span style=\"font-size: medium;\"><span lang=\"es-ES\">PRODUCCI\u00d3N, COMERCIO E INDUSTRIA; Y ECOLOG\u00cdA Y MEDIO AMBIENTE, que aconsejan enviar el mismo al Archivo dado que perdi\u00f3 estado parlamentario.<\/span><\/span><\/span><\/p>\n<p align=\"JUSTIFY\"><span style=\"font-family: Arial, sans-serif;\"><span style=\"font-size: medium;\"><span lang=\"es-ES\">#<\/span><\/span><\/span><span style=\"font-family: Arial, sans-serif;\"><span style=\"font-size: medium;\"><span lang=\"es-ES\"><u><b>Expte. N\u00ba 7588\/22:<\/b><\/u><\/span><\/span><\/span><span style=\"font-family: Arial, sans-serif;\"><span style=\"font-size: medium;\"><span lang=\"es-ES\"> &#8211; N.P. \u2013 Instituciones de Villa Ventana: Solicitan declarar el 11 de Noviembre como fecha de Inter\u00e9s Patrimonial Municipal.<\/span><\/span><\/span><\/p>\n<p align=\"JUSTIFY\"><span style=\"font-family: Arial, sans-serif;\"><span style=\"font-size: medium;\"><span lang=\"es-AR\">Se aprueba por unanimidad el dictamen de las Comisiones de <\/span><\/span><\/span><span style=\"font-family: Arial, sans-serif;\"><span style=\"font-size: medium;\"><span lang=\"es-ES\">TURISMO Y DESARROLLO; e INTERPRETACI\u00d3N Y REGLAMENTO que aconsejan enviar el mismo al Archivo ya que se encuentra promulgada la Ordenanza 3620\/23 mediante Decreto N\u00ba 543\/23.-<\/span><\/span><\/span><\/p>\n<p align=\"JUSTIFY\"><span style=\"font-family: Arial, sans-serif;\"><span style=\"font-size: medium;\"><span lang=\"es-ES\">#<\/span><\/span><\/span><span style=\"font-family: Arial, sans-serif;\"><span style=\"font-size: medium;\"><span lang=\"es-ES\"><u><b>Expte. N\u00ba 7611\/23:<\/b><\/u><\/span><\/span><\/span><span style=\"font-family: Arial, sans-serif;\"><span style=\"font-size: medium;\"><span lang=\"es-ES\"> &#8211; N.P. \u2013 \u00c1ngela Naz\u00f3n: Ref. Transporte P\u00fablico de Pasajeros solicitando se restituya frecuencia.-<\/span><\/span><\/span><\/p>\n<p align=\"JUSTIFY\"><span style=\"font-family: Arial, sans-serif;\"><span style=\"font-size: medium;\"><span lang=\"es-AR\">Se aprueba por unanimidad el dictamen de las Comisiones de <\/span><\/span><\/span><span style=\"font-family: Arial, sans-serif;\"><span style=\"font-size: medium;\"><span lang=\"es-ES\">ASUNTOS MUNICIPALES; Y CULTURA, EDUCACI\u00d3N, CIENCIA Y TECNOLOG\u00cdA, que aconsejan enviar el mismo al Departamento Ejecutivo para que d\u00e9 respuesta a la nota obrante a fs. 1 y 2.-<\/span><\/span><\/span><\/p>\n<p align=\"JUSTIFY\"><span style=\"font-family: Arial, sans-serif;\"><span style=\"font-size: medium;\"><span lang=\"es-ES\">#<\/span><\/span><\/span><span style=\"font-family: Arial, sans-serif;\"><span style=\"font-size: medium;\"><span lang=\"es-ES\"><u><b>Expte. N\u00ba 7639\/23:<\/b><\/u><\/span><\/span><\/span><span style=\"font-family: Arial, sans-serif;\"><span style=\"font-size: medium;\"><span lang=\"es-ES\"> &#8211; Bloques Juntos y Juntos por el Cambio \u2013 Proyecto de Resoluci\u00f3n: Expresa benepl\u00e1cito y solicita pronto tratamiento del Proyecto de Ley \u201cAnillo de Seguridad Antidrogas\u201d.<\/span><\/span><\/span><\/p>\n<p align=\"JUSTIFY\"><span style=\"font-family: Arial, sans-serif;\"><span style=\"font-size: medium;\"><span lang=\"es-AR\">Seg\u00fan el dictamen de las <\/span><\/span><\/span><span style=\"font-family: Arial, sans-serif;\"><span style=\"font-size: medium;\"><span lang=\"es-ES\">Comisiones de<\/span><\/span><\/span><b> <\/b><span style=\"font-family: Arial, sans-serif;\"><span style=\"font-size: medium;\"><span lang=\"es-ES\">INTERPRETACI\u00d3N Y REGLAMENTO; Y SALUD P\u00daBLICA;<\/span><\/span><\/span><b> <\/b><span style=\"font-family: Arial, sans-serif;\"><span style=\"font-size: medium;\"><span lang=\"es-AR\">se aprueba por unanimidad la Resoluci\u00f3n N\u00ba 18\/23 por la que e<\/span><\/span><\/span><span style=\"font-family: Arial, sans-serif;\"><span style=\"font-size: medium;\"><span lang=\"\">l Honorable Concejo Deliberante de Tornquist expresa su benepl\u00e1cito y solicita el pronto tratamiento del Proyecto de Ley: \u201cAnillo de Seguridad Antidrogas\u201d en los entornos de los puertos y frentes mar\u00edtimos de la provincia de Buenos Aires con el objetivo de evitar el ingreso y egreso de precursores qu\u00edmicos y\/o drogas il\u00edcitas, presentado por la Senadora Provincial Nidia Moirano bajo el Expte E-80\/23-24.-<\/span><\/span><\/span><\/p>\n<p align=\"JUSTIFY\"><span style=\"font-family: Arial, sans-serif;\"><span style=\"font-size: medium;\"><span lang=\"es-ES\">#<\/span><\/span><\/span><span style=\"font-family: Arial, sans-serif;\"><span style=\"font-size: medium;\"><span lang=\"es-ES\"><u><b>Expte. N\u00ba 7640\/23:<\/b><\/u><\/span><\/span><\/span><span style=\"font-family: Arial, sans-serif;\"><span style=\"font-size: medium;\"><span lang=\"es-ES\"> &#8211; Bloques Juntos y Juntos por el Cambio \u2013 Proyecto de Resoluci\u00f3n: Manifiesta benepl\u00e1cito y apoyo al Proyecto de Ley D-2863-18-19 \u201cMonumento Hist\u00f3rico y Cultural de la Pcia. de Bs. As.<\/span><\/span><\/span><\/p>\n<p align=\"JUSTIFY\"><span style=\"font-family: Arial, sans-serif;\"><span style=\"font-size: medium;\"><span lang=\"es-AR\">Seg\u00fan el dictamen de las Comisiones de <\/span><\/span><\/span><span style=\"font-family: Arial, sans-serif;\"><span style=\"font-size: medium;\"><span lang=\"es-ES\">CULTURA, EDUCACI\u00d3N, CIENCIA Y TECNOLOG\u00cdA; INTERPRETACI\u00d3N Y REGLAMENTO; Y TURISMO Y DESARROLLO<\/span><\/span><\/span><span style=\"font-family: Arial, sans-serif;\"><span style=\"font-size: medium;\"><span lang=\"es-AR\">, se aprueba por unanimidad la Resoluci\u00f3n N\u00ba 19\/23 por la que se<\/span><\/span><\/span><span style=\"font-family: Arial, sans-serif;\"><span style=\"font-size: medium;\"><span lang=\"es-AR\"> m<\/span><\/span><\/span><span style=\"font-family: Arial, sans-serif;\"><span style=\"font-size: medium;\"><span lang=\"es-AR\">anifiesta benepl\u00e1cito y apoyo absoluto al Proyecto de Ley D-2863-18-19 \u201cMonumento Hist\u00f3rico Provincial, al Patrimonio Hist\u00f3rico y Cultural de la Provincia de Buenos Aires\u201d. Adem\u00e1s se solicita a la Honorable C\u00e1mara de Senadores de la Provincia de Buenos Aires, el pronto tratamiento del Proyecto de Ley D-2863-18-19 \u201cMonumento Hist\u00f3rico Provincial, al Patrimonio Hist\u00f3rico y Cultural de la Provincia de Buenos Aires\u201d.<\/span><\/span><\/span><\/p>\n<p lang=\"es-AR\" align=\"JUSTIFY\"><span style=\"font-family: Arial, sans-serif;\"><span style=\"font-size: medium;\"><u><b>Proyectos Presentados<\/b><\/u><\/span><\/span><\/p>\n<p align=\"JUSTIFY\"><span style=\"font-family: Arial, sans-serif;\"><span style=\"font-size: medium;\"><span lang=\"es-ES\"><u><b>Bloques Juntos y Juntos por el Cambio: Proyecto de Ordenanza:<\/b><\/u><\/span><\/span><\/span> <span style=\"font-family: Arial, sans-serif;\"><span style=\"font-size: medium;\"><span lang=\"es-AR\">Adhiere al \u201cPlan Nacional de Reducci\u00f3n de P\u00e9rdidas y Desperdicio de Alimentos\u201d dispuestos por la Ley Nacional N\u00ba 27.454.<\/span><\/span><\/span><\/p>\n<p lang=\"es-ES\" align=\"JUSTIFY\"><span style=\"font-family: Arial, sans-serif;\"><span style=\"font-size: medium;\">Este Proyecto consta de 9 Art\u00edculos.<\/span><\/span><\/p>\n<p lang=\"es-ES\" align=\"JUSTIFY\"><span style=\"font-family: Arial, sans-serif;\"><span style=\"font-size: medium;\">Firmado por: Luis Castro, Presidente Bloque Juntos; Sebasti\u00e1n Bassi, Presidente Bloque Juntos por el Cambio<\/span><\/span><\/p>\n<p lang=\"es-ES\" align=\"JUSTIFY\"><span style=\"font-family: Arial, sans-serif;\"><span style=\"font-size: medium;\">Se solicita formaci\u00f3n de Expte. y pase a Comisi\u00f3n.<\/span><\/span><\/p>\n<p align=\"JUSTIFY\"><span style=\"font-family: Arial, sans-serif;\"><span style=\"font-size: medium;\"><span lang=\"es-ES\"><u><b>Bloque Acci\u00f3n por Tornquist \u2013 Proyecto de Ordenanza:<\/b><\/u><\/span><\/span><\/span><span style=\"font-family: Arial, sans-serif;\"><span style=\"font-size: medium;\"><span lang=\"es-ES\"> Bloque Acci\u00f3n por Tornquist: Proyecto de Ordenanza: <\/span><\/span><\/span><span style=\"font-family: Arial, sans-serif;\"><span style=\"font-size: medium;\"><span lang=\"es-ES\">Impone el nombre \u201cAlicia Maribel \u2018Chichi\u2019 Avalos\u201d a la Oficina de Informes Tur\u00edsticos de Villa Ventana.<\/span><\/span><\/span><\/p>\n<p lang=\"es-ES\" align=\"JUSTIFY\"><span style=\"font-family: Arial, sans-serif;\"><span style=\"font-size: medium;\">Este Proyecto consta de 3 Art\u00edculos.<\/span><\/span><\/p>\n<p align=\"JUSTIFY\"><span style=\"font-family: Arial, sans-serif;\"><span style=\"font-size: medium;\"><span lang=\"es-ES\">Firmado por: Viviana Montibeller, Presidente Bloque Acci\u00f3n por Tornquist.<\/span><\/span><\/span><\/p>\n<p align=\"JUSTIFY\"><span style=\"font-family: Arial, sans-serif;\"><span style=\"font-size: medium;\"><span lang=\"es-ES\">Se solicita formaci\u00f3n de Expte. y pase a Comisi\u00f3n<\/span><\/span><\/span><\/p>\n<p lang=\"es-ES\" align=\"JUSTIFY\"><span style=\"font-family: Arial, sans-serif;\"><span style=\"font-size: medium;\"><u><b>Asuntos Particulares <\/b><\/u><\/span><\/span><\/p>\n<p lang=\"es-ES\" align=\"JUSTIFY\"><span style=\"font-family: Times New Roman, serif;\"><span style=\"font-size: medium;\"><span style=\"font-family: Arial, sans-serif;\"><span lang=\"es-ES\"><u><b>N.P N\u00ba 028\/23- Asociaci\u00f3n Rural de Tornquist<\/b><\/u><\/span><\/span><span style=\"font-family: Arial, sans-serif;\"><u><b>:<\/b><\/u><\/span><span style=\"font-family: Arial, sans-serif;\"> Informa sobre su preocupaci\u00f3n sobre algunos aspectos que no contribuyen en forma favorable sobre la seguridad rural de nuestro distrito, dado que en el lugar donde operan hoy los efectivos de la Patrulla Rural carece de las prioridades b\u00e1sicas para su normal desenvolvimiento.<\/span><\/span><\/span><\/p>\n<p lang=\"es-ES\" align=\"JUSTIFY\"><span style=\"font-family: Times New Roman, serif;\"><span style=\"font-size: medium;\"><span style=\"font-family: Arial, sans-serif;\">Manifiestan poder tener acceso de informaci\u00f3n real de los fondos que se adjudican en los diferentes municipios, dado que desconocen los montos recibidos.<\/span><\/span><\/span><\/p>\n<p lang=\"es-ES\" align=\"JUSTIFY\"><span style=\"font-family: Times New Roman, serif;\"><span style=\"font-size: medium;\"><span style=\"font-family: Arial, sans-serif;\"><span lang=\"es-AR\">Por Secretar\u00eda se dar\u00e1 respuesta.<\/span><\/span><\/span><\/span><\/p>\n<p lang=\"es-ES\" align=\"JUSTIFY\"><span style=\"font-family: Times New Roman, serif;\"><span style=\"font-size: medium;\"><span style=\"font-family: Arial, sans-serif;\"><span lang=\"es-ES\"><u><b>N.P &#8211; N\u00ba 029\/23- Asociaci\u00f3n Cuerpo Bomberos Voluntarios Tornquist<\/b><\/u><\/span><\/span><span style=\"font-family: Arial, sans-serif;\"><u><b>:<\/b><\/u><\/span><span style=\"font-family: Arial, sans-serif;\"> Solicita reuni\u00f3n, con el objetivo de poder transmitir a los integrantes del Honorable Concejo Deliberante en referencia a problem\u00e1tica que han debido afrontar en el \u00faltimo incendio forestal desarrollado en el sector serrano durante el mes de febrero pr\u00f3ximo pasado.<\/span><\/span><\/span><\/p>\n<p lang=\"es-AR\" align=\"JUSTIFY\"><span style=\"font-family: Arial, sans-serif;\"><span style=\"font-size: medium;\">Por Secretar\u00eda se organizar\u00e1 la reuni\u00f3n solicitada<\/span><\/span><\/p>\n<p lang=\"es-ES\" align=\"JUSTIFY\"><span style=\"font-family: Times New Roman, serif;\"><span style=\"font-size: medium;\"><span style=\"font-family: Arial, sans-serif;\"><span lang=\"es-ES\"><u><b>N.P N\u00ba 030\/23- Ing. Forestal Walter Taylor<\/b><\/u><\/span><\/span><span style=\"font-family: Arial, sans-serif;\"><u><b>:<\/b><\/u><\/span><span style=\"font-family: Arial, sans-serif;\"> Solicita aval al proyecto de tesis \u201cPago por servicios ecosist\u00e9micos: Regulaci\u00f3n h\u00eddrica de la cuenca del Arroyo Ventana Tornquist \u2013 Buenos Aires\u201d<\/span><\/span><\/span><\/p>\n<p lang=\"es-AR\" align=\"JUSTIFY\"><span style=\"font-family: Arial, sans-serif;\"><span style=\"font-size: medium;\">Se solicita formaci\u00f3n de Expte. y pase a Comisi\u00f3n.<\/span><\/span><\/p>\n<p lang=\"es-ES\" align=\"JUSTIFY\"><span style=\"font-family: Times New Roman, serif;\"><span style=\"font-size: medium;\"><span style=\"font-family: Arial, sans-serif;\"><span lang=\"es-ES\"><u><b>N.P N\u00ba 031\/23- Consejo Municipal de las Mujeres<\/b><\/u><\/span><\/span><span style=\"font-family: Arial, sans-serif;\"><u><b>:<\/b><\/u><\/span><span style=\"font-family: Arial, sans-serif;\"> Ref. problem\u00e1tica en la Plaza del ACA de Sierra de la Ventana y sobre Derecho de la Infancia.<\/span><\/span><\/span><\/p>\n<p align=\"JUSTIFY\"><span style=\"font-family: Arial, sans-serif;\"><span style=\"font-size: medium;\"><span lang=\"es-ES\">desde<\/span><\/span><\/span><span style=\"font-family: Arial, sans-serif;\"><span style=\"font-size: medium;\"><span lang=\"es-AR\"> Presidencia se enviar\u00e1 copia de la nota al Departamento Ejecutivo para que por las \u00e1reas correspondientes se d\u00e9 soluci\u00f3n a la problem\u00e1tica planteada.<\/span><\/span><\/span><\/p>\n<p lang=\"es-ES\" align=\"JUSTIFY\"><span style=\"font-family: Times New Roman, serif;\"><span style=\"font-size: medium;\"><span style=\"font-family: Arial, sans-serif;\"><span lang=\"es-ES\"><u><b>N.P N\u00ba 032\/23- <\/b><\/u><\/span><\/span><span style=\"font-family: Arial, sans-serif;\"><u><b>Vecinos autoconvocados de Sierra de la Ventana:<\/b><\/u><\/span><span style=\"font-family: Arial, sans-serif;\"> Petitorio Ref. designaci\u00f3n Delegado Sierra de la Ventana, Julio Baamonde.<\/span><\/span><\/span><\/p>\n<p lang=\"es-AR\" align=\"JUSTIFY\"><span style=\"font-family: Arial, sans-serif;\"><span style=\"font-size: medium;\">Desde Presidencia se analizar\u00e1n las acciones a seguir con respecto a la realizaci\u00f3n de un Pedido de Informe y se enviar\u00e1 al Departamento Ejecutivo copia de la nota.<\/span><\/span><\/p>\n<p lang=\"es-AR\" align=\"JUSTIFY\"><span style=\"font-family: Arial, sans-serif;\"><span style=\"font-size: medium;\">Alocuciones de los Concejales:<\/span><\/span><\/p>\n<p lang=\"es-ES\" align=\"JUSTIFY\"><span style=\"font-family: Arial, sans-serif;\"><span style=\"font-size: medium;\">Concejal Elisabet Nori: <\/span><\/span><\/p>\n<p align=\"JUSTIFY\">\u201c<span style=\"font-family: Arial, sans-serif;\"><span style=\"font-size: medium;\"><span lang=\"es-ES\">Bueno, dos temas quer\u00eda abordar. Uno tiene que ver con la nota que present\u00f3 la Asociaci\u00f3n Rural de Tornquist respecto a las condiciones laborales de la Patrulla Rural. Realmente es una verdadera verg\u00fcenza, una desidia en las condiciones que posee la Patrulla Rural para desempe\u00f1ar sus funciones. De verdad adem\u00e1s de la escasez de combustible para poder hacer el patrullaje como corresponde teniendo en cuenta la cantidad de kil\u00f3metros que tenemos de caminos rurales, tambi\u00e9n las condiciones laborales tan deprimentes en las cuales deben desarrollar su trabajo, en una casilla muy peque\u00f1a donde tienen que hacer los informes, tomar las entrevistas, etc\u00e9tera, con un sanitario muy precario donde no hay lugar para higienizarse. Deben tener en cuenta que hay m\u00e1s de veinte personas trabajando en la Patrulla Rural de Tornquist, muchas de ellas no son oriundas de nuestra localidad, vienen de distritos vecinos por lo cual necesitan contar con una m\u00ednima comodidad para poder permanecer la cantidad de horas que deben permanecer en cumplimiento de su funci\u00f3n. La verdad que tampoco tienen privacidad para cuando va un ciudadano a formular una denuncia o a formular una inquietud, cuando eso pasa tienen que retirarse todos los que est\u00e1n dentro de la casilla y solamente quedarse la persona escribiente que toma la denuncia o la inquietud. De verdad que es muy preocupante porque los productores agropecuarios necesitan contar o saber que van a estar seguros o contar con un marco de seguridad para sus establecimientos y para las producciones de sus establecimientos, que es parte o una gran parte de la econom\u00eda de nuestro distrito. Asique espero que esta nota realmente sea tenida en cuenta y que las autoridades a las cuales les compete dar soluci\u00f3n a esta tem\u00e1tica act\u00faen en consecuencia, por un lado eso. Por otro lado referirme a la Resoluci\u00f3n que se aprob\u00f3 hoy en referencia a un Proyecto de Ley sobre anillo de seguridad antidrogas, estos anillos de seguridad que generalmente se ubican en los puertos o en las zonas portuarias son medidas de prevenci\u00f3n que se toman en muchas ciudades no solo de nuestro pa\u00eds sino tambi\u00e9n del mundo. Quiero decir que bueno, en relaci\u00f3n a este tema estuve mirando la p\u00e1gina del Sedronar y otros portales de informaci\u00f3n. Lamentablemente por lo que vi no hay justamente estad\u00edsticas muy recientes ni n\u00fameros muy recientes, pero s\u00ed hay un estudio hecho al finalizar la pandemia, creo que es de finales del a\u00f1o 2021, donde con mucha preocupaci\u00f3n se denota el crecimiento del consumo en especial en menores y en menores de 12 a\u00f1os, en una poblaci\u00f3n infantil. Eso realmente es muy preocupante incluso el consumo de drogas il\u00edcitas alternativas que afectan notoriamente las funciones neuronales de las personas y otras funciones org\u00e1nicas tambi\u00e9n. Esto es muy preocupante e investigando a nivel local qu\u00e9 podemos hacer descubro que hay una Ordenanza, la Ordenanza 2699\/14 que sugiere o indica mejor dicho; no sugiere, indica; la formaci\u00f3n del Foro distrital de participaci\u00f3n social para la lucha contra las adicciones, Foro que nunca termin\u00f3 de conformarse. Ser\u00eda prudente por all\u00ed, nosotros desde este Concejo Deliberante tratar de reflotar esa Ordenanza, ver de qu\u00e9 se trataba, ver si realmente la podemos concretar la podemos llevar a cabo, porque considero que es un tema que nos atraviesa, nos atraviesa a todos como sociedad, Tornquist a pesar de ser un lugar hist\u00f3ricamente tranquilo no est\u00e1 ajeno a esta problem\u00e1tica, as\u00ed que bueno, esperemos que entre todos los Concejales, creo que va a haber consenso en este aspecto, poder retomar esta Ordenanza y retomar el esp\u00edritu de la Ordenanza para llegar a concretar este Foro distrital de participaci\u00f3n social para la lucha contra las adicciones. Nada m\u00e1s se\u00f1ora Presidente.<\/span><\/span><\/span><\/p>\n<p lang=\"es-ES\" align=\"JUSTIFY\"><span style=\"font-family: Arial, sans-serif;\"><span style=\"font-size: medium;\">Concejal Luis Castro: <\/span><\/span><\/p>\n<p align=\"JUSTIFY\">\u201c<span style=\"font-family: Arial, sans-serif;\"><span style=\"font-size: medium;\"><span lang=\"es-ES\">Buenos quer\u00eda referirme al expediente 98\/23 que hoy tratamos ac\u00e1 y aprobamos por mayor\u00eda que es el Cierre del Ejercicio 2022, del presupuesto 2022. Que hoy tratamos ac\u00e1 y lo venimos tratando desde que ingres\u00f3 al Concejo Deliberante responsablemente. Tuvimos reuni\u00f3n con el \u00e1rea de Hacienda Municipal, con el Contador, bueno, nos explicaron varias de las cuestiones del Cierre. Y remarco lo de responsablemente porque la Secretaria de Hacienda ha se\u00f1alado d\u00eda atr\u00e1s en un medio de comunicaci\u00f3n que los Concejales \u00e9ramos irresponsables porque no le hab\u00edamos dado el aumento de Tasas que ellos pretend\u00edan que era cercano al 100%, aumento de Tasas que ellos tambi\u00e9n aprobaron por eso es medio raro lo que marc\u00f3 la Secretaria de Hacienda. Pero bueno, nosotros somos responsables y m\u00e1s all\u00e1 de hoy haber aprobado el Cierre del Ejercicio creo que igual hay cuestiones para marcar en cuanto a la administraci\u00f3n de los recursos municipales que las dejamos sentadas en el dictamen, una de ellas tiene que ver con la creaci\u00f3n durante el a\u00f1o 2022 de siete nuevas Subsecretar\u00edas y alguna Secretar\u00eda \u201cA\u201d que no exist\u00eda tampoco. Creo que es importante marcar eso porque el Ejecutivo Municipal se qued\u00f3 pr\u00e1cticamente sin ninguna Direcci\u00f3n, no s\u00e9 si quedar\u00e1 alguna, todas Subsecretar\u00edas. Y el argumento por lo menos de alguna de esas Subsecretar\u00edas fue que justamente pasaban a ser Subsecretar\u00eda porque los funcionarios quer\u00edan ganar m\u00e1s. Bueno, creo que si nosotros somos irresponsables por no dar el aumento de Tasas cercano al 100% que era lo que quer\u00eda el Ejecutivo, creo que m\u00e1s irresponsable es el Ejecutivo que argumenta que est\u00e1 ajustado de Presupuesto pero a la vez sigue creando cargos pol\u00edticos o va aumentando los sueldos de los funcionarios. Creo que esto hay que marcarlo, siete Subsecretar\u00edas nuevas, que no estaban. Y tambi\u00e9n hab\u00eda una discusi\u00f3n en cuanto a la cantidad de empleados que nunca queda clara, cada Cierra de Ejercicio siempre est\u00e1 la misma discusi\u00f3n, de las bajas, de bueno, nunca queda claro lamentablemente. Pero bueno, tambi\u00e9n la Secretaria de Hacienda en la reuni\u00f3n que tuvimos por el Cierre ha manifestado que cuando le consultamos sobre las dudas que ten\u00edamos sobre la Cooperativa de Trabajo que se desempe\u00f1\u00f3 el a\u00f1o pasado en el municipio barriendo las calles contratando personas, bueno, las dudas las seguimos teniendo porque no las pudieron responder ni verbalmente ni escrito, lo mejor ser\u00eda tenerlo escrito, queda todo claro, bueno no est\u00e1 claro eso, est\u00e1 oscuro, y lamentablemente no vamos a tener nunca la respuesta realmente por qu\u00e9 se dio y c\u00f3mo fue realmente lo que cobr\u00f3 cada trabajador, cada asociado. Pero bueno, la Secretaria de Hacienda manifest\u00f3 que en su momento contrataron a esta Cooperativa de Bah\u00eda Blanca para no exceder el porcentaje que hab\u00edamos estipulado en el Presupuesto 2022, que era alrededor del 4%. Bueno, creo que hay que reconocer su honestidad pero en definitiva nos dijo que para esquivar el Presupuesto y no cumplirlo contrata una Cooperativa, creo que no, no es positivo y justamente esto es lo que genera muchas veces que las Tasas, como ya lo hemos marcado varias veces, terminen siendo ileg\u00edtimas en muchos casos, porque repito si el Ejecutivo dice que est\u00e1 ajustado presupuestariamente culpa de los Concejales y no culpa del contexto econ\u00f3mico que hay inflacionario principalmente, es culpa nuestra porque no dimos el 100% de aumento de Tasas que ellos pretend\u00edan, pero a la vez siguen haciendo estas cosas la verdad que no tiene, ni pie ni cabeza. Y los vecinos lamentablemente la cobrabilidad de las Tasas si la podemos mejorar un poco o un poquito as\u00ed no lo vamos a lograr. Muchas gracias.\u201d<\/span><\/span><\/span><\/p>\n<p align=\"JUSTIFY\"><span style=\"font-family: Arial, sans-serif;\"><span style=\"font-size: medium;\"><span lang=\"es-ES\">Concejal Sandra Kifer: <\/span><\/span><\/span><\/p>\n<p align=\"JUSTIFY\">\u201c<span style=\"font-family: Arial, sans-serif;\"><span style=\"font-size: medium;\"><span lang=\"es-ES\">Simplemente quiero comunicar e informar que en el d\u00eda de la fecha hemos recibido varios reclamos por el estado del mantenimiento de la Ruta 76. Entonces lo que me gustar\u00eda es informar al Departamento Ejecutivo y al \u00e1rea del Departamento Ejecutivo que corresponda si por favor puede tomar las acciones necesarias para poder informar a Vialidad Provincial y en vista de que estamos pr\u00f3ximos a un feriado largo, si m\u00ednimamente se puede poner carteler\u00eda en el sector de la Ruta 76 para poder prevenir no solamente la rotura de los rodados que circulan por esa ruta sino prevenir accidentes. Sabemos que hay un compromiso que se va a llevar a cabo la repavimentaci\u00f3n de esa ruta, estaba mencionada la licitaci\u00f3n y va a salir si no me equivoco en el mes de junio, de mayo, de junio, pero en vista de que es un reclamo hist\u00f3rico de la regi\u00f3n poder solicitar que m\u00ednimamente se pueda poner carteler\u00eda informando el estado de la ruta que est\u00e1 en condiciones de extrema decadencia, hay pozos grand\u00edsimos sobre todo desde el sector que pertenece al Partido de Coronel Su\u00e1rez, no al distrito de Tornquist en el sector desde Sierra de la ventana del acceso de Sierra de la Ventana para San Eloy, sobre todo los primeros 20-25 km. Simplemente era esto, dejar esta inquietud para que a ver si de alguna manera se puede poner carteler\u00eda en la ruta para informar a los conductores que transitan por ella que puedan tener cuidado, nada m\u00e1s.\u201d<\/span><\/span><\/span><\/p>\n<p lang=\"es-AR\" align=\"JUSTIFY\"><span style=\"color: #000000;\"><span style=\"font-family: Arial, sans-serif;\"><span style=\"font-size: medium;\">HONORABLE CONCEJO DELIBERANTE<\/span><\/span><\/span><\/p>\n<p><iframe loading=\"lazy\" title=\"2023 05 17 HCD 1   NOTA ENVIADA POR LOS VECINOS AUTOCONVOCADOS DE SIERRA DE LA VENTANA\" width=\"500\" height=\"281\" src=\"https:\/\/www.youtube.com\/embed\/ELw0jr8ARh0?feature=oembed\" frameborder=\"0\" allow=\"accelerometer; autoplay; clipboard-write; encrypted-media; gyroscope; picture-in-picture; web-share\" referrerpolicy=\"strict-origin-when-cross-origin\" allowfullscreen><\/iframe><\/p>\n<p><iframe loading=\"lazy\" title=\"2023 05 17 HCD 2   ELISABET NORI   PATRULLA RURAL\" width=\"500\" height=\"281\" src=\"https:\/\/www.youtube.com\/embed\/t28GNsN-iO8?feature=oembed\" frameborder=\"0\" allow=\"accelerometer; autoplay; clipboard-write; encrypted-media; gyroscope; picture-in-picture; web-share\" referrerpolicy=\"strict-origin-when-cross-origin\" allowfullscreen><\/iframe><\/p>\n<p><iframe loading=\"lazy\" title=\"2023 05 17 HCD 3   ELISABET NORI   ANILLOS DE SEGURIDAD ANTI DROGAS\" width=\"500\" height=\"281\" src=\"https:\/\/www.youtube.com\/embed\/pzk9T4_NfVA?feature=oembed\" frameborder=\"0\" allow=\"accelerometer; autoplay; clipboard-write; encrypted-media; gyroscope; picture-in-picture; web-share\" referrerpolicy=\"strict-origin-when-cross-origin\" allowfullscreen><\/iframe><\/p>\n<p><iframe loading=\"lazy\" title=\"2023 05 17 HCD 4   LUIS CASTRO   APROBACION POR MAYORIA DEL CIERRE DEL EJERCICIO 2022\" width=\"500\" height=\"281\" src=\"https:\/\/www.youtube.com\/embed\/Hrlat2tuhOI?feature=oembed\" frameborder=\"0\" allow=\"accelerometer; autoplay; clipboard-write; encrypted-media; gyroscope; picture-in-picture; web-share\" referrerpolicy=\"strict-origin-when-cross-origin\" allowfullscreen><\/iframe><\/p>\n<p><iframe loading=\"lazy\" title=\"2023 05 17 HCD 5   SANDRA KIFER   RUTA PROVINCIAL 76\" width=\"500\" height=\"281\" src=\"https:\/\/www.youtube.com\/embed\/IwTcIc_M5YI?feature=oembed\" frameborder=\"0\" allow=\"accelerometer; autoplay; clipboard-write; encrypted-media; gyroscope; picture-in-picture; web-share\" referrerpolicy=\"strict-origin-when-cross-origin\" allowfullscreen><\/iframe><\/p>\n","protected":false},"excerpt":{"rendered":"<p>INFORME DE LA SESI\u00d3N ORDINARIA DE FECHA 16-05-23 Comunicaciones Oficiales: Nota N\u00ba 064\/23: &#8211; D.E. &#8211; Solicita se adjunte plano al Expediente N\u00ba 210\/22.- Se aprueba por unanimidad dicha solicitud. Expte. N\u00ba 210\/22: &#8211; N.P. \u2013 Caffieri Fernando Secretario General de SUTEBA Tornquist solicita Colaboraci\u00f3n en la obtenci\u00f3n de una franja de tierra \u2013 Plan [&hellip;]<\/p>\n","protected":false},"author":3,"featured_media":76031,"comment_status":"closed","ping_status":"closed","sticky":false,"template":"","format":"standard","meta":{"footnotes":""},"categories":[53],"tags":[],"class_list":["post-76030","post","type-post","status-publish","format-standard","has-post-thumbnail","hentry","category-politica"],"yoast_head":"<!-- This site is optimized with the Yoast SEO plugin v19.7.1 - https:\/\/yoast.com\/wordpress\/plugins\/seo\/ -->\n<title>Informe de la \u00faltima sesi\u00f3n ordinaria del HCD (Videos) - CELTTV<\/title>\n<meta name=\"description\" content=\"Sitio web de noticias de la localidad de Tornquist, provincia de Buenos Aires, Rep\u00fablica Argentina. Contenido propio originado por periodistas de CELTTV, el canal de TV local de la Cooperativa El\u00e9ctrica de Tornquist. Turismo, Pol\u00edtica, Sociedad, Deporte, Cultura y todo el contenido de inter\u00e9s general que la gente del pueblo y la regi\u00f3n debe conocer.\" \/>\n<meta name=\"robots\" content=\"index, follow, max-snippet:-1, max-image-preview:large, max-video-preview:-1\" \/>\n<link rel=\"canonical\" href=\"https:\/\/www.celttv.com.ar\/index.php\/2023\/05\/19\/informe-de-la-ultima-sesion-ordinaria-del-hcd-videos-5\/\" \/>\n<meta property=\"og:locale\" content=\"es_ES\" \/>\n<meta property=\"og:type\" content=\"article\" \/>\n<meta property=\"og:title\" content=\"Informe de la \u00faltima sesi\u00f3n ordinaria del HCD (Videos) - CELTTV\" \/>\n<meta property=\"og:description\" content=\"Sitio web de noticias de la localidad de Tornquist, provincia de Buenos Aires, Rep\u00fablica Argentina. Contenido propio originado por periodistas de CELTTV, el canal de TV local de la Cooperativa El\u00e9ctrica de Tornquist. Turismo, Pol\u00edtica, Sociedad, Deporte, Cultura y todo el contenido de inter\u00e9s general que la gente del pueblo y la regi\u00f3n debe conocer.\" \/>\n<meta property=\"og:url\" content=\"https:\/\/www.celttv.com.ar\/index.php\/2023\/05\/19\/informe-de-la-ultima-sesion-ordinaria-del-hcd-videos-5\/\" \/>\n<meta property=\"og:site_name\" content=\"CELTTV\" \/>\n<meta property=\"article:publisher\" content=\"https:\/\/www.facebook.com\/celtTV\/\" \/>\n<meta property=\"article:published_time\" content=\"2023-05-19T15:20:35+00:00\" \/>\n<meta property=\"og:image\" content=\"https:\/\/www.celttv.com.ar\/wp-content\/uploads\/2023\/05\/903a0eab7a84236d731629e6ee430c3e4b10f5b7.jpg\" \/>\n\t<meta property=\"og:image:width\" content=\"880\" \/>\n\t<meta property=\"og:image:height\" content=\"506\" \/>\n\t<meta property=\"og:image:type\" content=\"image\/jpeg\" \/>\n<meta name=\"author\" content=\"Rodrigo Sgammini\" \/>\n<meta name=\"twitter:card\" content=\"summary_large_image\" \/>\n<meta name=\"twitter:label1\" content=\"Escrito por\" \/>\n\t<meta name=\"twitter:data1\" content=\"Rodrigo Sgammini\" \/>\n\t<meta name=\"twitter:label2\" content=\"Tiempo de lectura\" \/>\n\t<meta name=\"twitter:data2\" content=\"25 minutos\" \/>\n<script type=\"application\/ld+json\" class=\"yoast-schema-graph\">{\"@context\":\"https:\/\/schema.org\",\"@graph\":[{\"@type\":\"NewsArticle\",\"@id\":\"https:\/\/www.celttv.com.ar\/index.php\/2023\/05\/19\/informe-de-la-ultima-sesion-ordinaria-del-hcd-videos-5\/#article\",\"isPartOf\":{\"@id\":\"https:\/\/www.celttv.com.ar\/index.php\/2023\/05\/19\/informe-de-la-ultima-sesion-ordinaria-del-hcd-videos-5\/\"},\"author\":{\"name\":\"Rodrigo Sgammini\",\"@id\":\"https:\/\/www.celttv.com.ar\/#\/schema\/person\/495be51d064edd971d8457f8f64eb172\"},\"headline\":\"Informe de la \u00faltima sesi\u00f3n ordinaria del HCD (Videos)\",\"datePublished\":\"2023-05-19T15:20:35+00:00\",\"dateModified\":\"2023-05-19T15:20:35+00:00\",\"mainEntityOfPage\":{\"@id\":\"https:\/\/www.celttv.com.ar\/index.php\/2023\/05\/19\/informe-de-la-ultima-sesion-ordinaria-del-hcd-videos-5\/\"},\"wordCount\":4977,\"publisher\":{\"@id\":\"https:\/\/www.celttv.com.ar\/#organization\"},\"articleSection\":[\"Pol\u00edtica\"],\"inLanguage\":\"es\"},{\"@type\":\"WebPage\",\"@id\":\"https:\/\/www.celttv.com.ar\/index.php\/2023\/05\/19\/informe-de-la-ultima-sesion-ordinaria-del-hcd-videos-5\/\",\"url\":\"https:\/\/www.celttv.com.ar\/index.php\/2023\/05\/19\/informe-de-la-ultima-sesion-ordinaria-del-hcd-videos-5\/\",\"name\":\"Informe de la \u00faltima sesi\u00f3n ordinaria del HCD (Videos) - CELTTV\",\"isPartOf\":{\"@id\":\"https:\/\/www.celttv.com.ar\/#website\"},\"datePublished\":\"2023-05-19T15:20:35+00:00\",\"dateModified\":\"2023-05-19T15:20:35+00:00\",\"description\":\"Sitio web de noticias de la localidad de Tornquist, provincia de Buenos Aires, Rep\u00fablica Argentina. Contenido propio originado por periodistas de CELTTV, el canal de TV local de la Cooperativa El\u00e9ctrica de Tornquist. Turismo, Pol\u00edtica, Sociedad, Deporte, Cultura y todo el contenido de inter\u00e9s general que la gente del pueblo y la regi\u00f3n debe conocer.\",\"breadcrumb\":{\"@id\":\"https:\/\/www.celttv.com.ar\/index.php\/2023\/05\/19\/informe-de-la-ultima-sesion-ordinaria-del-hcd-videos-5\/#breadcrumb\"},\"inLanguage\":\"es\",\"potentialAction\":[{\"@type\":\"ReadAction\",\"target\":[\"https:\/\/www.celttv.com.ar\/index.php\/2023\/05\/19\/informe-de-la-ultima-sesion-ordinaria-del-hcd-videos-5\/\"]}]},{\"@type\":\"BreadcrumbList\",\"@id\":\"https:\/\/www.celttv.com.ar\/index.php\/2023\/05\/19\/informe-de-la-ultima-sesion-ordinaria-del-hcd-videos-5\/#breadcrumb\",\"itemListElement\":[{\"@type\":\"ListItem\",\"position\":1,\"name\":\"Inicio\",\"item\":\"https:\/\/www.celttv.com.ar\/\"},{\"@type\":\"ListItem\",\"position\":2,\"name\":\"Informe de la \u00faltima sesi\u00f3n ordinaria del HCD (Videos)\"}]},{\"@type\":\"WebSite\",\"@id\":\"https:\/\/www.celttv.com.ar\/#website\",\"url\":\"https:\/\/www.celttv.com.ar\/\",\"name\":\"CELTTV\",\"description\":\"Cooperativa El\u00e9ctrica de Tornquist\",\"publisher\":{\"@id\":\"https:\/\/www.celttv.com.ar\/#organization\"},\"potentialAction\":[{\"@type\":\"SearchAction\",\"target\":{\"@type\":\"EntryPoint\",\"urlTemplate\":\"https:\/\/www.celttv.com.ar\/?s={search_term_string}\"},\"query-input\":\"required name=search_term_string\"}],\"inLanguage\":\"es\"},{\"@type\":\"Organization\",\"@id\":\"https:\/\/www.celttv.com.ar\/#organization\",\"name\":\"CELTTV\",\"url\":\"https:\/\/www.celttv.com.ar\/\",\"sameAs\":[\"https:\/\/www.youtube.com\/channel\/UCz_oIt8Hig64Ub-EmcNPIhg\",\"https:\/\/www.facebook.com\/celtTV\/\"],\"logo\":{\"@type\":\"ImageObject\",\"inLanguage\":\"es\",\"@id\":\"https:\/\/www.celttv.com.ar\/#\/schema\/logo\/image\/\",\"url\":\"http:\/\/www.celttv.com.ar\/wp-content\/uploads\/2022\/08\/logo-1.png\",\"contentUrl\":\"http:\/\/www.celttv.com.ar\/wp-content\/uploads\/2022\/08\/logo-1.png\",\"width\":461,\"height\":159,\"caption\":\"CELTTV\"},\"image\":{\"@id\":\"https:\/\/www.celttv.com.ar\/#\/schema\/logo\/image\/\"}},{\"@type\":\"Person\",\"@id\":\"https:\/\/www.celttv.com.ar\/#\/schema\/person\/495be51d064edd971d8457f8f64eb172\",\"name\":\"Rodrigo Sgammini\",\"image\":{\"@type\":\"ImageObject\",\"inLanguage\":\"es\",\"@id\":\"https:\/\/www.celttv.com.ar\/#\/schema\/person\/image\/\",\"url\":\"https:\/\/secure.gravatar.com\/avatar\/68f7848d42735e7a9276b47cd6e606327d88f521c51ae39d88888b76902e2987?s=96&d=mm&r=g\",\"contentUrl\":\"https:\/\/secure.gravatar.com\/avatar\/68f7848d42735e7a9276b47cd6e606327d88f521c51ae39d88888b76902e2987?s=96&d=mm&r=g\",\"caption\":\"Rodrigo Sgammini\"}}]}<\/script>\n<!-- \/ Yoast SEO plugin. -->","yoast_head_json":{"title":"Informe de la \u00faltima sesi\u00f3n ordinaria del HCD (Videos) - CELTTV","description":"Sitio web de noticias de la localidad de Tornquist, provincia de Buenos Aires, Rep\u00fablica Argentina. Contenido propio originado por periodistas de CELTTV, el canal de TV local de la Cooperativa El\u00e9ctrica de Tornquist. Turismo, Pol\u00edtica, Sociedad, Deporte, Cultura y todo el contenido de inter\u00e9s general que la gente del pueblo y la regi\u00f3n debe conocer.","robots":{"index":"index","follow":"follow","max-snippet":"max-snippet:-1","max-image-preview":"max-image-preview:large","max-video-preview":"max-video-preview:-1"},"canonical":"https:\/\/www.celttv.com.ar\/index.php\/2023\/05\/19\/informe-de-la-ultima-sesion-ordinaria-del-hcd-videos-5\/","og_locale":"es_ES","og_type":"article","og_title":"Informe de la \u00faltima sesi\u00f3n ordinaria del HCD (Videos) - CELTTV","og_description":"Sitio web de noticias de la localidad de Tornquist, provincia de Buenos Aires, Rep\u00fablica Argentina. Contenido propio originado por periodistas de CELTTV, el canal de TV local de la Cooperativa El\u00e9ctrica de Tornquist. Turismo, Pol\u00edtica, Sociedad, Deporte, Cultura y todo el contenido de inter\u00e9s general que la gente del pueblo y la regi\u00f3n debe conocer.","og_url":"https:\/\/www.celttv.com.ar\/index.php\/2023\/05\/19\/informe-de-la-ultima-sesion-ordinaria-del-hcd-videos-5\/","og_site_name":"CELTTV","article_publisher":"https:\/\/www.facebook.com\/celtTV\/","article_published_time":"2023-05-19T15:20:35+00:00","og_image":[{"width":880,"height":506,"url":"https:\/\/www.celttv.com.ar\/wp-content\/uploads\/2023\/05\/903a0eab7a84236d731629e6ee430c3e4b10f5b7.jpg","type":"image\/jpeg"}],"author":"Rodrigo Sgammini","twitter_card":"summary_large_image","twitter_misc":{"Escrito por":"Rodrigo Sgammini","Tiempo de lectura":"25 minutos"},"schema":{"@context":"https:\/\/schema.org","@graph":[{"@type":"NewsArticle","@id":"https:\/\/www.celttv.com.ar\/index.php\/2023\/05\/19\/informe-de-la-ultima-sesion-ordinaria-del-hcd-videos-5\/#article","isPartOf":{"@id":"https:\/\/www.celttv.com.ar\/index.php\/2023\/05\/19\/informe-de-la-ultima-sesion-ordinaria-del-hcd-videos-5\/"},"author":{"name":"Rodrigo Sgammini","@id":"https:\/\/www.celttv.com.ar\/#\/schema\/person\/495be51d064edd971d8457f8f64eb172"},"headline":"Informe de la \u00faltima sesi\u00f3n ordinaria del HCD (Videos)","datePublished":"2023-05-19T15:20:35+00:00","dateModified":"2023-05-19T15:20:35+00:00","mainEntityOfPage":{"@id":"https:\/\/www.celttv.com.ar\/index.php\/2023\/05\/19\/informe-de-la-ultima-sesion-ordinaria-del-hcd-videos-5\/"},"wordCount":4977,"publisher":{"@id":"https:\/\/www.celttv.com.ar\/#organization"},"articleSection":["Pol\u00edtica"],"inLanguage":"es"},{"@type":"WebPage","@id":"https:\/\/www.celttv.com.ar\/index.php\/2023\/05\/19\/informe-de-la-ultima-sesion-ordinaria-del-hcd-videos-5\/","url":"https:\/\/www.celttv.com.ar\/index.php\/2023\/05\/19\/informe-de-la-ultima-sesion-ordinaria-del-hcd-videos-5\/","name":"Informe de la \u00faltima sesi\u00f3n ordinaria del HCD (Videos) - CELTTV","isPartOf":{"@id":"https:\/\/www.celttv.com.ar\/#website"},"datePublished":"2023-05-19T15:20:35+00:00","dateModified":"2023-05-19T15:20:35+00:00","description":"Sitio web de noticias de la localidad de Tornquist, provincia de Buenos Aires, Rep\u00fablica Argentina. Contenido propio originado por periodistas de CELTTV, el canal de TV local de la Cooperativa El\u00e9ctrica de Tornquist. Turismo, Pol\u00edtica, Sociedad, Deporte, Cultura y todo el contenido de inter\u00e9s general que la gente del pueblo y la regi\u00f3n debe conocer.","breadcrumb":{"@id":"https:\/\/www.celttv.com.ar\/index.php\/2023\/05\/19\/informe-de-la-ultima-sesion-ordinaria-del-hcd-videos-5\/#breadcrumb"},"inLanguage":"es","potentialAction":[{"@type":"ReadAction","target":["https:\/\/www.celttv.com.ar\/index.php\/2023\/05\/19\/informe-de-la-ultima-sesion-ordinaria-del-hcd-videos-5\/"]}]},{"@type":"BreadcrumbList","@id":"https:\/\/www.celttv.com.ar\/index.php\/2023\/05\/19\/informe-de-la-ultima-sesion-ordinaria-del-hcd-videos-5\/#breadcrumb","itemListElement":[{"@type":"ListItem","position":1,"name":"Inicio","item":"https:\/\/www.celttv.com.ar\/"},{"@type":"ListItem","position":2,"name":"Informe de la \u00faltima sesi\u00f3n ordinaria del HCD (Videos)"}]},{"@type":"WebSite","@id":"https:\/\/www.celttv.com.ar\/#website","url":"https:\/\/www.celttv.com.ar\/","name":"CELTTV","description":"Cooperativa El\u00e9ctrica de Tornquist","publisher":{"@id":"https:\/\/www.celttv.com.ar\/#organization"},"potentialAction":[{"@type":"SearchAction","target":{"@type":"EntryPoint","urlTemplate":"https:\/\/www.celttv.com.ar\/?s={search_term_string}"},"query-input":"required name=search_term_string"}],"inLanguage":"es"},{"@type":"Organization","@id":"https:\/\/www.celttv.com.ar\/#organization","name":"CELTTV","url":"https:\/\/www.celttv.com.ar\/","sameAs":["https:\/\/www.youtube.com\/channel\/UCz_oIt8Hig64Ub-EmcNPIhg","https:\/\/www.facebook.com\/celtTV\/"],"logo":{"@type":"ImageObject","inLanguage":"es","@id":"https:\/\/www.celttv.com.ar\/#\/schema\/logo\/image\/","url":"http:\/\/www.celttv.com.ar\/wp-content\/uploads\/2022\/08\/logo-1.png","contentUrl":"http:\/\/www.celttv.com.ar\/wp-content\/uploads\/2022\/08\/logo-1.png","width":461,"height":159,"caption":"CELTTV"},"image":{"@id":"https:\/\/www.celttv.com.ar\/#\/schema\/logo\/image\/"}},{"@type":"Person","@id":"https:\/\/www.celttv.com.ar\/#\/schema\/person\/495be51d064edd971d8457f8f64eb172","name":"Rodrigo Sgammini","image":{"@type":"ImageObject","inLanguage":"es","@id":"https:\/\/www.celttv.com.ar\/#\/schema\/person\/image\/","url":"https:\/\/secure.gravatar.com\/avatar\/68f7848d42735e7a9276b47cd6e606327d88f521c51ae39d88888b76902e2987?s=96&d=mm&r=g","contentUrl":"https:\/\/secure.gravatar.com\/avatar\/68f7848d42735e7a9276b47cd6e606327d88f521c51ae39d88888b76902e2987?s=96&d=mm&r=g","caption":"Rodrigo Sgammini"}}]}},"_links":{"self":[{"href":"https:\/\/www.celttv.com.ar\/index.php\/wp-json\/wp\/v2\/posts\/76030","targetHints":{"allow":["GET"]}}],"collection":[{"href":"https:\/\/www.celttv.com.ar\/index.php\/wp-json\/wp\/v2\/posts"}],"about":[{"href":"https:\/\/www.celttv.com.ar\/index.php\/wp-json\/wp\/v2\/types\/post"}],"author":[{"embeddable":true,"href":"https:\/\/www.celttv.com.ar\/index.php\/wp-json\/wp\/v2\/users\/3"}],"replies":[{"embeddable":true,"href":"https:\/\/www.celttv.com.ar\/index.php\/wp-json\/wp\/v2\/comments?post=76030"}],"version-history":[{"count":1,"href":"https:\/\/www.celttv.com.ar\/index.php\/wp-json\/wp\/v2\/posts\/76030\/revisions"}],"predecessor-version":[{"id":76032,"href":"https:\/\/www.celttv.com.ar\/index.php\/wp-json\/wp\/v2\/posts\/76030\/revisions\/76032"}],"wp:featuredmedia":[{"embeddable":true,"href":"https:\/\/www.celttv.com.ar\/index.php\/wp-json\/wp\/v2\/media\/76031"}],"wp:attachment":[{"href":"https:\/\/www.celttv.com.ar\/index.php\/wp-json\/wp\/v2\/media?parent=76030"}],"wp:term":[{"taxonomy":"category","embeddable":true,"href":"https:\/\/www.celttv.com.ar\/index.php\/wp-json\/wp\/v2\/categories?post=76030"},{"taxonomy":"post_tag","embeddable":true,"href":"https:\/\/www.celttv.com.ar\/index.php\/wp-json\/wp\/v2\/tags?post=76030"}],"curies":[{"name":"wp","href":"https:\/\/api.w.org\/{rel}","templated":true}]}}