{"id":7623,"date":"2012-08-04T19:36:00","date_gmt":"2012-08-04T19:36:00","guid":{"rendered":"http:\/\/www.tvcnoticias.com.ar\/?p=7623"},"modified":"2012-08-04T19:36:00","modified_gmt":"2012-08-04T19:36:00","slug":"la-agrupacion-motoamigos-cumplio-su-primer-ano-de-vida","status":"publish","type":"post","link":"https:\/\/www.celttv.com.ar\/index.php\/2012\/08\/04\/la-agrupacion-motoamigos-cumplio-su-primer-ano-de-vida\/","title":{"rendered":"LA AGRUPACION &#8220;MOTOAMIGOS&#8221; CUMPLIO SU PRIMER A\u00d1O DE VIDA"},"content":{"rendered":"<p><a href=\"http:\/\/www.youtube.com\/watch?v=xnZT7hGv-ZI\">httpv:\/\/www.youtube.com\/watch?v=xnZT7hGv-ZI<\/a><br \/>\n<a href=\"http:\/\/www.youtube.com\/watch?v=QIaVDVSZnoY\">httpv:\/\/www.youtube.com\/watch?v=QIaVDVSZnoY<\/a><br \/>\n<a href=\"http:\/\/www.youtube.com\/watch?v=Rv16384i1LM\">httpv:\/\/www.youtube.com\/watch?v=Rv16384i1LM<\/a><br \/>\n\u201cSensaci\u00f3n de Libertad y solidaridad\u201d<br \/>\nAs\u00ed lo definen los integrantes del grupo &#8220;Motoamigos&#8221; cuando le preguntamos que se siente arriba de una moto y recorriendo no pocos kil\u00f3metros para despuntar este sano vicio..<br \/>\nDentro de su filosof\u00eda de compartir gratos momentos bajo la escusa y la pasi\u00f3n de las motos, tambi\u00e9n la agrupaci\u00f3n tiene su lado solidario y ha estado compartiendo campa\u00f1as colaborando con distintas instituciones y en pocos d\u00edas, junto al Aero Club Tornquist, organizar\u00e1n la tradicional jornada del D\u00eda del Ni\u00f1o.<br \/>\nEl grupo &#8220;Motoamigos&#8221; cumpli\u00f3 su primer a\u00f1o de vida y lo festej\u00f3 en Pizzer\u00eda Peperoni, donde por supuesto ya comenz\u00f3 a aflorar un anecdotario que se va alimentando en cada viaje ..<br \/>\nDicen que en el futuro tienen pensado organizar un encuentro en la ciudad bien.. bien.. bien..<br \/>\nFelicitaciones por todo lo logrado en su primer a\u00f1o de vida&#8230;<br \/>\n<span style=\"font-size: xx-small;\">\u00a0<br \/>\n<\/span><\/p>\n","protected":false},"excerpt":{"rendered":"<p>httpv:\/\/www.youtube.com\/watch?v=xnZT7hGv-ZI httpv:\/\/www.youtube.com\/watch?v=QIaVDVSZnoY httpv:\/\/www.youtube.com\/watch?v=Rv16384i1LM \u201cSensaci\u00f3n de Libertad y solidaridad\u201d As\u00ed lo definen los integrantes del grupo &#8220;Motoamigos&#8221; cuando le preguntamos que se siente arriba de una moto y recorriendo no pocos kil\u00f3metros para despuntar este sano vicio.. Dentro de su filosof\u00eda de compartir gratos momentos bajo la escusa y la pasi\u00f3n de las motos, tambi\u00e9n la [&hellip;]<\/p>\n","protected":false},"author":1,"featured_media":0,"comment_status":"closed","ping_status":"open","sticky":false,"template":"","format":"standard","meta":{"footnotes":""},"categories":[60,52,64],"tags":[],"class_list":["post-7623","post","type-post","status-publish","format-standard","hentry","category-deporte","category-destacadas","category-videos-destacados"],"yoast_head":"<!-- This site is optimized with the Yoast SEO plugin v19.7.1 - https:\/\/yoast.com\/wordpress\/plugins\/seo\/ -->\n<title>LA AGRUPACION &quot;MOTOAMIGOS&quot; CUMPLIO SU PRIMER A\u00d1O DE VIDA - CELTTV<\/title>\n<meta name=\"description\" content=\"Sitio web de noticias de la localidad de Tornquist, provincia de Buenos Aires, Rep\u00fablica Argentina. Contenido propio originado por periodistas de CELTTV, el canal de TV local de la Cooperativa El\u00e9ctrica de Tornquist. Turismo, Pol\u00edtica, Sociedad, Deporte, Cultura y todo el contenido de inter\u00e9s general que la gente del pueblo y la regi\u00f3n debe conocer.\" \/>\n<meta name=\"robots\" content=\"index, follow, max-snippet:-1, max-image-preview:large, max-video-preview:-1\" \/>\n<link rel=\"canonical\" href=\"https:\/\/www.celttv.com.ar\/index.php\/2012\/08\/04\/la-agrupacion-motoamigos-cumplio-su-primer-ano-de-vida\/\" \/>\n<meta property=\"og:locale\" content=\"es_ES\" \/>\n<meta property=\"og:type\" content=\"article\" \/>\n<meta property=\"og:title\" content=\"LA AGRUPACION &quot;MOTOAMIGOS&quot; CUMPLIO SU PRIMER A\u00d1O DE VIDA - CELTTV\" \/>\n<meta property=\"og:description\" content=\"Sitio web de noticias de la localidad de Tornquist, provincia de Buenos Aires, Rep\u00fablica Argentina. Contenido propio originado por periodistas de CELTTV, el canal de TV local de la Cooperativa El\u00e9ctrica de Tornquist. Turismo, Pol\u00edtica, Sociedad, Deporte, Cultura y todo el contenido de inter\u00e9s general que la gente del pueblo y la regi\u00f3n debe conocer.\" \/>\n<meta property=\"og:url\" content=\"https:\/\/www.celttv.com.ar\/index.php\/2012\/08\/04\/la-agrupacion-motoamigos-cumplio-su-primer-ano-de-vida\/\" \/>\n<meta property=\"og:site_name\" content=\"CELTTV\" \/>\n<meta property=\"article:publisher\" content=\"https:\/\/www.facebook.com\/celtTV\/\" \/>\n<meta property=\"article:published_time\" content=\"2012-08-04T19:36:00+00:00\" \/>\n<meta name=\"author\" content=\"ulises\" \/>\n<meta name=\"twitter:card\" content=\"summary_large_image\" \/>\n<meta name=\"twitter:label1\" content=\"Escrito por\" \/>\n\t<meta name=\"twitter:data1\" content=\"ulises\" \/>\n\t<meta name=\"twitter:label2\" content=\"Tiempo de lectura\" \/>\n\t<meta name=\"twitter:data2\" content=\"1 minuto\" \/>\n<script type=\"application\/ld+json\" class=\"yoast-schema-graph\">{\"@context\":\"https:\/\/schema.org\",\"@graph\":[{\"@type\":\"NewsArticle\",\"@id\":\"https:\/\/www.celttv.com.ar\/index.php\/2012\/08\/04\/la-agrupacion-motoamigos-cumplio-su-primer-ano-de-vida\/#article\",\"isPartOf\":{\"@id\":\"https:\/\/www.celttv.com.ar\/index.php\/2012\/08\/04\/la-agrupacion-motoamigos-cumplio-su-primer-ano-de-vida\/\"},\"author\":{\"name\":\"ulises\",\"@id\":\"https:\/\/www.celttv.com.ar\/#\/schema\/person\/6d99c072dba59953809c81446e9d0ace\"},\"headline\":\"LA AGRUPACION &#8220;MOTOAMIGOS&#8221; CUMPLIO SU PRIMER A\u00d1O DE VIDA\",\"datePublished\":\"2012-08-04T19:36:00+00:00\",\"dateModified\":\"2012-08-04T19:36:00+00:00\",\"mainEntityOfPage\":{\"@id\":\"https:\/\/www.celttv.com.ar\/index.php\/2012\/08\/04\/la-agrupacion-motoamigos-cumplio-su-primer-ano-de-vida\/\"},\"wordCount\":189,\"publisher\":{\"@id\":\"https:\/\/www.celttv.com.ar\/#organization\"},\"articleSection\":[\"Deporte\",\"Destacadas\",\"Videos Destacados\"],\"inLanguage\":\"es\"},{\"@type\":\"WebPage\",\"@id\":\"https:\/\/www.celttv.com.ar\/index.php\/2012\/08\/04\/la-agrupacion-motoamigos-cumplio-su-primer-ano-de-vida\/\",\"url\":\"https:\/\/www.celttv.com.ar\/index.php\/2012\/08\/04\/la-agrupacion-motoamigos-cumplio-su-primer-ano-de-vida\/\",\"name\":\"LA AGRUPACION \\\"MOTOAMIGOS\\\" CUMPLIO SU PRIMER A\u00d1O DE VIDA - CELTTV\",\"isPartOf\":{\"@id\":\"https:\/\/www.celttv.com.ar\/#website\"},\"datePublished\":\"2012-08-04T19:36:00+00:00\",\"dateModified\":\"2012-08-04T19:36:00+00:00\",\"description\":\"Sitio web de noticias de la localidad de Tornquist, provincia de Buenos Aires, Rep\u00fablica Argentina. Contenido propio originado por periodistas de CELTTV, el canal de TV local de la Cooperativa El\u00e9ctrica de Tornquist. Turismo, Pol\u00edtica, Sociedad, Deporte, Cultura y todo el contenido de inter\u00e9s general que la gente del pueblo y la regi\u00f3n debe conocer.\",\"breadcrumb\":{\"@id\":\"https:\/\/www.celttv.com.ar\/index.php\/2012\/08\/04\/la-agrupacion-motoamigos-cumplio-su-primer-ano-de-vida\/#breadcrumb\"},\"inLanguage\":\"es\",\"potentialAction\":[{\"@type\":\"ReadAction\",\"target\":[\"https:\/\/www.celttv.com.ar\/index.php\/2012\/08\/04\/la-agrupacion-motoamigos-cumplio-su-primer-ano-de-vida\/\"]}]},{\"@type\":\"BreadcrumbList\",\"@id\":\"https:\/\/www.celttv.com.ar\/index.php\/2012\/08\/04\/la-agrupacion-motoamigos-cumplio-su-primer-ano-de-vida\/#breadcrumb\",\"itemListElement\":[{\"@type\":\"ListItem\",\"position\":1,\"name\":\"Inicio\",\"item\":\"https:\/\/www.celttv.com.ar\/\"},{\"@type\":\"ListItem\",\"position\":2,\"name\":\"LA AGRUPACION &#8220;MOTOAMIGOS&#8221; CUMPLIO SU PRIMER A\u00d1O DE VIDA\"}]},{\"@type\":\"WebSite\",\"@id\":\"https:\/\/www.celttv.com.ar\/#website\",\"url\":\"https:\/\/www.celttv.com.ar\/\",\"name\":\"CELTTV\",\"description\":\"Cooperativa El\u00e9ctrica de Tornquist\",\"publisher\":{\"@id\":\"https:\/\/www.celttv.com.ar\/#organization\"},\"potentialAction\":[{\"@type\":\"SearchAction\",\"target\":{\"@type\":\"EntryPoint\",\"urlTemplate\":\"https:\/\/www.celttv.com.ar\/?s={search_term_string}\"},\"query-input\":\"required name=search_term_string\"}],\"inLanguage\":\"es\"},{\"@type\":\"Organization\",\"@id\":\"https:\/\/www.celttv.com.ar\/#organization\",\"name\":\"CELTTV\",\"url\":\"https:\/\/www.celttv.com.ar\/\",\"sameAs\":[\"https:\/\/www.youtube.com\/channel\/UCz_oIt8Hig64Ub-EmcNPIhg\",\"https:\/\/www.facebook.com\/celtTV\/\"],\"logo\":{\"@type\":\"ImageObject\",\"inLanguage\":\"es\",\"@id\":\"https:\/\/www.celttv.com.ar\/#\/schema\/logo\/image\/\",\"url\":\"http:\/\/www.celttv.com.ar\/wp-content\/uploads\/2022\/08\/logo-1.png\",\"contentUrl\":\"http:\/\/www.celttv.com.ar\/wp-content\/uploads\/2022\/08\/logo-1.png\",\"width\":461,\"height\":159,\"caption\":\"CELTTV\"},\"image\":{\"@id\":\"https:\/\/www.celttv.com.ar\/#\/schema\/logo\/image\/\"}},{\"@type\":\"Person\",\"@id\":\"https:\/\/www.celttv.com.ar\/#\/schema\/person\/6d99c072dba59953809c81446e9d0ace\",\"name\":\"ulises\",\"image\":{\"@type\":\"ImageObject\",\"inLanguage\":\"es\",\"@id\":\"https:\/\/www.celttv.com.ar\/#\/schema\/person\/image\/\",\"url\":\"https:\/\/secure.gravatar.com\/avatar\/7f2c48bdc33b30088f941fb6082e555f2874c98e20cb159d7b92b50eadfce793?s=96&d=mm&r=g\",\"contentUrl\":\"https:\/\/secure.gravatar.com\/avatar\/7f2c48bdc33b30088f941fb6082e555f2874c98e20cb159d7b92b50eadfce793?s=96&d=mm&r=g\",\"caption\":\"ulises\"},\"sameAs\":[\"http:\/\/www.celttv.com.ar\"]}]}<\/script>\n<!-- \/ Yoast SEO plugin. -->","yoast_head_json":{"title":"LA AGRUPACION \"MOTOAMIGOS\" CUMPLIO SU PRIMER A\u00d1O DE VIDA - CELTTV","description":"Sitio web de noticias de la localidad de Tornquist, provincia de Buenos Aires, Rep\u00fablica Argentina. Contenido propio originado por periodistas de CELTTV, el canal de TV local de la Cooperativa El\u00e9ctrica de Tornquist. Turismo, Pol\u00edtica, Sociedad, Deporte, Cultura y todo el contenido de inter\u00e9s general que la gente del pueblo y la regi\u00f3n debe conocer.","robots":{"index":"index","follow":"follow","max-snippet":"max-snippet:-1","max-image-preview":"max-image-preview:large","max-video-preview":"max-video-preview:-1"},"canonical":"https:\/\/www.celttv.com.ar\/index.php\/2012\/08\/04\/la-agrupacion-motoamigos-cumplio-su-primer-ano-de-vida\/","og_locale":"es_ES","og_type":"article","og_title":"LA AGRUPACION \"MOTOAMIGOS\" CUMPLIO SU PRIMER A\u00d1O DE VIDA - CELTTV","og_description":"Sitio web de noticias de la localidad de Tornquist, provincia de Buenos Aires, Rep\u00fablica Argentina. Contenido propio originado por periodistas de CELTTV, el canal de TV local de la Cooperativa El\u00e9ctrica de Tornquist. Turismo, Pol\u00edtica, Sociedad, Deporte, Cultura y todo el contenido de inter\u00e9s general que la gente del pueblo y la regi\u00f3n debe conocer.","og_url":"https:\/\/www.celttv.com.ar\/index.php\/2012\/08\/04\/la-agrupacion-motoamigos-cumplio-su-primer-ano-de-vida\/","og_site_name":"CELTTV","article_publisher":"https:\/\/www.facebook.com\/celtTV\/","article_published_time":"2012-08-04T19:36:00+00:00","author":"ulises","twitter_card":"summary_large_image","twitter_misc":{"Escrito por":"ulises","Tiempo de lectura":"1 minuto"},"schema":{"@context":"https:\/\/schema.org","@graph":[{"@type":"NewsArticle","@id":"https:\/\/www.celttv.com.ar\/index.php\/2012\/08\/04\/la-agrupacion-motoamigos-cumplio-su-primer-ano-de-vida\/#article","isPartOf":{"@id":"https:\/\/www.celttv.com.ar\/index.php\/2012\/08\/04\/la-agrupacion-motoamigos-cumplio-su-primer-ano-de-vida\/"},"author":{"name":"ulises","@id":"https:\/\/www.celttv.com.ar\/#\/schema\/person\/6d99c072dba59953809c81446e9d0ace"},"headline":"LA AGRUPACION &#8220;MOTOAMIGOS&#8221; CUMPLIO SU PRIMER A\u00d1O DE VIDA","datePublished":"2012-08-04T19:36:00+00:00","dateModified":"2012-08-04T19:36:00+00:00","mainEntityOfPage":{"@id":"https:\/\/www.celttv.com.ar\/index.php\/2012\/08\/04\/la-agrupacion-motoamigos-cumplio-su-primer-ano-de-vida\/"},"wordCount":189,"publisher":{"@id":"https:\/\/www.celttv.com.ar\/#organization"},"articleSection":["Deporte","Destacadas","Videos Destacados"],"inLanguage":"es"},{"@type":"WebPage","@id":"https:\/\/www.celttv.com.ar\/index.php\/2012\/08\/04\/la-agrupacion-motoamigos-cumplio-su-primer-ano-de-vida\/","url":"https:\/\/www.celttv.com.ar\/index.php\/2012\/08\/04\/la-agrupacion-motoamigos-cumplio-su-primer-ano-de-vida\/","name":"LA AGRUPACION \"MOTOAMIGOS\" CUMPLIO SU PRIMER A\u00d1O DE VIDA - CELTTV","isPartOf":{"@id":"https:\/\/www.celttv.com.ar\/#website"},"datePublished":"2012-08-04T19:36:00+00:00","dateModified":"2012-08-04T19:36:00+00:00","description":"Sitio web de noticias de la localidad de Tornquist, provincia de Buenos Aires, Rep\u00fablica Argentina. Contenido propio originado por periodistas de CELTTV, el canal de TV local de la Cooperativa El\u00e9ctrica de Tornquist. Turismo, Pol\u00edtica, Sociedad, Deporte, Cultura y todo el contenido de inter\u00e9s general que la gente del pueblo y la regi\u00f3n debe conocer.","breadcrumb":{"@id":"https:\/\/www.celttv.com.ar\/index.php\/2012\/08\/04\/la-agrupacion-motoamigos-cumplio-su-primer-ano-de-vida\/#breadcrumb"},"inLanguage":"es","potentialAction":[{"@type":"ReadAction","target":["https:\/\/www.celttv.com.ar\/index.php\/2012\/08\/04\/la-agrupacion-motoamigos-cumplio-su-primer-ano-de-vida\/"]}]},{"@type":"BreadcrumbList","@id":"https:\/\/www.celttv.com.ar\/index.php\/2012\/08\/04\/la-agrupacion-motoamigos-cumplio-su-primer-ano-de-vida\/#breadcrumb","itemListElement":[{"@type":"ListItem","position":1,"name":"Inicio","item":"https:\/\/www.celttv.com.ar\/"},{"@type":"ListItem","position":2,"name":"LA AGRUPACION &#8220;MOTOAMIGOS&#8221; CUMPLIO SU PRIMER A\u00d1O DE VIDA"}]},{"@type":"WebSite","@id":"https:\/\/www.celttv.com.ar\/#website","url":"https:\/\/www.celttv.com.ar\/","name":"CELTTV","description":"Cooperativa El\u00e9ctrica de Tornquist","publisher":{"@id":"https:\/\/www.celttv.com.ar\/#organization"},"potentialAction":[{"@type":"SearchAction","target":{"@type":"EntryPoint","urlTemplate":"https:\/\/www.celttv.com.ar\/?s={search_term_string}"},"query-input":"required name=search_term_string"}],"inLanguage":"es"},{"@type":"Organization","@id":"https:\/\/www.celttv.com.ar\/#organization","name":"CELTTV","url":"https:\/\/www.celttv.com.ar\/","sameAs":["https:\/\/www.youtube.com\/channel\/UCz_oIt8Hig64Ub-EmcNPIhg","https:\/\/www.facebook.com\/celtTV\/"],"logo":{"@type":"ImageObject","inLanguage":"es","@id":"https:\/\/www.celttv.com.ar\/#\/schema\/logo\/image\/","url":"http:\/\/www.celttv.com.ar\/wp-content\/uploads\/2022\/08\/logo-1.png","contentUrl":"http:\/\/www.celttv.com.ar\/wp-content\/uploads\/2022\/08\/logo-1.png","width":461,"height":159,"caption":"CELTTV"},"image":{"@id":"https:\/\/www.celttv.com.ar\/#\/schema\/logo\/image\/"}},{"@type":"Person","@id":"https:\/\/www.celttv.com.ar\/#\/schema\/person\/6d99c072dba59953809c81446e9d0ace","name":"ulises","image":{"@type":"ImageObject","inLanguage":"es","@id":"https:\/\/www.celttv.com.ar\/#\/schema\/person\/image\/","url":"https:\/\/secure.gravatar.com\/avatar\/7f2c48bdc33b30088f941fb6082e555f2874c98e20cb159d7b92b50eadfce793?s=96&d=mm&r=g","contentUrl":"https:\/\/secure.gravatar.com\/avatar\/7f2c48bdc33b30088f941fb6082e555f2874c98e20cb159d7b92b50eadfce793?s=96&d=mm&r=g","caption":"ulises"},"sameAs":["http:\/\/www.celttv.com.ar"]}]}},"_links":{"self":[{"href":"https:\/\/www.celttv.com.ar\/index.php\/wp-json\/wp\/v2\/posts\/7623","targetHints":{"allow":["GET"]}}],"collection":[{"href":"https:\/\/www.celttv.com.ar\/index.php\/wp-json\/wp\/v2\/posts"}],"about":[{"href":"https:\/\/www.celttv.com.ar\/index.php\/wp-json\/wp\/v2\/types\/post"}],"author":[{"embeddable":true,"href":"https:\/\/www.celttv.com.ar\/index.php\/wp-json\/wp\/v2\/users\/1"}],"replies":[{"embeddable":true,"href":"https:\/\/www.celttv.com.ar\/index.php\/wp-json\/wp\/v2\/comments?post=7623"}],"version-history":[{"count":0,"href":"https:\/\/www.celttv.com.ar\/index.php\/wp-json\/wp\/v2\/posts\/7623\/revisions"}],"wp:attachment":[{"href":"https:\/\/www.celttv.com.ar\/index.php\/wp-json\/wp\/v2\/media?parent=7623"}],"wp:term":[{"taxonomy":"category","embeddable":true,"href":"https:\/\/www.celttv.com.ar\/index.php\/wp-json\/wp\/v2\/categories?post=7623"},{"taxonomy":"post_tag","embeddable":true,"href":"https:\/\/www.celttv.com.ar\/index.php\/wp-json\/wp\/v2\/tags?post=7623"}],"curies":[{"name":"wp","href":"https:\/\/api.w.org\/{rel}","templated":true}]}}