{"id":76378,"date":"2023-05-29T16:16:28","date_gmt":"2023-05-29T19:16:28","guid":{"rendered":"http:\/\/www.celttv.com.ar\/?p=76378"},"modified":"2023-05-29T16:16:28","modified_gmt":"2023-05-29T19:16:28","slug":"abiertas-las-inscripciones-a-las-actividades-del-natatorio-climatizado-municipal","status":"publish","type":"post","link":"https:\/\/www.celttv.com.ar\/index.php\/2023\/05\/29\/abiertas-las-inscripciones-a-las-actividades-del-natatorio-climatizado-municipal\/","title":{"rendered":"Abiertas las inscripciones a las actividades del Natatorio Climatizado Municipal"},"content":{"rendered":"<p>Abiertas las inscripciones a las actividades del Natatorio Climatizado Municipal<br \/>\nYa se encuentran abiertas las inscripciones para las diferentes actividades que se<br \/>\ndesarrollar\u00e1n, desde el lunes 5 de junio, en el Natatorio Climatizado Municipal de<br \/>\nTornquist.<br \/>\nLos interesados, deben anotarse durante esta semana, de lunes a viernes de 8 a 16 hs,<br \/>\npersonalmente en el natatorio o por tel\u00e9fono, comunic\u00e1ndose al 2915391088.<br \/>\nCronograma:<br \/>\nLUNES<br \/>\n8 hs: Nataci\u00f3n para adultos. Prof. Juan Gisler<br \/>\n9 hs: Ambientaci\u00f3n. Prof. Lil\u00e9n Chuliver<br \/>\n10 hs: Matronataci\u00f3n. Prof. Lil\u00e9n Chuliver<br \/>\n11 hs: Nataci\u00f3n adolescentes. Prof. Bruno Polinori; Nataci\u00f3n Nivel 3. Prof. Georgina Saint<br \/>\nGermain.<br \/>\n14 hs: Aquagym. Prof. Juliana Romero<br \/>\n15 hs: Nataci\u00f3n adultos. Prof. R\u00e9gulo<br \/>\n16 hs: Nataci\u00f3n Adultos. Prof. Bruno Polinori<br \/>\n17.30 hs: Nataci\u00f3n Nivel 1. Prof. Marcelo Berdini. Nataci\u00f3n Nivel 2. Prof. Juliana Romero<br \/>\n18.30 hs: Nataci\u00f3n Nivel 2. Prof. Marcelo Berdini. Nataci\u00f3n Nivel 1. Prof. Juliana Romero<br \/>\n19.30 hs: Aquagym. Prof. Juliana Romero<br \/>\n20.30 hs: Nataci\u00f3n adultos. Prof. R\u00e9gulo<\/p>\n<p>MARTES<\/p>\n<p>7 hs: Pileta libre<br \/>\n8 hs: Pileta libre<br \/>\n9 hs: Ambientaci\u00f3n. Prof. Lil\u00e9n Chuliver<br \/>\n10 hs: Matronataci\u00f3n. Prof. Lil\u00e9n Chuliver<br \/>\n11 hs: Nataci\u00f3n Nivel 3. Prof. Georgina Saint Germain<br \/>\n14 hs: Nataci\u00f3n adultos: Prof. Georgina Saint Germain<br \/>\n15 hs: Nataci\u00f3n adolescentes. Prof. Georgina Saint Germain<br \/>\n17 hs: Nataci\u00f3n Nivel 3. Prof. Georgina Saint Germain<br \/>\n20 hs: Nataci\u00f3n Adultos. Prof. Bruno Polinori<br \/>\n21 hs: Pileta libre<\/p>\n<p>MI\u00c9RCOLES<br \/>\n8 hs: Nataci\u00f3n para adultos. Prof. Juan Gisler<br \/>\n9 hs: Ambientaci\u00f3n. Prof. Lil\u00e9n Chuliver<br \/>\n10 hs: Matronataci\u00f3n. Prof. Lil\u00e9n Chuliver<br \/>\n11 hs: Nataci\u00f3n adolescentes. Prof. Bruno Polinori; Nataci\u00f3n Nivel 3. Prof. Georgina Saint<br \/>\nGermain.<br \/>\n15 hs: Nataci\u00f3n adultos. Prof. R\u00e9gulo<br \/>\n16 hs: Nataci\u00f3n Adultos. Prof. Bruno Polinori<br \/>\n17.30 hs: Nataci\u00f3n Nivel 1. Prof. Marcelo Berdini.<br \/>\n18.30 hs: Nataci\u00f3n Nivel 2. Prof. Marcelo Berdini.<br \/>\n20.30 hs: Nataci\u00f3n adultos. Prof. R\u00e9gulo<\/p>\n<p>JUEVES<br \/>\n7 hs: Pileta libre<br \/>\n8 hs: Pileta libre<br \/>\n11 hs: Nataci\u00f3n Nivel 3. Prof. Georgina Saint Germain<\/p>\n<p>14 hs: Nataci\u00f3n adultos: Prof. Georgina Saint Germain<br \/>\n15 hs: Nataci\u00f3n adolescentes. Prof. Georgina Saint Germain<br \/>\n17 hs: Nataci\u00f3n Nivel 3. Prof. Georgina Saint Germain<br \/>\n20 hs: Nataci\u00f3n Adultos. Prof. Bruno Polinori<br \/>\n21 hs: Pileta libre<\/p>\n<p>VIERNES<br \/>\n9 hs: Ambientaci\u00f3n. Prof. Lil\u00e9n Chuliver<br \/>\n10 hs: Matronataci\u00f3n. Prof. Lil\u00e9n Chuliver<br \/>\n14 hs: Aquagym. Prof. Juliana Romero<br \/>\n15 hs: Nataci\u00f3n adultos. Prof. R\u00e9gulo<br \/>\n17.30 hs: Nataci\u00f3n Nivel 2. Prof. Juliana Romero<br \/>\n18.30 hs: Nataci\u00f3n Nivel 1. Prof. Juliana Romero<br \/>\n19.30 hs: Aquagym. Prof. Juliana Romero<br \/>\n20.30 hs: Nataci\u00f3n adultos. Prof. R\u00e9gulo<\/p>\n<p><img loading=\"lazy\" decoding=\"async\" class=\"alignnone size-medium wp-image-76379\" src=\"http:\/\/www.celttv.com.ar\/wp-content\/uploads\/2023\/05\/Horarios-pileta-240x300.jpeg\" alt=\"\" width=\"240\" height=\"300\" srcset=\"https:\/\/www.celttv.com.ar\/wp-content\/uploads\/2023\/05\/Horarios-pileta-240x300.jpeg 240w, https:\/\/www.celttv.com.ar\/wp-content\/uploads\/2023\/05\/Horarios-pileta-819x1024.jpeg 819w, https:\/\/www.celttv.com.ar\/wp-content\/uploads\/2023\/05\/Horarios-pileta-768x960.jpeg 768w, https:\/\/www.celttv.com.ar\/wp-content\/uploads\/2023\/05\/Horarios-pileta-750x938.jpeg 750w, https:\/\/www.celttv.com.ar\/wp-content\/uploads\/2023\/05\/Horarios-pileta.jpeg 1080w\" sizes=\"auto, (max-width: 240px) 100vw, 240px\" \/><\/p>\n<p>&nbsp;<\/p>\n","protected":false},"excerpt":{"rendered":"<p>Abiertas las inscripciones a las actividades del Natatorio Climatizado Municipal Ya se encuentran abiertas las inscripciones para las diferentes actividades que se desarrollar\u00e1n, desde el lunes 5 de junio, en el Natatorio Climatizado Municipal de Tornquist. Los interesados, deben anotarse durante esta semana, de lunes a viernes de 8 a 16 hs, personalmente en el [&hellip;]<\/p>\n","protected":false},"author":5,"featured_media":76379,"comment_status":"closed","ping_status":"closed","sticky":false,"template":"","format":"standard","meta":{"footnotes":""},"categories":[51,60,52,59],"tags":[881],"class_list":["post-76378","post","type-post","status-publish","format-standard","has-post-thumbnail","hentry","category-comunidad","category-deporte","category-destacadas","category-municipales","tag-abiertas-las-inscripciones-a-las-actividades-del-natatorio-climatizado-municipal"],"yoast_head":"<!-- This site is optimized with the Yoast SEO plugin v19.7.1 - https:\/\/yoast.com\/wordpress\/plugins\/seo\/ -->\n<title>Abiertas las inscripciones a las actividades del Natatorio Climatizado Municipal - CELTTV<\/title>\n<meta name=\"description\" content=\"Sitio web de noticias de la localidad de Tornquist, provincia de Buenos Aires, Rep\u00fablica Argentina. Contenido propio originado por periodistas de CELTTV, el canal de TV local de la Cooperativa El\u00e9ctrica de Tornquist. Turismo, Pol\u00edtica, Sociedad, Deporte, Cultura y todo el contenido de inter\u00e9s general que la gente del pueblo y la regi\u00f3n debe conocer.\" \/>\n<meta name=\"robots\" content=\"index, follow, max-snippet:-1, max-image-preview:large, max-video-preview:-1\" \/>\n<link rel=\"canonical\" href=\"https:\/\/www.celttv.com.ar\/index.php\/2023\/05\/29\/abiertas-las-inscripciones-a-las-actividades-del-natatorio-climatizado-municipal\/\" \/>\n<meta property=\"og:locale\" content=\"es_ES\" \/>\n<meta property=\"og:type\" content=\"article\" \/>\n<meta property=\"og:title\" content=\"Abiertas las inscripciones a las actividades del Natatorio Climatizado Municipal - CELTTV\" \/>\n<meta property=\"og:description\" content=\"Sitio web de noticias de la localidad de Tornquist, provincia de Buenos Aires, Rep\u00fablica Argentina. Contenido propio originado por periodistas de CELTTV, el canal de TV local de la Cooperativa El\u00e9ctrica de Tornquist. Turismo, Pol\u00edtica, Sociedad, Deporte, Cultura y todo el contenido de inter\u00e9s general que la gente del pueblo y la regi\u00f3n debe conocer.\" \/>\n<meta property=\"og:url\" content=\"https:\/\/www.celttv.com.ar\/index.php\/2023\/05\/29\/abiertas-las-inscripciones-a-las-actividades-del-natatorio-climatizado-municipal\/\" \/>\n<meta property=\"og:site_name\" content=\"CELTTV\" \/>\n<meta property=\"article:publisher\" content=\"https:\/\/www.facebook.com\/celtTV\/\" \/>\n<meta property=\"article:published_time\" content=\"2023-05-29T19:16:28+00:00\" \/>\n<meta property=\"og:image\" content=\"https:\/\/www.celttv.com.ar\/wp-content\/uploads\/2023\/05\/Horarios-pileta.jpeg\" \/>\n\t<meta property=\"og:image:width\" content=\"1080\" \/>\n\t<meta property=\"og:image:height\" content=\"1350\" \/>\n\t<meta property=\"og:image:type\" content=\"image\/jpeg\" \/>\n<meta name=\"author\" content=\"Miguel Herrada\" \/>\n<meta name=\"twitter:card\" content=\"summary_large_image\" \/>\n<meta name=\"twitter:label1\" content=\"Escrito por\" \/>\n\t<meta name=\"twitter:data1\" content=\"Miguel Herrada\" \/>\n\t<meta name=\"twitter:label2\" content=\"Tiempo de lectura\" \/>\n\t<meta name=\"twitter:data2\" content=\"2 minutos\" \/>\n<script type=\"application\/ld+json\" class=\"yoast-schema-graph\">{\"@context\":\"https:\/\/schema.org\",\"@graph\":[{\"@type\":\"NewsArticle\",\"@id\":\"https:\/\/www.celttv.com.ar\/index.php\/2023\/05\/29\/abiertas-las-inscripciones-a-las-actividades-del-natatorio-climatizado-municipal\/#article\",\"isPartOf\":{\"@id\":\"https:\/\/www.celttv.com.ar\/index.php\/2023\/05\/29\/abiertas-las-inscripciones-a-las-actividades-del-natatorio-climatizado-municipal\/\"},\"author\":{\"name\":\"Miguel Herrada\",\"@id\":\"https:\/\/www.celttv.com.ar\/#\/schema\/person\/9059dc91dc7204ef4182cdb65225f07d\"},\"headline\":\"Abiertas las inscripciones a las actividades del Natatorio Climatizado Municipal\",\"datePublished\":\"2023-05-29T19:16:28+00:00\",\"dateModified\":\"2023-05-29T19:16:28+00:00\",\"mainEntityOfPage\":{\"@id\":\"https:\/\/www.celttv.com.ar\/index.php\/2023\/05\/29\/abiertas-las-inscripciones-a-las-actividades-del-natatorio-climatizado-municipal\/\"},\"wordCount\":405,\"publisher\":{\"@id\":\"https:\/\/www.celttv.com.ar\/#organization\"},\"keywords\":[\"Abiertas las inscripciones a las actividades del Natatorio Climatizado Municipal\"],\"articleSection\":[\"Comunidad\",\"Deporte\",\"Destacadas\",\"Municipales\"],\"inLanguage\":\"es\"},{\"@type\":\"WebPage\",\"@id\":\"https:\/\/www.celttv.com.ar\/index.php\/2023\/05\/29\/abiertas-las-inscripciones-a-las-actividades-del-natatorio-climatizado-municipal\/\",\"url\":\"https:\/\/www.celttv.com.ar\/index.php\/2023\/05\/29\/abiertas-las-inscripciones-a-las-actividades-del-natatorio-climatizado-municipal\/\",\"name\":\"Abiertas las inscripciones a las actividades del Natatorio Climatizado Municipal - CELTTV\",\"isPartOf\":{\"@id\":\"https:\/\/www.celttv.com.ar\/#website\"},\"datePublished\":\"2023-05-29T19:16:28+00:00\",\"dateModified\":\"2023-05-29T19:16:28+00:00\",\"description\":\"Sitio web de noticias de la localidad de Tornquist, provincia de Buenos Aires, Rep\u00fablica Argentina. Contenido propio originado por periodistas de CELTTV, el canal de TV local de la Cooperativa El\u00e9ctrica de Tornquist. Turismo, Pol\u00edtica, Sociedad, Deporte, Cultura y todo el contenido de inter\u00e9s general que la gente del pueblo y la regi\u00f3n debe conocer.\",\"breadcrumb\":{\"@id\":\"https:\/\/www.celttv.com.ar\/index.php\/2023\/05\/29\/abiertas-las-inscripciones-a-las-actividades-del-natatorio-climatizado-municipal\/#breadcrumb\"},\"inLanguage\":\"es\",\"potentialAction\":[{\"@type\":\"ReadAction\",\"target\":[\"https:\/\/www.celttv.com.ar\/index.php\/2023\/05\/29\/abiertas-las-inscripciones-a-las-actividades-del-natatorio-climatizado-municipal\/\"]}]},{\"@type\":\"BreadcrumbList\",\"@id\":\"https:\/\/www.celttv.com.ar\/index.php\/2023\/05\/29\/abiertas-las-inscripciones-a-las-actividades-del-natatorio-climatizado-municipal\/#breadcrumb\",\"itemListElement\":[{\"@type\":\"ListItem\",\"position\":1,\"name\":\"Inicio\",\"item\":\"https:\/\/www.celttv.com.ar\/\"},{\"@type\":\"ListItem\",\"position\":2,\"name\":\"Abiertas las inscripciones a las actividades del Natatorio Climatizado Municipal\"}]},{\"@type\":\"WebSite\",\"@id\":\"https:\/\/www.celttv.com.ar\/#website\",\"url\":\"https:\/\/www.celttv.com.ar\/\",\"name\":\"CELTTV\",\"description\":\"Cooperativa El\u00e9ctrica de Tornquist\",\"publisher\":{\"@id\":\"https:\/\/www.celttv.com.ar\/#organization\"},\"potentialAction\":[{\"@type\":\"SearchAction\",\"target\":{\"@type\":\"EntryPoint\",\"urlTemplate\":\"https:\/\/www.celttv.com.ar\/?s={search_term_string}\"},\"query-input\":\"required name=search_term_string\"}],\"inLanguage\":\"es\"},{\"@type\":\"Organization\",\"@id\":\"https:\/\/www.celttv.com.ar\/#organization\",\"name\":\"CELTTV\",\"url\":\"https:\/\/www.celttv.com.ar\/\",\"sameAs\":[\"https:\/\/www.youtube.com\/channel\/UCz_oIt8Hig64Ub-EmcNPIhg\",\"https:\/\/www.facebook.com\/celtTV\/\"],\"logo\":{\"@type\":\"ImageObject\",\"inLanguage\":\"es\",\"@id\":\"https:\/\/www.celttv.com.ar\/#\/schema\/logo\/image\/\",\"url\":\"http:\/\/www.celttv.com.ar\/wp-content\/uploads\/2022\/08\/logo-1.png\",\"contentUrl\":\"http:\/\/www.celttv.com.ar\/wp-content\/uploads\/2022\/08\/logo-1.png\",\"width\":461,\"height\":159,\"caption\":\"CELTTV\"},\"image\":{\"@id\":\"https:\/\/www.celttv.com.ar\/#\/schema\/logo\/image\/\"}},{\"@type\":\"Person\",\"@id\":\"https:\/\/www.celttv.com.ar\/#\/schema\/person\/9059dc91dc7204ef4182cdb65225f07d\",\"name\":\"Miguel Herrada\",\"image\":{\"@type\":\"ImageObject\",\"inLanguage\":\"es\",\"@id\":\"https:\/\/www.celttv.com.ar\/#\/schema\/person\/image\/\",\"url\":\"https:\/\/secure.gravatar.com\/avatar\/67724d5b3c716623ffd76bec7e45841a442ac3b456e914dbba90b0fad2b8e0b1?s=96&d=mm&r=g\",\"contentUrl\":\"https:\/\/secure.gravatar.com\/avatar\/67724d5b3c716623ffd76bec7e45841a442ac3b456e914dbba90b0fad2b8e0b1?s=96&d=mm&r=g\",\"caption\":\"Miguel Herrada\"}}]}<\/script>\n<!-- \/ Yoast SEO plugin. -->","yoast_head_json":{"title":"Abiertas las inscripciones a las actividades del Natatorio Climatizado Municipal - CELTTV","description":"Sitio web de noticias de la localidad de Tornquist, provincia de Buenos Aires, Rep\u00fablica Argentina. Contenido propio originado por periodistas de CELTTV, el canal de TV local de la Cooperativa El\u00e9ctrica de Tornquist. Turismo, Pol\u00edtica, Sociedad, Deporte, Cultura y todo el contenido de inter\u00e9s general que la gente del pueblo y la regi\u00f3n debe conocer.","robots":{"index":"index","follow":"follow","max-snippet":"max-snippet:-1","max-image-preview":"max-image-preview:large","max-video-preview":"max-video-preview:-1"},"canonical":"https:\/\/www.celttv.com.ar\/index.php\/2023\/05\/29\/abiertas-las-inscripciones-a-las-actividades-del-natatorio-climatizado-municipal\/","og_locale":"es_ES","og_type":"article","og_title":"Abiertas las inscripciones a las actividades del Natatorio Climatizado Municipal - CELTTV","og_description":"Sitio web de noticias de la localidad de Tornquist, provincia de Buenos Aires, Rep\u00fablica Argentina. Contenido propio originado por periodistas de CELTTV, el canal de TV local de la Cooperativa El\u00e9ctrica de Tornquist. Turismo, Pol\u00edtica, Sociedad, Deporte, Cultura y todo el contenido de inter\u00e9s general que la gente del pueblo y la regi\u00f3n debe conocer.","og_url":"https:\/\/www.celttv.com.ar\/index.php\/2023\/05\/29\/abiertas-las-inscripciones-a-las-actividades-del-natatorio-climatizado-municipal\/","og_site_name":"CELTTV","article_publisher":"https:\/\/www.facebook.com\/celtTV\/","article_published_time":"2023-05-29T19:16:28+00:00","og_image":[{"width":1080,"height":1350,"url":"https:\/\/www.celttv.com.ar\/wp-content\/uploads\/2023\/05\/Horarios-pileta.jpeg","type":"image\/jpeg"}],"author":"Miguel Herrada","twitter_card":"summary_large_image","twitter_misc":{"Escrito por":"Miguel Herrada","Tiempo de lectura":"2 minutos"},"schema":{"@context":"https:\/\/schema.org","@graph":[{"@type":"NewsArticle","@id":"https:\/\/www.celttv.com.ar\/index.php\/2023\/05\/29\/abiertas-las-inscripciones-a-las-actividades-del-natatorio-climatizado-municipal\/#article","isPartOf":{"@id":"https:\/\/www.celttv.com.ar\/index.php\/2023\/05\/29\/abiertas-las-inscripciones-a-las-actividades-del-natatorio-climatizado-municipal\/"},"author":{"name":"Miguel Herrada","@id":"https:\/\/www.celttv.com.ar\/#\/schema\/person\/9059dc91dc7204ef4182cdb65225f07d"},"headline":"Abiertas las inscripciones a las actividades del Natatorio Climatizado Municipal","datePublished":"2023-05-29T19:16:28+00:00","dateModified":"2023-05-29T19:16:28+00:00","mainEntityOfPage":{"@id":"https:\/\/www.celttv.com.ar\/index.php\/2023\/05\/29\/abiertas-las-inscripciones-a-las-actividades-del-natatorio-climatizado-municipal\/"},"wordCount":405,"publisher":{"@id":"https:\/\/www.celttv.com.ar\/#organization"},"keywords":["Abiertas las inscripciones a las actividades del Natatorio Climatizado Municipal"],"articleSection":["Comunidad","Deporte","Destacadas","Municipales"],"inLanguage":"es"},{"@type":"WebPage","@id":"https:\/\/www.celttv.com.ar\/index.php\/2023\/05\/29\/abiertas-las-inscripciones-a-las-actividades-del-natatorio-climatizado-municipal\/","url":"https:\/\/www.celttv.com.ar\/index.php\/2023\/05\/29\/abiertas-las-inscripciones-a-las-actividades-del-natatorio-climatizado-municipal\/","name":"Abiertas las inscripciones a las actividades del Natatorio Climatizado Municipal - CELTTV","isPartOf":{"@id":"https:\/\/www.celttv.com.ar\/#website"},"datePublished":"2023-05-29T19:16:28+00:00","dateModified":"2023-05-29T19:16:28+00:00","description":"Sitio web de noticias de la localidad de Tornquist, provincia de Buenos Aires, Rep\u00fablica Argentina. Contenido propio originado por periodistas de CELTTV, el canal de TV local de la Cooperativa El\u00e9ctrica de Tornquist. Turismo, Pol\u00edtica, Sociedad, Deporte, Cultura y todo el contenido de inter\u00e9s general que la gente del pueblo y la regi\u00f3n debe conocer.","breadcrumb":{"@id":"https:\/\/www.celttv.com.ar\/index.php\/2023\/05\/29\/abiertas-las-inscripciones-a-las-actividades-del-natatorio-climatizado-municipal\/#breadcrumb"},"inLanguage":"es","potentialAction":[{"@type":"ReadAction","target":["https:\/\/www.celttv.com.ar\/index.php\/2023\/05\/29\/abiertas-las-inscripciones-a-las-actividades-del-natatorio-climatizado-municipal\/"]}]},{"@type":"BreadcrumbList","@id":"https:\/\/www.celttv.com.ar\/index.php\/2023\/05\/29\/abiertas-las-inscripciones-a-las-actividades-del-natatorio-climatizado-municipal\/#breadcrumb","itemListElement":[{"@type":"ListItem","position":1,"name":"Inicio","item":"https:\/\/www.celttv.com.ar\/"},{"@type":"ListItem","position":2,"name":"Abiertas las inscripciones a las actividades del Natatorio Climatizado Municipal"}]},{"@type":"WebSite","@id":"https:\/\/www.celttv.com.ar\/#website","url":"https:\/\/www.celttv.com.ar\/","name":"CELTTV","description":"Cooperativa El\u00e9ctrica de Tornquist","publisher":{"@id":"https:\/\/www.celttv.com.ar\/#organization"},"potentialAction":[{"@type":"SearchAction","target":{"@type":"EntryPoint","urlTemplate":"https:\/\/www.celttv.com.ar\/?s={search_term_string}"},"query-input":"required name=search_term_string"}],"inLanguage":"es"},{"@type":"Organization","@id":"https:\/\/www.celttv.com.ar\/#organization","name":"CELTTV","url":"https:\/\/www.celttv.com.ar\/","sameAs":["https:\/\/www.youtube.com\/channel\/UCz_oIt8Hig64Ub-EmcNPIhg","https:\/\/www.facebook.com\/celtTV\/"],"logo":{"@type":"ImageObject","inLanguage":"es","@id":"https:\/\/www.celttv.com.ar\/#\/schema\/logo\/image\/","url":"http:\/\/www.celttv.com.ar\/wp-content\/uploads\/2022\/08\/logo-1.png","contentUrl":"http:\/\/www.celttv.com.ar\/wp-content\/uploads\/2022\/08\/logo-1.png","width":461,"height":159,"caption":"CELTTV"},"image":{"@id":"https:\/\/www.celttv.com.ar\/#\/schema\/logo\/image\/"}},{"@type":"Person","@id":"https:\/\/www.celttv.com.ar\/#\/schema\/person\/9059dc91dc7204ef4182cdb65225f07d","name":"Miguel Herrada","image":{"@type":"ImageObject","inLanguage":"es","@id":"https:\/\/www.celttv.com.ar\/#\/schema\/person\/image\/","url":"https:\/\/secure.gravatar.com\/avatar\/67724d5b3c716623ffd76bec7e45841a442ac3b456e914dbba90b0fad2b8e0b1?s=96&d=mm&r=g","contentUrl":"https:\/\/secure.gravatar.com\/avatar\/67724d5b3c716623ffd76bec7e45841a442ac3b456e914dbba90b0fad2b8e0b1?s=96&d=mm&r=g","caption":"Miguel Herrada"}}]}},"_links":{"self":[{"href":"https:\/\/www.celttv.com.ar\/index.php\/wp-json\/wp\/v2\/posts\/76378","targetHints":{"allow":["GET"]}}],"collection":[{"href":"https:\/\/www.celttv.com.ar\/index.php\/wp-json\/wp\/v2\/posts"}],"about":[{"href":"https:\/\/www.celttv.com.ar\/index.php\/wp-json\/wp\/v2\/types\/post"}],"author":[{"embeddable":true,"href":"https:\/\/www.celttv.com.ar\/index.php\/wp-json\/wp\/v2\/users\/5"}],"replies":[{"embeddable":true,"href":"https:\/\/www.celttv.com.ar\/index.php\/wp-json\/wp\/v2\/comments?post=76378"}],"version-history":[{"count":1,"href":"https:\/\/www.celttv.com.ar\/index.php\/wp-json\/wp\/v2\/posts\/76378\/revisions"}],"predecessor-version":[{"id":76380,"href":"https:\/\/www.celttv.com.ar\/index.php\/wp-json\/wp\/v2\/posts\/76378\/revisions\/76380"}],"wp:featuredmedia":[{"embeddable":true,"href":"https:\/\/www.celttv.com.ar\/index.php\/wp-json\/wp\/v2\/media\/76379"}],"wp:attachment":[{"href":"https:\/\/www.celttv.com.ar\/index.php\/wp-json\/wp\/v2\/media?parent=76378"}],"wp:term":[{"taxonomy":"category","embeddable":true,"href":"https:\/\/www.celttv.com.ar\/index.php\/wp-json\/wp\/v2\/categories?post=76378"},{"taxonomy":"post_tag","embeddable":true,"href":"https:\/\/www.celttv.com.ar\/index.php\/wp-json\/wp\/v2\/tags?post=76378"}],"curies":[{"name":"wp","href":"https:\/\/api.w.org\/{rel}","templated":true}]}}