{"id":7638,"date":"2012-08-07T20:57:15","date_gmt":"2012-08-07T20:57:15","guid":{"rendered":"http:\/\/www.tvcnoticias.com.ar\/?p=7638"},"modified":"2012-08-07T20:57:15","modified_gmt":"2012-08-07T20:57:15","slug":"futbol-el-golazo-de-banegas-inclino-la-balanza-compacto-opiniones-e-imagenes-de-reserva","status":"publish","type":"post","link":"https:\/\/www.celttv.com.ar\/index.php\/2012\/08\/07\/futbol-el-golazo-de-banegas-inclino-la-balanza-compacto-opiniones-e-imagenes-de-reserva\/","title":{"rendered":"FUTBOL: EL GOLAZO DE &#8220;MAXI&#8221; BANEGAS INCLINO LA BALANZA (compacto, opiniones e im\u00e1genes de reserva)"},"content":{"rendered":"<div id=\"html-message\">\n<p class=\"MsoNormal\"><span lang=\"ES\"><a href=\"http:\/\/www.youtube.com\/watch?v=jFXWagpeLys\">httpv:\/\/www.youtube.com\/watch?v=jFXWagpeLys<\/a><\/span><\/p>\n<p class=\"MsoNormal\"><span lang=\"ES\"><a href=\"http:\/\/www.youtube.com\/watch?v=WvsT0DpX9Mw\">httpv:\/\/www.youtube.com\/watch?v=WvsT0DpX9Mw<\/a><\/span><\/p>\n<p class=\"MsoNormal\"><span lang=\"ES\"><a href=\"http:\/\/www.youtube.com\/watch?v=luRSnxsHTzI\">httpv:\/\/www.youtube.com\/watch?v=luRSnxsHTzI<\/a><\/span><\/p>\n<p class=\"MsoNormal\"><span lang=\"ES\"><a>httpv:\/\/www.youtube.com\/watch?v=NHfrpY1VCCk<\/a><\/span><\/p>\n<p class=\"MsoNormal\"><span lang=\"ES\">Cuando todo parec\u00eda que terminaba en empate, \u201cMaxi\u201d Banegas meti\u00f3 un verdadero golazo que dej\u00f3 sin nada a El Progreso. Schilereff pon\u00eda en ventaja a los de Piedrabuena y Castro igualaba transitoriamente en la primera etapa.<\/span><\/p>\n<p class=\"MsoNormal\"><span lang=\"ES\">Un d\u00eda espectacular para la pr\u00e1ctica del f\u00fatbol dej\u00f3 muy poco en el Juan Jos\u00e9 Bolletta ya que no hubo mucho para contar. La primera jugada ser\u00eda para el due\u00f1o de casa por intermedio de Moyano quien probaba desde afuera a los 6. A los 9 llegar\u00eda una de las emociones cuando un tiro de esquina para la visita ca\u00eda en el \u00e1rea, primero un cabezazo de Graff hacia el medio y luego <strong>Gustavo Schilereff <\/strong>le dar\u00eda destino de red mediante la misma v\u00eda venciendo la estirada de Rubio. En la pr\u00f3xima llegar\u00eda la igualdad, reci\u00e9n a los 31 y sin nada en el medio; tiro libre de Bauer por derecha, <strong><em>Miguel Castro<\/em><\/strong> se elev\u00f3 en el \u00e1rea, el bal\u00f3n dio en un defensor y le cambi\u00f3 la trayectoria al arquero Pfoh. A los 38 prob\u00f3 Banegas y se fue desviado en lo que ser\u00eda lo mas destacado de la primera etapa.<\/span><\/p>\n<p class=\"MsoNormal\"><span lang=\"ES\">En el complemento, a los 5 fue Bauer quien ejecut\u00f3 a las manos del uno visitante. Cinco mas tarde Gottfridt prob\u00f3 con un tiro libre que se fue cerca. Loffredo lleg\u00f3 a posici\u00f3n de gol a los 17 pero el arquero Pfoh la sac\u00f3 en la l\u00ednea. Nuevamente Bauer con otro tiro libre y a los 20 inquietaba al arquero. El ingresado Neudert prob\u00f3 a los 24 y se fue desviado. Con 18 minutos sin jugadas de gol, llegar\u00eda la victoria de Uni\u00f3n con un verdadero golazo. Vallejos, con pocos minutos en cancha, realiza una buena jugada al meter una pelota en profundidad para la corrida de <strong>Maximiliano Banegas<\/strong> quien ingresa en el \u00e1rea y define por arriba ante la salida del uno suarense. Casi a los 50, Taryano pitaba el final y decretaba los tres puntos en juego para los dirigidos por la dupla Graff-Mosegui.<\/span><\/p>\n<p class=\"MsoNormal\"><span lang=\"ES\">Claudio Schaffner<\/span><\/p>\n<p class=\"MsoNormal\"><strong><span lang=\"ES\">Uni\u00f3n T 1<\/span><\/strong><\/p>\n<p class=\"MsoNormal\"><span lang=\"ES\">Javier Rubio<\/span><\/p>\n<p class=\"MsoNormal\"><span lang=\"ES\">Hern\u00e1n Delgado<br \/>\nAlexis Espinosa<br \/>\nJavier Girou<br \/>\nSebasti\u00e1n Callava<\/span><\/p>\n<p class=\"MsoNormal\"><span lang=\"ES\">Leonel Moyano<br \/>\nLaureano Flores<br \/>\nMiguel Castro<br \/>\nPaulo Bauer<\/span><\/p>\n<p class=\"MsoNormal\"><span lang=\"ES\">Maximiliano Banegas<br \/>\nJuan Loffredo<\/span><\/p>\n<p class=\"MsoNormal\"><span lang=\"ES\"><a href=\"http:\/\/webmail.celt.com.ar\/horde\/services\/go.php?url=http%3A%2F%2FDD.TT\" target=\"_blank\" rel=\"noopener\">DD.TT<\/a>.: Carlos Graff \u2013 Silvio Mosegui<\/span><\/p>\n<p class=\"MsoNormal\"><strong><span lang=\"ES\">Cambios:<\/span><\/strong><span lang=\"ES\"> ST 23m. Fernando Neudert por Loffredo, 32m. Mauricio Albanesi por Girou y 37m. Diego Vallejos por Castro.<strong><\/strong><\/span><\/p>\n<p class=\"MsoNormal\"><strong><span lang=\"ES\">Suplentes: <\/span><\/strong><span lang=\"ES\">Jos\u00e9 Flores y Juan Pastori.<\/span><\/p>\n<p class=\"MsoNormal\"><strong><span lang=\"ES\">El Progreso 0 <\/span><\/strong><\/p>\n<p class=\"MsoNormal\"><span lang=\"ES\">Emanuel Pfoh<\/span><\/p>\n<p class=\"MsoNormal\"><span lang=\"ES\">Mauro Pfoh<br \/>\nHern\u00e1n Fogel<br \/>\nGast\u00f3n Silva<br \/>\nJonatan Lambrecht<\/span><\/p>\n<p class=\"MsoNormal\"><span lang=\"ES\">Gonzalo Eberle<br \/>\nJoaqu\u00edn Gottfridt<br \/>\nMarcos Waibender<br \/>\nBraian Schneider<\/span><\/p>\n<p class=\"MsoNormal\"><span lang=\"ES\">Gustavo Schilereff<br \/>\nSebasti\u00e1n Graff<\/span><\/p>\n<p class=\"MsoNormal\"><span lang=\"ES\">D.T.: Alejandro Piedrabuena<\/span><\/p>\n<p class=\"MsoNormal\"><strong><span lang=\"ES\">Cambios:<\/span><\/strong><span lang=\"ES\"> PT 45m. Maximiliano Schroh por Eberle. <\/span><\/p>\n<p class=\"MsoNormal\"><strong><span lang=\"ES\">Suplentes: <\/span><\/strong><span lang=\"ES\">Maximiliano Obando, Leandro Streitemberger, Ignacio Galano y Lucas Sechero.<\/span><\/p>\n<p class=\"MsoNormal\"><strong><span style=\"text-decoration: underline;\"><span lang=\"ES\">GOLES.<\/span><\/span><\/strong><span lang=\"ES\"> PT: 9m. Schilereff (EP), 31m. Castro (U). ST: 42m. Banegas (U).<\/span><\/p>\n<p class=\"MsoNormal\"><strong><span style=\"text-decoration: underline;\"><span lang=\"ES\">AMONESTADOS<\/span><\/span><\/strong><span lang=\"ES\">: Espinosa, Girou, Castro y Loffredo (U). M. Pfoh, Schneider y Waibender (EP).<\/span><\/p>\n<p class=\"MsoNormal\"><strong><span style=\"text-decoration: underline;\"><span lang=\"ES\">EXPULSADOS<\/span><\/span><\/strong><span lang=\"ES\">: No hubo.<\/span><\/p>\n<p class=\"MsoNoSpacing\"><strong><span lang=\"ES\">ARBITRO:<\/span><\/strong><span lang=\"ES\"> Sergio Taryano (5). <\/span><\/p>\n<p class=\"MsoNoSpacing\"><strong><span lang=\"ES\">L\u00cdNEAS:<\/span><\/strong><span lang=\"ES\"> Arga\u00f1araz y Jaime.<\/span><\/p>\n<p class=\"MsoNoSpacing\"><span lang=\"ES\">\u00a0<\/span><\/p>\n<p class=\"MsoNoSpacing\"><strong><span lang=\"ES\">RESERVA:<\/span><\/strong><span lang=\"ES\"> Uni\u00f3n T 3 (Pastori x 2 y Diaz Arocena) vs. El Progreso 1 (Streitemberger).<\/span><\/p>\n<p class=\"MsoNoSpacing\"><strong><span lang=\"ES\">\u00a0<\/span><\/strong><\/p>\n<p class=\"MsoNoSpacing\"><strong><span lang=\"ES\">CANCHA:<\/span><\/strong><span lang=\"ES\"> Estadio \u201cJuan Jos\u00e9 Bolletta\u201d del Club Uni\u00f3n de Tornquist.<strong><\/strong><\/span><\/p>\n<\/div>\n","protected":false},"excerpt":{"rendered":"<p>httpv:\/\/www.youtube.com\/watch?v=jFXWagpeLys httpv:\/\/www.youtube.com\/watch?v=WvsT0DpX9Mw httpv:\/\/www.youtube.com\/watch?v=luRSnxsHTzI httpv:\/\/www.youtube.com\/watch?v=NHfrpY1VCCk Cuando todo parec\u00eda que terminaba en empate, \u201cMaxi\u201d Banegas meti\u00f3 un verdadero golazo que dej\u00f3 sin nada a El Progreso. Schilereff pon\u00eda en ventaja a los de Piedrabuena y Castro igualaba transitoriamente en la primera etapa. Un d\u00eda espectacular para la pr\u00e1ctica del f\u00fatbol dej\u00f3 muy poco en el Juan Jos\u00e9 [&hellip;]<\/p>\n","protected":false},"author":1,"featured_media":0,"comment_status":"closed","ping_status":"open","sticky":false,"template":"","format":"standard","meta":{"footnotes":""},"categories":[60,52,64],"tags":[],"class_list":["post-7638","post","type-post","status-publish","format-standard","hentry","category-deporte","category-destacadas","category-videos-destacados"],"yoast_head":"<!-- This site is optimized with the Yoast SEO plugin v19.7.1 - https:\/\/yoast.com\/wordpress\/plugins\/seo\/ -->\n<title>FUTBOL: EL GOLAZO DE &quot;MAXI&quot; BANEGAS INCLINO LA BALANZA (compacto, opiniones e im\u00e1genes de reserva) - CELTTV<\/title>\n<meta name=\"description\" content=\"Sitio web de noticias de la localidad de Tornquist, provincia de Buenos Aires, Rep\u00fablica Argentina. Contenido propio originado por periodistas de CELTTV, el canal de TV local de la Cooperativa El\u00e9ctrica de Tornquist. Turismo, Pol\u00edtica, Sociedad, Deporte, Cultura y todo el contenido de inter\u00e9s general que la gente del pueblo y la regi\u00f3n debe conocer.\" \/>\n<meta name=\"robots\" content=\"index, follow, max-snippet:-1, max-image-preview:large, max-video-preview:-1\" \/>\n<link rel=\"canonical\" href=\"https:\/\/www.celttv.com.ar\/index.php\/2012\/08\/07\/futbol-el-golazo-de-banegas-inclino-la-balanza-compacto-opiniones-e-imagenes-de-reserva\/\" \/>\n<meta property=\"og:locale\" content=\"es_ES\" \/>\n<meta property=\"og:type\" content=\"article\" \/>\n<meta property=\"og:title\" content=\"FUTBOL: EL GOLAZO DE &quot;MAXI&quot; BANEGAS INCLINO LA BALANZA (compacto, opiniones e im\u00e1genes de reserva) - CELTTV\" \/>\n<meta property=\"og:description\" content=\"Sitio web de noticias de la localidad de Tornquist, provincia de Buenos Aires, Rep\u00fablica Argentina. Contenido propio originado por periodistas de CELTTV, el canal de TV local de la Cooperativa El\u00e9ctrica de Tornquist. Turismo, Pol\u00edtica, Sociedad, Deporte, Cultura y todo el contenido de inter\u00e9s general que la gente del pueblo y la regi\u00f3n debe conocer.\" \/>\n<meta property=\"og:url\" content=\"https:\/\/www.celttv.com.ar\/index.php\/2012\/08\/07\/futbol-el-golazo-de-banegas-inclino-la-balanza-compacto-opiniones-e-imagenes-de-reserva\/\" \/>\n<meta property=\"og:site_name\" content=\"CELTTV\" \/>\n<meta property=\"article:publisher\" content=\"https:\/\/www.facebook.com\/celtTV\/\" \/>\n<meta property=\"article:published_time\" content=\"2012-08-07T20:57:15+00:00\" \/>\n<meta name=\"author\" content=\"ulises\" \/>\n<meta name=\"twitter:card\" content=\"summary_large_image\" \/>\n<meta name=\"twitter:label1\" content=\"Escrito por\" \/>\n\t<meta name=\"twitter:data1\" content=\"ulises\" \/>\n\t<meta name=\"twitter:label2\" content=\"Tiempo de lectura\" \/>\n\t<meta name=\"twitter:data2\" content=\"3 minutos\" \/>\n<script type=\"application\/ld+json\" class=\"yoast-schema-graph\">{\"@context\":\"https:\/\/schema.org\",\"@graph\":[{\"@type\":\"NewsArticle\",\"@id\":\"https:\/\/www.celttv.com.ar\/index.php\/2012\/08\/07\/futbol-el-golazo-de-banegas-inclino-la-balanza-compacto-opiniones-e-imagenes-de-reserva\/#article\",\"isPartOf\":{\"@id\":\"https:\/\/www.celttv.com.ar\/index.php\/2012\/08\/07\/futbol-el-golazo-de-banegas-inclino-la-balanza-compacto-opiniones-e-imagenes-de-reserva\/\"},\"author\":{\"name\":\"ulises\",\"@id\":\"https:\/\/www.celttv.com.ar\/#\/schema\/person\/6d99c072dba59953809c81446e9d0ace\"},\"headline\":\"FUTBOL: EL GOLAZO DE &#8220;MAXI&#8221; BANEGAS INCLINO LA BALANZA (compacto, opiniones e im\u00e1genes de reserva)\",\"datePublished\":\"2012-08-07T20:57:15+00:00\",\"dateModified\":\"2012-08-07T20:57:15+00:00\",\"mainEntityOfPage\":{\"@id\":\"https:\/\/www.celttv.com.ar\/index.php\/2012\/08\/07\/futbol-el-golazo-de-banegas-inclino-la-balanza-compacto-opiniones-e-imagenes-de-reserva\/\"},\"wordCount\":560,\"publisher\":{\"@id\":\"https:\/\/www.celttv.com.ar\/#organization\"},\"articleSection\":[\"Deporte\",\"Destacadas\",\"Videos Destacados\"],\"inLanguage\":\"es\"},{\"@type\":\"WebPage\",\"@id\":\"https:\/\/www.celttv.com.ar\/index.php\/2012\/08\/07\/futbol-el-golazo-de-banegas-inclino-la-balanza-compacto-opiniones-e-imagenes-de-reserva\/\",\"url\":\"https:\/\/www.celttv.com.ar\/index.php\/2012\/08\/07\/futbol-el-golazo-de-banegas-inclino-la-balanza-compacto-opiniones-e-imagenes-de-reserva\/\",\"name\":\"FUTBOL: EL GOLAZO DE \\\"MAXI\\\" BANEGAS INCLINO LA BALANZA (compacto, opiniones e im\u00e1genes de reserva) - CELTTV\",\"isPartOf\":{\"@id\":\"https:\/\/www.celttv.com.ar\/#website\"},\"datePublished\":\"2012-08-07T20:57:15+00:00\",\"dateModified\":\"2012-08-07T20:57:15+00:00\",\"description\":\"Sitio web de noticias de la localidad de Tornquist, provincia de Buenos Aires, Rep\u00fablica Argentina. Contenido propio originado por periodistas de CELTTV, el canal de TV local de la Cooperativa El\u00e9ctrica de Tornquist. Turismo, Pol\u00edtica, Sociedad, Deporte, Cultura y todo el contenido de inter\u00e9s general que la gente del pueblo y la regi\u00f3n debe conocer.\",\"breadcrumb\":{\"@id\":\"https:\/\/www.celttv.com.ar\/index.php\/2012\/08\/07\/futbol-el-golazo-de-banegas-inclino-la-balanza-compacto-opiniones-e-imagenes-de-reserva\/#breadcrumb\"},\"inLanguage\":\"es\",\"potentialAction\":[{\"@type\":\"ReadAction\",\"target\":[\"https:\/\/www.celttv.com.ar\/index.php\/2012\/08\/07\/futbol-el-golazo-de-banegas-inclino-la-balanza-compacto-opiniones-e-imagenes-de-reserva\/\"]}]},{\"@type\":\"BreadcrumbList\",\"@id\":\"https:\/\/www.celttv.com.ar\/index.php\/2012\/08\/07\/futbol-el-golazo-de-banegas-inclino-la-balanza-compacto-opiniones-e-imagenes-de-reserva\/#breadcrumb\",\"itemListElement\":[{\"@type\":\"ListItem\",\"position\":1,\"name\":\"Inicio\",\"item\":\"https:\/\/www.celttv.com.ar\/\"},{\"@type\":\"ListItem\",\"position\":2,\"name\":\"FUTBOL: EL GOLAZO DE &#8220;MAXI&#8221; BANEGAS INCLINO LA BALANZA (compacto, opiniones e im\u00e1genes de reserva)\"}]},{\"@type\":\"WebSite\",\"@id\":\"https:\/\/www.celttv.com.ar\/#website\",\"url\":\"https:\/\/www.celttv.com.ar\/\",\"name\":\"CELTTV\",\"description\":\"Cooperativa El\u00e9ctrica de Tornquist\",\"publisher\":{\"@id\":\"https:\/\/www.celttv.com.ar\/#organization\"},\"potentialAction\":[{\"@type\":\"SearchAction\",\"target\":{\"@type\":\"EntryPoint\",\"urlTemplate\":\"https:\/\/www.celttv.com.ar\/?s={search_term_string}\"},\"query-input\":\"required name=search_term_string\"}],\"inLanguage\":\"es\"},{\"@type\":\"Organization\",\"@id\":\"https:\/\/www.celttv.com.ar\/#organization\",\"name\":\"CELTTV\",\"url\":\"https:\/\/www.celttv.com.ar\/\",\"sameAs\":[\"https:\/\/www.youtube.com\/channel\/UCz_oIt8Hig64Ub-EmcNPIhg\",\"https:\/\/www.facebook.com\/celtTV\/\"],\"logo\":{\"@type\":\"ImageObject\",\"inLanguage\":\"es\",\"@id\":\"https:\/\/www.celttv.com.ar\/#\/schema\/logo\/image\/\",\"url\":\"http:\/\/www.celttv.com.ar\/wp-content\/uploads\/2022\/08\/logo-1.png\",\"contentUrl\":\"http:\/\/www.celttv.com.ar\/wp-content\/uploads\/2022\/08\/logo-1.png\",\"width\":461,\"height\":159,\"caption\":\"CELTTV\"},\"image\":{\"@id\":\"https:\/\/www.celttv.com.ar\/#\/schema\/logo\/image\/\"}},{\"@type\":\"Person\",\"@id\":\"https:\/\/www.celttv.com.ar\/#\/schema\/person\/6d99c072dba59953809c81446e9d0ace\",\"name\":\"ulises\",\"image\":{\"@type\":\"ImageObject\",\"inLanguage\":\"es\",\"@id\":\"https:\/\/www.celttv.com.ar\/#\/schema\/person\/image\/\",\"url\":\"https:\/\/secure.gravatar.com\/avatar\/7f2c48bdc33b30088f941fb6082e555f2874c98e20cb159d7b92b50eadfce793?s=96&d=mm&r=g\",\"contentUrl\":\"https:\/\/secure.gravatar.com\/avatar\/7f2c48bdc33b30088f941fb6082e555f2874c98e20cb159d7b92b50eadfce793?s=96&d=mm&r=g\",\"caption\":\"ulises\"},\"sameAs\":[\"http:\/\/www.celttv.com.ar\"]}]}<\/script>\n<!-- \/ Yoast SEO plugin. -->","yoast_head_json":{"title":"FUTBOL: EL GOLAZO DE \"MAXI\" BANEGAS INCLINO LA BALANZA (compacto, opiniones e im\u00e1genes de reserva) - CELTTV","description":"Sitio web de noticias de la localidad de Tornquist, provincia de Buenos Aires, Rep\u00fablica Argentina. Contenido propio originado por periodistas de CELTTV, el canal de TV local de la Cooperativa El\u00e9ctrica de Tornquist. Turismo, Pol\u00edtica, Sociedad, Deporte, Cultura y todo el contenido de inter\u00e9s general que la gente del pueblo y la regi\u00f3n debe conocer.","robots":{"index":"index","follow":"follow","max-snippet":"max-snippet:-1","max-image-preview":"max-image-preview:large","max-video-preview":"max-video-preview:-1"},"canonical":"https:\/\/www.celttv.com.ar\/index.php\/2012\/08\/07\/futbol-el-golazo-de-banegas-inclino-la-balanza-compacto-opiniones-e-imagenes-de-reserva\/","og_locale":"es_ES","og_type":"article","og_title":"FUTBOL: EL GOLAZO DE \"MAXI\" BANEGAS INCLINO LA BALANZA (compacto, opiniones e im\u00e1genes de reserva) - CELTTV","og_description":"Sitio web de noticias de la localidad de Tornquist, provincia de Buenos Aires, Rep\u00fablica Argentina. Contenido propio originado por periodistas de CELTTV, el canal de TV local de la Cooperativa El\u00e9ctrica de Tornquist. Turismo, Pol\u00edtica, Sociedad, Deporte, Cultura y todo el contenido de inter\u00e9s general que la gente del pueblo y la regi\u00f3n debe conocer.","og_url":"https:\/\/www.celttv.com.ar\/index.php\/2012\/08\/07\/futbol-el-golazo-de-banegas-inclino-la-balanza-compacto-opiniones-e-imagenes-de-reserva\/","og_site_name":"CELTTV","article_publisher":"https:\/\/www.facebook.com\/celtTV\/","article_published_time":"2012-08-07T20:57:15+00:00","author":"ulises","twitter_card":"summary_large_image","twitter_misc":{"Escrito por":"ulises","Tiempo de lectura":"3 minutos"},"schema":{"@context":"https:\/\/schema.org","@graph":[{"@type":"NewsArticle","@id":"https:\/\/www.celttv.com.ar\/index.php\/2012\/08\/07\/futbol-el-golazo-de-banegas-inclino-la-balanza-compacto-opiniones-e-imagenes-de-reserva\/#article","isPartOf":{"@id":"https:\/\/www.celttv.com.ar\/index.php\/2012\/08\/07\/futbol-el-golazo-de-banegas-inclino-la-balanza-compacto-opiniones-e-imagenes-de-reserva\/"},"author":{"name":"ulises","@id":"https:\/\/www.celttv.com.ar\/#\/schema\/person\/6d99c072dba59953809c81446e9d0ace"},"headline":"FUTBOL: EL GOLAZO DE &#8220;MAXI&#8221; BANEGAS INCLINO LA BALANZA (compacto, opiniones e im\u00e1genes de reserva)","datePublished":"2012-08-07T20:57:15+00:00","dateModified":"2012-08-07T20:57:15+00:00","mainEntityOfPage":{"@id":"https:\/\/www.celttv.com.ar\/index.php\/2012\/08\/07\/futbol-el-golazo-de-banegas-inclino-la-balanza-compacto-opiniones-e-imagenes-de-reserva\/"},"wordCount":560,"publisher":{"@id":"https:\/\/www.celttv.com.ar\/#organization"},"articleSection":["Deporte","Destacadas","Videos Destacados"],"inLanguage":"es"},{"@type":"WebPage","@id":"https:\/\/www.celttv.com.ar\/index.php\/2012\/08\/07\/futbol-el-golazo-de-banegas-inclino-la-balanza-compacto-opiniones-e-imagenes-de-reserva\/","url":"https:\/\/www.celttv.com.ar\/index.php\/2012\/08\/07\/futbol-el-golazo-de-banegas-inclino-la-balanza-compacto-opiniones-e-imagenes-de-reserva\/","name":"FUTBOL: EL GOLAZO DE \"MAXI\" BANEGAS INCLINO LA BALANZA (compacto, opiniones e im\u00e1genes de reserva) - CELTTV","isPartOf":{"@id":"https:\/\/www.celttv.com.ar\/#website"},"datePublished":"2012-08-07T20:57:15+00:00","dateModified":"2012-08-07T20:57:15+00:00","description":"Sitio web de noticias de la localidad de Tornquist, provincia de Buenos Aires, Rep\u00fablica Argentina. Contenido propio originado por periodistas de CELTTV, el canal de TV local de la Cooperativa El\u00e9ctrica de Tornquist. Turismo, Pol\u00edtica, Sociedad, Deporte, Cultura y todo el contenido de inter\u00e9s general que la gente del pueblo y la regi\u00f3n debe conocer.","breadcrumb":{"@id":"https:\/\/www.celttv.com.ar\/index.php\/2012\/08\/07\/futbol-el-golazo-de-banegas-inclino-la-balanza-compacto-opiniones-e-imagenes-de-reserva\/#breadcrumb"},"inLanguage":"es","potentialAction":[{"@type":"ReadAction","target":["https:\/\/www.celttv.com.ar\/index.php\/2012\/08\/07\/futbol-el-golazo-de-banegas-inclino-la-balanza-compacto-opiniones-e-imagenes-de-reserva\/"]}]},{"@type":"BreadcrumbList","@id":"https:\/\/www.celttv.com.ar\/index.php\/2012\/08\/07\/futbol-el-golazo-de-banegas-inclino-la-balanza-compacto-opiniones-e-imagenes-de-reserva\/#breadcrumb","itemListElement":[{"@type":"ListItem","position":1,"name":"Inicio","item":"https:\/\/www.celttv.com.ar\/"},{"@type":"ListItem","position":2,"name":"FUTBOL: EL GOLAZO DE &#8220;MAXI&#8221; BANEGAS INCLINO LA BALANZA (compacto, opiniones e im\u00e1genes de reserva)"}]},{"@type":"WebSite","@id":"https:\/\/www.celttv.com.ar\/#website","url":"https:\/\/www.celttv.com.ar\/","name":"CELTTV","description":"Cooperativa El\u00e9ctrica de Tornquist","publisher":{"@id":"https:\/\/www.celttv.com.ar\/#organization"},"potentialAction":[{"@type":"SearchAction","target":{"@type":"EntryPoint","urlTemplate":"https:\/\/www.celttv.com.ar\/?s={search_term_string}"},"query-input":"required name=search_term_string"}],"inLanguage":"es"},{"@type":"Organization","@id":"https:\/\/www.celttv.com.ar\/#organization","name":"CELTTV","url":"https:\/\/www.celttv.com.ar\/","sameAs":["https:\/\/www.youtube.com\/channel\/UCz_oIt8Hig64Ub-EmcNPIhg","https:\/\/www.facebook.com\/celtTV\/"],"logo":{"@type":"ImageObject","inLanguage":"es","@id":"https:\/\/www.celttv.com.ar\/#\/schema\/logo\/image\/","url":"http:\/\/www.celttv.com.ar\/wp-content\/uploads\/2022\/08\/logo-1.png","contentUrl":"http:\/\/www.celttv.com.ar\/wp-content\/uploads\/2022\/08\/logo-1.png","width":461,"height":159,"caption":"CELTTV"},"image":{"@id":"https:\/\/www.celttv.com.ar\/#\/schema\/logo\/image\/"}},{"@type":"Person","@id":"https:\/\/www.celttv.com.ar\/#\/schema\/person\/6d99c072dba59953809c81446e9d0ace","name":"ulises","image":{"@type":"ImageObject","inLanguage":"es","@id":"https:\/\/www.celttv.com.ar\/#\/schema\/person\/image\/","url":"https:\/\/secure.gravatar.com\/avatar\/7f2c48bdc33b30088f941fb6082e555f2874c98e20cb159d7b92b50eadfce793?s=96&d=mm&r=g","contentUrl":"https:\/\/secure.gravatar.com\/avatar\/7f2c48bdc33b30088f941fb6082e555f2874c98e20cb159d7b92b50eadfce793?s=96&d=mm&r=g","caption":"ulises"},"sameAs":["http:\/\/www.celttv.com.ar"]}]}},"_links":{"self":[{"href":"https:\/\/www.celttv.com.ar\/index.php\/wp-json\/wp\/v2\/posts\/7638","targetHints":{"allow":["GET"]}}],"collection":[{"href":"https:\/\/www.celttv.com.ar\/index.php\/wp-json\/wp\/v2\/posts"}],"about":[{"href":"https:\/\/www.celttv.com.ar\/index.php\/wp-json\/wp\/v2\/types\/post"}],"author":[{"embeddable":true,"href":"https:\/\/www.celttv.com.ar\/index.php\/wp-json\/wp\/v2\/users\/1"}],"replies":[{"embeddable":true,"href":"https:\/\/www.celttv.com.ar\/index.php\/wp-json\/wp\/v2\/comments?post=7638"}],"version-history":[{"count":0,"href":"https:\/\/www.celttv.com.ar\/index.php\/wp-json\/wp\/v2\/posts\/7638\/revisions"}],"wp:attachment":[{"href":"https:\/\/www.celttv.com.ar\/index.php\/wp-json\/wp\/v2\/media?parent=7638"}],"wp:term":[{"taxonomy":"category","embeddable":true,"href":"https:\/\/www.celttv.com.ar\/index.php\/wp-json\/wp\/v2\/categories?post=7638"},{"taxonomy":"post_tag","embeddable":true,"href":"https:\/\/www.celttv.com.ar\/index.php\/wp-json\/wp\/v2\/tags?post=7638"}],"curies":[{"name":"wp","href":"https:\/\/api.w.org\/{rel}","templated":true}]}}