{"id":76497,"date":"2023-06-02T16:39:36","date_gmt":"2023-06-02T19:39:36","guid":{"rendered":"http:\/\/www.celttv.com.ar\/?p=76497"},"modified":"2023-06-02T16:45:09","modified_gmt":"2023-06-02T19:45:09","slug":"una-pareja-aprehendida-por-comercializacion-de-estupefacientes-en-tornquist","status":"publish","type":"post","link":"https:\/\/www.celttv.com.ar\/index.php\/2023\/06\/02\/una-pareja-aprehendida-por-comercializacion-de-estupefacientes-en-tornquist\/","title":{"rendered":"Una pareja aprehendida por comercializaci\u00f3n de estupefacientes en Tornquist"},"content":{"rendered":"<p>La Secretaria de Seguridad Comunal, lleva a conocimiento de la poblaci\u00f3n, \u00a0que con fecha 01 de junio del corriente a\u00f1o, a ra\u00edz de las tareas de campo e inteligencia efectuadas por personal policial de Tornquist, y llevadas a cabo bajo la supervisi\u00f3n de la Unidad Funcional de Instrucci\u00f3n y Juicio n\u00b0 19 del Departamento Judicial Bah\u00eda Blanca a cargo del Dr. Mauricio del Cero; en el marco de una causa por Presunta Infracci\u00f3n a la Ley 23.737 (por comercializaci\u00f3n de estupefacientes); y aportados los medios de prueba necesarios para la investigaci\u00f3n se logr\u00f3 obtener la Orden de Allanamiento respectiva para con el domicilio de calle Jorge Newbery N\u00ba 341 de Tornquist, donde reside SEBASTIAN MATIAS LUJAN, de 40 a\u00f1os de edad, oriundo de este medio, asimismo con la colaboraci\u00f3n de personal perteneciente a la Comisaria de Violencia de Genero de Tornquist, en horas de la tarde del d\u00eda de ayer se irrumpi\u00f3 en el mentado domicilio logr\u00e1ndose secuestrar elementos de inter\u00e9s investigativo de los detallados en la orden judicial de referencia entre ellos (coca\u00edna, marihuana, elementos de corte y pesaje, arma de fuego, computadora, tel\u00e9fonos celulares y dinero en efectivo); procedi\u00e9ndose en primera instancia a la aprehensi\u00f3n tanto de SEBASTIAN MATIAS LUJAN, como as\u00ed de su pareja ZAIRA JOHANNA JARA, de 20 a\u00f1os por el delito caratulado Infracci\u00f3n a la Ley 23.737 y Tenencia Ilegal de Arma de Fuego de Uso Civil Condicional, donde ambos quedaron a disposici\u00f3n del magistrado interviniente, cuyos letrados resolver\u00e1n su situaci\u00f3n procesal.<\/p>\n<p>SECRETARIA DE SEGURIDAD, MUNICIPALIDAD DE TORNQUIST 02 DE JUNIO DE 2023.-<\/p>\n<p><img loading=\"lazy\" decoding=\"async\" class=\"alignnone size-medium wp-image-76498\" src=\"http:\/\/www.celttv.com.ar\/wp-content\/uploads\/2023\/06\/image0-138x300.jpeg\" alt=\"\" width=\"138\" height=\"300\" srcset=\"https:\/\/www.celttv.com.ar\/wp-content\/uploads\/2023\/06\/image0-138x300.jpeg 138w, https:\/\/www.celttv.com.ar\/wp-content\/uploads\/2023\/06\/image0-471x1024.jpeg 471w, https:\/\/www.celttv.com.ar\/wp-content\/uploads\/2023\/06\/image0.jpeg 589w\" sizes=\"auto, (max-width: 138px) 100vw, 138px\" \/><\/p>\n<p><a href=\"http:\/\/www.celttv.com.ar\/wp-content\/uploads\/2023\/06\/Video.mov\">Video<\/a><\/p>\n","protected":false},"excerpt":{"rendered":"<p>La Secretaria de Seguridad Comunal, lleva a conocimiento de la poblaci\u00f3n, \u00a0que con fecha 01 de junio del corriente a\u00f1o, a ra\u00edz de las tareas de campo e inteligencia efectuadas por personal policial de Tornquist, y llevadas a cabo bajo la supervisi\u00f3n de la Unidad Funcional de Instrucci\u00f3n y Juicio n\u00b0 19 del Departamento Judicial [&hellip;]<\/p>\n","protected":false},"author":5,"featured_media":76498,"comment_status":"closed","ping_status":"closed","sticky":false,"template":"","format":"standard","meta":{"footnotes":""},"categories":[51,52,59,61],"tags":[889],"class_list":["post-76497","post","type-post","status-publish","format-standard","has-post-thumbnail","hentry","category-comunidad","category-destacadas","category-municipales","category-policiales","tag-una-pareja-aprehendida-por-comercializacion-de-estupefacientes-en-tornquist"],"yoast_head":"<!-- This site is optimized with the Yoast SEO plugin v19.7.1 - https:\/\/yoast.com\/wordpress\/plugins\/seo\/ -->\n<title>Una pareja aprehendida por comercializaci\u00f3n de estupefacientes en Tornquist - CELTTV<\/title>\n<meta name=\"description\" content=\"Sitio web de noticias de la localidad de Tornquist, provincia de Buenos Aires, Rep\u00fablica Argentina. Contenido propio originado por periodistas de CELTTV, el canal de TV local de la Cooperativa El\u00e9ctrica de Tornquist. Turismo, Pol\u00edtica, Sociedad, Deporte, Cultura y todo el contenido de inter\u00e9s general que la gente del pueblo y la regi\u00f3n debe conocer.\" \/>\n<meta name=\"robots\" content=\"index, follow, max-snippet:-1, max-image-preview:large, max-video-preview:-1\" \/>\n<link rel=\"canonical\" href=\"https:\/\/www.celttv.com.ar\/index.php\/2023\/06\/02\/una-pareja-aprehendida-por-comercializacion-de-estupefacientes-en-tornquist\/\" \/>\n<meta property=\"og:locale\" content=\"es_ES\" \/>\n<meta property=\"og:type\" content=\"article\" \/>\n<meta property=\"og:title\" content=\"Una pareja aprehendida por comercializaci\u00f3n de estupefacientes en Tornquist - CELTTV\" \/>\n<meta property=\"og:description\" content=\"Sitio web de noticias de la localidad de Tornquist, provincia de Buenos Aires, Rep\u00fablica Argentina. Contenido propio originado por periodistas de CELTTV, el canal de TV local de la Cooperativa El\u00e9ctrica de Tornquist. Turismo, Pol\u00edtica, Sociedad, Deporte, Cultura y todo el contenido de inter\u00e9s general que la gente del pueblo y la regi\u00f3n debe conocer.\" \/>\n<meta property=\"og:url\" content=\"https:\/\/www.celttv.com.ar\/index.php\/2023\/06\/02\/una-pareja-aprehendida-por-comercializacion-de-estupefacientes-en-tornquist\/\" \/>\n<meta property=\"og:site_name\" content=\"CELTTV\" \/>\n<meta property=\"article:publisher\" content=\"https:\/\/www.facebook.com\/celtTV\/\" \/>\n<meta property=\"article:published_time\" content=\"2023-06-02T19:39:36+00:00\" \/>\n<meta property=\"article:modified_time\" content=\"2023-06-02T19:45:09+00:00\" \/>\n<meta property=\"og:image\" content=\"https:\/\/www.celttv.com.ar\/wp-content\/uploads\/2023\/06\/image0.jpeg\" \/>\n\t<meta property=\"og:image:width\" content=\"589\" \/>\n\t<meta property=\"og:image:height\" content=\"1280\" \/>\n\t<meta property=\"og:image:type\" content=\"image\/jpeg\" \/>\n<meta name=\"author\" content=\"Miguel Herrada\" \/>\n<meta name=\"twitter:card\" content=\"summary_large_image\" \/>\n<meta name=\"twitter:label1\" content=\"Escrito por\" \/>\n\t<meta name=\"twitter:data1\" content=\"Miguel Herrada\" \/>\n\t<meta name=\"twitter:label2\" content=\"Tiempo de lectura\" \/>\n\t<meta name=\"twitter:data2\" content=\"1 minuto\" \/>\n<script type=\"application\/ld+json\" class=\"yoast-schema-graph\">{\"@context\":\"https:\/\/schema.org\",\"@graph\":[{\"@type\":\"NewsArticle\",\"@id\":\"https:\/\/www.celttv.com.ar\/index.php\/2023\/06\/02\/una-pareja-aprehendida-por-comercializacion-de-estupefacientes-en-tornquist\/#article\",\"isPartOf\":{\"@id\":\"https:\/\/www.celttv.com.ar\/index.php\/2023\/06\/02\/una-pareja-aprehendida-por-comercializacion-de-estupefacientes-en-tornquist\/\"},\"author\":{\"name\":\"Miguel Herrada\",\"@id\":\"https:\/\/www.celttv.com.ar\/#\/schema\/person\/9059dc91dc7204ef4182cdb65225f07d\"},\"headline\":\"Una pareja aprehendida por comercializaci\u00f3n de estupefacientes en Tornquist\",\"datePublished\":\"2023-06-02T19:39:36+00:00\",\"dateModified\":\"2023-06-02T19:45:09+00:00\",\"mainEntityOfPage\":{\"@id\":\"https:\/\/www.celttv.com.ar\/index.php\/2023\/06\/02\/una-pareja-aprehendida-por-comercializacion-de-estupefacientes-en-tornquist\/\"},\"wordCount\":284,\"publisher\":{\"@id\":\"https:\/\/www.celttv.com.ar\/#organization\"},\"keywords\":[\"Una pareja aprehendida por comercializaci\u00f3n de estupefacientes en Tornquist\"],\"articleSection\":[\"Comunidad\",\"Destacadas\",\"Municipales\",\"Policiales\"],\"inLanguage\":\"es\"},{\"@type\":\"WebPage\",\"@id\":\"https:\/\/www.celttv.com.ar\/index.php\/2023\/06\/02\/una-pareja-aprehendida-por-comercializacion-de-estupefacientes-en-tornquist\/\",\"url\":\"https:\/\/www.celttv.com.ar\/index.php\/2023\/06\/02\/una-pareja-aprehendida-por-comercializacion-de-estupefacientes-en-tornquist\/\",\"name\":\"Una pareja aprehendida por comercializaci\u00f3n de estupefacientes en Tornquist - CELTTV\",\"isPartOf\":{\"@id\":\"https:\/\/www.celttv.com.ar\/#website\"},\"datePublished\":\"2023-06-02T19:39:36+00:00\",\"dateModified\":\"2023-06-02T19:45:09+00:00\",\"description\":\"Sitio web de noticias de la localidad de Tornquist, provincia de Buenos Aires, Rep\u00fablica Argentina. Contenido propio originado por periodistas de CELTTV, el canal de TV local de la Cooperativa El\u00e9ctrica de Tornquist. Turismo, Pol\u00edtica, Sociedad, Deporte, Cultura y todo el contenido de inter\u00e9s general que la gente del pueblo y la regi\u00f3n debe conocer.\",\"breadcrumb\":{\"@id\":\"https:\/\/www.celttv.com.ar\/index.php\/2023\/06\/02\/una-pareja-aprehendida-por-comercializacion-de-estupefacientes-en-tornquist\/#breadcrumb\"},\"inLanguage\":\"es\",\"potentialAction\":[{\"@type\":\"ReadAction\",\"target\":[\"https:\/\/www.celttv.com.ar\/index.php\/2023\/06\/02\/una-pareja-aprehendida-por-comercializacion-de-estupefacientes-en-tornquist\/\"]}]},{\"@type\":\"BreadcrumbList\",\"@id\":\"https:\/\/www.celttv.com.ar\/index.php\/2023\/06\/02\/una-pareja-aprehendida-por-comercializacion-de-estupefacientes-en-tornquist\/#breadcrumb\",\"itemListElement\":[{\"@type\":\"ListItem\",\"position\":1,\"name\":\"Inicio\",\"item\":\"https:\/\/www.celttv.com.ar\/\"},{\"@type\":\"ListItem\",\"position\":2,\"name\":\"Una pareja aprehendida por comercializaci\u00f3n de estupefacientes en Tornquist\"}]},{\"@type\":\"WebSite\",\"@id\":\"https:\/\/www.celttv.com.ar\/#website\",\"url\":\"https:\/\/www.celttv.com.ar\/\",\"name\":\"CELTTV\",\"description\":\"Cooperativa El\u00e9ctrica de Tornquist\",\"publisher\":{\"@id\":\"https:\/\/www.celttv.com.ar\/#organization\"},\"potentialAction\":[{\"@type\":\"SearchAction\",\"target\":{\"@type\":\"EntryPoint\",\"urlTemplate\":\"https:\/\/www.celttv.com.ar\/?s={search_term_string}\"},\"query-input\":\"required name=search_term_string\"}],\"inLanguage\":\"es\"},{\"@type\":\"Organization\",\"@id\":\"https:\/\/www.celttv.com.ar\/#organization\",\"name\":\"CELTTV\",\"url\":\"https:\/\/www.celttv.com.ar\/\",\"sameAs\":[\"https:\/\/www.youtube.com\/channel\/UCz_oIt8Hig64Ub-EmcNPIhg\",\"https:\/\/www.facebook.com\/celtTV\/\"],\"logo\":{\"@type\":\"ImageObject\",\"inLanguage\":\"es\",\"@id\":\"https:\/\/www.celttv.com.ar\/#\/schema\/logo\/image\/\",\"url\":\"http:\/\/www.celttv.com.ar\/wp-content\/uploads\/2022\/08\/logo-1.png\",\"contentUrl\":\"http:\/\/www.celttv.com.ar\/wp-content\/uploads\/2022\/08\/logo-1.png\",\"width\":461,\"height\":159,\"caption\":\"CELTTV\"},\"image\":{\"@id\":\"https:\/\/www.celttv.com.ar\/#\/schema\/logo\/image\/\"}},{\"@type\":\"Person\",\"@id\":\"https:\/\/www.celttv.com.ar\/#\/schema\/person\/9059dc91dc7204ef4182cdb65225f07d\",\"name\":\"Miguel Herrada\",\"image\":{\"@type\":\"ImageObject\",\"inLanguage\":\"es\",\"@id\":\"https:\/\/www.celttv.com.ar\/#\/schema\/person\/image\/\",\"url\":\"https:\/\/secure.gravatar.com\/avatar\/67724d5b3c716623ffd76bec7e45841a442ac3b456e914dbba90b0fad2b8e0b1?s=96&d=mm&r=g\",\"contentUrl\":\"https:\/\/secure.gravatar.com\/avatar\/67724d5b3c716623ffd76bec7e45841a442ac3b456e914dbba90b0fad2b8e0b1?s=96&d=mm&r=g\",\"caption\":\"Miguel Herrada\"}}]}<\/script>\n<!-- \/ Yoast SEO plugin. -->","yoast_head_json":{"title":"Una pareja aprehendida por comercializaci\u00f3n de estupefacientes en Tornquist - CELTTV","description":"Sitio web de noticias de la localidad de Tornquist, provincia de Buenos Aires, Rep\u00fablica Argentina. Contenido propio originado por periodistas de CELTTV, el canal de TV local de la Cooperativa El\u00e9ctrica de Tornquist. Turismo, Pol\u00edtica, Sociedad, Deporte, Cultura y todo el contenido de inter\u00e9s general que la gente del pueblo y la regi\u00f3n debe conocer.","robots":{"index":"index","follow":"follow","max-snippet":"max-snippet:-1","max-image-preview":"max-image-preview:large","max-video-preview":"max-video-preview:-1"},"canonical":"https:\/\/www.celttv.com.ar\/index.php\/2023\/06\/02\/una-pareja-aprehendida-por-comercializacion-de-estupefacientes-en-tornquist\/","og_locale":"es_ES","og_type":"article","og_title":"Una pareja aprehendida por comercializaci\u00f3n de estupefacientes en Tornquist - CELTTV","og_description":"Sitio web de noticias de la localidad de Tornquist, provincia de Buenos Aires, Rep\u00fablica Argentina. Contenido propio originado por periodistas de CELTTV, el canal de TV local de la Cooperativa El\u00e9ctrica de Tornquist. Turismo, Pol\u00edtica, Sociedad, Deporte, Cultura y todo el contenido de inter\u00e9s general que la gente del pueblo y la regi\u00f3n debe conocer.","og_url":"https:\/\/www.celttv.com.ar\/index.php\/2023\/06\/02\/una-pareja-aprehendida-por-comercializacion-de-estupefacientes-en-tornquist\/","og_site_name":"CELTTV","article_publisher":"https:\/\/www.facebook.com\/celtTV\/","article_published_time":"2023-06-02T19:39:36+00:00","article_modified_time":"2023-06-02T19:45:09+00:00","og_image":[{"width":589,"height":1280,"url":"https:\/\/www.celttv.com.ar\/wp-content\/uploads\/2023\/06\/image0.jpeg","type":"image\/jpeg"}],"author":"Miguel Herrada","twitter_card":"summary_large_image","twitter_misc":{"Escrito por":"Miguel Herrada","Tiempo de lectura":"1 minuto"},"schema":{"@context":"https:\/\/schema.org","@graph":[{"@type":"NewsArticle","@id":"https:\/\/www.celttv.com.ar\/index.php\/2023\/06\/02\/una-pareja-aprehendida-por-comercializacion-de-estupefacientes-en-tornquist\/#article","isPartOf":{"@id":"https:\/\/www.celttv.com.ar\/index.php\/2023\/06\/02\/una-pareja-aprehendida-por-comercializacion-de-estupefacientes-en-tornquist\/"},"author":{"name":"Miguel Herrada","@id":"https:\/\/www.celttv.com.ar\/#\/schema\/person\/9059dc91dc7204ef4182cdb65225f07d"},"headline":"Una pareja aprehendida por comercializaci\u00f3n de estupefacientes en Tornquist","datePublished":"2023-06-02T19:39:36+00:00","dateModified":"2023-06-02T19:45:09+00:00","mainEntityOfPage":{"@id":"https:\/\/www.celttv.com.ar\/index.php\/2023\/06\/02\/una-pareja-aprehendida-por-comercializacion-de-estupefacientes-en-tornquist\/"},"wordCount":284,"publisher":{"@id":"https:\/\/www.celttv.com.ar\/#organization"},"keywords":["Una pareja aprehendida por comercializaci\u00f3n de estupefacientes en Tornquist"],"articleSection":["Comunidad","Destacadas","Municipales","Policiales"],"inLanguage":"es"},{"@type":"WebPage","@id":"https:\/\/www.celttv.com.ar\/index.php\/2023\/06\/02\/una-pareja-aprehendida-por-comercializacion-de-estupefacientes-en-tornquist\/","url":"https:\/\/www.celttv.com.ar\/index.php\/2023\/06\/02\/una-pareja-aprehendida-por-comercializacion-de-estupefacientes-en-tornquist\/","name":"Una pareja aprehendida por comercializaci\u00f3n de estupefacientes en Tornquist - CELTTV","isPartOf":{"@id":"https:\/\/www.celttv.com.ar\/#website"},"datePublished":"2023-06-02T19:39:36+00:00","dateModified":"2023-06-02T19:45:09+00:00","description":"Sitio web de noticias de la localidad de Tornquist, provincia de Buenos Aires, Rep\u00fablica Argentina. Contenido propio originado por periodistas de CELTTV, el canal de TV local de la Cooperativa El\u00e9ctrica de Tornquist. Turismo, Pol\u00edtica, Sociedad, Deporte, Cultura y todo el contenido de inter\u00e9s general que la gente del pueblo y la regi\u00f3n debe conocer.","breadcrumb":{"@id":"https:\/\/www.celttv.com.ar\/index.php\/2023\/06\/02\/una-pareja-aprehendida-por-comercializacion-de-estupefacientes-en-tornquist\/#breadcrumb"},"inLanguage":"es","potentialAction":[{"@type":"ReadAction","target":["https:\/\/www.celttv.com.ar\/index.php\/2023\/06\/02\/una-pareja-aprehendida-por-comercializacion-de-estupefacientes-en-tornquist\/"]}]},{"@type":"BreadcrumbList","@id":"https:\/\/www.celttv.com.ar\/index.php\/2023\/06\/02\/una-pareja-aprehendida-por-comercializacion-de-estupefacientes-en-tornquist\/#breadcrumb","itemListElement":[{"@type":"ListItem","position":1,"name":"Inicio","item":"https:\/\/www.celttv.com.ar\/"},{"@type":"ListItem","position":2,"name":"Una pareja aprehendida por comercializaci\u00f3n de estupefacientes en Tornquist"}]},{"@type":"WebSite","@id":"https:\/\/www.celttv.com.ar\/#website","url":"https:\/\/www.celttv.com.ar\/","name":"CELTTV","description":"Cooperativa El\u00e9ctrica de Tornquist","publisher":{"@id":"https:\/\/www.celttv.com.ar\/#organization"},"potentialAction":[{"@type":"SearchAction","target":{"@type":"EntryPoint","urlTemplate":"https:\/\/www.celttv.com.ar\/?s={search_term_string}"},"query-input":"required name=search_term_string"}],"inLanguage":"es"},{"@type":"Organization","@id":"https:\/\/www.celttv.com.ar\/#organization","name":"CELTTV","url":"https:\/\/www.celttv.com.ar\/","sameAs":["https:\/\/www.youtube.com\/channel\/UCz_oIt8Hig64Ub-EmcNPIhg","https:\/\/www.facebook.com\/celtTV\/"],"logo":{"@type":"ImageObject","inLanguage":"es","@id":"https:\/\/www.celttv.com.ar\/#\/schema\/logo\/image\/","url":"http:\/\/www.celttv.com.ar\/wp-content\/uploads\/2022\/08\/logo-1.png","contentUrl":"http:\/\/www.celttv.com.ar\/wp-content\/uploads\/2022\/08\/logo-1.png","width":461,"height":159,"caption":"CELTTV"},"image":{"@id":"https:\/\/www.celttv.com.ar\/#\/schema\/logo\/image\/"}},{"@type":"Person","@id":"https:\/\/www.celttv.com.ar\/#\/schema\/person\/9059dc91dc7204ef4182cdb65225f07d","name":"Miguel Herrada","image":{"@type":"ImageObject","inLanguage":"es","@id":"https:\/\/www.celttv.com.ar\/#\/schema\/person\/image\/","url":"https:\/\/secure.gravatar.com\/avatar\/67724d5b3c716623ffd76bec7e45841a442ac3b456e914dbba90b0fad2b8e0b1?s=96&d=mm&r=g","contentUrl":"https:\/\/secure.gravatar.com\/avatar\/67724d5b3c716623ffd76bec7e45841a442ac3b456e914dbba90b0fad2b8e0b1?s=96&d=mm&r=g","caption":"Miguel Herrada"}}]}},"_links":{"self":[{"href":"https:\/\/www.celttv.com.ar\/index.php\/wp-json\/wp\/v2\/posts\/76497","targetHints":{"allow":["GET"]}}],"collection":[{"href":"https:\/\/www.celttv.com.ar\/index.php\/wp-json\/wp\/v2\/posts"}],"about":[{"href":"https:\/\/www.celttv.com.ar\/index.php\/wp-json\/wp\/v2\/types\/post"}],"author":[{"embeddable":true,"href":"https:\/\/www.celttv.com.ar\/index.php\/wp-json\/wp\/v2\/users\/5"}],"replies":[{"embeddable":true,"href":"https:\/\/www.celttv.com.ar\/index.php\/wp-json\/wp\/v2\/comments?post=76497"}],"version-history":[{"count":1,"href":"https:\/\/www.celttv.com.ar\/index.php\/wp-json\/wp\/v2\/posts\/76497\/revisions"}],"predecessor-version":[{"id":76500,"href":"https:\/\/www.celttv.com.ar\/index.php\/wp-json\/wp\/v2\/posts\/76497\/revisions\/76500"}],"wp:featuredmedia":[{"embeddable":true,"href":"https:\/\/www.celttv.com.ar\/index.php\/wp-json\/wp\/v2\/media\/76498"}],"wp:attachment":[{"href":"https:\/\/www.celttv.com.ar\/index.php\/wp-json\/wp\/v2\/media?parent=76497"}],"wp:term":[{"taxonomy":"category","embeddable":true,"href":"https:\/\/www.celttv.com.ar\/index.php\/wp-json\/wp\/v2\/categories?post=76497"},{"taxonomy":"post_tag","embeddable":true,"href":"https:\/\/www.celttv.com.ar\/index.php\/wp-json\/wp\/v2\/tags?post=76497"}],"curies":[{"name":"wp","href":"https:\/\/api.w.org\/{rel}","templated":true}]}}