{"id":76545,"date":"2023-06-02T21:18:54","date_gmt":"2023-06-03T00:18:54","guid":{"rendered":"http:\/\/www.celttv.com.ar\/?p=76545"},"modified":"2023-06-02T21:18:54","modified_gmt":"2023-06-03T00:18:54","slug":"el-sindicato-de-empleados-municipales-de-tornquist-inauguro-su-filial-en-sierra-de-la-ventana","status":"publish","type":"post","link":"https:\/\/www.celttv.com.ar\/index.php\/2023\/06\/02\/el-sindicato-de-empleados-municipales-de-tornquist-inauguro-su-filial-en-sierra-de-la-ventana\/","title":{"rendered":"El Sindicato de Empleados Municipales de Tornquist inaugur\u00f3 su filial en Sierra de la Ventana"},"content":{"rendered":"<p>En la tarde de este viernes, quedaron inauguradas las instalaciones de la filial del S.T.M.T.<br \/>\nEl acto cont\u00f3 con la presencia de afiliados, comisi\u00f3n del gremio, concejales y profesionales que prestar\u00e1n sus servicios en el lugar.<\/p>\n<p>Pasadas las 18 horas de este 2 de junio, el gremio de trabajadores municipales del distrito cumpli\u00f3 el sue\u00f1o de cortar cintas y dejar habilitada su filial. El acto tuvo la presencia del secretario general Carlos Bartolini, integrantes de la comisi\u00f3n sindical, afiliados y concejales que acompa\u00f1aron el evento.<\/p>\n<p>Previo al corte de cintas, Daniel Lagos hizo uso de la palabra y seguidamente le toc\u00f3 a Bartolini agradecer y dejar inaugurada la filial.<\/p>\n<p>El sal\u00f3n contar\u00e1 con dos sectores destinados a consultorios, una sala de espera, y dependencias de cocina y ba\u00f1os.<\/p>\n<p>En nota con nuestro medio, Carlos Bartolini expres\u00f3 que \u00abel compromiso de esta comisi\u00f3n desde el primer d\u00eda de gesti\u00f3n fue\u00b4la integraci\u00f3n de todos los afiliados del distrito y esta filial es un hecho que cumple con lo prometido\u00bb.<\/p>\n<p>A partir de la semana pr\u00f3xima, en las instalaciones atender\u00e1n una m\u00e9dica de familia, un traumat\u00f3logo, oftalm\u00f3logos y una abogada. Oportunamente se dar\u00e1n a conocer los d\u00edas y horarios de cada especialista y en la vidriera de la filial que se ubica en Av. Tres Picos 256 del Barrio San Bernardo estar\u00e1n visibles al p\u00fablico en general.<\/p>\n<p>Fuente: Noticias Radio Reflejos<\/p>\n<p><img loading=\"lazy\" decoding=\"async\" class=\"alignnone wp-image-76546 size-large\" src=\"http:\/\/www.celttv.com.ar\/wp-content\/uploads\/2023\/06\/1-1024x576.jpg\" alt=\"\" width=\"1024\" height=\"576\" srcset=\"https:\/\/www.celttv.com.ar\/wp-content\/uploads\/2023\/06\/1-1024x576.jpg 1024w, https:\/\/www.celttv.com.ar\/wp-content\/uploads\/2023\/06\/1-300x169.jpg 300w, https:\/\/www.celttv.com.ar\/wp-content\/uploads\/2023\/06\/1-768x432.jpg 768w, https:\/\/www.celttv.com.ar\/wp-content\/uploads\/2023\/06\/1-1536x864.jpg 1536w, https:\/\/www.celttv.com.ar\/wp-content\/uploads\/2023\/06\/1-750x422.jpg 750w, https:\/\/www.celttv.com.ar\/wp-content\/uploads\/2023\/06\/1-1140x641.jpg 1140w, https:\/\/www.celttv.com.ar\/wp-content\/uploads\/2023\/06\/1.jpg 1600w\" sizes=\"auto, (max-width: 1024px) 100vw, 1024px\" \/> <img loading=\"lazy\" decoding=\"async\" class=\"alignnone wp-image-76547 size-large\" src=\"http:\/\/www.celttv.com.ar\/wp-content\/uploads\/2023\/06\/52946592958e17994fa01o.jpg_1600-1024x576.jpg\" alt=\"\" width=\"1024\" height=\"576\" srcset=\"https:\/\/www.celttv.com.ar\/wp-content\/uploads\/2023\/06\/52946592958e17994fa01o.jpg_1600-1024x576.jpg 1024w, https:\/\/www.celttv.com.ar\/wp-content\/uploads\/2023\/06\/52946592958e17994fa01o.jpg_1600-300x169.jpg 300w, https:\/\/www.celttv.com.ar\/wp-content\/uploads\/2023\/06\/52946592958e17994fa01o.jpg_1600-768x432.jpg 768w, https:\/\/www.celttv.com.ar\/wp-content\/uploads\/2023\/06\/52946592958e17994fa01o.jpg_1600-1536x864.jpg 1536w, https:\/\/www.celttv.com.ar\/wp-content\/uploads\/2023\/06\/52946592958e17994fa01o.jpg_1600-750x422.jpg 750w, https:\/\/www.celttv.com.ar\/wp-content\/uploads\/2023\/06\/52946592958e17994fa01o.jpg_1600-1140x641.jpg 1140w, https:\/\/www.celttv.com.ar\/wp-content\/uploads\/2023\/06\/52946592958e17994fa01o.jpg_1600.jpg 1600w\" sizes=\"auto, (max-width: 1024px) 100vw, 1024px\" \/> <img loading=\"lazy\" decoding=\"async\" class=\"alignnone wp-image-76548 size-large\" src=\"http:\/\/www.celttv.com.ar\/wp-content\/uploads\/2023\/06\/52946515670465004ea99o.jpg_1600-1024x576.jpg\" alt=\"\" width=\"1024\" height=\"576\" srcset=\"https:\/\/www.celttv.com.ar\/wp-content\/uploads\/2023\/06\/52946515670465004ea99o.jpg_1600-1024x576.jpg 1024w, https:\/\/www.celttv.com.ar\/wp-content\/uploads\/2023\/06\/52946515670465004ea99o.jpg_1600-300x169.jpg 300w, https:\/\/www.celttv.com.ar\/wp-content\/uploads\/2023\/06\/52946515670465004ea99o.jpg_1600-768x432.jpg 768w, https:\/\/www.celttv.com.ar\/wp-content\/uploads\/2023\/06\/52946515670465004ea99o.jpg_1600-1536x864.jpg 1536w, https:\/\/www.celttv.com.ar\/wp-content\/uploads\/2023\/06\/52946515670465004ea99o.jpg_1600-750x422.jpg 750w, https:\/\/www.celttv.com.ar\/wp-content\/uploads\/2023\/06\/52946515670465004ea99o.jpg_1600-1140x641.jpg 1140w, https:\/\/www.celttv.com.ar\/wp-content\/uploads\/2023\/06\/52946515670465004ea99o.jpg_1600.jpg 1600w\" sizes=\"auto, (max-width: 1024px) 100vw, 1024px\" \/><\/p>\n","protected":false},"excerpt":{"rendered":"<p>En la tarde de este viernes, quedaron inauguradas las instalaciones de la filial del S.T.M.T. El acto cont\u00f3 con la presencia de afiliados, comisi\u00f3n del gremio, concejales y profesionales que prestar\u00e1n sus servicios en el lugar. Pasadas las 18 horas de este 2 de junio, el gremio de trabajadores municipales del distrito cumpli\u00f3 el sue\u00f1o [&hellip;]<\/p>\n","protected":false},"author":5,"featured_media":76546,"comment_status":"closed","ping_status":"closed","sticky":false,"template":"","format":"standard","meta":{"footnotes":""},"categories":[51,52],"tags":[891],"class_list":["post-76545","post","type-post","status-publish","format-standard","has-post-thumbnail","hentry","category-comunidad","category-destacadas","tag-el-sindicato-de-empleados-municipales-de-tornquist-inauguro-su-filial-en-sierra-de-la-ventana"],"yoast_head":"<!-- This site is optimized with the Yoast SEO plugin v19.7.1 - https:\/\/yoast.com\/wordpress\/plugins\/seo\/ -->\n<title>El Sindicato de Empleados Municipales de Tornquist inaugur\u00f3 su filial en Sierra de la Ventana - CELTTV<\/title>\n<meta name=\"description\" content=\"Sitio web de noticias de la localidad de Tornquist, provincia de Buenos Aires, Rep\u00fablica Argentina. Contenido propio originado por periodistas de CELTTV, el canal de TV local de la Cooperativa El\u00e9ctrica de Tornquist. Turismo, Pol\u00edtica, Sociedad, Deporte, Cultura y todo el contenido de inter\u00e9s general que la gente del pueblo y la regi\u00f3n debe conocer.\" \/>\n<meta name=\"robots\" content=\"index, follow, max-snippet:-1, max-image-preview:large, max-video-preview:-1\" \/>\n<link rel=\"canonical\" href=\"https:\/\/www.celttv.com.ar\/index.php\/2023\/06\/02\/el-sindicato-de-empleados-municipales-de-tornquist-inauguro-su-filial-en-sierra-de-la-ventana\/\" \/>\n<meta property=\"og:locale\" content=\"es_ES\" \/>\n<meta property=\"og:type\" content=\"article\" \/>\n<meta property=\"og:title\" content=\"El Sindicato de Empleados Municipales de Tornquist inaugur\u00f3 su filial en Sierra de la Ventana - CELTTV\" \/>\n<meta property=\"og:description\" content=\"Sitio web de noticias de la localidad de Tornquist, provincia de Buenos Aires, Rep\u00fablica Argentina. Contenido propio originado por periodistas de CELTTV, el canal de TV local de la Cooperativa El\u00e9ctrica de Tornquist. Turismo, Pol\u00edtica, Sociedad, Deporte, Cultura y todo el contenido de inter\u00e9s general que la gente del pueblo y la regi\u00f3n debe conocer.\" \/>\n<meta property=\"og:url\" content=\"https:\/\/www.celttv.com.ar\/index.php\/2023\/06\/02\/el-sindicato-de-empleados-municipales-de-tornquist-inauguro-su-filial-en-sierra-de-la-ventana\/\" \/>\n<meta property=\"og:site_name\" content=\"CELTTV\" \/>\n<meta property=\"article:publisher\" content=\"https:\/\/www.facebook.com\/celtTV\/\" \/>\n<meta property=\"article:published_time\" content=\"2023-06-03T00:18:54+00:00\" \/>\n<meta property=\"og:image\" content=\"https:\/\/www.celttv.com.ar\/wp-content\/uploads\/2023\/06\/1.jpg\" \/>\n\t<meta property=\"og:image:width\" content=\"1600\" \/>\n\t<meta property=\"og:image:height\" content=\"900\" \/>\n\t<meta property=\"og:image:type\" content=\"image\/jpeg\" \/>\n<meta name=\"author\" content=\"Miguel Herrada\" \/>\n<meta name=\"twitter:card\" content=\"summary_large_image\" \/>\n<meta name=\"twitter:label1\" content=\"Escrito por\" \/>\n\t<meta name=\"twitter:data1\" content=\"Miguel Herrada\" \/>\n\t<meta name=\"twitter:label2\" content=\"Tiempo de lectura\" \/>\n\t<meta name=\"twitter:data2\" content=\"1 minuto\" \/>\n<script type=\"application\/ld+json\" class=\"yoast-schema-graph\">{\"@context\":\"https:\/\/schema.org\",\"@graph\":[{\"@type\":\"NewsArticle\",\"@id\":\"https:\/\/www.celttv.com.ar\/index.php\/2023\/06\/02\/el-sindicato-de-empleados-municipales-de-tornquist-inauguro-su-filial-en-sierra-de-la-ventana\/#article\",\"isPartOf\":{\"@id\":\"https:\/\/www.celttv.com.ar\/index.php\/2023\/06\/02\/el-sindicato-de-empleados-municipales-de-tornquist-inauguro-su-filial-en-sierra-de-la-ventana\/\"},\"author\":{\"name\":\"Miguel Herrada\",\"@id\":\"https:\/\/www.celttv.com.ar\/#\/schema\/person\/9059dc91dc7204ef4182cdb65225f07d\"},\"headline\":\"El Sindicato de Empleados Municipales de Tornquist inaugur\u00f3 su filial en Sierra de la Ventana\",\"datePublished\":\"2023-06-03T00:18:54+00:00\",\"dateModified\":\"2023-06-03T00:18:54+00:00\",\"mainEntityOfPage\":{\"@id\":\"https:\/\/www.celttv.com.ar\/index.php\/2023\/06\/02\/el-sindicato-de-empleados-municipales-de-tornquist-inauguro-su-filial-en-sierra-de-la-ventana\/\"},\"wordCount\":264,\"publisher\":{\"@id\":\"https:\/\/www.celttv.com.ar\/#organization\"},\"keywords\":[\"El Sindicato de Empleados Municipales de Tornquist inaugur\u00f3 su filial en Sierra de la Ventana\"],\"articleSection\":[\"Comunidad\",\"Destacadas\"],\"inLanguage\":\"es\"},{\"@type\":\"WebPage\",\"@id\":\"https:\/\/www.celttv.com.ar\/index.php\/2023\/06\/02\/el-sindicato-de-empleados-municipales-de-tornquist-inauguro-su-filial-en-sierra-de-la-ventana\/\",\"url\":\"https:\/\/www.celttv.com.ar\/index.php\/2023\/06\/02\/el-sindicato-de-empleados-municipales-de-tornquist-inauguro-su-filial-en-sierra-de-la-ventana\/\",\"name\":\"El Sindicato de Empleados Municipales de Tornquist inaugur\u00f3 su filial en Sierra de la Ventana - CELTTV\",\"isPartOf\":{\"@id\":\"https:\/\/www.celttv.com.ar\/#website\"},\"datePublished\":\"2023-06-03T00:18:54+00:00\",\"dateModified\":\"2023-06-03T00:18:54+00:00\",\"description\":\"Sitio web de noticias de la localidad de Tornquist, provincia de Buenos Aires, Rep\u00fablica Argentina. Contenido propio originado por periodistas de CELTTV, el canal de TV local de la Cooperativa El\u00e9ctrica de Tornquist. Turismo, Pol\u00edtica, Sociedad, Deporte, Cultura y todo el contenido de inter\u00e9s general que la gente del pueblo y la regi\u00f3n debe conocer.\",\"breadcrumb\":{\"@id\":\"https:\/\/www.celttv.com.ar\/index.php\/2023\/06\/02\/el-sindicato-de-empleados-municipales-de-tornquist-inauguro-su-filial-en-sierra-de-la-ventana\/#breadcrumb\"},\"inLanguage\":\"es\",\"potentialAction\":[{\"@type\":\"ReadAction\",\"target\":[\"https:\/\/www.celttv.com.ar\/index.php\/2023\/06\/02\/el-sindicato-de-empleados-municipales-de-tornquist-inauguro-su-filial-en-sierra-de-la-ventana\/\"]}]},{\"@type\":\"BreadcrumbList\",\"@id\":\"https:\/\/www.celttv.com.ar\/index.php\/2023\/06\/02\/el-sindicato-de-empleados-municipales-de-tornquist-inauguro-su-filial-en-sierra-de-la-ventana\/#breadcrumb\",\"itemListElement\":[{\"@type\":\"ListItem\",\"position\":1,\"name\":\"Inicio\",\"item\":\"https:\/\/www.celttv.com.ar\/\"},{\"@type\":\"ListItem\",\"position\":2,\"name\":\"El Sindicato de Empleados Municipales de Tornquist inaugur\u00f3 su filial en Sierra de la Ventana\"}]},{\"@type\":\"WebSite\",\"@id\":\"https:\/\/www.celttv.com.ar\/#website\",\"url\":\"https:\/\/www.celttv.com.ar\/\",\"name\":\"CELTTV\",\"description\":\"Cooperativa El\u00e9ctrica de Tornquist\",\"publisher\":{\"@id\":\"https:\/\/www.celttv.com.ar\/#organization\"},\"potentialAction\":[{\"@type\":\"SearchAction\",\"target\":{\"@type\":\"EntryPoint\",\"urlTemplate\":\"https:\/\/www.celttv.com.ar\/?s={search_term_string}\"},\"query-input\":\"required name=search_term_string\"}],\"inLanguage\":\"es\"},{\"@type\":\"Organization\",\"@id\":\"https:\/\/www.celttv.com.ar\/#organization\",\"name\":\"CELTTV\",\"url\":\"https:\/\/www.celttv.com.ar\/\",\"sameAs\":[\"https:\/\/www.youtube.com\/channel\/UCz_oIt8Hig64Ub-EmcNPIhg\",\"https:\/\/www.facebook.com\/celtTV\/\"],\"logo\":{\"@type\":\"ImageObject\",\"inLanguage\":\"es\",\"@id\":\"https:\/\/www.celttv.com.ar\/#\/schema\/logo\/image\/\",\"url\":\"http:\/\/www.celttv.com.ar\/wp-content\/uploads\/2022\/08\/logo-1.png\",\"contentUrl\":\"http:\/\/www.celttv.com.ar\/wp-content\/uploads\/2022\/08\/logo-1.png\",\"width\":461,\"height\":159,\"caption\":\"CELTTV\"},\"image\":{\"@id\":\"https:\/\/www.celttv.com.ar\/#\/schema\/logo\/image\/\"}},{\"@type\":\"Person\",\"@id\":\"https:\/\/www.celttv.com.ar\/#\/schema\/person\/9059dc91dc7204ef4182cdb65225f07d\",\"name\":\"Miguel Herrada\",\"image\":{\"@type\":\"ImageObject\",\"inLanguage\":\"es\",\"@id\":\"https:\/\/www.celttv.com.ar\/#\/schema\/person\/image\/\",\"url\":\"https:\/\/secure.gravatar.com\/avatar\/67724d5b3c716623ffd76bec7e45841a442ac3b456e914dbba90b0fad2b8e0b1?s=96&d=mm&r=g\",\"contentUrl\":\"https:\/\/secure.gravatar.com\/avatar\/67724d5b3c716623ffd76bec7e45841a442ac3b456e914dbba90b0fad2b8e0b1?s=96&d=mm&r=g\",\"caption\":\"Miguel Herrada\"}}]}<\/script>\n<!-- \/ Yoast SEO plugin. -->","yoast_head_json":{"title":"El Sindicato de Empleados Municipales de Tornquist inaugur\u00f3 su filial en Sierra de la Ventana - CELTTV","description":"Sitio web de noticias de la localidad de Tornquist, provincia de Buenos Aires, Rep\u00fablica Argentina. Contenido propio originado por periodistas de CELTTV, el canal de TV local de la Cooperativa El\u00e9ctrica de Tornquist. Turismo, Pol\u00edtica, Sociedad, Deporte, Cultura y todo el contenido de inter\u00e9s general que la gente del pueblo y la regi\u00f3n debe conocer.","robots":{"index":"index","follow":"follow","max-snippet":"max-snippet:-1","max-image-preview":"max-image-preview:large","max-video-preview":"max-video-preview:-1"},"canonical":"https:\/\/www.celttv.com.ar\/index.php\/2023\/06\/02\/el-sindicato-de-empleados-municipales-de-tornquist-inauguro-su-filial-en-sierra-de-la-ventana\/","og_locale":"es_ES","og_type":"article","og_title":"El Sindicato de Empleados Municipales de Tornquist inaugur\u00f3 su filial en Sierra de la Ventana - CELTTV","og_description":"Sitio web de noticias de la localidad de Tornquist, provincia de Buenos Aires, Rep\u00fablica Argentina. Contenido propio originado por periodistas de CELTTV, el canal de TV local de la Cooperativa El\u00e9ctrica de Tornquist. Turismo, Pol\u00edtica, Sociedad, Deporte, Cultura y todo el contenido de inter\u00e9s general que la gente del pueblo y la regi\u00f3n debe conocer.","og_url":"https:\/\/www.celttv.com.ar\/index.php\/2023\/06\/02\/el-sindicato-de-empleados-municipales-de-tornquist-inauguro-su-filial-en-sierra-de-la-ventana\/","og_site_name":"CELTTV","article_publisher":"https:\/\/www.facebook.com\/celtTV\/","article_published_time":"2023-06-03T00:18:54+00:00","og_image":[{"width":1600,"height":900,"url":"https:\/\/www.celttv.com.ar\/wp-content\/uploads\/2023\/06\/1.jpg","type":"image\/jpeg"}],"author":"Miguel Herrada","twitter_card":"summary_large_image","twitter_misc":{"Escrito por":"Miguel Herrada","Tiempo de lectura":"1 minuto"},"schema":{"@context":"https:\/\/schema.org","@graph":[{"@type":"NewsArticle","@id":"https:\/\/www.celttv.com.ar\/index.php\/2023\/06\/02\/el-sindicato-de-empleados-municipales-de-tornquist-inauguro-su-filial-en-sierra-de-la-ventana\/#article","isPartOf":{"@id":"https:\/\/www.celttv.com.ar\/index.php\/2023\/06\/02\/el-sindicato-de-empleados-municipales-de-tornquist-inauguro-su-filial-en-sierra-de-la-ventana\/"},"author":{"name":"Miguel Herrada","@id":"https:\/\/www.celttv.com.ar\/#\/schema\/person\/9059dc91dc7204ef4182cdb65225f07d"},"headline":"El Sindicato de Empleados Municipales de Tornquist inaugur\u00f3 su filial en Sierra de la Ventana","datePublished":"2023-06-03T00:18:54+00:00","dateModified":"2023-06-03T00:18:54+00:00","mainEntityOfPage":{"@id":"https:\/\/www.celttv.com.ar\/index.php\/2023\/06\/02\/el-sindicato-de-empleados-municipales-de-tornquist-inauguro-su-filial-en-sierra-de-la-ventana\/"},"wordCount":264,"publisher":{"@id":"https:\/\/www.celttv.com.ar\/#organization"},"keywords":["El Sindicato de Empleados Municipales de Tornquist inaugur\u00f3 su filial en Sierra de la Ventana"],"articleSection":["Comunidad","Destacadas"],"inLanguage":"es"},{"@type":"WebPage","@id":"https:\/\/www.celttv.com.ar\/index.php\/2023\/06\/02\/el-sindicato-de-empleados-municipales-de-tornquist-inauguro-su-filial-en-sierra-de-la-ventana\/","url":"https:\/\/www.celttv.com.ar\/index.php\/2023\/06\/02\/el-sindicato-de-empleados-municipales-de-tornquist-inauguro-su-filial-en-sierra-de-la-ventana\/","name":"El Sindicato de Empleados Municipales de Tornquist inaugur\u00f3 su filial en Sierra de la Ventana - CELTTV","isPartOf":{"@id":"https:\/\/www.celttv.com.ar\/#website"},"datePublished":"2023-06-03T00:18:54+00:00","dateModified":"2023-06-03T00:18:54+00:00","description":"Sitio web de noticias de la localidad de Tornquist, provincia de Buenos Aires, Rep\u00fablica Argentina. Contenido propio originado por periodistas de CELTTV, el canal de TV local de la Cooperativa El\u00e9ctrica de Tornquist. Turismo, Pol\u00edtica, Sociedad, Deporte, Cultura y todo el contenido de inter\u00e9s general que la gente del pueblo y la regi\u00f3n debe conocer.","breadcrumb":{"@id":"https:\/\/www.celttv.com.ar\/index.php\/2023\/06\/02\/el-sindicato-de-empleados-municipales-de-tornquist-inauguro-su-filial-en-sierra-de-la-ventana\/#breadcrumb"},"inLanguage":"es","potentialAction":[{"@type":"ReadAction","target":["https:\/\/www.celttv.com.ar\/index.php\/2023\/06\/02\/el-sindicato-de-empleados-municipales-de-tornquist-inauguro-su-filial-en-sierra-de-la-ventana\/"]}]},{"@type":"BreadcrumbList","@id":"https:\/\/www.celttv.com.ar\/index.php\/2023\/06\/02\/el-sindicato-de-empleados-municipales-de-tornquist-inauguro-su-filial-en-sierra-de-la-ventana\/#breadcrumb","itemListElement":[{"@type":"ListItem","position":1,"name":"Inicio","item":"https:\/\/www.celttv.com.ar\/"},{"@type":"ListItem","position":2,"name":"El Sindicato de Empleados Municipales de Tornquist inaugur\u00f3 su filial en Sierra de la Ventana"}]},{"@type":"WebSite","@id":"https:\/\/www.celttv.com.ar\/#website","url":"https:\/\/www.celttv.com.ar\/","name":"CELTTV","description":"Cooperativa El\u00e9ctrica de Tornquist","publisher":{"@id":"https:\/\/www.celttv.com.ar\/#organization"},"potentialAction":[{"@type":"SearchAction","target":{"@type":"EntryPoint","urlTemplate":"https:\/\/www.celttv.com.ar\/?s={search_term_string}"},"query-input":"required name=search_term_string"}],"inLanguage":"es"},{"@type":"Organization","@id":"https:\/\/www.celttv.com.ar\/#organization","name":"CELTTV","url":"https:\/\/www.celttv.com.ar\/","sameAs":["https:\/\/www.youtube.com\/channel\/UCz_oIt8Hig64Ub-EmcNPIhg","https:\/\/www.facebook.com\/celtTV\/"],"logo":{"@type":"ImageObject","inLanguage":"es","@id":"https:\/\/www.celttv.com.ar\/#\/schema\/logo\/image\/","url":"http:\/\/www.celttv.com.ar\/wp-content\/uploads\/2022\/08\/logo-1.png","contentUrl":"http:\/\/www.celttv.com.ar\/wp-content\/uploads\/2022\/08\/logo-1.png","width":461,"height":159,"caption":"CELTTV"},"image":{"@id":"https:\/\/www.celttv.com.ar\/#\/schema\/logo\/image\/"}},{"@type":"Person","@id":"https:\/\/www.celttv.com.ar\/#\/schema\/person\/9059dc91dc7204ef4182cdb65225f07d","name":"Miguel Herrada","image":{"@type":"ImageObject","inLanguage":"es","@id":"https:\/\/www.celttv.com.ar\/#\/schema\/person\/image\/","url":"https:\/\/secure.gravatar.com\/avatar\/67724d5b3c716623ffd76bec7e45841a442ac3b456e914dbba90b0fad2b8e0b1?s=96&d=mm&r=g","contentUrl":"https:\/\/secure.gravatar.com\/avatar\/67724d5b3c716623ffd76bec7e45841a442ac3b456e914dbba90b0fad2b8e0b1?s=96&d=mm&r=g","caption":"Miguel Herrada"}}]}},"_links":{"self":[{"href":"https:\/\/www.celttv.com.ar\/index.php\/wp-json\/wp\/v2\/posts\/76545","targetHints":{"allow":["GET"]}}],"collection":[{"href":"https:\/\/www.celttv.com.ar\/index.php\/wp-json\/wp\/v2\/posts"}],"about":[{"href":"https:\/\/www.celttv.com.ar\/index.php\/wp-json\/wp\/v2\/types\/post"}],"author":[{"embeddable":true,"href":"https:\/\/www.celttv.com.ar\/index.php\/wp-json\/wp\/v2\/users\/5"}],"replies":[{"embeddable":true,"href":"https:\/\/www.celttv.com.ar\/index.php\/wp-json\/wp\/v2\/comments?post=76545"}],"version-history":[{"count":1,"href":"https:\/\/www.celttv.com.ar\/index.php\/wp-json\/wp\/v2\/posts\/76545\/revisions"}],"predecessor-version":[{"id":76549,"href":"https:\/\/www.celttv.com.ar\/index.php\/wp-json\/wp\/v2\/posts\/76545\/revisions\/76549"}],"wp:featuredmedia":[{"embeddable":true,"href":"https:\/\/www.celttv.com.ar\/index.php\/wp-json\/wp\/v2\/media\/76546"}],"wp:attachment":[{"href":"https:\/\/www.celttv.com.ar\/index.php\/wp-json\/wp\/v2\/media?parent=76545"}],"wp:term":[{"taxonomy":"category","embeddable":true,"href":"https:\/\/www.celttv.com.ar\/index.php\/wp-json\/wp\/v2\/categories?post=76545"},{"taxonomy":"post_tag","embeddable":true,"href":"https:\/\/www.celttv.com.ar\/index.php\/wp-json\/wp\/v2\/tags?post=76545"}],"curies":[{"name":"wp","href":"https:\/\/api.w.org\/{rel}","templated":true}]}}