{"id":76552,"date":"2023-06-02T22:02:08","date_gmt":"2023-06-03T01:02:08","guid":{"rendered":"http:\/\/www.celttv.com.ar\/?p=76552"},"modified":"2023-06-02T22:02:08","modified_gmt":"2023-06-03T01:02:08","slug":"avanza-la-conformacion-del-consejo-de-vivienda-habitat-y-derecho-a-la-ciudad","status":"publish","type":"post","link":"https:\/\/www.celttv.com.ar\/index.php\/2023\/06\/02\/avanza-la-conformacion-del-consejo-de-vivienda-habitat-y-derecho-a-la-ciudad\/","title":{"rendered":"Avanza la conformaci\u00f3n del Consejo de Vivienda, H\u00e1bitat y Derecho a la Ciudad"},"content":{"rendered":"<p>Este jueves, se realiz\u00f3 una nueva reuni\u00f3n para avanzar en la conformaci\u00f3n del Consejo de Vivienda, H\u00e1bitat y Derecho a la Ciudad de Tornquist, en cumplimiento de la Ordenanza N\u00ba 3556\/22, y que act\u00faa como \u00f3rgano multilateral de consulta y asesoramiento del municipio en materia de pol\u00edticas de planeamiento urbano, obras p\u00fablicas, infraestructura y vivienda.<\/p>\n<p>Del encuentro, desarrollado en el hall del Teatro Municipal, participaron el Secretario de Gobierno y Seguridad, Ezequiel Gabella y representantes de la Junta Vecinal por el H\u00e1bitat de la Comarca y del Concejo Deliberante.<\/p>\n<p>Durante la jornada, se abordaron diferentes puntos relacionados a la tem\u00e1tica y Gabella brind\u00f3 detalles de los avances respecto a la subdivisi\u00f3n de tierras en Sierra de la Ventana que ser\u00e1n destinadas a viviendas.<\/p>\n<p>Adem\u00e1s, el municipio confirm\u00f3 que, a partir del 15 de junio pr\u00f3ximo, estar\u00e1 a disposici\u00f3n de la comunidad el Registro de Demanda Habitacional, dispuesto mediante la norma antes mencionada.<\/p>\n<p>El registro tiene como funciones, establecer un procedimiento para el registro de las distintas situaciones de d\u00e9ficit habitacional con el objetivo de desarrollar pol\u00edticas p\u00fablicas de h\u00e1bitat; identificar y caracterizar la demanda habitacional; articular acciones; y compartir informaci\u00f3n y mantener actualizados los datos con otras \u00e1reas de la administraci\u00f3n p\u00fablica.<\/p>\n<p><img loading=\"lazy\" decoding=\"async\" class=\"alignnone wp-image-76553 size-full\" src=\"http:\/\/www.celttv.com.ar\/wp-content\/uploads\/2023\/06\/Reunionconsejohabit-2.jpeg\" alt=\"\" width=\"803\" height=\"584\" srcset=\"https:\/\/www.celttv.com.ar\/wp-content\/uploads\/2023\/06\/Reunionconsejohabit-2.jpeg 803w, https:\/\/www.celttv.com.ar\/wp-content\/uploads\/2023\/06\/Reunionconsejohabit-2-300x218.jpeg 300w, https:\/\/www.celttv.com.ar\/wp-content\/uploads\/2023\/06\/Reunionconsejohabit-2-768x559.jpeg 768w, https:\/\/www.celttv.com.ar\/wp-content\/uploads\/2023\/06\/Reunionconsejohabit-2-120x86.jpeg 120w, https:\/\/www.celttv.com.ar\/wp-content\/uploads\/2023\/06\/Reunionconsejohabit-2-750x545.jpeg 750w\" sizes=\"auto, (max-width: 803px) 100vw, 803px\" \/><\/p>\n<p>&nbsp;<\/p>\n","protected":false},"excerpt":{"rendered":"<p>Este jueves, se realiz\u00f3 una nueva reuni\u00f3n para avanzar en la conformaci\u00f3n del Consejo de Vivienda, H\u00e1bitat y Derecho a la Ciudad de Tornquist, en cumplimiento de la Ordenanza N\u00ba 3556\/22, y que act\u00faa como \u00f3rgano multilateral de consulta y asesoramiento del municipio en materia de pol\u00edticas de planeamiento urbano, obras p\u00fablicas, infraestructura y vivienda. [&hellip;]<\/p>\n","protected":false},"author":3,"featured_media":76553,"comment_status":"closed","ping_status":"closed","sticky":false,"template":"","format":"standard","meta":{"footnotes":""},"categories":[55],"tags":[],"class_list":["post-76552","post","type-post","status-publish","format-standard","has-post-thumbnail","hentry","category-celt-tv-noticias"],"yoast_head":"<!-- This site is optimized with the Yoast SEO plugin v19.7.1 - https:\/\/yoast.com\/wordpress\/plugins\/seo\/ -->\n<title>Avanza la conformaci\u00f3n del Consejo de Vivienda, H\u00e1bitat y Derecho a la Ciudad - CELTTV<\/title>\n<meta name=\"description\" content=\"Sitio web de noticias de la localidad de Tornquist, provincia de Buenos Aires, Rep\u00fablica Argentina. Contenido propio originado por periodistas de CELTTV, el canal de TV local de la Cooperativa El\u00e9ctrica de Tornquist. Turismo, Pol\u00edtica, Sociedad, Deporte, Cultura y todo el contenido de inter\u00e9s general que la gente del pueblo y la regi\u00f3n debe conocer.\" \/>\n<meta name=\"robots\" content=\"index, follow, max-snippet:-1, max-image-preview:large, max-video-preview:-1\" \/>\n<link rel=\"canonical\" href=\"https:\/\/www.celttv.com.ar\/index.php\/2023\/06\/02\/avanza-la-conformacion-del-consejo-de-vivienda-habitat-y-derecho-a-la-ciudad\/\" \/>\n<meta property=\"og:locale\" content=\"es_ES\" \/>\n<meta property=\"og:type\" content=\"article\" \/>\n<meta property=\"og:title\" content=\"Avanza la conformaci\u00f3n del Consejo de Vivienda, H\u00e1bitat y Derecho a la Ciudad - CELTTV\" \/>\n<meta property=\"og:description\" content=\"Sitio web de noticias de la localidad de Tornquist, provincia de Buenos Aires, Rep\u00fablica Argentina. Contenido propio originado por periodistas de CELTTV, el canal de TV local de la Cooperativa El\u00e9ctrica de Tornquist. Turismo, Pol\u00edtica, Sociedad, Deporte, Cultura y todo el contenido de inter\u00e9s general que la gente del pueblo y la regi\u00f3n debe conocer.\" \/>\n<meta property=\"og:url\" content=\"https:\/\/www.celttv.com.ar\/index.php\/2023\/06\/02\/avanza-la-conformacion-del-consejo-de-vivienda-habitat-y-derecho-a-la-ciudad\/\" \/>\n<meta property=\"og:site_name\" content=\"CELTTV\" \/>\n<meta property=\"article:publisher\" content=\"https:\/\/www.facebook.com\/celtTV\/\" \/>\n<meta property=\"article:published_time\" content=\"2023-06-03T01:02:08+00:00\" \/>\n<meta property=\"og:image\" content=\"https:\/\/www.celttv.com.ar\/wp-content\/uploads\/2023\/06\/Reunionconsejohabit-2.jpeg\" \/>\n\t<meta property=\"og:image:width\" content=\"803\" \/>\n\t<meta property=\"og:image:height\" content=\"584\" \/>\n\t<meta property=\"og:image:type\" content=\"image\/jpeg\" \/>\n<meta name=\"author\" content=\"Rodrigo Sgammini\" \/>\n<meta name=\"twitter:card\" content=\"summary_large_image\" \/>\n<meta name=\"twitter:label1\" content=\"Escrito por\" \/>\n\t<meta name=\"twitter:data1\" content=\"Rodrigo Sgammini\" \/>\n\t<meta name=\"twitter:label2\" content=\"Tiempo de lectura\" \/>\n\t<meta name=\"twitter:data2\" content=\"1 minuto\" \/>\n<script type=\"application\/ld+json\" class=\"yoast-schema-graph\">{\"@context\":\"https:\/\/schema.org\",\"@graph\":[{\"@type\":\"NewsArticle\",\"@id\":\"https:\/\/www.celttv.com.ar\/index.php\/2023\/06\/02\/avanza-la-conformacion-del-consejo-de-vivienda-habitat-y-derecho-a-la-ciudad\/#article\",\"isPartOf\":{\"@id\":\"https:\/\/www.celttv.com.ar\/index.php\/2023\/06\/02\/avanza-la-conformacion-del-consejo-de-vivienda-habitat-y-derecho-a-la-ciudad\/\"},\"author\":{\"name\":\"Rodrigo Sgammini\",\"@id\":\"https:\/\/www.celttv.com.ar\/#\/schema\/person\/495be51d064edd971d8457f8f64eb172\"},\"headline\":\"Avanza la conformaci\u00f3n del Consejo de Vivienda, H\u00e1bitat y Derecho a la Ciudad\",\"datePublished\":\"2023-06-03T01:02:08+00:00\",\"dateModified\":\"2023-06-03T01:02:08+00:00\",\"mainEntityOfPage\":{\"@id\":\"https:\/\/www.celttv.com.ar\/index.php\/2023\/06\/02\/avanza-la-conformacion-del-consejo-de-vivienda-habitat-y-derecho-a-la-ciudad\/\"},\"wordCount\":236,\"publisher\":{\"@id\":\"https:\/\/www.celttv.com.ar\/#organization\"},\"articleSection\":[\"Celt TV Noticias\"],\"inLanguage\":\"es\"},{\"@type\":\"WebPage\",\"@id\":\"https:\/\/www.celttv.com.ar\/index.php\/2023\/06\/02\/avanza-la-conformacion-del-consejo-de-vivienda-habitat-y-derecho-a-la-ciudad\/\",\"url\":\"https:\/\/www.celttv.com.ar\/index.php\/2023\/06\/02\/avanza-la-conformacion-del-consejo-de-vivienda-habitat-y-derecho-a-la-ciudad\/\",\"name\":\"Avanza la conformaci\u00f3n del Consejo de Vivienda, H\u00e1bitat y Derecho a la Ciudad - CELTTV\",\"isPartOf\":{\"@id\":\"https:\/\/www.celttv.com.ar\/#website\"},\"datePublished\":\"2023-06-03T01:02:08+00:00\",\"dateModified\":\"2023-06-03T01:02:08+00:00\",\"description\":\"Sitio web de noticias de la localidad de Tornquist, provincia de Buenos Aires, Rep\u00fablica Argentina. Contenido propio originado por periodistas de CELTTV, el canal de TV local de la Cooperativa El\u00e9ctrica de Tornquist. Turismo, Pol\u00edtica, Sociedad, Deporte, Cultura y todo el contenido de inter\u00e9s general que la gente del pueblo y la regi\u00f3n debe conocer.\",\"breadcrumb\":{\"@id\":\"https:\/\/www.celttv.com.ar\/index.php\/2023\/06\/02\/avanza-la-conformacion-del-consejo-de-vivienda-habitat-y-derecho-a-la-ciudad\/#breadcrumb\"},\"inLanguage\":\"es\",\"potentialAction\":[{\"@type\":\"ReadAction\",\"target\":[\"https:\/\/www.celttv.com.ar\/index.php\/2023\/06\/02\/avanza-la-conformacion-del-consejo-de-vivienda-habitat-y-derecho-a-la-ciudad\/\"]}]},{\"@type\":\"BreadcrumbList\",\"@id\":\"https:\/\/www.celttv.com.ar\/index.php\/2023\/06\/02\/avanza-la-conformacion-del-consejo-de-vivienda-habitat-y-derecho-a-la-ciudad\/#breadcrumb\",\"itemListElement\":[{\"@type\":\"ListItem\",\"position\":1,\"name\":\"Inicio\",\"item\":\"https:\/\/www.celttv.com.ar\/\"},{\"@type\":\"ListItem\",\"position\":2,\"name\":\"Avanza la conformaci\u00f3n del Consejo de Vivienda, H\u00e1bitat y Derecho a la Ciudad\"}]},{\"@type\":\"WebSite\",\"@id\":\"https:\/\/www.celttv.com.ar\/#website\",\"url\":\"https:\/\/www.celttv.com.ar\/\",\"name\":\"CELTTV\",\"description\":\"Cooperativa El\u00e9ctrica de Tornquist\",\"publisher\":{\"@id\":\"https:\/\/www.celttv.com.ar\/#organization\"},\"potentialAction\":[{\"@type\":\"SearchAction\",\"target\":{\"@type\":\"EntryPoint\",\"urlTemplate\":\"https:\/\/www.celttv.com.ar\/?s={search_term_string}\"},\"query-input\":\"required name=search_term_string\"}],\"inLanguage\":\"es\"},{\"@type\":\"Organization\",\"@id\":\"https:\/\/www.celttv.com.ar\/#organization\",\"name\":\"CELTTV\",\"url\":\"https:\/\/www.celttv.com.ar\/\",\"sameAs\":[\"https:\/\/www.youtube.com\/channel\/UCz_oIt8Hig64Ub-EmcNPIhg\",\"https:\/\/www.facebook.com\/celtTV\/\"],\"logo\":{\"@type\":\"ImageObject\",\"inLanguage\":\"es\",\"@id\":\"https:\/\/www.celttv.com.ar\/#\/schema\/logo\/image\/\",\"url\":\"http:\/\/www.celttv.com.ar\/wp-content\/uploads\/2022\/08\/logo-1.png\",\"contentUrl\":\"http:\/\/www.celttv.com.ar\/wp-content\/uploads\/2022\/08\/logo-1.png\",\"width\":461,\"height\":159,\"caption\":\"CELTTV\"},\"image\":{\"@id\":\"https:\/\/www.celttv.com.ar\/#\/schema\/logo\/image\/\"}},{\"@type\":\"Person\",\"@id\":\"https:\/\/www.celttv.com.ar\/#\/schema\/person\/495be51d064edd971d8457f8f64eb172\",\"name\":\"Rodrigo Sgammini\",\"image\":{\"@type\":\"ImageObject\",\"inLanguage\":\"es\",\"@id\":\"https:\/\/www.celttv.com.ar\/#\/schema\/person\/image\/\",\"url\":\"https:\/\/secure.gravatar.com\/avatar\/68f7848d42735e7a9276b47cd6e606327d88f521c51ae39d88888b76902e2987?s=96&d=mm&r=g\",\"contentUrl\":\"https:\/\/secure.gravatar.com\/avatar\/68f7848d42735e7a9276b47cd6e606327d88f521c51ae39d88888b76902e2987?s=96&d=mm&r=g\",\"caption\":\"Rodrigo Sgammini\"}}]}<\/script>\n<!-- \/ Yoast SEO plugin. -->","yoast_head_json":{"title":"Avanza la conformaci\u00f3n del Consejo de Vivienda, H\u00e1bitat y Derecho a la Ciudad - CELTTV","description":"Sitio web de noticias de la localidad de Tornquist, provincia de Buenos Aires, Rep\u00fablica Argentina. Contenido propio originado por periodistas de CELTTV, el canal de TV local de la Cooperativa El\u00e9ctrica de Tornquist. Turismo, Pol\u00edtica, Sociedad, Deporte, Cultura y todo el contenido de inter\u00e9s general que la gente del pueblo y la regi\u00f3n debe conocer.","robots":{"index":"index","follow":"follow","max-snippet":"max-snippet:-1","max-image-preview":"max-image-preview:large","max-video-preview":"max-video-preview:-1"},"canonical":"https:\/\/www.celttv.com.ar\/index.php\/2023\/06\/02\/avanza-la-conformacion-del-consejo-de-vivienda-habitat-y-derecho-a-la-ciudad\/","og_locale":"es_ES","og_type":"article","og_title":"Avanza la conformaci\u00f3n del Consejo de Vivienda, H\u00e1bitat y Derecho a la Ciudad - CELTTV","og_description":"Sitio web de noticias de la localidad de Tornquist, provincia de Buenos Aires, Rep\u00fablica Argentina. Contenido propio originado por periodistas de CELTTV, el canal de TV local de la Cooperativa El\u00e9ctrica de Tornquist. Turismo, Pol\u00edtica, Sociedad, Deporte, Cultura y todo el contenido de inter\u00e9s general que la gente del pueblo y la regi\u00f3n debe conocer.","og_url":"https:\/\/www.celttv.com.ar\/index.php\/2023\/06\/02\/avanza-la-conformacion-del-consejo-de-vivienda-habitat-y-derecho-a-la-ciudad\/","og_site_name":"CELTTV","article_publisher":"https:\/\/www.facebook.com\/celtTV\/","article_published_time":"2023-06-03T01:02:08+00:00","og_image":[{"width":803,"height":584,"url":"https:\/\/www.celttv.com.ar\/wp-content\/uploads\/2023\/06\/Reunionconsejohabit-2.jpeg","type":"image\/jpeg"}],"author":"Rodrigo Sgammini","twitter_card":"summary_large_image","twitter_misc":{"Escrito por":"Rodrigo Sgammini","Tiempo de lectura":"1 minuto"},"schema":{"@context":"https:\/\/schema.org","@graph":[{"@type":"NewsArticle","@id":"https:\/\/www.celttv.com.ar\/index.php\/2023\/06\/02\/avanza-la-conformacion-del-consejo-de-vivienda-habitat-y-derecho-a-la-ciudad\/#article","isPartOf":{"@id":"https:\/\/www.celttv.com.ar\/index.php\/2023\/06\/02\/avanza-la-conformacion-del-consejo-de-vivienda-habitat-y-derecho-a-la-ciudad\/"},"author":{"name":"Rodrigo Sgammini","@id":"https:\/\/www.celttv.com.ar\/#\/schema\/person\/495be51d064edd971d8457f8f64eb172"},"headline":"Avanza la conformaci\u00f3n del Consejo de Vivienda, H\u00e1bitat y Derecho a la Ciudad","datePublished":"2023-06-03T01:02:08+00:00","dateModified":"2023-06-03T01:02:08+00:00","mainEntityOfPage":{"@id":"https:\/\/www.celttv.com.ar\/index.php\/2023\/06\/02\/avanza-la-conformacion-del-consejo-de-vivienda-habitat-y-derecho-a-la-ciudad\/"},"wordCount":236,"publisher":{"@id":"https:\/\/www.celttv.com.ar\/#organization"},"articleSection":["Celt TV Noticias"],"inLanguage":"es"},{"@type":"WebPage","@id":"https:\/\/www.celttv.com.ar\/index.php\/2023\/06\/02\/avanza-la-conformacion-del-consejo-de-vivienda-habitat-y-derecho-a-la-ciudad\/","url":"https:\/\/www.celttv.com.ar\/index.php\/2023\/06\/02\/avanza-la-conformacion-del-consejo-de-vivienda-habitat-y-derecho-a-la-ciudad\/","name":"Avanza la conformaci\u00f3n del Consejo de Vivienda, H\u00e1bitat y Derecho a la Ciudad - CELTTV","isPartOf":{"@id":"https:\/\/www.celttv.com.ar\/#website"},"datePublished":"2023-06-03T01:02:08+00:00","dateModified":"2023-06-03T01:02:08+00:00","description":"Sitio web de noticias de la localidad de Tornquist, provincia de Buenos Aires, Rep\u00fablica Argentina. Contenido propio originado por periodistas de CELTTV, el canal de TV local de la Cooperativa El\u00e9ctrica de Tornquist. Turismo, Pol\u00edtica, Sociedad, Deporte, Cultura y todo el contenido de inter\u00e9s general que la gente del pueblo y la regi\u00f3n debe conocer.","breadcrumb":{"@id":"https:\/\/www.celttv.com.ar\/index.php\/2023\/06\/02\/avanza-la-conformacion-del-consejo-de-vivienda-habitat-y-derecho-a-la-ciudad\/#breadcrumb"},"inLanguage":"es","potentialAction":[{"@type":"ReadAction","target":["https:\/\/www.celttv.com.ar\/index.php\/2023\/06\/02\/avanza-la-conformacion-del-consejo-de-vivienda-habitat-y-derecho-a-la-ciudad\/"]}]},{"@type":"BreadcrumbList","@id":"https:\/\/www.celttv.com.ar\/index.php\/2023\/06\/02\/avanza-la-conformacion-del-consejo-de-vivienda-habitat-y-derecho-a-la-ciudad\/#breadcrumb","itemListElement":[{"@type":"ListItem","position":1,"name":"Inicio","item":"https:\/\/www.celttv.com.ar\/"},{"@type":"ListItem","position":2,"name":"Avanza la conformaci\u00f3n del Consejo de Vivienda, H\u00e1bitat y Derecho a la Ciudad"}]},{"@type":"WebSite","@id":"https:\/\/www.celttv.com.ar\/#website","url":"https:\/\/www.celttv.com.ar\/","name":"CELTTV","description":"Cooperativa El\u00e9ctrica de Tornquist","publisher":{"@id":"https:\/\/www.celttv.com.ar\/#organization"},"potentialAction":[{"@type":"SearchAction","target":{"@type":"EntryPoint","urlTemplate":"https:\/\/www.celttv.com.ar\/?s={search_term_string}"},"query-input":"required name=search_term_string"}],"inLanguage":"es"},{"@type":"Organization","@id":"https:\/\/www.celttv.com.ar\/#organization","name":"CELTTV","url":"https:\/\/www.celttv.com.ar\/","sameAs":["https:\/\/www.youtube.com\/channel\/UCz_oIt8Hig64Ub-EmcNPIhg","https:\/\/www.facebook.com\/celtTV\/"],"logo":{"@type":"ImageObject","inLanguage":"es","@id":"https:\/\/www.celttv.com.ar\/#\/schema\/logo\/image\/","url":"http:\/\/www.celttv.com.ar\/wp-content\/uploads\/2022\/08\/logo-1.png","contentUrl":"http:\/\/www.celttv.com.ar\/wp-content\/uploads\/2022\/08\/logo-1.png","width":461,"height":159,"caption":"CELTTV"},"image":{"@id":"https:\/\/www.celttv.com.ar\/#\/schema\/logo\/image\/"}},{"@type":"Person","@id":"https:\/\/www.celttv.com.ar\/#\/schema\/person\/495be51d064edd971d8457f8f64eb172","name":"Rodrigo Sgammini","image":{"@type":"ImageObject","inLanguage":"es","@id":"https:\/\/www.celttv.com.ar\/#\/schema\/person\/image\/","url":"https:\/\/secure.gravatar.com\/avatar\/68f7848d42735e7a9276b47cd6e606327d88f521c51ae39d88888b76902e2987?s=96&d=mm&r=g","contentUrl":"https:\/\/secure.gravatar.com\/avatar\/68f7848d42735e7a9276b47cd6e606327d88f521c51ae39d88888b76902e2987?s=96&d=mm&r=g","caption":"Rodrigo Sgammini"}}]}},"_links":{"self":[{"href":"https:\/\/www.celttv.com.ar\/index.php\/wp-json\/wp\/v2\/posts\/76552","targetHints":{"allow":["GET"]}}],"collection":[{"href":"https:\/\/www.celttv.com.ar\/index.php\/wp-json\/wp\/v2\/posts"}],"about":[{"href":"https:\/\/www.celttv.com.ar\/index.php\/wp-json\/wp\/v2\/types\/post"}],"author":[{"embeddable":true,"href":"https:\/\/www.celttv.com.ar\/index.php\/wp-json\/wp\/v2\/users\/3"}],"replies":[{"embeddable":true,"href":"https:\/\/www.celttv.com.ar\/index.php\/wp-json\/wp\/v2\/comments?post=76552"}],"version-history":[{"count":1,"href":"https:\/\/www.celttv.com.ar\/index.php\/wp-json\/wp\/v2\/posts\/76552\/revisions"}],"predecessor-version":[{"id":76554,"href":"https:\/\/www.celttv.com.ar\/index.php\/wp-json\/wp\/v2\/posts\/76552\/revisions\/76554"}],"wp:featuredmedia":[{"embeddable":true,"href":"https:\/\/www.celttv.com.ar\/index.php\/wp-json\/wp\/v2\/media\/76553"}],"wp:attachment":[{"href":"https:\/\/www.celttv.com.ar\/index.php\/wp-json\/wp\/v2\/media?parent=76552"}],"wp:term":[{"taxonomy":"category","embeddable":true,"href":"https:\/\/www.celttv.com.ar\/index.php\/wp-json\/wp\/v2\/categories?post=76552"},{"taxonomy":"post_tag","embeddable":true,"href":"https:\/\/www.celttv.com.ar\/index.php\/wp-json\/wp\/v2\/tags?post=76552"}],"curies":[{"name":"wp","href":"https:\/\/api.w.org\/{rel}","templated":true}]}}