{"id":76557,"date":"2023-06-02T23:46:15","date_gmt":"2023-06-03T02:46:15","guid":{"rendered":"http:\/\/www.celttv.com.ar\/?p=76557"},"modified":"2023-06-02T23:46:15","modified_gmt":"2023-06-03T02:46:15","slug":"comunicado-del-consejo-de-las-mujeres-tornquist-a-8-anos-de-la-primera-marcha-niunamenos","status":"publish","type":"post","link":"https:\/\/www.celttv.com.ar\/index.php\/2023\/06\/02\/comunicado-del-consejo-de-las-mujeres-tornquist-a-8-anos-de-la-primera-marcha-niunamenos\/","title":{"rendered":"COMUNICADO DEL CONSEJO  DE LAS MUJERES TORNQUIST, A 8 A\u00d1OS DE LA PRIMERA MARCHA #NiUnaMenos"},"content":{"rendered":"<h4><strong>Y como lo venimos haciendo a\u00f1o tras a\u00f1o\u2026<\/strong><\/h4>\n<p>Desde el Consejo Municipal de las Mujeres seguimos reclamando para que cada a\u00f1o el 3 de Junio, d\u00eda de Ni una Menos, pueda ser vivido con avances de relevancia en las pol\u00edticas p\u00fablicas que atiendan esta problem\u00e1tica. Con el mismo convencimiento de los a\u00f1os anteriores decimos que, para afirmar efectivamente #NiUnaMenos en nuestro distrito, precisamos profundizar la articulaci\u00f3n, la concreci\u00f3n y la difusi\u00f3n de pol\u00edticas p\u00fablicas en favor de las mujeres que son v\u00edctimas de alguna de las m\u00faltiples formas de violencia por motivos de g\u00e9nero.<\/p>\n<p>Por ello, solicitamos una vez m\u00e1s al se\u00f1or Intendente Sergio Bordoni:<br \/>\n1) que YA, con urgencia, en el transcurso del presente a\u00f1o, se ponga en marcha la capacitaci\u00f3n obligatoria en el \u00e1mbito de todas las dependencias del Estado Municipal en la tem\u00e1tica de g\u00e9nero y violencia contra las mujeres como lo establece la Ley Micaela;<\/p>\n<p>2) que se difundan ampliamente los alcances de la Ley Nacional N\u00b0 27.501 que introduce el Acoso Callejero como una modalidad de violencia contra la mujer por todos los canales de comunicaci\u00f3n pertinentes;<\/p>\n<p>3) que el protocolo de atenci\u00f3n a la v\u00edctima de violencia de g\u00e9nero se d\u00e9 a conocer a comunidad; se concreten proyectos de salida de las violencias; se creen dispositivos de ayuda mutua para esas mujeres como as\u00ed tambi\u00e9n un dispositivo para varones que ejercen violencia por razones de g\u00e9nero; se cuente con un espacio f\u00edsico de contenci\u00f3n para las mujeres denunciantes; se tomen decisiones sobre la base de un Registro \u00danico de Casos de Violencia de G\u00e9neros;<\/p>\n<p>4) que en la Comisar\u00eda de la Mujer y dem\u00e1s dependencias policiales se garantice a las denunciantes la atenci\u00f3n con perspectiva de g\u00e9nero en todos los casos;<\/p>\n<p>5) que se implemente el Cupo laboral travesti\/trans;<\/p>\n<p>6) que se firmen los convenios pertinentes para que se articulen las pol\u00edticas de g\u00e9nero provinciales y nacionales;<\/p>\n<p>7) que se proyecten estrategias de visibilizacion del 144: ploteos veh\u00edculos oficiales (en camionetas, ambulancias, etc); impresos oficiales (en avisos, notas, recibos, etc.); mesas de entradas de la Municipalidad y las Delegaciones, etc.<\/p>\n<p>8) que la entrega de la le\u00f1a se haga a tiempo y debidamente fraccionada desde un enfoque de derechos humanos con perspectiva de g\u00e9nero y un trato digno e igualitario a las mujeres solas responsables de hogares monomarentales con hijes menores y\/o adolescentes y\/o adultes mayores a su cargo, como as\u00ed tambi\u00e9n a las numerosas familias de nuestra comunidad, en especial a lo\/as adulto\/as mayores, que no cuentan con el servicio de gas natural y se encuentran impedidas de comprarla debido a su alt\u00edsimo costo;<\/p>\n<p>La raz\u00f3n de ser del Consejo Municipal de las Mujeres siempre ser\u00e1 aportar a la construcci\u00f3n de una sociedad capaz de prevenir, de contener, de estar mejor informada, de ser m\u00e1s sensible y m\u00e1s inclusiva.<\/p>\n<p><img loading=\"lazy\" decoding=\"async\" class=\"alignnone size-medium wp-image-76558\" src=\"http:\/\/www.celttv.com.ar\/wp-content\/uploads\/2023\/06\/Ni-una-menos-300x286.jpg\" alt=\"\" width=\"300\" height=\"286\" srcset=\"https:\/\/www.celttv.com.ar\/wp-content\/uploads\/2023\/06\/Ni-una-menos-300x286.jpg 300w, https:\/\/www.celttv.com.ar\/wp-content\/uploads\/2023\/06\/Ni-una-menos.jpg 638w\" sizes=\"auto, (max-width: 300px) 100vw, 300px\" \/><\/p>\n<p>&nbsp;<\/p>\n","protected":false},"excerpt":{"rendered":"<p>Y como lo venimos haciendo a\u00f1o tras a\u00f1o\u2026 Desde el Consejo Municipal de las Mujeres seguimos reclamando para que cada a\u00f1o el 3 de Junio, d\u00eda de Ni una Menos, pueda ser vivido con avances de relevancia en las pol\u00edticas p\u00fablicas que atiendan esta problem\u00e1tica. Con el mismo convencimiento de los a\u00f1os anteriores decimos que, [&hellip;]<\/p>\n","protected":false},"author":5,"featured_media":76558,"comment_status":"closed","ping_status":"closed","sticky":false,"template":"","format":"standard","meta":{"footnotes":""},"categories":[51,26,52],"tags":[894,893],"class_list":["post-76557","post","type-post","status-publish","format-standard","has-post-thumbnail","hentry","category-comunidad","category-culture","category-destacadas","tag-a-8-anos-de-la-primera-marcha-niunamenos","tag-comunicado-del-consejo-de-las-mujeres-tornquist"],"yoast_head":"<!-- This site is optimized with the Yoast SEO plugin v19.7.1 - https:\/\/yoast.com\/wordpress\/plugins\/seo\/ -->\n<title>COMUNICADO DEL CONSEJO DE LAS MUJERES TORNQUIST, A 8 A\u00d1OS DE LA PRIMERA MARCHA #NiUnaMenos - CELTTV<\/title>\n<meta name=\"description\" content=\"Sitio web de noticias de la localidad de Tornquist, provincia de Buenos Aires, Rep\u00fablica Argentina. Contenido propio originado por periodistas de CELTTV, el canal de TV local de la Cooperativa El\u00e9ctrica de Tornquist. Turismo, Pol\u00edtica, Sociedad, Deporte, Cultura y todo el contenido de inter\u00e9s general que la gente del pueblo y la regi\u00f3n debe conocer.\" \/>\n<meta name=\"robots\" content=\"index, follow, max-snippet:-1, max-image-preview:large, max-video-preview:-1\" \/>\n<link rel=\"canonical\" href=\"https:\/\/www.celttv.com.ar\/index.php\/2023\/06\/02\/comunicado-del-consejo-de-las-mujeres-tornquist-a-8-anos-de-la-primera-marcha-niunamenos\/\" \/>\n<meta property=\"og:locale\" content=\"es_ES\" \/>\n<meta property=\"og:type\" content=\"article\" \/>\n<meta property=\"og:title\" content=\"COMUNICADO DEL CONSEJO DE LAS MUJERES TORNQUIST, A 8 A\u00d1OS DE LA PRIMERA MARCHA #NiUnaMenos - CELTTV\" \/>\n<meta property=\"og:description\" content=\"Sitio web de noticias de la localidad de Tornquist, provincia de Buenos Aires, Rep\u00fablica Argentina. Contenido propio originado por periodistas de CELTTV, el canal de TV local de la Cooperativa El\u00e9ctrica de Tornquist. Turismo, Pol\u00edtica, Sociedad, Deporte, Cultura y todo el contenido de inter\u00e9s general que la gente del pueblo y la regi\u00f3n debe conocer.\" \/>\n<meta property=\"og:url\" content=\"https:\/\/www.celttv.com.ar\/index.php\/2023\/06\/02\/comunicado-del-consejo-de-las-mujeres-tornquist-a-8-anos-de-la-primera-marcha-niunamenos\/\" \/>\n<meta property=\"og:site_name\" content=\"CELTTV\" \/>\n<meta property=\"article:publisher\" content=\"https:\/\/www.facebook.com\/celtTV\/\" \/>\n<meta property=\"article:published_time\" content=\"2023-06-03T02:46:15+00:00\" \/>\n<meta property=\"og:image\" content=\"https:\/\/www.celttv.com.ar\/wp-content\/uploads\/2023\/06\/Ni-una-menos.jpg\" \/>\n\t<meta property=\"og:image:width\" content=\"638\" \/>\n\t<meta property=\"og:image:height\" content=\"608\" \/>\n\t<meta property=\"og:image:type\" content=\"image\/jpeg\" \/>\n<meta name=\"author\" content=\"Miguel Herrada\" \/>\n<meta name=\"twitter:card\" content=\"summary_large_image\" \/>\n<meta name=\"twitter:label1\" content=\"Escrito por\" \/>\n\t<meta name=\"twitter:data1\" content=\"Miguel Herrada\" \/>\n\t<meta name=\"twitter:label2\" content=\"Tiempo de lectura\" \/>\n\t<meta name=\"twitter:data2\" content=\"3 minutos\" \/>\n<script type=\"application\/ld+json\" class=\"yoast-schema-graph\">{\"@context\":\"https:\/\/schema.org\",\"@graph\":[{\"@type\":\"NewsArticle\",\"@id\":\"https:\/\/www.celttv.com.ar\/index.php\/2023\/06\/02\/comunicado-del-consejo-de-las-mujeres-tornquist-a-8-anos-de-la-primera-marcha-niunamenos\/#article\",\"isPartOf\":{\"@id\":\"https:\/\/www.celttv.com.ar\/index.php\/2023\/06\/02\/comunicado-del-consejo-de-las-mujeres-tornquist-a-8-anos-de-la-primera-marcha-niunamenos\/\"},\"author\":{\"name\":\"Miguel Herrada\",\"@id\":\"https:\/\/www.celttv.com.ar\/#\/schema\/person\/9059dc91dc7204ef4182cdb65225f07d\"},\"headline\":\"COMUNICADO DEL CONSEJO DE LAS MUJERES TORNQUIST, A 8 A\u00d1OS DE LA PRIMERA MARCHA #NiUnaMenos\",\"datePublished\":\"2023-06-03T02:46:15+00:00\",\"dateModified\":\"2023-06-03T02:46:15+00:00\",\"mainEntityOfPage\":{\"@id\":\"https:\/\/www.celttv.com.ar\/index.php\/2023\/06\/02\/comunicado-del-consejo-de-las-mujeres-tornquist-a-8-anos-de-la-primera-marcha-niunamenos\/\"},\"wordCount\":522,\"publisher\":{\"@id\":\"https:\/\/www.celttv.com.ar\/#organization\"},\"keywords\":[\"A 8 A\u00d1OS DE LA PRIMERA MARCHA #NiUnaMenos\",\"COMUNICADO DEL CONSEJO DE LAS MUJERES TORNQUIST\"],\"articleSection\":[\"Comunidad\",\"Culture\",\"Destacadas\"],\"inLanguage\":\"es\"},{\"@type\":\"WebPage\",\"@id\":\"https:\/\/www.celttv.com.ar\/index.php\/2023\/06\/02\/comunicado-del-consejo-de-las-mujeres-tornquist-a-8-anos-de-la-primera-marcha-niunamenos\/\",\"url\":\"https:\/\/www.celttv.com.ar\/index.php\/2023\/06\/02\/comunicado-del-consejo-de-las-mujeres-tornquist-a-8-anos-de-la-primera-marcha-niunamenos\/\",\"name\":\"COMUNICADO DEL CONSEJO DE LAS MUJERES TORNQUIST, A 8 A\u00d1OS DE LA PRIMERA MARCHA #NiUnaMenos - CELTTV\",\"isPartOf\":{\"@id\":\"https:\/\/www.celttv.com.ar\/#website\"},\"datePublished\":\"2023-06-03T02:46:15+00:00\",\"dateModified\":\"2023-06-03T02:46:15+00:00\",\"description\":\"Sitio web de noticias de la localidad de Tornquist, provincia de Buenos Aires, Rep\u00fablica Argentina. Contenido propio originado por periodistas de CELTTV, el canal de TV local de la Cooperativa El\u00e9ctrica de Tornquist. Turismo, Pol\u00edtica, Sociedad, Deporte, Cultura y todo el contenido de inter\u00e9s general que la gente del pueblo y la regi\u00f3n debe conocer.\",\"breadcrumb\":{\"@id\":\"https:\/\/www.celttv.com.ar\/index.php\/2023\/06\/02\/comunicado-del-consejo-de-las-mujeres-tornquist-a-8-anos-de-la-primera-marcha-niunamenos\/#breadcrumb\"},\"inLanguage\":\"es\",\"potentialAction\":[{\"@type\":\"ReadAction\",\"target\":[\"https:\/\/www.celttv.com.ar\/index.php\/2023\/06\/02\/comunicado-del-consejo-de-las-mujeres-tornquist-a-8-anos-de-la-primera-marcha-niunamenos\/\"]}]},{\"@type\":\"BreadcrumbList\",\"@id\":\"https:\/\/www.celttv.com.ar\/index.php\/2023\/06\/02\/comunicado-del-consejo-de-las-mujeres-tornquist-a-8-anos-de-la-primera-marcha-niunamenos\/#breadcrumb\",\"itemListElement\":[{\"@type\":\"ListItem\",\"position\":1,\"name\":\"Inicio\",\"item\":\"https:\/\/www.celttv.com.ar\/\"},{\"@type\":\"ListItem\",\"position\":2,\"name\":\"COMUNICADO DEL CONSEJO DE LAS MUJERES TORNQUIST, A 8 A\u00d1OS DE LA PRIMERA MARCHA #NiUnaMenos\"}]},{\"@type\":\"WebSite\",\"@id\":\"https:\/\/www.celttv.com.ar\/#website\",\"url\":\"https:\/\/www.celttv.com.ar\/\",\"name\":\"CELTTV\",\"description\":\"Cooperativa El\u00e9ctrica de Tornquist\",\"publisher\":{\"@id\":\"https:\/\/www.celttv.com.ar\/#organization\"},\"potentialAction\":[{\"@type\":\"SearchAction\",\"target\":{\"@type\":\"EntryPoint\",\"urlTemplate\":\"https:\/\/www.celttv.com.ar\/?s={search_term_string}\"},\"query-input\":\"required name=search_term_string\"}],\"inLanguage\":\"es\"},{\"@type\":\"Organization\",\"@id\":\"https:\/\/www.celttv.com.ar\/#organization\",\"name\":\"CELTTV\",\"url\":\"https:\/\/www.celttv.com.ar\/\",\"sameAs\":[\"https:\/\/www.youtube.com\/channel\/UCz_oIt8Hig64Ub-EmcNPIhg\",\"https:\/\/www.facebook.com\/celtTV\/\"],\"logo\":{\"@type\":\"ImageObject\",\"inLanguage\":\"es\",\"@id\":\"https:\/\/www.celttv.com.ar\/#\/schema\/logo\/image\/\",\"url\":\"http:\/\/www.celttv.com.ar\/wp-content\/uploads\/2022\/08\/logo-1.png\",\"contentUrl\":\"http:\/\/www.celttv.com.ar\/wp-content\/uploads\/2022\/08\/logo-1.png\",\"width\":461,\"height\":159,\"caption\":\"CELTTV\"},\"image\":{\"@id\":\"https:\/\/www.celttv.com.ar\/#\/schema\/logo\/image\/\"}},{\"@type\":\"Person\",\"@id\":\"https:\/\/www.celttv.com.ar\/#\/schema\/person\/9059dc91dc7204ef4182cdb65225f07d\",\"name\":\"Miguel Herrada\",\"image\":{\"@type\":\"ImageObject\",\"inLanguage\":\"es\",\"@id\":\"https:\/\/www.celttv.com.ar\/#\/schema\/person\/image\/\",\"url\":\"https:\/\/secure.gravatar.com\/avatar\/67724d5b3c716623ffd76bec7e45841a442ac3b456e914dbba90b0fad2b8e0b1?s=96&d=mm&r=g\",\"contentUrl\":\"https:\/\/secure.gravatar.com\/avatar\/67724d5b3c716623ffd76bec7e45841a442ac3b456e914dbba90b0fad2b8e0b1?s=96&d=mm&r=g\",\"caption\":\"Miguel Herrada\"}}]}<\/script>\n<!-- \/ Yoast SEO plugin. -->","yoast_head_json":{"title":"COMUNICADO DEL CONSEJO DE LAS MUJERES TORNQUIST, A 8 A\u00d1OS DE LA PRIMERA MARCHA #NiUnaMenos - CELTTV","description":"Sitio web de noticias de la localidad de Tornquist, provincia de Buenos Aires, Rep\u00fablica Argentina. Contenido propio originado por periodistas de CELTTV, el canal de TV local de la Cooperativa El\u00e9ctrica de Tornquist. Turismo, Pol\u00edtica, Sociedad, Deporte, Cultura y todo el contenido de inter\u00e9s general que la gente del pueblo y la regi\u00f3n debe conocer.","robots":{"index":"index","follow":"follow","max-snippet":"max-snippet:-1","max-image-preview":"max-image-preview:large","max-video-preview":"max-video-preview:-1"},"canonical":"https:\/\/www.celttv.com.ar\/index.php\/2023\/06\/02\/comunicado-del-consejo-de-las-mujeres-tornquist-a-8-anos-de-la-primera-marcha-niunamenos\/","og_locale":"es_ES","og_type":"article","og_title":"COMUNICADO DEL CONSEJO DE LAS MUJERES TORNQUIST, A 8 A\u00d1OS DE LA PRIMERA MARCHA #NiUnaMenos - CELTTV","og_description":"Sitio web de noticias de la localidad de Tornquist, provincia de Buenos Aires, Rep\u00fablica Argentina. Contenido propio originado por periodistas de CELTTV, el canal de TV local de la Cooperativa El\u00e9ctrica de Tornquist. Turismo, Pol\u00edtica, Sociedad, Deporte, Cultura y todo el contenido de inter\u00e9s general que la gente del pueblo y la regi\u00f3n debe conocer.","og_url":"https:\/\/www.celttv.com.ar\/index.php\/2023\/06\/02\/comunicado-del-consejo-de-las-mujeres-tornquist-a-8-anos-de-la-primera-marcha-niunamenos\/","og_site_name":"CELTTV","article_publisher":"https:\/\/www.facebook.com\/celtTV\/","article_published_time":"2023-06-03T02:46:15+00:00","og_image":[{"width":638,"height":608,"url":"https:\/\/www.celttv.com.ar\/wp-content\/uploads\/2023\/06\/Ni-una-menos.jpg","type":"image\/jpeg"}],"author":"Miguel Herrada","twitter_card":"summary_large_image","twitter_misc":{"Escrito por":"Miguel Herrada","Tiempo de lectura":"3 minutos"},"schema":{"@context":"https:\/\/schema.org","@graph":[{"@type":"NewsArticle","@id":"https:\/\/www.celttv.com.ar\/index.php\/2023\/06\/02\/comunicado-del-consejo-de-las-mujeres-tornquist-a-8-anos-de-la-primera-marcha-niunamenos\/#article","isPartOf":{"@id":"https:\/\/www.celttv.com.ar\/index.php\/2023\/06\/02\/comunicado-del-consejo-de-las-mujeres-tornquist-a-8-anos-de-la-primera-marcha-niunamenos\/"},"author":{"name":"Miguel Herrada","@id":"https:\/\/www.celttv.com.ar\/#\/schema\/person\/9059dc91dc7204ef4182cdb65225f07d"},"headline":"COMUNICADO DEL CONSEJO DE LAS MUJERES TORNQUIST, A 8 A\u00d1OS DE LA PRIMERA MARCHA #NiUnaMenos","datePublished":"2023-06-03T02:46:15+00:00","dateModified":"2023-06-03T02:46:15+00:00","mainEntityOfPage":{"@id":"https:\/\/www.celttv.com.ar\/index.php\/2023\/06\/02\/comunicado-del-consejo-de-las-mujeres-tornquist-a-8-anos-de-la-primera-marcha-niunamenos\/"},"wordCount":522,"publisher":{"@id":"https:\/\/www.celttv.com.ar\/#organization"},"keywords":["A 8 A\u00d1OS DE LA PRIMERA MARCHA #NiUnaMenos","COMUNICADO DEL CONSEJO DE LAS MUJERES TORNQUIST"],"articleSection":["Comunidad","Culture","Destacadas"],"inLanguage":"es"},{"@type":"WebPage","@id":"https:\/\/www.celttv.com.ar\/index.php\/2023\/06\/02\/comunicado-del-consejo-de-las-mujeres-tornquist-a-8-anos-de-la-primera-marcha-niunamenos\/","url":"https:\/\/www.celttv.com.ar\/index.php\/2023\/06\/02\/comunicado-del-consejo-de-las-mujeres-tornquist-a-8-anos-de-la-primera-marcha-niunamenos\/","name":"COMUNICADO DEL CONSEJO DE LAS MUJERES TORNQUIST, A 8 A\u00d1OS DE LA PRIMERA MARCHA #NiUnaMenos - CELTTV","isPartOf":{"@id":"https:\/\/www.celttv.com.ar\/#website"},"datePublished":"2023-06-03T02:46:15+00:00","dateModified":"2023-06-03T02:46:15+00:00","description":"Sitio web de noticias de la localidad de Tornquist, provincia de Buenos Aires, Rep\u00fablica Argentina. Contenido propio originado por periodistas de CELTTV, el canal de TV local de la Cooperativa El\u00e9ctrica de Tornquist. Turismo, Pol\u00edtica, Sociedad, Deporte, Cultura y todo el contenido de inter\u00e9s general que la gente del pueblo y la regi\u00f3n debe conocer.","breadcrumb":{"@id":"https:\/\/www.celttv.com.ar\/index.php\/2023\/06\/02\/comunicado-del-consejo-de-las-mujeres-tornquist-a-8-anos-de-la-primera-marcha-niunamenos\/#breadcrumb"},"inLanguage":"es","potentialAction":[{"@type":"ReadAction","target":["https:\/\/www.celttv.com.ar\/index.php\/2023\/06\/02\/comunicado-del-consejo-de-las-mujeres-tornquist-a-8-anos-de-la-primera-marcha-niunamenos\/"]}]},{"@type":"BreadcrumbList","@id":"https:\/\/www.celttv.com.ar\/index.php\/2023\/06\/02\/comunicado-del-consejo-de-las-mujeres-tornquist-a-8-anos-de-la-primera-marcha-niunamenos\/#breadcrumb","itemListElement":[{"@type":"ListItem","position":1,"name":"Inicio","item":"https:\/\/www.celttv.com.ar\/"},{"@type":"ListItem","position":2,"name":"COMUNICADO DEL CONSEJO DE LAS MUJERES TORNQUIST, A 8 A\u00d1OS DE LA PRIMERA MARCHA #NiUnaMenos"}]},{"@type":"WebSite","@id":"https:\/\/www.celttv.com.ar\/#website","url":"https:\/\/www.celttv.com.ar\/","name":"CELTTV","description":"Cooperativa El\u00e9ctrica de Tornquist","publisher":{"@id":"https:\/\/www.celttv.com.ar\/#organization"},"potentialAction":[{"@type":"SearchAction","target":{"@type":"EntryPoint","urlTemplate":"https:\/\/www.celttv.com.ar\/?s={search_term_string}"},"query-input":"required name=search_term_string"}],"inLanguage":"es"},{"@type":"Organization","@id":"https:\/\/www.celttv.com.ar\/#organization","name":"CELTTV","url":"https:\/\/www.celttv.com.ar\/","sameAs":["https:\/\/www.youtube.com\/channel\/UCz_oIt8Hig64Ub-EmcNPIhg","https:\/\/www.facebook.com\/celtTV\/"],"logo":{"@type":"ImageObject","inLanguage":"es","@id":"https:\/\/www.celttv.com.ar\/#\/schema\/logo\/image\/","url":"http:\/\/www.celttv.com.ar\/wp-content\/uploads\/2022\/08\/logo-1.png","contentUrl":"http:\/\/www.celttv.com.ar\/wp-content\/uploads\/2022\/08\/logo-1.png","width":461,"height":159,"caption":"CELTTV"},"image":{"@id":"https:\/\/www.celttv.com.ar\/#\/schema\/logo\/image\/"}},{"@type":"Person","@id":"https:\/\/www.celttv.com.ar\/#\/schema\/person\/9059dc91dc7204ef4182cdb65225f07d","name":"Miguel Herrada","image":{"@type":"ImageObject","inLanguage":"es","@id":"https:\/\/www.celttv.com.ar\/#\/schema\/person\/image\/","url":"https:\/\/secure.gravatar.com\/avatar\/67724d5b3c716623ffd76bec7e45841a442ac3b456e914dbba90b0fad2b8e0b1?s=96&d=mm&r=g","contentUrl":"https:\/\/secure.gravatar.com\/avatar\/67724d5b3c716623ffd76bec7e45841a442ac3b456e914dbba90b0fad2b8e0b1?s=96&d=mm&r=g","caption":"Miguel Herrada"}}]}},"_links":{"self":[{"href":"https:\/\/www.celttv.com.ar\/index.php\/wp-json\/wp\/v2\/posts\/76557","targetHints":{"allow":["GET"]}}],"collection":[{"href":"https:\/\/www.celttv.com.ar\/index.php\/wp-json\/wp\/v2\/posts"}],"about":[{"href":"https:\/\/www.celttv.com.ar\/index.php\/wp-json\/wp\/v2\/types\/post"}],"author":[{"embeddable":true,"href":"https:\/\/www.celttv.com.ar\/index.php\/wp-json\/wp\/v2\/users\/5"}],"replies":[{"embeddable":true,"href":"https:\/\/www.celttv.com.ar\/index.php\/wp-json\/wp\/v2\/comments?post=76557"}],"version-history":[{"count":1,"href":"https:\/\/www.celttv.com.ar\/index.php\/wp-json\/wp\/v2\/posts\/76557\/revisions"}],"predecessor-version":[{"id":76559,"href":"https:\/\/www.celttv.com.ar\/index.php\/wp-json\/wp\/v2\/posts\/76557\/revisions\/76559"}],"wp:featuredmedia":[{"embeddable":true,"href":"https:\/\/www.celttv.com.ar\/index.php\/wp-json\/wp\/v2\/media\/76558"}],"wp:attachment":[{"href":"https:\/\/www.celttv.com.ar\/index.php\/wp-json\/wp\/v2\/media?parent=76557"}],"wp:term":[{"taxonomy":"category","embeddable":true,"href":"https:\/\/www.celttv.com.ar\/index.php\/wp-json\/wp\/v2\/categories?post=76557"},{"taxonomy":"post_tag","embeddable":true,"href":"https:\/\/www.celttv.com.ar\/index.php\/wp-json\/wp\/v2\/tags?post=76557"}],"curies":[{"name":"wp","href":"https:\/\/api.w.org\/{rel}","templated":true}]}}