{"id":7658,"date":"2012-08-10T13:19:50","date_gmt":"2012-08-10T13:19:50","guid":{"rendered":"http:\/\/www.tvcnoticias.com.ar\/?p=7658"},"modified":"2012-08-10T13:19:50","modified_gmt":"2012-08-10T13:19:50","slug":"la-secretaria-de-obras-publicas-se-reunion-con-integrantes-del-concejo-deliberante","status":"publish","type":"post","link":"https:\/\/www.celttv.com.ar\/index.php\/2012\/08\/10\/la-secretaria-de-obras-publicas-se-reunion-con-integrantes-del-concejo-deliberante\/","title":{"rendered":"LA SECRETARIA DE OBRAS PUBLICAS SE REUNIO CON INTEGRANTES DEL CONCEJO DELIBERANTE"},"content":{"rendered":"<p><br \/>\n\u00a0La secretaria de Obras y Servicios P\u00fablicos de la Municipalidad de Tornquist, Anabella Madue\u00f1a, se reuni\u00f3 en la noche de hoy con los integrantes de los diferentes bloques del Concejo Deliberante, para tratar cuestiones inherentes al \u00e1rea que conduce.<br \/>\n\u00a0\u00a0 La funcionaria estuvo acompa\u00f1ada por el secretario de Recursos Humanos y Gabinete, Guillermo Beck, y el subsecretario de Asuntos Legales, afectado al \u00e1rea de Obras P\u00fablicas, doctor Ignacio Bechthold.<br \/>\n\u00a0\u00a0 Madue\u00f1a respondi\u00f3 de manera detallada cada una de las inquietudes de los ediles. En cuanto al tema de las 50 viviendas en construcci\u00f3n, se dieron a conocer las acciones que se fueron tomando para lograr el avance de las mismas dentro del marco legal existente.<br \/>\n\u00a0\u00a0 Respecto de la relocalizaci\u00f3n de las atentas de telefon\u00eda celular, los funcionarios comunales asesoraron a los ediles en aspectos t\u00e9cnicos relacionados con la normativa existente a nivel municipal y provincial.<br \/>\n\u00a0\u00a0 Durante la reuni\u00f3n tambi\u00e9n se abordaron otros temas relacionados con las diferentes localidades del distrito.<br \/>\n\u00a0\u00a0 El encuentro cont\u00f3 con la presencia de 11 de los 12 concejales que integran el CD. Estuvieron Patricia V\u00e1zquez, Adriana Nielsen, Mar\u00eda Ofelia Skolak, Daniel Etcheber, Gustavo Moroncini, Sergio Bordoni, Mar\u00eda Esther Parmigiani, Julio Cardoso, Graciela Bag\u00fa, Horacio Buitrago y Alberto Cleppe.<\/p>\n","protected":false},"excerpt":{"rendered":"<p>\u00a0La secretaria de Obras y Servicios P\u00fablicos de la Municipalidad de Tornquist, Anabella Madue\u00f1a, se reuni\u00f3 en la noche de hoy con los integrantes de los diferentes bloques del Concejo Deliberante, para tratar cuestiones inherentes al \u00e1rea que conduce. \u00a0\u00a0 La funcionaria estuvo acompa\u00f1ada por el secretario de Recursos Humanos y Gabinete, Guillermo Beck, y [&hellip;]<\/p>\n","protected":false},"author":1,"featured_media":0,"comment_status":"closed","ping_status":"open","sticky":false,"template":"","format":"standard","meta":{"footnotes":""},"categories":[52,53],"tags":[],"class_list":["post-7658","post","type-post","status-publish","format-standard","hentry","category-destacadas","category-politica"],"yoast_head":"<!-- This site is optimized with the Yoast SEO plugin v19.7.1 - https:\/\/yoast.com\/wordpress\/plugins\/seo\/ -->\n<title>LA SECRETARIA DE OBRAS PUBLICAS SE REUNIO CON INTEGRANTES DEL CONCEJO DELIBERANTE - CELTTV<\/title>\n<meta name=\"description\" content=\"Sitio web de noticias de la localidad de Tornquist, provincia de Buenos Aires, Rep\u00fablica Argentina. Contenido propio originado por periodistas de CELTTV, el canal de TV local de la Cooperativa El\u00e9ctrica de Tornquist. Turismo, Pol\u00edtica, Sociedad, Deporte, Cultura y todo el contenido de inter\u00e9s general que la gente del pueblo y la regi\u00f3n debe conocer.\" \/>\n<meta name=\"robots\" content=\"index, follow, max-snippet:-1, max-image-preview:large, max-video-preview:-1\" \/>\n<link rel=\"canonical\" href=\"https:\/\/www.celttv.com.ar\/index.php\/2012\/08\/10\/la-secretaria-de-obras-publicas-se-reunion-con-integrantes-del-concejo-deliberante\/\" \/>\n<meta property=\"og:locale\" content=\"es_ES\" \/>\n<meta property=\"og:type\" content=\"article\" \/>\n<meta property=\"og:title\" content=\"LA SECRETARIA DE OBRAS PUBLICAS SE REUNIO CON INTEGRANTES DEL CONCEJO DELIBERANTE - CELTTV\" \/>\n<meta property=\"og:description\" content=\"Sitio web de noticias de la localidad de Tornquist, provincia de Buenos Aires, Rep\u00fablica Argentina. Contenido propio originado por periodistas de CELTTV, el canal de TV local de la Cooperativa El\u00e9ctrica de Tornquist. Turismo, Pol\u00edtica, Sociedad, Deporte, Cultura y todo el contenido de inter\u00e9s general que la gente del pueblo y la regi\u00f3n debe conocer.\" \/>\n<meta property=\"og:url\" content=\"https:\/\/www.celttv.com.ar\/index.php\/2012\/08\/10\/la-secretaria-de-obras-publicas-se-reunion-con-integrantes-del-concejo-deliberante\/\" \/>\n<meta property=\"og:site_name\" content=\"CELTTV\" \/>\n<meta property=\"article:publisher\" content=\"https:\/\/www.facebook.com\/celtTV\/\" \/>\n<meta property=\"article:published_time\" content=\"2012-08-10T13:19:50+00:00\" \/>\n<meta name=\"author\" content=\"ulises\" \/>\n<meta name=\"twitter:card\" content=\"summary_large_image\" \/>\n<meta name=\"twitter:label1\" content=\"Escrito por\" \/>\n\t<meta name=\"twitter:data1\" content=\"ulises\" \/>\n\t<meta name=\"twitter:label2\" content=\"Tiempo de lectura\" \/>\n\t<meta name=\"twitter:data2\" content=\"1 minuto\" \/>\n<script type=\"application\/ld+json\" class=\"yoast-schema-graph\">{\"@context\":\"https:\/\/schema.org\",\"@graph\":[{\"@type\":\"NewsArticle\",\"@id\":\"https:\/\/www.celttv.com.ar\/index.php\/2012\/08\/10\/la-secretaria-de-obras-publicas-se-reunion-con-integrantes-del-concejo-deliberante\/#article\",\"isPartOf\":{\"@id\":\"https:\/\/www.celttv.com.ar\/index.php\/2012\/08\/10\/la-secretaria-de-obras-publicas-se-reunion-con-integrantes-del-concejo-deliberante\/\"},\"author\":{\"name\":\"ulises\",\"@id\":\"https:\/\/www.celttv.com.ar\/#\/schema\/person\/6d99c072dba59953809c81446e9d0ace\"},\"headline\":\"LA SECRETARIA DE OBRAS PUBLICAS SE REUNIO CON INTEGRANTES DEL CONCEJO DELIBERANTE\",\"datePublished\":\"2012-08-10T13:19:50+00:00\",\"dateModified\":\"2012-08-10T13:19:50+00:00\",\"mainEntityOfPage\":{\"@id\":\"https:\/\/www.celttv.com.ar\/index.php\/2012\/08\/10\/la-secretaria-de-obras-publicas-se-reunion-con-integrantes-del-concejo-deliberante\/\"},\"wordCount\":227,\"publisher\":{\"@id\":\"https:\/\/www.celttv.com.ar\/#organization\"},\"articleSection\":[\"Destacadas\",\"Pol\u00edtica\"],\"inLanguage\":\"es\"},{\"@type\":\"WebPage\",\"@id\":\"https:\/\/www.celttv.com.ar\/index.php\/2012\/08\/10\/la-secretaria-de-obras-publicas-se-reunion-con-integrantes-del-concejo-deliberante\/\",\"url\":\"https:\/\/www.celttv.com.ar\/index.php\/2012\/08\/10\/la-secretaria-de-obras-publicas-se-reunion-con-integrantes-del-concejo-deliberante\/\",\"name\":\"LA SECRETARIA DE OBRAS PUBLICAS SE REUNIO CON INTEGRANTES DEL CONCEJO DELIBERANTE - CELTTV\",\"isPartOf\":{\"@id\":\"https:\/\/www.celttv.com.ar\/#website\"},\"datePublished\":\"2012-08-10T13:19:50+00:00\",\"dateModified\":\"2012-08-10T13:19:50+00:00\",\"description\":\"Sitio web de noticias de la localidad de Tornquist, provincia de Buenos Aires, Rep\u00fablica Argentina. Contenido propio originado por periodistas de CELTTV, el canal de TV local de la Cooperativa El\u00e9ctrica de Tornquist. Turismo, Pol\u00edtica, Sociedad, Deporte, Cultura y todo el contenido de inter\u00e9s general que la gente del pueblo y la regi\u00f3n debe conocer.\",\"breadcrumb\":{\"@id\":\"https:\/\/www.celttv.com.ar\/index.php\/2012\/08\/10\/la-secretaria-de-obras-publicas-se-reunion-con-integrantes-del-concejo-deliberante\/#breadcrumb\"},\"inLanguage\":\"es\",\"potentialAction\":[{\"@type\":\"ReadAction\",\"target\":[\"https:\/\/www.celttv.com.ar\/index.php\/2012\/08\/10\/la-secretaria-de-obras-publicas-se-reunion-con-integrantes-del-concejo-deliberante\/\"]}]},{\"@type\":\"BreadcrumbList\",\"@id\":\"https:\/\/www.celttv.com.ar\/index.php\/2012\/08\/10\/la-secretaria-de-obras-publicas-se-reunion-con-integrantes-del-concejo-deliberante\/#breadcrumb\",\"itemListElement\":[{\"@type\":\"ListItem\",\"position\":1,\"name\":\"Inicio\",\"item\":\"https:\/\/www.celttv.com.ar\/\"},{\"@type\":\"ListItem\",\"position\":2,\"name\":\"LA SECRETARIA DE OBRAS PUBLICAS SE REUNIO CON INTEGRANTES DEL CONCEJO DELIBERANTE\"}]},{\"@type\":\"WebSite\",\"@id\":\"https:\/\/www.celttv.com.ar\/#website\",\"url\":\"https:\/\/www.celttv.com.ar\/\",\"name\":\"CELTTV\",\"description\":\"Cooperativa El\u00e9ctrica de Tornquist\",\"publisher\":{\"@id\":\"https:\/\/www.celttv.com.ar\/#organization\"},\"potentialAction\":[{\"@type\":\"SearchAction\",\"target\":{\"@type\":\"EntryPoint\",\"urlTemplate\":\"https:\/\/www.celttv.com.ar\/?s={search_term_string}\"},\"query-input\":\"required name=search_term_string\"}],\"inLanguage\":\"es\"},{\"@type\":\"Organization\",\"@id\":\"https:\/\/www.celttv.com.ar\/#organization\",\"name\":\"CELTTV\",\"url\":\"https:\/\/www.celttv.com.ar\/\",\"sameAs\":[\"https:\/\/www.youtube.com\/channel\/UCz_oIt8Hig64Ub-EmcNPIhg\",\"https:\/\/www.facebook.com\/celtTV\/\"],\"logo\":{\"@type\":\"ImageObject\",\"inLanguage\":\"es\",\"@id\":\"https:\/\/www.celttv.com.ar\/#\/schema\/logo\/image\/\",\"url\":\"http:\/\/www.celttv.com.ar\/wp-content\/uploads\/2022\/08\/logo-1.png\",\"contentUrl\":\"http:\/\/www.celttv.com.ar\/wp-content\/uploads\/2022\/08\/logo-1.png\",\"width\":461,\"height\":159,\"caption\":\"CELTTV\"},\"image\":{\"@id\":\"https:\/\/www.celttv.com.ar\/#\/schema\/logo\/image\/\"}},{\"@type\":\"Person\",\"@id\":\"https:\/\/www.celttv.com.ar\/#\/schema\/person\/6d99c072dba59953809c81446e9d0ace\",\"name\":\"ulises\",\"image\":{\"@type\":\"ImageObject\",\"inLanguage\":\"es\",\"@id\":\"https:\/\/www.celttv.com.ar\/#\/schema\/person\/image\/\",\"url\":\"https:\/\/secure.gravatar.com\/avatar\/7f2c48bdc33b30088f941fb6082e555f2874c98e20cb159d7b92b50eadfce793?s=96&d=mm&r=g\",\"contentUrl\":\"https:\/\/secure.gravatar.com\/avatar\/7f2c48bdc33b30088f941fb6082e555f2874c98e20cb159d7b92b50eadfce793?s=96&d=mm&r=g\",\"caption\":\"ulises\"},\"sameAs\":[\"http:\/\/www.celttv.com.ar\"]}]}<\/script>\n<!-- \/ Yoast SEO plugin. -->","yoast_head_json":{"title":"LA SECRETARIA DE OBRAS PUBLICAS SE REUNIO CON INTEGRANTES DEL CONCEJO DELIBERANTE - CELTTV","description":"Sitio web de noticias de la localidad de Tornquist, provincia de Buenos Aires, Rep\u00fablica Argentina. Contenido propio originado por periodistas de CELTTV, el canal de TV local de la Cooperativa El\u00e9ctrica de Tornquist. Turismo, Pol\u00edtica, Sociedad, Deporte, Cultura y todo el contenido de inter\u00e9s general que la gente del pueblo y la regi\u00f3n debe conocer.","robots":{"index":"index","follow":"follow","max-snippet":"max-snippet:-1","max-image-preview":"max-image-preview:large","max-video-preview":"max-video-preview:-1"},"canonical":"https:\/\/www.celttv.com.ar\/index.php\/2012\/08\/10\/la-secretaria-de-obras-publicas-se-reunion-con-integrantes-del-concejo-deliberante\/","og_locale":"es_ES","og_type":"article","og_title":"LA SECRETARIA DE OBRAS PUBLICAS SE REUNIO CON INTEGRANTES DEL CONCEJO DELIBERANTE - CELTTV","og_description":"Sitio web de noticias de la localidad de Tornquist, provincia de Buenos Aires, Rep\u00fablica Argentina. Contenido propio originado por periodistas de CELTTV, el canal de TV local de la Cooperativa El\u00e9ctrica de Tornquist. Turismo, Pol\u00edtica, Sociedad, Deporte, Cultura y todo el contenido de inter\u00e9s general que la gente del pueblo y la regi\u00f3n debe conocer.","og_url":"https:\/\/www.celttv.com.ar\/index.php\/2012\/08\/10\/la-secretaria-de-obras-publicas-se-reunion-con-integrantes-del-concejo-deliberante\/","og_site_name":"CELTTV","article_publisher":"https:\/\/www.facebook.com\/celtTV\/","article_published_time":"2012-08-10T13:19:50+00:00","author":"ulises","twitter_card":"summary_large_image","twitter_misc":{"Escrito por":"ulises","Tiempo de lectura":"1 minuto"},"schema":{"@context":"https:\/\/schema.org","@graph":[{"@type":"NewsArticle","@id":"https:\/\/www.celttv.com.ar\/index.php\/2012\/08\/10\/la-secretaria-de-obras-publicas-se-reunion-con-integrantes-del-concejo-deliberante\/#article","isPartOf":{"@id":"https:\/\/www.celttv.com.ar\/index.php\/2012\/08\/10\/la-secretaria-de-obras-publicas-se-reunion-con-integrantes-del-concejo-deliberante\/"},"author":{"name":"ulises","@id":"https:\/\/www.celttv.com.ar\/#\/schema\/person\/6d99c072dba59953809c81446e9d0ace"},"headline":"LA SECRETARIA DE OBRAS PUBLICAS SE REUNIO CON INTEGRANTES DEL CONCEJO DELIBERANTE","datePublished":"2012-08-10T13:19:50+00:00","dateModified":"2012-08-10T13:19:50+00:00","mainEntityOfPage":{"@id":"https:\/\/www.celttv.com.ar\/index.php\/2012\/08\/10\/la-secretaria-de-obras-publicas-se-reunion-con-integrantes-del-concejo-deliberante\/"},"wordCount":227,"publisher":{"@id":"https:\/\/www.celttv.com.ar\/#organization"},"articleSection":["Destacadas","Pol\u00edtica"],"inLanguage":"es"},{"@type":"WebPage","@id":"https:\/\/www.celttv.com.ar\/index.php\/2012\/08\/10\/la-secretaria-de-obras-publicas-se-reunion-con-integrantes-del-concejo-deliberante\/","url":"https:\/\/www.celttv.com.ar\/index.php\/2012\/08\/10\/la-secretaria-de-obras-publicas-se-reunion-con-integrantes-del-concejo-deliberante\/","name":"LA SECRETARIA DE OBRAS PUBLICAS SE REUNIO CON INTEGRANTES DEL CONCEJO DELIBERANTE - CELTTV","isPartOf":{"@id":"https:\/\/www.celttv.com.ar\/#website"},"datePublished":"2012-08-10T13:19:50+00:00","dateModified":"2012-08-10T13:19:50+00:00","description":"Sitio web de noticias de la localidad de Tornquist, provincia de Buenos Aires, Rep\u00fablica Argentina. Contenido propio originado por periodistas de CELTTV, el canal de TV local de la Cooperativa El\u00e9ctrica de Tornquist. Turismo, Pol\u00edtica, Sociedad, Deporte, Cultura y todo el contenido de inter\u00e9s general que la gente del pueblo y la regi\u00f3n debe conocer.","breadcrumb":{"@id":"https:\/\/www.celttv.com.ar\/index.php\/2012\/08\/10\/la-secretaria-de-obras-publicas-se-reunion-con-integrantes-del-concejo-deliberante\/#breadcrumb"},"inLanguage":"es","potentialAction":[{"@type":"ReadAction","target":["https:\/\/www.celttv.com.ar\/index.php\/2012\/08\/10\/la-secretaria-de-obras-publicas-se-reunion-con-integrantes-del-concejo-deliberante\/"]}]},{"@type":"BreadcrumbList","@id":"https:\/\/www.celttv.com.ar\/index.php\/2012\/08\/10\/la-secretaria-de-obras-publicas-se-reunion-con-integrantes-del-concejo-deliberante\/#breadcrumb","itemListElement":[{"@type":"ListItem","position":1,"name":"Inicio","item":"https:\/\/www.celttv.com.ar\/"},{"@type":"ListItem","position":2,"name":"LA SECRETARIA DE OBRAS PUBLICAS SE REUNIO CON INTEGRANTES DEL CONCEJO DELIBERANTE"}]},{"@type":"WebSite","@id":"https:\/\/www.celttv.com.ar\/#website","url":"https:\/\/www.celttv.com.ar\/","name":"CELTTV","description":"Cooperativa El\u00e9ctrica de Tornquist","publisher":{"@id":"https:\/\/www.celttv.com.ar\/#organization"},"potentialAction":[{"@type":"SearchAction","target":{"@type":"EntryPoint","urlTemplate":"https:\/\/www.celttv.com.ar\/?s={search_term_string}"},"query-input":"required name=search_term_string"}],"inLanguage":"es"},{"@type":"Organization","@id":"https:\/\/www.celttv.com.ar\/#organization","name":"CELTTV","url":"https:\/\/www.celttv.com.ar\/","sameAs":["https:\/\/www.youtube.com\/channel\/UCz_oIt8Hig64Ub-EmcNPIhg","https:\/\/www.facebook.com\/celtTV\/"],"logo":{"@type":"ImageObject","inLanguage":"es","@id":"https:\/\/www.celttv.com.ar\/#\/schema\/logo\/image\/","url":"http:\/\/www.celttv.com.ar\/wp-content\/uploads\/2022\/08\/logo-1.png","contentUrl":"http:\/\/www.celttv.com.ar\/wp-content\/uploads\/2022\/08\/logo-1.png","width":461,"height":159,"caption":"CELTTV"},"image":{"@id":"https:\/\/www.celttv.com.ar\/#\/schema\/logo\/image\/"}},{"@type":"Person","@id":"https:\/\/www.celttv.com.ar\/#\/schema\/person\/6d99c072dba59953809c81446e9d0ace","name":"ulises","image":{"@type":"ImageObject","inLanguage":"es","@id":"https:\/\/www.celttv.com.ar\/#\/schema\/person\/image\/","url":"https:\/\/secure.gravatar.com\/avatar\/7f2c48bdc33b30088f941fb6082e555f2874c98e20cb159d7b92b50eadfce793?s=96&d=mm&r=g","contentUrl":"https:\/\/secure.gravatar.com\/avatar\/7f2c48bdc33b30088f941fb6082e555f2874c98e20cb159d7b92b50eadfce793?s=96&d=mm&r=g","caption":"ulises"},"sameAs":["http:\/\/www.celttv.com.ar"]}]}},"_links":{"self":[{"href":"https:\/\/www.celttv.com.ar\/index.php\/wp-json\/wp\/v2\/posts\/7658","targetHints":{"allow":["GET"]}}],"collection":[{"href":"https:\/\/www.celttv.com.ar\/index.php\/wp-json\/wp\/v2\/posts"}],"about":[{"href":"https:\/\/www.celttv.com.ar\/index.php\/wp-json\/wp\/v2\/types\/post"}],"author":[{"embeddable":true,"href":"https:\/\/www.celttv.com.ar\/index.php\/wp-json\/wp\/v2\/users\/1"}],"replies":[{"embeddable":true,"href":"https:\/\/www.celttv.com.ar\/index.php\/wp-json\/wp\/v2\/comments?post=7658"}],"version-history":[{"count":0,"href":"https:\/\/www.celttv.com.ar\/index.php\/wp-json\/wp\/v2\/posts\/7658\/revisions"}],"wp:attachment":[{"href":"https:\/\/www.celttv.com.ar\/index.php\/wp-json\/wp\/v2\/media?parent=7658"}],"wp:term":[{"taxonomy":"category","embeddable":true,"href":"https:\/\/www.celttv.com.ar\/index.php\/wp-json\/wp\/v2\/categories?post=7658"},{"taxonomy":"post_tag","embeddable":true,"href":"https:\/\/www.celttv.com.ar\/index.php\/wp-json\/wp\/v2\/tags?post=7658"}],"curies":[{"name":"wp","href":"https:\/\/api.w.org\/{rel}","templated":true}]}}